{"id":74144,"date":"2023-04-03T21:22:43","date_gmt":"2023-04-03T21:22:43","guid":{"rendered":"https:\/\/elregionalvm.com.ar\/noticias-villa-maria\/?p=74144"},"modified":"2023-04-03T21:22:44","modified_gmt":"2023-04-03T21:22:44","slug":"desde-hoy-la-octava-edicion-del-programa-ser-arte-y-parte-llega-con-mas-de-80-talleres-culturales-a-los-barrios-de-la-ciudad","status":"publish","type":"post","link":"https:\/\/elregionalvm.com.ar\/noticias-villa-maria\/desde-hoy-la-octava-edicion-del-programa-ser-arte-y-parte-llega-con-mas-de-80-talleres-culturales-a-los-barrios-de-la-ciudad\/","title":{"rendered":"Desde hoy, la octava edici\u00f3n del programa Ser Arte y Parte llega con m\u00e1s de 80 talleres culturales a los barrios de la ciudad"},"content":{"rendered":"\n<p>Entre las pol\u00edticas culturales impulsadas por el municipio, el programa Ser Arte y Parte ocupa un lugar preponderante como parte de las iniciativas a las que vecinos y vecinas se suman cada a\u00f1o. <\/p>\n\n\n\n<p>En este sentido, la propuesta regresa en su octava edici\u00f3n con m\u00e1s de 80 talleres pensados para todas las edades, los cuales se pondr\u00e1n en marcha desde hoy a trav\u00e9s de las escuelas de M\u00fasica, Circo y Artes Esc\u00e9nicas.<\/p>\n\n\n\n<p>Al respecto, brind\u00f3 detalles el secretario de Educaci\u00f3n, Cultura y Promoci\u00f3n de la Ciencia, Rafael Sachetto, quien expres\u00f3: \u201cEs una gran alegr\u00eda poner nuevamente a disposici\u00f3n de los vecinos este programa que tiene sus bases en el compartir comunitario, en la territorialidad y gratuidad, con el objetivo de acercar la cultura para ser vivida mediante los distintos lenguajes art\u00edsticos\u201d.<\/p>\n\n\n\n<p>En esta l\u00ednea, detall\u00f3 que \u201cen un trabajo articulado con la cartera de Inclusi\u00f3n Social y Territorio, los talleres ser\u00e1n distribuidos en 25 espacios de la ciudad, tales como los MuniCerca, centros vecinales, Medioteca, Centro Cultural Comunitario Leonardo Favio, y distintas instituciones de la sociedad civil\u201d. <\/p>\n\n\n\n<p>\u201cEn cada uno de estos sitios, se contar\u00e1 con la presencia de m\u00e1s de 50 talleristas que fueron seleccionados por sus proyectos tras la convocatoria p\u00fablica realizada meses atr\u00e1s por el municipio\u201d, se\u00f1al\u00f3.<\/p>\n\n\n\n<p>A su turno, la coordinadora de Programas Culturales del municipio, Virgnia Reyneri, hizo referencia a las m\u00faltiples actividades que se desarrollar\u00e1n durante el nuevo ciclo, entre las que destac\u00f3 aquellas que forman parte de la Escuela de Artes Esc\u00e9nicas, como talleres de teatro, tango, folclore contempor\u00e1neo, danza circular, zumba, yoga, narraci\u00f3n oral, lectura y escritura creativa, redacci\u00f3n de historietas, radioteatro, fotograf\u00eda y manualidades.<\/p>\n\n\n\n<p>Al mismo tiempo, entre las propuestas que integran la Escuela de Circo se encuentran talleres de malabares, acrobacias, clown, danza, expresi\u00f3n corporal, parkour y freerunning. <\/p>\n\n\n\n<p>En tanto, la Escuela de M\u00fasica ofrecer\u00e1 producci\u00f3n musical, clases de violoncello, bater\u00eda, viol\u00edn, saxo, piano, guitarra, flauta traversa, ensamble cuarteto-cumbia, rap, murga y batucada, entre otros.<\/p>\n\n\n\n<p>Es as\u00ed que, a partir de las diferentes disciplinas e intervenciones territoriales, desde el Gobierno local se busca apostar a la construcci\u00f3n de nuevas oportunidades, concibiendo a la descentralizaci\u00f3n de expresiones culturales como el modo de generar mayor participaci\u00f3n en los espacios de formaci\u00f3n.<\/p>\n\n\n\n<p>Es oportuno resaltar que quienes deseen formar parte del programa, podr\u00e1n concretar la inscripci\u00f3n a partir de hoy y a lo largo de todo el a\u00f1o, present\u00e1ndose en cada uno de los talleres en su correspondiente d\u00eda y horario, los cuales podr\u00e1n conocerse en su totalidad en el siguiente link: https:\/\/bit.ly\/SAyP2023. <\/p>\n\n\n\n<p>Tambi\u00e9n, tendr\u00e1n la posibilidad realizar la diligencia dirigi\u00e9ndose a los MuniCerca abocados a la actividad o al Centro Cultural Comunitario Leonardo Favio.<\/p>\n","protected":false},"excerpt":{"rendered":"<p>Entre las pol\u00edticas culturales impulsadas por el municipio, el programa Ser Arte y Parte ocupa un lugar preponderante como parte de las iniciativas a las que vecinos y vecinas se suman cada a\u00f1o. En este sentido, la propuesta regresa en su octava edici\u00f3n con m\u00e1s de 80 talleres pensados para todas las edades, los cuales [&hellip;]<\/p>\n","protected":false},"author":4,"featured_media":74145,"comment_status":"open","ping_status":"open","sticky":false,"template":"","format":"standard","meta":{"site-sidebar-layout":"default","site-content-layout":"","ast-site-content-layout":"default","site-content-style":"default","site-sidebar-style":"default","ast-global-header-display":"","ast-banner-title-visibility":"","ast-main-header-display":"","ast-hfb-above-header-display":"","ast-hfb-below-header-display":"","ast-hfb-mobile-header-display":"","site-post-title":"","ast-breadcrumbs-content":"","ast-featured-img":"","footer-sml-layout":"","ast-disable-related-posts":"","theme-transparent-header-meta":"","adv-header-id-meta":"","stick-header-meta":"","header-above-stick-meta":"","header-main-stick-meta":"","header-below-stick-meta":"","astra-migrate-meta-layouts":"default","ast-page-background-enabled":"default","ast-page-background-meta":{"desktop":{"background-color":"","background-image":"","background-repeat":"repeat","background-position":"center center","background-size":"auto","background-attachment":"scroll","background-type":"","background-media":"","overlay-type":"","overlay-color":"","overlay-opacity":"","overlay-gradient":""},"tablet":{"background-color":"","background-image":"","background-repeat":"repeat","background-position":"center center","background-size":"auto","background-attachment":"scroll","background-type":"","background-media":"","overlay-type":"","overlay-color":"","overlay-opacity":"","overlay-gradient":""},"mobile":{"background-color":"","background-image":"","background-repeat":"repeat","background-position":"center center","background-size":"auto","background-attachment":"scroll","background-type":"","background-media":"","overlay-type":"","overlay-color":"","overlay-opacity":"","overlay-gradient":""}},"ast-content-background-meta":{"desktop":{"background-color":"var(--ast-global-color-5)","background-image":"","background-repeat":"repeat","background-position":"center center","background-size":"auto","background-attachment":"scroll","background-type":"","background-media":"","overlay-type":"","overlay-color":"","overlay-opacity":"","overlay-gradient":""},"tablet":{"background-color":"var(--ast-global-color-5)","background-image":"","background-repeat":"repeat","background-position":"center center","background-size":"auto","background-attachment":"scroll","background-type":"","background-media":"","overlay-type":"","overlay-color":"","overlay-opacity":"","overlay-gradient":""},"mobile":{"background-color":"var(--ast-global-color-5)","background-image":"","background-repeat":"repeat","background-position":"center center","background-size":"auto","background-attachment":"scroll","background-type":"","background-media":"","overlay-type":"","overlay-color":"","overlay-opacity":"","overlay-gradient":""}},"_jetpack_memberships_contains_paid_content":false,"_joinchat":[],"footnotes":""},"categories":[2068,15302,2],"tags":[],"class_list":["post-74144","post","type-post","status-publish","format-standard","has-post-thumbnail","hentry","category-cultura-deporte","category-destacado","category-villa-maria"],"yoast_head":"<!-- This site is optimized with the Yoast SEO plugin v26.8 - https:\/\/yoast.com\/product\/yoast-seo-wordpress\/ -->\n<title>Desde hoy, la octava edici\u00f3n del programa Ser Arte y Parte llega con m\u00e1s de 80 talleres culturales a los barrios de la ciudad - El Regional<\/title>\n<meta name=\"robots\" content=\"index, follow, max-snippet:-1, max-image-preview:large, max-video-preview:-1\" \/>\n<link rel=\"canonical\" href=\"http:\/\/elregionalvm.com.ar\/noticias-villa-maria\/desde-hoy-la-octava-edicion-del-programa-ser-arte-y-parte-llega-con-mas-de-80-talleres-culturales-a-los-barrios-de-la-ciudad\/\" \/>\n<meta property=\"og:locale\" content=\"es_ES\" \/>\n<meta property=\"og:type\" content=\"article\" \/>\n<meta property=\"og:title\" content=\"Desde hoy, la octava edici\u00f3n del programa Ser Arte y Parte llega con m\u00e1s de 80 talleres culturales a los barrios de la ciudad - El Regional\" \/>\n<meta property=\"og:description\" content=\"Entre las pol\u00edticas culturales impulsadas por el municipio, el programa Ser Arte y Parte ocupa un lugar preponderante como parte de las iniciativas a las que vecinos y vecinas se suman cada a\u00f1o. En este sentido, la propuesta regresa en su octava edici\u00f3n con m\u00e1s de 80 talleres pensados para todas las edades, los cuales [&hellip;]\" \/>\n<meta property=\"og:url\" content=\"http:\/\/elregionalvm.com.ar\/noticias-villa-maria\/desde-hoy-la-octava-edicion-del-programa-ser-arte-y-parte-llega-con-mas-de-80-talleres-culturales-a-los-barrios-de-la-ciudad\/\" \/>\n<meta property=\"og:site_name\" content=\"El Regional\" \/>\n<meta property=\"article:publisher\" content=\"https:\/\/www.facebook.com\/elregionalvm\" \/>\n<meta property=\"article:published_time\" content=\"2023-04-03T21:22:43+00:00\" \/>\n<meta property=\"article:modified_time\" content=\"2023-04-03T21:22:44+00:00\" \/>\n<meta property=\"og:image\" content=\"http:\/\/elregionalvm.com.ar\/noticias-villa-maria\/wp-content\/uploads\/2023\/04\/WhatsApp-Image-2023-04-03-at-13.21.09.jpeg\" \/>\n\t<meta property=\"og:image:width\" content=\"1599\" \/>\n\t<meta property=\"og:image:height\" content=\"1066\" \/>\n\t<meta property=\"og:image:type\" content=\"image\/jpeg\" \/>\n<meta name=\"author\" content=\"Contenidos El Regional\" \/>\n<meta name=\"twitter:card\" content=\"summary_large_image\" \/>\n<meta name=\"twitter:creator\" content=\"@elregionalvm1\" \/>\n<meta name=\"twitter:site\" content=\"@elregionalvm1\" \/>\n<meta name=\"twitter:label1\" content=\"Escrito por\" \/>\n\t<meta name=\"twitter:data1\" content=\"Contenidos El Regional\" \/>\n\t<meta name=\"twitter:label2\" content=\"Tiempo de lectura\" \/>\n\t<meta name=\"twitter:data2\" content=\"3 minutos\" \/>\n<script type=\"application\/ld+json\" class=\"yoast-schema-graph\">{\"@context\":\"https:\/\/schema.org\",\"@graph\":[{\"@type\":\"Article\",\"@id\":\"http:\/\/elregionalvm.com.ar\/noticias-villa-maria\/desde-hoy-la-octava-edicion-del-programa-ser-arte-y-parte-llega-con-mas-de-80-talleres-culturales-a-los-barrios-de-la-ciudad\/#article\",\"isPartOf\":{\"@id\":\"http:\/\/elregionalvm.com.ar\/noticias-villa-maria\/desde-hoy-la-octava-edicion-del-programa-ser-arte-y-parte-llega-con-mas-de-80-talleres-culturales-a-los-barrios-de-la-ciudad\/\"},\"author\":{\"name\":\"Contenidos El Regional\",\"@id\":\"http:\/\/elregionalvm.com.ar\/noticias-villa-maria\/#\/schema\/person\/a0fb9c422317faca23d50163151bc354\"},\"headline\":\"Desde hoy, la octava edici\u00f3n del programa Ser Arte y Parte llega con m\u00e1s de 80 talleres culturales a los barrios de la ciudad\",\"datePublished\":\"2023-04-03T21:22:43+00:00\",\"dateModified\":\"2023-04-03T21:22:44+00:00\",\"mainEntityOfPage\":{\"@id\":\"http:\/\/elregionalvm.com.ar\/noticias-villa-maria\/desde-hoy-la-octava-edicion-del-programa-ser-arte-y-parte-llega-con-mas-de-80-talleres-culturales-a-los-barrios-de-la-ciudad\/\"},\"wordCount\":512,\"commentCount\":0,\"image\":{\"@id\":\"http:\/\/elregionalvm.com.ar\/noticias-villa-maria\/desde-hoy-la-octava-edicion-del-programa-ser-arte-y-parte-llega-con-mas-de-80-talleres-culturales-a-los-barrios-de-la-ciudad\/#primaryimage\"},\"thumbnailUrl\":\"https:\/\/i0.wp.com\/elregionalvm.com.ar\/noticias-villa-maria\/wp-content\/uploads\/2023\/04\/WhatsApp-Image-2023-04-03-at-13.21.09.jpeg?fit=1599%2C1066&ssl=1\",\"articleSection\":[\"Cultura\",\"destacado\",\"Villa Mar\u00eda\"],\"inLanguage\":\"es\",\"potentialAction\":[{\"@type\":\"CommentAction\",\"name\":\"Comment\",\"target\":[\"http:\/\/elregionalvm.com.ar\/noticias-villa-maria\/desde-hoy-la-octava-edicion-del-programa-ser-arte-y-parte-llega-con-mas-de-80-talleres-culturales-a-los-barrios-de-la-ciudad\/#respond\"]}]},{\"@type\":\"WebPage\",\"@id\":\"http:\/\/elregionalvm.com.ar\/noticias-villa-maria\/desde-hoy-la-octava-edicion-del-programa-ser-arte-y-parte-llega-con-mas-de-80-talleres-culturales-a-los-barrios-de-la-ciudad\/\",\"url\":\"http:\/\/elregionalvm.com.ar\/noticias-villa-maria\/desde-hoy-la-octava-edicion-del-programa-ser-arte-y-parte-llega-con-mas-de-80-talleres-culturales-a-los-barrios-de-la-ciudad\/\",\"name\":\"Desde hoy, la octava edici\u00f3n del programa Ser Arte y Parte llega con m\u00e1s de 80 talleres culturales a los barrios de la ciudad - El Regional\",\"isPartOf\":{\"@id\":\"http:\/\/elregionalvm.com.ar\/noticias-villa-maria\/#website\"},\"primaryImageOfPage\":{\"@id\":\"http:\/\/elregionalvm.com.ar\/noticias-villa-maria\/desde-hoy-la-octava-edicion-del-programa-ser-arte-y-parte-llega-con-mas-de-80-talleres-culturales-a-los-barrios-de-la-ciudad\/#primaryimage\"},\"image\":{\"@id\":\"http:\/\/elregionalvm.com.ar\/noticias-villa-maria\/desde-hoy-la-octava-edicion-del-programa-ser-arte-y-parte-llega-con-mas-de-80-talleres-culturales-a-los-barrios-de-la-ciudad\/#primaryimage\"},\"thumbnailUrl\":\"https:\/\/i0.wp.com\/elregionalvm.com.ar\/noticias-villa-maria\/wp-content\/uploads\/2023\/04\/WhatsApp-Image-2023-04-03-at-13.21.09.jpeg?fit=1599%2C1066&ssl=1\",\"datePublished\":\"2023-04-03T21:22:43+00:00\",\"dateModified\":\"2023-04-03T21:22:44+00:00\",\"author\":{\"@id\":\"http:\/\/elregionalvm.com.ar\/noticias-villa-maria\/#\/schema\/person\/a0fb9c422317faca23d50163151bc354\"},\"breadcrumb\":{\"@id\":\"http:\/\/elregionalvm.com.ar\/noticias-villa-maria\/desde-hoy-la-octava-edicion-del-programa-ser-arte-y-parte-llega-con-mas-de-80-talleres-culturales-a-los-barrios-de-la-ciudad\/#breadcrumb\"},\"inLanguage\":\"es\",\"potentialAction\":[{\"@type\":\"ReadAction\",\"target\":[\"http:\/\/elregionalvm.com.ar\/noticias-villa-maria\/desde-hoy-la-octava-edicion-del-programa-ser-arte-y-parte-llega-con-mas-de-80-talleres-culturales-a-los-barrios-de-la-ciudad\/\"]}]},{\"@type\":\"ImageObject\",\"inLanguage\":\"es\",\"@id\":\"http:\/\/elregionalvm.com.ar\/noticias-villa-maria\/desde-hoy-la-octava-edicion-del-programa-ser-arte-y-parte-llega-con-mas-de-80-talleres-culturales-a-los-barrios-de-la-ciudad\/#primaryimage\",\"url\":\"https:\/\/i0.wp.com\/elregionalvm.com.ar\/noticias-villa-maria\/wp-content\/uploads\/2023\/04\/WhatsApp-Image-2023-04-03-at-13.21.09.jpeg?fit=1599%2C1066&ssl=1\",\"contentUrl\":\"https:\/\/i0.wp.com\/elregionalvm.com.ar\/noticias-villa-maria\/wp-content\/uploads\/2023\/04\/WhatsApp-Image-2023-04-03-at-13.21.09.jpeg?fit=1599%2C1066&ssl=1\",\"width\":1599,\"height\":1066},{\"@type\":\"BreadcrumbList\",\"@id\":\"http:\/\/elregionalvm.com.ar\/noticias-villa-maria\/desde-hoy-la-octava-edicion-del-programa-ser-arte-y-parte-llega-con-mas-de-80-talleres-culturales-a-los-barrios-de-la-ciudad\/#breadcrumb\",\"itemListElement\":[{\"@type\":\"ListItem\",\"position\":1,\"name\":\"Portada\",\"item\":\"https:\/\/elregionalvm.com.ar\/noticias-villa-maria\/\"},{\"@type\":\"ListItem\",\"position\":2,\"name\":\"Desde hoy, la octava edici\u00f3n del programa Ser Arte y Parte llega con m\u00e1s de 80 talleres culturales a los barrios de la ciudad\"}]},{\"@type\":\"WebSite\",\"@id\":\"http:\/\/elregionalvm.com.ar\/noticias-villa-maria\/#website\",\"url\":\"http:\/\/elregionalvm.com.ar\/noticias-villa-maria\/\",\"name\":\"El Regional\",\"description\":\"Mucho m\u00e1s que informaci\u00f3n\",\"potentialAction\":[{\"@type\":\"SearchAction\",\"target\":{\"@type\":\"EntryPoint\",\"urlTemplate\":\"http:\/\/elregionalvm.com.ar\/noticias-villa-maria\/?s={search_term_string}\"},\"query-input\":{\"@type\":\"PropertyValueSpecification\",\"valueRequired\":true,\"valueName\":\"search_term_string\"}}],\"inLanguage\":\"es\"},{\"@type\":\"Person\",\"@id\":\"http:\/\/elregionalvm.com.ar\/noticias-villa-maria\/#\/schema\/person\/a0fb9c422317faca23d50163151bc354\",\"name\":\"Contenidos El Regional\",\"image\":{\"@type\":\"ImageObject\",\"inLanguage\":\"es\",\"@id\":\"http:\/\/elregionalvm.com.ar\/noticias-villa-maria\/#\/schema\/person\/image\/\",\"url\":\"https:\/\/secure.gravatar.com\/avatar\/265b27cb2209af7bb3a1318f03305787d7981a5cc6e6cd08fe5a4ecdf99d4b48?s=96&d=mm&r=g\",\"contentUrl\":\"https:\/\/secure.gravatar.com\/avatar\/265b27cb2209af7bb3a1318f03305787d7981a5cc6e6cd08fe5a4ecdf99d4b48?s=96&d=mm&r=g\",\"caption\":\"Contenidos El Regional\"},\"url\":\"https:\/\/elregionalvm.com.ar\/noticias-villa-maria\/author\/contenido\/\"}]}<\/script>\n<!-- \/ Yoast SEO plugin. -->","yoast_head_json":{"title":"Desde hoy, la octava edici\u00f3n del programa Ser Arte y Parte llega con m\u00e1s de 80 talleres culturales a los barrios de la ciudad - El Regional","robots":{"index":"index","follow":"follow","max-snippet":"max-snippet:-1","max-image-preview":"max-image-preview:large","max-video-preview":"max-video-preview:-1"},"canonical":"http:\/\/elregionalvm.com.ar\/noticias-villa-maria\/desde-hoy-la-octava-edicion-del-programa-ser-arte-y-parte-llega-con-mas-de-80-talleres-culturales-a-los-barrios-de-la-ciudad\/","og_locale":"es_ES","og_type":"article","og_title":"Desde hoy, la octava edici\u00f3n del programa Ser Arte y Parte llega con m\u00e1s de 80 talleres culturales a los barrios de la ciudad - El Regional","og_description":"Entre las pol\u00edticas culturales impulsadas por el municipio, el programa Ser Arte y Parte ocupa un lugar preponderante como parte de las iniciativas a las que vecinos y vecinas se suman cada a\u00f1o. En este sentido, la propuesta regresa en su octava edici\u00f3n con m\u00e1s de 80 talleres pensados para todas las edades, los cuales [&hellip;]","og_url":"http:\/\/elregionalvm.com.ar\/noticias-villa-maria\/desde-hoy-la-octava-edicion-del-programa-ser-arte-y-parte-llega-con-mas-de-80-talleres-culturales-a-los-barrios-de-la-ciudad\/","og_site_name":"El Regional","article_publisher":"https:\/\/www.facebook.com\/elregionalvm","article_published_time":"2023-04-03T21:22:43+00:00","article_modified_time":"2023-04-03T21:22:44+00:00","og_image":[{"width":1599,"height":1066,"url":"http:\/\/elregionalvm.com.ar\/noticias-villa-maria\/wp-content\/uploads\/2023\/04\/WhatsApp-Image-2023-04-03-at-13.21.09.jpeg","type":"image\/jpeg"}],"author":"Contenidos El Regional","twitter_card":"summary_large_image","twitter_creator":"@elregionalvm1","twitter_site":"@elregionalvm1","twitter_misc":{"Escrito por":"Contenidos El Regional","Tiempo de lectura":"3 minutos"},"schema":{"@context":"https:\/\/schema.org","@graph":[{"@type":"Article","@id":"http:\/\/elregionalvm.com.ar\/noticias-villa-maria\/desde-hoy-la-octava-edicion-del-programa-ser-arte-y-parte-llega-con-mas-de-80-talleres-culturales-a-los-barrios-de-la-ciudad\/#article","isPartOf":{"@id":"http:\/\/elregionalvm.com.ar\/noticias-villa-maria\/desde-hoy-la-octava-edicion-del-programa-ser-arte-y-parte-llega-con-mas-de-80-talleres-culturales-a-los-barrios-de-la-ciudad\/"},"author":{"name":"Contenidos El Regional","@id":"http:\/\/elregionalvm.com.ar\/noticias-villa-maria\/#\/schema\/person\/a0fb9c422317faca23d50163151bc354"},"headline":"Desde hoy, la octava edici\u00f3n del programa Ser Arte y Parte llega con m\u00e1s de 80 talleres culturales a los barrios de la ciudad","datePublished":"2023-04-03T21:22:43+00:00","dateModified":"2023-04-03T21:22:44+00:00","mainEntityOfPage":{"@id":"http:\/\/elregionalvm.com.ar\/noticias-villa-maria\/desde-hoy-la-octava-edicion-del-programa-ser-arte-y-parte-llega-con-mas-de-80-talleres-culturales-a-los-barrios-de-la-ciudad\/"},"wordCount":512,"commentCount":0,"image":{"@id":"http:\/\/elregionalvm.com.ar\/noticias-villa-maria\/desde-hoy-la-octava-edicion-del-programa-ser-arte-y-parte-llega-con-mas-de-80-talleres-culturales-a-los-barrios-de-la-ciudad\/#primaryimage"},"thumbnailUrl":"https:\/\/i0.wp.com\/elregionalvm.com.ar\/noticias-villa-maria\/wp-content\/uploads\/2023\/04\/WhatsApp-Image-2023-04-03-at-13.21.09.jpeg?fit=1599%2C1066&ssl=1","articleSection":["Cultura","destacado","Villa Mar\u00eda"],"inLanguage":"es","potentialAction":[{"@type":"CommentAction","name":"Comment","target":["http:\/\/elregionalvm.com.ar\/noticias-villa-maria\/desde-hoy-la-octava-edicion-del-programa-ser-arte-y-parte-llega-con-mas-de-80-talleres-culturales-a-los-barrios-de-la-ciudad\/#respond"]}]},{"@type":"WebPage","@id":"http:\/\/elregionalvm.com.ar\/noticias-villa-maria\/desde-hoy-la-octava-edicion-del-programa-ser-arte-y-parte-llega-con-mas-de-80-talleres-culturales-a-los-barrios-de-la-ciudad\/","url":"http:\/\/elregionalvm.com.ar\/noticias-villa-maria\/desde-hoy-la-octava-edicion-del-programa-ser-arte-y-parte-llega-con-mas-de-80-talleres-culturales-a-los-barrios-de-la-ciudad\/","name":"Desde hoy, la octava edici\u00f3n del programa Ser Arte y Parte llega con m\u00e1s de 80 talleres culturales a los barrios de la ciudad - El Regional","isPartOf":{"@id":"http:\/\/elregionalvm.com.ar\/noticias-villa-maria\/#website"},"primaryImageOfPage":{"@id":"http:\/\/elregionalvm.com.ar\/noticias-villa-maria\/desde-hoy-la-octava-edicion-del-programa-ser-arte-y-parte-llega-con-mas-de-80-talleres-culturales-a-los-barrios-de-la-ciudad\/#primaryimage"},"image":{"@id":"http:\/\/elregionalvm.com.ar\/noticias-villa-maria\/desde-hoy-la-octava-edicion-del-programa-ser-arte-y-parte-llega-con-mas-de-80-talleres-culturales-a-los-barrios-de-la-ciudad\/#primaryimage"},"thumbnailUrl":"https:\/\/i0.wp.com\/elregionalvm.com.ar\/noticias-villa-maria\/wp-content\/uploads\/2023\/04\/WhatsApp-Image-2023-04-03-at-13.21.09.jpeg?fit=1599%2C1066&ssl=1","datePublished":"2023-04-03T21:22:43+00:00","dateModified":"2023-04-03T21:22:44+00:00","author":{"@id":"http:\/\/elregionalvm.com.ar\/noticias-villa-maria\/#\/schema\/person\/a0fb9c422317faca23d50163151bc354"},"breadcrumb":{"@id":"http:\/\/elregionalvm.com.ar\/noticias-villa-maria\/desde-hoy-la-octava-edicion-del-programa-ser-arte-y-parte-llega-con-mas-de-80-talleres-culturales-a-los-barrios-de-la-ciudad\/#breadcrumb"},"inLanguage":"es","potentialAction":[{"@type":"ReadAction","target":["http:\/\/elregionalvm.com.ar\/noticias-villa-maria\/desde-hoy-la-octava-edicion-del-programa-ser-arte-y-parte-llega-con-mas-de-80-talleres-culturales-a-los-barrios-de-la-ciudad\/"]}]},{"@type":"ImageObject","inLanguage":"es","@id":"http:\/\/elregionalvm.com.ar\/noticias-villa-maria\/desde-hoy-la-octava-edicion-del-programa-ser-arte-y-parte-llega-con-mas-de-80-talleres-culturales-a-los-barrios-de-la-ciudad\/#primaryimage","url":"https:\/\/i0.wp.com\/elregionalvm.com.ar\/noticias-villa-maria\/wp-content\/uploads\/2023\/04\/WhatsApp-Image-2023-04-03-at-13.21.09.jpeg?fit=1599%2C1066&ssl=1","contentUrl":"https:\/\/i0.wp.com\/elregionalvm.com.ar\/noticias-villa-maria\/wp-content\/uploads\/2023\/04\/WhatsApp-Image-2023-04-03-at-13.21.09.jpeg?fit=1599%2C1066&ssl=1","width":1599,"height":1066},{"@type":"BreadcrumbList","@id":"http:\/\/elregionalvm.com.ar\/noticias-villa-maria\/desde-hoy-la-octava-edicion-del-programa-ser-arte-y-parte-llega-con-mas-de-80-talleres-culturales-a-los-barrios-de-la-ciudad\/#breadcrumb","itemListElement":[{"@type":"ListItem","position":1,"name":"Portada","item":"https:\/\/elregionalvm.com.ar\/noticias-villa-maria\/"},{"@type":"ListItem","position":2,"name":"Desde hoy, la octava edici\u00f3n del programa Ser Arte y Parte llega con m\u00e1s de 80 talleres culturales a los barrios de la ciudad"}]},{"@type":"WebSite","@id":"http:\/\/elregionalvm.com.ar\/noticias-villa-maria\/#website","url":"http:\/\/elregionalvm.com.ar\/noticias-villa-maria\/","name":"El Regional","description":"Mucho m\u00e1s que informaci\u00f3n","potentialAction":[{"@type":"SearchAction","target":{"@type":"EntryPoint","urlTemplate":"http:\/\/elregionalvm.com.ar\/noticias-villa-maria\/?s={search_term_string}"},"query-input":{"@type":"PropertyValueSpecification","valueRequired":true,"valueName":"search_term_string"}}],"inLanguage":"es"},{"@type":"Person","@id":"http:\/\/elregionalvm.com.ar\/noticias-villa-maria\/#\/schema\/person\/a0fb9c422317faca23d50163151bc354","name":"Contenidos El Regional","image":{"@type":"ImageObject","inLanguage":"es","@id":"http:\/\/elregionalvm.com.ar\/noticias-villa-maria\/#\/schema\/person\/image\/","url":"https:\/\/secure.gravatar.com\/avatar\/265b27cb2209af7bb3a1318f03305787d7981a5cc6e6cd08fe5a4ecdf99d4b48?s=96&d=mm&r=g","contentUrl":"https:\/\/secure.gravatar.com\/avatar\/265b27cb2209af7bb3a1318f03305787d7981a5cc6e6cd08fe5a4ecdf99d4b48?s=96&d=mm&r=g","caption":"Contenidos El Regional"},"url":"https:\/\/elregionalvm.com.ar\/noticias-villa-maria\/author\/contenido\/"}]}},"jetpack_featured_media_url":"https:\/\/i0.wp.com\/elregionalvm.com.ar\/noticias-villa-maria\/wp-content\/uploads\/2023\/04\/WhatsApp-Image-2023-04-03-at-13.21.09.jpeg?fit=1599%2C1066&ssl=1","jetpack_sharing_enabled":true,"_links":{"self":[{"href":"https:\/\/elregionalvm.com.ar\/noticias-villa-maria\/wp-json\/wp\/v2\/posts\/74144","targetHints":{"allow":["GET"]}}],"collection":[{"href":"https:\/\/elregionalvm.com.ar\/noticias-villa-maria\/wp-json\/wp\/v2\/posts"}],"about":[{"href":"https:\/\/elregionalvm.com.ar\/noticias-villa-maria\/wp-json\/wp\/v2\/types\/post"}],"author":[{"embeddable":true,"href":"https:\/\/elregionalvm.com.ar\/noticias-villa-maria\/wp-json\/wp\/v2\/users\/4"}],"replies":[{"embeddable":true,"href":"https:\/\/elregionalvm.com.ar\/noticias-villa-maria\/wp-json\/wp\/v2\/comments?post=74144"}],"version-history":[{"count":1,"href":"https:\/\/elregionalvm.com.ar\/noticias-villa-maria\/wp-json\/wp\/v2\/posts\/74144\/revisions"}],"predecessor-version":[{"id":74146,"href":"https:\/\/elregionalvm.com.ar\/noticias-villa-maria\/wp-json\/wp\/v2\/posts\/74144\/revisions\/74146"}],"wp:featuredmedia":[{"embeddable":true,"href":"https:\/\/elregionalvm.com.ar\/noticias-villa-maria\/wp-json\/wp\/v2\/media\/74145"}],"wp:attachment":[{"href":"https:\/\/elregionalvm.com.ar\/noticias-villa-maria\/wp-json\/wp\/v2\/media?parent=74144"}],"wp:term":[{"taxonomy":"category","embeddable":true,"href":"https:\/\/elregionalvm.com.ar\/noticias-villa-maria\/wp-json\/wp\/v2\/categories?post=74144"},{"taxonomy":"post_tag","embeddable":true,"href":"https:\/\/elregionalvm.com.ar\/noticias-villa-maria\/wp-json\/wp\/v2\/tags?post=74144"}],"curies":[{"name":"wp","href":"https:\/\/api.w.org\/{rel}","templated":true}]}}