{"id":74155,"date":"2023-04-03T21:37:11","date_gmt":"2023-04-03T21:37:11","guid":{"rendered":"https:\/\/elregionalvm.com.ar\/noticias-villa-maria\/?p=74155"},"modified":"2023-04-03T21:37:13","modified_gmt":"2023-04-03T21:37:13","slug":"la-cooperativa-de-tio-pujio-aumento-la-superficie-de-proyecto-del-parque-deportivo","status":"publish","type":"post","link":"https:\/\/elregionalvm.com.ar\/noticias-villa-maria\/la-cooperativa-de-tio-pujio-aumento-la-superficie-de-proyecto-del-parque-deportivo\/","title":{"rendered":"La Cooperativa de T\u00edo Pujio aument\u00f3 la superficie de Proyecto del Parque Deportivo"},"content":{"rendered":"\n<p>Con la compra de un terreno lindante, la Cooperativa de Servicios P\u00fablicos, Vivienda y Cr\u00e9dito T\u00edo Pujio Ltda. aument\u00f3 la superficie del proyecto del Parque Deportivo a 9.572,81 m2.<\/p>\n\n\n\n<p>Esta organizaci\u00f3n procedi\u00f3 en la ma\u00f1ana de este lunes a la firma de la correspondiente escritura en la Escriban\u00eda Nigro de esta localidad de un terreno ubicado en el lote 107 en el barrio Sur (quinta 39), de 37,38 metros de frente por 50,50 metros de fondo y una superficie de 1.887,86m2 propiedad de Alberto Iv\u00e1n C\u00f3rsico y Roxana Dora Morales.<\/p>\n\n\n\n<p>Este terreno es lindante al ubicado en el lote 101 de la quinta 39, con una superficie de 7.684,95m2, ubicado en el sector sur entre calles Salta, Neuqu\u00e9n, Catamarca y Buenos Aires, con ingresos por las primeras tres calles de las mencionadas y lindante con el Loteo \u201cLos Algarrobos\u201d.<\/p>\n\n\n\n<p>Ahora la superficie total del predio asciende a 9.572,81m2.<\/p>\n\n\n\n<p>Los vendedores concurrieron esta ma\u00f1ana ante la escribana Cecilia Nigro y firmaron el boleto correspondiente junto al presidente del Consejo de Administraci\u00f3n de la Cooperativa, Dar\u00edo Eduardo Ranco, y la secretaria Daniela Andrea Presuttari. Posteriormente registr\u00f3 su firma el tesorero Carlos Antonio Bechis.<\/p>\n\n\n\n<p>Desde hace poco m\u00e1s de una d\u00e9cada, la Cooperativa de T\u00edo Pujio viene llevando a cabo varios proyectos, como 37 viviendas para asociados, una residencia para la tercera edad, un centro de desarrollo comercial donde funciona su multimedio y un proyecto educativo en asociaci\u00f3n con otras entidades. <\/p>\n\n\n\n<p>Ahora va por el complejo deportivo de grandes dimensiones.<\/p>\n\n\n\n<p>En el Parque de los Deportes podr\u00e1n practicarse distintas disciplinas deportivas, y estar\u00e1 dotado de una infraestructura de \u00faltima generaci\u00f3n para la localidad y zona de influencia.<\/p>\n\n\n\n<p>Este parque ser\u00e1 un modelo sustentable y funcional por tres razones esenciales:<br>\u2022 Modelo: ya que ser\u00e1 \u00fanico en la regi\u00f3n, albergando las disciplinas deportivas m\u00e1s populares.<br>\u2022 Sustentable: ya que respetar\u00e1 la naturaleza aut\u00f3ctona y aplicar\u00e1 las nuevas tecnolog\u00edas ecol\u00f3gicas.<br>\u2022 Funcional: debido a que la propuesta compatibilizar\u00e1 en forma simult\u00e1nea lo deportivo con lo social.<\/p>\n\n\n\n<figure class=\"wp-block-image size-large\"><img data-recalc-dims=\"1\" fetchpriority=\"high\" decoding=\"async\" width=\"1024\" height=\"684\" src=\"https:\/\/i0.wp.com\/elregionalvm.com.ar\/noticias-villa-maria\/wp-content\/uploads\/2023\/04\/WhatsApp-Image-2023-04-03-at-12.35.37-1.jpeg?resize=1024%2C684&#038;ssl=1\" alt=\"\" class=\"wp-image-74159\" srcset=\"https:\/\/i0.wp.com\/elregionalvm.com.ar\/noticias-villa-maria\/wp-content\/uploads\/2023\/04\/WhatsApp-Image-2023-04-03-at-12.35.37-1.jpeg?resize=1024%2C684&amp;ssl=1 1024w, https:\/\/i0.wp.com\/elregionalvm.com.ar\/noticias-villa-maria\/wp-content\/uploads\/2023\/04\/WhatsApp-Image-2023-04-03-at-12.35.37-1.jpeg?resize=300%2C200&amp;ssl=1 300w, https:\/\/i0.wp.com\/elregionalvm.com.ar\/noticias-villa-maria\/wp-content\/uploads\/2023\/04\/WhatsApp-Image-2023-04-03-at-12.35.37-1.jpeg?resize=768%2C513&amp;ssl=1 768w, https:\/\/i0.wp.com\/elregionalvm.com.ar\/noticias-villa-maria\/wp-content\/uploads\/2023\/04\/WhatsApp-Image-2023-04-03-at-12.35.37-1.jpeg?resize=1536%2C1025&amp;ssl=1 1536w, https:\/\/i0.wp.com\/elregionalvm.com.ar\/noticias-villa-maria\/wp-content\/uploads\/2023\/04\/WhatsApp-Image-2023-04-03-at-12.35.37-1.jpeg?w=1600&amp;ssl=1 1600w\" sizes=\"(max-width: 1000px) 100vw, 1000px\" \/><\/figure>\n\n\n\n<figure class=\"wp-block-image size-large\"><img data-recalc-dims=\"1\" decoding=\"async\" width=\"1024\" height=\"684\" src=\"https:\/\/i0.wp.com\/elregionalvm.com.ar\/noticias-villa-maria\/wp-content\/uploads\/2023\/04\/WhatsApp-Image-2023-04-03-at-12.35.37-2.jpeg?resize=1024%2C684&#038;ssl=1\" alt=\"\" class=\"wp-image-74158\" srcset=\"https:\/\/i0.wp.com\/elregionalvm.com.ar\/noticias-villa-maria\/wp-content\/uploads\/2023\/04\/WhatsApp-Image-2023-04-03-at-12.35.37-2.jpeg?resize=1024%2C684&amp;ssl=1 1024w, https:\/\/i0.wp.com\/elregionalvm.com.ar\/noticias-villa-maria\/wp-content\/uploads\/2023\/04\/WhatsApp-Image-2023-04-03-at-12.35.37-2.jpeg?resize=300%2C200&amp;ssl=1 300w, https:\/\/i0.wp.com\/elregionalvm.com.ar\/noticias-villa-maria\/wp-content\/uploads\/2023\/04\/WhatsApp-Image-2023-04-03-at-12.35.37-2.jpeg?resize=768%2C513&amp;ssl=1 768w, https:\/\/i0.wp.com\/elregionalvm.com.ar\/noticias-villa-maria\/wp-content\/uploads\/2023\/04\/WhatsApp-Image-2023-04-03-at-12.35.37-2.jpeg?resize=1536%2C1025&amp;ssl=1 1536w, https:\/\/i0.wp.com\/elregionalvm.com.ar\/noticias-villa-maria\/wp-content\/uploads\/2023\/04\/WhatsApp-Image-2023-04-03-at-12.35.37-2.jpeg?w=1600&amp;ssl=1 1600w\" sizes=\"(max-width: 1000px) 100vw, 1000px\" \/><\/figure>\n\n\n\n<figure class=\"wp-block-image size-large\"><img data-recalc-dims=\"1\" decoding=\"async\" width=\"1024\" height=\"684\" src=\"https:\/\/i0.wp.com\/elregionalvm.com.ar\/noticias-villa-maria\/wp-content\/uploads\/2023\/04\/WhatsApp-Image-2023-04-03-at-12.35.38.jpeg?resize=1024%2C684&#038;ssl=1\" alt=\"\" class=\"wp-image-74157\" srcset=\"https:\/\/i0.wp.com\/elregionalvm.com.ar\/noticias-villa-maria\/wp-content\/uploads\/2023\/04\/WhatsApp-Image-2023-04-03-at-12.35.38.jpeg?resize=1024%2C684&amp;ssl=1 1024w, https:\/\/i0.wp.com\/elregionalvm.com.ar\/noticias-villa-maria\/wp-content\/uploads\/2023\/04\/WhatsApp-Image-2023-04-03-at-12.35.38.jpeg?resize=300%2C200&amp;ssl=1 300w, https:\/\/i0.wp.com\/elregionalvm.com.ar\/noticias-villa-maria\/wp-content\/uploads\/2023\/04\/WhatsApp-Image-2023-04-03-at-12.35.38.jpeg?resize=768%2C513&amp;ssl=1 768w, https:\/\/i0.wp.com\/elregionalvm.com.ar\/noticias-villa-maria\/wp-content\/uploads\/2023\/04\/WhatsApp-Image-2023-04-03-at-12.35.38.jpeg?resize=1536%2C1025&amp;ssl=1 1536w, https:\/\/i0.wp.com\/elregionalvm.com.ar\/noticias-villa-maria\/wp-content\/uploads\/2023\/04\/WhatsApp-Image-2023-04-03-at-12.35.38.jpeg?w=1600&amp;ssl=1 1600w\" sizes=\"(max-width: 1000px) 100vw, 1000px\" \/><\/figure>\n\n\n\n<figure class=\"wp-block-image size-large\"><img data-recalc-dims=\"1\" loading=\"lazy\" decoding=\"async\" width=\"1024\" height=\"684\" src=\"https:\/\/i0.wp.com\/elregionalvm.com.ar\/noticias-villa-maria\/wp-content\/uploads\/2023\/04\/WhatsApp-Image-2023-04-03-at-12.35.38-1.jpeg?resize=1024%2C684&#038;ssl=1\" alt=\"\" class=\"wp-image-74156\" srcset=\"https:\/\/i0.wp.com\/elregionalvm.com.ar\/noticias-villa-maria\/wp-content\/uploads\/2023\/04\/WhatsApp-Image-2023-04-03-at-12.35.38-1.jpeg?resize=1024%2C684&amp;ssl=1 1024w, https:\/\/i0.wp.com\/elregionalvm.com.ar\/noticias-villa-maria\/wp-content\/uploads\/2023\/04\/WhatsApp-Image-2023-04-03-at-12.35.38-1.jpeg?resize=300%2C200&amp;ssl=1 300w, https:\/\/i0.wp.com\/elregionalvm.com.ar\/noticias-villa-maria\/wp-content\/uploads\/2023\/04\/WhatsApp-Image-2023-04-03-at-12.35.38-1.jpeg?resize=768%2C513&amp;ssl=1 768w, https:\/\/i0.wp.com\/elregionalvm.com.ar\/noticias-villa-maria\/wp-content\/uploads\/2023\/04\/WhatsApp-Image-2023-04-03-at-12.35.38-1.jpeg?resize=1536%2C1025&amp;ssl=1 1536w, https:\/\/i0.wp.com\/elregionalvm.com.ar\/noticias-villa-maria\/wp-content\/uploads\/2023\/04\/WhatsApp-Image-2023-04-03-at-12.35.38-1.jpeg?w=1600&amp;ssl=1 1600w\" sizes=\"(max-width: 1000px) 100vw, 1000px\" \/><\/figure>\n","protected":false},"excerpt":{"rendered":"<p>Con la compra de un terreno lindante, la Cooperativa de Servicios P\u00fablicos, Vivienda y Cr\u00e9dito T\u00edo Pujio Ltda. aument\u00f3 la superficie del proyecto del Parque Deportivo a 9.572,81 m2. Esta organizaci\u00f3n procedi\u00f3 en la ma\u00f1ana de este lunes a la firma de la correspondiente escritura en la Escriban\u00eda Nigro de esta localidad de un terreno [&hellip;]<\/p>\n","protected":false},"author":4,"featured_media":74160,"comment_status":"open","ping_status":"open","sticky":false,"template":"","format":"standard","meta":{"site-sidebar-layout":"default","site-content-layout":"","ast-site-content-layout":"default","site-content-style":"default","site-sidebar-style":"default","ast-global-header-display":"","ast-banner-title-visibility":"","ast-main-header-display":"","ast-hfb-above-header-display":"","ast-hfb-below-header-display":"","ast-hfb-mobile-header-display":"","site-post-title":"","ast-breadcrumbs-content":"","ast-featured-img":"","footer-sml-layout":"","ast-disable-related-posts":"","theme-transparent-header-meta":"","adv-header-id-meta":"","stick-header-meta":"","header-above-stick-meta":"","header-main-stick-meta":"","header-below-stick-meta":"","astra-migrate-meta-layouts":"default","ast-page-background-enabled":"default","ast-page-background-meta":{"desktop":{"background-color":"","background-image":"","background-repeat":"repeat","background-position":"center center","background-size":"auto","background-attachment":"scroll","background-type":"","background-media":"","overlay-type":"","overlay-color":"","overlay-opacity":"","overlay-gradient":""},"tablet":{"background-color":"","background-image":"","background-repeat":"repeat","background-position":"center center","background-size":"auto","background-attachment":"scroll","background-type":"","background-media":"","overlay-type":"","overlay-color":"","overlay-opacity":"","overlay-gradient":""},"mobile":{"background-color":"","background-image":"","background-repeat":"repeat","background-position":"center center","background-size":"auto","background-attachment":"scroll","background-type":"","background-media":"","overlay-type":"","overlay-color":"","overlay-opacity":"","overlay-gradient":""}},"ast-content-background-meta":{"desktop":{"background-color":"var(--ast-global-color-5)","background-image":"","background-repeat":"repeat","background-position":"center center","background-size":"auto","background-attachment":"scroll","background-type":"","background-media":"","overlay-type":"","overlay-color":"","overlay-opacity":"","overlay-gradient":""},"tablet":{"background-color":"var(--ast-global-color-5)","background-image":"","background-repeat":"repeat","background-position":"center center","background-size":"auto","background-attachment":"scroll","background-type":"","background-media":"","overlay-type":"","overlay-color":"","overlay-opacity":"","overlay-gradient":""},"mobile":{"background-color":"var(--ast-global-color-5)","background-image":"","background-repeat":"repeat","background-position":"center center","background-size":"auto","background-attachment":"scroll","background-type":"","background-media":"","overlay-type":"","overlay-color":"","overlay-opacity":"","overlay-gradient":""}},"_jetpack_memberships_contains_paid_content":false,"_joinchat":[],"footnotes":""},"categories":[15302,2091,5],"tags":[],"class_list":["post-74155","post","type-post","status-publish","format-standard","has-post-thumbnail","hentry","category-destacado","category-region","category-sociedad"],"yoast_head":"<!-- This site is optimized with the Yoast SEO plugin v26.8 - https:\/\/yoast.com\/product\/yoast-seo-wordpress\/ -->\n<title>La Cooperativa de T\u00edo Pujio aument\u00f3 la superficie de Proyecto del Parque Deportivo - El Regional<\/title>\n<meta name=\"robots\" content=\"index, follow, max-snippet:-1, max-image-preview:large, max-video-preview:-1\" \/>\n<link rel=\"canonical\" href=\"http:\/\/elregionalvm.com.ar\/noticias-villa-maria\/la-cooperativa-de-tio-pujio-aumento-la-superficie-de-proyecto-del-parque-deportivo\/\" \/>\n<meta property=\"og:locale\" content=\"es_ES\" \/>\n<meta property=\"og:type\" content=\"article\" \/>\n<meta property=\"og:title\" content=\"La Cooperativa de T\u00edo Pujio aument\u00f3 la superficie de Proyecto del Parque Deportivo - El Regional\" \/>\n<meta property=\"og:description\" content=\"Con la compra de un terreno lindante, la Cooperativa de Servicios P\u00fablicos, Vivienda y Cr\u00e9dito T\u00edo Pujio Ltda. aument\u00f3 la superficie del proyecto del Parque Deportivo a 9.572,81 m2. Esta organizaci\u00f3n procedi\u00f3 en la ma\u00f1ana de este lunes a la firma de la correspondiente escritura en la Escriban\u00eda Nigro de esta localidad de un terreno [&hellip;]\" \/>\n<meta property=\"og:url\" content=\"http:\/\/elregionalvm.com.ar\/noticias-villa-maria\/la-cooperativa-de-tio-pujio-aumento-la-superficie-de-proyecto-del-parque-deportivo\/\" \/>\n<meta property=\"og:site_name\" content=\"El Regional\" \/>\n<meta property=\"article:publisher\" content=\"https:\/\/www.facebook.com\/elregionalvm\" \/>\n<meta property=\"article:published_time\" content=\"2023-04-03T21:37:11+00:00\" \/>\n<meta property=\"article:modified_time\" content=\"2023-04-03T21:37:13+00:00\" \/>\n<meta property=\"og:image\" content=\"http:\/\/elregionalvm.com.ar\/noticias-villa-maria\/wp-content\/uploads\/2023\/04\/WhatsApp-Image-2023-04-03-at-12.35.37.jpeg\" \/>\n\t<meta property=\"og:image:width\" content=\"1600\" \/>\n\t<meta property=\"og:image:height\" content=\"1068\" \/>\n\t<meta property=\"og:image:type\" content=\"image\/jpeg\" \/>\n<meta name=\"author\" content=\"Contenidos El Regional\" \/>\n<meta name=\"twitter:card\" content=\"summary_large_image\" \/>\n<meta name=\"twitter:creator\" content=\"@elregionalvm1\" \/>\n<meta name=\"twitter:site\" content=\"@elregionalvm1\" \/>\n<meta name=\"twitter:label1\" content=\"Escrito por\" \/>\n\t<meta name=\"twitter:data1\" content=\"Contenidos El Regional\" \/>\n\t<meta name=\"twitter:label2\" content=\"Tiempo de lectura\" \/>\n\t<meta name=\"twitter:data2\" content=\"3 minutos\" \/>\n<script type=\"application\/ld+json\" class=\"yoast-schema-graph\">{\"@context\":\"https:\/\/schema.org\",\"@graph\":[{\"@type\":\"Article\",\"@id\":\"http:\/\/elregionalvm.com.ar\/noticias-villa-maria\/la-cooperativa-de-tio-pujio-aumento-la-superficie-de-proyecto-del-parque-deportivo\/#article\",\"isPartOf\":{\"@id\":\"http:\/\/elregionalvm.com.ar\/noticias-villa-maria\/la-cooperativa-de-tio-pujio-aumento-la-superficie-de-proyecto-del-parque-deportivo\/\"},\"author\":{\"name\":\"Contenidos El Regional\",\"@id\":\"http:\/\/elregionalvm.com.ar\/noticias-villa-maria\/#\/schema\/person\/a0fb9c422317faca23d50163151bc354\"},\"headline\":\"La Cooperativa de T\u00edo Pujio aument\u00f3 la superficie de Proyecto del Parque Deportivo\",\"datePublished\":\"2023-04-03T21:37:11+00:00\",\"dateModified\":\"2023-04-03T21:37:13+00:00\",\"mainEntityOfPage\":{\"@id\":\"http:\/\/elregionalvm.com.ar\/noticias-villa-maria\/la-cooperativa-de-tio-pujio-aumento-la-superficie-de-proyecto-del-parque-deportivo\/\"},\"wordCount\":358,\"commentCount\":0,\"image\":{\"@id\":\"http:\/\/elregionalvm.com.ar\/noticias-villa-maria\/la-cooperativa-de-tio-pujio-aumento-la-superficie-de-proyecto-del-parque-deportivo\/#primaryimage\"},\"thumbnailUrl\":\"https:\/\/i0.wp.com\/elregionalvm.com.ar\/noticias-villa-maria\/wp-content\/uploads\/2023\/04\/WhatsApp-Image-2023-04-03-at-12.35.37.jpeg?fit=1600%2C1068&ssl=1\",\"articleSection\":[\"destacado\",\"Regi\u00f3n\",\"Sociedad\"],\"inLanguage\":\"es\",\"potentialAction\":[{\"@type\":\"CommentAction\",\"name\":\"Comment\",\"target\":[\"http:\/\/elregionalvm.com.ar\/noticias-villa-maria\/la-cooperativa-de-tio-pujio-aumento-la-superficie-de-proyecto-del-parque-deportivo\/#respond\"]}]},{\"@type\":\"WebPage\",\"@id\":\"http:\/\/elregionalvm.com.ar\/noticias-villa-maria\/la-cooperativa-de-tio-pujio-aumento-la-superficie-de-proyecto-del-parque-deportivo\/\",\"url\":\"http:\/\/elregionalvm.com.ar\/noticias-villa-maria\/la-cooperativa-de-tio-pujio-aumento-la-superficie-de-proyecto-del-parque-deportivo\/\",\"name\":\"La Cooperativa de T\u00edo Pujio aument\u00f3 la superficie de Proyecto del Parque Deportivo - El Regional\",\"isPartOf\":{\"@id\":\"http:\/\/elregionalvm.com.ar\/noticias-villa-maria\/#website\"},\"primaryImageOfPage\":{\"@id\":\"http:\/\/elregionalvm.com.ar\/noticias-villa-maria\/la-cooperativa-de-tio-pujio-aumento-la-superficie-de-proyecto-del-parque-deportivo\/#primaryimage\"},\"image\":{\"@id\":\"http:\/\/elregionalvm.com.ar\/noticias-villa-maria\/la-cooperativa-de-tio-pujio-aumento-la-superficie-de-proyecto-del-parque-deportivo\/#primaryimage\"},\"thumbnailUrl\":\"https:\/\/i0.wp.com\/elregionalvm.com.ar\/noticias-villa-maria\/wp-content\/uploads\/2023\/04\/WhatsApp-Image-2023-04-03-at-12.35.37.jpeg?fit=1600%2C1068&ssl=1\",\"datePublished\":\"2023-04-03T21:37:11+00:00\",\"dateModified\":\"2023-04-03T21:37:13+00:00\",\"author\":{\"@id\":\"http:\/\/elregionalvm.com.ar\/noticias-villa-maria\/#\/schema\/person\/a0fb9c422317faca23d50163151bc354\"},\"breadcrumb\":{\"@id\":\"http:\/\/elregionalvm.com.ar\/noticias-villa-maria\/la-cooperativa-de-tio-pujio-aumento-la-superficie-de-proyecto-del-parque-deportivo\/#breadcrumb\"},\"inLanguage\":\"es\",\"potentialAction\":[{\"@type\":\"ReadAction\",\"target\":[\"http:\/\/elregionalvm.com.ar\/noticias-villa-maria\/la-cooperativa-de-tio-pujio-aumento-la-superficie-de-proyecto-del-parque-deportivo\/\"]}]},{\"@type\":\"ImageObject\",\"inLanguage\":\"es\",\"@id\":\"http:\/\/elregionalvm.com.ar\/noticias-villa-maria\/la-cooperativa-de-tio-pujio-aumento-la-superficie-de-proyecto-del-parque-deportivo\/#primaryimage\",\"url\":\"https:\/\/i0.wp.com\/elregionalvm.com.ar\/noticias-villa-maria\/wp-content\/uploads\/2023\/04\/WhatsApp-Image-2023-04-03-at-12.35.37.jpeg?fit=1600%2C1068&ssl=1\",\"contentUrl\":\"https:\/\/i0.wp.com\/elregionalvm.com.ar\/noticias-villa-maria\/wp-content\/uploads\/2023\/04\/WhatsApp-Image-2023-04-03-at-12.35.37.jpeg?fit=1600%2C1068&ssl=1\",\"width\":1600,\"height\":1068},{\"@type\":\"BreadcrumbList\",\"@id\":\"http:\/\/elregionalvm.com.ar\/noticias-villa-maria\/la-cooperativa-de-tio-pujio-aumento-la-superficie-de-proyecto-del-parque-deportivo\/#breadcrumb\",\"itemListElement\":[{\"@type\":\"ListItem\",\"position\":1,\"name\":\"Portada\",\"item\":\"https:\/\/elregionalvm.com.ar\/noticias-villa-maria\/\"},{\"@type\":\"ListItem\",\"position\":2,\"name\":\"La Cooperativa de T\u00edo Pujio aument\u00f3 la superficie de Proyecto del Parque Deportivo\"}]},{\"@type\":\"WebSite\",\"@id\":\"http:\/\/elregionalvm.com.ar\/noticias-villa-maria\/#website\",\"url\":\"http:\/\/elregionalvm.com.ar\/noticias-villa-maria\/\",\"name\":\"El Regional\",\"description\":\"Mucho m\u00e1s que informaci\u00f3n\",\"potentialAction\":[{\"@type\":\"SearchAction\",\"target\":{\"@type\":\"EntryPoint\",\"urlTemplate\":\"http:\/\/elregionalvm.com.ar\/noticias-villa-maria\/?s={search_term_string}\"},\"query-input\":{\"@type\":\"PropertyValueSpecification\",\"valueRequired\":true,\"valueName\":\"search_term_string\"}}],\"inLanguage\":\"es\"},{\"@type\":\"Person\",\"@id\":\"http:\/\/elregionalvm.com.ar\/noticias-villa-maria\/#\/schema\/person\/a0fb9c422317faca23d50163151bc354\",\"name\":\"Contenidos El Regional\",\"image\":{\"@type\":\"ImageObject\",\"inLanguage\":\"es\",\"@id\":\"http:\/\/elregionalvm.com.ar\/noticias-villa-maria\/#\/schema\/person\/image\/\",\"url\":\"https:\/\/secure.gravatar.com\/avatar\/265b27cb2209af7bb3a1318f03305787d7981a5cc6e6cd08fe5a4ecdf99d4b48?s=96&d=mm&r=g\",\"contentUrl\":\"https:\/\/secure.gravatar.com\/avatar\/265b27cb2209af7bb3a1318f03305787d7981a5cc6e6cd08fe5a4ecdf99d4b48?s=96&d=mm&r=g\",\"caption\":\"Contenidos El Regional\"},\"url\":\"https:\/\/elregionalvm.com.ar\/noticias-villa-maria\/author\/contenido\/\"}]}<\/script>\n<!-- \/ Yoast SEO plugin. -->","yoast_head_json":{"title":"La Cooperativa de T\u00edo Pujio aument\u00f3 la superficie de Proyecto del Parque Deportivo - El Regional","robots":{"index":"index","follow":"follow","max-snippet":"max-snippet:-1","max-image-preview":"max-image-preview:large","max-video-preview":"max-video-preview:-1"},"canonical":"http:\/\/elregionalvm.com.ar\/noticias-villa-maria\/la-cooperativa-de-tio-pujio-aumento-la-superficie-de-proyecto-del-parque-deportivo\/","og_locale":"es_ES","og_type":"article","og_title":"La Cooperativa de T\u00edo Pujio aument\u00f3 la superficie de Proyecto del Parque Deportivo - El Regional","og_description":"Con la compra de un terreno lindante, la Cooperativa de Servicios P\u00fablicos, Vivienda y Cr\u00e9dito T\u00edo Pujio Ltda. aument\u00f3 la superficie del proyecto del Parque Deportivo a 9.572,81 m2. Esta organizaci\u00f3n procedi\u00f3 en la ma\u00f1ana de este lunes a la firma de la correspondiente escritura en la Escriban\u00eda Nigro de esta localidad de un terreno [&hellip;]","og_url":"http:\/\/elregionalvm.com.ar\/noticias-villa-maria\/la-cooperativa-de-tio-pujio-aumento-la-superficie-de-proyecto-del-parque-deportivo\/","og_site_name":"El Regional","article_publisher":"https:\/\/www.facebook.com\/elregionalvm","article_published_time":"2023-04-03T21:37:11+00:00","article_modified_time":"2023-04-03T21:37:13+00:00","og_image":[{"width":1600,"height":1068,"url":"http:\/\/elregionalvm.com.ar\/noticias-villa-maria\/wp-content\/uploads\/2023\/04\/WhatsApp-Image-2023-04-03-at-12.35.37.jpeg","type":"image\/jpeg"}],"author":"Contenidos El Regional","twitter_card":"summary_large_image","twitter_creator":"@elregionalvm1","twitter_site":"@elregionalvm1","twitter_misc":{"Escrito por":"Contenidos El Regional","Tiempo de lectura":"3 minutos"},"schema":{"@context":"https:\/\/schema.org","@graph":[{"@type":"Article","@id":"http:\/\/elregionalvm.com.ar\/noticias-villa-maria\/la-cooperativa-de-tio-pujio-aumento-la-superficie-de-proyecto-del-parque-deportivo\/#article","isPartOf":{"@id":"http:\/\/elregionalvm.com.ar\/noticias-villa-maria\/la-cooperativa-de-tio-pujio-aumento-la-superficie-de-proyecto-del-parque-deportivo\/"},"author":{"name":"Contenidos El Regional","@id":"http:\/\/elregionalvm.com.ar\/noticias-villa-maria\/#\/schema\/person\/a0fb9c422317faca23d50163151bc354"},"headline":"La Cooperativa de T\u00edo Pujio aument\u00f3 la superficie de Proyecto del Parque Deportivo","datePublished":"2023-04-03T21:37:11+00:00","dateModified":"2023-04-03T21:37:13+00:00","mainEntityOfPage":{"@id":"http:\/\/elregionalvm.com.ar\/noticias-villa-maria\/la-cooperativa-de-tio-pujio-aumento-la-superficie-de-proyecto-del-parque-deportivo\/"},"wordCount":358,"commentCount":0,"image":{"@id":"http:\/\/elregionalvm.com.ar\/noticias-villa-maria\/la-cooperativa-de-tio-pujio-aumento-la-superficie-de-proyecto-del-parque-deportivo\/#primaryimage"},"thumbnailUrl":"https:\/\/i0.wp.com\/elregionalvm.com.ar\/noticias-villa-maria\/wp-content\/uploads\/2023\/04\/WhatsApp-Image-2023-04-03-at-12.35.37.jpeg?fit=1600%2C1068&ssl=1","articleSection":["destacado","Regi\u00f3n","Sociedad"],"inLanguage":"es","potentialAction":[{"@type":"CommentAction","name":"Comment","target":["http:\/\/elregionalvm.com.ar\/noticias-villa-maria\/la-cooperativa-de-tio-pujio-aumento-la-superficie-de-proyecto-del-parque-deportivo\/#respond"]}]},{"@type":"WebPage","@id":"http:\/\/elregionalvm.com.ar\/noticias-villa-maria\/la-cooperativa-de-tio-pujio-aumento-la-superficie-de-proyecto-del-parque-deportivo\/","url":"http:\/\/elregionalvm.com.ar\/noticias-villa-maria\/la-cooperativa-de-tio-pujio-aumento-la-superficie-de-proyecto-del-parque-deportivo\/","name":"La Cooperativa de T\u00edo Pujio aument\u00f3 la superficie de Proyecto del Parque Deportivo - El Regional","isPartOf":{"@id":"http:\/\/elregionalvm.com.ar\/noticias-villa-maria\/#website"},"primaryImageOfPage":{"@id":"http:\/\/elregionalvm.com.ar\/noticias-villa-maria\/la-cooperativa-de-tio-pujio-aumento-la-superficie-de-proyecto-del-parque-deportivo\/#primaryimage"},"image":{"@id":"http:\/\/elregionalvm.com.ar\/noticias-villa-maria\/la-cooperativa-de-tio-pujio-aumento-la-superficie-de-proyecto-del-parque-deportivo\/#primaryimage"},"thumbnailUrl":"https:\/\/i0.wp.com\/elregionalvm.com.ar\/noticias-villa-maria\/wp-content\/uploads\/2023\/04\/WhatsApp-Image-2023-04-03-at-12.35.37.jpeg?fit=1600%2C1068&ssl=1","datePublished":"2023-04-03T21:37:11+00:00","dateModified":"2023-04-03T21:37:13+00:00","author":{"@id":"http:\/\/elregionalvm.com.ar\/noticias-villa-maria\/#\/schema\/person\/a0fb9c422317faca23d50163151bc354"},"breadcrumb":{"@id":"http:\/\/elregionalvm.com.ar\/noticias-villa-maria\/la-cooperativa-de-tio-pujio-aumento-la-superficie-de-proyecto-del-parque-deportivo\/#breadcrumb"},"inLanguage":"es","potentialAction":[{"@type":"ReadAction","target":["http:\/\/elregionalvm.com.ar\/noticias-villa-maria\/la-cooperativa-de-tio-pujio-aumento-la-superficie-de-proyecto-del-parque-deportivo\/"]}]},{"@type":"ImageObject","inLanguage":"es","@id":"http:\/\/elregionalvm.com.ar\/noticias-villa-maria\/la-cooperativa-de-tio-pujio-aumento-la-superficie-de-proyecto-del-parque-deportivo\/#primaryimage","url":"https:\/\/i0.wp.com\/elregionalvm.com.ar\/noticias-villa-maria\/wp-content\/uploads\/2023\/04\/WhatsApp-Image-2023-04-03-at-12.35.37.jpeg?fit=1600%2C1068&ssl=1","contentUrl":"https:\/\/i0.wp.com\/elregionalvm.com.ar\/noticias-villa-maria\/wp-content\/uploads\/2023\/04\/WhatsApp-Image-2023-04-03-at-12.35.37.jpeg?fit=1600%2C1068&ssl=1","width":1600,"height":1068},{"@type":"BreadcrumbList","@id":"http:\/\/elregionalvm.com.ar\/noticias-villa-maria\/la-cooperativa-de-tio-pujio-aumento-la-superficie-de-proyecto-del-parque-deportivo\/#breadcrumb","itemListElement":[{"@type":"ListItem","position":1,"name":"Portada","item":"https:\/\/elregionalvm.com.ar\/noticias-villa-maria\/"},{"@type":"ListItem","position":2,"name":"La Cooperativa de T\u00edo Pujio aument\u00f3 la superficie de Proyecto del Parque Deportivo"}]},{"@type":"WebSite","@id":"http:\/\/elregionalvm.com.ar\/noticias-villa-maria\/#website","url":"http:\/\/elregionalvm.com.ar\/noticias-villa-maria\/","name":"El Regional","description":"Mucho m\u00e1s que informaci\u00f3n","potentialAction":[{"@type":"SearchAction","target":{"@type":"EntryPoint","urlTemplate":"http:\/\/elregionalvm.com.ar\/noticias-villa-maria\/?s={search_term_string}"},"query-input":{"@type":"PropertyValueSpecification","valueRequired":true,"valueName":"search_term_string"}}],"inLanguage":"es"},{"@type":"Person","@id":"http:\/\/elregionalvm.com.ar\/noticias-villa-maria\/#\/schema\/person\/a0fb9c422317faca23d50163151bc354","name":"Contenidos El Regional","image":{"@type":"ImageObject","inLanguage":"es","@id":"http:\/\/elregionalvm.com.ar\/noticias-villa-maria\/#\/schema\/person\/image\/","url":"https:\/\/secure.gravatar.com\/avatar\/265b27cb2209af7bb3a1318f03305787d7981a5cc6e6cd08fe5a4ecdf99d4b48?s=96&d=mm&r=g","contentUrl":"https:\/\/secure.gravatar.com\/avatar\/265b27cb2209af7bb3a1318f03305787d7981a5cc6e6cd08fe5a4ecdf99d4b48?s=96&d=mm&r=g","caption":"Contenidos El Regional"},"url":"https:\/\/elregionalvm.com.ar\/noticias-villa-maria\/author\/contenido\/"}]}},"jetpack_featured_media_url":"https:\/\/i0.wp.com\/elregionalvm.com.ar\/noticias-villa-maria\/wp-content\/uploads\/2023\/04\/WhatsApp-Image-2023-04-03-at-12.35.37.jpeg?fit=1600%2C1068&ssl=1","jetpack_sharing_enabled":true,"_links":{"self":[{"href":"https:\/\/elregionalvm.com.ar\/noticias-villa-maria\/wp-json\/wp\/v2\/posts\/74155","targetHints":{"allow":["GET"]}}],"collection":[{"href":"https:\/\/elregionalvm.com.ar\/noticias-villa-maria\/wp-json\/wp\/v2\/posts"}],"about":[{"href":"https:\/\/elregionalvm.com.ar\/noticias-villa-maria\/wp-json\/wp\/v2\/types\/post"}],"author":[{"embeddable":true,"href":"https:\/\/elregionalvm.com.ar\/noticias-villa-maria\/wp-json\/wp\/v2\/users\/4"}],"replies":[{"embeddable":true,"href":"https:\/\/elregionalvm.com.ar\/noticias-villa-maria\/wp-json\/wp\/v2\/comments?post=74155"}],"version-history":[{"count":1,"href":"https:\/\/elregionalvm.com.ar\/noticias-villa-maria\/wp-json\/wp\/v2\/posts\/74155\/revisions"}],"predecessor-version":[{"id":74161,"href":"https:\/\/elregionalvm.com.ar\/noticias-villa-maria\/wp-json\/wp\/v2\/posts\/74155\/revisions\/74161"}],"wp:featuredmedia":[{"embeddable":true,"href":"https:\/\/elregionalvm.com.ar\/noticias-villa-maria\/wp-json\/wp\/v2\/media\/74160"}],"wp:attachment":[{"href":"https:\/\/elregionalvm.com.ar\/noticias-villa-maria\/wp-json\/wp\/v2\/media?parent=74155"}],"wp:term":[{"taxonomy":"category","embeddable":true,"href":"https:\/\/elregionalvm.com.ar\/noticias-villa-maria\/wp-json\/wp\/v2\/categories?post=74155"},{"taxonomy":"post_tag","embeddable":true,"href":"https:\/\/elregionalvm.com.ar\/noticias-villa-maria\/wp-json\/wp\/v2\/tags?post=74155"}],"curies":[{"name":"wp","href":"https:\/\/api.w.org\/{rel}","templated":true}]}}