{"id":74165,"date":"2023-04-03T21:50:05","date_gmt":"2023-04-03T21:50:05","guid":{"rendered":"https:\/\/elregionalvm.com.ar\/noticias-villa-maria\/?p=74165"},"modified":"2023-04-03T21:50:07","modified_gmt":"2023-04-03T21:50:07","slug":"emotivo-homenaje-a-enfermeras-villamarienses-presentes-en-malvinas","status":"publish","type":"post","link":"https:\/\/elregionalvm.com.ar\/noticias-villa-maria\/emotivo-homenaje-a-enfermeras-villamarienses-presentes-en-malvinas\/","title":{"rendered":"Emotivo homenaje a enfermeras villamarienses presentes en Malvinas"},"content":{"rendered":"\n<p>La subcomisi\u00f3n de g\u00e9nero de la Asociaci\u00f3n de Enfermer\u00eda de C\u00f3rdoba junto a la comunidad del Hospital Pasteur realizaron hoy de manera conjunta un homenaje a las enfermeras de Villa Mar\u00eda que estuvieron presentes en la Guerra de Malvinas.<\/p>\n\n\n\n<p>En la oportunidad se distingui\u00f3 a las profesionales Stella Maris Morales, Stella Maris Botta y M\u00f3nica Sosa, quienes, junto a Alicia Reynoso (ausente por razones particulares), formaron parte de la Fuerza A\u00e9rea de C\u00f3rdoba, desarrollando su labor en el Hospital Reubicable de Comodoro Rivadavia.<\/p>\n\n\n\n<p>El emotivo acto tuvo lugar en el auditorio del nosocomio. Su director, Sergio Arroyo encabez\u00f3 el homenaje como anfitri\u00f3n de un evento \u201cque nos llena de orgullo y alegr\u00eda poder realizar. <\/p>\n\n\n\n<p>Que nos hayan elegido para este reconocimiento, tan merecido como importante, es gratificante y motivador. <\/p>\n\n\n\n<p>La labor de ustedes debe ser una motivaci\u00f3n y un ejemplo para todas estas enfermeras y estudiantes que comparten la vocaci\u00f3n y el deseo de ayudar al pr\u00f3jimo\u201d.<\/p>\n\n\n\n<p>Momento seguido, al convocarlas al escenario para recibir los diferentes recordatorios y presentes preparados para la ocasi\u00f3n, el auditorio rompi\u00f3 en un en\u00e9rgico aplauso generando una ovaci\u00f3n inolvidable por parte del p\u00fablico presente para las tres enfermeras reconocidas.<\/p>\n\n\n\n<p>Luego, las homenajeadas recibir\u00edan palabras de agradecimiento de Julio Tabares y Carlos Goya, Veteranos de guerra de Malvinas. \u201cNosotros, los que estamos ac\u00e1, somos unos privilegiados de poder compartir nuestra historia en este recinto. <\/p>\n\n\n\n<p>Los verdaderos h\u00e9roes quedaron en Malvinas. Pero hoy nos toca reconocer la labor de estas mujeres que acompa\u00f1aron parte del dolor de una guerra injusta\u201d, destac\u00f3 Tabares.<\/p>\n\n\n\n<p>Finalmente Stella Maris Morales tuvo a su cargo el agradecimiento \u201cpor el reconocimiento recibido de una sociedad que desconoc\u00eda la labor de estas enfermeras villamarienses. <\/p>\n\n\n\n<p>Tarda en llegar, pero al final hay recompensa, como dice la canci\u00f3n. Recibir tanto cari\u00f1o en este hospital donde nosotros hicimos las pr\u00e1cticas nos recuerda nuestra formaci\u00f3n y nos llena de satisfacci\u00f3n\u201d.<\/p>\n\n\n\n<figure class=\"wp-block-image size-large\"><img data-recalc-dims=\"1\" fetchpriority=\"high\" decoding=\"async\" width=\"1024\" height=\"768\" src=\"https:\/\/i0.wp.com\/elregionalvm.com.ar\/noticias-villa-maria\/wp-content\/uploads\/2023\/04\/WhatsApp-Image-2023-04-03-at-15.17.01.jpeg?resize=1024%2C768&#038;ssl=1\" alt=\"\" class=\"wp-image-74170\" srcset=\"https:\/\/i0.wp.com\/elregionalvm.com.ar\/noticias-villa-maria\/wp-content\/uploads\/2023\/04\/WhatsApp-Image-2023-04-03-at-15.17.01.jpeg?resize=1024%2C768&amp;ssl=1 1024w, https:\/\/i0.wp.com\/elregionalvm.com.ar\/noticias-villa-maria\/wp-content\/uploads\/2023\/04\/WhatsApp-Image-2023-04-03-at-15.17.01.jpeg?resize=300%2C225&amp;ssl=1 300w, https:\/\/i0.wp.com\/elregionalvm.com.ar\/noticias-villa-maria\/wp-content\/uploads\/2023\/04\/WhatsApp-Image-2023-04-03-at-15.17.01.jpeg?resize=768%2C576&amp;ssl=1 768w, https:\/\/i0.wp.com\/elregionalvm.com.ar\/noticias-villa-maria\/wp-content\/uploads\/2023\/04\/WhatsApp-Image-2023-04-03-at-15.17.01.jpeg?resize=1536%2C1152&amp;ssl=1 1536w, https:\/\/i0.wp.com\/elregionalvm.com.ar\/noticias-villa-maria\/wp-content\/uploads\/2023\/04\/WhatsApp-Image-2023-04-03-at-15.17.01.jpeg?w=1600&amp;ssl=1 1600w\" sizes=\"(max-width: 1000px) 100vw, 1000px\" \/><\/figure>\n\n\n\n<figure class=\"wp-block-image size-large\"><img data-recalc-dims=\"1\" decoding=\"async\" width=\"1024\" height=\"768\" src=\"https:\/\/i0.wp.com\/elregionalvm.com.ar\/noticias-villa-maria\/wp-content\/uploads\/2023\/04\/WhatsApp-Image-2023-04-03-at-15.17.01-2.jpeg?resize=1024%2C768&#038;ssl=1\" alt=\"\" class=\"wp-image-74168\" srcset=\"https:\/\/i0.wp.com\/elregionalvm.com.ar\/noticias-villa-maria\/wp-content\/uploads\/2023\/04\/WhatsApp-Image-2023-04-03-at-15.17.01-2.jpeg?resize=1024%2C768&amp;ssl=1 1024w, https:\/\/i0.wp.com\/elregionalvm.com.ar\/noticias-villa-maria\/wp-content\/uploads\/2023\/04\/WhatsApp-Image-2023-04-03-at-15.17.01-2.jpeg?resize=300%2C225&amp;ssl=1 300w, https:\/\/i0.wp.com\/elregionalvm.com.ar\/noticias-villa-maria\/wp-content\/uploads\/2023\/04\/WhatsApp-Image-2023-04-03-at-15.17.01-2.jpeg?resize=768%2C576&amp;ssl=1 768w, https:\/\/i0.wp.com\/elregionalvm.com.ar\/noticias-villa-maria\/wp-content\/uploads\/2023\/04\/WhatsApp-Image-2023-04-03-at-15.17.01-2.jpeg?resize=1536%2C1152&amp;ssl=1 1536w, https:\/\/i0.wp.com\/elregionalvm.com.ar\/noticias-villa-maria\/wp-content\/uploads\/2023\/04\/WhatsApp-Image-2023-04-03-at-15.17.01-2.jpeg?w=1600&amp;ssl=1 1600w\" sizes=\"(max-width: 1000px) 100vw, 1000px\" \/><\/figure>\n\n\n\n<figure class=\"wp-block-image size-large\"><img data-recalc-dims=\"1\" decoding=\"async\" width=\"1024\" height=\"768\" src=\"https:\/\/i0.wp.com\/elregionalvm.com.ar\/noticias-villa-maria\/wp-content\/uploads\/2023\/04\/WhatsApp-Image-2023-04-03-at-15.17.02.jpeg?resize=1024%2C768&#038;ssl=1\" alt=\"\" class=\"wp-image-74167\" srcset=\"https:\/\/i0.wp.com\/elregionalvm.com.ar\/noticias-villa-maria\/wp-content\/uploads\/2023\/04\/WhatsApp-Image-2023-04-03-at-15.17.02.jpeg?resize=1024%2C768&amp;ssl=1 1024w, https:\/\/i0.wp.com\/elregionalvm.com.ar\/noticias-villa-maria\/wp-content\/uploads\/2023\/04\/WhatsApp-Image-2023-04-03-at-15.17.02.jpeg?resize=300%2C225&amp;ssl=1 300w, https:\/\/i0.wp.com\/elregionalvm.com.ar\/noticias-villa-maria\/wp-content\/uploads\/2023\/04\/WhatsApp-Image-2023-04-03-at-15.17.02.jpeg?resize=768%2C576&amp;ssl=1 768w, https:\/\/i0.wp.com\/elregionalvm.com.ar\/noticias-villa-maria\/wp-content\/uploads\/2023\/04\/WhatsApp-Image-2023-04-03-at-15.17.02.jpeg?resize=1536%2C1152&amp;ssl=1 1536w, https:\/\/i0.wp.com\/elregionalvm.com.ar\/noticias-villa-maria\/wp-content\/uploads\/2023\/04\/WhatsApp-Image-2023-04-03-at-15.17.02.jpeg?w=1600&amp;ssl=1 1600w\" sizes=\"(max-width: 1000px) 100vw, 1000px\" \/><\/figure>\n\n\n\n<figure class=\"wp-block-image size-large\"><img data-recalc-dims=\"1\" loading=\"lazy\" decoding=\"async\" width=\"1024\" height=\"883\" src=\"https:\/\/i0.wp.com\/elregionalvm.com.ar\/noticias-villa-maria\/wp-content\/uploads\/2023\/04\/WhatsApp-Image-2023-04-03-at-15.17.02-1.jpeg?resize=1024%2C883&#038;ssl=1\" alt=\"\" class=\"wp-image-74166\" srcset=\"https:\/\/i0.wp.com\/elregionalvm.com.ar\/noticias-villa-maria\/wp-content\/uploads\/2023\/04\/WhatsApp-Image-2023-04-03-at-15.17.02-1.jpeg?resize=1024%2C883&amp;ssl=1 1024w, https:\/\/i0.wp.com\/elregionalvm.com.ar\/noticias-villa-maria\/wp-content\/uploads\/2023\/04\/WhatsApp-Image-2023-04-03-at-15.17.02-1.jpeg?resize=300%2C259&amp;ssl=1 300w, https:\/\/i0.wp.com\/elregionalvm.com.ar\/noticias-villa-maria\/wp-content\/uploads\/2023\/04\/WhatsApp-Image-2023-04-03-at-15.17.02-1.jpeg?resize=768%2C662&amp;ssl=1 768w, https:\/\/i0.wp.com\/elregionalvm.com.ar\/noticias-villa-maria\/wp-content\/uploads\/2023\/04\/WhatsApp-Image-2023-04-03-at-15.17.02-1.jpeg?w=1280&amp;ssl=1 1280w\" sizes=\"(max-width: 1000px) 100vw, 1000px\" \/><\/figure>\n","protected":false},"excerpt":{"rendered":"<p>La subcomisi\u00f3n de g\u00e9nero de la Asociaci\u00f3n de Enfermer\u00eda de C\u00f3rdoba junto a la comunidad del Hospital Pasteur realizaron hoy de manera conjunta un homenaje a las enfermeras de Villa Mar\u00eda que estuvieron presentes en la Guerra de Malvinas. En la oportunidad se distingui\u00f3 a las profesionales Stella Maris Morales, Stella Maris Botta y M\u00f3nica [&hellip;]<\/p>\n","protected":false},"author":4,"featured_media":74169,"comment_status":"open","ping_status":"open","sticky":false,"template":"","format":"standard","meta":{"site-sidebar-layout":"default","site-content-layout":"","ast-site-content-layout":"default","site-content-style":"default","site-sidebar-style":"default","ast-global-header-display":"","ast-banner-title-visibility":"","ast-main-header-display":"","ast-hfb-above-header-display":"","ast-hfb-below-header-display":"","ast-hfb-mobile-header-display":"","site-post-title":"","ast-breadcrumbs-content":"","ast-featured-img":"","footer-sml-layout":"","ast-disable-related-posts":"","theme-transparent-header-meta":"","adv-header-id-meta":"","stick-header-meta":"","header-above-stick-meta":"","header-main-stick-meta":"","header-below-stick-meta":"","astra-migrate-meta-layouts":"default","ast-page-background-enabled":"default","ast-page-background-meta":{"desktop":{"background-color":"","background-image":"","background-repeat":"repeat","background-position":"center center","background-size":"auto","background-attachment":"scroll","background-type":"","background-media":"","overlay-type":"","overlay-color":"","overlay-opacity":"","overlay-gradient":""},"tablet":{"background-color":"","background-image":"","background-repeat":"repeat","background-position":"center center","background-size":"auto","background-attachment":"scroll","background-type":"","background-media":"","overlay-type":"","overlay-color":"","overlay-opacity":"","overlay-gradient":""},"mobile":{"background-color":"","background-image":"","background-repeat":"repeat","background-position":"center center","background-size":"auto","background-attachment":"scroll","background-type":"","background-media":"","overlay-type":"","overlay-color":"","overlay-opacity":"","overlay-gradient":""}},"ast-content-background-meta":{"desktop":{"background-color":"var(--ast-global-color-5)","background-image":"","background-repeat":"repeat","background-position":"center center","background-size":"auto","background-attachment":"scroll","background-type":"","background-media":"","overlay-type":"","overlay-color":"","overlay-opacity":"","overlay-gradient":""},"tablet":{"background-color":"var(--ast-global-color-5)","background-image":"","background-repeat":"repeat","background-position":"center center","background-size":"auto","background-attachment":"scroll","background-type":"","background-media":"","overlay-type":"","overlay-color":"","overlay-opacity":"","overlay-gradient":""},"mobile":{"background-color":"var(--ast-global-color-5)","background-image":"","background-repeat":"repeat","background-position":"center center","background-size":"auto","background-attachment":"scroll","background-type":"","background-media":"","overlay-type":"","overlay-color":"","overlay-opacity":"","overlay-gradient":""}},"_jetpack_memberships_contains_paid_content":false,"_joinchat":[],"footnotes":""},"categories":[15302,5,2],"tags":[],"class_list":["post-74165","post","type-post","status-publish","format-standard","has-post-thumbnail","hentry","category-destacado","category-sociedad","category-villa-maria"],"yoast_head":"<!-- This site is optimized with the Yoast SEO plugin v26.8 - https:\/\/yoast.com\/product\/yoast-seo-wordpress\/ -->\n<title>Emotivo homenaje a enfermeras villamarienses presentes en Malvinas - El Regional<\/title>\n<meta name=\"robots\" content=\"index, follow, max-snippet:-1, max-image-preview:large, max-video-preview:-1\" \/>\n<link rel=\"canonical\" href=\"http:\/\/elregionalvm.com.ar\/noticias-villa-maria\/emotivo-homenaje-a-enfermeras-villamarienses-presentes-en-malvinas\/\" \/>\n<meta property=\"og:locale\" content=\"es_ES\" \/>\n<meta property=\"og:type\" content=\"article\" \/>\n<meta property=\"og:title\" content=\"Emotivo homenaje a enfermeras villamarienses presentes en Malvinas - El Regional\" \/>\n<meta property=\"og:description\" content=\"La subcomisi\u00f3n de g\u00e9nero de la Asociaci\u00f3n de Enfermer\u00eda de C\u00f3rdoba junto a la comunidad del Hospital Pasteur realizaron hoy de manera conjunta un homenaje a las enfermeras de Villa Mar\u00eda que estuvieron presentes en la Guerra de Malvinas. En la oportunidad se distingui\u00f3 a las profesionales Stella Maris Morales, Stella Maris Botta y M\u00f3nica [&hellip;]\" \/>\n<meta property=\"og:url\" content=\"http:\/\/elregionalvm.com.ar\/noticias-villa-maria\/emotivo-homenaje-a-enfermeras-villamarienses-presentes-en-malvinas\/\" \/>\n<meta property=\"og:site_name\" content=\"El Regional\" \/>\n<meta property=\"article:publisher\" content=\"https:\/\/www.facebook.com\/elregionalvm\" \/>\n<meta property=\"article:published_time\" content=\"2023-04-03T21:50:05+00:00\" \/>\n<meta property=\"article:modified_time\" content=\"2023-04-03T21:50:07+00:00\" \/>\n<meta property=\"og:image\" content=\"http:\/\/elregionalvm.com.ar\/noticias-villa-maria\/wp-content\/uploads\/2023\/04\/WhatsApp-Image-2023-04-03-at-15.17.01-1.jpeg\" \/>\n\t<meta property=\"og:image:width\" content=\"1600\" \/>\n\t<meta property=\"og:image:height\" content=\"1200\" \/>\n\t<meta property=\"og:image:type\" content=\"image\/jpeg\" \/>\n<meta name=\"author\" content=\"Contenidos El Regional\" \/>\n<meta name=\"twitter:card\" content=\"summary_large_image\" \/>\n<meta name=\"twitter:creator\" content=\"@elregionalvm1\" \/>\n<meta name=\"twitter:site\" content=\"@elregionalvm1\" \/>\n<meta name=\"twitter:label1\" content=\"Escrito por\" \/>\n\t<meta name=\"twitter:data1\" content=\"Contenidos El Regional\" \/>\n\t<meta name=\"twitter:label2\" content=\"Tiempo de lectura\" \/>\n\t<meta name=\"twitter:data2\" content=\"3 minutos\" \/>\n<script type=\"application\/ld+json\" class=\"yoast-schema-graph\">{\"@context\":\"https:\/\/schema.org\",\"@graph\":[{\"@type\":\"Article\",\"@id\":\"http:\/\/elregionalvm.com.ar\/noticias-villa-maria\/emotivo-homenaje-a-enfermeras-villamarienses-presentes-en-malvinas\/#article\",\"isPartOf\":{\"@id\":\"http:\/\/elregionalvm.com.ar\/noticias-villa-maria\/emotivo-homenaje-a-enfermeras-villamarienses-presentes-en-malvinas\/\"},\"author\":{\"name\":\"Contenidos El Regional\",\"@id\":\"http:\/\/elregionalvm.com.ar\/noticias-villa-maria\/#\/schema\/person\/a0fb9c422317faca23d50163151bc354\"},\"headline\":\"Emotivo homenaje a enfermeras villamarienses presentes en Malvinas\",\"datePublished\":\"2023-04-03T21:50:05+00:00\",\"dateModified\":\"2023-04-03T21:50:07+00:00\",\"mainEntityOfPage\":{\"@id\":\"http:\/\/elregionalvm.com.ar\/noticias-villa-maria\/emotivo-homenaje-a-enfermeras-villamarienses-presentes-en-malvinas\/\"},\"wordCount\":348,\"commentCount\":0,\"image\":{\"@id\":\"http:\/\/elregionalvm.com.ar\/noticias-villa-maria\/emotivo-homenaje-a-enfermeras-villamarienses-presentes-en-malvinas\/#primaryimage\"},\"thumbnailUrl\":\"https:\/\/i0.wp.com\/elregionalvm.com.ar\/noticias-villa-maria\/wp-content\/uploads\/2023\/04\/WhatsApp-Image-2023-04-03-at-15.17.01-1.jpeg?fit=1600%2C1200&ssl=1\",\"articleSection\":[\"destacado\",\"Sociedad\",\"Villa Mar\u00eda\"],\"inLanguage\":\"es\",\"potentialAction\":[{\"@type\":\"CommentAction\",\"name\":\"Comment\",\"target\":[\"http:\/\/elregionalvm.com.ar\/noticias-villa-maria\/emotivo-homenaje-a-enfermeras-villamarienses-presentes-en-malvinas\/#respond\"]}]},{\"@type\":\"WebPage\",\"@id\":\"http:\/\/elregionalvm.com.ar\/noticias-villa-maria\/emotivo-homenaje-a-enfermeras-villamarienses-presentes-en-malvinas\/\",\"url\":\"http:\/\/elregionalvm.com.ar\/noticias-villa-maria\/emotivo-homenaje-a-enfermeras-villamarienses-presentes-en-malvinas\/\",\"name\":\"Emotivo homenaje a enfermeras villamarienses presentes en Malvinas - El Regional\",\"isPartOf\":{\"@id\":\"http:\/\/elregionalvm.com.ar\/noticias-villa-maria\/#website\"},\"primaryImageOfPage\":{\"@id\":\"http:\/\/elregionalvm.com.ar\/noticias-villa-maria\/emotivo-homenaje-a-enfermeras-villamarienses-presentes-en-malvinas\/#primaryimage\"},\"image\":{\"@id\":\"http:\/\/elregionalvm.com.ar\/noticias-villa-maria\/emotivo-homenaje-a-enfermeras-villamarienses-presentes-en-malvinas\/#primaryimage\"},\"thumbnailUrl\":\"https:\/\/i0.wp.com\/elregionalvm.com.ar\/noticias-villa-maria\/wp-content\/uploads\/2023\/04\/WhatsApp-Image-2023-04-03-at-15.17.01-1.jpeg?fit=1600%2C1200&ssl=1\",\"datePublished\":\"2023-04-03T21:50:05+00:00\",\"dateModified\":\"2023-04-03T21:50:07+00:00\",\"author\":{\"@id\":\"http:\/\/elregionalvm.com.ar\/noticias-villa-maria\/#\/schema\/person\/a0fb9c422317faca23d50163151bc354\"},\"breadcrumb\":{\"@id\":\"http:\/\/elregionalvm.com.ar\/noticias-villa-maria\/emotivo-homenaje-a-enfermeras-villamarienses-presentes-en-malvinas\/#breadcrumb\"},\"inLanguage\":\"es\",\"potentialAction\":[{\"@type\":\"ReadAction\",\"target\":[\"http:\/\/elregionalvm.com.ar\/noticias-villa-maria\/emotivo-homenaje-a-enfermeras-villamarienses-presentes-en-malvinas\/\"]}]},{\"@type\":\"ImageObject\",\"inLanguage\":\"es\",\"@id\":\"http:\/\/elregionalvm.com.ar\/noticias-villa-maria\/emotivo-homenaje-a-enfermeras-villamarienses-presentes-en-malvinas\/#primaryimage\",\"url\":\"https:\/\/i0.wp.com\/elregionalvm.com.ar\/noticias-villa-maria\/wp-content\/uploads\/2023\/04\/WhatsApp-Image-2023-04-03-at-15.17.01-1.jpeg?fit=1600%2C1200&ssl=1\",\"contentUrl\":\"https:\/\/i0.wp.com\/elregionalvm.com.ar\/noticias-villa-maria\/wp-content\/uploads\/2023\/04\/WhatsApp-Image-2023-04-03-at-15.17.01-1.jpeg?fit=1600%2C1200&ssl=1\",\"width\":1600,\"height\":1200},{\"@type\":\"BreadcrumbList\",\"@id\":\"http:\/\/elregionalvm.com.ar\/noticias-villa-maria\/emotivo-homenaje-a-enfermeras-villamarienses-presentes-en-malvinas\/#breadcrumb\",\"itemListElement\":[{\"@type\":\"ListItem\",\"position\":1,\"name\":\"Portada\",\"item\":\"https:\/\/elregionalvm.com.ar\/noticias-villa-maria\/\"},{\"@type\":\"ListItem\",\"position\":2,\"name\":\"Emotivo homenaje a enfermeras villamarienses presentes en Malvinas\"}]},{\"@type\":\"WebSite\",\"@id\":\"http:\/\/elregionalvm.com.ar\/noticias-villa-maria\/#website\",\"url\":\"http:\/\/elregionalvm.com.ar\/noticias-villa-maria\/\",\"name\":\"El Regional\",\"description\":\"Mucho m\u00e1s que informaci\u00f3n\",\"potentialAction\":[{\"@type\":\"SearchAction\",\"target\":{\"@type\":\"EntryPoint\",\"urlTemplate\":\"http:\/\/elregionalvm.com.ar\/noticias-villa-maria\/?s={search_term_string}\"},\"query-input\":{\"@type\":\"PropertyValueSpecification\",\"valueRequired\":true,\"valueName\":\"search_term_string\"}}],\"inLanguage\":\"es\"},{\"@type\":\"Person\",\"@id\":\"http:\/\/elregionalvm.com.ar\/noticias-villa-maria\/#\/schema\/person\/a0fb9c422317faca23d50163151bc354\",\"name\":\"Contenidos El Regional\",\"image\":{\"@type\":\"ImageObject\",\"inLanguage\":\"es\",\"@id\":\"http:\/\/elregionalvm.com.ar\/noticias-villa-maria\/#\/schema\/person\/image\/\",\"url\":\"https:\/\/secure.gravatar.com\/avatar\/265b27cb2209af7bb3a1318f03305787d7981a5cc6e6cd08fe5a4ecdf99d4b48?s=96&d=mm&r=g\",\"contentUrl\":\"https:\/\/secure.gravatar.com\/avatar\/265b27cb2209af7bb3a1318f03305787d7981a5cc6e6cd08fe5a4ecdf99d4b48?s=96&d=mm&r=g\",\"caption\":\"Contenidos El Regional\"},\"url\":\"https:\/\/elregionalvm.com.ar\/noticias-villa-maria\/author\/contenido\/\"}]}<\/script>\n<!-- \/ Yoast SEO plugin. -->","yoast_head_json":{"title":"Emotivo homenaje a enfermeras villamarienses presentes en Malvinas - El Regional","robots":{"index":"index","follow":"follow","max-snippet":"max-snippet:-1","max-image-preview":"max-image-preview:large","max-video-preview":"max-video-preview:-1"},"canonical":"http:\/\/elregionalvm.com.ar\/noticias-villa-maria\/emotivo-homenaje-a-enfermeras-villamarienses-presentes-en-malvinas\/","og_locale":"es_ES","og_type":"article","og_title":"Emotivo homenaje a enfermeras villamarienses presentes en Malvinas - El Regional","og_description":"La subcomisi\u00f3n de g\u00e9nero de la Asociaci\u00f3n de Enfermer\u00eda de C\u00f3rdoba junto a la comunidad del Hospital Pasteur realizaron hoy de manera conjunta un homenaje a las enfermeras de Villa Mar\u00eda que estuvieron presentes en la Guerra de Malvinas. En la oportunidad se distingui\u00f3 a las profesionales Stella Maris Morales, Stella Maris Botta y M\u00f3nica [&hellip;]","og_url":"http:\/\/elregionalvm.com.ar\/noticias-villa-maria\/emotivo-homenaje-a-enfermeras-villamarienses-presentes-en-malvinas\/","og_site_name":"El Regional","article_publisher":"https:\/\/www.facebook.com\/elregionalvm","article_published_time":"2023-04-03T21:50:05+00:00","article_modified_time":"2023-04-03T21:50:07+00:00","og_image":[{"width":1600,"height":1200,"url":"http:\/\/elregionalvm.com.ar\/noticias-villa-maria\/wp-content\/uploads\/2023\/04\/WhatsApp-Image-2023-04-03-at-15.17.01-1.jpeg","type":"image\/jpeg"}],"author":"Contenidos El Regional","twitter_card":"summary_large_image","twitter_creator":"@elregionalvm1","twitter_site":"@elregionalvm1","twitter_misc":{"Escrito por":"Contenidos El Regional","Tiempo de lectura":"3 minutos"},"schema":{"@context":"https:\/\/schema.org","@graph":[{"@type":"Article","@id":"http:\/\/elregionalvm.com.ar\/noticias-villa-maria\/emotivo-homenaje-a-enfermeras-villamarienses-presentes-en-malvinas\/#article","isPartOf":{"@id":"http:\/\/elregionalvm.com.ar\/noticias-villa-maria\/emotivo-homenaje-a-enfermeras-villamarienses-presentes-en-malvinas\/"},"author":{"name":"Contenidos El Regional","@id":"http:\/\/elregionalvm.com.ar\/noticias-villa-maria\/#\/schema\/person\/a0fb9c422317faca23d50163151bc354"},"headline":"Emotivo homenaje a enfermeras villamarienses presentes en Malvinas","datePublished":"2023-04-03T21:50:05+00:00","dateModified":"2023-04-03T21:50:07+00:00","mainEntityOfPage":{"@id":"http:\/\/elregionalvm.com.ar\/noticias-villa-maria\/emotivo-homenaje-a-enfermeras-villamarienses-presentes-en-malvinas\/"},"wordCount":348,"commentCount":0,"image":{"@id":"http:\/\/elregionalvm.com.ar\/noticias-villa-maria\/emotivo-homenaje-a-enfermeras-villamarienses-presentes-en-malvinas\/#primaryimage"},"thumbnailUrl":"https:\/\/i0.wp.com\/elregionalvm.com.ar\/noticias-villa-maria\/wp-content\/uploads\/2023\/04\/WhatsApp-Image-2023-04-03-at-15.17.01-1.jpeg?fit=1600%2C1200&ssl=1","articleSection":["destacado","Sociedad","Villa Mar\u00eda"],"inLanguage":"es","potentialAction":[{"@type":"CommentAction","name":"Comment","target":["http:\/\/elregionalvm.com.ar\/noticias-villa-maria\/emotivo-homenaje-a-enfermeras-villamarienses-presentes-en-malvinas\/#respond"]}]},{"@type":"WebPage","@id":"http:\/\/elregionalvm.com.ar\/noticias-villa-maria\/emotivo-homenaje-a-enfermeras-villamarienses-presentes-en-malvinas\/","url":"http:\/\/elregionalvm.com.ar\/noticias-villa-maria\/emotivo-homenaje-a-enfermeras-villamarienses-presentes-en-malvinas\/","name":"Emotivo homenaje a enfermeras villamarienses presentes en Malvinas - El Regional","isPartOf":{"@id":"http:\/\/elregionalvm.com.ar\/noticias-villa-maria\/#website"},"primaryImageOfPage":{"@id":"http:\/\/elregionalvm.com.ar\/noticias-villa-maria\/emotivo-homenaje-a-enfermeras-villamarienses-presentes-en-malvinas\/#primaryimage"},"image":{"@id":"http:\/\/elregionalvm.com.ar\/noticias-villa-maria\/emotivo-homenaje-a-enfermeras-villamarienses-presentes-en-malvinas\/#primaryimage"},"thumbnailUrl":"https:\/\/i0.wp.com\/elregionalvm.com.ar\/noticias-villa-maria\/wp-content\/uploads\/2023\/04\/WhatsApp-Image-2023-04-03-at-15.17.01-1.jpeg?fit=1600%2C1200&ssl=1","datePublished":"2023-04-03T21:50:05+00:00","dateModified":"2023-04-03T21:50:07+00:00","author":{"@id":"http:\/\/elregionalvm.com.ar\/noticias-villa-maria\/#\/schema\/person\/a0fb9c422317faca23d50163151bc354"},"breadcrumb":{"@id":"http:\/\/elregionalvm.com.ar\/noticias-villa-maria\/emotivo-homenaje-a-enfermeras-villamarienses-presentes-en-malvinas\/#breadcrumb"},"inLanguage":"es","potentialAction":[{"@type":"ReadAction","target":["http:\/\/elregionalvm.com.ar\/noticias-villa-maria\/emotivo-homenaje-a-enfermeras-villamarienses-presentes-en-malvinas\/"]}]},{"@type":"ImageObject","inLanguage":"es","@id":"http:\/\/elregionalvm.com.ar\/noticias-villa-maria\/emotivo-homenaje-a-enfermeras-villamarienses-presentes-en-malvinas\/#primaryimage","url":"https:\/\/i0.wp.com\/elregionalvm.com.ar\/noticias-villa-maria\/wp-content\/uploads\/2023\/04\/WhatsApp-Image-2023-04-03-at-15.17.01-1.jpeg?fit=1600%2C1200&ssl=1","contentUrl":"https:\/\/i0.wp.com\/elregionalvm.com.ar\/noticias-villa-maria\/wp-content\/uploads\/2023\/04\/WhatsApp-Image-2023-04-03-at-15.17.01-1.jpeg?fit=1600%2C1200&ssl=1","width":1600,"height":1200},{"@type":"BreadcrumbList","@id":"http:\/\/elregionalvm.com.ar\/noticias-villa-maria\/emotivo-homenaje-a-enfermeras-villamarienses-presentes-en-malvinas\/#breadcrumb","itemListElement":[{"@type":"ListItem","position":1,"name":"Portada","item":"https:\/\/elregionalvm.com.ar\/noticias-villa-maria\/"},{"@type":"ListItem","position":2,"name":"Emotivo homenaje a enfermeras villamarienses presentes en Malvinas"}]},{"@type":"WebSite","@id":"http:\/\/elregionalvm.com.ar\/noticias-villa-maria\/#website","url":"http:\/\/elregionalvm.com.ar\/noticias-villa-maria\/","name":"El Regional","description":"Mucho m\u00e1s que informaci\u00f3n","potentialAction":[{"@type":"SearchAction","target":{"@type":"EntryPoint","urlTemplate":"http:\/\/elregionalvm.com.ar\/noticias-villa-maria\/?s={search_term_string}"},"query-input":{"@type":"PropertyValueSpecification","valueRequired":true,"valueName":"search_term_string"}}],"inLanguage":"es"},{"@type":"Person","@id":"http:\/\/elregionalvm.com.ar\/noticias-villa-maria\/#\/schema\/person\/a0fb9c422317faca23d50163151bc354","name":"Contenidos El Regional","image":{"@type":"ImageObject","inLanguage":"es","@id":"http:\/\/elregionalvm.com.ar\/noticias-villa-maria\/#\/schema\/person\/image\/","url":"https:\/\/secure.gravatar.com\/avatar\/265b27cb2209af7bb3a1318f03305787d7981a5cc6e6cd08fe5a4ecdf99d4b48?s=96&d=mm&r=g","contentUrl":"https:\/\/secure.gravatar.com\/avatar\/265b27cb2209af7bb3a1318f03305787d7981a5cc6e6cd08fe5a4ecdf99d4b48?s=96&d=mm&r=g","caption":"Contenidos El Regional"},"url":"https:\/\/elregionalvm.com.ar\/noticias-villa-maria\/author\/contenido\/"}]}},"jetpack_featured_media_url":"https:\/\/i0.wp.com\/elregionalvm.com.ar\/noticias-villa-maria\/wp-content\/uploads\/2023\/04\/WhatsApp-Image-2023-04-03-at-15.17.01-1.jpeg?fit=1600%2C1200&ssl=1","jetpack_sharing_enabled":true,"_links":{"self":[{"href":"https:\/\/elregionalvm.com.ar\/noticias-villa-maria\/wp-json\/wp\/v2\/posts\/74165","targetHints":{"allow":["GET"]}}],"collection":[{"href":"https:\/\/elregionalvm.com.ar\/noticias-villa-maria\/wp-json\/wp\/v2\/posts"}],"about":[{"href":"https:\/\/elregionalvm.com.ar\/noticias-villa-maria\/wp-json\/wp\/v2\/types\/post"}],"author":[{"embeddable":true,"href":"https:\/\/elregionalvm.com.ar\/noticias-villa-maria\/wp-json\/wp\/v2\/users\/4"}],"replies":[{"embeddable":true,"href":"https:\/\/elregionalvm.com.ar\/noticias-villa-maria\/wp-json\/wp\/v2\/comments?post=74165"}],"version-history":[{"count":1,"href":"https:\/\/elregionalvm.com.ar\/noticias-villa-maria\/wp-json\/wp\/v2\/posts\/74165\/revisions"}],"predecessor-version":[{"id":74171,"href":"https:\/\/elregionalvm.com.ar\/noticias-villa-maria\/wp-json\/wp\/v2\/posts\/74165\/revisions\/74171"}],"wp:featuredmedia":[{"embeddable":true,"href":"https:\/\/elregionalvm.com.ar\/noticias-villa-maria\/wp-json\/wp\/v2\/media\/74169"}],"wp:attachment":[{"href":"https:\/\/elregionalvm.com.ar\/noticias-villa-maria\/wp-json\/wp\/v2\/media?parent=74165"}],"wp:term":[{"taxonomy":"category","embeddable":true,"href":"https:\/\/elregionalvm.com.ar\/noticias-villa-maria\/wp-json\/wp\/v2\/categories?post=74165"},{"taxonomy":"post_tag","embeddable":true,"href":"https:\/\/elregionalvm.com.ar\/noticias-villa-maria\/wp-json\/wp\/v2\/tags?post=74165"}],"curies":[{"name":"wp","href":"https:\/\/api.w.org\/{rel}","templated":true}]}}