{"id":74172,"date":"2023-04-03T21:58:34","date_gmt":"2023-04-03T21:58:34","guid":{"rendered":"https:\/\/elregionalvm.com.ar\/noticias-villa-maria\/?p=74172"},"modified":"2023-04-03T21:58:36","modified_gmt":"2023-04-03T21:58:36","slug":"fpa-detuvo-a-una-extranjera-con-pedido-de-captura-y-secuestro-mas-de-12-000-dosis-de-drogas","status":"publish","type":"post","link":"https:\/\/elregionalvm.com.ar\/noticias-villa-maria\/fpa-detuvo-a-una-extranjera-con-pedido-de-captura-y-secuestro-mas-de-12-000-dosis-de-drogas\/","title":{"rendered":"FPA detuvo a una extranjera con pedido de captura y secuestr\u00f3 m\u00e1s de 12.000 dosis de drogas"},"content":{"rendered":"\n<p>En un operativo dirigido por la Oficina de Investigaci\u00f3n y Juicio de Causas Vinculadas a Organizaciones Criminales, creada por la Fiscal\u00eda General, la Fuerza Policial Antinarcotr\u00e1fico realiz\u00f3 cinco allanamientos en diversas ciudades de C\u00f3rdoba, detuvo a una mujer de nacionalidad extranjera con pedido de captura y secuestr\u00f3 una importante cantidad de estupefacientes.<\/p>\n\n\n\n<p>Tras m\u00e1s de siete meses de investigaciones, se realizaron dos allanamientos en Capital (barrios Alberdi y San Mart\u00edn), dos en Bell Ville y el \u00faltimo en Santa Rosa de Calamuchita. Colabor\u00f3 en el per\u00edmetro externo Polic\u00eda de C\u00f3rdoba.<\/p>\n\n\n\n<p>En los domicilios, con intensos registros de los canes detectores de narc\u00f3ticos, se logr\u00f3 la incautaci\u00f3n de 12.000 dosis de coca\u00edna (divididos en ladrillos y envoltorios) y 180 de marihuana, 434 gramos de sustancia de corte, dinero ($152.100 y 10.300 d\u00f3lares), circuito de c\u00e1maras y diferentes elementos de fraccionamiento.<\/p>\n\n\n\n<p>Para destacar, la investigada ten\u00eda su puntos de venta en C\u00f3rdoba Capital y abastec\u00eda de drogas en diversas ciudades del sur provincial. Adem\u00e1s, ten\u00eda pedido de captura agravada por servirse de menores de edad para ejercer el il\u00edcito.<\/p>\n\n\n\n<figure class=\"wp-block-image size-full\"><img data-recalc-dims=\"1\" fetchpriority=\"high\" decoding=\"async\" width=\"768\" height=\"432\" src=\"https:\/\/i0.wp.com\/elregionalvm.com.ar\/noticias-villa-maria\/wp-content\/uploads\/2023\/04\/WhatsApp-Image-2023-04-02-at-20.55.59-2-768x432-1.jpeg?resize=768%2C432&#038;ssl=1\" alt=\"\" class=\"wp-image-74175\" srcset=\"https:\/\/i0.wp.com\/elregionalvm.com.ar\/noticias-villa-maria\/wp-content\/uploads\/2023\/04\/WhatsApp-Image-2023-04-02-at-20.55.59-2-768x432-1.jpeg?w=768&amp;ssl=1 768w, https:\/\/i0.wp.com\/elregionalvm.com.ar\/noticias-villa-maria\/wp-content\/uploads\/2023\/04\/WhatsApp-Image-2023-04-02-at-20.55.59-2-768x432-1.jpeg?resize=300%2C169&amp;ssl=1 300w\" sizes=\"(max-width: 768px) 100vw, 768px\" \/><\/figure>\n\n\n\n<figure class=\"wp-block-image size-large\"><img data-recalc-dims=\"1\" decoding=\"async\" width=\"576\" height=\"1024\" src=\"https:\/\/i0.wp.com\/elregionalvm.com.ar\/noticias-villa-maria\/wp-content\/uploads\/2023\/04\/WhatsApp-Image-2023-04-02-at-20.55.58-768x1365-1.jpeg?resize=576%2C1024&#038;ssl=1\" alt=\"\" class=\"wp-image-74174\" srcset=\"https:\/\/i0.wp.com\/elregionalvm.com.ar\/noticias-villa-maria\/wp-content\/uploads\/2023\/04\/WhatsApp-Image-2023-04-02-at-20.55.58-768x1365-1.jpeg?resize=576%2C1024&amp;ssl=1 576w, https:\/\/i0.wp.com\/elregionalvm.com.ar\/noticias-villa-maria\/wp-content\/uploads\/2023\/04\/WhatsApp-Image-2023-04-02-at-20.55.58-768x1365-1.jpeg?resize=169%2C300&amp;ssl=1 169w, https:\/\/i0.wp.com\/elregionalvm.com.ar\/noticias-villa-maria\/wp-content\/uploads\/2023\/04\/WhatsApp-Image-2023-04-02-at-20.55.58-768x1365-1.jpeg?w=768&amp;ssl=1 768w\" sizes=\"(max-width: 576px) 100vw, 576px\" \/><\/figure>\n","protected":false},"excerpt":{"rendered":"<p>En un operativo dirigido por la Oficina de Investigaci\u00f3n y Juicio de Causas Vinculadas a Organizaciones Criminales, creada por la Fiscal\u00eda General, la Fuerza Policial Antinarcotr\u00e1fico realiz\u00f3 cinco allanamientos en diversas ciudades de C\u00f3rdoba, detuvo a una mujer de nacionalidad extranjera con pedido de captura y secuestr\u00f3 una importante cantidad de estupefacientes. Tras m\u00e1s de [&hellip;]<\/p>\n","protected":false},"author":4,"featured_media":74176,"comment_status":"open","ping_status":"open","sticky":false,"template":"","format":"standard","meta":{"site-sidebar-layout":"default","site-content-layout":"","ast-site-content-layout":"default","site-content-style":"default","site-sidebar-style":"default","ast-global-header-display":"","ast-banner-title-visibility":"","ast-main-header-display":"","ast-hfb-above-header-display":"","ast-hfb-below-header-display":"","ast-hfb-mobile-header-display":"","site-post-title":"","ast-breadcrumbs-content":"","ast-featured-img":"","footer-sml-layout":"","ast-disable-related-posts":"","theme-transparent-header-meta":"","adv-header-id-meta":"","stick-header-meta":"","header-above-stick-meta":"","header-main-stick-meta":"","header-below-stick-meta":"","astra-migrate-meta-layouts":"default","ast-page-background-enabled":"default","ast-page-background-meta":{"desktop":{"background-color":"","background-image":"","background-repeat":"repeat","background-position":"center center","background-size":"auto","background-attachment":"scroll","background-type":"","background-media":"","overlay-type":"","overlay-color":"","overlay-opacity":"","overlay-gradient":""},"tablet":{"background-color":"","background-image":"","background-repeat":"repeat","background-position":"center center","background-size":"auto","background-attachment":"scroll","background-type":"","background-media":"","overlay-type":"","overlay-color":"","overlay-opacity":"","overlay-gradient":""},"mobile":{"background-color":"","background-image":"","background-repeat":"repeat","background-position":"center center","background-size":"auto","background-attachment":"scroll","background-type":"","background-media":"","overlay-type":"","overlay-color":"","overlay-opacity":"","overlay-gradient":""}},"ast-content-background-meta":{"desktop":{"background-color":"var(--ast-global-color-5)","background-image":"","background-repeat":"repeat","background-position":"center center","background-size":"auto","background-attachment":"scroll","background-type":"","background-media":"","overlay-type":"","overlay-color":"","overlay-opacity":"","overlay-gradient":""},"tablet":{"background-color":"var(--ast-global-color-5)","background-image":"","background-repeat":"repeat","background-position":"center center","background-size":"auto","background-attachment":"scroll","background-type":"","background-media":"","overlay-type":"","overlay-color":"","overlay-opacity":"","overlay-gradient":""},"mobile":{"background-color":"var(--ast-global-color-5)","background-image":"","background-repeat":"repeat","background-position":"center center","background-size":"auto","background-attachment":"scroll","background-type":"","background-media":"","overlay-type":"","overlay-color":"","overlay-opacity":"","overlay-gradient":""}},"_jetpack_memberships_contains_paid_content":false,"_joinchat":[],"footnotes":""},"categories":[15302,2234,16095,2091,5],"tags":[],"class_list":["post-74172","post","type-post","status-publish","format-standard","has-post-thumbnail","hentry","category-destacado","category-policiales","category-provinciales","category-region","category-sociedad"],"yoast_head":"<!-- This site is optimized with the Yoast SEO plugin v26.8 - https:\/\/yoast.com\/product\/yoast-seo-wordpress\/ -->\n<title>FPA detuvo a una extranjera con pedido de captura y secuestr\u00f3 m\u00e1s de 12.000 dosis de drogas - El Regional<\/title>\n<meta name=\"robots\" content=\"index, follow, max-snippet:-1, max-image-preview:large, max-video-preview:-1\" \/>\n<link rel=\"canonical\" href=\"http:\/\/elregionalvm.com.ar\/noticias-villa-maria\/fpa-detuvo-a-una-extranjera-con-pedido-de-captura-y-secuestro-mas-de-12-000-dosis-de-drogas\/\" \/>\n<meta property=\"og:locale\" content=\"es_ES\" \/>\n<meta property=\"og:type\" content=\"article\" \/>\n<meta property=\"og:title\" content=\"FPA detuvo a una extranjera con pedido de captura y secuestr\u00f3 m\u00e1s de 12.000 dosis de drogas - El Regional\" \/>\n<meta property=\"og:description\" content=\"En un operativo dirigido por la Oficina de Investigaci\u00f3n y Juicio de Causas Vinculadas a Organizaciones Criminales, creada por la Fiscal\u00eda General, la Fuerza Policial Antinarcotr\u00e1fico realiz\u00f3 cinco allanamientos en diversas ciudades de C\u00f3rdoba, detuvo a una mujer de nacionalidad extranjera con pedido de captura y secuestr\u00f3 una importante cantidad de estupefacientes. Tras m\u00e1s de [&hellip;]\" \/>\n<meta property=\"og:url\" content=\"http:\/\/elregionalvm.com.ar\/noticias-villa-maria\/fpa-detuvo-a-una-extranjera-con-pedido-de-captura-y-secuestro-mas-de-12-000-dosis-de-drogas\/\" \/>\n<meta property=\"og:site_name\" content=\"El Regional\" \/>\n<meta property=\"article:publisher\" content=\"https:\/\/www.facebook.com\/elregionalvm\" \/>\n<meta property=\"article:published_time\" content=\"2023-04-03T21:58:34+00:00\" \/>\n<meta property=\"article:modified_time\" content=\"2023-04-03T21:58:36+00:00\" \/>\n<meta property=\"og:image\" content=\"http:\/\/elregionalvm.com.ar\/noticias-villa-maria\/wp-content\/uploads\/2023\/04\/WhatsApp-Image-2023-03-31-at-12.47.16.jpeg\" \/>\n\t<meta property=\"og:image:width\" content=\"1280\" \/>\n\t<meta property=\"og:image:height\" content=\"960\" \/>\n\t<meta property=\"og:image:type\" content=\"image\/jpeg\" \/>\n<meta name=\"author\" content=\"Contenidos El Regional\" \/>\n<meta name=\"twitter:card\" content=\"summary_large_image\" \/>\n<meta name=\"twitter:creator\" content=\"@elregionalvm1\" \/>\n<meta name=\"twitter:site\" content=\"@elregionalvm1\" \/>\n<meta name=\"twitter:label1\" content=\"Escrito por\" \/>\n\t<meta name=\"twitter:data1\" content=\"Contenidos El Regional\" \/>\n\t<meta name=\"twitter:label2\" content=\"Tiempo de lectura\" \/>\n\t<meta name=\"twitter:data2\" content=\"2 minutos\" \/>\n<script type=\"application\/ld+json\" class=\"yoast-schema-graph\">{\"@context\":\"https:\/\/schema.org\",\"@graph\":[{\"@type\":\"Article\",\"@id\":\"http:\/\/elregionalvm.com.ar\/noticias-villa-maria\/fpa-detuvo-a-una-extranjera-con-pedido-de-captura-y-secuestro-mas-de-12-000-dosis-de-drogas\/#article\",\"isPartOf\":{\"@id\":\"http:\/\/elregionalvm.com.ar\/noticias-villa-maria\/fpa-detuvo-a-una-extranjera-con-pedido-de-captura-y-secuestro-mas-de-12-000-dosis-de-drogas\/\"},\"author\":{\"name\":\"Contenidos El Regional\",\"@id\":\"http:\/\/elregionalvm.com.ar\/noticias-villa-maria\/#\/schema\/person\/a0fb9c422317faca23d50163151bc354\"},\"headline\":\"FPA detuvo a una extranjera con pedido de captura y secuestr\u00f3 m\u00e1s de 12.000 dosis de drogas\",\"datePublished\":\"2023-04-03T21:58:34+00:00\",\"dateModified\":\"2023-04-03T21:58:36+00:00\",\"mainEntityOfPage\":{\"@id\":\"http:\/\/elregionalvm.com.ar\/noticias-villa-maria\/fpa-detuvo-a-una-extranjera-con-pedido-de-captura-y-secuestro-mas-de-12-000-dosis-de-drogas\/\"},\"wordCount\":209,\"commentCount\":0,\"image\":{\"@id\":\"http:\/\/elregionalvm.com.ar\/noticias-villa-maria\/fpa-detuvo-a-una-extranjera-con-pedido-de-captura-y-secuestro-mas-de-12-000-dosis-de-drogas\/#primaryimage\"},\"thumbnailUrl\":\"https:\/\/i0.wp.com\/elregionalvm.com.ar\/noticias-villa-maria\/wp-content\/uploads\/2023\/04\/WhatsApp-Image-2023-03-31-at-12.47.16.jpeg?fit=1280%2C960&ssl=1\",\"articleSection\":[\"destacado\",\"Policiales\",\"Provinciales\",\"Regi\u00f3n\",\"Sociedad\"],\"inLanguage\":\"es\",\"potentialAction\":[{\"@type\":\"CommentAction\",\"name\":\"Comment\",\"target\":[\"http:\/\/elregionalvm.com.ar\/noticias-villa-maria\/fpa-detuvo-a-una-extranjera-con-pedido-de-captura-y-secuestro-mas-de-12-000-dosis-de-drogas\/#respond\"]}]},{\"@type\":\"WebPage\",\"@id\":\"http:\/\/elregionalvm.com.ar\/noticias-villa-maria\/fpa-detuvo-a-una-extranjera-con-pedido-de-captura-y-secuestro-mas-de-12-000-dosis-de-drogas\/\",\"url\":\"http:\/\/elregionalvm.com.ar\/noticias-villa-maria\/fpa-detuvo-a-una-extranjera-con-pedido-de-captura-y-secuestro-mas-de-12-000-dosis-de-drogas\/\",\"name\":\"FPA detuvo a una extranjera con pedido de captura y secuestr\u00f3 m\u00e1s de 12.000 dosis de drogas - El Regional\",\"isPartOf\":{\"@id\":\"http:\/\/elregionalvm.com.ar\/noticias-villa-maria\/#website\"},\"primaryImageOfPage\":{\"@id\":\"http:\/\/elregionalvm.com.ar\/noticias-villa-maria\/fpa-detuvo-a-una-extranjera-con-pedido-de-captura-y-secuestro-mas-de-12-000-dosis-de-drogas\/#primaryimage\"},\"image\":{\"@id\":\"http:\/\/elregionalvm.com.ar\/noticias-villa-maria\/fpa-detuvo-a-una-extranjera-con-pedido-de-captura-y-secuestro-mas-de-12-000-dosis-de-drogas\/#primaryimage\"},\"thumbnailUrl\":\"https:\/\/i0.wp.com\/elregionalvm.com.ar\/noticias-villa-maria\/wp-content\/uploads\/2023\/04\/WhatsApp-Image-2023-03-31-at-12.47.16.jpeg?fit=1280%2C960&ssl=1\",\"datePublished\":\"2023-04-03T21:58:34+00:00\",\"dateModified\":\"2023-04-03T21:58:36+00:00\",\"author\":{\"@id\":\"http:\/\/elregionalvm.com.ar\/noticias-villa-maria\/#\/schema\/person\/a0fb9c422317faca23d50163151bc354\"},\"breadcrumb\":{\"@id\":\"http:\/\/elregionalvm.com.ar\/noticias-villa-maria\/fpa-detuvo-a-una-extranjera-con-pedido-de-captura-y-secuestro-mas-de-12-000-dosis-de-drogas\/#breadcrumb\"},\"inLanguage\":\"es\",\"potentialAction\":[{\"@type\":\"ReadAction\",\"target\":[\"http:\/\/elregionalvm.com.ar\/noticias-villa-maria\/fpa-detuvo-a-una-extranjera-con-pedido-de-captura-y-secuestro-mas-de-12-000-dosis-de-drogas\/\"]}]},{\"@type\":\"ImageObject\",\"inLanguage\":\"es\",\"@id\":\"http:\/\/elregionalvm.com.ar\/noticias-villa-maria\/fpa-detuvo-a-una-extranjera-con-pedido-de-captura-y-secuestro-mas-de-12-000-dosis-de-drogas\/#primaryimage\",\"url\":\"https:\/\/i0.wp.com\/elregionalvm.com.ar\/noticias-villa-maria\/wp-content\/uploads\/2023\/04\/WhatsApp-Image-2023-03-31-at-12.47.16.jpeg?fit=1280%2C960&ssl=1\",\"contentUrl\":\"https:\/\/i0.wp.com\/elregionalvm.com.ar\/noticias-villa-maria\/wp-content\/uploads\/2023\/04\/WhatsApp-Image-2023-03-31-at-12.47.16.jpeg?fit=1280%2C960&ssl=1\",\"width\":1280,\"height\":960},{\"@type\":\"BreadcrumbList\",\"@id\":\"http:\/\/elregionalvm.com.ar\/noticias-villa-maria\/fpa-detuvo-a-una-extranjera-con-pedido-de-captura-y-secuestro-mas-de-12-000-dosis-de-drogas\/#breadcrumb\",\"itemListElement\":[{\"@type\":\"ListItem\",\"position\":1,\"name\":\"Portada\",\"item\":\"https:\/\/elregionalvm.com.ar\/noticias-villa-maria\/\"},{\"@type\":\"ListItem\",\"position\":2,\"name\":\"FPA detuvo a una extranjera con pedido de captura y secuestr\u00f3 m\u00e1s de 12.000 dosis de drogas\"}]},{\"@type\":\"WebSite\",\"@id\":\"http:\/\/elregionalvm.com.ar\/noticias-villa-maria\/#website\",\"url\":\"http:\/\/elregionalvm.com.ar\/noticias-villa-maria\/\",\"name\":\"El Regional\",\"description\":\"Mucho m\u00e1s que informaci\u00f3n\",\"potentialAction\":[{\"@type\":\"SearchAction\",\"target\":{\"@type\":\"EntryPoint\",\"urlTemplate\":\"http:\/\/elregionalvm.com.ar\/noticias-villa-maria\/?s={search_term_string}\"},\"query-input\":{\"@type\":\"PropertyValueSpecification\",\"valueRequired\":true,\"valueName\":\"search_term_string\"}}],\"inLanguage\":\"es\"},{\"@type\":\"Person\",\"@id\":\"http:\/\/elregionalvm.com.ar\/noticias-villa-maria\/#\/schema\/person\/a0fb9c422317faca23d50163151bc354\",\"name\":\"Contenidos El Regional\",\"image\":{\"@type\":\"ImageObject\",\"inLanguage\":\"es\",\"@id\":\"http:\/\/elregionalvm.com.ar\/noticias-villa-maria\/#\/schema\/person\/image\/\",\"url\":\"https:\/\/secure.gravatar.com\/avatar\/265b27cb2209af7bb3a1318f03305787d7981a5cc6e6cd08fe5a4ecdf99d4b48?s=96&d=mm&r=g\",\"contentUrl\":\"https:\/\/secure.gravatar.com\/avatar\/265b27cb2209af7bb3a1318f03305787d7981a5cc6e6cd08fe5a4ecdf99d4b48?s=96&d=mm&r=g\",\"caption\":\"Contenidos El Regional\"},\"url\":\"https:\/\/elregionalvm.com.ar\/noticias-villa-maria\/author\/contenido\/\"}]}<\/script>\n<!-- \/ Yoast SEO plugin. -->","yoast_head_json":{"title":"FPA detuvo a una extranjera con pedido de captura y secuestr\u00f3 m\u00e1s de 12.000 dosis de drogas - El Regional","robots":{"index":"index","follow":"follow","max-snippet":"max-snippet:-1","max-image-preview":"max-image-preview:large","max-video-preview":"max-video-preview:-1"},"canonical":"http:\/\/elregionalvm.com.ar\/noticias-villa-maria\/fpa-detuvo-a-una-extranjera-con-pedido-de-captura-y-secuestro-mas-de-12-000-dosis-de-drogas\/","og_locale":"es_ES","og_type":"article","og_title":"FPA detuvo a una extranjera con pedido de captura y secuestr\u00f3 m\u00e1s de 12.000 dosis de drogas - El Regional","og_description":"En un operativo dirigido por la Oficina de Investigaci\u00f3n y Juicio de Causas Vinculadas a Organizaciones Criminales, creada por la Fiscal\u00eda General, la Fuerza Policial Antinarcotr\u00e1fico realiz\u00f3 cinco allanamientos en diversas ciudades de C\u00f3rdoba, detuvo a una mujer de nacionalidad extranjera con pedido de captura y secuestr\u00f3 una importante cantidad de estupefacientes. Tras m\u00e1s de [&hellip;]","og_url":"http:\/\/elregionalvm.com.ar\/noticias-villa-maria\/fpa-detuvo-a-una-extranjera-con-pedido-de-captura-y-secuestro-mas-de-12-000-dosis-de-drogas\/","og_site_name":"El Regional","article_publisher":"https:\/\/www.facebook.com\/elregionalvm","article_published_time":"2023-04-03T21:58:34+00:00","article_modified_time":"2023-04-03T21:58:36+00:00","og_image":[{"width":1280,"height":960,"url":"http:\/\/elregionalvm.com.ar\/noticias-villa-maria\/wp-content\/uploads\/2023\/04\/WhatsApp-Image-2023-03-31-at-12.47.16.jpeg","type":"image\/jpeg"}],"author":"Contenidos El Regional","twitter_card":"summary_large_image","twitter_creator":"@elregionalvm1","twitter_site":"@elregionalvm1","twitter_misc":{"Escrito por":"Contenidos El Regional","Tiempo de lectura":"2 minutos"},"schema":{"@context":"https:\/\/schema.org","@graph":[{"@type":"Article","@id":"http:\/\/elregionalvm.com.ar\/noticias-villa-maria\/fpa-detuvo-a-una-extranjera-con-pedido-de-captura-y-secuestro-mas-de-12-000-dosis-de-drogas\/#article","isPartOf":{"@id":"http:\/\/elregionalvm.com.ar\/noticias-villa-maria\/fpa-detuvo-a-una-extranjera-con-pedido-de-captura-y-secuestro-mas-de-12-000-dosis-de-drogas\/"},"author":{"name":"Contenidos El Regional","@id":"http:\/\/elregionalvm.com.ar\/noticias-villa-maria\/#\/schema\/person\/a0fb9c422317faca23d50163151bc354"},"headline":"FPA detuvo a una extranjera con pedido de captura y secuestr\u00f3 m\u00e1s de 12.000 dosis de drogas","datePublished":"2023-04-03T21:58:34+00:00","dateModified":"2023-04-03T21:58:36+00:00","mainEntityOfPage":{"@id":"http:\/\/elregionalvm.com.ar\/noticias-villa-maria\/fpa-detuvo-a-una-extranjera-con-pedido-de-captura-y-secuestro-mas-de-12-000-dosis-de-drogas\/"},"wordCount":209,"commentCount":0,"image":{"@id":"http:\/\/elregionalvm.com.ar\/noticias-villa-maria\/fpa-detuvo-a-una-extranjera-con-pedido-de-captura-y-secuestro-mas-de-12-000-dosis-de-drogas\/#primaryimage"},"thumbnailUrl":"https:\/\/i0.wp.com\/elregionalvm.com.ar\/noticias-villa-maria\/wp-content\/uploads\/2023\/04\/WhatsApp-Image-2023-03-31-at-12.47.16.jpeg?fit=1280%2C960&ssl=1","articleSection":["destacado","Policiales","Provinciales","Regi\u00f3n","Sociedad"],"inLanguage":"es","potentialAction":[{"@type":"CommentAction","name":"Comment","target":["http:\/\/elregionalvm.com.ar\/noticias-villa-maria\/fpa-detuvo-a-una-extranjera-con-pedido-de-captura-y-secuestro-mas-de-12-000-dosis-de-drogas\/#respond"]}]},{"@type":"WebPage","@id":"http:\/\/elregionalvm.com.ar\/noticias-villa-maria\/fpa-detuvo-a-una-extranjera-con-pedido-de-captura-y-secuestro-mas-de-12-000-dosis-de-drogas\/","url":"http:\/\/elregionalvm.com.ar\/noticias-villa-maria\/fpa-detuvo-a-una-extranjera-con-pedido-de-captura-y-secuestro-mas-de-12-000-dosis-de-drogas\/","name":"FPA detuvo a una extranjera con pedido de captura y secuestr\u00f3 m\u00e1s de 12.000 dosis de drogas - El Regional","isPartOf":{"@id":"http:\/\/elregionalvm.com.ar\/noticias-villa-maria\/#website"},"primaryImageOfPage":{"@id":"http:\/\/elregionalvm.com.ar\/noticias-villa-maria\/fpa-detuvo-a-una-extranjera-con-pedido-de-captura-y-secuestro-mas-de-12-000-dosis-de-drogas\/#primaryimage"},"image":{"@id":"http:\/\/elregionalvm.com.ar\/noticias-villa-maria\/fpa-detuvo-a-una-extranjera-con-pedido-de-captura-y-secuestro-mas-de-12-000-dosis-de-drogas\/#primaryimage"},"thumbnailUrl":"https:\/\/i0.wp.com\/elregionalvm.com.ar\/noticias-villa-maria\/wp-content\/uploads\/2023\/04\/WhatsApp-Image-2023-03-31-at-12.47.16.jpeg?fit=1280%2C960&ssl=1","datePublished":"2023-04-03T21:58:34+00:00","dateModified":"2023-04-03T21:58:36+00:00","author":{"@id":"http:\/\/elregionalvm.com.ar\/noticias-villa-maria\/#\/schema\/person\/a0fb9c422317faca23d50163151bc354"},"breadcrumb":{"@id":"http:\/\/elregionalvm.com.ar\/noticias-villa-maria\/fpa-detuvo-a-una-extranjera-con-pedido-de-captura-y-secuestro-mas-de-12-000-dosis-de-drogas\/#breadcrumb"},"inLanguage":"es","potentialAction":[{"@type":"ReadAction","target":["http:\/\/elregionalvm.com.ar\/noticias-villa-maria\/fpa-detuvo-a-una-extranjera-con-pedido-de-captura-y-secuestro-mas-de-12-000-dosis-de-drogas\/"]}]},{"@type":"ImageObject","inLanguage":"es","@id":"http:\/\/elregionalvm.com.ar\/noticias-villa-maria\/fpa-detuvo-a-una-extranjera-con-pedido-de-captura-y-secuestro-mas-de-12-000-dosis-de-drogas\/#primaryimage","url":"https:\/\/i0.wp.com\/elregionalvm.com.ar\/noticias-villa-maria\/wp-content\/uploads\/2023\/04\/WhatsApp-Image-2023-03-31-at-12.47.16.jpeg?fit=1280%2C960&ssl=1","contentUrl":"https:\/\/i0.wp.com\/elregionalvm.com.ar\/noticias-villa-maria\/wp-content\/uploads\/2023\/04\/WhatsApp-Image-2023-03-31-at-12.47.16.jpeg?fit=1280%2C960&ssl=1","width":1280,"height":960},{"@type":"BreadcrumbList","@id":"http:\/\/elregionalvm.com.ar\/noticias-villa-maria\/fpa-detuvo-a-una-extranjera-con-pedido-de-captura-y-secuestro-mas-de-12-000-dosis-de-drogas\/#breadcrumb","itemListElement":[{"@type":"ListItem","position":1,"name":"Portada","item":"https:\/\/elregionalvm.com.ar\/noticias-villa-maria\/"},{"@type":"ListItem","position":2,"name":"FPA detuvo a una extranjera con pedido de captura y secuestr\u00f3 m\u00e1s de 12.000 dosis de drogas"}]},{"@type":"WebSite","@id":"http:\/\/elregionalvm.com.ar\/noticias-villa-maria\/#website","url":"http:\/\/elregionalvm.com.ar\/noticias-villa-maria\/","name":"El Regional","description":"Mucho m\u00e1s que informaci\u00f3n","potentialAction":[{"@type":"SearchAction","target":{"@type":"EntryPoint","urlTemplate":"http:\/\/elregionalvm.com.ar\/noticias-villa-maria\/?s={search_term_string}"},"query-input":{"@type":"PropertyValueSpecification","valueRequired":true,"valueName":"search_term_string"}}],"inLanguage":"es"},{"@type":"Person","@id":"http:\/\/elregionalvm.com.ar\/noticias-villa-maria\/#\/schema\/person\/a0fb9c422317faca23d50163151bc354","name":"Contenidos El Regional","image":{"@type":"ImageObject","inLanguage":"es","@id":"http:\/\/elregionalvm.com.ar\/noticias-villa-maria\/#\/schema\/person\/image\/","url":"https:\/\/secure.gravatar.com\/avatar\/265b27cb2209af7bb3a1318f03305787d7981a5cc6e6cd08fe5a4ecdf99d4b48?s=96&d=mm&r=g","contentUrl":"https:\/\/secure.gravatar.com\/avatar\/265b27cb2209af7bb3a1318f03305787d7981a5cc6e6cd08fe5a4ecdf99d4b48?s=96&d=mm&r=g","caption":"Contenidos El Regional"},"url":"https:\/\/elregionalvm.com.ar\/noticias-villa-maria\/author\/contenido\/"}]}},"jetpack_featured_media_url":"https:\/\/i0.wp.com\/elregionalvm.com.ar\/noticias-villa-maria\/wp-content\/uploads\/2023\/04\/WhatsApp-Image-2023-03-31-at-12.47.16.jpeg?fit=1280%2C960&ssl=1","jetpack_sharing_enabled":true,"_links":{"self":[{"href":"https:\/\/elregionalvm.com.ar\/noticias-villa-maria\/wp-json\/wp\/v2\/posts\/74172","targetHints":{"allow":["GET"]}}],"collection":[{"href":"https:\/\/elregionalvm.com.ar\/noticias-villa-maria\/wp-json\/wp\/v2\/posts"}],"about":[{"href":"https:\/\/elregionalvm.com.ar\/noticias-villa-maria\/wp-json\/wp\/v2\/types\/post"}],"author":[{"embeddable":true,"href":"https:\/\/elregionalvm.com.ar\/noticias-villa-maria\/wp-json\/wp\/v2\/users\/4"}],"replies":[{"embeddable":true,"href":"https:\/\/elregionalvm.com.ar\/noticias-villa-maria\/wp-json\/wp\/v2\/comments?post=74172"}],"version-history":[{"count":1,"href":"https:\/\/elregionalvm.com.ar\/noticias-villa-maria\/wp-json\/wp\/v2\/posts\/74172\/revisions"}],"predecessor-version":[{"id":74177,"href":"https:\/\/elregionalvm.com.ar\/noticias-villa-maria\/wp-json\/wp\/v2\/posts\/74172\/revisions\/74177"}],"wp:featuredmedia":[{"embeddable":true,"href":"https:\/\/elregionalvm.com.ar\/noticias-villa-maria\/wp-json\/wp\/v2\/media\/74176"}],"wp:attachment":[{"href":"https:\/\/elregionalvm.com.ar\/noticias-villa-maria\/wp-json\/wp\/v2\/media?parent=74172"}],"wp:term":[{"taxonomy":"category","embeddable":true,"href":"https:\/\/elregionalvm.com.ar\/noticias-villa-maria\/wp-json\/wp\/v2\/categories?post=74172"},{"taxonomy":"post_tag","embeddable":true,"href":"https:\/\/elregionalvm.com.ar\/noticias-villa-maria\/wp-json\/wp\/v2\/tags?post=74172"}],"curies":[{"name":"wp","href":"https:\/\/api.w.org\/{rel}","templated":true}]}}