{"id":74713,"date":"2023-04-14T20:01:17","date_gmt":"2023-04-14T20:01:17","guid":{"rendered":"https:\/\/elregionalvm.com.ar\/noticias-villa-maria\/?p=74713"},"modified":"2023-04-20T12:33:21","modified_gmt":"2023-04-20T12:33:21","slug":"de-la-falda-y-el-vacio-al-tomahawk-y-el-t-bone-los-nuevos-cortes-ganan-espacio-en-la-parrilla","status":"publish","type":"post","link":"https:\/\/elregionalvm.com.ar\/noticias-villa-maria\/de-la-falda-y-el-vacio-al-tomahawk-y-el-t-bone-los-nuevos-cortes-ganan-espacio-en-la-parrilla\/","title":{"rendered":"De la falda y el vac\u00edo al \u201cTomahawk\u201d y el \u201cT-bone\u201d: Los nuevos cortes que seducen en la parrilla"},"content":{"rendered":"\n<p><\/p>\n\n\n\n<h3 class=\"wp-block-heading\"><strong>Nadie puede negar que la parrilla argentina se ha ido nutriendo de nuevos cortes, modalidades de cocci\u00f3n y hasta de nombres algo raros a los que se les pierde el temor una vez que probamos esa carne bien asada. Veamos los casos del \u201cTomahawk\u201d y del \u201cT- Bone\u201d.<\/strong><\/h3>\n\n\n\n<p><\/p>\n\n\n\n<p>Vac\u00edo, costilla, marucha, matambre, falda, choris, morcilla y achuras de las m\u00e1s variadas. Una parrilla tradicional no sal\u00eda de esas posibilidades c\u00e1rnicas. Con el tiempo se agreg\u00f3 el bife de chorizo y el ojo de bife. Pero no todo termin\u00f3 all\u00ed.<\/p>\n\n\n\n<p>Hay nuevos cortes que llegaron para vestir la parrilla de una manera diferente y cautivar a los comensales. Quiz\u00e1s, los m\u00e1s tradicionalistas renieguen de los nombres en ingl\u00e9s, pero detr\u00e1s de las denominaciones no asoman m\u00e1s que carne y hueso vacunos cortados de una manera diferente.<\/p>\n\n\n\n<p>Hasta el osobuco ahora viene en forma de \u201cchupet\u00edn\u201d y se puede hacer en la parrilla. Una delicia, seg\u00fan quienes lo han probado a las brasas.<\/p>\n\n\n\n<p>Pero, vayamos a los cortes de los nombres raros. El Tomahawk, cuya denominaci\u00f3n hace referencia a un hacha de guerra usada por abor\u00edgenes norteamericanos, y el T-bone (hueso en forma de T).<\/p>\n\n\n\n<p><\/p>\n\n\n\n<figure class=\"wp-block-image size-full is-resized\"><img data-recalc-dims=\"1\" fetchpriority=\"high\" decoding=\"async\" src=\"https:\/\/i0.wp.com\/elregionalvm.com.ar\/noticias-villa-maria\/wp-content\/uploads\/2023\/04\/Tbone-corte-de-carne.jpg?resize=908%2C604&#038;ssl=1\" alt=\"\" class=\"wp-image-74717\" width=\"908\" height=\"604\" srcset=\"https:\/\/i0.wp.com\/elregionalvm.com.ar\/noticias-villa-maria\/wp-content\/uploads\/2023\/04\/Tbone-corte-de-carne.jpg?w=670&amp;ssl=1 670w, https:\/\/i0.wp.com\/elregionalvm.com.ar\/noticias-villa-maria\/wp-content\/uploads\/2023\/04\/Tbone-corte-de-carne.jpg?resize=300%2C200&amp;ssl=1 300w\" sizes=\"(max-width: 908px) 100vw, 908px\" \/><figcaption><em>El T-bone es un corte especial que incluye un hueso en forma de T .<\/em><\/figcaption><\/figure>\n\n\n\n<p><\/p>\n\n\n\n<p>Vamos por partes.<\/p>\n\n\n\n<p><strong>Corte ingl\u00e9s, sabor criollo<\/strong><\/p>\n\n\n\n<p>El T-bone es un corte especial que incluye un hueso en forma de T y separa de cada lado el bife angosto y el lomo.<\/p>\n\n\n\n<p>Este corte es muy frecuente en Gran Breta\u00f1a y los Estados Unidos: se caracteriza por hacerse de forma transversal a las costillas y el lomo, al ir pegado al hueso, mantiene de forma \u00fanica la jugosidad.<\/p>\n\n\n\n<p>El Tomahawk, en tanto, es el ojo de bife con el hueso entero de la costilla, que tanto ha popularizado el chef turco Salt Bae, s\u00ed ese que le echa sal a la carne a mansalva con esa pose tan particular.<\/p>\n\n\n\n<p>Ahora veamos algunas diferencias.<\/p>\n\n\n\n<p><strong>Corte<\/strong><\/p>\n\n\n\n<p>El T-Bone, como su propio nombre indica, refleja su hueso en forma de \u201cT\u201d. Por el contrario, si vas a comprar Tomahawk lo podr\u00e1s identificar de forma muy f\u00e1cil: tiene la forma de hacha sioux.<\/p>\n\n\n\n<p><strong>Grosor<\/strong><\/p>\n\n\n\n<p>Otro aspecto fundamental con una variaci\u00f3n interesante. Mientras que la carne T-Bone debe poseer un grosor de entre los 2 y 3 cm de altura, la carne Tomahawk se eleva hasta los 6-7 cent\u00edmetros. Por tanto, s\u00ed: visualmente tambi\u00e9n podr\u00e1s apreciar que una es algo m\u00e1s gruesa que la otra, y no solo por su forma del corte.<\/p>\n\n\n\n<p><strong>Peso<\/strong><\/p>\n\n\n\n<p>Dado que no cuentan con el mismo grosor, su peso tampoco es similar, aunque pudiera llegar a ser parecido dependiendo de algunos casos. En el corte T-Bone se puede encontrar entre los 600 y 800 gramos, mientras que en el Tomahawk parte de los 800 gramos llegando a alcanzar hasta los 2 kilogramos.<\/p>\n\n\n\n<p><strong>Maduraci\u00f3n<\/strong><\/p>\n\n\n\n<p>En los casos de los T-Bone, no suelen presentar grado de maduraci\u00f3n, aunque bien es cierto que depender\u00e1 de d\u00f3nde los adquieras. No as\u00ed en el caso del corte de carne Tomahawk, que su maduraci\u00f3n suele oscilar entre los 30 y 60 d\u00edas para que sus propiedades organol\u00e9pticas se desarrollen y no resulte una carne excesivamente dura. No obstante, siempre depender\u00e1 de la zona geogr\u00e1fica.<\/p>\n\n\n\n<p><\/p>\n\n\n\n<figure class=\"wp-block-image size-large\"><img data-recalc-dims=\"1\" decoding=\"async\" width=\"1024\" height=\"718\" src=\"https:\/\/i0.wp.com\/elregionalvm.com.ar\/noticias-villa-maria\/wp-content\/uploads\/2023\/04\/t-bone-cocinar.jpg?resize=1024%2C718&#038;ssl=1\" alt=\"\" class=\"wp-image-74718\" srcset=\"https:\/\/i0.wp.com\/elregionalvm.com.ar\/noticias-villa-maria\/wp-content\/uploads\/2023\/04\/t-bone-cocinar.jpg?resize=1024%2C718&amp;ssl=1 1024w, https:\/\/i0.wp.com\/elregionalvm.com.ar\/noticias-villa-maria\/wp-content\/uploads\/2023\/04\/t-bone-cocinar.jpg?resize=300%2C210&amp;ssl=1 300w, https:\/\/i0.wp.com\/elregionalvm.com.ar\/noticias-villa-maria\/wp-content\/uploads\/2023\/04\/t-bone-cocinar.jpg?resize=768%2C538&amp;ssl=1 768w, https:\/\/i0.wp.com\/elregionalvm.com.ar\/noticias-villa-maria\/wp-content\/uploads\/2023\/04\/t-bone-cocinar.jpg?w=1200&amp;ssl=1 1200w\" sizes=\"(max-width: 1000px) 100vw, 1000px\" \/><\/figure>\n\n\n\n<p><\/p>\n\n\n\n<p><strong>Procedencia<\/strong><\/p>\n\n\n\n<p>Por \u00faltimo, el T-Bone procede de la parte del lomo bajo, mientras que el Tomahawk es un corte extra\u00eddo del lomo alto, concretamente de las costillas delanteras del animal.<\/p>\n\n\n\n<p>\u00bfYa los probaste? A ver si te anim\u00e1s\u2026<\/p>\n\n\n\n<p><em>Fuentes: miguelvergara.com; www.cucinare.tv<\/em><\/p>\n\n\n\n<p><\/p>\n\n\n\n<p><\/p>\n\n\n\n<h3 class=\"wp-block-heading\"><strong>Tambi\u00e9n pod\u00e9s ver: <\/strong><\/h3>\n\n\n\n<p><\/p>\n\n\n\n<p><\/p>\n\n\n\n<p><\/p>\n\n\n\n<figure class=\"wp-block-embed is-type-wp-embed is-provider-el-regional wp-block-embed-el-regional\"><div class=\"wp-block-embed__wrapper\">\n<blockquote class=\"wp-embedded-content\" data-secret=\"ViRWNR03DA\"><a href=\"https:\/\/elregionalvm.com.ar\/noticias-villa-maria\/el-asado-de-tira-el-corte-desechado-que-se-transformo-en-el-icono-de-la-gastronomia-criolla\/\">El asado de tira: El corte desechado que se transform\u00f3 en el \u00edcono de la gastronom\u00eda criolla<\/a><\/blockquote><iframe class=\"wp-embedded-content\" sandbox=\"allow-scripts\" security=\"restricted\" style=\"position: absolute; clip: rect(1px, 1px, 1px, 1px);\" title=\"\u00abEl asado de tira: El corte desechado que se transform\u00f3 en el \u00edcono de la gastronom\u00eda criolla\u00bb \u2014 El Regional\" src=\"https:\/\/elregionalvm.com.ar\/noticias-villa-maria\/el-asado-de-tira-el-corte-desechado-que-se-transformo-en-el-icono-de-la-gastronomia-criolla\/embed\/#?secret=soltyOPepL#?secret=ViRWNR03DA\" data-secret=\"ViRWNR03DA\" width=\"500\" height=\"282\" frameborder=\"0\" marginwidth=\"0\" marginheight=\"0\" scrolling=\"no\"><\/iframe>\n<\/div><\/figure>\n","protected":false},"excerpt":{"rendered":"<p>Nadie puede negar que la parrilla argentina se ha ido nutriendo de nuevos cortes, modalidades de cocci\u00f3n y hasta de nombres algo raros a los que se les pierde el temor una vez que probamos esa carne bien asada. Veamos los casos del \u201cTomahawk\u201d y del \u201cT- Bone\u201d. Vac\u00edo, costilla, marucha, matambre, falda, choris, morcilla [&hellip;]<\/p>\n","protected":false},"author":4,"featured_media":74715,"comment_status":"open","ping_status":"open","sticky":false,"template":"","format":"standard","meta":{"site-sidebar-layout":"default","site-content-layout":"","ast-site-content-layout":"default","site-content-style":"default","site-sidebar-style":"default","ast-global-header-display":"","ast-banner-title-visibility":"","ast-main-header-display":"","ast-hfb-above-header-display":"","ast-hfb-below-header-display":"","ast-hfb-mobile-header-display":"","site-post-title":"","ast-breadcrumbs-content":"","ast-featured-img":"","footer-sml-layout":"","ast-disable-related-posts":"","theme-transparent-header-meta":"","adv-header-id-meta":"","stick-header-meta":"","header-above-stick-meta":"","header-main-stick-meta":"","header-below-stick-meta":"","astra-migrate-meta-layouts":"default","ast-page-background-enabled":"default","ast-page-background-meta":{"desktop":{"background-color":"","background-image":"","background-repeat":"repeat","background-position":"center center","background-size":"auto","background-attachment":"scroll","background-type":"","background-media":"","overlay-type":"","overlay-color":"","overlay-opacity":"","overlay-gradient":""},"tablet":{"background-color":"","background-image":"","background-repeat":"repeat","background-position":"center center","background-size":"auto","background-attachment":"scroll","background-type":"","background-media":"","overlay-type":"","overlay-color":"","overlay-opacity":"","overlay-gradient":""},"mobile":{"background-color":"","background-image":"","background-repeat":"repeat","background-position":"center center","background-size":"auto","background-attachment":"scroll","background-type":"","background-media":"","overlay-type":"","overlay-color":"","overlay-opacity":"","overlay-gradient":""}},"ast-content-background-meta":{"desktop":{"background-color":"var(--ast-global-color-5)","background-image":"","background-repeat":"repeat","background-position":"center center","background-size":"auto","background-attachment":"scroll","background-type":"","background-media":"","overlay-type":"","overlay-color":"","overlay-opacity":"","overlay-gradient":""},"tablet":{"background-color":"var(--ast-global-color-5)","background-image":"","background-repeat":"repeat","background-position":"center center","background-size":"auto","background-attachment":"scroll","background-type":"","background-media":"","overlay-type":"","overlay-color":"","overlay-opacity":"","overlay-gradient":""},"mobile":{"background-color":"var(--ast-global-color-5)","background-image":"","background-repeat":"repeat","background-position":"center center","background-size":"auto","background-attachment":"scroll","background-type":"","background-media":"","overlay-type":"","overlay-color":"","overlay-opacity":"","overlay-gradient":""}},"_jetpack_memberships_contains_paid_content":false,"_joinchat":[],"footnotes":""},"categories":[2675,2098,3557],"tags":[3344,22085,2476,22081,5896,22083,22082,22079,22080],"class_list":["post-74713","post","type-post","status-publish","format-standard","has-post-thumbnail","hentry","category-delicias","category-historias","category-tercera","tag-asado","tag-brasas","tag-carne","tag-cortes","tag-delicias-y-placeres","tag-falda","tag-parrilla","tag-t-bone","tag-tomahawk"],"yoast_head":"<!-- This site is optimized with the Yoast SEO plugin v26.8 - https:\/\/yoast.com\/product\/yoast-seo-wordpress\/ -->\n<title>De la falda y el vac\u00edo al \u201cTomahawk\u201d y el \u201cT-bone\u201d: Los nuevos cortes que seducen en la parrilla - El Regional<\/title>\n<meta name=\"robots\" content=\"index, follow, max-snippet:-1, max-image-preview:large, max-video-preview:-1\" \/>\n<link rel=\"canonical\" href=\"http:\/\/elregionalvm.com.ar\/noticias-villa-maria\/de-la-falda-y-el-vacio-al-tomahawk-y-el-t-bone-los-nuevos-cortes-ganan-espacio-en-la-parrilla\/\" \/>\n<meta property=\"og:locale\" content=\"es_ES\" \/>\n<meta property=\"og:type\" content=\"article\" \/>\n<meta property=\"og:title\" content=\"De la falda y el vac\u00edo al \u201cTomahawk\u201d y el \u201cT-bone\u201d: Los nuevos cortes que seducen en la parrilla - El Regional\" \/>\n<meta property=\"og:description\" content=\"Nadie puede negar que la parrilla argentina se ha ido nutriendo de nuevos cortes, modalidades de cocci\u00f3n y hasta de nombres algo raros a los que se les pierde el temor una vez que probamos esa carne bien asada. Veamos los casos del \u201cTomahawk\u201d y del \u201cT- Bone\u201d. Vac\u00edo, costilla, marucha, matambre, falda, choris, morcilla [&hellip;]\" \/>\n<meta property=\"og:url\" content=\"http:\/\/elregionalvm.com.ar\/noticias-villa-maria\/de-la-falda-y-el-vacio-al-tomahawk-y-el-t-bone-los-nuevos-cortes-ganan-espacio-en-la-parrilla\/\" \/>\n<meta property=\"og:site_name\" content=\"El Regional\" \/>\n<meta property=\"article:publisher\" content=\"https:\/\/www.facebook.com\/elregionalvm\" \/>\n<meta property=\"article:published_time\" content=\"2023-04-14T20:01:17+00:00\" \/>\n<meta property=\"article:modified_time\" content=\"2023-04-20T12:33:21+00:00\" \/>\n<meta property=\"og:image\" content=\"http:\/\/elregionalvm.com.ar\/noticias-villa-maria\/wp-content\/uploads\/2023\/04\/tomahawk-parrilla.png\" \/>\n\t<meta property=\"og:image:width\" content=\"800\" \/>\n\t<meta property=\"og:image:height\" content=\"500\" \/>\n\t<meta property=\"og:image:type\" content=\"image\/png\" \/>\n<meta name=\"author\" content=\"Contenidos El Regional\" \/>\n<meta name=\"twitter:card\" content=\"summary_large_image\" \/>\n<meta name=\"twitter:creator\" content=\"@elregionalvm1\" \/>\n<meta name=\"twitter:site\" content=\"@elregionalvm1\" \/>\n<meta name=\"twitter:label1\" content=\"Escrito por\" \/>\n\t<meta name=\"twitter:data1\" content=\"Contenidos El Regional\" \/>\n\t<meta name=\"twitter:label2\" content=\"Tiempo de lectura\" \/>\n\t<meta name=\"twitter:data2\" content=\"4 minutos\" \/>\n<script type=\"application\/ld+json\" class=\"yoast-schema-graph\">{\"@context\":\"https:\/\/schema.org\",\"@graph\":[{\"@type\":\"Article\",\"@id\":\"http:\/\/elregionalvm.com.ar\/noticias-villa-maria\/de-la-falda-y-el-vacio-al-tomahawk-y-el-t-bone-los-nuevos-cortes-ganan-espacio-en-la-parrilla\/#article\",\"isPartOf\":{\"@id\":\"http:\/\/elregionalvm.com.ar\/noticias-villa-maria\/de-la-falda-y-el-vacio-al-tomahawk-y-el-t-bone-los-nuevos-cortes-ganan-espacio-en-la-parrilla\/\"},\"author\":{\"name\":\"Contenidos El Regional\",\"@id\":\"http:\/\/elregionalvm.com.ar\/noticias-villa-maria\/#\/schema\/person\/a0fb9c422317faca23d50163151bc354\"},\"headline\":\"De la falda y el vac\u00edo al \u201cTomahawk\u201d y el \u201cT-bone\u201d: Los nuevos cortes que seducen en la parrilla\",\"datePublished\":\"2023-04-14T20:01:17+00:00\",\"dateModified\":\"2023-04-20T12:33:21+00:00\",\"mainEntityOfPage\":{\"@id\":\"http:\/\/elregionalvm.com.ar\/noticias-villa-maria\/de-la-falda-y-el-vacio-al-tomahawk-y-el-t-bone-los-nuevos-cortes-ganan-espacio-en-la-parrilla\/\"},\"wordCount\":634,\"commentCount\":0,\"image\":{\"@id\":\"http:\/\/elregionalvm.com.ar\/noticias-villa-maria\/de-la-falda-y-el-vacio-al-tomahawk-y-el-t-bone-los-nuevos-cortes-ganan-espacio-en-la-parrilla\/#primaryimage\"},\"thumbnailUrl\":\"https:\/\/i0.wp.com\/elregionalvm.com.ar\/noticias-villa-maria\/wp-content\/uploads\/2023\/04\/tomahawk-parrilla.png?fit=800%2C500&ssl=1\",\"keywords\":[\"asado\",\"brasas\",\"carn\u00e9\",\"cortes\",\"delicias y placeres\",\"falda\",\"parrilla\",\"t-bone\",\"tomahawk\"],\"articleSection\":[\"Delicias y placeres\",\"Historias\",\"tercera\"],\"inLanguage\":\"es\",\"potentialAction\":[{\"@type\":\"CommentAction\",\"name\":\"Comment\",\"target\":[\"http:\/\/elregionalvm.com.ar\/noticias-villa-maria\/de-la-falda-y-el-vacio-al-tomahawk-y-el-t-bone-los-nuevos-cortes-ganan-espacio-en-la-parrilla\/#respond\"]}]},{\"@type\":\"WebPage\",\"@id\":\"http:\/\/elregionalvm.com.ar\/noticias-villa-maria\/de-la-falda-y-el-vacio-al-tomahawk-y-el-t-bone-los-nuevos-cortes-ganan-espacio-en-la-parrilla\/\",\"url\":\"http:\/\/elregionalvm.com.ar\/noticias-villa-maria\/de-la-falda-y-el-vacio-al-tomahawk-y-el-t-bone-los-nuevos-cortes-ganan-espacio-en-la-parrilla\/\",\"name\":\"De la falda y el vac\u00edo al \u201cTomahawk\u201d y el \u201cT-bone\u201d: Los nuevos cortes que seducen en la parrilla - El Regional\",\"isPartOf\":{\"@id\":\"http:\/\/elregionalvm.com.ar\/noticias-villa-maria\/#website\"},\"primaryImageOfPage\":{\"@id\":\"http:\/\/elregionalvm.com.ar\/noticias-villa-maria\/de-la-falda-y-el-vacio-al-tomahawk-y-el-t-bone-los-nuevos-cortes-ganan-espacio-en-la-parrilla\/#primaryimage\"},\"image\":{\"@id\":\"http:\/\/elregionalvm.com.ar\/noticias-villa-maria\/de-la-falda-y-el-vacio-al-tomahawk-y-el-t-bone-los-nuevos-cortes-ganan-espacio-en-la-parrilla\/#primaryimage\"},\"thumbnailUrl\":\"https:\/\/i0.wp.com\/elregionalvm.com.ar\/noticias-villa-maria\/wp-content\/uploads\/2023\/04\/tomahawk-parrilla.png?fit=800%2C500&ssl=1\",\"datePublished\":\"2023-04-14T20:01:17+00:00\",\"dateModified\":\"2023-04-20T12:33:21+00:00\",\"author\":{\"@id\":\"http:\/\/elregionalvm.com.ar\/noticias-villa-maria\/#\/schema\/person\/a0fb9c422317faca23d50163151bc354\"},\"breadcrumb\":{\"@id\":\"http:\/\/elregionalvm.com.ar\/noticias-villa-maria\/de-la-falda-y-el-vacio-al-tomahawk-y-el-t-bone-los-nuevos-cortes-ganan-espacio-en-la-parrilla\/#breadcrumb\"},\"inLanguage\":\"es\",\"potentialAction\":[{\"@type\":\"ReadAction\",\"target\":[\"http:\/\/elregionalvm.com.ar\/noticias-villa-maria\/de-la-falda-y-el-vacio-al-tomahawk-y-el-t-bone-los-nuevos-cortes-ganan-espacio-en-la-parrilla\/\"]}]},{\"@type\":\"ImageObject\",\"inLanguage\":\"es\",\"@id\":\"http:\/\/elregionalvm.com.ar\/noticias-villa-maria\/de-la-falda-y-el-vacio-al-tomahawk-y-el-t-bone-los-nuevos-cortes-ganan-espacio-en-la-parrilla\/#primaryimage\",\"url\":\"https:\/\/i0.wp.com\/elregionalvm.com.ar\/noticias-villa-maria\/wp-content\/uploads\/2023\/04\/tomahawk-parrilla.png?fit=800%2C500&ssl=1\",\"contentUrl\":\"https:\/\/i0.wp.com\/elregionalvm.com.ar\/noticias-villa-maria\/wp-content\/uploads\/2023\/04\/tomahawk-parrilla.png?fit=800%2C500&ssl=1\",\"width\":800,\"height\":500},{\"@type\":\"BreadcrumbList\",\"@id\":\"http:\/\/elregionalvm.com.ar\/noticias-villa-maria\/de-la-falda-y-el-vacio-al-tomahawk-y-el-t-bone-los-nuevos-cortes-ganan-espacio-en-la-parrilla\/#breadcrumb\",\"itemListElement\":[{\"@type\":\"ListItem\",\"position\":1,\"name\":\"Portada\",\"item\":\"https:\/\/elregionalvm.com.ar\/noticias-villa-maria\/\"},{\"@type\":\"ListItem\",\"position\":2,\"name\":\"De la falda y el vac\u00edo al \u201cTomahawk\u201d y el \u201cT-bone\u201d: Los nuevos cortes que seducen en la parrilla\"}]},{\"@type\":\"WebSite\",\"@id\":\"http:\/\/elregionalvm.com.ar\/noticias-villa-maria\/#website\",\"url\":\"http:\/\/elregionalvm.com.ar\/noticias-villa-maria\/\",\"name\":\"El Regional\",\"description\":\"Mucho m\u00e1s que informaci\u00f3n\",\"potentialAction\":[{\"@type\":\"SearchAction\",\"target\":{\"@type\":\"EntryPoint\",\"urlTemplate\":\"http:\/\/elregionalvm.com.ar\/noticias-villa-maria\/?s={search_term_string}\"},\"query-input\":{\"@type\":\"PropertyValueSpecification\",\"valueRequired\":true,\"valueName\":\"search_term_string\"}}],\"inLanguage\":\"es\"},{\"@type\":\"Person\",\"@id\":\"http:\/\/elregionalvm.com.ar\/noticias-villa-maria\/#\/schema\/person\/a0fb9c422317faca23d50163151bc354\",\"name\":\"Contenidos El Regional\",\"image\":{\"@type\":\"ImageObject\",\"inLanguage\":\"es\",\"@id\":\"http:\/\/elregionalvm.com.ar\/noticias-villa-maria\/#\/schema\/person\/image\/\",\"url\":\"https:\/\/secure.gravatar.com\/avatar\/265b27cb2209af7bb3a1318f03305787d7981a5cc6e6cd08fe5a4ecdf99d4b48?s=96&d=mm&r=g\",\"contentUrl\":\"https:\/\/secure.gravatar.com\/avatar\/265b27cb2209af7bb3a1318f03305787d7981a5cc6e6cd08fe5a4ecdf99d4b48?s=96&d=mm&r=g\",\"caption\":\"Contenidos El Regional\"},\"url\":\"https:\/\/elregionalvm.com.ar\/noticias-villa-maria\/author\/contenido\/\"}]}<\/script>\n<!-- \/ Yoast SEO plugin. -->","yoast_head_json":{"title":"De la falda y el vac\u00edo al \u201cTomahawk\u201d y el \u201cT-bone\u201d: Los nuevos cortes que seducen en la parrilla - El Regional","robots":{"index":"index","follow":"follow","max-snippet":"max-snippet:-1","max-image-preview":"max-image-preview:large","max-video-preview":"max-video-preview:-1"},"canonical":"http:\/\/elregionalvm.com.ar\/noticias-villa-maria\/de-la-falda-y-el-vacio-al-tomahawk-y-el-t-bone-los-nuevos-cortes-ganan-espacio-en-la-parrilla\/","og_locale":"es_ES","og_type":"article","og_title":"De la falda y el vac\u00edo al \u201cTomahawk\u201d y el \u201cT-bone\u201d: Los nuevos cortes que seducen en la parrilla - El Regional","og_description":"Nadie puede negar que la parrilla argentina se ha ido nutriendo de nuevos cortes, modalidades de cocci\u00f3n y hasta de nombres algo raros a los que se les pierde el temor una vez que probamos esa carne bien asada. Veamos los casos del \u201cTomahawk\u201d y del \u201cT- Bone\u201d. Vac\u00edo, costilla, marucha, matambre, falda, choris, morcilla [&hellip;]","og_url":"http:\/\/elregionalvm.com.ar\/noticias-villa-maria\/de-la-falda-y-el-vacio-al-tomahawk-y-el-t-bone-los-nuevos-cortes-ganan-espacio-en-la-parrilla\/","og_site_name":"El Regional","article_publisher":"https:\/\/www.facebook.com\/elregionalvm","article_published_time":"2023-04-14T20:01:17+00:00","article_modified_time":"2023-04-20T12:33:21+00:00","og_image":[{"width":800,"height":500,"url":"http:\/\/elregionalvm.com.ar\/noticias-villa-maria\/wp-content\/uploads\/2023\/04\/tomahawk-parrilla.png","type":"image\/png"}],"author":"Contenidos El Regional","twitter_card":"summary_large_image","twitter_creator":"@elregionalvm1","twitter_site":"@elregionalvm1","twitter_misc":{"Escrito por":"Contenidos El Regional","Tiempo de lectura":"4 minutos"},"schema":{"@context":"https:\/\/schema.org","@graph":[{"@type":"Article","@id":"http:\/\/elregionalvm.com.ar\/noticias-villa-maria\/de-la-falda-y-el-vacio-al-tomahawk-y-el-t-bone-los-nuevos-cortes-ganan-espacio-en-la-parrilla\/#article","isPartOf":{"@id":"http:\/\/elregionalvm.com.ar\/noticias-villa-maria\/de-la-falda-y-el-vacio-al-tomahawk-y-el-t-bone-los-nuevos-cortes-ganan-espacio-en-la-parrilla\/"},"author":{"name":"Contenidos El Regional","@id":"http:\/\/elregionalvm.com.ar\/noticias-villa-maria\/#\/schema\/person\/a0fb9c422317faca23d50163151bc354"},"headline":"De la falda y el vac\u00edo al \u201cTomahawk\u201d y el \u201cT-bone\u201d: Los nuevos cortes que seducen en la parrilla","datePublished":"2023-04-14T20:01:17+00:00","dateModified":"2023-04-20T12:33:21+00:00","mainEntityOfPage":{"@id":"http:\/\/elregionalvm.com.ar\/noticias-villa-maria\/de-la-falda-y-el-vacio-al-tomahawk-y-el-t-bone-los-nuevos-cortes-ganan-espacio-en-la-parrilla\/"},"wordCount":634,"commentCount":0,"image":{"@id":"http:\/\/elregionalvm.com.ar\/noticias-villa-maria\/de-la-falda-y-el-vacio-al-tomahawk-y-el-t-bone-los-nuevos-cortes-ganan-espacio-en-la-parrilla\/#primaryimage"},"thumbnailUrl":"https:\/\/i0.wp.com\/elregionalvm.com.ar\/noticias-villa-maria\/wp-content\/uploads\/2023\/04\/tomahawk-parrilla.png?fit=800%2C500&ssl=1","keywords":["asado","brasas","carn\u00e9","cortes","delicias y placeres","falda","parrilla","t-bone","tomahawk"],"articleSection":["Delicias y placeres","Historias","tercera"],"inLanguage":"es","potentialAction":[{"@type":"CommentAction","name":"Comment","target":["http:\/\/elregionalvm.com.ar\/noticias-villa-maria\/de-la-falda-y-el-vacio-al-tomahawk-y-el-t-bone-los-nuevos-cortes-ganan-espacio-en-la-parrilla\/#respond"]}]},{"@type":"WebPage","@id":"http:\/\/elregionalvm.com.ar\/noticias-villa-maria\/de-la-falda-y-el-vacio-al-tomahawk-y-el-t-bone-los-nuevos-cortes-ganan-espacio-en-la-parrilla\/","url":"http:\/\/elregionalvm.com.ar\/noticias-villa-maria\/de-la-falda-y-el-vacio-al-tomahawk-y-el-t-bone-los-nuevos-cortes-ganan-espacio-en-la-parrilla\/","name":"De la falda y el vac\u00edo al \u201cTomahawk\u201d y el \u201cT-bone\u201d: Los nuevos cortes que seducen en la parrilla - El Regional","isPartOf":{"@id":"http:\/\/elregionalvm.com.ar\/noticias-villa-maria\/#website"},"primaryImageOfPage":{"@id":"http:\/\/elregionalvm.com.ar\/noticias-villa-maria\/de-la-falda-y-el-vacio-al-tomahawk-y-el-t-bone-los-nuevos-cortes-ganan-espacio-en-la-parrilla\/#primaryimage"},"image":{"@id":"http:\/\/elregionalvm.com.ar\/noticias-villa-maria\/de-la-falda-y-el-vacio-al-tomahawk-y-el-t-bone-los-nuevos-cortes-ganan-espacio-en-la-parrilla\/#primaryimage"},"thumbnailUrl":"https:\/\/i0.wp.com\/elregionalvm.com.ar\/noticias-villa-maria\/wp-content\/uploads\/2023\/04\/tomahawk-parrilla.png?fit=800%2C500&ssl=1","datePublished":"2023-04-14T20:01:17+00:00","dateModified":"2023-04-20T12:33:21+00:00","author":{"@id":"http:\/\/elregionalvm.com.ar\/noticias-villa-maria\/#\/schema\/person\/a0fb9c422317faca23d50163151bc354"},"breadcrumb":{"@id":"http:\/\/elregionalvm.com.ar\/noticias-villa-maria\/de-la-falda-y-el-vacio-al-tomahawk-y-el-t-bone-los-nuevos-cortes-ganan-espacio-en-la-parrilla\/#breadcrumb"},"inLanguage":"es","potentialAction":[{"@type":"ReadAction","target":["http:\/\/elregionalvm.com.ar\/noticias-villa-maria\/de-la-falda-y-el-vacio-al-tomahawk-y-el-t-bone-los-nuevos-cortes-ganan-espacio-en-la-parrilla\/"]}]},{"@type":"ImageObject","inLanguage":"es","@id":"http:\/\/elregionalvm.com.ar\/noticias-villa-maria\/de-la-falda-y-el-vacio-al-tomahawk-y-el-t-bone-los-nuevos-cortes-ganan-espacio-en-la-parrilla\/#primaryimage","url":"https:\/\/i0.wp.com\/elregionalvm.com.ar\/noticias-villa-maria\/wp-content\/uploads\/2023\/04\/tomahawk-parrilla.png?fit=800%2C500&ssl=1","contentUrl":"https:\/\/i0.wp.com\/elregionalvm.com.ar\/noticias-villa-maria\/wp-content\/uploads\/2023\/04\/tomahawk-parrilla.png?fit=800%2C500&ssl=1","width":800,"height":500},{"@type":"BreadcrumbList","@id":"http:\/\/elregionalvm.com.ar\/noticias-villa-maria\/de-la-falda-y-el-vacio-al-tomahawk-y-el-t-bone-los-nuevos-cortes-ganan-espacio-en-la-parrilla\/#breadcrumb","itemListElement":[{"@type":"ListItem","position":1,"name":"Portada","item":"https:\/\/elregionalvm.com.ar\/noticias-villa-maria\/"},{"@type":"ListItem","position":2,"name":"De la falda y el vac\u00edo al \u201cTomahawk\u201d y el \u201cT-bone\u201d: Los nuevos cortes que seducen en la parrilla"}]},{"@type":"WebSite","@id":"http:\/\/elregionalvm.com.ar\/noticias-villa-maria\/#website","url":"http:\/\/elregionalvm.com.ar\/noticias-villa-maria\/","name":"El Regional","description":"Mucho m\u00e1s que informaci\u00f3n","potentialAction":[{"@type":"SearchAction","target":{"@type":"EntryPoint","urlTemplate":"http:\/\/elregionalvm.com.ar\/noticias-villa-maria\/?s={search_term_string}"},"query-input":{"@type":"PropertyValueSpecification","valueRequired":true,"valueName":"search_term_string"}}],"inLanguage":"es"},{"@type":"Person","@id":"http:\/\/elregionalvm.com.ar\/noticias-villa-maria\/#\/schema\/person\/a0fb9c422317faca23d50163151bc354","name":"Contenidos El Regional","image":{"@type":"ImageObject","inLanguage":"es","@id":"http:\/\/elregionalvm.com.ar\/noticias-villa-maria\/#\/schema\/person\/image\/","url":"https:\/\/secure.gravatar.com\/avatar\/265b27cb2209af7bb3a1318f03305787d7981a5cc6e6cd08fe5a4ecdf99d4b48?s=96&d=mm&r=g","contentUrl":"https:\/\/secure.gravatar.com\/avatar\/265b27cb2209af7bb3a1318f03305787d7981a5cc6e6cd08fe5a4ecdf99d4b48?s=96&d=mm&r=g","caption":"Contenidos El Regional"},"url":"https:\/\/elregionalvm.com.ar\/noticias-villa-maria\/author\/contenido\/"}]}},"jetpack_featured_media_url":"https:\/\/i0.wp.com\/elregionalvm.com.ar\/noticias-villa-maria\/wp-content\/uploads\/2023\/04\/tomahawk-parrilla.png?fit=800%2C500&ssl=1","jetpack_sharing_enabled":true,"_links":{"self":[{"href":"https:\/\/elregionalvm.com.ar\/noticias-villa-maria\/wp-json\/wp\/v2\/posts\/74713","targetHints":{"allow":["GET"]}}],"collection":[{"href":"https:\/\/elregionalvm.com.ar\/noticias-villa-maria\/wp-json\/wp\/v2\/posts"}],"about":[{"href":"https:\/\/elregionalvm.com.ar\/noticias-villa-maria\/wp-json\/wp\/v2\/types\/post"}],"author":[{"embeddable":true,"href":"https:\/\/elregionalvm.com.ar\/noticias-villa-maria\/wp-json\/wp\/v2\/users\/4"}],"replies":[{"embeddable":true,"href":"https:\/\/elregionalvm.com.ar\/noticias-villa-maria\/wp-json\/wp\/v2\/comments?post=74713"}],"version-history":[{"count":3,"href":"https:\/\/elregionalvm.com.ar\/noticias-villa-maria\/wp-json\/wp\/v2\/posts\/74713\/revisions"}],"predecessor-version":[{"id":74763,"href":"https:\/\/elregionalvm.com.ar\/noticias-villa-maria\/wp-json\/wp\/v2\/posts\/74713\/revisions\/74763"}],"wp:featuredmedia":[{"embeddable":true,"href":"https:\/\/elregionalvm.com.ar\/noticias-villa-maria\/wp-json\/wp\/v2\/media\/74715"}],"wp:attachment":[{"href":"https:\/\/elregionalvm.com.ar\/noticias-villa-maria\/wp-json\/wp\/v2\/media?parent=74713"}],"wp:term":[{"taxonomy":"category","embeddable":true,"href":"https:\/\/elregionalvm.com.ar\/noticias-villa-maria\/wp-json\/wp\/v2\/categories?post=74713"},{"taxonomy":"post_tag","embeddable":true,"href":"https:\/\/elregionalvm.com.ar\/noticias-villa-maria\/wp-json\/wp\/v2\/tags?post=74713"}],"curies":[{"name":"wp","href":"https:\/\/api.w.org\/{rel}","templated":true}]}}