{"id":75464,"date":"2023-04-28T02:44:26","date_gmt":"2023-04-28T02:44:26","guid":{"rendered":"https:\/\/elregionalvm.com.ar\/noticias-villa-maria\/?p=75464"},"modified":"2023-05-01T02:00:49","modified_gmt":"2023-05-01T02:00:49","slug":"opinion-mas-que-al-dolar-el-proximo-gobierno-le-tiene-que-tener-miedo-a-la-disfuncionalidad-del-estado","status":"publish","type":"post","link":"https:\/\/elregionalvm.com.ar\/noticias-villa-maria\/opinion-mas-que-al-dolar-el-proximo-gobierno-le-tiene-que-tener-miedo-a-la-disfuncionalidad-del-estado\/","title":{"rendered":"[Opini\u00f3n] M\u00e1s que al d\u00f3lar, el pr\u00f3ximo Gobierno le tiene que tener miedo a la disfuncionalidad del Estado"},"content":{"rendered":"\n<p><\/p>\n\n\n\n<h3 class=\"wp-block-heading\"><strong>Si no se ordena el Estado, el pr\u00f3ximo Gobierno fracasa por m\u00e1s \u201cvientos de cola\u201d que tenga la suerte de tener.<\/strong><\/h3>\n\n\n\n<p><\/p>\n\n\n\n<p><strong>Escribe: Jorge Colina (Presidente de IDESA)<\/strong><\/p>\n\n\n\n<p><\/p>\n\n\n\n<p>El salto del d\u00f3lar paralelo genera zozobra y da la sensaci\u00f3n de estar entrando a una fase de descontrol. De todas formas, $500 no es el nivel m\u00e1s alto, en t\u00e9rminos reales, que el d\u00f3lar tom\u00f3 en los \u00faltimos 2 a\u00f1os.<\/p>\n\n\n\n<p>En marzo del 2021, el d\u00f3lar paralelo estaba en $145 que representan $500 en t\u00e9rminos reales a precio de hoy. <\/p>\n\n\n\n<p>De hecho en diciembre del 2021 lleg\u00f3 a $200 y durante el per\u00edodo marzo \u2013 diciembre del 2021 estuvo por encima de los $500 a precios actuales.<\/p>\n\n\n\n<p>El salto que pega ahora es, de nuevo, una recomposici\u00f3n del d\u00f3lar paralelo en t\u00e9rminos reales a consecuencia de la aceleraci\u00f3n inflacionaria. <\/p>\n\n\n\n<p>Desde la salida del ministro Mart\u00edn Guzm\u00e1n, el d\u00f3lar paralelo se mantuvo estable en alrededor de $300 y a comienzo de este a\u00f1o se mantuvo alrededor de los $370. Esto vendr\u00eda a ser unos $430 a precios actuales.<\/p>\n\n\n\n<p>En suma, el d\u00f3lar paralelo no dej\u00f3 de acompa\u00f1ar por detr\u00e1s a la inflaci\u00f3n. La inflaci\u00f3n va primero y el d\u00f3lar paralelo sigue por detr\u00e1s.<\/p>\n\n\n\n<p><\/p>\n\n\n\n<figure class=\"wp-block-image size-large\"><img data-recalc-dims=\"1\" fetchpriority=\"high\" decoding=\"async\" width=\"1024\" height=\"576\" src=\"https:\/\/i0.wp.com\/elregionalvm.com.ar\/noticias-villa-maria\/wp-content\/uploads\/2021\/06\/Banco-central-reservas-dolares.jpg?resize=1024%2C576&#038;ssl=1\" alt=\"\" class=\"wp-image-39377\" srcset=\"https:\/\/i0.wp.com\/elregionalvm.com.ar\/noticias-villa-maria\/wp-content\/uploads\/2021\/06\/Banco-central-reservas-dolares.jpg?resize=1024%2C576&amp;ssl=1 1024w, https:\/\/i0.wp.com\/elregionalvm.com.ar\/noticias-villa-maria\/wp-content\/uploads\/2021\/06\/Banco-central-reservas-dolares.jpg?resize=300%2C169&amp;ssl=1 300w, https:\/\/i0.wp.com\/elregionalvm.com.ar\/noticias-villa-maria\/wp-content\/uploads\/2021\/06\/Banco-central-reservas-dolares.jpg?resize=768%2C432&amp;ssl=1 768w, https:\/\/i0.wp.com\/elregionalvm.com.ar\/noticias-villa-maria\/wp-content\/uploads\/2021\/06\/Banco-central-reservas-dolares.jpg?w=1200&amp;ssl=1 1200w\" sizes=\"(max-width: 1000px) 100vw, 1000px\" \/><\/figure>\n\n\n\n<p><\/p>\n\n\n\n<p>Obviamente que esto puede cambiar. Cuando se miran los agregados monetarios aparece que la demanda de dinero (efectivo, cuentas corrientes y cajas de ahorro) aumenta por debajo de la inflaci\u00f3n, mientras que los plazos fijos lo hacen por encima de la inflaci\u00f3n lo cual se\u00f1ala que lo que est\u00e1 sosteniendo la monetizaci\u00f3n es la tasa de inter\u00e9s.<\/p>\n\n\n\n<p>Si el Gobierno quiere seguir estirando el desenlace (que ser\u00eda una devaluaci\u00f3n fuerte del tipo de cambio oficial), tiene que pasar a tasas de inter\u00e9s por encima de la inflaci\u00f3n en un marco donde ya hay recesi\u00f3n. Pero, si el plan es llegar, esto puede llegar a funcionar.<\/p>\n\n\n\n<p><strong>El tema es qu\u00e9 pasa con el pr\u00f3ximo Gobierno<\/strong><\/p>\n\n\n\n<p>Para el nuevo Gobierno, el mayor problema no es el costo social de la devaluaci\u00f3n del tipo de cambio oficial. El mayor problema es qu\u00e9 se hace despu\u00e9s.<\/p>\n\n\n\n<p>Muchos economistas ya advierten esto tambi\u00e9n. A diferencia de la gran devaluaci\u00f3n del 2002, pasada la mega-devaluaci\u00f3n de aquel a\u00f1o, hab\u00eda energ\u00eda, infraestructura, muchos trabajadores calificados desempleados, el salario real formal licuado, y con la incorporaci\u00f3n de China al mercado mundial, los precios internacionales pasaron a volar y la recuperaci\u00f3n econ\u00f3mica se dio casi por espontaneidad gracias al \u201cviento de cola\u201d de China.<\/p>\n\n\n\n<p>Hoy, los precios internacionales siguen volando gracias a la guerra de Ucrania. Sin embargo, el pa\u00eds est\u00e1 postrado porque ya no hay energ\u00eda, no hay infraestructura, no hay suficientes trabajadores calificados.<\/p>\n\n\n\n<p>Por esta raz\u00f3n, esperar que una Ni\u00f1a (que vuelva a llover), que el gasoducto N\u00e9stor Kirchner o el litio sean los nuevos \u201cvientos de cola\u201d de la pr\u00f3xima gesti\u00f3n puede llevar a un nuevo fracaso y frustraci\u00f3n.<\/p>\n\n\n\n<p>Lo m\u00e1s importante y urgente que la pr\u00f3xima gesti\u00f3n debe abordar con disrupci\u00f3n y valent\u00eda pol\u00edtica es un nuevo ordenamiento del Estado.<\/p>\n\n\n\n<p><\/p>\n\n\n\n<figure class=\"wp-block-image size-full\"><img data-recalc-dims=\"1\" decoding=\"async\" width=\"880\" height=\"459\" src=\"https:\/\/i0.wp.com\/elregionalvm.com.ar\/noticias-villa-maria\/wp-content\/uploads\/2022\/06\/Clase-media-billetes-1000-changuito.jpg?resize=880%2C459&#038;ssl=1\" alt=\"\" class=\"wp-image-58788\" srcset=\"https:\/\/i0.wp.com\/elregionalvm.com.ar\/noticias-villa-maria\/wp-content\/uploads\/2022\/06\/Clase-media-billetes-1000-changuito.jpg?w=880&amp;ssl=1 880w, https:\/\/i0.wp.com\/elregionalvm.com.ar\/noticias-villa-maria\/wp-content\/uploads\/2022\/06\/Clase-media-billetes-1000-changuito.jpg?resize=300%2C156&amp;ssl=1 300w, https:\/\/i0.wp.com\/elregionalvm.com.ar\/noticias-villa-maria\/wp-content\/uploads\/2022\/06\/Clase-media-billetes-1000-changuito.jpg?resize=768%2C401&amp;ssl=1 768w\" sizes=\"(max-width: 880px) 100vw, 880px\" \/><\/figure>\n\n\n\n<p><\/p>\n\n\n\n<p>La presi\u00f3n impositiva en Argentina es alta, pero esto no es lo m\u00e1s da\u00f1oso. Lo destructivo es la desorganizaci\u00f3n de los tres niveles de gobierno (naci\u00f3n, provincias y municipios) cobrando los mismos impuestos de manera superpuesta (IVA, Ingresos Brutos, tasas municipales, en el caso de las ventas; Bienes Personales, Inmuebles y Automotor, en el caso del patrimonio).<\/p>\n\n\n\n<p>Tambi\u00e9n los malos incentivos de la coparticipaci\u00f3n que hace que gobernadores e intendentes pongan toda su atenci\u00f3n en recibir la plata desde arriba (el nivel nacional) en lugar de trabajar para la generaci\u00f3n de valor en sus territorios.<\/p>\n\n\n\n<p>Destructiva es la superposici\u00f3n de ministerio, secretar\u00edas, direcciones y reparticiones a nivel nacional, provincial y municipal que se estorban haciendo lo mismo en materia de salud, educaci\u00f3n, asistencia social, medio ambiente, seguridad.<\/p>\n\n\n\n<p>Por esta raz\u00f3n, los ciudadanos est\u00e1n agobiados por los malos impuestos superpuestos y desprotegidos porque no reciben servicios y, si los reciben, son de p\u00e9sima calidad por parte de un Estado totalmente disfuncional en sus tres niveles de gobierno.<\/p>\n\n\n\n<p><\/p>\n\n\n\n<p><strong>Esto requiere un nuevo ordenamiento del Estado<\/strong><\/p>\n\n\n\n<p><\/p>\n\n\n\n<p>Este nuevo ordenamiento consiste en unificar impuestos de los tres niveles de gobierno, eliminar la coparticipaci\u00f3n y en su reemplazo distribuir las fuentes tributarias (la Naci\u00f3n se financia con impuestos al comercio exterior y a los ingresos; las provincias con el impuesto a las ventas y al patrimonio que se genere en sus territorios) y eliminar los programas nacionales que invaden funciones provinciales y municipales para que quede claro que las funciones sociales son exclusiva responsabilidad de las provincia y los municipios.<\/p>\n\n\n\n<p>Los ministerios nacionales de Salud, Educaci\u00f3n, Desarrollo Social, Ambiente y Vivienda deber\u00edan ser reconvertidos en agencias nacionales de medici\u00f3n de resultados de las provincias y los municipios.<\/p>\n\n\n\n<p>Si no se ordena el Estado, el pr\u00f3ximo Gobierno fracasa por m\u00e1s \u201cvientos de cola\u201d que tenga la suerte de tener.\u00a0\u00a0<\/p>\n\n\n\n<p><\/p>\n\n\n\n<p><em>Fuente: El Economista<\/em><\/p>\n","protected":false},"excerpt":{"rendered":"<p>Si no se ordena el Estado, el pr\u00f3ximo Gobierno fracasa por m\u00e1s \u201cvientos de cola\u201d que tenga la suerte de tener. Escribe: Jorge Colina (Presidente de IDESA) El salto del d\u00f3lar paralelo genera zozobra y da la sensaci\u00f3n de estar entrando a una fase de descontrol. De todas formas, $500 no es el nivel m\u00e1s [&hellip;]<\/p>\n","protected":false},"author":4,"featured_media":75466,"comment_status":"open","ping_status":"open","sticky":false,"template":"","format":"standard","meta":{"site-sidebar-layout":"default","site-content-layout":"","ast-site-content-layout":"default","site-content-style":"default","site-sidebar-style":"default","ast-global-header-display":"","ast-banner-title-visibility":"","ast-main-header-display":"","ast-hfb-above-header-display":"","ast-hfb-below-header-display":"","ast-hfb-mobile-header-display":"","site-post-title":"","ast-breadcrumbs-content":"","ast-featured-img":"","footer-sml-layout":"","ast-disable-related-posts":"","theme-transparent-header-meta":"","adv-header-id-meta":"","stick-header-meta":"","header-above-stick-meta":"","header-main-stick-meta":"","header-below-stick-meta":"","astra-migrate-meta-layouts":"default","ast-page-background-enabled":"default","ast-page-background-meta":{"desktop":{"background-color":"","background-image":"","background-repeat":"repeat","background-position":"center center","background-size":"auto","background-attachment":"scroll","background-type":"","background-media":"","overlay-type":"","overlay-color":"","overlay-opacity":"","overlay-gradient":""},"tablet":{"background-color":"","background-image":"","background-repeat":"repeat","background-position":"center center","background-size":"auto","background-attachment":"scroll","background-type":"","background-media":"","overlay-type":"","overlay-color":"","overlay-opacity":"","overlay-gradient":""},"mobile":{"background-color":"","background-image":"","background-repeat":"repeat","background-position":"center center","background-size":"auto","background-attachment":"scroll","background-type":"","background-media":"","overlay-type":"","overlay-color":"","overlay-opacity":"","overlay-gradient":""}},"ast-content-background-meta":{"desktop":{"background-color":"var(--ast-global-color-5)","background-image":"","background-repeat":"repeat","background-position":"center center","background-size":"auto","background-attachment":"scroll","background-type":"","background-media":"","overlay-type":"","overlay-color":"","overlay-opacity":"","overlay-gradient":""},"tablet":{"background-color":"var(--ast-global-color-5)","background-image":"","background-repeat":"repeat","background-position":"center center","background-size":"auto","background-attachment":"scroll","background-type":"","background-media":"","overlay-type":"","overlay-color":"","overlay-opacity":"","overlay-gradient":""},"mobile":{"background-color":"var(--ast-global-color-5)","background-image":"","background-repeat":"repeat","background-position":"center center","background-size":"auto","background-attachment":"scroll","background-type":"","background-media":"","overlay-type":"","overlay-color":"","overlay-opacity":"","overlay-gradient":""}},"_jetpack_memberships_contains_paid_content":false,"_joinchat":[],"footnotes":""},"categories":[365,3557],"tags":[1005,22156,903,10475,798,11524,3734,1973,2467],"class_list":["post-75464","post","type-post","status-publish","format-standard","has-post-thumbnail","hentry","category-opinion","category-tercera","tag-casa-rosada","tag-desorden","tag-dolar","tag-dolar-blue","tag-estado","tag-fracaso","tag-gobierno-nacional","tag-idesa","tag-inflacion"],"yoast_head":"<!-- This site is optimized with the Yoast SEO plugin v26.8 - https:\/\/yoast.com\/product\/yoast-seo-wordpress\/ -->\n<title>[Opini\u00f3n] M\u00e1s que al d\u00f3lar, el pr\u00f3ximo Gobierno le tiene que tener miedo a la disfuncionalidad del Estado - El Regional<\/title>\n<meta name=\"robots\" content=\"index, follow, max-snippet:-1, max-image-preview:large, max-video-preview:-1\" \/>\n<link rel=\"canonical\" href=\"http:\/\/elregionalvm.com.ar\/noticias-villa-maria\/opinion-mas-que-al-dolar-el-proximo-gobierno-le-tiene-que-tener-miedo-a-la-disfuncionalidad-del-estado\/\" \/>\n<meta property=\"og:locale\" content=\"es_ES\" \/>\n<meta property=\"og:type\" content=\"article\" \/>\n<meta property=\"og:title\" content=\"[Opini\u00f3n] M\u00e1s que al d\u00f3lar, el pr\u00f3ximo Gobierno le tiene que tener miedo a la disfuncionalidad del Estado - El Regional\" \/>\n<meta property=\"og:description\" content=\"Si no se ordena el Estado, el pr\u00f3ximo Gobierno fracasa por m\u00e1s \u201cvientos de cola\u201d que tenga la suerte de tener. Escribe: Jorge Colina (Presidente de IDESA) El salto del d\u00f3lar paralelo genera zozobra y da la sensaci\u00f3n de estar entrando a una fase de descontrol. De todas formas, $500 no es el nivel m\u00e1s [&hellip;]\" \/>\n<meta property=\"og:url\" content=\"http:\/\/elregionalvm.com.ar\/noticias-villa-maria\/opinion-mas-que-al-dolar-el-proximo-gobierno-le-tiene-que-tener-miedo-a-la-disfuncionalidad-del-estado\/\" \/>\n<meta property=\"og:site_name\" content=\"El Regional\" \/>\n<meta property=\"article:publisher\" content=\"https:\/\/www.facebook.com\/elregionalvm\" \/>\n<meta property=\"article:published_time\" content=\"2023-04-28T02:44:26+00:00\" \/>\n<meta property=\"article:modified_time\" content=\"2023-05-01T02:00:49+00:00\" \/>\n<meta property=\"og:image\" content=\"http:\/\/elregionalvm.com.ar\/noticias-villa-maria\/wp-content\/uploads\/2023\/04\/Dolar-casa-rosada.jpg\" \/>\n\t<meta property=\"og:image:width\" content=\"1193\" \/>\n\t<meta property=\"og:image:height\" content=\"669\" \/>\n\t<meta property=\"og:image:type\" content=\"image\/jpeg\" \/>\n<meta name=\"author\" content=\"Contenidos El Regional\" \/>\n<meta name=\"twitter:card\" content=\"summary_large_image\" \/>\n<meta name=\"twitter:creator\" content=\"@elregionalvm1\" \/>\n<meta name=\"twitter:site\" content=\"@elregionalvm1\" \/>\n<meta name=\"twitter:label1\" content=\"Escrito por\" \/>\n\t<meta name=\"twitter:data1\" content=\"Contenidos El Regional\" \/>\n\t<meta name=\"twitter:label2\" content=\"Tiempo de lectura\" \/>\n\t<meta name=\"twitter:data2\" content=\"5 minutos\" \/>\n<script type=\"application\/ld+json\" class=\"yoast-schema-graph\">{\"@context\":\"https:\/\/schema.org\",\"@graph\":[{\"@type\":\"Article\",\"@id\":\"http:\/\/elregionalvm.com.ar\/noticias-villa-maria\/opinion-mas-que-al-dolar-el-proximo-gobierno-le-tiene-que-tener-miedo-a-la-disfuncionalidad-del-estado\/#article\",\"isPartOf\":{\"@id\":\"http:\/\/elregionalvm.com.ar\/noticias-villa-maria\/opinion-mas-que-al-dolar-el-proximo-gobierno-le-tiene-que-tener-miedo-a-la-disfuncionalidad-del-estado\/\"},\"author\":{\"name\":\"Contenidos El Regional\",\"@id\":\"http:\/\/elregionalvm.com.ar\/noticias-villa-maria\/#\/schema\/person\/a0fb9c422317faca23d50163151bc354\"},\"headline\":\"[Opini\u00f3n] M\u00e1s que al d\u00f3lar, el pr\u00f3ximo Gobierno le tiene que tener miedo a la disfuncionalidad del Estado\",\"datePublished\":\"2023-04-28T02:44:26+00:00\",\"dateModified\":\"2023-05-01T02:00:49+00:00\",\"mainEntityOfPage\":{\"@id\":\"http:\/\/elregionalvm.com.ar\/noticias-villa-maria\/opinion-mas-que-al-dolar-el-proximo-gobierno-le-tiene-que-tener-miedo-a-la-disfuncionalidad-del-estado\/\"},\"wordCount\":894,\"commentCount\":0,\"image\":{\"@id\":\"http:\/\/elregionalvm.com.ar\/noticias-villa-maria\/opinion-mas-que-al-dolar-el-proximo-gobierno-le-tiene-que-tener-miedo-a-la-disfuncionalidad-del-estado\/#primaryimage\"},\"thumbnailUrl\":\"https:\/\/i0.wp.com\/elregionalvm.com.ar\/noticias-villa-maria\/wp-content\/uploads\/2023\/04\/Dolar-casa-rosada.jpg?fit=1193%2C669&ssl=1\",\"keywords\":[\"Casa Rosada\",\"desorden\",\"dolar\",\"D\u00f3lar Blue\",\"Estado\",\"fracaso\",\"Gobierno Nacional\",\"IDESA\",\"Inflaci\u00f3n\"],\"articleSection\":[\"Opini\u00f3n\",\"tercera\"],\"inLanguage\":\"es\",\"potentialAction\":[{\"@type\":\"CommentAction\",\"name\":\"Comment\",\"target\":[\"http:\/\/elregionalvm.com.ar\/noticias-villa-maria\/opinion-mas-que-al-dolar-el-proximo-gobierno-le-tiene-que-tener-miedo-a-la-disfuncionalidad-del-estado\/#respond\"]}]},{\"@type\":\"WebPage\",\"@id\":\"http:\/\/elregionalvm.com.ar\/noticias-villa-maria\/opinion-mas-que-al-dolar-el-proximo-gobierno-le-tiene-que-tener-miedo-a-la-disfuncionalidad-del-estado\/\",\"url\":\"http:\/\/elregionalvm.com.ar\/noticias-villa-maria\/opinion-mas-que-al-dolar-el-proximo-gobierno-le-tiene-que-tener-miedo-a-la-disfuncionalidad-del-estado\/\",\"name\":\"[Opini\u00f3n] M\u00e1s que al d\u00f3lar, el pr\u00f3ximo Gobierno le tiene que tener miedo a la disfuncionalidad del Estado - El Regional\",\"isPartOf\":{\"@id\":\"http:\/\/elregionalvm.com.ar\/noticias-villa-maria\/#website\"},\"primaryImageOfPage\":{\"@id\":\"http:\/\/elregionalvm.com.ar\/noticias-villa-maria\/opinion-mas-que-al-dolar-el-proximo-gobierno-le-tiene-que-tener-miedo-a-la-disfuncionalidad-del-estado\/#primaryimage\"},\"image\":{\"@id\":\"http:\/\/elregionalvm.com.ar\/noticias-villa-maria\/opinion-mas-que-al-dolar-el-proximo-gobierno-le-tiene-que-tener-miedo-a-la-disfuncionalidad-del-estado\/#primaryimage\"},\"thumbnailUrl\":\"https:\/\/i0.wp.com\/elregionalvm.com.ar\/noticias-villa-maria\/wp-content\/uploads\/2023\/04\/Dolar-casa-rosada.jpg?fit=1193%2C669&ssl=1\",\"datePublished\":\"2023-04-28T02:44:26+00:00\",\"dateModified\":\"2023-05-01T02:00:49+00:00\",\"author\":{\"@id\":\"http:\/\/elregionalvm.com.ar\/noticias-villa-maria\/#\/schema\/person\/a0fb9c422317faca23d50163151bc354\"},\"breadcrumb\":{\"@id\":\"http:\/\/elregionalvm.com.ar\/noticias-villa-maria\/opinion-mas-que-al-dolar-el-proximo-gobierno-le-tiene-que-tener-miedo-a-la-disfuncionalidad-del-estado\/#breadcrumb\"},\"inLanguage\":\"es\",\"potentialAction\":[{\"@type\":\"ReadAction\",\"target\":[\"http:\/\/elregionalvm.com.ar\/noticias-villa-maria\/opinion-mas-que-al-dolar-el-proximo-gobierno-le-tiene-que-tener-miedo-a-la-disfuncionalidad-del-estado\/\"]}]},{\"@type\":\"ImageObject\",\"inLanguage\":\"es\",\"@id\":\"http:\/\/elregionalvm.com.ar\/noticias-villa-maria\/opinion-mas-que-al-dolar-el-proximo-gobierno-le-tiene-que-tener-miedo-a-la-disfuncionalidad-del-estado\/#primaryimage\",\"url\":\"https:\/\/i0.wp.com\/elregionalvm.com.ar\/noticias-villa-maria\/wp-content\/uploads\/2023\/04\/Dolar-casa-rosada.jpg?fit=1193%2C669&ssl=1\",\"contentUrl\":\"https:\/\/i0.wp.com\/elregionalvm.com.ar\/noticias-villa-maria\/wp-content\/uploads\/2023\/04\/Dolar-casa-rosada.jpg?fit=1193%2C669&ssl=1\",\"width\":1193,\"height\":669},{\"@type\":\"BreadcrumbList\",\"@id\":\"http:\/\/elregionalvm.com.ar\/noticias-villa-maria\/opinion-mas-que-al-dolar-el-proximo-gobierno-le-tiene-que-tener-miedo-a-la-disfuncionalidad-del-estado\/#breadcrumb\",\"itemListElement\":[{\"@type\":\"ListItem\",\"position\":1,\"name\":\"Portada\",\"item\":\"https:\/\/elregionalvm.com.ar\/noticias-villa-maria\/\"},{\"@type\":\"ListItem\",\"position\":2,\"name\":\"[Opini\u00f3n] M\u00e1s que al d\u00f3lar, el pr\u00f3ximo Gobierno le tiene que tener miedo a la disfuncionalidad del Estado\"}]},{\"@type\":\"WebSite\",\"@id\":\"http:\/\/elregionalvm.com.ar\/noticias-villa-maria\/#website\",\"url\":\"http:\/\/elregionalvm.com.ar\/noticias-villa-maria\/\",\"name\":\"El Regional\",\"description\":\"Mucho m\u00e1s que informaci\u00f3n\",\"potentialAction\":[{\"@type\":\"SearchAction\",\"target\":{\"@type\":\"EntryPoint\",\"urlTemplate\":\"http:\/\/elregionalvm.com.ar\/noticias-villa-maria\/?s={search_term_string}\"},\"query-input\":{\"@type\":\"PropertyValueSpecification\",\"valueRequired\":true,\"valueName\":\"search_term_string\"}}],\"inLanguage\":\"es\"},{\"@type\":\"Person\",\"@id\":\"http:\/\/elregionalvm.com.ar\/noticias-villa-maria\/#\/schema\/person\/a0fb9c422317faca23d50163151bc354\",\"name\":\"Contenidos El Regional\",\"image\":{\"@type\":\"ImageObject\",\"inLanguage\":\"es\",\"@id\":\"http:\/\/elregionalvm.com.ar\/noticias-villa-maria\/#\/schema\/person\/image\/\",\"url\":\"https:\/\/secure.gravatar.com\/avatar\/265b27cb2209af7bb3a1318f03305787d7981a5cc6e6cd08fe5a4ecdf99d4b48?s=96&d=mm&r=g\",\"contentUrl\":\"https:\/\/secure.gravatar.com\/avatar\/265b27cb2209af7bb3a1318f03305787d7981a5cc6e6cd08fe5a4ecdf99d4b48?s=96&d=mm&r=g\",\"caption\":\"Contenidos El Regional\"},\"url\":\"https:\/\/elregionalvm.com.ar\/noticias-villa-maria\/author\/contenido\/\"}]}<\/script>\n<!-- \/ Yoast SEO plugin. -->","yoast_head_json":{"title":"[Opini\u00f3n] M\u00e1s que al d\u00f3lar, el pr\u00f3ximo Gobierno le tiene que tener miedo a la disfuncionalidad del Estado - El Regional","robots":{"index":"index","follow":"follow","max-snippet":"max-snippet:-1","max-image-preview":"max-image-preview:large","max-video-preview":"max-video-preview:-1"},"canonical":"http:\/\/elregionalvm.com.ar\/noticias-villa-maria\/opinion-mas-que-al-dolar-el-proximo-gobierno-le-tiene-que-tener-miedo-a-la-disfuncionalidad-del-estado\/","og_locale":"es_ES","og_type":"article","og_title":"[Opini\u00f3n] M\u00e1s que al d\u00f3lar, el pr\u00f3ximo Gobierno le tiene que tener miedo a la disfuncionalidad del Estado - El Regional","og_description":"Si no se ordena el Estado, el pr\u00f3ximo Gobierno fracasa por m\u00e1s \u201cvientos de cola\u201d que tenga la suerte de tener. Escribe: Jorge Colina (Presidente de IDESA) El salto del d\u00f3lar paralelo genera zozobra y da la sensaci\u00f3n de estar entrando a una fase de descontrol. De todas formas, $500 no es el nivel m\u00e1s [&hellip;]","og_url":"http:\/\/elregionalvm.com.ar\/noticias-villa-maria\/opinion-mas-que-al-dolar-el-proximo-gobierno-le-tiene-que-tener-miedo-a-la-disfuncionalidad-del-estado\/","og_site_name":"El Regional","article_publisher":"https:\/\/www.facebook.com\/elregionalvm","article_published_time":"2023-04-28T02:44:26+00:00","article_modified_time":"2023-05-01T02:00:49+00:00","og_image":[{"width":1193,"height":669,"url":"http:\/\/elregionalvm.com.ar\/noticias-villa-maria\/wp-content\/uploads\/2023\/04\/Dolar-casa-rosada.jpg","type":"image\/jpeg"}],"author":"Contenidos El Regional","twitter_card":"summary_large_image","twitter_creator":"@elregionalvm1","twitter_site":"@elregionalvm1","twitter_misc":{"Escrito por":"Contenidos El Regional","Tiempo de lectura":"5 minutos"},"schema":{"@context":"https:\/\/schema.org","@graph":[{"@type":"Article","@id":"http:\/\/elregionalvm.com.ar\/noticias-villa-maria\/opinion-mas-que-al-dolar-el-proximo-gobierno-le-tiene-que-tener-miedo-a-la-disfuncionalidad-del-estado\/#article","isPartOf":{"@id":"http:\/\/elregionalvm.com.ar\/noticias-villa-maria\/opinion-mas-que-al-dolar-el-proximo-gobierno-le-tiene-que-tener-miedo-a-la-disfuncionalidad-del-estado\/"},"author":{"name":"Contenidos El Regional","@id":"http:\/\/elregionalvm.com.ar\/noticias-villa-maria\/#\/schema\/person\/a0fb9c422317faca23d50163151bc354"},"headline":"[Opini\u00f3n] M\u00e1s que al d\u00f3lar, el pr\u00f3ximo Gobierno le tiene que tener miedo a la disfuncionalidad del Estado","datePublished":"2023-04-28T02:44:26+00:00","dateModified":"2023-05-01T02:00:49+00:00","mainEntityOfPage":{"@id":"http:\/\/elregionalvm.com.ar\/noticias-villa-maria\/opinion-mas-que-al-dolar-el-proximo-gobierno-le-tiene-que-tener-miedo-a-la-disfuncionalidad-del-estado\/"},"wordCount":894,"commentCount":0,"image":{"@id":"http:\/\/elregionalvm.com.ar\/noticias-villa-maria\/opinion-mas-que-al-dolar-el-proximo-gobierno-le-tiene-que-tener-miedo-a-la-disfuncionalidad-del-estado\/#primaryimage"},"thumbnailUrl":"https:\/\/i0.wp.com\/elregionalvm.com.ar\/noticias-villa-maria\/wp-content\/uploads\/2023\/04\/Dolar-casa-rosada.jpg?fit=1193%2C669&ssl=1","keywords":["Casa Rosada","desorden","dolar","D\u00f3lar Blue","Estado","fracaso","Gobierno Nacional","IDESA","Inflaci\u00f3n"],"articleSection":["Opini\u00f3n","tercera"],"inLanguage":"es","potentialAction":[{"@type":"CommentAction","name":"Comment","target":["http:\/\/elregionalvm.com.ar\/noticias-villa-maria\/opinion-mas-que-al-dolar-el-proximo-gobierno-le-tiene-que-tener-miedo-a-la-disfuncionalidad-del-estado\/#respond"]}]},{"@type":"WebPage","@id":"http:\/\/elregionalvm.com.ar\/noticias-villa-maria\/opinion-mas-que-al-dolar-el-proximo-gobierno-le-tiene-que-tener-miedo-a-la-disfuncionalidad-del-estado\/","url":"http:\/\/elregionalvm.com.ar\/noticias-villa-maria\/opinion-mas-que-al-dolar-el-proximo-gobierno-le-tiene-que-tener-miedo-a-la-disfuncionalidad-del-estado\/","name":"[Opini\u00f3n] M\u00e1s que al d\u00f3lar, el pr\u00f3ximo Gobierno le tiene que tener miedo a la disfuncionalidad del Estado - El Regional","isPartOf":{"@id":"http:\/\/elregionalvm.com.ar\/noticias-villa-maria\/#website"},"primaryImageOfPage":{"@id":"http:\/\/elregionalvm.com.ar\/noticias-villa-maria\/opinion-mas-que-al-dolar-el-proximo-gobierno-le-tiene-que-tener-miedo-a-la-disfuncionalidad-del-estado\/#primaryimage"},"image":{"@id":"http:\/\/elregionalvm.com.ar\/noticias-villa-maria\/opinion-mas-que-al-dolar-el-proximo-gobierno-le-tiene-que-tener-miedo-a-la-disfuncionalidad-del-estado\/#primaryimage"},"thumbnailUrl":"https:\/\/i0.wp.com\/elregionalvm.com.ar\/noticias-villa-maria\/wp-content\/uploads\/2023\/04\/Dolar-casa-rosada.jpg?fit=1193%2C669&ssl=1","datePublished":"2023-04-28T02:44:26+00:00","dateModified":"2023-05-01T02:00:49+00:00","author":{"@id":"http:\/\/elregionalvm.com.ar\/noticias-villa-maria\/#\/schema\/person\/a0fb9c422317faca23d50163151bc354"},"breadcrumb":{"@id":"http:\/\/elregionalvm.com.ar\/noticias-villa-maria\/opinion-mas-que-al-dolar-el-proximo-gobierno-le-tiene-que-tener-miedo-a-la-disfuncionalidad-del-estado\/#breadcrumb"},"inLanguage":"es","potentialAction":[{"@type":"ReadAction","target":["http:\/\/elregionalvm.com.ar\/noticias-villa-maria\/opinion-mas-que-al-dolar-el-proximo-gobierno-le-tiene-que-tener-miedo-a-la-disfuncionalidad-del-estado\/"]}]},{"@type":"ImageObject","inLanguage":"es","@id":"http:\/\/elregionalvm.com.ar\/noticias-villa-maria\/opinion-mas-que-al-dolar-el-proximo-gobierno-le-tiene-que-tener-miedo-a-la-disfuncionalidad-del-estado\/#primaryimage","url":"https:\/\/i0.wp.com\/elregionalvm.com.ar\/noticias-villa-maria\/wp-content\/uploads\/2023\/04\/Dolar-casa-rosada.jpg?fit=1193%2C669&ssl=1","contentUrl":"https:\/\/i0.wp.com\/elregionalvm.com.ar\/noticias-villa-maria\/wp-content\/uploads\/2023\/04\/Dolar-casa-rosada.jpg?fit=1193%2C669&ssl=1","width":1193,"height":669},{"@type":"BreadcrumbList","@id":"http:\/\/elregionalvm.com.ar\/noticias-villa-maria\/opinion-mas-que-al-dolar-el-proximo-gobierno-le-tiene-que-tener-miedo-a-la-disfuncionalidad-del-estado\/#breadcrumb","itemListElement":[{"@type":"ListItem","position":1,"name":"Portada","item":"https:\/\/elregionalvm.com.ar\/noticias-villa-maria\/"},{"@type":"ListItem","position":2,"name":"[Opini\u00f3n] M\u00e1s que al d\u00f3lar, el pr\u00f3ximo Gobierno le tiene que tener miedo a la disfuncionalidad del Estado"}]},{"@type":"WebSite","@id":"http:\/\/elregionalvm.com.ar\/noticias-villa-maria\/#website","url":"http:\/\/elregionalvm.com.ar\/noticias-villa-maria\/","name":"El Regional","description":"Mucho m\u00e1s que informaci\u00f3n","potentialAction":[{"@type":"SearchAction","target":{"@type":"EntryPoint","urlTemplate":"http:\/\/elregionalvm.com.ar\/noticias-villa-maria\/?s={search_term_string}"},"query-input":{"@type":"PropertyValueSpecification","valueRequired":true,"valueName":"search_term_string"}}],"inLanguage":"es"},{"@type":"Person","@id":"http:\/\/elregionalvm.com.ar\/noticias-villa-maria\/#\/schema\/person\/a0fb9c422317faca23d50163151bc354","name":"Contenidos El Regional","image":{"@type":"ImageObject","inLanguage":"es","@id":"http:\/\/elregionalvm.com.ar\/noticias-villa-maria\/#\/schema\/person\/image\/","url":"https:\/\/secure.gravatar.com\/avatar\/265b27cb2209af7bb3a1318f03305787d7981a5cc6e6cd08fe5a4ecdf99d4b48?s=96&d=mm&r=g","contentUrl":"https:\/\/secure.gravatar.com\/avatar\/265b27cb2209af7bb3a1318f03305787d7981a5cc6e6cd08fe5a4ecdf99d4b48?s=96&d=mm&r=g","caption":"Contenidos El Regional"},"url":"https:\/\/elregionalvm.com.ar\/noticias-villa-maria\/author\/contenido\/"}]}},"jetpack_featured_media_url":"https:\/\/i0.wp.com\/elregionalvm.com.ar\/noticias-villa-maria\/wp-content\/uploads\/2023\/04\/Dolar-casa-rosada.jpg?fit=1193%2C669&ssl=1","jetpack_sharing_enabled":true,"_links":{"self":[{"href":"https:\/\/elregionalvm.com.ar\/noticias-villa-maria\/wp-json\/wp\/v2\/posts\/75464","targetHints":{"allow":["GET"]}}],"collection":[{"href":"https:\/\/elregionalvm.com.ar\/noticias-villa-maria\/wp-json\/wp\/v2\/posts"}],"about":[{"href":"https:\/\/elregionalvm.com.ar\/noticias-villa-maria\/wp-json\/wp\/v2\/types\/post"}],"author":[{"embeddable":true,"href":"https:\/\/elregionalvm.com.ar\/noticias-villa-maria\/wp-json\/wp\/v2\/users\/4"}],"replies":[{"embeddable":true,"href":"https:\/\/elregionalvm.com.ar\/noticias-villa-maria\/wp-json\/wp\/v2\/comments?post=75464"}],"version-history":[{"count":2,"href":"https:\/\/elregionalvm.com.ar\/noticias-villa-maria\/wp-json\/wp\/v2\/posts\/75464\/revisions"}],"predecessor-version":[{"id":75468,"href":"https:\/\/elregionalvm.com.ar\/noticias-villa-maria\/wp-json\/wp\/v2\/posts\/75464\/revisions\/75468"}],"wp:featuredmedia":[{"embeddable":true,"href":"https:\/\/elregionalvm.com.ar\/noticias-villa-maria\/wp-json\/wp\/v2\/media\/75466"}],"wp:attachment":[{"href":"https:\/\/elregionalvm.com.ar\/noticias-villa-maria\/wp-json\/wp\/v2\/media?parent=75464"}],"wp:term":[{"taxonomy":"category","embeddable":true,"href":"https:\/\/elregionalvm.com.ar\/noticias-villa-maria\/wp-json\/wp\/v2\/categories?post=75464"},{"taxonomy":"post_tag","embeddable":true,"href":"https:\/\/elregionalvm.com.ar\/noticias-villa-maria\/wp-json\/wp\/v2\/tags?post=75464"}],"curies":[{"name":"wp","href":"https:\/\/api.w.org\/{rel}","templated":true}]}}