{"id":75597,"date":"2023-05-01T02:00:08","date_gmt":"2023-05-01T02:00:08","guid":{"rendered":"https:\/\/elregionalvm.com.ar\/noticias-villa-maria\/?p=75597"},"modified":"2023-05-03T02:35:01","modified_gmt":"2023-05-03T02:35:01","slug":"opinion-argentina-y-canada-dos-caras-de-la-equidad-educativa-con-y-sin-ministerio-de-educacion","status":"publish","type":"post","link":"https:\/\/elregionalvm.com.ar\/noticias-villa-maria\/opinion-argentina-y-canada-dos-caras-de-la-equidad-educativa-con-y-sin-ministerio-de-educacion\/","title":{"rendered":"[Opini\u00f3n] Argentina y Canad\u00e1, dos caras de la equidad educativa, con y sin Ministerio de Educaci\u00f3n"},"content":{"rendered":"\n<p><\/p>\n\n\n\n<h3 class=\"wp-block-heading\"><strong>La educaci\u00f3n b\u00e1sica en Argentina es de mala calidad y muy desigual entre las provincias. Para revertir la decadencia, es necesario \u2013como hace Canad\u00e1\u2013 respetar la organizaci\u00f3n federal. Esto es que los recursos educativos est\u00e9n \u00edntegramente en las provincias y tambi\u00e9n las responsabilidades por los resultados.<\/strong><\/h3>\n\n\n\n<p><\/p>\n\n\n\n<p>Una preocupaci\u00f3n compartida es el profundo deterioro que sufre la educaci\u00f3n.<\/p>\n\n\n\n<p>Los resultados de las \u00faltimas pruebas APRENDER, que ejecuta el Ministerio de Educaci\u00f3n nacional, muestran que la mitad de los ni\u00f1os terminan la primaria sin saber leer, escribir, sumar y restar como corresponde.<\/p>\n\n\n\n<p>Son ni\u00f1os que entran a la secundaria con severas debilidades de aprendizaje y que se traducen en altas tasas de deserci\u00f3n en la secundaria. Apenas el 40% de los adolescentes termina la secundaria en tiempo y forma. Adem\u00e1s, se observan enormes desigualdades entre las provincias.<\/p>\n\n\n\n<p><\/p>\n\n\n\n<figure class=\"wp-block-image size-large\"><img data-recalc-dims=\"1\" fetchpriority=\"high\" decoding=\"async\" width=\"1024\" height=\"681\" src=\"https:\/\/i0.wp.com\/elregionalvm.com.ar\/noticias-villa-maria\/wp-content\/uploads\/2020\/07\/aula-vacia-scaled-e1682906363529-1024x681.jpg?resize=1024%2C681&#038;ssl=1\" alt=\"\" class=\"wp-image-20794\" srcset=\"https:\/\/i0.wp.com\/elregionalvm.com.ar\/noticias-villa-maria\/wp-content\/uploads\/2020\/07\/aula-vacia-scaled-e1682906363529.jpg?resize=1024%2C681&amp;ssl=1 1024w, https:\/\/i0.wp.com\/elregionalvm.com.ar\/noticias-villa-maria\/wp-content\/uploads\/2020\/07\/aula-vacia-scaled-e1682906363529.jpg?resize=300%2C200&amp;ssl=1 300w, https:\/\/i0.wp.com\/elregionalvm.com.ar\/noticias-villa-maria\/wp-content\/uploads\/2020\/07\/aula-vacia-scaled-e1682906363529.jpg?resize=768%2C511&amp;ssl=1 768w, https:\/\/i0.wp.com\/elregionalvm.com.ar\/noticias-villa-maria\/wp-content\/uploads\/2020\/07\/aula-vacia-scaled-e1682906363529.jpg?w=1200&amp;ssl=1 1200w\" sizes=\"(max-width: 1000px) 100vw, 1000px\" \/><\/figure>\n\n\n\n<p><\/p>\n\n\n\n<p>Por imperio del art\u00edculo 5\u00b0 de la Constituci\u00f3n Nacional, la educaci\u00f3n b\u00e1sica es responsabilidad de las provincias. Por ello, las escuelas son de las provincias y los docentes son empleados p\u00fablicos provinciales.<\/p>\n\n\n\n<p>Sin perjuicio de ello, el Ministerio de Educaci\u00f3n nacional administra 10 programas nacionales con el objetivo de colaborar con las provincias y nivelar resultados. Con estos programas la Naci\u00f3n paga una \u00ednfima parte de los salarios docentes y transfiere fondos discrecionalmente para construcciones e insumos.<\/p>\n\n\n\n<p><strong>El caso canadiense<\/strong><\/p>\n\n\n\n<p>Para entender el fracaso educativo argentino sirve mirar a Canad\u00e1, un pa\u00eds federal \u2013como Argentina\u2013 con uno de los mejores resultados en educaci\u00f3n del mundo.<\/p>\n\n\n\n<p>Seg\u00fan la prueba internacional PISA del 2018 se observa que:<\/p>\n\n\n\n<ul class=\"wp-block-list\"><li>En Canad\u00e1 el 16% de los j\u00f3venes no tiene habilidades b\u00e1sicas en matem\u00e1ticas, mientras que en Argentina el 69% no llega a este nivel.<\/li><\/ul>\n\n\n\n<ul class=\"wp-block-list\"><li>Dentro de Canad\u00e1 la provincia con mejores resultados (Quebec) tiene el 12% de los j\u00f3venes en esta situaci\u00f3n y la provincia con peor resultado (Manitoba) tiene el 25%.<\/li><\/ul>\n\n\n\n<ul class=\"wp-block-list\"><li>En la Argentina la jurisdicci\u00f3n con mejores resultados (CABA) tiene el 43% de los j\u00f3venes en esta situaci\u00f3n y entre las peores (Tucum\u00e1n) tiene el 76%.<\/li><\/ul>\n\n\n\n<p><\/p>\n\n\n\n<figure class=\"wp-block-image\"><img data-recalc-dims=\"1\" decoding=\"async\" src=\"https:\/\/i0.wp.com\/idesa.org\/wp-content\/uploads\/2023\/04\/1.png?ssl=1\" alt=\"\"\/><\/figure>\n\n\n\n<p><\/p>\n\n\n\n<p><\/p>\n\n\n\n<p>Estos datos muestran que Canad\u00e1 no solo tiene mucho mejores niveles de educaci\u00f3n que Argentina, sino que tambi\u00e9n tiene menor desigualdad entre provincias. Definitivamente estudiar en Quebec no es lo mismo que estudiar en Manitoba, pero las brechas de oportunidades son sustancialmente m\u00e1s bajas que las que se observan entre CABA y Tucum\u00e1n.<\/p>\n\n\n\n<p>En Canad\u00e1, la brecha educativa entre la peor y mejor provincia es de 13 puntos porcentuales, mientras que en la Argentina es de 33 puntos porcentuales.<\/p>\n\n\n\n<p>Muchos motivos explican las diferencias entre Argentina y Canad\u00e1. Uno muy importante es la organizaci\u00f3n del Estado. En Canad\u00e1, respetando la l\u00f3gica del r\u00e9gimen federal, no hay Ministerio de Educaci\u00f3n nacional y todos los fondos asignados a educaci\u00f3n b\u00e1sica son administrados por las provincias.<\/p>\n\n\n\n<p>Los gobernadores son los responsables de administrarlos y rendir cuentas a la poblaci\u00f3n por los resultados. En la Argentina, en cambio, la Naci\u00f3n se apropia de una parte de los recursos para sostener un aparato administrativo que interfiere en la gesti\u00f3n de las escuelas (los 10 programas nacionales).<\/p>\n\n\n\n<p>As\u00ed, la gesti\u00f3n educativa se hace m\u00e1s compleja e ineficiente y, lo m\u00e1s importante, se diluyen responsabilidades. Esto lleva a peores resultados y a que las diferencias entre provincias sean mayores.<\/p>\n\n\n\n<p><strong>Responsabilidad de las provincias<\/strong><\/p>\n\n\n\n<p>Revertir la degradaci\u00f3n educativa es una responsabilidad exclusiva de cada provincia. En un r\u00e9gimen federal, la Naci\u00f3n no tiene ninguna posibilidad de mejorar la calidad ni reducir las brechas entre provincias.<\/p>\n\n\n\n<p>Son los gobernadores los que tienen que hacerlo. Por eso, el primer paso es dejar claro que \u2013salvo que se abandone el r\u00e9gimen federal modificando la Constituci\u00f3n Nacional\u2013 el Estado nacional no cuenta con instrumentos para suplir la responsabilidad de las provincias.<\/p>\n\n\n\n<p><\/p>\n\n\n\n<figure class=\"wp-block-image size-full is-resized\"><img data-recalc-dims=\"1\" decoding=\"async\" src=\"https:\/\/i0.wp.com\/elregionalvm.com.ar\/noticias-villa-maria\/wp-content\/uploads\/2021\/09\/Estudiantes-secundarios.jpg?resize=902%2C499&#038;ssl=1\" alt=\"\" class=\"wp-image-43889\" width=\"902\" height=\"499\" srcset=\"https:\/\/i0.wp.com\/elregionalvm.com.ar\/noticias-villa-maria\/wp-content\/uploads\/2021\/09\/Estudiantes-secundarios.jpg?w=700&amp;ssl=1 700w, https:\/\/i0.wp.com\/elregionalvm.com.ar\/noticias-villa-maria\/wp-content\/uploads\/2021\/09\/Estudiantes-secundarios.jpg?resize=300%2C166&amp;ssl=1 300w\" sizes=\"(max-width: 902px) 100vw, 902px\" \/><\/figure>\n\n\n\n<p><\/p>\n\n\n\n<p>Si un gobernador no es presionado por sus propios ciudadanos a que se ocupe por dar buena educaci\u00f3n, el Estado nacional, por m\u00e1s esfuerzos que haga, no podr\u00e1 revertir esta indeseada situaci\u00f3n.<\/p>\n\n\n\n<p>Asumiendo esta realidad, el rol estrat\u00e9gico de la Naci\u00f3n es producir y difundir informaci\u00f3n sobre los resultados educativos de cada provincia para empoderar a los ciudadanos a fin de que ejerzan presi\u00f3n sobre sus gobiernos provinciales.<\/p>\n\n\n\n<p>En otras palabras, lo mejor que puede hacer el Estado nacional en favor de la educaci\u00f3n es fortalecer el control social para que los funcionarios provinciales le den prioridad a la gesti\u00f3n educativa. Para esto, hay que reconvertir el Ministerio de Educaci\u00f3n nacional en una agencia nacional de medici\u00f3n de resultados educativos de las provincias.<\/p>\n\n\n\n<p><\/p>\n\n\n\n<p><\/p>\n\n\n\n<h3 class=\"wp-block-heading\"><strong>Tambi\u00e9n pod\u00e9s ver:<\/strong><\/h3>\n\n\n\n<p><\/p>\n\n\n\n<figure class=\"wp-block-embed is-type-wp-embed is-provider-el-regional wp-block-embed-el-regional\"><div class=\"wp-block-embed__wrapper\">\n<blockquote class=\"wp-embedded-content\" data-secret=\"nkqf2R1jpr\"><a href=\"https:\/\/elregionalvm.com.ar\/noticias-villa-maria\/opinion-bendita-inflacion-si-bajara-las-provincias-entrarian-en-deficit\/\">[Opini\u00f3n] \u00bfBendita inflaci\u00f3n? Si bajara, las provincias entrar\u00edan en d\u00e9ficit<\/a><\/blockquote><iframe class=\"wp-embedded-content\" sandbox=\"allow-scripts\" security=\"restricted\" style=\"position: absolute; visibility: hidden;\" title=\"\u00ab[Opini\u00f3n] \u00bfBendita inflaci\u00f3n? Si bajara, las provincias entrar\u00edan en d\u00e9ficit\u00bb \u2014 El Regional\" src=\"https:\/\/elregionalvm.com.ar\/noticias-villa-maria\/opinion-bendita-inflacion-si-bajara-las-provincias-entrarian-en-deficit\/embed\/#?secret=XGERNFu638#?secret=nkqf2R1jpr\" data-secret=\"nkqf2R1jpr\" width=\"500\" height=\"282\" frameborder=\"0\" marginwidth=\"0\" marginheight=\"0\" scrolling=\"no\"><\/iframe>\n<\/div><\/figure>\n\n\n\n<p><\/p>\n\n\n\n<p><\/p>\n\n\n\n<p><strong><em>Informe: Idesa <\/em><\/strong><\/p>\n","protected":false},"excerpt":{"rendered":"<p>La educaci\u00f3n b\u00e1sica en Argentina es de mala calidad y muy desigual entre las provincias. Para revertir la decadencia, es necesario \u2013como hace Canad\u00e1\u2013 respetar la organizaci\u00f3n federal. Esto es que los recursos educativos est\u00e9n \u00edntegramente en las provincias y tambi\u00e9n las responsabilidades por los resultados. Una preocupaci\u00f3n compartida es el profundo deterioro que sufre [&hellip;]<\/p>\n","protected":false},"author":4,"featured_media":54842,"comment_status":"open","ping_status":"open","sticky":false,"template":"","format":"standard","meta":{"site-sidebar-layout":"default","site-content-layout":"","ast-site-content-layout":"default","site-content-style":"default","site-sidebar-style":"default","ast-global-header-display":"","ast-banner-title-visibility":"","ast-main-header-display":"","ast-hfb-above-header-display":"","ast-hfb-below-header-display":"","ast-hfb-mobile-header-display":"","site-post-title":"","ast-breadcrumbs-content":"","ast-featured-img":"","footer-sml-layout":"","ast-disable-related-posts":"","theme-transparent-header-meta":"","adv-header-id-meta":"","stick-header-meta":"","header-above-stick-meta":"","header-main-stick-meta":"","header-below-stick-meta":"","astra-migrate-meta-layouts":"default","ast-page-background-enabled":"default","ast-page-background-meta":{"desktop":{"background-color":"","background-image":"","background-repeat":"repeat","background-position":"center center","background-size":"auto","background-attachment":"scroll","background-type":"","background-media":"","overlay-type":"","overlay-color":"","overlay-opacity":"","overlay-gradient":""},"tablet":{"background-color":"","background-image":"","background-repeat":"repeat","background-position":"center center","background-size":"auto","background-attachment":"scroll","background-type":"","background-media":"","overlay-type":"","overlay-color":"","overlay-opacity":"","overlay-gradient":""},"mobile":{"background-color":"","background-image":"","background-repeat":"repeat","background-position":"center center","background-size":"auto","background-attachment":"scroll","background-type":"","background-media":"","overlay-type":"","overlay-color":"","overlay-opacity":"","overlay-gradient":""}},"ast-content-background-meta":{"desktop":{"background-color":"var(--ast-global-color-5)","background-image":"","background-repeat":"repeat","background-position":"center center","background-size":"auto","background-attachment":"scroll","background-type":"","background-media":"","overlay-type":"","overlay-color":"","overlay-opacity":"","overlay-gradient":""},"tablet":{"background-color":"var(--ast-global-color-5)","background-image":"","background-repeat":"repeat","background-position":"center center","background-size":"auto","background-attachment":"scroll","background-type":"","background-media":"","overlay-type":"","overlay-color":"","overlay-opacity":"","overlay-gradient":""},"mobile":{"background-color":"var(--ast-global-color-5)","background-image":"","background-repeat":"repeat","background-position":"center center","background-size":"auto","background-attachment":"scroll","background-type":"","background-media":"","overlay-type":"","overlay-color":"","overlay-opacity":"","overlay-gradient":""}},"_jetpack_memberships_contains_paid_content":false,"_joinchat":[],"footnotes":""},"categories":[365,3557],"tags":[415,2275,1088,11982,2157,14082,12658,2160,9891],"class_list":["post-75597","post","type-post","status-publish","format-standard","has-post-thumbnail","hentry","category-opinion","category-tercera","tag-argentina","tag-calidad-educativa","tag-canada","tag-caras","tag-educacion","tag-federal","tag-fracaso-escolar","tag-ministerio-de-educacion","tag-provincias"],"yoast_head":"<!-- This site is optimized with the Yoast SEO plugin v26.8 - https:\/\/yoast.com\/product\/yoast-seo-wordpress\/ -->\n<title>[Opini\u00f3n] Argentina y Canad\u00e1, dos caras de la equidad educativa, con y sin Ministerio de Educaci\u00f3n - El Regional<\/title>\n<meta name=\"robots\" content=\"index, follow, max-snippet:-1, max-image-preview:large, max-video-preview:-1\" \/>\n<link rel=\"canonical\" href=\"http:\/\/elregionalvm.com.ar\/noticias-villa-maria\/opinion-argentina-y-canada-dos-caras-de-la-equidad-educativa-con-y-sin-ministerio-de-educacion\/\" \/>\n<meta property=\"og:locale\" content=\"es_ES\" \/>\n<meta property=\"og:type\" content=\"article\" \/>\n<meta property=\"og:title\" content=\"[Opini\u00f3n] Argentina y Canad\u00e1, dos caras de la equidad educativa, con y sin Ministerio de Educaci\u00f3n - El Regional\" \/>\n<meta property=\"og:description\" content=\"La educaci\u00f3n b\u00e1sica en Argentina es de mala calidad y muy desigual entre las provincias. Para revertir la decadencia, es necesario \u2013como hace Canad\u00e1\u2013 respetar la organizaci\u00f3n federal. Esto es que los recursos educativos est\u00e9n \u00edntegramente en las provincias y tambi\u00e9n las responsabilidades por los resultados. Una preocupaci\u00f3n compartida es el profundo deterioro que sufre [&hellip;]\" \/>\n<meta property=\"og:url\" content=\"http:\/\/elregionalvm.com.ar\/noticias-villa-maria\/opinion-argentina-y-canada-dos-caras-de-la-equidad-educativa-con-y-sin-ministerio-de-educacion\/\" \/>\n<meta property=\"og:site_name\" content=\"El Regional\" \/>\n<meta property=\"article:publisher\" content=\"https:\/\/www.facebook.com\/elregionalvm\" \/>\n<meta property=\"article:published_time\" content=\"2023-05-01T02:00:08+00:00\" \/>\n<meta property=\"article:modified_time\" content=\"2023-05-03T02:35:01+00:00\" \/>\n<meta property=\"og:image\" content=\"http:\/\/elregionalvm.com.ar\/noticias-villa-maria\/wp-content\/uploads\/2022\/03\/Aula-vacia-oscura.jpg\" \/>\n\t<meta property=\"og:image:width\" content=\"1200\" \/>\n\t<meta property=\"og:image:height\" content=\"797\" \/>\n\t<meta property=\"og:image:type\" content=\"image\/jpeg\" \/>\n<meta name=\"author\" content=\"Contenidos El Regional\" \/>\n<meta name=\"twitter:card\" content=\"summary_large_image\" \/>\n<meta name=\"twitter:creator\" content=\"@elregionalvm1\" \/>\n<meta name=\"twitter:site\" content=\"@elregionalvm1\" \/>\n<meta name=\"twitter:label1\" content=\"Escrito por\" \/>\n\t<meta name=\"twitter:data1\" content=\"Contenidos El Regional\" \/>\n\t<meta name=\"twitter:label2\" content=\"Tiempo de lectura\" \/>\n\t<meta name=\"twitter:data2\" content=\"4 minutos\" \/>\n<script type=\"application\/ld+json\" class=\"yoast-schema-graph\">{\"@context\":\"https:\/\/schema.org\",\"@graph\":[{\"@type\":\"Article\",\"@id\":\"http:\/\/elregionalvm.com.ar\/noticias-villa-maria\/opinion-argentina-y-canada-dos-caras-de-la-equidad-educativa-con-y-sin-ministerio-de-educacion\/#article\",\"isPartOf\":{\"@id\":\"http:\/\/elregionalvm.com.ar\/noticias-villa-maria\/opinion-argentina-y-canada-dos-caras-de-la-equidad-educativa-con-y-sin-ministerio-de-educacion\/\"},\"author\":{\"name\":\"Contenidos El Regional\",\"@id\":\"http:\/\/elregionalvm.com.ar\/noticias-villa-maria\/#\/schema\/person\/a0fb9c422317faca23d50163151bc354\"},\"headline\":\"[Opini\u00f3n] Argentina y Canad\u00e1, dos caras de la equidad educativa, con y sin Ministerio de Educaci\u00f3n\",\"datePublished\":\"2023-05-01T02:00:08+00:00\",\"dateModified\":\"2023-05-03T02:35:01+00:00\",\"mainEntityOfPage\":{\"@id\":\"http:\/\/elregionalvm.com.ar\/noticias-villa-maria\/opinion-argentina-y-canada-dos-caras-de-la-equidad-educativa-con-y-sin-ministerio-de-educacion\/\"},\"wordCount\":811,\"commentCount\":0,\"image\":{\"@id\":\"http:\/\/elregionalvm.com.ar\/noticias-villa-maria\/opinion-argentina-y-canada-dos-caras-de-la-equidad-educativa-con-y-sin-ministerio-de-educacion\/#primaryimage\"},\"thumbnailUrl\":\"https:\/\/i0.wp.com\/elregionalvm.com.ar\/noticias-villa-maria\/wp-content\/uploads\/2022\/03\/Aula-vacia-oscura.jpg?fit=1200%2C797&ssl=1\",\"keywords\":[\"Argentina\",\"calidad educativa\",\"Canada\",\"Caras\",\"Educaci\u00f3n\",\"federal\",\"fracaso escolar\",\"Ministerio de Educaci\u00f3n\",\"Provincias\"],\"articleSection\":[\"Opini\u00f3n\",\"tercera\"],\"inLanguage\":\"es\",\"potentialAction\":[{\"@type\":\"CommentAction\",\"name\":\"Comment\",\"target\":[\"http:\/\/elregionalvm.com.ar\/noticias-villa-maria\/opinion-argentina-y-canada-dos-caras-de-la-equidad-educativa-con-y-sin-ministerio-de-educacion\/#respond\"]}]},{\"@type\":\"WebPage\",\"@id\":\"http:\/\/elregionalvm.com.ar\/noticias-villa-maria\/opinion-argentina-y-canada-dos-caras-de-la-equidad-educativa-con-y-sin-ministerio-de-educacion\/\",\"url\":\"http:\/\/elregionalvm.com.ar\/noticias-villa-maria\/opinion-argentina-y-canada-dos-caras-de-la-equidad-educativa-con-y-sin-ministerio-de-educacion\/\",\"name\":\"[Opini\u00f3n] Argentina y Canad\u00e1, dos caras de la equidad educativa, con y sin Ministerio de Educaci\u00f3n - El Regional\",\"isPartOf\":{\"@id\":\"http:\/\/elregionalvm.com.ar\/noticias-villa-maria\/#website\"},\"primaryImageOfPage\":{\"@id\":\"http:\/\/elregionalvm.com.ar\/noticias-villa-maria\/opinion-argentina-y-canada-dos-caras-de-la-equidad-educativa-con-y-sin-ministerio-de-educacion\/#primaryimage\"},\"image\":{\"@id\":\"http:\/\/elregionalvm.com.ar\/noticias-villa-maria\/opinion-argentina-y-canada-dos-caras-de-la-equidad-educativa-con-y-sin-ministerio-de-educacion\/#primaryimage\"},\"thumbnailUrl\":\"https:\/\/i0.wp.com\/elregionalvm.com.ar\/noticias-villa-maria\/wp-content\/uploads\/2022\/03\/Aula-vacia-oscura.jpg?fit=1200%2C797&ssl=1\",\"datePublished\":\"2023-05-01T02:00:08+00:00\",\"dateModified\":\"2023-05-03T02:35:01+00:00\",\"author\":{\"@id\":\"http:\/\/elregionalvm.com.ar\/noticias-villa-maria\/#\/schema\/person\/a0fb9c422317faca23d50163151bc354\"},\"breadcrumb\":{\"@id\":\"http:\/\/elregionalvm.com.ar\/noticias-villa-maria\/opinion-argentina-y-canada-dos-caras-de-la-equidad-educativa-con-y-sin-ministerio-de-educacion\/#breadcrumb\"},\"inLanguage\":\"es\",\"potentialAction\":[{\"@type\":\"ReadAction\",\"target\":[\"http:\/\/elregionalvm.com.ar\/noticias-villa-maria\/opinion-argentina-y-canada-dos-caras-de-la-equidad-educativa-con-y-sin-ministerio-de-educacion\/\"]}]},{\"@type\":\"ImageObject\",\"inLanguage\":\"es\",\"@id\":\"http:\/\/elregionalvm.com.ar\/noticias-villa-maria\/opinion-argentina-y-canada-dos-caras-de-la-equidad-educativa-con-y-sin-ministerio-de-educacion\/#primaryimage\",\"url\":\"https:\/\/i0.wp.com\/elregionalvm.com.ar\/noticias-villa-maria\/wp-content\/uploads\/2022\/03\/Aula-vacia-oscura.jpg?fit=1200%2C797&ssl=1\",\"contentUrl\":\"https:\/\/i0.wp.com\/elregionalvm.com.ar\/noticias-villa-maria\/wp-content\/uploads\/2022\/03\/Aula-vacia-oscura.jpg?fit=1200%2C797&ssl=1\",\"width\":1200,\"height\":797},{\"@type\":\"BreadcrumbList\",\"@id\":\"http:\/\/elregionalvm.com.ar\/noticias-villa-maria\/opinion-argentina-y-canada-dos-caras-de-la-equidad-educativa-con-y-sin-ministerio-de-educacion\/#breadcrumb\",\"itemListElement\":[{\"@type\":\"ListItem\",\"position\":1,\"name\":\"Portada\",\"item\":\"https:\/\/elregionalvm.com.ar\/noticias-villa-maria\/\"},{\"@type\":\"ListItem\",\"position\":2,\"name\":\"[Opini\u00f3n] Argentina y Canad\u00e1, dos caras de la equidad educativa, con y sin Ministerio de Educaci\u00f3n\"}]},{\"@type\":\"WebSite\",\"@id\":\"http:\/\/elregionalvm.com.ar\/noticias-villa-maria\/#website\",\"url\":\"http:\/\/elregionalvm.com.ar\/noticias-villa-maria\/\",\"name\":\"El Regional\",\"description\":\"Mucho m\u00e1s que informaci\u00f3n\",\"potentialAction\":[{\"@type\":\"SearchAction\",\"target\":{\"@type\":\"EntryPoint\",\"urlTemplate\":\"http:\/\/elregionalvm.com.ar\/noticias-villa-maria\/?s={search_term_string}\"},\"query-input\":{\"@type\":\"PropertyValueSpecification\",\"valueRequired\":true,\"valueName\":\"search_term_string\"}}],\"inLanguage\":\"es\"},{\"@type\":\"Person\",\"@id\":\"http:\/\/elregionalvm.com.ar\/noticias-villa-maria\/#\/schema\/person\/a0fb9c422317faca23d50163151bc354\",\"name\":\"Contenidos El Regional\",\"image\":{\"@type\":\"ImageObject\",\"inLanguage\":\"es\",\"@id\":\"http:\/\/elregionalvm.com.ar\/noticias-villa-maria\/#\/schema\/person\/image\/\",\"url\":\"https:\/\/secure.gravatar.com\/avatar\/265b27cb2209af7bb3a1318f03305787d7981a5cc6e6cd08fe5a4ecdf99d4b48?s=96&d=mm&r=g\",\"contentUrl\":\"https:\/\/secure.gravatar.com\/avatar\/265b27cb2209af7bb3a1318f03305787d7981a5cc6e6cd08fe5a4ecdf99d4b48?s=96&d=mm&r=g\",\"caption\":\"Contenidos El Regional\"},\"url\":\"https:\/\/elregionalvm.com.ar\/noticias-villa-maria\/author\/contenido\/\"}]}<\/script>\n<!-- \/ Yoast SEO plugin. -->","yoast_head_json":{"title":"[Opini\u00f3n] Argentina y Canad\u00e1, dos caras de la equidad educativa, con y sin Ministerio de Educaci\u00f3n - El Regional","robots":{"index":"index","follow":"follow","max-snippet":"max-snippet:-1","max-image-preview":"max-image-preview:large","max-video-preview":"max-video-preview:-1"},"canonical":"http:\/\/elregionalvm.com.ar\/noticias-villa-maria\/opinion-argentina-y-canada-dos-caras-de-la-equidad-educativa-con-y-sin-ministerio-de-educacion\/","og_locale":"es_ES","og_type":"article","og_title":"[Opini\u00f3n] Argentina y Canad\u00e1, dos caras de la equidad educativa, con y sin Ministerio de Educaci\u00f3n - El Regional","og_description":"La educaci\u00f3n b\u00e1sica en Argentina es de mala calidad y muy desigual entre las provincias. Para revertir la decadencia, es necesario \u2013como hace Canad\u00e1\u2013 respetar la organizaci\u00f3n federal. Esto es que los recursos educativos est\u00e9n \u00edntegramente en las provincias y tambi\u00e9n las responsabilidades por los resultados. Una preocupaci\u00f3n compartida es el profundo deterioro que sufre [&hellip;]","og_url":"http:\/\/elregionalvm.com.ar\/noticias-villa-maria\/opinion-argentina-y-canada-dos-caras-de-la-equidad-educativa-con-y-sin-ministerio-de-educacion\/","og_site_name":"El Regional","article_publisher":"https:\/\/www.facebook.com\/elregionalvm","article_published_time":"2023-05-01T02:00:08+00:00","article_modified_time":"2023-05-03T02:35:01+00:00","og_image":[{"width":1200,"height":797,"url":"http:\/\/elregionalvm.com.ar\/noticias-villa-maria\/wp-content\/uploads\/2022\/03\/Aula-vacia-oscura.jpg","type":"image\/jpeg"}],"author":"Contenidos El Regional","twitter_card":"summary_large_image","twitter_creator":"@elregionalvm1","twitter_site":"@elregionalvm1","twitter_misc":{"Escrito por":"Contenidos El Regional","Tiempo de lectura":"4 minutos"},"schema":{"@context":"https:\/\/schema.org","@graph":[{"@type":"Article","@id":"http:\/\/elregionalvm.com.ar\/noticias-villa-maria\/opinion-argentina-y-canada-dos-caras-de-la-equidad-educativa-con-y-sin-ministerio-de-educacion\/#article","isPartOf":{"@id":"http:\/\/elregionalvm.com.ar\/noticias-villa-maria\/opinion-argentina-y-canada-dos-caras-de-la-equidad-educativa-con-y-sin-ministerio-de-educacion\/"},"author":{"name":"Contenidos El Regional","@id":"http:\/\/elregionalvm.com.ar\/noticias-villa-maria\/#\/schema\/person\/a0fb9c422317faca23d50163151bc354"},"headline":"[Opini\u00f3n] Argentina y Canad\u00e1, dos caras de la equidad educativa, con y sin Ministerio de Educaci\u00f3n","datePublished":"2023-05-01T02:00:08+00:00","dateModified":"2023-05-03T02:35:01+00:00","mainEntityOfPage":{"@id":"http:\/\/elregionalvm.com.ar\/noticias-villa-maria\/opinion-argentina-y-canada-dos-caras-de-la-equidad-educativa-con-y-sin-ministerio-de-educacion\/"},"wordCount":811,"commentCount":0,"image":{"@id":"http:\/\/elregionalvm.com.ar\/noticias-villa-maria\/opinion-argentina-y-canada-dos-caras-de-la-equidad-educativa-con-y-sin-ministerio-de-educacion\/#primaryimage"},"thumbnailUrl":"https:\/\/i0.wp.com\/elregionalvm.com.ar\/noticias-villa-maria\/wp-content\/uploads\/2022\/03\/Aula-vacia-oscura.jpg?fit=1200%2C797&ssl=1","keywords":["Argentina","calidad educativa","Canada","Caras","Educaci\u00f3n","federal","fracaso escolar","Ministerio de Educaci\u00f3n","Provincias"],"articleSection":["Opini\u00f3n","tercera"],"inLanguage":"es","potentialAction":[{"@type":"CommentAction","name":"Comment","target":["http:\/\/elregionalvm.com.ar\/noticias-villa-maria\/opinion-argentina-y-canada-dos-caras-de-la-equidad-educativa-con-y-sin-ministerio-de-educacion\/#respond"]}]},{"@type":"WebPage","@id":"http:\/\/elregionalvm.com.ar\/noticias-villa-maria\/opinion-argentina-y-canada-dos-caras-de-la-equidad-educativa-con-y-sin-ministerio-de-educacion\/","url":"http:\/\/elregionalvm.com.ar\/noticias-villa-maria\/opinion-argentina-y-canada-dos-caras-de-la-equidad-educativa-con-y-sin-ministerio-de-educacion\/","name":"[Opini\u00f3n] Argentina y Canad\u00e1, dos caras de la equidad educativa, con y sin Ministerio de Educaci\u00f3n - El Regional","isPartOf":{"@id":"http:\/\/elregionalvm.com.ar\/noticias-villa-maria\/#website"},"primaryImageOfPage":{"@id":"http:\/\/elregionalvm.com.ar\/noticias-villa-maria\/opinion-argentina-y-canada-dos-caras-de-la-equidad-educativa-con-y-sin-ministerio-de-educacion\/#primaryimage"},"image":{"@id":"http:\/\/elregionalvm.com.ar\/noticias-villa-maria\/opinion-argentina-y-canada-dos-caras-de-la-equidad-educativa-con-y-sin-ministerio-de-educacion\/#primaryimage"},"thumbnailUrl":"https:\/\/i0.wp.com\/elregionalvm.com.ar\/noticias-villa-maria\/wp-content\/uploads\/2022\/03\/Aula-vacia-oscura.jpg?fit=1200%2C797&ssl=1","datePublished":"2023-05-01T02:00:08+00:00","dateModified":"2023-05-03T02:35:01+00:00","author":{"@id":"http:\/\/elregionalvm.com.ar\/noticias-villa-maria\/#\/schema\/person\/a0fb9c422317faca23d50163151bc354"},"breadcrumb":{"@id":"http:\/\/elregionalvm.com.ar\/noticias-villa-maria\/opinion-argentina-y-canada-dos-caras-de-la-equidad-educativa-con-y-sin-ministerio-de-educacion\/#breadcrumb"},"inLanguage":"es","potentialAction":[{"@type":"ReadAction","target":["http:\/\/elregionalvm.com.ar\/noticias-villa-maria\/opinion-argentina-y-canada-dos-caras-de-la-equidad-educativa-con-y-sin-ministerio-de-educacion\/"]}]},{"@type":"ImageObject","inLanguage":"es","@id":"http:\/\/elregionalvm.com.ar\/noticias-villa-maria\/opinion-argentina-y-canada-dos-caras-de-la-equidad-educativa-con-y-sin-ministerio-de-educacion\/#primaryimage","url":"https:\/\/i0.wp.com\/elregionalvm.com.ar\/noticias-villa-maria\/wp-content\/uploads\/2022\/03\/Aula-vacia-oscura.jpg?fit=1200%2C797&ssl=1","contentUrl":"https:\/\/i0.wp.com\/elregionalvm.com.ar\/noticias-villa-maria\/wp-content\/uploads\/2022\/03\/Aula-vacia-oscura.jpg?fit=1200%2C797&ssl=1","width":1200,"height":797},{"@type":"BreadcrumbList","@id":"http:\/\/elregionalvm.com.ar\/noticias-villa-maria\/opinion-argentina-y-canada-dos-caras-de-la-equidad-educativa-con-y-sin-ministerio-de-educacion\/#breadcrumb","itemListElement":[{"@type":"ListItem","position":1,"name":"Portada","item":"https:\/\/elregionalvm.com.ar\/noticias-villa-maria\/"},{"@type":"ListItem","position":2,"name":"[Opini\u00f3n] Argentina y Canad\u00e1, dos caras de la equidad educativa, con y sin Ministerio de Educaci\u00f3n"}]},{"@type":"WebSite","@id":"http:\/\/elregionalvm.com.ar\/noticias-villa-maria\/#website","url":"http:\/\/elregionalvm.com.ar\/noticias-villa-maria\/","name":"El Regional","description":"Mucho m\u00e1s que informaci\u00f3n","potentialAction":[{"@type":"SearchAction","target":{"@type":"EntryPoint","urlTemplate":"http:\/\/elregionalvm.com.ar\/noticias-villa-maria\/?s={search_term_string}"},"query-input":{"@type":"PropertyValueSpecification","valueRequired":true,"valueName":"search_term_string"}}],"inLanguage":"es"},{"@type":"Person","@id":"http:\/\/elregionalvm.com.ar\/noticias-villa-maria\/#\/schema\/person\/a0fb9c422317faca23d50163151bc354","name":"Contenidos El Regional","image":{"@type":"ImageObject","inLanguage":"es","@id":"http:\/\/elregionalvm.com.ar\/noticias-villa-maria\/#\/schema\/person\/image\/","url":"https:\/\/secure.gravatar.com\/avatar\/265b27cb2209af7bb3a1318f03305787d7981a5cc6e6cd08fe5a4ecdf99d4b48?s=96&d=mm&r=g","contentUrl":"https:\/\/secure.gravatar.com\/avatar\/265b27cb2209af7bb3a1318f03305787d7981a5cc6e6cd08fe5a4ecdf99d4b48?s=96&d=mm&r=g","caption":"Contenidos El Regional"},"url":"https:\/\/elregionalvm.com.ar\/noticias-villa-maria\/author\/contenido\/"}]}},"jetpack_featured_media_url":"https:\/\/i0.wp.com\/elregionalvm.com.ar\/noticias-villa-maria\/wp-content\/uploads\/2022\/03\/Aula-vacia-oscura.jpg?fit=1200%2C797&ssl=1","jetpack_sharing_enabled":true,"_links":{"self":[{"href":"https:\/\/elregionalvm.com.ar\/noticias-villa-maria\/wp-json\/wp\/v2\/posts\/75597","targetHints":{"allow":["GET"]}}],"collection":[{"href":"https:\/\/elregionalvm.com.ar\/noticias-villa-maria\/wp-json\/wp\/v2\/posts"}],"about":[{"href":"https:\/\/elregionalvm.com.ar\/noticias-villa-maria\/wp-json\/wp\/v2\/types\/post"}],"author":[{"embeddable":true,"href":"https:\/\/elregionalvm.com.ar\/noticias-villa-maria\/wp-json\/wp\/v2\/users\/4"}],"replies":[{"embeddable":true,"href":"https:\/\/elregionalvm.com.ar\/noticias-villa-maria\/wp-json\/wp\/v2\/comments?post=75597"}],"version-history":[{"count":4,"href":"https:\/\/elregionalvm.com.ar\/noticias-villa-maria\/wp-json\/wp\/v2\/posts\/75597\/revisions"}],"predecessor-version":[{"id":75602,"href":"https:\/\/elregionalvm.com.ar\/noticias-villa-maria\/wp-json\/wp\/v2\/posts\/75597\/revisions\/75602"}],"wp:featuredmedia":[{"embeddable":true,"href":"https:\/\/elregionalvm.com.ar\/noticias-villa-maria\/wp-json\/wp\/v2\/media\/54842"}],"wp:attachment":[{"href":"https:\/\/elregionalvm.com.ar\/noticias-villa-maria\/wp-json\/wp\/v2\/media?parent=75597"}],"wp:term":[{"taxonomy":"category","embeddable":true,"href":"https:\/\/elregionalvm.com.ar\/noticias-villa-maria\/wp-json\/wp\/v2\/categories?post=75597"},{"taxonomy":"post_tag","embeddable":true,"href":"https:\/\/elregionalvm.com.ar\/noticias-villa-maria\/wp-json\/wp\/v2\/tags?post=75597"}],"curies":[{"name":"wp","href":"https:\/\/api.w.org\/{rel}","templated":true}]}}