{"id":75619,"date":"2023-05-01T02:53:48","date_gmt":"2023-05-01T02:53:48","guid":{"rendered":"https:\/\/elregionalvm.com.ar\/noticias-villa-maria\/?p=75619"},"modified":"2023-05-01T02:53:50","modified_gmt":"2023-05-01T02:53:50","slug":"con-veredas-mas-anchas-y-mas-vegetacion-esta-habilitada-la-primera-cuadra-del-centro-comercial-a-cielo-abierto","status":"publish","type":"post","link":"https:\/\/elregionalvm.com.ar\/noticias-villa-maria\/con-veredas-mas-anchas-y-mas-vegetacion-esta-habilitada-la-primera-cuadra-del-centro-comercial-a-cielo-abierto\/","title":{"rendered":"Con veredas m\u00e1s anchas y m\u00e1s vegetaci\u00f3n, est\u00e1 habilitada la primera cuadra del centro comercial a cielo abierto"},"content":{"rendered":"\n<p><\/p>\n\n\n\n<p>Desde el s\u00e1bado por la noche, se encuentra habilitada la primera cuadra del proyecto de la obra del centro comercial a cielo abierto en Villa Mar\u00eda.<\/p>\n\n\n\n<p>Se trata de calle San Mart\u00edn, entre Corrientes y Entre R\u00edos, donde ya transitan veh\u00edculos y se puede observar las modificaciones realizadas por trabajadores municipales.<\/p>\n\n\n\n<p>El intendente Mart\u00edn Gill encabez\u00f3 una caminata por el sector junto con otros funcionarios de su gobierno.<\/p>\n\n\n\n<p><\/p>\n\n\n\n<figure class=\"wp-block-image size-full\"><img data-recalc-dims=\"1\" fetchpriority=\"high\" decoding=\"async\" width=\"1000\" height=\"666\" src=\"https:\/\/i0.wp.com\/elregionalvm.com.ar\/noticias-villa-maria\/wp-content\/uploads\/2023\/05\/Gill-primera-cuadra-centro-comercial-cielo-abierto.jpg?resize=1000%2C666&#038;ssl=1\" alt=\"\" class=\"wp-image-75622\" srcset=\"https:\/\/i0.wp.com\/elregionalvm.com.ar\/noticias-villa-maria\/wp-content\/uploads\/2023\/05\/Gill-primera-cuadra-centro-comercial-cielo-abierto.jpg?w=1000&amp;ssl=1 1000w, https:\/\/i0.wp.com\/elregionalvm.com.ar\/noticias-villa-maria\/wp-content\/uploads\/2023\/05\/Gill-primera-cuadra-centro-comercial-cielo-abierto.jpg?resize=300%2C200&amp;ssl=1 300w, https:\/\/i0.wp.com\/elregionalvm.com.ar\/noticias-villa-maria\/wp-content\/uploads\/2023\/05\/Gill-primera-cuadra-centro-comercial-cielo-abierto.jpg?resize=768%2C511&amp;ssl=1 768w\" sizes=\"(max-width: 1000px) 100vw, 1000px\" \/><\/figure>\n\n\n\n<p><\/p>\n\n\n\n<p><strong>Los trabajos<\/strong><\/p>\n\n\n\n<p>En detalle, fue demolido el viejo pavimento y hormigonada la calzada, como as\u00ed tambi\u00e9n ensanchadas las veredas y colocados nuevos adoquines en las \u00e1reas destinadas a carga y descarga.<\/p>\n\n\n\n<p>De este modo, se permiti\u00f3 la unificaci\u00f3n del nivel de aceras y calzadas donde fueron ejecutados sistemas de evacuaci\u00f3n de aguas mediante rejillas met\u00e1licas.<\/p>\n\n\n\n<p>Tambi\u00e9n, se crearon rampas de accesibilidad universal y se demarcaron zonas de uso exclusivo para personas con discapacidad.<\/p>\n\n\n\n<p><\/p>\n\n\n\n<figure class=\"wp-block-image size-full\"><img data-recalc-dims=\"1\" decoding=\"async\" width=\"1000\" height=\"666\" src=\"https:\/\/i0.wp.com\/elregionalvm.com.ar\/noticias-villa-maria\/wp-content\/uploads\/2023\/05\/Primera-cuadra-centro-comercial-cielo-abierto.jpg?resize=1000%2C666&#038;ssl=1\" alt=\"\" class=\"wp-image-75621\" srcset=\"https:\/\/i0.wp.com\/elregionalvm.com.ar\/noticias-villa-maria\/wp-content\/uploads\/2023\/05\/Primera-cuadra-centro-comercial-cielo-abierto.jpg?w=1000&amp;ssl=1 1000w, https:\/\/i0.wp.com\/elregionalvm.com.ar\/noticias-villa-maria\/wp-content\/uploads\/2023\/05\/Primera-cuadra-centro-comercial-cielo-abierto.jpg?resize=300%2C200&amp;ssl=1 300w, https:\/\/i0.wp.com\/elregionalvm.com.ar\/noticias-villa-maria\/wp-content\/uploads\/2023\/05\/Primera-cuadra-centro-comercial-cielo-abierto.jpg?resize=768%2C511&amp;ssl=1 768w\" sizes=\"(max-width: 1000px) 100vw, 1000px\" \/><\/figure>\n\n\n\n<p><\/p>\n\n\n\n<p>Asimismo, d\u00edas atr\u00e1s el trayecto fue complementado con lapachos rosados que se suman a la intervenci\u00f3n que tiene entre sus principales ejes la forestaci\u00f3n y sustentabilidad del sector.<\/p>\n\n\n\n<p><strong>Segunda etapa<\/strong><\/p>\n\n\n\n<p>La segunda parte del proyecto se desarrolla en calle Corrientes, entre Hip\u00f3lito Yrigoyen y San Mart\u00edn.<\/p>\n\n\n\n<p>Por el momento, se trabaja en la demolici\u00f3n de las estructuras de la calzada.<\/p>\n\n\n\n<p>Seg\u00fan se inform\u00f3, en todas las cuadras a intervenir se colocar\u00e1 mobiliario urbano, bicicleteros y se\u00f1alizaci\u00f3n horizontal y vertical.<\/p>\n\n\n\n<p>Asimismo, toda la obra prev\u00e9 la instalaci\u00f3n de sistemas de iluminaci\u00f3n led para una mayor modernizaci\u00f3n del sector, seguridad y consumo energ\u00e9tico.<\/p>\n","protected":false},"excerpt":{"rendered":"<p>Desde el s\u00e1bado por la noche, se encuentra habilitada la primera cuadra del proyecto de la obra del centro comercial a cielo abierto en Villa Mar\u00eda. Se trata de calle San Mart\u00edn, entre Corrientes y Entre R\u00edos, donde ya transitan veh\u00edculos y se puede observar las modificaciones realizadas por trabajadores municipales. El intendente Mart\u00edn Gill [&hellip;]<\/p>\n","protected":false},"author":4,"featured_media":75623,"comment_status":"open","ping_status":"open","sticky":false,"template":"","format":"standard","meta":{"site-sidebar-layout":"default","site-content-layout":"","ast-site-content-layout":"default","site-content-style":"default","site-sidebar-style":"default","ast-global-header-display":"","ast-banner-title-visibility":"","ast-main-header-display":"","ast-hfb-above-header-display":"","ast-hfb-below-header-display":"","ast-hfb-mobile-header-display":"","site-post-title":"","ast-breadcrumbs-content":"","ast-featured-img":"","footer-sml-layout":"","ast-disable-related-posts":"","theme-transparent-header-meta":"","adv-header-id-meta":"","stick-header-meta":"","header-above-stick-meta":"","header-main-stick-meta":"","header-below-stick-meta":"","astra-migrate-meta-layouts":"default","ast-page-background-enabled":"default","ast-page-background-meta":{"desktop":{"background-color":"","background-image":"","background-repeat":"repeat","background-position":"center center","background-size":"auto","background-attachment":"scroll","background-type":"","background-media":"","overlay-type":"","overlay-color":"","overlay-opacity":"","overlay-gradient":""},"tablet":{"background-color":"","background-image":"","background-repeat":"repeat","background-position":"center center","background-size":"auto","background-attachment":"scroll","background-type":"","background-media":"","overlay-type":"","overlay-color":"","overlay-opacity":"","overlay-gradient":""},"mobile":{"background-color":"","background-image":"","background-repeat":"repeat","background-position":"center center","background-size":"auto","background-attachment":"scroll","background-type":"","background-media":"","overlay-type":"","overlay-color":"","overlay-opacity":"","overlay-gradient":""}},"ast-content-background-meta":{"desktop":{"background-color":"var(--ast-global-color-5)","background-image":"","background-repeat":"repeat","background-position":"center center","background-size":"auto","background-attachment":"scroll","background-type":"","background-media":"","overlay-type":"","overlay-color":"","overlay-opacity":"","overlay-gradient":""},"tablet":{"background-color":"var(--ast-global-color-5)","background-image":"","background-repeat":"repeat","background-position":"center center","background-size":"auto","background-attachment":"scroll","background-type":"","background-media":"","overlay-type":"","overlay-color":"","overlay-opacity":"","overlay-gradient":""},"mobile":{"background-color":"var(--ast-global-color-5)","background-image":"","background-repeat":"repeat","background-position":"center center","background-size":"auto","background-attachment":"scroll","background-type":"","background-media":"","overlay-type":"","overlay-color":"","overlay-opacity":"","overlay-gradient":""}},"_jetpack_memberships_contains_paid_content":false,"_joinchat":[],"footnotes":""},"categories":[15302,2],"tags":[9370,21551,19370,3232,2824,12,1593,11643,22177],"class_list":["post-75619","post","type-post","status-publish","format-standard","has-post-thumbnail","hentry","category-destacado","category-villa-maria","tag-calle-san-martin","tag-caminata","tag-centro-comercial-a-cielo-abierto","tag-inauguracion","tag-martin-gill-2","tag-obras","tag-peatonal","tag-primera-etapa","tag-veredas-anchas"],"yoast_head":"<!-- This site is optimized with the Yoast SEO plugin v26.8 - https:\/\/yoast.com\/product\/yoast-seo-wordpress\/ -->\n<title>Con veredas m\u00e1s anchas y m\u00e1s vegetaci\u00f3n, est\u00e1 habilitada la primera cuadra del centro comercial a cielo abierto - El Regional<\/title>\n<meta name=\"robots\" content=\"index, follow, max-snippet:-1, max-image-preview:large, max-video-preview:-1\" \/>\n<link rel=\"canonical\" href=\"http:\/\/elregionalvm.com.ar\/noticias-villa-maria\/con-veredas-mas-anchas-y-mas-vegetacion-esta-habilitada-la-primera-cuadra-del-centro-comercial-a-cielo-abierto\/\" \/>\n<meta property=\"og:locale\" content=\"es_ES\" \/>\n<meta property=\"og:type\" content=\"article\" \/>\n<meta property=\"og:title\" content=\"Con veredas m\u00e1s anchas y m\u00e1s vegetaci\u00f3n, est\u00e1 habilitada la primera cuadra del centro comercial a cielo abierto - El Regional\" \/>\n<meta property=\"og:description\" content=\"Desde el s\u00e1bado por la noche, se encuentra habilitada la primera cuadra del proyecto de la obra del centro comercial a cielo abierto en Villa Mar\u00eda. Se trata de calle San Mart\u00edn, entre Corrientes y Entre R\u00edos, donde ya transitan veh\u00edculos y se puede observar las modificaciones realizadas por trabajadores municipales. El intendente Mart\u00edn Gill [&hellip;]\" \/>\n<meta property=\"og:url\" content=\"http:\/\/elregionalvm.com.ar\/noticias-villa-maria\/con-veredas-mas-anchas-y-mas-vegetacion-esta-habilitada-la-primera-cuadra-del-centro-comercial-a-cielo-abierto\/\" \/>\n<meta property=\"og:site_name\" content=\"El Regional\" \/>\n<meta property=\"article:publisher\" content=\"https:\/\/www.facebook.com\/elregionalvm\" \/>\n<meta property=\"article:published_time\" content=\"2023-05-01T02:53:48+00:00\" \/>\n<meta property=\"article:modified_time\" content=\"2023-05-01T02:53:50+00:00\" \/>\n<meta property=\"og:image\" content=\"http:\/\/elregionalvm.com.ar\/noticias-villa-maria\/wp-content\/uploads\/2023\/05\/Primera-cuadra-centro-comercial-cielo-abierto-1.jpg\" \/>\n\t<meta property=\"og:image:width\" content=\"1000\" \/>\n\t<meta property=\"og:image:height\" content=\"666\" \/>\n\t<meta property=\"og:image:type\" content=\"image\/jpeg\" \/>\n<meta name=\"author\" content=\"Contenidos El Regional\" \/>\n<meta name=\"twitter:card\" content=\"summary_large_image\" \/>\n<meta name=\"twitter:creator\" content=\"@elregionalvm1\" \/>\n<meta name=\"twitter:site\" content=\"@elregionalvm1\" \/>\n<meta name=\"twitter:label1\" content=\"Escrito por\" \/>\n\t<meta name=\"twitter:data1\" content=\"Contenidos El Regional\" \/>\n\t<meta name=\"twitter:label2\" content=\"Tiempo de lectura\" \/>\n\t<meta name=\"twitter:data2\" content=\"2 minutos\" \/>\n<script type=\"application\/ld+json\" class=\"yoast-schema-graph\">{\"@context\":\"https:\/\/schema.org\",\"@graph\":[{\"@type\":\"Article\",\"@id\":\"http:\/\/elregionalvm.com.ar\/noticias-villa-maria\/con-veredas-mas-anchas-y-mas-vegetacion-esta-habilitada-la-primera-cuadra-del-centro-comercial-a-cielo-abierto\/#article\",\"isPartOf\":{\"@id\":\"http:\/\/elregionalvm.com.ar\/noticias-villa-maria\/con-veredas-mas-anchas-y-mas-vegetacion-esta-habilitada-la-primera-cuadra-del-centro-comercial-a-cielo-abierto\/\"},\"author\":{\"name\":\"Contenidos El Regional\",\"@id\":\"http:\/\/elregionalvm.com.ar\/noticias-villa-maria\/#\/schema\/person\/a0fb9c422317faca23d50163151bc354\"},\"headline\":\"Con veredas m\u00e1s anchas y m\u00e1s vegetaci\u00f3n, est\u00e1 habilitada la primera cuadra del centro comercial a cielo abierto\",\"datePublished\":\"2023-05-01T02:53:48+00:00\",\"dateModified\":\"2023-05-01T02:53:50+00:00\",\"mainEntityOfPage\":{\"@id\":\"http:\/\/elregionalvm.com.ar\/noticias-villa-maria\/con-veredas-mas-anchas-y-mas-vegetacion-esta-habilitada-la-primera-cuadra-del-centro-comercial-a-cielo-abierto\/\"},\"wordCount\":288,\"commentCount\":0,\"image\":{\"@id\":\"http:\/\/elregionalvm.com.ar\/noticias-villa-maria\/con-veredas-mas-anchas-y-mas-vegetacion-esta-habilitada-la-primera-cuadra-del-centro-comercial-a-cielo-abierto\/#primaryimage\"},\"thumbnailUrl\":\"https:\/\/i0.wp.com\/elregionalvm.com.ar\/noticias-villa-maria\/wp-content\/uploads\/2023\/05\/Primera-cuadra-centro-comercial-cielo-abierto-1.jpg?fit=1000%2C666&ssl=1\",\"keywords\":[\"Calle San Mart\u00edn\",\"caminata\",\"centro comercial a cielo abierto\",\"inauguraci\u00f3n\",\"Martin Gill\",\"obras\",\"Peatonal\",\"primera etapa\",\"veredas anchas\"],\"articleSection\":[\"destacado\",\"Villa Mar\u00eda\"],\"inLanguage\":\"es\",\"potentialAction\":[{\"@type\":\"CommentAction\",\"name\":\"Comment\",\"target\":[\"http:\/\/elregionalvm.com.ar\/noticias-villa-maria\/con-veredas-mas-anchas-y-mas-vegetacion-esta-habilitada-la-primera-cuadra-del-centro-comercial-a-cielo-abierto\/#respond\"]}]},{\"@type\":\"WebPage\",\"@id\":\"http:\/\/elregionalvm.com.ar\/noticias-villa-maria\/con-veredas-mas-anchas-y-mas-vegetacion-esta-habilitada-la-primera-cuadra-del-centro-comercial-a-cielo-abierto\/\",\"url\":\"http:\/\/elregionalvm.com.ar\/noticias-villa-maria\/con-veredas-mas-anchas-y-mas-vegetacion-esta-habilitada-la-primera-cuadra-del-centro-comercial-a-cielo-abierto\/\",\"name\":\"Con veredas m\u00e1s anchas y m\u00e1s vegetaci\u00f3n, est\u00e1 habilitada la primera cuadra del centro comercial a cielo abierto - El Regional\",\"isPartOf\":{\"@id\":\"http:\/\/elregionalvm.com.ar\/noticias-villa-maria\/#website\"},\"primaryImageOfPage\":{\"@id\":\"http:\/\/elregionalvm.com.ar\/noticias-villa-maria\/con-veredas-mas-anchas-y-mas-vegetacion-esta-habilitada-la-primera-cuadra-del-centro-comercial-a-cielo-abierto\/#primaryimage\"},\"image\":{\"@id\":\"http:\/\/elregionalvm.com.ar\/noticias-villa-maria\/con-veredas-mas-anchas-y-mas-vegetacion-esta-habilitada-la-primera-cuadra-del-centro-comercial-a-cielo-abierto\/#primaryimage\"},\"thumbnailUrl\":\"https:\/\/i0.wp.com\/elregionalvm.com.ar\/noticias-villa-maria\/wp-content\/uploads\/2023\/05\/Primera-cuadra-centro-comercial-cielo-abierto-1.jpg?fit=1000%2C666&ssl=1\",\"datePublished\":\"2023-05-01T02:53:48+00:00\",\"dateModified\":\"2023-05-01T02:53:50+00:00\",\"author\":{\"@id\":\"http:\/\/elregionalvm.com.ar\/noticias-villa-maria\/#\/schema\/person\/a0fb9c422317faca23d50163151bc354\"},\"breadcrumb\":{\"@id\":\"http:\/\/elregionalvm.com.ar\/noticias-villa-maria\/con-veredas-mas-anchas-y-mas-vegetacion-esta-habilitada-la-primera-cuadra-del-centro-comercial-a-cielo-abierto\/#breadcrumb\"},\"inLanguage\":\"es\",\"potentialAction\":[{\"@type\":\"ReadAction\",\"target\":[\"http:\/\/elregionalvm.com.ar\/noticias-villa-maria\/con-veredas-mas-anchas-y-mas-vegetacion-esta-habilitada-la-primera-cuadra-del-centro-comercial-a-cielo-abierto\/\"]}]},{\"@type\":\"ImageObject\",\"inLanguage\":\"es\",\"@id\":\"http:\/\/elregionalvm.com.ar\/noticias-villa-maria\/con-veredas-mas-anchas-y-mas-vegetacion-esta-habilitada-la-primera-cuadra-del-centro-comercial-a-cielo-abierto\/#primaryimage\",\"url\":\"https:\/\/i0.wp.com\/elregionalvm.com.ar\/noticias-villa-maria\/wp-content\/uploads\/2023\/05\/Primera-cuadra-centro-comercial-cielo-abierto-1.jpg?fit=1000%2C666&ssl=1\",\"contentUrl\":\"https:\/\/i0.wp.com\/elregionalvm.com.ar\/noticias-villa-maria\/wp-content\/uploads\/2023\/05\/Primera-cuadra-centro-comercial-cielo-abierto-1.jpg?fit=1000%2C666&ssl=1\",\"width\":1000,\"height\":666},{\"@type\":\"BreadcrumbList\",\"@id\":\"http:\/\/elregionalvm.com.ar\/noticias-villa-maria\/con-veredas-mas-anchas-y-mas-vegetacion-esta-habilitada-la-primera-cuadra-del-centro-comercial-a-cielo-abierto\/#breadcrumb\",\"itemListElement\":[{\"@type\":\"ListItem\",\"position\":1,\"name\":\"Portada\",\"item\":\"https:\/\/elregionalvm.com.ar\/noticias-villa-maria\/\"},{\"@type\":\"ListItem\",\"position\":2,\"name\":\"Con veredas m\u00e1s anchas y m\u00e1s vegetaci\u00f3n, est\u00e1 habilitada la primera cuadra del centro comercial a cielo abierto\"}]},{\"@type\":\"WebSite\",\"@id\":\"http:\/\/elregionalvm.com.ar\/noticias-villa-maria\/#website\",\"url\":\"http:\/\/elregionalvm.com.ar\/noticias-villa-maria\/\",\"name\":\"El Regional\",\"description\":\"Mucho m\u00e1s que informaci\u00f3n\",\"potentialAction\":[{\"@type\":\"SearchAction\",\"target\":{\"@type\":\"EntryPoint\",\"urlTemplate\":\"http:\/\/elregionalvm.com.ar\/noticias-villa-maria\/?s={search_term_string}\"},\"query-input\":{\"@type\":\"PropertyValueSpecification\",\"valueRequired\":true,\"valueName\":\"search_term_string\"}}],\"inLanguage\":\"es\"},{\"@type\":\"Person\",\"@id\":\"http:\/\/elregionalvm.com.ar\/noticias-villa-maria\/#\/schema\/person\/a0fb9c422317faca23d50163151bc354\",\"name\":\"Contenidos El Regional\",\"image\":{\"@type\":\"ImageObject\",\"inLanguage\":\"es\",\"@id\":\"http:\/\/elregionalvm.com.ar\/noticias-villa-maria\/#\/schema\/person\/image\/\",\"url\":\"https:\/\/secure.gravatar.com\/avatar\/265b27cb2209af7bb3a1318f03305787d7981a5cc6e6cd08fe5a4ecdf99d4b48?s=96&d=mm&r=g\",\"contentUrl\":\"https:\/\/secure.gravatar.com\/avatar\/265b27cb2209af7bb3a1318f03305787d7981a5cc6e6cd08fe5a4ecdf99d4b48?s=96&d=mm&r=g\",\"caption\":\"Contenidos El Regional\"},\"url\":\"https:\/\/elregionalvm.com.ar\/noticias-villa-maria\/author\/contenido\/\"}]}<\/script>\n<!-- \/ Yoast SEO plugin. -->","yoast_head_json":{"title":"Con veredas m\u00e1s anchas y m\u00e1s vegetaci\u00f3n, est\u00e1 habilitada la primera cuadra del centro comercial a cielo abierto - El Regional","robots":{"index":"index","follow":"follow","max-snippet":"max-snippet:-1","max-image-preview":"max-image-preview:large","max-video-preview":"max-video-preview:-1"},"canonical":"http:\/\/elregionalvm.com.ar\/noticias-villa-maria\/con-veredas-mas-anchas-y-mas-vegetacion-esta-habilitada-la-primera-cuadra-del-centro-comercial-a-cielo-abierto\/","og_locale":"es_ES","og_type":"article","og_title":"Con veredas m\u00e1s anchas y m\u00e1s vegetaci\u00f3n, est\u00e1 habilitada la primera cuadra del centro comercial a cielo abierto - El Regional","og_description":"Desde el s\u00e1bado por la noche, se encuentra habilitada la primera cuadra del proyecto de la obra del centro comercial a cielo abierto en Villa Mar\u00eda. Se trata de calle San Mart\u00edn, entre Corrientes y Entre R\u00edos, donde ya transitan veh\u00edculos y se puede observar las modificaciones realizadas por trabajadores municipales. El intendente Mart\u00edn Gill [&hellip;]","og_url":"http:\/\/elregionalvm.com.ar\/noticias-villa-maria\/con-veredas-mas-anchas-y-mas-vegetacion-esta-habilitada-la-primera-cuadra-del-centro-comercial-a-cielo-abierto\/","og_site_name":"El Regional","article_publisher":"https:\/\/www.facebook.com\/elregionalvm","article_published_time":"2023-05-01T02:53:48+00:00","article_modified_time":"2023-05-01T02:53:50+00:00","og_image":[{"width":1000,"height":666,"url":"http:\/\/elregionalvm.com.ar\/noticias-villa-maria\/wp-content\/uploads\/2023\/05\/Primera-cuadra-centro-comercial-cielo-abierto-1.jpg","type":"image\/jpeg"}],"author":"Contenidos El Regional","twitter_card":"summary_large_image","twitter_creator":"@elregionalvm1","twitter_site":"@elregionalvm1","twitter_misc":{"Escrito por":"Contenidos El Regional","Tiempo de lectura":"2 minutos"},"schema":{"@context":"https:\/\/schema.org","@graph":[{"@type":"Article","@id":"http:\/\/elregionalvm.com.ar\/noticias-villa-maria\/con-veredas-mas-anchas-y-mas-vegetacion-esta-habilitada-la-primera-cuadra-del-centro-comercial-a-cielo-abierto\/#article","isPartOf":{"@id":"http:\/\/elregionalvm.com.ar\/noticias-villa-maria\/con-veredas-mas-anchas-y-mas-vegetacion-esta-habilitada-la-primera-cuadra-del-centro-comercial-a-cielo-abierto\/"},"author":{"name":"Contenidos El Regional","@id":"http:\/\/elregionalvm.com.ar\/noticias-villa-maria\/#\/schema\/person\/a0fb9c422317faca23d50163151bc354"},"headline":"Con veredas m\u00e1s anchas y m\u00e1s vegetaci\u00f3n, est\u00e1 habilitada la primera cuadra del centro comercial a cielo abierto","datePublished":"2023-05-01T02:53:48+00:00","dateModified":"2023-05-01T02:53:50+00:00","mainEntityOfPage":{"@id":"http:\/\/elregionalvm.com.ar\/noticias-villa-maria\/con-veredas-mas-anchas-y-mas-vegetacion-esta-habilitada-la-primera-cuadra-del-centro-comercial-a-cielo-abierto\/"},"wordCount":288,"commentCount":0,"image":{"@id":"http:\/\/elregionalvm.com.ar\/noticias-villa-maria\/con-veredas-mas-anchas-y-mas-vegetacion-esta-habilitada-la-primera-cuadra-del-centro-comercial-a-cielo-abierto\/#primaryimage"},"thumbnailUrl":"https:\/\/i0.wp.com\/elregionalvm.com.ar\/noticias-villa-maria\/wp-content\/uploads\/2023\/05\/Primera-cuadra-centro-comercial-cielo-abierto-1.jpg?fit=1000%2C666&ssl=1","keywords":["Calle San Mart\u00edn","caminata","centro comercial a cielo abierto","inauguraci\u00f3n","Martin Gill","obras","Peatonal","primera etapa","veredas anchas"],"articleSection":["destacado","Villa Mar\u00eda"],"inLanguage":"es","potentialAction":[{"@type":"CommentAction","name":"Comment","target":["http:\/\/elregionalvm.com.ar\/noticias-villa-maria\/con-veredas-mas-anchas-y-mas-vegetacion-esta-habilitada-la-primera-cuadra-del-centro-comercial-a-cielo-abierto\/#respond"]}]},{"@type":"WebPage","@id":"http:\/\/elregionalvm.com.ar\/noticias-villa-maria\/con-veredas-mas-anchas-y-mas-vegetacion-esta-habilitada-la-primera-cuadra-del-centro-comercial-a-cielo-abierto\/","url":"http:\/\/elregionalvm.com.ar\/noticias-villa-maria\/con-veredas-mas-anchas-y-mas-vegetacion-esta-habilitada-la-primera-cuadra-del-centro-comercial-a-cielo-abierto\/","name":"Con veredas m\u00e1s anchas y m\u00e1s vegetaci\u00f3n, est\u00e1 habilitada la primera cuadra del centro comercial a cielo abierto - El Regional","isPartOf":{"@id":"http:\/\/elregionalvm.com.ar\/noticias-villa-maria\/#website"},"primaryImageOfPage":{"@id":"http:\/\/elregionalvm.com.ar\/noticias-villa-maria\/con-veredas-mas-anchas-y-mas-vegetacion-esta-habilitada-la-primera-cuadra-del-centro-comercial-a-cielo-abierto\/#primaryimage"},"image":{"@id":"http:\/\/elregionalvm.com.ar\/noticias-villa-maria\/con-veredas-mas-anchas-y-mas-vegetacion-esta-habilitada-la-primera-cuadra-del-centro-comercial-a-cielo-abierto\/#primaryimage"},"thumbnailUrl":"https:\/\/i0.wp.com\/elregionalvm.com.ar\/noticias-villa-maria\/wp-content\/uploads\/2023\/05\/Primera-cuadra-centro-comercial-cielo-abierto-1.jpg?fit=1000%2C666&ssl=1","datePublished":"2023-05-01T02:53:48+00:00","dateModified":"2023-05-01T02:53:50+00:00","author":{"@id":"http:\/\/elregionalvm.com.ar\/noticias-villa-maria\/#\/schema\/person\/a0fb9c422317faca23d50163151bc354"},"breadcrumb":{"@id":"http:\/\/elregionalvm.com.ar\/noticias-villa-maria\/con-veredas-mas-anchas-y-mas-vegetacion-esta-habilitada-la-primera-cuadra-del-centro-comercial-a-cielo-abierto\/#breadcrumb"},"inLanguage":"es","potentialAction":[{"@type":"ReadAction","target":["http:\/\/elregionalvm.com.ar\/noticias-villa-maria\/con-veredas-mas-anchas-y-mas-vegetacion-esta-habilitada-la-primera-cuadra-del-centro-comercial-a-cielo-abierto\/"]}]},{"@type":"ImageObject","inLanguage":"es","@id":"http:\/\/elregionalvm.com.ar\/noticias-villa-maria\/con-veredas-mas-anchas-y-mas-vegetacion-esta-habilitada-la-primera-cuadra-del-centro-comercial-a-cielo-abierto\/#primaryimage","url":"https:\/\/i0.wp.com\/elregionalvm.com.ar\/noticias-villa-maria\/wp-content\/uploads\/2023\/05\/Primera-cuadra-centro-comercial-cielo-abierto-1.jpg?fit=1000%2C666&ssl=1","contentUrl":"https:\/\/i0.wp.com\/elregionalvm.com.ar\/noticias-villa-maria\/wp-content\/uploads\/2023\/05\/Primera-cuadra-centro-comercial-cielo-abierto-1.jpg?fit=1000%2C666&ssl=1","width":1000,"height":666},{"@type":"BreadcrumbList","@id":"http:\/\/elregionalvm.com.ar\/noticias-villa-maria\/con-veredas-mas-anchas-y-mas-vegetacion-esta-habilitada-la-primera-cuadra-del-centro-comercial-a-cielo-abierto\/#breadcrumb","itemListElement":[{"@type":"ListItem","position":1,"name":"Portada","item":"https:\/\/elregionalvm.com.ar\/noticias-villa-maria\/"},{"@type":"ListItem","position":2,"name":"Con veredas m\u00e1s anchas y m\u00e1s vegetaci\u00f3n, est\u00e1 habilitada la primera cuadra del centro comercial a cielo abierto"}]},{"@type":"WebSite","@id":"http:\/\/elregionalvm.com.ar\/noticias-villa-maria\/#website","url":"http:\/\/elregionalvm.com.ar\/noticias-villa-maria\/","name":"El Regional","description":"Mucho m\u00e1s que informaci\u00f3n","potentialAction":[{"@type":"SearchAction","target":{"@type":"EntryPoint","urlTemplate":"http:\/\/elregionalvm.com.ar\/noticias-villa-maria\/?s={search_term_string}"},"query-input":{"@type":"PropertyValueSpecification","valueRequired":true,"valueName":"search_term_string"}}],"inLanguage":"es"},{"@type":"Person","@id":"http:\/\/elregionalvm.com.ar\/noticias-villa-maria\/#\/schema\/person\/a0fb9c422317faca23d50163151bc354","name":"Contenidos El Regional","image":{"@type":"ImageObject","inLanguage":"es","@id":"http:\/\/elregionalvm.com.ar\/noticias-villa-maria\/#\/schema\/person\/image\/","url":"https:\/\/secure.gravatar.com\/avatar\/265b27cb2209af7bb3a1318f03305787d7981a5cc6e6cd08fe5a4ecdf99d4b48?s=96&d=mm&r=g","contentUrl":"https:\/\/secure.gravatar.com\/avatar\/265b27cb2209af7bb3a1318f03305787d7981a5cc6e6cd08fe5a4ecdf99d4b48?s=96&d=mm&r=g","caption":"Contenidos El Regional"},"url":"https:\/\/elregionalvm.com.ar\/noticias-villa-maria\/author\/contenido\/"}]}},"jetpack_featured_media_url":"https:\/\/i0.wp.com\/elregionalvm.com.ar\/noticias-villa-maria\/wp-content\/uploads\/2023\/05\/Primera-cuadra-centro-comercial-cielo-abierto-1.jpg?fit=1000%2C666&ssl=1","jetpack_sharing_enabled":true,"_links":{"self":[{"href":"https:\/\/elregionalvm.com.ar\/noticias-villa-maria\/wp-json\/wp\/v2\/posts\/75619","targetHints":{"allow":["GET"]}}],"collection":[{"href":"https:\/\/elregionalvm.com.ar\/noticias-villa-maria\/wp-json\/wp\/v2\/posts"}],"about":[{"href":"https:\/\/elregionalvm.com.ar\/noticias-villa-maria\/wp-json\/wp\/v2\/types\/post"}],"author":[{"embeddable":true,"href":"https:\/\/elregionalvm.com.ar\/noticias-villa-maria\/wp-json\/wp\/v2\/users\/4"}],"replies":[{"embeddable":true,"href":"https:\/\/elregionalvm.com.ar\/noticias-villa-maria\/wp-json\/wp\/v2\/comments?post=75619"}],"version-history":[{"count":2,"href":"https:\/\/elregionalvm.com.ar\/noticias-villa-maria\/wp-json\/wp\/v2\/posts\/75619\/revisions"}],"predecessor-version":[{"id":75625,"href":"https:\/\/elregionalvm.com.ar\/noticias-villa-maria\/wp-json\/wp\/v2\/posts\/75619\/revisions\/75625"}],"wp:featuredmedia":[{"embeddable":true,"href":"https:\/\/elregionalvm.com.ar\/noticias-villa-maria\/wp-json\/wp\/v2\/media\/75623"}],"wp:attachment":[{"href":"https:\/\/elregionalvm.com.ar\/noticias-villa-maria\/wp-json\/wp\/v2\/media?parent=75619"}],"wp:term":[{"taxonomy":"category","embeddable":true,"href":"https:\/\/elregionalvm.com.ar\/noticias-villa-maria\/wp-json\/wp\/v2\/categories?post=75619"},{"taxonomy":"post_tag","embeddable":true,"href":"https:\/\/elregionalvm.com.ar\/noticias-villa-maria\/wp-json\/wp\/v2\/tags?post=75619"}],"curies":[{"name":"wp","href":"https:\/\/api.w.org\/{rel}","templated":true}]}}