{"id":75631,"date":"2023-05-01T14:06:00","date_gmt":"2023-05-01T14:06:00","guid":{"rendered":"https:\/\/elregionalvm.com.ar\/noticias-villa-maria\/?p=75631"},"modified":"2023-05-03T02:28:16","modified_gmt":"2023-05-03T02:28:16","slug":"guitarrista-record-davide-lo-surdo-al-lado-de-jimi-hendrix-y-eric-clapton-en-la-historia","status":"publish","type":"post","link":"https:\/\/elregionalvm.com.ar\/noticias-villa-maria\/guitarrista-record-davide-lo-surdo-al-lado-de-jimi-hendrix-y-eric-clapton-en-la-historia\/","title":{"rendered":"[Guitarrista r\u00e9cord] Davide Lo Surdo, al lado de Jimi Hendrix y Eric Clapton en la historia"},"content":{"rendered":"\n<p><\/p>\n\n\n\n<p><strong>Escribe: Guglielmo Mattia (Desde Italia)<\/strong><\/p>\n\n\n\n<p><\/p>\n\n\n\n<p>Davide Lo Surdo, con solo 23 a\u00f1os, se convierte en una leyenda viviente.<\/p>\n\n\n\n<p>El joven m\u00fasico, nacido en Roma (Italia) el 24 de julio de 1999, entr\u00f3 en la historia de la m\u00fasica al lado de Jimi Hendrix y Eric Clapton por ser reconocido como el guitarrista m\u00e1s r\u00e1pido de la historia de la m\u00fasica por la famosa revista Rolling Stone, gracias a su capacidad para tocar 129 notas en un segundo.<\/p>\n\n\n\n<p>Para llegar a esta velocidad, Lo Surdo toca una secuencia de cinco arpegios, basados en las tres primeras cuerdas del instrumento utilizando la t\u00e9cnica \u201csweep picking\u201d.<\/p>\n\n\n\n<p>Esta habilidad lo ha llevado a tocar por todo el mundo y lo hizo \u00fanico en la historia.<\/p>\n\n\n\n<p><\/p>\n\n\n\n<figure class=\"wp-block-image size-full\"><img data-recalc-dims=\"1\" fetchpriority=\"high\" decoding=\"async\" width=\"828\" height=\"779\" src=\"https:\/\/i0.wp.com\/elregionalvm.com.ar\/noticias-villa-maria\/wp-content\/uploads\/2023\/05\/Davide-LoRuso-guitarrista-veloz-rolling-stone.jpg?resize=828%2C779&#038;ssl=1\" alt=\"\" class=\"wp-image-75633\" srcset=\"https:\/\/i0.wp.com\/elregionalvm.com.ar\/noticias-villa-maria\/wp-content\/uploads\/2023\/05\/Davide-LoRuso-guitarrista-veloz-rolling-stone.jpg?w=828&amp;ssl=1 828w, https:\/\/i0.wp.com\/elregionalvm.com.ar\/noticias-villa-maria\/wp-content\/uploads\/2023\/05\/Davide-LoRuso-guitarrista-veloz-rolling-stone.jpg?resize=300%2C282&amp;ssl=1 300w, https:\/\/i0.wp.com\/elregionalvm.com.ar\/noticias-villa-maria\/wp-content\/uploads\/2023\/05\/Davide-LoRuso-guitarrista-veloz-rolling-stone.jpg?resize=768%2C723&amp;ssl=1 768w\" sizes=\"(max-width: 828px) 100vw, 828px\" \/><\/figure>\n\n\n\n<p><\/p>\n\n\n\n<p><strong>Reconocimientos<\/strong><\/p>\n\n\n\n<p>Tambi\u00e9n la revista mexicana GuitarraMX lo reconoci\u00f3 como el m\u00e1s r\u00e1pido de la historia, dedicando a Davide la portada de la edici\u00f3n de julio de 2021 durante su gira latinoamericana.<\/p>\n\n\n\n<p>En noviembre del mismo a\u00f1o, Rolling Stone lo tuvo como invitado de lujo en su concierto para celebrar el aniversario de la revista, en la arena Samb\u00f3dromo do Anhembi en S\u00e3o Paulo de Brasil con m\u00e1s de 15.000 participantes.<\/p>\n\n\n\n<p><\/p>\n\n\n\n<figure class=\"wp-block-image size-full\"><img data-recalc-dims=\"1\" decoding=\"async\" width=\"900\" height=\"650\" src=\"https:\/\/i0.wp.com\/elregionalvm.com.ar\/noticias-villa-maria\/wp-content\/uploads\/2023\/05\/guitarrista-Davide-Lo-Surdo.jpeg?resize=900%2C650&#038;ssl=1\" alt=\"\" class=\"wp-image-75647\" srcset=\"https:\/\/i0.wp.com\/elregionalvm.com.ar\/noticias-villa-maria\/wp-content\/uploads\/2023\/05\/guitarrista-Davide-Lo-Surdo.jpeg?w=900&amp;ssl=1 900w, https:\/\/i0.wp.com\/elregionalvm.com.ar\/noticias-villa-maria\/wp-content\/uploads\/2023\/05\/guitarrista-Davide-Lo-Surdo.jpeg?resize=300%2C217&amp;ssl=1 300w, https:\/\/i0.wp.com\/elregionalvm.com.ar\/noticias-villa-maria\/wp-content\/uploads\/2023\/05\/guitarrista-Davide-Lo-Surdo.jpeg?resize=768%2C555&amp;ssl=1 768w\" sizes=\"(max-width: 900px) 100vw, 900px\" \/><\/figure>\n\n\n\n<p><\/p>\n\n\n\n<p>Davide fue premiado en los Sanremo Music Awards en el Hotel Hilton de Venecia como el guitarrista m\u00e1s r\u00e1pido de todos los tiempos y toc\u00f3 por primera vez en Bolivia en 2022, dando conciertos en diferentes ciudades del pa\u00eds como La Paz, Cochabamba y Santa Cruz de la Sierra.<\/p>\n\n\n\n<p>Tambi\u00e9n realiz\u00f3 giras tambi\u00e9n por India, M\u00e9xico, Brasil, Estados Unidos de Am\u00e9rica, Alemania, Suiza, Londres, Reino Unido e Italia.<\/p>\n\n\n\n<p><\/p>\n\n\n\n<h3 class=\"wp-block-heading\"><strong>Mir\u00e1 el video: <\/strong><\/h3>\n\n\n\n<p><\/p>\n\n\n\n<p><\/p>\n\n\n\n<figure class=\"wp-block-embed is-type-video is-provider-youtube wp-block-embed-youtube wp-embed-aspect-4-3 wp-has-aspect-ratio\"><div class=\"wp-block-embed__wrapper\">\n<iframe title=\"Davide Lo Surdo: The Fastest Guitarist in Music History\" width=\"500\" height=\"375\" src=\"https:\/\/www.youtube.com\/embed\/rUHAj62uzbI?feature=oembed\" frameborder=\"0\" allow=\"accelerometer; autoplay; clipboard-write; encrypted-media; gyroscope; picture-in-picture; web-share\" referrerpolicy=\"strict-origin-when-cross-origin\" allowfullscreen><\/iframe>\n<\/div><\/figure>\n","protected":false},"excerpt":{"rendered":"<p>Escribe: Guglielmo Mattia (Desde Italia) Davide Lo Surdo, con solo 23 a\u00f1os, se convierte en una leyenda viviente. El joven m\u00fasico, nacido en Roma (Italia) el 24 de julio de 1999, entr\u00f3 en la historia de la m\u00fasica al lado de Jimi Hendrix y Eric Clapton por ser reconocido como el guitarrista m\u00e1s r\u00e1pido de [&hellip;]<\/p>\n","protected":false},"author":4,"featured_media":75634,"comment_status":"open","ping_status":"open","sticky":false,"template":"","format":"standard","meta":{"site-sidebar-layout":"default","site-content-layout":"","ast-site-content-layout":"default","site-content-style":"default","site-sidebar-style":"default","ast-global-header-display":"","ast-banner-title-visibility":"","ast-main-header-display":"","ast-hfb-above-header-display":"","ast-hfb-below-header-display":"","ast-hfb-mobile-header-display":"","site-post-title":"","ast-breadcrumbs-content":"","ast-featured-img":"","footer-sml-layout":"","ast-disable-related-posts":"","theme-transparent-header-meta":"","adv-header-id-meta":"","stick-header-meta":"","header-above-stick-meta":"","header-main-stick-meta":"","header-below-stick-meta":"","astra-migrate-meta-layouts":"default","ast-page-background-enabled":"default","ast-page-background-meta":{"desktop":{"background-color":"","background-image":"","background-repeat":"repeat","background-position":"center center","background-size":"auto","background-attachment":"scroll","background-type":"","background-media":"","overlay-type":"","overlay-color":"","overlay-opacity":"","overlay-gradient":""},"tablet":{"background-color":"","background-image":"","background-repeat":"repeat","background-position":"center center","background-size":"auto","background-attachment":"scroll","background-type":"","background-media":"","overlay-type":"","overlay-color":"","overlay-opacity":"","overlay-gradient":""},"mobile":{"background-color":"","background-image":"","background-repeat":"repeat","background-position":"center center","background-size":"auto","background-attachment":"scroll","background-type":"","background-media":"","overlay-type":"","overlay-color":"","overlay-opacity":"","overlay-gradient":""}},"ast-content-background-meta":{"desktop":{"background-color":"var(--ast-global-color-5)","background-image":"","background-repeat":"repeat","background-position":"center center","background-size":"auto","background-attachment":"scroll","background-type":"","background-media":"","overlay-type":"","overlay-color":"","overlay-opacity":"","overlay-gradient":""},"tablet":{"background-color":"var(--ast-global-color-5)","background-image":"","background-repeat":"repeat","background-position":"center center","background-size":"auto","background-attachment":"scroll","background-type":"","background-media":"","overlay-type":"","overlay-color":"","overlay-opacity":"","overlay-gradient":""},"mobile":{"background-color":"var(--ast-global-color-5)","background-image":"","background-repeat":"repeat","background-position":"center center","background-size":"auto","background-attachment":"scroll","background-type":"","background-media":"","overlay-type":"","overlay-color":"","overlay-opacity":"","overlay-gradient":""}},"_jetpack_memberships_contains_paid_content":false,"_joinchat":[],"footnotes":""},"categories":[2098,3557,2074],"tags":[22180,22182,5622,1386,526,22181,22187,10776,3767,90],"class_list":["post-75631","post","type-post","status-publish","format-standard","has-post-thumbnail","hentry","category-historias","category-tercera","category-videos","tag-davide-lo-surdo","tag-eric-clapton","tag-guitarra","tag-historias","tag-italia","tag-jimi-hendrix","tag-leyenda-viviente","tag-rolling-stone","tag-roma","tag-velocidad"],"yoast_head":"<!-- This site is optimized with the Yoast SEO plugin v26.8 - https:\/\/yoast.com\/product\/yoast-seo-wordpress\/ -->\n<title>[Guitarrista r\u00e9cord] Davide Lo Surdo, al lado de Jimi Hendrix y Eric Clapton en la historia - El Regional<\/title>\n<meta name=\"robots\" content=\"index, follow, max-snippet:-1, max-image-preview:large, max-video-preview:-1\" \/>\n<link rel=\"canonical\" href=\"http:\/\/elregionalvm.com.ar\/noticias-villa-maria\/guitarrista-record-davide-lo-surdo-al-lado-de-jimi-hendrix-y-eric-clapton-en-la-historia\/\" \/>\n<meta property=\"og:locale\" content=\"es_ES\" \/>\n<meta property=\"og:type\" content=\"article\" \/>\n<meta property=\"og:title\" content=\"[Guitarrista r\u00e9cord] Davide Lo Surdo, al lado de Jimi Hendrix y Eric Clapton en la historia - El Regional\" \/>\n<meta property=\"og:description\" content=\"Escribe: Guglielmo Mattia (Desde Italia) Davide Lo Surdo, con solo 23 a\u00f1os, se convierte en una leyenda viviente. El joven m\u00fasico, nacido en Roma (Italia) el 24 de julio de 1999, entr\u00f3 en la historia de la m\u00fasica al lado de Jimi Hendrix y Eric Clapton por ser reconocido como el guitarrista m\u00e1s r\u00e1pido de [&hellip;]\" \/>\n<meta property=\"og:url\" content=\"http:\/\/elregionalvm.com.ar\/noticias-villa-maria\/guitarrista-record-davide-lo-surdo-al-lado-de-jimi-hendrix-y-eric-clapton-en-la-historia\/\" \/>\n<meta property=\"og:site_name\" content=\"El Regional\" \/>\n<meta property=\"article:publisher\" content=\"https:\/\/www.facebook.com\/elregionalvm\" \/>\n<meta property=\"article:published_time\" content=\"2023-05-01T14:06:00+00:00\" \/>\n<meta property=\"article:modified_time\" content=\"2023-05-03T02:28:16+00:00\" \/>\n<meta property=\"og:image\" content=\"http:\/\/elregionalvm.com.ar\/noticias-villa-maria\/wp-content\/uploads\/2023\/05\/Davide-LoRuso-guitarrista-veloz.jpg\" \/>\n\t<meta property=\"og:image:width\" content=\"1200\" \/>\n\t<meta property=\"og:image:height\" content=\"675\" \/>\n\t<meta property=\"og:image:type\" content=\"image\/jpeg\" \/>\n<meta name=\"author\" content=\"Contenidos El Regional\" \/>\n<meta name=\"twitter:card\" content=\"summary_large_image\" \/>\n<meta name=\"twitter:creator\" content=\"@elregionalvm1\" \/>\n<meta name=\"twitter:site\" content=\"@elregionalvm1\" \/>\n<meta name=\"twitter:label1\" content=\"Escrito por\" \/>\n\t<meta name=\"twitter:data1\" content=\"Contenidos El Regional\" \/>\n\t<meta name=\"twitter:label2\" content=\"Tiempo de lectura\" \/>\n\t<meta name=\"twitter:data2\" content=\"2 minutos\" \/>\n<script type=\"application\/ld+json\" class=\"yoast-schema-graph\">{\"@context\":\"https:\/\/schema.org\",\"@graph\":[{\"@type\":\"Article\",\"@id\":\"http:\/\/elregionalvm.com.ar\/noticias-villa-maria\/guitarrista-record-davide-lo-surdo-al-lado-de-jimi-hendrix-y-eric-clapton-en-la-historia\/#article\",\"isPartOf\":{\"@id\":\"http:\/\/elregionalvm.com.ar\/noticias-villa-maria\/guitarrista-record-davide-lo-surdo-al-lado-de-jimi-hendrix-y-eric-clapton-en-la-historia\/\"},\"author\":{\"name\":\"Contenidos El Regional\",\"@id\":\"http:\/\/elregionalvm.com.ar\/noticias-villa-maria\/#\/schema\/person\/a0fb9c422317faca23d50163151bc354\"},\"headline\":\"[Guitarrista r\u00e9cord] Davide Lo Surdo, al lado de Jimi Hendrix y Eric Clapton en la historia\",\"datePublished\":\"2023-05-01T14:06:00+00:00\",\"dateModified\":\"2023-05-03T02:28:16+00:00\",\"mainEntityOfPage\":{\"@id\":\"http:\/\/elregionalvm.com.ar\/noticias-villa-maria\/guitarrista-record-davide-lo-surdo-al-lado-de-jimi-hendrix-y-eric-clapton-en-la-historia\/\"},\"wordCount\":299,\"commentCount\":0,\"image\":{\"@id\":\"http:\/\/elregionalvm.com.ar\/noticias-villa-maria\/guitarrista-record-davide-lo-surdo-al-lado-de-jimi-hendrix-y-eric-clapton-en-la-historia\/#primaryimage\"},\"thumbnailUrl\":\"https:\/\/i0.wp.com\/elregionalvm.com.ar\/noticias-villa-maria\/wp-content\/uploads\/2023\/05\/Davide-LoRuso-guitarrista-veloz.jpg?fit=1200%2C675&ssl=1\",\"keywords\":[\"Davide Lo Surdo\",\"Eric Clapton\",\"Guitarra\",\"historias\",\"Italia\",\"Jimi Hendrix\",\"leyenda viviente\",\"Rolling Stone\",\"Roma\",\"velocidad\"],\"articleSection\":[\"Historias\",\"tercera\",\"Videos\"],\"inLanguage\":\"es\",\"potentialAction\":[{\"@type\":\"CommentAction\",\"name\":\"Comment\",\"target\":[\"http:\/\/elregionalvm.com.ar\/noticias-villa-maria\/guitarrista-record-davide-lo-surdo-al-lado-de-jimi-hendrix-y-eric-clapton-en-la-historia\/#respond\"]}]},{\"@type\":\"WebPage\",\"@id\":\"http:\/\/elregionalvm.com.ar\/noticias-villa-maria\/guitarrista-record-davide-lo-surdo-al-lado-de-jimi-hendrix-y-eric-clapton-en-la-historia\/\",\"url\":\"http:\/\/elregionalvm.com.ar\/noticias-villa-maria\/guitarrista-record-davide-lo-surdo-al-lado-de-jimi-hendrix-y-eric-clapton-en-la-historia\/\",\"name\":\"[Guitarrista r\u00e9cord] Davide Lo Surdo, al lado de Jimi Hendrix y Eric Clapton en la historia - El Regional\",\"isPartOf\":{\"@id\":\"http:\/\/elregionalvm.com.ar\/noticias-villa-maria\/#website\"},\"primaryImageOfPage\":{\"@id\":\"http:\/\/elregionalvm.com.ar\/noticias-villa-maria\/guitarrista-record-davide-lo-surdo-al-lado-de-jimi-hendrix-y-eric-clapton-en-la-historia\/#primaryimage\"},\"image\":{\"@id\":\"http:\/\/elregionalvm.com.ar\/noticias-villa-maria\/guitarrista-record-davide-lo-surdo-al-lado-de-jimi-hendrix-y-eric-clapton-en-la-historia\/#primaryimage\"},\"thumbnailUrl\":\"https:\/\/i0.wp.com\/elregionalvm.com.ar\/noticias-villa-maria\/wp-content\/uploads\/2023\/05\/Davide-LoRuso-guitarrista-veloz.jpg?fit=1200%2C675&ssl=1\",\"datePublished\":\"2023-05-01T14:06:00+00:00\",\"dateModified\":\"2023-05-03T02:28:16+00:00\",\"author\":{\"@id\":\"http:\/\/elregionalvm.com.ar\/noticias-villa-maria\/#\/schema\/person\/a0fb9c422317faca23d50163151bc354\"},\"breadcrumb\":{\"@id\":\"http:\/\/elregionalvm.com.ar\/noticias-villa-maria\/guitarrista-record-davide-lo-surdo-al-lado-de-jimi-hendrix-y-eric-clapton-en-la-historia\/#breadcrumb\"},\"inLanguage\":\"es\",\"potentialAction\":[{\"@type\":\"ReadAction\",\"target\":[\"http:\/\/elregionalvm.com.ar\/noticias-villa-maria\/guitarrista-record-davide-lo-surdo-al-lado-de-jimi-hendrix-y-eric-clapton-en-la-historia\/\"]}]},{\"@type\":\"ImageObject\",\"inLanguage\":\"es\",\"@id\":\"http:\/\/elregionalvm.com.ar\/noticias-villa-maria\/guitarrista-record-davide-lo-surdo-al-lado-de-jimi-hendrix-y-eric-clapton-en-la-historia\/#primaryimage\",\"url\":\"https:\/\/i0.wp.com\/elregionalvm.com.ar\/noticias-villa-maria\/wp-content\/uploads\/2023\/05\/Davide-LoRuso-guitarrista-veloz.jpg?fit=1200%2C675&ssl=1\",\"contentUrl\":\"https:\/\/i0.wp.com\/elregionalvm.com.ar\/noticias-villa-maria\/wp-content\/uploads\/2023\/05\/Davide-LoRuso-guitarrista-veloz.jpg?fit=1200%2C675&ssl=1\",\"width\":1200,\"height\":675},{\"@type\":\"BreadcrumbList\",\"@id\":\"http:\/\/elregionalvm.com.ar\/noticias-villa-maria\/guitarrista-record-davide-lo-surdo-al-lado-de-jimi-hendrix-y-eric-clapton-en-la-historia\/#breadcrumb\",\"itemListElement\":[{\"@type\":\"ListItem\",\"position\":1,\"name\":\"Portada\",\"item\":\"https:\/\/elregionalvm.com.ar\/noticias-villa-maria\/\"},{\"@type\":\"ListItem\",\"position\":2,\"name\":\"[Guitarrista r\u00e9cord] Davide Lo Surdo, al lado de Jimi Hendrix y Eric Clapton en la historia\"}]},{\"@type\":\"WebSite\",\"@id\":\"http:\/\/elregionalvm.com.ar\/noticias-villa-maria\/#website\",\"url\":\"http:\/\/elregionalvm.com.ar\/noticias-villa-maria\/\",\"name\":\"El Regional\",\"description\":\"Mucho m\u00e1s que informaci\u00f3n\",\"potentialAction\":[{\"@type\":\"SearchAction\",\"target\":{\"@type\":\"EntryPoint\",\"urlTemplate\":\"http:\/\/elregionalvm.com.ar\/noticias-villa-maria\/?s={search_term_string}\"},\"query-input\":{\"@type\":\"PropertyValueSpecification\",\"valueRequired\":true,\"valueName\":\"search_term_string\"}}],\"inLanguage\":\"es\"},{\"@type\":\"Person\",\"@id\":\"http:\/\/elregionalvm.com.ar\/noticias-villa-maria\/#\/schema\/person\/a0fb9c422317faca23d50163151bc354\",\"name\":\"Contenidos El Regional\",\"image\":{\"@type\":\"ImageObject\",\"inLanguage\":\"es\",\"@id\":\"http:\/\/elregionalvm.com.ar\/noticias-villa-maria\/#\/schema\/person\/image\/\",\"url\":\"https:\/\/secure.gravatar.com\/avatar\/265b27cb2209af7bb3a1318f03305787d7981a5cc6e6cd08fe5a4ecdf99d4b48?s=96&d=mm&r=g\",\"contentUrl\":\"https:\/\/secure.gravatar.com\/avatar\/265b27cb2209af7bb3a1318f03305787d7981a5cc6e6cd08fe5a4ecdf99d4b48?s=96&d=mm&r=g\",\"caption\":\"Contenidos El Regional\"},\"url\":\"https:\/\/elregionalvm.com.ar\/noticias-villa-maria\/author\/contenido\/\"}]}<\/script>\n<!-- \/ Yoast SEO plugin. -->","yoast_head_json":{"title":"[Guitarrista r\u00e9cord] Davide Lo Surdo, al lado de Jimi Hendrix y Eric Clapton en la historia - El Regional","robots":{"index":"index","follow":"follow","max-snippet":"max-snippet:-1","max-image-preview":"max-image-preview:large","max-video-preview":"max-video-preview:-1"},"canonical":"http:\/\/elregionalvm.com.ar\/noticias-villa-maria\/guitarrista-record-davide-lo-surdo-al-lado-de-jimi-hendrix-y-eric-clapton-en-la-historia\/","og_locale":"es_ES","og_type":"article","og_title":"[Guitarrista r\u00e9cord] Davide Lo Surdo, al lado de Jimi Hendrix y Eric Clapton en la historia - El Regional","og_description":"Escribe: Guglielmo Mattia (Desde Italia) Davide Lo Surdo, con solo 23 a\u00f1os, se convierte en una leyenda viviente. El joven m\u00fasico, nacido en Roma (Italia) el 24 de julio de 1999, entr\u00f3 en la historia de la m\u00fasica al lado de Jimi Hendrix y Eric Clapton por ser reconocido como el guitarrista m\u00e1s r\u00e1pido de [&hellip;]","og_url":"http:\/\/elregionalvm.com.ar\/noticias-villa-maria\/guitarrista-record-davide-lo-surdo-al-lado-de-jimi-hendrix-y-eric-clapton-en-la-historia\/","og_site_name":"El Regional","article_publisher":"https:\/\/www.facebook.com\/elregionalvm","article_published_time":"2023-05-01T14:06:00+00:00","article_modified_time":"2023-05-03T02:28:16+00:00","og_image":[{"width":1200,"height":675,"url":"http:\/\/elregionalvm.com.ar\/noticias-villa-maria\/wp-content\/uploads\/2023\/05\/Davide-LoRuso-guitarrista-veloz.jpg","type":"image\/jpeg"}],"author":"Contenidos El Regional","twitter_card":"summary_large_image","twitter_creator":"@elregionalvm1","twitter_site":"@elregionalvm1","twitter_misc":{"Escrito por":"Contenidos El Regional","Tiempo de lectura":"2 minutos"},"schema":{"@context":"https:\/\/schema.org","@graph":[{"@type":"Article","@id":"http:\/\/elregionalvm.com.ar\/noticias-villa-maria\/guitarrista-record-davide-lo-surdo-al-lado-de-jimi-hendrix-y-eric-clapton-en-la-historia\/#article","isPartOf":{"@id":"http:\/\/elregionalvm.com.ar\/noticias-villa-maria\/guitarrista-record-davide-lo-surdo-al-lado-de-jimi-hendrix-y-eric-clapton-en-la-historia\/"},"author":{"name":"Contenidos El Regional","@id":"http:\/\/elregionalvm.com.ar\/noticias-villa-maria\/#\/schema\/person\/a0fb9c422317faca23d50163151bc354"},"headline":"[Guitarrista r\u00e9cord] Davide Lo Surdo, al lado de Jimi Hendrix y Eric Clapton en la historia","datePublished":"2023-05-01T14:06:00+00:00","dateModified":"2023-05-03T02:28:16+00:00","mainEntityOfPage":{"@id":"http:\/\/elregionalvm.com.ar\/noticias-villa-maria\/guitarrista-record-davide-lo-surdo-al-lado-de-jimi-hendrix-y-eric-clapton-en-la-historia\/"},"wordCount":299,"commentCount":0,"image":{"@id":"http:\/\/elregionalvm.com.ar\/noticias-villa-maria\/guitarrista-record-davide-lo-surdo-al-lado-de-jimi-hendrix-y-eric-clapton-en-la-historia\/#primaryimage"},"thumbnailUrl":"https:\/\/i0.wp.com\/elregionalvm.com.ar\/noticias-villa-maria\/wp-content\/uploads\/2023\/05\/Davide-LoRuso-guitarrista-veloz.jpg?fit=1200%2C675&ssl=1","keywords":["Davide Lo Surdo","Eric Clapton","Guitarra","historias","Italia","Jimi Hendrix","leyenda viviente","Rolling Stone","Roma","velocidad"],"articleSection":["Historias","tercera","Videos"],"inLanguage":"es","potentialAction":[{"@type":"CommentAction","name":"Comment","target":["http:\/\/elregionalvm.com.ar\/noticias-villa-maria\/guitarrista-record-davide-lo-surdo-al-lado-de-jimi-hendrix-y-eric-clapton-en-la-historia\/#respond"]}]},{"@type":"WebPage","@id":"http:\/\/elregionalvm.com.ar\/noticias-villa-maria\/guitarrista-record-davide-lo-surdo-al-lado-de-jimi-hendrix-y-eric-clapton-en-la-historia\/","url":"http:\/\/elregionalvm.com.ar\/noticias-villa-maria\/guitarrista-record-davide-lo-surdo-al-lado-de-jimi-hendrix-y-eric-clapton-en-la-historia\/","name":"[Guitarrista r\u00e9cord] Davide Lo Surdo, al lado de Jimi Hendrix y Eric Clapton en la historia - El Regional","isPartOf":{"@id":"http:\/\/elregionalvm.com.ar\/noticias-villa-maria\/#website"},"primaryImageOfPage":{"@id":"http:\/\/elregionalvm.com.ar\/noticias-villa-maria\/guitarrista-record-davide-lo-surdo-al-lado-de-jimi-hendrix-y-eric-clapton-en-la-historia\/#primaryimage"},"image":{"@id":"http:\/\/elregionalvm.com.ar\/noticias-villa-maria\/guitarrista-record-davide-lo-surdo-al-lado-de-jimi-hendrix-y-eric-clapton-en-la-historia\/#primaryimage"},"thumbnailUrl":"https:\/\/i0.wp.com\/elregionalvm.com.ar\/noticias-villa-maria\/wp-content\/uploads\/2023\/05\/Davide-LoRuso-guitarrista-veloz.jpg?fit=1200%2C675&ssl=1","datePublished":"2023-05-01T14:06:00+00:00","dateModified":"2023-05-03T02:28:16+00:00","author":{"@id":"http:\/\/elregionalvm.com.ar\/noticias-villa-maria\/#\/schema\/person\/a0fb9c422317faca23d50163151bc354"},"breadcrumb":{"@id":"http:\/\/elregionalvm.com.ar\/noticias-villa-maria\/guitarrista-record-davide-lo-surdo-al-lado-de-jimi-hendrix-y-eric-clapton-en-la-historia\/#breadcrumb"},"inLanguage":"es","potentialAction":[{"@type":"ReadAction","target":["http:\/\/elregionalvm.com.ar\/noticias-villa-maria\/guitarrista-record-davide-lo-surdo-al-lado-de-jimi-hendrix-y-eric-clapton-en-la-historia\/"]}]},{"@type":"ImageObject","inLanguage":"es","@id":"http:\/\/elregionalvm.com.ar\/noticias-villa-maria\/guitarrista-record-davide-lo-surdo-al-lado-de-jimi-hendrix-y-eric-clapton-en-la-historia\/#primaryimage","url":"https:\/\/i0.wp.com\/elregionalvm.com.ar\/noticias-villa-maria\/wp-content\/uploads\/2023\/05\/Davide-LoRuso-guitarrista-veloz.jpg?fit=1200%2C675&ssl=1","contentUrl":"https:\/\/i0.wp.com\/elregionalvm.com.ar\/noticias-villa-maria\/wp-content\/uploads\/2023\/05\/Davide-LoRuso-guitarrista-veloz.jpg?fit=1200%2C675&ssl=1","width":1200,"height":675},{"@type":"BreadcrumbList","@id":"http:\/\/elregionalvm.com.ar\/noticias-villa-maria\/guitarrista-record-davide-lo-surdo-al-lado-de-jimi-hendrix-y-eric-clapton-en-la-historia\/#breadcrumb","itemListElement":[{"@type":"ListItem","position":1,"name":"Portada","item":"https:\/\/elregionalvm.com.ar\/noticias-villa-maria\/"},{"@type":"ListItem","position":2,"name":"[Guitarrista r\u00e9cord] Davide Lo Surdo, al lado de Jimi Hendrix y Eric Clapton en la historia"}]},{"@type":"WebSite","@id":"http:\/\/elregionalvm.com.ar\/noticias-villa-maria\/#website","url":"http:\/\/elregionalvm.com.ar\/noticias-villa-maria\/","name":"El Regional","description":"Mucho m\u00e1s que informaci\u00f3n","potentialAction":[{"@type":"SearchAction","target":{"@type":"EntryPoint","urlTemplate":"http:\/\/elregionalvm.com.ar\/noticias-villa-maria\/?s={search_term_string}"},"query-input":{"@type":"PropertyValueSpecification","valueRequired":true,"valueName":"search_term_string"}}],"inLanguage":"es"},{"@type":"Person","@id":"http:\/\/elregionalvm.com.ar\/noticias-villa-maria\/#\/schema\/person\/a0fb9c422317faca23d50163151bc354","name":"Contenidos El Regional","image":{"@type":"ImageObject","inLanguage":"es","@id":"http:\/\/elregionalvm.com.ar\/noticias-villa-maria\/#\/schema\/person\/image\/","url":"https:\/\/secure.gravatar.com\/avatar\/265b27cb2209af7bb3a1318f03305787d7981a5cc6e6cd08fe5a4ecdf99d4b48?s=96&d=mm&r=g","contentUrl":"https:\/\/secure.gravatar.com\/avatar\/265b27cb2209af7bb3a1318f03305787d7981a5cc6e6cd08fe5a4ecdf99d4b48?s=96&d=mm&r=g","caption":"Contenidos El Regional"},"url":"https:\/\/elregionalvm.com.ar\/noticias-villa-maria\/author\/contenido\/"}]}},"jetpack_featured_media_url":"https:\/\/i0.wp.com\/elregionalvm.com.ar\/noticias-villa-maria\/wp-content\/uploads\/2023\/05\/Davide-LoRuso-guitarrista-veloz.jpg?fit=1200%2C675&ssl=1","jetpack_sharing_enabled":true,"_links":{"self":[{"href":"https:\/\/elregionalvm.com.ar\/noticias-villa-maria\/wp-json\/wp\/v2\/posts\/75631","targetHints":{"allow":["GET"]}}],"collection":[{"href":"https:\/\/elregionalvm.com.ar\/noticias-villa-maria\/wp-json\/wp\/v2\/posts"}],"about":[{"href":"https:\/\/elregionalvm.com.ar\/noticias-villa-maria\/wp-json\/wp\/v2\/types\/post"}],"author":[{"embeddable":true,"href":"https:\/\/elregionalvm.com.ar\/noticias-villa-maria\/wp-json\/wp\/v2\/users\/4"}],"replies":[{"embeddable":true,"href":"https:\/\/elregionalvm.com.ar\/noticias-villa-maria\/wp-json\/wp\/v2\/comments?post=75631"}],"version-history":[{"count":4,"href":"https:\/\/elregionalvm.com.ar\/noticias-villa-maria\/wp-json\/wp\/v2\/posts\/75631\/revisions"}],"predecessor-version":[{"id":75651,"href":"https:\/\/elregionalvm.com.ar\/noticias-villa-maria\/wp-json\/wp\/v2\/posts\/75631\/revisions\/75651"}],"wp:featuredmedia":[{"embeddable":true,"href":"https:\/\/elregionalvm.com.ar\/noticias-villa-maria\/wp-json\/wp\/v2\/media\/75634"}],"wp:attachment":[{"href":"https:\/\/elregionalvm.com.ar\/noticias-villa-maria\/wp-json\/wp\/v2\/media?parent=75631"}],"wp:term":[{"taxonomy":"category","embeddable":true,"href":"https:\/\/elregionalvm.com.ar\/noticias-villa-maria\/wp-json\/wp\/v2\/categories?post=75631"},{"taxonomy":"post_tag","embeddable":true,"href":"https:\/\/elregionalvm.com.ar\/noticias-villa-maria\/wp-json\/wp\/v2\/tags?post=75631"}],"curies":[{"name":"wp","href":"https:\/\/api.w.org\/{rel}","templated":true}]}}