{"id":75636,"date":"2023-05-01T03:59:54","date_gmt":"2023-05-01T03:59:54","guid":{"rendered":"https:\/\/elregionalvm.com.ar\/noticias-villa-maria\/?p=75636"},"modified":"2023-05-01T03:59:56","modified_gmt":"2023-05-01T03:59:56","slug":"gabriel-canas-sera-el-proximo-intendente-de-ticino-la-oposicion-no-presento-lista","status":"publish","type":"post","link":"https:\/\/elregionalvm.com.ar\/noticias-villa-maria\/gabriel-canas-sera-el-proximo-intendente-de-ticino-la-oposicion-no-presento-lista\/","title":{"rendered":"Gabriel Ca\u00f1as ser\u00e1 el pr\u00f3ximo intendente de Ticino: La oposici\u00f3n no present\u00f3 lista"},"content":{"rendered":"\n<p><\/p>\n\n\n\n<p>El candidato de Juntos por el Cambio Gabriel Ca\u00f1as ser\u00e1 proclamado hoy lunes como el pr\u00f3ximo intendente de Ticino.<\/p>\n\n\n\n<p>Este domingo 30 de abril venci\u00f3 el plazo de presentaci\u00f3n de listas y la n\u00f3mina oficialista fue la \u00fanica que realiz\u00f3 la inscripci\u00f3n.<\/p>\n\n\n\n<p>Aunque, la propuesta opositora present\u00f3 la documentaci\u00f3n para oficializar su alianza, Unidos por Ticino, no present\u00f3 la lista en el tiempo previsto.<\/p>\n\n\n\n<p>Desde ese momento, la Junta Electoral tiene un plazo m\u00e1ximo de 48 horas para proclamar a las futuras autoridades.<\/p>\n\n\n\n<p>De hecho, ocurrir\u00e1 este lunes seg\u00fan la informaci\u00f3n a la que accedi\u00f3 <strong>EL REGIONAL.<\/strong><\/p>\n\n\n\n<p>Ca\u00f1as, que se desempe\u00f1a como m\u00e9dico en la localidad, suceder\u00e1 a la actual mandataria local Liliana Ruetsch.<\/p>\n\n\n\n<p><strong>Comunicado de la oposici\u00f3n<\/strong><\/p>\n\n\n\n<p>Desde Unidos por Ticino se emiti\u00f3 un comunicado para informar las razones de no presentar lista para las elecciones locales. <\/p>\n\n\n\n<p>Lo hizo con la firma de Juan Cruz Fowler, quien iba a ser el candidato a intendente. <\/p>\n\n\n\n<p>Entre los motivos, se\u00f1al\u00f3 que el \u00abDr. Gabriel Ca\u00f1as es una persona con gran calidad humana, adem\u00e1s responsable y comprometida con nuestro pueblo. Creemos que estar\u00e1 a la altura de realizar los cambios necesarios y cumplir las demandas que presentan estos tiempos\u00bb.<\/p>\n\n\n\n<p><\/p>\n\n\n\n<figure class=\"wp-block-image size-full\"><img data-recalc-dims=\"1\" fetchpriority=\"high\" decoding=\"async\" width=\"953\" height=\"960\" src=\"https:\/\/i0.wp.com\/elregionalvm.com.ar\/noticias-villa-maria\/wp-content\/uploads\/2023\/05\/Juan-Cruz-Fowler.jpg?resize=953%2C960&#038;ssl=1\" alt=\"\" class=\"wp-image-75637\" srcset=\"https:\/\/i0.wp.com\/elregionalvm.com.ar\/noticias-villa-maria\/wp-content\/uploads\/2023\/05\/Juan-Cruz-Fowler.jpg?w=953&amp;ssl=1 953w, https:\/\/i0.wp.com\/elregionalvm.com.ar\/noticias-villa-maria\/wp-content\/uploads\/2023\/05\/Juan-Cruz-Fowler.jpg?resize=298%2C300&amp;ssl=1 298w, https:\/\/i0.wp.com\/elregionalvm.com.ar\/noticias-villa-maria\/wp-content\/uploads\/2023\/05\/Juan-Cruz-Fowler.jpg?resize=768%2C774&amp;ssl=1 768w\" sizes=\"(max-width: 953px) 100vw, 953px\" \/><figcaption><em>Juan Fowler explic\u00f3 los motivos de la no presentaci\u00f3n de la lista. <\/em><\/figcaption><\/figure>\n\n\n\n<p><\/p>\n\n\n\n<p>A continuaci\u00f3n, se reproduce el texto completo del mensaje: <\/p>\n\n\n\n<p>\u00abQueridos vecinos:<\/p>\n\n\n\n<p>Luego de conversaciones con el equipo de Unidos por Ticino, queremos informarles sobre la decisi\u00f3n de no presentar lista para las pr\u00f3ximas elecciones municipales.<\/p>\n\n\n\n<p>A los dirigentes, el contexto pol\u00edtico y econ\u00f3mico actual nos demanda responsabilidad y coherencia con la sociedad. Por eso, creemos oportuno no sumarnos a la votaci\u00f3n este a\u00f1o. Los gastos de una campa\u00f1a deben ser destinado a otras urgencias. Ni nosotros ni el oficialismo estar\u00e1 implicado en utilizar recursos para una contienda electoral.<\/p>\n\n\n\n<p>En las conversaciones, logramos coincidir que el candidato a Intendente, Dr. Gabriel Ca\u00f1as, es una persona con gran calidad humana, adem\u00e1s responsable y comprometida con nuestro pueblo. Creemos que estar\u00e1 a la altura de realizar los cambios necesarios y cumplir las demandas que presentan estos tiempos.<\/p>\n\n\n\n<p>Esta decisi\u00f3n no significa que dejaremos de trabajar en nuestra querida localidad de Ticino. Es m\u00e1s, es un impulso para reafirmar nuestro compromiso. Ahora, desde otro lugar. Continuaremos estando a la par de los sue\u00f1os de cambio de nuestras vecinas y vecinos con m\u00e1s convicci\u00f3n.<br>Al futuro Intendente, apoyaremos y colaboraremos en las decisiones que consideremos pertinentes. Adem\u00e1s, aportaremos ideas propias para lograr uni\u00f3n y mejorar la calidad de vida de todos.<\/p>\n\n\n\n<p>De todo coraz\u00f3n, agradecemos a todas las personas que trabajaron hasta hoy para conseguir una alternativa y que creen que somos la mejor opci\u00f3n para lograr cambios y transformaciones en Ticino. <\/p>\n\n\n\n<p>A los vecinos que sumaron su voluntad y decidieron unirse a nuestro espacio, a todos ustedes, quiero decirles personalmente que seguiremos en contacto, que cuentan conmigo y con mi equipo para escuchar, resolver y aportar en la resoluci\u00f3n de sus necesidades.<\/p>\n\n\n\n<p>A partir de hoy, sin ser candidato a Intendente, y desde el lugar que me toque, voy a seguir pensando y gestionando para mi comunidad.<br>Es tiempo de estar unidos y trabajar todos juntos en un presente y un futuro pr\u00f3spero, sobre todas las cosas.<\/p>\n\n\n\n<p>Les mando un fuerte abrazo. Muchas gracias. Juan\u00bb.<\/p>\n\n\n\n<p><\/p>\n","protected":false},"excerpt":{"rendered":"<p>El candidato de Juntos por el Cambio Gabriel Ca\u00f1as ser\u00e1 proclamado hoy lunes como el pr\u00f3ximo intendente de Ticino. Este domingo 30 de abril venci\u00f3 el plazo de presentaci\u00f3n de listas y la n\u00f3mina oficialista fue la \u00fanica que realiz\u00f3 la inscripci\u00f3n. Aunque, la propuesta opositora present\u00f3 la documentaci\u00f3n para oficializar su alianza, Unidos por [&hellip;]<\/p>\n","protected":false},"author":4,"featured_media":75639,"comment_status":"open","ping_status":"open","sticky":false,"template":"","format":"standard","meta":{"site-sidebar-layout":"default","site-content-layout":"","ast-site-content-layout":"default","site-content-style":"default","site-sidebar-style":"default","ast-global-header-display":"","ast-banner-title-visibility":"","ast-main-header-display":"","ast-hfb-above-header-display":"","ast-hfb-below-header-display":"","ast-hfb-mobile-header-display":"","site-post-title":"","ast-breadcrumbs-content":"","ast-featured-img":"","footer-sml-layout":"","ast-disable-related-posts":"","theme-transparent-header-meta":"","adv-header-id-meta":"","stick-header-meta":"","header-above-stick-meta":"","header-main-stick-meta":"","header-below-stick-meta":"","astra-migrate-meta-layouts":"default","ast-page-background-enabled":"default","ast-page-background-meta":{"desktop":{"background-color":"","background-image":"","background-repeat":"repeat","background-position":"center center","background-size":"auto","background-attachment":"scroll","background-type":"","background-media":"","overlay-type":"","overlay-color":"","overlay-opacity":"","overlay-gradient":""},"tablet":{"background-color":"","background-image":"","background-repeat":"repeat","background-position":"center center","background-size":"auto","background-attachment":"scroll","background-type":"","background-media":"","overlay-type":"","overlay-color":"","overlay-opacity":"","overlay-gradient":""},"mobile":{"background-color":"","background-image":"","background-repeat":"repeat","background-position":"center center","background-size":"auto","background-attachment":"scroll","background-type":"","background-media":"","overlay-type":"","overlay-color":"","overlay-opacity":"","overlay-gradient":""}},"ast-content-background-meta":{"desktop":{"background-color":"var(--ast-global-color-5)","background-image":"","background-repeat":"repeat","background-position":"center center","background-size":"auto","background-attachment":"scroll","background-type":"","background-media":"","overlay-type":"","overlay-color":"","overlay-opacity":"","overlay-gradient":""},"tablet":{"background-color":"var(--ast-global-color-5)","background-image":"","background-repeat":"repeat","background-position":"center center","background-size":"auto","background-attachment":"scroll","background-type":"","background-media":"","overlay-type":"","overlay-color":"","overlay-opacity":"","overlay-gradient":""},"mobile":{"background-color":"var(--ast-global-color-5)","background-image":"","background-repeat":"repeat","background-position":"center center","background-size":"auto","background-attachment":"scroll","background-type":"","background-media":"","overlay-type":"","overlay-color":"","overlay-opacity":"","overlay-gradient":""}},"_jetpack_memberships_contains_paid_content":false,"_joinchat":[],"footnotes":""},"categories":[15302,2089,2091],"tags":[5664,22183,22186,22185,7001,4267,22184,2953,598],"class_list":["post-75636","post","type-post","status-publish","format-standard","has-post-thumbnail","hentry","category-destacado","category-politica","category-region","tag-elecciones-municipales","tag-gabriel-canas","tag-juan-cruz-fowler","tag-junta-electoral","tag-juntos-por-el-cambio","tag-liliana-ruetsch","tag-lista-unica","tag-oposicion","tag-ticino"],"yoast_head":"<!-- This site is optimized with the Yoast SEO plugin v26.8 - https:\/\/yoast.com\/product\/yoast-seo-wordpress\/ -->\n<title>Gabriel Ca\u00f1as ser\u00e1 el pr\u00f3ximo intendente de Ticino: La oposici\u00f3n no present\u00f3 lista - El Regional<\/title>\n<meta name=\"robots\" content=\"index, follow, max-snippet:-1, max-image-preview:large, max-video-preview:-1\" \/>\n<link rel=\"canonical\" href=\"http:\/\/elregionalvm.com.ar\/noticias-villa-maria\/gabriel-canas-sera-el-proximo-intendente-de-ticino-la-oposicion-no-presento-lista\/\" \/>\n<meta property=\"og:locale\" content=\"es_ES\" \/>\n<meta property=\"og:type\" content=\"article\" \/>\n<meta property=\"og:title\" content=\"Gabriel Ca\u00f1as ser\u00e1 el pr\u00f3ximo intendente de Ticino: La oposici\u00f3n no present\u00f3 lista - El Regional\" \/>\n<meta property=\"og:description\" content=\"El candidato de Juntos por el Cambio Gabriel Ca\u00f1as ser\u00e1 proclamado hoy lunes como el pr\u00f3ximo intendente de Ticino. Este domingo 30 de abril venci\u00f3 el plazo de presentaci\u00f3n de listas y la n\u00f3mina oficialista fue la \u00fanica que realiz\u00f3 la inscripci\u00f3n. Aunque, la propuesta opositora present\u00f3 la documentaci\u00f3n para oficializar su alianza, Unidos por [&hellip;]\" \/>\n<meta property=\"og:url\" content=\"http:\/\/elregionalvm.com.ar\/noticias-villa-maria\/gabriel-canas-sera-el-proximo-intendente-de-ticino-la-oposicion-no-presento-lista\/\" \/>\n<meta property=\"og:site_name\" content=\"El Regional\" \/>\n<meta property=\"article:publisher\" content=\"https:\/\/www.facebook.com\/elregionalvm\" \/>\n<meta property=\"article:published_time\" content=\"2023-05-01T03:59:54+00:00\" \/>\n<meta property=\"article:modified_time\" content=\"2023-05-01T03:59:56+00:00\" \/>\n<meta property=\"og:image\" content=\"http:\/\/elregionalvm.com.ar\/noticias-villa-maria\/wp-content\/uploads\/2023\/05\/Gabriel-Canas-Ticino.jpg\" \/>\n\t<meta property=\"og:image:width\" content=\"1080\" \/>\n\t<meta property=\"og:image:height\" content=\"921\" \/>\n\t<meta property=\"og:image:type\" content=\"image\/jpeg\" \/>\n<meta name=\"author\" content=\"Contenidos El Regional\" \/>\n<meta name=\"twitter:card\" content=\"summary_large_image\" \/>\n<meta name=\"twitter:creator\" content=\"@elregionalvm1\" \/>\n<meta name=\"twitter:site\" content=\"@elregionalvm1\" \/>\n<meta name=\"twitter:label1\" content=\"Escrito por\" \/>\n\t<meta name=\"twitter:data1\" content=\"Contenidos El Regional\" \/>\n\t<meta name=\"twitter:label2\" content=\"Tiempo de lectura\" \/>\n\t<meta name=\"twitter:data2\" content=\"3 minutos\" \/>\n<script type=\"application\/ld+json\" class=\"yoast-schema-graph\">{\"@context\":\"https:\/\/schema.org\",\"@graph\":[{\"@type\":\"Article\",\"@id\":\"http:\/\/elregionalvm.com.ar\/noticias-villa-maria\/gabriel-canas-sera-el-proximo-intendente-de-ticino-la-oposicion-no-presento-lista\/#article\",\"isPartOf\":{\"@id\":\"http:\/\/elregionalvm.com.ar\/noticias-villa-maria\/gabriel-canas-sera-el-proximo-intendente-de-ticino-la-oposicion-no-presento-lista\/\"},\"author\":{\"name\":\"Contenidos El Regional\",\"@id\":\"http:\/\/elregionalvm.com.ar\/noticias-villa-maria\/#\/schema\/person\/a0fb9c422317faca23d50163151bc354\"},\"headline\":\"Gabriel Ca\u00f1as ser\u00e1 el pr\u00f3ximo intendente de Ticino: La oposici\u00f3n no present\u00f3 lista\",\"datePublished\":\"2023-05-01T03:59:54+00:00\",\"dateModified\":\"2023-05-01T03:59:56+00:00\",\"mainEntityOfPage\":{\"@id\":\"http:\/\/elregionalvm.com.ar\/noticias-villa-maria\/gabriel-canas-sera-el-proximo-intendente-de-ticino-la-oposicion-no-presento-lista\/\"},\"wordCount\":592,\"commentCount\":0,\"image\":{\"@id\":\"http:\/\/elregionalvm.com.ar\/noticias-villa-maria\/gabriel-canas-sera-el-proximo-intendente-de-ticino-la-oposicion-no-presento-lista\/#primaryimage\"},\"thumbnailUrl\":\"https:\/\/i0.wp.com\/elregionalvm.com.ar\/noticias-villa-maria\/wp-content\/uploads\/2023\/05\/Gabriel-Canas-Ticino.jpg?fit=1080%2C921&ssl=1\",\"keywords\":[\"Elecciones municipales\",\"Gabriel Ca\u00f1as\",\"Juan Cruz Fowler\",\"Junta electoral\",\"Juntos por el Cambio\",\"Liliana Ruetsch\",\"lista \u00fanica\",\"oposici\u00f3n\",\"Ticino\"],\"articleSection\":[\"destacado\",\"Pol\u00edtica\",\"Regi\u00f3n\"],\"inLanguage\":\"es\",\"potentialAction\":[{\"@type\":\"CommentAction\",\"name\":\"Comment\",\"target\":[\"http:\/\/elregionalvm.com.ar\/noticias-villa-maria\/gabriel-canas-sera-el-proximo-intendente-de-ticino-la-oposicion-no-presento-lista\/#respond\"]}]},{\"@type\":\"WebPage\",\"@id\":\"http:\/\/elregionalvm.com.ar\/noticias-villa-maria\/gabriel-canas-sera-el-proximo-intendente-de-ticino-la-oposicion-no-presento-lista\/\",\"url\":\"http:\/\/elregionalvm.com.ar\/noticias-villa-maria\/gabriel-canas-sera-el-proximo-intendente-de-ticino-la-oposicion-no-presento-lista\/\",\"name\":\"Gabriel Ca\u00f1as ser\u00e1 el pr\u00f3ximo intendente de Ticino: La oposici\u00f3n no present\u00f3 lista - El Regional\",\"isPartOf\":{\"@id\":\"http:\/\/elregionalvm.com.ar\/noticias-villa-maria\/#website\"},\"primaryImageOfPage\":{\"@id\":\"http:\/\/elregionalvm.com.ar\/noticias-villa-maria\/gabriel-canas-sera-el-proximo-intendente-de-ticino-la-oposicion-no-presento-lista\/#primaryimage\"},\"image\":{\"@id\":\"http:\/\/elregionalvm.com.ar\/noticias-villa-maria\/gabriel-canas-sera-el-proximo-intendente-de-ticino-la-oposicion-no-presento-lista\/#primaryimage\"},\"thumbnailUrl\":\"https:\/\/i0.wp.com\/elregionalvm.com.ar\/noticias-villa-maria\/wp-content\/uploads\/2023\/05\/Gabriel-Canas-Ticino.jpg?fit=1080%2C921&ssl=1\",\"datePublished\":\"2023-05-01T03:59:54+00:00\",\"dateModified\":\"2023-05-01T03:59:56+00:00\",\"author\":{\"@id\":\"http:\/\/elregionalvm.com.ar\/noticias-villa-maria\/#\/schema\/person\/a0fb9c422317faca23d50163151bc354\"},\"breadcrumb\":{\"@id\":\"http:\/\/elregionalvm.com.ar\/noticias-villa-maria\/gabriel-canas-sera-el-proximo-intendente-de-ticino-la-oposicion-no-presento-lista\/#breadcrumb\"},\"inLanguage\":\"es\",\"potentialAction\":[{\"@type\":\"ReadAction\",\"target\":[\"http:\/\/elregionalvm.com.ar\/noticias-villa-maria\/gabriel-canas-sera-el-proximo-intendente-de-ticino-la-oposicion-no-presento-lista\/\"]}]},{\"@type\":\"ImageObject\",\"inLanguage\":\"es\",\"@id\":\"http:\/\/elregionalvm.com.ar\/noticias-villa-maria\/gabriel-canas-sera-el-proximo-intendente-de-ticino-la-oposicion-no-presento-lista\/#primaryimage\",\"url\":\"https:\/\/i0.wp.com\/elregionalvm.com.ar\/noticias-villa-maria\/wp-content\/uploads\/2023\/05\/Gabriel-Canas-Ticino.jpg?fit=1080%2C921&ssl=1\",\"contentUrl\":\"https:\/\/i0.wp.com\/elregionalvm.com.ar\/noticias-villa-maria\/wp-content\/uploads\/2023\/05\/Gabriel-Canas-Ticino.jpg?fit=1080%2C921&ssl=1\",\"width\":1080,\"height\":921},{\"@type\":\"BreadcrumbList\",\"@id\":\"http:\/\/elregionalvm.com.ar\/noticias-villa-maria\/gabriel-canas-sera-el-proximo-intendente-de-ticino-la-oposicion-no-presento-lista\/#breadcrumb\",\"itemListElement\":[{\"@type\":\"ListItem\",\"position\":1,\"name\":\"Portada\",\"item\":\"https:\/\/elregionalvm.com.ar\/noticias-villa-maria\/\"},{\"@type\":\"ListItem\",\"position\":2,\"name\":\"Gabriel Ca\u00f1as ser\u00e1 el pr\u00f3ximo intendente de Ticino: La oposici\u00f3n no present\u00f3 lista\"}]},{\"@type\":\"WebSite\",\"@id\":\"http:\/\/elregionalvm.com.ar\/noticias-villa-maria\/#website\",\"url\":\"http:\/\/elregionalvm.com.ar\/noticias-villa-maria\/\",\"name\":\"El Regional\",\"description\":\"Mucho m\u00e1s que informaci\u00f3n\",\"potentialAction\":[{\"@type\":\"SearchAction\",\"target\":{\"@type\":\"EntryPoint\",\"urlTemplate\":\"http:\/\/elregionalvm.com.ar\/noticias-villa-maria\/?s={search_term_string}\"},\"query-input\":{\"@type\":\"PropertyValueSpecification\",\"valueRequired\":true,\"valueName\":\"search_term_string\"}}],\"inLanguage\":\"es\"},{\"@type\":\"Person\",\"@id\":\"http:\/\/elregionalvm.com.ar\/noticias-villa-maria\/#\/schema\/person\/a0fb9c422317faca23d50163151bc354\",\"name\":\"Contenidos El Regional\",\"image\":{\"@type\":\"ImageObject\",\"inLanguage\":\"es\",\"@id\":\"http:\/\/elregionalvm.com.ar\/noticias-villa-maria\/#\/schema\/person\/image\/\",\"url\":\"https:\/\/secure.gravatar.com\/avatar\/265b27cb2209af7bb3a1318f03305787d7981a5cc6e6cd08fe5a4ecdf99d4b48?s=96&d=mm&r=g\",\"contentUrl\":\"https:\/\/secure.gravatar.com\/avatar\/265b27cb2209af7bb3a1318f03305787d7981a5cc6e6cd08fe5a4ecdf99d4b48?s=96&d=mm&r=g\",\"caption\":\"Contenidos El Regional\"},\"url\":\"https:\/\/elregionalvm.com.ar\/noticias-villa-maria\/author\/contenido\/\"}]}<\/script>\n<!-- \/ Yoast SEO plugin. -->","yoast_head_json":{"title":"Gabriel Ca\u00f1as ser\u00e1 el pr\u00f3ximo intendente de Ticino: La oposici\u00f3n no present\u00f3 lista - El Regional","robots":{"index":"index","follow":"follow","max-snippet":"max-snippet:-1","max-image-preview":"max-image-preview:large","max-video-preview":"max-video-preview:-1"},"canonical":"http:\/\/elregionalvm.com.ar\/noticias-villa-maria\/gabriel-canas-sera-el-proximo-intendente-de-ticino-la-oposicion-no-presento-lista\/","og_locale":"es_ES","og_type":"article","og_title":"Gabriel Ca\u00f1as ser\u00e1 el pr\u00f3ximo intendente de Ticino: La oposici\u00f3n no present\u00f3 lista - El Regional","og_description":"El candidato de Juntos por el Cambio Gabriel Ca\u00f1as ser\u00e1 proclamado hoy lunes como el pr\u00f3ximo intendente de Ticino. Este domingo 30 de abril venci\u00f3 el plazo de presentaci\u00f3n de listas y la n\u00f3mina oficialista fue la \u00fanica que realiz\u00f3 la inscripci\u00f3n. Aunque, la propuesta opositora present\u00f3 la documentaci\u00f3n para oficializar su alianza, Unidos por [&hellip;]","og_url":"http:\/\/elregionalvm.com.ar\/noticias-villa-maria\/gabriel-canas-sera-el-proximo-intendente-de-ticino-la-oposicion-no-presento-lista\/","og_site_name":"El Regional","article_publisher":"https:\/\/www.facebook.com\/elregionalvm","article_published_time":"2023-05-01T03:59:54+00:00","article_modified_time":"2023-05-01T03:59:56+00:00","og_image":[{"width":1080,"height":921,"url":"http:\/\/elregionalvm.com.ar\/noticias-villa-maria\/wp-content\/uploads\/2023\/05\/Gabriel-Canas-Ticino.jpg","type":"image\/jpeg"}],"author":"Contenidos El Regional","twitter_card":"summary_large_image","twitter_creator":"@elregionalvm1","twitter_site":"@elregionalvm1","twitter_misc":{"Escrito por":"Contenidos El Regional","Tiempo de lectura":"3 minutos"},"schema":{"@context":"https:\/\/schema.org","@graph":[{"@type":"Article","@id":"http:\/\/elregionalvm.com.ar\/noticias-villa-maria\/gabriel-canas-sera-el-proximo-intendente-de-ticino-la-oposicion-no-presento-lista\/#article","isPartOf":{"@id":"http:\/\/elregionalvm.com.ar\/noticias-villa-maria\/gabriel-canas-sera-el-proximo-intendente-de-ticino-la-oposicion-no-presento-lista\/"},"author":{"name":"Contenidos El Regional","@id":"http:\/\/elregionalvm.com.ar\/noticias-villa-maria\/#\/schema\/person\/a0fb9c422317faca23d50163151bc354"},"headline":"Gabriel Ca\u00f1as ser\u00e1 el pr\u00f3ximo intendente de Ticino: La oposici\u00f3n no present\u00f3 lista","datePublished":"2023-05-01T03:59:54+00:00","dateModified":"2023-05-01T03:59:56+00:00","mainEntityOfPage":{"@id":"http:\/\/elregionalvm.com.ar\/noticias-villa-maria\/gabriel-canas-sera-el-proximo-intendente-de-ticino-la-oposicion-no-presento-lista\/"},"wordCount":592,"commentCount":0,"image":{"@id":"http:\/\/elregionalvm.com.ar\/noticias-villa-maria\/gabriel-canas-sera-el-proximo-intendente-de-ticino-la-oposicion-no-presento-lista\/#primaryimage"},"thumbnailUrl":"https:\/\/i0.wp.com\/elregionalvm.com.ar\/noticias-villa-maria\/wp-content\/uploads\/2023\/05\/Gabriel-Canas-Ticino.jpg?fit=1080%2C921&ssl=1","keywords":["Elecciones municipales","Gabriel Ca\u00f1as","Juan Cruz Fowler","Junta electoral","Juntos por el Cambio","Liliana Ruetsch","lista \u00fanica","oposici\u00f3n","Ticino"],"articleSection":["destacado","Pol\u00edtica","Regi\u00f3n"],"inLanguage":"es","potentialAction":[{"@type":"CommentAction","name":"Comment","target":["http:\/\/elregionalvm.com.ar\/noticias-villa-maria\/gabriel-canas-sera-el-proximo-intendente-de-ticino-la-oposicion-no-presento-lista\/#respond"]}]},{"@type":"WebPage","@id":"http:\/\/elregionalvm.com.ar\/noticias-villa-maria\/gabriel-canas-sera-el-proximo-intendente-de-ticino-la-oposicion-no-presento-lista\/","url":"http:\/\/elregionalvm.com.ar\/noticias-villa-maria\/gabriel-canas-sera-el-proximo-intendente-de-ticino-la-oposicion-no-presento-lista\/","name":"Gabriel Ca\u00f1as ser\u00e1 el pr\u00f3ximo intendente de Ticino: La oposici\u00f3n no present\u00f3 lista - El Regional","isPartOf":{"@id":"http:\/\/elregionalvm.com.ar\/noticias-villa-maria\/#website"},"primaryImageOfPage":{"@id":"http:\/\/elregionalvm.com.ar\/noticias-villa-maria\/gabriel-canas-sera-el-proximo-intendente-de-ticino-la-oposicion-no-presento-lista\/#primaryimage"},"image":{"@id":"http:\/\/elregionalvm.com.ar\/noticias-villa-maria\/gabriel-canas-sera-el-proximo-intendente-de-ticino-la-oposicion-no-presento-lista\/#primaryimage"},"thumbnailUrl":"https:\/\/i0.wp.com\/elregionalvm.com.ar\/noticias-villa-maria\/wp-content\/uploads\/2023\/05\/Gabriel-Canas-Ticino.jpg?fit=1080%2C921&ssl=1","datePublished":"2023-05-01T03:59:54+00:00","dateModified":"2023-05-01T03:59:56+00:00","author":{"@id":"http:\/\/elregionalvm.com.ar\/noticias-villa-maria\/#\/schema\/person\/a0fb9c422317faca23d50163151bc354"},"breadcrumb":{"@id":"http:\/\/elregionalvm.com.ar\/noticias-villa-maria\/gabriel-canas-sera-el-proximo-intendente-de-ticino-la-oposicion-no-presento-lista\/#breadcrumb"},"inLanguage":"es","potentialAction":[{"@type":"ReadAction","target":["http:\/\/elregionalvm.com.ar\/noticias-villa-maria\/gabriel-canas-sera-el-proximo-intendente-de-ticino-la-oposicion-no-presento-lista\/"]}]},{"@type":"ImageObject","inLanguage":"es","@id":"http:\/\/elregionalvm.com.ar\/noticias-villa-maria\/gabriel-canas-sera-el-proximo-intendente-de-ticino-la-oposicion-no-presento-lista\/#primaryimage","url":"https:\/\/i0.wp.com\/elregionalvm.com.ar\/noticias-villa-maria\/wp-content\/uploads\/2023\/05\/Gabriel-Canas-Ticino.jpg?fit=1080%2C921&ssl=1","contentUrl":"https:\/\/i0.wp.com\/elregionalvm.com.ar\/noticias-villa-maria\/wp-content\/uploads\/2023\/05\/Gabriel-Canas-Ticino.jpg?fit=1080%2C921&ssl=1","width":1080,"height":921},{"@type":"BreadcrumbList","@id":"http:\/\/elregionalvm.com.ar\/noticias-villa-maria\/gabriel-canas-sera-el-proximo-intendente-de-ticino-la-oposicion-no-presento-lista\/#breadcrumb","itemListElement":[{"@type":"ListItem","position":1,"name":"Portada","item":"https:\/\/elregionalvm.com.ar\/noticias-villa-maria\/"},{"@type":"ListItem","position":2,"name":"Gabriel Ca\u00f1as ser\u00e1 el pr\u00f3ximo intendente de Ticino: La oposici\u00f3n no present\u00f3 lista"}]},{"@type":"WebSite","@id":"http:\/\/elregionalvm.com.ar\/noticias-villa-maria\/#website","url":"http:\/\/elregionalvm.com.ar\/noticias-villa-maria\/","name":"El Regional","description":"Mucho m\u00e1s que informaci\u00f3n","potentialAction":[{"@type":"SearchAction","target":{"@type":"EntryPoint","urlTemplate":"http:\/\/elregionalvm.com.ar\/noticias-villa-maria\/?s={search_term_string}"},"query-input":{"@type":"PropertyValueSpecification","valueRequired":true,"valueName":"search_term_string"}}],"inLanguage":"es"},{"@type":"Person","@id":"http:\/\/elregionalvm.com.ar\/noticias-villa-maria\/#\/schema\/person\/a0fb9c422317faca23d50163151bc354","name":"Contenidos El Regional","image":{"@type":"ImageObject","inLanguage":"es","@id":"http:\/\/elregionalvm.com.ar\/noticias-villa-maria\/#\/schema\/person\/image\/","url":"https:\/\/secure.gravatar.com\/avatar\/265b27cb2209af7bb3a1318f03305787d7981a5cc6e6cd08fe5a4ecdf99d4b48?s=96&d=mm&r=g","contentUrl":"https:\/\/secure.gravatar.com\/avatar\/265b27cb2209af7bb3a1318f03305787d7981a5cc6e6cd08fe5a4ecdf99d4b48?s=96&d=mm&r=g","caption":"Contenidos El Regional"},"url":"https:\/\/elregionalvm.com.ar\/noticias-villa-maria\/author\/contenido\/"}]}},"jetpack_featured_media_url":"https:\/\/i0.wp.com\/elregionalvm.com.ar\/noticias-villa-maria\/wp-content\/uploads\/2023\/05\/Gabriel-Canas-Ticino.jpg?fit=1080%2C921&ssl=1","jetpack_sharing_enabled":true,"_links":{"self":[{"href":"https:\/\/elregionalvm.com.ar\/noticias-villa-maria\/wp-json\/wp\/v2\/posts\/75636","targetHints":{"allow":["GET"]}}],"collection":[{"href":"https:\/\/elregionalvm.com.ar\/noticias-villa-maria\/wp-json\/wp\/v2\/posts"}],"about":[{"href":"https:\/\/elregionalvm.com.ar\/noticias-villa-maria\/wp-json\/wp\/v2\/types\/post"}],"author":[{"embeddable":true,"href":"https:\/\/elregionalvm.com.ar\/noticias-villa-maria\/wp-json\/wp\/v2\/users\/4"}],"replies":[{"embeddable":true,"href":"https:\/\/elregionalvm.com.ar\/noticias-villa-maria\/wp-json\/wp\/v2\/comments?post=75636"}],"version-history":[{"count":1,"href":"https:\/\/elregionalvm.com.ar\/noticias-villa-maria\/wp-json\/wp\/v2\/posts\/75636\/revisions"}],"predecessor-version":[{"id":75638,"href":"https:\/\/elregionalvm.com.ar\/noticias-villa-maria\/wp-json\/wp\/v2\/posts\/75636\/revisions\/75638"}],"wp:featuredmedia":[{"embeddable":true,"href":"https:\/\/elregionalvm.com.ar\/noticias-villa-maria\/wp-json\/wp\/v2\/media\/75639"}],"wp:attachment":[{"href":"https:\/\/elregionalvm.com.ar\/noticias-villa-maria\/wp-json\/wp\/v2\/media?parent=75636"}],"wp:term":[{"taxonomy":"category","embeddable":true,"href":"https:\/\/elregionalvm.com.ar\/noticias-villa-maria\/wp-json\/wp\/v2\/categories?post=75636"},{"taxonomy":"post_tag","embeddable":true,"href":"https:\/\/elregionalvm.com.ar\/noticias-villa-maria\/wp-json\/wp\/v2\/tags?post=75636"}],"curies":[{"name":"wp","href":"https:\/\/api.w.org\/{rel}","templated":true}]}}