{"id":75933,"date":"2023-05-06T05:54:03","date_gmt":"2023-05-06T05:54:03","guid":{"rendered":"https:\/\/elregionalvm.com.ar\/noticias-villa-maria\/?p=75933"},"modified":"2023-05-09T01:09:40","modified_gmt":"2023-05-09T01:09:40","slug":"sorpresa-y-media-una-radical-sera-la-vice-de-llaryora-y-el-expresidente-del-pro-el-vice-de-passerini","status":"publish","type":"post","link":"https:\/\/elregionalvm.com.ar\/noticias-villa-maria\/sorpresa-y-media-una-radical-sera-la-vice-de-llaryora-y-el-expresidente-del-pro-el-vice-de-passerini\/","title":{"rendered":"Sorpresa y media: Una radical ser\u00e1 la vice de Llaryora y el expresidente del PRO, el vice de Passerini"},"content":{"rendered":"\n<p><\/p>\n\n\n\n<p>El candidato a gobernador por Hacemos Unidos por C\u00f3rdoba, Mart\u00edn Llaryora, confirm\u00f3 que su compa\u00f1era de f\u00f3rmula ser\u00e1 la radical Myrian Prunotto, intendenta de Estaci\u00f3n Ju\u00e1rez Celman, en uso de licencia.<\/p>\n\n\n\n<p>El nombre de la dirigente que se separa de la visi\u00f3n dominante en el radicalismo viene sonando desde hace rato. Su v\u00ednculo con Llaryora es de larga data y era casi una fija entre los nombres que aparec\u00edan entre los posibles para completar la f\u00f3rmula oficialista.<\/p>\n\n\n\n<p>Hace un tiempo que presentaba sus quejas al partido por no encontrar un espacio para desarrollar su propuesta, pero asegura que sigue siendo radical.<\/p>\n\n\n\n<p>Llaryora tambi\u00e9n present\u00f3 en sociedad a quien ser\u00e1 el compa\u00f1ero de Daniel Passerini como candidato a intendente de la capital provincial. Ser\u00e1 nada menos que Javier Pretto, uno de los hombres fuertes del PRO en la provincia y exintendente de La Carlota.<\/p>\n\n\n\n<p><\/p>\n\n\n\n<figure class=\"wp-block-embed is-type-rich is-provider-twitter wp-block-embed-twitter\"><div class=\"wp-block-embed__wrapper\">\n<blockquote class=\"twitter-tweet\" data-width=\"500\" data-dnt=\"true\"><p lang=\"es\" dir=\"ltr\">Quiero contarles que desde la coalici\u00f3n <a href=\"https:\/\/twitter.com\/Hacemosuxcba?ref_src=twsrc%5Etfw\">@Hacemosuxcba<\/a>, <a href=\"https:\/\/twitter.com\/myriprunotto?ref_src=twsrc%5Etfw\">@myriprunotto<\/a> me acompa\u00f1ar\u00e1 conformando la f\u00f3rmula como candidata a vicegobernadora de <a href=\"https:\/\/twitter.com\/hashtag\/C%C3%B3rdoba?src=hash&amp;ref_src=twsrc%5Etfw\">#C\u00f3rdoba<\/a> para las pr\u00f3ximas elecciones. Adem\u00e1s, <a href=\"https:\/\/twitter.com\/jmllamosas?ref_src=twsrc%5Etfw\">@jmllamosas<\/a> encabezar\u00e1 la lista de legisladores provinciales.(Sigue)<a href=\"https:\/\/twitter.com\/hashtag\/C%C3%B3rdobaParaAdelante?src=hash&amp;ref_src=twsrc%5Etfw\">#C\u00f3rdobaParaAdelante<\/a> <a href=\"https:\/\/t.co\/xtZn9NltaT\">pic.twitter.com\/xtZn9NltaT<\/a><\/p>&mdash; Mart\u00edn Llaryora (@MartinLlaryora) <a href=\"https:\/\/twitter.com\/MartinLlaryora\/status\/1654630231926341632?ref_src=twsrc%5Etfw\">May 5, 2023<\/a><\/blockquote><script async src=\"https:\/\/platform.twitter.com\/widgets.js\" charset=\"utf-8\"><\/script>\n<\/div><\/figure>\n\n\n\n<p><\/p>\n\n\n\n<p>La designaci\u00f3n de Prunotto no caus\u00f3 tanta sorpresa como el de Pretto. Quien se desempe\u00f1ara como presidente del partido fundado por Macri en la provincia, alguna vez representante de la Uced\u00e9, hasta la semana pasada se encontraba haciendo campa\u00f1a para gobernar la ciudad de C\u00f3rdoba bajo las siglas del PRO.<\/p>\n\n\n\n<p>Su nombre sonaba como uno de los postulantes potables con pretensiones para disputar las elecciones en la ciudad bajo el paraguas de Juntos por el Cambio. Pero, salt\u00f3 el charco y se acerc\u00f3 a una coalici\u00f3n que no le suena tan distante, ya que supo compartir espacios a\u00f1os atr\u00e1s con el peronismo provincial.<\/p>\n\n\n\n<p><strong>Repudio<\/strong><\/p>\n\n\n\n<p>De todas maneras, la novedad supuso un baldazo helado para sus compa\u00f1eros de ruta habitual. El partido que presidi\u00f3 Pretto hasta hace unas pocas horas manifest\u00f3 su repudio por el salto y algunos dirigentes lo trataron de \u201ctraidor\u201d.<\/p>\n\n\n\n<p>\u00abRepudiamos esta situaci\u00f3n particular movilizada por intereses personales, y convocamos a todos los sectores que participan de la elecci\u00f3n a ser responsables, priorizando los valores democr\u00e1ticos que nos inspiran\u00bb, indic\u00f3 el PRO en un comunicado.<\/p>\n\n\n\n<p><\/p>\n\n\n\n<p><\/p>\n\n\n\n<figure class=\"wp-block-image size-full\"><img data-recalc-dims=\"1\" fetchpriority=\"high\" decoding=\"async\" width=\"1024\" height=\"768\" src=\"https:\/\/i0.wp.com\/elregionalvm.com.ar\/noticias-villa-maria\/wp-content\/uploads\/2023\/05\/Pretto-campana-PRO.jpg?resize=1024%2C768&#038;ssl=1\" alt=\"\" class=\"wp-image-75936\" srcset=\"https:\/\/i0.wp.com\/elregionalvm.com.ar\/noticias-villa-maria\/wp-content\/uploads\/2023\/05\/Pretto-campana-PRO.jpg?w=1024&amp;ssl=1 1024w, https:\/\/i0.wp.com\/elregionalvm.com.ar\/noticias-villa-maria\/wp-content\/uploads\/2023\/05\/Pretto-campana-PRO.jpg?resize=300%2C225&amp;ssl=1 300w, https:\/\/i0.wp.com\/elregionalvm.com.ar\/noticias-villa-maria\/wp-content\/uploads\/2023\/05\/Pretto-campana-PRO.jpg?resize=768%2C576&amp;ssl=1 768w\" sizes=\"(max-width: 1000px) 100vw, 1000px\" \/><figcaption><em>Pretto en campa\u00f1a en C\u00f3rdoba. La foto es del 27 de abril. (Facebook).<\/em><\/figcaption><\/figure>\n\n\n\n<p><\/p>\n\n\n\n<p>La vicepresidenta de la fuerza, Soher El Sukar\u00eda, remarc\u00f3 que la decisi\u00f3n de Pretto es \u201cuna traici\u00f3n\u201d.<\/p>\n\n\n\n<p>la vicepresidenta del PRO provincial, dijo a Cadena 3 que los tom\u00f3 \u00abpor sorpresa\u00bb y que la decisi\u00f3n \u00abla consideramos como una traici\u00f3n\u00bb.<\/p>\n\n\n\n<p>\u201cDurante todo este proceso firm\u00f3 la alianza de Juntos por el Cambio en nombre del PRO, particip\u00f3 activamente del reglamento de las bases electorales para las pr\u00f3ximas elecciones en nombre y representaci\u00f3n de nuestro espacio, entonces esta sorpresa causa repulsi\u00f3n\u00bb, manifest\u00f3 a Cadena 3.<\/p>\n\n\n\n<p>Por otro lado, Llaryora anticip\u00f3 que el intendente de R\u00edo Cuarto, Juan Manuel Llamosas ser\u00e1 el primer candidato de la lista de legisladores provinciales.<\/p>\n\n\n\n<p>Falta poco para el cierre de listas y las sorpresas est\u00e1n a la orden del d\u00eda. Ya se sabe, en pol\u00edtica todo es posible.<\/p>\n","protected":false},"excerpt":{"rendered":"<p>El candidato a gobernador por Hacemos Unidos por C\u00f3rdoba, Mart\u00edn Llaryora, confirm\u00f3 que su compa\u00f1era de f\u00f3rmula ser\u00e1 la radical Myrian Prunotto, intendenta de Estaci\u00f3n Ju\u00e1rez Celman, en uso de licencia. El nombre de la dirigente que se separa de la visi\u00f3n dominante en el radicalismo viene sonando desde hace rato. Su v\u00ednculo con Llaryora [&hellip;]<\/p>\n","protected":false},"author":4,"featured_media":75935,"comment_status":"open","ping_status":"open","sticky":false,"template":"","format":"standard","meta":{"site-sidebar-layout":"default","site-content-layout":"","ast-site-content-layout":"default","site-content-style":"default","site-sidebar-style":"default","ast-global-header-display":"","ast-banner-title-visibility":"","ast-main-header-display":"","ast-hfb-above-header-display":"","ast-hfb-below-header-display":"","ast-hfb-mobile-header-display":"","site-post-title":"","ast-breadcrumbs-content":"","ast-featured-img":"","footer-sml-layout":"","ast-disable-related-posts":"","theme-transparent-header-meta":"","adv-header-id-meta":"","stick-header-meta":"","header-above-stick-meta":"","header-main-stick-meta":"","header-below-stick-meta":"","astra-migrate-meta-layouts":"default","ast-page-background-enabled":"default","ast-page-background-meta":{"desktop":{"background-color":"","background-image":"","background-repeat":"repeat","background-position":"center center","background-size":"auto","background-attachment":"scroll","background-type":"","background-media":"","overlay-type":"","overlay-color":"","overlay-opacity":"","overlay-gradient":""},"tablet":{"background-color":"","background-image":"","background-repeat":"repeat","background-position":"center center","background-size":"auto","background-attachment":"scroll","background-type":"","background-media":"","overlay-type":"","overlay-color":"","overlay-opacity":"","overlay-gradient":""},"mobile":{"background-color":"","background-image":"","background-repeat":"repeat","background-position":"center center","background-size":"auto","background-attachment":"scroll","background-type":"","background-media":"","overlay-type":"","overlay-color":"","overlay-opacity":"","overlay-gradient":""}},"ast-content-background-meta":{"desktop":{"background-color":"var(--ast-global-color-5)","background-image":"","background-repeat":"repeat","background-position":"center center","background-size":"auto","background-attachment":"scroll","background-type":"","background-media":"","overlay-type":"","overlay-color":"","overlay-opacity":"","overlay-gradient":""},"tablet":{"background-color":"var(--ast-global-color-5)","background-image":"","background-repeat":"repeat","background-position":"center center","background-size":"auto","background-attachment":"scroll","background-type":"","background-media":"","overlay-type":"","overlay-color":"","overlay-opacity":"","overlay-gradient":""},"mobile":{"background-color":"var(--ast-global-color-5)","background-image":"","background-repeat":"repeat","background-position":"center center","background-size":"auto","background-attachment":"scroll","background-type":"","background-media":"","overlay-type":"","overlay-color":"","overlay-opacity":"","overlay-gradient":""}},"_jetpack_memberships_contains_paid_content":false,"_joinchat":[],"footnotes":""},"categories":[2089,16095,3557],"tags":[579,16445,268,161,22220,22219,16022,21887,1897,5052],"class_list":["post-75933","post","type-post","status-publish","format-standard","has-post-thumbnail","hentry","category-politica","category-provinciales","category-tercera","tag-candidatos","tag-daniel-passerini","tag-elecciones","tag-gobernador","tag-hacemos-unidos-por-cordoba","tag-javier-pretto","tag-martin-llaryora","tag-myriam-prunotto","tag-sorpresa","tag-ucede"],"yoast_head":"<!-- This site is optimized with the Yoast SEO plugin v26.8 - https:\/\/yoast.com\/product\/yoast-seo-wordpress\/ -->\n<title>Sorpresa y media: Una radical ser\u00e1 la vice de Llaryora y el expresidente del PRO, el vice de Passerini - El Regional<\/title>\n<meta name=\"robots\" content=\"index, follow, max-snippet:-1, max-image-preview:large, max-video-preview:-1\" \/>\n<link rel=\"canonical\" href=\"http:\/\/elregionalvm.com.ar\/noticias-villa-maria\/sorpresa-y-media-una-radical-sera-la-vice-de-llaryora-y-el-expresidente-del-pro-el-vice-de-passerini\/\" \/>\n<meta property=\"og:locale\" content=\"es_ES\" \/>\n<meta property=\"og:type\" content=\"article\" \/>\n<meta property=\"og:title\" content=\"Sorpresa y media: Una radical ser\u00e1 la vice de Llaryora y el expresidente del PRO, el vice de Passerini - El Regional\" \/>\n<meta property=\"og:description\" content=\"El candidato a gobernador por Hacemos Unidos por C\u00f3rdoba, Mart\u00edn Llaryora, confirm\u00f3 que su compa\u00f1era de f\u00f3rmula ser\u00e1 la radical Myrian Prunotto, intendenta de Estaci\u00f3n Ju\u00e1rez Celman, en uso de licencia. El nombre de la dirigente que se separa de la visi\u00f3n dominante en el radicalismo viene sonando desde hace rato. Su v\u00ednculo con Llaryora [&hellip;]\" \/>\n<meta property=\"og:url\" content=\"http:\/\/elregionalvm.com.ar\/noticias-villa-maria\/sorpresa-y-media-una-radical-sera-la-vice-de-llaryora-y-el-expresidente-del-pro-el-vice-de-passerini\/\" \/>\n<meta property=\"og:site_name\" content=\"El Regional\" \/>\n<meta property=\"article:publisher\" content=\"https:\/\/www.facebook.com\/elregionalvm\" \/>\n<meta property=\"article:published_time\" content=\"2023-05-06T05:54:03+00:00\" \/>\n<meta property=\"article:modified_time\" content=\"2023-05-09T01:09:40+00:00\" \/>\n<meta property=\"og:image\" content=\"http:\/\/elregionalvm.com.ar\/noticias-villa-maria\/wp-content\/uploads\/2023\/05\/Llaryora-y-los-candidatos-a-vice.jpg\" \/>\n\t<meta property=\"og:image:width\" content=\"1080\" \/>\n\t<meta property=\"og:image:height\" content=\"720\" \/>\n\t<meta property=\"og:image:type\" content=\"image\/jpeg\" \/>\n<meta name=\"author\" content=\"Contenidos El Regional\" \/>\n<meta name=\"twitter:card\" content=\"summary_large_image\" \/>\n<meta name=\"twitter:creator\" content=\"@elregionalvm1\" \/>\n<meta name=\"twitter:site\" content=\"@elregionalvm1\" \/>\n<meta name=\"twitter:label1\" content=\"Escrito por\" \/>\n\t<meta name=\"twitter:data1\" content=\"Contenidos El Regional\" \/>\n\t<meta name=\"twitter:label2\" content=\"Tiempo de lectura\" \/>\n\t<meta name=\"twitter:data2\" content=\"3 minutos\" \/>\n<script type=\"application\/ld+json\" class=\"yoast-schema-graph\">{\"@context\":\"https:\/\/schema.org\",\"@graph\":[{\"@type\":\"Article\",\"@id\":\"http:\/\/elregionalvm.com.ar\/noticias-villa-maria\/sorpresa-y-media-una-radical-sera-la-vice-de-llaryora-y-el-expresidente-del-pro-el-vice-de-passerini\/#article\",\"isPartOf\":{\"@id\":\"http:\/\/elregionalvm.com.ar\/noticias-villa-maria\/sorpresa-y-media-una-radical-sera-la-vice-de-llaryora-y-el-expresidente-del-pro-el-vice-de-passerini\/\"},\"author\":{\"name\":\"Contenidos El Regional\",\"@id\":\"http:\/\/elregionalvm.com.ar\/noticias-villa-maria\/#\/schema\/person\/a0fb9c422317faca23d50163151bc354\"},\"headline\":\"Sorpresa y media: Una radical ser\u00e1 la vice de Llaryora y el expresidente del PRO, el vice de Passerini\",\"datePublished\":\"2023-05-06T05:54:03+00:00\",\"dateModified\":\"2023-05-09T01:09:40+00:00\",\"mainEntityOfPage\":{\"@id\":\"http:\/\/elregionalvm.com.ar\/noticias-villa-maria\/sorpresa-y-media-una-radical-sera-la-vice-de-llaryora-y-el-expresidente-del-pro-el-vice-de-passerini\/\"},\"wordCount\":524,\"commentCount\":0,\"image\":{\"@id\":\"http:\/\/elregionalvm.com.ar\/noticias-villa-maria\/sorpresa-y-media-una-radical-sera-la-vice-de-llaryora-y-el-expresidente-del-pro-el-vice-de-passerini\/#primaryimage\"},\"thumbnailUrl\":\"https:\/\/i0.wp.com\/elregionalvm.com.ar\/noticias-villa-maria\/wp-content\/uploads\/2023\/05\/Llaryora-y-los-candidatos-a-vice.jpg?fit=1080%2C720&ssl=1\",\"keywords\":[\"Candidatos\",\"Daniel Passerini\",\"elecciones\",\"Gobernador\",\"Hacemos Unidos por C\u00f3rdoba\",\"Javier Pretto\",\"Mart\u00edn Llaryora\",\"Myriam Prunotto\",\"Sorpresa\",\"UCEDE\"],\"articleSection\":[\"Pol\u00edtica\",\"Provinciales\",\"tercera\"],\"inLanguage\":\"es\",\"potentialAction\":[{\"@type\":\"CommentAction\",\"name\":\"Comment\",\"target\":[\"http:\/\/elregionalvm.com.ar\/noticias-villa-maria\/sorpresa-y-media-una-radical-sera-la-vice-de-llaryora-y-el-expresidente-del-pro-el-vice-de-passerini\/#respond\"]}]},{\"@type\":\"WebPage\",\"@id\":\"http:\/\/elregionalvm.com.ar\/noticias-villa-maria\/sorpresa-y-media-una-radical-sera-la-vice-de-llaryora-y-el-expresidente-del-pro-el-vice-de-passerini\/\",\"url\":\"http:\/\/elregionalvm.com.ar\/noticias-villa-maria\/sorpresa-y-media-una-radical-sera-la-vice-de-llaryora-y-el-expresidente-del-pro-el-vice-de-passerini\/\",\"name\":\"Sorpresa y media: Una radical ser\u00e1 la vice de Llaryora y el expresidente del PRO, el vice de Passerini - El Regional\",\"isPartOf\":{\"@id\":\"http:\/\/elregionalvm.com.ar\/noticias-villa-maria\/#website\"},\"primaryImageOfPage\":{\"@id\":\"http:\/\/elregionalvm.com.ar\/noticias-villa-maria\/sorpresa-y-media-una-radical-sera-la-vice-de-llaryora-y-el-expresidente-del-pro-el-vice-de-passerini\/#primaryimage\"},\"image\":{\"@id\":\"http:\/\/elregionalvm.com.ar\/noticias-villa-maria\/sorpresa-y-media-una-radical-sera-la-vice-de-llaryora-y-el-expresidente-del-pro-el-vice-de-passerini\/#primaryimage\"},\"thumbnailUrl\":\"https:\/\/i0.wp.com\/elregionalvm.com.ar\/noticias-villa-maria\/wp-content\/uploads\/2023\/05\/Llaryora-y-los-candidatos-a-vice.jpg?fit=1080%2C720&ssl=1\",\"datePublished\":\"2023-05-06T05:54:03+00:00\",\"dateModified\":\"2023-05-09T01:09:40+00:00\",\"author\":{\"@id\":\"http:\/\/elregionalvm.com.ar\/noticias-villa-maria\/#\/schema\/person\/a0fb9c422317faca23d50163151bc354\"},\"breadcrumb\":{\"@id\":\"http:\/\/elregionalvm.com.ar\/noticias-villa-maria\/sorpresa-y-media-una-radical-sera-la-vice-de-llaryora-y-el-expresidente-del-pro-el-vice-de-passerini\/#breadcrumb\"},\"inLanguage\":\"es\",\"potentialAction\":[{\"@type\":\"ReadAction\",\"target\":[\"http:\/\/elregionalvm.com.ar\/noticias-villa-maria\/sorpresa-y-media-una-radical-sera-la-vice-de-llaryora-y-el-expresidente-del-pro-el-vice-de-passerini\/\"]}]},{\"@type\":\"ImageObject\",\"inLanguage\":\"es\",\"@id\":\"http:\/\/elregionalvm.com.ar\/noticias-villa-maria\/sorpresa-y-media-una-radical-sera-la-vice-de-llaryora-y-el-expresidente-del-pro-el-vice-de-passerini\/#primaryimage\",\"url\":\"https:\/\/i0.wp.com\/elregionalvm.com.ar\/noticias-villa-maria\/wp-content\/uploads\/2023\/05\/Llaryora-y-los-candidatos-a-vice.jpg?fit=1080%2C720&ssl=1\",\"contentUrl\":\"https:\/\/i0.wp.com\/elregionalvm.com.ar\/noticias-villa-maria\/wp-content\/uploads\/2023\/05\/Llaryora-y-los-candidatos-a-vice.jpg?fit=1080%2C720&ssl=1\",\"width\":1080,\"height\":720},{\"@type\":\"BreadcrumbList\",\"@id\":\"http:\/\/elregionalvm.com.ar\/noticias-villa-maria\/sorpresa-y-media-una-radical-sera-la-vice-de-llaryora-y-el-expresidente-del-pro-el-vice-de-passerini\/#breadcrumb\",\"itemListElement\":[{\"@type\":\"ListItem\",\"position\":1,\"name\":\"Portada\",\"item\":\"https:\/\/elregionalvm.com.ar\/noticias-villa-maria\/\"},{\"@type\":\"ListItem\",\"position\":2,\"name\":\"Sorpresa y media: Una radical ser\u00e1 la vice de Llaryora y el expresidente del PRO, el vice de Passerini\"}]},{\"@type\":\"WebSite\",\"@id\":\"http:\/\/elregionalvm.com.ar\/noticias-villa-maria\/#website\",\"url\":\"http:\/\/elregionalvm.com.ar\/noticias-villa-maria\/\",\"name\":\"El Regional\",\"description\":\"Mucho m\u00e1s que informaci\u00f3n\",\"potentialAction\":[{\"@type\":\"SearchAction\",\"target\":{\"@type\":\"EntryPoint\",\"urlTemplate\":\"http:\/\/elregionalvm.com.ar\/noticias-villa-maria\/?s={search_term_string}\"},\"query-input\":{\"@type\":\"PropertyValueSpecification\",\"valueRequired\":true,\"valueName\":\"search_term_string\"}}],\"inLanguage\":\"es\"},{\"@type\":\"Person\",\"@id\":\"http:\/\/elregionalvm.com.ar\/noticias-villa-maria\/#\/schema\/person\/a0fb9c422317faca23d50163151bc354\",\"name\":\"Contenidos El Regional\",\"image\":{\"@type\":\"ImageObject\",\"inLanguage\":\"es\",\"@id\":\"http:\/\/elregionalvm.com.ar\/noticias-villa-maria\/#\/schema\/person\/image\/\",\"url\":\"https:\/\/secure.gravatar.com\/avatar\/265b27cb2209af7bb3a1318f03305787d7981a5cc6e6cd08fe5a4ecdf99d4b48?s=96&d=mm&r=g\",\"contentUrl\":\"https:\/\/secure.gravatar.com\/avatar\/265b27cb2209af7bb3a1318f03305787d7981a5cc6e6cd08fe5a4ecdf99d4b48?s=96&d=mm&r=g\",\"caption\":\"Contenidos El Regional\"},\"url\":\"https:\/\/elregionalvm.com.ar\/noticias-villa-maria\/author\/contenido\/\"}]}<\/script>\n<!-- \/ Yoast SEO plugin. -->","yoast_head_json":{"title":"Sorpresa y media: Una radical ser\u00e1 la vice de Llaryora y el expresidente del PRO, el vice de Passerini - El Regional","robots":{"index":"index","follow":"follow","max-snippet":"max-snippet:-1","max-image-preview":"max-image-preview:large","max-video-preview":"max-video-preview:-1"},"canonical":"http:\/\/elregionalvm.com.ar\/noticias-villa-maria\/sorpresa-y-media-una-radical-sera-la-vice-de-llaryora-y-el-expresidente-del-pro-el-vice-de-passerini\/","og_locale":"es_ES","og_type":"article","og_title":"Sorpresa y media: Una radical ser\u00e1 la vice de Llaryora y el expresidente del PRO, el vice de Passerini - El Regional","og_description":"El candidato a gobernador por Hacemos Unidos por C\u00f3rdoba, Mart\u00edn Llaryora, confirm\u00f3 que su compa\u00f1era de f\u00f3rmula ser\u00e1 la radical Myrian Prunotto, intendenta de Estaci\u00f3n Ju\u00e1rez Celman, en uso de licencia. El nombre de la dirigente que se separa de la visi\u00f3n dominante en el radicalismo viene sonando desde hace rato. Su v\u00ednculo con Llaryora [&hellip;]","og_url":"http:\/\/elregionalvm.com.ar\/noticias-villa-maria\/sorpresa-y-media-una-radical-sera-la-vice-de-llaryora-y-el-expresidente-del-pro-el-vice-de-passerini\/","og_site_name":"El Regional","article_publisher":"https:\/\/www.facebook.com\/elregionalvm","article_published_time":"2023-05-06T05:54:03+00:00","article_modified_time":"2023-05-09T01:09:40+00:00","og_image":[{"width":1080,"height":720,"url":"http:\/\/elregionalvm.com.ar\/noticias-villa-maria\/wp-content\/uploads\/2023\/05\/Llaryora-y-los-candidatos-a-vice.jpg","type":"image\/jpeg"}],"author":"Contenidos El Regional","twitter_card":"summary_large_image","twitter_creator":"@elregionalvm1","twitter_site":"@elregionalvm1","twitter_misc":{"Escrito por":"Contenidos El Regional","Tiempo de lectura":"3 minutos"},"schema":{"@context":"https:\/\/schema.org","@graph":[{"@type":"Article","@id":"http:\/\/elregionalvm.com.ar\/noticias-villa-maria\/sorpresa-y-media-una-radical-sera-la-vice-de-llaryora-y-el-expresidente-del-pro-el-vice-de-passerini\/#article","isPartOf":{"@id":"http:\/\/elregionalvm.com.ar\/noticias-villa-maria\/sorpresa-y-media-una-radical-sera-la-vice-de-llaryora-y-el-expresidente-del-pro-el-vice-de-passerini\/"},"author":{"name":"Contenidos El Regional","@id":"http:\/\/elregionalvm.com.ar\/noticias-villa-maria\/#\/schema\/person\/a0fb9c422317faca23d50163151bc354"},"headline":"Sorpresa y media: Una radical ser\u00e1 la vice de Llaryora y el expresidente del PRO, el vice de Passerini","datePublished":"2023-05-06T05:54:03+00:00","dateModified":"2023-05-09T01:09:40+00:00","mainEntityOfPage":{"@id":"http:\/\/elregionalvm.com.ar\/noticias-villa-maria\/sorpresa-y-media-una-radical-sera-la-vice-de-llaryora-y-el-expresidente-del-pro-el-vice-de-passerini\/"},"wordCount":524,"commentCount":0,"image":{"@id":"http:\/\/elregionalvm.com.ar\/noticias-villa-maria\/sorpresa-y-media-una-radical-sera-la-vice-de-llaryora-y-el-expresidente-del-pro-el-vice-de-passerini\/#primaryimage"},"thumbnailUrl":"https:\/\/i0.wp.com\/elregionalvm.com.ar\/noticias-villa-maria\/wp-content\/uploads\/2023\/05\/Llaryora-y-los-candidatos-a-vice.jpg?fit=1080%2C720&ssl=1","keywords":["Candidatos","Daniel Passerini","elecciones","Gobernador","Hacemos Unidos por C\u00f3rdoba","Javier Pretto","Mart\u00edn Llaryora","Myriam Prunotto","Sorpresa","UCEDE"],"articleSection":["Pol\u00edtica","Provinciales","tercera"],"inLanguage":"es","potentialAction":[{"@type":"CommentAction","name":"Comment","target":["http:\/\/elregionalvm.com.ar\/noticias-villa-maria\/sorpresa-y-media-una-radical-sera-la-vice-de-llaryora-y-el-expresidente-del-pro-el-vice-de-passerini\/#respond"]}]},{"@type":"WebPage","@id":"http:\/\/elregionalvm.com.ar\/noticias-villa-maria\/sorpresa-y-media-una-radical-sera-la-vice-de-llaryora-y-el-expresidente-del-pro-el-vice-de-passerini\/","url":"http:\/\/elregionalvm.com.ar\/noticias-villa-maria\/sorpresa-y-media-una-radical-sera-la-vice-de-llaryora-y-el-expresidente-del-pro-el-vice-de-passerini\/","name":"Sorpresa y media: Una radical ser\u00e1 la vice de Llaryora y el expresidente del PRO, el vice de Passerini - El Regional","isPartOf":{"@id":"http:\/\/elregionalvm.com.ar\/noticias-villa-maria\/#website"},"primaryImageOfPage":{"@id":"http:\/\/elregionalvm.com.ar\/noticias-villa-maria\/sorpresa-y-media-una-radical-sera-la-vice-de-llaryora-y-el-expresidente-del-pro-el-vice-de-passerini\/#primaryimage"},"image":{"@id":"http:\/\/elregionalvm.com.ar\/noticias-villa-maria\/sorpresa-y-media-una-radical-sera-la-vice-de-llaryora-y-el-expresidente-del-pro-el-vice-de-passerini\/#primaryimage"},"thumbnailUrl":"https:\/\/i0.wp.com\/elregionalvm.com.ar\/noticias-villa-maria\/wp-content\/uploads\/2023\/05\/Llaryora-y-los-candidatos-a-vice.jpg?fit=1080%2C720&ssl=1","datePublished":"2023-05-06T05:54:03+00:00","dateModified":"2023-05-09T01:09:40+00:00","author":{"@id":"http:\/\/elregionalvm.com.ar\/noticias-villa-maria\/#\/schema\/person\/a0fb9c422317faca23d50163151bc354"},"breadcrumb":{"@id":"http:\/\/elregionalvm.com.ar\/noticias-villa-maria\/sorpresa-y-media-una-radical-sera-la-vice-de-llaryora-y-el-expresidente-del-pro-el-vice-de-passerini\/#breadcrumb"},"inLanguage":"es","potentialAction":[{"@type":"ReadAction","target":["http:\/\/elregionalvm.com.ar\/noticias-villa-maria\/sorpresa-y-media-una-radical-sera-la-vice-de-llaryora-y-el-expresidente-del-pro-el-vice-de-passerini\/"]}]},{"@type":"ImageObject","inLanguage":"es","@id":"http:\/\/elregionalvm.com.ar\/noticias-villa-maria\/sorpresa-y-media-una-radical-sera-la-vice-de-llaryora-y-el-expresidente-del-pro-el-vice-de-passerini\/#primaryimage","url":"https:\/\/i0.wp.com\/elregionalvm.com.ar\/noticias-villa-maria\/wp-content\/uploads\/2023\/05\/Llaryora-y-los-candidatos-a-vice.jpg?fit=1080%2C720&ssl=1","contentUrl":"https:\/\/i0.wp.com\/elregionalvm.com.ar\/noticias-villa-maria\/wp-content\/uploads\/2023\/05\/Llaryora-y-los-candidatos-a-vice.jpg?fit=1080%2C720&ssl=1","width":1080,"height":720},{"@type":"BreadcrumbList","@id":"http:\/\/elregionalvm.com.ar\/noticias-villa-maria\/sorpresa-y-media-una-radical-sera-la-vice-de-llaryora-y-el-expresidente-del-pro-el-vice-de-passerini\/#breadcrumb","itemListElement":[{"@type":"ListItem","position":1,"name":"Portada","item":"https:\/\/elregionalvm.com.ar\/noticias-villa-maria\/"},{"@type":"ListItem","position":2,"name":"Sorpresa y media: Una radical ser\u00e1 la vice de Llaryora y el expresidente del PRO, el vice de Passerini"}]},{"@type":"WebSite","@id":"http:\/\/elregionalvm.com.ar\/noticias-villa-maria\/#website","url":"http:\/\/elregionalvm.com.ar\/noticias-villa-maria\/","name":"El Regional","description":"Mucho m\u00e1s que informaci\u00f3n","potentialAction":[{"@type":"SearchAction","target":{"@type":"EntryPoint","urlTemplate":"http:\/\/elregionalvm.com.ar\/noticias-villa-maria\/?s={search_term_string}"},"query-input":{"@type":"PropertyValueSpecification","valueRequired":true,"valueName":"search_term_string"}}],"inLanguage":"es"},{"@type":"Person","@id":"http:\/\/elregionalvm.com.ar\/noticias-villa-maria\/#\/schema\/person\/a0fb9c422317faca23d50163151bc354","name":"Contenidos El Regional","image":{"@type":"ImageObject","inLanguage":"es","@id":"http:\/\/elregionalvm.com.ar\/noticias-villa-maria\/#\/schema\/person\/image\/","url":"https:\/\/secure.gravatar.com\/avatar\/265b27cb2209af7bb3a1318f03305787d7981a5cc6e6cd08fe5a4ecdf99d4b48?s=96&d=mm&r=g","contentUrl":"https:\/\/secure.gravatar.com\/avatar\/265b27cb2209af7bb3a1318f03305787d7981a5cc6e6cd08fe5a4ecdf99d4b48?s=96&d=mm&r=g","caption":"Contenidos El Regional"},"url":"https:\/\/elregionalvm.com.ar\/noticias-villa-maria\/author\/contenido\/"}]}},"jetpack_featured_media_url":"https:\/\/i0.wp.com\/elregionalvm.com.ar\/noticias-villa-maria\/wp-content\/uploads\/2023\/05\/Llaryora-y-los-candidatos-a-vice.jpg?fit=1080%2C720&ssl=1","jetpack_sharing_enabled":true,"_links":{"self":[{"href":"https:\/\/elregionalvm.com.ar\/noticias-villa-maria\/wp-json\/wp\/v2\/posts\/75933","targetHints":{"allow":["GET"]}}],"collection":[{"href":"https:\/\/elregionalvm.com.ar\/noticias-villa-maria\/wp-json\/wp\/v2\/posts"}],"about":[{"href":"https:\/\/elregionalvm.com.ar\/noticias-villa-maria\/wp-json\/wp\/v2\/types\/post"}],"author":[{"embeddable":true,"href":"https:\/\/elregionalvm.com.ar\/noticias-villa-maria\/wp-json\/wp\/v2\/users\/4"}],"replies":[{"embeddable":true,"href":"https:\/\/elregionalvm.com.ar\/noticias-villa-maria\/wp-json\/wp\/v2\/comments?post=75933"}],"version-history":[{"count":2,"href":"https:\/\/elregionalvm.com.ar\/noticias-villa-maria\/wp-json\/wp\/v2\/posts\/75933\/revisions"}],"predecessor-version":[{"id":75937,"href":"https:\/\/elregionalvm.com.ar\/noticias-villa-maria\/wp-json\/wp\/v2\/posts\/75933\/revisions\/75937"}],"wp:featuredmedia":[{"embeddable":true,"href":"https:\/\/elregionalvm.com.ar\/noticias-villa-maria\/wp-json\/wp\/v2\/media\/75935"}],"wp:attachment":[{"href":"https:\/\/elregionalvm.com.ar\/noticias-villa-maria\/wp-json\/wp\/v2\/media?parent=75933"}],"wp:term":[{"taxonomy":"category","embeddable":true,"href":"https:\/\/elregionalvm.com.ar\/noticias-villa-maria\/wp-json\/wp\/v2\/categories?post=75933"},{"taxonomy":"post_tag","embeddable":true,"href":"https:\/\/elregionalvm.com.ar\/noticias-villa-maria\/wp-json\/wp\/v2\/tags?post=75933"}],"curies":[{"name":"wp","href":"https:\/\/api.w.org\/{rel}","templated":true}]}}