{"id":75960,"date":"2023-05-06T17:09:41","date_gmt":"2023-05-06T17:09:41","guid":{"rendered":"https:\/\/elregionalvm.com.ar\/noticias-villa-maria\/?p=75960"},"modified":"2023-05-06T17:09:44","modified_gmt":"2023-05-06T17:09:44","slug":"hacemos-unidos-por-cordoba-dio-a-conocer-sus-candidatos-en-la-provincia-y-la-capital","status":"publish","type":"post","link":"https:\/\/elregionalvm.com.ar\/noticias-villa-maria\/hacemos-unidos-por-cordoba-dio-a-conocer-sus-candidatos-en-la-provincia-y-la-capital\/","title":{"rendered":"Hacemos Unidos por C\u00f3rdoba dio a conocer sus candidatos en la Provincia y la Capital"},"content":{"rendered":"\n<p><\/p>\n\n\n\n<h3 class=\"wp-block-heading\"><strong>Son los nombres que representar\u00e1n a la coalici\u00f3n en las elecciones a gobernador, en la intendencia de la ciudad de C\u00f3rdoba y encabezando la lista de legisladores provinciales.<\/strong><\/h3>\n\n\n\n<p>Hacemos Unidos por C\u00f3rdoba dio a conocer la conformaci\u00f3n de sus listas para la elecci\u00f3n a gobernador del pr\u00f3ximo 25 de junio y para la de intendente de la Ciudad de C\u00f3rdoba, a realizarse el 23 de julio.<\/p>\n\n\n\n<p>De esta manera, los nombres para gobernador y vice de la Provincia de C\u00f3rdoba son los de Mart\u00edn Llaryora y Myrian Prunotto, con Juan Manuel Llamosas como primer legislador provincial. <\/p>\n\n\n\n<p>En tanto que, para la intendencia de la ciudad de C\u00f3rdoba, el candidato a intendente Daniel Passerini ser\u00e1 secundado por Javier Pretto como aspirante a viceintendente.<\/p>\n\n\n\n<p>La presentaci\u00f3n de los candidatos provinciales, municipiales y a primer legislador provincial fue acompa\u00f1ada por el gobernador de C\u00f3rdoba, Juan Schiaretti.<\/p>\n\n\n\n<p><\/p>\n\n\n\n<p><\/p>\n","protected":false},"excerpt":{"rendered":"<p>Son los nombres que representar\u00e1n a la coalici\u00f3n en las elecciones a gobernador, en la intendencia de la ciudad de C\u00f3rdoba y encabezando la lista de legisladores provinciales. Hacemos Unidos por C\u00f3rdoba dio a conocer la conformaci\u00f3n de sus listas para la elecci\u00f3n a gobernador del pr\u00f3ximo 25 de junio y para la de intendente [&hellip;]<\/p>\n","protected":false},"author":4,"featured_media":75935,"comment_status":"open","ping_status":"open","sticky":false,"template":"","format":"standard","meta":{"site-sidebar-layout":"default","site-content-layout":"","ast-site-content-layout":"default","site-content-style":"default","site-sidebar-style":"default","ast-global-header-display":"","ast-banner-title-visibility":"","ast-main-header-display":"","ast-hfb-above-header-display":"","ast-hfb-below-header-display":"","ast-hfb-mobile-header-display":"","site-post-title":"","ast-breadcrumbs-content":"","ast-featured-img":"","footer-sml-layout":"","ast-disable-related-posts":"","theme-transparent-header-meta":"","adv-header-id-meta":"","stick-header-meta":"","header-above-stick-meta":"","header-main-stick-meta":"","header-below-stick-meta":"","astra-migrate-meta-layouts":"default","ast-page-background-enabled":"default","ast-page-background-meta":{"desktop":{"background-color":"","background-image":"","background-repeat":"repeat","background-position":"center center","background-size":"auto","background-attachment":"scroll","background-type":"","background-media":"","overlay-type":"","overlay-color":"","overlay-opacity":"","overlay-gradient":""},"tablet":{"background-color":"","background-image":"","background-repeat":"repeat","background-position":"center center","background-size":"auto","background-attachment":"scroll","background-type":"","background-media":"","overlay-type":"","overlay-color":"","overlay-opacity":"","overlay-gradient":""},"mobile":{"background-color":"","background-image":"","background-repeat":"repeat","background-position":"center center","background-size":"auto","background-attachment":"scroll","background-type":"","background-media":"","overlay-type":"","overlay-color":"","overlay-opacity":"","overlay-gradient":""}},"ast-content-background-meta":{"desktop":{"background-color":"var(--ast-global-color-5)","background-image":"","background-repeat":"repeat","background-position":"center center","background-size":"auto","background-attachment":"scroll","background-type":"","background-media":"","overlay-type":"","overlay-color":"","overlay-opacity":"","overlay-gradient":""},"tablet":{"background-color":"var(--ast-global-color-5)","background-image":"","background-repeat":"repeat","background-position":"center center","background-size":"auto","background-attachment":"scroll","background-type":"","background-media":"","overlay-type":"","overlay-color":"","overlay-opacity":"","overlay-gradient":""},"mobile":{"background-color":"var(--ast-global-color-5)","background-image":"","background-repeat":"repeat","background-position":"center center","background-size":"auto","background-attachment":"scroll","background-type":"","background-media":"","overlay-type":"","overlay-color":"","overlay-opacity":"","overlay-gradient":""}},"_jetpack_memberships_contains_paid_content":false,"_joinchat":[],"footnotes":""},"categories":[15302,2089,16095,1],"tags":[579,16445,22220,5665,3058,16022,21887],"class_list":["post-75960","post","type-post","status-publish","format-standard","has-post-thumbnail","hentry","category-destacado","category-politica","category-provinciales","category-sin-categoria","tag-candidatos","tag-daniel-passerini","tag-hacemos-unidos-por-cordoba","tag-juan-manuel-llamosas","tag-juan-schiaretti","tag-martin-llaryora","tag-myriam-prunotto"],"yoast_head":"<!-- This site is optimized with the Yoast SEO plugin v26.8 - https:\/\/yoast.com\/product\/yoast-seo-wordpress\/ -->\n<title>Hacemos Unidos por C\u00f3rdoba dio a conocer sus candidatos en la Provincia y la Capital - El Regional<\/title>\n<meta name=\"robots\" content=\"index, follow, max-snippet:-1, max-image-preview:large, max-video-preview:-1\" \/>\n<link rel=\"canonical\" href=\"http:\/\/elregionalvm.com.ar\/noticias-villa-maria\/hacemos-unidos-por-cordoba-dio-a-conocer-sus-candidatos-en-la-provincia-y-la-capital\/\" \/>\n<meta property=\"og:locale\" content=\"es_ES\" \/>\n<meta property=\"og:type\" content=\"article\" \/>\n<meta property=\"og:title\" content=\"Hacemos Unidos por C\u00f3rdoba dio a conocer sus candidatos en la Provincia y la Capital - El Regional\" \/>\n<meta property=\"og:description\" content=\"Son los nombres que representar\u00e1n a la coalici\u00f3n en las elecciones a gobernador, en la intendencia de la ciudad de C\u00f3rdoba y encabezando la lista de legisladores provinciales. Hacemos Unidos por C\u00f3rdoba dio a conocer la conformaci\u00f3n de sus listas para la elecci\u00f3n a gobernador del pr\u00f3ximo 25 de junio y para la de intendente [&hellip;]\" \/>\n<meta property=\"og:url\" content=\"http:\/\/elregionalvm.com.ar\/noticias-villa-maria\/hacemos-unidos-por-cordoba-dio-a-conocer-sus-candidatos-en-la-provincia-y-la-capital\/\" \/>\n<meta property=\"og:site_name\" content=\"El Regional\" \/>\n<meta property=\"article:publisher\" content=\"https:\/\/www.facebook.com\/elregionalvm\" \/>\n<meta property=\"article:published_time\" content=\"2023-05-06T17:09:41+00:00\" \/>\n<meta property=\"article:modified_time\" content=\"2023-05-06T17:09:44+00:00\" \/>\n<meta property=\"og:image\" content=\"http:\/\/elregionalvm.com.ar\/noticias-villa-maria\/wp-content\/uploads\/2023\/05\/Llaryora-y-los-candidatos-a-vice.jpg\" \/>\n\t<meta property=\"og:image:width\" content=\"1080\" \/>\n\t<meta property=\"og:image:height\" content=\"720\" \/>\n\t<meta property=\"og:image:type\" content=\"image\/jpeg\" \/>\n<meta name=\"author\" content=\"Contenidos El Regional\" \/>\n<meta name=\"twitter:card\" content=\"summary_large_image\" \/>\n<meta name=\"twitter:creator\" content=\"@elregionalvm1\" \/>\n<meta name=\"twitter:site\" content=\"@elregionalvm1\" \/>\n<meta name=\"twitter:label1\" content=\"Escrito por\" \/>\n\t<meta name=\"twitter:data1\" content=\"Contenidos El Regional\" \/>\n\t<meta name=\"twitter:label2\" content=\"Tiempo de lectura\" \/>\n\t<meta name=\"twitter:data2\" content=\"1 minuto\" \/>\n<script type=\"application\/ld+json\" class=\"yoast-schema-graph\">{\"@context\":\"https:\/\/schema.org\",\"@graph\":[{\"@type\":\"Article\",\"@id\":\"http:\/\/elregionalvm.com.ar\/noticias-villa-maria\/hacemos-unidos-por-cordoba-dio-a-conocer-sus-candidatos-en-la-provincia-y-la-capital\/#article\",\"isPartOf\":{\"@id\":\"http:\/\/elregionalvm.com.ar\/noticias-villa-maria\/hacemos-unidos-por-cordoba-dio-a-conocer-sus-candidatos-en-la-provincia-y-la-capital\/\"},\"author\":{\"name\":\"Contenidos El Regional\",\"@id\":\"http:\/\/elregionalvm.com.ar\/noticias-villa-maria\/#\/schema\/person\/a0fb9c422317faca23d50163151bc354\"},\"headline\":\"Hacemos Unidos por C\u00f3rdoba dio a conocer sus candidatos en la Provincia y la Capital\",\"datePublished\":\"2023-05-06T17:09:41+00:00\",\"dateModified\":\"2023-05-06T17:09:44+00:00\",\"mainEntityOfPage\":{\"@id\":\"http:\/\/elregionalvm.com.ar\/noticias-villa-maria\/hacemos-unidos-por-cordoba-dio-a-conocer-sus-candidatos-en-la-provincia-y-la-capital\/\"},\"wordCount\":171,\"commentCount\":0,\"image\":{\"@id\":\"http:\/\/elregionalvm.com.ar\/noticias-villa-maria\/hacemos-unidos-por-cordoba-dio-a-conocer-sus-candidatos-en-la-provincia-y-la-capital\/#primaryimage\"},\"thumbnailUrl\":\"https:\/\/i0.wp.com\/elregionalvm.com.ar\/noticias-villa-maria\/wp-content\/uploads\/2023\/05\/Llaryora-y-los-candidatos-a-vice.jpg?fit=1080%2C720&ssl=1\",\"keywords\":[\"Candidatos\",\"Daniel Passerini\",\"Hacemos Unidos por C\u00f3rdoba\",\"Juan Manuel Llamosas\",\"Juan Schiaretti\",\"Mart\u00edn Llaryora\",\"Myriam Prunotto\"],\"articleSection\":[\"destacado\",\"Pol\u00edtica\",\"Provinciales\"],\"inLanguage\":\"es\",\"potentialAction\":[{\"@type\":\"CommentAction\",\"name\":\"Comment\",\"target\":[\"http:\/\/elregionalvm.com.ar\/noticias-villa-maria\/hacemos-unidos-por-cordoba-dio-a-conocer-sus-candidatos-en-la-provincia-y-la-capital\/#respond\"]}]},{\"@type\":\"WebPage\",\"@id\":\"http:\/\/elregionalvm.com.ar\/noticias-villa-maria\/hacemos-unidos-por-cordoba-dio-a-conocer-sus-candidatos-en-la-provincia-y-la-capital\/\",\"url\":\"http:\/\/elregionalvm.com.ar\/noticias-villa-maria\/hacemos-unidos-por-cordoba-dio-a-conocer-sus-candidatos-en-la-provincia-y-la-capital\/\",\"name\":\"Hacemos Unidos por C\u00f3rdoba dio a conocer sus candidatos en la Provincia y la Capital - El Regional\",\"isPartOf\":{\"@id\":\"http:\/\/elregionalvm.com.ar\/noticias-villa-maria\/#website\"},\"primaryImageOfPage\":{\"@id\":\"http:\/\/elregionalvm.com.ar\/noticias-villa-maria\/hacemos-unidos-por-cordoba-dio-a-conocer-sus-candidatos-en-la-provincia-y-la-capital\/#primaryimage\"},\"image\":{\"@id\":\"http:\/\/elregionalvm.com.ar\/noticias-villa-maria\/hacemos-unidos-por-cordoba-dio-a-conocer-sus-candidatos-en-la-provincia-y-la-capital\/#primaryimage\"},\"thumbnailUrl\":\"https:\/\/i0.wp.com\/elregionalvm.com.ar\/noticias-villa-maria\/wp-content\/uploads\/2023\/05\/Llaryora-y-los-candidatos-a-vice.jpg?fit=1080%2C720&ssl=1\",\"datePublished\":\"2023-05-06T17:09:41+00:00\",\"dateModified\":\"2023-05-06T17:09:44+00:00\",\"author\":{\"@id\":\"http:\/\/elregionalvm.com.ar\/noticias-villa-maria\/#\/schema\/person\/a0fb9c422317faca23d50163151bc354\"},\"breadcrumb\":{\"@id\":\"http:\/\/elregionalvm.com.ar\/noticias-villa-maria\/hacemos-unidos-por-cordoba-dio-a-conocer-sus-candidatos-en-la-provincia-y-la-capital\/#breadcrumb\"},\"inLanguage\":\"es\",\"potentialAction\":[{\"@type\":\"ReadAction\",\"target\":[\"http:\/\/elregionalvm.com.ar\/noticias-villa-maria\/hacemos-unidos-por-cordoba-dio-a-conocer-sus-candidatos-en-la-provincia-y-la-capital\/\"]}]},{\"@type\":\"ImageObject\",\"inLanguage\":\"es\",\"@id\":\"http:\/\/elregionalvm.com.ar\/noticias-villa-maria\/hacemos-unidos-por-cordoba-dio-a-conocer-sus-candidatos-en-la-provincia-y-la-capital\/#primaryimage\",\"url\":\"https:\/\/i0.wp.com\/elregionalvm.com.ar\/noticias-villa-maria\/wp-content\/uploads\/2023\/05\/Llaryora-y-los-candidatos-a-vice.jpg?fit=1080%2C720&ssl=1\",\"contentUrl\":\"https:\/\/i0.wp.com\/elregionalvm.com.ar\/noticias-villa-maria\/wp-content\/uploads\/2023\/05\/Llaryora-y-los-candidatos-a-vice.jpg?fit=1080%2C720&ssl=1\",\"width\":1080,\"height\":720},{\"@type\":\"BreadcrumbList\",\"@id\":\"http:\/\/elregionalvm.com.ar\/noticias-villa-maria\/hacemos-unidos-por-cordoba-dio-a-conocer-sus-candidatos-en-la-provincia-y-la-capital\/#breadcrumb\",\"itemListElement\":[{\"@type\":\"ListItem\",\"position\":1,\"name\":\"Portada\",\"item\":\"https:\/\/elregionalvm.com.ar\/noticias-villa-maria\/\"},{\"@type\":\"ListItem\",\"position\":2,\"name\":\"Hacemos Unidos por C\u00f3rdoba dio a conocer sus candidatos en la Provincia y la Capital\"}]},{\"@type\":\"WebSite\",\"@id\":\"http:\/\/elregionalvm.com.ar\/noticias-villa-maria\/#website\",\"url\":\"http:\/\/elregionalvm.com.ar\/noticias-villa-maria\/\",\"name\":\"El Regional\",\"description\":\"Mucho m\u00e1s que informaci\u00f3n\",\"potentialAction\":[{\"@type\":\"SearchAction\",\"target\":{\"@type\":\"EntryPoint\",\"urlTemplate\":\"http:\/\/elregionalvm.com.ar\/noticias-villa-maria\/?s={search_term_string}\"},\"query-input\":{\"@type\":\"PropertyValueSpecification\",\"valueRequired\":true,\"valueName\":\"search_term_string\"}}],\"inLanguage\":\"es\"},{\"@type\":\"Person\",\"@id\":\"http:\/\/elregionalvm.com.ar\/noticias-villa-maria\/#\/schema\/person\/a0fb9c422317faca23d50163151bc354\",\"name\":\"Contenidos El Regional\",\"image\":{\"@type\":\"ImageObject\",\"inLanguage\":\"es\",\"@id\":\"http:\/\/elregionalvm.com.ar\/noticias-villa-maria\/#\/schema\/person\/image\/\",\"url\":\"https:\/\/secure.gravatar.com\/avatar\/265b27cb2209af7bb3a1318f03305787d7981a5cc6e6cd08fe5a4ecdf99d4b48?s=96&d=mm&r=g\",\"contentUrl\":\"https:\/\/secure.gravatar.com\/avatar\/265b27cb2209af7bb3a1318f03305787d7981a5cc6e6cd08fe5a4ecdf99d4b48?s=96&d=mm&r=g\",\"caption\":\"Contenidos El Regional\"},\"url\":\"https:\/\/elregionalvm.com.ar\/noticias-villa-maria\/author\/contenido\/\"}]}<\/script>\n<!-- \/ Yoast SEO plugin. -->","yoast_head_json":{"title":"Hacemos Unidos por C\u00f3rdoba dio a conocer sus candidatos en la Provincia y la Capital - El Regional","robots":{"index":"index","follow":"follow","max-snippet":"max-snippet:-1","max-image-preview":"max-image-preview:large","max-video-preview":"max-video-preview:-1"},"canonical":"http:\/\/elregionalvm.com.ar\/noticias-villa-maria\/hacemos-unidos-por-cordoba-dio-a-conocer-sus-candidatos-en-la-provincia-y-la-capital\/","og_locale":"es_ES","og_type":"article","og_title":"Hacemos Unidos por C\u00f3rdoba dio a conocer sus candidatos en la Provincia y la Capital - El Regional","og_description":"Son los nombres que representar\u00e1n a la coalici\u00f3n en las elecciones a gobernador, en la intendencia de la ciudad de C\u00f3rdoba y encabezando la lista de legisladores provinciales. Hacemos Unidos por C\u00f3rdoba dio a conocer la conformaci\u00f3n de sus listas para la elecci\u00f3n a gobernador del pr\u00f3ximo 25 de junio y para la de intendente [&hellip;]","og_url":"http:\/\/elregionalvm.com.ar\/noticias-villa-maria\/hacemos-unidos-por-cordoba-dio-a-conocer-sus-candidatos-en-la-provincia-y-la-capital\/","og_site_name":"El Regional","article_publisher":"https:\/\/www.facebook.com\/elregionalvm","article_published_time":"2023-05-06T17:09:41+00:00","article_modified_time":"2023-05-06T17:09:44+00:00","og_image":[{"width":1080,"height":720,"url":"http:\/\/elregionalvm.com.ar\/noticias-villa-maria\/wp-content\/uploads\/2023\/05\/Llaryora-y-los-candidatos-a-vice.jpg","type":"image\/jpeg"}],"author":"Contenidos El Regional","twitter_card":"summary_large_image","twitter_creator":"@elregionalvm1","twitter_site":"@elregionalvm1","twitter_misc":{"Escrito por":"Contenidos El Regional","Tiempo de lectura":"1 minuto"},"schema":{"@context":"https:\/\/schema.org","@graph":[{"@type":"Article","@id":"http:\/\/elregionalvm.com.ar\/noticias-villa-maria\/hacemos-unidos-por-cordoba-dio-a-conocer-sus-candidatos-en-la-provincia-y-la-capital\/#article","isPartOf":{"@id":"http:\/\/elregionalvm.com.ar\/noticias-villa-maria\/hacemos-unidos-por-cordoba-dio-a-conocer-sus-candidatos-en-la-provincia-y-la-capital\/"},"author":{"name":"Contenidos El Regional","@id":"http:\/\/elregionalvm.com.ar\/noticias-villa-maria\/#\/schema\/person\/a0fb9c422317faca23d50163151bc354"},"headline":"Hacemos Unidos por C\u00f3rdoba dio a conocer sus candidatos en la Provincia y la Capital","datePublished":"2023-05-06T17:09:41+00:00","dateModified":"2023-05-06T17:09:44+00:00","mainEntityOfPage":{"@id":"http:\/\/elregionalvm.com.ar\/noticias-villa-maria\/hacemos-unidos-por-cordoba-dio-a-conocer-sus-candidatos-en-la-provincia-y-la-capital\/"},"wordCount":171,"commentCount":0,"image":{"@id":"http:\/\/elregionalvm.com.ar\/noticias-villa-maria\/hacemos-unidos-por-cordoba-dio-a-conocer-sus-candidatos-en-la-provincia-y-la-capital\/#primaryimage"},"thumbnailUrl":"https:\/\/i0.wp.com\/elregionalvm.com.ar\/noticias-villa-maria\/wp-content\/uploads\/2023\/05\/Llaryora-y-los-candidatos-a-vice.jpg?fit=1080%2C720&ssl=1","keywords":["Candidatos","Daniel Passerini","Hacemos Unidos por C\u00f3rdoba","Juan Manuel Llamosas","Juan Schiaretti","Mart\u00edn Llaryora","Myriam Prunotto"],"articleSection":["destacado","Pol\u00edtica","Provinciales"],"inLanguage":"es","potentialAction":[{"@type":"CommentAction","name":"Comment","target":["http:\/\/elregionalvm.com.ar\/noticias-villa-maria\/hacemos-unidos-por-cordoba-dio-a-conocer-sus-candidatos-en-la-provincia-y-la-capital\/#respond"]}]},{"@type":"WebPage","@id":"http:\/\/elregionalvm.com.ar\/noticias-villa-maria\/hacemos-unidos-por-cordoba-dio-a-conocer-sus-candidatos-en-la-provincia-y-la-capital\/","url":"http:\/\/elregionalvm.com.ar\/noticias-villa-maria\/hacemos-unidos-por-cordoba-dio-a-conocer-sus-candidatos-en-la-provincia-y-la-capital\/","name":"Hacemos Unidos por C\u00f3rdoba dio a conocer sus candidatos en la Provincia y la Capital - El Regional","isPartOf":{"@id":"http:\/\/elregionalvm.com.ar\/noticias-villa-maria\/#website"},"primaryImageOfPage":{"@id":"http:\/\/elregionalvm.com.ar\/noticias-villa-maria\/hacemos-unidos-por-cordoba-dio-a-conocer-sus-candidatos-en-la-provincia-y-la-capital\/#primaryimage"},"image":{"@id":"http:\/\/elregionalvm.com.ar\/noticias-villa-maria\/hacemos-unidos-por-cordoba-dio-a-conocer-sus-candidatos-en-la-provincia-y-la-capital\/#primaryimage"},"thumbnailUrl":"https:\/\/i0.wp.com\/elregionalvm.com.ar\/noticias-villa-maria\/wp-content\/uploads\/2023\/05\/Llaryora-y-los-candidatos-a-vice.jpg?fit=1080%2C720&ssl=1","datePublished":"2023-05-06T17:09:41+00:00","dateModified":"2023-05-06T17:09:44+00:00","author":{"@id":"http:\/\/elregionalvm.com.ar\/noticias-villa-maria\/#\/schema\/person\/a0fb9c422317faca23d50163151bc354"},"breadcrumb":{"@id":"http:\/\/elregionalvm.com.ar\/noticias-villa-maria\/hacemos-unidos-por-cordoba-dio-a-conocer-sus-candidatos-en-la-provincia-y-la-capital\/#breadcrumb"},"inLanguage":"es","potentialAction":[{"@type":"ReadAction","target":["http:\/\/elregionalvm.com.ar\/noticias-villa-maria\/hacemos-unidos-por-cordoba-dio-a-conocer-sus-candidatos-en-la-provincia-y-la-capital\/"]}]},{"@type":"ImageObject","inLanguage":"es","@id":"http:\/\/elregionalvm.com.ar\/noticias-villa-maria\/hacemos-unidos-por-cordoba-dio-a-conocer-sus-candidatos-en-la-provincia-y-la-capital\/#primaryimage","url":"https:\/\/i0.wp.com\/elregionalvm.com.ar\/noticias-villa-maria\/wp-content\/uploads\/2023\/05\/Llaryora-y-los-candidatos-a-vice.jpg?fit=1080%2C720&ssl=1","contentUrl":"https:\/\/i0.wp.com\/elregionalvm.com.ar\/noticias-villa-maria\/wp-content\/uploads\/2023\/05\/Llaryora-y-los-candidatos-a-vice.jpg?fit=1080%2C720&ssl=1","width":1080,"height":720},{"@type":"BreadcrumbList","@id":"http:\/\/elregionalvm.com.ar\/noticias-villa-maria\/hacemos-unidos-por-cordoba-dio-a-conocer-sus-candidatos-en-la-provincia-y-la-capital\/#breadcrumb","itemListElement":[{"@type":"ListItem","position":1,"name":"Portada","item":"https:\/\/elregionalvm.com.ar\/noticias-villa-maria\/"},{"@type":"ListItem","position":2,"name":"Hacemos Unidos por C\u00f3rdoba dio a conocer sus candidatos en la Provincia y la Capital"}]},{"@type":"WebSite","@id":"http:\/\/elregionalvm.com.ar\/noticias-villa-maria\/#website","url":"http:\/\/elregionalvm.com.ar\/noticias-villa-maria\/","name":"El Regional","description":"Mucho m\u00e1s que informaci\u00f3n","potentialAction":[{"@type":"SearchAction","target":{"@type":"EntryPoint","urlTemplate":"http:\/\/elregionalvm.com.ar\/noticias-villa-maria\/?s={search_term_string}"},"query-input":{"@type":"PropertyValueSpecification","valueRequired":true,"valueName":"search_term_string"}}],"inLanguage":"es"},{"@type":"Person","@id":"http:\/\/elregionalvm.com.ar\/noticias-villa-maria\/#\/schema\/person\/a0fb9c422317faca23d50163151bc354","name":"Contenidos El Regional","image":{"@type":"ImageObject","inLanguage":"es","@id":"http:\/\/elregionalvm.com.ar\/noticias-villa-maria\/#\/schema\/person\/image\/","url":"https:\/\/secure.gravatar.com\/avatar\/265b27cb2209af7bb3a1318f03305787d7981a5cc6e6cd08fe5a4ecdf99d4b48?s=96&d=mm&r=g","contentUrl":"https:\/\/secure.gravatar.com\/avatar\/265b27cb2209af7bb3a1318f03305787d7981a5cc6e6cd08fe5a4ecdf99d4b48?s=96&d=mm&r=g","caption":"Contenidos El Regional"},"url":"https:\/\/elregionalvm.com.ar\/noticias-villa-maria\/author\/contenido\/"}]}},"jetpack_featured_media_url":"https:\/\/i0.wp.com\/elregionalvm.com.ar\/noticias-villa-maria\/wp-content\/uploads\/2023\/05\/Llaryora-y-los-candidatos-a-vice.jpg?fit=1080%2C720&ssl=1","jetpack_sharing_enabled":true,"_links":{"self":[{"href":"https:\/\/elregionalvm.com.ar\/noticias-villa-maria\/wp-json\/wp\/v2\/posts\/75960","targetHints":{"allow":["GET"]}}],"collection":[{"href":"https:\/\/elregionalvm.com.ar\/noticias-villa-maria\/wp-json\/wp\/v2\/posts"}],"about":[{"href":"https:\/\/elregionalvm.com.ar\/noticias-villa-maria\/wp-json\/wp\/v2\/types\/post"}],"author":[{"embeddable":true,"href":"https:\/\/elregionalvm.com.ar\/noticias-villa-maria\/wp-json\/wp\/v2\/users\/4"}],"replies":[{"embeddable":true,"href":"https:\/\/elregionalvm.com.ar\/noticias-villa-maria\/wp-json\/wp\/v2\/comments?post=75960"}],"version-history":[{"count":1,"href":"https:\/\/elregionalvm.com.ar\/noticias-villa-maria\/wp-json\/wp\/v2\/posts\/75960\/revisions"}],"predecessor-version":[{"id":75961,"href":"https:\/\/elregionalvm.com.ar\/noticias-villa-maria\/wp-json\/wp\/v2\/posts\/75960\/revisions\/75961"}],"wp:featuredmedia":[{"embeddable":true,"href":"https:\/\/elregionalvm.com.ar\/noticias-villa-maria\/wp-json\/wp\/v2\/media\/75935"}],"wp:attachment":[{"href":"https:\/\/elregionalvm.com.ar\/noticias-villa-maria\/wp-json\/wp\/v2\/media?parent=75960"}],"wp:term":[{"taxonomy":"category","embeddable":true,"href":"https:\/\/elregionalvm.com.ar\/noticias-villa-maria\/wp-json\/wp\/v2\/categories?post=75960"},{"taxonomy":"post_tag","embeddable":true,"href":"https:\/\/elregionalvm.com.ar\/noticias-villa-maria\/wp-json\/wp\/v2\/tags?post=75960"}],"curies":[{"name":"wp","href":"https:\/\/api.w.org\/{rel}","templated":true}]}}