{"id":75962,"date":"2023-05-06T18:08:42","date_gmt":"2023-05-06T18:08:42","guid":{"rendered":"https:\/\/elregionalvm.com.ar\/noticias-villa-maria\/?p=75962"},"modified":"2023-05-06T18:08:44","modified_gmt":"2023-05-06T18:08:44","slug":"ley-blas-buscan-endurecer-penas-por-crimenes-cometidos-por-fuerzas-de-seguridad","status":"publish","type":"post","link":"https:\/\/elregionalvm.com.ar\/noticias-villa-maria\/ley-blas-buscan-endurecer-penas-por-crimenes-cometidos-por-fuerzas-de-seguridad\/","title":{"rendered":"Ley Blas: Buscan endurecer penas por cr\u00edmenes cometidos por fuerzas de seguridad"},"content":{"rendered":"\n<p><\/p>\n\n\n\n<p>Soledad Laciar, la mam\u00e1 de Valentino Blas Correa, asesinado por agentes de la Polic\u00eda de C\u00f3rdoba durante un control vehicular en 2020, present\u00f3 el proyecto de ley denominado con el nombre de su hijo.<\/p>\n\n\n\n<p>Lo hizo acompa\u00f1ada por la diputada nacional por C\u00f3rdoba, Gabriela Brouwer de Koning, en el Museo de Antropolog\u00eda de la Universidad Nacional de C\u00f3rdoba.<\/p>\n\n\n\n<p>En la elaboraci\u00f3n de la iniciativa participaron acad\u00e9micos de la casa de altos estudios y especialistas en derecho penal y seguridad.<\/p>\n\n\n\n<p>\u201cLa iniciativa nace de las experiencias vividas por Soledad y su familia durante todo este proceso. La escuch\u00e9 como mam\u00e1 y tambi\u00e9n como ciudadana que cree en el estado de derecho, y al igual que a la gran mayor\u00eda de la sociedad me gener\u00f3 indignaci\u00f3n todo lo que estaba viviendo\u201d, expres\u00f3 la diputada oriunda de R\u00edo Tercero.<\/p>\n\n\n\n<p><\/p>\n\n\n\n<figure class=\"wp-block-image size-full\"><img data-recalc-dims=\"1\" fetchpriority=\"high\" decoding=\"async\" width=\"1017\" height=\"591\" src=\"https:\/\/i0.wp.com\/elregionalvm.com.ar\/noticias-villa-maria\/wp-content\/uploads\/2023\/05\/Laciar-Brouwer-ley-Blas.jpg?resize=1017%2C591&#038;ssl=1\" alt=\"\" class=\"wp-image-75964\" srcset=\"https:\/\/i0.wp.com\/elregionalvm.com.ar\/noticias-villa-maria\/wp-content\/uploads\/2023\/05\/Laciar-Brouwer-ley-Blas.jpg?w=1017&amp;ssl=1 1017w, https:\/\/i0.wp.com\/elregionalvm.com.ar\/noticias-villa-maria\/wp-content\/uploads\/2023\/05\/Laciar-Brouwer-ley-Blas.jpg?resize=300%2C174&amp;ssl=1 300w, https:\/\/i0.wp.com\/elregionalvm.com.ar\/noticias-villa-maria\/wp-content\/uploads\/2023\/05\/Laciar-Brouwer-ley-Blas.jpg?resize=768%2C446&amp;ssl=1 768w\" sizes=\"(max-width: 1000px) 100vw, 1000px\" \/><figcaption><em>Brouwer de Koning junto con Soledad Laciar en la presentaci\u00f3n del proyecto. <\/em><\/figcaption><\/figure>\n\n\n\n<p><\/p>\n\n\n\n<p>La propuesta \u201cse basa en la reforma a un art\u00edculo del C\u00f3digo Penal y que permitir\u00e1 llenar vac\u00edos que tiene actualmente ante cr\u00edmenes cometidos en el marco de la violencia institucional, como fue el caso de Blas\u201d, sostuvo Laciar por su parte.<\/p>\n\n\n\n<p>El proyecto ser\u00e1 elevado a la C\u00e1mara de Diputados en el marco del D\u00eda Nacional de la Lucha contra la Violencia Institucional, que se conmemora el 8 de mayo.<\/p>\n\n\n\n<p>La iniciativa incluye modificaciones para endurecer penas por casos de cr\u00edmenes ejercidos por polic\u00edas, militares y miembros de la fuerza de seguridad nacional. Adem\u00e1s, busca lograr en forma progresiva el desarme de la sociedad civil.<\/p>\n\n\n\n<p><strong>En detalle<\/strong><\/p>\n\n\n\n<p>El proyecto se basa en tres ejes principales:<\/p>\n\n\n\n<p>&#8211; Agravar la tenencia y portaci\u00f3n ilegal de armas por parte de miembros de las fuerzas de seguridad, policiales y penitenciarias.<\/p>\n\n\n\n<p>&#8211; Incorporar un nuevo tipo penal espec\u00edfico que sancione a aquellos miembros de las fuerzas de seguridad, policiales y penitenciarias que planten armas u otros elementos para entorpecer o alterar una investigaci\u00f3n.<\/p>\n\n\n\n<p>&#8211; Incorporar a este nuevo tipo penal como delito habilitante para aplicar la figura de la Ley 27.304 del Arrepentido.<\/p>\n","protected":false},"excerpt":{"rendered":"<p>Soledad Laciar, la mam\u00e1 de Valentino Blas Correa, asesinado por agentes de la Polic\u00eda de C\u00f3rdoba durante un control vehicular en 2020, present\u00f3 el proyecto de ley denominado con el nombre de su hijo. Lo hizo acompa\u00f1ada por la diputada nacional por C\u00f3rdoba, Gabriela Brouwer de Koning, en el Museo de Antropolog\u00eda de la Universidad [&hellip;]<\/p>\n","protected":false},"author":4,"featured_media":47627,"comment_status":"open","ping_status":"open","sticky":false,"template":"","format":"standard","meta":{"site-sidebar-layout":"default","site-content-layout":"","ast-site-content-layout":"default","site-content-style":"default","site-sidebar-style":"default","ast-global-header-display":"","ast-banner-title-visibility":"","ast-main-header-display":"","ast-hfb-above-header-display":"","ast-hfb-below-header-display":"","ast-hfb-mobile-header-display":"","site-post-title":"","ast-breadcrumbs-content":"","ast-featured-img":"","footer-sml-layout":"","ast-disable-related-posts":"","theme-transparent-header-meta":"","adv-header-id-meta":"","stick-header-meta":"","header-above-stick-meta":"","header-main-stick-meta":"","header-below-stick-meta":"","astra-migrate-meta-layouts":"default","ast-page-background-enabled":"default","ast-page-background-meta":{"desktop":{"background-color":"","background-image":"","background-repeat":"repeat","background-position":"center center","background-size":"auto","background-attachment":"scroll","background-type":"","background-media":"","overlay-type":"","overlay-color":"","overlay-opacity":"","overlay-gradient":""},"tablet":{"background-color":"","background-image":"","background-repeat":"repeat","background-position":"center center","background-size":"auto","background-attachment":"scroll","background-type":"","background-media":"","overlay-type":"","overlay-color":"","overlay-opacity":"","overlay-gradient":""},"mobile":{"background-color":"","background-image":"","background-repeat":"repeat","background-position":"center center","background-size":"auto","background-attachment":"scroll","background-type":"","background-media":"","overlay-type":"","overlay-color":"","overlay-opacity":"","overlay-gradient":""}},"ast-content-background-meta":{"desktop":{"background-color":"var(--ast-global-color-5)","background-image":"","background-repeat":"repeat","background-position":"center center","background-size":"auto","background-attachment":"scroll","background-type":"","background-media":"","overlay-type":"","overlay-color":"","overlay-opacity":"","overlay-gradient":""},"tablet":{"background-color":"var(--ast-global-color-5)","background-image":"","background-repeat":"repeat","background-position":"center center","background-size":"auto","background-attachment":"scroll","background-type":"","background-media":"","overlay-type":"","overlay-color":"","overlay-opacity":"","overlay-gradient":""},"mobile":{"background-color":"var(--ast-global-color-5)","background-image":"","background-repeat":"repeat","background-position":"center center","background-size":"auto","background-attachment":"scroll","background-type":"","background-media":"","overlay-type":"","overlay-color":"","overlay-opacity":"","overlay-gradient":""}},"_jetpack_memberships_contains_paid_content":false,"_joinchat":[],"footnotes":""},"categories":[15302,2234,2089],"tags":[4938,3378,22225,4305,20066,22224,19460,12029],"class_list":["post-75962","post","type-post","status-publish","format-standard","has-post-thumbnail","hentry","category-destacado","category-policiales","category-politica","tag-blas-correa","tag-codigo-penal","tag-desarme","tag-diputados","tag-gabriela-brouwer-de-koning","tag-ley-blas","tag-penas-2","tag-soledad-laciar"],"yoast_head":"<!-- This site is optimized with the Yoast SEO plugin v26.8 - https:\/\/yoast.com\/product\/yoast-seo-wordpress\/ -->\n<title>Ley Blas: Buscan endurecer penas por cr\u00edmenes cometidos por fuerzas de seguridad - El Regional<\/title>\n<meta name=\"robots\" content=\"index, follow, max-snippet:-1, max-image-preview:large, max-video-preview:-1\" \/>\n<link rel=\"canonical\" href=\"http:\/\/elregionalvm.com.ar\/noticias-villa-maria\/ley-blas-buscan-endurecer-penas-por-crimenes-cometidos-por-fuerzas-de-seguridad\/\" \/>\n<meta property=\"og:locale\" content=\"es_ES\" \/>\n<meta property=\"og:type\" content=\"article\" \/>\n<meta property=\"og:title\" content=\"Ley Blas: Buscan endurecer penas por cr\u00edmenes cometidos por fuerzas de seguridad - El Regional\" \/>\n<meta property=\"og:description\" content=\"Soledad Laciar, la mam\u00e1 de Valentino Blas Correa, asesinado por agentes de la Polic\u00eda de C\u00f3rdoba durante un control vehicular en 2020, present\u00f3 el proyecto de ley denominado con el nombre de su hijo. Lo hizo acompa\u00f1ada por la diputada nacional por C\u00f3rdoba, Gabriela Brouwer de Koning, en el Museo de Antropolog\u00eda de la Universidad [&hellip;]\" \/>\n<meta property=\"og:url\" content=\"http:\/\/elregionalvm.com.ar\/noticias-villa-maria\/ley-blas-buscan-endurecer-penas-por-crimenes-cometidos-por-fuerzas-de-seguridad\/\" \/>\n<meta property=\"og:site_name\" content=\"El Regional\" \/>\n<meta property=\"article:publisher\" content=\"https:\/\/www.facebook.com\/elregionalvm\" \/>\n<meta property=\"article:published_time\" content=\"2023-05-06T18:08:42+00:00\" \/>\n<meta property=\"article:modified_time\" content=\"2023-05-06T18:08:44+00:00\" \/>\n<meta property=\"og:image\" content=\"http:\/\/elregionalvm.com.ar\/noticias-villa-maria\/wp-content\/uploads\/2021\/11\/Blas-soledad-mama.jpg\" \/>\n\t<meta property=\"og:image:width\" content=\"1200\" \/>\n\t<meta property=\"og:image:height\" content=\"630\" \/>\n\t<meta property=\"og:image:type\" content=\"image\/jpeg\" \/>\n<meta name=\"author\" content=\"Contenidos El Regional\" \/>\n<meta name=\"twitter:card\" content=\"summary_large_image\" \/>\n<meta name=\"twitter:creator\" content=\"@elregionalvm1\" \/>\n<meta name=\"twitter:site\" content=\"@elregionalvm1\" \/>\n<meta name=\"twitter:label1\" content=\"Escrito por\" \/>\n\t<meta name=\"twitter:data1\" content=\"Contenidos El Regional\" \/>\n\t<meta name=\"twitter:label2\" content=\"Tiempo de lectura\" \/>\n\t<meta name=\"twitter:data2\" content=\"2 minutos\" \/>\n<script type=\"application\/ld+json\" class=\"yoast-schema-graph\">{\"@context\":\"https:\/\/schema.org\",\"@graph\":[{\"@type\":\"Article\",\"@id\":\"http:\/\/elregionalvm.com.ar\/noticias-villa-maria\/ley-blas-buscan-endurecer-penas-por-crimenes-cometidos-por-fuerzas-de-seguridad\/#article\",\"isPartOf\":{\"@id\":\"http:\/\/elregionalvm.com.ar\/noticias-villa-maria\/ley-blas-buscan-endurecer-penas-por-crimenes-cometidos-por-fuerzas-de-seguridad\/\"},\"author\":{\"name\":\"Contenidos El Regional\",\"@id\":\"http:\/\/elregionalvm.com.ar\/noticias-villa-maria\/#\/schema\/person\/a0fb9c422317faca23d50163151bc354\"},\"headline\":\"Ley Blas: Buscan endurecer penas por cr\u00edmenes cometidos por fuerzas de seguridad\",\"datePublished\":\"2023-05-06T18:08:42+00:00\",\"dateModified\":\"2023-05-06T18:08:44+00:00\",\"mainEntityOfPage\":{\"@id\":\"http:\/\/elregionalvm.com.ar\/noticias-villa-maria\/ley-blas-buscan-endurecer-penas-por-crimenes-cometidos-por-fuerzas-de-seguridad\/\"},\"wordCount\":372,\"commentCount\":0,\"image\":{\"@id\":\"http:\/\/elregionalvm.com.ar\/noticias-villa-maria\/ley-blas-buscan-endurecer-penas-por-crimenes-cometidos-por-fuerzas-de-seguridad\/#primaryimage\"},\"thumbnailUrl\":\"https:\/\/i0.wp.com\/elregionalvm.com.ar\/noticias-villa-maria\/wp-content\/uploads\/2021\/11\/Blas-soledad-mama.jpg?fit=1200%2C630&ssl=1\",\"keywords\":[\"Blas Correa\",\"C\u00f3digo Penal\",\"desarme\",\"Diputados\",\"Gabriela Brouwer de Koning\",\"Ley Blas\",\"penas\",\"Soledad Laciar\"],\"articleSection\":[\"destacado\",\"Policiales\",\"Pol\u00edtica\"],\"inLanguage\":\"es\",\"potentialAction\":[{\"@type\":\"CommentAction\",\"name\":\"Comment\",\"target\":[\"http:\/\/elregionalvm.com.ar\/noticias-villa-maria\/ley-blas-buscan-endurecer-penas-por-crimenes-cometidos-por-fuerzas-de-seguridad\/#respond\"]}]},{\"@type\":\"WebPage\",\"@id\":\"http:\/\/elregionalvm.com.ar\/noticias-villa-maria\/ley-blas-buscan-endurecer-penas-por-crimenes-cometidos-por-fuerzas-de-seguridad\/\",\"url\":\"http:\/\/elregionalvm.com.ar\/noticias-villa-maria\/ley-blas-buscan-endurecer-penas-por-crimenes-cometidos-por-fuerzas-de-seguridad\/\",\"name\":\"Ley Blas: Buscan endurecer penas por cr\u00edmenes cometidos por fuerzas de seguridad - El Regional\",\"isPartOf\":{\"@id\":\"http:\/\/elregionalvm.com.ar\/noticias-villa-maria\/#website\"},\"primaryImageOfPage\":{\"@id\":\"http:\/\/elregionalvm.com.ar\/noticias-villa-maria\/ley-blas-buscan-endurecer-penas-por-crimenes-cometidos-por-fuerzas-de-seguridad\/#primaryimage\"},\"image\":{\"@id\":\"http:\/\/elregionalvm.com.ar\/noticias-villa-maria\/ley-blas-buscan-endurecer-penas-por-crimenes-cometidos-por-fuerzas-de-seguridad\/#primaryimage\"},\"thumbnailUrl\":\"https:\/\/i0.wp.com\/elregionalvm.com.ar\/noticias-villa-maria\/wp-content\/uploads\/2021\/11\/Blas-soledad-mama.jpg?fit=1200%2C630&ssl=1\",\"datePublished\":\"2023-05-06T18:08:42+00:00\",\"dateModified\":\"2023-05-06T18:08:44+00:00\",\"author\":{\"@id\":\"http:\/\/elregionalvm.com.ar\/noticias-villa-maria\/#\/schema\/person\/a0fb9c422317faca23d50163151bc354\"},\"breadcrumb\":{\"@id\":\"http:\/\/elregionalvm.com.ar\/noticias-villa-maria\/ley-blas-buscan-endurecer-penas-por-crimenes-cometidos-por-fuerzas-de-seguridad\/#breadcrumb\"},\"inLanguage\":\"es\",\"potentialAction\":[{\"@type\":\"ReadAction\",\"target\":[\"http:\/\/elregionalvm.com.ar\/noticias-villa-maria\/ley-blas-buscan-endurecer-penas-por-crimenes-cometidos-por-fuerzas-de-seguridad\/\"]}]},{\"@type\":\"ImageObject\",\"inLanguage\":\"es\",\"@id\":\"http:\/\/elregionalvm.com.ar\/noticias-villa-maria\/ley-blas-buscan-endurecer-penas-por-crimenes-cometidos-por-fuerzas-de-seguridad\/#primaryimage\",\"url\":\"https:\/\/i0.wp.com\/elregionalvm.com.ar\/noticias-villa-maria\/wp-content\/uploads\/2021\/11\/Blas-soledad-mama.jpg?fit=1200%2C630&ssl=1\",\"contentUrl\":\"https:\/\/i0.wp.com\/elregionalvm.com.ar\/noticias-villa-maria\/wp-content\/uploads\/2021\/11\/Blas-soledad-mama.jpg?fit=1200%2C630&ssl=1\",\"width\":1200,\"height\":630},{\"@type\":\"BreadcrumbList\",\"@id\":\"http:\/\/elregionalvm.com.ar\/noticias-villa-maria\/ley-blas-buscan-endurecer-penas-por-crimenes-cometidos-por-fuerzas-de-seguridad\/#breadcrumb\",\"itemListElement\":[{\"@type\":\"ListItem\",\"position\":1,\"name\":\"Portada\",\"item\":\"https:\/\/elregionalvm.com.ar\/noticias-villa-maria\/\"},{\"@type\":\"ListItem\",\"position\":2,\"name\":\"Ley Blas: Buscan endurecer penas por cr\u00edmenes cometidos por fuerzas de seguridad\"}]},{\"@type\":\"WebSite\",\"@id\":\"http:\/\/elregionalvm.com.ar\/noticias-villa-maria\/#website\",\"url\":\"http:\/\/elregionalvm.com.ar\/noticias-villa-maria\/\",\"name\":\"El Regional\",\"description\":\"Mucho m\u00e1s que informaci\u00f3n\",\"potentialAction\":[{\"@type\":\"SearchAction\",\"target\":{\"@type\":\"EntryPoint\",\"urlTemplate\":\"http:\/\/elregionalvm.com.ar\/noticias-villa-maria\/?s={search_term_string}\"},\"query-input\":{\"@type\":\"PropertyValueSpecification\",\"valueRequired\":true,\"valueName\":\"search_term_string\"}}],\"inLanguage\":\"es\"},{\"@type\":\"Person\",\"@id\":\"http:\/\/elregionalvm.com.ar\/noticias-villa-maria\/#\/schema\/person\/a0fb9c422317faca23d50163151bc354\",\"name\":\"Contenidos El Regional\",\"image\":{\"@type\":\"ImageObject\",\"inLanguage\":\"es\",\"@id\":\"http:\/\/elregionalvm.com.ar\/noticias-villa-maria\/#\/schema\/person\/image\/\",\"url\":\"https:\/\/secure.gravatar.com\/avatar\/265b27cb2209af7bb3a1318f03305787d7981a5cc6e6cd08fe5a4ecdf99d4b48?s=96&d=mm&r=g\",\"contentUrl\":\"https:\/\/secure.gravatar.com\/avatar\/265b27cb2209af7bb3a1318f03305787d7981a5cc6e6cd08fe5a4ecdf99d4b48?s=96&d=mm&r=g\",\"caption\":\"Contenidos El Regional\"},\"url\":\"https:\/\/elregionalvm.com.ar\/noticias-villa-maria\/author\/contenido\/\"}]}<\/script>\n<!-- \/ Yoast SEO plugin. -->","yoast_head_json":{"title":"Ley Blas: Buscan endurecer penas por cr\u00edmenes cometidos por fuerzas de seguridad - El Regional","robots":{"index":"index","follow":"follow","max-snippet":"max-snippet:-1","max-image-preview":"max-image-preview:large","max-video-preview":"max-video-preview:-1"},"canonical":"http:\/\/elregionalvm.com.ar\/noticias-villa-maria\/ley-blas-buscan-endurecer-penas-por-crimenes-cometidos-por-fuerzas-de-seguridad\/","og_locale":"es_ES","og_type":"article","og_title":"Ley Blas: Buscan endurecer penas por cr\u00edmenes cometidos por fuerzas de seguridad - El Regional","og_description":"Soledad Laciar, la mam\u00e1 de Valentino Blas Correa, asesinado por agentes de la Polic\u00eda de C\u00f3rdoba durante un control vehicular en 2020, present\u00f3 el proyecto de ley denominado con el nombre de su hijo. Lo hizo acompa\u00f1ada por la diputada nacional por C\u00f3rdoba, Gabriela Brouwer de Koning, en el Museo de Antropolog\u00eda de la Universidad [&hellip;]","og_url":"http:\/\/elregionalvm.com.ar\/noticias-villa-maria\/ley-blas-buscan-endurecer-penas-por-crimenes-cometidos-por-fuerzas-de-seguridad\/","og_site_name":"El Regional","article_publisher":"https:\/\/www.facebook.com\/elregionalvm","article_published_time":"2023-05-06T18:08:42+00:00","article_modified_time":"2023-05-06T18:08:44+00:00","og_image":[{"width":1200,"height":630,"url":"http:\/\/elregionalvm.com.ar\/noticias-villa-maria\/wp-content\/uploads\/2021\/11\/Blas-soledad-mama.jpg","type":"image\/jpeg"}],"author":"Contenidos El Regional","twitter_card":"summary_large_image","twitter_creator":"@elregionalvm1","twitter_site":"@elregionalvm1","twitter_misc":{"Escrito por":"Contenidos El Regional","Tiempo de lectura":"2 minutos"},"schema":{"@context":"https:\/\/schema.org","@graph":[{"@type":"Article","@id":"http:\/\/elregionalvm.com.ar\/noticias-villa-maria\/ley-blas-buscan-endurecer-penas-por-crimenes-cometidos-por-fuerzas-de-seguridad\/#article","isPartOf":{"@id":"http:\/\/elregionalvm.com.ar\/noticias-villa-maria\/ley-blas-buscan-endurecer-penas-por-crimenes-cometidos-por-fuerzas-de-seguridad\/"},"author":{"name":"Contenidos El Regional","@id":"http:\/\/elregionalvm.com.ar\/noticias-villa-maria\/#\/schema\/person\/a0fb9c422317faca23d50163151bc354"},"headline":"Ley Blas: Buscan endurecer penas por cr\u00edmenes cometidos por fuerzas de seguridad","datePublished":"2023-05-06T18:08:42+00:00","dateModified":"2023-05-06T18:08:44+00:00","mainEntityOfPage":{"@id":"http:\/\/elregionalvm.com.ar\/noticias-villa-maria\/ley-blas-buscan-endurecer-penas-por-crimenes-cometidos-por-fuerzas-de-seguridad\/"},"wordCount":372,"commentCount":0,"image":{"@id":"http:\/\/elregionalvm.com.ar\/noticias-villa-maria\/ley-blas-buscan-endurecer-penas-por-crimenes-cometidos-por-fuerzas-de-seguridad\/#primaryimage"},"thumbnailUrl":"https:\/\/i0.wp.com\/elregionalvm.com.ar\/noticias-villa-maria\/wp-content\/uploads\/2021\/11\/Blas-soledad-mama.jpg?fit=1200%2C630&ssl=1","keywords":["Blas Correa","C\u00f3digo Penal","desarme","Diputados","Gabriela Brouwer de Koning","Ley Blas","penas","Soledad Laciar"],"articleSection":["destacado","Policiales","Pol\u00edtica"],"inLanguage":"es","potentialAction":[{"@type":"CommentAction","name":"Comment","target":["http:\/\/elregionalvm.com.ar\/noticias-villa-maria\/ley-blas-buscan-endurecer-penas-por-crimenes-cometidos-por-fuerzas-de-seguridad\/#respond"]}]},{"@type":"WebPage","@id":"http:\/\/elregionalvm.com.ar\/noticias-villa-maria\/ley-blas-buscan-endurecer-penas-por-crimenes-cometidos-por-fuerzas-de-seguridad\/","url":"http:\/\/elregionalvm.com.ar\/noticias-villa-maria\/ley-blas-buscan-endurecer-penas-por-crimenes-cometidos-por-fuerzas-de-seguridad\/","name":"Ley Blas: Buscan endurecer penas por cr\u00edmenes cometidos por fuerzas de seguridad - El Regional","isPartOf":{"@id":"http:\/\/elregionalvm.com.ar\/noticias-villa-maria\/#website"},"primaryImageOfPage":{"@id":"http:\/\/elregionalvm.com.ar\/noticias-villa-maria\/ley-blas-buscan-endurecer-penas-por-crimenes-cometidos-por-fuerzas-de-seguridad\/#primaryimage"},"image":{"@id":"http:\/\/elregionalvm.com.ar\/noticias-villa-maria\/ley-blas-buscan-endurecer-penas-por-crimenes-cometidos-por-fuerzas-de-seguridad\/#primaryimage"},"thumbnailUrl":"https:\/\/i0.wp.com\/elregionalvm.com.ar\/noticias-villa-maria\/wp-content\/uploads\/2021\/11\/Blas-soledad-mama.jpg?fit=1200%2C630&ssl=1","datePublished":"2023-05-06T18:08:42+00:00","dateModified":"2023-05-06T18:08:44+00:00","author":{"@id":"http:\/\/elregionalvm.com.ar\/noticias-villa-maria\/#\/schema\/person\/a0fb9c422317faca23d50163151bc354"},"breadcrumb":{"@id":"http:\/\/elregionalvm.com.ar\/noticias-villa-maria\/ley-blas-buscan-endurecer-penas-por-crimenes-cometidos-por-fuerzas-de-seguridad\/#breadcrumb"},"inLanguage":"es","potentialAction":[{"@type":"ReadAction","target":["http:\/\/elregionalvm.com.ar\/noticias-villa-maria\/ley-blas-buscan-endurecer-penas-por-crimenes-cometidos-por-fuerzas-de-seguridad\/"]}]},{"@type":"ImageObject","inLanguage":"es","@id":"http:\/\/elregionalvm.com.ar\/noticias-villa-maria\/ley-blas-buscan-endurecer-penas-por-crimenes-cometidos-por-fuerzas-de-seguridad\/#primaryimage","url":"https:\/\/i0.wp.com\/elregionalvm.com.ar\/noticias-villa-maria\/wp-content\/uploads\/2021\/11\/Blas-soledad-mama.jpg?fit=1200%2C630&ssl=1","contentUrl":"https:\/\/i0.wp.com\/elregionalvm.com.ar\/noticias-villa-maria\/wp-content\/uploads\/2021\/11\/Blas-soledad-mama.jpg?fit=1200%2C630&ssl=1","width":1200,"height":630},{"@type":"BreadcrumbList","@id":"http:\/\/elregionalvm.com.ar\/noticias-villa-maria\/ley-blas-buscan-endurecer-penas-por-crimenes-cometidos-por-fuerzas-de-seguridad\/#breadcrumb","itemListElement":[{"@type":"ListItem","position":1,"name":"Portada","item":"https:\/\/elregionalvm.com.ar\/noticias-villa-maria\/"},{"@type":"ListItem","position":2,"name":"Ley Blas: Buscan endurecer penas por cr\u00edmenes cometidos por fuerzas de seguridad"}]},{"@type":"WebSite","@id":"http:\/\/elregionalvm.com.ar\/noticias-villa-maria\/#website","url":"http:\/\/elregionalvm.com.ar\/noticias-villa-maria\/","name":"El Regional","description":"Mucho m\u00e1s que informaci\u00f3n","potentialAction":[{"@type":"SearchAction","target":{"@type":"EntryPoint","urlTemplate":"http:\/\/elregionalvm.com.ar\/noticias-villa-maria\/?s={search_term_string}"},"query-input":{"@type":"PropertyValueSpecification","valueRequired":true,"valueName":"search_term_string"}}],"inLanguage":"es"},{"@type":"Person","@id":"http:\/\/elregionalvm.com.ar\/noticias-villa-maria\/#\/schema\/person\/a0fb9c422317faca23d50163151bc354","name":"Contenidos El Regional","image":{"@type":"ImageObject","inLanguage":"es","@id":"http:\/\/elregionalvm.com.ar\/noticias-villa-maria\/#\/schema\/person\/image\/","url":"https:\/\/secure.gravatar.com\/avatar\/265b27cb2209af7bb3a1318f03305787d7981a5cc6e6cd08fe5a4ecdf99d4b48?s=96&d=mm&r=g","contentUrl":"https:\/\/secure.gravatar.com\/avatar\/265b27cb2209af7bb3a1318f03305787d7981a5cc6e6cd08fe5a4ecdf99d4b48?s=96&d=mm&r=g","caption":"Contenidos El Regional"},"url":"https:\/\/elregionalvm.com.ar\/noticias-villa-maria\/author\/contenido\/"}]}},"jetpack_featured_media_url":"https:\/\/i0.wp.com\/elregionalvm.com.ar\/noticias-villa-maria\/wp-content\/uploads\/2021\/11\/Blas-soledad-mama.jpg?fit=1200%2C630&ssl=1","jetpack_sharing_enabled":true,"_links":{"self":[{"href":"https:\/\/elregionalvm.com.ar\/noticias-villa-maria\/wp-json\/wp\/v2\/posts\/75962","targetHints":{"allow":["GET"]}}],"collection":[{"href":"https:\/\/elregionalvm.com.ar\/noticias-villa-maria\/wp-json\/wp\/v2\/posts"}],"about":[{"href":"https:\/\/elregionalvm.com.ar\/noticias-villa-maria\/wp-json\/wp\/v2\/types\/post"}],"author":[{"embeddable":true,"href":"https:\/\/elregionalvm.com.ar\/noticias-villa-maria\/wp-json\/wp\/v2\/users\/4"}],"replies":[{"embeddable":true,"href":"https:\/\/elregionalvm.com.ar\/noticias-villa-maria\/wp-json\/wp\/v2\/comments?post=75962"}],"version-history":[{"count":2,"href":"https:\/\/elregionalvm.com.ar\/noticias-villa-maria\/wp-json\/wp\/v2\/posts\/75962\/revisions"}],"predecessor-version":[{"id":75965,"href":"https:\/\/elregionalvm.com.ar\/noticias-villa-maria\/wp-json\/wp\/v2\/posts\/75962\/revisions\/75965"}],"wp:featuredmedia":[{"embeddable":true,"href":"https:\/\/elregionalvm.com.ar\/noticias-villa-maria\/wp-json\/wp\/v2\/media\/47627"}],"wp:attachment":[{"href":"https:\/\/elregionalvm.com.ar\/noticias-villa-maria\/wp-json\/wp\/v2\/media?parent=75962"}],"wp:term":[{"taxonomy":"category","embeddable":true,"href":"https:\/\/elregionalvm.com.ar\/noticias-villa-maria\/wp-json\/wp\/v2\/categories?post=75962"},{"taxonomy":"post_tag","embeddable":true,"href":"https:\/\/elregionalvm.com.ar\/noticias-villa-maria\/wp-json\/wp\/v2\/tags?post=75962"}],"curies":[{"name":"wp","href":"https:\/\/api.w.org\/{rel}","templated":true}]}}