{"id":75966,"date":"2023-05-06T18:19:53","date_gmt":"2023-05-06T18:19:53","guid":{"rendered":"https:\/\/elregionalvm.com.ar\/noticias-villa-maria\/?p=75966"},"modified":"2023-05-06T18:19:55","modified_gmt":"2023-05-06T18:19:55","slug":"accidente-fatal-en-ruta-158-murio-uno-de-los-dos-trabajadores-atropellados-por-un-camion","status":"publish","type":"post","link":"https:\/\/elregionalvm.com.ar\/noticias-villa-maria\/accidente-fatal-en-ruta-158-murio-uno-de-los-dos-trabajadores-atropellados-por-un-camion\/","title":{"rendered":"Accidente fatal en ruta 158: Muri\u00f3 uno de los dos trabajadores atropellados por un cami\u00f3n"},"content":{"rendered":"\n<p><\/p>\n\n\n\n<p>Un hombre de 27 a\u00f1os muri\u00f3 y otro de 43 result\u00f3 con lesiones graves tras ser embestidos por un cami\u00f3n en el kil\u00f3metro 178 de la ruta nacional 158, en cercan\u00edas del cruce con la ruta provincial 2.<\/p>\n\n\n\n<p>Ambos se desempe\u00f1aban como banderilleros en la banquina de la traza nacional cuando sufrieron el impacto de un cami\u00f3n Iveco, modelo 170E22 conducido por un hombre de 32 a\u00f1os de edad.<\/p>\n\n\n\n<p>El accidente se produjo minutos antes de las 10 de la ma\u00f1ana de este s\u00e1bado 6 de mayo.<\/p>\n\n\n\n<p><\/p>\n\n\n\n<figure class=\"wp-block-image size-full\"><img data-recalc-dims=\"1\" fetchpriority=\"high\" decoding=\"async\" width=\"1000\" height=\"597\" src=\"https:\/\/i0.wp.com\/elregionalvm.com.ar\/noticias-villa-maria\/wp-content\/uploads\/2023\/05\/Accidente-fatal-ruta-158-camion-peaton-2.jpg?resize=1000%2C597&#038;ssl=1\" alt=\"\" class=\"wp-image-75968\" srcset=\"https:\/\/i0.wp.com\/elregionalvm.com.ar\/noticias-villa-maria\/wp-content\/uploads\/2023\/05\/Accidente-fatal-ruta-158-camion-peaton-2.jpg?w=1000&amp;ssl=1 1000w, https:\/\/i0.wp.com\/elregionalvm.com.ar\/noticias-villa-maria\/wp-content\/uploads\/2023\/05\/Accidente-fatal-ruta-158-camion-peaton-2.jpg?resize=300%2C179&amp;ssl=1 300w, https:\/\/i0.wp.com\/elregionalvm.com.ar\/noticias-villa-maria\/wp-content\/uploads\/2023\/05\/Accidente-fatal-ruta-158-camion-peaton-2.jpg?resize=768%2C458&amp;ssl=1 768w\" sizes=\"(max-width: 1000px) 100vw, 1000px\" \/><\/figure>\n\n\n\n<p><\/p>\n\n\n\n<p>Personal de Bomberos Voluntarios de Villa Nueva y personal de Emergencia 107 procedi\u00f3 a trasladar a los peatones hasta el Hospital Regional Pasteur.<\/p>\n\n\n\n<p>All\u00ed, el m\u00e9dico constat\u00f3 el deceso del joven de 27 a\u00f1os de edad y le diagnostic\u00f3 lesiones graves al otro peat\u00f3n.<\/p>\n\n\n\n<p>En el lugar del siniestro cooper\u00f3 Polic\u00eda Cient\u00edfica a los fines de realizar pericias, revelamiento del lugar mediante tomas fotogr\u00e1ficas planimetr\u00edas y se procedi\u00f3 a la detenci\u00f3n del conductor por el delito de homicidio culposo y lesiones culposas.<\/p>\n","protected":false},"excerpt":{"rendered":"<p>Un hombre de 27 a\u00f1os muri\u00f3 y otro de 43 result\u00f3 con lesiones graves tras ser embestidos por un cami\u00f3n en el kil\u00f3metro 178 de la ruta nacional 158, en cercan\u00edas del cruce con la ruta provincial 2. Ambos se desempe\u00f1aban como banderilleros en la banquina de la traza nacional cuando sufrieron el impacto de [&hellip;]<\/p>\n","protected":false},"author":4,"featured_media":75969,"comment_status":"open","ping_status":"open","sticky":false,"template":"","format":"standard","meta":{"site-sidebar-layout":"default","site-content-layout":"","ast-site-content-layout":"default","site-content-style":"default","site-sidebar-style":"default","ast-global-header-display":"","ast-banner-title-visibility":"","ast-main-header-display":"","ast-hfb-above-header-display":"","ast-hfb-below-header-display":"","ast-hfb-mobile-header-display":"","site-post-title":"","ast-breadcrumbs-content":"","ast-featured-img":"","footer-sml-layout":"","ast-disable-related-posts":"","theme-transparent-header-meta":"","adv-header-id-meta":"","stick-header-meta":"","header-above-stick-meta":"","header-main-stick-meta":"","header-below-stick-meta":"","astra-migrate-meta-layouts":"default","ast-page-background-enabled":"default","ast-page-background-meta":{"desktop":{"background-color":"","background-image":"","background-repeat":"repeat","background-position":"center center","background-size":"auto","background-attachment":"scroll","background-type":"","background-media":"","overlay-type":"","overlay-color":"","overlay-opacity":"","overlay-gradient":""},"tablet":{"background-color":"","background-image":"","background-repeat":"repeat","background-position":"center center","background-size":"auto","background-attachment":"scroll","background-type":"","background-media":"","overlay-type":"","overlay-color":"","overlay-opacity":"","overlay-gradient":""},"mobile":{"background-color":"","background-image":"","background-repeat":"repeat","background-position":"center center","background-size":"auto","background-attachment":"scroll","background-type":"","background-media":"","overlay-type":"","overlay-color":"","overlay-opacity":"","overlay-gradient":""}},"ast-content-background-meta":{"desktop":{"background-color":"var(--ast-global-color-5)","background-image":"","background-repeat":"repeat","background-position":"center center","background-size":"auto","background-attachment":"scroll","background-type":"","background-media":"","overlay-type":"","overlay-color":"","overlay-opacity":"","overlay-gradient":""},"tablet":{"background-color":"var(--ast-global-color-5)","background-image":"","background-repeat":"repeat","background-position":"center center","background-size":"auto","background-attachment":"scroll","background-type":"","background-media":"","overlay-type":"","overlay-color":"","overlay-opacity":"","overlay-gradient":""},"mobile":{"background-color":"var(--ast-global-color-5)","background-image":"","background-repeat":"repeat","background-position":"center center","background-size":"auto","background-attachment":"scroll","background-type":"","background-media":"","overlay-type":"","overlay-color":"","overlay-opacity":"","overlay-gradient":""}},"_jetpack_memberships_contains_paid_content":false,"_joinchat":[],"footnotes":""},"categories":[15302,2234,1408],"tags":[2210,22226,2709,2305,20661,783,6725],"class_list":["post-75966","post","type-post","status-publish","format-standard","has-post-thumbnail","hentry","category-destacado","category-policiales","category-villa-nueva","tag-accidente-fatal","tag-banderillero","tag-camion","tag-detenido","tag-peaton","tag-ruta-158","tag-ruta-2"],"yoast_head":"<!-- This site is optimized with the Yoast SEO plugin v26.8 - https:\/\/yoast.com\/product\/yoast-seo-wordpress\/ -->\n<title>Accidente fatal en ruta 158: Muri\u00f3 uno de los dos trabajadores atropellados por un cami\u00f3n - El Regional<\/title>\n<meta name=\"robots\" content=\"index, follow, max-snippet:-1, max-image-preview:large, max-video-preview:-1\" \/>\n<link rel=\"canonical\" href=\"http:\/\/elregionalvm.com.ar\/noticias-villa-maria\/accidente-fatal-en-ruta-158-murio-uno-de-los-dos-trabajadores-atropellados-por-un-camion\/\" \/>\n<meta property=\"og:locale\" content=\"es_ES\" \/>\n<meta property=\"og:type\" content=\"article\" \/>\n<meta property=\"og:title\" content=\"Accidente fatal en ruta 158: Muri\u00f3 uno de los dos trabajadores atropellados por un cami\u00f3n - El Regional\" \/>\n<meta property=\"og:description\" content=\"Un hombre de 27 a\u00f1os muri\u00f3 y otro de 43 result\u00f3 con lesiones graves tras ser embestidos por un cami\u00f3n en el kil\u00f3metro 178 de la ruta nacional 158, en cercan\u00edas del cruce con la ruta provincial 2. Ambos se desempe\u00f1aban como banderilleros en la banquina de la traza nacional cuando sufrieron el impacto de [&hellip;]\" \/>\n<meta property=\"og:url\" content=\"http:\/\/elregionalvm.com.ar\/noticias-villa-maria\/accidente-fatal-en-ruta-158-murio-uno-de-los-dos-trabajadores-atropellados-por-un-camion\/\" \/>\n<meta property=\"og:site_name\" content=\"El Regional\" \/>\n<meta property=\"article:publisher\" content=\"https:\/\/www.facebook.com\/elregionalvm\" \/>\n<meta property=\"article:published_time\" content=\"2023-05-06T18:19:53+00:00\" \/>\n<meta property=\"article:modified_time\" content=\"2023-05-06T18:19:55+00:00\" \/>\n<meta property=\"og:image\" content=\"http:\/\/elregionalvm.com.ar\/noticias-villa-maria\/wp-content\/uploads\/2023\/05\/Accidente-ruta-158-peaton-muerto.jpg\" \/>\n\t<meta property=\"og:image:width\" content=\"1000\" \/>\n\t<meta property=\"og:image:height\" content=\"482\" \/>\n\t<meta property=\"og:image:type\" content=\"image\/jpeg\" \/>\n<meta name=\"author\" content=\"Contenidos El Regional\" \/>\n<meta name=\"twitter:card\" content=\"summary_large_image\" \/>\n<meta name=\"twitter:creator\" content=\"@elregionalvm1\" \/>\n<meta name=\"twitter:site\" content=\"@elregionalvm1\" \/>\n<meta name=\"twitter:label1\" content=\"Escrito por\" \/>\n\t<meta name=\"twitter:data1\" content=\"Contenidos El Regional\" \/>\n\t<meta name=\"twitter:label2\" content=\"Tiempo de lectura\" \/>\n\t<meta name=\"twitter:data2\" content=\"1 minuto\" \/>\n<script type=\"application\/ld+json\" class=\"yoast-schema-graph\">{\"@context\":\"https:\/\/schema.org\",\"@graph\":[{\"@type\":\"Article\",\"@id\":\"http:\/\/elregionalvm.com.ar\/noticias-villa-maria\/accidente-fatal-en-ruta-158-murio-uno-de-los-dos-trabajadores-atropellados-por-un-camion\/#article\",\"isPartOf\":{\"@id\":\"http:\/\/elregionalvm.com.ar\/noticias-villa-maria\/accidente-fatal-en-ruta-158-murio-uno-de-los-dos-trabajadores-atropellados-por-un-camion\/\"},\"author\":{\"name\":\"Contenidos El Regional\",\"@id\":\"http:\/\/elregionalvm.com.ar\/noticias-villa-maria\/#\/schema\/person\/a0fb9c422317faca23d50163151bc354\"},\"headline\":\"Accidente fatal en ruta 158: Muri\u00f3 uno de los dos trabajadores atropellados por un cami\u00f3n\",\"datePublished\":\"2023-05-06T18:19:53+00:00\",\"dateModified\":\"2023-05-06T18:19:55+00:00\",\"mainEntityOfPage\":{\"@id\":\"http:\/\/elregionalvm.com.ar\/noticias-villa-maria\/accidente-fatal-en-ruta-158-murio-uno-de-los-dos-trabajadores-atropellados-por-un-camion\/\"},\"wordCount\":191,\"commentCount\":0,\"image\":{\"@id\":\"http:\/\/elregionalvm.com.ar\/noticias-villa-maria\/accidente-fatal-en-ruta-158-murio-uno-de-los-dos-trabajadores-atropellados-por-un-camion\/#primaryimage\"},\"thumbnailUrl\":\"https:\/\/i0.wp.com\/elregionalvm.com.ar\/noticias-villa-maria\/wp-content\/uploads\/2023\/05\/Accidente-ruta-158-peaton-muerto.jpg?fit=1000%2C482&ssl=1\",\"keywords\":[\"accidente fatal\",\"banderillero\",\"cami\u00f3n\",\"detenido\",\"peat\u00f3n\",\"Ruta 158\",\"Ruta 2\"],\"articleSection\":[\"destacado\",\"Policiales\",\"Villa Nueva\"],\"inLanguage\":\"es\",\"potentialAction\":[{\"@type\":\"CommentAction\",\"name\":\"Comment\",\"target\":[\"http:\/\/elregionalvm.com.ar\/noticias-villa-maria\/accidente-fatal-en-ruta-158-murio-uno-de-los-dos-trabajadores-atropellados-por-un-camion\/#respond\"]}]},{\"@type\":\"WebPage\",\"@id\":\"http:\/\/elregionalvm.com.ar\/noticias-villa-maria\/accidente-fatal-en-ruta-158-murio-uno-de-los-dos-trabajadores-atropellados-por-un-camion\/\",\"url\":\"http:\/\/elregionalvm.com.ar\/noticias-villa-maria\/accidente-fatal-en-ruta-158-murio-uno-de-los-dos-trabajadores-atropellados-por-un-camion\/\",\"name\":\"Accidente fatal en ruta 158: Muri\u00f3 uno de los dos trabajadores atropellados por un cami\u00f3n - El Regional\",\"isPartOf\":{\"@id\":\"http:\/\/elregionalvm.com.ar\/noticias-villa-maria\/#website\"},\"primaryImageOfPage\":{\"@id\":\"http:\/\/elregionalvm.com.ar\/noticias-villa-maria\/accidente-fatal-en-ruta-158-murio-uno-de-los-dos-trabajadores-atropellados-por-un-camion\/#primaryimage\"},\"image\":{\"@id\":\"http:\/\/elregionalvm.com.ar\/noticias-villa-maria\/accidente-fatal-en-ruta-158-murio-uno-de-los-dos-trabajadores-atropellados-por-un-camion\/#primaryimage\"},\"thumbnailUrl\":\"https:\/\/i0.wp.com\/elregionalvm.com.ar\/noticias-villa-maria\/wp-content\/uploads\/2023\/05\/Accidente-ruta-158-peaton-muerto.jpg?fit=1000%2C482&ssl=1\",\"datePublished\":\"2023-05-06T18:19:53+00:00\",\"dateModified\":\"2023-05-06T18:19:55+00:00\",\"author\":{\"@id\":\"http:\/\/elregionalvm.com.ar\/noticias-villa-maria\/#\/schema\/person\/a0fb9c422317faca23d50163151bc354\"},\"breadcrumb\":{\"@id\":\"http:\/\/elregionalvm.com.ar\/noticias-villa-maria\/accidente-fatal-en-ruta-158-murio-uno-de-los-dos-trabajadores-atropellados-por-un-camion\/#breadcrumb\"},\"inLanguage\":\"es\",\"potentialAction\":[{\"@type\":\"ReadAction\",\"target\":[\"http:\/\/elregionalvm.com.ar\/noticias-villa-maria\/accidente-fatal-en-ruta-158-murio-uno-de-los-dos-trabajadores-atropellados-por-un-camion\/\"]}]},{\"@type\":\"ImageObject\",\"inLanguage\":\"es\",\"@id\":\"http:\/\/elregionalvm.com.ar\/noticias-villa-maria\/accidente-fatal-en-ruta-158-murio-uno-de-los-dos-trabajadores-atropellados-por-un-camion\/#primaryimage\",\"url\":\"https:\/\/i0.wp.com\/elregionalvm.com.ar\/noticias-villa-maria\/wp-content\/uploads\/2023\/05\/Accidente-ruta-158-peaton-muerto.jpg?fit=1000%2C482&ssl=1\",\"contentUrl\":\"https:\/\/i0.wp.com\/elregionalvm.com.ar\/noticias-villa-maria\/wp-content\/uploads\/2023\/05\/Accidente-ruta-158-peaton-muerto.jpg?fit=1000%2C482&ssl=1\",\"width\":1000,\"height\":482},{\"@type\":\"BreadcrumbList\",\"@id\":\"http:\/\/elregionalvm.com.ar\/noticias-villa-maria\/accidente-fatal-en-ruta-158-murio-uno-de-los-dos-trabajadores-atropellados-por-un-camion\/#breadcrumb\",\"itemListElement\":[{\"@type\":\"ListItem\",\"position\":1,\"name\":\"Portada\",\"item\":\"https:\/\/elregionalvm.com.ar\/noticias-villa-maria\/\"},{\"@type\":\"ListItem\",\"position\":2,\"name\":\"Accidente fatal en ruta 158: Muri\u00f3 uno de los dos trabajadores atropellados por un cami\u00f3n\"}]},{\"@type\":\"WebSite\",\"@id\":\"http:\/\/elregionalvm.com.ar\/noticias-villa-maria\/#website\",\"url\":\"http:\/\/elregionalvm.com.ar\/noticias-villa-maria\/\",\"name\":\"El Regional\",\"description\":\"Mucho m\u00e1s que informaci\u00f3n\",\"potentialAction\":[{\"@type\":\"SearchAction\",\"target\":{\"@type\":\"EntryPoint\",\"urlTemplate\":\"http:\/\/elregionalvm.com.ar\/noticias-villa-maria\/?s={search_term_string}\"},\"query-input\":{\"@type\":\"PropertyValueSpecification\",\"valueRequired\":true,\"valueName\":\"search_term_string\"}}],\"inLanguage\":\"es\"},{\"@type\":\"Person\",\"@id\":\"http:\/\/elregionalvm.com.ar\/noticias-villa-maria\/#\/schema\/person\/a0fb9c422317faca23d50163151bc354\",\"name\":\"Contenidos El Regional\",\"image\":{\"@type\":\"ImageObject\",\"inLanguage\":\"es\",\"@id\":\"http:\/\/elregionalvm.com.ar\/noticias-villa-maria\/#\/schema\/person\/image\/\",\"url\":\"https:\/\/secure.gravatar.com\/avatar\/265b27cb2209af7bb3a1318f03305787d7981a5cc6e6cd08fe5a4ecdf99d4b48?s=96&d=mm&r=g\",\"contentUrl\":\"https:\/\/secure.gravatar.com\/avatar\/265b27cb2209af7bb3a1318f03305787d7981a5cc6e6cd08fe5a4ecdf99d4b48?s=96&d=mm&r=g\",\"caption\":\"Contenidos El Regional\"},\"url\":\"https:\/\/elregionalvm.com.ar\/noticias-villa-maria\/author\/contenido\/\"}]}<\/script>\n<!-- \/ Yoast SEO plugin. -->","yoast_head_json":{"title":"Accidente fatal en ruta 158: Muri\u00f3 uno de los dos trabajadores atropellados por un cami\u00f3n - El Regional","robots":{"index":"index","follow":"follow","max-snippet":"max-snippet:-1","max-image-preview":"max-image-preview:large","max-video-preview":"max-video-preview:-1"},"canonical":"http:\/\/elregionalvm.com.ar\/noticias-villa-maria\/accidente-fatal-en-ruta-158-murio-uno-de-los-dos-trabajadores-atropellados-por-un-camion\/","og_locale":"es_ES","og_type":"article","og_title":"Accidente fatal en ruta 158: Muri\u00f3 uno de los dos trabajadores atropellados por un cami\u00f3n - El Regional","og_description":"Un hombre de 27 a\u00f1os muri\u00f3 y otro de 43 result\u00f3 con lesiones graves tras ser embestidos por un cami\u00f3n en el kil\u00f3metro 178 de la ruta nacional 158, en cercan\u00edas del cruce con la ruta provincial 2. Ambos se desempe\u00f1aban como banderilleros en la banquina de la traza nacional cuando sufrieron el impacto de [&hellip;]","og_url":"http:\/\/elregionalvm.com.ar\/noticias-villa-maria\/accidente-fatal-en-ruta-158-murio-uno-de-los-dos-trabajadores-atropellados-por-un-camion\/","og_site_name":"El Regional","article_publisher":"https:\/\/www.facebook.com\/elregionalvm","article_published_time":"2023-05-06T18:19:53+00:00","article_modified_time":"2023-05-06T18:19:55+00:00","og_image":[{"width":1000,"height":482,"url":"http:\/\/elregionalvm.com.ar\/noticias-villa-maria\/wp-content\/uploads\/2023\/05\/Accidente-ruta-158-peaton-muerto.jpg","type":"image\/jpeg"}],"author":"Contenidos El Regional","twitter_card":"summary_large_image","twitter_creator":"@elregionalvm1","twitter_site":"@elregionalvm1","twitter_misc":{"Escrito por":"Contenidos El Regional","Tiempo de lectura":"1 minuto"},"schema":{"@context":"https:\/\/schema.org","@graph":[{"@type":"Article","@id":"http:\/\/elregionalvm.com.ar\/noticias-villa-maria\/accidente-fatal-en-ruta-158-murio-uno-de-los-dos-trabajadores-atropellados-por-un-camion\/#article","isPartOf":{"@id":"http:\/\/elregionalvm.com.ar\/noticias-villa-maria\/accidente-fatal-en-ruta-158-murio-uno-de-los-dos-trabajadores-atropellados-por-un-camion\/"},"author":{"name":"Contenidos El Regional","@id":"http:\/\/elregionalvm.com.ar\/noticias-villa-maria\/#\/schema\/person\/a0fb9c422317faca23d50163151bc354"},"headline":"Accidente fatal en ruta 158: Muri\u00f3 uno de los dos trabajadores atropellados por un cami\u00f3n","datePublished":"2023-05-06T18:19:53+00:00","dateModified":"2023-05-06T18:19:55+00:00","mainEntityOfPage":{"@id":"http:\/\/elregionalvm.com.ar\/noticias-villa-maria\/accidente-fatal-en-ruta-158-murio-uno-de-los-dos-trabajadores-atropellados-por-un-camion\/"},"wordCount":191,"commentCount":0,"image":{"@id":"http:\/\/elregionalvm.com.ar\/noticias-villa-maria\/accidente-fatal-en-ruta-158-murio-uno-de-los-dos-trabajadores-atropellados-por-un-camion\/#primaryimage"},"thumbnailUrl":"https:\/\/i0.wp.com\/elregionalvm.com.ar\/noticias-villa-maria\/wp-content\/uploads\/2023\/05\/Accidente-ruta-158-peaton-muerto.jpg?fit=1000%2C482&ssl=1","keywords":["accidente fatal","banderillero","cami\u00f3n","detenido","peat\u00f3n","Ruta 158","Ruta 2"],"articleSection":["destacado","Policiales","Villa Nueva"],"inLanguage":"es","potentialAction":[{"@type":"CommentAction","name":"Comment","target":["http:\/\/elregionalvm.com.ar\/noticias-villa-maria\/accidente-fatal-en-ruta-158-murio-uno-de-los-dos-trabajadores-atropellados-por-un-camion\/#respond"]}]},{"@type":"WebPage","@id":"http:\/\/elregionalvm.com.ar\/noticias-villa-maria\/accidente-fatal-en-ruta-158-murio-uno-de-los-dos-trabajadores-atropellados-por-un-camion\/","url":"http:\/\/elregionalvm.com.ar\/noticias-villa-maria\/accidente-fatal-en-ruta-158-murio-uno-de-los-dos-trabajadores-atropellados-por-un-camion\/","name":"Accidente fatal en ruta 158: Muri\u00f3 uno de los dos trabajadores atropellados por un cami\u00f3n - El Regional","isPartOf":{"@id":"http:\/\/elregionalvm.com.ar\/noticias-villa-maria\/#website"},"primaryImageOfPage":{"@id":"http:\/\/elregionalvm.com.ar\/noticias-villa-maria\/accidente-fatal-en-ruta-158-murio-uno-de-los-dos-trabajadores-atropellados-por-un-camion\/#primaryimage"},"image":{"@id":"http:\/\/elregionalvm.com.ar\/noticias-villa-maria\/accidente-fatal-en-ruta-158-murio-uno-de-los-dos-trabajadores-atropellados-por-un-camion\/#primaryimage"},"thumbnailUrl":"https:\/\/i0.wp.com\/elregionalvm.com.ar\/noticias-villa-maria\/wp-content\/uploads\/2023\/05\/Accidente-ruta-158-peaton-muerto.jpg?fit=1000%2C482&ssl=1","datePublished":"2023-05-06T18:19:53+00:00","dateModified":"2023-05-06T18:19:55+00:00","author":{"@id":"http:\/\/elregionalvm.com.ar\/noticias-villa-maria\/#\/schema\/person\/a0fb9c422317faca23d50163151bc354"},"breadcrumb":{"@id":"http:\/\/elregionalvm.com.ar\/noticias-villa-maria\/accidente-fatal-en-ruta-158-murio-uno-de-los-dos-trabajadores-atropellados-por-un-camion\/#breadcrumb"},"inLanguage":"es","potentialAction":[{"@type":"ReadAction","target":["http:\/\/elregionalvm.com.ar\/noticias-villa-maria\/accidente-fatal-en-ruta-158-murio-uno-de-los-dos-trabajadores-atropellados-por-un-camion\/"]}]},{"@type":"ImageObject","inLanguage":"es","@id":"http:\/\/elregionalvm.com.ar\/noticias-villa-maria\/accidente-fatal-en-ruta-158-murio-uno-de-los-dos-trabajadores-atropellados-por-un-camion\/#primaryimage","url":"https:\/\/i0.wp.com\/elregionalvm.com.ar\/noticias-villa-maria\/wp-content\/uploads\/2023\/05\/Accidente-ruta-158-peaton-muerto.jpg?fit=1000%2C482&ssl=1","contentUrl":"https:\/\/i0.wp.com\/elregionalvm.com.ar\/noticias-villa-maria\/wp-content\/uploads\/2023\/05\/Accidente-ruta-158-peaton-muerto.jpg?fit=1000%2C482&ssl=1","width":1000,"height":482},{"@type":"BreadcrumbList","@id":"http:\/\/elregionalvm.com.ar\/noticias-villa-maria\/accidente-fatal-en-ruta-158-murio-uno-de-los-dos-trabajadores-atropellados-por-un-camion\/#breadcrumb","itemListElement":[{"@type":"ListItem","position":1,"name":"Portada","item":"https:\/\/elregionalvm.com.ar\/noticias-villa-maria\/"},{"@type":"ListItem","position":2,"name":"Accidente fatal en ruta 158: Muri\u00f3 uno de los dos trabajadores atropellados por un cami\u00f3n"}]},{"@type":"WebSite","@id":"http:\/\/elregionalvm.com.ar\/noticias-villa-maria\/#website","url":"http:\/\/elregionalvm.com.ar\/noticias-villa-maria\/","name":"El Regional","description":"Mucho m\u00e1s que informaci\u00f3n","potentialAction":[{"@type":"SearchAction","target":{"@type":"EntryPoint","urlTemplate":"http:\/\/elregionalvm.com.ar\/noticias-villa-maria\/?s={search_term_string}"},"query-input":{"@type":"PropertyValueSpecification","valueRequired":true,"valueName":"search_term_string"}}],"inLanguage":"es"},{"@type":"Person","@id":"http:\/\/elregionalvm.com.ar\/noticias-villa-maria\/#\/schema\/person\/a0fb9c422317faca23d50163151bc354","name":"Contenidos El Regional","image":{"@type":"ImageObject","inLanguage":"es","@id":"http:\/\/elregionalvm.com.ar\/noticias-villa-maria\/#\/schema\/person\/image\/","url":"https:\/\/secure.gravatar.com\/avatar\/265b27cb2209af7bb3a1318f03305787d7981a5cc6e6cd08fe5a4ecdf99d4b48?s=96&d=mm&r=g","contentUrl":"https:\/\/secure.gravatar.com\/avatar\/265b27cb2209af7bb3a1318f03305787d7981a5cc6e6cd08fe5a4ecdf99d4b48?s=96&d=mm&r=g","caption":"Contenidos El Regional"},"url":"https:\/\/elregionalvm.com.ar\/noticias-villa-maria\/author\/contenido\/"}]}},"jetpack_featured_media_url":"https:\/\/i0.wp.com\/elregionalvm.com.ar\/noticias-villa-maria\/wp-content\/uploads\/2023\/05\/Accidente-ruta-158-peaton-muerto.jpg?fit=1000%2C482&ssl=1","jetpack_sharing_enabled":true,"_links":{"self":[{"href":"https:\/\/elregionalvm.com.ar\/noticias-villa-maria\/wp-json\/wp\/v2\/posts\/75966","targetHints":{"allow":["GET"]}}],"collection":[{"href":"https:\/\/elregionalvm.com.ar\/noticias-villa-maria\/wp-json\/wp\/v2\/posts"}],"about":[{"href":"https:\/\/elregionalvm.com.ar\/noticias-villa-maria\/wp-json\/wp\/v2\/types\/post"}],"author":[{"embeddable":true,"href":"https:\/\/elregionalvm.com.ar\/noticias-villa-maria\/wp-json\/wp\/v2\/users\/4"}],"replies":[{"embeddable":true,"href":"https:\/\/elregionalvm.com.ar\/noticias-villa-maria\/wp-json\/wp\/v2\/comments?post=75966"}],"version-history":[{"count":2,"href":"https:\/\/elregionalvm.com.ar\/noticias-villa-maria\/wp-json\/wp\/v2\/posts\/75966\/revisions"}],"predecessor-version":[{"id":75971,"href":"https:\/\/elregionalvm.com.ar\/noticias-villa-maria\/wp-json\/wp\/v2\/posts\/75966\/revisions\/75971"}],"wp:featuredmedia":[{"embeddable":true,"href":"https:\/\/elregionalvm.com.ar\/noticias-villa-maria\/wp-json\/wp\/v2\/media\/75969"}],"wp:attachment":[{"href":"https:\/\/elregionalvm.com.ar\/noticias-villa-maria\/wp-json\/wp\/v2\/media?parent=75966"}],"wp:term":[{"taxonomy":"category","embeddable":true,"href":"https:\/\/elregionalvm.com.ar\/noticias-villa-maria\/wp-json\/wp\/v2\/categories?post=75966"},{"taxonomy":"post_tag","embeddable":true,"href":"https:\/\/elregionalvm.com.ar\/noticias-villa-maria\/wp-json\/wp\/v2\/tags?post=75966"}],"curies":[{"name":"wp","href":"https:\/\/api.w.org\/{rel}","templated":true}]}}