{"id":75976,"date":"2023-05-06T21:12:34","date_gmt":"2023-05-06T21:12:34","guid":{"rendered":"https:\/\/elregionalvm.com.ar\/noticias-villa-maria\/?p=75976"},"modified":"2023-05-06T21:59:02","modified_gmt":"2023-05-06T21:59:02","slug":"ninos-y-ninas-del-jardin-municipal-ninina-tais-de-arpon-celebraron-el-16o-aniversario-de-la-institucion-educativa","status":"publish","type":"post","link":"https:\/\/elregionalvm.com.ar\/noticias-villa-maria\/ninos-y-ninas-del-jardin-municipal-ninina-tais-de-arpon-celebraron-el-16o-aniversario-de-la-institucion-educativa\/","title":{"rendered":"Ni\u00f1os y ni\u00f1as del jard\u00edn municipal Ninina Tais de Arp\u00f3n celebraron el 16\u00ba aniversario de la instituci\u00f3n educativa"},"content":{"rendered":"\n<p>Un clima muy emotivo se vivi\u00f3 en el Centro de Promoci\u00f3n Familiar Ninina Tais de Arp\u00f3n, con motivo de celebrar un nuevo a\u00f1o desde su creaci\u00f3n. <\/p>\n\n\n\n<p>El intendente Mart\u00edn Gill, junto al secretario de Educaci\u00f3n, Cultura y Promoci\u00f3n de la Ciencia, Rafael Sachetto, acompa\u00f1aron a ni\u00f1os y familiares en un festejo que emocion\u00f3 a grandes y alegr\u00f3 a los m\u00e1s peque\u00f1os, que hace mas de una d\u00e9cada cuentan con un espacio de educaci\u00f3n para la primera infancia.<\/p>\n\n\n\n<figure class=\"wp-block-image size-large\"><img data-recalc-dims=\"1\" fetchpriority=\"high\" decoding=\"async\" width=\"1024\" height=\"681\" src=\"https:\/\/i0.wp.com\/elregionalvm.com.ar\/noticias-villa-maria\/wp-content\/uploads\/2023\/05\/WhatsApp-Image-2023-05-06-at-11.17.30.jpeg?resize=1024%2C681&#038;ssl=1\" alt=\"\" class=\"wp-image-75979\" srcset=\"https:\/\/i0.wp.com\/elregionalvm.com.ar\/noticias-villa-maria\/wp-content\/uploads\/2023\/05\/WhatsApp-Image-2023-05-06-at-11.17.30.jpeg?resize=1024%2C681&amp;ssl=1 1024w, https:\/\/i0.wp.com\/elregionalvm.com.ar\/noticias-villa-maria\/wp-content\/uploads\/2023\/05\/WhatsApp-Image-2023-05-06-at-11.17.30.jpeg?resize=300%2C200&amp;ssl=1 300w, https:\/\/i0.wp.com\/elregionalvm.com.ar\/noticias-villa-maria\/wp-content\/uploads\/2023\/05\/WhatsApp-Image-2023-05-06-at-11.17.30.jpeg?resize=768%2C511&amp;ssl=1 768w, https:\/\/i0.wp.com\/elregionalvm.com.ar\/noticias-villa-maria\/wp-content\/uploads\/2023\/05\/WhatsApp-Image-2023-05-06-at-11.17.30.jpeg?resize=1536%2C1021&amp;ssl=1 1536w, https:\/\/i0.wp.com\/elregionalvm.com.ar\/noticias-villa-maria\/wp-content\/uploads\/2023\/05\/WhatsApp-Image-2023-05-06-at-11.17.30.jpeg?w=1600&amp;ssl=1 1600w\" sizes=\"(max-width: 1000px) 100vw, 1000px\" \/><\/figure>\n\n\n\n<p>Aunque el sol se perdi\u00f3 la celebraci\u00f3n, la calidez del festejo alcanz\u00f3 a todos los presentes para disfrutar de un hermoso momento. <\/p>\n\n\n\n<p>Todo comenz\u00f3 con una presentaci\u00f3n art\u00edstica donde los ni\u00f1os y ni\u00f1as del centro educativo de barrio San Nicol\u00e1s se disfrazaron de animalitos de la selva, en alusi\u00f3n a los nombres que llevan cada una de las salas del jard\u00edn. <\/p>\n\n\n\n<figure class=\"wp-block-image size-large\"><img data-recalc-dims=\"1\" decoding=\"async\" width=\"1024\" height=\"681\" src=\"https:\/\/i0.wp.com\/elregionalvm.com.ar\/noticias-villa-maria\/wp-content\/uploads\/2023\/05\/WhatsApp-Image-2023-05-06-at-11.17.31.jpeg?resize=1024%2C681&#038;ssl=1\" alt=\"\" class=\"wp-image-75978\" srcset=\"https:\/\/i0.wp.com\/elregionalvm.com.ar\/noticias-villa-maria\/wp-content\/uploads\/2023\/05\/WhatsApp-Image-2023-05-06-at-11.17.31.jpeg?resize=1024%2C681&amp;ssl=1 1024w, https:\/\/i0.wp.com\/elregionalvm.com.ar\/noticias-villa-maria\/wp-content\/uploads\/2023\/05\/WhatsApp-Image-2023-05-06-at-11.17.31.jpeg?resize=300%2C200&amp;ssl=1 300w, https:\/\/i0.wp.com\/elregionalvm.com.ar\/noticias-villa-maria\/wp-content\/uploads\/2023\/05\/WhatsApp-Image-2023-05-06-at-11.17.31.jpeg?resize=768%2C511&amp;ssl=1 768w, https:\/\/i0.wp.com\/elregionalvm.com.ar\/noticias-villa-maria\/wp-content\/uploads\/2023\/05\/WhatsApp-Image-2023-05-06-at-11.17.31.jpeg?resize=1536%2C1021&amp;ssl=1 1536w, https:\/\/i0.wp.com\/elregionalvm.com.ar\/noticias-villa-maria\/wp-content\/uploads\/2023\/05\/WhatsApp-Image-2023-05-06-at-11.17.31.jpeg?w=1600&amp;ssl=1 1600w\" sizes=\"(max-width: 1000px) 100vw, 1000px\" \/><\/figure>\n\n\n\n<p>Padres, abuelos, t\u00edos, y todos los presentes se emocionaron de principio a fin, tanto por la interpretaci\u00f3n como tambi\u00e9n por contar con un lugar donde los peque\u00f1os reciben contenci\u00f3n, acompa\u00f1amiento y educaci\u00f3n, desde los 45 d\u00edas hasta los tres a\u00f1os. <\/p>\n\n\n\n<p>Luego se continu\u00f3 con la cl\u00e1sica torta de cumplea\u00f1os que se reparti\u00f3 entre los presentes, tras soplar las velitas.<\/p>\n\n\n\n<p>Acompa\u00f1ando los festejos, el mandatario local brind\u00f3 unas palabras en referencia a la importancia y trayectoria del CPF ubicado en barrio San Nicol\u00e1s: \u201cEste cumplea\u00f1os es mucho m\u00e1s que un n\u00famero, significan 16 a\u00f1os de presencia en la educaci\u00f3n inicial en el barrio, ya que la pol\u00edtica educativa es una insignia en nuestra ciudad, que implica mucho esfuerzo y recursos municipales que permitieron incorporarla en clave de derecho\u201d.<\/p>\n\n\n\n<figure class=\"wp-block-image size-large\"><img data-recalc-dims=\"1\" decoding=\"async\" width=\"1024\" height=\"681\" src=\"https:\/\/i0.wp.com\/elregionalvm.com.ar\/noticias-villa-maria\/wp-content\/uploads\/2023\/05\/WhatsApp-Image-2023-05-06-at-11.17.31-1.jpeg?resize=1024%2C681&#038;ssl=1\" alt=\"\" class=\"wp-image-75977\" srcset=\"https:\/\/i0.wp.com\/elregionalvm.com.ar\/noticias-villa-maria\/wp-content\/uploads\/2023\/05\/WhatsApp-Image-2023-05-06-at-11.17.31-1.jpeg?resize=1024%2C681&amp;ssl=1 1024w, https:\/\/i0.wp.com\/elregionalvm.com.ar\/noticias-villa-maria\/wp-content\/uploads\/2023\/05\/WhatsApp-Image-2023-05-06-at-11.17.31-1.jpeg?resize=300%2C200&amp;ssl=1 300w, https:\/\/i0.wp.com\/elregionalvm.com.ar\/noticias-villa-maria\/wp-content\/uploads\/2023\/05\/WhatsApp-Image-2023-05-06-at-11.17.31-1.jpeg?resize=768%2C511&amp;ssl=1 768w, https:\/\/i0.wp.com\/elregionalvm.com.ar\/noticias-villa-maria\/wp-content\/uploads\/2023\/05\/WhatsApp-Image-2023-05-06-at-11.17.31-1.jpeg?resize=1536%2C1021&amp;ssl=1 1536w, https:\/\/i0.wp.com\/elregionalvm.com.ar\/noticias-villa-maria\/wp-content\/uploads\/2023\/05\/WhatsApp-Image-2023-05-06-at-11.17.31-1.jpeg?w=1600&amp;ssl=1 1600w\" sizes=\"(max-width: 1000px) 100vw, 1000px\" \/><\/figure>\n\n\n\n<p>Adem\u00e1s, enfatiz\u00f3 en que estos espacios son \u201cmucho m\u00e1s que una guarder\u00eda\u201d, ya que la din\u00e1mica de abordaje se construye en torno a la idea de generar \u201cun lugar de promoci\u00f3n y aprendizaje, en comunidad y en familia\u201d.<\/p>\n\n\n\n<p>En cuanto al establecimiento para la primera infancia, cuenta con tres salas en turno ma\u00f1ana, las cuales albergan a 60 ni\u00f1os de 45 d\u00edas a tres a\u00f1os, quienes est\u00e1n bajo el permanente cuidado y coordinaci\u00f3n de las maestras y auxiliares. <\/p>\n\n\n\n<p>Participaron de la celebraci\u00f3n, la subsecretaria de Educaci\u00f3n Inicial, Mariela Paj\u00f3n, junto a docentes, coordinadores y familiares de los peque\u00f1os.<\/p>\n","protected":false},"excerpt":{"rendered":"<p>Un clima muy emotivo se vivi\u00f3 en el Centro de Promoci\u00f3n Familiar Ninina Tais de Arp\u00f3n, con motivo de celebrar un nuevo a\u00f1o desde su creaci\u00f3n. El intendente Mart\u00edn Gill, junto al secretario de Educaci\u00f3n, Cultura y Promoci\u00f3n de la Ciencia, Rafael Sachetto, acompa\u00f1aron a ni\u00f1os y familiares en un festejo que emocion\u00f3 a grandes [&hellip;]<\/p>\n","protected":false},"author":4,"featured_media":75980,"comment_status":"open","ping_status":"open","sticky":false,"template":"","format":"standard","meta":{"site-sidebar-layout":"default","site-content-layout":"","ast-site-content-layout":"default","site-content-style":"default","site-sidebar-style":"default","ast-global-header-display":"","ast-banner-title-visibility":"","ast-main-header-display":"","ast-hfb-above-header-display":"","ast-hfb-below-header-display":"","ast-hfb-mobile-header-display":"","site-post-title":"","ast-breadcrumbs-content":"","ast-featured-img":"","footer-sml-layout":"","ast-disable-related-posts":"","theme-transparent-header-meta":"","adv-header-id-meta":"","stick-header-meta":"","header-above-stick-meta":"","header-main-stick-meta":"","header-below-stick-meta":"","astra-migrate-meta-layouts":"default","ast-page-background-enabled":"default","ast-page-background-meta":{"desktop":{"background-color":"","background-image":"","background-repeat":"repeat","background-position":"center center","background-size":"auto","background-attachment":"scroll","background-type":"","background-media":"","overlay-type":"","overlay-color":"","overlay-opacity":"","overlay-gradient":""},"tablet":{"background-color":"","background-image":"","background-repeat":"repeat","background-position":"center center","background-size":"auto","background-attachment":"scroll","background-type":"","background-media":"","overlay-type":"","overlay-color":"","overlay-opacity":"","overlay-gradient":""},"mobile":{"background-color":"","background-image":"","background-repeat":"repeat","background-position":"center center","background-size":"auto","background-attachment":"scroll","background-type":"","background-media":"","overlay-type":"","overlay-color":"","overlay-opacity":"","overlay-gradient":""}},"ast-content-background-meta":{"desktop":{"background-color":"var(--ast-global-color-5)","background-image":"","background-repeat":"repeat","background-position":"center center","background-size":"auto","background-attachment":"scroll","background-type":"","background-media":"","overlay-type":"","overlay-color":"","overlay-opacity":"","overlay-gradient":""},"tablet":{"background-color":"var(--ast-global-color-5)","background-image":"","background-repeat":"repeat","background-position":"center center","background-size":"auto","background-attachment":"scroll","background-type":"","background-media":"","overlay-type":"","overlay-color":"","overlay-opacity":"","overlay-gradient":""},"mobile":{"background-color":"var(--ast-global-color-5)","background-image":"","background-repeat":"repeat","background-position":"center center","background-size":"auto","background-attachment":"scroll","background-type":"","background-media":"","overlay-type":"","overlay-color":"","overlay-opacity":"","overlay-gradient":""}},"_jetpack_memberships_contains_paid_content":false,"_joinchat":[],"footnotes":""},"categories":[5,2],"tags":[],"class_list":["post-75976","post","type-post","status-publish","format-standard","has-post-thumbnail","hentry","category-sociedad","category-villa-maria"],"yoast_head":"<!-- This site is optimized with the Yoast SEO plugin v26.8 - https:\/\/yoast.com\/product\/yoast-seo-wordpress\/ -->\n<title>Ni\u00f1os y ni\u00f1as del jard\u00edn municipal Ninina Tais de Arp\u00f3n celebraron el 16\u00ba aniversario de la instituci\u00f3n educativa - El Regional<\/title>\n<meta name=\"robots\" content=\"index, follow, max-snippet:-1, max-image-preview:large, max-video-preview:-1\" \/>\n<link rel=\"canonical\" href=\"http:\/\/elregionalvm.com.ar\/noticias-villa-maria\/ninos-y-ninas-del-jardin-municipal-ninina-tais-de-arpon-celebraron-el-16o-aniversario-de-la-institucion-educativa\/\" \/>\n<meta property=\"og:locale\" content=\"es_ES\" \/>\n<meta property=\"og:type\" content=\"article\" \/>\n<meta property=\"og:title\" content=\"Ni\u00f1os y ni\u00f1as del jard\u00edn municipal Ninina Tais de Arp\u00f3n celebraron el 16\u00ba aniversario de la instituci\u00f3n educativa - El Regional\" \/>\n<meta property=\"og:description\" content=\"Un clima muy emotivo se vivi\u00f3 en el Centro de Promoci\u00f3n Familiar Ninina Tais de Arp\u00f3n, con motivo de celebrar un nuevo a\u00f1o desde su creaci\u00f3n. El intendente Mart\u00edn Gill, junto al secretario de Educaci\u00f3n, Cultura y Promoci\u00f3n de la Ciencia, Rafael Sachetto, acompa\u00f1aron a ni\u00f1os y familiares en un festejo que emocion\u00f3 a grandes [&hellip;]\" \/>\n<meta property=\"og:url\" content=\"http:\/\/elregionalvm.com.ar\/noticias-villa-maria\/ninos-y-ninas-del-jardin-municipal-ninina-tais-de-arpon-celebraron-el-16o-aniversario-de-la-institucion-educativa\/\" \/>\n<meta property=\"og:site_name\" content=\"El Regional\" \/>\n<meta property=\"article:publisher\" content=\"https:\/\/www.facebook.com\/elregionalvm\" \/>\n<meta property=\"article:published_time\" content=\"2023-05-06T21:12:34+00:00\" \/>\n<meta property=\"article:modified_time\" content=\"2023-05-06T21:59:02+00:00\" \/>\n<meta property=\"og:image\" content=\"http:\/\/elregionalvm.com.ar\/noticias-villa-maria\/wp-content\/uploads\/2023\/05\/WhatsApp-Image-2023-05-06-at-11.17.15.jpeg\" \/>\n\t<meta property=\"og:image:width\" content=\"1600\" \/>\n\t<meta property=\"og:image:height\" content=\"721\" \/>\n\t<meta property=\"og:image:type\" content=\"image\/jpeg\" \/>\n<meta name=\"author\" content=\"Contenidos El Regional\" \/>\n<meta name=\"twitter:card\" content=\"summary_large_image\" \/>\n<meta name=\"twitter:creator\" content=\"@elregionalvm1\" \/>\n<meta name=\"twitter:site\" content=\"@elregionalvm1\" \/>\n<meta name=\"twitter:label1\" content=\"Escrito por\" \/>\n\t<meta name=\"twitter:data1\" content=\"Contenidos El Regional\" \/>\n\t<meta name=\"twitter:label2\" content=\"Tiempo de lectura\" \/>\n\t<meta name=\"twitter:data2\" content=\"3 minutos\" \/>\n<script type=\"application\/ld+json\" class=\"yoast-schema-graph\">{\"@context\":\"https:\/\/schema.org\",\"@graph\":[{\"@type\":\"Article\",\"@id\":\"http:\/\/elregionalvm.com.ar\/noticias-villa-maria\/ninos-y-ninas-del-jardin-municipal-ninina-tais-de-arpon-celebraron-el-16o-aniversario-de-la-institucion-educativa\/#article\",\"isPartOf\":{\"@id\":\"http:\/\/elregionalvm.com.ar\/noticias-villa-maria\/ninos-y-ninas-del-jardin-municipal-ninina-tais-de-arpon-celebraron-el-16o-aniversario-de-la-institucion-educativa\/\"},\"author\":{\"name\":\"Contenidos El Regional\",\"@id\":\"http:\/\/elregionalvm.com.ar\/noticias-villa-maria\/#\/schema\/person\/a0fb9c422317faca23d50163151bc354\"},\"headline\":\"Ni\u00f1os y ni\u00f1as del jard\u00edn municipal Ninina Tais de Arp\u00f3n celebraron el 16\u00ba aniversario de la instituci\u00f3n educativa\",\"datePublished\":\"2023-05-06T21:12:34+00:00\",\"dateModified\":\"2023-05-06T21:59:02+00:00\",\"mainEntityOfPage\":{\"@id\":\"http:\/\/elregionalvm.com.ar\/noticias-villa-maria\/ninos-y-ninas-del-jardin-municipal-ninina-tais-de-arpon-celebraron-el-16o-aniversario-de-la-institucion-educativa\/\"},\"wordCount\":436,\"commentCount\":0,\"image\":{\"@id\":\"http:\/\/elregionalvm.com.ar\/noticias-villa-maria\/ninos-y-ninas-del-jardin-municipal-ninina-tais-de-arpon-celebraron-el-16o-aniversario-de-la-institucion-educativa\/#primaryimage\"},\"thumbnailUrl\":\"https:\/\/i0.wp.com\/elregionalvm.com.ar\/noticias-villa-maria\/wp-content\/uploads\/2023\/05\/WhatsApp-Image-2023-05-06-at-11.17.15.jpeg?fit=1600%2C721&ssl=1\",\"articleSection\":[\"Sociedad\",\"Villa Mar\u00eda\"],\"inLanguage\":\"es\",\"potentialAction\":[{\"@type\":\"CommentAction\",\"name\":\"Comment\",\"target\":[\"http:\/\/elregionalvm.com.ar\/noticias-villa-maria\/ninos-y-ninas-del-jardin-municipal-ninina-tais-de-arpon-celebraron-el-16o-aniversario-de-la-institucion-educativa\/#respond\"]}]},{\"@type\":\"WebPage\",\"@id\":\"http:\/\/elregionalvm.com.ar\/noticias-villa-maria\/ninos-y-ninas-del-jardin-municipal-ninina-tais-de-arpon-celebraron-el-16o-aniversario-de-la-institucion-educativa\/\",\"url\":\"http:\/\/elregionalvm.com.ar\/noticias-villa-maria\/ninos-y-ninas-del-jardin-municipal-ninina-tais-de-arpon-celebraron-el-16o-aniversario-de-la-institucion-educativa\/\",\"name\":\"Ni\u00f1os y ni\u00f1as del jard\u00edn municipal Ninina Tais de Arp\u00f3n celebraron el 16\u00ba aniversario de la instituci\u00f3n educativa - El Regional\",\"isPartOf\":{\"@id\":\"http:\/\/elregionalvm.com.ar\/noticias-villa-maria\/#website\"},\"primaryImageOfPage\":{\"@id\":\"http:\/\/elregionalvm.com.ar\/noticias-villa-maria\/ninos-y-ninas-del-jardin-municipal-ninina-tais-de-arpon-celebraron-el-16o-aniversario-de-la-institucion-educativa\/#primaryimage\"},\"image\":{\"@id\":\"http:\/\/elregionalvm.com.ar\/noticias-villa-maria\/ninos-y-ninas-del-jardin-municipal-ninina-tais-de-arpon-celebraron-el-16o-aniversario-de-la-institucion-educativa\/#primaryimage\"},\"thumbnailUrl\":\"https:\/\/i0.wp.com\/elregionalvm.com.ar\/noticias-villa-maria\/wp-content\/uploads\/2023\/05\/WhatsApp-Image-2023-05-06-at-11.17.15.jpeg?fit=1600%2C721&ssl=1\",\"datePublished\":\"2023-05-06T21:12:34+00:00\",\"dateModified\":\"2023-05-06T21:59:02+00:00\",\"author\":{\"@id\":\"http:\/\/elregionalvm.com.ar\/noticias-villa-maria\/#\/schema\/person\/a0fb9c422317faca23d50163151bc354\"},\"breadcrumb\":{\"@id\":\"http:\/\/elregionalvm.com.ar\/noticias-villa-maria\/ninos-y-ninas-del-jardin-municipal-ninina-tais-de-arpon-celebraron-el-16o-aniversario-de-la-institucion-educativa\/#breadcrumb\"},\"inLanguage\":\"es\",\"potentialAction\":[{\"@type\":\"ReadAction\",\"target\":[\"http:\/\/elregionalvm.com.ar\/noticias-villa-maria\/ninos-y-ninas-del-jardin-municipal-ninina-tais-de-arpon-celebraron-el-16o-aniversario-de-la-institucion-educativa\/\"]}]},{\"@type\":\"ImageObject\",\"inLanguage\":\"es\",\"@id\":\"http:\/\/elregionalvm.com.ar\/noticias-villa-maria\/ninos-y-ninas-del-jardin-municipal-ninina-tais-de-arpon-celebraron-el-16o-aniversario-de-la-institucion-educativa\/#primaryimage\",\"url\":\"https:\/\/i0.wp.com\/elregionalvm.com.ar\/noticias-villa-maria\/wp-content\/uploads\/2023\/05\/WhatsApp-Image-2023-05-06-at-11.17.15.jpeg?fit=1600%2C721&ssl=1\",\"contentUrl\":\"https:\/\/i0.wp.com\/elregionalvm.com.ar\/noticias-villa-maria\/wp-content\/uploads\/2023\/05\/WhatsApp-Image-2023-05-06-at-11.17.15.jpeg?fit=1600%2C721&ssl=1\",\"width\":1600,\"height\":721},{\"@type\":\"BreadcrumbList\",\"@id\":\"http:\/\/elregionalvm.com.ar\/noticias-villa-maria\/ninos-y-ninas-del-jardin-municipal-ninina-tais-de-arpon-celebraron-el-16o-aniversario-de-la-institucion-educativa\/#breadcrumb\",\"itemListElement\":[{\"@type\":\"ListItem\",\"position\":1,\"name\":\"Portada\",\"item\":\"https:\/\/elregionalvm.com.ar\/noticias-villa-maria\/\"},{\"@type\":\"ListItem\",\"position\":2,\"name\":\"Ni\u00f1os y ni\u00f1as del jard\u00edn municipal Ninina Tais de Arp\u00f3n celebraron el 16\u00ba aniversario de la instituci\u00f3n educativa\"}]},{\"@type\":\"WebSite\",\"@id\":\"http:\/\/elregionalvm.com.ar\/noticias-villa-maria\/#website\",\"url\":\"http:\/\/elregionalvm.com.ar\/noticias-villa-maria\/\",\"name\":\"El Regional\",\"description\":\"Mucho m\u00e1s que informaci\u00f3n\",\"potentialAction\":[{\"@type\":\"SearchAction\",\"target\":{\"@type\":\"EntryPoint\",\"urlTemplate\":\"http:\/\/elregionalvm.com.ar\/noticias-villa-maria\/?s={search_term_string}\"},\"query-input\":{\"@type\":\"PropertyValueSpecification\",\"valueRequired\":true,\"valueName\":\"search_term_string\"}}],\"inLanguage\":\"es\"},{\"@type\":\"Person\",\"@id\":\"http:\/\/elregionalvm.com.ar\/noticias-villa-maria\/#\/schema\/person\/a0fb9c422317faca23d50163151bc354\",\"name\":\"Contenidos El Regional\",\"image\":{\"@type\":\"ImageObject\",\"inLanguage\":\"es\",\"@id\":\"http:\/\/elregionalvm.com.ar\/noticias-villa-maria\/#\/schema\/person\/image\/\",\"url\":\"https:\/\/secure.gravatar.com\/avatar\/265b27cb2209af7bb3a1318f03305787d7981a5cc6e6cd08fe5a4ecdf99d4b48?s=96&d=mm&r=g\",\"contentUrl\":\"https:\/\/secure.gravatar.com\/avatar\/265b27cb2209af7bb3a1318f03305787d7981a5cc6e6cd08fe5a4ecdf99d4b48?s=96&d=mm&r=g\",\"caption\":\"Contenidos El Regional\"},\"url\":\"https:\/\/elregionalvm.com.ar\/noticias-villa-maria\/author\/contenido\/\"}]}<\/script>\n<!-- \/ Yoast SEO plugin. -->","yoast_head_json":{"title":"Ni\u00f1os y ni\u00f1as del jard\u00edn municipal Ninina Tais de Arp\u00f3n celebraron el 16\u00ba aniversario de la instituci\u00f3n educativa - El Regional","robots":{"index":"index","follow":"follow","max-snippet":"max-snippet:-1","max-image-preview":"max-image-preview:large","max-video-preview":"max-video-preview:-1"},"canonical":"http:\/\/elregionalvm.com.ar\/noticias-villa-maria\/ninos-y-ninas-del-jardin-municipal-ninina-tais-de-arpon-celebraron-el-16o-aniversario-de-la-institucion-educativa\/","og_locale":"es_ES","og_type":"article","og_title":"Ni\u00f1os y ni\u00f1as del jard\u00edn municipal Ninina Tais de Arp\u00f3n celebraron el 16\u00ba aniversario de la instituci\u00f3n educativa - El Regional","og_description":"Un clima muy emotivo se vivi\u00f3 en el Centro de Promoci\u00f3n Familiar Ninina Tais de Arp\u00f3n, con motivo de celebrar un nuevo a\u00f1o desde su creaci\u00f3n. El intendente Mart\u00edn Gill, junto al secretario de Educaci\u00f3n, Cultura y Promoci\u00f3n de la Ciencia, Rafael Sachetto, acompa\u00f1aron a ni\u00f1os y familiares en un festejo que emocion\u00f3 a grandes [&hellip;]","og_url":"http:\/\/elregionalvm.com.ar\/noticias-villa-maria\/ninos-y-ninas-del-jardin-municipal-ninina-tais-de-arpon-celebraron-el-16o-aniversario-de-la-institucion-educativa\/","og_site_name":"El Regional","article_publisher":"https:\/\/www.facebook.com\/elregionalvm","article_published_time":"2023-05-06T21:12:34+00:00","article_modified_time":"2023-05-06T21:59:02+00:00","og_image":[{"width":1600,"height":721,"url":"http:\/\/elregionalvm.com.ar\/noticias-villa-maria\/wp-content\/uploads\/2023\/05\/WhatsApp-Image-2023-05-06-at-11.17.15.jpeg","type":"image\/jpeg"}],"author":"Contenidos El Regional","twitter_card":"summary_large_image","twitter_creator":"@elregionalvm1","twitter_site":"@elregionalvm1","twitter_misc":{"Escrito por":"Contenidos El Regional","Tiempo de lectura":"3 minutos"},"schema":{"@context":"https:\/\/schema.org","@graph":[{"@type":"Article","@id":"http:\/\/elregionalvm.com.ar\/noticias-villa-maria\/ninos-y-ninas-del-jardin-municipal-ninina-tais-de-arpon-celebraron-el-16o-aniversario-de-la-institucion-educativa\/#article","isPartOf":{"@id":"http:\/\/elregionalvm.com.ar\/noticias-villa-maria\/ninos-y-ninas-del-jardin-municipal-ninina-tais-de-arpon-celebraron-el-16o-aniversario-de-la-institucion-educativa\/"},"author":{"name":"Contenidos El Regional","@id":"http:\/\/elregionalvm.com.ar\/noticias-villa-maria\/#\/schema\/person\/a0fb9c422317faca23d50163151bc354"},"headline":"Ni\u00f1os y ni\u00f1as del jard\u00edn municipal Ninina Tais de Arp\u00f3n celebraron el 16\u00ba aniversario de la instituci\u00f3n educativa","datePublished":"2023-05-06T21:12:34+00:00","dateModified":"2023-05-06T21:59:02+00:00","mainEntityOfPage":{"@id":"http:\/\/elregionalvm.com.ar\/noticias-villa-maria\/ninos-y-ninas-del-jardin-municipal-ninina-tais-de-arpon-celebraron-el-16o-aniversario-de-la-institucion-educativa\/"},"wordCount":436,"commentCount":0,"image":{"@id":"http:\/\/elregionalvm.com.ar\/noticias-villa-maria\/ninos-y-ninas-del-jardin-municipal-ninina-tais-de-arpon-celebraron-el-16o-aniversario-de-la-institucion-educativa\/#primaryimage"},"thumbnailUrl":"https:\/\/i0.wp.com\/elregionalvm.com.ar\/noticias-villa-maria\/wp-content\/uploads\/2023\/05\/WhatsApp-Image-2023-05-06-at-11.17.15.jpeg?fit=1600%2C721&ssl=1","articleSection":["Sociedad","Villa Mar\u00eda"],"inLanguage":"es","potentialAction":[{"@type":"CommentAction","name":"Comment","target":["http:\/\/elregionalvm.com.ar\/noticias-villa-maria\/ninos-y-ninas-del-jardin-municipal-ninina-tais-de-arpon-celebraron-el-16o-aniversario-de-la-institucion-educativa\/#respond"]}]},{"@type":"WebPage","@id":"http:\/\/elregionalvm.com.ar\/noticias-villa-maria\/ninos-y-ninas-del-jardin-municipal-ninina-tais-de-arpon-celebraron-el-16o-aniversario-de-la-institucion-educativa\/","url":"http:\/\/elregionalvm.com.ar\/noticias-villa-maria\/ninos-y-ninas-del-jardin-municipal-ninina-tais-de-arpon-celebraron-el-16o-aniversario-de-la-institucion-educativa\/","name":"Ni\u00f1os y ni\u00f1as del jard\u00edn municipal Ninina Tais de Arp\u00f3n celebraron el 16\u00ba aniversario de la instituci\u00f3n educativa - El Regional","isPartOf":{"@id":"http:\/\/elregionalvm.com.ar\/noticias-villa-maria\/#website"},"primaryImageOfPage":{"@id":"http:\/\/elregionalvm.com.ar\/noticias-villa-maria\/ninos-y-ninas-del-jardin-municipal-ninina-tais-de-arpon-celebraron-el-16o-aniversario-de-la-institucion-educativa\/#primaryimage"},"image":{"@id":"http:\/\/elregionalvm.com.ar\/noticias-villa-maria\/ninos-y-ninas-del-jardin-municipal-ninina-tais-de-arpon-celebraron-el-16o-aniversario-de-la-institucion-educativa\/#primaryimage"},"thumbnailUrl":"https:\/\/i0.wp.com\/elregionalvm.com.ar\/noticias-villa-maria\/wp-content\/uploads\/2023\/05\/WhatsApp-Image-2023-05-06-at-11.17.15.jpeg?fit=1600%2C721&ssl=1","datePublished":"2023-05-06T21:12:34+00:00","dateModified":"2023-05-06T21:59:02+00:00","author":{"@id":"http:\/\/elregionalvm.com.ar\/noticias-villa-maria\/#\/schema\/person\/a0fb9c422317faca23d50163151bc354"},"breadcrumb":{"@id":"http:\/\/elregionalvm.com.ar\/noticias-villa-maria\/ninos-y-ninas-del-jardin-municipal-ninina-tais-de-arpon-celebraron-el-16o-aniversario-de-la-institucion-educativa\/#breadcrumb"},"inLanguage":"es","potentialAction":[{"@type":"ReadAction","target":["http:\/\/elregionalvm.com.ar\/noticias-villa-maria\/ninos-y-ninas-del-jardin-municipal-ninina-tais-de-arpon-celebraron-el-16o-aniversario-de-la-institucion-educativa\/"]}]},{"@type":"ImageObject","inLanguage":"es","@id":"http:\/\/elregionalvm.com.ar\/noticias-villa-maria\/ninos-y-ninas-del-jardin-municipal-ninina-tais-de-arpon-celebraron-el-16o-aniversario-de-la-institucion-educativa\/#primaryimage","url":"https:\/\/i0.wp.com\/elregionalvm.com.ar\/noticias-villa-maria\/wp-content\/uploads\/2023\/05\/WhatsApp-Image-2023-05-06-at-11.17.15.jpeg?fit=1600%2C721&ssl=1","contentUrl":"https:\/\/i0.wp.com\/elregionalvm.com.ar\/noticias-villa-maria\/wp-content\/uploads\/2023\/05\/WhatsApp-Image-2023-05-06-at-11.17.15.jpeg?fit=1600%2C721&ssl=1","width":1600,"height":721},{"@type":"BreadcrumbList","@id":"http:\/\/elregionalvm.com.ar\/noticias-villa-maria\/ninos-y-ninas-del-jardin-municipal-ninina-tais-de-arpon-celebraron-el-16o-aniversario-de-la-institucion-educativa\/#breadcrumb","itemListElement":[{"@type":"ListItem","position":1,"name":"Portada","item":"https:\/\/elregionalvm.com.ar\/noticias-villa-maria\/"},{"@type":"ListItem","position":2,"name":"Ni\u00f1os y ni\u00f1as del jard\u00edn municipal Ninina Tais de Arp\u00f3n celebraron el 16\u00ba aniversario de la instituci\u00f3n educativa"}]},{"@type":"WebSite","@id":"http:\/\/elregionalvm.com.ar\/noticias-villa-maria\/#website","url":"http:\/\/elregionalvm.com.ar\/noticias-villa-maria\/","name":"El Regional","description":"Mucho m\u00e1s que informaci\u00f3n","potentialAction":[{"@type":"SearchAction","target":{"@type":"EntryPoint","urlTemplate":"http:\/\/elregionalvm.com.ar\/noticias-villa-maria\/?s={search_term_string}"},"query-input":{"@type":"PropertyValueSpecification","valueRequired":true,"valueName":"search_term_string"}}],"inLanguage":"es"},{"@type":"Person","@id":"http:\/\/elregionalvm.com.ar\/noticias-villa-maria\/#\/schema\/person\/a0fb9c422317faca23d50163151bc354","name":"Contenidos El Regional","image":{"@type":"ImageObject","inLanguage":"es","@id":"http:\/\/elregionalvm.com.ar\/noticias-villa-maria\/#\/schema\/person\/image\/","url":"https:\/\/secure.gravatar.com\/avatar\/265b27cb2209af7bb3a1318f03305787d7981a5cc6e6cd08fe5a4ecdf99d4b48?s=96&d=mm&r=g","contentUrl":"https:\/\/secure.gravatar.com\/avatar\/265b27cb2209af7bb3a1318f03305787d7981a5cc6e6cd08fe5a4ecdf99d4b48?s=96&d=mm&r=g","caption":"Contenidos El Regional"},"url":"https:\/\/elregionalvm.com.ar\/noticias-villa-maria\/author\/contenido\/"}]}},"jetpack_featured_media_url":"https:\/\/i0.wp.com\/elregionalvm.com.ar\/noticias-villa-maria\/wp-content\/uploads\/2023\/05\/WhatsApp-Image-2023-05-06-at-11.17.15.jpeg?fit=1600%2C721&ssl=1","jetpack_sharing_enabled":true,"_links":{"self":[{"href":"https:\/\/elregionalvm.com.ar\/noticias-villa-maria\/wp-json\/wp\/v2\/posts\/75976","targetHints":{"allow":["GET"]}}],"collection":[{"href":"https:\/\/elregionalvm.com.ar\/noticias-villa-maria\/wp-json\/wp\/v2\/posts"}],"about":[{"href":"https:\/\/elregionalvm.com.ar\/noticias-villa-maria\/wp-json\/wp\/v2\/types\/post"}],"author":[{"embeddable":true,"href":"https:\/\/elregionalvm.com.ar\/noticias-villa-maria\/wp-json\/wp\/v2\/users\/4"}],"replies":[{"embeddable":true,"href":"https:\/\/elregionalvm.com.ar\/noticias-villa-maria\/wp-json\/wp\/v2\/comments?post=75976"}],"version-history":[{"count":1,"href":"https:\/\/elregionalvm.com.ar\/noticias-villa-maria\/wp-json\/wp\/v2\/posts\/75976\/revisions"}],"predecessor-version":[{"id":75981,"href":"https:\/\/elregionalvm.com.ar\/noticias-villa-maria\/wp-json\/wp\/v2\/posts\/75976\/revisions\/75981"}],"wp:featuredmedia":[{"embeddable":true,"href":"https:\/\/elregionalvm.com.ar\/noticias-villa-maria\/wp-json\/wp\/v2\/media\/75980"}],"wp:attachment":[{"href":"https:\/\/elregionalvm.com.ar\/noticias-villa-maria\/wp-json\/wp\/v2\/media?parent=75976"}],"wp:term":[{"taxonomy":"category","embeddable":true,"href":"https:\/\/elregionalvm.com.ar\/noticias-villa-maria\/wp-json\/wp\/v2\/categories?post=75976"},{"taxonomy":"post_tag","embeddable":true,"href":"https:\/\/elregionalvm.com.ar\/noticias-villa-maria\/wp-json\/wp\/v2\/tags?post=75976"}],"curies":[{"name":"wp","href":"https:\/\/api.w.org\/{rel}","templated":true}]}}