{"id":75982,"date":"2023-05-06T21:15:12","date_gmt":"2023-05-06T21:15:12","guid":{"rendered":"https:\/\/elregionalvm.com.ar\/noticias-villa-maria\/?p=75982"},"modified":"2023-05-06T21:20:34","modified_gmt":"2023-05-06T21:20:34","slug":"el-gabinete-municipal-acompano-a-vecinos-e-instituciones-para-la-concrecion-de-tramites-en-barrios-del-municerca-2","status":"publish","type":"post","link":"https:\/\/elregionalvm.com.ar\/noticias-villa-maria\/el-gabinete-municipal-acompano-a-vecinos-e-instituciones-para-la-concrecion-de-tramites-en-barrios-del-municerca-2\/","title":{"rendered":"El Gabinete municipal acompa\u00f1\u00f3 a vecinos e instituciones para la concreci\u00f3n de tr\u00e1mites en barrios del MuniCerca 2"},"content":{"rendered":"\n<p>Una nueva edici\u00f3n de S\u00e1bado Ciudadano tuvo lugar en barrio Las Playas, donde miembros del Gabinete municipal atendieron y asesoraron a vecinos y vecinas para la concreci\u00f3n de diversos tr\u00e1mites. <\/p>\n\n\n\n<p>El intendente Mart\u00edn Gill form\u00f3 parte de la propuesta, durante la que mantuvo una reuni\u00f3n con los representantes de las instituciones que conforman los consejos barriales del sector, con el objetivo de escuchar sus demandas, incorporarlas a la agenda municipal y avanzar conjuntamente en dar respuesta a las diversas tem\u00e1ticas.<\/p>\n\n\n\n<figure class=\"wp-block-image size-large\"><img data-recalc-dims=\"1\" fetchpriority=\"high\" decoding=\"async\" width=\"1024\" height=\"683\" src=\"https:\/\/i0.wp.com\/elregionalvm.com.ar\/noticias-villa-maria\/wp-content\/uploads\/2023\/05\/WhatsApp-Image-2023-05-06-at-12.58.44.jpeg?resize=1024%2C683&#038;ssl=1\" alt=\"\" class=\"wp-image-75986\" srcset=\"https:\/\/i0.wp.com\/elregionalvm.com.ar\/noticias-villa-maria\/wp-content\/uploads\/2023\/05\/WhatsApp-Image-2023-05-06-at-12.58.44.jpeg?resize=1024%2C683&amp;ssl=1 1024w, https:\/\/i0.wp.com\/elregionalvm.com.ar\/noticias-villa-maria\/wp-content\/uploads\/2023\/05\/WhatsApp-Image-2023-05-06-at-12.58.44.jpeg?resize=300%2C200&amp;ssl=1 300w, https:\/\/i0.wp.com\/elregionalvm.com.ar\/noticias-villa-maria\/wp-content\/uploads\/2023\/05\/WhatsApp-Image-2023-05-06-at-12.58.44.jpeg?resize=768%2C512&amp;ssl=1 768w, https:\/\/i0.wp.com\/elregionalvm.com.ar\/noticias-villa-maria\/wp-content\/uploads\/2023\/05\/WhatsApp-Image-2023-05-06-at-12.58.44.jpeg?resize=1536%2C1024&amp;ssl=1 1536w, https:\/\/i0.wp.com\/elregionalvm.com.ar\/noticias-villa-maria\/wp-content\/uploads\/2023\/05\/WhatsApp-Image-2023-05-06-at-12.58.44.jpeg?w=1600&amp;ssl=1 1600w\" sizes=\"(max-width: 1000px) 100vw, 1000px\" \/><\/figure>\n\n\n\n<p>En este marco, el jefe comunal, a la par de funcionarios, dialog\u00f3 con miembros de las instituciones que conforman los consejos y resalt\u00f3 la importancia de llevar adelante instancias que permiten conocer la realidad de cada vecino y trabajar en comunidad. <\/p>\n\n\n\n<p>Al mismo tiempo, hizo un repaso por las diversas obras ejecutadas y pol\u00edticas implementadas en el \u00faltimo tiempo en pos de jerarquizar el sector sur de la ciudad, entre las cuales destac\u00f3 la creaci\u00f3n del Centro Comunitario de Inclusi\u00f3n Integral y la pavimentaci\u00f3n de Prolongaci\u00f3n Alvear.<\/p>\n\n\n\n<figure class=\"wp-block-image size-large\"><img data-recalc-dims=\"1\" decoding=\"async\" width=\"1024\" height=\"683\" src=\"https:\/\/i0.wp.com\/elregionalvm.com.ar\/noticias-villa-maria\/wp-content\/uploads\/2023\/05\/WhatsApp-Image-2023-05-06-at-12.58.44-1.jpeg?resize=1024%2C683&#038;ssl=1\" alt=\"\" class=\"wp-image-75985\" srcset=\"https:\/\/i0.wp.com\/elregionalvm.com.ar\/noticias-villa-maria\/wp-content\/uploads\/2023\/05\/WhatsApp-Image-2023-05-06-at-12.58.44-1.jpeg?resize=1024%2C683&amp;ssl=1 1024w, https:\/\/i0.wp.com\/elregionalvm.com.ar\/noticias-villa-maria\/wp-content\/uploads\/2023\/05\/WhatsApp-Image-2023-05-06-at-12.58.44-1.jpeg?resize=300%2C200&amp;ssl=1 300w, https:\/\/i0.wp.com\/elregionalvm.com.ar\/noticias-villa-maria\/wp-content\/uploads\/2023\/05\/WhatsApp-Image-2023-05-06-at-12.58.44-1.jpeg?resize=768%2C512&amp;ssl=1 768w, https:\/\/i0.wp.com\/elregionalvm.com.ar\/noticias-villa-maria\/wp-content\/uploads\/2023\/05\/WhatsApp-Image-2023-05-06-at-12.58.44-1.jpeg?resize=1536%2C1024&amp;ssl=1 1536w, https:\/\/i0.wp.com\/elregionalvm.com.ar\/noticias-villa-maria\/wp-content\/uploads\/2023\/05\/WhatsApp-Image-2023-05-06-at-12.58.44-1.jpeg?w=1600&amp;ssl=1 1600w\" sizes=\"(max-width: 1000px) 100vw, 1000px\" \/><\/figure>\n\n\n\n<p>Adem\u00e1s, destac\u00f3 el gran impacto que tendr\u00e1 en el sector la obra de circunvalaci\u00f3n del arco sudeste, como as\u00ed tambi\u00e9n la creaci\u00f3n del nuevo EcoBarrio de 300 viviendas, el cual permitir\u00e1 brindar respuesta habitacional a cientos de familias villamarienses. <\/p>\n\n\n\n<p>En este orden, hizo menci\u00f3n a la red de ciclov\u00edas que, una vez concluida, permitir\u00e1 unir barrio Las Playas con el centro de la ciudad, la Universidad Nacional de Villa Mar\u00eda (UNVM) y el Parque Pereira y Dom\u00ednguez.<\/p>\n\n\n\n<figure class=\"wp-block-image size-large\"><img data-recalc-dims=\"1\" decoding=\"async\" width=\"1024\" height=\"683\" src=\"https:\/\/i0.wp.com\/elregionalvm.com.ar\/noticias-villa-maria\/wp-content\/uploads\/2023\/05\/WhatsApp-Image-2023-05-06-at-12.58.47.jpeg?resize=1024%2C683&#038;ssl=1\" alt=\"\" class=\"wp-image-75989\" srcset=\"https:\/\/i0.wp.com\/elregionalvm.com.ar\/noticias-villa-maria\/wp-content\/uploads\/2023\/05\/WhatsApp-Image-2023-05-06-at-12.58.47.jpeg?resize=1024%2C683&amp;ssl=1 1024w, https:\/\/i0.wp.com\/elregionalvm.com.ar\/noticias-villa-maria\/wp-content\/uploads\/2023\/05\/WhatsApp-Image-2023-05-06-at-12.58.47.jpeg?resize=300%2C200&amp;ssl=1 300w, https:\/\/i0.wp.com\/elregionalvm.com.ar\/noticias-villa-maria\/wp-content\/uploads\/2023\/05\/WhatsApp-Image-2023-05-06-at-12.58.47.jpeg?resize=768%2C512&amp;ssl=1 768w, https:\/\/i0.wp.com\/elregionalvm.com.ar\/noticias-villa-maria\/wp-content\/uploads\/2023\/05\/WhatsApp-Image-2023-05-06-at-12.58.47.jpeg?resize=1536%2C1024&amp;ssl=1 1536w, https:\/\/i0.wp.com\/elregionalvm.com.ar\/noticias-villa-maria\/wp-content\/uploads\/2023\/05\/WhatsApp-Image-2023-05-06-at-12.58.47.jpeg?w=1600&amp;ssl=1 1600w\" sizes=\"(max-width: 1000px) 100vw, 1000px\" \/><\/figure>\n\n\n\n<p>En este orden, el intendente hizo menci\u00f3n al recambio de luminarias en un sector del barrio Villa Albertina para brindar mayor seguridad. <\/p>\n\n\n\n<p>En cuanto a ello, precis\u00f3 que durante este s\u00e1bado el \u00e1rea de Alumbrado y Semaforizaci\u00f3n dependiente de la cartera de Ambiente, Obras y Servicios P\u00fablicos trabaja en la colocaci\u00f3n de 15 nuevos m\u00f3dulos de tecnolog\u00eda led para completar internamente el sistema lum\u00ednico comprendido entre avenida Ra\u00fal Borras y Ruta Nacional 9.<\/p>\n\n\n\n<p><strong>Actividades Comunitarias<\/strong><\/p>\n\n\n\n<p>Como parte de la din\u00e1mica coordinada por la Secretar\u00eda de Inclusi\u00f3n Social y Territorio, un gran n\u00famero de vecinos de barrios Evita, Las Playas, Villa Del Sur, Industrial, Barrancas del R\u00edo y Villa Albertina se acercaron a la sede del MuniCerca 2 para la resoluci\u00f3n de tr\u00e1mites vinculados al Registro Civil. <\/p>\n\n\n\n<p>Adem\u00e1s, en el CAPS de barrio Las Playas se realizaron fichas m\u00e9dicas y personal de la cartera de Salud llev\u00f3 adelante la vacunaci\u00f3n con dosis de calendario de ni\u00f1os y ni\u00f1as.<\/p>\n\n\n\n<figure class=\"wp-block-image size-large\"><img data-recalc-dims=\"1\" loading=\"lazy\" decoding=\"async\" width=\"1024\" height=\"683\" src=\"https:\/\/i0.wp.com\/elregionalvm.com.ar\/noticias-villa-maria\/wp-content\/uploads\/2023\/05\/WhatsApp-Image-2023-05-06-at-12.58.45.jpeg?resize=1024%2C683&#038;ssl=1\" alt=\"\" class=\"wp-image-75984\" srcset=\"https:\/\/i0.wp.com\/elregionalvm.com.ar\/noticias-villa-maria\/wp-content\/uploads\/2023\/05\/WhatsApp-Image-2023-05-06-at-12.58.45.jpeg?resize=1024%2C683&amp;ssl=1 1024w, https:\/\/i0.wp.com\/elregionalvm.com.ar\/noticias-villa-maria\/wp-content\/uploads\/2023\/05\/WhatsApp-Image-2023-05-06-at-12.58.45.jpeg?resize=300%2C200&amp;ssl=1 300w, https:\/\/i0.wp.com\/elregionalvm.com.ar\/noticias-villa-maria\/wp-content\/uploads\/2023\/05\/WhatsApp-Image-2023-05-06-at-12.58.45.jpeg?resize=768%2C513&amp;ssl=1 768w, https:\/\/i0.wp.com\/elregionalvm.com.ar\/noticias-villa-maria\/wp-content\/uploads\/2023\/05\/WhatsApp-Image-2023-05-06-at-12.58.45.jpeg?w=1404&amp;ssl=1 1404w\" sizes=\"(max-width: 1000px) 100vw, 1000px\" \/><\/figure>\n\n\n\n<p>De modo simult\u00e1neo, la plazoleta ubicada frente al Centro Comunitario de Inclusi\u00f3n Integral recibi\u00f3 a chicos y grandes para compartir m\u00faltiples juegos y actividades deportivas y recreativas de la mano del Ente Villa Mar\u00eda Deporte y Turismo. <\/p>\n\n\n\n<p>En este mismo punto, personal del Centro de Adopci\u00f3n Municipal (CAM) vacun\u00f3 a perros y gatos con dosis antirr\u00e1bicas de manera gratuita, y miembros de la Secretar\u00eda de Gobierno, Seguridad Ciudadana y Asuntos Legales, a trav\u00e9s del \u00e1rea de Educaci\u00f3n Vial, hicieron entrega de cascos de motos y bicicletas.<\/p>\n\n\n\n<figure class=\"wp-block-image size-large\"><img data-recalc-dims=\"1\" loading=\"lazy\" decoding=\"async\" width=\"1024\" height=\"683\" src=\"https:\/\/i0.wp.com\/elregionalvm.com.ar\/noticias-villa-maria\/wp-content\/uploads\/2023\/05\/WhatsApp-Image-2023-05-06-at-12.58.45-1.jpeg?resize=1024%2C683&#038;ssl=1\" alt=\"\" class=\"wp-image-75991\" srcset=\"https:\/\/i0.wp.com\/elregionalvm.com.ar\/noticias-villa-maria\/wp-content\/uploads\/2023\/05\/WhatsApp-Image-2023-05-06-at-12.58.45-1.jpeg?resize=1024%2C683&amp;ssl=1 1024w, https:\/\/i0.wp.com\/elregionalvm.com.ar\/noticias-villa-maria\/wp-content\/uploads\/2023\/05\/WhatsApp-Image-2023-05-06-at-12.58.45-1.jpeg?resize=300%2C200&amp;ssl=1 300w, https:\/\/i0.wp.com\/elregionalvm.com.ar\/noticias-villa-maria\/wp-content\/uploads\/2023\/05\/WhatsApp-Image-2023-05-06-at-12.58.45-1.jpeg?resize=768%2C512&amp;ssl=1 768w, https:\/\/i0.wp.com\/elregionalvm.com.ar\/noticias-villa-maria\/wp-content\/uploads\/2023\/05\/WhatsApp-Image-2023-05-06-at-12.58.45-1.jpeg?resize=1536%2C1024&amp;ssl=1 1536w, https:\/\/i0.wp.com\/elregionalvm.com.ar\/noticias-villa-maria\/wp-content\/uploads\/2023\/05\/WhatsApp-Image-2023-05-06-at-12.58.45-1.jpeg?w=1600&amp;ssl=1 1600w\" sizes=\"(max-width: 1000px) 100vw, 1000px\" \/><\/figure>\n\n\n\n<p>De la actividad tambi\u00e9n formaron parte miembros del Departamento Ejecutivo municipal y el director del MuniCerca 2, Sergio Bustamante. <\/p>\n\n\n\n<p>Adem\u00e1s, acompa\u00f1aron representantes de instituciones del sector tales como CAPS, jardines maternales, merenderos, instituciones educativas, clubes, vecinalistas, entre otros.<\/p>\n","protected":false},"excerpt":{"rendered":"<p>Una nueva edici\u00f3n de S\u00e1bado Ciudadano tuvo lugar en barrio Las Playas, donde miembros del Gabinete municipal atendieron y asesoraron a vecinos y vecinas para la concreci\u00f3n de diversos tr\u00e1mites. El intendente Mart\u00edn Gill form\u00f3 parte de la propuesta, durante la que mantuvo una reuni\u00f3n con los representantes de las instituciones que conforman los consejos [&hellip;]<\/p>\n","protected":false},"author":4,"featured_media":75987,"comment_status":"open","ping_status":"open","sticky":false,"template":"","format":"standard","meta":{"site-sidebar-layout":"default","site-content-layout":"","ast-site-content-layout":"default","site-content-style":"default","site-sidebar-style":"default","ast-global-header-display":"","ast-banner-title-visibility":"","ast-main-header-display":"","ast-hfb-above-header-display":"","ast-hfb-below-header-display":"","ast-hfb-mobile-header-display":"","site-post-title":"","ast-breadcrumbs-content":"","ast-featured-img":"","footer-sml-layout":"","ast-disable-related-posts":"","theme-transparent-header-meta":"","adv-header-id-meta":"","stick-header-meta":"","header-above-stick-meta":"","header-main-stick-meta":"","header-below-stick-meta":"","astra-migrate-meta-layouts":"default","ast-page-background-enabled":"default","ast-page-background-meta":{"desktop":{"background-color":"","background-image":"","background-repeat":"repeat","background-position":"center center","background-size":"auto","background-attachment":"scroll","background-type":"","background-media":"","overlay-type":"","overlay-color":"","overlay-opacity":"","overlay-gradient":""},"tablet":{"background-color":"","background-image":"","background-repeat":"repeat","background-position":"center center","background-size":"auto","background-attachment":"scroll","background-type":"","background-media":"","overlay-type":"","overlay-color":"","overlay-opacity":"","overlay-gradient":""},"mobile":{"background-color":"","background-image":"","background-repeat":"repeat","background-position":"center center","background-size":"auto","background-attachment":"scroll","background-type":"","background-media":"","overlay-type":"","overlay-color":"","overlay-opacity":"","overlay-gradient":""}},"ast-content-background-meta":{"desktop":{"background-color":"var(--ast-global-color-5)","background-image":"","background-repeat":"repeat","background-position":"center center","background-size":"auto","background-attachment":"scroll","background-type":"","background-media":"","overlay-type":"","overlay-color":"","overlay-opacity":"","overlay-gradient":""},"tablet":{"background-color":"var(--ast-global-color-5)","background-image":"","background-repeat":"repeat","background-position":"center center","background-size":"auto","background-attachment":"scroll","background-type":"","background-media":"","overlay-type":"","overlay-color":"","overlay-opacity":"","overlay-gradient":""},"mobile":{"background-color":"var(--ast-global-color-5)","background-image":"","background-repeat":"repeat","background-position":"center center","background-size":"auto","background-attachment":"scroll","background-type":"","background-media":"","overlay-type":"","overlay-color":"","overlay-opacity":"","overlay-gradient":""}},"_jetpack_memberships_contains_paid_content":false,"_joinchat":[],"footnotes":""},"categories":[15302,5,2],"tags":[],"class_list":["post-75982","post","type-post","status-publish","format-standard","has-post-thumbnail","hentry","category-destacado","category-sociedad","category-villa-maria"],"yoast_head":"<!-- This site is optimized with the Yoast SEO plugin v26.8 - https:\/\/yoast.com\/product\/yoast-seo-wordpress\/ -->\n<title>El Gabinete municipal acompa\u00f1\u00f3 a vecinos e instituciones para la concreci\u00f3n de tr\u00e1mites en barrios del MuniCerca 2 - El Regional<\/title>\n<meta name=\"robots\" content=\"index, follow, max-snippet:-1, max-image-preview:large, max-video-preview:-1\" \/>\n<link rel=\"canonical\" href=\"http:\/\/elregionalvm.com.ar\/noticias-villa-maria\/el-gabinete-municipal-acompano-a-vecinos-e-instituciones-para-la-concrecion-de-tramites-en-barrios-del-municerca-2\/\" \/>\n<meta property=\"og:locale\" content=\"es_ES\" \/>\n<meta property=\"og:type\" content=\"article\" \/>\n<meta property=\"og:title\" content=\"El Gabinete municipal acompa\u00f1\u00f3 a vecinos e instituciones para la concreci\u00f3n de tr\u00e1mites en barrios del MuniCerca 2 - El Regional\" \/>\n<meta property=\"og:description\" content=\"Una nueva edici\u00f3n de S\u00e1bado Ciudadano tuvo lugar en barrio Las Playas, donde miembros del Gabinete municipal atendieron y asesoraron a vecinos y vecinas para la concreci\u00f3n de diversos tr\u00e1mites. El intendente Mart\u00edn Gill form\u00f3 parte de la propuesta, durante la que mantuvo una reuni\u00f3n con los representantes de las instituciones que conforman los consejos [&hellip;]\" \/>\n<meta property=\"og:url\" content=\"http:\/\/elregionalvm.com.ar\/noticias-villa-maria\/el-gabinete-municipal-acompano-a-vecinos-e-instituciones-para-la-concrecion-de-tramites-en-barrios-del-municerca-2\/\" \/>\n<meta property=\"og:site_name\" content=\"El Regional\" \/>\n<meta property=\"article:publisher\" content=\"https:\/\/www.facebook.com\/elregionalvm\" \/>\n<meta property=\"article:published_time\" content=\"2023-05-06T21:15:12+00:00\" \/>\n<meta property=\"article:modified_time\" content=\"2023-05-06T21:20:34+00:00\" \/>\n<meta property=\"og:image\" content=\"http:\/\/elregionalvm.com.ar\/noticias-villa-maria\/wp-content\/uploads\/2023\/05\/WhatsApp-Image-2023-05-06-at-12.58.43.jpeg\" \/>\n\t<meta property=\"og:image:width\" content=\"1600\" \/>\n\t<meta property=\"og:image:height\" content=\"1067\" \/>\n\t<meta property=\"og:image:type\" content=\"image\/jpeg\" \/>\n<meta name=\"author\" content=\"Contenidos El Regional\" \/>\n<meta name=\"twitter:card\" content=\"summary_large_image\" \/>\n<meta name=\"twitter:creator\" content=\"@elregionalvm1\" \/>\n<meta name=\"twitter:site\" content=\"@elregionalvm1\" \/>\n<meta name=\"twitter:label1\" content=\"Escrito por\" \/>\n\t<meta name=\"twitter:data1\" content=\"Contenidos El Regional\" \/>\n\t<meta name=\"twitter:label2\" content=\"Tiempo de lectura\" \/>\n\t<meta name=\"twitter:data2\" content=\"4 minutos\" \/>\n<script type=\"application\/ld+json\" class=\"yoast-schema-graph\">{\"@context\":\"https:\/\/schema.org\",\"@graph\":[{\"@type\":\"Article\",\"@id\":\"http:\/\/elregionalvm.com.ar\/noticias-villa-maria\/el-gabinete-municipal-acompano-a-vecinos-e-instituciones-para-la-concrecion-de-tramites-en-barrios-del-municerca-2\/#article\",\"isPartOf\":{\"@id\":\"http:\/\/elregionalvm.com.ar\/noticias-villa-maria\/el-gabinete-municipal-acompano-a-vecinos-e-instituciones-para-la-concrecion-de-tramites-en-barrios-del-municerca-2\/\"},\"author\":{\"name\":\"Contenidos El Regional\",\"@id\":\"http:\/\/elregionalvm.com.ar\/noticias-villa-maria\/#\/schema\/person\/a0fb9c422317faca23d50163151bc354\"},\"headline\":\"El Gabinete municipal acompa\u00f1\u00f3 a vecinos e instituciones para la concreci\u00f3n de tr\u00e1mites en barrios del MuniCerca 2\",\"datePublished\":\"2023-05-06T21:15:12+00:00\",\"dateModified\":\"2023-05-06T21:20:34+00:00\",\"mainEntityOfPage\":{\"@id\":\"http:\/\/elregionalvm.com.ar\/noticias-villa-maria\/el-gabinete-municipal-acompano-a-vecinos-e-instituciones-para-la-concrecion-de-tramites-en-barrios-del-municerca-2\/\"},\"wordCount\":592,\"commentCount\":0,\"image\":{\"@id\":\"http:\/\/elregionalvm.com.ar\/noticias-villa-maria\/el-gabinete-municipal-acompano-a-vecinos-e-instituciones-para-la-concrecion-de-tramites-en-barrios-del-municerca-2\/#primaryimage\"},\"thumbnailUrl\":\"https:\/\/i0.wp.com\/elregionalvm.com.ar\/noticias-villa-maria\/wp-content\/uploads\/2023\/05\/WhatsApp-Image-2023-05-06-at-12.58.43.jpeg?fit=1600%2C1067&ssl=1\",\"articleSection\":[\"destacado\",\"Sociedad\",\"Villa Mar\u00eda\"],\"inLanguage\":\"es\",\"potentialAction\":[{\"@type\":\"CommentAction\",\"name\":\"Comment\",\"target\":[\"http:\/\/elregionalvm.com.ar\/noticias-villa-maria\/el-gabinete-municipal-acompano-a-vecinos-e-instituciones-para-la-concrecion-de-tramites-en-barrios-del-municerca-2\/#respond\"]}]},{\"@type\":\"WebPage\",\"@id\":\"http:\/\/elregionalvm.com.ar\/noticias-villa-maria\/el-gabinete-municipal-acompano-a-vecinos-e-instituciones-para-la-concrecion-de-tramites-en-barrios-del-municerca-2\/\",\"url\":\"http:\/\/elregionalvm.com.ar\/noticias-villa-maria\/el-gabinete-municipal-acompano-a-vecinos-e-instituciones-para-la-concrecion-de-tramites-en-barrios-del-municerca-2\/\",\"name\":\"El Gabinete municipal acompa\u00f1\u00f3 a vecinos e instituciones para la concreci\u00f3n de tr\u00e1mites en barrios del MuniCerca 2 - El Regional\",\"isPartOf\":{\"@id\":\"http:\/\/elregionalvm.com.ar\/noticias-villa-maria\/#website\"},\"primaryImageOfPage\":{\"@id\":\"http:\/\/elregionalvm.com.ar\/noticias-villa-maria\/el-gabinete-municipal-acompano-a-vecinos-e-instituciones-para-la-concrecion-de-tramites-en-barrios-del-municerca-2\/#primaryimage\"},\"image\":{\"@id\":\"http:\/\/elregionalvm.com.ar\/noticias-villa-maria\/el-gabinete-municipal-acompano-a-vecinos-e-instituciones-para-la-concrecion-de-tramites-en-barrios-del-municerca-2\/#primaryimage\"},\"thumbnailUrl\":\"https:\/\/i0.wp.com\/elregionalvm.com.ar\/noticias-villa-maria\/wp-content\/uploads\/2023\/05\/WhatsApp-Image-2023-05-06-at-12.58.43.jpeg?fit=1600%2C1067&ssl=1\",\"datePublished\":\"2023-05-06T21:15:12+00:00\",\"dateModified\":\"2023-05-06T21:20:34+00:00\",\"author\":{\"@id\":\"http:\/\/elregionalvm.com.ar\/noticias-villa-maria\/#\/schema\/person\/a0fb9c422317faca23d50163151bc354\"},\"breadcrumb\":{\"@id\":\"http:\/\/elregionalvm.com.ar\/noticias-villa-maria\/el-gabinete-municipal-acompano-a-vecinos-e-instituciones-para-la-concrecion-de-tramites-en-barrios-del-municerca-2\/#breadcrumb\"},\"inLanguage\":\"es\",\"potentialAction\":[{\"@type\":\"ReadAction\",\"target\":[\"http:\/\/elregionalvm.com.ar\/noticias-villa-maria\/el-gabinete-municipal-acompano-a-vecinos-e-instituciones-para-la-concrecion-de-tramites-en-barrios-del-municerca-2\/\"]}]},{\"@type\":\"ImageObject\",\"inLanguage\":\"es\",\"@id\":\"http:\/\/elregionalvm.com.ar\/noticias-villa-maria\/el-gabinete-municipal-acompano-a-vecinos-e-instituciones-para-la-concrecion-de-tramites-en-barrios-del-municerca-2\/#primaryimage\",\"url\":\"https:\/\/i0.wp.com\/elregionalvm.com.ar\/noticias-villa-maria\/wp-content\/uploads\/2023\/05\/WhatsApp-Image-2023-05-06-at-12.58.43.jpeg?fit=1600%2C1067&ssl=1\",\"contentUrl\":\"https:\/\/i0.wp.com\/elregionalvm.com.ar\/noticias-villa-maria\/wp-content\/uploads\/2023\/05\/WhatsApp-Image-2023-05-06-at-12.58.43.jpeg?fit=1600%2C1067&ssl=1\",\"width\":1600,\"height\":1067},{\"@type\":\"BreadcrumbList\",\"@id\":\"http:\/\/elregionalvm.com.ar\/noticias-villa-maria\/el-gabinete-municipal-acompano-a-vecinos-e-instituciones-para-la-concrecion-de-tramites-en-barrios-del-municerca-2\/#breadcrumb\",\"itemListElement\":[{\"@type\":\"ListItem\",\"position\":1,\"name\":\"Portada\",\"item\":\"https:\/\/elregionalvm.com.ar\/noticias-villa-maria\/\"},{\"@type\":\"ListItem\",\"position\":2,\"name\":\"El Gabinete municipal acompa\u00f1\u00f3 a vecinos e instituciones para la concreci\u00f3n de tr\u00e1mites en barrios del MuniCerca 2\"}]},{\"@type\":\"WebSite\",\"@id\":\"http:\/\/elregionalvm.com.ar\/noticias-villa-maria\/#website\",\"url\":\"http:\/\/elregionalvm.com.ar\/noticias-villa-maria\/\",\"name\":\"El Regional\",\"description\":\"Mucho m\u00e1s que informaci\u00f3n\",\"potentialAction\":[{\"@type\":\"SearchAction\",\"target\":{\"@type\":\"EntryPoint\",\"urlTemplate\":\"http:\/\/elregionalvm.com.ar\/noticias-villa-maria\/?s={search_term_string}\"},\"query-input\":{\"@type\":\"PropertyValueSpecification\",\"valueRequired\":true,\"valueName\":\"search_term_string\"}}],\"inLanguage\":\"es\"},{\"@type\":\"Person\",\"@id\":\"http:\/\/elregionalvm.com.ar\/noticias-villa-maria\/#\/schema\/person\/a0fb9c422317faca23d50163151bc354\",\"name\":\"Contenidos El Regional\",\"image\":{\"@type\":\"ImageObject\",\"inLanguage\":\"es\",\"@id\":\"http:\/\/elregionalvm.com.ar\/noticias-villa-maria\/#\/schema\/person\/image\/\",\"url\":\"https:\/\/secure.gravatar.com\/avatar\/265b27cb2209af7bb3a1318f03305787d7981a5cc6e6cd08fe5a4ecdf99d4b48?s=96&d=mm&r=g\",\"contentUrl\":\"https:\/\/secure.gravatar.com\/avatar\/265b27cb2209af7bb3a1318f03305787d7981a5cc6e6cd08fe5a4ecdf99d4b48?s=96&d=mm&r=g\",\"caption\":\"Contenidos El Regional\"},\"url\":\"https:\/\/elregionalvm.com.ar\/noticias-villa-maria\/author\/contenido\/\"}]}<\/script>\n<!-- \/ Yoast SEO plugin. -->","yoast_head_json":{"title":"El Gabinete municipal acompa\u00f1\u00f3 a vecinos e instituciones para la concreci\u00f3n de tr\u00e1mites en barrios del MuniCerca 2 - El Regional","robots":{"index":"index","follow":"follow","max-snippet":"max-snippet:-1","max-image-preview":"max-image-preview:large","max-video-preview":"max-video-preview:-1"},"canonical":"http:\/\/elregionalvm.com.ar\/noticias-villa-maria\/el-gabinete-municipal-acompano-a-vecinos-e-instituciones-para-la-concrecion-de-tramites-en-barrios-del-municerca-2\/","og_locale":"es_ES","og_type":"article","og_title":"El Gabinete municipal acompa\u00f1\u00f3 a vecinos e instituciones para la concreci\u00f3n de tr\u00e1mites en barrios del MuniCerca 2 - El Regional","og_description":"Una nueva edici\u00f3n de S\u00e1bado Ciudadano tuvo lugar en barrio Las Playas, donde miembros del Gabinete municipal atendieron y asesoraron a vecinos y vecinas para la concreci\u00f3n de diversos tr\u00e1mites. El intendente Mart\u00edn Gill form\u00f3 parte de la propuesta, durante la que mantuvo una reuni\u00f3n con los representantes de las instituciones que conforman los consejos [&hellip;]","og_url":"http:\/\/elregionalvm.com.ar\/noticias-villa-maria\/el-gabinete-municipal-acompano-a-vecinos-e-instituciones-para-la-concrecion-de-tramites-en-barrios-del-municerca-2\/","og_site_name":"El Regional","article_publisher":"https:\/\/www.facebook.com\/elregionalvm","article_published_time":"2023-05-06T21:15:12+00:00","article_modified_time":"2023-05-06T21:20:34+00:00","og_image":[{"width":1600,"height":1067,"url":"http:\/\/elregionalvm.com.ar\/noticias-villa-maria\/wp-content\/uploads\/2023\/05\/WhatsApp-Image-2023-05-06-at-12.58.43.jpeg","type":"image\/jpeg"}],"author":"Contenidos El Regional","twitter_card":"summary_large_image","twitter_creator":"@elregionalvm1","twitter_site":"@elregionalvm1","twitter_misc":{"Escrito por":"Contenidos El Regional","Tiempo de lectura":"4 minutos"},"schema":{"@context":"https:\/\/schema.org","@graph":[{"@type":"Article","@id":"http:\/\/elregionalvm.com.ar\/noticias-villa-maria\/el-gabinete-municipal-acompano-a-vecinos-e-instituciones-para-la-concrecion-de-tramites-en-barrios-del-municerca-2\/#article","isPartOf":{"@id":"http:\/\/elregionalvm.com.ar\/noticias-villa-maria\/el-gabinete-municipal-acompano-a-vecinos-e-instituciones-para-la-concrecion-de-tramites-en-barrios-del-municerca-2\/"},"author":{"name":"Contenidos El Regional","@id":"http:\/\/elregionalvm.com.ar\/noticias-villa-maria\/#\/schema\/person\/a0fb9c422317faca23d50163151bc354"},"headline":"El Gabinete municipal acompa\u00f1\u00f3 a vecinos e instituciones para la concreci\u00f3n de tr\u00e1mites en barrios del MuniCerca 2","datePublished":"2023-05-06T21:15:12+00:00","dateModified":"2023-05-06T21:20:34+00:00","mainEntityOfPage":{"@id":"http:\/\/elregionalvm.com.ar\/noticias-villa-maria\/el-gabinete-municipal-acompano-a-vecinos-e-instituciones-para-la-concrecion-de-tramites-en-barrios-del-municerca-2\/"},"wordCount":592,"commentCount":0,"image":{"@id":"http:\/\/elregionalvm.com.ar\/noticias-villa-maria\/el-gabinete-municipal-acompano-a-vecinos-e-instituciones-para-la-concrecion-de-tramites-en-barrios-del-municerca-2\/#primaryimage"},"thumbnailUrl":"https:\/\/i0.wp.com\/elregionalvm.com.ar\/noticias-villa-maria\/wp-content\/uploads\/2023\/05\/WhatsApp-Image-2023-05-06-at-12.58.43.jpeg?fit=1600%2C1067&ssl=1","articleSection":["destacado","Sociedad","Villa Mar\u00eda"],"inLanguage":"es","potentialAction":[{"@type":"CommentAction","name":"Comment","target":["http:\/\/elregionalvm.com.ar\/noticias-villa-maria\/el-gabinete-municipal-acompano-a-vecinos-e-instituciones-para-la-concrecion-de-tramites-en-barrios-del-municerca-2\/#respond"]}]},{"@type":"WebPage","@id":"http:\/\/elregionalvm.com.ar\/noticias-villa-maria\/el-gabinete-municipal-acompano-a-vecinos-e-instituciones-para-la-concrecion-de-tramites-en-barrios-del-municerca-2\/","url":"http:\/\/elregionalvm.com.ar\/noticias-villa-maria\/el-gabinete-municipal-acompano-a-vecinos-e-instituciones-para-la-concrecion-de-tramites-en-barrios-del-municerca-2\/","name":"El Gabinete municipal acompa\u00f1\u00f3 a vecinos e instituciones para la concreci\u00f3n de tr\u00e1mites en barrios del MuniCerca 2 - El Regional","isPartOf":{"@id":"http:\/\/elregionalvm.com.ar\/noticias-villa-maria\/#website"},"primaryImageOfPage":{"@id":"http:\/\/elregionalvm.com.ar\/noticias-villa-maria\/el-gabinete-municipal-acompano-a-vecinos-e-instituciones-para-la-concrecion-de-tramites-en-barrios-del-municerca-2\/#primaryimage"},"image":{"@id":"http:\/\/elregionalvm.com.ar\/noticias-villa-maria\/el-gabinete-municipal-acompano-a-vecinos-e-instituciones-para-la-concrecion-de-tramites-en-barrios-del-municerca-2\/#primaryimage"},"thumbnailUrl":"https:\/\/i0.wp.com\/elregionalvm.com.ar\/noticias-villa-maria\/wp-content\/uploads\/2023\/05\/WhatsApp-Image-2023-05-06-at-12.58.43.jpeg?fit=1600%2C1067&ssl=1","datePublished":"2023-05-06T21:15:12+00:00","dateModified":"2023-05-06T21:20:34+00:00","author":{"@id":"http:\/\/elregionalvm.com.ar\/noticias-villa-maria\/#\/schema\/person\/a0fb9c422317faca23d50163151bc354"},"breadcrumb":{"@id":"http:\/\/elregionalvm.com.ar\/noticias-villa-maria\/el-gabinete-municipal-acompano-a-vecinos-e-instituciones-para-la-concrecion-de-tramites-en-barrios-del-municerca-2\/#breadcrumb"},"inLanguage":"es","potentialAction":[{"@type":"ReadAction","target":["http:\/\/elregionalvm.com.ar\/noticias-villa-maria\/el-gabinete-municipal-acompano-a-vecinos-e-instituciones-para-la-concrecion-de-tramites-en-barrios-del-municerca-2\/"]}]},{"@type":"ImageObject","inLanguage":"es","@id":"http:\/\/elregionalvm.com.ar\/noticias-villa-maria\/el-gabinete-municipal-acompano-a-vecinos-e-instituciones-para-la-concrecion-de-tramites-en-barrios-del-municerca-2\/#primaryimage","url":"https:\/\/i0.wp.com\/elregionalvm.com.ar\/noticias-villa-maria\/wp-content\/uploads\/2023\/05\/WhatsApp-Image-2023-05-06-at-12.58.43.jpeg?fit=1600%2C1067&ssl=1","contentUrl":"https:\/\/i0.wp.com\/elregionalvm.com.ar\/noticias-villa-maria\/wp-content\/uploads\/2023\/05\/WhatsApp-Image-2023-05-06-at-12.58.43.jpeg?fit=1600%2C1067&ssl=1","width":1600,"height":1067},{"@type":"BreadcrumbList","@id":"http:\/\/elregionalvm.com.ar\/noticias-villa-maria\/el-gabinete-municipal-acompano-a-vecinos-e-instituciones-para-la-concrecion-de-tramites-en-barrios-del-municerca-2\/#breadcrumb","itemListElement":[{"@type":"ListItem","position":1,"name":"Portada","item":"https:\/\/elregionalvm.com.ar\/noticias-villa-maria\/"},{"@type":"ListItem","position":2,"name":"El Gabinete municipal acompa\u00f1\u00f3 a vecinos e instituciones para la concreci\u00f3n de tr\u00e1mites en barrios del MuniCerca 2"}]},{"@type":"WebSite","@id":"http:\/\/elregionalvm.com.ar\/noticias-villa-maria\/#website","url":"http:\/\/elregionalvm.com.ar\/noticias-villa-maria\/","name":"El Regional","description":"Mucho m\u00e1s que informaci\u00f3n","potentialAction":[{"@type":"SearchAction","target":{"@type":"EntryPoint","urlTemplate":"http:\/\/elregionalvm.com.ar\/noticias-villa-maria\/?s={search_term_string}"},"query-input":{"@type":"PropertyValueSpecification","valueRequired":true,"valueName":"search_term_string"}}],"inLanguage":"es"},{"@type":"Person","@id":"http:\/\/elregionalvm.com.ar\/noticias-villa-maria\/#\/schema\/person\/a0fb9c422317faca23d50163151bc354","name":"Contenidos El Regional","image":{"@type":"ImageObject","inLanguage":"es","@id":"http:\/\/elregionalvm.com.ar\/noticias-villa-maria\/#\/schema\/person\/image\/","url":"https:\/\/secure.gravatar.com\/avatar\/265b27cb2209af7bb3a1318f03305787d7981a5cc6e6cd08fe5a4ecdf99d4b48?s=96&d=mm&r=g","contentUrl":"https:\/\/secure.gravatar.com\/avatar\/265b27cb2209af7bb3a1318f03305787d7981a5cc6e6cd08fe5a4ecdf99d4b48?s=96&d=mm&r=g","caption":"Contenidos El Regional"},"url":"https:\/\/elregionalvm.com.ar\/noticias-villa-maria\/author\/contenido\/"}]}},"jetpack_featured_media_url":"https:\/\/i0.wp.com\/elregionalvm.com.ar\/noticias-villa-maria\/wp-content\/uploads\/2023\/05\/WhatsApp-Image-2023-05-06-at-12.58.43.jpeg?fit=1600%2C1067&ssl=1","jetpack_sharing_enabled":true,"_links":{"self":[{"href":"https:\/\/elregionalvm.com.ar\/noticias-villa-maria\/wp-json\/wp\/v2\/posts\/75982","targetHints":{"allow":["GET"]}}],"collection":[{"href":"https:\/\/elregionalvm.com.ar\/noticias-villa-maria\/wp-json\/wp\/v2\/posts"}],"about":[{"href":"https:\/\/elregionalvm.com.ar\/noticias-villa-maria\/wp-json\/wp\/v2\/types\/post"}],"author":[{"embeddable":true,"href":"https:\/\/elregionalvm.com.ar\/noticias-villa-maria\/wp-json\/wp\/v2\/users\/4"}],"replies":[{"embeddable":true,"href":"https:\/\/elregionalvm.com.ar\/noticias-villa-maria\/wp-json\/wp\/v2\/comments?post=75982"}],"version-history":[{"count":2,"href":"https:\/\/elregionalvm.com.ar\/noticias-villa-maria\/wp-json\/wp\/v2\/posts\/75982\/revisions"}],"predecessor-version":[{"id":75992,"href":"https:\/\/elregionalvm.com.ar\/noticias-villa-maria\/wp-json\/wp\/v2\/posts\/75982\/revisions\/75992"}],"wp:featuredmedia":[{"embeddable":true,"href":"https:\/\/elregionalvm.com.ar\/noticias-villa-maria\/wp-json\/wp\/v2\/media\/75987"}],"wp:attachment":[{"href":"https:\/\/elregionalvm.com.ar\/noticias-villa-maria\/wp-json\/wp\/v2\/media?parent=75982"}],"wp:term":[{"taxonomy":"category","embeddable":true,"href":"https:\/\/elregionalvm.com.ar\/noticias-villa-maria\/wp-json\/wp\/v2\/categories?post=75982"},{"taxonomy":"post_tag","embeddable":true,"href":"https:\/\/elregionalvm.com.ar\/noticias-villa-maria\/wp-json\/wp\/v2\/tags?post=75982"}],"curies":[{"name":"wp","href":"https:\/\/api.w.org\/{rel}","templated":true}]}}