{"id":75995,"date":"2023-05-06T21:35:43","date_gmt":"2023-05-06T21:35:43","guid":{"rendered":"https:\/\/elregionalvm.com.ar\/noticias-villa-maria\/?p=75995"},"modified":"2023-05-06T21:35:45","modified_gmt":"2023-05-06T21:35:45","slug":"jovenes-investigadoras-es-de-la-unvm-seleccionadas-os-en-convocatoria-provincial","status":"publish","type":"post","link":"https:\/\/elregionalvm.com.ar\/noticias-villa-maria\/jovenes-investigadoras-es-de-la-unvm-seleccionadas-os-en-convocatoria-provincial\/","title":{"rendered":"J\u00f3venes investigadoras\/es de la UNVM seleccionadas\/os en convocatoria provincial"},"content":{"rendered":"\n<h3 class=\"wp-block-heading\">Los equipos recibir\u00e1n subsidios del Ministerio de Ciencia y Tecnolog\u00eda de C\u00f3rdoba para financiar distintas l\u00edneas de trabajo.<\/h3>\n\n\n\n<p><strong>Veinte proyectos liderados por j\u00f3venes investigadora\/es de la Universidad Nacional de Villa Mar\u00eda (UNVM)<\/strong>&nbsp;fueron seleccionadas\/os en el marco de una convocatoria impulsada por el Ministerio de Ciencia y Tecnolog\u00eda de la Provincia de C\u00f3rdoba.<\/p>\n\n\n\n<p>A partir de este resultado, los representantes de los&nbsp;<strong>Institutos Acad\u00e9micos de Ciencias B\u00e1sicas y Aplicadas, Ciencias Humanas y Ciencias Sociales recibir\u00e1n subsidios<\/strong>&nbsp;destinados al desarrollo de l\u00edneas de trabajo espec\u00edficas vinculadas a agroindustria y alimentos, biodiversidad, biotecnolog\u00eda, g\u00e9nero, ni\u00f1eces y juventudes, comunicaci\u00f3n, accesibilidad, audiovisual y TIC.<\/p>\n\n\n\n<p>Los fondos ser\u00e1n aportados por el&nbsp;<strong>Programa \u201cJ\u00f3venes en Ciencia\u201d<\/strong>, creado en diciembre de 2022 por el Gobierno de la Provincia para fomentar la investigaci\u00f3n cient\u00edfica en j\u00f3venes de hasta 35 a\u00f1os y la creaci\u00f3n de equipos orientados a generar conocimiento original e innovador con potencial transferencia y aplicabilidad.<\/p>\n\n\n\n<p>Cabe precisar que esta propuesta incorpor\u00f3 a las 12 Universidades cordobesas, incluida la UNVM, como unidades cofinanciadoras para fortalecer el sistema cient\u00edfico tecnol\u00f3gico a trav\u00e9s de la inserci\u00f3n de j\u00f3venes que incorporen nuevas capacidades, habilidades y saberes.<\/p>\n\n\n\n<p><strong>Instituto de Ciencias B\u00e1sicas y Aplicadas (IAPCBA)<\/strong><br>El Instituto donde convergen las ciencias veterinarias, agroindustria, agroalimentos, dise\u00f1o industrial y \u00f3ptica obtuvo el mayor n\u00famero de j\u00f3venes seleccionadas\/os en la convocatoria 2022 \u2013 2023.<\/p>\n\n\n\n<p>Se trata de 9 doctorandos, docentes y becarios posdoctorales que fueron admitidos como directores de diversas l\u00edneas de trabajo y recibir\u00e1n $100 mil cada uno en concepto de subsidios para investigaci\u00f3n:<\/p>\n\n\n\n<ul class=\"wp-block-list\"><li><strong>Carolina Almir\u00f3n |<\/strong>&nbsp;\u201cEvaluaci\u00f3n de compuestos vol\u00e1tiles de rizobacterias como promotores del crecimiento y biocontroladores de fitopat\u00f3genos sobre la cadena de valor del cultivo de tomate\u201d.<\/li><li><strong>Emiliano Bad\u00edn |<\/strong>&nbsp;\u201cDesarrollo de leche de burra parcialmente deslactosada destinada a ni\u00f1os que padecen alergia a las prote\u00ednas de la leche de vaca (APLV) e intolerancia a la lactosa\u201d.<\/li><li><strong>Fernanda Biol\u00e9 |<\/strong>&nbsp;\u201cRemediaci\u00f3n de ambientes contaminados con atrazina mediante bioaumento con c\u00e9lulas de Paenarthrobacter ureafaciens AAC22 inmovilizadas en quitosano o biocarb\u00f3n\u201d.<\/li><li><strong>Mat\u00edas Bordese |<\/strong>&nbsp;\u201cDesarrollo de placas en polipropileno reciclado para prototipado r\u00e1pido\u201d.<\/li><li><strong>Salvador Degano |<\/strong>&nbsp;\u201cTratamiento de efluentes ricos en l\u00edpidos y prote\u00ednas: evaluaci\u00f3n de sistemas combinados anaerobio-aerobio con recuperaci\u00f3n de metano\u201d.<\/li><li><strong>Ladislao D\u00edaz Vergara |<\/strong>&nbsp;\u201cDesarrollo de l\u00e1cteos funcionales mediante la incorporaci\u00f3n de ingredientes bioactivos obtenidos de subproductos agroalimentarios\u201d.<\/li><li><strong>Paula Isaac |<\/strong>&nbsp;\u201cPotencial inmunobi\u00f3tico de bacterias comensales de la gl\u00e1ndula mamaria para el tratamiento de mastitis en bovinos lecheros\u201d.<\/li><li><strong>Alejandro Macagno |<\/strong>&nbsp;\u201cCambios en el medio ambiente uterino y mejora de la fertilidad en vacas lecheras utilizando protocolos de Inseminaci\u00f3n a Artificial de proestro prolongado a base de GnRH\u201d.<\/li><li><strong>Paola Somale |<\/strong>&nbsp;\u201cEstudio de la situaci\u00f3n fitosanitaria del cultivo de la papa en relaci\u00f3n a enfermedades bacterianas en la provincia de C\u00f3rdoba\u201d.<\/li><\/ul>\n\n\n\n<p>Para el secretario de Investigaci\u00f3n y Extensi\u00f3n de B\u00e1sicas, Carlos Berra, \u201ceste tipo de iniciativas son fundamentales porque permiten potenciar a las y los j\u00f3venes que est\u00e1n iniciando su trayectoria en investigaci\u00f3n cient\u00edfica\u201d.<\/p>\n\n\n\n<p>El integrante del equipo de gesti\u00f3n del Instituto destac\u00f3 el acompa\u00f1amiento por parte de los grupos de trabajo consolidados en el \u00e1mbito del IAPCBA y del IMITAB. <\/p>\n\n\n\n<p>\u201cSiempre es complejo presentarse a estas convocatorias y m\u00e1s all\u00e1 de los montos obtenidos, celebramos haber superado la instancia de postulaci\u00f3n y que todos los equipos que se presentaron hayan cumplido con los requisitos del Programa\u201d, sostuvo.<\/p>\n\n\n\n<p><strong>Instituto de Ciencias Humanas (IAPCH)<\/strong><br>En el \u00e1mbito del Instituto que concentra la formaci\u00f3n en educaci\u00f3n, arte y salud calificaron 7 propuestas de becarias\/os, docentes, investigadoras\/os y estudiantes de posgrado.<\/p>\n\n\n\n<p>Cada equipo emergente con proyecciones de consolidaci\u00f3n en el corto y mediano plazo ser\u00e1 liderado por:<\/p>\n\n\n\n<ul class=\"wp-block-list\"><li><strong>Ana Cavagnero |<\/strong>&nbsp;\u201cSociabilidad y acceso al conocimiento de adolescentes y j\u00f3venes sordes de escuelas secundarias de la ciudad de Villa Mar\u00eda (C\u00f3rdoba, Argentina)\u201d.<\/li><li><strong>Florencia Frete |<\/strong>&nbsp;\u201cAn\u00e1lisis de los usos y apropiaci\u00f3n de nuevas tecnolog\u00edas desarrolladas por\/para adultos mayores en el coro de la Universidad Nacional de Villa Mar\u00eda (UNVM)\u201d.<\/li><li><strong>Ayel\u00e9n Inda |<\/strong>&nbsp;\u201cEstudio del mecanismo de acci\u00f3n y de la actividad antimicrobiana de sistemas l\u00edquidos nanoparticulados autofluorecentes cargados con carvacrol\u201d.<\/li><li><strong>Luj\u00e1n Mart\u00ednez |<\/strong>&nbsp;\u201cEntornos virtuales y herramientas digitales en carreras art\u00edsticas: desaf\u00edos did\u00e1cticos en el estudio de repertorio vocal pluriling\u00fce\u201d.<\/li><li><strong>B\u00e1rbara Pastore |<\/strong>&nbsp;\u201cPropuesta de trabajo para la ense\u00f1anza de las pr\u00e1cticas de lectura y escritura desde las polialfabetizaciones en la escuela secundaria\u201d.<\/li><li><strong>Ignacio Huerta |<\/strong>&nbsp;\u201cRealizar, escuchar y ver \u00f3pera argentina contempor\u00e1nea. El caso de la \u00f3pera experimental Memorias del Camino\u201d.<\/li><li><strong>Dafne Mizdraje |<\/strong>&nbsp;\u201cEvaluaci\u00f3n de la Sustentabilidad en contexto de cambio clim\u00e1tico en la localidad de Villa Mar\u00eda y \u00e1rea de influencia\u201d.<\/li><\/ul>\n\n\n\n<p>Tras conocerse los resultados de la convocatoria provincial, el secretario de Investigaci\u00f3n y Extensi\u00f3n del Instituto de Ciencias Humanas Jorge Anuziata celebr\u00f3 que \u201cj\u00f3venes investigadoras\/es puedan empezar a trabajar y a armar sus propias propuestas\u201d.<\/p>\n\n\n\n<p>Asimismo, resalt\u00f3 el impacto positivo para el IAPCH y el CIT Villa Mar\u00eda: \u201chaber logrado estos siete proyectos es de suma importancia en la parte financiera, que ayuda, pero tambi\u00e9n porque las\/os comienza a posicionar como generadoras\/es de propias ideas para investigaci\u00f3n. Es un bien para el futuro\u201d, indic\u00f3 el funcionario.<\/p>\n\n\n\n<p><strong>Instituto de Ciencias Sociales (IAPCS)<\/strong><br>Cuatro proyectos dirigidos por becarios doctorales, doctorandos y postdoctorales que desarrollan su actividad acad\u00e9mica y profesional en el Instituto obtuvieron financiamiento en el marco de esta iniciativa provincial que busca proporcionar herramientas y antecedentes a quienes est\u00e1n en el tramo inicial de sus trayectorias dentro de la producci\u00f3n de conocimiento cient\u00edfico-tecnol\u00f3gico.<\/p>\n\n\n\n<ul class=\"wp-block-list\"><li><strong>Ver\u00f3nica Ar\u00e1oz |<\/strong>&nbsp;\u201cViolencias y discursos de odio en plataformas medi\u00e1ticas\u201d.<\/li><li><strong>Roc\u00edo Fatyass |<\/strong>&nbsp;\u201cNi\u00f1xs y J\u00f3venes Investigadorxs en Villa Nueva y Villa Mar\u00eda: protagonismos, ciencia y transferencia\u201d.<\/li><li><strong>D\u00e9bora Goldin |<\/strong>&nbsp;\u201cSeguridad y gobierno abierto en clave local. La incorporaci\u00f3n de TICs en las pol\u00edticas p\u00fablicas de los Municipios de la provincia de C\u00f3rdoba\u201d.<\/li><li><strong>Gimena Loza |<\/strong>&nbsp;\u201cPercepciones, desigualdad social y g\u00e9nero en localidades medianas y peque\u00f1as de la Provincia de C\u00f3rdoba: la mirada de mujeres j\u00f3venes seg\u00fan sus posiciones, representaciones y condiciones materiales de vida\u201d.<\/li><\/ul>\n\n\n\n<p>\u201cEsta convocatoria conjunta entre la provincia de C\u00f3rdoba y las Universidades permite fortalecer los equipos locales conformados por j\u00f3venes investigadoras\/es. <\/p>\n\n\n\n<p>No solo como parte de un grupo, sino ejerciendo la direcci\u00f3n y co-direcci\u00f3n de sus propias l\u00edneas de trabajo junto a j\u00f3venes docentes investigadoras\/es del IAPCS y de quienes est\u00e1n nucleadas\/os en CCONFINES\u201d, afirm\u00f3 la secretaria de Investigaci\u00f3n y Extensi\u00f3n del Instituto de Ciencias Sociales Carla Avenda\u00f1o Manelli.<\/p>\n","protected":false},"excerpt":{"rendered":"<p>Los equipos recibir\u00e1n subsidios del Ministerio de Ciencia y Tecnolog\u00eda de C\u00f3rdoba para financiar distintas l\u00edneas de trabajo. Veinte proyectos liderados por j\u00f3venes investigadora\/es de la Universidad Nacional de Villa Mar\u00eda (UNVM)&nbsp;fueron seleccionadas\/os en el marco de una convocatoria impulsada por el Ministerio de Ciencia y Tecnolog\u00eda de la Provincia de C\u00f3rdoba. A partir de [&hellip;]<\/p>\n","protected":false},"author":4,"featured_media":75996,"comment_status":"open","ping_status":"open","sticky":false,"template":"","format":"standard","meta":{"site-sidebar-layout":"default","site-content-layout":"","ast-site-content-layout":"default","site-content-style":"default","site-sidebar-style":"default","ast-global-header-display":"","ast-banner-title-visibility":"","ast-main-header-display":"","ast-hfb-above-header-display":"","ast-hfb-below-header-display":"","ast-hfb-mobile-header-display":"","site-post-title":"","ast-breadcrumbs-content":"","ast-featured-img":"","footer-sml-layout":"","ast-disable-related-posts":"","theme-transparent-header-meta":"","adv-header-id-meta":"","stick-header-meta":"","header-above-stick-meta":"","header-main-stick-meta":"","header-below-stick-meta":"","astra-migrate-meta-layouts":"default","ast-page-background-enabled":"default","ast-page-background-meta":{"desktop":{"background-color":"","background-image":"","background-repeat":"repeat","background-position":"center center","background-size":"auto","background-attachment":"scroll","background-type":"","background-media":"","overlay-type":"","overlay-color":"","overlay-opacity":"","overlay-gradient":""},"tablet":{"background-color":"","background-image":"","background-repeat":"repeat","background-position":"center center","background-size":"auto","background-attachment":"scroll","background-type":"","background-media":"","overlay-type":"","overlay-color":"","overlay-opacity":"","overlay-gradient":""},"mobile":{"background-color":"","background-image":"","background-repeat":"repeat","background-position":"center center","background-size":"auto","background-attachment":"scroll","background-type":"","background-media":"","overlay-type":"","overlay-color":"","overlay-opacity":"","overlay-gradient":""}},"ast-content-background-meta":{"desktop":{"background-color":"var(--ast-global-color-5)","background-image":"","background-repeat":"repeat","background-position":"center center","background-size":"auto","background-attachment":"scroll","background-type":"","background-media":"","overlay-type":"","overlay-color":"","overlay-opacity":"","overlay-gradient":""},"tablet":{"background-color":"var(--ast-global-color-5)","background-image":"","background-repeat":"repeat","background-position":"center center","background-size":"auto","background-attachment":"scroll","background-type":"","background-media":"","overlay-type":"","overlay-color":"","overlay-opacity":"","overlay-gradient":""},"mobile":{"background-color":"var(--ast-global-color-5)","background-image":"","background-repeat":"repeat","background-position":"center center","background-size":"auto","background-attachment":"scroll","background-type":"","background-media":"","overlay-type":"","overlay-color":"","overlay-opacity":"","overlay-gradient":""}},"_jetpack_memberships_contains_paid_content":false,"_joinchat":[],"footnotes":""},"categories":[15302,5,2],"tags":[],"class_list":["post-75995","post","type-post","status-publish","format-standard","has-post-thumbnail","hentry","category-destacado","category-sociedad","category-villa-maria"],"yoast_head":"<!-- This site is optimized with the Yoast SEO plugin v26.8 - https:\/\/yoast.com\/product\/yoast-seo-wordpress\/ -->\n<title>J\u00f3venes investigadoras\/es de la UNVM seleccionadas\/os en convocatoria provincial - El Regional<\/title>\n<meta name=\"robots\" content=\"index, follow, max-snippet:-1, max-image-preview:large, max-video-preview:-1\" \/>\n<link rel=\"canonical\" href=\"http:\/\/elregionalvm.com.ar\/noticias-villa-maria\/jovenes-investigadoras-es-de-la-unvm-seleccionadas-os-en-convocatoria-provincial\/\" \/>\n<meta property=\"og:locale\" content=\"es_ES\" \/>\n<meta property=\"og:type\" content=\"article\" \/>\n<meta property=\"og:title\" content=\"J\u00f3venes investigadoras\/es de la UNVM seleccionadas\/os en convocatoria provincial - El Regional\" \/>\n<meta property=\"og:description\" content=\"Los equipos recibir\u00e1n subsidios del Ministerio de Ciencia y Tecnolog\u00eda de C\u00f3rdoba para financiar distintas l\u00edneas de trabajo. Veinte proyectos liderados por j\u00f3venes investigadora\/es de la Universidad Nacional de Villa Mar\u00eda (UNVM)&nbsp;fueron seleccionadas\/os en el marco de una convocatoria impulsada por el Ministerio de Ciencia y Tecnolog\u00eda de la Provincia de C\u00f3rdoba. A partir de [&hellip;]\" \/>\n<meta property=\"og:url\" content=\"http:\/\/elregionalvm.com.ar\/noticias-villa-maria\/jovenes-investigadoras-es-de-la-unvm-seleccionadas-os-en-convocatoria-provincial\/\" \/>\n<meta property=\"og:site_name\" content=\"El Regional\" \/>\n<meta property=\"article:publisher\" content=\"https:\/\/www.facebook.com\/elregionalvm\" \/>\n<meta property=\"article:published_time\" content=\"2023-05-06T21:35:43+00:00\" \/>\n<meta property=\"article:modified_time\" content=\"2023-05-06T21:35:45+00:00\" \/>\n<meta property=\"og:image\" content=\"http:\/\/elregionalvm.com.ar\/noticias-villa-maria\/wp-content\/uploads\/2023\/05\/UNVM_Resultados_JovenesInvestigacion_Collage.jpg\" \/>\n\t<meta property=\"og:image:width\" content=\"800\" \/>\n\t<meta property=\"og:image:height\" content=\"640\" \/>\n\t<meta property=\"og:image:type\" content=\"image\/jpeg\" \/>\n<meta name=\"author\" content=\"Contenidos El Regional\" \/>\n<meta name=\"twitter:card\" content=\"summary_large_image\" \/>\n<meta name=\"twitter:creator\" content=\"@elregionalvm1\" \/>\n<meta name=\"twitter:site\" content=\"@elregionalvm1\" \/>\n<meta name=\"twitter:label1\" content=\"Escrito por\" \/>\n\t<meta name=\"twitter:data1\" content=\"Contenidos El Regional\" \/>\n\t<meta name=\"twitter:label2\" content=\"Tiempo de lectura\" \/>\n\t<meta name=\"twitter:data2\" content=\"5 minutos\" \/>\n<script type=\"application\/ld+json\" class=\"yoast-schema-graph\">{\"@context\":\"https:\/\/schema.org\",\"@graph\":[{\"@type\":\"Article\",\"@id\":\"http:\/\/elregionalvm.com.ar\/noticias-villa-maria\/jovenes-investigadoras-es-de-la-unvm-seleccionadas-os-en-convocatoria-provincial\/#article\",\"isPartOf\":{\"@id\":\"http:\/\/elregionalvm.com.ar\/noticias-villa-maria\/jovenes-investigadoras-es-de-la-unvm-seleccionadas-os-en-convocatoria-provincial\/\"},\"author\":{\"name\":\"Contenidos El Regional\",\"@id\":\"http:\/\/elregionalvm.com.ar\/noticias-villa-maria\/#\/schema\/person\/a0fb9c422317faca23d50163151bc354\"},\"headline\":\"J\u00f3venes investigadoras\/es de la UNVM seleccionadas\/os en convocatoria provincial\",\"datePublished\":\"2023-05-06T21:35:43+00:00\",\"dateModified\":\"2023-05-06T21:35:45+00:00\",\"mainEntityOfPage\":{\"@id\":\"http:\/\/elregionalvm.com.ar\/noticias-villa-maria\/jovenes-investigadoras-es-de-la-unvm-seleccionadas-os-en-convocatoria-provincial\/\"},\"wordCount\":1201,\"commentCount\":0,\"image\":{\"@id\":\"http:\/\/elregionalvm.com.ar\/noticias-villa-maria\/jovenes-investigadoras-es-de-la-unvm-seleccionadas-os-en-convocatoria-provincial\/#primaryimage\"},\"thumbnailUrl\":\"https:\/\/i0.wp.com\/elregionalvm.com.ar\/noticias-villa-maria\/wp-content\/uploads\/2023\/05\/UNVM_Resultados_JovenesInvestigacion_Collage.jpg?fit=800%2C640&ssl=1\",\"articleSection\":[\"destacado\",\"Sociedad\",\"Villa Mar\u00eda\"],\"inLanguage\":\"es\",\"potentialAction\":[{\"@type\":\"CommentAction\",\"name\":\"Comment\",\"target\":[\"http:\/\/elregionalvm.com.ar\/noticias-villa-maria\/jovenes-investigadoras-es-de-la-unvm-seleccionadas-os-en-convocatoria-provincial\/#respond\"]}]},{\"@type\":\"WebPage\",\"@id\":\"http:\/\/elregionalvm.com.ar\/noticias-villa-maria\/jovenes-investigadoras-es-de-la-unvm-seleccionadas-os-en-convocatoria-provincial\/\",\"url\":\"http:\/\/elregionalvm.com.ar\/noticias-villa-maria\/jovenes-investigadoras-es-de-la-unvm-seleccionadas-os-en-convocatoria-provincial\/\",\"name\":\"J\u00f3venes investigadoras\/es de la UNVM seleccionadas\/os en convocatoria provincial - El Regional\",\"isPartOf\":{\"@id\":\"http:\/\/elregionalvm.com.ar\/noticias-villa-maria\/#website\"},\"primaryImageOfPage\":{\"@id\":\"http:\/\/elregionalvm.com.ar\/noticias-villa-maria\/jovenes-investigadoras-es-de-la-unvm-seleccionadas-os-en-convocatoria-provincial\/#primaryimage\"},\"image\":{\"@id\":\"http:\/\/elregionalvm.com.ar\/noticias-villa-maria\/jovenes-investigadoras-es-de-la-unvm-seleccionadas-os-en-convocatoria-provincial\/#primaryimage\"},\"thumbnailUrl\":\"https:\/\/i0.wp.com\/elregionalvm.com.ar\/noticias-villa-maria\/wp-content\/uploads\/2023\/05\/UNVM_Resultados_JovenesInvestigacion_Collage.jpg?fit=800%2C640&ssl=1\",\"datePublished\":\"2023-05-06T21:35:43+00:00\",\"dateModified\":\"2023-05-06T21:35:45+00:00\",\"author\":{\"@id\":\"http:\/\/elregionalvm.com.ar\/noticias-villa-maria\/#\/schema\/person\/a0fb9c422317faca23d50163151bc354\"},\"breadcrumb\":{\"@id\":\"http:\/\/elregionalvm.com.ar\/noticias-villa-maria\/jovenes-investigadoras-es-de-la-unvm-seleccionadas-os-en-convocatoria-provincial\/#breadcrumb\"},\"inLanguage\":\"es\",\"potentialAction\":[{\"@type\":\"ReadAction\",\"target\":[\"http:\/\/elregionalvm.com.ar\/noticias-villa-maria\/jovenes-investigadoras-es-de-la-unvm-seleccionadas-os-en-convocatoria-provincial\/\"]}]},{\"@type\":\"ImageObject\",\"inLanguage\":\"es\",\"@id\":\"http:\/\/elregionalvm.com.ar\/noticias-villa-maria\/jovenes-investigadoras-es-de-la-unvm-seleccionadas-os-en-convocatoria-provincial\/#primaryimage\",\"url\":\"https:\/\/i0.wp.com\/elregionalvm.com.ar\/noticias-villa-maria\/wp-content\/uploads\/2023\/05\/UNVM_Resultados_JovenesInvestigacion_Collage.jpg?fit=800%2C640&ssl=1\",\"contentUrl\":\"https:\/\/i0.wp.com\/elregionalvm.com.ar\/noticias-villa-maria\/wp-content\/uploads\/2023\/05\/UNVM_Resultados_JovenesInvestigacion_Collage.jpg?fit=800%2C640&ssl=1\",\"width\":800,\"height\":640},{\"@type\":\"BreadcrumbList\",\"@id\":\"http:\/\/elregionalvm.com.ar\/noticias-villa-maria\/jovenes-investigadoras-es-de-la-unvm-seleccionadas-os-en-convocatoria-provincial\/#breadcrumb\",\"itemListElement\":[{\"@type\":\"ListItem\",\"position\":1,\"name\":\"Portada\",\"item\":\"https:\/\/elregionalvm.com.ar\/noticias-villa-maria\/\"},{\"@type\":\"ListItem\",\"position\":2,\"name\":\"J\u00f3venes investigadoras\/es de la UNVM seleccionadas\/os en convocatoria provincial\"}]},{\"@type\":\"WebSite\",\"@id\":\"http:\/\/elregionalvm.com.ar\/noticias-villa-maria\/#website\",\"url\":\"http:\/\/elregionalvm.com.ar\/noticias-villa-maria\/\",\"name\":\"El Regional\",\"description\":\"Mucho m\u00e1s que informaci\u00f3n\",\"potentialAction\":[{\"@type\":\"SearchAction\",\"target\":{\"@type\":\"EntryPoint\",\"urlTemplate\":\"http:\/\/elregionalvm.com.ar\/noticias-villa-maria\/?s={search_term_string}\"},\"query-input\":{\"@type\":\"PropertyValueSpecification\",\"valueRequired\":true,\"valueName\":\"search_term_string\"}}],\"inLanguage\":\"es\"},{\"@type\":\"Person\",\"@id\":\"http:\/\/elregionalvm.com.ar\/noticias-villa-maria\/#\/schema\/person\/a0fb9c422317faca23d50163151bc354\",\"name\":\"Contenidos El Regional\",\"image\":{\"@type\":\"ImageObject\",\"inLanguage\":\"es\",\"@id\":\"http:\/\/elregionalvm.com.ar\/noticias-villa-maria\/#\/schema\/person\/image\/\",\"url\":\"https:\/\/secure.gravatar.com\/avatar\/265b27cb2209af7bb3a1318f03305787d7981a5cc6e6cd08fe5a4ecdf99d4b48?s=96&d=mm&r=g\",\"contentUrl\":\"https:\/\/secure.gravatar.com\/avatar\/265b27cb2209af7bb3a1318f03305787d7981a5cc6e6cd08fe5a4ecdf99d4b48?s=96&d=mm&r=g\",\"caption\":\"Contenidos El Regional\"},\"url\":\"https:\/\/elregionalvm.com.ar\/noticias-villa-maria\/author\/contenido\/\"}]}<\/script>\n<!-- \/ Yoast SEO plugin. -->","yoast_head_json":{"title":"J\u00f3venes investigadoras\/es de la UNVM seleccionadas\/os en convocatoria provincial - El Regional","robots":{"index":"index","follow":"follow","max-snippet":"max-snippet:-1","max-image-preview":"max-image-preview:large","max-video-preview":"max-video-preview:-1"},"canonical":"http:\/\/elregionalvm.com.ar\/noticias-villa-maria\/jovenes-investigadoras-es-de-la-unvm-seleccionadas-os-en-convocatoria-provincial\/","og_locale":"es_ES","og_type":"article","og_title":"J\u00f3venes investigadoras\/es de la UNVM seleccionadas\/os en convocatoria provincial - El Regional","og_description":"Los equipos recibir\u00e1n subsidios del Ministerio de Ciencia y Tecnolog\u00eda de C\u00f3rdoba para financiar distintas l\u00edneas de trabajo. Veinte proyectos liderados por j\u00f3venes investigadora\/es de la Universidad Nacional de Villa Mar\u00eda (UNVM)&nbsp;fueron seleccionadas\/os en el marco de una convocatoria impulsada por el Ministerio de Ciencia y Tecnolog\u00eda de la Provincia de C\u00f3rdoba. A partir de [&hellip;]","og_url":"http:\/\/elregionalvm.com.ar\/noticias-villa-maria\/jovenes-investigadoras-es-de-la-unvm-seleccionadas-os-en-convocatoria-provincial\/","og_site_name":"El Regional","article_publisher":"https:\/\/www.facebook.com\/elregionalvm","article_published_time":"2023-05-06T21:35:43+00:00","article_modified_time":"2023-05-06T21:35:45+00:00","og_image":[{"width":800,"height":640,"url":"http:\/\/elregionalvm.com.ar\/noticias-villa-maria\/wp-content\/uploads\/2023\/05\/UNVM_Resultados_JovenesInvestigacion_Collage.jpg","type":"image\/jpeg"}],"author":"Contenidos El Regional","twitter_card":"summary_large_image","twitter_creator":"@elregionalvm1","twitter_site":"@elregionalvm1","twitter_misc":{"Escrito por":"Contenidos El Regional","Tiempo de lectura":"5 minutos"},"schema":{"@context":"https:\/\/schema.org","@graph":[{"@type":"Article","@id":"http:\/\/elregionalvm.com.ar\/noticias-villa-maria\/jovenes-investigadoras-es-de-la-unvm-seleccionadas-os-en-convocatoria-provincial\/#article","isPartOf":{"@id":"http:\/\/elregionalvm.com.ar\/noticias-villa-maria\/jovenes-investigadoras-es-de-la-unvm-seleccionadas-os-en-convocatoria-provincial\/"},"author":{"name":"Contenidos El Regional","@id":"http:\/\/elregionalvm.com.ar\/noticias-villa-maria\/#\/schema\/person\/a0fb9c422317faca23d50163151bc354"},"headline":"J\u00f3venes investigadoras\/es de la UNVM seleccionadas\/os en convocatoria provincial","datePublished":"2023-05-06T21:35:43+00:00","dateModified":"2023-05-06T21:35:45+00:00","mainEntityOfPage":{"@id":"http:\/\/elregionalvm.com.ar\/noticias-villa-maria\/jovenes-investigadoras-es-de-la-unvm-seleccionadas-os-en-convocatoria-provincial\/"},"wordCount":1201,"commentCount":0,"image":{"@id":"http:\/\/elregionalvm.com.ar\/noticias-villa-maria\/jovenes-investigadoras-es-de-la-unvm-seleccionadas-os-en-convocatoria-provincial\/#primaryimage"},"thumbnailUrl":"https:\/\/i0.wp.com\/elregionalvm.com.ar\/noticias-villa-maria\/wp-content\/uploads\/2023\/05\/UNVM_Resultados_JovenesInvestigacion_Collage.jpg?fit=800%2C640&ssl=1","articleSection":["destacado","Sociedad","Villa Mar\u00eda"],"inLanguage":"es","potentialAction":[{"@type":"CommentAction","name":"Comment","target":["http:\/\/elregionalvm.com.ar\/noticias-villa-maria\/jovenes-investigadoras-es-de-la-unvm-seleccionadas-os-en-convocatoria-provincial\/#respond"]}]},{"@type":"WebPage","@id":"http:\/\/elregionalvm.com.ar\/noticias-villa-maria\/jovenes-investigadoras-es-de-la-unvm-seleccionadas-os-en-convocatoria-provincial\/","url":"http:\/\/elregionalvm.com.ar\/noticias-villa-maria\/jovenes-investigadoras-es-de-la-unvm-seleccionadas-os-en-convocatoria-provincial\/","name":"J\u00f3venes investigadoras\/es de la UNVM seleccionadas\/os en convocatoria provincial - El Regional","isPartOf":{"@id":"http:\/\/elregionalvm.com.ar\/noticias-villa-maria\/#website"},"primaryImageOfPage":{"@id":"http:\/\/elregionalvm.com.ar\/noticias-villa-maria\/jovenes-investigadoras-es-de-la-unvm-seleccionadas-os-en-convocatoria-provincial\/#primaryimage"},"image":{"@id":"http:\/\/elregionalvm.com.ar\/noticias-villa-maria\/jovenes-investigadoras-es-de-la-unvm-seleccionadas-os-en-convocatoria-provincial\/#primaryimage"},"thumbnailUrl":"https:\/\/i0.wp.com\/elregionalvm.com.ar\/noticias-villa-maria\/wp-content\/uploads\/2023\/05\/UNVM_Resultados_JovenesInvestigacion_Collage.jpg?fit=800%2C640&ssl=1","datePublished":"2023-05-06T21:35:43+00:00","dateModified":"2023-05-06T21:35:45+00:00","author":{"@id":"http:\/\/elregionalvm.com.ar\/noticias-villa-maria\/#\/schema\/person\/a0fb9c422317faca23d50163151bc354"},"breadcrumb":{"@id":"http:\/\/elregionalvm.com.ar\/noticias-villa-maria\/jovenes-investigadoras-es-de-la-unvm-seleccionadas-os-en-convocatoria-provincial\/#breadcrumb"},"inLanguage":"es","potentialAction":[{"@type":"ReadAction","target":["http:\/\/elregionalvm.com.ar\/noticias-villa-maria\/jovenes-investigadoras-es-de-la-unvm-seleccionadas-os-en-convocatoria-provincial\/"]}]},{"@type":"ImageObject","inLanguage":"es","@id":"http:\/\/elregionalvm.com.ar\/noticias-villa-maria\/jovenes-investigadoras-es-de-la-unvm-seleccionadas-os-en-convocatoria-provincial\/#primaryimage","url":"https:\/\/i0.wp.com\/elregionalvm.com.ar\/noticias-villa-maria\/wp-content\/uploads\/2023\/05\/UNVM_Resultados_JovenesInvestigacion_Collage.jpg?fit=800%2C640&ssl=1","contentUrl":"https:\/\/i0.wp.com\/elregionalvm.com.ar\/noticias-villa-maria\/wp-content\/uploads\/2023\/05\/UNVM_Resultados_JovenesInvestigacion_Collage.jpg?fit=800%2C640&ssl=1","width":800,"height":640},{"@type":"BreadcrumbList","@id":"http:\/\/elregionalvm.com.ar\/noticias-villa-maria\/jovenes-investigadoras-es-de-la-unvm-seleccionadas-os-en-convocatoria-provincial\/#breadcrumb","itemListElement":[{"@type":"ListItem","position":1,"name":"Portada","item":"https:\/\/elregionalvm.com.ar\/noticias-villa-maria\/"},{"@type":"ListItem","position":2,"name":"J\u00f3venes investigadoras\/es de la UNVM seleccionadas\/os en convocatoria provincial"}]},{"@type":"WebSite","@id":"http:\/\/elregionalvm.com.ar\/noticias-villa-maria\/#website","url":"http:\/\/elregionalvm.com.ar\/noticias-villa-maria\/","name":"El Regional","description":"Mucho m\u00e1s que informaci\u00f3n","potentialAction":[{"@type":"SearchAction","target":{"@type":"EntryPoint","urlTemplate":"http:\/\/elregionalvm.com.ar\/noticias-villa-maria\/?s={search_term_string}"},"query-input":{"@type":"PropertyValueSpecification","valueRequired":true,"valueName":"search_term_string"}}],"inLanguage":"es"},{"@type":"Person","@id":"http:\/\/elregionalvm.com.ar\/noticias-villa-maria\/#\/schema\/person\/a0fb9c422317faca23d50163151bc354","name":"Contenidos El Regional","image":{"@type":"ImageObject","inLanguage":"es","@id":"http:\/\/elregionalvm.com.ar\/noticias-villa-maria\/#\/schema\/person\/image\/","url":"https:\/\/secure.gravatar.com\/avatar\/265b27cb2209af7bb3a1318f03305787d7981a5cc6e6cd08fe5a4ecdf99d4b48?s=96&d=mm&r=g","contentUrl":"https:\/\/secure.gravatar.com\/avatar\/265b27cb2209af7bb3a1318f03305787d7981a5cc6e6cd08fe5a4ecdf99d4b48?s=96&d=mm&r=g","caption":"Contenidos El Regional"},"url":"https:\/\/elregionalvm.com.ar\/noticias-villa-maria\/author\/contenido\/"}]}},"jetpack_featured_media_url":"https:\/\/i0.wp.com\/elregionalvm.com.ar\/noticias-villa-maria\/wp-content\/uploads\/2023\/05\/UNVM_Resultados_JovenesInvestigacion_Collage.jpg?fit=800%2C640&ssl=1","jetpack_sharing_enabled":true,"_links":{"self":[{"href":"https:\/\/elregionalvm.com.ar\/noticias-villa-maria\/wp-json\/wp\/v2\/posts\/75995","targetHints":{"allow":["GET"]}}],"collection":[{"href":"https:\/\/elregionalvm.com.ar\/noticias-villa-maria\/wp-json\/wp\/v2\/posts"}],"about":[{"href":"https:\/\/elregionalvm.com.ar\/noticias-villa-maria\/wp-json\/wp\/v2\/types\/post"}],"author":[{"embeddable":true,"href":"https:\/\/elregionalvm.com.ar\/noticias-villa-maria\/wp-json\/wp\/v2\/users\/4"}],"replies":[{"embeddable":true,"href":"https:\/\/elregionalvm.com.ar\/noticias-villa-maria\/wp-json\/wp\/v2\/comments?post=75995"}],"version-history":[{"count":1,"href":"https:\/\/elregionalvm.com.ar\/noticias-villa-maria\/wp-json\/wp\/v2\/posts\/75995\/revisions"}],"predecessor-version":[{"id":75997,"href":"https:\/\/elregionalvm.com.ar\/noticias-villa-maria\/wp-json\/wp\/v2\/posts\/75995\/revisions\/75997"}],"wp:featuredmedia":[{"embeddable":true,"href":"https:\/\/elregionalvm.com.ar\/noticias-villa-maria\/wp-json\/wp\/v2\/media\/75996"}],"wp:attachment":[{"href":"https:\/\/elregionalvm.com.ar\/noticias-villa-maria\/wp-json\/wp\/v2\/media?parent=75995"}],"wp:term":[{"taxonomy":"category","embeddable":true,"href":"https:\/\/elregionalvm.com.ar\/noticias-villa-maria\/wp-json\/wp\/v2\/categories?post=75995"},{"taxonomy":"post_tag","embeddable":true,"href":"https:\/\/elregionalvm.com.ar\/noticias-villa-maria\/wp-json\/wp\/v2\/tags?post=75995"}],"curies":[{"name":"wp","href":"https:\/\/api.w.org\/{rel}","templated":true}]}}