{"id":76007,"date":"2023-05-08T03:08:41","date_gmt":"2023-05-08T03:08:41","guid":{"rendered":"https:\/\/elregionalvm.com.ar\/noticias-villa-maria\/?p=76007"},"modified":"2023-05-09T14:27:37","modified_gmt":"2023-05-09T14:27:37","slug":"elecciones-en-cordoba-las-listas-y-candidatos-para-gobernador-y-legisladores","status":"publish","type":"post","link":"https:\/\/elregionalvm.com.ar\/noticias-villa-maria\/elecciones-en-cordoba-las-listas-y-candidatos-para-gobernador-y-legisladores\/","title":{"rendered":"Elecciones en C\u00f3rdoba: Las listas y candidatos para gobernador y legisladores"},"content":{"rendered":"\n<p><\/p>\n\n\n\n<h3 class=\"wp-block-heading\"><strong>Un total de nueve fuerzas participar\u00e1n en la contienda electoral tras definirse el cierre de listas. Se trata de seis coaliciones y tres partidos. Una cantidad menor a los comicios anteriores, cuando se presentaron 13 opciones. El 25 de junio se elegir\u00e1 gobernador y vice, legisladores para la Unicameral y Tribunal de Cuentas de la provincia.<\/strong><\/h3>\n\n\n\n<p>Las propuestas de Mart\u00edn Llaryora y Myriam Prunotto, de Hacemos Unidos por C\u00f3rdoba y de Luis Juez y Marcos Carasso, de Juntos por el Cambio, se llevan el poster central en la previa a las elecciones provinciales del 25 de junio.<\/p>\n\n\n\n<p>Pero, no ser\u00e1n las \u00fanicas posibilidades de elegir para los cordobeses. Un total de nueve listas estar\u00e1n en carrera para seducir votantes con la finalidad de poder recalar en el Panal o en la Unicameral desde diciembre pr\u00f3ximo.<\/p>\n\n\n\n<p><\/p>\n\n\n\n<figure class=\"wp-block-image size-full is-resized\"><img data-recalc-dims=\"1\" fetchpriority=\"high\" decoding=\"async\" src=\"https:\/\/i0.wp.com\/elregionalvm.com.ar\/noticias-villa-maria\/wp-content\/uploads\/2021\/08\/Elecciones-urnas-Villa-Maria.jpg?resize=910%2C572&#038;ssl=1\" alt=\"\" class=\"wp-image-43511\" width=\"910\" height=\"572\" srcset=\"https:\/\/i0.wp.com\/elregionalvm.com.ar\/noticias-villa-maria\/wp-content\/uploads\/2021\/08\/Elecciones-urnas-Villa-Maria.jpg?w=848&amp;ssl=1 848w, https:\/\/i0.wp.com\/elregionalvm.com.ar\/noticias-villa-maria\/wp-content\/uploads\/2021\/08\/Elecciones-urnas-Villa-Maria.jpg?resize=300%2C189&amp;ssl=1 300w, https:\/\/i0.wp.com\/elregionalvm.com.ar\/noticias-villa-maria\/wp-content\/uploads\/2021\/08\/Elecciones-urnas-Villa-Maria.jpg?resize=768%2C483&amp;ssl=1 768w\" sizes=\"(max-width: 910px) 100vw, 910px\" \/><\/figure>\n\n\n\n<p><\/p>\n\n\n\n<p>El cierre de presentaci\u00f3n de listas solo se vio alterado en parte por la discusi\u00f3n interna en Juntos por el Cambio que deriv\u00f3 en una tard\u00eda inscripci\u00f3n ante la Junta Electoral. Y las discusiones no cesaban horas despu\u00e9s.<\/p>\n\n\n\n<p>Las urnas se habilitar\u00e1n desde las 8 de la ma\u00f1ana del domingo 25 de junio, jornada que podr\u00eda marcar el inicio de una nueva etapa en el oficialismo que gobierna desde hace 24 a\u00f1os, o un cambio de signo pol\u00edtico en tierras cordobesas.<\/p>\n\n\n\n<p>A continuaci\u00f3n, presentamos el men\u00fa de la oferta electoral disponible.<\/p>\n\n\n\n<p><\/p>\n\n\n\n<h4 class=\"wp-block-heading\"><strong>Hacemos Unidos por C\u00f3rdoba<\/strong><\/h4>\n\n\n\n<p><\/p>\n\n\n\n<p><\/p>\n\n\n\n<figure class=\"wp-block-image size-full\"><img data-recalc-dims=\"1\" decoding=\"async\" width=\"1000\" height=\"632\" src=\"https:\/\/i0.wp.com\/elregionalvm.com.ar\/noticias-villa-maria\/wp-content\/uploads\/2023\/02\/Llaryora-licencia-digital.jpeg?resize=1000%2C632&#038;ssl=1\" alt=\"\" class=\"wp-image-71601\" srcset=\"https:\/\/i0.wp.com\/elregionalvm.com.ar\/noticias-villa-maria\/wp-content\/uploads\/2023\/02\/Llaryora-licencia-digital.jpeg?w=1000&amp;ssl=1 1000w, https:\/\/i0.wp.com\/elregionalvm.com.ar\/noticias-villa-maria\/wp-content\/uploads\/2023\/02\/Llaryora-licencia-digital.jpeg?resize=300%2C190&amp;ssl=1 300w, https:\/\/i0.wp.com\/elregionalvm.com.ar\/noticias-villa-maria\/wp-content\/uploads\/2023\/02\/Llaryora-licencia-digital.jpeg?resize=768%2C485&amp;ssl=1 768w\" sizes=\"(max-width: 1000px) 100vw, 1000px\" \/><\/figure>\n\n\n\n<p><\/p>\n\n\n\n<p><strong>Gobernador y vice:<\/strong> Mart\u00edn Llaryora (intendente de C\u00f3rdoba) y Myrian Prunotto (intendenta en uso de licencia de Ju\u00e1rez Celman).<\/p>\n\n\n\n<p><strong>Legisladores por distrito \u00fanico (lista s\u00e1bana), primeros 10 lugares:<\/strong> Juan Manuel Llamosas (intendente de R\u00edo Cuarto), Claudia Mart\u00ednez (ministra de la Mujer de C\u00f3rdoba), Manuel Calvo (vicegobernador de C\u00f3rdoba), Nadia Fern\u00e1ndez (vicepresidenta de la Legislatura de C\u00f3rdoba), Leonardo Limia (legislador), Laura Jure (ministra de H\u00e1bitat y Familia), Miguel Siciliano (Secretario de Gobierno de la Municipalidad de C\u00f3rdoba), Ver\u00f3nica Navarro (S\u00edndica de la<a> <\/a>Agencia C\u00f3rdoba Turismo y exconcejal de Villa Mar\u00eda), Ricardo Sosa y Carmen Su\u00e1rez.<\/p>\n\n\n\n<p><\/p>\n\n\n\n<h4 class=\"wp-block-heading\"><strong>Juntos por el Cambio<\/strong><\/h4>\n\n\n\n<p><\/p>\n\n\n\n<figure class=\"wp-block-image size-full\"><img data-recalc-dims=\"1\" decoding=\"async\" width=\"1000\" height=\"750\" src=\"https:\/\/i0.wp.com\/elregionalvm.com.ar\/noticias-villa-maria\/wp-content\/uploads\/2023\/05\/luis-juez.jpg?resize=1000%2C750&#038;ssl=1\" alt=\"\" class=\"wp-image-76011\" srcset=\"https:\/\/i0.wp.com\/elregionalvm.com.ar\/noticias-villa-maria\/wp-content\/uploads\/2023\/05\/luis-juez.jpg?w=1000&amp;ssl=1 1000w, https:\/\/i0.wp.com\/elregionalvm.com.ar\/noticias-villa-maria\/wp-content\/uploads\/2023\/05\/luis-juez.jpg?resize=300%2C225&amp;ssl=1 300w, https:\/\/i0.wp.com\/elregionalvm.com.ar\/noticias-villa-maria\/wp-content\/uploads\/2023\/05\/luis-juez.jpg?resize=768%2C576&amp;ssl=1 768w\" sizes=\"(max-width: 1000px) 100vw, 1000px\" \/><\/figure>\n\n\n\n<p><\/p>\n\n\n\n<p><strong>Gobernador y vice<\/strong>: Luis Juez (senador nacional) y Marcos Carasso (presidente de la UCR provincial). Aunque el nombre de Carasso apareci\u00f3 originalmente encabezando tambi\u00e9n la lista de postulantes a la Legislatura, pedir\u00e1n un cambio. Por esta doble postulaci\u00f3n del diputado nacional, Pedro Dellarrosa (exintendente de Marcos Ju\u00e1rez) declin\u00f3 ser parte de la lista.<\/p>\n\n\n\n<p><strong>Legisladores por distrito \u00fanico (lista s\u00e1bana), primeros 10 lugares:<\/strong> Oscar Agost Carre\u00f1o, Brenda Austin, Gustavo Bottasso, Karina Bruno (concejal de Villa Mar\u00eda), Miguel Nicol\u00e1s, Carmen Gloria Pereyra, Walter Nostrala, Alejandra Ferrero, Jos\u00e9 Bria,y Viviana Martocchia.<\/p>\n\n\n\n<p><\/p>\n\n\n\n<h4 class=\"wp-block-heading\"><strong>Creo en C\u00f3rdoba (Kirchnerismo y aliados)<\/strong><\/h4>\n\n\n\n<p><\/p>\n\n\n\n<figure class=\"wp-block-image size-large\"><img data-recalc-dims=\"1\" loading=\"lazy\" decoding=\"async\" width=\"1024\" height=\"576\" src=\"https:\/\/i0.wp.com\/elregionalvm.com.ar\/noticias-villa-maria\/wp-content\/uploads\/2023\/05\/Federico-Alesandri.jpeg?resize=1024%2C576&#038;ssl=1\" alt=\"\" class=\"wp-image-76012\" srcset=\"https:\/\/i0.wp.com\/elregionalvm.com.ar\/noticias-villa-maria\/wp-content\/uploads\/2023\/05\/Federico-Alesandri.jpeg?resize=1024%2C576&amp;ssl=1 1024w, https:\/\/i0.wp.com\/elregionalvm.com.ar\/noticias-villa-maria\/wp-content\/uploads\/2023\/05\/Federico-Alesandri.jpeg?resize=300%2C169&amp;ssl=1 300w, https:\/\/i0.wp.com\/elregionalvm.com.ar\/noticias-villa-maria\/wp-content\/uploads\/2023\/05\/Federico-Alesandri.jpeg?resize=768%2C432&amp;ssl=1 768w, https:\/\/i0.wp.com\/elregionalvm.com.ar\/noticias-villa-maria\/wp-content\/uploads\/2023\/05\/Federico-Alesandri.jpeg?w=1280&amp;ssl=1 1280w\" sizes=\"(max-width: 1000px) 100vw, 1000px\" \/><\/figure>\n\n\n\n<p><\/p>\n\n\n\n<p><strong>Gobernador y vice: <\/strong>Federico Alesandri (intendente de Embalse) y Gabriela Est\u00e9vez (diputada nacional). Ambos tambi\u00e9n lideran la n\u00f3mina de legisladores.<\/p>\n\n\n\n<p><strong>Legisladores por distrito \u00fanico (lista s\u00e1bana), primeros 10 lugares: <\/strong>Federico Alesandri, Gabriela Est\u00e9vez, Juan Monserrat (secretario General de la UEPC), Constanza \u201cCoty\u201d San Pedro (referente provincial de Juan Grabois) Ignacio Baselica, Olga Ruitort (directora del PAMI C\u00f3rdoba), Rodolfo Leyria, Glenda Henze, Ezequiel Gamarro y Sonia Golzman.<\/p>\n\n\n\n<p><\/p>\n\n\n\n<h4 class=\"wp-block-heading\"><strong>Encuentro Vecinal C\u00f3rdoba<\/strong><\/h4>\n\n\n\n<p><\/p>\n\n\n\n<figure class=\"wp-block-image size-large\"><img data-recalc-dims=\"1\" loading=\"lazy\" decoding=\"async\" width=\"1024\" height=\"576\" src=\"https:\/\/i0.wp.com\/elregionalvm.com.ar\/noticias-villa-maria\/wp-content\/uploads\/2021\/09\/Aurelio-Garcia-Elorrio-1024x576.jpg?resize=1024%2C576&#038;ssl=1\" alt=\"\" class=\"wp-image-44473\" srcset=\"https:\/\/i0.wp.com\/elregionalvm.com.ar\/noticias-villa-maria\/wp-content\/uploads\/2021\/09\/Aurelio-Garcia-Elorrio.jpg?resize=1024%2C576&amp;ssl=1 1024w, https:\/\/i0.wp.com\/elregionalvm.com.ar\/noticias-villa-maria\/wp-content\/uploads\/2021\/09\/Aurelio-Garcia-Elorrio.jpg?resize=300%2C169&amp;ssl=1 300w, https:\/\/i0.wp.com\/elregionalvm.com.ar\/noticias-villa-maria\/wp-content\/uploads\/2021\/09\/Aurelio-Garcia-Elorrio.jpg?resize=768%2C432&amp;ssl=1 768w, https:\/\/i0.wp.com\/elregionalvm.com.ar\/noticias-villa-maria\/wp-content\/uploads\/2021\/09\/Aurelio-Garcia-Elorrio.jpg?w=1200&amp;ssl=1 1200w\" sizes=\"(max-width: 1000px) 100vw, 1000px\" \/><\/figure>\n\n\n\n<p><\/p>\n\n\n\n<p><strong>Gobernador y vice: <\/strong>Aurelio Garc\u00eda Elorrio y Mar\u00eda Rosa Marcone (ambos exlegisladores provinciales)<\/p>\n\n\n\n<p><strong>Legisladores por distrito \u00fanico (lista s\u00e1bana), primeros 10 lugares:<\/strong> Rodrigo Agrelo, Mar\u00eda Rosa Marcone, Gerardo Grosso, Sof\u00eda Fern\u00e1ndez Montero, \u00c1lvaro Zamora Consigli, Noelia Provera, Lucas Larrosa, Mar\u00eda Teresa Vexenat de Francisco, Ricardo Condori y Ana In\u00e9s Chicala L\u00f3pez.<\/p>\n\n\n\n<p><\/p>\n\n\n\n<h4 class=\"wp-block-heading\"><strong>Frente Liberal Dem\u00f3crata Desarrollista<\/strong><\/h4>\n\n\n\n<p><\/p>\n\n\n\n<p><\/p>\n\n\n\n<figure class=\"wp-block-image size-large\"><img data-recalc-dims=\"1\" loading=\"lazy\" decoding=\"async\" width=\"1024\" height=\"768\" src=\"https:\/\/i0.wp.com\/elregionalvm.com.ar\/noticias-villa-maria\/wp-content\/uploads\/2023\/05\/Rodolfo-Eiben-libertad-avanza.jpg?resize=1024%2C768&#038;ssl=1\" alt=\"\" class=\"wp-image-76013\" srcset=\"https:\/\/i0.wp.com\/elregionalvm.com.ar\/noticias-villa-maria\/wp-content\/uploads\/2023\/05\/Rodolfo-Eiben-libertad-avanza.jpg?resize=1024%2C768&amp;ssl=1 1024w, https:\/\/i0.wp.com\/elregionalvm.com.ar\/noticias-villa-maria\/wp-content\/uploads\/2023\/05\/Rodolfo-Eiben-libertad-avanza.jpg?resize=300%2C225&amp;ssl=1 300w, https:\/\/i0.wp.com\/elregionalvm.com.ar\/noticias-villa-maria\/wp-content\/uploads\/2023\/05\/Rodolfo-Eiben-libertad-avanza.jpg?resize=768%2C576&amp;ssl=1 768w, https:\/\/i0.wp.com\/elregionalvm.com.ar\/noticias-villa-maria\/wp-content\/uploads\/2023\/05\/Rodolfo-Eiben-libertad-avanza.jpg?w=1040&amp;ssl=1 1040w\" sizes=\"(max-width: 1000px) 100vw, 1000px\" \/><\/figure>\n\n\n\n<p><\/p>\n\n\n\n<p><strong>Gobernador y vice:<\/strong> Rodolfo Eiben (presidente del Partido Dem\u00f3crata) y Gabriel Bornoroni.<\/p>\n\n\n\n<p><strong>Legisladores por distrito \u00fanico (lista s\u00e1bana), primeros 10 lugares: <\/strong>Cecilia Ib\u00e1\u00f1ez (presidenta del MID), Mar\u00eda Alejandra Ponce, Adolfo Gim\u00e9nez, Claudia Gonz\u00e1lez, Mateo Sarich, Gladys P\u00e9rez, Daniel Tossen, Mar\u00eda Paola Negro, Ricardo Cay\u00f3n, y Andrea Vel\u00e1zquez.<\/p>\n\n\n\n<p><\/p>\n\n\n\n<h4 class=\"wp-block-heading\"><strong>La Libertad Avanza<\/strong><\/h4>\n\n\n\n<p><\/p>\n\n\n\n<p><\/p>\n\n\n\n<figure class=\"wp-block-image size-full\"><img data-recalc-dims=\"1\" loading=\"lazy\" decoding=\"async\" width=\"960\" height=\"756\" src=\"https:\/\/i0.wp.com\/elregionalvm.com.ar\/noticias-villa-maria\/wp-content\/uploads\/2021\/09\/Agustin-Spaccecci.jpg?resize=960%2C756&#038;ssl=1\" alt=\"\" class=\"wp-image-44391\" srcset=\"https:\/\/i0.wp.com\/elregionalvm.com.ar\/noticias-villa-maria\/wp-content\/uploads\/2021\/09\/Agustin-Spaccecci.jpg?w=960&amp;ssl=1 960w, https:\/\/i0.wp.com\/elregionalvm.com.ar\/noticias-villa-maria\/wp-content\/uploads\/2021\/09\/Agustin-Spaccecci.jpg?resize=300%2C236&amp;ssl=1 300w, https:\/\/i0.wp.com\/elregionalvm.com.ar\/noticias-villa-maria\/wp-content\/uploads\/2021\/09\/Agustin-Spaccecci.jpg?resize=768%2C605&amp;ssl=1 768w\" sizes=\"(max-width: 960px) 100vw, 960px\" \/><\/figure>\n\n\n\n<p><\/p>\n\n\n\n<p><strong>Gobernador y vice:<\/strong> Agust\u00edn Spaccesi (presidente del Partido Libertario) y Mar\u00eda Cristina Lagger.<\/p>\n\n\n\n<p><strong>Legisladores por distrito \u00fanico (lista s\u00e1bana), primeros 10 lugares: <\/strong>Agust\u00edn Spaccesi, Mar\u00eda Cristina Lagger, Lucas Heredia, Daniela Louet, Santiago Pi\u00f1eiro, Mar\u00eda Emilia Echezarreta, Jonathan Naselli, Julieta Ceballos, Jos\u00e9 Ignacio Cabanillas y Mar\u00eda Yanina Rechimon.<\/p>\n\n\n\n<p><\/p>\n\n\n\n<h4 class=\"wp-block-heading\"><strong>Frente de Izquierda y los Trabajadores (FITU)<\/strong><\/h4>\n\n\n\n<p><\/p>\n\n\n\n<figure class=\"wp-block-image size-large\"><img data-recalc-dims=\"1\" loading=\"lazy\" decoding=\"async\" width=\"1024\" height=\"655\" src=\"https:\/\/i0.wp.com\/elregionalvm.com.ar\/noticias-villa-maria\/wp-content\/uploads\/2023\/05\/Liliana-Olivero-Izquierda.jpg?resize=1024%2C655&#038;ssl=1\" alt=\"\" class=\"wp-image-76014\" srcset=\"https:\/\/i0.wp.com\/elregionalvm.com.ar\/noticias-villa-maria\/wp-content\/uploads\/2023\/05\/Liliana-Olivero-Izquierda.jpg?resize=1024%2C655&amp;ssl=1 1024w, https:\/\/i0.wp.com\/elregionalvm.com.ar\/noticias-villa-maria\/wp-content\/uploads\/2023\/05\/Liliana-Olivero-Izquierda.jpg?resize=300%2C192&amp;ssl=1 300w, https:\/\/i0.wp.com\/elregionalvm.com.ar\/noticias-villa-maria\/wp-content\/uploads\/2023\/05\/Liliana-Olivero-Izquierda.jpg?resize=768%2C491&amp;ssl=1 768w, https:\/\/i0.wp.com\/elregionalvm.com.ar\/noticias-villa-maria\/wp-content\/uploads\/2023\/05\/Liliana-Olivero-Izquierda.jpg?w=1280&amp;ssl=1 1280w\" sizes=\"(max-width: 1000px) 100vw, 1000px\" \/><\/figure>\n\n\n\n<p><\/p>\n\n\n\n<p><strong>Gobernador y vice:<\/strong> Liliana Olivero (Izquierda Socialista) y Soledad D\u00edaz Garc\u00eda (Partido Obrero)<\/p>\n\n\n\n<p><strong>Legisladores por distrito \u00fanico (lista s\u00e1bana), primeros 10 lugares:<\/strong> Luciana Echevarr\u00eda, Emanuel Berardo, Noelia Ag\u00fcero, Javier Musso, Soledad D\u00edaz Garc\u00eda, Gast\u00f3n Vacchiani, Mar\u00eda Noel Arga\u00f1araz, Federico Nicolodi, Lucrec\u00eda Cocha y Jorge Navarro.<\/p>\n\n\n\n<p><\/p>\n\n\n\n<h4 class=\"wp-block-heading\"><strong>Partido Humanista<\/strong><\/h4>\n\n\n\n<p><\/p>\n\n\n\n<p><\/p>\n\n\n\n<figure class=\"wp-block-image size-large\"><img data-recalc-dims=\"1\" loading=\"lazy\" decoding=\"async\" width=\"1024\" height=\"683\" src=\"https:\/\/i0.wp.com\/elregionalvm.com.ar\/noticias-villa-maria\/wp-content\/uploads\/2023\/05\/Fernado-Schule.jpg?resize=1024%2C683&#038;ssl=1\" alt=\"\" class=\"wp-image-76015\" srcset=\"https:\/\/i0.wp.com\/elregionalvm.com.ar\/noticias-villa-maria\/wp-content\/uploads\/2023\/05\/Fernado-Schule.jpg?resize=1024%2C683&amp;ssl=1 1024w, https:\/\/i0.wp.com\/elregionalvm.com.ar\/noticias-villa-maria\/wp-content\/uploads\/2023\/05\/Fernado-Schule.jpg?resize=300%2C200&amp;ssl=1 300w, https:\/\/i0.wp.com\/elregionalvm.com.ar\/noticias-villa-maria\/wp-content\/uploads\/2023\/05\/Fernado-Schule.jpg?resize=768%2C512&amp;ssl=1 768w, https:\/\/i0.wp.com\/elregionalvm.com.ar\/noticias-villa-maria\/wp-content\/uploads\/2023\/05\/Fernado-Schule.jpg?w=1200&amp;ssl=1 1200w\" sizes=\"(max-width: 1000px) 100vw, 1000px\" \/><\/figure>\n\n\n\n<p><\/p>\n\n\n\n<p><strong>Gobernador y vice:<\/strong> Fernando Sch\u00fcle y Griselda Osorio.<\/p>\n\n\n\n<p><strong>Legisladores por distrito \u00fanico (lista s\u00e1bana), primeros 10 lugares:<\/strong> Fernando Sch\u00fcle, Antonia Marcuzzi, H\u00e9ctor Heredia, Silvia Graciela Rivero, Claudio Esteban Torres, Cecilia Di Mauro, Fernando L\u00f3pez, Ana Sof\u00eda Tolcachier y Micael Fornasero.<\/p>\n\n\n\n<p><\/p>\n\n\n\n<h4 class=\"wp-block-heading\"><strong>Nuevo MAS<\/strong><\/h4>\n\n\n\n<p><\/p>\n\n\n\n<figure class=\"wp-block-image size-full\"><img data-recalc-dims=\"1\" loading=\"lazy\" decoding=\"async\" width=\"1023\" height=\"682\" src=\"https:\/\/i0.wp.com\/elregionalvm.com.ar\/noticias-villa-maria\/wp-content\/uploads\/2021\/08\/Julia-Di-Santi.jpeg?resize=1023%2C682&#038;ssl=1\" alt=\"\" class=\"wp-image-44095\" srcset=\"https:\/\/i0.wp.com\/elregionalvm.com.ar\/noticias-villa-maria\/wp-content\/uploads\/2021\/08\/Julia-Di-Santi.jpeg?w=1023&amp;ssl=1 1023w, https:\/\/i0.wp.com\/elregionalvm.com.ar\/noticias-villa-maria\/wp-content\/uploads\/2021\/08\/Julia-Di-Santi.jpeg?resize=300%2C200&amp;ssl=1 300w, https:\/\/i0.wp.com\/elregionalvm.com.ar\/noticias-villa-maria\/wp-content\/uploads\/2021\/08\/Julia-Di-Santi.jpeg?resize=768%2C512&amp;ssl=1 768w\" sizes=\"(max-width: 1000px) 100vw, 1000px\" \/><\/figure>\n\n\n\n<p><\/p>\n\n\n\n<p><strong>Gobernador y vice:<\/strong> Julia Di Santi y Miguel D\u00edaz.<\/p>\n\n\n\n<p><strong>Legisladores por distrito \u00fanico (lista s\u00e1bana), primeros 10 lugares:<\/strong> Julia Di Santi, Franco Bergero, Noelia Garc\u00eda, Lautaro Lorenzo, Mar\u00eda Luisa Pereyra, Juan Jos\u00e9 Planes, Natalia Fern\u00e1ndez, Juan Pablo Sarmiento, Mar\u00eda Laura Maza, y Mart\u00edn Sinchich.<\/p>\n\n\n\n<p><\/p>\n\n\n\n<p><\/p>\n\n\n\n<h3 class=\"has-white-color has-luminous-vivid-orange-background-color has-text-color has-background wp-block-heading\"><strong>Villamarienses en las listas, con posibilidades de ingresar<\/strong><\/h3>\n\n\n\n<p><\/p>\n\n\n\n<p>Varios villamarienses aparecen en las listas dadas a conocer desde este fin de semana. Pero, solo algunos aparecen, en principio, con mayores posibilidades de acceder a los cargos.<\/p>\n\n\n\n<p>Por el lado del oficialismo aparece la exconcejal y exsecretaria de Finanzas municipal Ver\u00f3nica Navarro Alegre, quien se desempe\u00f1a en la actualidad como s\u00edndica de la Agencia C\u00f3rdoba Turismo y exconcejal de Villa Mar\u00eda.<\/p>\n\n\n\n<p><\/p>\n\n\n\n<figure class=\"wp-block-image size-full\"><img data-recalc-dims=\"1\" loading=\"lazy\" decoding=\"async\" width=\"960\" height=\"642\" src=\"https:\/\/i0.wp.com\/elregionalvm.com.ar\/noticias-villa-maria\/wp-content\/uploads\/2021\/06\/Veronica-Navarro.jpg?resize=960%2C642&#038;ssl=1\" alt=\"\" class=\"wp-image-39442\" srcset=\"https:\/\/i0.wp.com\/elregionalvm.com.ar\/noticias-villa-maria\/wp-content\/uploads\/2021\/06\/Veronica-Navarro.jpg?w=960&amp;ssl=1 960w, https:\/\/i0.wp.com\/elregionalvm.com.ar\/noticias-villa-maria\/wp-content\/uploads\/2021\/06\/Veronica-Navarro.jpg?resize=300%2C201&amp;ssl=1 300w, https:\/\/i0.wp.com\/elregionalvm.com.ar\/noticias-villa-maria\/wp-content\/uploads\/2021\/06\/Veronica-Navarro.jpg?resize=768%2C514&amp;ssl=1 768w\" sizes=\"(max-width: 960px) 100vw, 960px\" \/><figcaption><em>Ver\u00f3nica Navarro Alegre, postulante a legisladora por el oficialismo. <\/em><\/figcaption><\/figure>\n\n\n\n<p><\/p>\n\n\n\n<p>Navarro Alegre, quien figura en la octava posici\u00f3n, es pareja del actual ministro de Industria y Comercio de la provincia, Eduardo Accastello, uno de los dirigentes que suena como candidato a intendente de la ciudad.<\/p>\n\n\n\n<p>En tanto, el intendente de Villa Nueva, Natalio Graglia, es candidato a legislador departamental, secundado como suplente por la vicerrectora de la Universidad Nacional de Villa Mar\u00eda, Elizabeth Theiler.<\/p>\n\n\n\n<p>En un lugar de amplias expectativas, el cuarto, aparece en la lista de Juntos por el Cambio, la concejal de Vamos Villa Mar\u00eda Karina Bruno. Compa\u00f1era de ruta del precandidato a intendente por esa fuerza, Dar\u00edo Capitani, y una de las referentes del PRO en la ciudad.<\/p>\n\n\n\n<p><\/p>\n\n\n\n<figure class=\"wp-block-image size-large\"><img data-recalc-dims=\"1\" loading=\"lazy\" decoding=\"async\" width=\"1024\" height=\"683\" src=\"https:\/\/i0.wp.com\/elregionalvm.com.ar\/noticias-villa-maria\/wp-content\/uploads\/2023\/05\/Karina-Bruno-5.jpg?resize=1024%2C683&#038;ssl=1\" alt=\"\" class=\"wp-image-75640\" srcset=\"https:\/\/i0.wp.com\/elregionalvm.com.ar\/noticias-villa-maria\/wp-content\/uploads\/2023\/05\/Karina-Bruno-5.jpg?resize=1024%2C683&amp;ssl=1 1024w, https:\/\/i0.wp.com\/elregionalvm.com.ar\/noticias-villa-maria\/wp-content\/uploads\/2023\/05\/Karina-Bruno-5.jpg?resize=300%2C200&amp;ssl=1 300w, https:\/\/i0.wp.com\/elregionalvm.com.ar\/noticias-villa-maria\/wp-content\/uploads\/2023\/05\/Karina-Bruno-5.jpg?resize=768%2C512&amp;ssl=1 768w, https:\/\/i0.wp.com\/elregionalvm.com.ar\/noticias-villa-maria\/wp-content\/uploads\/2023\/05\/Karina-Bruno-5.jpg?w=1200&amp;ssl=1 1200w\" sizes=\"(max-width: 1000px) 100vw, 1000px\" \/><figcaption><em>Karina Bruno, candidata a legisladora por Juntos por el Cambio. <\/em><\/figcaption><\/figure>\n\n\n\n<p><\/p>\n\n\n\n<p>En la misma fuerza aparecen como postulantes por el Departamento San Mart\u00edn Alfredo Nigro, como titular, y Gisele Machicado, como suplente.<\/p>\n\n\n\n<p>Por el lado de Creo en C\u00f3rdoba, en el departamento se postulan la titular de Anses Villa Mar\u00eda, Camila Perassi, y el abogado Pablo Maccarini.<\/p>\n\n\n\n<p><strong>M\u00e1s nombres<\/strong><\/p>\n\n\n\n<p>Por otro lado, aparecen por Encuentro Vecinal C\u00f3rdoba Esteban Ancarani y Cristina L\u00f3pez, y por La Libertad Avanza, Javier Alejandro Aranza y Fabiana.<\/p>\n\n\n\n<p>En la lista s\u00e1bana del Frente de Izquierda y los Trabajadores Unido figura la joven dirigente del MST Melina Bertino.<\/p>\n","protected":false},"excerpt":{"rendered":"<p>Un total de nueve fuerzas participar\u00e1n en la contienda electoral tras definirse el cierre de listas. Se trata de seis coaliciones y tres partidos. Una cantidad menor a los comicios anteriores, cuando se presentaron 13 opciones. El 25 de junio se elegir\u00e1 gobernador y vice, legisladores para la Unicameral y Tribunal de Cuentas de la [&hellip;]<\/p>\n","protected":false},"author":6,"featured_media":76010,"comment_status":"open","ping_status":"open","sticky":false,"template":"","format":"standard","meta":{"site-sidebar-layout":"default","site-content-layout":"","ast-site-content-layout":"default","site-content-style":"default","site-sidebar-style":"default","ast-global-header-display":"","ast-banner-title-visibility":"","ast-main-header-display":"","ast-hfb-above-header-display":"","ast-hfb-below-header-display":"","ast-hfb-mobile-header-display":"","site-post-title":"","ast-breadcrumbs-content":"","ast-featured-img":"","footer-sml-layout":"","ast-disable-related-posts":"","theme-transparent-header-meta":"","adv-header-id-meta":"","stick-header-meta":"","header-above-stick-meta":"","header-main-stick-meta":"","header-below-stick-meta":"","astra-migrate-meta-layouts":"default","ast-page-background-enabled":"default","ast-page-background-meta":{"desktop":{"background-color":"","background-image":"","background-repeat":"repeat","background-position":"center center","background-size":"auto","background-attachment":"scroll","background-type":"","background-media":"","overlay-type":"","overlay-color":"","overlay-opacity":"","overlay-gradient":""},"tablet":{"background-color":"","background-image":"","background-repeat":"repeat","background-position":"center center","background-size":"auto","background-attachment":"scroll","background-type":"","background-media":"","overlay-type":"","overlay-color":"","overlay-opacity":"","overlay-gradient":""},"mobile":{"background-color":"","background-image":"","background-repeat":"repeat","background-position":"center center","background-size":"auto","background-attachment":"scroll","background-type":"","background-media":"","overlay-type":"","overlay-color":"","overlay-opacity":"","overlay-gradient":""}},"ast-content-background-meta":{"desktop":{"background-color":"var(--ast-global-color-5)","background-image":"","background-repeat":"repeat","background-position":"center center","background-size":"auto","background-attachment":"scroll","background-type":"","background-media":"","overlay-type":"","overlay-color":"","overlay-opacity":"","overlay-gradient":""},"tablet":{"background-color":"var(--ast-global-color-5)","background-image":"","background-repeat":"repeat","background-position":"center center","background-size":"auto","background-attachment":"scroll","background-type":"","background-media":"","overlay-type":"","overlay-color":"","overlay-opacity":"","overlay-gradient":""},"mobile":{"background-color":"var(--ast-global-color-5)","background-image":"","background-repeat":"repeat","background-position":"center center","background-size":"auto","background-attachment":"scroll","background-type":"","background-media":"","overlay-type":"","overlay-color":"","overlay-opacity":"","overlay-gradient":""}},"_jetpack_memberships_contains_paid_content":false,"_joinchat":[],"footnotes":""},"categories":[2089,3557],"tags":[579,22228,322,22227,268,22220,7001,21221,10182,10040,7660,16022,22229],"class_list":["post-76007","post","type-post","status-publish","format-standard","has-post-thumbnail","hentry","category-politica","category-tercera","tag-candidatos","tag-cierre-de-listas","tag-cordoba","tag-creo-en-cordoba","tag-elecciones","tag-hacemos-unidos-por-cordoba","tag-juntos-por-el-cambio","tag-legisladores","tag-listas","tag-luis-juez","tag-marcos-carasso","tag-martin-llaryora","tag-postulantes"],"yoast_head":"<!-- This site is optimized with the Yoast SEO plugin v26.8 - https:\/\/yoast.com\/product\/yoast-seo-wordpress\/ -->\n<title>Elecciones en C\u00f3rdoba: Las listas y candidatos para gobernador y legisladores - El Regional<\/title>\n<meta name=\"robots\" content=\"index, follow, max-snippet:-1, max-image-preview:large, max-video-preview:-1\" \/>\n<link rel=\"canonical\" href=\"http:\/\/elregionalvm.com.ar\/noticias-villa-maria\/elecciones-en-cordoba-las-listas-y-candidatos-para-gobernador-y-legisladores\/\" \/>\n<meta property=\"og:locale\" content=\"es_ES\" \/>\n<meta property=\"og:type\" content=\"article\" \/>\n<meta property=\"og:title\" content=\"Elecciones en C\u00f3rdoba: Las listas y candidatos para gobernador y legisladores - El Regional\" \/>\n<meta property=\"og:description\" content=\"Un total de nueve fuerzas participar\u00e1n en la contienda electoral tras definirse el cierre de listas. Se trata de seis coaliciones y tres partidos. Una cantidad menor a los comicios anteriores, cuando se presentaron 13 opciones. El 25 de junio se elegir\u00e1 gobernador y vice, legisladores para la Unicameral y Tribunal de Cuentas de la [&hellip;]\" \/>\n<meta property=\"og:url\" content=\"http:\/\/elregionalvm.com.ar\/noticias-villa-maria\/elecciones-en-cordoba-las-listas-y-candidatos-para-gobernador-y-legisladores\/\" \/>\n<meta property=\"og:site_name\" content=\"El Regional\" \/>\n<meta property=\"article:publisher\" content=\"https:\/\/www.facebook.com\/elregionalvm\" \/>\n<meta property=\"article:published_time\" content=\"2023-05-08T03:08:41+00:00\" \/>\n<meta property=\"article:modified_time\" content=\"2023-05-09T14:27:37+00:00\" \/>\n<meta property=\"og:image\" content=\"http:\/\/elregionalvm.com.ar\/noticias-villa-maria\/wp-content\/uploads\/2023\/05\/Llaryora-Juez.jpg\" \/>\n\t<meta property=\"og:image:width\" content=\"1000\" \/>\n\t<meta property=\"og:image:height\" content=\"566\" \/>\n\t<meta property=\"og:image:type\" content=\"image\/jpeg\" \/>\n<meta name=\"author\" content=\"Germ\u00e1n Giacchero\" \/>\n<meta name=\"twitter:card\" content=\"summary_large_image\" \/>\n<meta name=\"twitter:creator\" content=\"@elregionalvm1\" \/>\n<meta name=\"twitter:site\" content=\"@elregionalvm1\" \/>\n<meta name=\"twitter:label1\" content=\"Escrito por\" \/>\n\t<meta name=\"twitter:data1\" content=\"Germ\u00e1n Giacchero\" \/>\n\t<meta name=\"twitter:label2\" content=\"Tiempo de lectura\" \/>\n\t<meta name=\"twitter:data2\" content=\"8 minutos\" \/>\n<script type=\"application\/ld+json\" class=\"yoast-schema-graph\">{\"@context\":\"https:\/\/schema.org\",\"@graph\":[{\"@type\":\"Article\",\"@id\":\"http:\/\/elregionalvm.com.ar\/noticias-villa-maria\/elecciones-en-cordoba-las-listas-y-candidatos-para-gobernador-y-legisladores\/#article\",\"isPartOf\":{\"@id\":\"http:\/\/elregionalvm.com.ar\/noticias-villa-maria\/elecciones-en-cordoba-las-listas-y-candidatos-para-gobernador-y-legisladores\/\"},\"author\":{\"name\":\"Germ\u00e1n Giacchero\",\"@id\":\"http:\/\/elregionalvm.com.ar\/noticias-villa-maria\/#\/schema\/person\/d5e4b04966154131701e52c45d3efec9\"},\"headline\":\"Elecciones en C\u00f3rdoba: Las listas y candidatos para gobernador y legisladores\",\"datePublished\":\"2023-05-08T03:08:41+00:00\",\"dateModified\":\"2023-05-09T14:27:37+00:00\",\"mainEntityOfPage\":{\"@id\":\"http:\/\/elregionalvm.com.ar\/noticias-villa-maria\/elecciones-en-cordoba-las-listas-y-candidatos-para-gobernador-y-legisladores\/\"},\"wordCount\":1193,\"commentCount\":0,\"image\":{\"@id\":\"http:\/\/elregionalvm.com.ar\/noticias-villa-maria\/elecciones-en-cordoba-las-listas-y-candidatos-para-gobernador-y-legisladores\/#primaryimage\"},\"thumbnailUrl\":\"https:\/\/i0.wp.com\/elregionalvm.com.ar\/noticias-villa-maria\/wp-content\/uploads\/2023\/05\/Llaryora-Juez.jpg?fit=1000%2C566&ssl=1\",\"keywords\":[\"Candidatos\",\"cierre de listas\",\"c\u00f3rdoba\",\"Creo en C\u00f3rdoba\",\"elecciones\",\"Hacemos Unidos por C\u00f3rdoba\",\"Juntos por el Cambio\",\"legisladores\",\"Listas\",\"Luis Juez\",\"Marcos Carasso\",\"Mart\u00edn Llaryora\",\"postulantes\"],\"articleSection\":[\"Pol\u00edtica\",\"tercera\"],\"inLanguage\":\"es\",\"potentialAction\":[{\"@type\":\"CommentAction\",\"name\":\"Comment\",\"target\":[\"http:\/\/elregionalvm.com.ar\/noticias-villa-maria\/elecciones-en-cordoba-las-listas-y-candidatos-para-gobernador-y-legisladores\/#respond\"]}]},{\"@type\":\"WebPage\",\"@id\":\"http:\/\/elregionalvm.com.ar\/noticias-villa-maria\/elecciones-en-cordoba-las-listas-y-candidatos-para-gobernador-y-legisladores\/\",\"url\":\"http:\/\/elregionalvm.com.ar\/noticias-villa-maria\/elecciones-en-cordoba-las-listas-y-candidatos-para-gobernador-y-legisladores\/\",\"name\":\"Elecciones en C\u00f3rdoba: Las listas y candidatos para gobernador y legisladores - El Regional\",\"isPartOf\":{\"@id\":\"http:\/\/elregionalvm.com.ar\/noticias-villa-maria\/#website\"},\"primaryImageOfPage\":{\"@id\":\"http:\/\/elregionalvm.com.ar\/noticias-villa-maria\/elecciones-en-cordoba-las-listas-y-candidatos-para-gobernador-y-legisladores\/#primaryimage\"},\"image\":{\"@id\":\"http:\/\/elregionalvm.com.ar\/noticias-villa-maria\/elecciones-en-cordoba-las-listas-y-candidatos-para-gobernador-y-legisladores\/#primaryimage\"},\"thumbnailUrl\":\"https:\/\/i0.wp.com\/elregionalvm.com.ar\/noticias-villa-maria\/wp-content\/uploads\/2023\/05\/Llaryora-Juez.jpg?fit=1000%2C566&ssl=1\",\"datePublished\":\"2023-05-08T03:08:41+00:00\",\"dateModified\":\"2023-05-09T14:27:37+00:00\",\"author\":{\"@id\":\"http:\/\/elregionalvm.com.ar\/noticias-villa-maria\/#\/schema\/person\/d5e4b04966154131701e52c45d3efec9\"},\"breadcrumb\":{\"@id\":\"http:\/\/elregionalvm.com.ar\/noticias-villa-maria\/elecciones-en-cordoba-las-listas-y-candidatos-para-gobernador-y-legisladores\/#breadcrumb\"},\"inLanguage\":\"es\",\"potentialAction\":[{\"@type\":\"ReadAction\",\"target\":[\"http:\/\/elregionalvm.com.ar\/noticias-villa-maria\/elecciones-en-cordoba-las-listas-y-candidatos-para-gobernador-y-legisladores\/\"]}]},{\"@type\":\"ImageObject\",\"inLanguage\":\"es\",\"@id\":\"http:\/\/elregionalvm.com.ar\/noticias-villa-maria\/elecciones-en-cordoba-las-listas-y-candidatos-para-gobernador-y-legisladores\/#primaryimage\",\"url\":\"https:\/\/i0.wp.com\/elregionalvm.com.ar\/noticias-villa-maria\/wp-content\/uploads\/2023\/05\/Llaryora-Juez.jpg?fit=1000%2C566&ssl=1\",\"contentUrl\":\"https:\/\/i0.wp.com\/elregionalvm.com.ar\/noticias-villa-maria\/wp-content\/uploads\/2023\/05\/Llaryora-Juez.jpg?fit=1000%2C566&ssl=1\",\"width\":1000,\"height\":566},{\"@type\":\"BreadcrumbList\",\"@id\":\"http:\/\/elregionalvm.com.ar\/noticias-villa-maria\/elecciones-en-cordoba-las-listas-y-candidatos-para-gobernador-y-legisladores\/#breadcrumb\",\"itemListElement\":[{\"@type\":\"ListItem\",\"position\":1,\"name\":\"Portada\",\"item\":\"https:\/\/elregionalvm.com.ar\/noticias-villa-maria\/\"},{\"@type\":\"ListItem\",\"position\":2,\"name\":\"Elecciones en C\u00f3rdoba: Las listas y candidatos para gobernador y legisladores\"}]},{\"@type\":\"WebSite\",\"@id\":\"http:\/\/elregionalvm.com.ar\/noticias-villa-maria\/#website\",\"url\":\"http:\/\/elregionalvm.com.ar\/noticias-villa-maria\/\",\"name\":\"El Regional\",\"description\":\"Mucho m\u00e1s que informaci\u00f3n\",\"potentialAction\":[{\"@type\":\"SearchAction\",\"target\":{\"@type\":\"EntryPoint\",\"urlTemplate\":\"http:\/\/elregionalvm.com.ar\/noticias-villa-maria\/?s={search_term_string}\"},\"query-input\":{\"@type\":\"PropertyValueSpecification\",\"valueRequired\":true,\"valueName\":\"search_term_string\"}}],\"inLanguage\":\"es\"},{\"@type\":\"Person\",\"@id\":\"http:\/\/elregionalvm.com.ar\/noticias-villa-maria\/#\/schema\/person\/d5e4b04966154131701e52c45d3efec9\",\"name\":\"Germ\u00e1n Giacchero\",\"image\":{\"@type\":\"ImageObject\",\"inLanguage\":\"es\",\"@id\":\"http:\/\/elregionalvm.com.ar\/noticias-villa-maria\/#\/schema\/person\/image\/\",\"url\":\"https:\/\/secure.gravatar.com\/avatar\/fda163ba5ef0307ee5be9846e10f83b6e83d0cfb260d3b2464830318894c6b04?s=96&d=mm&r=g\",\"contentUrl\":\"https:\/\/secure.gravatar.com\/avatar\/fda163ba5ef0307ee5be9846e10f83b6e83d0cfb260d3b2464830318894c6b04?s=96&d=mm&r=g\",\"caption\":\"Germ\u00e1n Giacchero\"},\"url\":\"https:\/\/elregionalvm.com.ar\/noticias-villa-maria\/author\/germangiacchero\/\"}]}<\/script>\n<!-- \/ Yoast SEO plugin. -->","yoast_head_json":{"title":"Elecciones en C\u00f3rdoba: Las listas y candidatos para gobernador y legisladores - El Regional","robots":{"index":"index","follow":"follow","max-snippet":"max-snippet:-1","max-image-preview":"max-image-preview:large","max-video-preview":"max-video-preview:-1"},"canonical":"http:\/\/elregionalvm.com.ar\/noticias-villa-maria\/elecciones-en-cordoba-las-listas-y-candidatos-para-gobernador-y-legisladores\/","og_locale":"es_ES","og_type":"article","og_title":"Elecciones en C\u00f3rdoba: Las listas y candidatos para gobernador y legisladores - El Regional","og_description":"Un total de nueve fuerzas participar\u00e1n en la contienda electoral tras definirse el cierre de listas. Se trata de seis coaliciones y tres partidos. Una cantidad menor a los comicios anteriores, cuando se presentaron 13 opciones. El 25 de junio se elegir\u00e1 gobernador y vice, legisladores para la Unicameral y Tribunal de Cuentas de la [&hellip;]","og_url":"http:\/\/elregionalvm.com.ar\/noticias-villa-maria\/elecciones-en-cordoba-las-listas-y-candidatos-para-gobernador-y-legisladores\/","og_site_name":"El Regional","article_publisher":"https:\/\/www.facebook.com\/elregionalvm","article_published_time":"2023-05-08T03:08:41+00:00","article_modified_time":"2023-05-09T14:27:37+00:00","og_image":[{"width":1000,"height":566,"url":"http:\/\/elregionalvm.com.ar\/noticias-villa-maria\/wp-content\/uploads\/2023\/05\/Llaryora-Juez.jpg","type":"image\/jpeg"}],"author":"Germ\u00e1n Giacchero","twitter_card":"summary_large_image","twitter_creator":"@elregionalvm1","twitter_site":"@elregionalvm1","twitter_misc":{"Escrito por":"Germ\u00e1n Giacchero","Tiempo de lectura":"8 minutos"},"schema":{"@context":"https:\/\/schema.org","@graph":[{"@type":"Article","@id":"http:\/\/elregionalvm.com.ar\/noticias-villa-maria\/elecciones-en-cordoba-las-listas-y-candidatos-para-gobernador-y-legisladores\/#article","isPartOf":{"@id":"http:\/\/elregionalvm.com.ar\/noticias-villa-maria\/elecciones-en-cordoba-las-listas-y-candidatos-para-gobernador-y-legisladores\/"},"author":{"name":"Germ\u00e1n Giacchero","@id":"http:\/\/elregionalvm.com.ar\/noticias-villa-maria\/#\/schema\/person\/d5e4b04966154131701e52c45d3efec9"},"headline":"Elecciones en C\u00f3rdoba: Las listas y candidatos para gobernador y legisladores","datePublished":"2023-05-08T03:08:41+00:00","dateModified":"2023-05-09T14:27:37+00:00","mainEntityOfPage":{"@id":"http:\/\/elregionalvm.com.ar\/noticias-villa-maria\/elecciones-en-cordoba-las-listas-y-candidatos-para-gobernador-y-legisladores\/"},"wordCount":1193,"commentCount":0,"image":{"@id":"http:\/\/elregionalvm.com.ar\/noticias-villa-maria\/elecciones-en-cordoba-las-listas-y-candidatos-para-gobernador-y-legisladores\/#primaryimage"},"thumbnailUrl":"https:\/\/i0.wp.com\/elregionalvm.com.ar\/noticias-villa-maria\/wp-content\/uploads\/2023\/05\/Llaryora-Juez.jpg?fit=1000%2C566&ssl=1","keywords":["Candidatos","cierre de listas","c\u00f3rdoba","Creo en C\u00f3rdoba","elecciones","Hacemos Unidos por C\u00f3rdoba","Juntos por el Cambio","legisladores","Listas","Luis Juez","Marcos Carasso","Mart\u00edn Llaryora","postulantes"],"articleSection":["Pol\u00edtica","tercera"],"inLanguage":"es","potentialAction":[{"@type":"CommentAction","name":"Comment","target":["http:\/\/elregionalvm.com.ar\/noticias-villa-maria\/elecciones-en-cordoba-las-listas-y-candidatos-para-gobernador-y-legisladores\/#respond"]}]},{"@type":"WebPage","@id":"http:\/\/elregionalvm.com.ar\/noticias-villa-maria\/elecciones-en-cordoba-las-listas-y-candidatos-para-gobernador-y-legisladores\/","url":"http:\/\/elregionalvm.com.ar\/noticias-villa-maria\/elecciones-en-cordoba-las-listas-y-candidatos-para-gobernador-y-legisladores\/","name":"Elecciones en C\u00f3rdoba: Las listas y candidatos para gobernador y legisladores - El Regional","isPartOf":{"@id":"http:\/\/elregionalvm.com.ar\/noticias-villa-maria\/#website"},"primaryImageOfPage":{"@id":"http:\/\/elregionalvm.com.ar\/noticias-villa-maria\/elecciones-en-cordoba-las-listas-y-candidatos-para-gobernador-y-legisladores\/#primaryimage"},"image":{"@id":"http:\/\/elregionalvm.com.ar\/noticias-villa-maria\/elecciones-en-cordoba-las-listas-y-candidatos-para-gobernador-y-legisladores\/#primaryimage"},"thumbnailUrl":"https:\/\/i0.wp.com\/elregionalvm.com.ar\/noticias-villa-maria\/wp-content\/uploads\/2023\/05\/Llaryora-Juez.jpg?fit=1000%2C566&ssl=1","datePublished":"2023-05-08T03:08:41+00:00","dateModified":"2023-05-09T14:27:37+00:00","author":{"@id":"http:\/\/elregionalvm.com.ar\/noticias-villa-maria\/#\/schema\/person\/d5e4b04966154131701e52c45d3efec9"},"breadcrumb":{"@id":"http:\/\/elregionalvm.com.ar\/noticias-villa-maria\/elecciones-en-cordoba-las-listas-y-candidatos-para-gobernador-y-legisladores\/#breadcrumb"},"inLanguage":"es","potentialAction":[{"@type":"ReadAction","target":["http:\/\/elregionalvm.com.ar\/noticias-villa-maria\/elecciones-en-cordoba-las-listas-y-candidatos-para-gobernador-y-legisladores\/"]}]},{"@type":"ImageObject","inLanguage":"es","@id":"http:\/\/elregionalvm.com.ar\/noticias-villa-maria\/elecciones-en-cordoba-las-listas-y-candidatos-para-gobernador-y-legisladores\/#primaryimage","url":"https:\/\/i0.wp.com\/elregionalvm.com.ar\/noticias-villa-maria\/wp-content\/uploads\/2023\/05\/Llaryora-Juez.jpg?fit=1000%2C566&ssl=1","contentUrl":"https:\/\/i0.wp.com\/elregionalvm.com.ar\/noticias-villa-maria\/wp-content\/uploads\/2023\/05\/Llaryora-Juez.jpg?fit=1000%2C566&ssl=1","width":1000,"height":566},{"@type":"BreadcrumbList","@id":"http:\/\/elregionalvm.com.ar\/noticias-villa-maria\/elecciones-en-cordoba-las-listas-y-candidatos-para-gobernador-y-legisladores\/#breadcrumb","itemListElement":[{"@type":"ListItem","position":1,"name":"Portada","item":"https:\/\/elregionalvm.com.ar\/noticias-villa-maria\/"},{"@type":"ListItem","position":2,"name":"Elecciones en C\u00f3rdoba: Las listas y candidatos para gobernador y legisladores"}]},{"@type":"WebSite","@id":"http:\/\/elregionalvm.com.ar\/noticias-villa-maria\/#website","url":"http:\/\/elregionalvm.com.ar\/noticias-villa-maria\/","name":"El Regional","description":"Mucho m\u00e1s que informaci\u00f3n","potentialAction":[{"@type":"SearchAction","target":{"@type":"EntryPoint","urlTemplate":"http:\/\/elregionalvm.com.ar\/noticias-villa-maria\/?s={search_term_string}"},"query-input":{"@type":"PropertyValueSpecification","valueRequired":true,"valueName":"search_term_string"}}],"inLanguage":"es"},{"@type":"Person","@id":"http:\/\/elregionalvm.com.ar\/noticias-villa-maria\/#\/schema\/person\/d5e4b04966154131701e52c45d3efec9","name":"Germ\u00e1n Giacchero","image":{"@type":"ImageObject","inLanguage":"es","@id":"http:\/\/elregionalvm.com.ar\/noticias-villa-maria\/#\/schema\/person\/image\/","url":"https:\/\/secure.gravatar.com\/avatar\/fda163ba5ef0307ee5be9846e10f83b6e83d0cfb260d3b2464830318894c6b04?s=96&d=mm&r=g","contentUrl":"https:\/\/secure.gravatar.com\/avatar\/fda163ba5ef0307ee5be9846e10f83b6e83d0cfb260d3b2464830318894c6b04?s=96&d=mm&r=g","caption":"Germ\u00e1n Giacchero"},"url":"https:\/\/elregionalvm.com.ar\/noticias-villa-maria\/author\/germangiacchero\/"}]}},"jetpack_featured_media_url":"https:\/\/i0.wp.com\/elregionalvm.com.ar\/noticias-villa-maria\/wp-content\/uploads\/2023\/05\/Llaryora-Juez.jpg?fit=1000%2C566&ssl=1","jetpack_sharing_enabled":true,"_links":{"self":[{"href":"https:\/\/elregionalvm.com.ar\/noticias-villa-maria\/wp-json\/wp\/v2\/posts\/76007","targetHints":{"allow":["GET"]}}],"collection":[{"href":"https:\/\/elregionalvm.com.ar\/noticias-villa-maria\/wp-json\/wp\/v2\/posts"}],"about":[{"href":"https:\/\/elregionalvm.com.ar\/noticias-villa-maria\/wp-json\/wp\/v2\/types\/post"}],"author":[{"embeddable":true,"href":"https:\/\/elregionalvm.com.ar\/noticias-villa-maria\/wp-json\/wp\/v2\/users\/6"}],"replies":[{"embeddable":true,"href":"https:\/\/elregionalvm.com.ar\/noticias-villa-maria\/wp-json\/wp\/v2\/comments?post=76007"}],"version-history":[{"count":3,"href":"https:\/\/elregionalvm.com.ar\/noticias-villa-maria\/wp-json\/wp\/v2\/posts\/76007\/revisions"}],"predecessor-version":[{"id":76016,"href":"https:\/\/elregionalvm.com.ar\/noticias-villa-maria\/wp-json\/wp\/v2\/posts\/76007\/revisions\/76016"}],"wp:featuredmedia":[{"embeddable":true,"href":"https:\/\/elregionalvm.com.ar\/noticias-villa-maria\/wp-json\/wp\/v2\/media\/76010"}],"wp:attachment":[{"href":"https:\/\/elregionalvm.com.ar\/noticias-villa-maria\/wp-json\/wp\/v2\/media?parent=76007"}],"wp:term":[{"taxonomy":"category","embeddable":true,"href":"https:\/\/elregionalvm.com.ar\/noticias-villa-maria\/wp-json\/wp\/v2\/categories?post=76007"},{"taxonomy":"post_tag","embeddable":true,"href":"https:\/\/elregionalvm.com.ar\/noticias-villa-maria\/wp-json\/wp\/v2\/tags?post=76007"}],"curies":[{"name":"wp","href":"https:\/\/api.w.org\/{rel}","templated":true}]}}