{"id":76055,"date":"2023-05-08T20:44:12","date_gmt":"2023-05-08T20:44:12","guid":{"rendered":"https:\/\/elregionalvm.com.ar\/noticias-villa-maria\/?p=76055"},"modified":"2023-05-08T20:51:47","modified_gmt":"2023-05-08T20:51:47","slug":"buscan-articular-trabajos-de-investigacion-docencia-y-artes-para-enriquecer-el-sistema-cientifico-universitario","status":"publish","type":"post","link":"https:\/\/elregionalvm.com.ar\/noticias-villa-maria\/buscan-articular-trabajos-de-investigacion-docencia-y-artes-para-enriquecer-el-sistema-cientifico-universitario\/","title":{"rendered":"Buscan articular trabajos de investigaci\u00f3n, docencia y artes para enriquecer el sistema cient\u00edfico universitario"},"content":{"rendered":"\n<p>En Argentina, la educaci\u00f3n superior es un bien p\u00fablico. Por eso, el sistema universitario debe pensarse para el ejercicio pleno de ese derecho. <\/p>\n\n\n\n<p>En ese contexto, el desarrollo cient\u00edfico ocupa un lugar estrat\u00e9gico en esa b\u00fasqueda de dar cuenta de las necesidades y demandas de la poblaci\u00f3n con una visi\u00f3n federal e igualitaria.<\/p>\n\n\n\n<p>Con la presencia de m\u00e1s de 300 docentes investigadores\/as se realiz\u00f3 el m\u00f3dulo abierto \u201cPol\u00edticas para el fortalecimiento de la Carrera de Investigador Universitario\u201d sobre el Programa para la Investigaci\u00f3n Universitaria Argentina (PRINUAR). <\/p>\n\n\n\n<p>La actividad fue organizada por la Universidad Nacional de Villa Mar\u00eda (UNVM) en el marco del curso de postgrado \u201cTrayectorias y perfiles para carrera docente\u201d; y particip\u00f3 el subsecretario de Pol\u00edticas Universitarias, Daniel L\u00f3pez, quien junto a Carlos de Marziani, uno de los m\u00e1ximos responsables del proyecto, present\u00f3 la iniciativa para responder inquietudes y consultas sobre la aplicaci\u00f3n de este programa de categorizaci\u00f3n.<\/p>\n\n\n\n<p>\u201cCelebramos esta nueva apertura de recategorizaci\u00f3n que reconoce todo el trabajo y la dedicaci\u00f3n puesta en estas tareas, estableciendo un crecimiento a nivel individual y como instituci\u00f3n\u201d, se\u00f1al\u00f3 en la apertura la vicerrectora Elizabeth Theiler.<\/p>\n\n\n\n<p>Asimismo, remarc\u00f3 que la convocatoria al espacio de difusi\u00f3n y reflexi\u00f3n puso de manifiesto que es \u201cun tema de mucha relevancia\u201d para la comunidad universitaria. <\/p>\n\n\n\n<p>La funcionaria a\u00f1adi\u00f3 que la iniciativa se pens\u00f3 \u201cinvolucrando a las distintas secretar\u00edas, institutos y decanatos de la Universidad\u201d, porque se cree que \u201cla transversalidad de la investigaci\u00f3n y la docencia puesta en tensi\u00f3n con la carrera docente es una apuesta de crecimiento\u201d individual y colectivo. <\/p>\n\n\n\n<p>\u201cLas universidades nos distinguimos cuando crecemos en materia de investigaci\u00f3n y es una apuesta al sistema universitario p\u00fabico argentino\u201d, afirm\u00f3.<\/p>\n\n\n\n<p>Cabe destacar que la convocatoria vence el 31 de mayo, por lo tanto se planific\u00f3 un cierre escalonado de acuerdo a la terminaci\u00f3n del n\u00famero de CUIL. El 26 de mayo es la fecha l\u00edmite para inscribirse en prinuar.siu.edu.ar.<\/p>\n\n\n\n<p><strong>El Programa<\/strong><\/p>\n\n\n\n<p>El PRINUAR es una nueva propuesta de la Secretar\u00eda de Pol\u00edticas Universitarias (SPU) que busca fortalecer y jerarquizar la carrera de investigaci\u00f3n cient\u00edfica en las Universidades Argentinas articulando los trabajos de investigaci\u00f3n con la docencia, la extensi\u00f3n y las artes; y aportando una perspectiva integral para el desarrollo cient\u00edfico y tecnol\u00f3gico.<\/p>\n\n\n\n<p>El principal eje de trabajo para este a\u00f1o es la categorizaci\u00f3n de docentes investigadores\/ras de las Universidades con el objetivo de institucionalizar la figura con igualdad de g\u00e9nero, federalismo y autonom\u00eda en funci\u00f3n de las l\u00edneas propuestas por las universidades y las pol\u00edticas nacionales de desarrollo del conocimiento.<\/p>\n\n\n\n<p>De esta manera, la convocatoria a categorizaci\u00f3n vigente permite llevar adelante el procedimiento de presentaci\u00f3n de forma totalmente virtual y, a partir de su implementaci\u00f3n, se resolvi\u00f3 la situaci\u00f3n de atraso en las categor\u00edas de los docentes-investigadores\/as que ordena el sistema cient\u00edfico universitario.<\/p>\n\n\n\n<p>Cabe destacar que el Programa contempla expresamente a la investigaci\u00f3n en artes dentro del sistema de categorizaciones como una categor\u00eda espec\u00edfica a efectos de dotar de trayectorias y reconocimientos a investigadores en arte que se desempe\u00f1en como docentes universitarios; y propicia evaluaciones m\u00e1s \u00e1giles, con visi\u00f3n federal e igualdad de g\u00e9nero.<\/p>\n","protected":false},"excerpt":{"rendered":"<p>En Argentina, la educaci\u00f3n superior es un bien p\u00fablico. Por eso, el sistema universitario debe pensarse para el ejercicio pleno de ese derecho. En ese contexto, el desarrollo cient\u00edfico ocupa un lugar estrat\u00e9gico en esa b\u00fasqueda de dar cuenta de las necesidades y demandas de la poblaci\u00f3n con una visi\u00f3n federal e igualitaria. Con la [&hellip;]<\/p>\n","protected":false},"author":4,"featured_media":76057,"comment_status":"open","ping_status":"open","sticky":false,"template":"","format":"standard","meta":{"site-sidebar-layout":"default","site-content-layout":"","ast-site-content-layout":"default","site-content-style":"default","site-sidebar-style":"default","ast-global-header-display":"","ast-banner-title-visibility":"","ast-main-header-display":"","ast-hfb-above-header-display":"","ast-hfb-below-header-display":"","ast-hfb-mobile-header-display":"","site-post-title":"","ast-breadcrumbs-content":"","ast-featured-img":"","footer-sml-layout":"","ast-disable-related-posts":"","theme-transparent-header-meta":"","adv-header-id-meta":"","stick-header-meta":"","header-above-stick-meta":"","header-main-stick-meta":"","header-below-stick-meta":"","astra-migrate-meta-layouts":"default","ast-page-background-enabled":"default","ast-page-background-meta":{"desktop":{"background-color":"","background-image":"","background-repeat":"repeat","background-position":"center center","background-size":"auto","background-attachment":"scroll","background-type":"","background-media":"","overlay-type":"","overlay-color":"","overlay-opacity":"","overlay-gradient":""},"tablet":{"background-color":"","background-image":"","background-repeat":"repeat","background-position":"center center","background-size":"auto","background-attachment":"scroll","background-type":"","background-media":"","overlay-type":"","overlay-color":"","overlay-opacity":"","overlay-gradient":""},"mobile":{"background-color":"","background-image":"","background-repeat":"repeat","background-position":"center center","background-size":"auto","background-attachment":"scroll","background-type":"","background-media":"","overlay-type":"","overlay-color":"","overlay-opacity":"","overlay-gradient":""}},"ast-content-background-meta":{"desktop":{"background-color":"var(--ast-global-color-5)","background-image":"","background-repeat":"repeat","background-position":"center center","background-size":"auto","background-attachment":"scroll","background-type":"","background-media":"","overlay-type":"","overlay-color":"","overlay-opacity":"","overlay-gradient":""},"tablet":{"background-color":"var(--ast-global-color-5)","background-image":"","background-repeat":"repeat","background-position":"center center","background-size":"auto","background-attachment":"scroll","background-type":"","background-media":"","overlay-type":"","overlay-color":"","overlay-opacity":"","overlay-gradient":""},"mobile":{"background-color":"var(--ast-global-color-5)","background-image":"","background-repeat":"repeat","background-position":"center center","background-size":"auto","background-attachment":"scroll","background-type":"","background-media":"","overlay-type":"","overlay-color":"","overlay-opacity":"","overlay-gradient":""}},"_jetpack_memberships_contains_paid_content":false,"_joinchat":[],"footnotes":""},"categories":[5,2],"tags":[],"class_list":["post-76055","post","type-post","status-publish","format-standard","has-post-thumbnail","hentry","category-sociedad","category-villa-maria"],"yoast_head":"<!-- This site is optimized with the Yoast SEO plugin v26.8 - https:\/\/yoast.com\/product\/yoast-seo-wordpress\/ -->\n<title>Buscan articular trabajos de investigaci\u00f3n, docencia y artes para enriquecer el sistema cient\u00edfico universitario - El Regional<\/title>\n<meta name=\"robots\" content=\"index, follow, max-snippet:-1, max-image-preview:large, max-video-preview:-1\" \/>\n<link rel=\"canonical\" href=\"http:\/\/elregionalvm.com.ar\/noticias-villa-maria\/buscan-articular-trabajos-de-investigacion-docencia-y-artes-para-enriquecer-el-sistema-cientifico-universitario\/\" \/>\n<meta property=\"og:locale\" content=\"es_ES\" \/>\n<meta property=\"og:type\" content=\"article\" \/>\n<meta property=\"og:title\" content=\"Buscan articular trabajos de investigaci\u00f3n, docencia y artes para enriquecer el sistema cient\u00edfico universitario - El Regional\" \/>\n<meta property=\"og:description\" content=\"En Argentina, la educaci\u00f3n superior es un bien p\u00fablico. Por eso, el sistema universitario debe pensarse para el ejercicio pleno de ese derecho. En ese contexto, el desarrollo cient\u00edfico ocupa un lugar estrat\u00e9gico en esa b\u00fasqueda de dar cuenta de las necesidades y demandas de la poblaci\u00f3n con una visi\u00f3n federal e igualitaria. Con la [&hellip;]\" \/>\n<meta property=\"og:url\" content=\"http:\/\/elregionalvm.com.ar\/noticias-villa-maria\/buscan-articular-trabajos-de-investigacion-docencia-y-artes-para-enriquecer-el-sistema-cientifico-universitario\/\" \/>\n<meta property=\"og:site_name\" content=\"El Regional\" \/>\n<meta property=\"article:publisher\" content=\"https:\/\/www.facebook.com\/elregionalvm\" \/>\n<meta property=\"article:published_time\" content=\"2023-05-08T20:44:12+00:00\" \/>\n<meta property=\"article:modified_time\" content=\"2023-05-08T20:51:47+00:00\" \/>\n<meta property=\"og:image\" content=\"http:\/\/elregionalvm.com.ar\/noticias-villa-maria\/wp-content\/uploads\/2023\/05\/prinuar2.jpg\" \/>\n\t<meta property=\"og:image:width\" content=\"750\" \/>\n\t<meta property=\"og:image:height\" content=\"500\" \/>\n\t<meta property=\"og:image:type\" content=\"image\/jpeg\" \/>\n<meta name=\"author\" content=\"Contenidos El Regional\" \/>\n<meta name=\"twitter:card\" content=\"summary_large_image\" \/>\n<meta name=\"twitter:creator\" content=\"@elregionalvm1\" \/>\n<meta name=\"twitter:site\" content=\"@elregionalvm1\" \/>\n<meta name=\"twitter:label1\" content=\"Escrito por\" \/>\n\t<meta name=\"twitter:data1\" content=\"Contenidos El Regional\" \/>\n\t<meta name=\"twitter:label2\" content=\"Tiempo de lectura\" \/>\n\t<meta name=\"twitter:data2\" content=\"3 minutos\" \/>\n<script type=\"application\/ld+json\" class=\"yoast-schema-graph\">{\"@context\":\"https:\/\/schema.org\",\"@graph\":[{\"@type\":\"Article\",\"@id\":\"http:\/\/elregionalvm.com.ar\/noticias-villa-maria\/buscan-articular-trabajos-de-investigacion-docencia-y-artes-para-enriquecer-el-sistema-cientifico-universitario\/#article\",\"isPartOf\":{\"@id\":\"http:\/\/elregionalvm.com.ar\/noticias-villa-maria\/buscan-articular-trabajos-de-investigacion-docencia-y-artes-para-enriquecer-el-sistema-cientifico-universitario\/\"},\"author\":{\"name\":\"Contenidos El Regional\",\"@id\":\"http:\/\/elregionalvm.com.ar\/noticias-villa-maria\/#\/schema\/person\/a0fb9c422317faca23d50163151bc354\"},\"headline\":\"Buscan articular trabajos de investigaci\u00f3n, docencia y artes para enriquecer el sistema cient\u00edfico universitario\",\"datePublished\":\"2023-05-08T20:44:12+00:00\",\"dateModified\":\"2023-05-08T20:51:47+00:00\",\"mainEntityOfPage\":{\"@id\":\"http:\/\/elregionalvm.com.ar\/noticias-villa-maria\/buscan-articular-trabajos-de-investigacion-docencia-y-artes-para-enriquecer-el-sistema-cientifico-universitario\/\"},\"wordCount\":588,\"commentCount\":0,\"image\":{\"@id\":\"http:\/\/elregionalvm.com.ar\/noticias-villa-maria\/buscan-articular-trabajos-de-investigacion-docencia-y-artes-para-enriquecer-el-sistema-cientifico-universitario\/#primaryimage\"},\"thumbnailUrl\":\"https:\/\/i0.wp.com\/elregionalvm.com.ar\/noticias-villa-maria\/wp-content\/uploads\/2023\/05\/prinuar2.jpg?fit=750%2C500&ssl=1\",\"articleSection\":[\"Sociedad\",\"Villa Mar\u00eda\"],\"inLanguage\":\"es\",\"potentialAction\":[{\"@type\":\"CommentAction\",\"name\":\"Comment\",\"target\":[\"http:\/\/elregionalvm.com.ar\/noticias-villa-maria\/buscan-articular-trabajos-de-investigacion-docencia-y-artes-para-enriquecer-el-sistema-cientifico-universitario\/#respond\"]}]},{\"@type\":\"WebPage\",\"@id\":\"http:\/\/elregionalvm.com.ar\/noticias-villa-maria\/buscan-articular-trabajos-de-investigacion-docencia-y-artes-para-enriquecer-el-sistema-cientifico-universitario\/\",\"url\":\"http:\/\/elregionalvm.com.ar\/noticias-villa-maria\/buscan-articular-trabajos-de-investigacion-docencia-y-artes-para-enriquecer-el-sistema-cientifico-universitario\/\",\"name\":\"Buscan articular trabajos de investigaci\u00f3n, docencia y artes para enriquecer el sistema cient\u00edfico universitario - El Regional\",\"isPartOf\":{\"@id\":\"http:\/\/elregionalvm.com.ar\/noticias-villa-maria\/#website\"},\"primaryImageOfPage\":{\"@id\":\"http:\/\/elregionalvm.com.ar\/noticias-villa-maria\/buscan-articular-trabajos-de-investigacion-docencia-y-artes-para-enriquecer-el-sistema-cientifico-universitario\/#primaryimage\"},\"image\":{\"@id\":\"http:\/\/elregionalvm.com.ar\/noticias-villa-maria\/buscan-articular-trabajos-de-investigacion-docencia-y-artes-para-enriquecer-el-sistema-cientifico-universitario\/#primaryimage\"},\"thumbnailUrl\":\"https:\/\/i0.wp.com\/elregionalvm.com.ar\/noticias-villa-maria\/wp-content\/uploads\/2023\/05\/prinuar2.jpg?fit=750%2C500&ssl=1\",\"datePublished\":\"2023-05-08T20:44:12+00:00\",\"dateModified\":\"2023-05-08T20:51:47+00:00\",\"author\":{\"@id\":\"http:\/\/elregionalvm.com.ar\/noticias-villa-maria\/#\/schema\/person\/a0fb9c422317faca23d50163151bc354\"},\"breadcrumb\":{\"@id\":\"http:\/\/elregionalvm.com.ar\/noticias-villa-maria\/buscan-articular-trabajos-de-investigacion-docencia-y-artes-para-enriquecer-el-sistema-cientifico-universitario\/#breadcrumb\"},\"inLanguage\":\"es\",\"potentialAction\":[{\"@type\":\"ReadAction\",\"target\":[\"http:\/\/elregionalvm.com.ar\/noticias-villa-maria\/buscan-articular-trabajos-de-investigacion-docencia-y-artes-para-enriquecer-el-sistema-cientifico-universitario\/\"]}]},{\"@type\":\"ImageObject\",\"inLanguage\":\"es\",\"@id\":\"http:\/\/elregionalvm.com.ar\/noticias-villa-maria\/buscan-articular-trabajos-de-investigacion-docencia-y-artes-para-enriquecer-el-sistema-cientifico-universitario\/#primaryimage\",\"url\":\"https:\/\/i0.wp.com\/elregionalvm.com.ar\/noticias-villa-maria\/wp-content\/uploads\/2023\/05\/prinuar2.jpg?fit=750%2C500&ssl=1\",\"contentUrl\":\"https:\/\/i0.wp.com\/elregionalvm.com.ar\/noticias-villa-maria\/wp-content\/uploads\/2023\/05\/prinuar2.jpg?fit=750%2C500&ssl=1\",\"width\":750,\"height\":500},{\"@type\":\"BreadcrumbList\",\"@id\":\"http:\/\/elregionalvm.com.ar\/noticias-villa-maria\/buscan-articular-trabajos-de-investigacion-docencia-y-artes-para-enriquecer-el-sistema-cientifico-universitario\/#breadcrumb\",\"itemListElement\":[{\"@type\":\"ListItem\",\"position\":1,\"name\":\"Portada\",\"item\":\"https:\/\/elregionalvm.com.ar\/noticias-villa-maria\/\"},{\"@type\":\"ListItem\",\"position\":2,\"name\":\"Buscan articular trabajos de investigaci\u00f3n, docencia y artes para enriquecer el sistema cient\u00edfico universitario\"}]},{\"@type\":\"WebSite\",\"@id\":\"http:\/\/elregionalvm.com.ar\/noticias-villa-maria\/#website\",\"url\":\"http:\/\/elregionalvm.com.ar\/noticias-villa-maria\/\",\"name\":\"El Regional\",\"description\":\"Mucho m\u00e1s que informaci\u00f3n\",\"potentialAction\":[{\"@type\":\"SearchAction\",\"target\":{\"@type\":\"EntryPoint\",\"urlTemplate\":\"http:\/\/elregionalvm.com.ar\/noticias-villa-maria\/?s={search_term_string}\"},\"query-input\":{\"@type\":\"PropertyValueSpecification\",\"valueRequired\":true,\"valueName\":\"search_term_string\"}}],\"inLanguage\":\"es\"},{\"@type\":\"Person\",\"@id\":\"http:\/\/elregionalvm.com.ar\/noticias-villa-maria\/#\/schema\/person\/a0fb9c422317faca23d50163151bc354\",\"name\":\"Contenidos El Regional\",\"image\":{\"@type\":\"ImageObject\",\"inLanguage\":\"es\",\"@id\":\"http:\/\/elregionalvm.com.ar\/noticias-villa-maria\/#\/schema\/person\/image\/\",\"url\":\"https:\/\/secure.gravatar.com\/avatar\/265b27cb2209af7bb3a1318f03305787d7981a5cc6e6cd08fe5a4ecdf99d4b48?s=96&d=mm&r=g\",\"contentUrl\":\"https:\/\/secure.gravatar.com\/avatar\/265b27cb2209af7bb3a1318f03305787d7981a5cc6e6cd08fe5a4ecdf99d4b48?s=96&d=mm&r=g\",\"caption\":\"Contenidos El Regional\"},\"url\":\"https:\/\/elregionalvm.com.ar\/noticias-villa-maria\/author\/contenido\/\"}]}<\/script>\n<!-- \/ Yoast SEO plugin. -->","yoast_head_json":{"title":"Buscan articular trabajos de investigaci\u00f3n, docencia y artes para enriquecer el sistema cient\u00edfico universitario - El Regional","robots":{"index":"index","follow":"follow","max-snippet":"max-snippet:-1","max-image-preview":"max-image-preview:large","max-video-preview":"max-video-preview:-1"},"canonical":"http:\/\/elregionalvm.com.ar\/noticias-villa-maria\/buscan-articular-trabajos-de-investigacion-docencia-y-artes-para-enriquecer-el-sistema-cientifico-universitario\/","og_locale":"es_ES","og_type":"article","og_title":"Buscan articular trabajos de investigaci\u00f3n, docencia y artes para enriquecer el sistema cient\u00edfico universitario - El Regional","og_description":"En Argentina, la educaci\u00f3n superior es un bien p\u00fablico. Por eso, el sistema universitario debe pensarse para el ejercicio pleno de ese derecho. En ese contexto, el desarrollo cient\u00edfico ocupa un lugar estrat\u00e9gico en esa b\u00fasqueda de dar cuenta de las necesidades y demandas de la poblaci\u00f3n con una visi\u00f3n federal e igualitaria. Con la [&hellip;]","og_url":"http:\/\/elregionalvm.com.ar\/noticias-villa-maria\/buscan-articular-trabajos-de-investigacion-docencia-y-artes-para-enriquecer-el-sistema-cientifico-universitario\/","og_site_name":"El Regional","article_publisher":"https:\/\/www.facebook.com\/elregionalvm","article_published_time":"2023-05-08T20:44:12+00:00","article_modified_time":"2023-05-08T20:51:47+00:00","og_image":[{"width":750,"height":500,"url":"http:\/\/elregionalvm.com.ar\/noticias-villa-maria\/wp-content\/uploads\/2023\/05\/prinuar2.jpg","type":"image\/jpeg"}],"author":"Contenidos El Regional","twitter_card":"summary_large_image","twitter_creator":"@elregionalvm1","twitter_site":"@elregionalvm1","twitter_misc":{"Escrito por":"Contenidos El Regional","Tiempo de lectura":"3 minutos"},"schema":{"@context":"https:\/\/schema.org","@graph":[{"@type":"Article","@id":"http:\/\/elregionalvm.com.ar\/noticias-villa-maria\/buscan-articular-trabajos-de-investigacion-docencia-y-artes-para-enriquecer-el-sistema-cientifico-universitario\/#article","isPartOf":{"@id":"http:\/\/elregionalvm.com.ar\/noticias-villa-maria\/buscan-articular-trabajos-de-investigacion-docencia-y-artes-para-enriquecer-el-sistema-cientifico-universitario\/"},"author":{"name":"Contenidos El Regional","@id":"http:\/\/elregionalvm.com.ar\/noticias-villa-maria\/#\/schema\/person\/a0fb9c422317faca23d50163151bc354"},"headline":"Buscan articular trabajos de investigaci\u00f3n, docencia y artes para enriquecer el sistema cient\u00edfico universitario","datePublished":"2023-05-08T20:44:12+00:00","dateModified":"2023-05-08T20:51:47+00:00","mainEntityOfPage":{"@id":"http:\/\/elregionalvm.com.ar\/noticias-villa-maria\/buscan-articular-trabajos-de-investigacion-docencia-y-artes-para-enriquecer-el-sistema-cientifico-universitario\/"},"wordCount":588,"commentCount":0,"image":{"@id":"http:\/\/elregionalvm.com.ar\/noticias-villa-maria\/buscan-articular-trabajos-de-investigacion-docencia-y-artes-para-enriquecer-el-sistema-cientifico-universitario\/#primaryimage"},"thumbnailUrl":"https:\/\/i0.wp.com\/elregionalvm.com.ar\/noticias-villa-maria\/wp-content\/uploads\/2023\/05\/prinuar2.jpg?fit=750%2C500&ssl=1","articleSection":["Sociedad","Villa Mar\u00eda"],"inLanguage":"es","potentialAction":[{"@type":"CommentAction","name":"Comment","target":["http:\/\/elregionalvm.com.ar\/noticias-villa-maria\/buscan-articular-trabajos-de-investigacion-docencia-y-artes-para-enriquecer-el-sistema-cientifico-universitario\/#respond"]}]},{"@type":"WebPage","@id":"http:\/\/elregionalvm.com.ar\/noticias-villa-maria\/buscan-articular-trabajos-de-investigacion-docencia-y-artes-para-enriquecer-el-sistema-cientifico-universitario\/","url":"http:\/\/elregionalvm.com.ar\/noticias-villa-maria\/buscan-articular-trabajos-de-investigacion-docencia-y-artes-para-enriquecer-el-sistema-cientifico-universitario\/","name":"Buscan articular trabajos de investigaci\u00f3n, docencia y artes para enriquecer el sistema cient\u00edfico universitario - El Regional","isPartOf":{"@id":"http:\/\/elregionalvm.com.ar\/noticias-villa-maria\/#website"},"primaryImageOfPage":{"@id":"http:\/\/elregionalvm.com.ar\/noticias-villa-maria\/buscan-articular-trabajos-de-investigacion-docencia-y-artes-para-enriquecer-el-sistema-cientifico-universitario\/#primaryimage"},"image":{"@id":"http:\/\/elregionalvm.com.ar\/noticias-villa-maria\/buscan-articular-trabajos-de-investigacion-docencia-y-artes-para-enriquecer-el-sistema-cientifico-universitario\/#primaryimage"},"thumbnailUrl":"https:\/\/i0.wp.com\/elregionalvm.com.ar\/noticias-villa-maria\/wp-content\/uploads\/2023\/05\/prinuar2.jpg?fit=750%2C500&ssl=1","datePublished":"2023-05-08T20:44:12+00:00","dateModified":"2023-05-08T20:51:47+00:00","author":{"@id":"http:\/\/elregionalvm.com.ar\/noticias-villa-maria\/#\/schema\/person\/a0fb9c422317faca23d50163151bc354"},"breadcrumb":{"@id":"http:\/\/elregionalvm.com.ar\/noticias-villa-maria\/buscan-articular-trabajos-de-investigacion-docencia-y-artes-para-enriquecer-el-sistema-cientifico-universitario\/#breadcrumb"},"inLanguage":"es","potentialAction":[{"@type":"ReadAction","target":["http:\/\/elregionalvm.com.ar\/noticias-villa-maria\/buscan-articular-trabajos-de-investigacion-docencia-y-artes-para-enriquecer-el-sistema-cientifico-universitario\/"]}]},{"@type":"ImageObject","inLanguage":"es","@id":"http:\/\/elregionalvm.com.ar\/noticias-villa-maria\/buscan-articular-trabajos-de-investigacion-docencia-y-artes-para-enriquecer-el-sistema-cientifico-universitario\/#primaryimage","url":"https:\/\/i0.wp.com\/elregionalvm.com.ar\/noticias-villa-maria\/wp-content\/uploads\/2023\/05\/prinuar2.jpg?fit=750%2C500&ssl=1","contentUrl":"https:\/\/i0.wp.com\/elregionalvm.com.ar\/noticias-villa-maria\/wp-content\/uploads\/2023\/05\/prinuar2.jpg?fit=750%2C500&ssl=1","width":750,"height":500},{"@type":"BreadcrumbList","@id":"http:\/\/elregionalvm.com.ar\/noticias-villa-maria\/buscan-articular-trabajos-de-investigacion-docencia-y-artes-para-enriquecer-el-sistema-cientifico-universitario\/#breadcrumb","itemListElement":[{"@type":"ListItem","position":1,"name":"Portada","item":"https:\/\/elregionalvm.com.ar\/noticias-villa-maria\/"},{"@type":"ListItem","position":2,"name":"Buscan articular trabajos de investigaci\u00f3n, docencia y artes para enriquecer el sistema cient\u00edfico universitario"}]},{"@type":"WebSite","@id":"http:\/\/elregionalvm.com.ar\/noticias-villa-maria\/#website","url":"http:\/\/elregionalvm.com.ar\/noticias-villa-maria\/","name":"El Regional","description":"Mucho m\u00e1s que informaci\u00f3n","potentialAction":[{"@type":"SearchAction","target":{"@type":"EntryPoint","urlTemplate":"http:\/\/elregionalvm.com.ar\/noticias-villa-maria\/?s={search_term_string}"},"query-input":{"@type":"PropertyValueSpecification","valueRequired":true,"valueName":"search_term_string"}}],"inLanguage":"es"},{"@type":"Person","@id":"http:\/\/elregionalvm.com.ar\/noticias-villa-maria\/#\/schema\/person\/a0fb9c422317faca23d50163151bc354","name":"Contenidos El Regional","image":{"@type":"ImageObject","inLanguage":"es","@id":"http:\/\/elregionalvm.com.ar\/noticias-villa-maria\/#\/schema\/person\/image\/","url":"https:\/\/secure.gravatar.com\/avatar\/265b27cb2209af7bb3a1318f03305787d7981a5cc6e6cd08fe5a4ecdf99d4b48?s=96&d=mm&r=g","contentUrl":"https:\/\/secure.gravatar.com\/avatar\/265b27cb2209af7bb3a1318f03305787d7981a5cc6e6cd08fe5a4ecdf99d4b48?s=96&d=mm&r=g","caption":"Contenidos El Regional"},"url":"https:\/\/elregionalvm.com.ar\/noticias-villa-maria\/author\/contenido\/"}]}},"jetpack_featured_media_url":"https:\/\/i0.wp.com\/elregionalvm.com.ar\/noticias-villa-maria\/wp-content\/uploads\/2023\/05\/prinuar2.jpg?fit=750%2C500&ssl=1","jetpack_sharing_enabled":true,"_links":{"self":[{"href":"https:\/\/elregionalvm.com.ar\/noticias-villa-maria\/wp-json\/wp\/v2\/posts\/76055","targetHints":{"allow":["GET"]}}],"collection":[{"href":"https:\/\/elregionalvm.com.ar\/noticias-villa-maria\/wp-json\/wp\/v2\/posts"}],"about":[{"href":"https:\/\/elregionalvm.com.ar\/noticias-villa-maria\/wp-json\/wp\/v2\/types\/post"}],"author":[{"embeddable":true,"href":"https:\/\/elregionalvm.com.ar\/noticias-villa-maria\/wp-json\/wp\/v2\/users\/4"}],"replies":[{"embeddable":true,"href":"https:\/\/elregionalvm.com.ar\/noticias-villa-maria\/wp-json\/wp\/v2\/comments?post=76055"}],"version-history":[{"count":1,"href":"https:\/\/elregionalvm.com.ar\/noticias-villa-maria\/wp-json\/wp\/v2\/posts\/76055\/revisions"}],"predecessor-version":[{"id":76058,"href":"https:\/\/elregionalvm.com.ar\/noticias-villa-maria\/wp-json\/wp\/v2\/posts\/76055\/revisions\/76058"}],"wp:featuredmedia":[{"embeddable":true,"href":"https:\/\/elregionalvm.com.ar\/noticias-villa-maria\/wp-json\/wp\/v2\/media\/76057"}],"wp:attachment":[{"href":"https:\/\/elregionalvm.com.ar\/noticias-villa-maria\/wp-json\/wp\/v2\/media?parent=76055"}],"wp:term":[{"taxonomy":"category","embeddable":true,"href":"https:\/\/elregionalvm.com.ar\/noticias-villa-maria\/wp-json\/wp\/v2\/categories?post=76055"},{"taxonomy":"post_tag","embeddable":true,"href":"https:\/\/elregionalvm.com.ar\/noticias-villa-maria\/wp-json\/wp\/v2\/tags?post=76055"}],"curies":[{"name":"wp","href":"https:\/\/api.w.org\/{rel}","templated":true}]}}