{"id":76063,"date":"2023-05-08T20:50:29","date_gmt":"2023-05-08T20:50:29","guid":{"rendered":"https:\/\/elregionalvm.com.ar\/noticias-villa-maria\/?p=76063"},"modified":"2023-05-09T01:56:25","modified_gmt":"2023-05-09T01:56:25","slug":"se-declaro-de-interes-municipal-la-capacitacion-tecnica-que-desarrolla-el-instituto-de-formacion-de-mpf-en-san-francisco","status":"publish","type":"post","link":"https:\/\/elregionalvm.com.ar\/noticias-villa-maria\/se-declaro-de-interes-municipal-la-capacitacion-tecnica-que-desarrolla-el-instituto-de-formacion-de-mpf-en-san-francisco\/","title":{"rendered":"Se declar\u00f3 de inter\u00e9s municipal la capacitaci\u00f3n t\u00e9cnica que desarrolla el instituto de formaci\u00f3n de MPF en San Francisco"},"content":{"rendered":"\n<p>Se llev\u00f3 a cabo en la Tecnoteca Municipal de Francisco, una capacitaci\u00f3n de la l\u00ednea t\u00e9cnica cient\u00edfica en el marco de la Red de Formaci\u00f3n Provincial del MPF. <\/p>\n\n\n\n<p>La misma procura tener un impacto significativo sobre la capacitaci\u00f3n de las fuerzas de seguridad que colaboran con el MPF en la persecuci\u00f3n penal que se despliega en todo el territorio provincial.<\/p>\n\n\n\n<p>La disertaci\u00f3n estuvo a cargo de Mat\u00edas Meza y Gustavo Coppini del Instituto de Formaci\u00f3n del Ministerio P\u00fablico Fiscal, quienes presentaron la \u201c<strong>Gu\u00eda de Actuaci\u00f3n Policial en la Preservaci\u00f3n del Lugar del Hecho<\/strong>\u201d. <\/p>\n\n\n\n<p>Esta actividad\u00a0 cont\u00f3 con la asistencia de la Fiscal de Instrucci\u00f3n del 4to turno, Leonor Failla; el Coordinador de la sede de Polic\u00eda Cient\u00edfica sede San Francisco Diego Robledo, referentes de Polic\u00eda Provincia C\u00f3rdoba (ETER, CAP, subcomisar\u00edas de localidades\u00a0 del departamento San justo), Polic\u00eda Federal Argentina, Gendarmer\u00eda Nacional.<\/p>\n\n\n\n<p>Tambi\u00e9n Bomberos Voluntarios, personal del anexo San Francisco de la Escuela de Suboficiales, polo de la mujer, Servicio Penitenciario, Brigada de Investigaci\u00f3n de la Ciudad de Frontera (Santa Fe), Juzgado Municipal de Faltas, Fiscal\u00edas de Instrucci\u00f3n, Unidades judiciales de San Francisco, Arroyito, Juzgado de menores, entre otros.<\/p>\n\n\n\n<p>Es de suma importancia y gratificaci\u00f3n institucional resaltar que la formaci\u00f3n fue declarada de inter\u00e9s municipal por el Honorable Consejo Deliberante de la Ciudad de Francisco.<\/p>\n","protected":false},"excerpt":{"rendered":"<p>Se llev\u00f3 a cabo en la Tecnoteca Municipal de Francisco, una capacitaci\u00f3n de la l\u00ednea t\u00e9cnica cient\u00edfica en el marco de la Red de Formaci\u00f3n Provincial del MPF. La misma procura tener un impacto significativo sobre la capacitaci\u00f3n de las fuerzas de seguridad que colaboran con el MPF en la persecuci\u00f3n penal que se despliega [&hellip;]<\/p>\n","protected":false},"author":4,"featured_media":76065,"comment_status":"open","ping_status":"open","sticky":false,"template":"","format":"standard","meta":{"site-sidebar-layout":"default","site-content-layout":"","ast-site-content-layout":"default","site-content-style":"default","site-sidebar-style":"default","ast-global-header-display":"","ast-banner-title-visibility":"","ast-main-header-display":"","ast-hfb-above-header-display":"","ast-hfb-below-header-display":"","ast-hfb-mobile-header-display":"","site-post-title":"","ast-breadcrumbs-content":"","ast-featured-img":"","footer-sml-layout":"","ast-disable-related-posts":"","theme-transparent-header-meta":"","adv-header-id-meta":"","stick-header-meta":"","header-above-stick-meta":"","header-main-stick-meta":"","header-below-stick-meta":"","astra-migrate-meta-layouts":"default","ast-page-background-enabled":"default","ast-page-background-meta":{"desktop":{"background-color":"","background-image":"","background-repeat":"repeat","background-position":"center center","background-size":"auto","background-attachment":"scroll","background-type":"","background-media":"","overlay-type":"","overlay-color":"","overlay-opacity":"","overlay-gradient":""},"tablet":{"background-color":"","background-image":"","background-repeat":"repeat","background-position":"center center","background-size":"auto","background-attachment":"scroll","background-type":"","background-media":"","overlay-type":"","overlay-color":"","overlay-opacity":"","overlay-gradient":""},"mobile":{"background-color":"","background-image":"","background-repeat":"repeat","background-position":"center center","background-size":"auto","background-attachment":"scroll","background-type":"","background-media":"","overlay-type":"","overlay-color":"","overlay-opacity":"","overlay-gradient":""}},"ast-content-background-meta":{"desktop":{"background-color":"var(--ast-global-color-5)","background-image":"","background-repeat":"repeat","background-position":"center center","background-size":"auto","background-attachment":"scroll","background-type":"","background-media":"","overlay-type":"","overlay-color":"","overlay-opacity":"","overlay-gradient":""},"tablet":{"background-color":"var(--ast-global-color-5)","background-image":"","background-repeat":"repeat","background-position":"center center","background-size":"auto","background-attachment":"scroll","background-type":"","background-media":"","overlay-type":"","overlay-color":"","overlay-opacity":"","overlay-gradient":""},"mobile":{"background-color":"var(--ast-global-color-5)","background-image":"","background-repeat":"repeat","background-position":"center center","background-size":"auto","background-attachment":"scroll","background-type":"","background-media":"","overlay-type":"","overlay-color":"","overlay-opacity":"","overlay-gradient":""}},"_jetpack_memberships_contains_paid_content":false,"_joinchat":[],"footnotes":""},"categories":[2091,5],"tags":[],"class_list":["post-76063","post","type-post","status-publish","format-standard","has-post-thumbnail","hentry","category-region","category-sociedad"],"yoast_head":"<!-- This site is optimized with the Yoast SEO plugin v26.8 - https:\/\/yoast.com\/product\/yoast-seo-wordpress\/ -->\n<title>Se declar\u00f3 de inter\u00e9s municipal la capacitaci\u00f3n t\u00e9cnica que desarrolla el instituto de formaci\u00f3n de MPF en San Francisco - El Regional<\/title>\n<meta name=\"robots\" content=\"index, follow, max-snippet:-1, max-image-preview:large, max-video-preview:-1\" \/>\n<link rel=\"canonical\" href=\"http:\/\/elregionalvm.com.ar\/noticias-villa-maria\/se-declaro-de-interes-municipal-la-capacitacion-tecnica-que-desarrolla-el-instituto-de-formacion-de-mpf-en-san-francisco\/\" \/>\n<meta property=\"og:locale\" content=\"es_ES\" \/>\n<meta property=\"og:type\" content=\"article\" \/>\n<meta property=\"og:title\" content=\"Se declar\u00f3 de inter\u00e9s municipal la capacitaci\u00f3n t\u00e9cnica que desarrolla el instituto de formaci\u00f3n de MPF en San Francisco - El Regional\" \/>\n<meta property=\"og:description\" content=\"Se llev\u00f3 a cabo en la Tecnoteca Municipal de Francisco, una capacitaci\u00f3n de la l\u00ednea t\u00e9cnica cient\u00edfica en el marco de la Red de Formaci\u00f3n Provincial del MPF. La misma procura tener un impacto significativo sobre la capacitaci\u00f3n de las fuerzas de seguridad que colaboran con el MPF en la persecuci\u00f3n penal que se despliega [&hellip;]\" \/>\n<meta property=\"og:url\" content=\"http:\/\/elregionalvm.com.ar\/noticias-villa-maria\/se-declaro-de-interes-municipal-la-capacitacion-tecnica-que-desarrolla-el-instituto-de-formacion-de-mpf-en-san-francisco\/\" \/>\n<meta property=\"og:site_name\" content=\"El Regional\" \/>\n<meta property=\"article:publisher\" content=\"https:\/\/www.facebook.com\/elregionalvm\" \/>\n<meta property=\"article:published_time\" content=\"2023-05-08T20:50:29+00:00\" \/>\n<meta property=\"article:modified_time\" content=\"2023-05-09T01:56:25+00:00\" \/>\n<meta property=\"og:image\" content=\"http:\/\/elregionalvm.com.ar\/noticias-villa-maria\/wp-content\/uploads\/2023\/05\/WhatsApp-Image-2023-05-05-at-11.45.05-2-940x705-1.jpeg\" \/>\n\t<meta property=\"og:image:width\" content=\"940\" \/>\n\t<meta property=\"og:image:height\" content=\"705\" \/>\n\t<meta property=\"og:image:type\" content=\"image\/jpeg\" \/>\n<meta name=\"author\" content=\"Contenidos El Regional\" \/>\n<meta name=\"twitter:card\" content=\"summary_large_image\" \/>\n<meta name=\"twitter:creator\" content=\"@elregionalvm1\" \/>\n<meta name=\"twitter:site\" content=\"@elregionalvm1\" \/>\n<meta name=\"twitter:label1\" content=\"Escrito por\" \/>\n\t<meta name=\"twitter:data1\" content=\"Contenidos El Regional\" \/>\n\t<meta name=\"twitter:label2\" content=\"Tiempo de lectura\" \/>\n\t<meta name=\"twitter:data2\" content=\"1 minuto\" \/>\n<script type=\"application\/ld+json\" class=\"yoast-schema-graph\">{\"@context\":\"https:\/\/schema.org\",\"@graph\":[{\"@type\":\"Article\",\"@id\":\"http:\/\/elregionalvm.com.ar\/noticias-villa-maria\/se-declaro-de-interes-municipal-la-capacitacion-tecnica-que-desarrolla-el-instituto-de-formacion-de-mpf-en-san-francisco\/#article\",\"isPartOf\":{\"@id\":\"http:\/\/elregionalvm.com.ar\/noticias-villa-maria\/se-declaro-de-interes-municipal-la-capacitacion-tecnica-que-desarrolla-el-instituto-de-formacion-de-mpf-en-san-francisco\/\"},\"author\":{\"name\":\"Contenidos El Regional\",\"@id\":\"http:\/\/elregionalvm.com.ar\/noticias-villa-maria\/#\/schema\/person\/a0fb9c422317faca23d50163151bc354\"},\"headline\":\"Se declar\u00f3 de inter\u00e9s municipal la capacitaci\u00f3n t\u00e9cnica que desarrolla el instituto de formaci\u00f3n de MPF en San Francisco\",\"datePublished\":\"2023-05-08T20:50:29+00:00\",\"dateModified\":\"2023-05-09T01:56:25+00:00\",\"mainEntityOfPage\":{\"@id\":\"http:\/\/elregionalvm.com.ar\/noticias-villa-maria\/se-declaro-de-interes-municipal-la-capacitacion-tecnica-que-desarrolla-el-instituto-de-formacion-de-mpf-en-san-francisco\/\"},\"wordCount\":266,\"commentCount\":0,\"image\":{\"@id\":\"http:\/\/elregionalvm.com.ar\/noticias-villa-maria\/se-declaro-de-interes-municipal-la-capacitacion-tecnica-que-desarrolla-el-instituto-de-formacion-de-mpf-en-san-francisco\/#primaryimage\"},\"thumbnailUrl\":\"https:\/\/i0.wp.com\/elregionalvm.com.ar\/noticias-villa-maria\/wp-content\/uploads\/2023\/05\/WhatsApp-Image-2023-05-05-at-11.45.05-2-940x705-1.jpeg?fit=940%2C705&ssl=1\",\"articleSection\":[\"Regi\u00f3n\",\"Sociedad\"],\"inLanguage\":\"es\",\"potentialAction\":[{\"@type\":\"CommentAction\",\"name\":\"Comment\",\"target\":[\"http:\/\/elregionalvm.com.ar\/noticias-villa-maria\/se-declaro-de-interes-municipal-la-capacitacion-tecnica-que-desarrolla-el-instituto-de-formacion-de-mpf-en-san-francisco\/#respond\"]}]},{\"@type\":\"WebPage\",\"@id\":\"http:\/\/elregionalvm.com.ar\/noticias-villa-maria\/se-declaro-de-interes-municipal-la-capacitacion-tecnica-que-desarrolla-el-instituto-de-formacion-de-mpf-en-san-francisco\/\",\"url\":\"http:\/\/elregionalvm.com.ar\/noticias-villa-maria\/se-declaro-de-interes-municipal-la-capacitacion-tecnica-que-desarrolla-el-instituto-de-formacion-de-mpf-en-san-francisco\/\",\"name\":\"Se declar\u00f3 de inter\u00e9s municipal la capacitaci\u00f3n t\u00e9cnica que desarrolla el instituto de formaci\u00f3n de MPF en San Francisco - El Regional\",\"isPartOf\":{\"@id\":\"http:\/\/elregionalvm.com.ar\/noticias-villa-maria\/#website\"},\"primaryImageOfPage\":{\"@id\":\"http:\/\/elregionalvm.com.ar\/noticias-villa-maria\/se-declaro-de-interes-municipal-la-capacitacion-tecnica-que-desarrolla-el-instituto-de-formacion-de-mpf-en-san-francisco\/#primaryimage\"},\"image\":{\"@id\":\"http:\/\/elregionalvm.com.ar\/noticias-villa-maria\/se-declaro-de-interes-municipal-la-capacitacion-tecnica-que-desarrolla-el-instituto-de-formacion-de-mpf-en-san-francisco\/#primaryimage\"},\"thumbnailUrl\":\"https:\/\/i0.wp.com\/elregionalvm.com.ar\/noticias-villa-maria\/wp-content\/uploads\/2023\/05\/WhatsApp-Image-2023-05-05-at-11.45.05-2-940x705-1.jpeg?fit=940%2C705&ssl=1\",\"datePublished\":\"2023-05-08T20:50:29+00:00\",\"dateModified\":\"2023-05-09T01:56:25+00:00\",\"author\":{\"@id\":\"http:\/\/elregionalvm.com.ar\/noticias-villa-maria\/#\/schema\/person\/a0fb9c422317faca23d50163151bc354\"},\"breadcrumb\":{\"@id\":\"http:\/\/elregionalvm.com.ar\/noticias-villa-maria\/se-declaro-de-interes-municipal-la-capacitacion-tecnica-que-desarrolla-el-instituto-de-formacion-de-mpf-en-san-francisco\/#breadcrumb\"},\"inLanguage\":\"es\",\"potentialAction\":[{\"@type\":\"ReadAction\",\"target\":[\"http:\/\/elregionalvm.com.ar\/noticias-villa-maria\/se-declaro-de-interes-municipal-la-capacitacion-tecnica-que-desarrolla-el-instituto-de-formacion-de-mpf-en-san-francisco\/\"]}]},{\"@type\":\"ImageObject\",\"inLanguage\":\"es\",\"@id\":\"http:\/\/elregionalvm.com.ar\/noticias-villa-maria\/se-declaro-de-interes-municipal-la-capacitacion-tecnica-que-desarrolla-el-instituto-de-formacion-de-mpf-en-san-francisco\/#primaryimage\",\"url\":\"https:\/\/i0.wp.com\/elregionalvm.com.ar\/noticias-villa-maria\/wp-content\/uploads\/2023\/05\/WhatsApp-Image-2023-05-05-at-11.45.05-2-940x705-1.jpeg?fit=940%2C705&ssl=1\",\"contentUrl\":\"https:\/\/i0.wp.com\/elregionalvm.com.ar\/noticias-villa-maria\/wp-content\/uploads\/2023\/05\/WhatsApp-Image-2023-05-05-at-11.45.05-2-940x705-1.jpeg?fit=940%2C705&ssl=1\",\"width\":940,\"height\":705},{\"@type\":\"BreadcrumbList\",\"@id\":\"http:\/\/elregionalvm.com.ar\/noticias-villa-maria\/se-declaro-de-interes-municipal-la-capacitacion-tecnica-que-desarrolla-el-instituto-de-formacion-de-mpf-en-san-francisco\/#breadcrumb\",\"itemListElement\":[{\"@type\":\"ListItem\",\"position\":1,\"name\":\"Portada\",\"item\":\"https:\/\/elregionalvm.com.ar\/noticias-villa-maria\/\"},{\"@type\":\"ListItem\",\"position\":2,\"name\":\"Se declar\u00f3 de inter\u00e9s municipal la capacitaci\u00f3n t\u00e9cnica que desarrolla el instituto de formaci\u00f3n de MPF en San Francisco\"}]},{\"@type\":\"WebSite\",\"@id\":\"http:\/\/elregionalvm.com.ar\/noticias-villa-maria\/#website\",\"url\":\"http:\/\/elregionalvm.com.ar\/noticias-villa-maria\/\",\"name\":\"El Regional\",\"description\":\"Mucho m\u00e1s que informaci\u00f3n\",\"potentialAction\":[{\"@type\":\"SearchAction\",\"target\":{\"@type\":\"EntryPoint\",\"urlTemplate\":\"http:\/\/elregionalvm.com.ar\/noticias-villa-maria\/?s={search_term_string}\"},\"query-input\":{\"@type\":\"PropertyValueSpecification\",\"valueRequired\":true,\"valueName\":\"search_term_string\"}}],\"inLanguage\":\"es\"},{\"@type\":\"Person\",\"@id\":\"http:\/\/elregionalvm.com.ar\/noticias-villa-maria\/#\/schema\/person\/a0fb9c422317faca23d50163151bc354\",\"name\":\"Contenidos El Regional\",\"image\":{\"@type\":\"ImageObject\",\"inLanguage\":\"es\",\"@id\":\"http:\/\/elregionalvm.com.ar\/noticias-villa-maria\/#\/schema\/person\/image\/\",\"url\":\"https:\/\/secure.gravatar.com\/avatar\/265b27cb2209af7bb3a1318f03305787d7981a5cc6e6cd08fe5a4ecdf99d4b48?s=96&d=mm&r=g\",\"contentUrl\":\"https:\/\/secure.gravatar.com\/avatar\/265b27cb2209af7bb3a1318f03305787d7981a5cc6e6cd08fe5a4ecdf99d4b48?s=96&d=mm&r=g\",\"caption\":\"Contenidos El Regional\"},\"url\":\"https:\/\/elregionalvm.com.ar\/noticias-villa-maria\/author\/contenido\/\"}]}<\/script>\n<!-- \/ Yoast SEO plugin. -->","yoast_head_json":{"title":"Se declar\u00f3 de inter\u00e9s municipal la capacitaci\u00f3n t\u00e9cnica que desarrolla el instituto de formaci\u00f3n de MPF en San Francisco - El Regional","robots":{"index":"index","follow":"follow","max-snippet":"max-snippet:-1","max-image-preview":"max-image-preview:large","max-video-preview":"max-video-preview:-1"},"canonical":"http:\/\/elregionalvm.com.ar\/noticias-villa-maria\/se-declaro-de-interes-municipal-la-capacitacion-tecnica-que-desarrolla-el-instituto-de-formacion-de-mpf-en-san-francisco\/","og_locale":"es_ES","og_type":"article","og_title":"Se declar\u00f3 de inter\u00e9s municipal la capacitaci\u00f3n t\u00e9cnica que desarrolla el instituto de formaci\u00f3n de MPF en San Francisco - El Regional","og_description":"Se llev\u00f3 a cabo en la Tecnoteca Municipal de Francisco, una capacitaci\u00f3n de la l\u00ednea t\u00e9cnica cient\u00edfica en el marco de la Red de Formaci\u00f3n Provincial del MPF. La misma procura tener un impacto significativo sobre la capacitaci\u00f3n de las fuerzas de seguridad que colaboran con el MPF en la persecuci\u00f3n penal que se despliega [&hellip;]","og_url":"http:\/\/elregionalvm.com.ar\/noticias-villa-maria\/se-declaro-de-interes-municipal-la-capacitacion-tecnica-que-desarrolla-el-instituto-de-formacion-de-mpf-en-san-francisco\/","og_site_name":"El Regional","article_publisher":"https:\/\/www.facebook.com\/elregionalvm","article_published_time":"2023-05-08T20:50:29+00:00","article_modified_time":"2023-05-09T01:56:25+00:00","og_image":[{"width":940,"height":705,"url":"http:\/\/elregionalvm.com.ar\/noticias-villa-maria\/wp-content\/uploads\/2023\/05\/WhatsApp-Image-2023-05-05-at-11.45.05-2-940x705-1.jpeg","type":"image\/jpeg"}],"author":"Contenidos El Regional","twitter_card":"summary_large_image","twitter_creator":"@elregionalvm1","twitter_site":"@elregionalvm1","twitter_misc":{"Escrito por":"Contenidos El Regional","Tiempo de lectura":"1 minuto"},"schema":{"@context":"https:\/\/schema.org","@graph":[{"@type":"Article","@id":"http:\/\/elregionalvm.com.ar\/noticias-villa-maria\/se-declaro-de-interes-municipal-la-capacitacion-tecnica-que-desarrolla-el-instituto-de-formacion-de-mpf-en-san-francisco\/#article","isPartOf":{"@id":"http:\/\/elregionalvm.com.ar\/noticias-villa-maria\/se-declaro-de-interes-municipal-la-capacitacion-tecnica-que-desarrolla-el-instituto-de-formacion-de-mpf-en-san-francisco\/"},"author":{"name":"Contenidos El Regional","@id":"http:\/\/elregionalvm.com.ar\/noticias-villa-maria\/#\/schema\/person\/a0fb9c422317faca23d50163151bc354"},"headline":"Se declar\u00f3 de inter\u00e9s municipal la capacitaci\u00f3n t\u00e9cnica que desarrolla el instituto de formaci\u00f3n de MPF en San Francisco","datePublished":"2023-05-08T20:50:29+00:00","dateModified":"2023-05-09T01:56:25+00:00","mainEntityOfPage":{"@id":"http:\/\/elregionalvm.com.ar\/noticias-villa-maria\/se-declaro-de-interes-municipal-la-capacitacion-tecnica-que-desarrolla-el-instituto-de-formacion-de-mpf-en-san-francisco\/"},"wordCount":266,"commentCount":0,"image":{"@id":"http:\/\/elregionalvm.com.ar\/noticias-villa-maria\/se-declaro-de-interes-municipal-la-capacitacion-tecnica-que-desarrolla-el-instituto-de-formacion-de-mpf-en-san-francisco\/#primaryimage"},"thumbnailUrl":"https:\/\/i0.wp.com\/elregionalvm.com.ar\/noticias-villa-maria\/wp-content\/uploads\/2023\/05\/WhatsApp-Image-2023-05-05-at-11.45.05-2-940x705-1.jpeg?fit=940%2C705&ssl=1","articleSection":["Regi\u00f3n","Sociedad"],"inLanguage":"es","potentialAction":[{"@type":"CommentAction","name":"Comment","target":["http:\/\/elregionalvm.com.ar\/noticias-villa-maria\/se-declaro-de-interes-municipal-la-capacitacion-tecnica-que-desarrolla-el-instituto-de-formacion-de-mpf-en-san-francisco\/#respond"]}]},{"@type":"WebPage","@id":"http:\/\/elregionalvm.com.ar\/noticias-villa-maria\/se-declaro-de-interes-municipal-la-capacitacion-tecnica-que-desarrolla-el-instituto-de-formacion-de-mpf-en-san-francisco\/","url":"http:\/\/elregionalvm.com.ar\/noticias-villa-maria\/se-declaro-de-interes-municipal-la-capacitacion-tecnica-que-desarrolla-el-instituto-de-formacion-de-mpf-en-san-francisco\/","name":"Se declar\u00f3 de inter\u00e9s municipal la capacitaci\u00f3n t\u00e9cnica que desarrolla el instituto de formaci\u00f3n de MPF en San Francisco - El Regional","isPartOf":{"@id":"http:\/\/elregionalvm.com.ar\/noticias-villa-maria\/#website"},"primaryImageOfPage":{"@id":"http:\/\/elregionalvm.com.ar\/noticias-villa-maria\/se-declaro-de-interes-municipal-la-capacitacion-tecnica-que-desarrolla-el-instituto-de-formacion-de-mpf-en-san-francisco\/#primaryimage"},"image":{"@id":"http:\/\/elregionalvm.com.ar\/noticias-villa-maria\/se-declaro-de-interes-municipal-la-capacitacion-tecnica-que-desarrolla-el-instituto-de-formacion-de-mpf-en-san-francisco\/#primaryimage"},"thumbnailUrl":"https:\/\/i0.wp.com\/elregionalvm.com.ar\/noticias-villa-maria\/wp-content\/uploads\/2023\/05\/WhatsApp-Image-2023-05-05-at-11.45.05-2-940x705-1.jpeg?fit=940%2C705&ssl=1","datePublished":"2023-05-08T20:50:29+00:00","dateModified":"2023-05-09T01:56:25+00:00","author":{"@id":"http:\/\/elregionalvm.com.ar\/noticias-villa-maria\/#\/schema\/person\/a0fb9c422317faca23d50163151bc354"},"breadcrumb":{"@id":"http:\/\/elregionalvm.com.ar\/noticias-villa-maria\/se-declaro-de-interes-municipal-la-capacitacion-tecnica-que-desarrolla-el-instituto-de-formacion-de-mpf-en-san-francisco\/#breadcrumb"},"inLanguage":"es","potentialAction":[{"@type":"ReadAction","target":["http:\/\/elregionalvm.com.ar\/noticias-villa-maria\/se-declaro-de-interes-municipal-la-capacitacion-tecnica-que-desarrolla-el-instituto-de-formacion-de-mpf-en-san-francisco\/"]}]},{"@type":"ImageObject","inLanguage":"es","@id":"http:\/\/elregionalvm.com.ar\/noticias-villa-maria\/se-declaro-de-interes-municipal-la-capacitacion-tecnica-que-desarrolla-el-instituto-de-formacion-de-mpf-en-san-francisco\/#primaryimage","url":"https:\/\/i0.wp.com\/elregionalvm.com.ar\/noticias-villa-maria\/wp-content\/uploads\/2023\/05\/WhatsApp-Image-2023-05-05-at-11.45.05-2-940x705-1.jpeg?fit=940%2C705&ssl=1","contentUrl":"https:\/\/i0.wp.com\/elregionalvm.com.ar\/noticias-villa-maria\/wp-content\/uploads\/2023\/05\/WhatsApp-Image-2023-05-05-at-11.45.05-2-940x705-1.jpeg?fit=940%2C705&ssl=1","width":940,"height":705},{"@type":"BreadcrumbList","@id":"http:\/\/elregionalvm.com.ar\/noticias-villa-maria\/se-declaro-de-interes-municipal-la-capacitacion-tecnica-que-desarrolla-el-instituto-de-formacion-de-mpf-en-san-francisco\/#breadcrumb","itemListElement":[{"@type":"ListItem","position":1,"name":"Portada","item":"https:\/\/elregionalvm.com.ar\/noticias-villa-maria\/"},{"@type":"ListItem","position":2,"name":"Se declar\u00f3 de inter\u00e9s municipal la capacitaci\u00f3n t\u00e9cnica que desarrolla el instituto de formaci\u00f3n de MPF en San Francisco"}]},{"@type":"WebSite","@id":"http:\/\/elregionalvm.com.ar\/noticias-villa-maria\/#website","url":"http:\/\/elregionalvm.com.ar\/noticias-villa-maria\/","name":"El Regional","description":"Mucho m\u00e1s que informaci\u00f3n","potentialAction":[{"@type":"SearchAction","target":{"@type":"EntryPoint","urlTemplate":"http:\/\/elregionalvm.com.ar\/noticias-villa-maria\/?s={search_term_string}"},"query-input":{"@type":"PropertyValueSpecification","valueRequired":true,"valueName":"search_term_string"}}],"inLanguage":"es"},{"@type":"Person","@id":"http:\/\/elregionalvm.com.ar\/noticias-villa-maria\/#\/schema\/person\/a0fb9c422317faca23d50163151bc354","name":"Contenidos El Regional","image":{"@type":"ImageObject","inLanguage":"es","@id":"http:\/\/elregionalvm.com.ar\/noticias-villa-maria\/#\/schema\/person\/image\/","url":"https:\/\/secure.gravatar.com\/avatar\/265b27cb2209af7bb3a1318f03305787d7981a5cc6e6cd08fe5a4ecdf99d4b48?s=96&d=mm&r=g","contentUrl":"https:\/\/secure.gravatar.com\/avatar\/265b27cb2209af7bb3a1318f03305787d7981a5cc6e6cd08fe5a4ecdf99d4b48?s=96&d=mm&r=g","caption":"Contenidos El Regional"},"url":"https:\/\/elregionalvm.com.ar\/noticias-villa-maria\/author\/contenido\/"}]}},"jetpack_featured_media_url":"https:\/\/i0.wp.com\/elregionalvm.com.ar\/noticias-villa-maria\/wp-content\/uploads\/2023\/05\/WhatsApp-Image-2023-05-05-at-11.45.05-2-940x705-1.jpeg?fit=940%2C705&ssl=1","jetpack_sharing_enabled":true,"_links":{"self":[{"href":"https:\/\/elregionalvm.com.ar\/noticias-villa-maria\/wp-json\/wp\/v2\/posts\/76063","targetHints":{"allow":["GET"]}}],"collection":[{"href":"https:\/\/elregionalvm.com.ar\/noticias-villa-maria\/wp-json\/wp\/v2\/posts"}],"about":[{"href":"https:\/\/elregionalvm.com.ar\/noticias-villa-maria\/wp-json\/wp\/v2\/types\/post"}],"author":[{"embeddable":true,"href":"https:\/\/elregionalvm.com.ar\/noticias-villa-maria\/wp-json\/wp\/v2\/users\/4"}],"replies":[{"embeddable":true,"href":"https:\/\/elregionalvm.com.ar\/noticias-villa-maria\/wp-json\/wp\/v2\/comments?post=76063"}],"version-history":[{"count":1,"href":"https:\/\/elregionalvm.com.ar\/noticias-villa-maria\/wp-json\/wp\/v2\/posts\/76063\/revisions"}],"predecessor-version":[{"id":76066,"href":"https:\/\/elregionalvm.com.ar\/noticias-villa-maria\/wp-json\/wp\/v2\/posts\/76063\/revisions\/76066"}],"wp:featuredmedia":[{"embeddable":true,"href":"https:\/\/elregionalvm.com.ar\/noticias-villa-maria\/wp-json\/wp\/v2\/media\/76065"}],"wp:attachment":[{"href":"https:\/\/elregionalvm.com.ar\/noticias-villa-maria\/wp-json\/wp\/v2\/media?parent=76063"}],"wp:term":[{"taxonomy":"category","embeddable":true,"href":"https:\/\/elregionalvm.com.ar\/noticias-villa-maria\/wp-json\/wp\/v2\/categories?post=76063"},{"taxonomy":"post_tag","embeddable":true,"href":"https:\/\/elregionalvm.com.ar\/noticias-villa-maria\/wp-json\/wp\/v2\/tags?post=76063"}],"curies":[{"name":"wp","href":"https:\/\/api.w.org\/{rel}","templated":true}]}}