{"id":76067,"date":"2023-05-08T21:03:08","date_gmt":"2023-05-08T21:03:08","guid":{"rendered":"https:\/\/elregionalvm.com.ar\/noticias-villa-maria\/?p=76067"},"modified":"2023-05-09T02:09:16","modified_gmt":"2023-05-09T02:09:16","slug":"rodriguez-larreta-presento-su-equipo-de-politica-exterior-y-un-plan-para-la-insercion-internacional-del-pais","status":"publish","type":"post","link":"https:\/\/elregionalvm.com.ar\/noticias-villa-maria\/rodriguez-larreta-presento-su-equipo-de-politica-exterior-y-un-plan-para-la-insercion-internacional-del-pais\/","title":{"rendered":"Rodr\u00edguez Larreta present\u00f3 su equipo de pol\u00edtica exterior y un plan de inserci\u00f3n internacional"},"content":{"rendered":"\n<p>Horacio Rodr\u00edguez Larreta present\u00f3 hoy su equipo de pol\u00edtica exterior, integrado por m\u00e1s de 30 especialistas, entre los que se encuentran ex-funcionarios, diplom\u00e1ticos de carrera, acad\u00e9micos y expertos, y un plan para la inserci\u00f3n internacional del pa\u00eds. <\/p>\n\n\n\n<p>El grupo discuti\u00f3 un documento de 10 lineamientos b\u00e1sicos en materia de inserci\u00f3n internacional para el pr\u00f3ximo gobierno.<\/p>\n\n\n\n<p>\u201cLa Argentina necesita un plan y uno de los pilares es la estrategia de inserci\u00f3n internacional. Uno de los mayores desaf\u00edos que tenemos a partir de diciembre de 2023 es reconstruir nuestro v\u00ednculo con el mundo. <\/p>\n\n\n\n<figure class=\"wp-block-image size-large\"><img data-recalc-dims=\"1\" fetchpriority=\"high\" decoding=\"async\" width=\"1024\" height=\"682\" src=\"https:\/\/i0.wp.com\/elregionalvm.com.ar\/noticias-villa-maria\/wp-content\/uploads\/2023\/05\/WhatsApp-Image-2023-05-08-at-17.52.38.jpeg?resize=1024%2C682&#038;ssl=1\" alt=\"\" class=\"wp-image-76070\" srcset=\"https:\/\/i0.wp.com\/elregionalvm.com.ar\/noticias-villa-maria\/wp-content\/uploads\/2023\/05\/WhatsApp-Image-2023-05-08-at-17.52.38.jpeg?resize=1024%2C682&amp;ssl=1 1024w, https:\/\/i0.wp.com\/elregionalvm.com.ar\/noticias-villa-maria\/wp-content\/uploads\/2023\/05\/WhatsApp-Image-2023-05-08-at-17.52.38.jpeg?resize=300%2C200&amp;ssl=1 300w, https:\/\/i0.wp.com\/elregionalvm.com.ar\/noticias-villa-maria\/wp-content\/uploads\/2023\/05\/WhatsApp-Image-2023-05-08-at-17.52.38.jpeg?resize=768%2C512&amp;ssl=1 768w, https:\/\/i0.wp.com\/elregionalvm.com.ar\/noticias-villa-maria\/wp-content\/uploads\/2023\/05\/WhatsApp-Image-2023-05-08-at-17.52.38.jpeg?resize=1536%2C1023&amp;ssl=1 1536w, https:\/\/i0.wp.com\/elregionalvm.com.ar\/noticias-villa-maria\/wp-content\/uploads\/2023\/05\/WhatsApp-Image-2023-05-08-at-17.52.38.jpeg?w=1600&amp;ssl=1 1600w\" sizes=\"(max-width: 1000px) 100vw, 1000px\" \/><\/figure>\n\n\n\n<p>Para aprovechar las oportunidades que el mundo nos presenta, necesitamos una pol\u00edtica exterior enfocada en el desarrollo, que genere confianza a nivel internacional y as\u00ed permita aumente el comercio.<\/p>\n\n\n\n<p> Atraer inversiones y potenciar los motores de crecimiento que tenemos en todo el pa\u00eds: los alimentos, la energ\u00eda, la miner\u00eda, el turismo, las industrias basadas en el conocimiento y aquellas en condiciones de competir a nivel internacional\u201d, se\u00f1al\u00f3 Rodr\u00edguez Larreta.<\/p>\n\n\n\n<p>La reuni\u00f3n, realizada en el bunker de campa\u00f1a, fue liderada por Fernando Straface, secretario general y de Relaciones Internacionales de la Ciudad; Mart\u00edn Redrado, secretario de Asuntos Estrat\u00e9gicos, y el excanciller Jorge Faurie, que junto a Ricardo Lagorio, exembajador en Rusia, y Francisco Resnicoff, subsecretario de Relaciones Internacionales de la Ciudad, coordinan el equipo de pol\u00edtica exterior de Rodr\u00edguez Larreta.<\/p>\n\n\n\n<p>\u201cEl gobierno nacional dilapid\u00f3 la confianza internacional acumulada durante el gobierno de Mauricio Macri. Hoy tenemos una pol\u00edtica exterior incoherente, que no sirve a nuestro desarrollo sino a las internas del gobierno. Estamos en un mundo en transici\u00f3n, en el que dar se\u00f1ales de previsibilidad se vuelve fundamental. Debemos enviar mensajes claros, con medidas concretas, consensuadas y de largo plazo que nos muestren como un socio confiable y ampl\u00eden nuestras posibilidades, en lugar de limitarlas\u201d, afirm\u00f3 Rodr\u00edguez Larreta.<\/p>\n\n\n\n<p>Durante el encuentro, se present\u00f3 un documento con los principales lineamientos del plan, que destaca el legado del gobierno de Mauricio Macri como una pol\u00edtica exterior exitosa, con v\u00ednculos pragm\u00e1ticos y diversificados que aprovech\u00f3 las oportunidades creadas a partir de una inserci\u00f3n internacional inteligente\u201d. <\/p>\n\n\n\n<p>Participaron ex embajadores designados por el Gobierno de Mauricio Macri como Fernando Or\u00eds de Roa (Estados Unidos) y Ezequiel Sabor (M\u00e9xico); expertos como Juan Battaleme, Diego Cagliolo, Alejandro Mayoral, Bruno Binetti, Patricio Carmody, Ian Sielecki, Sof\u00eda Del Carril, y Javier Romero; diplom\u00e1ticos de carrera como Tom\u00e1s Ferrari (exembajador en Italia). <\/p>\n\n\n\n<p>Marcelo Cima (exembajador en Uni\u00f3n Europea, B\u00e9lgica y Luxemburgo), Marcelo Gilardoni (exembajador en Qatar, Arabia Saudita, Croacia, Om\u00e1n y Yemen), Carlos Hern\u00e1ndez (exembajador en Qatar).<\/p>\n\n\n\n<p> Alejandro Daneri (ex Presidente de Cascos Blancos), Rolando Pocovi, Carlos Carbonari, Marcelo Massoni, Claudio Gutierrez y Julio Mercado. <\/p>\n\n\n\n<p>Tambi\u00e9n asisti\u00f3 el embajador Facundo Vila, que coordina el equipo de pol\u00edtica exterior de la Coalici\u00f3n C\u00edvica.<\/p>\n\n\n\n<p>Asimismo, asistieron el ministro de Seguridad y Justicia de la Ciudad, Eugenio Burzaco; la senadora Gladys Gonz\u00e1lez, presidente de la Comisi\u00f3n de Ambiente del Senado; el vicepresidente de la C\u00e1mara de Diputados de la provincia de Buenos Aires, Fabi\u00e1n Perechodnik. <\/p>\n\n\n\n<p>Tambi\u00e9n asistieron el diputado nacional (MC) y presidente de la Uni\u00f3n de Partidos Latinoamericanos, Juli\u00e1n Obiglio, y Agust\u00edn Grizia, director general de Relaciones Internacionales de la Ciudad.<\/p>\n\n\n\n<p>\u201cTenemos la responsabilidad de ser la generaci\u00f3n que consolide un v\u00ednculo con el mundo y un camino de crecimiento duradero y federal para la Argentina. La pol\u00edtica exterior puede servir de impulso a todas las provincias y a las econom\u00edas regionales, para que todos los argentinos vivamos mejor\u201d, sostuvo Rodr\u00edguez Larreta.<\/p>\n\n\n\n<p>Los principales lineamientos del plan de pol\u00edtica exterior incluyen promover la modernizaci\u00f3n del MERCOSUR, la firma y entrada en vigor del Acuerdo Mercosur-Uni\u00f3n Europea, y una agenda ambiciosa de negociaciones econ\u00f3micas internacionales, as\u00ed como profundizar la relaci\u00f3n con Brasil reforzando la cooperaci\u00f3n en materia ambiental, nuclear y en el Atl\u00e1ntico Sur, y promoviendo la integraci\u00f3n f\u00edsica y energ\u00e9tica. <\/p>\n\n\n\n<p>Asimismo, prioriza a Asia Pac\u00edfico como espacio de vinculaci\u00f3n estrat\u00e9gica y propone aumentar el intercambio con mercados relevantes para los motores de desarrollo de la Argentina como Medio Oriente y Norte de \u00c1frica.<\/p>\n\n\n\n<p>En esta l\u00ednea, el plan se nutrir\u00e1 de aportes de exfuncionarios destacados del gobierno de Mauricio Macri que lideraron negociaciones comerciales como Marisa Bircher (exsecretaria de Comercio Exterior). <\/p>\n\n\n\n<p>Tambi\u00e9n Miguel Braun (exsecretario de Comercio), Shunko Rojas y Federico Lavopa (exsubsecretarios de Comercio Exterior), Pablo Lavigne (exsubsecretario de Facilitaci\u00f3n del Comercio Exterior), Carolina Cuenca (exdirectora nacional de Exportaciones), y Marcelo Scaglione (representante del Ministerio de Hacienda ante la OCDE 2016-2019). <\/p>\n\n\n\n<p>As\u00ed, el documento destaca la necesidad de impulsar la gobernanza global y el multilateralismo, promover el acceso de la Argentina a la OCDE y jerarquizar la participaci\u00f3n en el G20, a los que considera espacios privilegiados de vinculaci\u00f3n multilateral.<\/p>\n\n\n\n<p>En lo que respecta a la relaci\u00f3n con Estados Unidos, China y Europa, el plan propone una agenda de vinculaci\u00f3n pragm\u00e1tica que refleje las necesidades de desarrollo de la Argentina. <\/p>\n\n\n\n<p>Para ello, plantea profundizar la cooperaci\u00f3n en seguridad energ\u00e9tica, cambio clim\u00e1tico, defensa y combate al crimen organizado, y aprovechar las oportunidades de friendshoring y nearshoring, con los Estados Unidos, y promover una mayor cooperaci\u00f3n con China a partir de la Asociaci\u00f3n Estrat\u00e9gica Integral y el Di\u00e1logo Estrat\u00e9gico para la Cooperaci\u00f3n y Coordinaci\u00f3n Econ\u00f3mica.<\/p>\n\n\n\n<p>En lo que respecta a la regi\u00f3n, el plan busca mejorar los v\u00ednculos con los pa\u00edses vecinos y afirma el compromiso de la Argentina con la defensa de la democracia y los derechos humanos, condenando de forma inequ\u00edvoca los reg\u00edmenes de Cuba, Nicaragua y Venezuela. <\/p>\n\n\n\n<p>Adem\u00e1s, propone construir una posici\u00f3n regional coordinada en temas de agenda global, particularmente en materia de cambio clim\u00e1tico, y recuperar el protagonismo internacional e iniciativa en agendas vinculadas a energ\u00edas renovables y de transici\u00f3n. <\/p>\n\n\n\n<p>Tambi\u00e9n propone que Argentina asuma un liderazgo internacional como proveedor eficiente de prote\u00ednas animales y vegetales.<\/p>\n\n\n\n<p>Asimismo, propone aumentar la cooperaci\u00f3n en seguridad internacional y defensa y equipar y modernizar a las FF.AA. a trav\u00e9s de mayor cooperaci\u00f3n con socios globales. <\/p>\n\n\n\n<p>El documento tambi\u00e9n plantea fortalecer los intereses argentinos en la Ant\u00e1rtida y el Atl\u00e1ntico Sur, y respetar el mandato constitucional sobre las Islas Malvinas, Georgias del Sur y Sandwich del Sur y los espacios mar\u00edtimos e insulares correspondientes.<\/p>\n\n\n\n<p>Finalmente, el plan incluye adaptar la estructura institucional de pol\u00edtica exterior al siglo XXI. <\/p>\n\n\n\n<p>Ello incluye modernizar el dise\u00f1o institucional y los mecanismos de coordinaci\u00f3n inter-agencia; reorientar representaciones en el exterior seg\u00fan oportunidades de comercio e inversiones; fortalecer la formaci\u00f3n y capacidades del cuerpo diplom\u00e1tico; e impulsar una visi\u00f3n federal que incorpore los sectores productivos provinciales.<\/p>\n","protected":false},"excerpt":{"rendered":"<p>Horacio Rodr\u00edguez Larreta present\u00f3 hoy su equipo de pol\u00edtica exterior, integrado por m\u00e1s de 30 especialistas, entre los que se encuentran ex-funcionarios, diplom\u00e1ticos de carrera, acad\u00e9micos y expertos, y un plan para la inserci\u00f3n internacional del pa\u00eds. El grupo discuti\u00f3 un documento de 10 lineamientos b\u00e1sicos en materia de inserci\u00f3n internacional para el pr\u00f3ximo gobierno. [&hellip;]<\/p>\n","protected":false},"author":4,"featured_media":76069,"comment_status":"open","ping_status":"open","sticky":false,"template":"","format":"standard","meta":{"site-sidebar-layout":"default","site-content-layout":"","ast-site-content-layout":"default","site-content-style":"default","site-sidebar-style":"default","ast-global-header-display":"","ast-banner-title-visibility":"","ast-main-header-display":"","ast-hfb-above-header-display":"","ast-hfb-below-header-display":"","ast-hfb-mobile-header-display":"","site-post-title":"","ast-breadcrumbs-content":"","ast-featured-img":"","footer-sml-layout":"","ast-disable-related-posts":"","theme-transparent-header-meta":"","adv-header-id-meta":"","stick-header-meta":"","header-above-stick-meta":"","header-main-stick-meta":"","header-below-stick-meta":"","astra-migrate-meta-layouts":"default","ast-page-background-enabled":"default","ast-page-background-meta":{"desktop":{"background-color":"","background-image":"","background-repeat":"repeat","background-position":"center center","background-size":"auto","background-attachment":"scroll","background-type":"","background-media":"","overlay-type":"","overlay-color":"","overlay-opacity":"","overlay-gradient":""},"tablet":{"background-color":"","background-image":"","background-repeat":"repeat","background-position":"center center","background-size":"auto","background-attachment":"scroll","background-type":"","background-media":"","overlay-type":"","overlay-color":"","overlay-opacity":"","overlay-gradient":""},"mobile":{"background-color":"","background-image":"","background-repeat":"repeat","background-position":"center center","background-size":"auto","background-attachment":"scroll","background-type":"","background-media":"","overlay-type":"","overlay-color":"","overlay-opacity":"","overlay-gradient":""}},"ast-content-background-meta":{"desktop":{"background-color":"var(--ast-global-color-5)","background-image":"","background-repeat":"repeat","background-position":"center center","background-size":"auto","background-attachment":"scroll","background-type":"","background-media":"","overlay-type":"","overlay-color":"","overlay-opacity":"","overlay-gradient":""},"tablet":{"background-color":"var(--ast-global-color-5)","background-image":"","background-repeat":"repeat","background-position":"center center","background-size":"auto","background-attachment":"scroll","background-type":"","background-media":"","overlay-type":"","overlay-color":"","overlay-opacity":"","overlay-gradient":""},"mobile":{"background-color":"var(--ast-global-color-5)","background-image":"","background-repeat":"repeat","background-position":"center center","background-size":"auto","background-attachment":"scroll","background-type":"","background-media":"","overlay-type":"","overlay-color":"","overlay-opacity":"","overlay-gradient":""}},"_jetpack_memberships_contains_paid_content":false,"_joinchat":[],"footnotes":""},"categories":[15302,2089,5],"tags":[],"class_list":["post-76067","post","type-post","status-publish","format-standard","has-post-thumbnail","hentry","category-destacado","category-politica","category-sociedad"],"yoast_head":"<!-- This site is optimized with the Yoast SEO plugin v26.8 - https:\/\/yoast.com\/product\/yoast-seo-wordpress\/ -->\n<title>Rodr\u00edguez Larreta present\u00f3 su equipo de pol\u00edtica exterior y un plan de inserci\u00f3n internacional - El Regional<\/title>\n<meta name=\"robots\" content=\"index, follow, max-snippet:-1, max-image-preview:large, max-video-preview:-1\" \/>\n<link rel=\"canonical\" href=\"http:\/\/elregionalvm.com.ar\/noticias-villa-maria\/rodriguez-larreta-presento-su-equipo-de-politica-exterior-y-un-plan-para-la-insercion-internacional-del-pais\/\" \/>\n<meta property=\"og:locale\" content=\"es_ES\" \/>\n<meta property=\"og:type\" content=\"article\" \/>\n<meta property=\"og:title\" content=\"Rodr\u00edguez Larreta present\u00f3 su equipo de pol\u00edtica exterior y un plan de inserci\u00f3n internacional - El Regional\" \/>\n<meta property=\"og:description\" content=\"Horacio Rodr\u00edguez Larreta present\u00f3 hoy su equipo de pol\u00edtica exterior, integrado por m\u00e1s de 30 especialistas, entre los que se encuentran ex-funcionarios, diplom\u00e1ticos de carrera, acad\u00e9micos y expertos, y un plan para la inserci\u00f3n internacional del pa\u00eds. El grupo discuti\u00f3 un documento de 10 lineamientos b\u00e1sicos en materia de inserci\u00f3n internacional para el pr\u00f3ximo gobierno. [&hellip;]\" \/>\n<meta property=\"og:url\" content=\"http:\/\/elregionalvm.com.ar\/noticias-villa-maria\/rodriguez-larreta-presento-su-equipo-de-politica-exterior-y-un-plan-para-la-insercion-internacional-del-pais\/\" \/>\n<meta property=\"og:site_name\" content=\"El Regional\" \/>\n<meta property=\"article:publisher\" content=\"https:\/\/www.facebook.com\/elregionalvm\" \/>\n<meta property=\"article:published_time\" content=\"2023-05-08T21:03:08+00:00\" \/>\n<meta property=\"article:modified_time\" content=\"2023-05-09T02:09:16+00:00\" \/>\n<meta property=\"og:image\" content=\"http:\/\/elregionalvm.com.ar\/noticias-villa-maria\/wp-content\/uploads\/2023\/05\/WhatsApp-Image-2023-05-08-at-17.52.38-1.jpeg\" \/>\n\t<meta property=\"og:image:width\" content=\"1600\" \/>\n\t<meta property=\"og:image:height\" content=\"866\" \/>\n\t<meta property=\"og:image:type\" content=\"image\/jpeg\" \/>\n<meta name=\"author\" content=\"Contenidos El Regional\" \/>\n<meta name=\"twitter:card\" content=\"summary_large_image\" \/>\n<meta name=\"twitter:creator\" content=\"@elregionalvm1\" \/>\n<meta name=\"twitter:site\" content=\"@elregionalvm1\" \/>\n<meta name=\"twitter:label1\" content=\"Escrito por\" \/>\n\t<meta name=\"twitter:data1\" content=\"Contenidos El Regional\" \/>\n\t<meta name=\"twitter:label2\" content=\"Tiempo de lectura\" \/>\n\t<meta name=\"twitter:data2\" content=\"6 minutos\" \/>\n<script type=\"application\/ld+json\" class=\"yoast-schema-graph\">{\"@context\":\"https:\/\/schema.org\",\"@graph\":[{\"@type\":\"Article\",\"@id\":\"http:\/\/elregionalvm.com.ar\/noticias-villa-maria\/rodriguez-larreta-presento-su-equipo-de-politica-exterior-y-un-plan-para-la-insercion-internacional-del-pais\/#article\",\"isPartOf\":{\"@id\":\"http:\/\/elregionalvm.com.ar\/noticias-villa-maria\/rodriguez-larreta-presento-su-equipo-de-politica-exterior-y-un-plan-para-la-insercion-internacional-del-pais\/\"},\"author\":{\"name\":\"Contenidos El Regional\",\"@id\":\"http:\/\/elregionalvm.com.ar\/noticias-villa-maria\/#\/schema\/person\/a0fb9c422317faca23d50163151bc354\"},\"headline\":\"Rodr\u00edguez Larreta present\u00f3 su equipo de pol\u00edtica exterior y un plan de inserci\u00f3n internacional\",\"datePublished\":\"2023-05-08T21:03:08+00:00\",\"dateModified\":\"2023-05-09T02:09:16+00:00\",\"mainEntityOfPage\":{\"@id\":\"http:\/\/elregionalvm.com.ar\/noticias-villa-maria\/rodriguez-larreta-presento-su-equipo-de-politica-exterior-y-un-plan-para-la-insercion-internacional-del-pais\/\"},\"wordCount\":1199,\"commentCount\":0,\"image\":{\"@id\":\"http:\/\/elregionalvm.com.ar\/noticias-villa-maria\/rodriguez-larreta-presento-su-equipo-de-politica-exterior-y-un-plan-para-la-insercion-internacional-del-pais\/#primaryimage\"},\"thumbnailUrl\":\"https:\/\/i0.wp.com\/elregionalvm.com.ar\/noticias-villa-maria\/wp-content\/uploads\/2023\/05\/WhatsApp-Image-2023-05-08-at-17.52.38-1.jpeg?fit=1600%2C866&ssl=1\",\"articleSection\":[\"destacado\",\"Pol\u00edtica\",\"Sociedad\"],\"inLanguage\":\"es\",\"potentialAction\":[{\"@type\":\"CommentAction\",\"name\":\"Comment\",\"target\":[\"http:\/\/elregionalvm.com.ar\/noticias-villa-maria\/rodriguez-larreta-presento-su-equipo-de-politica-exterior-y-un-plan-para-la-insercion-internacional-del-pais\/#respond\"]}]},{\"@type\":\"WebPage\",\"@id\":\"http:\/\/elregionalvm.com.ar\/noticias-villa-maria\/rodriguez-larreta-presento-su-equipo-de-politica-exterior-y-un-plan-para-la-insercion-internacional-del-pais\/\",\"url\":\"http:\/\/elregionalvm.com.ar\/noticias-villa-maria\/rodriguez-larreta-presento-su-equipo-de-politica-exterior-y-un-plan-para-la-insercion-internacional-del-pais\/\",\"name\":\"Rodr\u00edguez Larreta present\u00f3 su equipo de pol\u00edtica exterior y un plan de inserci\u00f3n internacional - El Regional\",\"isPartOf\":{\"@id\":\"http:\/\/elregionalvm.com.ar\/noticias-villa-maria\/#website\"},\"primaryImageOfPage\":{\"@id\":\"http:\/\/elregionalvm.com.ar\/noticias-villa-maria\/rodriguez-larreta-presento-su-equipo-de-politica-exterior-y-un-plan-para-la-insercion-internacional-del-pais\/#primaryimage\"},\"image\":{\"@id\":\"http:\/\/elregionalvm.com.ar\/noticias-villa-maria\/rodriguez-larreta-presento-su-equipo-de-politica-exterior-y-un-plan-para-la-insercion-internacional-del-pais\/#primaryimage\"},\"thumbnailUrl\":\"https:\/\/i0.wp.com\/elregionalvm.com.ar\/noticias-villa-maria\/wp-content\/uploads\/2023\/05\/WhatsApp-Image-2023-05-08-at-17.52.38-1.jpeg?fit=1600%2C866&ssl=1\",\"datePublished\":\"2023-05-08T21:03:08+00:00\",\"dateModified\":\"2023-05-09T02:09:16+00:00\",\"author\":{\"@id\":\"http:\/\/elregionalvm.com.ar\/noticias-villa-maria\/#\/schema\/person\/a0fb9c422317faca23d50163151bc354\"},\"breadcrumb\":{\"@id\":\"http:\/\/elregionalvm.com.ar\/noticias-villa-maria\/rodriguez-larreta-presento-su-equipo-de-politica-exterior-y-un-plan-para-la-insercion-internacional-del-pais\/#breadcrumb\"},\"inLanguage\":\"es\",\"potentialAction\":[{\"@type\":\"ReadAction\",\"target\":[\"http:\/\/elregionalvm.com.ar\/noticias-villa-maria\/rodriguez-larreta-presento-su-equipo-de-politica-exterior-y-un-plan-para-la-insercion-internacional-del-pais\/\"]}]},{\"@type\":\"ImageObject\",\"inLanguage\":\"es\",\"@id\":\"http:\/\/elregionalvm.com.ar\/noticias-villa-maria\/rodriguez-larreta-presento-su-equipo-de-politica-exterior-y-un-plan-para-la-insercion-internacional-del-pais\/#primaryimage\",\"url\":\"https:\/\/i0.wp.com\/elregionalvm.com.ar\/noticias-villa-maria\/wp-content\/uploads\/2023\/05\/WhatsApp-Image-2023-05-08-at-17.52.38-1.jpeg?fit=1600%2C866&ssl=1\",\"contentUrl\":\"https:\/\/i0.wp.com\/elregionalvm.com.ar\/noticias-villa-maria\/wp-content\/uploads\/2023\/05\/WhatsApp-Image-2023-05-08-at-17.52.38-1.jpeg?fit=1600%2C866&ssl=1\",\"width\":1600,\"height\":866},{\"@type\":\"BreadcrumbList\",\"@id\":\"http:\/\/elregionalvm.com.ar\/noticias-villa-maria\/rodriguez-larreta-presento-su-equipo-de-politica-exterior-y-un-plan-para-la-insercion-internacional-del-pais\/#breadcrumb\",\"itemListElement\":[{\"@type\":\"ListItem\",\"position\":1,\"name\":\"Portada\",\"item\":\"https:\/\/elregionalvm.com.ar\/noticias-villa-maria\/\"},{\"@type\":\"ListItem\",\"position\":2,\"name\":\"Rodr\u00edguez Larreta present\u00f3 su equipo de pol\u00edtica exterior y un plan de inserci\u00f3n internacional\"}]},{\"@type\":\"WebSite\",\"@id\":\"http:\/\/elregionalvm.com.ar\/noticias-villa-maria\/#website\",\"url\":\"http:\/\/elregionalvm.com.ar\/noticias-villa-maria\/\",\"name\":\"El Regional\",\"description\":\"Mucho m\u00e1s que informaci\u00f3n\",\"potentialAction\":[{\"@type\":\"SearchAction\",\"target\":{\"@type\":\"EntryPoint\",\"urlTemplate\":\"http:\/\/elregionalvm.com.ar\/noticias-villa-maria\/?s={search_term_string}\"},\"query-input\":{\"@type\":\"PropertyValueSpecification\",\"valueRequired\":true,\"valueName\":\"search_term_string\"}}],\"inLanguage\":\"es\"},{\"@type\":\"Person\",\"@id\":\"http:\/\/elregionalvm.com.ar\/noticias-villa-maria\/#\/schema\/person\/a0fb9c422317faca23d50163151bc354\",\"name\":\"Contenidos El Regional\",\"image\":{\"@type\":\"ImageObject\",\"inLanguage\":\"es\",\"@id\":\"http:\/\/elregionalvm.com.ar\/noticias-villa-maria\/#\/schema\/person\/image\/\",\"url\":\"https:\/\/secure.gravatar.com\/avatar\/265b27cb2209af7bb3a1318f03305787d7981a5cc6e6cd08fe5a4ecdf99d4b48?s=96&d=mm&r=g\",\"contentUrl\":\"https:\/\/secure.gravatar.com\/avatar\/265b27cb2209af7bb3a1318f03305787d7981a5cc6e6cd08fe5a4ecdf99d4b48?s=96&d=mm&r=g\",\"caption\":\"Contenidos El Regional\"},\"url\":\"https:\/\/elregionalvm.com.ar\/noticias-villa-maria\/author\/contenido\/\"}]}<\/script>\n<!-- \/ Yoast SEO plugin. -->","yoast_head_json":{"title":"Rodr\u00edguez Larreta present\u00f3 su equipo de pol\u00edtica exterior y un plan de inserci\u00f3n internacional - El Regional","robots":{"index":"index","follow":"follow","max-snippet":"max-snippet:-1","max-image-preview":"max-image-preview:large","max-video-preview":"max-video-preview:-1"},"canonical":"http:\/\/elregionalvm.com.ar\/noticias-villa-maria\/rodriguez-larreta-presento-su-equipo-de-politica-exterior-y-un-plan-para-la-insercion-internacional-del-pais\/","og_locale":"es_ES","og_type":"article","og_title":"Rodr\u00edguez Larreta present\u00f3 su equipo de pol\u00edtica exterior y un plan de inserci\u00f3n internacional - El Regional","og_description":"Horacio Rodr\u00edguez Larreta present\u00f3 hoy su equipo de pol\u00edtica exterior, integrado por m\u00e1s de 30 especialistas, entre los que se encuentran ex-funcionarios, diplom\u00e1ticos de carrera, acad\u00e9micos y expertos, y un plan para la inserci\u00f3n internacional del pa\u00eds. El grupo discuti\u00f3 un documento de 10 lineamientos b\u00e1sicos en materia de inserci\u00f3n internacional para el pr\u00f3ximo gobierno. [&hellip;]","og_url":"http:\/\/elregionalvm.com.ar\/noticias-villa-maria\/rodriguez-larreta-presento-su-equipo-de-politica-exterior-y-un-plan-para-la-insercion-internacional-del-pais\/","og_site_name":"El Regional","article_publisher":"https:\/\/www.facebook.com\/elregionalvm","article_published_time":"2023-05-08T21:03:08+00:00","article_modified_time":"2023-05-09T02:09:16+00:00","og_image":[{"width":1600,"height":866,"url":"http:\/\/elregionalvm.com.ar\/noticias-villa-maria\/wp-content\/uploads\/2023\/05\/WhatsApp-Image-2023-05-08-at-17.52.38-1.jpeg","type":"image\/jpeg"}],"author":"Contenidos El Regional","twitter_card":"summary_large_image","twitter_creator":"@elregionalvm1","twitter_site":"@elregionalvm1","twitter_misc":{"Escrito por":"Contenidos El Regional","Tiempo de lectura":"6 minutos"},"schema":{"@context":"https:\/\/schema.org","@graph":[{"@type":"Article","@id":"http:\/\/elregionalvm.com.ar\/noticias-villa-maria\/rodriguez-larreta-presento-su-equipo-de-politica-exterior-y-un-plan-para-la-insercion-internacional-del-pais\/#article","isPartOf":{"@id":"http:\/\/elregionalvm.com.ar\/noticias-villa-maria\/rodriguez-larreta-presento-su-equipo-de-politica-exterior-y-un-plan-para-la-insercion-internacional-del-pais\/"},"author":{"name":"Contenidos El Regional","@id":"http:\/\/elregionalvm.com.ar\/noticias-villa-maria\/#\/schema\/person\/a0fb9c422317faca23d50163151bc354"},"headline":"Rodr\u00edguez Larreta present\u00f3 su equipo de pol\u00edtica exterior y un plan de inserci\u00f3n internacional","datePublished":"2023-05-08T21:03:08+00:00","dateModified":"2023-05-09T02:09:16+00:00","mainEntityOfPage":{"@id":"http:\/\/elregionalvm.com.ar\/noticias-villa-maria\/rodriguez-larreta-presento-su-equipo-de-politica-exterior-y-un-plan-para-la-insercion-internacional-del-pais\/"},"wordCount":1199,"commentCount":0,"image":{"@id":"http:\/\/elregionalvm.com.ar\/noticias-villa-maria\/rodriguez-larreta-presento-su-equipo-de-politica-exterior-y-un-plan-para-la-insercion-internacional-del-pais\/#primaryimage"},"thumbnailUrl":"https:\/\/i0.wp.com\/elregionalvm.com.ar\/noticias-villa-maria\/wp-content\/uploads\/2023\/05\/WhatsApp-Image-2023-05-08-at-17.52.38-1.jpeg?fit=1600%2C866&ssl=1","articleSection":["destacado","Pol\u00edtica","Sociedad"],"inLanguage":"es","potentialAction":[{"@type":"CommentAction","name":"Comment","target":["http:\/\/elregionalvm.com.ar\/noticias-villa-maria\/rodriguez-larreta-presento-su-equipo-de-politica-exterior-y-un-plan-para-la-insercion-internacional-del-pais\/#respond"]}]},{"@type":"WebPage","@id":"http:\/\/elregionalvm.com.ar\/noticias-villa-maria\/rodriguez-larreta-presento-su-equipo-de-politica-exterior-y-un-plan-para-la-insercion-internacional-del-pais\/","url":"http:\/\/elregionalvm.com.ar\/noticias-villa-maria\/rodriguez-larreta-presento-su-equipo-de-politica-exterior-y-un-plan-para-la-insercion-internacional-del-pais\/","name":"Rodr\u00edguez Larreta present\u00f3 su equipo de pol\u00edtica exterior y un plan de inserci\u00f3n internacional - El Regional","isPartOf":{"@id":"http:\/\/elregionalvm.com.ar\/noticias-villa-maria\/#website"},"primaryImageOfPage":{"@id":"http:\/\/elregionalvm.com.ar\/noticias-villa-maria\/rodriguez-larreta-presento-su-equipo-de-politica-exterior-y-un-plan-para-la-insercion-internacional-del-pais\/#primaryimage"},"image":{"@id":"http:\/\/elregionalvm.com.ar\/noticias-villa-maria\/rodriguez-larreta-presento-su-equipo-de-politica-exterior-y-un-plan-para-la-insercion-internacional-del-pais\/#primaryimage"},"thumbnailUrl":"https:\/\/i0.wp.com\/elregionalvm.com.ar\/noticias-villa-maria\/wp-content\/uploads\/2023\/05\/WhatsApp-Image-2023-05-08-at-17.52.38-1.jpeg?fit=1600%2C866&ssl=1","datePublished":"2023-05-08T21:03:08+00:00","dateModified":"2023-05-09T02:09:16+00:00","author":{"@id":"http:\/\/elregionalvm.com.ar\/noticias-villa-maria\/#\/schema\/person\/a0fb9c422317faca23d50163151bc354"},"breadcrumb":{"@id":"http:\/\/elregionalvm.com.ar\/noticias-villa-maria\/rodriguez-larreta-presento-su-equipo-de-politica-exterior-y-un-plan-para-la-insercion-internacional-del-pais\/#breadcrumb"},"inLanguage":"es","potentialAction":[{"@type":"ReadAction","target":["http:\/\/elregionalvm.com.ar\/noticias-villa-maria\/rodriguez-larreta-presento-su-equipo-de-politica-exterior-y-un-plan-para-la-insercion-internacional-del-pais\/"]}]},{"@type":"ImageObject","inLanguage":"es","@id":"http:\/\/elregionalvm.com.ar\/noticias-villa-maria\/rodriguez-larreta-presento-su-equipo-de-politica-exterior-y-un-plan-para-la-insercion-internacional-del-pais\/#primaryimage","url":"https:\/\/i0.wp.com\/elregionalvm.com.ar\/noticias-villa-maria\/wp-content\/uploads\/2023\/05\/WhatsApp-Image-2023-05-08-at-17.52.38-1.jpeg?fit=1600%2C866&ssl=1","contentUrl":"https:\/\/i0.wp.com\/elregionalvm.com.ar\/noticias-villa-maria\/wp-content\/uploads\/2023\/05\/WhatsApp-Image-2023-05-08-at-17.52.38-1.jpeg?fit=1600%2C866&ssl=1","width":1600,"height":866},{"@type":"BreadcrumbList","@id":"http:\/\/elregionalvm.com.ar\/noticias-villa-maria\/rodriguez-larreta-presento-su-equipo-de-politica-exterior-y-un-plan-para-la-insercion-internacional-del-pais\/#breadcrumb","itemListElement":[{"@type":"ListItem","position":1,"name":"Portada","item":"https:\/\/elregionalvm.com.ar\/noticias-villa-maria\/"},{"@type":"ListItem","position":2,"name":"Rodr\u00edguez Larreta present\u00f3 su equipo de pol\u00edtica exterior y un plan de inserci\u00f3n internacional"}]},{"@type":"WebSite","@id":"http:\/\/elregionalvm.com.ar\/noticias-villa-maria\/#website","url":"http:\/\/elregionalvm.com.ar\/noticias-villa-maria\/","name":"El Regional","description":"Mucho m\u00e1s que informaci\u00f3n","potentialAction":[{"@type":"SearchAction","target":{"@type":"EntryPoint","urlTemplate":"http:\/\/elregionalvm.com.ar\/noticias-villa-maria\/?s={search_term_string}"},"query-input":{"@type":"PropertyValueSpecification","valueRequired":true,"valueName":"search_term_string"}}],"inLanguage":"es"},{"@type":"Person","@id":"http:\/\/elregionalvm.com.ar\/noticias-villa-maria\/#\/schema\/person\/a0fb9c422317faca23d50163151bc354","name":"Contenidos El Regional","image":{"@type":"ImageObject","inLanguage":"es","@id":"http:\/\/elregionalvm.com.ar\/noticias-villa-maria\/#\/schema\/person\/image\/","url":"https:\/\/secure.gravatar.com\/avatar\/265b27cb2209af7bb3a1318f03305787d7981a5cc6e6cd08fe5a4ecdf99d4b48?s=96&d=mm&r=g","contentUrl":"https:\/\/secure.gravatar.com\/avatar\/265b27cb2209af7bb3a1318f03305787d7981a5cc6e6cd08fe5a4ecdf99d4b48?s=96&d=mm&r=g","caption":"Contenidos El Regional"},"url":"https:\/\/elregionalvm.com.ar\/noticias-villa-maria\/author\/contenido\/"}]}},"jetpack_featured_media_url":"https:\/\/i0.wp.com\/elregionalvm.com.ar\/noticias-villa-maria\/wp-content\/uploads\/2023\/05\/WhatsApp-Image-2023-05-08-at-17.52.38-1.jpeg?fit=1600%2C866&ssl=1","jetpack_sharing_enabled":true,"_links":{"self":[{"href":"https:\/\/elregionalvm.com.ar\/noticias-villa-maria\/wp-json\/wp\/v2\/posts\/76067","targetHints":{"allow":["GET"]}}],"collection":[{"href":"https:\/\/elregionalvm.com.ar\/noticias-villa-maria\/wp-json\/wp\/v2\/posts"}],"about":[{"href":"https:\/\/elregionalvm.com.ar\/noticias-villa-maria\/wp-json\/wp\/v2\/types\/post"}],"author":[{"embeddable":true,"href":"https:\/\/elregionalvm.com.ar\/noticias-villa-maria\/wp-json\/wp\/v2\/users\/4"}],"replies":[{"embeddable":true,"href":"https:\/\/elregionalvm.com.ar\/noticias-villa-maria\/wp-json\/wp\/v2\/comments?post=76067"}],"version-history":[{"count":2,"href":"https:\/\/elregionalvm.com.ar\/noticias-villa-maria\/wp-json\/wp\/v2\/posts\/76067\/revisions"}],"predecessor-version":[{"id":76089,"href":"https:\/\/elregionalvm.com.ar\/noticias-villa-maria\/wp-json\/wp\/v2\/posts\/76067\/revisions\/76089"}],"wp:featuredmedia":[{"embeddable":true,"href":"https:\/\/elregionalvm.com.ar\/noticias-villa-maria\/wp-json\/wp\/v2\/media\/76069"}],"wp:attachment":[{"href":"https:\/\/elregionalvm.com.ar\/noticias-villa-maria\/wp-json\/wp\/v2\/media?parent=76067"}],"wp:term":[{"taxonomy":"category","embeddable":true,"href":"https:\/\/elregionalvm.com.ar\/noticias-villa-maria\/wp-json\/wp\/v2\/categories?post=76067"},{"taxonomy":"post_tag","embeddable":true,"href":"https:\/\/elregionalvm.com.ar\/noticias-villa-maria\/wp-json\/wp\/v2\/tags?post=76067"}],"curies":[{"name":"wp","href":"https:\/\/api.w.org\/{rel}","templated":true}]}}