{"id":76347,"date":"2023-05-12T22:08:40","date_gmt":"2023-05-12T22:08:40","guid":{"rendered":"https:\/\/elregionalvm.com.ar\/noticias-villa-maria\/?p=76347"},"modified":"2023-05-12T22:08:43","modified_gmt":"2023-05-12T22:08:43","slug":"capitani-presento-su-area-de-desarrollo-urbano-en-el-barrio-nicolas-avellaneda","status":"publish","type":"post","link":"https:\/\/elregionalvm.com.ar\/noticias-villa-maria\/capitani-presento-su-area-de-desarrollo-urbano-en-el-barrio-nicolas-avellaneda\/","title":{"rendered":"Capitani present\u00f3 su \u00e1rea de Desarrollo Urbano en el Barrio Nicol\u00e1s Avellaneda"},"content":{"rendered":"\n<p>El evento llevado a cabo cont\u00f3 con la participaci\u00f3n de los Arquitectos Florencia Costas<strong>, <\/strong>Gustavo Martinotti, Lisandro Costas, Nicol\u00e1s Vivian, el Ing. Diego Peirotti, los Concejales PRO Carlos Primo, Natalia Gonz\u00e1lez y Karina Bruno y el Coordinador de los Equipos T\u00e9cnicos\u00a0 Miguel Maceda.<\/p>\n\n\n\n<p>Los protagonistas centrales fueron los profesionales miembros del equipo, los cuales vienen accionando de manera detallada, comprometida y responsable con capacidades destacables, para la obtenci\u00f3n de datos, relevamientos, an\u00e1lisis y dise\u00f1o para la elaboraci\u00f3n de objetivos concretos, inclusivos e integrales de desarrollo para la ciudad.<\/p>\n\n\n\n<p>En primer lugar, se refirieron a la definici\u00f3n de un marco institucional sobre el cual trabajar, entendiendo que el Nivel Pol\u00edtico es donde se definen las cuestiones estrat\u00e9gicas y se toman las decisiones de actuaci\u00f3n.<\/p>\n\n\n\n<figure class=\"wp-block-image size-large\"><img data-recalc-dims=\"1\" fetchpriority=\"high\" decoding=\"async\" width=\"1024\" height=\"768\" src=\"https:\/\/i0.wp.com\/elregionalvm.com.ar\/noticias-villa-maria\/wp-content\/uploads\/2023\/05\/WhatsApp-Image-2023-05-12-at-18.54.19.jpeg?resize=1024%2C768&#038;ssl=1\" alt=\"\" class=\"wp-image-76348\" srcset=\"https:\/\/i0.wp.com\/elregionalvm.com.ar\/noticias-villa-maria\/wp-content\/uploads\/2023\/05\/WhatsApp-Image-2023-05-12-at-18.54.19.jpeg?resize=1024%2C768&amp;ssl=1 1024w, https:\/\/i0.wp.com\/elregionalvm.com.ar\/noticias-villa-maria\/wp-content\/uploads\/2023\/05\/WhatsApp-Image-2023-05-12-at-18.54.19.jpeg?resize=300%2C225&amp;ssl=1 300w, https:\/\/i0.wp.com\/elregionalvm.com.ar\/noticias-villa-maria\/wp-content\/uploads\/2023\/05\/WhatsApp-Image-2023-05-12-at-18.54.19.jpeg?resize=768%2C576&amp;ssl=1 768w, https:\/\/i0.wp.com\/elregionalvm.com.ar\/noticias-villa-maria\/wp-content\/uploads\/2023\/05\/WhatsApp-Image-2023-05-12-at-18.54.19.jpeg?w=1280&amp;ssl=1 1280w\" sizes=\"(max-width: 1000px) 100vw, 1000px\" \/><\/figure>\n\n\n\n<p> El Nivel T\u00e9cnico es el que se analizan, eval\u00faan y eligen las medidas a desarrollar y el Nivel de ejecuci\u00f3n; dejando en claro, que todas las iniciativas que surgen y surgir\u00e1n de espacio pol\u00edtico est\u00e1n elaboradas por personas capaces y expertos en la materia.<\/p>\n\n\n\n<p>Bajo el lema \u201cLa ciudad que queremos\u201d, se hizo hincapi\u00e9 en promover una ciudad con equilibrio e integraci\u00f3n de todos los sectores y en toda su extensi\u00f3n.<\/p>\n\n\n\n<p>\u201cEntendemos que el Estado del futuro debe entender lo urbano como un sistema que hay que fortalecer para generar ciudades resilientes, integradas socio-espacialmente y que utilice los avances tecnol\u00f3gicos para mejorar la vida de la comunidad local.\u201d Remarc\u00f3 Carlos Primo.<\/p>\n\n\n\n<p>Desde el espacio dejaron en claro, que van a continuar con cada programa, proyecto, sub-proyecto que se venga realizando desde gestiones anteriores y que realmente den respuestas a las demandas de la sociedad y van a potenciar espacios como, por ejemplo; CAPS, espacios verdes, dependencias de descentralizaci\u00f3n del estado, y otros m\u00e1s, adapt\u00e1ndolos con m\u00e1s y mejores servicios que hoy s\u00faplica la sociedad.<\/p>\n\n\n\n<p>En ese sentido, se detall\u00f3 que uno de los ejes centrales de desarrollo son espacios que favorezcan la integraci\u00f3n, con perspectiva de g\u00e9nero y discapacidad, corredores viales seguros, la generaci\u00f3n de nuevas bicisendas y un correcto funcionamiento del transporte p\u00fablico urbano que realmente conecte la ciudad al 100%. <\/p>\n\n\n\n<p>Desde el espacio, sostienen que estas acciones en la ciudad deben desarrollarse en todos sus contenidos y no solo en las materias m\u00e1s directamente relacionadas con los barrios vulnerables.<\/p>\n\n\n\n<p> Ya que al abordar globalmente la actuaci\u00f3n en la ciudad se puede tranquilizar la presi\u00f3n sobre los grupos fr\u00e1giles y reducir la generaci\u00f3n futura de nuevos barrios desfavorecidos, al tiempo que se van arremetiendo medidas compensatorias de recuperaci\u00f3n para las \u00e1reas vulnerables actuales. <\/p>\n\n\n\n<p>Las dificultades de los barrios desfavorecidos no se deben resolver operando \u00fanicamente sobre ellos mismos.<\/p>\n\n\n\n<p>\u201cEl futuro de nuevas pol\u00edticas p\u00fablicas de integraci\u00f3n para los barrios que el Municipio hist\u00f3ricamente mir\u00f3 para otro lado, ya lleg\u00f3. <\/p>\n\n\n\n<p>Estamos en el medio de un arduo trabajo, el cual en un momento cre\u00edmos muy dif\u00edcil, pero con el tiempo los obst\u00e1culos fueron perdiendo fuerza porque los protagonistas (profesionales junto a la sociedad) hicieron posible un enorme avance en el relevamiento, el dise\u00f1o y el proceso que todo ello conlleva, para tomar decisiones que van a ser nuestras prioridades a la hora de gestionar en la ciudad\u201d exclam\u00f3 Capitani.<\/p>\n\n\n\n<p>Otro de los ejes mencionados como prioridad fue el de <strong>viviendas<\/strong>, en donde est\u00e1n trabajando en Programas y Planes para el acceso a la Primer Vivienda como as\u00ed tambi\u00e9n de Autoconstrucci\u00f3n, entre otros importantes puntos. <\/p>\n\n\n\n<p>En ese lugar, dieron a conocer las diferentes maneras de lograr el objetivo de poder construir 1000 viviendas por a\u00f1o a partir de distintos planes que incluyen a todos los sectores<\/p>\n\n\n\n<p>\u201cEl crecimiento de nuestra ciudad, se ha caracterizado por el incremento de la mancha urbana de manera difusa, en un tiempo veloz, aun as\u00ed, la administraci\u00f3n Municipal ha tenido hist\u00f3ricamente pol\u00edticas inactivas y solo para la propaganda en el campo de la producci\u00f3n de vivienda y el mejoramiento del h\u00e1bitat popular.\u201d exclam\u00f3 Capitani.<\/p>\n\n\n\n<p>Culminando con un Plan de <strong>Obras<\/strong> para la ciudad, hicieron fuerte \u00e9nfasis en el Plan 100% Pavimento y 100% Gas para la ciudad; la implementaci\u00f3n de Corredores Seguros en puntos cr\u00edticos; la necesidad de un Estacionamiento Subterr\u00e1neo en el centro de la ciudad para contribuir con el reordenamiento del tr\u00e1nsito.<\/p>\n\n\n\n<p> El Desag\u00fce para la Cuenca Norte; un Plan de Integraci\u00f3n Urbano en las Tierras del Ferrocarril; Parques Reserva en barrio Vista Verde, sector Algarrobal, barrio Las Playas y Villa del Sur.<\/p>\n\n\n\n<p> Un Nuevo Parque Tecnol\u00f3gico donde albergue todas las empresas y emprendimientos del rubro de la Econom\u00eda del Conocimiento; entre otras acciones que se ir\u00e1n dando a conocer en el tiempo.<\/p>\n\n\n\n<p>Desde el equipo concluyeron que, la innovaci\u00f3n en pol\u00edticas de impacto para la sociedad, deben ser elaboradas con la participaci\u00f3n en conjunto de todos los actores, estado, personal id\u00f3neo y el ciudadano para as\u00ed alcanzar el consenso en cuanto a su necesidad y la verdadera utilidad. <\/p>\n\n\n\n<p>Todo esto, llevando adelante el proceso de transformaci\u00f3n y cambio en cuadras y barrios,<strong>\u00a0generando entornos amigables para las personas y con una planificaci\u00f3n estrat\u00e9gica exclusivamente para y con la gente.<\/strong><\/p>\n","protected":false},"excerpt":{"rendered":"<p>El evento llevado a cabo cont\u00f3 con la participaci\u00f3n de los Arquitectos Florencia Costas, Gustavo Martinotti, Lisandro Costas, Nicol\u00e1s Vivian, el Ing. Diego Peirotti, los Concejales PRO Carlos Primo, Natalia Gonz\u00e1lez y Karina Bruno y el Coordinador de los Equipos T\u00e9cnicos\u00a0 Miguel Maceda. Los protagonistas centrales fueron los profesionales miembros del equipo, los cuales vienen [&hellip;]<\/p>\n","protected":false},"author":4,"featured_media":76349,"comment_status":"open","ping_status":"open","sticky":false,"template":"","format":"standard","meta":{"site-sidebar-layout":"default","site-content-layout":"","ast-site-content-layout":"default","site-content-style":"default","site-sidebar-style":"default","ast-global-header-display":"","ast-banner-title-visibility":"","ast-main-header-display":"","ast-hfb-above-header-display":"","ast-hfb-below-header-display":"","ast-hfb-mobile-header-display":"","site-post-title":"","ast-breadcrumbs-content":"","ast-featured-img":"","footer-sml-layout":"","ast-disable-related-posts":"","theme-transparent-header-meta":"","adv-header-id-meta":"","stick-header-meta":"","header-above-stick-meta":"","header-main-stick-meta":"","header-below-stick-meta":"","astra-migrate-meta-layouts":"default","ast-page-background-enabled":"default","ast-page-background-meta":{"desktop":{"background-color":"","background-image":"","background-repeat":"repeat","background-position":"center center","background-size":"auto","background-attachment":"scroll","background-type":"","background-media":"","overlay-type":"","overlay-color":"","overlay-opacity":"","overlay-gradient":""},"tablet":{"background-color":"","background-image":"","background-repeat":"repeat","background-position":"center center","background-size":"auto","background-attachment":"scroll","background-type":"","background-media":"","overlay-type":"","overlay-color":"","overlay-opacity":"","overlay-gradient":""},"mobile":{"background-color":"","background-image":"","background-repeat":"repeat","background-position":"center center","background-size":"auto","background-attachment":"scroll","background-type":"","background-media":"","overlay-type":"","overlay-color":"","overlay-opacity":"","overlay-gradient":""}},"ast-content-background-meta":{"desktop":{"background-color":"var(--ast-global-color-5)","background-image":"","background-repeat":"repeat","background-position":"center center","background-size":"auto","background-attachment":"scroll","background-type":"","background-media":"","overlay-type":"","overlay-color":"","overlay-opacity":"","overlay-gradient":""},"tablet":{"background-color":"var(--ast-global-color-5)","background-image":"","background-repeat":"repeat","background-position":"center center","background-size":"auto","background-attachment":"scroll","background-type":"","background-media":"","overlay-type":"","overlay-color":"","overlay-opacity":"","overlay-gradient":""},"mobile":{"background-color":"var(--ast-global-color-5)","background-image":"","background-repeat":"repeat","background-position":"center center","background-size":"auto","background-attachment":"scroll","background-type":"","background-media":"","overlay-type":"","overlay-color":"","overlay-opacity":"","overlay-gradient":""}},"_jetpack_memberships_contains_paid_content":false,"_joinchat":[],"footnotes":""},"categories":[15302,5,2],"tags":[],"class_list":["post-76347","post","type-post","status-publish","format-standard","has-post-thumbnail","hentry","category-destacado","category-sociedad","category-villa-maria"],"yoast_head":"<!-- This site is optimized with the Yoast SEO plugin v26.8 - https:\/\/yoast.com\/product\/yoast-seo-wordpress\/ -->\n<title>Capitani present\u00f3 su \u00e1rea de Desarrollo Urbano en el Barrio Nicol\u00e1s Avellaneda - El Regional<\/title>\n<meta name=\"robots\" content=\"index, follow, max-snippet:-1, max-image-preview:large, max-video-preview:-1\" \/>\n<link rel=\"canonical\" href=\"http:\/\/elregionalvm.com.ar\/noticias-villa-maria\/capitani-presento-su-area-de-desarrollo-urbano-en-el-barrio-nicolas-avellaneda\/\" \/>\n<meta property=\"og:locale\" content=\"es_ES\" \/>\n<meta property=\"og:type\" content=\"article\" \/>\n<meta property=\"og:title\" content=\"Capitani present\u00f3 su \u00e1rea de Desarrollo Urbano en el Barrio Nicol\u00e1s Avellaneda - El Regional\" \/>\n<meta property=\"og:description\" content=\"El evento llevado a cabo cont\u00f3 con la participaci\u00f3n de los Arquitectos Florencia Costas, Gustavo Martinotti, Lisandro Costas, Nicol\u00e1s Vivian, el Ing. Diego Peirotti, los Concejales PRO Carlos Primo, Natalia Gonz\u00e1lez y Karina Bruno y el Coordinador de los Equipos T\u00e9cnicos\u00a0 Miguel Maceda. Los protagonistas centrales fueron los profesionales miembros del equipo, los cuales vienen [&hellip;]\" \/>\n<meta property=\"og:url\" content=\"http:\/\/elregionalvm.com.ar\/noticias-villa-maria\/capitani-presento-su-area-de-desarrollo-urbano-en-el-barrio-nicolas-avellaneda\/\" \/>\n<meta property=\"og:site_name\" content=\"El Regional\" \/>\n<meta property=\"article:publisher\" content=\"https:\/\/www.facebook.com\/elregionalvm\" \/>\n<meta property=\"article:published_time\" content=\"2023-05-12T22:08:40+00:00\" \/>\n<meta property=\"article:modified_time\" content=\"2023-05-12T22:08:43+00:00\" \/>\n<meta property=\"og:image\" content=\"http:\/\/elregionalvm.com.ar\/noticias-villa-maria\/wp-content\/uploads\/2023\/05\/WhatsApp-Image-2023-05-12-at-18.54.18.jpeg\" \/>\n\t<meta property=\"og:image:width\" content=\"1280\" \/>\n\t<meta property=\"og:image:height\" content=\"720\" \/>\n\t<meta property=\"og:image:type\" content=\"image\/jpeg\" \/>\n<meta name=\"author\" content=\"Contenidos El Regional\" \/>\n<meta name=\"twitter:card\" content=\"summary_large_image\" \/>\n<meta name=\"twitter:creator\" content=\"@elregionalvm1\" \/>\n<meta name=\"twitter:site\" content=\"@elregionalvm1\" \/>\n<meta name=\"twitter:label1\" content=\"Escrito por\" \/>\n\t<meta name=\"twitter:data1\" content=\"Contenidos El Regional\" \/>\n\t<meta name=\"twitter:label2\" content=\"Tiempo de lectura\" \/>\n\t<meta name=\"twitter:data2\" content=\"5 minutos\" \/>\n<script type=\"application\/ld+json\" class=\"yoast-schema-graph\">{\"@context\":\"https:\/\/schema.org\",\"@graph\":[{\"@type\":\"Article\",\"@id\":\"http:\/\/elregionalvm.com.ar\/noticias-villa-maria\/capitani-presento-su-area-de-desarrollo-urbano-en-el-barrio-nicolas-avellaneda\/#article\",\"isPartOf\":{\"@id\":\"http:\/\/elregionalvm.com.ar\/noticias-villa-maria\/capitani-presento-su-area-de-desarrollo-urbano-en-el-barrio-nicolas-avellaneda\/\"},\"author\":{\"name\":\"Contenidos El Regional\",\"@id\":\"http:\/\/elregionalvm.com.ar\/noticias-villa-maria\/#\/schema\/person\/a0fb9c422317faca23d50163151bc354\"},\"headline\":\"Capitani present\u00f3 su \u00e1rea de Desarrollo Urbano en el Barrio Nicol\u00e1s Avellaneda\",\"datePublished\":\"2023-05-12T22:08:40+00:00\",\"dateModified\":\"2023-05-12T22:08:43+00:00\",\"mainEntityOfPage\":{\"@id\":\"http:\/\/elregionalvm.com.ar\/noticias-villa-maria\/capitani-presento-su-area-de-desarrollo-urbano-en-el-barrio-nicolas-avellaneda\/\"},\"wordCount\":907,\"commentCount\":0,\"image\":{\"@id\":\"http:\/\/elregionalvm.com.ar\/noticias-villa-maria\/capitani-presento-su-area-de-desarrollo-urbano-en-el-barrio-nicolas-avellaneda\/#primaryimage\"},\"thumbnailUrl\":\"https:\/\/i0.wp.com\/elregionalvm.com.ar\/noticias-villa-maria\/wp-content\/uploads\/2023\/05\/WhatsApp-Image-2023-05-12-at-18.54.18.jpeg?fit=1280%2C720&ssl=1\",\"articleSection\":[\"destacado\",\"Sociedad\",\"Villa Mar\u00eda\"],\"inLanguage\":\"es\",\"potentialAction\":[{\"@type\":\"CommentAction\",\"name\":\"Comment\",\"target\":[\"http:\/\/elregionalvm.com.ar\/noticias-villa-maria\/capitani-presento-su-area-de-desarrollo-urbano-en-el-barrio-nicolas-avellaneda\/#respond\"]}]},{\"@type\":\"WebPage\",\"@id\":\"http:\/\/elregionalvm.com.ar\/noticias-villa-maria\/capitani-presento-su-area-de-desarrollo-urbano-en-el-barrio-nicolas-avellaneda\/\",\"url\":\"http:\/\/elregionalvm.com.ar\/noticias-villa-maria\/capitani-presento-su-area-de-desarrollo-urbano-en-el-barrio-nicolas-avellaneda\/\",\"name\":\"Capitani present\u00f3 su \u00e1rea de Desarrollo Urbano en el Barrio Nicol\u00e1s Avellaneda - El Regional\",\"isPartOf\":{\"@id\":\"http:\/\/elregionalvm.com.ar\/noticias-villa-maria\/#website\"},\"primaryImageOfPage\":{\"@id\":\"http:\/\/elregionalvm.com.ar\/noticias-villa-maria\/capitani-presento-su-area-de-desarrollo-urbano-en-el-barrio-nicolas-avellaneda\/#primaryimage\"},\"image\":{\"@id\":\"http:\/\/elregionalvm.com.ar\/noticias-villa-maria\/capitani-presento-su-area-de-desarrollo-urbano-en-el-barrio-nicolas-avellaneda\/#primaryimage\"},\"thumbnailUrl\":\"https:\/\/i0.wp.com\/elregionalvm.com.ar\/noticias-villa-maria\/wp-content\/uploads\/2023\/05\/WhatsApp-Image-2023-05-12-at-18.54.18.jpeg?fit=1280%2C720&ssl=1\",\"datePublished\":\"2023-05-12T22:08:40+00:00\",\"dateModified\":\"2023-05-12T22:08:43+00:00\",\"author\":{\"@id\":\"http:\/\/elregionalvm.com.ar\/noticias-villa-maria\/#\/schema\/person\/a0fb9c422317faca23d50163151bc354\"},\"breadcrumb\":{\"@id\":\"http:\/\/elregionalvm.com.ar\/noticias-villa-maria\/capitani-presento-su-area-de-desarrollo-urbano-en-el-barrio-nicolas-avellaneda\/#breadcrumb\"},\"inLanguage\":\"es\",\"potentialAction\":[{\"@type\":\"ReadAction\",\"target\":[\"http:\/\/elregionalvm.com.ar\/noticias-villa-maria\/capitani-presento-su-area-de-desarrollo-urbano-en-el-barrio-nicolas-avellaneda\/\"]}]},{\"@type\":\"ImageObject\",\"inLanguage\":\"es\",\"@id\":\"http:\/\/elregionalvm.com.ar\/noticias-villa-maria\/capitani-presento-su-area-de-desarrollo-urbano-en-el-barrio-nicolas-avellaneda\/#primaryimage\",\"url\":\"https:\/\/i0.wp.com\/elregionalvm.com.ar\/noticias-villa-maria\/wp-content\/uploads\/2023\/05\/WhatsApp-Image-2023-05-12-at-18.54.18.jpeg?fit=1280%2C720&ssl=1\",\"contentUrl\":\"https:\/\/i0.wp.com\/elregionalvm.com.ar\/noticias-villa-maria\/wp-content\/uploads\/2023\/05\/WhatsApp-Image-2023-05-12-at-18.54.18.jpeg?fit=1280%2C720&ssl=1\",\"width\":1280,\"height\":720},{\"@type\":\"BreadcrumbList\",\"@id\":\"http:\/\/elregionalvm.com.ar\/noticias-villa-maria\/capitani-presento-su-area-de-desarrollo-urbano-en-el-barrio-nicolas-avellaneda\/#breadcrumb\",\"itemListElement\":[{\"@type\":\"ListItem\",\"position\":1,\"name\":\"Portada\",\"item\":\"https:\/\/elregionalvm.com.ar\/noticias-villa-maria\/\"},{\"@type\":\"ListItem\",\"position\":2,\"name\":\"Capitani present\u00f3 su \u00e1rea de Desarrollo Urbano en el Barrio Nicol\u00e1s Avellaneda\"}]},{\"@type\":\"WebSite\",\"@id\":\"http:\/\/elregionalvm.com.ar\/noticias-villa-maria\/#website\",\"url\":\"http:\/\/elregionalvm.com.ar\/noticias-villa-maria\/\",\"name\":\"El Regional\",\"description\":\"Mucho m\u00e1s que informaci\u00f3n\",\"potentialAction\":[{\"@type\":\"SearchAction\",\"target\":{\"@type\":\"EntryPoint\",\"urlTemplate\":\"http:\/\/elregionalvm.com.ar\/noticias-villa-maria\/?s={search_term_string}\"},\"query-input\":{\"@type\":\"PropertyValueSpecification\",\"valueRequired\":true,\"valueName\":\"search_term_string\"}}],\"inLanguage\":\"es\"},{\"@type\":\"Person\",\"@id\":\"http:\/\/elregionalvm.com.ar\/noticias-villa-maria\/#\/schema\/person\/a0fb9c422317faca23d50163151bc354\",\"name\":\"Contenidos El Regional\",\"image\":{\"@type\":\"ImageObject\",\"inLanguage\":\"es\",\"@id\":\"http:\/\/elregionalvm.com.ar\/noticias-villa-maria\/#\/schema\/person\/image\/\",\"url\":\"https:\/\/secure.gravatar.com\/avatar\/265b27cb2209af7bb3a1318f03305787d7981a5cc6e6cd08fe5a4ecdf99d4b48?s=96&d=mm&r=g\",\"contentUrl\":\"https:\/\/secure.gravatar.com\/avatar\/265b27cb2209af7bb3a1318f03305787d7981a5cc6e6cd08fe5a4ecdf99d4b48?s=96&d=mm&r=g\",\"caption\":\"Contenidos El Regional\"},\"url\":\"https:\/\/elregionalvm.com.ar\/noticias-villa-maria\/author\/contenido\/\"}]}<\/script>\n<!-- \/ Yoast SEO plugin. -->","yoast_head_json":{"title":"Capitani present\u00f3 su \u00e1rea de Desarrollo Urbano en el Barrio Nicol\u00e1s Avellaneda - El Regional","robots":{"index":"index","follow":"follow","max-snippet":"max-snippet:-1","max-image-preview":"max-image-preview:large","max-video-preview":"max-video-preview:-1"},"canonical":"http:\/\/elregionalvm.com.ar\/noticias-villa-maria\/capitani-presento-su-area-de-desarrollo-urbano-en-el-barrio-nicolas-avellaneda\/","og_locale":"es_ES","og_type":"article","og_title":"Capitani present\u00f3 su \u00e1rea de Desarrollo Urbano en el Barrio Nicol\u00e1s Avellaneda - El Regional","og_description":"El evento llevado a cabo cont\u00f3 con la participaci\u00f3n de los Arquitectos Florencia Costas, Gustavo Martinotti, Lisandro Costas, Nicol\u00e1s Vivian, el Ing. Diego Peirotti, los Concejales PRO Carlos Primo, Natalia Gonz\u00e1lez y Karina Bruno y el Coordinador de los Equipos T\u00e9cnicos\u00a0 Miguel Maceda. Los protagonistas centrales fueron los profesionales miembros del equipo, los cuales vienen [&hellip;]","og_url":"http:\/\/elregionalvm.com.ar\/noticias-villa-maria\/capitani-presento-su-area-de-desarrollo-urbano-en-el-barrio-nicolas-avellaneda\/","og_site_name":"El Regional","article_publisher":"https:\/\/www.facebook.com\/elregionalvm","article_published_time":"2023-05-12T22:08:40+00:00","article_modified_time":"2023-05-12T22:08:43+00:00","og_image":[{"width":1280,"height":720,"url":"http:\/\/elregionalvm.com.ar\/noticias-villa-maria\/wp-content\/uploads\/2023\/05\/WhatsApp-Image-2023-05-12-at-18.54.18.jpeg","type":"image\/jpeg"}],"author":"Contenidos El Regional","twitter_card":"summary_large_image","twitter_creator":"@elregionalvm1","twitter_site":"@elregionalvm1","twitter_misc":{"Escrito por":"Contenidos El Regional","Tiempo de lectura":"5 minutos"},"schema":{"@context":"https:\/\/schema.org","@graph":[{"@type":"Article","@id":"http:\/\/elregionalvm.com.ar\/noticias-villa-maria\/capitani-presento-su-area-de-desarrollo-urbano-en-el-barrio-nicolas-avellaneda\/#article","isPartOf":{"@id":"http:\/\/elregionalvm.com.ar\/noticias-villa-maria\/capitani-presento-su-area-de-desarrollo-urbano-en-el-barrio-nicolas-avellaneda\/"},"author":{"name":"Contenidos El Regional","@id":"http:\/\/elregionalvm.com.ar\/noticias-villa-maria\/#\/schema\/person\/a0fb9c422317faca23d50163151bc354"},"headline":"Capitani present\u00f3 su \u00e1rea de Desarrollo Urbano en el Barrio Nicol\u00e1s Avellaneda","datePublished":"2023-05-12T22:08:40+00:00","dateModified":"2023-05-12T22:08:43+00:00","mainEntityOfPage":{"@id":"http:\/\/elregionalvm.com.ar\/noticias-villa-maria\/capitani-presento-su-area-de-desarrollo-urbano-en-el-barrio-nicolas-avellaneda\/"},"wordCount":907,"commentCount":0,"image":{"@id":"http:\/\/elregionalvm.com.ar\/noticias-villa-maria\/capitani-presento-su-area-de-desarrollo-urbano-en-el-barrio-nicolas-avellaneda\/#primaryimage"},"thumbnailUrl":"https:\/\/i0.wp.com\/elregionalvm.com.ar\/noticias-villa-maria\/wp-content\/uploads\/2023\/05\/WhatsApp-Image-2023-05-12-at-18.54.18.jpeg?fit=1280%2C720&ssl=1","articleSection":["destacado","Sociedad","Villa Mar\u00eda"],"inLanguage":"es","potentialAction":[{"@type":"CommentAction","name":"Comment","target":["http:\/\/elregionalvm.com.ar\/noticias-villa-maria\/capitani-presento-su-area-de-desarrollo-urbano-en-el-barrio-nicolas-avellaneda\/#respond"]}]},{"@type":"WebPage","@id":"http:\/\/elregionalvm.com.ar\/noticias-villa-maria\/capitani-presento-su-area-de-desarrollo-urbano-en-el-barrio-nicolas-avellaneda\/","url":"http:\/\/elregionalvm.com.ar\/noticias-villa-maria\/capitani-presento-su-area-de-desarrollo-urbano-en-el-barrio-nicolas-avellaneda\/","name":"Capitani present\u00f3 su \u00e1rea de Desarrollo Urbano en el Barrio Nicol\u00e1s Avellaneda - El Regional","isPartOf":{"@id":"http:\/\/elregionalvm.com.ar\/noticias-villa-maria\/#website"},"primaryImageOfPage":{"@id":"http:\/\/elregionalvm.com.ar\/noticias-villa-maria\/capitani-presento-su-area-de-desarrollo-urbano-en-el-barrio-nicolas-avellaneda\/#primaryimage"},"image":{"@id":"http:\/\/elregionalvm.com.ar\/noticias-villa-maria\/capitani-presento-su-area-de-desarrollo-urbano-en-el-barrio-nicolas-avellaneda\/#primaryimage"},"thumbnailUrl":"https:\/\/i0.wp.com\/elregionalvm.com.ar\/noticias-villa-maria\/wp-content\/uploads\/2023\/05\/WhatsApp-Image-2023-05-12-at-18.54.18.jpeg?fit=1280%2C720&ssl=1","datePublished":"2023-05-12T22:08:40+00:00","dateModified":"2023-05-12T22:08:43+00:00","author":{"@id":"http:\/\/elregionalvm.com.ar\/noticias-villa-maria\/#\/schema\/person\/a0fb9c422317faca23d50163151bc354"},"breadcrumb":{"@id":"http:\/\/elregionalvm.com.ar\/noticias-villa-maria\/capitani-presento-su-area-de-desarrollo-urbano-en-el-barrio-nicolas-avellaneda\/#breadcrumb"},"inLanguage":"es","potentialAction":[{"@type":"ReadAction","target":["http:\/\/elregionalvm.com.ar\/noticias-villa-maria\/capitani-presento-su-area-de-desarrollo-urbano-en-el-barrio-nicolas-avellaneda\/"]}]},{"@type":"ImageObject","inLanguage":"es","@id":"http:\/\/elregionalvm.com.ar\/noticias-villa-maria\/capitani-presento-su-area-de-desarrollo-urbano-en-el-barrio-nicolas-avellaneda\/#primaryimage","url":"https:\/\/i0.wp.com\/elregionalvm.com.ar\/noticias-villa-maria\/wp-content\/uploads\/2023\/05\/WhatsApp-Image-2023-05-12-at-18.54.18.jpeg?fit=1280%2C720&ssl=1","contentUrl":"https:\/\/i0.wp.com\/elregionalvm.com.ar\/noticias-villa-maria\/wp-content\/uploads\/2023\/05\/WhatsApp-Image-2023-05-12-at-18.54.18.jpeg?fit=1280%2C720&ssl=1","width":1280,"height":720},{"@type":"BreadcrumbList","@id":"http:\/\/elregionalvm.com.ar\/noticias-villa-maria\/capitani-presento-su-area-de-desarrollo-urbano-en-el-barrio-nicolas-avellaneda\/#breadcrumb","itemListElement":[{"@type":"ListItem","position":1,"name":"Portada","item":"https:\/\/elregionalvm.com.ar\/noticias-villa-maria\/"},{"@type":"ListItem","position":2,"name":"Capitani present\u00f3 su \u00e1rea de Desarrollo Urbano en el Barrio Nicol\u00e1s Avellaneda"}]},{"@type":"WebSite","@id":"http:\/\/elregionalvm.com.ar\/noticias-villa-maria\/#website","url":"http:\/\/elregionalvm.com.ar\/noticias-villa-maria\/","name":"El Regional","description":"Mucho m\u00e1s que informaci\u00f3n","potentialAction":[{"@type":"SearchAction","target":{"@type":"EntryPoint","urlTemplate":"http:\/\/elregionalvm.com.ar\/noticias-villa-maria\/?s={search_term_string}"},"query-input":{"@type":"PropertyValueSpecification","valueRequired":true,"valueName":"search_term_string"}}],"inLanguage":"es"},{"@type":"Person","@id":"http:\/\/elregionalvm.com.ar\/noticias-villa-maria\/#\/schema\/person\/a0fb9c422317faca23d50163151bc354","name":"Contenidos El Regional","image":{"@type":"ImageObject","inLanguage":"es","@id":"http:\/\/elregionalvm.com.ar\/noticias-villa-maria\/#\/schema\/person\/image\/","url":"https:\/\/secure.gravatar.com\/avatar\/265b27cb2209af7bb3a1318f03305787d7981a5cc6e6cd08fe5a4ecdf99d4b48?s=96&d=mm&r=g","contentUrl":"https:\/\/secure.gravatar.com\/avatar\/265b27cb2209af7bb3a1318f03305787d7981a5cc6e6cd08fe5a4ecdf99d4b48?s=96&d=mm&r=g","caption":"Contenidos El Regional"},"url":"https:\/\/elregionalvm.com.ar\/noticias-villa-maria\/author\/contenido\/"}]}},"jetpack_featured_media_url":"https:\/\/i0.wp.com\/elregionalvm.com.ar\/noticias-villa-maria\/wp-content\/uploads\/2023\/05\/WhatsApp-Image-2023-05-12-at-18.54.18.jpeg?fit=1280%2C720&ssl=1","jetpack_sharing_enabled":true,"_links":{"self":[{"href":"https:\/\/elregionalvm.com.ar\/noticias-villa-maria\/wp-json\/wp\/v2\/posts\/76347","targetHints":{"allow":["GET"]}}],"collection":[{"href":"https:\/\/elregionalvm.com.ar\/noticias-villa-maria\/wp-json\/wp\/v2\/posts"}],"about":[{"href":"https:\/\/elregionalvm.com.ar\/noticias-villa-maria\/wp-json\/wp\/v2\/types\/post"}],"author":[{"embeddable":true,"href":"https:\/\/elregionalvm.com.ar\/noticias-villa-maria\/wp-json\/wp\/v2\/users\/4"}],"replies":[{"embeddable":true,"href":"https:\/\/elregionalvm.com.ar\/noticias-villa-maria\/wp-json\/wp\/v2\/comments?post=76347"}],"version-history":[{"count":1,"href":"https:\/\/elregionalvm.com.ar\/noticias-villa-maria\/wp-json\/wp\/v2\/posts\/76347\/revisions"}],"predecessor-version":[{"id":76350,"href":"https:\/\/elregionalvm.com.ar\/noticias-villa-maria\/wp-json\/wp\/v2\/posts\/76347\/revisions\/76350"}],"wp:featuredmedia":[{"embeddable":true,"href":"https:\/\/elregionalvm.com.ar\/noticias-villa-maria\/wp-json\/wp\/v2\/media\/76349"}],"wp:attachment":[{"href":"https:\/\/elregionalvm.com.ar\/noticias-villa-maria\/wp-json\/wp\/v2\/media?parent=76347"}],"wp:term":[{"taxonomy":"category","embeddable":true,"href":"https:\/\/elregionalvm.com.ar\/noticias-villa-maria\/wp-json\/wp\/v2\/categories?post=76347"},{"taxonomy":"post_tag","embeddable":true,"href":"https:\/\/elregionalvm.com.ar\/noticias-villa-maria\/wp-json\/wp\/v2\/tags?post=76347"}],"curies":[{"name":"wp","href":"https:\/\/api.w.org\/{rel}","templated":true}]}}