{"id":76366,"date":"2023-05-12T22:42:05","date_gmt":"2023-05-12T22:42:05","guid":{"rendered":"https:\/\/elregionalvm.com.ar\/noticias-villa-maria\/?p=76366"},"modified":"2023-05-12T22:42:43","modified_gmt":"2023-05-12T22:42:43","slug":"un-nino-de-un-ano-cayo-desde-un-balcon-de-tres-metros-y-esta-internado-en-el-pasteur","status":"publish","type":"post","link":"https:\/\/elregionalvm.com.ar\/noticias-villa-maria\/un-nino-de-un-ano-cayo-desde-un-balcon-de-tres-metros-y-esta-internado-en-el-pasteur\/","title":{"rendered":"Un ni\u00f1o de un a\u00f1o cay\u00f3 desde un balc\u00f3n de tres metros y est\u00e1 internado en el Pasteur"},"content":{"rendered":"\n<p>El hecho ocurri\u00f3 en<strong>&nbsp;<\/strong>calle V\u00e9lez Sarsfield al 251, donde se lesion\u00f3 el ni\u00f1o de tan solo un a\u00f1o de edad,<strong>&nbsp;<\/strong>seg\u00fan inform\u00f3 la Polic\u00eda de C\u00f3rdoba.<\/p>\n\n\n\n<p>Result\u00f3 lesionado luego de caer de un balc\u00f3n de una altura de tres metros.<\/p>\n\n\n\n<p>El ni\u00f1o fue socorrido por un vecino, que lo traslad\u00f3 primero hacia el Hospital de Villa Nueva.<\/p>\n\n\n\n<figure class=\"wp-block-image size-full\"><img data-recalc-dims=\"1\" fetchpriority=\"high\" decoding=\"async\" width=\"600\" height=\"400\" src=\"https:\/\/i0.wp.com\/elregionalvm.com.ar\/noticias-villa-maria\/wp-content\/uploads\/2023\/05\/guardia_pediatrica_hospital_pasteur.jpg?resize=600%2C400&#038;ssl=1\" alt=\"\" class=\"wp-image-76367\" srcset=\"https:\/\/i0.wp.com\/elregionalvm.com.ar\/noticias-villa-maria\/wp-content\/uploads\/2023\/05\/guardia_pediatrica_hospital_pasteur.jpg?w=600&amp;ssl=1 600w, https:\/\/i0.wp.com\/elregionalvm.com.ar\/noticias-villa-maria\/wp-content\/uploads\/2023\/05\/guardia_pediatrica_hospital_pasteur.jpg?resize=300%2C200&amp;ssl=1 300w\" sizes=\"(max-width: 600px) 100vw, 600px\" \/><\/figure>\n\n\n\n<p>Desde Villa Nueva fue derivado hasta el nosocomio zonal de Villa Mar\u00eda&nbsp;con un traumatismo de cr\u00e1neo. <\/p>\n\n\n\n<p>\u00abPor el impacto tuvo un traumatismo leve en su cabeza y se encuentra en observaci\u00f3n en la Unidad de Cuidados Intensivos Pedi\u00e1tricos\u00bb,  afirmaron fuentes oficiales.<\/p>\n\n\n\n<p>Debido a esto, se abri\u00f3 una investigaci\u00f3n para conocer las circunstancias en las que se produjo&nbsp;el&nbsp;hecho.<\/p>\n","protected":false},"excerpt":{"rendered":"<p>El hecho ocurri\u00f3 en&nbsp;calle V\u00e9lez Sarsfield al 251, donde se lesion\u00f3 el ni\u00f1o de tan solo un a\u00f1o de edad,&nbsp;seg\u00fan inform\u00f3 la Polic\u00eda de C\u00f3rdoba. Result\u00f3 lesionado luego de caer de un balc\u00f3n de una altura de tres metros. El ni\u00f1o fue socorrido por un vecino, que lo traslad\u00f3 primero hacia el Hospital de Villa [&hellip;]<\/p>\n","protected":false},"author":4,"featured_media":39681,"comment_status":"open","ping_status":"open","sticky":false,"template":"","format":"standard","meta":{"site-sidebar-layout":"default","site-content-layout":"","ast-site-content-layout":"default","site-content-style":"default","site-sidebar-style":"default","ast-global-header-display":"","ast-banner-title-visibility":"","ast-main-header-display":"","ast-hfb-above-header-display":"","ast-hfb-below-header-display":"","ast-hfb-mobile-header-display":"","site-post-title":"","ast-breadcrumbs-content":"","ast-featured-img":"","footer-sml-layout":"","ast-disable-related-posts":"","theme-transparent-header-meta":"","adv-header-id-meta":"","stick-header-meta":"","header-above-stick-meta":"","header-main-stick-meta":"","header-below-stick-meta":"","astra-migrate-meta-layouts":"default","ast-page-background-enabled":"default","ast-page-background-meta":{"desktop":{"background-color":"","background-image":"","background-repeat":"repeat","background-position":"center center","background-size":"auto","background-attachment":"scroll","background-type":"","background-media":"","overlay-type":"","overlay-color":"","overlay-opacity":"","overlay-gradient":""},"tablet":{"background-color":"","background-image":"","background-repeat":"repeat","background-position":"center center","background-size":"auto","background-attachment":"scroll","background-type":"","background-media":"","overlay-type":"","overlay-color":"","overlay-opacity":"","overlay-gradient":""},"mobile":{"background-color":"","background-image":"","background-repeat":"repeat","background-position":"center center","background-size":"auto","background-attachment":"scroll","background-type":"","background-media":"","overlay-type":"","overlay-color":"","overlay-opacity":"","overlay-gradient":""}},"ast-content-background-meta":{"desktop":{"background-color":"var(--ast-global-color-5)","background-image":"","background-repeat":"repeat","background-position":"center center","background-size":"auto","background-attachment":"scroll","background-type":"","background-media":"","overlay-type":"","overlay-color":"","overlay-opacity":"","overlay-gradient":""},"tablet":{"background-color":"var(--ast-global-color-5)","background-image":"","background-repeat":"repeat","background-position":"center center","background-size":"auto","background-attachment":"scroll","background-type":"","background-media":"","overlay-type":"","overlay-color":"","overlay-opacity":"","overlay-gradient":""},"mobile":{"background-color":"var(--ast-global-color-5)","background-image":"","background-repeat":"repeat","background-position":"center center","background-size":"auto","background-attachment":"scroll","background-type":"","background-media":"","overlay-type":"","overlay-color":"","overlay-opacity":"","overlay-gradient":""}},"_jetpack_memberships_contains_paid_content":false,"_joinchat":[],"footnotes":""},"categories":[15302,5,2],"tags":[],"class_list":["post-76366","post","type-post","status-publish","format-standard","has-post-thumbnail","hentry","category-destacado","category-sociedad","category-villa-maria"],"yoast_head":"<!-- This site is optimized with the Yoast SEO plugin v26.8 - https:\/\/yoast.com\/product\/yoast-seo-wordpress\/ -->\n<title>Un ni\u00f1o de un a\u00f1o cay\u00f3 desde un balc\u00f3n de tres metros y est\u00e1 internado en el Pasteur - El Regional<\/title>\n<meta name=\"robots\" content=\"index, follow, max-snippet:-1, max-image-preview:large, max-video-preview:-1\" \/>\n<link rel=\"canonical\" href=\"http:\/\/elregionalvm.com.ar\/noticias-villa-maria\/un-nino-de-un-ano-cayo-desde-un-balcon-de-tres-metros-y-esta-internado-en-el-pasteur\/\" \/>\n<meta property=\"og:locale\" content=\"es_ES\" \/>\n<meta property=\"og:type\" content=\"article\" \/>\n<meta property=\"og:title\" content=\"Un ni\u00f1o de un a\u00f1o cay\u00f3 desde un balc\u00f3n de tres metros y est\u00e1 internado en el Pasteur - El Regional\" \/>\n<meta property=\"og:description\" content=\"El hecho ocurri\u00f3 en&nbsp;calle V\u00e9lez Sarsfield al 251, donde se lesion\u00f3 el ni\u00f1o de tan solo un a\u00f1o de edad,&nbsp;seg\u00fan inform\u00f3 la Polic\u00eda de C\u00f3rdoba. Result\u00f3 lesionado luego de caer de un balc\u00f3n de una altura de tres metros. El ni\u00f1o fue socorrido por un vecino, que lo traslad\u00f3 primero hacia el Hospital de Villa [&hellip;]\" \/>\n<meta property=\"og:url\" content=\"http:\/\/elregionalvm.com.ar\/noticias-villa-maria\/un-nino-de-un-ano-cayo-desde-un-balcon-de-tres-metros-y-esta-internado-en-el-pasteur\/\" \/>\n<meta property=\"og:site_name\" content=\"El Regional\" \/>\n<meta property=\"article:publisher\" content=\"https:\/\/www.facebook.com\/elregionalvm\" \/>\n<meta property=\"article:published_time\" content=\"2023-05-12T22:42:05+00:00\" \/>\n<meta property=\"article:modified_time\" content=\"2023-05-12T22:42:43+00:00\" \/>\n<meta property=\"og:image\" content=\"http:\/\/elregionalvm.com.ar\/noticias-villa-maria\/wp-content\/uploads\/2021\/06\/hospital-pasteur-4.jpg\" \/>\n\t<meta property=\"og:image:width\" content=\"1250\" \/>\n\t<meta property=\"og:image:height\" content=\"600\" \/>\n\t<meta property=\"og:image:type\" content=\"image\/jpeg\" \/>\n<meta name=\"author\" content=\"Contenidos El Regional\" \/>\n<meta name=\"twitter:card\" content=\"summary_large_image\" \/>\n<meta name=\"twitter:creator\" content=\"@elregionalvm1\" \/>\n<meta name=\"twitter:site\" content=\"@elregionalvm1\" \/>\n<meta name=\"twitter:label1\" content=\"Escrito por\" \/>\n\t<meta name=\"twitter:data1\" content=\"Contenidos El Regional\" \/>\n\t<meta name=\"twitter:label2\" content=\"Tiempo de lectura\" \/>\n\t<meta name=\"twitter:data2\" content=\"1 minuto\" \/>\n<script type=\"application\/ld+json\" class=\"yoast-schema-graph\">{\"@context\":\"https:\/\/schema.org\",\"@graph\":[{\"@type\":\"Article\",\"@id\":\"http:\/\/elregionalvm.com.ar\/noticias-villa-maria\/un-nino-de-un-ano-cayo-desde-un-balcon-de-tres-metros-y-esta-internado-en-el-pasteur\/#article\",\"isPartOf\":{\"@id\":\"http:\/\/elregionalvm.com.ar\/noticias-villa-maria\/un-nino-de-un-ano-cayo-desde-un-balcon-de-tres-metros-y-esta-internado-en-el-pasteur\/\"},\"author\":{\"name\":\"Contenidos El Regional\",\"@id\":\"http:\/\/elregionalvm.com.ar\/noticias-villa-maria\/#\/schema\/person\/a0fb9c422317faca23d50163151bc354\"},\"headline\":\"Un ni\u00f1o de un a\u00f1o cay\u00f3 desde un balc\u00f3n de tres metros y est\u00e1 internado en el Pasteur\",\"datePublished\":\"2023-05-12T22:42:05+00:00\",\"dateModified\":\"2023-05-12T22:42:43+00:00\",\"mainEntityOfPage\":{\"@id\":\"http:\/\/elregionalvm.com.ar\/noticias-villa-maria\/un-nino-de-un-ano-cayo-desde-un-balcon-de-tres-metros-y-esta-internado-en-el-pasteur\/\"},\"wordCount\":156,\"commentCount\":0,\"image\":{\"@id\":\"http:\/\/elregionalvm.com.ar\/noticias-villa-maria\/un-nino-de-un-ano-cayo-desde-un-balcon-de-tres-metros-y-esta-internado-en-el-pasteur\/#primaryimage\"},\"thumbnailUrl\":\"https:\/\/i0.wp.com\/elregionalvm.com.ar\/noticias-villa-maria\/wp-content\/uploads\/2021\/06\/hospital-pasteur-4.jpg?fit=1250%2C600&ssl=1\",\"articleSection\":[\"destacado\",\"Sociedad\",\"Villa Mar\u00eda\"],\"inLanguage\":\"es\",\"potentialAction\":[{\"@type\":\"CommentAction\",\"name\":\"Comment\",\"target\":[\"http:\/\/elregionalvm.com.ar\/noticias-villa-maria\/un-nino-de-un-ano-cayo-desde-un-balcon-de-tres-metros-y-esta-internado-en-el-pasteur\/#respond\"]}]},{\"@type\":\"WebPage\",\"@id\":\"http:\/\/elregionalvm.com.ar\/noticias-villa-maria\/un-nino-de-un-ano-cayo-desde-un-balcon-de-tres-metros-y-esta-internado-en-el-pasteur\/\",\"url\":\"http:\/\/elregionalvm.com.ar\/noticias-villa-maria\/un-nino-de-un-ano-cayo-desde-un-balcon-de-tres-metros-y-esta-internado-en-el-pasteur\/\",\"name\":\"Un ni\u00f1o de un a\u00f1o cay\u00f3 desde un balc\u00f3n de tres metros y est\u00e1 internado en el Pasteur - El Regional\",\"isPartOf\":{\"@id\":\"http:\/\/elregionalvm.com.ar\/noticias-villa-maria\/#website\"},\"primaryImageOfPage\":{\"@id\":\"http:\/\/elregionalvm.com.ar\/noticias-villa-maria\/un-nino-de-un-ano-cayo-desde-un-balcon-de-tres-metros-y-esta-internado-en-el-pasteur\/#primaryimage\"},\"image\":{\"@id\":\"http:\/\/elregionalvm.com.ar\/noticias-villa-maria\/un-nino-de-un-ano-cayo-desde-un-balcon-de-tres-metros-y-esta-internado-en-el-pasteur\/#primaryimage\"},\"thumbnailUrl\":\"https:\/\/i0.wp.com\/elregionalvm.com.ar\/noticias-villa-maria\/wp-content\/uploads\/2021\/06\/hospital-pasteur-4.jpg?fit=1250%2C600&ssl=1\",\"datePublished\":\"2023-05-12T22:42:05+00:00\",\"dateModified\":\"2023-05-12T22:42:43+00:00\",\"author\":{\"@id\":\"http:\/\/elregionalvm.com.ar\/noticias-villa-maria\/#\/schema\/person\/a0fb9c422317faca23d50163151bc354\"},\"breadcrumb\":{\"@id\":\"http:\/\/elregionalvm.com.ar\/noticias-villa-maria\/un-nino-de-un-ano-cayo-desde-un-balcon-de-tres-metros-y-esta-internado-en-el-pasteur\/#breadcrumb\"},\"inLanguage\":\"es\",\"potentialAction\":[{\"@type\":\"ReadAction\",\"target\":[\"http:\/\/elregionalvm.com.ar\/noticias-villa-maria\/un-nino-de-un-ano-cayo-desde-un-balcon-de-tres-metros-y-esta-internado-en-el-pasteur\/\"]}]},{\"@type\":\"ImageObject\",\"inLanguage\":\"es\",\"@id\":\"http:\/\/elregionalvm.com.ar\/noticias-villa-maria\/un-nino-de-un-ano-cayo-desde-un-balcon-de-tres-metros-y-esta-internado-en-el-pasteur\/#primaryimage\",\"url\":\"https:\/\/i0.wp.com\/elregionalvm.com.ar\/noticias-villa-maria\/wp-content\/uploads\/2021\/06\/hospital-pasteur-4.jpg?fit=1250%2C600&ssl=1\",\"contentUrl\":\"https:\/\/i0.wp.com\/elregionalvm.com.ar\/noticias-villa-maria\/wp-content\/uploads\/2021\/06\/hospital-pasteur-4.jpg?fit=1250%2C600&ssl=1\",\"width\":1250,\"height\":600},{\"@type\":\"BreadcrumbList\",\"@id\":\"http:\/\/elregionalvm.com.ar\/noticias-villa-maria\/un-nino-de-un-ano-cayo-desde-un-balcon-de-tres-metros-y-esta-internado-en-el-pasteur\/#breadcrumb\",\"itemListElement\":[{\"@type\":\"ListItem\",\"position\":1,\"name\":\"Portada\",\"item\":\"https:\/\/elregionalvm.com.ar\/noticias-villa-maria\/\"},{\"@type\":\"ListItem\",\"position\":2,\"name\":\"Un ni\u00f1o de un a\u00f1o cay\u00f3 desde un balc\u00f3n de tres metros y est\u00e1 internado en el Pasteur\"}]},{\"@type\":\"WebSite\",\"@id\":\"http:\/\/elregionalvm.com.ar\/noticias-villa-maria\/#website\",\"url\":\"http:\/\/elregionalvm.com.ar\/noticias-villa-maria\/\",\"name\":\"El Regional\",\"description\":\"Mucho m\u00e1s que informaci\u00f3n\",\"potentialAction\":[{\"@type\":\"SearchAction\",\"target\":{\"@type\":\"EntryPoint\",\"urlTemplate\":\"http:\/\/elregionalvm.com.ar\/noticias-villa-maria\/?s={search_term_string}\"},\"query-input\":{\"@type\":\"PropertyValueSpecification\",\"valueRequired\":true,\"valueName\":\"search_term_string\"}}],\"inLanguage\":\"es\"},{\"@type\":\"Person\",\"@id\":\"http:\/\/elregionalvm.com.ar\/noticias-villa-maria\/#\/schema\/person\/a0fb9c422317faca23d50163151bc354\",\"name\":\"Contenidos El Regional\",\"image\":{\"@type\":\"ImageObject\",\"inLanguage\":\"es\",\"@id\":\"http:\/\/elregionalvm.com.ar\/noticias-villa-maria\/#\/schema\/person\/image\/\",\"url\":\"https:\/\/secure.gravatar.com\/avatar\/265b27cb2209af7bb3a1318f03305787d7981a5cc6e6cd08fe5a4ecdf99d4b48?s=96&d=mm&r=g\",\"contentUrl\":\"https:\/\/secure.gravatar.com\/avatar\/265b27cb2209af7bb3a1318f03305787d7981a5cc6e6cd08fe5a4ecdf99d4b48?s=96&d=mm&r=g\",\"caption\":\"Contenidos El Regional\"},\"url\":\"https:\/\/elregionalvm.com.ar\/noticias-villa-maria\/author\/contenido\/\"}]}<\/script>\n<!-- \/ Yoast SEO plugin. -->","yoast_head_json":{"title":"Un ni\u00f1o de un a\u00f1o cay\u00f3 desde un balc\u00f3n de tres metros y est\u00e1 internado en el Pasteur - El Regional","robots":{"index":"index","follow":"follow","max-snippet":"max-snippet:-1","max-image-preview":"max-image-preview:large","max-video-preview":"max-video-preview:-1"},"canonical":"http:\/\/elregionalvm.com.ar\/noticias-villa-maria\/un-nino-de-un-ano-cayo-desde-un-balcon-de-tres-metros-y-esta-internado-en-el-pasteur\/","og_locale":"es_ES","og_type":"article","og_title":"Un ni\u00f1o de un a\u00f1o cay\u00f3 desde un balc\u00f3n de tres metros y est\u00e1 internado en el Pasteur - El Regional","og_description":"El hecho ocurri\u00f3 en&nbsp;calle V\u00e9lez Sarsfield al 251, donde se lesion\u00f3 el ni\u00f1o de tan solo un a\u00f1o de edad,&nbsp;seg\u00fan inform\u00f3 la Polic\u00eda de C\u00f3rdoba. Result\u00f3 lesionado luego de caer de un balc\u00f3n de una altura de tres metros. El ni\u00f1o fue socorrido por un vecino, que lo traslad\u00f3 primero hacia el Hospital de Villa [&hellip;]","og_url":"http:\/\/elregionalvm.com.ar\/noticias-villa-maria\/un-nino-de-un-ano-cayo-desde-un-balcon-de-tres-metros-y-esta-internado-en-el-pasteur\/","og_site_name":"El Regional","article_publisher":"https:\/\/www.facebook.com\/elregionalvm","article_published_time":"2023-05-12T22:42:05+00:00","article_modified_time":"2023-05-12T22:42:43+00:00","og_image":[{"width":1250,"height":600,"url":"http:\/\/elregionalvm.com.ar\/noticias-villa-maria\/wp-content\/uploads\/2021\/06\/hospital-pasteur-4.jpg","type":"image\/jpeg"}],"author":"Contenidos El Regional","twitter_card":"summary_large_image","twitter_creator":"@elregionalvm1","twitter_site":"@elregionalvm1","twitter_misc":{"Escrito por":"Contenidos El Regional","Tiempo de lectura":"1 minuto"},"schema":{"@context":"https:\/\/schema.org","@graph":[{"@type":"Article","@id":"http:\/\/elregionalvm.com.ar\/noticias-villa-maria\/un-nino-de-un-ano-cayo-desde-un-balcon-de-tres-metros-y-esta-internado-en-el-pasteur\/#article","isPartOf":{"@id":"http:\/\/elregionalvm.com.ar\/noticias-villa-maria\/un-nino-de-un-ano-cayo-desde-un-balcon-de-tres-metros-y-esta-internado-en-el-pasteur\/"},"author":{"name":"Contenidos El Regional","@id":"http:\/\/elregionalvm.com.ar\/noticias-villa-maria\/#\/schema\/person\/a0fb9c422317faca23d50163151bc354"},"headline":"Un ni\u00f1o de un a\u00f1o cay\u00f3 desde un balc\u00f3n de tres metros y est\u00e1 internado en el Pasteur","datePublished":"2023-05-12T22:42:05+00:00","dateModified":"2023-05-12T22:42:43+00:00","mainEntityOfPage":{"@id":"http:\/\/elregionalvm.com.ar\/noticias-villa-maria\/un-nino-de-un-ano-cayo-desde-un-balcon-de-tres-metros-y-esta-internado-en-el-pasteur\/"},"wordCount":156,"commentCount":0,"image":{"@id":"http:\/\/elregionalvm.com.ar\/noticias-villa-maria\/un-nino-de-un-ano-cayo-desde-un-balcon-de-tres-metros-y-esta-internado-en-el-pasteur\/#primaryimage"},"thumbnailUrl":"https:\/\/i0.wp.com\/elregionalvm.com.ar\/noticias-villa-maria\/wp-content\/uploads\/2021\/06\/hospital-pasteur-4.jpg?fit=1250%2C600&ssl=1","articleSection":["destacado","Sociedad","Villa Mar\u00eda"],"inLanguage":"es","potentialAction":[{"@type":"CommentAction","name":"Comment","target":["http:\/\/elregionalvm.com.ar\/noticias-villa-maria\/un-nino-de-un-ano-cayo-desde-un-balcon-de-tres-metros-y-esta-internado-en-el-pasteur\/#respond"]}]},{"@type":"WebPage","@id":"http:\/\/elregionalvm.com.ar\/noticias-villa-maria\/un-nino-de-un-ano-cayo-desde-un-balcon-de-tres-metros-y-esta-internado-en-el-pasteur\/","url":"http:\/\/elregionalvm.com.ar\/noticias-villa-maria\/un-nino-de-un-ano-cayo-desde-un-balcon-de-tres-metros-y-esta-internado-en-el-pasteur\/","name":"Un ni\u00f1o de un a\u00f1o cay\u00f3 desde un balc\u00f3n de tres metros y est\u00e1 internado en el Pasteur - El Regional","isPartOf":{"@id":"http:\/\/elregionalvm.com.ar\/noticias-villa-maria\/#website"},"primaryImageOfPage":{"@id":"http:\/\/elregionalvm.com.ar\/noticias-villa-maria\/un-nino-de-un-ano-cayo-desde-un-balcon-de-tres-metros-y-esta-internado-en-el-pasteur\/#primaryimage"},"image":{"@id":"http:\/\/elregionalvm.com.ar\/noticias-villa-maria\/un-nino-de-un-ano-cayo-desde-un-balcon-de-tres-metros-y-esta-internado-en-el-pasteur\/#primaryimage"},"thumbnailUrl":"https:\/\/i0.wp.com\/elregionalvm.com.ar\/noticias-villa-maria\/wp-content\/uploads\/2021\/06\/hospital-pasteur-4.jpg?fit=1250%2C600&ssl=1","datePublished":"2023-05-12T22:42:05+00:00","dateModified":"2023-05-12T22:42:43+00:00","author":{"@id":"http:\/\/elregionalvm.com.ar\/noticias-villa-maria\/#\/schema\/person\/a0fb9c422317faca23d50163151bc354"},"breadcrumb":{"@id":"http:\/\/elregionalvm.com.ar\/noticias-villa-maria\/un-nino-de-un-ano-cayo-desde-un-balcon-de-tres-metros-y-esta-internado-en-el-pasteur\/#breadcrumb"},"inLanguage":"es","potentialAction":[{"@type":"ReadAction","target":["http:\/\/elregionalvm.com.ar\/noticias-villa-maria\/un-nino-de-un-ano-cayo-desde-un-balcon-de-tres-metros-y-esta-internado-en-el-pasteur\/"]}]},{"@type":"ImageObject","inLanguage":"es","@id":"http:\/\/elregionalvm.com.ar\/noticias-villa-maria\/un-nino-de-un-ano-cayo-desde-un-balcon-de-tres-metros-y-esta-internado-en-el-pasteur\/#primaryimage","url":"https:\/\/i0.wp.com\/elregionalvm.com.ar\/noticias-villa-maria\/wp-content\/uploads\/2021\/06\/hospital-pasteur-4.jpg?fit=1250%2C600&ssl=1","contentUrl":"https:\/\/i0.wp.com\/elregionalvm.com.ar\/noticias-villa-maria\/wp-content\/uploads\/2021\/06\/hospital-pasteur-4.jpg?fit=1250%2C600&ssl=1","width":1250,"height":600},{"@type":"BreadcrumbList","@id":"http:\/\/elregionalvm.com.ar\/noticias-villa-maria\/un-nino-de-un-ano-cayo-desde-un-balcon-de-tres-metros-y-esta-internado-en-el-pasteur\/#breadcrumb","itemListElement":[{"@type":"ListItem","position":1,"name":"Portada","item":"https:\/\/elregionalvm.com.ar\/noticias-villa-maria\/"},{"@type":"ListItem","position":2,"name":"Un ni\u00f1o de un a\u00f1o cay\u00f3 desde un balc\u00f3n de tres metros y est\u00e1 internado en el Pasteur"}]},{"@type":"WebSite","@id":"http:\/\/elregionalvm.com.ar\/noticias-villa-maria\/#website","url":"http:\/\/elregionalvm.com.ar\/noticias-villa-maria\/","name":"El Regional","description":"Mucho m\u00e1s que informaci\u00f3n","potentialAction":[{"@type":"SearchAction","target":{"@type":"EntryPoint","urlTemplate":"http:\/\/elregionalvm.com.ar\/noticias-villa-maria\/?s={search_term_string}"},"query-input":{"@type":"PropertyValueSpecification","valueRequired":true,"valueName":"search_term_string"}}],"inLanguage":"es"},{"@type":"Person","@id":"http:\/\/elregionalvm.com.ar\/noticias-villa-maria\/#\/schema\/person\/a0fb9c422317faca23d50163151bc354","name":"Contenidos El Regional","image":{"@type":"ImageObject","inLanguage":"es","@id":"http:\/\/elregionalvm.com.ar\/noticias-villa-maria\/#\/schema\/person\/image\/","url":"https:\/\/secure.gravatar.com\/avatar\/265b27cb2209af7bb3a1318f03305787d7981a5cc6e6cd08fe5a4ecdf99d4b48?s=96&d=mm&r=g","contentUrl":"https:\/\/secure.gravatar.com\/avatar\/265b27cb2209af7bb3a1318f03305787d7981a5cc6e6cd08fe5a4ecdf99d4b48?s=96&d=mm&r=g","caption":"Contenidos El Regional"},"url":"https:\/\/elregionalvm.com.ar\/noticias-villa-maria\/author\/contenido\/"}]}},"jetpack_featured_media_url":"https:\/\/i0.wp.com\/elregionalvm.com.ar\/noticias-villa-maria\/wp-content\/uploads\/2021\/06\/hospital-pasteur-4.jpg?fit=1250%2C600&ssl=1","jetpack_sharing_enabled":true,"_links":{"self":[{"href":"https:\/\/elregionalvm.com.ar\/noticias-villa-maria\/wp-json\/wp\/v2\/posts\/76366","targetHints":{"allow":["GET"]}}],"collection":[{"href":"https:\/\/elregionalvm.com.ar\/noticias-villa-maria\/wp-json\/wp\/v2\/posts"}],"about":[{"href":"https:\/\/elregionalvm.com.ar\/noticias-villa-maria\/wp-json\/wp\/v2\/types\/post"}],"author":[{"embeddable":true,"href":"https:\/\/elregionalvm.com.ar\/noticias-villa-maria\/wp-json\/wp\/v2\/users\/4"}],"replies":[{"embeddable":true,"href":"https:\/\/elregionalvm.com.ar\/noticias-villa-maria\/wp-json\/wp\/v2\/comments?post=76366"}],"version-history":[{"count":2,"href":"https:\/\/elregionalvm.com.ar\/noticias-villa-maria\/wp-json\/wp\/v2\/posts\/76366\/revisions"}],"predecessor-version":[{"id":76370,"href":"https:\/\/elregionalvm.com.ar\/noticias-villa-maria\/wp-json\/wp\/v2\/posts\/76366\/revisions\/76370"}],"wp:featuredmedia":[{"embeddable":true,"href":"https:\/\/elregionalvm.com.ar\/noticias-villa-maria\/wp-json\/wp\/v2\/media\/39681"}],"wp:attachment":[{"href":"https:\/\/elregionalvm.com.ar\/noticias-villa-maria\/wp-json\/wp\/v2\/media?parent=76366"}],"wp:term":[{"taxonomy":"category","embeddable":true,"href":"https:\/\/elregionalvm.com.ar\/noticias-villa-maria\/wp-json\/wp\/v2\/categories?post=76366"},{"taxonomy":"post_tag","embeddable":true,"href":"https:\/\/elregionalvm.com.ar\/noticias-villa-maria\/wp-json\/wp\/v2\/tags?post=76366"}],"curies":[{"name":"wp","href":"https:\/\/api.w.org\/{rel}","templated":true}]}}