{"id":76375,"date":"2023-05-12T23:02:39","date_gmt":"2023-05-12T23:02:39","guid":{"rendered":"https:\/\/elregionalvm.com.ar\/noticias-villa-maria\/?p=76375"},"modified":"2023-05-14T13:57:51","modified_gmt":"2023-05-14T13:57:51","slug":"lorenzatti-acompano-a-luis-juez-en-su-lanzamiento-de-campana-a-la-gobernacion-de-cordoba","status":"publish","type":"post","link":"https:\/\/elregionalvm.com.ar\/noticias-villa-maria\/lorenzatti-acompano-a-luis-juez-en-su-lanzamiento-de-campana-a-la-gobernacion-de-cordoba\/","title":{"rendered":"Lorenzatti acompa\u00f1\u00f3 a Juez en su lanzamiento de campa\u00f1a en C\u00f3rdoba"},"content":{"rendered":"\n<p>El candidato a la intendencia de Villa Mar\u00eda, Guillermo Lorenzatti, estuvo presente en el lanzamiento de la campa\u00f1a de Luis Juez para la gobernaci\u00f3n de la provincia de C\u00f3rdoba.<\/p>\n\n\n\n<p> En un acto realizado en el estadio cubierto del club General Paz Juniors, en C\u00f3rdoba Capital. All\u00ed Lorenzatti expres\u00f3 su entusiasmo y destac\u00f3 la importancia de este momento pol\u00edtico.<\/p>\n\n\n\n<figure class=\"wp-block-image size-large\"><img data-recalc-dims=\"1\" fetchpriority=\"high\" decoding=\"async\" width=\"576\" height=\"1024\" src=\"https:\/\/i0.wp.com\/elregionalvm.com.ar\/noticias-villa-maria\/wp-content\/uploads\/2023\/05\/WhatsApp-Image-2023-05-12-at-19.54.54.jpeg?resize=576%2C1024&#038;ssl=1\" alt=\"\" class=\"wp-image-76377\" srcset=\"https:\/\/i0.wp.com\/elregionalvm.com.ar\/noticias-villa-maria\/wp-content\/uploads\/2023\/05\/WhatsApp-Image-2023-05-12-at-19.54.54.jpeg?resize=576%2C1024&amp;ssl=1 576w, https:\/\/i0.wp.com\/elregionalvm.com.ar\/noticias-villa-maria\/wp-content\/uploads\/2023\/05\/WhatsApp-Image-2023-05-12-at-19.54.54.jpeg?resize=169%2C300&amp;ssl=1 169w, https:\/\/i0.wp.com\/elregionalvm.com.ar\/noticias-villa-maria\/wp-content\/uploads\/2023\/05\/WhatsApp-Image-2023-05-12-at-19.54.54.jpeg?w=720&amp;ssl=1 720w\" sizes=\"(max-width: 576px) 100vw, 576px\" \/><\/figure>\n\n\n\n<p>El referente de Juez en Villa Mar\u00eda se mostr\u00f3 emocionado y resalt\u00f3 que este evento marca el primer paso en un camino que \u201cculminar\u00e1 con Juez gobernando C\u00f3rdoba y nosotros liderando la intendencia de Villa Mar\u00eda\u201d.<\/p>\n\n\n\n<p>Lorenzatti tuvo la oportunidad de compartir el acto con otras destacadas figuras pol\u00edticas de diferentes fuerzas, entre ellas Ignacio Tagni, quien encabeza las preferencias del electorado en Villa Nueva.<\/p>\n\n\n\n<p>El evento cont\u00f3 con la presencia de importantes l\u00edderes nacionales, como el jefe del Gobierno porte\u00f1o, Horacio Rodr\u00edguez Larreta, la presidenta del PRO en uso de licencia, Patricia Bullrich, y el gobernador de Jujuy y presidente de la UCR, Gerardo Morales, todos precandidatos a presidente. <\/p>\n\n\n\n<p>La f\u00f3rmula de Juntos por el Cambio encabezada en C\u00f3rdoba por Luis Juez y Marcos Carasso fue presentada ante una multitud entusiasta.<\/p>\n\n\n\n<p>Durante su discurso, Rodrigo De Loredo, candidato a intendente de la capital, destac\u00f3 la unidad del espacio pol\u00edtico y la fortaleza para resistir cualquier obst\u00e1culo. <\/p>\n\n\n\n<p>Por su parte, Luis Juez calific\u00f3 la propuesta como un cambio paradigm\u00e1tico para C\u00f3rdoba y resalt\u00f3 la importancia de la provincia como motor de cambio en el pa\u00eds.<\/p>\n\n\n\n<p>Juez hizo hincapi\u00e9 en el amor y orgullo que sienten los cordobeses por su provincia, y se\u00f1al\u00f3 que est\u00e1n \u201cdispuestos a hacerse cargo del dolor que atraviesan\u201d. <\/p>\n\n\n\n<p>Asimismo, hizo referencia a la rica historia de C\u00f3rdoba, destacando su car\u00e1cter revolucionario y su lucha constante por los derechos.<\/p>\n\n\n\n<p>En su fervoroso discurso, Juez critic\u00f3 al justicialismo y afirm\u00f3 que \u201cles han robado su pasado\u201d del cual se enorgullecen. <\/p>\n\n\n\n<p>Para cerrar su intervenci\u00f3n, convoc\u00f3 a todos los presentes a unirse en el festejo el 25 de junio, d\u00eda de las elecciones, en el Panal, resaltando la importancia de la energ\u00eda y el apoyo de todos durante los \u00faltimos 45 d\u00edas de campa\u00f1a.<\/p>\n\n\n\n<p>Guillermo Lorenzatti se suma con entusiasmo a esta campa\u00f1a electoral y se comprometi\u00f3 a trabajar arduamente junto a Luis Juez y el equipo de Juntos por el Cambio para llevar el cambio y el progreso a la provincia de C\u00f3rdoba y a Villa Mar\u00eda.<\/p>\n","protected":false},"excerpt":{"rendered":"<p>El candidato a la intendencia de Villa Mar\u00eda, Guillermo Lorenzatti, estuvo presente en el lanzamiento de la campa\u00f1a de Luis Juez para la gobernaci\u00f3n de la provincia de C\u00f3rdoba. En un acto realizado en el estadio cubierto del club General Paz Juniors, en C\u00f3rdoba Capital. All\u00ed Lorenzatti expres\u00f3 su entusiasmo y destac\u00f3 la importancia de [&hellip;]<\/p>\n","protected":false},"author":4,"featured_media":76376,"comment_status":"open","ping_status":"open","sticky":false,"template":"","format":"standard","meta":{"site-sidebar-layout":"default","site-content-layout":"","ast-site-content-layout":"default","site-content-style":"default","site-sidebar-style":"default","ast-global-header-display":"","ast-banner-title-visibility":"","ast-main-header-display":"","ast-hfb-above-header-display":"","ast-hfb-below-header-display":"","ast-hfb-mobile-header-display":"","site-post-title":"","ast-breadcrumbs-content":"","ast-featured-img":"","footer-sml-layout":"","ast-disable-related-posts":"","theme-transparent-header-meta":"","adv-header-id-meta":"","stick-header-meta":"","header-above-stick-meta":"","header-main-stick-meta":"","header-below-stick-meta":"","astra-migrate-meta-layouts":"default","ast-page-background-enabled":"default","ast-page-background-meta":{"desktop":{"background-color":"","background-image":"","background-repeat":"repeat","background-position":"center center","background-size":"auto","background-attachment":"scroll","background-type":"","background-media":"","overlay-type":"","overlay-color":"","overlay-opacity":"","overlay-gradient":""},"tablet":{"background-color":"","background-image":"","background-repeat":"repeat","background-position":"center center","background-size":"auto","background-attachment":"scroll","background-type":"","background-media":"","overlay-type":"","overlay-color":"","overlay-opacity":"","overlay-gradient":""},"mobile":{"background-color":"","background-image":"","background-repeat":"repeat","background-position":"center center","background-size":"auto","background-attachment":"scroll","background-type":"","background-media":"","overlay-type":"","overlay-color":"","overlay-opacity":"","overlay-gradient":""}},"ast-content-background-meta":{"desktop":{"background-color":"var(--ast-global-color-5)","background-image":"","background-repeat":"repeat","background-position":"center center","background-size":"auto","background-attachment":"scroll","background-type":"","background-media":"","overlay-type":"","overlay-color":"","overlay-opacity":"","overlay-gradient":""},"tablet":{"background-color":"var(--ast-global-color-5)","background-image":"","background-repeat":"repeat","background-position":"center center","background-size":"auto","background-attachment":"scroll","background-type":"","background-media":"","overlay-type":"","overlay-color":"","overlay-opacity":"","overlay-gradient":""},"mobile":{"background-color":"var(--ast-global-color-5)","background-image":"","background-repeat":"repeat","background-position":"center center","background-size":"auto","background-attachment":"scroll","background-type":"","background-media":"","overlay-type":"","overlay-color":"","overlay-opacity":"","overlay-gradient":""}},"_jetpack_memberships_contains_paid_content":false,"_joinchat":[],"footnotes":""},"categories":[2089,16095,5,2],"tags":[],"class_list":["post-76375","post","type-post","status-publish","format-standard","has-post-thumbnail","hentry","category-politica","category-provinciales","category-sociedad","category-villa-maria"],"yoast_head":"<!-- This site is optimized with the Yoast SEO plugin v26.8 - https:\/\/yoast.com\/product\/yoast-seo-wordpress\/ -->\n<title>Lorenzatti acompa\u00f1\u00f3 a Juez en su lanzamiento de campa\u00f1a en C\u00f3rdoba - El Regional<\/title>\n<meta name=\"robots\" content=\"index, follow, max-snippet:-1, max-image-preview:large, max-video-preview:-1\" \/>\n<link rel=\"canonical\" href=\"http:\/\/elregionalvm.com.ar\/noticias-villa-maria\/lorenzatti-acompano-a-luis-juez-en-su-lanzamiento-de-campana-a-la-gobernacion-de-cordoba\/\" \/>\n<meta property=\"og:locale\" content=\"es_ES\" \/>\n<meta property=\"og:type\" content=\"article\" \/>\n<meta property=\"og:title\" content=\"Lorenzatti acompa\u00f1\u00f3 a Juez en su lanzamiento de campa\u00f1a en C\u00f3rdoba - El Regional\" \/>\n<meta property=\"og:description\" content=\"El candidato a la intendencia de Villa Mar\u00eda, Guillermo Lorenzatti, estuvo presente en el lanzamiento de la campa\u00f1a de Luis Juez para la gobernaci\u00f3n de la provincia de C\u00f3rdoba. En un acto realizado en el estadio cubierto del club General Paz Juniors, en C\u00f3rdoba Capital. All\u00ed Lorenzatti expres\u00f3 su entusiasmo y destac\u00f3 la importancia de [&hellip;]\" \/>\n<meta property=\"og:url\" content=\"http:\/\/elregionalvm.com.ar\/noticias-villa-maria\/lorenzatti-acompano-a-luis-juez-en-su-lanzamiento-de-campana-a-la-gobernacion-de-cordoba\/\" \/>\n<meta property=\"og:site_name\" content=\"El Regional\" \/>\n<meta property=\"article:publisher\" content=\"https:\/\/www.facebook.com\/elregionalvm\" \/>\n<meta property=\"article:published_time\" content=\"2023-05-12T23:02:39+00:00\" \/>\n<meta property=\"article:modified_time\" content=\"2023-05-14T13:57:51+00:00\" \/>\n<meta property=\"og:image\" content=\"http:\/\/elregionalvm.com.ar\/noticias-villa-maria\/wp-content\/uploads\/2023\/05\/WhatsApp-Image-2023-05-12-at-19.54.55.jpeg\" \/>\n\t<meta property=\"og:image:width\" content=\"1600\" \/>\n\t<meta property=\"og:image:height\" content=\"1200\" \/>\n\t<meta property=\"og:image:type\" content=\"image\/jpeg\" \/>\n<meta name=\"author\" content=\"Contenidos El Regional\" \/>\n<meta name=\"twitter:card\" content=\"summary_large_image\" \/>\n<meta name=\"twitter:creator\" content=\"@elregionalvm1\" \/>\n<meta name=\"twitter:site\" content=\"@elregionalvm1\" \/>\n<meta name=\"twitter:label1\" content=\"Escrito por\" \/>\n\t<meta name=\"twitter:data1\" content=\"Contenidos El Regional\" \/>\n\t<meta name=\"twitter:label2\" content=\"Tiempo de lectura\" \/>\n\t<meta name=\"twitter:data2\" content=\"3 minutos\" \/>\n<script type=\"application\/ld+json\" class=\"yoast-schema-graph\">{\"@context\":\"https:\/\/schema.org\",\"@graph\":[{\"@type\":\"Article\",\"@id\":\"http:\/\/elregionalvm.com.ar\/noticias-villa-maria\/lorenzatti-acompano-a-luis-juez-en-su-lanzamiento-de-campana-a-la-gobernacion-de-cordoba\/#article\",\"isPartOf\":{\"@id\":\"http:\/\/elregionalvm.com.ar\/noticias-villa-maria\/lorenzatti-acompano-a-luis-juez-en-su-lanzamiento-de-campana-a-la-gobernacion-de-cordoba\/\"},\"author\":{\"name\":\"Contenidos El Regional\",\"@id\":\"http:\/\/elregionalvm.com.ar\/noticias-villa-maria\/#\/schema\/person\/a0fb9c422317faca23d50163151bc354\"},\"headline\":\"Lorenzatti acompa\u00f1\u00f3 a Juez en su lanzamiento de campa\u00f1a en C\u00f3rdoba\",\"datePublished\":\"2023-05-12T23:02:39+00:00\",\"dateModified\":\"2023-05-14T13:57:51+00:00\",\"mainEntityOfPage\":{\"@id\":\"http:\/\/elregionalvm.com.ar\/noticias-villa-maria\/lorenzatti-acompano-a-luis-juez-en-su-lanzamiento-de-campana-a-la-gobernacion-de-cordoba\/\"},\"wordCount\":440,\"commentCount\":0,\"image\":{\"@id\":\"http:\/\/elregionalvm.com.ar\/noticias-villa-maria\/lorenzatti-acompano-a-luis-juez-en-su-lanzamiento-de-campana-a-la-gobernacion-de-cordoba\/#primaryimage\"},\"thumbnailUrl\":\"https:\/\/i0.wp.com\/elregionalvm.com.ar\/noticias-villa-maria\/wp-content\/uploads\/2023\/05\/WhatsApp-Image-2023-05-12-at-19.54.55.jpeg?fit=1600%2C1200&ssl=1\",\"articleSection\":[\"Pol\u00edtica\",\"Provinciales\",\"Sociedad\",\"Villa Mar\u00eda\"],\"inLanguage\":\"es\",\"potentialAction\":[{\"@type\":\"CommentAction\",\"name\":\"Comment\",\"target\":[\"http:\/\/elregionalvm.com.ar\/noticias-villa-maria\/lorenzatti-acompano-a-luis-juez-en-su-lanzamiento-de-campana-a-la-gobernacion-de-cordoba\/#respond\"]}]},{\"@type\":\"WebPage\",\"@id\":\"http:\/\/elregionalvm.com.ar\/noticias-villa-maria\/lorenzatti-acompano-a-luis-juez-en-su-lanzamiento-de-campana-a-la-gobernacion-de-cordoba\/\",\"url\":\"http:\/\/elregionalvm.com.ar\/noticias-villa-maria\/lorenzatti-acompano-a-luis-juez-en-su-lanzamiento-de-campana-a-la-gobernacion-de-cordoba\/\",\"name\":\"Lorenzatti acompa\u00f1\u00f3 a Juez en su lanzamiento de campa\u00f1a en C\u00f3rdoba - El Regional\",\"isPartOf\":{\"@id\":\"http:\/\/elregionalvm.com.ar\/noticias-villa-maria\/#website\"},\"primaryImageOfPage\":{\"@id\":\"http:\/\/elregionalvm.com.ar\/noticias-villa-maria\/lorenzatti-acompano-a-luis-juez-en-su-lanzamiento-de-campana-a-la-gobernacion-de-cordoba\/#primaryimage\"},\"image\":{\"@id\":\"http:\/\/elregionalvm.com.ar\/noticias-villa-maria\/lorenzatti-acompano-a-luis-juez-en-su-lanzamiento-de-campana-a-la-gobernacion-de-cordoba\/#primaryimage\"},\"thumbnailUrl\":\"https:\/\/i0.wp.com\/elregionalvm.com.ar\/noticias-villa-maria\/wp-content\/uploads\/2023\/05\/WhatsApp-Image-2023-05-12-at-19.54.55.jpeg?fit=1600%2C1200&ssl=1\",\"datePublished\":\"2023-05-12T23:02:39+00:00\",\"dateModified\":\"2023-05-14T13:57:51+00:00\",\"author\":{\"@id\":\"http:\/\/elregionalvm.com.ar\/noticias-villa-maria\/#\/schema\/person\/a0fb9c422317faca23d50163151bc354\"},\"breadcrumb\":{\"@id\":\"http:\/\/elregionalvm.com.ar\/noticias-villa-maria\/lorenzatti-acompano-a-luis-juez-en-su-lanzamiento-de-campana-a-la-gobernacion-de-cordoba\/#breadcrumb\"},\"inLanguage\":\"es\",\"potentialAction\":[{\"@type\":\"ReadAction\",\"target\":[\"http:\/\/elregionalvm.com.ar\/noticias-villa-maria\/lorenzatti-acompano-a-luis-juez-en-su-lanzamiento-de-campana-a-la-gobernacion-de-cordoba\/\"]}]},{\"@type\":\"ImageObject\",\"inLanguage\":\"es\",\"@id\":\"http:\/\/elregionalvm.com.ar\/noticias-villa-maria\/lorenzatti-acompano-a-luis-juez-en-su-lanzamiento-de-campana-a-la-gobernacion-de-cordoba\/#primaryimage\",\"url\":\"https:\/\/i0.wp.com\/elregionalvm.com.ar\/noticias-villa-maria\/wp-content\/uploads\/2023\/05\/WhatsApp-Image-2023-05-12-at-19.54.55.jpeg?fit=1600%2C1200&ssl=1\",\"contentUrl\":\"https:\/\/i0.wp.com\/elregionalvm.com.ar\/noticias-villa-maria\/wp-content\/uploads\/2023\/05\/WhatsApp-Image-2023-05-12-at-19.54.55.jpeg?fit=1600%2C1200&ssl=1\",\"width\":1600,\"height\":1200},{\"@type\":\"BreadcrumbList\",\"@id\":\"http:\/\/elregionalvm.com.ar\/noticias-villa-maria\/lorenzatti-acompano-a-luis-juez-en-su-lanzamiento-de-campana-a-la-gobernacion-de-cordoba\/#breadcrumb\",\"itemListElement\":[{\"@type\":\"ListItem\",\"position\":1,\"name\":\"Portada\",\"item\":\"https:\/\/elregionalvm.com.ar\/noticias-villa-maria\/\"},{\"@type\":\"ListItem\",\"position\":2,\"name\":\"Lorenzatti acompa\u00f1\u00f3 a Juez en su lanzamiento de campa\u00f1a en C\u00f3rdoba\"}]},{\"@type\":\"WebSite\",\"@id\":\"http:\/\/elregionalvm.com.ar\/noticias-villa-maria\/#website\",\"url\":\"http:\/\/elregionalvm.com.ar\/noticias-villa-maria\/\",\"name\":\"El Regional\",\"description\":\"Mucho m\u00e1s que informaci\u00f3n\",\"potentialAction\":[{\"@type\":\"SearchAction\",\"target\":{\"@type\":\"EntryPoint\",\"urlTemplate\":\"http:\/\/elregionalvm.com.ar\/noticias-villa-maria\/?s={search_term_string}\"},\"query-input\":{\"@type\":\"PropertyValueSpecification\",\"valueRequired\":true,\"valueName\":\"search_term_string\"}}],\"inLanguage\":\"es\"},{\"@type\":\"Person\",\"@id\":\"http:\/\/elregionalvm.com.ar\/noticias-villa-maria\/#\/schema\/person\/a0fb9c422317faca23d50163151bc354\",\"name\":\"Contenidos El Regional\",\"image\":{\"@type\":\"ImageObject\",\"inLanguage\":\"es\",\"@id\":\"http:\/\/elregionalvm.com.ar\/noticias-villa-maria\/#\/schema\/person\/image\/\",\"url\":\"https:\/\/secure.gravatar.com\/avatar\/265b27cb2209af7bb3a1318f03305787d7981a5cc6e6cd08fe5a4ecdf99d4b48?s=96&d=mm&r=g\",\"contentUrl\":\"https:\/\/secure.gravatar.com\/avatar\/265b27cb2209af7bb3a1318f03305787d7981a5cc6e6cd08fe5a4ecdf99d4b48?s=96&d=mm&r=g\",\"caption\":\"Contenidos El Regional\"},\"url\":\"https:\/\/elregionalvm.com.ar\/noticias-villa-maria\/author\/contenido\/\"}]}<\/script>\n<!-- \/ Yoast SEO plugin. -->","yoast_head_json":{"title":"Lorenzatti acompa\u00f1\u00f3 a Juez en su lanzamiento de campa\u00f1a en C\u00f3rdoba - El Regional","robots":{"index":"index","follow":"follow","max-snippet":"max-snippet:-1","max-image-preview":"max-image-preview:large","max-video-preview":"max-video-preview:-1"},"canonical":"http:\/\/elregionalvm.com.ar\/noticias-villa-maria\/lorenzatti-acompano-a-luis-juez-en-su-lanzamiento-de-campana-a-la-gobernacion-de-cordoba\/","og_locale":"es_ES","og_type":"article","og_title":"Lorenzatti acompa\u00f1\u00f3 a Juez en su lanzamiento de campa\u00f1a en C\u00f3rdoba - El Regional","og_description":"El candidato a la intendencia de Villa Mar\u00eda, Guillermo Lorenzatti, estuvo presente en el lanzamiento de la campa\u00f1a de Luis Juez para la gobernaci\u00f3n de la provincia de C\u00f3rdoba. En un acto realizado en el estadio cubierto del club General Paz Juniors, en C\u00f3rdoba Capital. All\u00ed Lorenzatti expres\u00f3 su entusiasmo y destac\u00f3 la importancia de [&hellip;]","og_url":"http:\/\/elregionalvm.com.ar\/noticias-villa-maria\/lorenzatti-acompano-a-luis-juez-en-su-lanzamiento-de-campana-a-la-gobernacion-de-cordoba\/","og_site_name":"El Regional","article_publisher":"https:\/\/www.facebook.com\/elregionalvm","article_published_time":"2023-05-12T23:02:39+00:00","article_modified_time":"2023-05-14T13:57:51+00:00","og_image":[{"width":1600,"height":1200,"url":"http:\/\/elregionalvm.com.ar\/noticias-villa-maria\/wp-content\/uploads\/2023\/05\/WhatsApp-Image-2023-05-12-at-19.54.55.jpeg","type":"image\/jpeg"}],"author":"Contenidos El Regional","twitter_card":"summary_large_image","twitter_creator":"@elregionalvm1","twitter_site":"@elregionalvm1","twitter_misc":{"Escrito por":"Contenidos El Regional","Tiempo de lectura":"3 minutos"},"schema":{"@context":"https:\/\/schema.org","@graph":[{"@type":"Article","@id":"http:\/\/elregionalvm.com.ar\/noticias-villa-maria\/lorenzatti-acompano-a-luis-juez-en-su-lanzamiento-de-campana-a-la-gobernacion-de-cordoba\/#article","isPartOf":{"@id":"http:\/\/elregionalvm.com.ar\/noticias-villa-maria\/lorenzatti-acompano-a-luis-juez-en-su-lanzamiento-de-campana-a-la-gobernacion-de-cordoba\/"},"author":{"name":"Contenidos El Regional","@id":"http:\/\/elregionalvm.com.ar\/noticias-villa-maria\/#\/schema\/person\/a0fb9c422317faca23d50163151bc354"},"headline":"Lorenzatti acompa\u00f1\u00f3 a Juez en su lanzamiento de campa\u00f1a en C\u00f3rdoba","datePublished":"2023-05-12T23:02:39+00:00","dateModified":"2023-05-14T13:57:51+00:00","mainEntityOfPage":{"@id":"http:\/\/elregionalvm.com.ar\/noticias-villa-maria\/lorenzatti-acompano-a-luis-juez-en-su-lanzamiento-de-campana-a-la-gobernacion-de-cordoba\/"},"wordCount":440,"commentCount":0,"image":{"@id":"http:\/\/elregionalvm.com.ar\/noticias-villa-maria\/lorenzatti-acompano-a-luis-juez-en-su-lanzamiento-de-campana-a-la-gobernacion-de-cordoba\/#primaryimage"},"thumbnailUrl":"https:\/\/i0.wp.com\/elregionalvm.com.ar\/noticias-villa-maria\/wp-content\/uploads\/2023\/05\/WhatsApp-Image-2023-05-12-at-19.54.55.jpeg?fit=1600%2C1200&ssl=1","articleSection":["Pol\u00edtica","Provinciales","Sociedad","Villa Mar\u00eda"],"inLanguage":"es","potentialAction":[{"@type":"CommentAction","name":"Comment","target":["http:\/\/elregionalvm.com.ar\/noticias-villa-maria\/lorenzatti-acompano-a-luis-juez-en-su-lanzamiento-de-campana-a-la-gobernacion-de-cordoba\/#respond"]}]},{"@type":"WebPage","@id":"http:\/\/elregionalvm.com.ar\/noticias-villa-maria\/lorenzatti-acompano-a-luis-juez-en-su-lanzamiento-de-campana-a-la-gobernacion-de-cordoba\/","url":"http:\/\/elregionalvm.com.ar\/noticias-villa-maria\/lorenzatti-acompano-a-luis-juez-en-su-lanzamiento-de-campana-a-la-gobernacion-de-cordoba\/","name":"Lorenzatti acompa\u00f1\u00f3 a Juez en su lanzamiento de campa\u00f1a en C\u00f3rdoba - El Regional","isPartOf":{"@id":"http:\/\/elregionalvm.com.ar\/noticias-villa-maria\/#website"},"primaryImageOfPage":{"@id":"http:\/\/elregionalvm.com.ar\/noticias-villa-maria\/lorenzatti-acompano-a-luis-juez-en-su-lanzamiento-de-campana-a-la-gobernacion-de-cordoba\/#primaryimage"},"image":{"@id":"http:\/\/elregionalvm.com.ar\/noticias-villa-maria\/lorenzatti-acompano-a-luis-juez-en-su-lanzamiento-de-campana-a-la-gobernacion-de-cordoba\/#primaryimage"},"thumbnailUrl":"https:\/\/i0.wp.com\/elregionalvm.com.ar\/noticias-villa-maria\/wp-content\/uploads\/2023\/05\/WhatsApp-Image-2023-05-12-at-19.54.55.jpeg?fit=1600%2C1200&ssl=1","datePublished":"2023-05-12T23:02:39+00:00","dateModified":"2023-05-14T13:57:51+00:00","author":{"@id":"http:\/\/elregionalvm.com.ar\/noticias-villa-maria\/#\/schema\/person\/a0fb9c422317faca23d50163151bc354"},"breadcrumb":{"@id":"http:\/\/elregionalvm.com.ar\/noticias-villa-maria\/lorenzatti-acompano-a-luis-juez-en-su-lanzamiento-de-campana-a-la-gobernacion-de-cordoba\/#breadcrumb"},"inLanguage":"es","potentialAction":[{"@type":"ReadAction","target":["http:\/\/elregionalvm.com.ar\/noticias-villa-maria\/lorenzatti-acompano-a-luis-juez-en-su-lanzamiento-de-campana-a-la-gobernacion-de-cordoba\/"]}]},{"@type":"ImageObject","inLanguage":"es","@id":"http:\/\/elregionalvm.com.ar\/noticias-villa-maria\/lorenzatti-acompano-a-luis-juez-en-su-lanzamiento-de-campana-a-la-gobernacion-de-cordoba\/#primaryimage","url":"https:\/\/i0.wp.com\/elregionalvm.com.ar\/noticias-villa-maria\/wp-content\/uploads\/2023\/05\/WhatsApp-Image-2023-05-12-at-19.54.55.jpeg?fit=1600%2C1200&ssl=1","contentUrl":"https:\/\/i0.wp.com\/elregionalvm.com.ar\/noticias-villa-maria\/wp-content\/uploads\/2023\/05\/WhatsApp-Image-2023-05-12-at-19.54.55.jpeg?fit=1600%2C1200&ssl=1","width":1600,"height":1200},{"@type":"BreadcrumbList","@id":"http:\/\/elregionalvm.com.ar\/noticias-villa-maria\/lorenzatti-acompano-a-luis-juez-en-su-lanzamiento-de-campana-a-la-gobernacion-de-cordoba\/#breadcrumb","itemListElement":[{"@type":"ListItem","position":1,"name":"Portada","item":"https:\/\/elregionalvm.com.ar\/noticias-villa-maria\/"},{"@type":"ListItem","position":2,"name":"Lorenzatti acompa\u00f1\u00f3 a Juez en su lanzamiento de campa\u00f1a en C\u00f3rdoba"}]},{"@type":"WebSite","@id":"http:\/\/elregionalvm.com.ar\/noticias-villa-maria\/#website","url":"http:\/\/elregionalvm.com.ar\/noticias-villa-maria\/","name":"El Regional","description":"Mucho m\u00e1s que informaci\u00f3n","potentialAction":[{"@type":"SearchAction","target":{"@type":"EntryPoint","urlTemplate":"http:\/\/elregionalvm.com.ar\/noticias-villa-maria\/?s={search_term_string}"},"query-input":{"@type":"PropertyValueSpecification","valueRequired":true,"valueName":"search_term_string"}}],"inLanguage":"es"},{"@type":"Person","@id":"http:\/\/elregionalvm.com.ar\/noticias-villa-maria\/#\/schema\/person\/a0fb9c422317faca23d50163151bc354","name":"Contenidos El Regional","image":{"@type":"ImageObject","inLanguage":"es","@id":"http:\/\/elregionalvm.com.ar\/noticias-villa-maria\/#\/schema\/person\/image\/","url":"https:\/\/secure.gravatar.com\/avatar\/265b27cb2209af7bb3a1318f03305787d7981a5cc6e6cd08fe5a4ecdf99d4b48?s=96&d=mm&r=g","contentUrl":"https:\/\/secure.gravatar.com\/avatar\/265b27cb2209af7bb3a1318f03305787d7981a5cc6e6cd08fe5a4ecdf99d4b48?s=96&d=mm&r=g","caption":"Contenidos El Regional"},"url":"https:\/\/elregionalvm.com.ar\/noticias-villa-maria\/author\/contenido\/"}]}},"jetpack_featured_media_url":"https:\/\/i0.wp.com\/elregionalvm.com.ar\/noticias-villa-maria\/wp-content\/uploads\/2023\/05\/WhatsApp-Image-2023-05-12-at-19.54.55.jpeg?fit=1600%2C1200&ssl=1","jetpack_sharing_enabled":true,"_links":{"self":[{"href":"https:\/\/elregionalvm.com.ar\/noticias-villa-maria\/wp-json\/wp\/v2\/posts\/76375","targetHints":{"allow":["GET"]}}],"collection":[{"href":"https:\/\/elregionalvm.com.ar\/noticias-villa-maria\/wp-json\/wp\/v2\/posts"}],"about":[{"href":"https:\/\/elregionalvm.com.ar\/noticias-villa-maria\/wp-json\/wp\/v2\/types\/post"}],"author":[{"embeddable":true,"href":"https:\/\/elregionalvm.com.ar\/noticias-villa-maria\/wp-json\/wp\/v2\/users\/4"}],"replies":[{"embeddable":true,"href":"https:\/\/elregionalvm.com.ar\/noticias-villa-maria\/wp-json\/wp\/v2\/comments?post=76375"}],"version-history":[{"count":2,"href":"https:\/\/elregionalvm.com.ar\/noticias-villa-maria\/wp-json\/wp\/v2\/posts\/76375\/revisions"}],"predecessor-version":[{"id":76380,"href":"https:\/\/elregionalvm.com.ar\/noticias-villa-maria\/wp-json\/wp\/v2\/posts\/76375\/revisions\/76380"}],"wp:featuredmedia":[{"embeddable":true,"href":"https:\/\/elregionalvm.com.ar\/noticias-villa-maria\/wp-json\/wp\/v2\/media\/76376"}],"wp:attachment":[{"href":"https:\/\/elregionalvm.com.ar\/noticias-villa-maria\/wp-json\/wp\/v2\/media?parent=76375"}],"wp:term":[{"taxonomy":"category","embeddable":true,"href":"https:\/\/elregionalvm.com.ar\/noticias-villa-maria\/wp-json\/wp\/v2\/categories?post=76375"},{"taxonomy":"post_tag","embeddable":true,"href":"https:\/\/elregionalvm.com.ar\/noticias-villa-maria\/wp-json\/wp\/v2\/tags?post=76375"}],"curies":[{"name":"wp","href":"https:\/\/api.w.org\/{rel}","templated":true}]}}