{"id":76381,"date":"2023-05-12T23:09:15","date_gmt":"2023-05-12T23:09:15","guid":{"rendered":"https:\/\/elregionalvm.com.ar\/noticias-villa-maria\/?p=76381"},"modified":"2023-05-12T23:09:17","modified_gmt":"2023-05-12T23:09:17","slug":"se-presento-el-libro-carlos-emilio-pizzorno-intendente-municipal-de-villa-maria","status":"publish","type":"post","link":"https:\/\/elregionalvm.com.ar\/noticias-villa-maria\/se-presento-el-libro-carlos-emilio-pizzorno-intendente-municipal-de-villa-maria\/","title":{"rendered":"Se present\u00f3 el libro \u201cCarlos Emilio Pizzorno Intendente Municipal de Villa Mar\u00eda\u201d"},"content":{"rendered":"\n<p>En el mes del 50\u00b0 aniversario de su asunci\u00f3n, se present\u00f3 el libro \u201cCarlos Emilio Pizzorno Intendente Municipal de Villa Mar\u00eda\u201d. <\/p>\n\n\n\n<p>Fue en el Parlamento de los Ni\u00f1os del Centro Comunitario Cultural Leonardo Favio, que luci\u00f3 colmado.<\/p>\n\n\n\n<p>En el evento, el intendente Mart\u00edn Gill destac\u00f3: \u201cEl trabajo de este libro es un regalo para nuestra ciudad, siendo esa una p\u00e1gina sumamente importante porque no hab\u00eda registros de la historia de la gesti\u00f3n\u00bb que encabez\u00f3 Pizzorno. <\/p>\n\n\n\n<figure class=\"wp-block-image size-large\"><img data-recalc-dims=\"1\" fetchpriority=\"high\" decoding=\"async\" width=\"1024\" height=\"682\" src=\"https:\/\/i0.wp.com\/elregionalvm.com.ar\/noticias-villa-maria\/wp-content\/uploads\/2023\/05\/WhatsApp-Image-2023-05-11-at-21.21.56-1.jpeg?resize=1024%2C682&#038;ssl=1\" alt=\"\" class=\"wp-image-76384\" srcset=\"https:\/\/i0.wp.com\/elregionalvm.com.ar\/noticias-villa-maria\/wp-content\/uploads\/2023\/05\/WhatsApp-Image-2023-05-11-at-21.21.56-1.jpeg?resize=1024%2C682&amp;ssl=1 1024w, https:\/\/i0.wp.com\/elregionalvm.com.ar\/noticias-villa-maria\/wp-content\/uploads\/2023\/05\/WhatsApp-Image-2023-05-11-at-21.21.56-1.jpeg?resize=300%2C200&amp;ssl=1 300w, https:\/\/i0.wp.com\/elregionalvm.com.ar\/noticias-villa-maria\/wp-content\/uploads\/2023\/05\/WhatsApp-Image-2023-05-11-at-21.21.56-1.jpeg?resize=768%2C512&amp;ssl=1 768w, https:\/\/i0.wp.com\/elregionalvm.com.ar\/noticias-villa-maria\/wp-content\/uploads\/2023\/05\/WhatsApp-Image-2023-05-11-at-21.21.56-1.jpeg?w=1270&amp;ssl=1 1270w\" sizes=\"(max-width: 1000px) 100vw, 1000px\" \/><\/figure>\n\n\n\n<p>Sobre el protagonista del libro, indic\u00f3: \u201cSi tuviera que generar una s\u00edntesis de su persona, era un hombre profundamente culto, casi un exponente de lo que la educaci\u00f3n es capaz de hacer en la vida de una persona. <\/p>\n\n\n\n<p>Un hombre bueno, que transmit\u00eda bondad. Un hombre con profundas convicciones democr\u00e1ticas. Peronista por elecci\u00f3n, hombre honesto, reconocido por compa\u00f1eros de trabajo y por adversarios pol\u00edticos\u201d.<\/p>\n\n\n\n<figure class=\"wp-block-image size-large\"><img data-recalc-dims=\"1\" decoding=\"async\" width=\"1024\" height=\"683\" src=\"https:\/\/i0.wp.com\/elregionalvm.com.ar\/noticias-villa-maria\/wp-content\/uploads\/2023\/05\/WhatsApp-Image-2023-05-11-at-21.21.56.jpeg?resize=1024%2C683&#038;ssl=1\" alt=\"\" class=\"wp-image-76385\" srcset=\"https:\/\/i0.wp.com\/elregionalvm.com.ar\/noticias-villa-maria\/wp-content\/uploads\/2023\/05\/WhatsApp-Image-2023-05-11-at-21.21.56.jpeg?resize=1024%2C683&amp;ssl=1 1024w, https:\/\/i0.wp.com\/elregionalvm.com.ar\/noticias-villa-maria\/wp-content\/uploads\/2023\/05\/WhatsApp-Image-2023-05-11-at-21.21.56.jpeg?resize=300%2C200&amp;ssl=1 300w, https:\/\/i0.wp.com\/elregionalvm.com.ar\/noticias-villa-maria\/wp-content\/uploads\/2023\/05\/WhatsApp-Image-2023-05-11-at-21.21.56.jpeg?resize=768%2C512&amp;ssl=1 768w, https:\/\/i0.wp.com\/elregionalvm.com.ar\/noticias-villa-maria\/wp-content\/uploads\/2023\/05\/WhatsApp-Image-2023-05-11-at-21.21.56.jpeg?resize=1536%2C1024&amp;ssl=1 1536w, https:\/\/i0.wp.com\/elregionalvm.com.ar\/noticias-villa-maria\/wp-content\/uploads\/2023\/05\/WhatsApp-Image-2023-05-11-at-21.21.56.jpeg?w=1600&amp;ssl=1 1600w\" sizes=\"(max-width: 1000px) 100vw, 1000px\" \/><\/figure>\n\n\n\n<p>Gill tambi\u00e9n puso en valor al joven equipo que acompa\u00f1\u00f3 al ex intendente, y anunci\u00f3 que en las \u00faltimas horas envi\u00f3 un proyecto de Ordenanza al Concejo Deliberante, proponiendo que el Sal\u00f3n Blanco del municipio pase a llevar el nombre de Carlos Emilio Pizzorno.<\/p>\n\n\n\n<p>Luego fue el presidente del Parque Industrial, Log\u00edstico y Tecnol\u00f3gico Villa Mar\u00eda (PILT) e hijo del ex intendente, Carlos Pizzorno, quien dijo: \u201cEs una emoci\u00f3n muy grande la que siento hoy. <\/p>\n\n\n\n<p>\u00abVer a muchos j\u00f3venes que en aquel momento se pusieron a trabajar por la ciudad es muy grato. Mi padre me dec\u00eda siempre que hab\u00eda que entrenar la voluntad, cada vez que llegamos a un l\u00edmite y nos proponemos seguir adelante\u00bb.<\/p>\n\n\n\n<p>Finalmente, se expres\u00f3 el autor del libro, Carlos Alberto del Campo, quien reflexion\u00f3: \u201cMuchas veces la historia se construye desde la Capital. <\/p>\n\n\n\n<figure class=\"wp-block-image size-large\"><img data-recalc-dims=\"1\" decoding=\"async\" width=\"1024\" height=\"683\" src=\"https:\/\/i0.wp.com\/elregionalvm.com.ar\/noticias-villa-maria\/wp-content\/uploads\/2023\/05\/WhatsApp-Image-2023-05-11-at-21.21.57-1.jpeg?resize=1024%2C683&#038;ssl=1\" alt=\"\" class=\"wp-image-76382\" srcset=\"https:\/\/i0.wp.com\/elregionalvm.com.ar\/noticias-villa-maria\/wp-content\/uploads\/2023\/05\/WhatsApp-Image-2023-05-11-at-21.21.57-1.jpeg?resize=1024%2C683&amp;ssl=1 1024w, https:\/\/i0.wp.com\/elregionalvm.com.ar\/noticias-villa-maria\/wp-content\/uploads\/2023\/05\/WhatsApp-Image-2023-05-11-at-21.21.57-1.jpeg?resize=300%2C200&amp;ssl=1 300w, https:\/\/i0.wp.com\/elregionalvm.com.ar\/noticias-villa-maria\/wp-content\/uploads\/2023\/05\/WhatsApp-Image-2023-05-11-at-21.21.57-1.jpeg?resize=768%2C512&amp;ssl=1 768w, https:\/\/i0.wp.com\/elregionalvm.com.ar\/noticias-villa-maria\/wp-content\/uploads\/2023\/05\/WhatsApp-Image-2023-05-11-at-21.21.57-1.jpeg?resize=1536%2C1024&amp;ssl=1 1536w, https:\/\/i0.wp.com\/elregionalvm.com.ar\/noticias-villa-maria\/wp-content\/uploads\/2023\/05\/WhatsApp-Image-2023-05-11-at-21.21.57-1.jpeg?w=1600&amp;ssl=1 1600w\" sizes=\"(max-width: 1000px) 100vw, 1000px\" \/><\/figure>\n\n\n\n<p>En este caso, este libro sirve para conocer un poco de historia del interior\u00bb. <\/p>\n\n\n\n<p>Y se\u00f1al\u00f3 que \u00abla historia de Pizzorno me impacto mucho\u201d, valorando que \u00aben \u00e9pocas de desuni\u00f3n, \u00e9l era unidad, siempre tuvo esperanza en la Argentina\u201d.<\/p>\n\n\n\n<p>La obra del autor hace un recorrido por la vida del reconocido neur\u00f3logo villamariense, quien tras ganar las elecciones municipales asume el 25 de mayo de 1973, para luego ser destituido de su cargo por el golpe de Estado de 1976. <\/p>\n\n\n\n<p>El art\u00edfice de esta construcci\u00f3n hist\u00f3rica y biogr\u00e1fica hace hincapi\u00e9 en los principales acontecimientos que llevaron al dirigente a ocupar el m\u00e1ximo cargo en el Gobierno municipal.<\/p>\n\n\n\n<p>Acompa\u00f1aron la legisladora provincial, Nora Bedano; el secretario de Comunicaciones de la Provincia, Marcos Bovo; el presidente del Concejo Deliberante, Pablo Rosso; el jefe de Gabinete, H\u00e9ctor Mu\u00f1oz; la vicerrectora de la UNVM, Elizabeth Theiler; concejales, funcionarios del Ejecutivo; representantes de partidos pol\u00edticos y p\u00fablico en general.<\/p>\n\n\n\n<p>Es importante destacar que tambi\u00e9n dijeron presentes tres funcionarios de aquel gobierno del ex intendente Pizzorno, como son quienes fueran su secretario de Gobierno, Aldo Paredes; su secretario de Econom\u00eda, Elvio Romani, y el contador general del municipio en aquel momento, Carlos Dominguez.<\/p>\n","protected":false},"excerpt":{"rendered":"<p>En el mes del 50\u00b0 aniversario de su asunci\u00f3n, se present\u00f3 el libro \u201cCarlos Emilio Pizzorno Intendente Municipal de Villa Mar\u00eda\u201d. Fue en el Parlamento de los Ni\u00f1os del Centro Comunitario Cultural Leonardo Favio, que luci\u00f3 colmado. En el evento, el intendente Mart\u00edn Gill destac\u00f3: \u201cEl trabajo de este libro es un regalo para nuestra [&hellip;]<\/p>\n","protected":false},"author":4,"featured_media":76383,"comment_status":"open","ping_status":"open","sticky":false,"template":"","format":"standard","meta":{"site-sidebar-layout":"default","site-content-layout":"","ast-site-content-layout":"default","site-content-style":"default","site-sidebar-style":"default","ast-global-header-display":"","ast-banner-title-visibility":"","ast-main-header-display":"","ast-hfb-above-header-display":"","ast-hfb-below-header-display":"","ast-hfb-mobile-header-display":"","site-post-title":"","ast-breadcrumbs-content":"","ast-featured-img":"","footer-sml-layout":"","ast-disable-related-posts":"","theme-transparent-header-meta":"","adv-header-id-meta":"","stick-header-meta":"","header-above-stick-meta":"","header-main-stick-meta":"","header-below-stick-meta":"","astra-migrate-meta-layouts":"default","ast-page-background-enabled":"default","ast-page-background-meta":{"desktop":{"background-color":"","background-image":"","background-repeat":"repeat","background-position":"center center","background-size":"auto","background-attachment":"scroll","background-type":"","background-media":"","overlay-type":"","overlay-color":"","overlay-opacity":"","overlay-gradient":""},"tablet":{"background-color":"","background-image":"","background-repeat":"repeat","background-position":"center center","background-size":"auto","background-attachment":"scroll","background-type":"","background-media":"","overlay-type":"","overlay-color":"","overlay-opacity":"","overlay-gradient":""},"mobile":{"background-color":"","background-image":"","background-repeat":"repeat","background-position":"center center","background-size":"auto","background-attachment":"scroll","background-type":"","background-media":"","overlay-type":"","overlay-color":"","overlay-opacity":"","overlay-gradient":""}},"ast-content-background-meta":{"desktop":{"background-color":"var(--ast-global-color-5)","background-image":"","background-repeat":"repeat","background-position":"center center","background-size":"auto","background-attachment":"scroll","background-type":"","background-media":"","overlay-type":"","overlay-color":"","overlay-opacity":"","overlay-gradient":""},"tablet":{"background-color":"var(--ast-global-color-5)","background-image":"","background-repeat":"repeat","background-position":"center center","background-size":"auto","background-attachment":"scroll","background-type":"","background-media":"","overlay-type":"","overlay-color":"","overlay-opacity":"","overlay-gradient":""},"mobile":{"background-color":"var(--ast-global-color-5)","background-image":"","background-repeat":"repeat","background-position":"center center","background-size":"auto","background-attachment":"scroll","background-type":"","background-media":"","overlay-type":"","overlay-color":"","overlay-opacity":"","overlay-gradient":""}},"_jetpack_memberships_contains_paid_content":false,"_joinchat":[],"footnotes":""},"categories":[2068,5,2],"tags":[],"class_list":["post-76381","post","type-post","status-publish","format-standard","has-post-thumbnail","hentry","category-cultura-deporte","category-sociedad","category-villa-maria"],"yoast_head":"<!-- This site is optimized with the Yoast SEO plugin v26.8 - https:\/\/yoast.com\/product\/yoast-seo-wordpress\/ -->\n<title>Se present\u00f3 el libro \u201cCarlos Emilio Pizzorno Intendente Municipal de Villa Mar\u00eda\u201d - El Regional<\/title>\n<meta name=\"robots\" content=\"index, follow, max-snippet:-1, max-image-preview:large, max-video-preview:-1\" \/>\n<link rel=\"canonical\" href=\"http:\/\/elregionalvm.com.ar\/noticias-villa-maria\/se-presento-el-libro-carlos-emilio-pizzorno-intendente-municipal-de-villa-maria\/\" \/>\n<meta property=\"og:locale\" content=\"es_ES\" \/>\n<meta property=\"og:type\" content=\"article\" \/>\n<meta property=\"og:title\" content=\"Se present\u00f3 el libro \u201cCarlos Emilio Pizzorno Intendente Municipal de Villa Mar\u00eda\u201d - El Regional\" \/>\n<meta property=\"og:description\" content=\"En el mes del 50\u00b0 aniversario de su asunci\u00f3n, se present\u00f3 el libro \u201cCarlos Emilio Pizzorno Intendente Municipal de Villa Mar\u00eda\u201d. Fue en el Parlamento de los Ni\u00f1os del Centro Comunitario Cultural Leonardo Favio, que luci\u00f3 colmado. En el evento, el intendente Mart\u00edn Gill destac\u00f3: \u201cEl trabajo de este libro es un regalo para nuestra [&hellip;]\" \/>\n<meta property=\"og:url\" content=\"http:\/\/elregionalvm.com.ar\/noticias-villa-maria\/se-presento-el-libro-carlos-emilio-pizzorno-intendente-municipal-de-villa-maria\/\" \/>\n<meta property=\"og:site_name\" content=\"El Regional\" \/>\n<meta property=\"article:publisher\" content=\"https:\/\/www.facebook.com\/elregionalvm\" \/>\n<meta property=\"article:published_time\" content=\"2023-05-12T23:09:15+00:00\" \/>\n<meta property=\"article:modified_time\" content=\"2023-05-12T23:09:17+00:00\" \/>\n<meta property=\"og:image\" content=\"http:\/\/elregionalvm.com.ar\/noticias-villa-maria\/wp-content\/uploads\/2023\/05\/WhatsApp-Image-2023-05-11-at-21.21.57.jpeg\" \/>\n\t<meta property=\"og:image:width\" content=\"979\" \/>\n\t<meta property=\"og:image:height\" content=\"653\" \/>\n\t<meta property=\"og:image:type\" content=\"image\/jpeg\" \/>\n<meta name=\"author\" content=\"Contenidos El Regional\" \/>\n<meta name=\"twitter:card\" content=\"summary_large_image\" \/>\n<meta name=\"twitter:creator\" content=\"@elregionalvm1\" \/>\n<meta name=\"twitter:site\" content=\"@elregionalvm1\" \/>\n<meta name=\"twitter:label1\" content=\"Escrito por\" \/>\n\t<meta name=\"twitter:data1\" content=\"Contenidos El Regional\" \/>\n\t<meta name=\"twitter:label2\" content=\"Tiempo de lectura\" \/>\n\t<meta name=\"twitter:data2\" content=\"3 minutos\" \/>\n<script type=\"application\/ld+json\" class=\"yoast-schema-graph\">{\"@context\":\"https:\/\/schema.org\",\"@graph\":[{\"@type\":\"Article\",\"@id\":\"http:\/\/elregionalvm.com.ar\/noticias-villa-maria\/se-presento-el-libro-carlos-emilio-pizzorno-intendente-municipal-de-villa-maria\/#article\",\"isPartOf\":{\"@id\":\"http:\/\/elregionalvm.com.ar\/noticias-villa-maria\/se-presento-el-libro-carlos-emilio-pizzorno-intendente-municipal-de-villa-maria\/\"},\"author\":{\"name\":\"Contenidos El Regional\",\"@id\":\"http:\/\/elregionalvm.com.ar\/noticias-villa-maria\/#\/schema\/person\/a0fb9c422317faca23d50163151bc354\"},\"headline\":\"Se present\u00f3 el libro \u201cCarlos Emilio Pizzorno Intendente Municipal de Villa Mar\u00eda\u201d\",\"datePublished\":\"2023-05-12T23:09:15+00:00\",\"dateModified\":\"2023-05-12T23:09:17+00:00\",\"mainEntityOfPage\":{\"@id\":\"http:\/\/elregionalvm.com.ar\/noticias-villa-maria\/se-presento-el-libro-carlos-emilio-pizzorno-intendente-municipal-de-villa-maria\/\"},\"wordCount\":522,\"commentCount\":0,\"image\":{\"@id\":\"http:\/\/elregionalvm.com.ar\/noticias-villa-maria\/se-presento-el-libro-carlos-emilio-pizzorno-intendente-municipal-de-villa-maria\/#primaryimage\"},\"thumbnailUrl\":\"https:\/\/i0.wp.com\/elregionalvm.com.ar\/noticias-villa-maria\/wp-content\/uploads\/2023\/05\/WhatsApp-Image-2023-05-11-at-21.21.57.jpeg?fit=979%2C653&ssl=1\",\"articleSection\":[\"Cultura\",\"Sociedad\",\"Villa Mar\u00eda\"],\"inLanguage\":\"es\",\"potentialAction\":[{\"@type\":\"CommentAction\",\"name\":\"Comment\",\"target\":[\"http:\/\/elregionalvm.com.ar\/noticias-villa-maria\/se-presento-el-libro-carlos-emilio-pizzorno-intendente-municipal-de-villa-maria\/#respond\"]}]},{\"@type\":\"WebPage\",\"@id\":\"http:\/\/elregionalvm.com.ar\/noticias-villa-maria\/se-presento-el-libro-carlos-emilio-pizzorno-intendente-municipal-de-villa-maria\/\",\"url\":\"http:\/\/elregionalvm.com.ar\/noticias-villa-maria\/se-presento-el-libro-carlos-emilio-pizzorno-intendente-municipal-de-villa-maria\/\",\"name\":\"Se present\u00f3 el libro \u201cCarlos Emilio Pizzorno Intendente Municipal de Villa Mar\u00eda\u201d - El Regional\",\"isPartOf\":{\"@id\":\"http:\/\/elregionalvm.com.ar\/noticias-villa-maria\/#website\"},\"primaryImageOfPage\":{\"@id\":\"http:\/\/elregionalvm.com.ar\/noticias-villa-maria\/se-presento-el-libro-carlos-emilio-pizzorno-intendente-municipal-de-villa-maria\/#primaryimage\"},\"image\":{\"@id\":\"http:\/\/elregionalvm.com.ar\/noticias-villa-maria\/se-presento-el-libro-carlos-emilio-pizzorno-intendente-municipal-de-villa-maria\/#primaryimage\"},\"thumbnailUrl\":\"https:\/\/i0.wp.com\/elregionalvm.com.ar\/noticias-villa-maria\/wp-content\/uploads\/2023\/05\/WhatsApp-Image-2023-05-11-at-21.21.57.jpeg?fit=979%2C653&ssl=1\",\"datePublished\":\"2023-05-12T23:09:15+00:00\",\"dateModified\":\"2023-05-12T23:09:17+00:00\",\"author\":{\"@id\":\"http:\/\/elregionalvm.com.ar\/noticias-villa-maria\/#\/schema\/person\/a0fb9c422317faca23d50163151bc354\"},\"breadcrumb\":{\"@id\":\"http:\/\/elregionalvm.com.ar\/noticias-villa-maria\/se-presento-el-libro-carlos-emilio-pizzorno-intendente-municipal-de-villa-maria\/#breadcrumb\"},\"inLanguage\":\"es\",\"potentialAction\":[{\"@type\":\"ReadAction\",\"target\":[\"http:\/\/elregionalvm.com.ar\/noticias-villa-maria\/se-presento-el-libro-carlos-emilio-pizzorno-intendente-municipal-de-villa-maria\/\"]}]},{\"@type\":\"ImageObject\",\"inLanguage\":\"es\",\"@id\":\"http:\/\/elregionalvm.com.ar\/noticias-villa-maria\/se-presento-el-libro-carlos-emilio-pizzorno-intendente-municipal-de-villa-maria\/#primaryimage\",\"url\":\"https:\/\/i0.wp.com\/elregionalvm.com.ar\/noticias-villa-maria\/wp-content\/uploads\/2023\/05\/WhatsApp-Image-2023-05-11-at-21.21.57.jpeg?fit=979%2C653&ssl=1\",\"contentUrl\":\"https:\/\/i0.wp.com\/elregionalvm.com.ar\/noticias-villa-maria\/wp-content\/uploads\/2023\/05\/WhatsApp-Image-2023-05-11-at-21.21.57.jpeg?fit=979%2C653&ssl=1\",\"width\":979,\"height\":653},{\"@type\":\"BreadcrumbList\",\"@id\":\"http:\/\/elregionalvm.com.ar\/noticias-villa-maria\/se-presento-el-libro-carlos-emilio-pizzorno-intendente-municipal-de-villa-maria\/#breadcrumb\",\"itemListElement\":[{\"@type\":\"ListItem\",\"position\":1,\"name\":\"Portada\",\"item\":\"https:\/\/elregionalvm.com.ar\/noticias-villa-maria\/\"},{\"@type\":\"ListItem\",\"position\":2,\"name\":\"Se present\u00f3 el libro \u201cCarlos Emilio Pizzorno Intendente Municipal de Villa Mar\u00eda\u201d\"}]},{\"@type\":\"WebSite\",\"@id\":\"http:\/\/elregionalvm.com.ar\/noticias-villa-maria\/#website\",\"url\":\"http:\/\/elregionalvm.com.ar\/noticias-villa-maria\/\",\"name\":\"El Regional\",\"description\":\"Mucho m\u00e1s que informaci\u00f3n\",\"potentialAction\":[{\"@type\":\"SearchAction\",\"target\":{\"@type\":\"EntryPoint\",\"urlTemplate\":\"http:\/\/elregionalvm.com.ar\/noticias-villa-maria\/?s={search_term_string}\"},\"query-input\":{\"@type\":\"PropertyValueSpecification\",\"valueRequired\":true,\"valueName\":\"search_term_string\"}}],\"inLanguage\":\"es\"},{\"@type\":\"Person\",\"@id\":\"http:\/\/elregionalvm.com.ar\/noticias-villa-maria\/#\/schema\/person\/a0fb9c422317faca23d50163151bc354\",\"name\":\"Contenidos El Regional\",\"image\":{\"@type\":\"ImageObject\",\"inLanguage\":\"es\",\"@id\":\"http:\/\/elregionalvm.com.ar\/noticias-villa-maria\/#\/schema\/person\/image\/\",\"url\":\"https:\/\/secure.gravatar.com\/avatar\/265b27cb2209af7bb3a1318f03305787d7981a5cc6e6cd08fe5a4ecdf99d4b48?s=96&d=mm&r=g\",\"contentUrl\":\"https:\/\/secure.gravatar.com\/avatar\/265b27cb2209af7bb3a1318f03305787d7981a5cc6e6cd08fe5a4ecdf99d4b48?s=96&d=mm&r=g\",\"caption\":\"Contenidos El Regional\"},\"url\":\"https:\/\/elregionalvm.com.ar\/noticias-villa-maria\/author\/contenido\/\"}]}<\/script>\n<!-- \/ Yoast SEO plugin. -->","yoast_head_json":{"title":"Se present\u00f3 el libro \u201cCarlos Emilio Pizzorno Intendente Municipal de Villa Mar\u00eda\u201d - El Regional","robots":{"index":"index","follow":"follow","max-snippet":"max-snippet:-1","max-image-preview":"max-image-preview:large","max-video-preview":"max-video-preview:-1"},"canonical":"http:\/\/elregionalvm.com.ar\/noticias-villa-maria\/se-presento-el-libro-carlos-emilio-pizzorno-intendente-municipal-de-villa-maria\/","og_locale":"es_ES","og_type":"article","og_title":"Se present\u00f3 el libro \u201cCarlos Emilio Pizzorno Intendente Municipal de Villa Mar\u00eda\u201d - El Regional","og_description":"En el mes del 50\u00b0 aniversario de su asunci\u00f3n, se present\u00f3 el libro \u201cCarlos Emilio Pizzorno Intendente Municipal de Villa Mar\u00eda\u201d. Fue en el Parlamento de los Ni\u00f1os del Centro Comunitario Cultural Leonardo Favio, que luci\u00f3 colmado. En el evento, el intendente Mart\u00edn Gill destac\u00f3: \u201cEl trabajo de este libro es un regalo para nuestra [&hellip;]","og_url":"http:\/\/elregionalvm.com.ar\/noticias-villa-maria\/se-presento-el-libro-carlos-emilio-pizzorno-intendente-municipal-de-villa-maria\/","og_site_name":"El Regional","article_publisher":"https:\/\/www.facebook.com\/elregionalvm","article_published_time":"2023-05-12T23:09:15+00:00","article_modified_time":"2023-05-12T23:09:17+00:00","og_image":[{"width":979,"height":653,"url":"http:\/\/elregionalvm.com.ar\/noticias-villa-maria\/wp-content\/uploads\/2023\/05\/WhatsApp-Image-2023-05-11-at-21.21.57.jpeg","type":"image\/jpeg"}],"author":"Contenidos El Regional","twitter_card":"summary_large_image","twitter_creator":"@elregionalvm1","twitter_site":"@elregionalvm1","twitter_misc":{"Escrito por":"Contenidos El Regional","Tiempo de lectura":"3 minutos"},"schema":{"@context":"https:\/\/schema.org","@graph":[{"@type":"Article","@id":"http:\/\/elregionalvm.com.ar\/noticias-villa-maria\/se-presento-el-libro-carlos-emilio-pizzorno-intendente-municipal-de-villa-maria\/#article","isPartOf":{"@id":"http:\/\/elregionalvm.com.ar\/noticias-villa-maria\/se-presento-el-libro-carlos-emilio-pizzorno-intendente-municipal-de-villa-maria\/"},"author":{"name":"Contenidos El Regional","@id":"http:\/\/elregionalvm.com.ar\/noticias-villa-maria\/#\/schema\/person\/a0fb9c422317faca23d50163151bc354"},"headline":"Se present\u00f3 el libro \u201cCarlos Emilio Pizzorno Intendente Municipal de Villa Mar\u00eda\u201d","datePublished":"2023-05-12T23:09:15+00:00","dateModified":"2023-05-12T23:09:17+00:00","mainEntityOfPage":{"@id":"http:\/\/elregionalvm.com.ar\/noticias-villa-maria\/se-presento-el-libro-carlos-emilio-pizzorno-intendente-municipal-de-villa-maria\/"},"wordCount":522,"commentCount":0,"image":{"@id":"http:\/\/elregionalvm.com.ar\/noticias-villa-maria\/se-presento-el-libro-carlos-emilio-pizzorno-intendente-municipal-de-villa-maria\/#primaryimage"},"thumbnailUrl":"https:\/\/i0.wp.com\/elregionalvm.com.ar\/noticias-villa-maria\/wp-content\/uploads\/2023\/05\/WhatsApp-Image-2023-05-11-at-21.21.57.jpeg?fit=979%2C653&ssl=1","articleSection":["Cultura","Sociedad","Villa Mar\u00eda"],"inLanguage":"es","potentialAction":[{"@type":"CommentAction","name":"Comment","target":["http:\/\/elregionalvm.com.ar\/noticias-villa-maria\/se-presento-el-libro-carlos-emilio-pizzorno-intendente-municipal-de-villa-maria\/#respond"]}]},{"@type":"WebPage","@id":"http:\/\/elregionalvm.com.ar\/noticias-villa-maria\/se-presento-el-libro-carlos-emilio-pizzorno-intendente-municipal-de-villa-maria\/","url":"http:\/\/elregionalvm.com.ar\/noticias-villa-maria\/se-presento-el-libro-carlos-emilio-pizzorno-intendente-municipal-de-villa-maria\/","name":"Se present\u00f3 el libro \u201cCarlos Emilio Pizzorno Intendente Municipal de Villa Mar\u00eda\u201d - El Regional","isPartOf":{"@id":"http:\/\/elregionalvm.com.ar\/noticias-villa-maria\/#website"},"primaryImageOfPage":{"@id":"http:\/\/elregionalvm.com.ar\/noticias-villa-maria\/se-presento-el-libro-carlos-emilio-pizzorno-intendente-municipal-de-villa-maria\/#primaryimage"},"image":{"@id":"http:\/\/elregionalvm.com.ar\/noticias-villa-maria\/se-presento-el-libro-carlos-emilio-pizzorno-intendente-municipal-de-villa-maria\/#primaryimage"},"thumbnailUrl":"https:\/\/i0.wp.com\/elregionalvm.com.ar\/noticias-villa-maria\/wp-content\/uploads\/2023\/05\/WhatsApp-Image-2023-05-11-at-21.21.57.jpeg?fit=979%2C653&ssl=1","datePublished":"2023-05-12T23:09:15+00:00","dateModified":"2023-05-12T23:09:17+00:00","author":{"@id":"http:\/\/elregionalvm.com.ar\/noticias-villa-maria\/#\/schema\/person\/a0fb9c422317faca23d50163151bc354"},"breadcrumb":{"@id":"http:\/\/elregionalvm.com.ar\/noticias-villa-maria\/se-presento-el-libro-carlos-emilio-pizzorno-intendente-municipal-de-villa-maria\/#breadcrumb"},"inLanguage":"es","potentialAction":[{"@type":"ReadAction","target":["http:\/\/elregionalvm.com.ar\/noticias-villa-maria\/se-presento-el-libro-carlos-emilio-pizzorno-intendente-municipal-de-villa-maria\/"]}]},{"@type":"ImageObject","inLanguage":"es","@id":"http:\/\/elregionalvm.com.ar\/noticias-villa-maria\/se-presento-el-libro-carlos-emilio-pizzorno-intendente-municipal-de-villa-maria\/#primaryimage","url":"https:\/\/i0.wp.com\/elregionalvm.com.ar\/noticias-villa-maria\/wp-content\/uploads\/2023\/05\/WhatsApp-Image-2023-05-11-at-21.21.57.jpeg?fit=979%2C653&ssl=1","contentUrl":"https:\/\/i0.wp.com\/elregionalvm.com.ar\/noticias-villa-maria\/wp-content\/uploads\/2023\/05\/WhatsApp-Image-2023-05-11-at-21.21.57.jpeg?fit=979%2C653&ssl=1","width":979,"height":653},{"@type":"BreadcrumbList","@id":"http:\/\/elregionalvm.com.ar\/noticias-villa-maria\/se-presento-el-libro-carlos-emilio-pizzorno-intendente-municipal-de-villa-maria\/#breadcrumb","itemListElement":[{"@type":"ListItem","position":1,"name":"Portada","item":"https:\/\/elregionalvm.com.ar\/noticias-villa-maria\/"},{"@type":"ListItem","position":2,"name":"Se present\u00f3 el libro \u201cCarlos Emilio Pizzorno Intendente Municipal de Villa Mar\u00eda\u201d"}]},{"@type":"WebSite","@id":"http:\/\/elregionalvm.com.ar\/noticias-villa-maria\/#website","url":"http:\/\/elregionalvm.com.ar\/noticias-villa-maria\/","name":"El Regional","description":"Mucho m\u00e1s que informaci\u00f3n","potentialAction":[{"@type":"SearchAction","target":{"@type":"EntryPoint","urlTemplate":"http:\/\/elregionalvm.com.ar\/noticias-villa-maria\/?s={search_term_string}"},"query-input":{"@type":"PropertyValueSpecification","valueRequired":true,"valueName":"search_term_string"}}],"inLanguage":"es"},{"@type":"Person","@id":"http:\/\/elregionalvm.com.ar\/noticias-villa-maria\/#\/schema\/person\/a0fb9c422317faca23d50163151bc354","name":"Contenidos El Regional","image":{"@type":"ImageObject","inLanguage":"es","@id":"http:\/\/elregionalvm.com.ar\/noticias-villa-maria\/#\/schema\/person\/image\/","url":"https:\/\/secure.gravatar.com\/avatar\/265b27cb2209af7bb3a1318f03305787d7981a5cc6e6cd08fe5a4ecdf99d4b48?s=96&d=mm&r=g","contentUrl":"https:\/\/secure.gravatar.com\/avatar\/265b27cb2209af7bb3a1318f03305787d7981a5cc6e6cd08fe5a4ecdf99d4b48?s=96&d=mm&r=g","caption":"Contenidos El Regional"},"url":"https:\/\/elregionalvm.com.ar\/noticias-villa-maria\/author\/contenido\/"}]}},"jetpack_featured_media_url":"https:\/\/i0.wp.com\/elregionalvm.com.ar\/noticias-villa-maria\/wp-content\/uploads\/2023\/05\/WhatsApp-Image-2023-05-11-at-21.21.57.jpeg?fit=979%2C653&ssl=1","jetpack_sharing_enabled":true,"_links":{"self":[{"href":"https:\/\/elregionalvm.com.ar\/noticias-villa-maria\/wp-json\/wp\/v2\/posts\/76381","targetHints":{"allow":["GET"]}}],"collection":[{"href":"https:\/\/elregionalvm.com.ar\/noticias-villa-maria\/wp-json\/wp\/v2\/posts"}],"about":[{"href":"https:\/\/elregionalvm.com.ar\/noticias-villa-maria\/wp-json\/wp\/v2\/types\/post"}],"author":[{"embeddable":true,"href":"https:\/\/elregionalvm.com.ar\/noticias-villa-maria\/wp-json\/wp\/v2\/users\/4"}],"replies":[{"embeddable":true,"href":"https:\/\/elregionalvm.com.ar\/noticias-villa-maria\/wp-json\/wp\/v2\/comments?post=76381"}],"version-history":[{"count":1,"href":"https:\/\/elregionalvm.com.ar\/noticias-villa-maria\/wp-json\/wp\/v2\/posts\/76381\/revisions"}],"predecessor-version":[{"id":76386,"href":"https:\/\/elregionalvm.com.ar\/noticias-villa-maria\/wp-json\/wp\/v2\/posts\/76381\/revisions\/76386"}],"wp:featuredmedia":[{"embeddable":true,"href":"https:\/\/elregionalvm.com.ar\/noticias-villa-maria\/wp-json\/wp\/v2\/media\/76383"}],"wp:attachment":[{"href":"https:\/\/elregionalvm.com.ar\/noticias-villa-maria\/wp-json\/wp\/v2\/media?parent=76381"}],"wp:term":[{"taxonomy":"category","embeddable":true,"href":"https:\/\/elregionalvm.com.ar\/noticias-villa-maria\/wp-json\/wp\/v2\/categories?post=76381"},{"taxonomy":"post_tag","embeddable":true,"href":"https:\/\/elregionalvm.com.ar\/noticias-villa-maria\/wp-json\/wp\/v2\/tags?post=76381"}],"curies":[{"name":"wp","href":"https:\/\/api.w.org\/{rel}","templated":true}]}}