{"id":76387,"date":"2023-05-12T23:11:31","date_gmt":"2023-05-12T23:11:31","guid":{"rendered":"https:\/\/elregionalvm.com.ar\/noticias-villa-maria\/?p=76387"},"modified":"2023-05-14T13:57:38","modified_gmt":"2023-05-14T13:57:38","slug":"estudiantes-e-instituciones-recorren-la-obra-del-centro-de-gestion-ambiental-y-planta-de-reciclado","status":"publish","type":"post","link":"https:\/\/elregionalvm.com.ar\/noticias-villa-maria\/estudiantes-e-instituciones-recorren-la-obra-del-centro-de-gestion-ambiental-y-planta-de-reciclado\/","title":{"rendered":"Estudiantes e instituciones recorren la obra del Centro de Gesti\u00f3n Ambiental y planta de reciclado"},"content":{"rendered":"\n<p>Como parte de las pol\u00edticas que buscan acercar a los ciudadanos a las diversas iniciativas ambientales impulsadas por el Gobierno local, estudiantes e instituciones realizan recorridos guiados por la obra del Centro de Gesti\u00f3n Ambiental Villa Mar\u00eda-Villa Nueva y la planta de reciclado de barrio Las Playas. <\/p>\n\n\n\n<p>Cada semana, nuevos grupos se suman a las visitas que tienen por objetivo conocer los espacios sustentables y abordar tem\u00e1ticas vinculadas al reciclaje, cuidado del ambiente y econom\u00eda circular.<\/p>\n\n\n\n<p>Durante la jornada, fue el turno de estudiantes de cuarto a\u00f1o de la Licenciatura en Ambiente y Energ\u00edas Renovables de la Universidad Nacional de Villa Mar\u00eda (UNVM), quienes a cargo de miembros de la cartera de Ambiente, Obras y Servicios P\u00fablicos recorrieron las sedes ambientales. <\/p>\n\n\n\n<p>En primer lugar, la comitiva visit\u00f3 el Centro Urbano de Gesti\u00f3n Ambiental ubicado sobre avenida Juan Domingo Per\u00f3n, donde fueron recibidos por trabajadores y trabajadores de las cooperativas 7 de Febrero y La Sustentable.<\/p>\n\n\n\n<p>All\u00ed, como en cada oportunidad, los visitantes pudieron conocer las nuevas maquinarias adquiridas por el municipio para la fabricaci\u00f3n de madera pl\u00e1stica, mediante la recuperaci\u00f3n de materiales reciclables que son acopiados en las campanas de recolecci\u00f3n diferenciada distribuidas en distintos puntos de la ciudad. <\/p>\n\n\n\n<p>De este modo, se generan piezas de ecomadera destinadas a la construcci\u00f3n de decks, bancos y mobiliarios.<\/p>\n\n\n\n<p>En este orden, el recorrido continu\u00f3 hacia el Centro de Gesti\u00f3n Ambiental donde es llevada adelante la mega obra que transformar\u00e1 el antiguo vertedero municipal en un proyecto insignia que permitir\u00e1 recuperar significativa un gran porcentaje de los residuos generados en el conglomerado.<\/p>\n\n\n\n<p> Al mismo tiempo que incrementar\u00e1 las condiciones laborales de miembros de las cooperativas que all\u00ed se desempe\u00f1an.<\/p>\n\n\n\n<p>Es oportuno destacar que las visitas guiadas continuar\u00e1n realiz\u00e1ndose durante los pr\u00f3ximos meses a los fines de dar a conocer a la comunidad las m\u00faltiples tareas llevadas adelante en estos espacios. <\/p>\n\n\n\n<p>En este sentido, se programan recorridos junto a miembros de centros vecinales, directores de los MuniCerca, estudiantes, representantes de instituciones, entre otros actores de la comunidad.<\/p>\n","protected":false},"excerpt":{"rendered":"<p>Como parte de las pol\u00edticas que buscan acercar a los ciudadanos a las diversas iniciativas ambientales impulsadas por el Gobierno local, estudiantes e instituciones realizan recorridos guiados por la obra del Centro de Gesti\u00f3n Ambiental Villa Mar\u00eda-Villa Nueva y la planta de reciclado de barrio Las Playas. Cada semana, nuevos grupos se suman a las [&hellip;]<\/p>\n","protected":false},"author":4,"featured_media":76388,"comment_status":"open","ping_status":"open","sticky":false,"template":"","format":"standard","meta":{"site-sidebar-layout":"default","site-content-layout":"","ast-site-content-layout":"default","site-content-style":"default","site-sidebar-style":"default","ast-global-header-display":"","ast-banner-title-visibility":"","ast-main-header-display":"","ast-hfb-above-header-display":"","ast-hfb-below-header-display":"","ast-hfb-mobile-header-display":"","site-post-title":"","ast-breadcrumbs-content":"","ast-featured-img":"","footer-sml-layout":"","ast-disable-related-posts":"","theme-transparent-header-meta":"","adv-header-id-meta":"","stick-header-meta":"","header-above-stick-meta":"","header-main-stick-meta":"","header-below-stick-meta":"","astra-migrate-meta-layouts":"default","ast-page-background-enabled":"default","ast-page-background-meta":{"desktop":{"background-color":"","background-image":"","background-repeat":"repeat","background-position":"center center","background-size":"auto","background-attachment":"scroll","background-type":"","background-media":"","overlay-type":"","overlay-color":"","overlay-opacity":"","overlay-gradient":""},"tablet":{"background-color":"","background-image":"","background-repeat":"repeat","background-position":"center center","background-size":"auto","background-attachment":"scroll","background-type":"","background-media":"","overlay-type":"","overlay-color":"","overlay-opacity":"","overlay-gradient":""},"mobile":{"background-color":"","background-image":"","background-repeat":"repeat","background-position":"center center","background-size":"auto","background-attachment":"scroll","background-type":"","background-media":"","overlay-type":"","overlay-color":"","overlay-opacity":"","overlay-gradient":""}},"ast-content-background-meta":{"desktop":{"background-color":"var(--ast-global-color-5)","background-image":"","background-repeat":"repeat","background-position":"center center","background-size":"auto","background-attachment":"scroll","background-type":"","background-media":"","overlay-type":"","overlay-color":"","overlay-opacity":"","overlay-gradient":""},"tablet":{"background-color":"var(--ast-global-color-5)","background-image":"","background-repeat":"repeat","background-position":"center center","background-size":"auto","background-attachment":"scroll","background-type":"","background-media":"","overlay-type":"","overlay-color":"","overlay-opacity":"","overlay-gradient":""},"mobile":{"background-color":"var(--ast-global-color-5)","background-image":"","background-repeat":"repeat","background-position":"center center","background-size":"auto","background-attachment":"scroll","background-type":"","background-media":"","overlay-type":"","overlay-color":"","overlay-opacity":"","overlay-gradient":""}},"_jetpack_memberships_contains_paid_content":false,"_joinchat":[],"footnotes":""},"categories":[5,2],"tags":[],"class_list":["post-76387","post","type-post","status-publish","format-standard","has-post-thumbnail","hentry","category-sociedad","category-villa-maria"],"yoast_head":"<!-- This site is optimized with the Yoast SEO plugin v26.8 - https:\/\/yoast.com\/product\/yoast-seo-wordpress\/ -->\n<title>Estudiantes e instituciones recorren la obra del Centro de Gesti\u00f3n Ambiental y planta de reciclado - El Regional<\/title>\n<meta name=\"robots\" content=\"index, follow, max-snippet:-1, max-image-preview:large, max-video-preview:-1\" \/>\n<link rel=\"canonical\" href=\"http:\/\/elregionalvm.com.ar\/noticias-villa-maria\/estudiantes-e-instituciones-recorren-la-obra-del-centro-de-gestion-ambiental-y-planta-de-reciclado\/\" \/>\n<meta property=\"og:locale\" content=\"es_ES\" \/>\n<meta property=\"og:type\" content=\"article\" \/>\n<meta property=\"og:title\" content=\"Estudiantes e instituciones recorren la obra del Centro de Gesti\u00f3n Ambiental y planta de reciclado - El Regional\" \/>\n<meta property=\"og:description\" content=\"Como parte de las pol\u00edticas que buscan acercar a los ciudadanos a las diversas iniciativas ambientales impulsadas por el Gobierno local, estudiantes e instituciones realizan recorridos guiados por la obra del Centro de Gesti\u00f3n Ambiental Villa Mar\u00eda-Villa Nueva y la planta de reciclado de barrio Las Playas. Cada semana, nuevos grupos se suman a las [&hellip;]\" \/>\n<meta property=\"og:url\" content=\"http:\/\/elregionalvm.com.ar\/noticias-villa-maria\/estudiantes-e-instituciones-recorren-la-obra-del-centro-de-gestion-ambiental-y-planta-de-reciclado\/\" \/>\n<meta property=\"og:site_name\" content=\"El Regional\" \/>\n<meta property=\"article:publisher\" content=\"https:\/\/www.facebook.com\/elregionalvm\" \/>\n<meta property=\"article:published_time\" content=\"2023-05-12T23:11:31+00:00\" \/>\n<meta property=\"article:modified_time\" content=\"2023-05-14T13:57:38+00:00\" \/>\n<meta property=\"og:image\" content=\"http:\/\/elregionalvm.com.ar\/noticias-villa-maria\/wp-content\/uploads\/2023\/05\/WhatsApp-Image-2023-05-12-at-13.24.08.jpeg\" \/>\n\t<meta property=\"og:image:width\" content=\"1600\" \/>\n\t<meta property=\"og:image:height\" content=\"1066\" \/>\n\t<meta property=\"og:image:type\" content=\"image\/jpeg\" \/>\n<meta name=\"author\" content=\"Contenidos El Regional\" \/>\n<meta name=\"twitter:card\" content=\"summary_large_image\" \/>\n<meta name=\"twitter:creator\" content=\"@elregionalvm1\" \/>\n<meta name=\"twitter:site\" content=\"@elregionalvm1\" \/>\n<meta name=\"twitter:label1\" content=\"Escrito por\" \/>\n\t<meta name=\"twitter:data1\" content=\"Contenidos El Regional\" \/>\n\t<meta name=\"twitter:label2\" content=\"Tiempo de lectura\" \/>\n\t<meta name=\"twitter:data2\" content=\"2 minutos\" \/>\n<script type=\"application\/ld+json\" class=\"yoast-schema-graph\">{\"@context\":\"https:\/\/schema.org\",\"@graph\":[{\"@type\":\"Article\",\"@id\":\"http:\/\/elregionalvm.com.ar\/noticias-villa-maria\/estudiantes-e-instituciones-recorren-la-obra-del-centro-de-gestion-ambiental-y-planta-de-reciclado\/#article\",\"isPartOf\":{\"@id\":\"http:\/\/elregionalvm.com.ar\/noticias-villa-maria\/estudiantes-e-instituciones-recorren-la-obra-del-centro-de-gestion-ambiental-y-planta-de-reciclado\/\"},\"author\":{\"name\":\"Contenidos El Regional\",\"@id\":\"http:\/\/elregionalvm.com.ar\/noticias-villa-maria\/#\/schema\/person\/a0fb9c422317faca23d50163151bc354\"},\"headline\":\"Estudiantes e instituciones recorren la obra del Centro de Gesti\u00f3n Ambiental y planta de reciclado\",\"datePublished\":\"2023-05-12T23:11:31+00:00\",\"dateModified\":\"2023-05-14T13:57:38+00:00\",\"mainEntityOfPage\":{\"@id\":\"http:\/\/elregionalvm.com.ar\/noticias-villa-maria\/estudiantes-e-instituciones-recorren-la-obra-del-centro-de-gestion-ambiental-y-planta-de-reciclado\/\"},\"wordCount\":370,\"commentCount\":0,\"image\":{\"@id\":\"http:\/\/elregionalvm.com.ar\/noticias-villa-maria\/estudiantes-e-instituciones-recorren-la-obra-del-centro-de-gestion-ambiental-y-planta-de-reciclado\/#primaryimage\"},\"thumbnailUrl\":\"https:\/\/i0.wp.com\/elregionalvm.com.ar\/noticias-villa-maria\/wp-content\/uploads\/2023\/05\/WhatsApp-Image-2023-05-12-at-13.24.08.jpeg?fit=1600%2C1066&ssl=1\",\"articleSection\":[\"Sociedad\",\"Villa Mar\u00eda\"],\"inLanguage\":\"es\",\"potentialAction\":[{\"@type\":\"CommentAction\",\"name\":\"Comment\",\"target\":[\"http:\/\/elregionalvm.com.ar\/noticias-villa-maria\/estudiantes-e-instituciones-recorren-la-obra-del-centro-de-gestion-ambiental-y-planta-de-reciclado\/#respond\"]}]},{\"@type\":\"WebPage\",\"@id\":\"http:\/\/elregionalvm.com.ar\/noticias-villa-maria\/estudiantes-e-instituciones-recorren-la-obra-del-centro-de-gestion-ambiental-y-planta-de-reciclado\/\",\"url\":\"http:\/\/elregionalvm.com.ar\/noticias-villa-maria\/estudiantes-e-instituciones-recorren-la-obra-del-centro-de-gestion-ambiental-y-planta-de-reciclado\/\",\"name\":\"Estudiantes e instituciones recorren la obra del Centro de Gesti\u00f3n Ambiental y planta de reciclado - El Regional\",\"isPartOf\":{\"@id\":\"http:\/\/elregionalvm.com.ar\/noticias-villa-maria\/#website\"},\"primaryImageOfPage\":{\"@id\":\"http:\/\/elregionalvm.com.ar\/noticias-villa-maria\/estudiantes-e-instituciones-recorren-la-obra-del-centro-de-gestion-ambiental-y-planta-de-reciclado\/#primaryimage\"},\"image\":{\"@id\":\"http:\/\/elregionalvm.com.ar\/noticias-villa-maria\/estudiantes-e-instituciones-recorren-la-obra-del-centro-de-gestion-ambiental-y-planta-de-reciclado\/#primaryimage\"},\"thumbnailUrl\":\"https:\/\/i0.wp.com\/elregionalvm.com.ar\/noticias-villa-maria\/wp-content\/uploads\/2023\/05\/WhatsApp-Image-2023-05-12-at-13.24.08.jpeg?fit=1600%2C1066&ssl=1\",\"datePublished\":\"2023-05-12T23:11:31+00:00\",\"dateModified\":\"2023-05-14T13:57:38+00:00\",\"author\":{\"@id\":\"http:\/\/elregionalvm.com.ar\/noticias-villa-maria\/#\/schema\/person\/a0fb9c422317faca23d50163151bc354\"},\"breadcrumb\":{\"@id\":\"http:\/\/elregionalvm.com.ar\/noticias-villa-maria\/estudiantes-e-instituciones-recorren-la-obra-del-centro-de-gestion-ambiental-y-planta-de-reciclado\/#breadcrumb\"},\"inLanguage\":\"es\",\"potentialAction\":[{\"@type\":\"ReadAction\",\"target\":[\"http:\/\/elregionalvm.com.ar\/noticias-villa-maria\/estudiantes-e-instituciones-recorren-la-obra-del-centro-de-gestion-ambiental-y-planta-de-reciclado\/\"]}]},{\"@type\":\"ImageObject\",\"inLanguage\":\"es\",\"@id\":\"http:\/\/elregionalvm.com.ar\/noticias-villa-maria\/estudiantes-e-instituciones-recorren-la-obra-del-centro-de-gestion-ambiental-y-planta-de-reciclado\/#primaryimage\",\"url\":\"https:\/\/i0.wp.com\/elregionalvm.com.ar\/noticias-villa-maria\/wp-content\/uploads\/2023\/05\/WhatsApp-Image-2023-05-12-at-13.24.08.jpeg?fit=1600%2C1066&ssl=1\",\"contentUrl\":\"https:\/\/i0.wp.com\/elregionalvm.com.ar\/noticias-villa-maria\/wp-content\/uploads\/2023\/05\/WhatsApp-Image-2023-05-12-at-13.24.08.jpeg?fit=1600%2C1066&ssl=1\",\"width\":1600,\"height\":1066},{\"@type\":\"BreadcrumbList\",\"@id\":\"http:\/\/elregionalvm.com.ar\/noticias-villa-maria\/estudiantes-e-instituciones-recorren-la-obra-del-centro-de-gestion-ambiental-y-planta-de-reciclado\/#breadcrumb\",\"itemListElement\":[{\"@type\":\"ListItem\",\"position\":1,\"name\":\"Portada\",\"item\":\"https:\/\/elregionalvm.com.ar\/noticias-villa-maria\/\"},{\"@type\":\"ListItem\",\"position\":2,\"name\":\"Estudiantes e instituciones recorren la obra del Centro de Gesti\u00f3n Ambiental y planta de reciclado\"}]},{\"@type\":\"WebSite\",\"@id\":\"http:\/\/elregionalvm.com.ar\/noticias-villa-maria\/#website\",\"url\":\"http:\/\/elregionalvm.com.ar\/noticias-villa-maria\/\",\"name\":\"El Regional\",\"description\":\"Mucho m\u00e1s que informaci\u00f3n\",\"potentialAction\":[{\"@type\":\"SearchAction\",\"target\":{\"@type\":\"EntryPoint\",\"urlTemplate\":\"http:\/\/elregionalvm.com.ar\/noticias-villa-maria\/?s={search_term_string}\"},\"query-input\":{\"@type\":\"PropertyValueSpecification\",\"valueRequired\":true,\"valueName\":\"search_term_string\"}}],\"inLanguage\":\"es\"},{\"@type\":\"Person\",\"@id\":\"http:\/\/elregionalvm.com.ar\/noticias-villa-maria\/#\/schema\/person\/a0fb9c422317faca23d50163151bc354\",\"name\":\"Contenidos El Regional\",\"image\":{\"@type\":\"ImageObject\",\"inLanguage\":\"es\",\"@id\":\"http:\/\/elregionalvm.com.ar\/noticias-villa-maria\/#\/schema\/person\/image\/\",\"url\":\"https:\/\/secure.gravatar.com\/avatar\/265b27cb2209af7bb3a1318f03305787d7981a5cc6e6cd08fe5a4ecdf99d4b48?s=96&d=mm&r=g\",\"contentUrl\":\"https:\/\/secure.gravatar.com\/avatar\/265b27cb2209af7bb3a1318f03305787d7981a5cc6e6cd08fe5a4ecdf99d4b48?s=96&d=mm&r=g\",\"caption\":\"Contenidos El Regional\"},\"url\":\"https:\/\/elregionalvm.com.ar\/noticias-villa-maria\/author\/contenido\/\"}]}<\/script>\n<!-- \/ Yoast SEO plugin. -->","yoast_head_json":{"title":"Estudiantes e instituciones recorren la obra del Centro de Gesti\u00f3n Ambiental y planta de reciclado - El Regional","robots":{"index":"index","follow":"follow","max-snippet":"max-snippet:-1","max-image-preview":"max-image-preview:large","max-video-preview":"max-video-preview:-1"},"canonical":"http:\/\/elregionalvm.com.ar\/noticias-villa-maria\/estudiantes-e-instituciones-recorren-la-obra-del-centro-de-gestion-ambiental-y-planta-de-reciclado\/","og_locale":"es_ES","og_type":"article","og_title":"Estudiantes e instituciones recorren la obra del Centro de Gesti\u00f3n Ambiental y planta de reciclado - El Regional","og_description":"Como parte de las pol\u00edticas que buscan acercar a los ciudadanos a las diversas iniciativas ambientales impulsadas por el Gobierno local, estudiantes e instituciones realizan recorridos guiados por la obra del Centro de Gesti\u00f3n Ambiental Villa Mar\u00eda-Villa Nueva y la planta de reciclado de barrio Las Playas. Cada semana, nuevos grupos se suman a las [&hellip;]","og_url":"http:\/\/elregionalvm.com.ar\/noticias-villa-maria\/estudiantes-e-instituciones-recorren-la-obra-del-centro-de-gestion-ambiental-y-planta-de-reciclado\/","og_site_name":"El Regional","article_publisher":"https:\/\/www.facebook.com\/elregionalvm","article_published_time":"2023-05-12T23:11:31+00:00","article_modified_time":"2023-05-14T13:57:38+00:00","og_image":[{"width":1600,"height":1066,"url":"http:\/\/elregionalvm.com.ar\/noticias-villa-maria\/wp-content\/uploads\/2023\/05\/WhatsApp-Image-2023-05-12-at-13.24.08.jpeg","type":"image\/jpeg"}],"author":"Contenidos El Regional","twitter_card":"summary_large_image","twitter_creator":"@elregionalvm1","twitter_site":"@elregionalvm1","twitter_misc":{"Escrito por":"Contenidos El Regional","Tiempo de lectura":"2 minutos"},"schema":{"@context":"https:\/\/schema.org","@graph":[{"@type":"Article","@id":"http:\/\/elregionalvm.com.ar\/noticias-villa-maria\/estudiantes-e-instituciones-recorren-la-obra-del-centro-de-gestion-ambiental-y-planta-de-reciclado\/#article","isPartOf":{"@id":"http:\/\/elregionalvm.com.ar\/noticias-villa-maria\/estudiantes-e-instituciones-recorren-la-obra-del-centro-de-gestion-ambiental-y-planta-de-reciclado\/"},"author":{"name":"Contenidos El Regional","@id":"http:\/\/elregionalvm.com.ar\/noticias-villa-maria\/#\/schema\/person\/a0fb9c422317faca23d50163151bc354"},"headline":"Estudiantes e instituciones recorren la obra del Centro de Gesti\u00f3n Ambiental y planta de reciclado","datePublished":"2023-05-12T23:11:31+00:00","dateModified":"2023-05-14T13:57:38+00:00","mainEntityOfPage":{"@id":"http:\/\/elregionalvm.com.ar\/noticias-villa-maria\/estudiantes-e-instituciones-recorren-la-obra-del-centro-de-gestion-ambiental-y-planta-de-reciclado\/"},"wordCount":370,"commentCount":0,"image":{"@id":"http:\/\/elregionalvm.com.ar\/noticias-villa-maria\/estudiantes-e-instituciones-recorren-la-obra-del-centro-de-gestion-ambiental-y-planta-de-reciclado\/#primaryimage"},"thumbnailUrl":"https:\/\/i0.wp.com\/elregionalvm.com.ar\/noticias-villa-maria\/wp-content\/uploads\/2023\/05\/WhatsApp-Image-2023-05-12-at-13.24.08.jpeg?fit=1600%2C1066&ssl=1","articleSection":["Sociedad","Villa Mar\u00eda"],"inLanguage":"es","potentialAction":[{"@type":"CommentAction","name":"Comment","target":["http:\/\/elregionalvm.com.ar\/noticias-villa-maria\/estudiantes-e-instituciones-recorren-la-obra-del-centro-de-gestion-ambiental-y-planta-de-reciclado\/#respond"]}]},{"@type":"WebPage","@id":"http:\/\/elregionalvm.com.ar\/noticias-villa-maria\/estudiantes-e-instituciones-recorren-la-obra-del-centro-de-gestion-ambiental-y-planta-de-reciclado\/","url":"http:\/\/elregionalvm.com.ar\/noticias-villa-maria\/estudiantes-e-instituciones-recorren-la-obra-del-centro-de-gestion-ambiental-y-planta-de-reciclado\/","name":"Estudiantes e instituciones recorren la obra del Centro de Gesti\u00f3n Ambiental y planta de reciclado - El Regional","isPartOf":{"@id":"http:\/\/elregionalvm.com.ar\/noticias-villa-maria\/#website"},"primaryImageOfPage":{"@id":"http:\/\/elregionalvm.com.ar\/noticias-villa-maria\/estudiantes-e-instituciones-recorren-la-obra-del-centro-de-gestion-ambiental-y-planta-de-reciclado\/#primaryimage"},"image":{"@id":"http:\/\/elregionalvm.com.ar\/noticias-villa-maria\/estudiantes-e-instituciones-recorren-la-obra-del-centro-de-gestion-ambiental-y-planta-de-reciclado\/#primaryimage"},"thumbnailUrl":"https:\/\/i0.wp.com\/elregionalvm.com.ar\/noticias-villa-maria\/wp-content\/uploads\/2023\/05\/WhatsApp-Image-2023-05-12-at-13.24.08.jpeg?fit=1600%2C1066&ssl=1","datePublished":"2023-05-12T23:11:31+00:00","dateModified":"2023-05-14T13:57:38+00:00","author":{"@id":"http:\/\/elregionalvm.com.ar\/noticias-villa-maria\/#\/schema\/person\/a0fb9c422317faca23d50163151bc354"},"breadcrumb":{"@id":"http:\/\/elregionalvm.com.ar\/noticias-villa-maria\/estudiantes-e-instituciones-recorren-la-obra-del-centro-de-gestion-ambiental-y-planta-de-reciclado\/#breadcrumb"},"inLanguage":"es","potentialAction":[{"@type":"ReadAction","target":["http:\/\/elregionalvm.com.ar\/noticias-villa-maria\/estudiantes-e-instituciones-recorren-la-obra-del-centro-de-gestion-ambiental-y-planta-de-reciclado\/"]}]},{"@type":"ImageObject","inLanguage":"es","@id":"http:\/\/elregionalvm.com.ar\/noticias-villa-maria\/estudiantes-e-instituciones-recorren-la-obra-del-centro-de-gestion-ambiental-y-planta-de-reciclado\/#primaryimage","url":"https:\/\/i0.wp.com\/elregionalvm.com.ar\/noticias-villa-maria\/wp-content\/uploads\/2023\/05\/WhatsApp-Image-2023-05-12-at-13.24.08.jpeg?fit=1600%2C1066&ssl=1","contentUrl":"https:\/\/i0.wp.com\/elregionalvm.com.ar\/noticias-villa-maria\/wp-content\/uploads\/2023\/05\/WhatsApp-Image-2023-05-12-at-13.24.08.jpeg?fit=1600%2C1066&ssl=1","width":1600,"height":1066},{"@type":"BreadcrumbList","@id":"http:\/\/elregionalvm.com.ar\/noticias-villa-maria\/estudiantes-e-instituciones-recorren-la-obra-del-centro-de-gestion-ambiental-y-planta-de-reciclado\/#breadcrumb","itemListElement":[{"@type":"ListItem","position":1,"name":"Portada","item":"https:\/\/elregionalvm.com.ar\/noticias-villa-maria\/"},{"@type":"ListItem","position":2,"name":"Estudiantes e instituciones recorren la obra del Centro de Gesti\u00f3n Ambiental y planta de reciclado"}]},{"@type":"WebSite","@id":"http:\/\/elregionalvm.com.ar\/noticias-villa-maria\/#website","url":"http:\/\/elregionalvm.com.ar\/noticias-villa-maria\/","name":"El Regional","description":"Mucho m\u00e1s que informaci\u00f3n","potentialAction":[{"@type":"SearchAction","target":{"@type":"EntryPoint","urlTemplate":"http:\/\/elregionalvm.com.ar\/noticias-villa-maria\/?s={search_term_string}"},"query-input":{"@type":"PropertyValueSpecification","valueRequired":true,"valueName":"search_term_string"}}],"inLanguage":"es"},{"@type":"Person","@id":"http:\/\/elregionalvm.com.ar\/noticias-villa-maria\/#\/schema\/person\/a0fb9c422317faca23d50163151bc354","name":"Contenidos El Regional","image":{"@type":"ImageObject","inLanguage":"es","@id":"http:\/\/elregionalvm.com.ar\/noticias-villa-maria\/#\/schema\/person\/image\/","url":"https:\/\/secure.gravatar.com\/avatar\/265b27cb2209af7bb3a1318f03305787d7981a5cc6e6cd08fe5a4ecdf99d4b48?s=96&d=mm&r=g","contentUrl":"https:\/\/secure.gravatar.com\/avatar\/265b27cb2209af7bb3a1318f03305787d7981a5cc6e6cd08fe5a4ecdf99d4b48?s=96&d=mm&r=g","caption":"Contenidos El Regional"},"url":"https:\/\/elregionalvm.com.ar\/noticias-villa-maria\/author\/contenido\/"}]}},"jetpack_featured_media_url":"https:\/\/i0.wp.com\/elregionalvm.com.ar\/noticias-villa-maria\/wp-content\/uploads\/2023\/05\/WhatsApp-Image-2023-05-12-at-13.24.08.jpeg?fit=1600%2C1066&ssl=1","jetpack_sharing_enabled":true,"_links":{"self":[{"href":"https:\/\/elregionalvm.com.ar\/noticias-villa-maria\/wp-json\/wp\/v2\/posts\/76387","targetHints":{"allow":["GET"]}}],"collection":[{"href":"https:\/\/elregionalvm.com.ar\/noticias-villa-maria\/wp-json\/wp\/v2\/posts"}],"about":[{"href":"https:\/\/elregionalvm.com.ar\/noticias-villa-maria\/wp-json\/wp\/v2\/types\/post"}],"author":[{"embeddable":true,"href":"https:\/\/elregionalvm.com.ar\/noticias-villa-maria\/wp-json\/wp\/v2\/users\/4"}],"replies":[{"embeddable":true,"href":"https:\/\/elregionalvm.com.ar\/noticias-villa-maria\/wp-json\/wp\/v2\/comments?post=76387"}],"version-history":[{"count":1,"href":"https:\/\/elregionalvm.com.ar\/noticias-villa-maria\/wp-json\/wp\/v2\/posts\/76387\/revisions"}],"predecessor-version":[{"id":76389,"href":"https:\/\/elregionalvm.com.ar\/noticias-villa-maria\/wp-json\/wp\/v2\/posts\/76387\/revisions\/76389"}],"wp:featuredmedia":[{"embeddable":true,"href":"https:\/\/elregionalvm.com.ar\/noticias-villa-maria\/wp-json\/wp\/v2\/media\/76388"}],"wp:attachment":[{"href":"https:\/\/elregionalvm.com.ar\/noticias-villa-maria\/wp-json\/wp\/v2\/media?parent=76387"}],"wp:term":[{"taxonomy":"category","embeddable":true,"href":"https:\/\/elregionalvm.com.ar\/noticias-villa-maria\/wp-json\/wp\/v2\/categories?post=76387"},{"taxonomy":"post_tag","embeddable":true,"href":"https:\/\/elregionalvm.com.ar\/noticias-villa-maria\/wp-json\/wp\/v2\/tags?post=76387"}],"curies":[{"name":"wp","href":"https:\/\/api.w.org\/{rel}","templated":true}]}}