{"id":76398,"date":"2023-05-12T23:17:01","date_gmt":"2023-05-12T23:17:01","guid":{"rendered":"https:\/\/elregionalvm.com.ar\/noticias-villa-maria\/?p=76398"},"modified":"2023-05-12T23:17:03","modified_gmt":"2023-05-12T23:17:03","slug":"con-nicolas-favio-el-centro-cultural-comunitario-celebra-diez-anos-con-los-vecinos","status":"publish","type":"post","link":"https:\/\/elregionalvm.com.ar\/noticias-villa-maria\/con-nicolas-favio-el-centro-cultural-comunitario-celebra-diez-anos-con-los-vecinos\/","title":{"rendered":"Con Nicol\u00e1s Favio, el Centro Cultural Comunitario celebra diez a\u00f1os con los vecinos"},"content":{"rendered":"\n<p>Con motivo de cumplirse diez a\u00f1os de trayectoria desde su inauguraci\u00f3n, el Centro Cultural Comunitario invita a toda la comunidad a festejar hoy y ma\u00f1ana a pura m\u00fasica y ritmo. <\/p>\n\n\n\n<p>En la velada de este viernes contar\u00e1 con la actuaci\u00f3n especial de Nicol\u00e1s Favio, hijo del cantautor y cineasta que le da nombre al espacio.<\/p>\n\n\n\n<p>La instituci\u00f3n cultural ubicada en el predio ferrourbano brind\u00f3 el lugar propicio para que m\u00faltiples eventos locales, regionales y hasta internacionales alcanzaran su concreci\u00f3n de manera exitosa. <\/p>\n\n\n\n<p>Desde que se consolid\u00f3 como proyecto de obra, mantuvo la idea de ser denominado con el nombre de quien fuera uno de los cantautores y productores cinematogr\u00e1ficos m\u00e1s emblem\u00e1ticos de las d\u00e9cadas del 60 y 70.<\/p>\n\n\n\n<p>En este contexto, y alcanzada una d\u00e9cada de existencia, la agenda de festejos comenzar\u00e1 hoy viernes a partir de las 20:00 horas, con una entrevista exclusiva a Nicol\u00e1s Favio, para recorrer vida y obra del gran cineasta argentino. <\/p>\n\n\n\n<p>Luego, desde las 21:00 horas, habr\u00e1 un show en vivo del artista con la participaci\u00f3n de \u201cLas Leonardas\u201d.<\/p>\n\n\n\n<p>Ma\u00f1ana, en tanto, desde las 16:00 horas el espacio comunitario continuar\u00e1 las celebraciones, comenzando con la presentaci\u00f3n de la Escuela de Circo y la participaci\u00f3n del taller de Danzas Circulares, perteneciente al programa Ser Arte y Parte, seguido de la actuaci\u00f3n de \u201cLas Leonardas\u201d. <\/p>\n\n\n\n<p>Para finalizar estar\u00e1 presente la Escuela de Artes Esc\u00e9nicas, con un n\u00famero de danza en la diversidad.<\/p>\n\n\n\n<p>Al cierre de la jornada la Escuela de M\u00fasica brindar\u00e1 un show de ensamble de cuarteto, para cantar todos juntos la canci\u00f3n de feliz cumplea\u00f1os y compartir una rica torta. La fiesta seguir\u00e1 con Djs, que le pondr\u00e1n m\u00fasica y ritmo a los festejos.<\/p>\n","protected":false},"excerpt":{"rendered":"<p>Con motivo de cumplirse diez a\u00f1os de trayectoria desde su inauguraci\u00f3n, el Centro Cultural Comunitario invita a toda la comunidad a festejar hoy y ma\u00f1ana a pura m\u00fasica y ritmo. En la velada de este viernes contar\u00e1 con la actuaci\u00f3n especial de Nicol\u00e1s Favio, hijo del cantautor y cineasta que le da nombre al espacio. [&hellip;]<\/p>\n","protected":false},"author":4,"featured_media":44834,"comment_status":"open","ping_status":"open","sticky":false,"template":"","format":"standard","meta":{"site-sidebar-layout":"default","site-content-layout":"","ast-site-content-layout":"default","site-content-style":"default","site-sidebar-style":"default","ast-global-header-display":"","ast-banner-title-visibility":"","ast-main-header-display":"","ast-hfb-above-header-display":"","ast-hfb-below-header-display":"","ast-hfb-mobile-header-display":"","site-post-title":"","ast-breadcrumbs-content":"","ast-featured-img":"","footer-sml-layout":"","ast-disable-related-posts":"","theme-transparent-header-meta":"","adv-header-id-meta":"","stick-header-meta":"","header-above-stick-meta":"","header-main-stick-meta":"","header-below-stick-meta":"","astra-migrate-meta-layouts":"default","ast-page-background-enabled":"default","ast-page-background-meta":{"desktop":{"background-color":"","background-image":"","background-repeat":"repeat","background-position":"center center","background-size":"auto","background-attachment":"scroll","background-type":"","background-media":"","overlay-type":"","overlay-color":"","overlay-opacity":"","overlay-gradient":""},"tablet":{"background-color":"","background-image":"","background-repeat":"repeat","background-position":"center center","background-size":"auto","background-attachment":"scroll","background-type":"","background-media":"","overlay-type":"","overlay-color":"","overlay-opacity":"","overlay-gradient":""},"mobile":{"background-color":"","background-image":"","background-repeat":"repeat","background-position":"center center","background-size":"auto","background-attachment":"scroll","background-type":"","background-media":"","overlay-type":"","overlay-color":"","overlay-opacity":"","overlay-gradient":""}},"ast-content-background-meta":{"desktop":{"background-color":"var(--ast-global-color-5)","background-image":"","background-repeat":"repeat","background-position":"center center","background-size":"auto","background-attachment":"scroll","background-type":"","background-media":"","overlay-type":"","overlay-color":"","overlay-opacity":"","overlay-gradient":""},"tablet":{"background-color":"var(--ast-global-color-5)","background-image":"","background-repeat":"repeat","background-position":"center center","background-size":"auto","background-attachment":"scroll","background-type":"","background-media":"","overlay-type":"","overlay-color":"","overlay-opacity":"","overlay-gradient":""},"mobile":{"background-color":"var(--ast-global-color-5)","background-image":"","background-repeat":"repeat","background-position":"center center","background-size":"auto","background-attachment":"scroll","background-type":"","background-media":"","overlay-type":"","overlay-color":"","overlay-opacity":"","overlay-gradient":""}},"_jetpack_memberships_contains_paid_content":false,"_joinchat":[],"footnotes":""},"categories":[2068,5,2],"tags":[],"class_list":["post-76398","post","type-post","status-publish","format-standard","has-post-thumbnail","hentry","category-cultura-deporte","category-sociedad","category-villa-maria"],"yoast_head":"<!-- This site is optimized with the Yoast SEO plugin v26.8 - https:\/\/yoast.com\/product\/yoast-seo-wordpress\/ -->\n<title>Con Nicol\u00e1s Favio, el Centro Cultural Comunitario celebra diez a\u00f1os con los vecinos - El Regional<\/title>\n<meta name=\"robots\" content=\"index, follow, max-snippet:-1, max-image-preview:large, max-video-preview:-1\" \/>\n<link rel=\"canonical\" href=\"http:\/\/elregionalvm.com.ar\/noticias-villa-maria\/con-nicolas-favio-el-centro-cultural-comunitario-celebra-diez-anos-con-los-vecinos\/\" \/>\n<meta property=\"og:locale\" content=\"es_ES\" \/>\n<meta property=\"og:type\" content=\"article\" \/>\n<meta property=\"og:title\" content=\"Con Nicol\u00e1s Favio, el Centro Cultural Comunitario celebra diez a\u00f1os con los vecinos - El Regional\" \/>\n<meta property=\"og:description\" content=\"Con motivo de cumplirse diez a\u00f1os de trayectoria desde su inauguraci\u00f3n, el Centro Cultural Comunitario invita a toda la comunidad a festejar hoy y ma\u00f1ana a pura m\u00fasica y ritmo. En la velada de este viernes contar\u00e1 con la actuaci\u00f3n especial de Nicol\u00e1s Favio, hijo del cantautor y cineasta que le da nombre al espacio. [&hellip;]\" \/>\n<meta property=\"og:url\" content=\"http:\/\/elregionalvm.com.ar\/noticias-villa-maria\/con-nicolas-favio-el-centro-cultural-comunitario-celebra-diez-anos-con-los-vecinos\/\" \/>\n<meta property=\"og:site_name\" content=\"El Regional\" \/>\n<meta property=\"article:publisher\" content=\"https:\/\/www.facebook.com\/elregionalvm\" \/>\n<meta property=\"article:published_time\" content=\"2023-05-12T23:17:01+00:00\" \/>\n<meta property=\"article:modified_time\" content=\"2023-05-12T23:17:03+00:00\" \/>\n<meta property=\"og:image\" content=\"http:\/\/elregionalvm.com.ar\/noticias-villa-maria\/wp-content\/uploads\/2021\/09\/Centro-Cultural-Leonardo-Favio-2.jpg\" \/>\n\t<meta property=\"og:image:width\" content=\"1024\" \/>\n\t<meta property=\"og:image:height\" content=\"678\" \/>\n\t<meta property=\"og:image:type\" content=\"image\/jpeg\" \/>\n<meta name=\"author\" content=\"Contenidos El Regional\" \/>\n<meta name=\"twitter:card\" content=\"summary_large_image\" \/>\n<meta name=\"twitter:creator\" content=\"@elregionalvm1\" \/>\n<meta name=\"twitter:site\" content=\"@elregionalvm1\" \/>\n<meta name=\"twitter:label1\" content=\"Escrito por\" \/>\n\t<meta name=\"twitter:data1\" content=\"Contenidos El Regional\" \/>\n\t<meta name=\"twitter:label2\" content=\"Tiempo de lectura\" \/>\n\t<meta name=\"twitter:data2\" content=\"2 minutos\" \/>\n<script type=\"application\/ld+json\" class=\"yoast-schema-graph\">{\"@context\":\"https:\/\/schema.org\",\"@graph\":[{\"@type\":\"Article\",\"@id\":\"http:\/\/elregionalvm.com.ar\/noticias-villa-maria\/con-nicolas-favio-el-centro-cultural-comunitario-celebra-diez-anos-con-los-vecinos\/#article\",\"isPartOf\":{\"@id\":\"http:\/\/elregionalvm.com.ar\/noticias-villa-maria\/con-nicolas-favio-el-centro-cultural-comunitario-celebra-diez-anos-con-los-vecinos\/\"},\"author\":{\"name\":\"Contenidos El Regional\",\"@id\":\"http:\/\/elregionalvm.com.ar\/noticias-villa-maria\/#\/schema\/person\/a0fb9c422317faca23d50163151bc354\"},\"headline\":\"Con Nicol\u00e1s Favio, el Centro Cultural Comunitario celebra diez a\u00f1os con los vecinos\",\"datePublished\":\"2023-05-12T23:17:01+00:00\",\"dateModified\":\"2023-05-12T23:17:03+00:00\",\"mainEntityOfPage\":{\"@id\":\"http:\/\/elregionalvm.com.ar\/noticias-villa-maria\/con-nicolas-favio-el-centro-cultural-comunitario-celebra-diez-anos-con-los-vecinos\/\"},\"wordCount\":316,\"commentCount\":0,\"image\":{\"@id\":\"http:\/\/elregionalvm.com.ar\/noticias-villa-maria\/con-nicolas-favio-el-centro-cultural-comunitario-celebra-diez-anos-con-los-vecinos\/#primaryimage\"},\"thumbnailUrl\":\"https:\/\/i0.wp.com\/elregionalvm.com.ar\/noticias-villa-maria\/wp-content\/uploads\/2021\/09\/Centro-Cultural-Leonardo-Favio-2.jpg?fit=1024%2C678&ssl=1\",\"articleSection\":[\"Cultura\",\"Sociedad\",\"Villa Mar\u00eda\"],\"inLanguage\":\"es\",\"potentialAction\":[{\"@type\":\"CommentAction\",\"name\":\"Comment\",\"target\":[\"http:\/\/elregionalvm.com.ar\/noticias-villa-maria\/con-nicolas-favio-el-centro-cultural-comunitario-celebra-diez-anos-con-los-vecinos\/#respond\"]}]},{\"@type\":\"WebPage\",\"@id\":\"http:\/\/elregionalvm.com.ar\/noticias-villa-maria\/con-nicolas-favio-el-centro-cultural-comunitario-celebra-diez-anos-con-los-vecinos\/\",\"url\":\"http:\/\/elregionalvm.com.ar\/noticias-villa-maria\/con-nicolas-favio-el-centro-cultural-comunitario-celebra-diez-anos-con-los-vecinos\/\",\"name\":\"Con Nicol\u00e1s Favio, el Centro Cultural Comunitario celebra diez a\u00f1os con los vecinos - El Regional\",\"isPartOf\":{\"@id\":\"http:\/\/elregionalvm.com.ar\/noticias-villa-maria\/#website\"},\"primaryImageOfPage\":{\"@id\":\"http:\/\/elregionalvm.com.ar\/noticias-villa-maria\/con-nicolas-favio-el-centro-cultural-comunitario-celebra-diez-anos-con-los-vecinos\/#primaryimage\"},\"image\":{\"@id\":\"http:\/\/elregionalvm.com.ar\/noticias-villa-maria\/con-nicolas-favio-el-centro-cultural-comunitario-celebra-diez-anos-con-los-vecinos\/#primaryimage\"},\"thumbnailUrl\":\"https:\/\/i0.wp.com\/elregionalvm.com.ar\/noticias-villa-maria\/wp-content\/uploads\/2021\/09\/Centro-Cultural-Leonardo-Favio-2.jpg?fit=1024%2C678&ssl=1\",\"datePublished\":\"2023-05-12T23:17:01+00:00\",\"dateModified\":\"2023-05-12T23:17:03+00:00\",\"author\":{\"@id\":\"http:\/\/elregionalvm.com.ar\/noticias-villa-maria\/#\/schema\/person\/a0fb9c422317faca23d50163151bc354\"},\"breadcrumb\":{\"@id\":\"http:\/\/elregionalvm.com.ar\/noticias-villa-maria\/con-nicolas-favio-el-centro-cultural-comunitario-celebra-diez-anos-con-los-vecinos\/#breadcrumb\"},\"inLanguage\":\"es\",\"potentialAction\":[{\"@type\":\"ReadAction\",\"target\":[\"http:\/\/elregionalvm.com.ar\/noticias-villa-maria\/con-nicolas-favio-el-centro-cultural-comunitario-celebra-diez-anos-con-los-vecinos\/\"]}]},{\"@type\":\"ImageObject\",\"inLanguage\":\"es\",\"@id\":\"http:\/\/elregionalvm.com.ar\/noticias-villa-maria\/con-nicolas-favio-el-centro-cultural-comunitario-celebra-diez-anos-con-los-vecinos\/#primaryimage\",\"url\":\"https:\/\/i0.wp.com\/elregionalvm.com.ar\/noticias-villa-maria\/wp-content\/uploads\/2021\/09\/Centro-Cultural-Leonardo-Favio-2.jpg?fit=1024%2C678&ssl=1\",\"contentUrl\":\"https:\/\/i0.wp.com\/elregionalvm.com.ar\/noticias-villa-maria\/wp-content\/uploads\/2021\/09\/Centro-Cultural-Leonardo-Favio-2.jpg?fit=1024%2C678&ssl=1\",\"width\":1024,\"height\":678},{\"@type\":\"BreadcrumbList\",\"@id\":\"http:\/\/elregionalvm.com.ar\/noticias-villa-maria\/con-nicolas-favio-el-centro-cultural-comunitario-celebra-diez-anos-con-los-vecinos\/#breadcrumb\",\"itemListElement\":[{\"@type\":\"ListItem\",\"position\":1,\"name\":\"Portada\",\"item\":\"https:\/\/elregionalvm.com.ar\/noticias-villa-maria\/\"},{\"@type\":\"ListItem\",\"position\":2,\"name\":\"Con Nicol\u00e1s Favio, el Centro Cultural Comunitario celebra diez a\u00f1os con los vecinos\"}]},{\"@type\":\"WebSite\",\"@id\":\"http:\/\/elregionalvm.com.ar\/noticias-villa-maria\/#website\",\"url\":\"http:\/\/elregionalvm.com.ar\/noticias-villa-maria\/\",\"name\":\"El Regional\",\"description\":\"Mucho m\u00e1s que informaci\u00f3n\",\"potentialAction\":[{\"@type\":\"SearchAction\",\"target\":{\"@type\":\"EntryPoint\",\"urlTemplate\":\"http:\/\/elregionalvm.com.ar\/noticias-villa-maria\/?s={search_term_string}\"},\"query-input\":{\"@type\":\"PropertyValueSpecification\",\"valueRequired\":true,\"valueName\":\"search_term_string\"}}],\"inLanguage\":\"es\"},{\"@type\":\"Person\",\"@id\":\"http:\/\/elregionalvm.com.ar\/noticias-villa-maria\/#\/schema\/person\/a0fb9c422317faca23d50163151bc354\",\"name\":\"Contenidos El Regional\",\"image\":{\"@type\":\"ImageObject\",\"inLanguage\":\"es\",\"@id\":\"http:\/\/elregionalvm.com.ar\/noticias-villa-maria\/#\/schema\/person\/image\/\",\"url\":\"https:\/\/secure.gravatar.com\/avatar\/265b27cb2209af7bb3a1318f03305787d7981a5cc6e6cd08fe5a4ecdf99d4b48?s=96&d=mm&r=g\",\"contentUrl\":\"https:\/\/secure.gravatar.com\/avatar\/265b27cb2209af7bb3a1318f03305787d7981a5cc6e6cd08fe5a4ecdf99d4b48?s=96&d=mm&r=g\",\"caption\":\"Contenidos El Regional\"},\"url\":\"https:\/\/elregionalvm.com.ar\/noticias-villa-maria\/author\/contenido\/\"}]}<\/script>\n<!-- \/ Yoast SEO plugin. -->","yoast_head_json":{"title":"Con Nicol\u00e1s Favio, el Centro Cultural Comunitario celebra diez a\u00f1os con los vecinos - El Regional","robots":{"index":"index","follow":"follow","max-snippet":"max-snippet:-1","max-image-preview":"max-image-preview:large","max-video-preview":"max-video-preview:-1"},"canonical":"http:\/\/elregionalvm.com.ar\/noticias-villa-maria\/con-nicolas-favio-el-centro-cultural-comunitario-celebra-diez-anos-con-los-vecinos\/","og_locale":"es_ES","og_type":"article","og_title":"Con Nicol\u00e1s Favio, el Centro Cultural Comunitario celebra diez a\u00f1os con los vecinos - El Regional","og_description":"Con motivo de cumplirse diez a\u00f1os de trayectoria desde su inauguraci\u00f3n, el Centro Cultural Comunitario invita a toda la comunidad a festejar hoy y ma\u00f1ana a pura m\u00fasica y ritmo. En la velada de este viernes contar\u00e1 con la actuaci\u00f3n especial de Nicol\u00e1s Favio, hijo del cantautor y cineasta que le da nombre al espacio. [&hellip;]","og_url":"http:\/\/elregionalvm.com.ar\/noticias-villa-maria\/con-nicolas-favio-el-centro-cultural-comunitario-celebra-diez-anos-con-los-vecinos\/","og_site_name":"El Regional","article_publisher":"https:\/\/www.facebook.com\/elregionalvm","article_published_time":"2023-05-12T23:17:01+00:00","article_modified_time":"2023-05-12T23:17:03+00:00","og_image":[{"width":1024,"height":678,"url":"http:\/\/elregionalvm.com.ar\/noticias-villa-maria\/wp-content\/uploads\/2021\/09\/Centro-Cultural-Leonardo-Favio-2.jpg","type":"image\/jpeg"}],"author":"Contenidos El Regional","twitter_card":"summary_large_image","twitter_creator":"@elregionalvm1","twitter_site":"@elregionalvm1","twitter_misc":{"Escrito por":"Contenidos El Regional","Tiempo de lectura":"2 minutos"},"schema":{"@context":"https:\/\/schema.org","@graph":[{"@type":"Article","@id":"http:\/\/elregionalvm.com.ar\/noticias-villa-maria\/con-nicolas-favio-el-centro-cultural-comunitario-celebra-diez-anos-con-los-vecinos\/#article","isPartOf":{"@id":"http:\/\/elregionalvm.com.ar\/noticias-villa-maria\/con-nicolas-favio-el-centro-cultural-comunitario-celebra-diez-anos-con-los-vecinos\/"},"author":{"name":"Contenidos El Regional","@id":"http:\/\/elregionalvm.com.ar\/noticias-villa-maria\/#\/schema\/person\/a0fb9c422317faca23d50163151bc354"},"headline":"Con Nicol\u00e1s Favio, el Centro Cultural Comunitario celebra diez a\u00f1os con los vecinos","datePublished":"2023-05-12T23:17:01+00:00","dateModified":"2023-05-12T23:17:03+00:00","mainEntityOfPage":{"@id":"http:\/\/elregionalvm.com.ar\/noticias-villa-maria\/con-nicolas-favio-el-centro-cultural-comunitario-celebra-diez-anos-con-los-vecinos\/"},"wordCount":316,"commentCount":0,"image":{"@id":"http:\/\/elregionalvm.com.ar\/noticias-villa-maria\/con-nicolas-favio-el-centro-cultural-comunitario-celebra-diez-anos-con-los-vecinos\/#primaryimage"},"thumbnailUrl":"https:\/\/i0.wp.com\/elregionalvm.com.ar\/noticias-villa-maria\/wp-content\/uploads\/2021\/09\/Centro-Cultural-Leonardo-Favio-2.jpg?fit=1024%2C678&ssl=1","articleSection":["Cultura","Sociedad","Villa Mar\u00eda"],"inLanguage":"es","potentialAction":[{"@type":"CommentAction","name":"Comment","target":["http:\/\/elregionalvm.com.ar\/noticias-villa-maria\/con-nicolas-favio-el-centro-cultural-comunitario-celebra-diez-anos-con-los-vecinos\/#respond"]}]},{"@type":"WebPage","@id":"http:\/\/elregionalvm.com.ar\/noticias-villa-maria\/con-nicolas-favio-el-centro-cultural-comunitario-celebra-diez-anos-con-los-vecinos\/","url":"http:\/\/elregionalvm.com.ar\/noticias-villa-maria\/con-nicolas-favio-el-centro-cultural-comunitario-celebra-diez-anos-con-los-vecinos\/","name":"Con Nicol\u00e1s Favio, el Centro Cultural Comunitario celebra diez a\u00f1os con los vecinos - El Regional","isPartOf":{"@id":"http:\/\/elregionalvm.com.ar\/noticias-villa-maria\/#website"},"primaryImageOfPage":{"@id":"http:\/\/elregionalvm.com.ar\/noticias-villa-maria\/con-nicolas-favio-el-centro-cultural-comunitario-celebra-diez-anos-con-los-vecinos\/#primaryimage"},"image":{"@id":"http:\/\/elregionalvm.com.ar\/noticias-villa-maria\/con-nicolas-favio-el-centro-cultural-comunitario-celebra-diez-anos-con-los-vecinos\/#primaryimage"},"thumbnailUrl":"https:\/\/i0.wp.com\/elregionalvm.com.ar\/noticias-villa-maria\/wp-content\/uploads\/2021\/09\/Centro-Cultural-Leonardo-Favio-2.jpg?fit=1024%2C678&ssl=1","datePublished":"2023-05-12T23:17:01+00:00","dateModified":"2023-05-12T23:17:03+00:00","author":{"@id":"http:\/\/elregionalvm.com.ar\/noticias-villa-maria\/#\/schema\/person\/a0fb9c422317faca23d50163151bc354"},"breadcrumb":{"@id":"http:\/\/elregionalvm.com.ar\/noticias-villa-maria\/con-nicolas-favio-el-centro-cultural-comunitario-celebra-diez-anos-con-los-vecinos\/#breadcrumb"},"inLanguage":"es","potentialAction":[{"@type":"ReadAction","target":["http:\/\/elregionalvm.com.ar\/noticias-villa-maria\/con-nicolas-favio-el-centro-cultural-comunitario-celebra-diez-anos-con-los-vecinos\/"]}]},{"@type":"ImageObject","inLanguage":"es","@id":"http:\/\/elregionalvm.com.ar\/noticias-villa-maria\/con-nicolas-favio-el-centro-cultural-comunitario-celebra-diez-anos-con-los-vecinos\/#primaryimage","url":"https:\/\/i0.wp.com\/elregionalvm.com.ar\/noticias-villa-maria\/wp-content\/uploads\/2021\/09\/Centro-Cultural-Leonardo-Favio-2.jpg?fit=1024%2C678&ssl=1","contentUrl":"https:\/\/i0.wp.com\/elregionalvm.com.ar\/noticias-villa-maria\/wp-content\/uploads\/2021\/09\/Centro-Cultural-Leonardo-Favio-2.jpg?fit=1024%2C678&ssl=1","width":1024,"height":678},{"@type":"BreadcrumbList","@id":"http:\/\/elregionalvm.com.ar\/noticias-villa-maria\/con-nicolas-favio-el-centro-cultural-comunitario-celebra-diez-anos-con-los-vecinos\/#breadcrumb","itemListElement":[{"@type":"ListItem","position":1,"name":"Portada","item":"https:\/\/elregionalvm.com.ar\/noticias-villa-maria\/"},{"@type":"ListItem","position":2,"name":"Con Nicol\u00e1s Favio, el Centro Cultural Comunitario celebra diez a\u00f1os con los vecinos"}]},{"@type":"WebSite","@id":"http:\/\/elregionalvm.com.ar\/noticias-villa-maria\/#website","url":"http:\/\/elregionalvm.com.ar\/noticias-villa-maria\/","name":"El Regional","description":"Mucho m\u00e1s que informaci\u00f3n","potentialAction":[{"@type":"SearchAction","target":{"@type":"EntryPoint","urlTemplate":"http:\/\/elregionalvm.com.ar\/noticias-villa-maria\/?s={search_term_string}"},"query-input":{"@type":"PropertyValueSpecification","valueRequired":true,"valueName":"search_term_string"}}],"inLanguage":"es"},{"@type":"Person","@id":"http:\/\/elregionalvm.com.ar\/noticias-villa-maria\/#\/schema\/person\/a0fb9c422317faca23d50163151bc354","name":"Contenidos El Regional","image":{"@type":"ImageObject","inLanguage":"es","@id":"http:\/\/elregionalvm.com.ar\/noticias-villa-maria\/#\/schema\/person\/image\/","url":"https:\/\/secure.gravatar.com\/avatar\/265b27cb2209af7bb3a1318f03305787d7981a5cc6e6cd08fe5a4ecdf99d4b48?s=96&d=mm&r=g","contentUrl":"https:\/\/secure.gravatar.com\/avatar\/265b27cb2209af7bb3a1318f03305787d7981a5cc6e6cd08fe5a4ecdf99d4b48?s=96&d=mm&r=g","caption":"Contenidos El Regional"},"url":"https:\/\/elregionalvm.com.ar\/noticias-villa-maria\/author\/contenido\/"}]}},"jetpack_featured_media_url":"https:\/\/i0.wp.com\/elregionalvm.com.ar\/noticias-villa-maria\/wp-content\/uploads\/2021\/09\/Centro-Cultural-Leonardo-Favio-2.jpg?fit=1024%2C678&ssl=1","jetpack_sharing_enabled":true,"_links":{"self":[{"href":"https:\/\/elregionalvm.com.ar\/noticias-villa-maria\/wp-json\/wp\/v2\/posts\/76398","targetHints":{"allow":["GET"]}}],"collection":[{"href":"https:\/\/elregionalvm.com.ar\/noticias-villa-maria\/wp-json\/wp\/v2\/posts"}],"about":[{"href":"https:\/\/elregionalvm.com.ar\/noticias-villa-maria\/wp-json\/wp\/v2\/types\/post"}],"author":[{"embeddable":true,"href":"https:\/\/elregionalvm.com.ar\/noticias-villa-maria\/wp-json\/wp\/v2\/users\/4"}],"replies":[{"embeddable":true,"href":"https:\/\/elregionalvm.com.ar\/noticias-villa-maria\/wp-json\/wp\/v2\/comments?post=76398"}],"version-history":[{"count":1,"href":"https:\/\/elregionalvm.com.ar\/noticias-villa-maria\/wp-json\/wp\/v2\/posts\/76398\/revisions"}],"predecessor-version":[{"id":76399,"href":"https:\/\/elregionalvm.com.ar\/noticias-villa-maria\/wp-json\/wp\/v2\/posts\/76398\/revisions\/76399"}],"wp:featuredmedia":[{"embeddable":true,"href":"https:\/\/elregionalvm.com.ar\/noticias-villa-maria\/wp-json\/wp\/v2\/media\/44834"}],"wp:attachment":[{"href":"https:\/\/elregionalvm.com.ar\/noticias-villa-maria\/wp-json\/wp\/v2\/media?parent=76398"}],"wp:term":[{"taxonomy":"category","embeddable":true,"href":"https:\/\/elregionalvm.com.ar\/noticias-villa-maria\/wp-json\/wp\/v2\/categories?post=76398"},{"taxonomy":"post_tag","embeddable":true,"href":"https:\/\/elregionalvm.com.ar\/noticias-villa-maria\/wp-json\/wp\/v2\/tags?post=76398"}],"curies":[{"name":"wp","href":"https:\/\/api.w.org\/{rel}","templated":true}]}}