{"id":76687,"date":"2023-05-17T22:36:14","date_gmt":"2023-05-17T22:36:14","guid":{"rendered":"https:\/\/elregionalvm.com.ar\/noticias-villa-maria\/?p=76687"},"modified":"2023-05-18T01:40:06","modified_gmt":"2023-05-18T01:40:06","slug":"la-legisladora-guirardelli-visito-el-colegio-nacional-por-sus-80-anos","status":"publish","type":"post","link":"https:\/\/elregionalvm.com.ar\/noticias-villa-maria\/la-legisladora-guirardelli-visito-el-colegio-nacional-por-sus-80-anos\/","title":{"rendered":"La legisladora Guirardelli visit\u00f3 el Colegio Nacional por sus 80 a\u00f1os"},"content":{"rendered":"\n<p>La legisladora Adela Guirardelli visit\u00f3 nuevamente el Colegio Nacional de Villa Mar\u00eda con motivo de celebraci\u00f3n por sus 80 a\u00f1os y entreg\u00f3 a la instituci\u00f3n una placa de reconocimiento de la Legislatura que celebrara su inmensa trayectoria, banderas de C\u00f3rdoba y Argentina, como tambi\u00e9n una copia de la declaraci\u00f3n aprobada en la unicameral.<\/p>\n\n\n\n<p>La legisladora al referirse a la instituci\u00f3n educativa manifest\u00f3 \u00abque este nuevo a\u00f1o sea uno de muchos m\u00e1s en los que siga abriendo sus brazos a tantos estudiantes, como hizo conmigo, para continuar siendo un ejemplo en educaci\u00f3n en todo nuestro departamento\u00bb.<\/p>\n\n\n\n<p>Fundada en el a\u00f1o 1943, la escuela emblem\u00e1tica de nuestra ciudad sigue creciendo y formando a toda una comunidad con una identidad marcada con los valores propios de la educaci\u00f3n p\u00fablica.<\/p>\n\n\n\n<figure class=\"wp-block-gallery has-nested-images columns-default is-cropped wp-block-gallery-1 is-layout-flex wp-block-gallery-is-layout-flex\">\n<figure class=\"wp-block-image size-large\"><img data-recalc-dims=\"1\" fetchpriority=\"high\" decoding=\"async\" width=\"792\" height=\"1024\" data-id=\"76689\" src=\"https:\/\/i0.wp.com\/elregionalvm.com.ar\/noticias-villa-maria\/wp-content\/uploads\/2023\/05\/900da8df-acf3-48a4-8095-e44edc03f6fe-792x1024.jpg?resize=792%2C1024&#038;ssl=1\" alt=\"\" class=\"wp-image-76689\" srcset=\"https:\/\/i0.wp.com\/elregionalvm.com.ar\/noticias-villa-maria\/wp-content\/uploads\/2023\/05\/900da8df-acf3-48a4-8095-e44edc03f6fe.jpg?resize=792%2C1024&amp;ssl=1 792w, https:\/\/i0.wp.com\/elregionalvm.com.ar\/noticias-villa-maria\/wp-content\/uploads\/2023\/05\/900da8df-acf3-48a4-8095-e44edc03f6fe.jpg?resize=232%2C300&amp;ssl=1 232w, https:\/\/i0.wp.com\/elregionalvm.com.ar\/noticias-villa-maria\/wp-content\/uploads\/2023\/05\/900da8df-acf3-48a4-8095-e44edc03f6fe.jpg?resize=768%2C993&amp;ssl=1 768w, https:\/\/i0.wp.com\/elregionalvm.com.ar\/noticias-villa-maria\/wp-content\/uploads\/2023\/05\/900da8df-acf3-48a4-8095-e44edc03f6fe.jpg?w=990&amp;ssl=1 990w\" sizes=\"(max-width: 792px) 100vw, 792px\" \/><\/figure>\n\n\n\n<figure class=\"wp-block-image size-large\"><img data-recalc-dims=\"1\" decoding=\"async\" width=\"843\" height=\"1024\" data-id=\"76690\" src=\"https:\/\/i0.wp.com\/elregionalvm.com.ar\/noticias-villa-maria\/wp-content\/uploads\/2023\/05\/99280b0b-8835-45ce-9c3e-6314cbd37933.jpg?resize=843%2C1024&#038;ssl=1\" alt=\"\" class=\"wp-image-76690\" srcset=\"https:\/\/i0.wp.com\/elregionalvm.com.ar\/noticias-villa-maria\/wp-content\/uploads\/2023\/05\/99280b0b-8835-45ce-9c3e-6314cbd37933.jpg?resize=843%2C1024&amp;ssl=1 843w, https:\/\/i0.wp.com\/elregionalvm.com.ar\/noticias-villa-maria\/wp-content\/uploads\/2023\/05\/99280b0b-8835-45ce-9c3e-6314cbd37933.jpg?resize=247%2C300&amp;ssl=1 247w, https:\/\/i0.wp.com\/elregionalvm.com.ar\/noticias-villa-maria\/wp-content\/uploads\/2023\/05\/99280b0b-8835-45ce-9c3e-6314cbd37933.jpg?resize=768%2C933&amp;ssl=1 768w, https:\/\/i0.wp.com\/elregionalvm.com.ar\/noticias-villa-maria\/wp-content\/uploads\/2023\/05\/99280b0b-8835-45ce-9c3e-6314cbd37933.jpg?w=1054&amp;ssl=1 1054w\" sizes=\"(max-width: 843px) 100vw, 843px\" \/><\/figure>\n\n\n\n<figure class=\"wp-block-image size-large\"><img data-recalc-dims=\"1\" decoding=\"async\" width=\"768\" height=\"1024\" data-id=\"76692\" src=\"https:\/\/i0.wp.com\/elregionalvm.com.ar\/noticias-villa-maria\/wp-content\/uploads\/2023\/05\/9add9f95-d37a-4114-80c5-34610f5ebe3e.jpg?resize=768%2C1024&#038;ssl=1\" alt=\"\" class=\"wp-image-76692\" srcset=\"https:\/\/i0.wp.com\/elregionalvm.com.ar\/noticias-villa-maria\/wp-content\/uploads\/2023\/05\/9add9f95-d37a-4114-80c5-34610f5ebe3e.jpg?resize=768%2C1024&amp;ssl=1 768w, https:\/\/i0.wp.com\/elregionalvm.com.ar\/noticias-villa-maria\/wp-content\/uploads\/2023\/05\/9add9f95-d37a-4114-80c5-34610f5ebe3e.jpg?resize=225%2C300&amp;ssl=1 225w, https:\/\/i0.wp.com\/elregionalvm.com.ar\/noticias-villa-maria\/wp-content\/uploads\/2023\/05\/9add9f95-d37a-4114-80c5-34610f5ebe3e.jpg?resize=1152%2C1536&amp;ssl=1 1152w, https:\/\/i0.wp.com\/elregionalvm.com.ar\/noticias-villa-maria\/wp-content\/uploads\/2023\/05\/9add9f95-d37a-4114-80c5-34610f5ebe3e.jpg?w=1200&amp;ssl=1 1200w\" sizes=\"(max-width: 768px) 100vw, 768px\" \/><\/figure>\n\n\n\n<figure class=\"wp-block-image size-large\"><img data-recalc-dims=\"1\" loading=\"lazy\" decoding=\"async\" width=\"768\" height=\"1024\" data-id=\"76691\" src=\"https:\/\/i0.wp.com\/elregionalvm.com.ar\/noticias-villa-maria\/wp-content\/uploads\/2023\/05\/864203fe-a061-4cd7-9254-674cd0076b90.jpg?resize=768%2C1024&#038;ssl=1\" alt=\"\" class=\"wp-image-76691\" srcset=\"https:\/\/i0.wp.com\/elregionalvm.com.ar\/noticias-villa-maria\/wp-content\/uploads\/2023\/05\/864203fe-a061-4cd7-9254-674cd0076b90.jpg?resize=768%2C1024&amp;ssl=1 768w, https:\/\/i0.wp.com\/elregionalvm.com.ar\/noticias-villa-maria\/wp-content\/uploads\/2023\/05\/864203fe-a061-4cd7-9254-674cd0076b90.jpg?resize=225%2C300&amp;ssl=1 225w, https:\/\/i0.wp.com\/elregionalvm.com.ar\/noticias-villa-maria\/wp-content\/uploads\/2023\/05\/864203fe-a061-4cd7-9254-674cd0076b90.jpg?resize=1152%2C1536&amp;ssl=1 1152w, https:\/\/i0.wp.com\/elregionalvm.com.ar\/noticias-villa-maria\/wp-content\/uploads\/2023\/05\/864203fe-a061-4cd7-9254-674cd0076b90.jpg?w=1200&amp;ssl=1 1200w\" sizes=\"(max-width: 768px) 100vw, 768px\" \/><\/figure>\n<\/figure>\n\n\n\n<p><\/p>\n","protected":false},"excerpt":{"rendered":"<p>La legisladora Adela Guirardelli visit\u00f3 nuevamente el Colegio Nacional de Villa Mar\u00eda con motivo de celebraci\u00f3n por sus 80 a\u00f1os y entreg\u00f3 a la instituci\u00f3n una placa de reconocimiento de la Legislatura que celebrara su inmensa trayectoria, banderas de C\u00f3rdoba y Argentina, como tambi\u00e9n una copia de la declaraci\u00f3n aprobada en la unicameral. La legisladora [&hellip;]<\/p>\n","protected":false},"author":4,"featured_media":76688,"comment_status":"open","ping_status":"open","sticky":false,"template":"","format":"standard","meta":{"site-sidebar-layout":"default","site-content-layout":"","ast-site-content-layout":"default","site-content-style":"default","site-sidebar-style":"default","ast-global-header-display":"","ast-banner-title-visibility":"","ast-main-header-display":"","ast-hfb-above-header-display":"","ast-hfb-below-header-display":"","ast-hfb-mobile-header-display":"","site-post-title":"","ast-breadcrumbs-content":"","ast-featured-img":"","footer-sml-layout":"","ast-disable-related-posts":"","theme-transparent-header-meta":"","adv-header-id-meta":"","stick-header-meta":"","header-above-stick-meta":"","header-main-stick-meta":"","header-below-stick-meta":"","astra-migrate-meta-layouts":"default","ast-page-background-enabled":"default","ast-page-background-meta":{"desktop":{"background-color":"","background-image":"","background-repeat":"repeat","background-position":"center center","background-size":"auto","background-attachment":"scroll","background-type":"","background-media":"","overlay-type":"","overlay-color":"","overlay-opacity":"","overlay-gradient":""},"tablet":{"background-color":"","background-image":"","background-repeat":"repeat","background-position":"center center","background-size":"auto","background-attachment":"scroll","background-type":"","background-media":"","overlay-type":"","overlay-color":"","overlay-opacity":"","overlay-gradient":""},"mobile":{"background-color":"","background-image":"","background-repeat":"repeat","background-position":"center center","background-size":"auto","background-attachment":"scroll","background-type":"","background-media":"","overlay-type":"","overlay-color":"","overlay-opacity":"","overlay-gradient":""}},"ast-content-background-meta":{"desktop":{"background-color":"var(--ast-global-color-5)","background-image":"","background-repeat":"repeat","background-position":"center center","background-size":"auto","background-attachment":"scroll","background-type":"","background-media":"","overlay-type":"","overlay-color":"","overlay-opacity":"","overlay-gradient":""},"tablet":{"background-color":"var(--ast-global-color-5)","background-image":"","background-repeat":"repeat","background-position":"center center","background-size":"auto","background-attachment":"scroll","background-type":"","background-media":"","overlay-type":"","overlay-color":"","overlay-opacity":"","overlay-gradient":""},"mobile":{"background-color":"var(--ast-global-color-5)","background-image":"","background-repeat":"repeat","background-position":"center center","background-size":"auto","background-attachment":"scroll","background-type":"","background-media":"","overlay-type":"","overlay-color":"","overlay-opacity":"","overlay-gradient":""}},"_jetpack_memberships_contains_paid_content":false,"_joinchat":[],"footnotes":""},"categories":[1],"tags":[],"class_list":["post-76687","post","type-post","status-publish","format-standard","has-post-thumbnail","hentry","category-sin-categoria"],"yoast_head":"<!-- This site is optimized with the Yoast SEO plugin v26.8 - https:\/\/yoast.com\/product\/yoast-seo-wordpress\/ -->\n<title>La legisladora Guirardelli visit\u00f3 el Colegio Nacional por sus 80 a\u00f1os - El Regional<\/title>\n<meta name=\"robots\" content=\"index, follow, max-snippet:-1, max-image-preview:large, max-video-preview:-1\" \/>\n<link rel=\"canonical\" href=\"http:\/\/elregionalvm.com.ar\/noticias-villa-maria\/la-legisladora-guirardelli-visito-el-colegio-nacional-por-sus-80-anos\/\" \/>\n<meta property=\"og:locale\" content=\"es_ES\" \/>\n<meta property=\"og:type\" content=\"article\" \/>\n<meta property=\"og:title\" content=\"La legisladora Guirardelli visit\u00f3 el Colegio Nacional por sus 80 a\u00f1os - El Regional\" \/>\n<meta property=\"og:description\" content=\"La legisladora Adela Guirardelli visit\u00f3 nuevamente el Colegio Nacional de Villa Mar\u00eda con motivo de celebraci\u00f3n por sus 80 a\u00f1os y entreg\u00f3 a la instituci\u00f3n una placa de reconocimiento de la Legislatura que celebrara su inmensa trayectoria, banderas de C\u00f3rdoba y Argentina, como tambi\u00e9n una copia de la declaraci\u00f3n aprobada en la unicameral. La legisladora [&hellip;]\" \/>\n<meta property=\"og:url\" content=\"http:\/\/elregionalvm.com.ar\/noticias-villa-maria\/la-legisladora-guirardelli-visito-el-colegio-nacional-por-sus-80-anos\/\" \/>\n<meta property=\"og:site_name\" content=\"El Regional\" \/>\n<meta property=\"article:publisher\" content=\"https:\/\/www.facebook.com\/elregionalvm\" \/>\n<meta property=\"article:published_time\" content=\"2023-05-17T22:36:14+00:00\" \/>\n<meta property=\"article:modified_time\" content=\"2023-05-18T01:40:06+00:00\" \/>\n<meta property=\"og:image\" content=\"http:\/\/elregionalvm.com.ar\/noticias-villa-maria\/wp-content\/uploads\/2023\/05\/46fe78ab-8294-4fe9-a64f-ef0ec6f73356.jpg\" \/>\n\t<meta property=\"og:image:width\" content=\"1200\" \/>\n\t<meta property=\"og:image:height\" content=\"1600\" \/>\n\t<meta property=\"og:image:type\" content=\"image\/jpeg\" \/>\n<meta name=\"author\" content=\"Contenidos El Regional\" \/>\n<meta name=\"twitter:card\" content=\"summary_large_image\" \/>\n<meta name=\"twitter:creator\" content=\"@elregionalvm1\" \/>\n<meta name=\"twitter:site\" content=\"@elregionalvm1\" \/>\n<meta name=\"twitter:label1\" content=\"Escrito por\" \/>\n\t<meta name=\"twitter:data1\" content=\"Contenidos El Regional\" \/>\n\t<meta name=\"twitter:label2\" content=\"Tiempo de lectura\" \/>\n\t<meta name=\"twitter:data2\" content=\"2 minutos\" \/>\n<script type=\"application\/ld+json\" class=\"yoast-schema-graph\">{\"@context\":\"https:\/\/schema.org\",\"@graph\":[{\"@type\":\"Article\",\"@id\":\"http:\/\/elregionalvm.com.ar\/noticias-villa-maria\/la-legisladora-guirardelli-visito-el-colegio-nacional-por-sus-80-anos\/#article\",\"isPartOf\":{\"@id\":\"http:\/\/elregionalvm.com.ar\/noticias-villa-maria\/la-legisladora-guirardelli-visito-el-colegio-nacional-por-sus-80-anos\/\"},\"author\":{\"name\":\"Contenidos El Regional\",\"@id\":\"http:\/\/elregionalvm.com.ar\/noticias-villa-maria\/#\/schema\/person\/a0fb9c422317faca23d50163151bc354\"},\"headline\":\"La legisladora Guirardelli visit\u00f3 el Colegio Nacional por sus 80 a\u00f1os\",\"datePublished\":\"2023-05-17T22:36:14+00:00\",\"dateModified\":\"2023-05-18T01:40:06+00:00\",\"mainEntityOfPage\":{\"@id\":\"http:\/\/elregionalvm.com.ar\/noticias-villa-maria\/la-legisladora-guirardelli-visito-el-colegio-nacional-por-sus-80-anos\/\"},\"wordCount\":150,\"commentCount\":0,\"image\":{\"@id\":\"http:\/\/elregionalvm.com.ar\/noticias-villa-maria\/la-legisladora-guirardelli-visito-el-colegio-nacional-por-sus-80-anos\/#primaryimage\"},\"thumbnailUrl\":\"https:\/\/i0.wp.com\/elregionalvm.com.ar\/noticias-villa-maria\/wp-content\/uploads\/2023\/05\/46fe78ab-8294-4fe9-a64f-ef0ec6f73356.jpg?fit=1200%2C1600&ssl=1\",\"inLanguage\":\"es\",\"potentialAction\":[{\"@type\":\"CommentAction\",\"name\":\"Comment\",\"target\":[\"http:\/\/elregionalvm.com.ar\/noticias-villa-maria\/la-legisladora-guirardelli-visito-el-colegio-nacional-por-sus-80-anos\/#respond\"]}]},{\"@type\":\"WebPage\",\"@id\":\"http:\/\/elregionalvm.com.ar\/noticias-villa-maria\/la-legisladora-guirardelli-visito-el-colegio-nacional-por-sus-80-anos\/\",\"url\":\"http:\/\/elregionalvm.com.ar\/noticias-villa-maria\/la-legisladora-guirardelli-visito-el-colegio-nacional-por-sus-80-anos\/\",\"name\":\"La legisladora Guirardelli visit\u00f3 el Colegio Nacional por sus 80 a\u00f1os - El Regional\",\"isPartOf\":{\"@id\":\"http:\/\/elregionalvm.com.ar\/noticias-villa-maria\/#website\"},\"primaryImageOfPage\":{\"@id\":\"http:\/\/elregionalvm.com.ar\/noticias-villa-maria\/la-legisladora-guirardelli-visito-el-colegio-nacional-por-sus-80-anos\/#primaryimage\"},\"image\":{\"@id\":\"http:\/\/elregionalvm.com.ar\/noticias-villa-maria\/la-legisladora-guirardelli-visito-el-colegio-nacional-por-sus-80-anos\/#primaryimage\"},\"thumbnailUrl\":\"https:\/\/i0.wp.com\/elregionalvm.com.ar\/noticias-villa-maria\/wp-content\/uploads\/2023\/05\/46fe78ab-8294-4fe9-a64f-ef0ec6f73356.jpg?fit=1200%2C1600&ssl=1\",\"datePublished\":\"2023-05-17T22:36:14+00:00\",\"dateModified\":\"2023-05-18T01:40:06+00:00\",\"author\":{\"@id\":\"http:\/\/elregionalvm.com.ar\/noticias-villa-maria\/#\/schema\/person\/a0fb9c422317faca23d50163151bc354\"},\"breadcrumb\":{\"@id\":\"http:\/\/elregionalvm.com.ar\/noticias-villa-maria\/la-legisladora-guirardelli-visito-el-colegio-nacional-por-sus-80-anos\/#breadcrumb\"},\"inLanguage\":\"es\",\"potentialAction\":[{\"@type\":\"ReadAction\",\"target\":[\"http:\/\/elregionalvm.com.ar\/noticias-villa-maria\/la-legisladora-guirardelli-visito-el-colegio-nacional-por-sus-80-anos\/\"]}]},{\"@type\":\"ImageObject\",\"inLanguage\":\"es\",\"@id\":\"http:\/\/elregionalvm.com.ar\/noticias-villa-maria\/la-legisladora-guirardelli-visito-el-colegio-nacional-por-sus-80-anos\/#primaryimage\",\"url\":\"https:\/\/i0.wp.com\/elregionalvm.com.ar\/noticias-villa-maria\/wp-content\/uploads\/2023\/05\/46fe78ab-8294-4fe9-a64f-ef0ec6f73356.jpg?fit=1200%2C1600&ssl=1\",\"contentUrl\":\"https:\/\/i0.wp.com\/elregionalvm.com.ar\/noticias-villa-maria\/wp-content\/uploads\/2023\/05\/46fe78ab-8294-4fe9-a64f-ef0ec6f73356.jpg?fit=1200%2C1600&ssl=1\",\"width\":1200,\"height\":1600},{\"@type\":\"BreadcrumbList\",\"@id\":\"http:\/\/elregionalvm.com.ar\/noticias-villa-maria\/la-legisladora-guirardelli-visito-el-colegio-nacional-por-sus-80-anos\/#breadcrumb\",\"itemListElement\":[{\"@type\":\"ListItem\",\"position\":1,\"name\":\"Portada\",\"item\":\"https:\/\/elregionalvm.com.ar\/noticias-villa-maria\/\"},{\"@type\":\"ListItem\",\"position\":2,\"name\":\"La legisladora Guirardelli visit\u00f3 el Colegio Nacional por sus 80 a\u00f1os\"}]},{\"@type\":\"WebSite\",\"@id\":\"http:\/\/elregionalvm.com.ar\/noticias-villa-maria\/#website\",\"url\":\"http:\/\/elregionalvm.com.ar\/noticias-villa-maria\/\",\"name\":\"El Regional\",\"description\":\"Mucho m\u00e1s que informaci\u00f3n\",\"potentialAction\":[{\"@type\":\"SearchAction\",\"target\":{\"@type\":\"EntryPoint\",\"urlTemplate\":\"http:\/\/elregionalvm.com.ar\/noticias-villa-maria\/?s={search_term_string}\"},\"query-input\":{\"@type\":\"PropertyValueSpecification\",\"valueRequired\":true,\"valueName\":\"search_term_string\"}}],\"inLanguage\":\"es\"},{\"@type\":\"Person\",\"@id\":\"http:\/\/elregionalvm.com.ar\/noticias-villa-maria\/#\/schema\/person\/a0fb9c422317faca23d50163151bc354\",\"name\":\"Contenidos El Regional\",\"image\":{\"@type\":\"ImageObject\",\"inLanguage\":\"es\",\"@id\":\"http:\/\/elregionalvm.com.ar\/noticias-villa-maria\/#\/schema\/person\/image\/\",\"url\":\"https:\/\/secure.gravatar.com\/avatar\/265b27cb2209af7bb3a1318f03305787d7981a5cc6e6cd08fe5a4ecdf99d4b48?s=96&d=mm&r=g\",\"contentUrl\":\"https:\/\/secure.gravatar.com\/avatar\/265b27cb2209af7bb3a1318f03305787d7981a5cc6e6cd08fe5a4ecdf99d4b48?s=96&d=mm&r=g\",\"caption\":\"Contenidos El Regional\"},\"url\":\"https:\/\/elregionalvm.com.ar\/noticias-villa-maria\/author\/contenido\/\"}]}<\/script>\n<!-- \/ Yoast SEO plugin. -->","yoast_head_json":{"title":"La legisladora Guirardelli visit\u00f3 el Colegio Nacional por sus 80 a\u00f1os - El Regional","robots":{"index":"index","follow":"follow","max-snippet":"max-snippet:-1","max-image-preview":"max-image-preview:large","max-video-preview":"max-video-preview:-1"},"canonical":"http:\/\/elregionalvm.com.ar\/noticias-villa-maria\/la-legisladora-guirardelli-visito-el-colegio-nacional-por-sus-80-anos\/","og_locale":"es_ES","og_type":"article","og_title":"La legisladora Guirardelli visit\u00f3 el Colegio Nacional por sus 80 a\u00f1os - El Regional","og_description":"La legisladora Adela Guirardelli visit\u00f3 nuevamente el Colegio Nacional de Villa Mar\u00eda con motivo de celebraci\u00f3n por sus 80 a\u00f1os y entreg\u00f3 a la instituci\u00f3n una placa de reconocimiento de la Legislatura que celebrara su inmensa trayectoria, banderas de C\u00f3rdoba y Argentina, como tambi\u00e9n una copia de la declaraci\u00f3n aprobada en la unicameral. La legisladora [&hellip;]","og_url":"http:\/\/elregionalvm.com.ar\/noticias-villa-maria\/la-legisladora-guirardelli-visito-el-colegio-nacional-por-sus-80-anos\/","og_site_name":"El Regional","article_publisher":"https:\/\/www.facebook.com\/elregionalvm","article_published_time":"2023-05-17T22:36:14+00:00","article_modified_time":"2023-05-18T01:40:06+00:00","og_image":[{"width":1200,"height":1600,"url":"http:\/\/elregionalvm.com.ar\/noticias-villa-maria\/wp-content\/uploads\/2023\/05\/46fe78ab-8294-4fe9-a64f-ef0ec6f73356.jpg","type":"image\/jpeg"}],"author":"Contenidos El Regional","twitter_card":"summary_large_image","twitter_creator":"@elregionalvm1","twitter_site":"@elregionalvm1","twitter_misc":{"Escrito por":"Contenidos El Regional","Tiempo de lectura":"2 minutos"},"schema":{"@context":"https:\/\/schema.org","@graph":[{"@type":"Article","@id":"http:\/\/elregionalvm.com.ar\/noticias-villa-maria\/la-legisladora-guirardelli-visito-el-colegio-nacional-por-sus-80-anos\/#article","isPartOf":{"@id":"http:\/\/elregionalvm.com.ar\/noticias-villa-maria\/la-legisladora-guirardelli-visito-el-colegio-nacional-por-sus-80-anos\/"},"author":{"name":"Contenidos El Regional","@id":"http:\/\/elregionalvm.com.ar\/noticias-villa-maria\/#\/schema\/person\/a0fb9c422317faca23d50163151bc354"},"headline":"La legisladora Guirardelli visit\u00f3 el Colegio Nacional por sus 80 a\u00f1os","datePublished":"2023-05-17T22:36:14+00:00","dateModified":"2023-05-18T01:40:06+00:00","mainEntityOfPage":{"@id":"http:\/\/elregionalvm.com.ar\/noticias-villa-maria\/la-legisladora-guirardelli-visito-el-colegio-nacional-por-sus-80-anos\/"},"wordCount":150,"commentCount":0,"image":{"@id":"http:\/\/elregionalvm.com.ar\/noticias-villa-maria\/la-legisladora-guirardelli-visito-el-colegio-nacional-por-sus-80-anos\/#primaryimage"},"thumbnailUrl":"https:\/\/i0.wp.com\/elregionalvm.com.ar\/noticias-villa-maria\/wp-content\/uploads\/2023\/05\/46fe78ab-8294-4fe9-a64f-ef0ec6f73356.jpg?fit=1200%2C1600&ssl=1","inLanguage":"es","potentialAction":[{"@type":"CommentAction","name":"Comment","target":["http:\/\/elregionalvm.com.ar\/noticias-villa-maria\/la-legisladora-guirardelli-visito-el-colegio-nacional-por-sus-80-anos\/#respond"]}]},{"@type":"WebPage","@id":"http:\/\/elregionalvm.com.ar\/noticias-villa-maria\/la-legisladora-guirardelli-visito-el-colegio-nacional-por-sus-80-anos\/","url":"http:\/\/elregionalvm.com.ar\/noticias-villa-maria\/la-legisladora-guirardelli-visito-el-colegio-nacional-por-sus-80-anos\/","name":"La legisladora Guirardelli visit\u00f3 el Colegio Nacional por sus 80 a\u00f1os - El Regional","isPartOf":{"@id":"http:\/\/elregionalvm.com.ar\/noticias-villa-maria\/#website"},"primaryImageOfPage":{"@id":"http:\/\/elregionalvm.com.ar\/noticias-villa-maria\/la-legisladora-guirardelli-visito-el-colegio-nacional-por-sus-80-anos\/#primaryimage"},"image":{"@id":"http:\/\/elregionalvm.com.ar\/noticias-villa-maria\/la-legisladora-guirardelli-visito-el-colegio-nacional-por-sus-80-anos\/#primaryimage"},"thumbnailUrl":"https:\/\/i0.wp.com\/elregionalvm.com.ar\/noticias-villa-maria\/wp-content\/uploads\/2023\/05\/46fe78ab-8294-4fe9-a64f-ef0ec6f73356.jpg?fit=1200%2C1600&ssl=1","datePublished":"2023-05-17T22:36:14+00:00","dateModified":"2023-05-18T01:40:06+00:00","author":{"@id":"http:\/\/elregionalvm.com.ar\/noticias-villa-maria\/#\/schema\/person\/a0fb9c422317faca23d50163151bc354"},"breadcrumb":{"@id":"http:\/\/elregionalvm.com.ar\/noticias-villa-maria\/la-legisladora-guirardelli-visito-el-colegio-nacional-por-sus-80-anos\/#breadcrumb"},"inLanguage":"es","potentialAction":[{"@type":"ReadAction","target":["http:\/\/elregionalvm.com.ar\/noticias-villa-maria\/la-legisladora-guirardelli-visito-el-colegio-nacional-por-sus-80-anos\/"]}]},{"@type":"ImageObject","inLanguage":"es","@id":"http:\/\/elregionalvm.com.ar\/noticias-villa-maria\/la-legisladora-guirardelli-visito-el-colegio-nacional-por-sus-80-anos\/#primaryimage","url":"https:\/\/i0.wp.com\/elregionalvm.com.ar\/noticias-villa-maria\/wp-content\/uploads\/2023\/05\/46fe78ab-8294-4fe9-a64f-ef0ec6f73356.jpg?fit=1200%2C1600&ssl=1","contentUrl":"https:\/\/i0.wp.com\/elregionalvm.com.ar\/noticias-villa-maria\/wp-content\/uploads\/2023\/05\/46fe78ab-8294-4fe9-a64f-ef0ec6f73356.jpg?fit=1200%2C1600&ssl=1","width":1200,"height":1600},{"@type":"BreadcrumbList","@id":"http:\/\/elregionalvm.com.ar\/noticias-villa-maria\/la-legisladora-guirardelli-visito-el-colegio-nacional-por-sus-80-anos\/#breadcrumb","itemListElement":[{"@type":"ListItem","position":1,"name":"Portada","item":"https:\/\/elregionalvm.com.ar\/noticias-villa-maria\/"},{"@type":"ListItem","position":2,"name":"La legisladora Guirardelli visit\u00f3 el Colegio Nacional por sus 80 a\u00f1os"}]},{"@type":"WebSite","@id":"http:\/\/elregionalvm.com.ar\/noticias-villa-maria\/#website","url":"http:\/\/elregionalvm.com.ar\/noticias-villa-maria\/","name":"El Regional","description":"Mucho m\u00e1s que informaci\u00f3n","potentialAction":[{"@type":"SearchAction","target":{"@type":"EntryPoint","urlTemplate":"http:\/\/elregionalvm.com.ar\/noticias-villa-maria\/?s={search_term_string}"},"query-input":{"@type":"PropertyValueSpecification","valueRequired":true,"valueName":"search_term_string"}}],"inLanguage":"es"},{"@type":"Person","@id":"http:\/\/elregionalvm.com.ar\/noticias-villa-maria\/#\/schema\/person\/a0fb9c422317faca23d50163151bc354","name":"Contenidos El Regional","image":{"@type":"ImageObject","inLanguage":"es","@id":"http:\/\/elregionalvm.com.ar\/noticias-villa-maria\/#\/schema\/person\/image\/","url":"https:\/\/secure.gravatar.com\/avatar\/265b27cb2209af7bb3a1318f03305787d7981a5cc6e6cd08fe5a4ecdf99d4b48?s=96&d=mm&r=g","contentUrl":"https:\/\/secure.gravatar.com\/avatar\/265b27cb2209af7bb3a1318f03305787d7981a5cc6e6cd08fe5a4ecdf99d4b48?s=96&d=mm&r=g","caption":"Contenidos El Regional"},"url":"https:\/\/elregionalvm.com.ar\/noticias-villa-maria\/author\/contenido\/"}]}},"jetpack_featured_media_url":"https:\/\/i0.wp.com\/elregionalvm.com.ar\/noticias-villa-maria\/wp-content\/uploads\/2023\/05\/46fe78ab-8294-4fe9-a64f-ef0ec6f73356.jpg?fit=1200%2C1600&ssl=1","jetpack_sharing_enabled":true,"_links":{"self":[{"href":"https:\/\/elregionalvm.com.ar\/noticias-villa-maria\/wp-json\/wp\/v2\/posts\/76687","targetHints":{"allow":["GET"]}}],"collection":[{"href":"https:\/\/elregionalvm.com.ar\/noticias-villa-maria\/wp-json\/wp\/v2\/posts"}],"about":[{"href":"https:\/\/elregionalvm.com.ar\/noticias-villa-maria\/wp-json\/wp\/v2\/types\/post"}],"author":[{"embeddable":true,"href":"https:\/\/elregionalvm.com.ar\/noticias-villa-maria\/wp-json\/wp\/v2\/users\/4"}],"replies":[{"embeddable":true,"href":"https:\/\/elregionalvm.com.ar\/noticias-villa-maria\/wp-json\/wp\/v2\/comments?post=76687"}],"version-history":[{"count":1,"href":"https:\/\/elregionalvm.com.ar\/noticias-villa-maria\/wp-json\/wp\/v2\/posts\/76687\/revisions"}],"predecessor-version":[{"id":76693,"href":"https:\/\/elregionalvm.com.ar\/noticias-villa-maria\/wp-json\/wp\/v2\/posts\/76687\/revisions\/76693"}],"wp:featuredmedia":[{"embeddable":true,"href":"https:\/\/elregionalvm.com.ar\/noticias-villa-maria\/wp-json\/wp\/v2\/media\/76688"}],"wp:attachment":[{"href":"https:\/\/elregionalvm.com.ar\/noticias-villa-maria\/wp-json\/wp\/v2\/media?parent=76687"}],"wp:term":[{"taxonomy":"category","embeddable":true,"href":"https:\/\/elregionalvm.com.ar\/noticias-villa-maria\/wp-json\/wp\/v2\/categories?post=76687"},{"taxonomy":"post_tag","embeddable":true,"href":"https:\/\/elregionalvm.com.ar\/noticias-villa-maria\/wp-json\/wp\/v2\/tags?post=76687"}],"curies":[{"name":"wp","href":"https:\/\/api.w.org\/{rel}","templated":true}]}}