{"id":77266,"date":"2023-05-27T14:59:39","date_gmt":"2023-05-27T14:59:39","guid":{"rendered":"https:\/\/elregionalvm.com.ar\/noticias-villa-maria\/?p=77266"},"modified":"2023-05-27T14:59:43","modified_gmt":"2023-05-27T14:59:43","slug":"hombre-denuncio-desvios-en-el-registro-automotor-de-oliva-y-resulto-que-era-su-hijo","status":"publish","type":"post","link":"https:\/\/elregionalvm.com.ar\/noticias-villa-maria\/hombre-denuncio-desvios-en-el-registro-automotor-de-oliva-y-resulto-que-era-su-hijo\/","title":{"rendered":"Hombre denunci\u00f3 desv\u00edos en el Registro Automotor de Oliva y result\u00f3 que era su hijo"},"content":{"rendered":"\n<p>Un caso muy particular ocurre en el&nbsp;<a href=\"https:\/\/www.dnrpa.gov.ar\/rentas\/desc_arch_rentas\/_Cordoba.php\"><strong>Registro de la Propiedad Automotor (DNRPA)<\/strong><\/a>&nbsp;de Oliva, donde su titular alert\u00f3 a la justicia federal de Villa Mar\u00eda por desv\u00edos de fondos.<\/p>\n\n\n\n<p><a href=\"https:\/\/www.instagram.com\/trozercerdo\/\" target=\"_blank\" rel=\"noreferrer noopener\"><\/a>Con el avance de las investigaci\u00f3n, llegaron a que el autor ser\u00eda\u00a0<strong>Nicol\u00e1s Marchisio<\/strong>, hijo\u00a0<strong>Rafael Marchisio<\/strong>, es decir el denunciante.<\/p>\n\n\n\n<p>A fines de 2022, Marchisio padre denunci\u00f3 que estaban vaciando las cuentas del Registro en el Banco Naci\u00f3n y Macro.<\/p>\n\n\n\n<p>As\u00ed fue que la fiscal federal de Villa Mar\u00eda, Mar\u00eda Schianni, solicit\u00f3 informes a Mercado Pago desde donde se efectuar\u00edan y tom\u00f3 testimonio a empleados.<\/p>\n\n\n\n<p>Y all\u00ed se determin\u00f3 que el autor ser\u00eda Nicol\u00e1s Marchisio, quien esta una carrera inform\u00e1tica. <\/p>\n\n\n\n<p>Adem\u00e1s,\u00a0con el secuestro de su celular se pudo determinar que el chico cre\u00f3 esa cuenta en la app propiedad de Mercado Libre, pero con los datos de su padre.<\/p>\n\n\n\n<p><\/p>\n","protected":false},"excerpt":{"rendered":"<p>Un caso muy particular ocurre en el&nbsp;Registro de la Propiedad Automotor (DNRPA)&nbsp;de Oliva, donde su titular alert\u00f3 a la justicia federal de Villa Mar\u00eda por desv\u00edos de fondos. Con el avance de las investigaci\u00f3n, llegaron a que el autor ser\u00eda\u00a0Nicol\u00e1s Marchisio, hijo\u00a0Rafael Marchisio, es decir el denunciante. A fines de 2022, Marchisio padre denunci\u00f3 que [&hellip;]<\/p>\n","protected":false},"author":4,"featured_media":77267,"comment_status":"open","ping_status":"open","sticky":false,"template":"","format":"standard","meta":{"site-sidebar-layout":"default","site-content-layout":"","ast-site-content-layout":"default","site-content-style":"default","site-sidebar-style":"default","ast-global-header-display":"","ast-banner-title-visibility":"","ast-main-header-display":"","ast-hfb-above-header-display":"","ast-hfb-below-header-display":"","ast-hfb-mobile-header-display":"","site-post-title":"","ast-breadcrumbs-content":"","ast-featured-img":"","footer-sml-layout":"","ast-disable-related-posts":"","theme-transparent-header-meta":"","adv-header-id-meta":"","stick-header-meta":"","header-above-stick-meta":"","header-main-stick-meta":"","header-below-stick-meta":"","astra-migrate-meta-layouts":"default","ast-page-background-enabled":"default","ast-page-background-meta":{"desktop":{"background-color":"","background-image":"","background-repeat":"repeat","background-position":"center center","background-size":"auto","background-attachment":"scroll","background-type":"","background-media":"","overlay-type":"","overlay-color":"","overlay-opacity":"","overlay-gradient":""},"tablet":{"background-color":"","background-image":"","background-repeat":"repeat","background-position":"center center","background-size":"auto","background-attachment":"scroll","background-type":"","background-media":"","overlay-type":"","overlay-color":"","overlay-opacity":"","overlay-gradient":""},"mobile":{"background-color":"","background-image":"","background-repeat":"repeat","background-position":"center center","background-size":"auto","background-attachment":"scroll","background-type":"","background-media":"","overlay-type":"","overlay-color":"","overlay-opacity":"","overlay-gradient":""}},"ast-content-background-meta":{"desktop":{"background-color":"var(--ast-global-color-5)","background-image":"","background-repeat":"repeat","background-position":"center center","background-size":"auto","background-attachment":"scroll","background-type":"","background-media":"","overlay-type":"","overlay-color":"","overlay-opacity":"","overlay-gradient":""},"tablet":{"background-color":"var(--ast-global-color-5)","background-image":"","background-repeat":"repeat","background-position":"center center","background-size":"auto","background-attachment":"scroll","background-type":"","background-media":"","overlay-type":"","overlay-color":"","overlay-opacity":"","overlay-gradient":""},"mobile":{"background-color":"var(--ast-global-color-5)","background-image":"","background-repeat":"repeat","background-position":"center center","background-size":"auto","background-attachment":"scroll","background-type":"","background-media":"","overlay-type":"","overlay-color":"","overlay-opacity":"","overlay-gradient":""}},"_jetpack_memberships_contains_paid_content":false,"_joinchat":[],"footnotes":""},"categories":[15302,2234,2091,5],"tags":[],"class_list":["post-77266","post","type-post","status-publish","format-standard","has-post-thumbnail","hentry","category-destacado","category-policiales","category-region","category-sociedad"],"yoast_head":"<!-- This site is optimized with the Yoast SEO plugin v26.8 - https:\/\/yoast.com\/product\/yoast-seo-wordpress\/ -->\n<title>Hombre denunci\u00f3 desv\u00edos en el Registro Automotor de Oliva y result\u00f3 que era su hijo - El Regional<\/title>\n<meta name=\"robots\" content=\"index, follow, max-snippet:-1, max-image-preview:large, max-video-preview:-1\" \/>\n<link rel=\"canonical\" href=\"http:\/\/elregionalvm.com.ar\/noticias-villa-maria\/hombre-denuncio-desvios-en-el-registro-automotor-de-oliva-y-resulto-que-era-su-hijo\/\" \/>\n<meta property=\"og:locale\" content=\"es_ES\" \/>\n<meta property=\"og:type\" content=\"article\" \/>\n<meta property=\"og:title\" content=\"Hombre denunci\u00f3 desv\u00edos en el Registro Automotor de Oliva y result\u00f3 que era su hijo - El Regional\" \/>\n<meta property=\"og:description\" content=\"Un caso muy particular ocurre en el&nbsp;Registro de la Propiedad Automotor (DNRPA)&nbsp;de Oliva, donde su titular alert\u00f3 a la justicia federal de Villa Mar\u00eda por desv\u00edos de fondos. Con el avance de las investigaci\u00f3n, llegaron a que el autor ser\u00eda\u00a0Nicol\u00e1s Marchisio, hijo\u00a0Rafael Marchisio, es decir el denunciante. A fines de 2022, Marchisio padre denunci\u00f3 que [&hellip;]\" \/>\n<meta property=\"og:url\" content=\"http:\/\/elregionalvm.com.ar\/noticias-villa-maria\/hombre-denuncio-desvios-en-el-registro-automotor-de-oliva-y-resulto-que-era-su-hijo\/\" \/>\n<meta property=\"og:site_name\" content=\"El Regional\" \/>\n<meta property=\"article:publisher\" content=\"https:\/\/www.facebook.com\/elregionalvm\" \/>\n<meta property=\"article:published_time\" content=\"2023-05-27T14:59:39+00:00\" \/>\n<meta property=\"article:modified_time\" content=\"2023-05-27T14:59:43+00:00\" \/>\n<meta property=\"og:image\" content=\"http:\/\/elregionalvm.com.ar\/noticias-villa-maria\/wp-content\/uploads\/2023\/05\/o_1646761224.jpg\" \/>\n\t<meta property=\"og:image:width\" content=\"800\" \/>\n\t<meta property=\"og:image:height\" content=\"450\" \/>\n\t<meta property=\"og:image:type\" content=\"image\/jpeg\" \/>\n<meta name=\"author\" content=\"Contenidos El Regional\" \/>\n<meta name=\"twitter:card\" content=\"summary_large_image\" \/>\n<meta name=\"twitter:creator\" content=\"@elregionalvm1\" \/>\n<meta name=\"twitter:site\" content=\"@elregionalvm1\" \/>\n<meta name=\"twitter:label1\" content=\"Escrito por\" \/>\n\t<meta name=\"twitter:data1\" content=\"Contenidos El Regional\" \/>\n\t<meta name=\"twitter:label2\" content=\"Tiempo de lectura\" \/>\n\t<meta name=\"twitter:data2\" content=\"1 minuto\" \/>\n<script type=\"application\/ld+json\" class=\"yoast-schema-graph\">{\"@context\":\"https:\/\/schema.org\",\"@graph\":[{\"@type\":\"Article\",\"@id\":\"http:\/\/elregionalvm.com.ar\/noticias-villa-maria\/hombre-denuncio-desvios-en-el-registro-automotor-de-oliva-y-resulto-que-era-su-hijo\/#article\",\"isPartOf\":{\"@id\":\"http:\/\/elregionalvm.com.ar\/noticias-villa-maria\/hombre-denuncio-desvios-en-el-registro-automotor-de-oliva-y-resulto-que-era-su-hijo\/\"},\"author\":{\"name\":\"Contenidos El Regional\",\"@id\":\"http:\/\/elregionalvm.com.ar\/noticias-villa-maria\/#\/schema\/person\/a0fb9c422317faca23d50163151bc354\"},\"headline\":\"Hombre denunci\u00f3 desv\u00edos en el Registro Automotor de Oliva y result\u00f3 que era su hijo\",\"datePublished\":\"2023-05-27T14:59:39+00:00\",\"dateModified\":\"2023-05-27T14:59:43+00:00\",\"mainEntityOfPage\":{\"@id\":\"http:\/\/elregionalvm.com.ar\/noticias-villa-maria\/hombre-denuncio-desvios-en-el-registro-automotor-de-oliva-y-resulto-que-era-su-hijo\/\"},\"wordCount\":171,\"commentCount\":0,\"image\":{\"@id\":\"http:\/\/elregionalvm.com.ar\/noticias-villa-maria\/hombre-denuncio-desvios-en-el-registro-automotor-de-oliva-y-resulto-que-era-su-hijo\/#primaryimage\"},\"thumbnailUrl\":\"https:\/\/i0.wp.com\/elregionalvm.com.ar\/noticias-villa-maria\/wp-content\/uploads\/2023\/05\/o_1646761224.jpg?fit=800%2C450&ssl=1\",\"articleSection\":[\"destacado\",\"Policiales\",\"Regi\u00f3n\",\"Sociedad\"],\"inLanguage\":\"es\",\"potentialAction\":[{\"@type\":\"CommentAction\",\"name\":\"Comment\",\"target\":[\"http:\/\/elregionalvm.com.ar\/noticias-villa-maria\/hombre-denuncio-desvios-en-el-registro-automotor-de-oliva-y-resulto-que-era-su-hijo\/#respond\"]}]},{\"@type\":\"WebPage\",\"@id\":\"http:\/\/elregionalvm.com.ar\/noticias-villa-maria\/hombre-denuncio-desvios-en-el-registro-automotor-de-oliva-y-resulto-que-era-su-hijo\/\",\"url\":\"http:\/\/elregionalvm.com.ar\/noticias-villa-maria\/hombre-denuncio-desvios-en-el-registro-automotor-de-oliva-y-resulto-que-era-su-hijo\/\",\"name\":\"Hombre denunci\u00f3 desv\u00edos en el Registro Automotor de Oliva y result\u00f3 que era su hijo - El Regional\",\"isPartOf\":{\"@id\":\"http:\/\/elregionalvm.com.ar\/noticias-villa-maria\/#website\"},\"primaryImageOfPage\":{\"@id\":\"http:\/\/elregionalvm.com.ar\/noticias-villa-maria\/hombre-denuncio-desvios-en-el-registro-automotor-de-oliva-y-resulto-que-era-su-hijo\/#primaryimage\"},\"image\":{\"@id\":\"http:\/\/elregionalvm.com.ar\/noticias-villa-maria\/hombre-denuncio-desvios-en-el-registro-automotor-de-oliva-y-resulto-que-era-su-hijo\/#primaryimage\"},\"thumbnailUrl\":\"https:\/\/i0.wp.com\/elregionalvm.com.ar\/noticias-villa-maria\/wp-content\/uploads\/2023\/05\/o_1646761224.jpg?fit=800%2C450&ssl=1\",\"datePublished\":\"2023-05-27T14:59:39+00:00\",\"dateModified\":\"2023-05-27T14:59:43+00:00\",\"author\":{\"@id\":\"http:\/\/elregionalvm.com.ar\/noticias-villa-maria\/#\/schema\/person\/a0fb9c422317faca23d50163151bc354\"},\"breadcrumb\":{\"@id\":\"http:\/\/elregionalvm.com.ar\/noticias-villa-maria\/hombre-denuncio-desvios-en-el-registro-automotor-de-oliva-y-resulto-que-era-su-hijo\/#breadcrumb\"},\"inLanguage\":\"es\",\"potentialAction\":[{\"@type\":\"ReadAction\",\"target\":[\"http:\/\/elregionalvm.com.ar\/noticias-villa-maria\/hombre-denuncio-desvios-en-el-registro-automotor-de-oliva-y-resulto-que-era-su-hijo\/\"]}]},{\"@type\":\"ImageObject\",\"inLanguage\":\"es\",\"@id\":\"http:\/\/elregionalvm.com.ar\/noticias-villa-maria\/hombre-denuncio-desvios-en-el-registro-automotor-de-oliva-y-resulto-que-era-su-hijo\/#primaryimage\",\"url\":\"https:\/\/i0.wp.com\/elregionalvm.com.ar\/noticias-villa-maria\/wp-content\/uploads\/2023\/05\/o_1646761224.jpg?fit=800%2C450&ssl=1\",\"contentUrl\":\"https:\/\/i0.wp.com\/elregionalvm.com.ar\/noticias-villa-maria\/wp-content\/uploads\/2023\/05\/o_1646761224.jpg?fit=800%2C450&ssl=1\",\"width\":800,\"height\":450},{\"@type\":\"BreadcrumbList\",\"@id\":\"http:\/\/elregionalvm.com.ar\/noticias-villa-maria\/hombre-denuncio-desvios-en-el-registro-automotor-de-oliva-y-resulto-que-era-su-hijo\/#breadcrumb\",\"itemListElement\":[{\"@type\":\"ListItem\",\"position\":1,\"name\":\"Portada\",\"item\":\"https:\/\/elregionalvm.com.ar\/noticias-villa-maria\/\"},{\"@type\":\"ListItem\",\"position\":2,\"name\":\"Hombre denunci\u00f3 desv\u00edos en el Registro Automotor de Oliva y result\u00f3 que era su hijo\"}]},{\"@type\":\"WebSite\",\"@id\":\"http:\/\/elregionalvm.com.ar\/noticias-villa-maria\/#website\",\"url\":\"http:\/\/elregionalvm.com.ar\/noticias-villa-maria\/\",\"name\":\"El Regional\",\"description\":\"Mucho m\u00e1s que informaci\u00f3n\",\"potentialAction\":[{\"@type\":\"SearchAction\",\"target\":{\"@type\":\"EntryPoint\",\"urlTemplate\":\"http:\/\/elregionalvm.com.ar\/noticias-villa-maria\/?s={search_term_string}\"},\"query-input\":{\"@type\":\"PropertyValueSpecification\",\"valueRequired\":true,\"valueName\":\"search_term_string\"}}],\"inLanguage\":\"es\"},{\"@type\":\"Person\",\"@id\":\"http:\/\/elregionalvm.com.ar\/noticias-villa-maria\/#\/schema\/person\/a0fb9c422317faca23d50163151bc354\",\"name\":\"Contenidos El Regional\",\"image\":{\"@type\":\"ImageObject\",\"inLanguage\":\"es\",\"@id\":\"http:\/\/elregionalvm.com.ar\/noticias-villa-maria\/#\/schema\/person\/image\/\",\"url\":\"https:\/\/secure.gravatar.com\/avatar\/265b27cb2209af7bb3a1318f03305787d7981a5cc6e6cd08fe5a4ecdf99d4b48?s=96&d=mm&r=g\",\"contentUrl\":\"https:\/\/secure.gravatar.com\/avatar\/265b27cb2209af7bb3a1318f03305787d7981a5cc6e6cd08fe5a4ecdf99d4b48?s=96&d=mm&r=g\",\"caption\":\"Contenidos El Regional\"},\"url\":\"https:\/\/elregionalvm.com.ar\/noticias-villa-maria\/author\/contenido\/\"}]}<\/script>\n<!-- \/ Yoast SEO plugin. -->","yoast_head_json":{"title":"Hombre denunci\u00f3 desv\u00edos en el Registro Automotor de Oliva y result\u00f3 que era su hijo - El Regional","robots":{"index":"index","follow":"follow","max-snippet":"max-snippet:-1","max-image-preview":"max-image-preview:large","max-video-preview":"max-video-preview:-1"},"canonical":"http:\/\/elregionalvm.com.ar\/noticias-villa-maria\/hombre-denuncio-desvios-en-el-registro-automotor-de-oliva-y-resulto-que-era-su-hijo\/","og_locale":"es_ES","og_type":"article","og_title":"Hombre denunci\u00f3 desv\u00edos en el Registro Automotor de Oliva y result\u00f3 que era su hijo - El Regional","og_description":"Un caso muy particular ocurre en el&nbsp;Registro de la Propiedad Automotor (DNRPA)&nbsp;de Oliva, donde su titular alert\u00f3 a la justicia federal de Villa Mar\u00eda por desv\u00edos de fondos. Con el avance de las investigaci\u00f3n, llegaron a que el autor ser\u00eda\u00a0Nicol\u00e1s Marchisio, hijo\u00a0Rafael Marchisio, es decir el denunciante. A fines de 2022, Marchisio padre denunci\u00f3 que [&hellip;]","og_url":"http:\/\/elregionalvm.com.ar\/noticias-villa-maria\/hombre-denuncio-desvios-en-el-registro-automotor-de-oliva-y-resulto-que-era-su-hijo\/","og_site_name":"El Regional","article_publisher":"https:\/\/www.facebook.com\/elregionalvm","article_published_time":"2023-05-27T14:59:39+00:00","article_modified_time":"2023-05-27T14:59:43+00:00","og_image":[{"width":800,"height":450,"url":"http:\/\/elregionalvm.com.ar\/noticias-villa-maria\/wp-content\/uploads\/2023\/05\/o_1646761224.jpg","type":"image\/jpeg"}],"author":"Contenidos El Regional","twitter_card":"summary_large_image","twitter_creator":"@elregionalvm1","twitter_site":"@elregionalvm1","twitter_misc":{"Escrito por":"Contenidos El Regional","Tiempo de lectura":"1 minuto"},"schema":{"@context":"https:\/\/schema.org","@graph":[{"@type":"Article","@id":"http:\/\/elregionalvm.com.ar\/noticias-villa-maria\/hombre-denuncio-desvios-en-el-registro-automotor-de-oliva-y-resulto-que-era-su-hijo\/#article","isPartOf":{"@id":"http:\/\/elregionalvm.com.ar\/noticias-villa-maria\/hombre-denuncio-desvios-en-el-registro-automotor-de-oliva-y-resulto-que-era-su-hijo\/"},"author":{"name":"Contenidos El Regional","@id":"http:\/\/elregionalvm.com.ar\/noticias-villa-maria\/#\/schema\/person\/a0fb9c422317faca23d50163151bc354"},"headline":"Hombre denunci\u00f3 desv\u00edos en el Registro Automotor de Oliva y result\u00f3 que era su hijo","datePublished":"2023-05-27T14:59:39+00:00","dateModified":"2023-05-27T14:59:43+00:00","mainEntityOfPage":{"@id":"http:\/\/elregionalvm.com.ar\/noticias-villa-maria\/hombre-denuncio-desvios-en-el-registro-automotor-de-oliva-y-resulto-que-era-su-hijo\/"},"wordCount":171,"commentCount":0,"image":{"@id":"http:\/\/elregionalvm.com.ar\/noticias-villa-maria\/hombre-denuncio-desvios-en-el-registro-automotor-de-oliva-y-resulto-que-era-su-hijo\/#primaryimage"},"thumbnailUrl":"https:\/\/i0.wp.com\/elregionalvm.com.ar\/noticias-villa-maria\/wp-content\/uploads\/2023\/05\/o_1646761224.jpg?fit=800%2C450&ssl=1","articleSection":["destacado","Policiales","Regi\u00f3n","Sociedad"],"inLanguage":"es","potentialAction":[{"@type":"CommentAction","name":"Comment","target":["http:\/\/elregionalvm.com.ar\/noticias-villa-maria\/hombre-denuncio-desvios-en-el-registro-automotor-de-oliva-y-resulto-que-era-su-hijo\/#respond"]}]},{"@type":"WebPage","@id":"http:\/\/elregionalvm.com.ar\/noticias-villa-maria\/hombre-denuncio-desvios-en-el-registro-automotor-de-oliva-y-resulto-que-era-su-hijo\/","url":"http:\/\/elregionalvm.com.ar\/noticias-villa-maria\/hombre-denuncio-desvios-en-el-registro-automotor-de-oliva-y-resulto-que-era-su-hijo\/","name":"Hombre denunci\u00f3 desv\u00edos en el Registro Automotor de Oliva y result\u00f3 que era su hijo - El Regional","isPartOf":{"@id":"http:\/\/elregionalvm.com.ar\/noticias-villa-maria\/#website"},"primaryImageOfPage":{"@id":"http:\/\/elregionalvm.com.ar\/noticias-villa-maria\/hombre-denuncio-desvios-en-el-registro-automotor-de-oliva-y-resulto-que-era-su-hijo\/#primaryimage"},"image":{"@id":"http:\/\/elregionalvm.com.ar\/noticias-villa-maria\/hombre-denuncio-desvios-en-el-registro-automotor-de-oliva-y-resulto-que-era-su-hijo\/#primaryimage"},"thumbnailUrl":"https:\/\/i0.wp.com\/elregionalvm.com.ar\/noticias-villa-maria\/wp-content\/uploads\/2023\/05\/o_1646761224.jpg?fit=800%2C450&ssl=1","datePublished":"2023-05-27T14:59:39+00:00","dateModified":"2023-05-27T14:59:43+00:00","author":{"@id":"http:\/\/elregionalvm.com.ar\/noticias-villa-maria\/#\/schema\/person\/a0fb9c422317faca23d50163151bc354"},"breadcrumb":{"@id":"http:\/\/elregionalvm.com.ar\/noticias-villa-maria\/hombre-denuncio-desvios-en-el-registro-automotor-de-oliva-y-resulto-que-era-su-hijo\/#breadcrumb"},"inLanguage":"es","potentialAction":[{"@type":"ReadAction","target":["http:\/\/elregionalvm.com.ar\/noticias-villa-maria\/hombre-denuncio-desvios-en-el-registro-automotor-de-oliva-y-resulto-que-era-su-hijo\/"]}]},{"@type":"ImageObject","inLanguage":"es","@id":"http:\/\/elregionalvm.com.ar\/noticias-villa-maria\/hombre-denuncio-desvios-en-el-registro-automotor-de-oliva-y-resulto-que-era-su-hijo\/#primaryimage","url":"https:\/\/i0.wp.com\/elregionalvm.com.ar\/noticias-villa-maria\/wp-content\/uploads\/2023\/05\/o_1646761224.jpg?fit=800%2C450&ssl=1","contentUrl":"https:\/\/i0.wp.com\/elregionalvm.com.ar\/noticias-villa-maria\/wp-content\/uploads\/2023\/05\/o_1646761224.jpg?fit=800%2C450&ssl=1","width":800,"height":450},{"@type":"BreadcrumbList","@id":"http:\/\/elregionalvm.com.ar\/noticias-villa-maria\/hombre-denuncio-desvios-en-el-registro-automotor-de-oliva-y-resulto-que-era-su-hijo\/#breadcrumb","itemListElement":[{"@type":"ListItem","position":1,"name":"Portada","item":"https:\/\/elregionalvm.com.ar\/noticias-villa-maria\/"},{"@type":"ListItem","position":2,"name":"Hombre denunci\u00f3 desv\u00edos en el Registro Automotor de Oliva y result\u00f3 que era su hijo"}]},{"@type":"WebSite","@id":"http:\/\/elregionalvm.com.ar\/noticias-villa-maria\/#website","url":"http:\/\/elregionalvm.com.ar\/noticias-villa-maria\/","name":"El Regional","description":"Mucho m\u00e1s que informaci\u00f3n","potentialAction":[{"@type":"SearchAction","target":{"@type":"EntryPoint","urlTemplate":"http:\/\/elregionalvm.com.ar\/noticias-villa-maria\/?s={search_term_string}"},"query-input":{"@type":"PropertyValueSpecification","valueRequired":true,"valueName":"search_term_string"}}],"inLanguage":"es"},{"@type":"Person","@id":"http:\/\/elregionalvm.com.ar\/noticias-villa-maria\/#\/schema\/person\/a0fb9c422317faca23d50163151bc354","name":"Contenidos El Regional","image":{"@type":"ImageObject","inLanguage":"es","@id":"http:\/\/elregionalvm.com.ar\/noticias-villa-maria\/#\/schema\/person\/image\/","url":"https:\/\/secure.gravatar.com\/avatar\/265b27cb2209af7bb3a1318f03305787d7981a5cc6e6cd08fe5a4ecdf99d4b48?s=96&d=mm&r=g","contentUrl":"https:\/\/secure.gravatar.com\/avatar\/265b27cb2209af7bb3a1318f03305787d7981a5cc6e6cd08fe5a4ecdf99d4b48?s=96&d=mm&r=g","caption":"Contenidos El Regional"},"url":"https:\/\/elregionalvm.com.ar\/noticias-villa-maria\/author\/contenido\/"}]}},"jetpack_featured_media_url":"https:\/\/i0.wp.com\/elregionalvm.com.ar\/noticias-villa-maria\/wp-content\/uploads\/2023\/05\/o_1646761224.jpg?fit=800%2C450&ssl=1","jetpack_sharing_enabled":true,"_links":{"self":[{"href":"https:\/\/elregionalvm.com.ar\/noticias-villa-maria\/wp-json\/wp\/v2\/posts\/77266","targetHints":{"allow":["GET"]}}],"collection":[{"href":"https:\/\/elregionalvm.com.ar\/noticias-villa-maria\/wp-json\/wp\/v2\/posts"}],"about":[{"href":"https:\/\/elregionalvm.com.ar\/noticias-villa-maria\/wp-json\/wp\/v2\/types\/post"}],"author":[{"embeddable":true,"href":"https:\/\/elregionalvm.com.ar\/noticias-villa-maria\/wp-json\/wp\/v2\/users\/4"}],"replies":[{"embeddable":true,"href":"https:\/\/elregionalvm.com.ar\/noticias-villa-maria\/wp-json\/wp\/v2\/comments?post=77266"}],"version-history":[{"count":1,"href":"https:\/\/elregionalvm.com.ar\/noticias-villa-maria\/wp-json\/wp\/v2\/posts\/77266\/revisions"}],"predecessor-version":[{"id":77268,"href":"https:\/\/elregionalvm.com.ar\/noticias-villa-maria\/wp-json\/wp\/v2\/posts\/77266\/revisions\/77268"}],"wp:featuredmedia":[{"embeddable":true,"href":"https:\/\/elregionalvm.com.ar\/noticias-villa-maria\/wp-json\/wp\/v2\/media\/77267"}],"wp:attachment":[{"href":"https:\/\/elregionalvm.com.ar\/noticias-villa-maria\/wp-json\/wp\/v2\/media?parent=77266"}],"wp:term":[{"taxonomy":"category","embeddable":true,"href":"https:\/\/elregionalvm.com.ar\/noticias-villa-maria\/wp-json\/wp\/v2\/categories?post=77266"},{"taxonomy":"post_tag","embeddable":true,"href":"https:\/\/elregionalvm.com.ar\/noticias-villa-maria\/wp-json\/wp\/v2\/tags?post=77266"}],"curies":[{"name":"wp","href":"https:\/\/api.w.org\/{rel}","templated":true}]}}