{"id":77269,"date":"2023-05-27T15:17:14","date_gmt":"2023-05-27T15:17:14","guid":{"rendered":"https:\/\/elregionalvm.com.ar\/noticias-villa-maria\/?p=77269"},"modified":"2023-05-29T14:31:22","modified_gmt":"2023-05-29T14:31:22","slug":"comenzo-la-venta-de-entradas-para-las-finales-del-ascenso-que-disputara-ameghino","status":"publish","type":"post","link":"https:\/\/elregionalvm.com.ar\/noticias-villa-maria\/comenzo-la-venta-de-entradas-para-las-finales-del-ascenso-que-disputara-ameghino\/","title":{"rendered":"Comenz\u00f3 la venta de entradas para las finales del ascenso que disputar\u00e1 Ameghino"},"content":{"rendered":"\n<p>El Le\u00f3n, se enfrentar\u00e1 a Zarate, tras vencer a GEPU, donde cerr\u00f3 la serie 3-0. <\/p>\n\n\n\n<p>Comenzar\u00e1 el primer juego este lunes 29 a las 21 hs como local. Seguido, jugar\u00e1 nuevamente el mi\u00e9rcoles. <\/p>\n\n\n\n<p>Despu\u00e9s ir\u00e1 de visitante a Buenos Aires. <\/p>\n\n\n\n<figure class=\"wp-block-image size-large\"><img data-recalc-dims=\"1\" fetchpriority=\"high\" decoding=\"async\" width=\"819\" height=\"1024\" src=\"https:\/\/i0.wp.com\/elregionalvm.com.ar\/noticias-villa-maria\/wp-content\/uploads\/2023\/05\/WhatsApp-Image-2023-05-25-at-23.59.52.jpeg?resize=819%2C1024&#038;ssl=1\" alt=\"\" class=\"wp-image-77270\" srcset=\"https:\/\/i0.wp.com\/elregionalvm.com.ar\/noticias-villa-maria\/wp-content\/uploads\/2023\/05\/WhatsApp-Image-2023-05-25-at-23.59.52.jpeg?resize=819%2C1024&amp;ssl=1 819w, https:\/\/i0.wp.com\/elregionalvm.com.ar\/noticias-villa-maria\/wp-content\/uploads\/2023\/05\/WhatsApp-Image-2023-05-25-at-23.59.52.jpeg?resize=240%2C300&amp;ssl=1 240w, https:\/\/i0.wp.com\/elregionalvm.com.ar\/noticias-villa-maria\/wp-content\/uploads\/2023\/05\/WhatsApp-Image-2023-05-25-at-23.59.52.jpeg?resize=768%2C960&amp;ssl=1 768w, https:\/\/i0.wp.com\/elregionalvm.com.ar\/noticias-villa-maria\/wp-content\/uploads\/2023\/05\/WhatsApp-Image-2023-05-25-at-23.59.52.jpeg?w=1080&amp;ssl=1 1080w\" sizes=\"(max-width: 819px) 100vw, 819px\" \/><\/figure>\n\n\n\n<p>Adquir\u00ed tu entrada este fin de semana en la Secretar\u00eda del Club:<br>\u2022 S\u00e1bado, de 8 a 12:30hs. y de 14 a 18hs.<br>\u2022 Domingo, de 10 a 16hs.<\/p>\n\n\n\n<p>\u00a1Ven\u00ed a alentar al Le\u00f3n! <\/p>\n\n\n\n<p>Cronograma para las finales por el ascenso a la Liga Nacional de B\u00e1squet <\/p>\n\n\n\n<p>1er juego: 29\/05 a las 21hs (Villa Mar\u00eda)<\/p>\n\n\n\n<p>2do juego: 31\/05 a las 21hs (Villa Mar\u00eda)<\/p>\n\n\n\n<p>3er juego: 03\/06 a las 21hs (Zarate)<\/p>\n\n\n\n<p>4to juego: 05\/06 a las 21hs* (Zarate)<\/p>\n\n\n\n<p><strong>5to juego: 08\/06 a las 21hs* (Villa Mar\u00eda)<\/strong><\/p>\n\n\n\n<p><strong>*De ser necesarios<\/strong><\/p>\n","protected":false},"excerpt":{"rendered":"<p>El Le\u00f3n, se enfrentar\u00e1 a Zarate, tras vencer a GEPU, donde cerr\u00f3 la serie 3-0. Comenzar\u00e1 el primer juego este lunes 29 a las 21 hs como local. Seguido, jugar\u00e1 nuevamente el mi\u00e9rcoles. Despu\u00e9s ir\u00e1 de visitante a Buenos Aires. Adquir\u00ed tu entrada este fin de semana en la Secretar\u00eda del Club:\u2022 S\u00e1bado, de 8 [&hellip;]<\/p>\n","protected":false},"author":4,"featured_media":77271,"comment_status":"open","ping_status":"open","sticky":false,"template":"","format":"standard","meta":{"site-sidebar-layout":"default","site-content-layout":"","ast-site-content-layout":"default","site-content-style":"default","site-sidebar-style":"default","ast-global-header-display":"","ast-banner-title-visibility":"","ast-main-header-display":"","ast-hfb-above-header-display":"","ast-hfb-below-header-display":"","ast-hfb-mobile-header-display":"","site-post-title":"","ast-breadcrumbs-content":"","ast-featured-img":"","footer-sml-layout":"","ast-disable-related-posts":"","theme-transparent-header-meta":"","adv-header-id-meta":"","stick-header-meta":"","header-above-stick-meta":"","header-main-stick-meta":"","header-below-stick-meta":"","astra-migrate-meta-layouts":"default","ast-page-background-enabled":"default","ast-page-background-meta":{"desktop":{"background-color":"","background-image":"","background-repeat":"repeat","background-position":"center center","background-size":"auto","background-attachment":"scroll","background-type":"","background-media":"","overlay-type":"","overlay-color":"","overlay-opacity":"","overlay-gradient":""},"tablet":{"background-color":"","background-image":"","background-repeat":"repeat","background-position":"center center","background-size":"auto","background-attachment":"scroll","background-type":"","background-media":"","overlay-type":"","overlay-color":"","overlay-opacity":"","overlay-gradient":""},"mobile":{"background-color":"","background-image":"","background-repeat":"repeat","background-position":"center center","background-size":"auto","background-attachment":"scroll","background-type":"","background-media":"","overlay-type":"","overlay-color":"","overlay-opacity":"","overlay-gradient":""}},"ast-content-background-meta":{"desktop":{"background-color":"var(--ast-global-color-5)","background-image":"","background-repeat":"repeat","background-position":"center center","background-size":"auto","background-attachment":"scroll","background-type":"","background-media":"","overlay-type":"","overlay-color":"","overlay-opacity":"","overlay-gradient":""},"tablet":{"background-color":"var(--ast-global-color-5)","background-image":"","background-repeat":"repeat","background-position":"center center","background-size":"auto","background-attachment":"scroll","background-type":"","background-media":"","overlay-type":"","overlay-color":"","overlay-opacity":"","overlay-gradient":""},"mobile":{"background-color":"var(--ast-global-color-5)","background-image":"","background-repeat":"repeat","background-position":"center center","background-size":"auto","background-attachment":"scroll","background-type":"","background-media":"","overlay-type":"","overlay-color":"","overlay-opacity":"","overlay-gradient":""}},"_jetpack_memberships_contains_paid_content":false,"_joinchat":[],"footnotes":""},"categories":[15158,5,2],"tags":[],"class_list":["post-77269","post","type-post","status-publish","format-standard","has-post-thumbnail","hentry","category-deporte","category-sociedad","category-villa-maria"],"yoast_head":"<!-- This site is optimized with the Yoast SEO plugin v26.8 - https:\/\/yoast.com\/product\/yoast-seo-wordpress\/ -->\n<title>Comenz\u00f3 la venta de entradas para las finales del ascenso que disputar\u00e1 Ameghino - El Regional<\/title>\n<meta name=\"robots\" content=\"index, follow, max-snippet:-1, max-image-preview:large, max-video-preview:-1\" \/>\n<link rel=\"canonical\" href=\"http:\/\/elregionalvm.com.ar\/noticias-villa-maria\/comenzo-la-venta-de-entradas-para-las-finales-del-ascenso-que-disputara-ameghino\/\" \/>\n<meta property=\"og:locale\" content=\"es_ES\" \/>\n<meta property=\"og:type\" content=\"article\" \/>\n<meta property=\"og:title\" content=\"Comenz\u00f3 la venta de entradas para las finales del ascenso que disputar\u00e1 Ameghino - El Regional\" \/>\n<meta property=\"og:description\" content=\"El Le\u00f3n, se enfrentar\u00e1 a Zarate, tras vencer a GEPU, donde cerr\u00f3 la serie 3-0. Comenzar\u00e1 el primer juego este lunes 29 a las 21 hs como local. Seguido, jugar\u00e1 nuevamente el mi\u00e9rcoles. Despu\u00e9s ir\u00e1 de visitante a Buenos Aires. Adquir\u00ed tu entrada este fin de semana en la Secretar\u00eda del Club:\u2022 S\u00e1bado, de 8 [&hellip;]\" \/>\n<meta property=\"og:url\" content=\"http:\/\/elregionalvm.com.ar\/noticias-villa-maria\/comenzo-la-venta-de-entradas-para-las-finales-del-ascenso-que-disputara-ameghino\/\" \/>\n<meta property=\"og:site_name\" content=\"El Regional\" \/>\n<meta property=\"article:publisher\" content=\"https:\/\/www.facebook.com\/elregionalvm\" \/>\n<meta property=\"article:published_time\" content=\"2023-05-27T15:17:14+00:00\" \/>\n<meta property=\"article:modified_time\" content=\"2023-05-29T14:31:22+00:00\" \/>\n<meta property=\"og:image\" content=\"http:\/\/elregionalvm.com.ar\/noticias-villa-maria\/wp-content\/uploads\/2023\/05\/WhatsApp-Image-2023-05-26-at-11.41.18.jpeg\" \/>\n\t<meta property=\"og:image:width\" content=\"1080\" \/>\n\t<meta property=\"og:image:height\" content=\"1080\" \/>\n\t<meta property=\"og:image:type\" content=\"image\/jpeg\" \/>\n<meta name=\"author\" content=\"Contenidos El Regional\" \/>\n<meta name=\"twitter:card\" content=\"summary_large_image\" \/>\n<meta name=\"twitter:creator\" content=\"@elregionalvm1\" \/>\n<meta name=\"twitter:site\" content=\"@elregionalvm1\" \/>\n<meta name=\"twitter:label1\" content=\"Escrito por\" \/>\n\t<meta name=\"twitter:data1\" content=\"Contenidos El Regional\" \/>\n\t<meta name=\"twitter:label2\" content=\"Tiempo de lectura\" \/>\n\t<meta name=\"twitter:data2\" content=\"1 minuto\" \/>\n<script type=\"application\/ld+json\" class=\"yoast-schema-graph\">{\"@context\":\"https:\/\/schema.org\",\"@graph\":[{\"@type\":\"Article\",\"@id\":\"http:\/\/elregionalvm.com.ar\/noticias-villa-maria\/comenzo-la-venta-de-entradas-para-las-finales-del-ascenso-que-disputara-ameghino\/#article\",\"isPartOf\":{\"@id\":\"http:\/\/elregionalvm.com.ar\/noticias-villa-maria\/comenzo-la-venta-de-entradas-para-las-finales-del-ascenso-que-disputara-ameghino\/\"},\"author\":{\"name\":\"Contenidos El Regional\",\"@id\":\"http:\/\/elregionalvm.com.ar\/noticias-villa-maria\/#\/schema\/person\/a0fb9c422317faca23d50163151bc354\"},\"headline\":\"Comenz\u00f3 la venta de entradas para las finales del ascenso que disputar\u00e1 Ameghino\",\"datePublished\":\"2023-05-27T15:17:14+00:00\",\"dateModified\":\"2023-05-29T14:31:22+00:00\",\"mainEntityOfPage\":{\"@id\":\"http:\/\/elregionalvm.com.ar\/noticias-villa-maria\/comenzo-la-venta-de-entradas-para-las-finales-del-ascenso-que-disputara-ameghino\/\"},\"wordCount\":139,\"commentCount\":0,\"image\":{\"@id\":\"http:\/\/elregionalvm.com.ar\/noticias-villa-maria\/comenzo-la-venta-de-entradas-para-las-finales-del-ascenso-que-disputara-ameghino\/#primaryimage\"},\"thumbnailUrl\":\"https:\/\/i0.wp.com\/elregionalvm.com.ar\/noticias-villa-maria\/wp-content\/uploads\/2023\/05\/WhatsApp-Image-2023-05-26-at-11.41.18.jpeg?fit=1080%2C1080&ssl=1\",\"articleSection\":[\"Deporte\",\"Sociedad\",\"Villa Mar\u00eda\"],\"inLanguage\":\"es\",\"potentialAction\":[{\"@type\":\"CommentAction\",\"name\":\"Comment\",\"target\":[\"http:\/\/elregionalvm.com.ar\/noticias-villa-maria\/comenzo-la-venta-de-entradas-para-las-finales-del-ascenso-que-disputara-ameghino\/#respond\"]}]},{\"@type\":\"WebPage\",\"@id\":\"http:\/\/elregionalvm.com.ar\/noticias-villa-maria\/comenzo-la-venta-de-entradas-para-las-finales-del-ascenso-que-disputara-ameghino\/\",\"url\":\"http:\/\/elregionalvm.com.ar\/noticias-villa-maria\/comenzo-la-venta-de-entradas-para-las-finales-del-ascenso-que-disputara-ameghino\/\",\"name\":\"Comenz\u00f3 la venta de entradas para las finales del ascenso que disputar\u00e1 Ameghino - El Regional\",\"isPartOf\":{\"@id\":\"http:\/\/elregionalvm.com.ar\/noticias-villa-maria\/#website\"},\"primaryImageOfPage\":{\"@id\":\"http:\/\/elregionalvm.com.ar\/noticias-villa-maria\/comenzo-la-venta-de-entradas-para-las-finales-del-ascenso-que-disputara-ameghino\/#primaryimage\"},\"image\":{\"@id\":\"http:\/\/elregionalvm.com.ar\/noticias-villa-maria\/comenzo-la-venta-de-entradas-para-las-finales-del-ascenso-que-disputara-ameghino\/#primaryimage\"},\"thumbnailUrl\":\"https:\/\/i0.wp.com\/elregionalvm.com.ar\/noticias-villa-maria\/wp-content\/uploads\/2023\/05\/WhatsApp-Image-2023-05-26-at-11.41.18.jpeg?fit=1080%2C1080&ssl=1\",\"datePublished\":\"2023-05-27T15:17:14+00:00\",\"dateModified\":\"2023-05-29T14:31:22+00:00\",\"author\":{\"@id\":\"http:\/\/elregionalvm.com.ar\/noticias-villa-maria\/#\/schema\/person\/a0fb9c422317faca23d50163151bc354\"},\"breadcrumb\":{\"@id\":\"http:\/\/elregionalvm.com.ar\/noticias-villa-maria\/comenzo-la-venta-de-entradas-para-las-finales-del-ascenso-que-disputara-ameghino\/#breadcrumb\"},\"inLanguage\":\"es\",\"potentialAction\":[{\"@type\":\"ReadAction\",\"target\":[\"http:\/\/elregionalvm.com.ar\/noticias-villa-maria\/comenzo-la-venta-de-entradas-para-las-finales-del-ascenso-que-disputara-ameghino\/\"]}]},{\"@type\":\"ImageObject\",\"inLanguage\":\"es\",\"@id\":\"http:\/\/elregionalvm.com.ar\/noticias-villa-maria\/comenzo-la-venta-de-entradas-para-las-finales-del-ascenso-que-disputara-ameghino\/#primaryimage\",\"url\":\"https:\/\/i0.wp.com\/elregionalvm.com.ar\/noticias-villa-maria\/wp-content\/uploads\/2023\/05\/WhatsApp-Image-2023-05-26-at-11.41.18.jpeg?fit=1080%2C1080&ssl=1\",\"contentUrl\":\"https:\/\/i0.wp.com\/elregionalvm.com.ar\/noticias-villa-maria\/wp-content\/uploads\/2023\/05\/WhatsApp-Image-2023-05-26-at-11.41.18.jpeg?fit=1080%2C1080&ssl=1\",\"width\":1080,\"height\":1080},{\"@type\":\"BreadcrumbList\",\"@id\":\"http:\/\/elregionalvm.com.ar\/noticias-villa-maria\/comenzo-la-venta-de-entradas-para-las-finales-del-ascenso-que-disputara-ameghino\/#breadcrumb\",\"itemListElement\":[{\"@type\":\"ListItem\",\"position\":1,\"name\":\"Portada\",\"item\":\"https:\/\/elregionalvm.com.ar\/noticias-villa-maria\/\"},{\"@type\":\"ListItem\",\"position\":2,\"name\":\"Comenz\u00f3 la venta de entradas para las finales del ascenso que disputar\u00e1 Ameghino\"}]},{\"@type\":\"WebSite\",\"@id\":\"http:\/\/elregionalvm.com.ar\/noticias-villa-maria\/#website\",\"url\":\"http:\/\/elregionalvm.com.ar\/noticias-villa-maria\/\",\"name\":\"El Regional\",\"description\":\"Mucho m\u00e1s que informaci\u00f3n\",\"potentialAction\":[{\"@type\":\"SearchAction\",\"target\":{\"@type\":\"EntryPoint\",\"urlTemplate\":\"http:\/\/elregionalvm.com.ar\/noticias-villa-maria\/?s={search_term_string}\"},\"query-input\":{\"@type\":\"PropertyValueSpecification\",\"valueRequired\":true,\"valueName\":\"search_term_string\"}}],\"inLanguage\":\"es\"},{\"@type\":\"Person\",\"@id\":\"http:\/\/elregionalvm.com.ar\/noticias-villa-maria\/#\/schema\/person\/a0fb9c422317faca23d50163151bc354\",\"name\":\"Contenidos El Regional\",\"image\":{\"@type\":\"ImageObject\",\"inLanguage\":\"es\",\"@id\":\"http:\/\/elregionalvm.com.ar\/noticias-villa-maria\/#\/schema\/person\/image\/\",\"url\":\"https:\/\/secure.gravatar.com\/avatar\/265b27cb2209af7bb3a1318f03305787d7981a5cc6e6cd08fe5a4ecdf99d4b48?s=96&d=mm&r=g\",\"contentUrl\":\"https:\/\/secure.gravatar.com\/avatar\/265b27cb2209af7bb3a1318f03305787d7981a5cc6e6cd08fe5a4ecdf99d4b48?s=96&d=mm&r=g\",\"caption\":\"Contenidos El Regional\"},\"url\":\"https:\/\/elregionalvm.com.ar\/noticias-villa-maria\/author\/contenido\/\"}]}<\/script>\n<!-- \/ Yoast SEO plugin. -->","yoast_head_json":{"title":"Comenz\u00f3 la venta de entradas para las finales del ascenso que disputar\u00e1 Ameghino - El Regional","robots":{"index":"index","follow":"follow","max-snippet":"max-snippet:-1","max-image-preview":"max-image-preview:large","max-video-preview":"max-video-preview:-1"},"canonical":"http:\/\/elregionalvm.com.ar\/noticias-villa-maria\/comenzo-la-venta-de-entradas-para-las-finales-del-ascenso-que-disputara-ameghino\/","og_locale":"es_ES","og_type":"article","og_title":"Comenz\u00f3 la venta de entradas para las finales del ascenso que disputar\u00e1 Ameghino - El Regional","og_description":"El Le\u00f3n, se enfrentar\u00e1 a Zarate, tras vencer a GEPU, donde cerr\u00f3 la serie 3-0. Comenzar\u00e1 el primer juego este lunes 29 a las 21 hs como local. Seguido, jugar\u00e1 nuevamente el mi\u00e9rcoles. Despu\u00e9s ir\u00e1 de visitante a Buenos Aires. Adquir\u00ed tu entrada este fin de semana en la Secretar\u00eda del Club:\u2022 S\u00e1bado, de 8 [&hellip;]","og_url":"http:\/\/elregionalvm.com.ar\/noticias-villa-maria\/comenzo-la-venta-de-entradas-para-las-finales-del-ascenso-que-disputara-ameghino\/","og_site_name":"El Regional","article_publisher":"https:\/\/www.facebook.com\/elregionalvm","article_published_time":"2023-05-27T15:17:14+00:00","article_modified_time":"2023-05-29T14:31:22+00:00","og_image":[{"width":1080,"height":1080,"url":"http:\/\/elregionalvm.com.ar\/noticias-villa-maria\/wp-content\/uploads\/2023\/05\/WhatsApp-Image-2023-05-26-at-11.41.18.jpeg","type":"image\/jpeg"}],"author":"Contenidos El Regional","twitter_card":"summary_large_image","twitter_creator":"@elregionalvm1","twitter_site":"@elregionalvm1","twitter_misc":{"Escrito por":"Contenidos El Regional","Tiempo de lectura":"1 minuto"},"schema":{"@context":"https:\/\/schema.org","@graph":[{"@type":"Article","@id":"http:\/\/elregionalvm.com.ar\/noticias-villa-maria\/comenzo-la-venta-de-entradas-para-las-finales-del-ascenso-que-disputara-ameghino\/#article","isPartOf":{"@id":"http:\/\/elregionalvm.com.ar\/noticias-villa-maria\/comenzo-la-venta-de-entradas-para-las-finales-del-ascenso-que-disputara-ameghino\/"},"author":{"name":"Contenidos El Regional","@id":"http:\/\/elregionalvm.com.ar\/noticias-villa-maria\/#\/schema\/person\/a0fb9c422317faca23d50163151bc354"},"headline":"Comenz\u00f3 la venta de entradas para las finales del ascenso que disputar\u00e1 Ameghino","datePublished":"2023-05-27T15:17:14+00:00","dateModified":"2023-05-29T14:31:22+00:00","mainEntityOfPage":{"@id":"http:\/\/elregionalvm.com.ar\/noticias-villa-maria\/comenzo-la-venta-de-entradas-para-las-finales-del-ascenso-que-disputara-ameghino\/"},"wordCount":139,"commentCount":0,"image":{"@id":"http:\/\/elregionalvm.com.ar\/noticias-villa-maria\/comenzo-la-venta-de-entradas-para-las-finales-del-ascenso-que-disputara-ameghino\/#primaryimage"},"thumbnailUrl":"https:\/\/i0.wp.com\/elregionalvm.com.ar\/noticias-villa-maria\/wp-content\/uploads\/2023\/05\/WhatsApp-Image-2023-05-26-at-11.41.18.jpeg?fit=1080%2C1080&ssl=1","articleSection":["Deporte","Sociedad","Villa Mar\u00eda"],"inLanguage":"es","potentialAction":[{"@type":"CommentAction","name":"Comment","target":["http:\/\/elregionalvm.com.ar\/noticias-villa-maria\/comenzo-la-venta-de-entradas-para-las-finales-del-ascenso-que-disputara-ameghino\/#respond"]}]},{"@type":"WebPage","@id":"http:\/\/elregionalvm.com.ar\/noticias-villa-maria\/comenzo-la-venta-de-entradas-para-las-finales-del-ascenso-que-disputara-ameghino\/","url":"http:\/\/elregionalvm.com.ar\/noticias-villa-maria\/comenzo-la-venta-de-entradas-para-las-finales-del-ascenso-que-disputara-ameghino\/","name":"Comenz\u00f3 la venta de entradas para las finales del ascenso que disputar\u00e1 Ameghino - El Regional","isPartOf":{"@id":"http:\/\/elregionalvm.com.ar\/noticias-villa-maria\/#website"},"primaryImageOfPage":{"@id":"http:\/\/elregionalvm.com.ar\/noticias-villa-maria\/comenzo-la-venta-de-entradas-para-las-finales-del-ascenso-que-disputara-ameghino\/#primaryimage"},"image":{"@id":"http:\/\/elregionalvm.com.ar\/noticias-villa-maria\/comenzo-la-venta-de-entradas-para-las-finales-del-ascenso-que-disputara-ameghino\/#primaryimage"},"thumbnailUrl":"https:\/\/i0.wp.com\/elregionalvm.com.ar\/noticias-villa-maria\/wp-content\/uploads\/2023\/05\/WhatsApp-Image-2023-05-26-at-11.41.18.jpeg?fit=1080%2C1080&ssl=1","datePublished":"2023-05-27T15:17:14+00:00","dateModified":"2023-05-29T14:31:22+00:00","author":{"@id":"http:\/\/elregionalvm.com.ar\/noticias-villa-maria\/#\/schema\/person\/a0fb9c422317faca23d50163151bc354"},"breadcrumb":{"@id":"http:\/\/elregionalvm.com.ar\/noticias-villa-maria\/comenzo-la-venta-de-entradas-para-las-finales-del-ascenso-que-disputara-ameghino\/#breadcrumb"},"inLanguage":"es","potentialAction":[{"@type":"ReadAction","target":["http:\/\/elregionalvm.com.ar\/noticias-villa-maria\/comenzo-la-venta-de-entradas-para-las-finales-del-ascenso-que-disputara-ameghino\/"]}]},{"@type":"ImageObject","inLanguage":"es","@id":"http:\/\/elregionalvm.com.ar\/noticias-villa-maria\/comenzo-la-venta-de-entradas-para-las-finales-del-ascenso-que-disputara-ameghino\/#primaryimage","url":"https:\/\/i0.wp.com\/elregionalvm.com.ar\/noticias-villa-maria\/wp-content\/uploads\/2023\/05\/WhatsApp-Image-2023-05-26-at-11.41.18.jpeg?fit=1080%2C1080&ssl=1","contentUrl":"https:\/\/i0.wp.com\/elregionalvm.com.ar\/noticias-villa-maria\/wp-content\/uploads\/2023\/05\/WhatsApp-Image-2023-05-26-at-11.41.18.jpeg?fit=1080%2C1080&ssl=1","width":1080,"height":1080},{"@type":"BreadcrumbList","@id":"http:\/\/elregionalvm.com.ar\/noticias-villa-maria\/comenzo-la-venta-de-entradas-para-las-finales-del-ascenso-que-disputara-ameghino\/#breadcrumb","itemListElement":[{"@type":"ListItem","position":1,"name":"Portada","item":"https:\/\/elregionalvm.com.ar\/noticias-villa-maria\/"},{"@type":"ListItem","position":2,"name":"Comenz\u00f3 la venta de entradas para las finales del ascenso que disputar\u00e1 Ameghino"}]},{"@type":"WebSite","@id":"http:\/\/elregionalvm.com.ar\/noticias-villa-maria\/#website","url":"http:\/\/elregionalvm.com.ar\/noticias-villa-maria\/","name":"El Regional","description":"Mucho m\u00e1s que informaci\u00f3n","potentialAction":[{"@type":"SearchAction","target":{"@type":"EntryPoint","urlTemplate":"http:\/\/elregionalvm.com.ar\/noticias-villa-maria\/?s={search_term_string}"},"query-input":{"@type":"PropertyValueSpecification","valueRequired":true,"valueName":"search_term_string"}}],"inLanguage":"es"},{"@type":"Person","@id":"http:\/\/elregionalvm.com.ar\/noticias-villa-maria\/#\/schema\/person\/a0fb9c422317faca23d50163151bc354","name":"Contenidos El Regional","image":{"@type":"ImageObject","inLanguage":"es","@id":"http:\/\/elregionalvm.com.ar\/noticias-villa-maria\/#\/schema\/person\/image\/","url":"https:\/\/secure.gravatar.com\/avatar\/265b27cb2209af7bb3a1318f03305787d7981a5cc6e6cd08fe5a4ecdf99d4b48?s=96&d=mm&r=g","contentUrl":"https:\/\/secure.gravatar.com\/avatar\/265b27cb2209af7bb3a1318f03305787d7981a5cc6e6cd08fe5a4ecdf99d4b48?s=96&d=mm&r=g","caption":"Contenidos El Regional"},"url":"https:\/\/elregionalvm.com.ar\/noticias-villa-maria\/author\/contenido\/"}]}},"jetpack_featured_media_url":"https:\/\/i0.wp.com\/elregionalvm.com.ar\/noticias-villa-maria\/wp-content\/uploads\/2023\/05\/WhatsApp-Image-2023-05-26-at-11.41.18.jpeg?fit=1080%2C1080&ssl=1","jetpack_sharing_enabled":true,"_links":{"self":[{"href":"https:\/\/elregionalvm.com.ar\/noticias-villa-maria\/wp-json\/wp\/v2\/posts\/77269","targetHints":{"allow":["GET"]}}],"collection":[{"href":"https:\/\/elregionalvm.com.ar\/noticias-villa-maria\/wp-json\/wp\/v2\/posts"}],"about":[{"href":"https:\/\/elregionalvm.com.ar\/noticias-villa-maria\/wp-json\/wp\/v2\/types\/post"}],"author":[{"embeddable":true,"href":"https:\/\/elregionalvm.com.ar\/noticias-villa-maria\/wp-json\/wp\/v2\/users\/4"}],"replies":[{"embeddable":true,"href":"https:\/\/elregionalvm.com.ar\/noticias-villa-maria\/wp-json\/wp\/v2\/comments?post=77269"}],"version-history":[{"count":1,"href":"https:\/\/elregionalvm.com.ar\/noticias-villa-maria\/wp-json\/wp\/v2\/posts\/77269\/revisions"}],"predecessor-version":[{"id":77272,"href":"https:\/\/elregionalvm.com.ar\/noticias-villa-maria\/wp-json\/wp\/v2\/posts\/77269\/revisions\/77272"}],"wp:featuredmedia":[{"embeddable":true,"href":"https:\/\/elregionalvm.com.ar\/noticias-villa-maria\/wp-json\/wp\/v2\/media\/77271"}],"wp:attachment":[{"href":"https:\/\/elregionalvm.com.ar\/noticias-villa-maria\/wp-json\/wp\/v2\/media?parent=77269"}],"wp:term":[{"taxonomy":"category","embeddable":true,"href":"https:\/\/elregionalvm.com.ar\/noticias-villa-maria\/wp-json\/wp\/v2\/categories?post=77269"},{"taxonomy":"post_tag","embeddable":true,"href":"https:\/\/elregionalvm.com.ar\/noticias-villa-maria\/wp-json\/wp\/v2\/tags?post=77269"}],"curies":[{"name":"wp","href":"https:\/\/api.w.org\/{rel}","templated":true}]}}