{"id":77444,"date":"2023-05-31T22:56:13","date_gmt":"2023-05-31T22:56:13","guid":{"rendered":"https:\/\/elregionalvm.com.ar\/noticias-villa-maria\/?p=77444"},"modified":"2023-05-31T22:56:15","modified_gmt":"2023-05-31T22:56:15","slug":"el-anfi-abre-sus-puertas-en-la-previa-del-9-de-julio-para-vivir-la-folk-fest","status":"publish","type":"post","link":"https:\/\/elregionalvm.com.ar\/noticias-villa-maria\/el-anfi-abre-sus-puertas-en-la-previa-del-9-de-julio-para-vivir-la-folk-fest\/","title":{"rendered":"El Anfi abre sus puertas en la previa del 9 de Julio para vivir la Folk Fest"},"content":{"rendered":"\n<p>El intendente Mart\u00edn Gill, junto al folclorista Juan Fuentes y al titular del Ente Villa Mar\u00eda Deporte y Turismo, Sebasti\u00e1n Panero, presentaron Folk Fest, el evento folcl\u00f3rico que congregar\u00e1 en el Anfiteatro Municipal a m\u00fasicos de la talla del Chaque\u00f1o Palavecino y Sergio Galleguillo, el pr\u00f3ximo 8 de julio.<\/p>\n\n\n\n<p>\u00abVen\u00edamos trabajando en la idea de que el Anfiteatro no solo abra sus puertas para el Festival, sino que podamos, a lo largo del a\u00f1o, aprovechar esta estructura con perspectiva regional y nacional\u00bb, explic\u00f3 Gill.<\/p>\n\n\n\n<figure class=\"wp-block-image size-large\"><img data-recalc-dims=\"1\" fetchpriority=\"high\" decoding=\"async\" width=\"1024\" height=\"683\" src=\"https:\/\/i0.wp.com\/elregionalvm.com.ar\/noticias-villa-maria\/wp-content\/uploads\/2023\/05\/WhatsApp-Image-2023-05-31-at-13.07.57.jpeg?resize=1024%2C683&#038;ssl=1\" alt=\"\" class=\"wp-image-77447\" srcset=\"https:\/\/i0.wp.com\/elregionalvm.com.ar\/noticias-villa-maria\/wp-content\/uploads\/2023\/05\/WhatsApp-Image-2023-05-31-at-13.07.57.jpeg?resize=1024%2C683&amp;ssl=1 1024w, https:\/\/i0.wp.com\/elregionalvm.com.ar\/noticias-villa-maria\/wp-content\/uploads\/2023\/05\/WhatsApp-Image-2023-05-31-at-13.07.57.jpeg?resize=300%2C200&amp;ssl=1 300w, https:\/\/i0.wp.com\/elregionalvm.com.ar\/noticias-villa-maria\/wp-content\/uploads\/2023\/05\/WhatsApp-Image-2023-05-31-at-13.07.57.jpeg?resize=768%2C512&amp;ssl=1 768w, https:\/\/i0.wp.com\/elregionalvm.com.ar\/noticias-villa-maria\/wp-content\/uploads\/2023\/05\/WhatsApp-Image-2023-05-31-at-13.07.57.jpeg?resize=1536%2C1024&amp;ssl=1 1536w, https:\/\/i0.wp.com\/elregionalvm.com.ar\/noticias-villa-maria\/wp-content\/uploads\/2023\/05\/WhatsApp-Image-2023-05-31-at-13.07.57.jpeg?w=1600&amp;ssl=1 1600w\" sizes=\"(max-width: 1000px) 100vw, 1000px\" \/><\/figure>\n\n\n\n<p>Fuentes, por su parte, se mostr\u00f3 satisfecho con la iniciativa, y asegur\u00f3 que \u00abes un orgullo ser parte de la primera edici\u00f3n de este festival de folclore, porque la cultura es lo \u00fanico que nos hace diferentes al resto del mundo.\u00bb<\/p>\n\n\n\n<p>Panero, en di\u00e1logo con periodistas presentes, indic\u00f3 que las entradas tendr\u00e1n precios populares, ya que ir\u00e1n desde los 3.000 a los 6.500 pesos. <\/p>\n\n\n\n<p>La grilla incluye a Palavecino, Galleguillo, Juan Fuentes, Milena Salamanca, Saypa, La Bicho y Los Carafea. <\/p>\n\n\n\n<figure class=\"wp-block-image size-large\"><img data-recalc-dims=\"1\" decoding=\"async\" width=\"1024\" height=\"683\" src=\"https:\/\/i0.wp.com\/elregionalvm.com.ar\/noticias-villa-maria\/wp-content\/uploads\/2023\/05\/WhatsApp-Image-2023-05-31-at-13.07.58-1.jpeg?resize=1024%2C683&#038;ssl=1\" alt=\"\" class=\"wp-image-77445\" srcset=\"https:\/\/i0.wp.com\/elregionalvm.com.ar\/noticias-villa-maria\/wp-content\/uploads\/2023\/05\/WhatsApp-Image-2023-05-31-at-13.07.58-1.jpeg?resize=1024%2C683&amp;ssl=1 1024w, https:\/\/i0.wp.com\/elregionalvm.com.ar\/noticias-villa-maria\/wp-content\/uploads\/2023\/05\/WhatsApp-Image-2023-05-31-at-13.07.58-1.jpeg?resize=300%2C200&amp;ssl=1 300w, https:\/\/i0.wp.com\/elregionalvm.com.ar\/noticias-villa-maria\/wp-content\/uploads\/2023\/05\/WhatsApp-Image-2023-05-31-at-13.07.58-1.jpeg?resize=768%2C512&amp;ssl=1 768w, https:\/\/i0.wp.com\/elregionalvm.com.ar\/noticias-villa-maria\/wp-content\/uploads\/2023\/05\/WhatsApp-Image-2023-05-31-at-13.07.58-1.jpeg?resize=1536%2C1024&amp;ssl=1 1536w, https:\/\/i0.wp.com\/elregionalvm.com.ar\/noticias-villa-maria\/wp-content\/uploads\/2023\/05\/WhatsApp-Image-2023-05-31-at-13.07.58-1.jpeg?w=1600&amp;ssl=1 1600w\" sizes=\"(max-width: 1000px) 100vw, 1000px\" \/><\/figure>\n\n\n\n<p>Adem\u00e1s, la iniciativa contar\u00e1 con una previa gratuita a las puertas del Anfiteatro, que consistir\u00e1 en una batalla de raperos versus payadores.<\/p>\n\n\n\n<p>Tambi\u00e9n habr\u00e1 propuestas gastron\u00f3micas para acompa\u00f1ar el evento, y la empresa de transporte de larga distancia Urquiza, brindar\u00e1 descuentos del 50 por ciento en sus pasajes para quienes presenten sus entradas para asistir desde cualquier punto del pa\u00eds.<\/p>\n\n\n\n<p>Adem\u00e1s, esta noche folcl\u00f3rica producida por ROOD y Nono Luis, contar\u00e1 con patios de comidas, food trucks, gastronom\u00eda regional y tradicional. Cabe resaltar que las entradas ya se pueden conseguir anticipadamente a trav\u00e9s de www.paseshow.com.ar<\/p>\n","protected":false},"excerpt":{"rendered":"<p>El intendente Mart\u00edn Gill, junto al folclorista Juan Fuentes y al titular del Ente Villa Mar\u00eda Deporte y Turismo, Sebasti\u00e1n Panero, presentaron Folk Fest, el evento folcl\u00f3rico que congregar\u00e1 en el Anfiteatro Municipal a m\u00fasicos de la talla del Chaque\u00f1o Palavecino y Sergio Galleguillo, el pr\u00f3ximo 8 de julio. \u00abVen\u00edamos trabajando en la idea de [&hellip;]<\/p>\n","protected":false},"author":4,"featured_media":77446,"comment_status":"open","ping_status":"open","sticky":false,"template":"","format":"standard","meta":{"site-sidebar-layout":"default","site-content-layout":"","ast-site-content-layout":"default","site-content-style":"default","site-sidebar-style":"default","ast-global-header-display":"","ast-banner-title-visibility":"","ast-main-header-display":"","ast-hfb-above-header-display":"","ast-hfb-below-header-display":"","ast-hfb-mobile-header-display":"","site-post-title":"","ast-breadcrumbs-content":"","ast-featured-img":"","footer-sml-layout":"","ast-disable-related-posts":"","theme-transparent-header-meta":"","adv-header-id-meta":"","stick-header-meta":"","header-above-stick-meta":"","header-main-stick-meta":"","header-below-stick-meta":"","astra-migrate-meta-layouts":"default","ast-page-background-enabled":"default","ast-page-background-meta":{"desktop":{"background-color":"","background-image":"","background-repeat":"repeat","background-position":"center center","background-size":"auto","background-attachment":"scroll","background-type":"","background-media":"","overlay-type":"","overlay-color":"","overlay-opacity":"","overlay-gradient":""},"tablet":{"background-color":"","background-image":"","background-repeat":"repeat","background-position":"center center","background-size":"auto","background-attachment":"scroll","background-type":"","background-media":"","overlay-type":"","overlay-color":"","overlay-opacity":"","overlay-gradient":""},"mobile":{"background-color":"","background-image":"","background-repeat":"repeat","background-position":"center center","background-size":"auto","background-attachment":"scroll","background-type":"","background-media":"","overlay-type":"","overlay-color":"","overlay-opacity":"","overlay-gradient":""}},"ast-content-background-meta":{"desktop":{"background-color":"var(--ast-global-color-5)","background-image":"","background-repeat":"repeat","background-position":"center center","background-size":"auto","background-attachment":"scroll","background-type":"","background-media":"","overlay-type":"","overlay-color":"","overlay-opacity":"","overlay-gradient":""},"tablet":{"background-color":"var(--ast-global-color-5)","background-image":"","background-repeat":"repeat","background-position":"center center","background-size":"auto","background-attachment":"scroll","background-type":"","background-media":"","overlay-type":"","overlay-color":"","overlay-opacity":"","overlay-gradient":""},"mobile":{"background-color":"var(--ast-global-color-5)","background-image":"","background-repeat":"repeat","background-position":"center center","background-size":"auto","background-attachment":"scroll","background-type":"","background-media":"","overlay-type":"","overlay-color":"","overlay-opacity":"","overlay-gradient":""}},"_jetpack_memberships_contains_paid_content":false,"_joinchat":[],"footnotes":""},"categories":[9869,2068,15302,5,2],"tags":[],"class_list":["post-77444","post","type-post","status-publish","format-standard","has-post-thumbnail","hentry","category-buena-vida","category-cultura-deporte","category-destacado","category-sociedad","category-villa-maria"],"yoast_head":"<!-- This site is optimized with the Yoast SEO plugin v26.8 - https:\/\/yoast.com\/product\/yoast-seo-wordpress\/ -->\n<title>El Anfi abre sus puertas en la previa del 9 de Julio para vivir la Folk Fest - El Regional<\/title>\n<meta name=\"robots\" content=\"index, follow, max-snippet:-1, max-image-preview:large, max-video-preview:-1\" \/>\n<link rel=\"canonical\" href=\"http:\/\/elregionalvm.com.ar\/noticias-villa-maria\/el-anfi-abre-sus-puertas-en-la-previa-del-9-de-julio-para-vivir-la-folk-fest\/\" \/>\n<meta property=\"og:locale\" content=\"es_ES\" \/>\n<meta property=\"og:type\" content=\"article\" \/>\n<meta property=\"og:title\" content=\"El Anfi abre sus puertas en la previa del 9 de Julio para vivir la Folk Fest - El Regional\" \/>\n<meta property=\"og:description\" content=\"El intendente Mart\u00edn Gill, junto al folclorista Juan Fuentes y al titular del Ente Villa Mar\u00eda Deporte y Turismo, Sebasti\u00e1n Panero, presentaron Folk Fest, el evento folcl\u00f3rico que congregar\u00e1 en el Anfiteatro Municipal a m\u00fasicos de la talla del Chaque\u00f1o Palavecino y Sergio Galleguillo, el pr\u00f3ximo 8 de julio. \u00abVen\u00edamos trabajando en la idea de [&hellip;]\" \/>\n<meta property=\"og:url\" content=\"http:\/\/elregionalvm.com.ar\/noticias-villa-maria\/el-anfi-abre-sus-puertas-en-la-previa-del-9-de-julio-para-vivir-la-folk-fest\/\" \/>\n<meta property=\"og:site_name\" content=\"El Regional\" \/>\n<meta property=\"article:publisher\" content=\"https:\/\/www.facebook.com\/elregionalvm\" \/>\n<meta property=\"article:published_time\" content=\"2023-05-31T22:56:13+00:00\" \/>\n<meta property=\"article:modified_time\" content=\"2023-05-31T22:56:15+00:00\" \/>\n<meta property=\"og:image\" content=\"http:\/\/elregionalvm.com.ar\/noticias-villa-maria\/wp-content\/uploads\/2023\/05\/WhatsApp-Image-2023-05-31-at-13.07.58.jpeg\" \/>\n\t<meta property=\"og:image:width\" content=\"1600\" \/>\n\t<meta property=\"og:image:height\" content=\"1067\" \/>\n\t<meta property=\"og:image:type\" content=\"image\/jpeg\" \/>\n<meta name=\"author\" content=\"Contenidos El Regional\" \/>\n<meta name=\"twitter:card\" content=\"summary_large_image\" \/>\n<meta name=\"twitter:creator\" content=\"@elregionalvm1\" \/>\n<meta name=\"twitter:site\" content=\"@elregionalvm1\" \/>\n<meta name=\"twitter:label1\" content=\"Escrito por\" \/>\n\t<meta name=\"twitter:data1\" content=\"Contenidos El Regional\" \/>\n\t<meta name=\"twitter:label2\" content=\"Tiempo de lectura\" \/>\n\t<meta name=\"twitter:data2\" content=\"2 minutos\" \/>\n<script type=\"application\/ld+json\" class=\"yoast-schema-graph\">{\"@context\":\"https:\/\/schema.org\",\"@graph\":[{\"@type\":\"Article\",\"@id\":\"http:\/\/elregionalvm.com.ar\/noticias-villa-maria\/el-anfi-abre-sus-puertas-en-la-previa-del-9-de-julio-para-vivir-la-folk-fest\/#article\",\"isPartOf\":{\"@id\":\"http:\/\/elregionalvm.com.ar\/noticias-villa-maria\/el-anfi-abre-sus-puertas-en-la-previa-del-9-de-julio-para-vivir-la-folk-fest\/\"},\"author\":{\"name\":\"Contenidos El Regional\",\"@id\":\"http:\/\/elregionalvm.com.ar\/noticias-villa-maria\/#\/schema\/person\/a0fb9c422317faca23d50163151bc354\"},\"headline\":\"El Anfi abre sus puertas en la previa del 9 de Julio para vivir la Folk Fest\",\"datePublished\":\"2023-05-31T22:56:13+00:00\",\"dateModified\":\"2023-05-31T22:56:15+00:00\",\"mainEntityOfPage\":{\"@id\":\"http:\/\/elregionalvm.com.ar\/noticias-villa-maria\/el-anfi-abre-sus-puertas-en-la-previa-del-9-de-julio-para-vivir-la-folk-fest\/\"},\"wordCount\":296,\"commentCount\":0,\"image\":{\"@id\":\"http:\/\/elregionalvm.com.ar\/noticias-villa-maria\/el-anfi-abre-sus-puertas-en-la-previa-del-9-de-julio-para-vivir-la-folk-fest\/#primaryimage\"},\"thumbnailUrl\":\"https:\/\/i0.wp.com\/elregionalvm.com.ar\/noticias-villa-maria\/wp-content\/uploads\/2023\/05\/WhatsApp-Image-2023-05-31-at-13.07.58.jpeg?fit=1600%2C1067&ssl=1\",\"articleSection\":[\"Buena vida\",\"Cultura\",\"destacado\",\"Sociedad\",\"Villa Mar\u00eda\"],\"inLanguage\":\"es\",\"potentialAction\":[{\"@type\":\"CommentAction\",\"name\":\"Comment\",\"target\":[\"http:\/\/elregionalvm.com.ar\/noticias-villa-maria\/el-anfi-abre-sus-puertas-en-la-previa-del-9-de-julio-para-vivir-la-folk-fest\/#respond\"]}]},{\"@type\":\"WebPage\",\"@id\":\"http:\/\/elregionalvm.com.ar\/noticias-villa-maria\/el-anfi-abre-sus-puertas-en-la-previa-del-9-de-julio-para-vivir-la-folk-fest\/\",\"url\":\"http:\/\/elregionalvm.com.ar\/noticias-villa-maria\/el-anfi-abre-sus-puertas-en-la-previa-del-9-de-julio-para-vivir-la-folk-fest\/\",\"name\":\"El Anfi abre sus puertas en la previa del 9 de Julio para vivir la Folk Fest - El Regional\",\"isPartOf\":{\"@id\":\"http:\/\/elregionalvm.com.ar\/noticias-villa-maria\/#website\"},\"primaryImageOfPage\":{\"@id\":\"http:\/\/elregionalvm.com.ar\/noticias-villa-maria\/el-anfi-abre-sus-puertas-en-la-previa-del-9-de-julio-para-vivir-la-folk-fest\/#primaryimage\"},\"image\":{\"@id\":\"http:\/\/elregionalvm.com.ar\/noticias-villa-maria\/el-anfi-abre-sus-puertas-en-la-previa-del-9-de-julio-para-vivir-la-folk-fest\/#primaryimage\"},\"thumbnailUrl\":\"https:\/\/i0.wp.com\/elregionalvm.com.ar\/noticias-villa-maria\/wp-content\/uploads\/2023\/05\/WhatsApp-Image-2023-05-31-at-13.07.58.jpeg?fit=1600%2C1067&ssl=1\",\"datePublished\":\"2023-05-31T22:56:13+00:00\",\"dateModified\":\"2023-05-31T22:56:15+00:00\",\"author\":{\"@id\":\"http:\/\/elregionalvm.com.ar\/noticias-villa-maria\/#\/schema\/person\/a0fb9c422317faca23d50163151bc354\"},\"breadcrumb\":{\"@id\":\"http:\/\/elregionalvm.com.ar\/noticias-villa-maria\/el-anfi-abre-sus-puertas-en-la-previa-del-9-de-julio-para-vivir-la-folk-fest\/#breadcrumb\"},\"inLanguage\":\"es\",\"potentialAction\":[{\"@type\":\"ReadAction\",\"target\":[\"http:\/\/elregionalvm.com.ar\/noticias-villa-maria\/el-anfi-abre-sus-puertas-en-la-previa-del-9-de-julio-para-vivir-la-folk-fest\/\"]}]},{\"@type\":\"ImageObject\",\"inLanguage\":\"es\",\"@id\":\"http:\/\/elregionalvm.com.ar\/noticias-villa-maria\/el-anfi-abre-sus-puertas-en-la-previa-del-9-de-julio-para-vivir-la-folk-fest\/#primaryimage\",\"url\":\"https:\/\/i0.wp.com\/elregionalvm.com.ar\/noticias-villa-maria\/wp-content\/uploads\/2023\/05\/WhatsApp-Image-2023-05-31-at-13.07.58.jpeg?fit=1600%2C1067&ssl=1\",\"contentUrl\":\"https:\/\/i0.wp.com\/elregionalvm.com.ar\/noticias-villa-maria\/wp-content\/uploads\/2023\/05\/WhatsApp-Image-2023-05-31-at-13.07.58.jpeg?fit=1600%2C1067&ssl=1\",\"width\":1600,\"height\":1067},{\"@type\":\"BreadcrumbList\",\"@id\":\"http:\/\/elregionalvm.com.ar\/noticias-villa-maria\/el-anfi-abre-sus-puertas-en-la-previa-del-9-de-julio-para-vivir-la-folk-fest\/#breadcrumb\",\"itemListElement\":[{\"@type\":\"ListItem\",\"position\":1,\"name\":\"Portada\",\"item\":\"https:\/\/elregionalvm.com.ar\/noticias-villa-maria\/\"},{\"@type\":\"ListItem\",\"position\":2,\"name\":\"El Anfi abre sus puertas en la previa del 9 de Julio para vivir la Folk Fest\"}]},{\"@type\":\"WebSite\",\"@id\":\"http:\/\/elregionalvm.com.ar\/noticias-villa-maria\/#website\",\"url\":\"http:\/\/elregionalvm.com.ar\/noticias-villa-maria\/\",\"name\":\"El Regional\",\"description\":\"Mucho m\u00e1s que informaci\u00f3n\",\"potentialAction\":[{\"@type\":\"SearchAction\",\"target\":{\"@type\":\"EntryPoint\",\"urlTemplate\":\"http:\/\/elregionalvm.com.ar\/noticias-villa-maria\/?s={search_term_string}\"},\"query-input\":{\"@type\":\"PropertyValueSpecification\",\"valueRequired\":true,\"valueName\":\"search_term_string\"}}],\"inLanguage\":\"es\"},{\"@type\":\"Person\",\"@id\":\"http:\/\/elregionalvm.com.ar\/noticias-villa-maria\/#\/schema\/person\/a0fb9c422317faca23d50163151bc354\",\"name\":\"Contenidos El Regional\",\"image\":{\"@type\":\"ImageObject\",\"inLanguage\":\"es\",\"@id\":\"http:\/\/elregionalvm.com.ar\/noticias-villa-maria\/#\/schema\/person\/image\/\",\"url\":\"https:\/\/secure.gravatar.com\/avatar\/265b27cb2209af7bb3a1318f03305787d7981a5cc6e6cd08fe5a4ecdf99d4b48?s=96&d=mm&r=g\",\"contentUrl\":\"https:\/\/secure.gravatar.com\/avatar\/265b27cb2209af7bb3a1318f03305787d7981a5cc6e6cd08fe5a4ecdf99d4b48?s=96&d=mm&r=g\",\"caption\":\"Contenidos El Regional\"},\"url\":\"https:\/\/elregionalvm.com.ar\/noticias-villa-maria\/author\/contenido\/\"}]}<\/script>\n<!-- \/ Yoast SEO plugin. -->","yoast_head_json":{"title":"El Anfi abre sus puertas en la previa del 9 de Julio para vivir la Folk Fest - El Regional","robots":{"index":"index","follow":"follow","max-snippet":"max-snippet:-1","max-image-preview":"max-image-preview:large","max-video-preview":"max-video-preview:-1"},"canonical":"http:\/\/elregionalvm.com.ar\/noticias-villa-maria\/el-anfi-abre-sus-puertas-en-la-previa-del-9-de-julio-para-vivir-la-folk-fest\/","og_locale":"es_ES","og_type":"article","og_title":"El Anfi abre sus puertas en la previa del 9 de Julio para vivir la Folk Fest - El Regional","og_description":"El intendente Mart\u00edn Gill, junto al folclorista Juan Fuentes y al titular del Ente Villa Mar\u00eda Deporte y Turismo, Sebasti\u00e1n Panero, presentaron Folk Fest, el evento folcl\u00f3rico que congregar\u00e1 en el Anfiteatro Municipal a m\u00fasicos de la talla del Chaque\u00f1o Palavecino y Sergio Galleguillo, el pr\u00f3ximo 8 de julio. \u00abVen\u00edamos trabajando en la idea de [&hellip;]","og_url":"http:\/\/elregionalvm.com.ar\/noticias-villa-maria\/el-anfi-abre-sus-puertas-en-la-previa-del-9-de-julio-para-vivir-la-folk-fest\/","og_site_name":"El Regional","article_publisher":"https:\/\/www.facebook.com\/elregionalvm","article_published_time":"2023-05-31T22:56:13+00:00","article_modified_time":"2023-05-31T22:56:15+00:00","og_image":[{"width":1600,"height":1067,"url":"http:\/\/elregionalvm.com.ar\/noticias-villa-maria\/wp-content\/uploads\/2023\/05\/WhatsApp-Image-2023-05-31-at-13.07.58.jpeg","type":"image\/jpeg"}],"author":"Contenidos El Regional","twitter_card":"summary_large_image","twitter_creator":"@elregionalvm1","twitter_site":"@elregionalvm1","twitter_misc":{"Escrito por":"Contenidos El Regional","Tiempo de lectura":"2 minutos"},"schema":{"@context":"https:\/\/schema.org","@graph":[{"@type":"Article","@id":"http:\/\/elregionalvm.com.ar\/noticias-villa-maria\/el-anfi-abre-sus-puertas-en-la-previa-del-9-de-julio-para-vivir-la-folk-fest\/#article","isPartOf":{"@id":"http:\/\/elregionalvm.com.ar\/noticias-villa-maria\/el-anfi-abre-sus-puertas-en-la-previa-del-9-de-julio-para-vivir-la-folk-fest\/"},"author":{"name":"Contenidos El Regional","@id":"http:\/\/elregionalvm.com.ar\/noticias-villa-maria\/#\/schema\/person\/a0fb9c422317faca23d50163151bc354"},"headline":"El Anfi abre sus puertas en la previa del 9 de Julio para vivir la Folk Fest","datePublished":"2023-05-31T22:56:13+00:00","dateModified":"2023-05-31T22:56:15+00:00","mainEntityOfPage":{"@id":"http:\/\/elregionalvm.com.ar\/noticias-villa-maria\/el-anfi-abre-sus-puertas-en-la-previa-del-9-de-julio-para-vivir-la-folk-fest\/"},"wordCount":296,"commentCount":0,"image":{"@id":"http:\/\/elregionalvm.com.ar\/noticias-villa-maria\/el-anfi-abre-sus-puertas-en-la-previa-del-9-de-julio-para-vivir-la-folk-fest\/#primaryimage"},"thumbnailUrl":"https:\/\/i0.wp.com\/elregionalvm.com.ar\/noticias-villa-maria\/wp-content\/uploads\/2023\/05\/WhatsApp-Image-2023-05-31-at-13.07.58.jpeg?fit=1600%2C1067&ssl=1","articleSection":["Buena vida","Cultura","destacado","Sociedad","Villa Mar\u00eda"],"inLanguage":"es","potentialAction":[{"@type":"CommentAction","name":"Comment","target":["http:\/\/elregionalvm.com.ar\/noticias-villa-maria\/el-anfi-abre-sus-puertas-en-la-previa-del-9-de-julio-para-vivir-la-folk-fest\/#respond"]}]},{"@type":"WebPage","@id":"http:\/\/elregionalvm.com.ar\/noticias-villa-maria\/el-anfi-abre-sus-puertas-en-la-previa-del-9-de-julio-para-vivir-la-folk-fest\/","url":"http:\/\/elregionalvm.com.ar\/noticias-villa-maria\/el-anfi-abre-sus-puertas-en-la-previa-del-9-de-julio-para-vivir-la-folk-fest\/","name":"El Anfi abre sus puertas en la previa del 9 de Julio para vivir la Folk Fest - El Regional","isPartOf":{"@id":"http:\/\/elregionalvm.com.ar\/noticias-villa-maria\/#website"},"primaryImageOfPage":{"@id":"http:\/\/elregionalvm.com.ar\/noticias-villa-maria\/el-anfi-abre-sus-puertas-en-la-previa-del-9-de-julio-para-vivir-la-folk-fest\/#primaryimage"},"image":{"@id":"http:\/\/elregionalvm.com.ar\/noticias-villa-maria\/el-anfi-abre-sus-puertas-en-la-previa-del-9-de-julio-para-vivir-la-folk-fest\/#primaryimage"},"thumbnailUrl":"https:\/\/i0.wp.com\/elregionalvm.com.ar\/noticias-villa-maria\/wp-content\/uploads\/2023\/05\/WhatsApp-Image-2023-05-31-at-13.07.58.jpeg?fit=1600%2C1067&ssl=1","datePublished":"2023-05-31T22:56:13+00:00","dateModified":"2023-05-31T22:56:15+00:00","author":{"@id":"http:\/\/elregionalvm.com.ar\/noticias-villa-maria\/#\/schema\/person\/a0fb9c422317faca23d50163151bc354"},"breadcrumb":{"@id":"http:\/\/elregionalvm.com.ar\/noticias-villa-maria\/el-anfi-abre-sus-puertas-en-la-previa-del-9-de-julio-para-vivir-la-folk-fest\/#breadcrumb"},"inLanguage":"es","potentialAction":[{"@type":"ReadAction","target":["http:\/\/elregionalvm.com.ar\/noticias-villa-maria\/el-anfi-abre-sus-puertas-en-la-previa-del-9-de-julio-para-vivir-la-folk-fest\/"]}]},{"@type":"ImageObject","inLanguage":"es","@id":"http:\/\/elregionalvm.com.ar\/noticias-villa-maria\/el-anfi-abre-sus-puertas-en-la-previa-del-9-de-julio-para-vivir-la-folk-fest\/#primaryimage","url":"https:\/\/i0.wp.com\/elregionalvm.com.ar\/noticias-villa-maria\/wp-content\/uploads\/2023\/05\/WhatsApp-Image-2023-05-31-at-13.07.58.jpeg?fit=1600%2C1067&ssl=1","contentUrl":"https:\/\/i0.wp.com\/elregionalvm.com.ar\/noticias-villa-maria\/wp-content\/uploads\/2023\/05\/WhatsApp-Image-2023-05-31-at-13.07.58.jpeg?fit=1600%2C1067&ssl=1","width":1600,"height":1067},{"@type":"BreadcrumbList","@id":"http:\/\/elregionalvm.com.ar\/noticias-villa-maria\/el-anfi-abre-sus-puertas-en-la-previa-del-9-de-julio-para-vivir-la-folk-fest\/#breadcrumb","itemListElement":[{"@type":"ListItem","position":1,"name":"Portada","item":"https:\/\/elregionalvm.com.ar\/noticias-villa-maria\/"},{"@type":"ListItem","position":2,"name":"El Anfi abre sus puertas en la previa del 9 de Julio para vivir la Folk Fest"}]},{"@type":"WebSite","@id":"http:\/\/elregionalvm.com.ar\/noticias-villa-maria\/#website","url":"http:\/\/elregionalvm.com.ar\/noticias-villa-maria\/","name":"El Regional","description":"Mucho m\u00e1s que informaci\u00f3n","potentialAction":[{"@type":"SearchAction","target":{"@type":"EntryPoint","urlTemplate":"http:\/\/elregionalvm.com.ar\/noticias-villa-maria\/?s={search_term_string}"},"query-input":{"@type":"PropertyValueSpecification","valueRequired":true,"valueName":"search_term_string"}}],"inLanguage":"es"},{"@type":"Person","@id":"http:\/\/elregionalvm.com.ar\/noticias-villa-maria\/#\/schema\/person\/a0fb9c422317faca23d50163151bc354","name":"Contenidos El Regional","image":{"@type":"ImageObject","inLanguage":"es","@id":"http:\/\/elregionalvm.com.ar\/noticias-villa-maria\/#\/schema\/person\/image\/","url":"https:\/\/secure.gravatar.com\/avatar\/265b27cb2209af7bb3a1318f03305787d7981a5cc6e6cd08fe5a4ecdf99d4b48?s=96&d=mm&r=g","contentUrl":"https:\/\/secure.gravatar.com\/avatar\/265b27cb2209af7bb3a1318f03305787d7981a5cc6e6cd08fe5a4ecdf99d4b48?s=96&d=mm&r=g","caption":"Contenidos El Regional"},"url":"https:\/\/elregionalvm.com.ar\/noticias-villa-maria\/author\/contenido\/"}]}},"jetpack_featured_media_url":"https:\/\/i0.wp.com\/elregionalvm.com.ar\/noticias-villa-maria\/wp-content\/uploads\/2023\/05\/WhatsApp-Image-2023-05-31-at-13.07.58.jpeg?fit=1600%2C1067&ssl=1","jetpack_sharing_enabled":true,"_links":{"self":[{"href":"https:\/\/elregionalvm.com.ar\/noticias-villa-maria\/wp-json\/wp\/v2\/posts\/77444","targetHints":{"allow":["GET"]}}],"collection":[{"href":"https:\/\/elregionalvm.com.ar\/noticias-villa-maria\/wp-json\/wp\/v2\/posts"}],"about":[{"href":"https:\/\/elregionalvm.com.ar\/noticias-villa-maria\/wp-json\/wp\/v2\/types\/post"}],"author":[{"embeddable":true,"href":"https:\/\/elregionalvm.com.ar\/noticias-villa-maria\/wp-json\/wp\/v2\/users\/4"}],"replies":[{"embeddable":true,"href":"https:\/\/elregionalvm.com.ar\/noticias-villa-maria\/wp-json\/wp\/v2\/comments?post=77444"}],"version-history":[{"count":1,"href":"https:\/\/elregionalvm.com.ar\/noticias-villa-maria\/wp-json\/wp\/v2\/posts\/77444\/revisions"}],"predecessor-version":[{"id":77448,"href":"https:\/\/elregionalvm.com.ar\/noticias-villa-maria\/wp-json\/wp\/v2\/posts\/77444\/revisions\/77448"}],"wp:featuredmedia":[{"embeddable":true,"href":"https:\/\/elregionalvm.com.ar\/noticias-villa-maria\/wp-json\/wp\/v2\/media\/77446"}],"wp:attachment":[{"href":"https:\/\/elregionalvm.com.ar\/noticias-villa-maria\/wp-json\/wp\/v2\/media?parent=77444"}],"wp:term":[{"taxonomy":"category","embeddable":true,"href":"https:\/\/elregionalvm.com.ar\/noticias-villa-maria\/wp-json\/wp\/v2\/categories?post=77444"},{"taxonomy":"post_tag","embeddable":true,"href":"https:\/\/elregionalvm.com.ar\/noticias-villa-maria\/wp-json\/wp\/v2\/tags?post=77444"}],"curies":[{"name":"wp","href":"https:\/\/api.w.org\/{rel}","templated":true}]}}