{"id":77535,"date":"2023-06-01T21:13:47","date_gmt":"2023-06-01T21:13:47","guid":{"rendered":"https:\/\/elregionalvm.com.ar\/noticias-villa-maria\/?p=77535"},"modified":"2023-06-06T20:51:47","modified_gmt":"2023-06-06T20:51:47","slug":"los-secretos-del-sillon-mas-codiciado-de-la-politica-rivadavia-nunca-se-sento-y-ni-siquiera-existe","status":"publish","type":"post","link":"https:\/\/elregionalvm.com.ar\/noticias-villa-maria\/los-secretos-del-sillon-mas-codiciado-de-la-politica-rivadavia-nunca-se-sento-y-ni-siquiera-existe\/","title":{"rendered":"Los secretos del sill\u00f3n m\u00e1s codiciado de la pol\u00edtica: Rivadavia nunca se sent\u00f3 y ni siquiera existe"},"content":{"rendered":"\n<p><\/p>\n\n\n\n<h3 class=\"wp-block-heading\"><strong>La historia lo consagr\u00f3 como el \u201cSill\u00f3n de Rivadavia\u201d, pero nada m\u00e1s lejos de la realidad. No solo que no perteneci\u00f3 a esa figura hist\u00f3rica argentina, tampoco se sent\u00f3 all\u00ed alguna vez. El sill\u00f3n de Rivadavia, en verdad, no existe. Aqu\u00ed, las certezas.<\/strong><\/h3>\n\n\n\n<p><\/p>\n\n\n\n<p>En ese m\u00edtico sill\u00f3n se sentaron desde Roca e Yrigoyen a Per\u00f3n, Alfons\u00edn y Menem. Tambi\u00e9n los Kirchner, De la R\u00faa, Videla y varios genocidas m\u00e1s. Hasta Antonia, la hija de Mauricio Macri, y su perro, Balcarce; y Mirko, el hijo de Marley, posaron para la foto durante la presidencia del fundador del PRO.<\/p>\n\n\n\n<p>Cada mandatario nacional invita a sentar a quien quiere en ese lugar tan simb\u00f3lico para los argentinos.<\/p>\n\n\n\n<p>A algunos presidentes les ha quedado demasiado grande, mientras que otros se han sentado a sus anchas sin problemas. <\/p>\n\n\n\n<p>En la actualidad, es de uso personal de Alberto Fern\u00e1ndez, hasta diciembre pr\u00f3ximo cuando se convierta en el asiento principal del futuro presidente, var\u00f3n o mujer, de los argentinos.<\/p>\n\n\n\n<p><\/p>\n\n\n\n<figure class=\"wp-block-image size-full is-resized\"><img data-recalc-dims=\"1\" fetchpriority=\"high\" decoding=\"async\" src=\"https:\/\/i0.wp.com\/elregionalvm.com.ar\/noticias-villa-maria\/wp-content\/uploads\/2023\/06\/SillonRivadavia.jpg?resize=908%2C511&#038;ssl=1\" alt=\"\" class=\"wp-image-77538\" width=\"908\" height=\"511\" srcset=\"https:\/\/i0.wp.com\/elregionalvm.com.ar\/noticias-villa-maria\/wp-content\/uploads\/2023\/06\/SillonRivadavia.jpg?w=592&amp;ssl=1 592w, https:\/\/i0.wp.com\/elregionalvm.com.ar\/noticias-villa-maria\/wp-content\/uploads\/2023\/06\/SillonRivadavia.jpg?resize=300%2C169&amp;ssl=1 300w\" sizes=\"(max-width: 908px) 100vw, 908px\" \/><\/figure>\n\n\n\n<p><\/p>\n\n\n\n<p>Por supuesto, desde siempre fue la butaca m\u00e1s codiciada por la mayor\u00eda de los dirigentes pol\u00edticos (y de otros \u00e1mbitos tambi\u00e9n, vale decirlo). En este 2023, son varias las figuras que quieren acomodar su anatom\u00eda trasera y apoyar sus brazos en la butaca conocida como sill\u00f3n de Rivadavia.<\/p>\n\n\n\n<p>Pero nada m\u00e1s lejos de la realidad. Este \u201ctrono\u201d ubicado en el despacho presidencial de la Casa Rosada es de construcci\u00f3n m\u00e1s reciente: data de 1885 y corresponde a la primera presidencia de Julio Argentino Roca.<\/p>\n\n\n\n<p>Hay otro m\u00e1s antiguo, pero tampoco lo us\u00f3 don Bernardino. Es el que se encuentra en exhibici\u00f3n en el Museo del Bicentenario y perteneci\u00f3 a Santiago Derqui, que gobern\u00f3 durante un breve per\u00edodo entre 1860 y 1861.<\/p>\n\n\n\n<p>Aunque originalmente era de terciopelo bord\u00f3, hoy luce de color celeste. Fue adquirido en la Casa Forest de Par\u00eds a fines del siglo XIX y ha sido utilizado desde entonces por todos los presidentes de nuestro pa\u00eds.<\/p>\n\n\n\n<p>El marco es de madera de nogal italiana tallada y fue decorado con la t\u00e9cnica dorado a la hoja, con l\u00e1mina de oro.<\/p>\n\n\n\n<p><\/p>\n\n\n\n<figure class=\"wp-block-gallery has-nested-images columns-default is-cropped wp-block-gallery-1 is-layout-flex wp-block-gallery-is-layout-flex\">\n<figure class=\"wp-block-image size-large\"><img data-recalc-dims=\"1\" decoding=\"async\" data-id=\"77539\" src=\"https:\/\/i0.wp.com\/elregionalvm.com.ar\/noticias-villa-maria\/wp-content\/uploads\/2023\/06\/Sillon-Rivadavia-detalle-2.jpg?ssl=1\" alt=\"\" class=\"wp-image-77539\"\/><\/figure>\n\n\n\n<figure class=\"wp-block-image size-large\"><img data-recalc-dims=\"1\" decoding=\"async\" data-id=\"77540\" src=\"https:\/\/i0.wp.com\/elregionalvm.com.ar\/noticias-villa-maria\/wp-content\/uploads\/2023\/06\/Sillon-Rivadavia-detalle.jpg?ssl=1\" alt=\"\" class=\"wp-image-77540\"\/><\/figure>\n<\/figure>\n\n\n\n<p><\/p>\n\n\n\n<p><strong>\u00bfQui\u00e9n fue el primer presidente?<\/strong><\/p>\n\n\n\n<p>Quiz\u00e1s su nombre derive de la creencia que Bernardino de la Trinidad Gonz\u00e1lez de Rivadavia y Rodr\u00edguez de Rivadavia, popularmente conocido como Bernardino Rivadavia, fue el primer presidente de Argentina.<\/p>\n\n\n\n<p>Por entonces, exist\u00edan las Provincias Unidas del R\u00edo de la Plata y el cargo de presidente no era tal como en la actualidad. Rivadavia s\u00ed asumi\u00f3 el cargo de presidente de las Provincias Unidas.<\/p>\n\n\n\n<p>Y cuando renunci\u00f3, a decir verdad, no solo se llev\u00f3 el sill\u00f3n donde se sentaba para realizar su trabajo. Tambi\u00e9n, todos los muebles y objetos que hab\u00eda llevado para ambientar la casa de gobierno de entonces, bastante sencillita, por cierto.<\/p>\n\n\n\n<p>Y, hablando de presidentes, hay varios anotados en la historia argentina. Desde 1827 hasta 1853, cuando asume Urquiza, no hubo presidentes de ning\u00fan tipo en la Argentina dividida a muerte entre unitarios y federales.<\/p>\n\n\n\n<p><\/p>\n\n\n\n<figure class=\"wp-block-gallery has-nested-images columns-default is-cropped wp-block-gallery-2 is-layout-flex wp-block-gallery-is-layout-flex\">\n<figure class=\"wp-block-image size-large\"><img data-recalc-dims=\"1\" decoding=\"async\" width=\"2213\" height=\"2560\" data-id=\"77542\" src=\"https:\/\/i0.wp.com\/elregionalvm.com.ar\/noticias-villa-maria\/wp-content\/uploads\/2023\/06\/Antonia-hija-de-Macri-en-sillon-presidencial-scaled.jpg?resize=2213%2C2560&#038;ssl=1\" alt=\"\" class=\"wp-image-77542\" srcset=\"https:\/\/i0.wp.com\/elregionalvm.com.ar\/noticias-villa-maria\/wp-content\/uploads\/2023\/06\/Antonia-hija-de-Macri-en-sillon-presidencial-scaled.jpg?w=2213&amp;ssl=1 2213w, https:\/\/i0.wp.com\/elregionalvm.com.ar\/noticias-villa-maria\/wp-content\/uploads\/2023\/06\/Antonia-hija-de-Macri-en-sillon-presidencial-scaled.jpg?resize=259%2C300&amp;ssl=1 259w, https:\/\/i0.wp.com\/elregionalvm.com.ar\/noticias-villa-maria\/wp-content\/uploads\/2023\/06\/Antonia-hija-de-Macri-en-sillon-presidencial-scaled.jpg?resize=885%2C1024&amp;ssl=1 885w, https:\/\/i0.wp.com\/elregionalvm.com.ar\/noticias-villa-maria\/wp-content\/uploads\/2023\/06\/Antonia-hija-de-Macri-en-sillon-presidencial-scaled.jpg?resize=768%2C888&amp;ssl=1 768w, https:\/\/i0.wp.com\/elregionalvm.com.ar\/noticias-villa-maria\/wp-content\/uploads\/2023\/06\/Antonia-hija-de-Macri-en-sillon-presidencial-scaled.jpg?resize=1328%2C1536&amp;ssl=1 1328w, https:\/\/i0.wp.com\/elregionalvm.com.ar\/noticias-villa-maria\/wp-content\/uploads\/2023\/06\/Antonia-hija-de-Macri-en-sillon-presidencial-scaled.jpg?resize=1771%2C2048&amp;ssl=1 1771w, https:\/\/i0.wp.com\/elregionalvm.com.ar\/noticias-villa-maria\/wp-content\/uploads\/2023\/06\/Antonia-hija-de-Macri-en-sillon-presidencial-scaled.jpg?w=2000&amp;ssl=1 2000w\" sizes=\"(max-width: 1000px) 100vw, 1000px\" \/><\/figure>\n\n\n\n<figure class=\"wp-block-image size-large\"><img data-recalc-dims=\"1\" decoding=\"async\" width=\"1140\" height=\"641\" data-id=\"77541\" src=\"https:\/\/i0.wp.com\/elregionalvm.com.ar\/noticias-villa-maria\/wp-content\/uploads\/2023\/06\/el-perro-del-pro-se-sento-en-el-sillon-presidencial-macri.jpg?resize=1140%2C641&#038;ssl=1\" alt=\"\" class=\"wp-image-77541\" srcset=\"https:\/\/i0.wp.com\/elregionalvm.com.ar\/noticias-villa-maria\/wp-content\/uploads\/2023\/06\/el-perro-del-pro-se-sento-en-el-sillon-presidencial-macri.jpg?w=1140&amp;ssl=1 1140w, https:\/\/i0.wp.com\/elregionalvm.com.ar\/noticias-villa-maria\/wp-content\/uploads\/2023\/06\/el-perro-del-pro-se-sento-en-el-sillon-presidencial-macri.jpg?resize=300%2C169&amp;ssl=1 300w, https:\/\/i0.wp.com\/elregionalvm.com.ar\/noticias-villa-maria\/wp-content\/uploads\/2023\/06\/el-perro-del-pro-se-sento-en-el-sillon-presidencial-macri.jpg?resize=1024%2C576&amp;ssl=1 1024w, https:\/\/i0.wp.com\/elregionalvm.com.ar\/noticias-villa-maria\/wp-content\/uploads\/2023\/06\/el-perro-del-pro-se-sento-en-el-sillon-presidencial-macri.jpg?resize=768%2C432&amp;ssl=1 768w\" sizes=\"(max-width: 1000px) 100vw, 1000px\" \/><\/figure>\n<figcaption class=\"blocks-gallery-caption\"><em>Antonia, la hija de Macri, y el perro Balcarce, sentados en el c\u00e9lebre sill\u00f3n.<\/em><\/figcaption><\/figure>\n\n\n\n<p><\/p>\n\n\n\n<p>As\u00ed las cosas, nuestro pa\u00eds tuvo cinco primeros presidentes, podr\u00eda decirse: el primero cronol\u00f3gicamente, Rivadavia; el primer presidente constitucional, Justo Jos\u00e9 de Urquiza; el primer presidente del pa\u00eds unificado, Bartolom\u00e9 Mitre; el primer presidente electo sin fraude y por el voto popular, Hip\u00f3lito Yrigoyen, y, lamentablemente, el primer presidente surgido de un golpe de Estado, Jos\u00e9 Uriburu.<\/p>\n\n\n\n<p>Varios fueron los hombres y mujeres que se sentaron en el m\u00edtico sill\u00f3n presidencial que a\u00fan hoy, con todo lo que representa en materia de poder, contin\u00faa llevando un nombre equ\u00edvoco en el imaginario popular.<\/p>\n\n\n\n<p>Tal vez, uno de los tantos equ\u00edvocos que son tan frecuentes en la pol\u00edtica argentina, y a los cuales nos hemos ido acostumbrando sin mayores problemas.<\/p>\n\n\n\n<p>\u00bfCambiar\u00e1 eso alg\u00fan d\u00eda?<\/p>\n\n\n\n<p><\/p>\n\n\n\n<p><\/p>\n\n\n\n<h3 class=\"wp-block-heading\"><strong>Tambi\u00e9n pod\u00e9s ver: <\/strong><\/h3>\n\n\n\n<p><\/p>\n\n\n\n<p><\/p>\n\n\n\n<figure class=\"wp-block-embed is-type-wp-embed is-provider-el-regional wp-block-embed-el-regional\"><div class=\"wp-block-embed__wrapper\">\n<blockquote class=\"wp-embedded-content\" data-secret=\"4tUnCotZR4\"><a href=\"https:\/\/elregionalvm.com.ar\/noticias-villa-maria\/argentinadas-el-sillon-de-rivadavia-quien-da-mas\/\">[Argentinadas] El sill\u00f3n de Rivadavia: \u00bfQui\u00e9n da m\u00e1s?<\/a><\/blockquote><iframe class=\"wp-embedded-content\" sandbox=\"allow-scripts\" security=\"restricted\" style=\"position: absolute; clip: rect(1px, 1px, 1px, 1px);\" title=\"\u00ab[Argentinadas] El sill\u00f3n de Rivadavia: \u00bfQui\u00e9n da m\u00e1s?\u00bb \u2014 El Regional\" src=\"https:\/\/elregionalvm.com.ar\/noticias-villa-maria\/argentinadas-el-sillon-de-rivadavia-quien-da-mas\/embed\/#?secret=1M9uhy5C5E#?secret=4tUnCotZR4\" data-secret=\"4tUnCotZR4\" width=\"500\" height=\"282\" frameborder=\"0\" marginwidth=\"0\" marginheight=\"0\" scrolling=\"no\"><\/iframe>\n<\/div><\/figure>\n","protected":false},"excerpt":{"rendered":"<p>La historia lo consagr\u00f3 como el \u201cSill\u00f3n de Rivadavia\u201d, pero nada m\u00e1s lejos de la realidad. No solo que no perteneci\u00f3 a esa figura hist\u00f3rica argentina, tampoco se sent\u00f3 all\u00ed alguna vez. El sill\u00f3n de Rivadavia, en verdad, no existe. Aqu\u00ed, las certezas. En ese m\u00edtico sill\u00f3n se sentaron desde Roca e Yrigoyen a Per\u00f3n, [&hellip;]<\/p>\n","protected":false},"author":6,"featured_media":77541,"comment_status":"open","ping_status":"open","sticky":false,"template":"","format":"standard","meta":{"site-sidebar-layout":"default","site-content-layout":"","ast-site-content-layout":"default","site-content-style":"default","site-sidebar-style":"default","ast-global-header-display":"","ast-banner-title-visibility":"","ast-main-header-display":"","ast-hfb-above-header-display":"","ast-hfb-below-header-display":"","ast-hfb-mobile-header-display":"","site-post-title":"","ast-breadcrumbs-content":"","ast-featured-img":"","footer-sml-layout":"","ast-disable-related-posts":"","theme-transparent-header-meta":"","adv-header-id-meta":"","stick-header-meta":"","header-above-stick-meta":"","header-main-stick-meta":"","header-below-stick-meta":"","astra-migrate-meta-layouts":"default","ast-page-background-enabled":"default","ast-page-background-meta":{"desktop":{"background-color":"","background-image":"","background-repeat":"repeat","background-position":"center center","background-size":"auto","background-attachment":"scroll","background-type":"","background-media":"","overlay-type":"","overlay-color":"","overlay-opacity":"","overlay-gradient":""},"tablet":{"background-color":"","background-image":"","background-repeat":"repeat","background-position":"center center","background-size":"auto","background-attachment":"scroll","background-type":"","background-media":"","overlay-type":"","overlay-color":"","overlay-opacity":"","overlay-gradient":""},"mobile":{"background-color":"","background-image":"","background-repeat":"repeat","background-position":"center center","background-size":"auto","background-attachment":"scroll","background-type":"","background-media":"","overlay-type":"","overlay-color":"","overlay-opacity":"","overlay-gradient":""}},"ast-content-background-meta":{"desktop":{"background-color":"var(--ast-global-color-5)","background-image":"","background-repeat":"repeat","background-position":"center center","background-size":"auto","background-attachment":"scroll","background-type":"","background-media":"","overlay-type":"","overlay-color":"","overlay-opacity":"","overlay-gradient":""},"tablet":{"background-color":"var(--ast-global-color-5)","background-image":"","background-repeat":"repeat","background-position":"center center","background-size":"auto","background-attachment":"scroll","background-type":"","background-media":"","overlay-type":"","overlay-color":"","overlay-opacity":"","overlay-gradient":""},"mobile":{"background-color":"var(--ast-global-color-5)","background-image":"","background-repeat":"repeat","background-position":"center center","background-size":"auto","background-attachment":"scroll","background-type":"","background-media":"","overlay-type":"","overlay-color":"","overlay-opacity":"","overlay-gradient":""}},"_jetpack_memberships_contains_paid_content":false,"_joinchat":[],"footnotes":""},"categories":[2098,2089,3557],"tags":[1594,22352,546,1596,292,50,7277,519,22017,22351],"class_list":["post-77535","post","type-post","status-publish","format-standard","has-post-thumbnail","hentry","category-historias","category-politica","category-tercera","tag-alberto-fernandez","tag-creencia","tag-cristina-fernandez","tag-mauricio-macri","tag-militares","tag-mito","tag-nestor-kirchner","tag-politica","tag-sillon-de-rivadavia","tag-sillon-presidencial"],"yoast_head":"<!-- This site is optimized with the Yoast SEO plugin v26.8 - https:\/\/yoast.com\/product\/yoast-seo-wordpress\/ -->\n<title>Los secretos del sill\u00f3n m\u00e1s codiciado de la pol\u00edtica: Rivadavia nunca se sent\u00f3 y ni siquiera existe - El Regional<\/title>\n<meta name=\"robots\" content=\"index, follow, max-snippet:-1, max-image-preview:large, max-video-preview:-1\" \/>\n<link rel=\"canonical\" href=\"http:\/\/elregionalvm.com.ar\/noticias-villa-maria\/los-secretos-del-sillon-mas-codiciado-de-la-politica-rivadavia-nunca-se-sento-y-ni-siquiera-existe\/\" \/>\n<meta property=\"og:locale\" content=\"es_ES\" \/>\n<meta property=\"og:type\" content=\"article\" \/>\n<meta property=\"og:title\" content=\"Los secretos del sill\u00f3n m\u00e1s codiciado de la pol\u00edtica: Rivadavia nunca se sent\u00f3 y ni siquiera existe - El Regional\" \/>\n<meta property=\"og:description\" content=\"La historia lo consagr\u00f3 como el \u201cSill\u00f3n de Rivadavia\u201d, pero nada m\u00e1s lejos de la realidad. No solo que no perteneci\u00f3 a esa figura hist\u00f3rica argentina, tampoco se sent\u00f3 all\u00ed alguna vez. El sill\u00f3n de Rivadavia, en verdad, no existe. Aqu\u00ed, las certezas. En ese m\u00edtico sill\u00f3n se sentaron desde Roca e Yrigoyen a Per\u00f3n, [&hellip;]\" \/>\n<meta property=\"og:url\" content=\"http:\/\/elregionalvm.com.ar\/noticias-villa-maria\/los-secretos-del-sillon-mas-codiciado-de-la-politica-rivadavia-nunca-se-sento-y-ni-siquiera-existe\/\" \/>\n<meta property=\"og:site_name\" content=\"El Regional\" \/>\n<meta property=\"article:publisher\" content=\"https:\/\/www.facebook.com\/elregionalvm\" \/>\n<meta property=\"article:published_time\" content=\"2023-06-01T21:13:47+00:00\" \/>\n<meta property=\"article:modified_time\" content=\"2023-06-06T20:51:47+00:00\" \/>\n<meta property=\"og:image\" content=\"http:\/\/elregionalvm.com.ar\/noticias-villa-maria\/wp-content\/uploads\/2023\/06\/el-perro-del-pro-se-sento-en-el-sillon-presidencial-macri.jpg\" \/>\n\t<meta property=\"og:image:width\" content=\"1140\" \/>\n\t<meta property=\"og:image:height\" content=\"641\" \/>\n\t<meta property=\"og:image:type\" content=\"image\/jpeg\" \/>\n<meta name=\"author\" content=\"Germ\u00e1n Giacchero\" \/>\n<meta name=\"twitter:card\" content=\"summary_large_image\" \/>\n<meta name=\"twitter:creator\" content=\"@elregionalvm1\" \/>\n<meta name=\"twitter:site\" content=\"@elregionalvm1\" \/>\n<meta name=\"twitter:label1\" content=\"Escrito por\" \/>\n\t<meta name=\"twitter:data1\" content=\"Germ\u00e1n Giacchero\" \/>\n\t<meta name=\"twitter:label2\" content=\"Tiempo de lectura\" \/>\n\t<meta name=\"twitter:data2\" content=\"4 minutos\" \/>\n<script type=\"application\/ld+json\" class=\"yoast-schema-graph\">{\"@context\":\"https:\/\/schema.org\",\"@graph\":[{\"@type\":\"Article\",\"@id\":\"http:\/\/elregionalvm.com.ar\/noticias-villa-maria\/los-secretos-del-sillon-mas-codiciado-de-la-politica-rivadavia-nunca-se-sento-y-ni-siquiera-existe\/#article\",\"isPartOf\":{\"@id\":\"http:\/\/elregionalvm.com.ar\/noticias-villa-maria\/los-secretos-del-sillon-mas-codiciado-de-la-politica-rivadavia-nunca-se-sento-y-ni-siquiera-existe\/\"},\"author\":{\"name\":\"Germ\u00e1n Giacchero\",\"@id\":\"http:\/\/elregionalvm.com.ar\/noticias-villa-maria\/#\/schema\/person\/d5e4b04966154131701e52c45d3efec9\"},\"headline\":\"Los secretos del sill\u00f3n m\u00e1s codiciado de la pol\u00edtica: Rivadavia nunca se sent\u00f3 y ni siquiera existe\",\"datePublished\":\"2023-06-01T21:13:47+00:00\",\"dateModified\":\"2023-06-06T20:51:47+00:00\",\"mainEntityOfPage\":{\"@id\":\"http:\/\/elregionalvm.com.ar\/noticias-villa-maria\/los-secretos-del-sillon-mas-codiciado-de-la-politica-rivadavia-nunca-se-sento-y-ni-siquiera-existe\/\"},\"wordCount\":704,\"commentCount\":0,\"image\":{\"@id\":\"http:\/\/elregionalvm.com.ar\/noticias-villa-maria\/los-secretos-del-sillon-mas-codiciado-de-la-politica-rivadavia-nunca-se-sento-y-ni-siquiera-existe\/#primaryimage\"},\"thumbnailUrl\":\"https:\/\/i0.wp.com\/elregionalvm.com.ar\/noticias-villa-maria\/wp-content\/uploads\/2023\/06\/el-perro-del-pro-se-sento-en-el-sillon-presidencial-macri.jpg?fit=1140%2C641&ssl=1\",\"keywords\":[\"Alberto Fern\u00e1ndez\",\"creencia\",\"Cristina Fern\u00e1ndez\",\"Mauricio Macri\",\"militares\",\"mito\",\"N\u00e9stor Kirchner\",\"Pol\u00edtica\",\"sill\u00f3n de Rivadavia\",\"sill\u00f3n presidencial\"],\"articleSection\":[\"Historias\",\"Pol\u00edtica\",\"tercera\"],\"inLanguage\":\"es\",\"potentialAction\":[{\"@type\":\"CommentAction\",\"name\":\"Comment\",\"target\":[\"http:\/\/elregionalvm.com.ar\/noticias-villa-maria\/los-secretos-del-sillon-mas-codiciado-de-la-politica-rivadavia-nunca-se-sento-y-ni-siquiera-existe\/#respond\"]}]},{\"@type\":\"WebPage\",\"@id\":\"http:\/\/elregionalvm.com.ar\/noticias-villa-maria\/los-secretos-del-sillon-mas-codiciado-de-la-politica-rivadavia-nunca-se-sento-y-ni-siquiera-existe\/\",\"url\":\"http:\/\/elregionalvm.com.ar\/noticias-villa-maria\/los-secretos-del-sillon-mas-codiciado-de-la-politica-rivadavia-nunca-se-sento-y-ni-siquiera-existe\/\",\"name\":\"Los secretos del sill\u00f3n m\u00e1s codiciado de la pol\u00edtica: Rivadavia nunca se sent\u00f3 y ni siquiera existe - El Regional\",\"isPartOf\":{\"@id\":\"http:\/\/elregionalvm.com.ar\/noticias-villa-maria\/#website\"},\"primaryImageOfPage\":{\"@id\":\"http:\/\/elregionalvm.com.ar\/noticias-villa-maria\/los-secretos-del-sillon-mas-codiciado-de-la-politica-rivadavia-nunca-se-sento-y-ni-siquiera-existe\/#primaryimage\"},\"image\":{\"@id\":\"http:\/\/elregionalvm.com.ar\/noticias-villa-maria\/los-secretos-del-sillon-mas-codiciado-de-la-politica-rivadavia-nunca-se-sento-y-ni-siquiera-existe\/#primaryimage\"},\"thumbnailUrl\":\"https:\/\/i0.wp.com\/elregionalvm.com.ar\/noticias-villa-maria\/wp-content\/uploads\/2023\/06\/el-perro-del-pro-se-sento-en-el-sillon-presidencial-macri.jpg?fit=1140%2C641&ssl=1\",\"datePublished\":\"2023-06-01T21:13:47+00:00\",\"dateModified\":\"2023-06-06T20:51:47+00:00\",\"author\":{\"@id\":\"http:\/\/elregionalvm.com.ar\/noticias-villa-maria\/#\/schema\/person\/d5e4b04966154131701e52c45d3efec9\"},\"breadcrumb\":{\"@id\":\"http:\/\/elregionalvm.com.ar\/noticias-villa-maria\/los-secretos-del-sillon-mas-codiciado-de-la-politica-rivadavia-nunca-se-sento-y-ni-siquiera-existe\/#breadcrumb\"},\"inLanguage\":\"es\",\"potentialAction\":[{\"@type\":\"ReadAction\",\"target\":[\"http:\/\/elregionalvm.com.ar\/noticias-villa-maria\/los-secretos-del-sillon-mas-codiciado-de-la-politica-rivadavia-nunca-se-sento-y-ni-siquiera-existe\/\"]}]},{\"@type\":\"ImageObject\",\"inLanguage\":\"es\",\"@id\":\"http:\/\/elregionalvm.com.ar\/noticias-villa-maria\/los-secretos-del-sillon-mas-codiciado-de-la-politica-rivadavia-nunca-se-sento-y-ni-siquiera-existe\/#primaryimage\",\"url\":\"https:\/\/i0.wp.com\/elregionalvm.com.ar\/noticias-villa-maria\/wp-content\/uploads\/2023\/06\/el-perro-del-pro-se-sento-en-el-sillon-presidencial-macri.jpg?fit=1140%2C641&ssl=1\",\"contentUrl\":\"https:\/\/i0.wp.com\/elregionalvm.com.ar\/noticias-villa-maria\/wp-content\/uploads\/2023\/06\/el-perro-del-pro-se-sento-en-el-sillon-presidencial-macri.jpg?fit=1140%2C641&ssl=1\",\"width\":1140,\"height\":641},{\"@type\":\"BreadcrumbList\",\"@id\":\"http:\/\/elregionalvm.com.ar\/noticias-villa-maria\/los-secretos-del-sillon-mas-codiciado-de-la-politica-rivadavia-nunca-se-sento-y-ni-siquiera-existe\/#breadcrumb\",\"itemListElement\":[{\"@type\":\"ListItem\",\"position\":1,\"name\":\"Portada\",\"item\":\"https:\/\/elregionalvm.com.ar\/noticias-villa-maria\/\"},{\"@type\":\"ListItem\",\"position\":2,\"name\":\"Los secretos del sill\u00f3n m\u00e1s codiciado de la pol\u00edtica: Rivadavia nunca se sent\u00f3 y ni siquiera existe\"}]},{\"@type\":\"WebSite\",\"@id\":\"http:\/\/elregionalvm.com.ar\/noticias-villa-maria\/#website\",\"url\":\"http:\/\/elregionalvm.com.ar\/noticias-villa-maria\/\",\"name\":\"El Regional\",\"description\":\"Mucho m\u00e1s que informaci\u00f3n\",\"potentialAction\":[{\"@type\":\"SearchAction\",\"target\":{\"@type\":\"EntryPoint\",\"urlTemplate\":\"http:\/\/elregionalvm.com.ar\/noticias-villa-maria\/?s={search_term_string}\"},\"query-input\":{\"@type\":\"PropertyValueSpecification\",\"valueRequired\":true,\"valueName\":\"search_term_string\"}}],\"inLanguage\":\"es\"},{\"@type\":\"Person\",\"@id\":\"http:\/\/elregionalvm.com.ar\/noticias-villa-maria\/#\/schema\/person\/d5e4b04966154131701e52c45d3efec9\",\"name\":\"Germ\u00e1n Giacchero\",\"image\":{\"@type\":\"ImageObject\",\"inLanguage\":\"es\",\"@id\":\"http:\/\/elregionalvm.com.ar\/noticias-villa-maria\/#\/schema\/person\/image\/\",\"url\":\"https:\/\/secure.gravatar.com\/avatar\/fda163ba5ef0307ee5be9846e10f83b6e83d0cfb260d3b2464830318894c6b04?s=96&d=mm&r=g\",\"contentUrl\":\"https:\/\/secure.gravatar.com\/avatar\/fda163ba5ef0307ee5be9846e10f83b6e83d0cfb260d3b2464830318894c6b04?s=96&d=mm&r=g\",\"caption\":\"Germ\u00e1n Giacchero\"},\"url\":\"https:\/\/elregionalvm.com.ar\/noticias-villa-maria\/author\/germangiacchero\/\"}]}<\/script>\n<!-- \/ Yoast SEO plugin. -->","yoast_head_json":{"title":"Los secretos del sill\u00f3n m\u00e1s codiciado de la pol\u00edtica: Rivadavia nunca se sent\u00f3 y ni siquiera existe - El Regional","robots":{"index":"index","follow":"follow","max-snippet":"max-snippet:-1","max-image-preview":"max-image-preview:large","max-video-preview":"max-video-preview:-1"},"canonical":"http:\/\/elregionalvm.com.ar\/noticias-villa-maria\/los-secretos-del-sillon-mas-codiciado-de-la-politica-rivadavia-nunca-se-sento-y-ni-siquiera-existe\/","og_locale":"es_ES","og_type":"article","og_title":"Los secretos del sill\u00f3n m\u00e1s codiciado de la pol\u00edtica: Rivadavia nunca se sent\u00f3 y ni siquiera existe - El Regional","og_description":"La historia lo consagr\u00f3 como el \u201cSill\u00f3n de Rivadavia\u201d, pero nada m\u00e1s lejos de la realidad. No solo que no perteneci\u00f3 a esa figura hist\u00f3rica argentina, tampoco se sent\u00f3 all\u00ed alguna vez. El sill\u00f3n de Rivadavia, en verdad, no existe. Aqu\u00ed, las certezas. En ese m\u00edtico sill\u00f3n se sentaron desde Roca e Yrigoyen a Per\u00f3n, [&hellip;]","og_url":"http:\/\/elregionalvm.com.ar\/noticias-villa-maria\/los-secretos-del-sillon-mas-codiciado-de-la-politica-rivadavia-nunca-se-sento-y-ni-siquiera-existe\/","og_site_name":"El Regional","article_publisher":"https:\/\/www.facebook.com\/elregionalvm","article_published_time":"2023-06-01T21:13:47+00:00","article_modified_time":"2023-06-06T20:51:47+00:00","og_image":[{"width":1140,"height":641,"url":"http:\/\/elregionalvm.com.ar\/noticias-villa-maria\/wp-content\/uploads\/2023\/06\/el-perro-del-pro-se-sento-en-el-sillon-presidencial-macri.jpg","type":"image\/jpeg"}],"author":"Germ\u00e1n Giacchero","twitter_card":"summary_large_image","twitter_creator":"@elregionalvm1","twitter_site":"@elregionalvm1","twitter_misc":{"Escrito por":"Germ\u00e1n Giacchero","Tiempo de lectura":"4 minutos"},"schema":{"@context":"https:\/\/schema.org","@graph":[{"@type":"Article","@id":"http:\/\/elregionalvm.com.ar\/noticias-villa-maria\/los-secretos-del-sillon-mas-codiciado-de-la-politica-rivadavia-nunca-se-sento-y-ni-siquiera-existe\/#article","isPartOf":{"@id":"http:\/\/elregionalvm.com.ar\/noticias-villa-maria\/los-secretos-del-sillon-mas-codiciado-de-la-politica-rivadavia-nunca-se-sento-y-ni-siquiera-existe\/"},"author":{"name":"Germ\u00e1n Giacchero","@id":"http:\/\/elregionalvm.com.ar\/noticias-villa-maria\/#\/schema\/person\/d5e4b04966154131701e52c45d3efec9"},"headline":"Los secretos del sill\u00f3n m\u00e1s codiciado de la pol\u00edtica: Rivadavia nunca se sent\u00f3 y ni siquiera existe","datePublished":"2023-06-01T21:13:47+00:00","dateModified":"2023-06-06T20:51:47+00:00","mainEntityOfPage":{"@id":"http:\/\/elregionalvm.com.ar\/noticias-villa-maria\/los-secretos-del-sillon-mas-codiciado-de-la-politica-rivadavia-nunca-se-sento-y-ni-siquiera-existe\/"},"wordCount":704,"commentCount":0,"image":{"@id":"http:\/\/elregionalvm.com.ar\/noticias-villa-maria\/los-secretos-del-sillon-mas-codiciado-de-la-politica-rivadavia-nunca-se-sento-y-ni-siquiera-existe\/#primaryimage"},"thumbnailUrl":"https:\/\/i0.wp.com\/elregionalvm.com.ar\/noticias-villa-maria\/wp-content\/uploads\/2023\/06\/el-perro-del-pro-se-sento-en-el-sillon-presidencial-macri.jpg?fit=1140%2C641&ssl=1","keywords":["Alberto Fern\u00e1ndez","creencia","Cristina Fern\u00e1ndez","Mauricio Macri","militares","mito","N\u00e9stor Kirchner","Pol\u00edtica","sill\u00f3n de Rivadavia","sill\u00f3n presidencial"],"articleSection":["Historias","Pol\u00edtica","tercera"],"inLanguage":"es","potentialAction":[{"@type":"CommentAction","name":"Comment","target":["http:\/\/elregionalvm.com.ar\/noticias-villa-maria\/los-secretos-del-sillon-mas-codiciado-de-la-politica-rivadavia-nunca-se-sento-y-ni-siquiera-existe\/#respond"]}]},{"@type":"WebPage","@id":"http:\/\/elregionalvm.com.ar\/noticias-villa-maria\/los-secretos-del-sillon-mas-codiciado-de-la-politica-rivadavia-nunca-se-sento-y-ni-siquiera-existe\/","url":"http:\/\/elregionalvm.com.ar\/noticias-villa-maria\/los-secretos-del-sillon-mas-codiciado-de-la-politica-rivadavia-nunca-se-sento-y-ni-siquiera-existe\/","name":"Los secretos del sill\u00f3n m\u00e1s codiciado de la pol\u00edtica: Rivadavia nunca se sent\u00f3 y ni siquiera existe - El Regional","isPartOf":{"@id":"http:\/\/elregionalvm.com.ar\/noticias-villa-maria\/#website"},"primaryImageOfPage":{"@id":"http:\/\/elregionalvm.com.ar\/noticias-villa-maria\/los-secretos-del-sillon-mas-codiciado-de-la-politica-rivadavia-nunca-se-sento-y-ni-siquiera-existe\/#primaryimage"},"image":{"@id":"http:\/\/elregionalvm.com.ar\/noticias-villa-maria\/los-secretos-del-sillon-mas-codiciado-de-la-politica-rivadavia-nunca-se-sento-y-ni-siquiera-existe\/#primaryimage"},"thumbnailUrl":"https:\/\/i0.wp.com\/elregionalvm.com.ar\/noticias-villa-maria\/wp-content\/uploads\/2023\/06\/el-perro-del-pro-se-sento-en-el-sillon-presidencial-macri.jpg?fit=1140%2C641&ssl=1","datePublished":"2023-06-01T21:13:47+00:00","dateModified":"2023-06-06T20:51:47+00:00","author":{"@id":"http:\/\/elregionalvm.com.ar\/noticias-villa-maria\/#\/schema\/person\/d5e4b04966154131701e52c45d3efec9"},"breadcrumb":{"@id":"http:\/\/elregionalvm.com.ar\/noticias-villa-maria\/los-secretos-del-sillon-mas-codiciado-de-la-politica-rivadavia-nunca-se-sento-y-ni-siquiera-existe\/#breadcrumb"},"inLanguage":"es","potentialAction":[{"@type":"ReadAction","target":["http:\/\/elregionalvm.com.ar\/noticias-villa-maria\/los-secretos-del-sillon-mas-codiciado-de-la-politica-rivadavia-nunca-se-sento-y-ni-siquiera-existe\/"]}]},{"@type":"ImageObject","inLanguage":"es","@id":"http:\/\/elregionalvm.com.ar\/noticias-villa-maria\/los-secretos-del-sillon-mas-codiciado-de-la-politica-rivadavia-nunca-se-sento-y-ni-siquiera-existe\/#primaryimage","url":"https:\/\/i0.wp.com\/elregionalvm.com.ar\/noticias-villa-maria\/wp-content\/uploads\/2023\/06\/el-perro-del-pro-se-sento-en-el-sillon-presidencial-macri.jpg?fit=1140%2C641&ssl=1","contentUrl":"https:\/\/i0.wp.com\/elregionalvm.com.ar\/noticias-villa-maria\/wp-content\/uploads\/2023\/06\/el-perro-del-pro-se-sento-en-el-sillon-presidencial-macri.jpg?fit=1140%2C641&ssl=1","width":1140,"height":641},{"@type":"BreadcrumbList","@id":"http:\/\/elregionalvm.com.ar\/noticias-villa-maria\/los-secretos-del-sillon-mas-codiciado-de-la-politica-rivadavia-nunca-se-sento-y-ni-siquiera-existe\/#breadcrumb","itemListElement":[{"@type":"ListItem","position":1,"name":"Portada","item":"https:\/\/elregionalvm.com.ar\/noticias-villa-maria\/"},{"@type":"ListItem","position":2,"name":"Los secretos del sill\u00f3n m\u00e1s codiciado de la pol\u00edtica: Rivadavia nunca se sent\u00f3 y ni siquiera existe"}]},{"@type":"WebSite","@id":"http:\/\/elregionalvm.com.ar\/noticias-villa-maria\/#website","url":"http:\/\/elregionalvm.com.ar\/noticias-villa-maria\/","name":"El Regional","description":"Mucho m\u00e1s que informaci\u00f3n","potentialAction":[{"@type":"SearchAction","target":{"@type":"EntryPoint","urlTemplate":"http:\/\/elregionalvm.com.ar\/noticias-villa-maria\/?s={search_term_string}"},"query-input":{"@type":"PropertyValueSpecification","valueRequired":true,"valueName":"search_term_string"}}],"inLanguage":"es"},{"@type":"Person","@id":"http:\/\/elregionalvm.com.ar\/noticias-villa-maria\/#\/schema\/person\/d5e4b04966154131701e52c45d3efec9","name":"Germ\u00e1n Giacchero","image":{"@type":"ImageObject","inLanguage":"es","@id":"http:\/\/elregionalvm.com.ar\/noticias-villa-maria\/#\/schema\/person\/image\/","url":"https:\/\/secure.gravatar.com\/avatar\/fda163ba5ef0307ee5be9846e10f83b6e83d0cfb260d3b2464830318894c6b04?s=96&d=mm&r=g","contentUrl":"https:\/\/secure.gravatar.com\/avatar\/fda163ba5ef0307ee5be9846e10f83b6e83d0cfb260d3b2464830318894c6b04?s=96&d=mm&r=g","caption":"Germ\u00e1n Giacchero"},"url":"https:\/\/elregionalvm.com.ar\/noticias-villa-maria\/author\/germangiacchero\/"}]}},"jetpack_featured_media_url":"https:\/\/i0.wp.com\/elregionalvm.com.ar\/noticias-villa-maria\/wp-content\/uploads\/2023\/06\/el-perro-del-pro-se-sento-en-el-sillon-presidencial-macri.jpg?fit=1140%2C641&ssl=1","jetpack_sharing_enabled":true,"_links":{"self":[{"href":"https:\/\/elregionalvm.com.ar\/noticias-villa-maria\/wp-json\/wp\/v2\/posts\/77535","targetHints":{"allow":["GET"]}}],"collection":[{"href":"https:\/\/elregionalvm.com.ar\/noticias-villa-maria\/wp-json\/wp\/v2\/posts"}],"about":[{"href":"https:\/\/elregionalvm.com.ar\/noticias-villa-maria\/wp-json\/wp\/v2\/types\/post"}],"author":[{"embeddable":true,"href":"https:\/\/elregionalvm.com.ar\/noticias-villa-maria\/wp-json\/wp\/v2\/users\/6"}],"replies":[{"embeddable":true,"href":"https:\/\/elregionalvm.com.ar\/noticias-villa-maria\/wp-json\/wp\/v2\/comments?post=77535"}],"version-history":[{"count":3,"href":"https:\/\/elregionalvm.com.ar\/noticias-villa-maria\/wp-json\/wp\/v2\/posts\/77535\/revisions"}],"predecessor-version":[{"id":77543,"href":"https:\/\/elregionalvm.com.ar\/noticias-villa-maria\/wp-json\/wp\/v2\/posts\/77535\/revisions\/77543"}],"wp:featuredmedia":[{"embeddable":true,"href":"https:\/\/elregionalvm.com.ar\/noticias-villa-maria\/wp-json\/wp\/v2\/media\/77541"}],"wp:attachment":[{"href":"https:\/\/elregionalvm.com.ar\/noticias-villa-maria\/wp-json\/wp\/v2\/media?parent=77535"}],"wp:term":[{"taxonomy":"category","embeddable":true,"href":"https:\/\/elregionalvm.com.ar\/noticias-villa-maria\/wp-json\/wp\/v2\/categories?post=77535"},{"taxonomy":"post_tag","embeddable":true,"href":"https:\/\/elregionalvm.com.ar\/noticias-villa-maria\/wp-json\/wp\/v2\/tags?post=77535"}],"curies":[{"name":"wp","href":"https:\/\/api.w.org\/{rel}","templated":true}]}}