{"id":77638,"date":"2023-06-04T14:26:01","date_gmt":"2023-06-04T14:26:01","guid":{"rendered":"https:\/\/elregionalvm.com.ar\/noticias-villa-maria\/?p=77638"},"modified":"2023-06-06T19:49:02","modified_gmt":"2023-06-06T19:49:02","slug":"autovision-cumple-50-anos-este-domingo-4-de-junio","status":"publish","type":"post","link":"https:\/\/elregionalvm.com.ar\/noticias-villa-maria\/autovision-cumple-50-anos-este-domingo-4-de-junio\/","title":{"rendered":"Autovisi\u00f3n cumple 50 a\u00f1os este domingo 4 de junio"},"content":{"rendered":"\n<p><\/p>\n\n\n\n<p><strong>Escribe: Roberto Alassia<\/strong><\/p>\n\n\n\n<p><\/p>\n\n\n\n<p>El camino recorrido fue arduo y dif\u00edcil por los m\u00faltiples escollos que a lo largo de cinco d\u00e9cadas tuvimos que afrontar.<\/p>\n\n\n\n<p>Las transmisiones y coberturas a lo largo y ancho del pa\u00eds, como as\u00ed tambi\u00e9n en el exterior fueron innumerables, estuvimos presentes acompa\u00f1ando a pilotos argentinos por el mundo.<\/p>\n\n\n\n<p>Este gran esfuerzo fue posible en primer t\u00e9rmino por el apoyo de un grupo de anunciantes que siempre estuvieron a nuestro lado. Algunos de los cuales todav\u00eda est\u00e1n en nuestra carpeta.<\/p>\n\n\n\n<p>En segundo lugar, a quienes integraron nuestro equipo desde aquel primer programa hasta los que hoy siguen en este viaje.<\/p>\n\n\n\n<p><\/p>\n\n\n\n<figure class=\"wp-block-image size-large\"><img data-recalc-dims=\"1\" fetchpriority=\"high\" decoding=\"async\" width=\"1024\" height=\"576\" src=\"https:\/\/i0.wp.com\/elregionalvm.com.ar\/noticias-villa-maria\/wp-content\/uploads\/2022\/11\/Agustin-Canapino-IndyCar-termas.jpg?resize=1024%2C576&#038;ssl=1\" alt=\"\" class=\"wp-image-67673\" srcset=\"https:\/\/i0.wp.com\/elregionalvm.com.ar\/noticias-villa-maria\/wp-content\/uploads\/2022\/11\/Agustin-Canapino-IndyCar-termas.jpg?resize=1024%2C576&amp;ssl=1 1024w, https:\/\/i0.wp.com\/elregionalvm.com.ar\/noticias-villa-maria\/wp-content\/uploads\/2022\/11\/Agustin-Canapino-IndyCar-termas.jpg?resize=300%2C169&amp;ssl=1 300w, https:\/\/i0.wp.com\/elregionalvm.com.ar\/noticias-villa-maria\/wp-content\/uploads\/2022\/11\/Agustin-Canapino-IndyCar-termas.jpg?resize=768%2C432&amp;ssl=1 768w, https:\/\/i0.wp.com\/elregionalvm.com.ar\/noticias-villa-maria\/wp-content\/uploads\/2022\/11\/Agustin-Canapino-IndyCar-termas.jpg?w=1200&amp;ssl=1 1200w\" sizes=\"(max-width: 1000px) 100vw, 1000px\" \/><\/figure>\n\n\n\n<p><\/p>\n\n\n\n<p><strong>El comienzo<\/strong><\/p>\n\n\n\n<p>C\u00f3mo olvidar aquel mi\u00e9rcoles 4 de junio de 1973 en el primer estudio de radio Villa Mar\u00eda, por entonces en el 1450, con Edgardo Astrada, Oscar Bernaus, Rodolfo Gessi, Jos\u00e9 Luis Dolfi y Jorge Neder.<\/p>\n\n\n\n<p>Que con la conducci\u00f3n en control t\u00e9cnico de \u00d3scar C\u00f3rdoba y tras el okey de los directivos por entonces de la emisora dijeron s\u00ed al proyecto.<\/p>\n\n\n\n<p>Las historias y an\u00e9cdotas fueron inmensas a lo largo de tantos a\u00f1os, como aquella que, tras el regreso del mundial de motociclismo a nuestro pa\u00eds a Termas de R\u00edo Hondo, y ante una multitud impresionante, m\u00e1s de 180 mil personas.<\/p>\n\n\n\n<p>Los santiague\u00f1os no estaban lo suficiente preparados, tuvimos que hacer el programa, ya de noche dentro de un auto alumbrado con una linterna de un celular, por el gran atascamiento producido para salir del circuito y que produjo demoras de m\u00e1s de tres largas horas.<\/p>\n\n\n\n<p><strong>Agradecimientos<\/strong><\/p>\n\n\n\n<p>Simplemente quiero agradecer a todos los que fueron parte de la historia del programa a lo largo de estos 50 a\u00f1os nombrando a cada uno.<\/p>\n\n\n\n<p>E. Astrada.<\/p>\n\n\n\n<p>Rodolfo Guezzi<\/p>\n\n\n\n<p>\u00d3scar Bernaus<\/p>\n\n\n\n<p>Jorge Neder<\/p>\n\n\n\n<p>Jos\u00e9 Dolfi<\/p>\n\n\n\n<p>Carlos Vergara<\/p>\n\n\n\n<p>Chiche Carlstrom<\/p>\n\n\n\n<p>Oscar C\u00f3rdoba<\/p>\n\n\n\n<p>Rub\u00e9n Jara<\/p>\n\n\n\n<p>Fernando G\u00f3mez<\/p>\n\n\n\n<p>Luis Gallego<\/p>\n\n\n\n<p>Jos\u00e9 Bauck<\/p>\n\n\n\n<p>Oscar Marcos<\/p>\n\n\n\n<p>Pellegrini padre e hijo<\/p>\n\n\n\n<p>Oscar Calder\u00f3n<\/p>\n\n\n\n<p>Sergio y Javier Dellamaggiore<\/p>\n\n\n\n<p>Germ\u00e1n Rivera<\/p>\n\n\n\n<p>Ivi Rodr\u00edguez<\/p>\n\n\n\n<p>Jos\u00e9 Martino<\/p>\n\n\n\n<p>Juan C. Lopresti<\/p>\n\n\n\n<p>Jos\u00e9 Balbo<\/p>\n\n\n\n<p>Horacio Marcos<\/p>\n\n\n\n<p>Rub\u00e9n Chiapero<\/p>\n\n\n\n<p>Fran Tejeda<\/p>\n\n\n\n<p>A. Martelli<\/p>\n\n\n\n<p>S. Oberti<\/p>\n\n\n\n<p>Y en estos \u00faltimos tiempos:<\/p>\n\n\n\n<p>Oscar Vera, Walter Barrera y J. Vigouroux<\/p>\n\n\n\n<p>A todos, muchas, pero muchas gracias.\u00a0<\/p>\n\n\n\n<p><\/p>\n\n\n\n<p><\/p>\n\n\n\n<p><em>Foto principal: Festejo de los 45  a\u00f1os de Autovisi\u00f3n junto con Ortiz, Viglianco y Lopresti en estudios.<\/em><\/p>\n\n\n\n<h3 class=\"wp-block-heading\"><strong>Tambi\u00e9n pod\u00e9s ver: <\/strong><\/h3>\n\n\n\n<p><\/p>\n\n\n\n<p><\/p>\n\n\n\n<figure class=\"wp-block-embed is-type-wp-embed is-provider-el-regional wp-block-embed-el-regional\"><div class=\"wp-block-embed__wrapper\">\n<blockquote class=\"wp-embedded-content\" data-secret=\"xtt0lKRziS\"><a href=\"https:\/\/elregionalvm.com.ar\/noticias-villa-maria\/historias-la-formula-1-en-cordoba-y-un-suceso-que-no-se-repetira\/\">[Historias] La F\u00f3rmula 1 en C\u00f3rdoba y un suceso que no se repetir\u00e1<\/a><\/blockquote><iframe class=\"wp-embedded-content\" sandbox=\"allow-scripts\" security=\"restricted\" style=\"position: absolute; clip: rect(1px, 1px, 1px, 1px);\" title=\"\u00ab[Historias] La F\u00f3rmula 1 en C\u00f3rdoba y un suceso que no se repetir\u00e1\u00bb \u2014 El Regional\" src=\"https:\/\/elregionalvm.com.ar\/noticias-villa-maria\/historias-la-formula-1-en-cordoba-y-un-suceso-que-no-se-repetira\/embed\/#?secret=SefO0uZ2Ya#?secret=xtt0lKRziS\" data-secret=\"xtt0lKRziS\" width=\"500\" height=\"282\" frameborder=\"0\" marginwidth=\"0\" marginheight=\"0\" scrolling=\"no\"><\/iframe>\n<\/div><\/figure>\n","protected":false},"excerpt":{"rendered":"<p>Escribe: Roberto Alassia El camino recorrido fue arduo y dif\u00edcil por los m\u00faltiples escollos que a lo largo de cinco d\u00e9cadas tuvimos que afrontar. Las transmisiones y coberturas a lo largo y ancho del pa\u00eds, como as\u00ed tambi\u00e9n en el exterior fueron innumerables, estuvimos presentes acompa\u00f1ando a pilotos argentinos por el mundo. Este gran esfuerzo [&hellip;]<\/p>\n","protected":false},"author":4,"featured_media":77640,"comment_status":"open","ping_status":"open","sticky":false,"template":"","format":"standard","meta":{"site-sidebar-layout":"default","site-content-layout":"","ast-site-content-layout":"default","site-content-style":"default","site-sidebar-style":"default","ast-global-header-display":"","ast-banner-title-visibility":"","ast-main-header-display":"","ast-hfb-above-header-display":"","ast-hfb-below-header-display":"","ast-hfb-mobile-header-display":"","site-post-title":"","ast-breadcrumbs-content":"","ast-featured-img":"","footer-sml-layout":"","ast-disable-related-posts":"","theme-transparent-header-meta":"","adv-header-id-meta":"","stick-header-meta":"","header-above-stick-meta":"","header-main-stick-meta":"","header-below-stick-meta":"","astra-migrate-meta-layouts":"default","ast-page-background-enabled":"default","ast-page-background-meta":{"desktop":{"background-color":"","background-image":"","background-repeat":"repeat","background-position":"center center","background-size":"auto","background-attachment":"scroll","background-type":"","background-media":"","overlay-type":"","overlay-color":"","overlay-opacity":"","overlay-gradient":""},"tablet":{"background-color":"","background-image":"","background-repeat":"repeat","background-position":"center center","background-size":"auto","background-attachment":"scroll","background-type":"","background-media":"","overlay-type":"","overlay-color":"","overlay-opacity":"","overlay-gradient":""},"mobile":{"background-color":"","background-image":"","background-repeat":"repeat","background-position":"center center","background-size":"auto","background-attachment":"scroll","background-type":"","background-media":"","overlay-type":"","overlay-color":"","overlay-opacity":"","overlay-gradient":""}},"ast-content-background-meta":{"desktop":{"background-color":"var(--ast-global-color-5)","background-image":"","background-repeat":"repeat","background-position":"center center","background-size":"auto","background-attachment":"scroll","background-type":"","background-media":"","overlay-type":"","overlay-color":"","overlay-opacity":"","overlay-gradient":""},"tablet":{"background-color":"var(--ast-global-color-5)","background-image":"","background-repeat":"repeat","background-position":"center center","background-size":"auto","background-attachment":"scroll","background-type":"","background-media":"","overlay-type":"","overlay-color":"","overlay-opacity":"","overlay-gradient":""},"mobile":{"background-color":"var(--ast-global-color-5)","background-image":"","background-repeat":"repeat","background-position":"center center","background-size":"auto","background-attachment":"scroll","background-type":"","background-media":"","overlay-type":"","overlay-color":"","overlay-opacity":"","overlay-gradient":""}},"_jetpack_memberships_contains_paid_content":false,"_joinchat":[],"footnotes":""},"categories":[15158,3557,2],"tags":[22338,4244,1223,12670,80,22360,606,436,18972],"class_list":["post-77638","post","type-post","status-publish","format-standard","has-post-thumbnail","hentry","category-deporte","category-tercera","category-villa-maria","tag-4-de-junio","tag-50-anos","tag-aniversario","tag-automovilismo","tag-autos","tag-autovision","tag-carreras","tag-radio","tag-roberto-alassia"],"yoast_head":"<!-- This site is optimized with the Yoast SEO plugin v26.8 - https:\/\/yoast.com\/product\/yoast-seo-wordpress\/ -->\n<title>Autovisi\u00f3n cumple 50 a\u00f1os este domingo 4 de junio - El Regional<\/title>\n<meta name=\"robots\" content=\"index, follow, max-snippet:-1, max-image-preview:large, max-video-preview:-1\" \/>\n<link rel=\"canonical\" href=\"http:\/\/elregionalvm.com.ar\/noticias-villa-maria\/autovision-cumple-50-anos-este-domingo-4-de-junio\/\" \/>\n<meta property=\"og:locale\" content=\"es_ES\" \/>\n<meta property=\"og:type\" content=\"article\" \/>\n<meta property=\"og:title\" content=\"Autovisi\u00f3n cumple 50 a\u00f1os este domingo 4 de junio - El Regional\" \/>\n<meta property=\"og:description\" content=\"Escribe: Roberto Alassia El camino recorrido fue arduo y dif\u00edcil por los m\u00faltiples escollos que a lo largo de cinco d\u00e9cadas tuvimos que afrontar. Las transmisiones y coberturas a lo largo y ancho del pa\u00eds, como as\u00ed tambi\u00e9n en el exterior fueron innumerables, estuvimos presentes acompa\u00f1ando a pilotos argentinos por el mundo. Este gran esfuerzo [&hellip;]\" \/>\n<meta property=\"og:url\" content=\"http:\/\/elregionalvm.com.ar\/noticias-villa-maria\/autovision-cumple-50-anos-este-domingo-4-de-junio\/\" \/>\n<meta property=\"og:site_name\" content=\"El Regional\" \/>\n<meta property=\"article:publisher\" content=\"https:\/\/www.facebook.com\/elregionalvm\" \/>\n<meta property=\"article:published_time\" content=\"2023-06-04T14:26:01+00:00\" \/>\n<meta property=\"article:modified_time\" content=\"2023-06-06T19:49:02+00:00\" \/>\n<meta property=\"og:image\" content=\"http:\/\/elregionalvm.com.ar\/noticias-villa-maria\/wp-content\/uploads\/2023\/06\/autovision-50-anos-Alassia.jpeg\" \/>\n\t<meta property=\"og:image:width\" content=\"1599\" \/>\n\t<meta property=\"og:image:height\" content=\"972\" \/>\n\t<meta property=\"og:image:type\" content=\"image\/jpeg\" \/>\n<meta name=\"author\" content=\"Contenidos El Regional\" \/>\n<meta name=\"twitter:card\" content=\"summary_large_image\" \/>\n<meta name=\"twitter:creator\" content=\"@elregionalvm1\" \/>\n<meta name=\"twitter:site\" content=\"@elregionalvm1\" \/>\n<meta name=\"twitter:label1\" content=\"Escrito por\" \/>\n\t<meta name=\"twitter:data1\" content=\"Contenidos El Regional\" \/>\n\t<meta name=\"twitter:label2\" content=\"Tiempo de lectura\" \/>\n\t<meta name=\"twitter:data2\" content=\"2 minutos\" \/>\n<script type=\"application\/ld+json\" class=\"yoast-schema-graph\">{\"@context\":\"https:\/\/schema.org\",\"@graph\":[{\"@type\":\"Article\",\"@id\":\"http:\/\/elregionalvm.com.ar\/noticias-villa-maria\/autovision-cumple-50-anos-este-domingo-4-de-junio\/#article\",\"isPartOf\":{\"@id\":\"http:\/\/elregionalvm.com.ar\/noticias-villa-maria\/autovision-cumple-50-anos-este-domingo-4-de-junio\/\"},\"author\":{\"name\":\"Contenidos El Regional\",\"@id\":\"http:\/\/elregionalvm.com.ar\/noticias-villa-maria\/#\/schema\/person\/a0fb9c422317faca23d50163151bc354\"},\"headline\":\"Autovisi\u00f3n cumple 50 a\u00f1os este domingo 4 de junio\",\"datePublished\":\"2023-06-04T14:26:01+00:00\",\"dateModified\":\"2023-06-06T19:49:02+00:00\",\"mainEntityOfPage\":{\"@id\":\"http:\/\/elregionalvm.com.ar\/noticias-villa-maria\/autovision-cumple-50-anos-este-domingo-4-de-junio\/\"},\"wordCount\":416,\"commentCount\":0,\"image\":{\"@id\":\"http:\/\/elregionalvm.com.ar\/noticias-villa-maria\/autovision-cumple-50-anos-este-domingo-4-de-junio\/#primaryimage\"},\"thumbnailUrl\":\"https:\/\/i0.wp.com\/elregionalvm.com.ar\/noticias-villa-maria\/wp-content\/uploads\/2023\/06\/autovision-50-anos-Alassia.jpeg?fit=1599%2C972&ssl=1\",\"keywords\":[\"4 de junio\",\"50 a\u00f1os\",\"Aniversario\",\"automovilismo\",\"autos\",\"Autovisi\u00f3n\",\"Carreras\",\"radio\",\"Roberto Alassia\"],\"articleSection\":[\"Deporte\",\"tercera\",\"Villa Mar\u00eda\"],\"inLanguage\":\"es\",\"potentialAction\":[{\"@type\":\"CommentAction\",\"name\":\"Comment\",\"target\":[\"http:\/\/elregionalvm.com.ar\/noticias-villa-maria\/autovision-cumple-50-anos-este-domingo-4-de-junio\/#respond\"]}]},{\"@type\":\"WebPage\",\"@id\":\"http:\/\/elregionalvm.com.ar\/noticias-villa-maria\/autovision-cumple-50-anos-este-domingo-4-de-junio\/\",\"url\":\"http:\/\/elregionalvm.com.ar\/noticias-villa-maria\/autovision-cumple-50-anos-este-domingo-4-de-junio\/\",\"name\":\"Autovisi\u00f3n cumple 50 a\u00f1os este domingo 4 de junio - El Regional\",\"isPartOf\":{\"@id\":\"http:\/\/elregionalvm.com.ar\/noticias-villa-maria\/#website\"},\"primaryImageOfPage\":{\"@id\":\"http:\/\/elregionalvm.com.ar\/noticias-villa-maria\/autovision-cumple-50-anos-este-domingo-4-de-junio\/#primaryimage\"},\"image\":{\"@id\":\"http:\/\/elregionalvm.com.ar\/noticias-villa-maria\/autovision-cumple-50-anos-este-domingo-4-de-junio\/#primaryimage\"},\"thumbnailUrl\":\"https:\/\/i0.wp.com\/elregionalvm.com.ar\/noticias-villa-maria\/wp-content\/uploads\/2023\/06\/autovision-50-anos-Alassia.jpeg?fit=1599%2C972&ssl=1\",\"datePublished\":\"2023-06-04T14:26:01+00:00\",\"dateModified\":\"2023-06-06T19:49:02+00:00\",\"author\":{\"@id\":\"http:\/\/elregionalvm.com.ar\/noticias-villa-maria\/#\/schema\/person\/a0fb9c422317faca23d50163151bc354\"},\"breadcrumb\":{\"@id\":\"http:\/\/elregionalvm.com.ar\/noticias-villa-maria\/autovision-cumple-50-anos-este-domingo-4-de-junio\/#breadcrumb\"},\"inLanguage\":\"es\",\"potentialAction\":[{\"@type\":\"ReadAction\",\"target\":[\"http:\/\/elregionalvm.com.ar\/noticias-villa-maria\/autovision-cumple-50-anos-este-domingo-4-de-junio\/\"]}]},{\"@type\":\"ImageObject\",\"inLanguage\":\"es\",\"@id\":\"http:\/\/elregionalvm.com.ar\/noticias-villa-maria\/autovision-cumple-50-anos-este-domingo-4-de-junio\/#primaryimage\",\"url\":\"https:\/\/i0.wp.com\/elregionalvm.com.ar\/noticias-villa-maria\/wp-content\/uploads\/2023\/06\/autovision-50-anos-Alassia.jpeg?fit=1599%2C972&ssl=1\",\"contentUrl\":\"https:\/\/i0.wp.com\/elregionalvm.com.ar\/noticias-villa-maria\/wp-content\/uploads\/2023\/06\/autovision-50-anos-Alassia.jpeg?fit=1599%2C972&ssl=1\",\"width\":1599,\"height\":972},{\"@type\":\"BreadcrumbList\",\"@id\":\"http:\/\/elregionalvm.com.ar\/noticias-villa-maria\/autovision-cumple-50-anos-este-domingo-4-de-junio\/#breadcrumb\",\"itemListElement\":[{\"@type\":\"ListItem\",\"position\":1,\"name\":\"Portada\",\"item\":\"https:\/\/elregionalvm.com.ar\/noticias-villa-maria\/\"},{\"@type\":\"ListItem\",\"position\":2,\"name\":\"Autovisi\u00f3n cumple 50 a\u00f1os este domingo 4 de junio\"}]},{\"@type\":\"WebSite\",\"@id\":\"http:\/\/elregionalvm.com.ar\/noticias-villa-maria\/#website\",\"url\":\"http:\/\/elregionalvm.com.ar\/noticias-villa-maria\/\",\"name\":\"El Regional\",\"description\":\"Mucho m\u00e1s que informaci\u00f3n\",\"potentialAction\":[{\"@type\":\"SearchAction\",\"target\":{\"@type\":\"EntryPoint\",\"urlTemplate\":\"http:\/\/elregionalvm.com.ar\/noticias-villa-maria\/?s={search_term_string}\"},\"query-input\":{\"@type\":\"PropertyValueSpecification\",\"valueRequired\":true,\"valueName\":\"search_term_string\"}}],\"inLanguage\":\"es\"},{\"@type\":\"Person\",\"@id\":\"http:\/\/elregionalvm.com.ar\/noticias-villa-maria\/#\/schema\/person\/a0fb9c422317faca23d50163151bc354\",\"name\":\"Contenidos El Regional\",\"image\":{\"@type\":\"ImageObject\",\"inLanguage\":\"es\",\"@id\":\"http:\/\/elregionalvm.com.ar\/noticias-villa-maria\/#\/schema\/person\/image\/\",\"url\":\"https:\/\/secure.gravatar.com\/avatar\/265b27cb2209af7bb3a1318f03305787d7981a5cc6e6cd08fe5a4ecdf99d4b48?s=96&d=mm&r=g\",\"contentUrl\":\"https:\/\/secure.gravatar.com\/avatar\/265b27cb2209af7bb3a1318f03305787d7981a5cc6e6cd08fe5a4ecdf99d4b48?s=96&d=mm&r=g\",\"caption\":\"Contenidos El Regional\"},\"url\":\"https:\/\/elregionalvm.com.ar\/noticias-villa-maria\/author\/contenido\/\"}]}<\/script>\n<!-- \/ Yoast SEO plugin. -->","yoast_head_json":{"title":"Autovisi\u00f3n cumple 50 a\u00f1os este domingo 4 de junio - El Regional","robots":{"index":"index","follow":"follow","max-snippet":"max-snippet:-1","max-image-preview":"max-image-preview:large","max-video-preview":"max-video-preview:-1"},"canonical":"http:\/\/elregionalvm.com.ar\/noticias-villa-maria\/autovision-cumple-50-anos-este-domingo-4-de-junio\/","og_locale":"es_ES","og_type":"article","og_title":"Autovisi\u00f3n cumple 50 a\u00f1os este domingo 4 de junio - El Regional","og_description":"Escribe: Roberto Alassia El camino recorrido fue arduo y dif\u00edcil por los m\u00faltiples escollos que a lo largo de cinco d\u00e9cadas tuvimos que afrontar. Las transmisiones y coberturas a lo largo y ancho del pa\u00eds, como as\u00ed tambi\u00e9n en el exterior fueron innumerables, estuvimos presentes acompa\u00f1ando a pilotos argentinos por el mundo. Este gran esfuerzo [&hellip;]","og_url":"http:\/\/elregionalvm.com.ar\/noticias-villa-maria\/autovision-cumple-50-anos-este-domingo-4-de-junio\/","og_site_name":"El Regional","article_publisher":"https:\/\/www.facebook.com\/elregionalvm","article_published_time":"2023-06-04T14:26:01+00:00","article_modified_time":"2023-06-06T19:49:02+00:00","og_image":[{"width":1599,"height":972,"url":"http:\/\/elregionalvm.com.ar\/noticias-villa-maria\/wp-content\/uploads\/2023\/06\/autovision-50-anos-Alassia.jpeg","type":"image\/jpeg"}],"author":"Contenidos El Regional","twitter_card":"summary_large_image","twitter_creator":"@elregionalvm1","twitter_site":"@elregionalvm1","twitter_misc":{"Escrito por":"Contenidos El Regional","Tiempo de lectura":"2 minutos"},"schema":{"@context":"https:\/\/schema.org","@graph":[{"@type":"Article","@id":"http:\/\/elregionalvm.com.ar\/noticias-villa-maria\/autovision-cumple-50-anos-este-domingo-4-de-junio\/#article","isPartOf":{"@id":"http:\/\/elregionalvm.com.ar\/noticias-villa-maria\/autovision-cumple-50-anos-este-domingo-4-de-junio\/"},"author":{"name":"Contenidos El Regional","@id":"http:\/\/elregionalvm.com.ar\/noticias-villa-maria\/#\/schema\/person\/a0fb9c422317faca23d50163151bc354"},"headline":"Autovisi\u00f3n cumple 50 a\u00f1os este domingo 4 de junio","datePublished":"2023-06-04T14:26:01+00:00","dateModified":"2023-06-06T19:49:02+00:00","mainEntityOfPage":{"@id":"http:\/\/elregionalvm.com.ar\/noticias-villa-maria\/autovision-cumple-50-anos-este-domingo-4-de-junio\/"},"wordCount":416,"commentCount":0,"image":{"@id":"http:\/\/elregionalvm.com.ar\/noticias-villa-maria\/autovision-cumple-50-anos-este-domingo-4-de-junio\/#primaryimage"},"thumbnailUrl":"https:\/\/i0.wp.com\/elregionalvm.com.ar\/noticias-villa-maria\/wp-content\/uploads\/2023\/06\/autovision-50-anos-Alassia.jpeg?fit=1599%2C972&ssl=1","keywords":["4 de junio","50 a\u00f1os","Aniversario","automovilismo","autos","Autovisi\u00f3n","Carreras","radio","Roberto Alassia"],"articleSection":["Deporte","tercera","Villa Mar\u00eda"],"inLanguage":"es","potentialAction":[{"@type":"CommentAction","name":"Comment","target":["http:\/\/elregionalvm.com.ar\/noticias-villa-maria\/autovision-cumple-50-anos-este-domingo-4-de-junio\/#respond"]}]},{"@type":"WebPage","@id":"http:\/\/elregionalvm.com.ar\/noticias-villa-maria\/autovision-cumple-50-anos-este-domingo-4-de-junio\/","url":"http:\/\/elregionalvm.com.ar\/noticias-villa-maria\/autovision-cumple-50-anos-este-domingo-4-de-junio\/","name":"Autovisi\u00f3n cumple 50 a\u00f1os este domingo 4 de junio - El Regional","isPartOf":{"@id":"http:\/\/elregionalvm.com.ar\/noticias-villa-maria\/#website"},"primaryImageOfPage":{"@id":"http:\/\/elregionalvm.com.ar\/noticias-villa-maria\/autovision-cumple-50-anos-este-domingo-4-de-junio\/#primaryimage"},"image":{"@id":"http:\/\/elregionalvm.com.ar\/noticias-villa-maria\/autovision-cumple-50-anos-este-domingo-4-de-junio\/#primaryimage"},"thumbnailUrl":"https:\/\/i0.wp.com\/elregionalvm.com.ar\/noticias-villa-maria\/wp-content\/uploads\/2023\/06\/autovision-50-anos-Alassia.jpeg?fit=1599%2C972&ssl=1","datePublished":"2023-06-04T14:26:01+00:00","dateModified":"2023-06-06T19:49:02+00:00","author":{"@id":"http:\/\/elregionalvm.com.ar\/noticias-villa-maria\/#\/schema\/person\/a0fb9c422317faca23d50163151bc354"},"breadcrumb":{"@id":"http:\/\/elregionalvm.com.ar\/noticias-villa-maria\/autovision-cumple-50-anos-este-domingo-4-de-junio\/#breadcrumb"},"inLanguage":"es","potentialAction":[{"@type":"ReadAction","target":["http:\/\/elregionalvm.com.ar\/noticias-villa-maria\/autovision-cumple-50-anos-este-domingo-4-de-junio\/"]}]},{"@type":"ImageObject","inLanguage":"es","@id":"http:\/\/elregionalvm.com.ar\/noticias-villa-maria\/autovision-cumple-50-anos-este-domingo-4-de-junio\/#primaryimage","url":"https:\/\/i0.wp.com\/elregionalvm.com.ar\/noticias-villa-maria\/wp-content\/uploads\/2023\/06\/autovision-50-anos-Alassia.jpeg?fit=1599%2C972&ssl=1","contentUrl":"https:\/\/i0.wp.com\/elregionalvm.com.ar\/noticias-villa-maria\/wp-content\/uploads\/2023\/06\/autovision-50-anos-Alassia.jpeg?fit=1599%2C972&ssl=1","width":1599,"height":972},{"@type":"BreadcrumbList","@id":"http:\/\/elregionalvm.com.ar\/noticias-villa-maria\/autovision-cumple-50-anos-este-domingo-4-de-junio\/#breadcrumb","itemListElement":[{"@type":"ListItem","position":1,"name":"Portada","item":"https:\/\/elregionalvm.com.ar\/noticias-villa-maria\/"},{"@type":"ListItem","position":2,"name":"Autovisi\u00f3n cumple 50 a\u00f1os este domingo 4 de junio"}]},{"@type":"WebSite","@id":"http:\/\/elregionalvm.com.ar\/noticias-villa-maria\/#website","url":"http:\/\/elregionalvm.com.ar\/noticias-villa-maria\/","name":"El Regional","description":"Mucho m\u00e1s que informaci\u00f3n","potentialAction":[{"@type":"SearchAction","target":{"@type":"EntryPoint","urlTemplate":"http:\/\/elregionalvm.com.ar\/noticias-villa-maria\/?s={search_term_string}"},"query-input":{"@type":"PropertyValueSpecification","valueRequired":true,"valueName":"search_term_string"}}],"inLanguage":"es"},{"@type":"Person","@id":"http:\/\/elregionalvm.com.ar\/noticias-villa-maria\/#\/schema\/person\/a0fb9c422317faca23d50163151bc354","name":"Contenidos El Regional","image":{"@type":"ImageObject","inLanguage":"es","@id":"http:\/\/elregionalvm.com.ar\/noticias-villa-maria\/#\/schema\/person\/image\/","url":"https:\/\/secure.gravatar.com\/avatar\/265b27cb2209af7bb3a1318f03305787d7981a5cc6e6cd08fe5a4ecdf99d4b48?s=96&d=mm&r=g","contentUrl":"https:\/\/secure.gravatar.com\/avatar\/265b27cb2209af7bb3a1318f03305787d7981a5cc6e6cd08fe5a4ecdf99d4b48?s=96&d=mm&r=g","caption":"Contenidos El Regional"},"url":"https:\/\/elregionalvm.com.ar\/noticias-villa-maria\/author\/contenido\/"}]}},"jetpack_featured_media_url":"https:\/\/i0.wp.com\/elregionalvm.com.ar\/noticias-villa-maria\/wp-content\/uploads\/2023\/06\/autovision-50-anos-Alassia.jpeg?fit=1599%2C972&ssl=1","jetpack_sharing_enabled":true,"_links":{"self":[{"href":"https:\/\/elregionalvm.com.ar\/noticias-villa-maria\/wp-json\/wp\/v2\/posts\/77638","targetHints":{"allow":["GET"]}}],"collection":[{"href":"https:\/\/elregionalvm.com.ar\/noticias-villa-maria\/wp-json\/wp\/v2\/posts"}],"about":[{"href":"https:\/\/elregionalvm.com.ar\/noticias-villa-maria\/wp-json\/wp\/v2\/types\/post"}],"author":[{"embeddable":true,"href":"https:\/\/elregionalvm.com.ar\/noticias-villa-maria\/wp-json\/wp\/v2\/users\/4"}],"replies":[{"embeddable":true,"href":"https:\/\/elregionalvm.com.ar\/noticias-villa-maria\/wp-json\/wp\/v2\/comments?post=77638"}],"version-history":[{"count":2,"href":"https:\/\/elregionalvm.com.ar\/noticias-villa-maria\/wp-json\/wp\/v2\/posts\/77638\/revisions"}],"predecessor-version":[{"id":77642,"href":"https:\/\/elregionalvm.com.ar\/noticias-villa-maria\/wp-json\/wp\/v2\/posts\/77638\/revisions\/77642"}],"wp:featuredmedia":[{"embeddable":true,"href":"https:\/\/elregionalvm.com.ar\/noticias-villa-maria\/wp-json\/wp\/v2\/media\/77640"}],"wp:attachment":[{"href":"https:\/\/elregionalvm.com.ar\/noticias-villa-maria\/wp-json\/wp\/v2\/media?parent=77638"}],"wp:term":[{"taxonomy":"category","embeddable":true,"href":"https:\/\/elregionalvm.com.ar\/noticias-villa-maria\/wp-json\/wp\/v2\/categories?post=77638"},{"taxonomy":"post_tag","embeddable":true,"href":"https:\/\/elregionalvm.com.ar\/noticias-villa-maria\/wp-json\/wp\/v2\/tags?post=77638"}],"curies":[{"name":"wp","href":"https:\/\/api.w.org\/{rel}","templated":true}]}}