{"id":77643,"date":"2023-06-04T14:51:57","date_gmt":"2023-06-04T14:51:57","guid":{"rendered":"https:\/\/elregionalvm.com.ar\/noticias-villa-maria\/?p=77643"},"modified":"2023-06-05T00:14:17","modified_gmt":"2023-06-05T00:14:17","slug":"domingo-4-dia-d-antes-de-las-elecciones-del-25-de-junio","status":"publish","type":"post","link":"https:\/\/elregionalvm.com.ar\/noticias-villa-maria\/domingo-4-dia-d-antes-de-las-elecciones-del-25-de-junio\/","title":{"rendered":"Domingo 4: D\u00eda D en la regi\u00f3n antes de las elecciones del 25 de junio"},"content":{"rendered":"\n<p><\/p>\n\n\n\n<h3 class=\"wp-block-heading\"><strong>Este domingo marca la previa caliente al 25 de junio, fecha de las elecciones provinciales y locales en unas 200 localidades. El test electoral de este fin de semana tiene como protagonistas a 88 pueblos y ciudades, varios gobernados por el radicalismo y aliados.<\/strong><\/h3>\n\n\n\n<p><\/p>\n\n\n\n<p>Junio se inicia al rojo vivo en el plano pol\u00edtico. Esto domingo 4 de junio marcar\u00e1 la previa a la jornada central de elecciones en C\u00f3rdoba, la del 25 de junio cuando se desarrollen los comicios provinciales y locales en unas 200 localidades.<\/p>\n\n\n\n<p>Un total de 88 comunas y municipios concurrir\u00e1n a las urnas para renovar autoridades este fin de semana. Gran parte de estos son gobernados por el radicalismo y se pondr\u00e1n en juego de manera anticipada a la fecha elegida por el gobierno de Juan Schiaretti para elegir al futuro gobernador.<\/p>\n\n\n\n<p>Entre las localidades de mayor poblaci\u00f3n que votar\u00e1n R\u00edo Tercero, Cosqu\u00edn, La Calera, Dean Funes, Unquillo, Villa del Rosario y Santa Rosa de Calamuchita, entre otras.<\/p>\n\n\n\n<p><\/p>\n\n\n\n<figure class=\"wp-block-image size-full\"><img data-recalc-dims=\"1\" fetchpriority=\"high\" decoding=\"async\" width=\"1000\" height=\"668\" src=\"https:\/\/i0.wp.com\/elregionalvm.com.ar\/noticias-villa-maria\/wp-content\/uploads\/2021\/07\/Urna-votacion-elecciones.jpeg?resize=1000%2C668&#038;ssl=1\" alt=\"\" class=\"wp-image-41047\" srcset=\"https:\/\/i0.wp.com\/elregionalvm.com.ar\/noticias-villa-maria\/wp-content\/uploads\/2021\/07\/Urna-votacion-elecciones.jpeg?w=1000&amp;ssl=1 1000w, https:\/\/i0.wp.com\/elregionalvm.com.ar\/noticias-villa-maria\/wp-content\/uploads\/2021\/07\/Urna-votacion-elecciones.jpeg?resize=300%2C200&amp;ssl=1 300w, https:\/\/i0.wp.com\/elregionalvm.com.ar\/noticias-villa-maria\/wp-content\/uploads\/2021\/07\/Urna-votacion-elecciones.jpeg?resize=768%2C513&amp;ssl=1 768w\" sizes=\"(max-width: 1000px) 100vw, 1000px\" \/><\/figure>\n\n\n\n<p><\/p>\n\n\n\n<p>Todas elegir\u00e1n intendentes o jefes comunales, concejales, jefes comunales y tribunos de cuentas, salvo en los lugares donde se present\u00f3 una sola lista y ya resultaron proclamadas. En nuestra regi\u00f3n es el caso de Ticino y Arroyo Cabral, por ejemplo.<\/p>\n\n\n\n<p>El calendario electoral de los 427 municipios cordobeses comenz\u00f3 el 19 de marzo con comicios en La Falda. Unas 227 de esas administraciones del interior votar\u00e1n en simult\u00e1neo con las elecciones provinciales del 25 de junio, y las restantes en distintas fechas hasta el 23 de julio.<\/p>\n\n\n\n<p>El domingo 28 de mayo, 29 comunas y municipios concurrieron a las urnas para renovar autoridades locales, la mayor\u00eda gobernadas por el peronismo.<\/p>\n\n\n\n<p>El calendario electoral ya hab\u00eda comenzado el 19 de marzo con las elecciones municipales en La Falda; luego vino Hernando el 26 de ese mes y General Cabrera, el 16 de abril.<\/p>\n\n\n\n<p>La m\u00e1s reciente hab\u00eda sido la elecci\u00f3n en Corral de Bustos, el pasado 21 de mayo.<\/p>\n\n\n\n<p><strong>En la regi\u00f3n<\/strong><\/p>\n\n\n\n<p>En nuestra regi\u00f3n m\u00e1s cercana elegir\u00e1n sus pr\u00f3ximas autoridades las siguientes localidades:<\/p>\n\n\n\n<p>Arroyo Cabral, Chaz\u00f3n, Etruria, La Laguna, La Palestina, Ticino, <a>T\u00edo Pujio<\/a>, Ucacha, Isla Verde, Calch\u00edn, Calch\u00edn Oeste, Colazo, Las Junturas, Luque, Pilar, Justiniano Posse, Laborde, Pueblo Italiano y San Antonio de Lit\u00edn.<\/p>\n\n\n\n<p><\/p>\n\n\n\n<figure class=\"wp-block-image size-full\"><img data-recalc-dims=\"1\" decoding=\"async\" width=\"848\" height=\"533\" src=\"https:\/\/i0.wp.com\/elregionalvm.com.ar\/noticias-villa-maria\/wp-content\/uploads\/2021\/08\/Elecciones-urnas-Villa-Maria.jpg?resize=848%2C533&#038;ssl=1\" alt=\"\" class=\"wp-image-43511\" srcset=\"https:\/\/i0.wp.com\/elregionalvm.com.ar\/noticias-villa-maria\/wp-content\/uploads\/2021\/08\/Elecciones-urnas-Villa-Maria.jpg?w=848&amp;ssl=1 848w, https:\/\/i0.wp.com\/elregionalvm.com.ar\/noticias-villa-maria\/wp-content\/uploads\/2021\/08\/Elecciones-urnas-Villa-Maria.jpg?resize=300%2C189&amp;ssl=1 300w, https:\/\/i0.wp.com\/elregionalvm.com.ar\/noticias-villa-maria\/wp-content\/uploads\/2021\/08\/Elecciones-urnas-Villa-Maria.jpg?resize=768%2C483&amp;ssl=1 768w\" sizes=\"(max-width: 848px) 100vw, 848px\" \/><\/figure>\n\n\n\n<p><\/p>\n\n\n\n<p><strong>Veamos los candidatos a intendente:<\/strong><\/p>\n\n\n\n<p><\/p>\n\n\n\n<p><strong>Chaz\u00f3n<\/strong><\/p>\n\n\n\n<ul class=\"wp-block-list\"><li>Juntos por Chaz\u00f3n: el actual intendente Robert Meichtri<\/li><\/ul>\n\n\n\n<ul class=\"wp-block-list\"><li>Unidos por Chaz\u00f3n: Adolfo Arnaudo, presidente del Club Sportivo.<\/li><\/ul>\n\n\n\n<p><\/p>\n\n\n\n<p><strong>La Laguna<\/strong><\/p>\n\n\n\n<ul class=\"wp-block-list\"><li>Juntos por el Cambio: Mariano Colombano<\/li><li>Hacemos Unidos por C\u00f3rdoba: Tom\u00e1s N\u00fa\u00f1ez<\/li><\/ul>\n\n\n\n<p><\/p>\n\n\n\n<p><strong>La Palestina<\/strong><\/p>\n\n\n\n<ul class=\"wp-block-list\"><li>Juntos por La Palestina: Alexis Primo.<\/li><li>Unidos por La Palestina: Mayco Becco<\/li><\/ul>\n\n\n\n<p><\/p>\n\n\n\n<p><strong>T\u00edo Pujio<\/strong><\/p>\n\n\n\n<ul class=\"wp-block-list\"><li>Hacemos Unidos por C\u00f3rdoba: Ariel Petrocci<\/li><li>Juntos por el Cambio:<strong> <\/strong>Juan Adri\u00e1n Thione<\/li><\/ul>\n\n\n\n<p><\/p>\n\n\n\n<p><strong>Etruria<\/strong><\/p>\n\n\n\n<ul class=\"wp-block-list\"><li>Juntos por Etruria: Maximiliano Andr\u00e9s<\/li><li>Unidos por Etruria:Nicol\u00e1s Semprini<\/li><\/ul>\n\n\n\n<p><\/p>\n\n\n\n<p><strong>Ucacha<\/strong><\/p>\n\n\n\n<ul class=\"wp-block-list\"><li>Ucacha entre Todos: el actual intendente Ariel Moreyra<\/li><li>Juntos por Ucacha: Alicia Maldonado<\/li><\/ul>\n\n\n\n<p><\/p>\n\n\n\n<p><strong>Justiniano Posse<\/strong><\/p>\n\n\n\n<ul class=\"wp-block-list\"><li>Vamos Posse: Pablo Bottasso<\/li><li>Posse Sigue: Rolo Margherit<\/li><\/ul>\n\n\n\n<p><\/p>\n\n\n\n<p><strong>Laborde<\/strong><\/p>\n\n\n\n<ul class=\"wp-block-list\"><li>Juntos por el cambio: Mar\u00eda Cristina Sanabria.<\/li><li>Unidos por Laborde: Juan Jos\u00e9 Devalle<\/li><\/ul>\n\n\n\n<p><\/p>\n\n\n\n<p><strong>San Antonio Lit\u00edn<\/strong><\/p>\n\n\n\n<ul class=\"wp-block-list\"><li>Hacemos Unidos por C\u00f3rdoba: Nelson Adri\u00e1n Gonz\u00e1lez<\/li><li>Juntos por el Cambio: Daniel Castigliano.<\/li><\/ul>\n\n\n\n<p><\/p>\n\n\n\n<p><strong>Listas \u00fanicas<\/strong><\/p>\n\n\n\n<p>No habr\u00e1 elecciones, las autoridades ya fueron proclamadas.<\/p>\n\n\n\n<ul class=\"wp-block-list\"><li><strong>Arroyo Cabral:<\/strong> \u00a0Ra\u00fal Mariscalchi<\/li><\/ul>\n\n\n\n<p><\/p>\n\n\n\n<ul class=\"wp-block-list\"><li><strong>Ticino:<\/strong> Gabriel Ca\u00f1as<\/li><\/ul>\n\n\n\n<p><\/p>\n\n\n\n<h3 class=\"wp-block-heading\">Tambi\u00e9n pod\u00e9s ver: <\/h3>\n\n\n\n<p><\/p>\n\n\n\n<figure class=\"wp-block-embed is-type-wp-embed is-provider-el-regional wp-block-embed-el-regional\"><div class=\"wp-block-embed__wrapper\">\n<blockquote class=\"wp-embedded-content\" data-secret=\"kCFfgyieBd\"><a href=\"https:\/\/elregionalvm.com.ar\/noticias-villa-maria\/elecciones-en-cordoba-las-listas-y-candidatos-para-gobernador-y-legisladores\/\">Elecciones en C\u00f3rdoba: Las listas y candidatos para gobernador y legisladores<\/a><\/blockquote><iframe class=\"wp-embedded-content\" sandbox=\"allow-scripts\" security=\"restricted\" style=\"position: absolute; clip: rect(1px, 1px, 1px, 1px);\" title=\"\u00abElecciones en C\u00f3rdoba: Las listas y candidatos para gobernador y legisladores\u00bb \u2014 El Regional\" src=\"https:\/\/elregionalvm.com.ar\/noticias-villa-maria\/elecciones-en-cordoba-las-listas-y-candidatos-para-gobernador-y-legisladores\/embed\/#?secret=LdkZE3Wp92#?secret=kCFfgyieBd\" data-secret=\"kCFfgyieBd\" width=\"500\" height=\"282\" frameborder=\"0\" marginwidth=\"0\" marginheight=\"0\" scrolling=\"no\"><\/iframe>\n<\/div><\/figure>\n","protected":false},"excerpt":{"rendered":"<p>Este domingo marca la previa caliente al 25 de junio, fecha de las elecciones provinciales y locales en unas 200 localidades. El test electoral de este fin de semana tiene como protagonistas a 88 pueblos y ciudades, varios gobernados por el radicalismo y aliados. Junio se inicia al rojo vivo en el plano pol\u00edtico. Esto [&hellip;]<\/p>\n","protected":false},"author":6,"featured_media":68701,"comment_status":"open","ping_status":"open","sticky":false,"template":"","format":"standard","meta":{"site-sidebar-layout":"default","site-content-layout":"","ast-site-content-layout":"default","site-content-style":"default","site-sidebar-style":"default","ast-global-header-display":"","ast-banner-title-visibility":"","ast-main-header-display":"","ast-hfb-above-header-display":"","ast-hfb-below-header-display":"","ast-hfb-mobile-header-display":"","site-post-title":"","ast-breadcrumbs-content":"","ast-featured-img":"","footer-sml-layout":"","ast-disable-related-posts":"","theme-transparent-header-meta":"","adv-header-id-meta":"","stick-header-meta":"","header-above-stick-meta":"","header-main-stick-meta":"","header-below-stick-meta":"","astra-migrate-meta-layouts":"default","ast-page-background-enabled":"default","ast-page-background-meta":{"desktop":{"background-color":"","background-image":"","background-repeat":"repeat","background-position":"center center","background-size":"auto","background-attachment":"scroll","background-type":"","background-media":"","overlay-type":"","overlay-color":"","overlay-opacity":"","overlay-gradient":""},"tablet":{"background-color":"","background-image":"","background-repeat":"repeat","background-position":"center center","background-size":"auto","background-attachment":"scroll","background-type":"","background-media":"","overlay-type":"","overlay-color":"","overlay-opacity":"","overlay-gradient":""},"mobile":{"background-color":"","background-image":"","background-repeat":"repeat","background-position":"center center","background-size":"auto","background-attachment":"scroll","background-type":"","background-media":"","overlay-type":"","overlay-color":"","overlay-opacity":"","overlay-gradient":""}},"ast-content-background-meta":{"desktop":{"background-color":"var(--ast-global-color-5)","background-image":"","background-repeat":"repeat","background-position":"center center","background-size":"auto","background-attachment":"scroll","background-type":"","background-media":"","overlay-type":"","overlay-color":"","overlay-opacity":"","overlay-gradient":""},"tablet":{"background-color":"var(--ast-global-color-5)","background-image":"","background-repeat":"repeat","background-position":"center center","background-size":"auto","background-attachment":"scroll","background-type":"","background-media":"","overlay-type":"","overlay-color":"","overlay-opacity":"","overlay-gradient":""},"mobile":{"background-color":"var(--ast-global-color-5)","background-image":"","background-repeat":"repeat","background-position":"center center","background-size":"auto","background-attachment":"scroll","background-type":"","background-media":"","overlay-type":"","overlay-color":"","overlay-opacity":"","overlay-gradient":""}},"_jetpack_memberships_contains_paid_content":false,"_joinchat":[],"footnotes":""},"categories":[2089,2091],"tags":[22338,22362,268,22220,7001,1459,697],"class_list":["post-77643","post","type-post","status-publish","format-standard","has-post-thumbnail","hentry","category-politica","category-region","tag-4-de-junio","tag-dia-d","tag-elecciones","tag-hacemos-unidos-por-cordoba","tag-juntos-por-el-cambio","tag-region","tag-ucr"],"yoast_head":"<!-- This site is optimized with the Yoast SEO plugin v26.8 - https:\/\/yoast.com\/product\/yoast-seo-wordpress\/ -->\n<title>Domingo 4: D\u00eda D en la regi\u00f3n antes de las elecciones del 25 de junio - El Regional<\/title>\n<meta name=\"robots\" content=\"index, follow, max-snippet:-1, max-image-preview:large, max-video-preview:-1\" \/>\n<link rel=\"canonical\" href=\"http:\/\/elregionalvm.com.ar\/noticias-villa-maria\/domingo-4-dia-d-antes-de-las-elecciones-del-25-de-junio\/\" \/>\n<meta property=\"og:locale\" content=\"es_ES\" \/>\n<meta property=\"og:type\" content=\"article\" \/>\n<meta property=\"og:title\" content=\"Domingo 4: D\u00eda D en la regi\u00f3n antes de las elecciones del 25 de junio - El Regional\" \/>\n<meta property=\"og:description\" content=\"Este domingo marca la previa caliente al 25 de junio, fecha de las elecciones provinciales y locales en unas 200 localidades. El test electoral de este fin de semana tiene como protagonistas a 88 pueblos y ciudades, varios gobernados por el radicalismo y aliados. Junio se inicia al rojo vivo en el plano pol\u00edtico. Esto [&hellip;]\" \/>\n<meta property=\"og:url\" content=\"http:\/\/elregionalvm.com.ar\/noticias-villa-maria\/domingo-4-dia-d-antes-de-las-elecciones-del-25-de-junio\/\" \/>\n<meta property=\"og:site_name\" content=\"El Regional\" \/>\n<meta property=\"article:publisher\" content=\"https:\/\/www.facebook.com\/elregionalvm\" \/>\n<meta property=\"article:published_time\" content=\"2023-06-04T14:51:57+00:00\" \/>\n<meta property=\"article:modified_time\" content=\"2023-06-05T00:14:17+00:00\" \/>\n<meta property=\"og:image\" content=\"http:\/\/elregionalvm.com.ar\/noticias-villa-maria\/wp-content\/uploads\/2022\/12\/Voto-joven-urna.jpg\" \/>\n\t<meta property=\"og:image:width\" content=\"1000\" \/>\n\t<meta property=\"og:image:height\" content=\"667\" \/>\n\t<meta property=\"og:image:type\" content=\"image\/jpeg\" \/>\n<meta name=\"author\" content=\"Germ\u00e1n Giacchero\" \/>\n<meta name=\"twitter:card\" content=\"summary_large_image\" \/>\n<meta name=\"twitter:creator\" content=\"@elregionalvm1\" \/>\n<meta name=\"twitter:site\" content=\"@elregionalvm1\" \/>\n<meta name=\"twitter:label1\" content=\"Escrito por\" \/>\n\t<meta name=\"twitter:data1\" content=\"Germ\u00e1n Giacchero\" \/>\n\t<meta name=\"twitter:label2\" content=\"Tiempo de lectura\" \/>\n\t<meta name=\"twitter:data2\" content=\"3 minutos\" \/>\n<script type=\"application\/ld+json\" class=\"yoast-schema-graph\">{\"@context\":\"https:\/\/schema.org\",\"@graph\":[{\"@type\":\"Article\",\"@id\":\"http:\/\/elregionalvm.com.ar\/noticias-villa-maria\/domingo-4-dia-d-antes-de-las-elecciones-del-25-de-junio\/#article\",\"isPartOf\":{\"@id\":\"http:\/\/elregionalvm.com.ar\/noticias-villa-maria\/domingo-4-dia-d-antes-de-las-elecciones-del-25-de-junio\/\"},\"author\":{\"name\":\"Germ\u00e1n Giacchero\",\"@id\":\"http:\/\/elregionalvm.com.ar\/noticias-villa-maria\/#\/schema\/person\/d5e4b04966154131701e52c45d3efec9\"},\"headline\":\"Domingo 4: D\u00eda D en la regi\u00f3n antes de las elecciones del 25 de junio\",\"datePublished\":\"2023-06-04T14:51:57+00:00\",\"dateModified\":\"2023-06-05T00:14:17+00:00\",\"mainEntityOfPage\":{\"@id\":\"http:\/\/elregionalvm.com.ar\/noticias-villa-maria\/domingo-4-dia-d-antes-de-las-elecciones-del-25-de-junio\/\"},\"wordCount\":569,\"commentCount\":0,\"image\":{\"@id\":\"http:\/\/elregionalvm.com.ar\/noticias-villa-maria\/domingo-4-dia-d-antes-de-las-elecciones-del-25-de-junio\/#primaryimage\"},\"thumbnailUrl\":\"https:\/\/i0.wp.com\/elregionalvm.com.ar\/noticias-villa-maria\/wp-content\/uploads\/2022\/12\/Voto-joven-urna.jpg?fit=1000%2C667&ssl=1\",\"keywords\":[\"4 de junio\",\"D\u00eda D\",\"elecciones\",\"Hacemos Unidos por C\u00f3rdoba\",\"Juntos por el Cambio\",\"Regi\u00f3n\",\"UCR\"],\"articleSection\":[\"Pol\u00edtica\",\"Regi\u00f3n\"],\"inLanguage\":\"es\",\"potentialAction\":[{\"@type\":\"CommentAction\",\"name\":\"Comment\",\"target\":[\"http:\/\/elregionalvm.com.ar\/noticias-villa-maria\/domingo-4-dia-d-antes-de-las-elecciones-del-25-de-junio\/#respond\"]}]},{\"@type\":\"WebPage\",\"@id\":\"http:\/\/elregionalvm.com.ar\/noticias-villa-maria\/domingo-4-dia-d-antes-de-las-elecciones-del-25-de-junio\/\",\"url\":\"http:\/\/elregionalvm.com.ar\/noticias-villa-maria\/domingo-4-dia-d-antes-de-las-elecciones-del-25-de-junio\/\",\"name\":\"Domingo 4: D\u00eda D en la regi\u00f3n antes de las elecciones del 25 de junio - El Regional\",\"isPartOf\":{\"@id\":\"http:\/\/elregionalvm.com.ar\/noticias-villa-maria\/#website\"},\"primaryImageOfPage\":{\"@id\":\"http:\/\/elregionalvm.com.ar\/noticias-villa-maria\/domingo-4-dia-d-antes-de-las-elecciones-del-25-de-junio\/#primaryimage\"},\"image\":{\"@id\":\"http:\/\/elregionalvm.com.ar\/noticias-villa-maria\/domingo-4-dia-d-antes-de-las-elecciones-del-25-de-junio\/#primaryimage\"},\"thumbnailUrl\":\"https:\/\/i0.wp.com\/elregionalvm.com.ar\/noticias-villa-maria\/wp-content\/uploads\/2022\/12\/Voto-joven-urna.jpg?fit=1000%2C667&ssl=1\",\"datePublished\":\"2023-06-04T14:51:57+00:00\",\"dateModified\":\"2023-06-05T00:14:17+00:00\",\"author\":{\"@id\":\"http:\/\/elregionalvm.com.ar\/noticias-villa-maria\/#\/schema\/person\/d5e4b04966154131701e52c45d3efec9\"},\"breadcrumb\":{\"@id\":\"http:\/\/elregionalvm.com.ar\/noticias-villa-maria\/domingo-4-dia-d-antes-de-las-elecciones-del-25-de-junio\/#breadcrumb\"},\"inLanguage\":\"es\",\"potentialAction\":[{\"@type\":\"ReadAction\",\"target\":[\"http:\/\/elregionalvm.com.ar\/noticias-villa-maria\/domingo-4-dia-d-antes-de-las-elecciones-del-25-de-junio\/\"]}]},{\"@type\":\"ImageObject\",\"inLanguage\":\"es\",\"@id\":\"http:\/\/elregionalvm.com.ar\/noticias-villa-maria\/domingo-4-dia-d-antes-de-las-elecciones-del-25-de-junio\/#primaryimage\",\"url\":\"https:\/\/i0.wp.com\/elregionalvm.com.ar\/noticias-villa-maria\/wp-content\/uploads\/2022\/12\/Voto-joven-urna.jpg?fit=1000%2C667&ssl=1\",\"contentUrl\":\"https:\/\/i0.wp.com\/elregionalvm.com.ar\/noticias-villa-maria\/wp-content\/uploads\/2022\/12\/Voto-joven-urna.jpg?fit=1000%2C667&ssl=1\",\"width\":1000,\"height\":667},{\"@type\":\"BreadcrumbList\",\"@id\":\"http:\/\/elregionalvm.com.ar\/noticias-villa-maria\/domingo-4-dia-d-antes-de-las-elecciones-del-25-de-junio\/#breadcrumb\",\"itemListElement\":[{\"@type\":\"ListItem\",\"position\":1,\"name\":\"Portada\",\"item\":\"https:\/\/elregionalvm.com.ar\/noticias-villa-maria\/\"},{\"@type\":\"ListItem\",\"position\":2,\"name\":\"Domingo 4: D\u00eda D en la regi\u00f3n antes de las elecciones del 25 de junio\"}]},{\"@type\":\"WebSite\",\"@id\":\"http:\/\/elregionalvm.com.ar\/noticias-villa-maria\/#website\",\"url\":\"http:\/\/elregionalvm.com.ar\/noticias-villa-maria\/\",\"name\":\"El Regional\",\"description\":\"Mucho m\u00e1s que informaci\u00f3n\",\"potentialAction\":[{\"@type\":\"SearchAction\",\"target\":{\"@type\":\"EntryPoint\",\"urlTemplate\":\"http:\/\/elregionalvm.com.ar\/noticias-villa-maria\/?s={search_term_string}\"},\"query-input\":{\"@type\":\"PropertyValueSpecification\",\"valueRequired\":true,\"valueName\":\"search_term_string\"}}],\"inLanguage\":\"es\"},{\"@type\":\"Person\",\"@id\":\"http:\/\/elregionalvm.com.ar\/noticias-villa-maria\/#\/schema\/person\/d5e4b04966154131701e52c45d3efec9\",\"name\":\"Germ\u00e1n Giacchero\",\"image\":{\"@type\":\"ImageObject\",\"inLanguage\":\"es\",\"@id\":\"http:\/\/elregionalvm.com.ar\/noticias-villa-maria\/#\/schema\/person\/image\/\",\"url\":\"https:\/\/secure.gravatar.com\/avatar\/fda163ba5ef0307ee5be9846e10f83b6e83d0cfb260d3b2464830318894c6b04?s=96&d=mm&r=g\",\"contentUrl\":\"https:\/\/secure.gravatar.com\/avatar\/fda163ba5ef0307ee5be9846e10f83b6e83d0cfb260d3b2464830318894c6b04?s=96&d=mm&r=g\",\"caption\":\"Germ\u00e1n Giacchero\"},\"url\":\"https:\/\/elregionalvm.com.ar\/noticias-villa-maria\/author\/germangiacchero\/\"}]}<\/script>\n<!-- \/ Yoast SEO plugin. -->","yoast_head_json":{"title":"Domingo 4: D\u00eda D en la regi\u00f3n antes de las elecciones del 25 de junio - El Regional","robots":{"index":"index","follow":"follow","max-snippet":"max-snippet:-1","max-image-preview":"max-image-preview:large","max-video-preview":"max-video-preview:-1"},"canonical":"http:\/\/elregionalvm.com.ar\/noticias-villa-maria\/domingo-4-dia-d-antes-de-las-elecciones-del-25-de-junio\/","og_locale":"es_ES","og_type":"article","og_title":"Domingo 4: D\u00eda D en la regi\u00f3n antes de las elecciones del 25 de junio - El Regional","og_description":"Este domingo marca la previa caliente al 25 de junio, fecha de las elecciones provinciales y locales en unas 200 localidades. El test electoral de este fin de semana tiene como protagonistas a 88 pueblos y ciudades, varios gobernados por el radicalismo y aliados. Junio se inicia al rojo vivo en el plano pol\u00edtico. Esto [&hellip;]","og_url":"http:\/\/elregionalvm.com.ar\/noticias-villa-maria\/domingo-4-dia-d-antes-de-las-elecciones-del-25-de-junio\/","og_site_name":"El Regional","article_publisher":"https:\/\/www.facebook.com\/elregionalvm","article_published_time":"2023-06-04T14:51:57+00:00","article_modified_time":"2023-06-05T00:14:17+00:00","og_image":[{"width":1000,"height":667,"url":"http:\/\/elregionalvm.com.ar\/noticias-villa-maria\/wp-content\/uploads\/2022\/12\/Voto-joven-urna.jpg","type":"image\/jpeg"}],"author":"Germ\u00e1n Giacchero","twitter_card":"summary_large_image","twitter_creator":"@elregionalvm1","twitter_site":"@elregionalvm1","twitter_misc":{"Escrito por":"Germ\u00e1n Giacchero","Tiempo de lectura":"3 minutos"},"schema":{"@context":"https:\/\/schema.org","@graph":[{"@type":"Article","@id":"http:\/\/elregionalvm.com.ar\/noticias-villa-maria\/domingo-4-dia-d-antes-de-las-elecciones-del-25-de-junio\/#article","isPartOf":{"@id":"http:\/\/elregionalvm.com.ar\/noticias-villa-maria\/domingo-4-dia-d-antes-de-las-elecciones-del-25-de-junio\/"},"author":{"name":"Germ\u00e1n Giacchero","@id":"http:\/\/elregionalvm.com.ar\/noticias-villa-maria\/#\/schema\/person\/d5e4b04966154131701e52c45d3efec9"},"headline":"Domingo 4: D\u00eda D en la regi\u00f3n antes de las elecciones del 25 de junio","datePublished":"2023-06-04T14:51:57+00:00","dateModified":"2023-06-05T00:14:17+00:00","mainEntityOfPage":{"@id":"http:\/\/elregionalvm.com.ar\/noticias-villa-maria\/domingo-4-dia-d-antes-de-las-elecciones-del-25-de-junio\/"},"wordCount":569,"commentCount":0,"image":{"@id":"http:\/\/elregionalvm.com.ar\/noticias-villa-maria\/domingo-4-dia-d-antes-de-las-elecciones-del-25-de-junio\/#primaryimage"},"thumbnailUrl":"https:\/\/i0.wp.com\/elregionalvm.com.ar\/noticias-villa-maria\/wp-content\/uploads\/2022\/12\/Voto-joven-urna.jpg?fit=1000%2C667&ssl=1","keywords":["4 de junio","D\u00eda D","elecciones","Hacemos Unidos por C\u00f3rdoba","Juntos por el Cambio","Regi\u00f3n","UCR"],"articleSection":["Pol\u00edtica","Regi\u00f3n"],"inLanguage":"es","potentialAction":[{"@type":"CommentAction","name":"Comment","target":["http:\/\/elregionalvm.com.ar\/noticias-villa-maria\/domingo-4-dia-d-antes-de-las-elecciones-del-25-de-junio\/#respond"]}]},{"@type":"WebPage","@id":"http:\/\/elregionalvm.com.ar\/noticias-villa-maria\/domingo-4-dia-d-antes-de-las-elecciones-del-25-de-junio\/","url":"http:\/\/elregionalvm.com.ar\/noticias-villa-maria\/domingo-4-dia-d-antes-de-las-elecciones-del-25-de-junio\/","name":"Domingo 4: D\u00eda D en la regi\u00f3n antes de las elecciones del 25 de junio - El Regional","isPartOf":{"@id":"http:\/\/elregionalvm.com.ar\/noticias-villa-maria\/#website"},"primaryImageOfPage":{"@id":"http:\/\/elregionalvm.com.ar\/noticias-villa-maria\/domingo-4-dia-d-antes-de-las-elecciones-del-25-de-junio\/#primaryimage"},"image":{"@id":"http:\/\/elregionalvm.com.ar\/noticias-villa-maria\/domingo-4-dia-d-antes-de-las-elecciones-del-25-de-junio\/#primaryimage"},"thumbnailUrl":"https:\/\/i0.wp.com\/elregionalvm.com.ar\/noticias-villa-maria\/wp-content\/uploads\/2022\/12\/Voto-joven-urna.jpg?fit=1000%2C667&ssl=1","datePublished":"2023-06-04T14:51:57+00:00","dateModified":"2023-06-05T00:14:17+00:00","author":{"@id":"http:\/\/elregionalvm.com.ar\/noticias-villa-maria\/#\/schema\/person\/d5e4b04966154131701e52c45d3efec9"},"breadcrumb":{"@id":"http:\/\/elregionalvm.com.ar\/noticias-villa-maria\/domingo-4-dia-d-antes-de-las-elecciones-del-25-de-junio\/#breadcrumb"},"inLanguage":"es","potentialAction":[{"@type":"ReadAction","target":["http:\/\/elregionalvm.com.ar\/noticias-villa-maria\/domingo-4-dia-d-antes-de-las-elecciones-del-25-de-junio\/"]}]},{"@type":"ImageObject","inLanguage":"es","@id":"http:\/\/elregionalvm.com.ar\/noticias-villa-maria\/domingo-4-dia-d-antes-de-las-elecciones-del-25-de-junio\/#primaryimage","url":"https:\/\/i0.wp.com\/elregionalvm.com.ar\/noticias-villa-maria\/wp-content\/uploads\/2022\/12\/Voto-joven-urna.jpg?fit=1000%2C667&ssl=1","contentUrl":"https:\/\/i0.wp.com\/elregionalvm.com.ar\/noticias-villa-maria\/wp-content\/uploads\/2022\/12\/Voto-joven-urna.jpg?fit=1000%2C667&ssl=1","width":1000,"height":667},{"@type":"BreadcrumbList","@id":"http:\/\/elregionalvm.com.ar\/noticias-villa-maria\/domingo-4-dia-d-antes-de-las-elecciones-del-25-de-junio\/#breadcrumb","itemListElement":[{"@type":"ListItem","position":1,"name":"Portada","item":"https:\/\/elregionalvm.com.ar\/noticias-villa-maria\/"},{"@type":"ListItem","position":2,"name":"Domingo 4: D\u00eda D en la regi\u00f3n antes de las elecciones del 25 de junio"}]},{"@type":"WebSite","@id":"http:\/\/elregionalvm.com.ar\/noticias-villa-maria\/#website","url":"http:\/\/elregionalvm.com.ar\/noticias-villa-maria\/","name":"El Regional","description":"Mucho m\u00e1s que informaci\u00f3n","potentialAction":[{"@type":"SearchAction","target":{"@type":"EntryPoint","urlTemplate":"http:\/\/elregionalvm.com.ar\/noticias-villa-maria\/?s={search_term_string}"},"query-input":{"@type":"PropertyValueSpecification","valueRequired":true,"valueName":"search_term_string"}}],"inLanguage":"es"},{"@type":"Person","@id":"http:\/\/elregionalvm.com.ar\/noticias-villa-maria\/#\/schema\/person\/d5e4b04966154131701e52c45d3efec9","name":"Germ\u00e1n Giacchero","image":{"@type":"ImageObject","inLanguage":"es","@id":"http:\/\/elregionalvm.com.ar\/noticias-villa-maria\/#\/schema\/person\/image\/","url":"https:\/\/secure.gravatar.com\/avatar\/fda163ba5ef0307ee5be9846e10f83b6e83d0cfb260d3b2464830318894c6b04?s=96&d=mm&r=g","contentUrl":"https:\/\/secure.gravatar.com\/avatar\/fda163ba5ef0307ee5be9846e10f83b6e83d0cfb260d3b2464830318894c6b04?s=96&d=mm&r=g","caption":"Germ\u00e1n Giacchero"},"url":"https:\/\/elregionalvm.com.ar\/noticias-villa-maria\/author\/germangiacchero\/"}]}},"jetpack_featured_media_url":"https:\/\/i0.wp.com\/elregionalvm.com.ar\/noticias-villa-maria\/wp-content\/uploads\/2022\/12\/Voto-joven-urna.jpg?fit=1000%2C667&ssl=1","jetpack_sharing_enabled":true,"_links":{"self":[{"href":"https:\/\/elregionalvm.com.ar\/noticias-villa-maria\/wp-json\/wp\/v2\/posts\/77643","targetHints":{"allow":["GET"]}}],"collection":[{"href":"https:\/\/elregionalvm.com.ar\/noticias-villa-maria\/wp-json\/wp\/v2\/posts"}],"about":[{"href":"https:\/\/elregionalvm.com.ar\/noticias-villa-maria\/wp-json\/wp\/v2\/types\/post"}],"author":[{"embeddable":true,"href":"https:\/\/elregionalvm.com.ar\/noticias-villa-maria\/wp-json\/wp\/v2\/users\/6"}],"replies":[{"embeddable":true,"href":"https:\/\/elregionalvm.com.ar\/noticias-villa-maria\/wp-json\/wp\/v2\/comments?post=77643"}],"version-history":[{"count":2,"href":"https:\/\/elregionalvm.com.ar\/noticias-villa-maria\/wp-json\/wp\/v2\/posts\/77643\/revisions"}],"predecessor-version":[{"id":77646,"href":"https:\/\/elregionalvm.com.ar\/noticias-villa-maria\/wp-json\/wp\/v2\/posts\/77643\/revisions\/77646"}],"wp:featuredmedia":[{"embeddable":true,"href":"https:\/\/elregionalvm.com.ar\/noticias-villa-maria\/wp-json\/wp\/v2\/media\/68701"}],"wp:attachment":[{"href":"https:\/\/elregionalvm.com.ar\/noticias-villa-maria\/wp-json\/wp\/v2\/media?parent=77643"}],"wp:term":[{"taxonomy":"category","embeddable":true,"href":"https:\/\/elregionalvm.com.ar\/noticias-villa-maria\/wp-json\/wp\/v2\/categories?post=77643"},{"taxonomy":"post_tag","embeddable":true,"href":"https:\/\/elregionalvm.com.ar\/noticias-villa-maria\/wp-json\/wp\/v2\/tags?post=77643"}],"curies":[{"name":"wp","href":"https:\/\/api.w.org\/{rel}","templated":true}]}}