{"id":77647,"date":"2023-06-05T00:10:44","date_gmt":"2023-06-05T00:10:44","guid":{"rendered":"https:\/\/elregionalvm.com.ar\/noticias-villa-maria\/?p=77647"},"modified":"2023-06-06T14:03:53","modified_gmt":"2023-06-06T14:03:53","slug":"resultados-de-elecciones-salvo-en-la-palestina-los-candidatos-oficialistas-se-impusieron-en-la-region","status":"publish","type":"post","link":"https:\/\/elregionalvm.com.ar\/noticias-villa-maria\/resultados-de-elecciones-salvo-en-la-palestina-los-candidatos-oficialistas-se-impusieron-en-la-region\/","title":{"rendered":"Resultados sin muchas sorpresas: Salvo en La Palestina, los candidatos oficialistas se impusieron en la regi\u00f3n"},"content":{"rendered":"\n<p><\/p>\n\n\n\n<h3 class=\"wp-block-heading\"><strong>En un nuevo test electoral masivo previo a los comicios provinciales del 25 de junio, varias localidades de la regi\u00f3n consagraron a sus pr\u00f3ximas autoridades. Salvo algunos casos puntuales, los candidatos oficialistas se impusieron en la contienda. Un repaso por las localidades de la zona.<\/strong><\/h3>\n\n\n\n<p><\/p>\n\n\n\n<p>Un total de 88 comunas y municipios concurrieron a las urnas para renovar autoridades este fin de semana. Gran parte de estos son gobernados por el radicalismo.<\/p>\n\n\n\n<p>Todas eligieron intendentes o jefes comunales, concejales, jefes comunales y tribunos de cuentas, salvo en los lugares donde se present\u00f3 una sola lista y ya resultaron proclamadas. En nuestra regi\u00f3n es el caso de Ticino, Silvio Pellico y Arroyo Cabral, por ejemplo.<\/p>\n\n\n\n<p>En nuestra regi\u00f3n m\u00e1s cercana hubo elecciones en las siguientes localidades:<\/p>\n\n\n\n<p>Arroyo Cabral, Chaz\u00f3n, Etruria, La Laguna, La Palestina, Ticino, T\u00edo Pujio, Ucacha, Isla Verde, Calch\u00edn, Calch\u00edn Oeste, Colazo, Las Junturas, Luque, Pilar, Justiniano Posse, Laborde, Pueblo Italiano y San Antonio de Lit\u00edn.<\/p>\n\n\n\n<p><\/p>\n\n\n\n<p><strong>Un repaso por los resultados en nuestra regi\u00f3n:<\/strong><\/p>\n\n\n\n<p><\/p>\n\n\n\n<ul class=\"wp-block-list\"><li><strong>Chaz\u00f3n<\/strong><\/li><\/ul>\n\n\n\n<p>El actual intendente Robert Meichtri se impuso por una diferencia de 108 votos sobre el candidato de la oposici\u00f3n, Adolfo Arnaudo, presidente del Club Sportivo. La localidad volvi\u00f3 a las urnas despu\u00e9s de 24 a\u00f1os de presentaci\u00f3n de lista \u00fanica.<\/p>\n\n\n\n<p><\/p>\n\n\n\n<figure class=\"wp-block-image size-large\"><img data-recalc-dims=\"1\" fetchpriority=\"high\" decoding=\"async\" width=\"1024\" height=\"705\" src=\"https:\/\/i0.wp.com\/elregionalvm.com.ar\/noticias-villa-maria\/wp-content\/uploads\/2023\/06\/Chazon-festejo-Robert-reeleccion-2023.jpeg?resize=1024%2C705&#038;ssl=1\" alt=\"\" class=\"wp-image-77648\" srcset=\"https:\/\/i0.wp.com\/elregionalvm.com.ar\/noticias-villa-maria\/wp-content\/uploads\/2023\/06\/Chazon-festejo-Robert-reeleccion-2023.jpeg?resize=1024%2C705&amp;ssl=1 1024w, https:\/\/i0.wp.com\/elregionalvm.com.ar\/noticias-villa-maria\/wp-content\/uploads\/2023\/06\/Chazon-festejo-Robert-reeleccion-2023.jpeg?resize=300%2C207&amp;ssl=1 300w, https:\/\/i0.wp.com\/elregionalvm.com.ar\/noticias-villa-maria\/wp-content\/uploads\/2023\/06\/Chazon-festejo-Robert-reeleccion-2023.jpeg?resize=768%2C529&amp;ssl=1 768w, https:\/\/i0.wp.com\/elregionalvm.com.ar\/noticias-villa-maria\/wp-content\/uploads\/2023\/06\/Chazon-festejo-Robert-reeleccion-2023.jpeg?w=1433&amp;ssl=1 1433w\" sizes=\"(max-width: 1000px) 100vw, 1000px\" \/><figcaption><em>La celebraci\u00f3n de la continuidad con Meichtri en Chaz\u00f3n. <\/em><\/figcaption><\/figure>\n\n\n\n<p><\/p>\n\n\n\n<ul class=\"wp-block-list\"><li><strong>Etruria<\/strong><\/li><\/ul>\n\n\n\n<p>El intendente Maximiliano Andr\u00e9s ocupar\u00e1 el sill\u00f3n principal del municipio durante los pr\u00f3ximos cuatro a\u00f1os. Aventaj\u00f3 de manera amplia al candidato de Unidos por Etruria, Nicol\u00e1s Semprini.<\/p>\n\n\n\n<p>La diferencia fue de 618 votos: Andr\u00e9s se qued\u00f3 con pr\u00e1cticamente el 60% de los votos. Particip\u00f3 el 83% del padr\u00f3n.<\/p>\n\n\n\n<figure class=\"wp-block-image size-large\"><img data-recalc-dims=\"1\" decoding=\"async\" width=\"1024\" height=\"683\" src=\"https:\/\/i0.wp.com\/elregionalvm.com.ar\/noticias-villa-maria\/wp-content\/uploads\/2023\/06\/Festejos-Etruria-Maxi-Andres-2023.jpeg?resize=1024%2C683&#038;ssl=1\" alt=\"\" class=\"wp-image-77652\" srcset=\"https:\/\/i0.wp.com\/elregionalvm.com.ar\/noticias-villa-maria\/wp-content\/uploads\/2023\/06\/Festejos-Etruria-Maxi-Andres-2023.jpeg?resize=1024%2C683&amp;ssl=1 1024w, https:\/\/i0.wp.com\/elregionalvm.com.ar\/noticias-villa-maria\/wp-content\/uploads\/2023\/06\/Festejos-Etruria-Maxi-Andres-2023.jpeg?resize=300%2C200&amp;ssl=1 300w, https:\/\/i0.wp.com\/elregionalvm.com.ar\/noticias-villa-maria\/wp-content\/uploads\/2023\/06\/Festejos-Etruria-Maxi-Andres-2023.jpeg?resize=768%2C512&amp;ssl=1 768w, https:\/\/i0.wp.com\/elregionalvm.com.ar\/noticias-villa-maria\/wp-content\/uploads\/2023\/06\/Festejos-Etruria-Maxi-Andres-2023.jpeg?resize=1536%2C1024&amp;ssl=1 1536w, https:\/\/i0.wp.com\/elregionalvm.com.ar\/noticias-villa-maria\/wp-content\/uploads\/2023\/06\/Festejos-Etruria-Maxi-Andres-2023.jpeg?w=1599&amp;ssl=1 1599w\" sizes=\"(max-width: 1000px) 100vw, 1000px\" \/><figcaption><em>Andr\u00e9s festej\u00f3 tras la victoria que le permite continuar en su cargo. <\/em><\/figcaption><\/figure>\n\n\n\n<p><\/p>\n\n\n\n<ul class=\"wp-block-list\"><li><strong>La Laguna<\/strong><\/li><\/ul>\n\n\n\n<p>Mariano Colombano de Juntos por el Cambio logr\u00f3 una amplia victoria sobre el candidato de Hacemos Unidos por C\u00f3rdoba, Tom\u00e1s N\u00fa\u00f1ez. El actual secretario de Gobierno de la gesti\u00f3n de Julio Castellano logr\u00f3 el 70,63% de los votos. Hubo 465 votos de diferencia.<\/p>\n\n\n\n<p>Sufrag\u00f3 el 80,49% del padr\u00f3n.<\/p>\n\n\n\n<p><\/p>\n\n\n\n<ul class=\"wp-block-list\"><li><strong>La Palestina<\/strong><\/li><\/ul>\n\n\n\n<p>El peronismo retornar\u00e1 al gobierno municipal luego de cuatro a\u00f1os. El candidato de Unidos por La Palestina, Mayco Becco, se impuso por la escasa diferencia de 8 votos al postulante oficialista, Alexis Primo.<\/p>\n\n\n\n<p><\/p>\n\n\n\n<figure class=\"wp-block-image size-full is-resized\"><img data-recalc-dims=\"1\" decoding=\"async\" src=\"https:\/\/i0.wp.com\/elregionalvm.com.ar\/noticias-villa-maria\/wp-content\/uploads\/2023\/06\/La-Palestina-Festejo-elecciones-2023-Becco.jpeg?resize=907%2C526&#038;ssl=1\" alt=\"\" class=\"wp-image-77649\" width=\"907\" height=\"526\" srcset=\"https:\/\/i0.wp.com\/elregionalvm.com.ar\/noticias-villa-maria\/wp-content\/uploads\/2023\/06\/La-Palestina-Festejo-elecciones-2023-Becco.jpeg?w=719&amp;ssl=1 719w, https:\/\/i0.wp.com\/elregionalvm.com.ar\/noticias-villa-maria\/wp-content\/uploads\/2023\/06\/La-Palestina-Festejo-elecciones-2023-Becco.jpeg?resize=300%2C174&amp;ssl=1 300w\" sizes=\"(max-width: 907px) 100vw, 907px\" \/><figcaption><em>Becco y el festejo tras el triunfo en La Palestina.<\/em><\/figcaption><\/figure>\n\n\n\n<p><\/p>\n\n\n\n<p><\/p>\n\n\n\n<ul class=\"wp-block-list\"><li><strong>Ucacha<\/strong><\/li><\/ul>\n\n\n\n<p>Aplastante triunfo del actual intendente Ariel Moreyra (Ucacha entre Todos) frente a Alicia Maldonado (Juntos por Ucacha). El mandatario local se alz\u00f3 con el 84,10% de los votos: m\u00e1s de 2200 sufragios de diferencia. Eligi\u00f3 el 68% del padr\u00f3n.<\/p>\n\n\n\n<ul class=\"wp-block-list\"><li><strong>Los Zorros<\/strong><\/li><\/ul>\n\n\n\n<p>Fabi\u00e1n \u201cPato\u201d Galfione de Vecinos Unidos por Los Zorros se impuso por 113 votos al candidato de la Uni\u00f3n C\u00edvica Radical, Fabio Dequino.<\/p>\n\n\n\n<p>Galfiones se qued\u00f3 con el 59,63% de los sufragios. Vot\u00f3 casi el 90% del padr\u00f3n. <\/p>\n\n\n\n<ul class=\"wp-block-list\"><li><strong>T\u00edo Pujio<\/strong><\/li><\/ul>\n\n\n\n<p>Ariel Petrocci, el candidato del oficialismo, suceder\u00e1 a Nancy Schiavi al frente del municipio. Super\u00f3 al postulando de Juntos por el Cambio, Juan Adri\u00e1n Thione, por una diferencia de 20 puntos porcentuales.<\/p>\n\n\n\n<p>El candidato oficialista obtuvo 1568 votos (59,06%) contra 1036 votos (39,02%) de su adversario.<\/p>\n\n\n\n<p><\/p>\n\n\n\n<figure class=\"wp-block-image size-large\"><img data-recalc-dims=\"1\" loading=\"lazy\" decoding=\"async\" width=\"1024\" height=\"728\" src=\"https:\/\/i0.wp.com\/elregionalvm.com.ar\/noticias-villa-maria\/wp-content\/uploads\/2023\/06\/Petrocchi-Tio-Pujio-Nancy-y-Gill.jpeg?resize=1024%2C728&#038;ssl=1\" alt=\"\" class=\"wp-image-77650\" srcset=\"https:\/\/i0.wp.com\/elregionalvm.com.ar\/noticias-villa-maria\/wp-content\/uploads\/2023\/06\/Petrocchi-Tio-Pujio-Nancy-y-Gill.jpeg?resize=1024%2C728&amp;ssl=1 1024w, https:\/\/i0.wp.com\/elregionalvm.com.ar\/noticias-villa-maria\/wp-content\/uploads\/2023\/06\/Petrocchi-Tio-Pujio-Nancy-y-Gill.jpeg?resize=300%2C213&amp;ssl=1 300w, https:\/\/i0.wp.com\/elregionalvm.com.ar\/noticias-villa-maria\/wp-content\/uploads\/2023\/06\/Petrocchi-Tio-Pujio-Nancy-y-Gill.jpeg?resize=768%2C546&amp;ssl=1 768w, https:\/\/i0.wp.com\/elregionalvm.com.ar\/noticias-villa-maria\/wp-content\/uploads\/2023\/06\/Petrocchi-Tio-Pujio-Nancy-y-Gill.jpeg?w=1042&amp;ssl=1 1042w\" sizes=\"(max-width: 1000px) 100vw, 1000px\" \/><figcaption><em>Petrocchi festeja con Mart\u00edn Gill y la intendenta Nancy Schiavi. <\/em><\/figcaption><\/figure>\n\n\n\n<p><\/p>\n\n\n\n<ul class=\"wp-block-list\"><li><strong>Justiniano Posse<\/strong><\/li><\/ul>\n\n\n\n<p>El oficialista Rodolfo Margherit, de Posse Sigue, ser\u00e1 el sucesor de Gerardo Zuin. Se impuso al candidato de Vamos Posse Pablo Bottasso. Gan\u00f3 con el 60% de los sufragios.<\/p>\n\n\n\n<ul class=\"wp-block-list\"><li><strong>Laborde<\/strong><\/li><\/ul>\n\n\n\n<p>Mar\u00eda Cristina Sanabria se impuso por una diferencia de 1094 votos a su rival, Juan Jos\u00e9 Devalle. Sanabria, del radicalismo, se qued\u00f3 con el 62% de los votos, que sumaron un total de 2569.<\/p>\n\n\n\n<p>Se trata de una amplia diferencia que no se produc\u00eda desde hace varias d\u00e9cadas en una elecci\u00f3n local.<\/p>\n\n\n\n<p><\/p>\n\n\n\n<figure class=\"wp-block-image size-full\"><img data-recalc-dims=\"1\" loading=\"lazy\" decoding=\"async\" width=\"1000\" height=\"666\" src=\"https:\/\/i0.wp.com\/elregionalvm.com.ar\/noticias-villa-maria\/wp-content\/uploads\/2023\/06\/Laborde-Cristina-Sanabria-ganadora.jpg?resize=1000%2C666&#038;ssl=1\" alt=\"\" class=\"wp-image-77659\" srcset=\"https:\/\/i0.wp.com\/elregionalvm.com.ar\/noticias-villa-maria\/wp-content\/uploads\/2023\/06\/Laborde-Cristina-Sanabria-ganadora.jpg?w=1000&amp;ssl=1 1000w, https:\/\/i0.wp.com\/elregionalvm.com.ar\/noticias-villa-maria\/wp-content\/uploads\/2023\/06\/Laborde-Cristina-Sanabria-ganadora.jpg?resize=300%2C200&amp;ssl=1 300w, https:\/\/i0.wp.com\/elregionalvm.com.ar\/noticias-villa-maria\/wp-content\/uploads\/2023\/06\/Laborde-Cristina-Sanabria-ganadora.jpg?resize=768%2C511&amp;ssl=1 768w\" sizes=\"(max-width: 1000px) 100vw, 1000px\" \/><figcaption><em>La ganadora en Laborde festeja con su gente la amplia victoria. <\/em><\/figcaption><\/figure>\n\n\n\n<p><\/p>\n\n\n\n<p><strong>Listas \u00fanicas<\/strong><\/p>\n\n\n\n<p><\/p>\n\n\n\n<ul class=\"wp-block-list\"><li><strong>Arroyo Cabral:<\/strong> &nbsp;Ra\u00fal Mariscalchi<\/li><\/ul>\n\n\n\n<ul class=\"wp-block-list\"><li><strong>Ticino:<\/strong> Gabriel Ca\u00f1as<\/li><\/ul>\n\n\n\n<ul class=\"wp-block-list\"><li><strong>Silvio Pellico<\/strong>: Federico Qui\u00f1ones<\/li><\/ul>\n\n\n\n<p><\/p>\n\n\n\n<h3 class=\"wp-block-heading\"><strong>Tambi\u00e9n pod\u00e9s ver: <\/strong><\/h3>\n\n\n\n<p><\/p>\n\n\n\n<figure class=\"wp-block-embed is-type-wp-embed is-provider-el-regional wp-block-embed-el-regional\"><div class=\"wp-block-embed__wrapper\">\n<blockquote class=\"wp-embedded-content\" data-secret=\"k6q8YpGEb7\"><a href=\"https:\/\/elregionalvm.com.ar\/noticias-villa-maria\/domingo-4-dia-d-antes-de-las-elecciones-del-25-de-junio\/\">Domingo 4: D\u00eda D en la regi\u00f3n antes de las elecciones del 25 de junio<\/a><\/blockquote><iframe class=\"wp-embedded-content\" sandbox=\"allow-scripts\" security=\"restricted\" style=\"position: absolute; clip: rect(1px, 1px, 1px, 1px);\" title=\"\u00abDomingo 4: D\u00eda D en la regi\u00f3n antes de las elecciones del 25 de junio\u00bb \u2014 El Regional\" src=\"https:\/\/elregionalvm.com.ar\/noticias-villa-maria\/domingo-4-dia-d-antes-de-las-elecciones-del-25-de-junio\/embed\/#?secret=thIHdBGfdb#?secret=k6q8YpGEb7\" data-secret=\"k6q8YpGEb7\" width=\"500\" height=\"282\" frameborder=\"0\" marginwidth=\"0\" marginheight=\"0\" scrolling=\"no\"><\/iframe>\n<\/div><\/figure>\n","protected":false},"excerpt":{"rendered":"<p>En un nuevo test electoral masivo previo a los comicios provinciales del 25 de junio, varias localidades de la regi\u00f3n consagraron a sus pr\u00f3ximas autoridades. Salvo algunos casos puntuales, los candidatos oficialistas se impusieron en la contienda. Un repaso por las localidades de la zona. Un total de 88 comunas y municipios concurrieron a las [&hellip;]<\/p>\n","protected":false},"author":6,"featured_media":77654,"comment_status":"open","ping_status":"open","sticky":false,"template":"","format":"standard","meta":{"site-sidebar-layout":"default","site-content-layout":"","ast-site-content-layout":"default","site-content-style":"default","site-sidebar-style":"default","ast-global-header-display":"","ast-banner-title-visibility":"","ast-main-header-display":"","ast-hfb-above-header-display":"","ast-hfb-below-header-display":"","ast-hfb-mobile-header-display":"","site-post-title":"","ast-breadcrumbs-content":"","ast-featured-img":"","footer-sml-layout":"","ast-disable-related-posts":"","theme-transparent-header-meta":"","adv-header-id-meta":"","stick-header-meta":"","header-above-stick-meta":"","header-main-stick-meta":"","header-below-stick-meta":"","astra-migrate-meta-layouts":"default","ast-page-background-enabled":"default","ast-page-background-meta":{"desktop":{"background-color":"","background-image":"","background-repeat":"repeat","background-position":"center center","background-size":"auto","background-attachment":"scroll","background-type":"","background-media":"","overlay-type":"","overlay-color":"","overlay-opacity":"","overlay-gradient":""},"tablet":{"background-color":"","background-image":"","background-repeat":"repeat","background-position":"center center","background-size":"auto","background-attachment":"scroll","background-type":"","background-media":"","overlay-type":"","overlay-color":"","overlay-opacity":"","overlay-gradient":""},"mobile":{"background-color":"","background-image":"","background-repeat":"repeat","background-position":"center center","background-size":"auto","background-attachment":"scroll","background-type":"","background-media":"","overlay-type":"","overlay-color":"","overlay-opacity":"","overlay-gradient":""}},"ast-content-background-meta":{"desktop":{"background-color":"var(--ast-global-color-5)","background-image":"","background-repeat":"repeat","background-position":"center center","background-size":"auto","background-attachment":"scroll","background-type":"","background-media":"","overlay-type":"","overlay-color":"","overlay-opacity":"","overlay-gradient":""},"tablet":{"background-color":"var(--ast-global-color-5)","background-image":"","background-repeat":"repeat","background-position":"center center","background-size":"auto","background-attachment":"scroll","background-type":"","background-media":"","overlay-type":"","overlay-color":"","overlay-opacity":"","overlay-gradient":""},"mobile":{"background-color":"var(--ast-global-color-5)","background-image":"","background-repeat":"repeat","background-position":"center center","background-size":"auto","background-attachment":"scroll","background-type":"","background-media":"","overlay-type":"","overlay-color":"","overlay-opacity":"","overlay-gradient":""}},"_jetpack_memberships_contains_paid_content":false,"_joinchat":[],"footnotes":""},"categories":[2089,2091,3557],"tags":[22338,1417,268,131,2952,519,1459,6188],"class_list":["post-77647","post","type-post","status-publish","format-standard","has-post-thumbnail","hentry","category-politica","category-region","category-tercera","tag-4-de-junio","tag-departamento-general-san-martin","tag-elecciones","tag-la-palestina","tag-oficialismo","tag-politica","tag-region","tag-resultados"],"yoast_head":"<!-- This site is optimized with the Yoast SEO plugin v26.8 - https:\/\/yoast.com\/product\/yoast-seo-wordpress\/ -->\n<title>Resultados sin muchas sorpresas: Salvo en La Palestina, los candidatos oficialistas se impusieron en la regi\u00f3n - El Regional<\/title>\n<meta name=\"robots\" content=\"index, follow, max-snippet:-1, max-image-preview:large, max-video-preview:-1\" \/>\n<link rel=\"canonical\" href=\"http:\/\/elregionalvm.com.ar\/noticias-villa-maria\/resultados-de-elecciones-salvo-en-la-palestina-los-candidatos-oficialistas-se-impusieron-en-la-region\/\" \/>\n<meta property=\"og:locale\" content=\"es_ES\" \/>\n<meta property=\"og:type\" content=\"article\" \/>\n<meta property=\"og:title\" content=\"Resultados sin muchas sorpresas: Salvo en La Palestina, los candidatos oficialistas se impusieron en la regi\u00f3n - El Regional\" \/>\n<meta property=\"og:description\" content=\"En un nuevo test electoral masivo previo a los comicios provinciales del 25 de junio, varias localidades de la regi\u00f3n consagraron a sus pr\u00f3ximas autoridades. Salvo algunos casos puntuales, los candidatos oficialistas se impusieron en la contienda. Un repaso por las localidades de la zona. Un total de 88 comunas y municipios concurrieron a las [&hellip;]\" \/>\n<meta property=\"og:url\" content=\"http:\/\/elregionalvm.com.ar\/noticias-villa-maria\/resultados-de-elecciones-salvo-en-la-palestina-los-candidatos-oficialistas-se-impusieron-en-la-region\/\" \/>\n<meta property=\"og:site_name\" content=\"El Regional\" \/>\n<meta property=\"article:publisher\" content=\"https:\/\/www.facebook.com\/elregionalvm\" \/>\n<meta property=\"article:published_time\" content=\"2023-06-05T00:10:44+00:00\" \/>\n<meta property=\"article:modified_time\" content=\"2023-06-06T14:03:53+00:00\" \/>\n<meta property=\"og:image\" content=\"http:\/\/elregionalvm.com.ar\/noticias-villa-maria\/wp-content\/uploads\/2023\/06\/Etruria-Andres-festejo-2023-brazo-alto.jpg\" \/>\n\t<meta property=\"og:image:width\" content=\"1200\" \/>\n\t<meta property=\"og:image:height\" content=\"800\" \/>\n\t<meta property=\"og:image:type\" content=\"image\/jpeg\" \/>\n<meta name=\"author\" content=\"Germ\u00e1n Giacchero\" \/>\n<meta name=\"twitter:card\" content=\"summary_large_image\" \/>\n<meta name=\"twitter:creator\" content=\"@elregionalvm1\" \/>\n<meta name=\"twitter:site\" content=\"@elregionalvm1\" \/>\n<meta name=\"twitter:label1\" content=\"Escrito por\" \/>\n\t<meta name=\"twitter:data1\" content=\"Germ\u00e1n Giacchero\" \/>\n\t<meta name=\"twitter:label2\" content=\"Tiempo de lectura\" \/>\n\t<meta name=\"twitter:data2\" content=\"4 minutos\" \/>\n<script type=\"application\/ld+json\" class=\"yoast-schema-graph\">{\"@context\":\"https:\/\/schema.org\",\"@graph\":[{\"@type\":\"Article\",\"@id\":\"http:\/\/elregionalvm.com.ar\/noticias-villa-maria\/resultados-de-elecciones-salvo-en-la-palestina-los-candidatos-oficialistas-se-impusieron-en-la-region\/#article\",\"isPartOf\":{\"@id\":\"http:\/\/elregionalvm.com.ar\/noticias-villa-maria\/resultados-de-elecciones-salvo-en-la-palestina-los-candidatos-oficialistas-se-impusieron-en-la-region\/\"},\"author\":{\"name\":\"Germ\u00e1n Giacchero\",\"@id\":\"http:\/\/elregionalvm.com.ar\/noticias-villa-maria\/#\/schema\/person\/d5e4b04966154131701e52c45d3efec9\"},\"headline\":\"Resultados sin muchas sorpresas: Salvo en La Palestina, los candidatos oficialistas se impusieron en la regi\u00f3n\",\"datePublished\":\"2023-06-05T00:10:44+00:00\",\"dateModified\":\"2023-06-06T14:03:53+00:00\",\"mainEntityOfPage\":{\"@id\":\"http:\/\/elregionalvm.com.ar\/noticias-villa-maria\/resultados-de-elecciones-salvo-en-la-palestina-los-candidatos-oficialistas-se-impusieron-en-la-region\/\"},\"wordCount\":671,\"commentCount\":0,\"image\":{\"@id\":\"http:\/\/elregionalvm.com.ar\/noticias-villa-maria\/resultados-de-elecciones-salvo-en-la-palestina-los-candidatos-oficialistas-se-impusieron-en-la-region\/#primaryimage\"},\"thumbnailUrl\":\"https:\/\/i0.wp.com\/elregionalvm.com.ar\/noticias-villa-maria\/wp-content\/uploads\/2023\/06\/Etruria-Andres-festejo-2023-brazo-alto.jpg?fit=1200%2C800&ssl=1\",\"keywords\":[\"4 de junio\",\"Departamento General San Mart\u00edn\",\"elecciones\",\"La Palestina\",\"oficialismo\",\"Pol\u00edtica\",\"Regi\u00f3n\",\"resultados\"],\"articleSection\":[\"Pol\u00edtica\",\"Regi\u00f3n\",\"tercera\"],\"inLanguage\":\"es\",\"potentialAction\":[{\"@type\":\"CommentAction\",\"name\":\"Comment\",\"target\":[\"http:\/\/elregionalvm.com.ar\/noticias-villa-maria\/resultados-de-elecciones-salvo-en-la-palestina-los-candidatos-oficialistas-se-impusieron-en-la-region\/#respond\"]}]},{\"@type\":\"WebPage\",\"@id\":\"http:\/\/elregionalvm.com.ar\/noticias-villa-maria\/resultados-de-elecciones-salvo-en-la-palestina-los-candidatos-oficialistas-se-impusieron-en-la-region\/\",\"url\":\"http:\/\/elregionalvm.com.ar\/noticias-villa-maria\/resultados-de-elecciones-salvo-en-la-palestina-los-candidatos-oficialistas-se-impusieron-en-la-region\/\",\"name\":\"Resultados sin muchas sorpresas: Salvo en La Palestina, los candidatos oficialistas se impusieron en la regi\u00f3n - El Regional\",\"isPartOf\":{\"@id\":\"http:\/\/elregionalvm.com.ar\/noticias-villa-maria\/#website\"},\"primaryImageOfPage\":{\"@id\":\"http:\/\/elregionalvm.com.ar\/noticias-villa-maria\/resultados-de-elecciones-salvo-en-la-palestina-los-candidatos-oficialistas-se-impusieron-en-la-region\/#primaryimage\"},\"image\":{\"@id\":\"http:\/\/elregionalvm.com.ar\/noticias-villa-maria\/resultados-de-elecciones-salvo-en-la-palestina-los-candidatos-oficialistas-se-impusieron-en-la-region\/#primaryimage\"},\"thumbnailUrl\":\"https:\/\/i0.wp.com\/elregionalvm.com.ar\/noticias-villa-maria\/wp-content\/uploads\/2023\/06\/Etruria-Andres-festejo-2023-brazo-alto.jpg?fit=1200%2C800&ssl=1\",\"datePublished\":\"2023-06-05T00:10:44+00:00\",\"dateModified\":\"2023-06-06T14:03:53+00:00\",\"author\":{\"@id\":\"http:\/\/elregionalvm.com.ar\/noticias-villa-maria\/#\/schema\/person\/d5e4b04966154131701e52c45d3efec9\"},\"breadcrumb\":{\"@id\":\"http:\/\/elregionalvm.com.ar\/noticias-villa-maria\/resultados-de-elecciones-salvo-en-la-palestina-los-candidatos-oficialistas-se-impusieron-en-la-region\/#breadcrumb\"},\"inLanguage\":\"es\",\"potentialAction\":[{\"@type\":\"ReadAction\",\"target\":[\"http:\/\/elregionalvm.com.ar\/noticias-villa-maria\/resultados-de-elecciones-salvo-en-la-palestina-los-candidatos-oficialistas-se-impusieron-en-la-region\/\"]}]},{\"@type\":\"ImageObject\",\"inLanguage\":\"es\",\"@id\":\"http:\/\/elregionalvm.com.ar\/noticias-villa-maria\/resultados-de-elecciones-salvo-en-la-palestina-los-candidatos-oficialistas-se-impusieron-en-la-region\/#primaryimage\",\"url\":\"https:\/\/i0.wp.com\/elregionalvm.com.ar\/noticias-villa-maria\/wp-content\/uploads\/2023\/06\/Etruria-Andres-festejo-2023-brazo-alto.jpg?fit=1200%2C800&ssl=1\",\"contentUrl\":\"https:\/\/i0.wp.com\/elregionalvm.com.ar\/noticias-villa-maria\/wp-content\/uploads\/2023\/06\/Etruria-Andres-festejo-2023-brazo-alto.jpg?fit=1200%2C800&ssl=1\",\"width\":1200,\"height\":800},{\"@type\":\"BreadcrumbList\",\"@id\":\"http:\/\/elregionalvm.com.ar\/noticias-villa-maria\/resultados-de-elecciones-salvo-en-la-palestina-los-candidatos-oficialistas-se-impusieron-en-la-region\/#breadcrumb\",\"itemListElement\":[{\"@type\":\"ListItem\",\"position\":1,\"name\":\"Portada\",\"item\":\"https:\/\/elregionalvm.com.ar\/noticias-villa-maria\/\"},{\"@type\":\"ListItem\",\"position\":2,\"name\":\"Resultados sin muchas sorpresas: Salvo en La Palestina, los candidatos oficialistas se impusieron en la regi\u00f3n\"}]},{\"@type\":\"WebSite\",\"@id\":\"http:\/\/elregionalvm.com.ar\/noticias-villa-maria\/#website\",\"url\":\"http:\/\/elregionalvm.com.ar\/noticias-villa-maria\/\",\"name\":\"El Regional\",\"description\":\"Mucho m\u00e1s que informaci\u00f3n\",\"potentialAction\":[{\"@type\":\"SearchAction\",\"target\":{\"@type\":\"EntryPoint\",\"urlTemplate\":\"http:\/\/elregionalvm.com.ar\/noticias-villa-maria\/?s={search_term_string}\"},\"query-input\":{\"@type\":\"PropertyValueSpecification\",\"valueRequired\":true,\"valueName\":\"search_term_string\"}}],\"inLanguage\":\"es\"},{\"@type\":\"Person\",\"@id\":\"http:\/\/elregionalvm.com.ar\/noticias-villa-maria\/#\/schema\/person\/d5e4b04966154131701e52c45d3efec9\",\"name\":\"Germ\u00e1n Giacchero\",\"image\":{\"@type\":\"ImageObject\",\"inLanguage\":\"es\",\"@id\":\"http:\/\/elregionalvm.com.ar\/noticias-villa-maria\/#\/schema\/person\/image\/\",\"url\":\"https:\/\/secure.gravatar.com\/avatar\/fda163ba5ef0307ee5be9846e10f83b6e83d0cfb260d3b2464830318894c6b04?s=96&d=mm&r=g\",\"contentUrl\":\"https:\/\/secure.gravatar.com\/avatar\/fda163ba5ef0307ee5be9846e10f83b6e83d0cfb260d3b2464830318894c6b04?s=96&d=mm&r=g\",\"caption\":\"Germ\u00e1n Giacchero\"},\"url\":\"https:\/\/elregionalvm.com.ar\/noticias-villa-maria\/author\/germangiacchero\/\"}]}<\/script>\n<!-- \/ Yoast SEO plugin. -->","yoast_head_json":{"title":"Resultados sin muchas sorpresas: Salvo en La Palestina, los candidatos oficialistas se impusieron en la regi\u00f3n - El Regional","robots":{"index":"index","follow":"follow","max-snippet":"max-snippet:-1","max-image-preview":"max-image-preview:large","max-video-preview":"max-video-preview:-1"},"canonical":"http:\/\/elregionalvm.com.ar\/noticias-villa-maria\/resultados-de-elecciones-salvo-en-la-palestina-los-candidatos-oficialistas-se-impusieron-en-la-region\/","og_locale":"es_ES","og_type":"article","og_title":"Resultados sin muchas sorpresas: Salvo en La Palestina, los candidatos oficialistas se impusieron en la regi\u00f3n - El Regional","og_description":"En un nuevo test electoral masivo previo a los comicios provinciales del 25 de junio, varias localidades de la regi\u00f3n consagraron a sus pr\u00f3ximas autoridades. Salvo algunos casos puntuales, los candidatos oficialistas se impusieron en la contienda. Un repaso por las localidades de la zona. Un total de 88 comunas y municipios concurrieron a las [&hellip;]","og_url":"http:\/\/elregionalvm.com.ar\/noticias-villa-maria\/resultados-de-elecciones-salvo-en-la-palestina-los-candidatos-oficialistas-se-impusieron-en-la-region\/","og_site_name":"El Regional","article_publisher":"https:\/\/www.facebook.com\/elregionalvm","article_published_time":"2023-06-05T00:10:44+00:00","article_modified_time":"2023-06-06T14:03:53+00:00","og_image":[{"width":1200,"height":800,"url":"http:\/\/elregionalvm.com.ar\/noticias-villa-maria\/wp-content\/uploads\/2023\/06\/Etruria-Andres-festejo-2023-brazo-alto.jpg","type":"image\/jpeg"}],"author":"Germ\u00e1n Giacchero","twitter_card":"summary_large_image","twitter_creator":"@elregionalvm1","twitter_site":"@elregionalvm1","twitter_misc":{"Escrito por":"Germ\u00e1n Giacchero","Tiempo de lectura":"4 minutos"},"schema":{"@context":"https:\/\/schema.org","@graph":[{"@type":"Article","@id":"http:\/\/elregionalvm.com.ar\/noticias-villa-maria\/resultados-de-elecciones-salvo-en-la-palestina-los-candidatos-oficialistas-se-impusieron-en-la-region\/#article","isPartOf":{"@id":"http:\/\/elregionalvm.com.ar\/noticias-villa-maria\/resultados-de-elecciones-salvo-en-la-palestina-los-candidatos-oficialistas-se-impusieron-en-la-region\/"},"author":{"name":"Germ\u00e1n Giacchero","@id":"http:\/\/elregionalvm.com.ar\/noticias-villa-maria\/#\/schema\/person\/d5e4b04966154131701e52c45d3efec9"},"headline":"Resultados sin muchas sorpresas: Salvo en La Palestina, los candidatos oficialistas se impusieron en la regi\u00f3n","datePublished":"2023-06-05T00:10:44+00:00","dateModified":"2023-06-06T14:03:53+00:00","mainEntityOfPage":{"@id":"http:\/\/elregionalvm.com.ar\/noticias-villa-maria\/resultados-de-elecciones-salvo-en-la-palestina-los-candidatos-oficialistas-se-impusieron-en-la-region\/"},"wordCount":671,"commentCount":0,"image":{"@id":"http:\/\/elregionalvm.com.ar\/noticias-villa-maria\/resultados-de-elecciones-salvo-en-la-palestina-los-candidatos-oficialistas-se-impusieron-en-la-region\/#primaryimage"},"thumbnailUrl":"https:\/\/i0.wp.com\/elregionalvm.com.ar\/noticias-villa-maria\/wp-content\/uploads\/2023\/06\/Etruria-Andres-festejo-2023-brazo-alto.jpg?fit=1200%2C800&ssl=1","keywords":["4 de junio","Departamento General San Mart\u00edn","elecciones","La Palestina","oficialismo","Pol\u00edtica","Regi\u00f3n","resultados"],"articleSection":["Pol\u00edtica","Regi\u00f3n","tercera"],"inLanguage":"es","potentialAction":[{"@type":"CommentAction","name":"Comment","target":["http:\/\/elregionalvm.com.ar\/noticias-villa-maria\/resultados-de-elecciones-salvo-en-la-palestina-los-candidatos-oficialistas-se-impusieron-en-la-region\/#respond"]}]},{"@type":"WebPage","@id":"http:\/\/elregionalvm.com.ar\/noticias-villa-maria\/resultados-de-elecciones-salvo-en-la-palestina-los-candidatos-oficialistas-se-impusieron-en-la-region\/","url":"http:\/\/elregionalvm.com.ar\/noticias-villa-maria\/resultados-de-elecciones-salvo-en-la-palestina-los-candidatos-oficialistas-se-impusieron-en-la-region\/","name":"Resultados sin muchas sorpresas: Salvo en La Palestina, los candidatos oficialistas se impusieron en la regi\u00f3n - El Regional","isPartOf":{"@id":"http:\/\/elregionalvm.com.ar\/noticias-villa-maria\/#website"},"primaryImageOfPage":{"@id":"http:\/\/elregionalvm.com.ar\/noticias-villa-maria\/resultados-de-elecciones-salvo-en-la-palestina-los-candidatos-oficialistas-se-impusieron-en-la-region\/#primaryimage"},"image":{"@id":"http:\/\/elregionalvm.com.ar\/noticias-villa-maria\/resultados-de-elecciones-salvo-en-la-palestina-los-candidatos-oficialistas-se-impusieron-en-la-region\/#primaryimage"},"thumbnailUrl":"https:\/\/i0.wp.com\/elregionalvm.com.ar\/noticias-villa-maria\/wp-content\/uploads\/2023\/06\/Etruria-Andres-festejo-2023-brazo-alto.jpg?fit=1200%2C800&ssl=1","datePublished":"2023-06-05T00:10:44+00:00","dateModified":"2023-06-06T14:03:53+00:00","author":{"@id":"http:\/\/elregionalvm.com.ar\/noticias-villa-maria\/#\/schema\/person\/d5e4b04966154131701e52c45d3efec9"},"breadcrumb":{"@id":"http:\/\/elregionalvm.com.ar\/noticias-villa-maria\/resultados-de-elecciones-salvo-en-la-palestina-los-candidatos-oficialistas-se-impusieron-en-la-region\/#breadcrumb"},"inLanguage":"es","potentialAction":[{"@type":"ReadAction","target":["http:\/\/elregionalvm.com.ar\/noticias-villa-maria\/resultados-de-elecciones-salvo-en-la-palestina-los-candidatos-oficialistas-se-impusieron-en-la-region\/"]}]},{"@type":"ImageObject","inLanguage":"es","@id":"http:\/\/elregionalvm.com.ar\/noticias-villa-maria\/resultados-de-elecciones-salvo-en-la-palestina-los-candidatos-oficialistas-se-impusieron-en-la-region\/#primaryimage","url":"https:\/\/i0.wp.com\/elregionalvm.com.ar\/noticias-villa-maria\/wp-content\/uploads\/2023\/06\/Etruria-Andres-festejo-2023-brazo-alto.jpg?fit=1200%2C800&ssl=1","contentUrl":"https:\/\/i0.wp.com\/elregionalvm.com.ar\/noticias-villa-maria\/wp-content\/uploads\/2023\/06\/Etruria-Andres-festejo-2023-brazo-alto.jpg?fit=1200%2C800&ssl=1","width":1200,"height":800},{"@type":"BreadcrumbList","@id":"http:\/\/elregionalvm.com.ar\/noticias-villa-maria\/resultados-de-elecciones-salvo-en-la-palestina-los-candidatos-oficialistas-se-impusieron-en-la-region\/#breadcrumb","itemListElement":[{"@type":"ListItem","position":1,"name":"Portada","item":"https:\/\/elregionalvm.com.ar\/noticias-villa-maria\/"},{"@type":"ListItem","position":2,"name":"Resultados sin muchas sorpresas: Salvo en La Palestina, los candidatos oficialistas se impusieron en la regi\u00f3n"}]},{"@type":"WebSite","@id":"http:\/\/elregionalvm.com.ar\/noticias-villa-maria\/#website","url":"http:\/\/elregionalvm.com.ar\/noticias-villa-maria\/","name":"El Regional","description":"Mucho m\u00e1s que informaci\u00f3n","potentialAction":[{"@type":"SearchAction","target":{"@type":"EntryPoint","urlTemplate":"http:\/\/elregionalvm.com.ar\/noticias-villa-maria\/?s={search_term_string}"},"query-input":{"@type":"PropertyValueSpecification","valueRequired":true,"valueName":"search_term_string"}}],"inLanguage":"es"},{"@type":"Person","@id":"http:\/\/elregionalvm.com.ar\/noticias-villa-maria\/#\/schema\/person\/d5e4b04966154131701e52c45d3efec9","name":"Germ\u00e1n Giacchero","image":{"@type":"ImageObject","inLanguage":"es","@id":"http:\/\/elregionalvm.com.ar\/noticias-villa-maria\/#\/schema\/person\/image\/","url":"https:\/\/secure.gravatar.com\/avatar\/fda163ba5ef0307ee5be9846e10f83b6e83d0cfb260d3b2464830318894c6b04?s=96&d=mm&r=g","contentUrl":"https:\/\/secure.gravatar.com\/avatar\/fda163ba5ef0307ee5be9846e10f83b6e83d0cfb260d3b2464830318894c6b04?s=96&d=mm&r=g","caption":"Germ\u00e1n Giacchero"},"url":"https:\/\/elregionalvm.com.ar\/noticias-villa-maria\/author\/germangiacchero\/"}]}},"jetpack_featured_media_url":"https:\/\/i0.wp.com\/elregionalvm.com.ar\/noticias-villa-maria\/wp-content\/uploads\/2023\/06\/Etruria-Andres-festejo-2023-brazo-alto.jpg?fit=1200%2C800&ssl=1","jetpack_sharing_enabled":true,"_links":{"self":[{"href":"https:\/\/elregionalvm.com.ar\/noticias-villa-maria\/wp-json\/wp\/v2\/posts\/77647","targetHints":{"allow":["GET"]}}],"collection":[{"href":"https:\/\/elregionalvm.com.ar\/noticias-villa-maria\/wp-json\/wp\/v2\/posts"}],"about":[{"href":"https:\/\/elregionalvm.com.ar\/noticias-villa-maria\/wp-json\/wp\/v2\/types\/post"}],"author":[{"embeddable":true,"href":"https:\/\/elregionalvm.com.ar\/noticias-villa-maria\/wp-json\/wp\/v2\/users\/6"}],"replies":[{"embeddable":true,"href":"https:\/\/elregionalvm.com.ar\/noticias-villa-maria\/wp-json\/wp\/v2\/comments?post=77647"}],"version-history":[{"count":5,"href":"https:\/\/elregionalvm.com.ar\/noticias-villa-maria\/wp-json\/wp\/v2\/posts\/77647\/revisions"}],"predecessor-version":[{"id":77661,"href":"https:\/\/elregionalvm.com.ar\/noticias-villa-maria\/wp-json\/wp\/v2\/posts\/77647\/revisions\/77661"}],"wp:featuredmedia":[{"embeddable":true,"href":"https:\/\/elregionalvm.com.ar\/noticias-villa-maria\/wp-json\/wp\/v2\/media\/77654"}],"wp:attachment":[{"href":"https:\/\/elregionalvm.com.ar\/noticias-villa-maria\/wp-json\/wp\/v2\/media?parent=77647"}],"wp:term":[{"taxonomy":"category","embeddable":true,"href":"https:\/\/elregionalvm.com.ar\/noticias-villa-maria\/wp-json\/wp\/v2\/categories?post=77647"},{"taxonomy":"post_tag","embeddable":true,"href":"https:\/\/elregionalvm.com.ar\/noticias-villa-maria\/wp-json\/wp\/v2\/tags?post=77647"}],"curies":[{"name":"wp","href":"https:\/\/api.w.org\/{rel}","templated":true}]}}