{"id":77662,"date":"2023-06-05T02:03:13","date_gmt":"2023-06-05T02:03:13","guid":{"rendered":"https:\/\/elregionalvm.com.ar\/noticias-villa-maria\/?p=77662"},"modified":"2023-06-06T21:05:31","modified_gmt":"2023-06-06T21:05:31","slug":"opinion-cepo-a-los-dolares-para-las-provincias-equivale-a-una-semana-de-turismo-externo","status":"publish","type":"post","link":"https:\/\/elregionalvm.com.ar\/noticias-villa-maria\/opinion-cepo-a-los-dolares-para-las-provincias-equivale-a-una-semana-de-turismo-externo\/","title":{"rendered":"[Opini\u00f3n] Cepo a los d\u00f3lares para las provincias equivale a una semana de turismo externo"},"content":{"rendered":"\n<p><\/p>\n\n\n\n<h3 class=\"wp-block-heading\"><strong>El Banco Central dispuso que les vender\u00e1 a las provincias s\u00f3lo el 40% de los d\u00f3lares que necesiten para pagar los vencimientos de sus deudas en d\u00f3lares. El ahorro de divisas es irrelevante, pero los da\u00f1os muy grandes. Se trata de otra medida inconsistente que delata improvisaci\u00f3n y desesperaci\u00f3n.<\/strong><\/h3>\n\n\n\n<p><\/p>\n\n\n\n<p>Las actuales autoridades econ\u00f3micas asumieron en agosto del a\u00f1o pasado en medio de una severa crisis cambiaria e inflacionaria. La estrategia no se bas\u00f3 en corregir las distorsiones acumuladas sino en aplicar paliativos avalados con un fuerte despliegue pol\u00edtico y medi\u00e1tico.<\/p>\n\n\n\n<p>El objetivo no fue resolver los problemas, sino \u2013m\u00e1s modestamente\u2013 diferir sus consecuencias hasta pasadas las elecciones. Entre las medidas m\u00e1s \u201ccreativas\u201d est\u00e1n el d\u00f3lar-soja y una fuerte presi\u00f3n para que el FMI flexibilice las metas acordadas.<\/p>\n\n\n\n<p>M\u00e1s all\u00e1 de las expectativas que gener\u00f3 el cambio de Ministro de Econom\u00eda, la realidad transita por el sendero previsible: la profundizaci\u00f3n de la crisis.<\/p>\n\n\n\n<p>La evidencia m\u00e1s directa es que la tasa de inflaci\u00f3n mensual casi triplica la que las nuevas autoridades se plantearon como objetivo inicial.<\/p>\n\n\n\n<p><\/p>\n\n\n\n<figure class=\"wp-block-image size-full\"><img data-recalc-dims=\"1\" fetchpriority=\"high\" decoding=\"async\" width=\"1000\" height=\"642\" src=\"https:\/\/i0.wp.com\/elregionalvm.com.ar\/noticias-villa-maria\/wp-content\/uploads\/2021\/08\/coparticipacion-federal.jpg?resize=1000%2C642&#038;ssl=1\" alt=\"\" class=\"wp-image-43699\" srcset=\"https:\/\/i0.wp.com\/elregionalvm.com.ar\/noticias-villa-maria\/wp-content\/uploads\/2021\/08\/coparticipacion-federal.jpg?w=1000&amp;ssl=1 1000w, https:\/\/i0.wp.com\/elregionalvm.com.ar\/noticias-villa-maria\/wp-content\/uploads\/2021\/08\/coparticipacion-federal.jpg?resize=300%2C193&amp;ssl=1 300w, https:\/\/i0.wp.com\/elregionalvm.com.ar\/noticias-villa-maria\/wp-content\/uploads\/2021\/08\/coparticipacion-federal.jpg?resize=768%2C493&amp;ssl=1 768w\" sizes=\"(max-width: 1000px) 100vw, 1000px\" \/><\/figure>\n\n\n\n<p><\/p>\n\n\n\n<p>La otra evidencia \u2013que la sufren de manera m\u00e1s directa los sectores productivos\u2013 son las restricciones a las importaciones que impone la escasez de d\u00f3lares. Ya no solo afecta a los bienes de consumo no esenciales, sino tambi\u00e9n insumos y bienes de capital imprescindibles para sostener la actividad econ\u00f3mica.<\/p>\n\n\n\n<p>Una evidencia adicional es que esta semana el Banco Central dispuso que las provincias solo dispondr\u00e1n del 40% de los d\u00f3lares que necesiten para las amortizaciones de sus deudas.<\/p>\n\n\n\n<p><strong>En detalle<\/strong><\/p>\n\n\n\n<p>La Consultora 1816 estima que esta disposici\u00f3n le permitir\u00e1 al Banco Central ahorrar unos 276 millones de d\u00f3lares en todo el 2023. Mientras que, seg\u00fan datos del Banco Central, desde que las autoridades econ\u00f3micas asumieron se consumieron reservas a raz\u00f3n de:<\/p>\n\n\n\n<p>Unos USD 630 millones por mes en turismo con tarjeta en el exterior.<\/p>\n\n\n\n<p>Unos USD 270 millones por mes en compras de d\u00f3lar ahorro.<\/p>\n\n\n\n<p>Es decir, un total de USD 900 millones por mes.<\/p>\n\n\n\n<p>Estos datos muestran que el ahorro del Banco Central con el cepo a las provincias representa el consumo de poco m\u00e1s de una semana de reservas que las actuales autoridades econ\u00f3micas vienen autorizando a trav\u00e9s del d\u00f3lar turismo y el d\u00f3lar ahorro.<\/p>\n\n\n\n<p>En otras palabras, se trata de una medida que aporta muy poco para frenar el drenaje de reservas, pero genera un enorme da\u00f1o institucional. No parece exagerado afirmar que se est\u00e1 en presencia de un nuevo acto de desesperaci\u00f3n e improvisaci\u00f3n. El cepo es un muy mal instrumento y aplicado de manera tan inconsistente \u2013como lo viene haciendo el gobierno\u2013 los perjuicios que ocasiona se potencian.<\/p>\n\n\n\n<p><\/p>\n\n\n\n<figure class=\"wp-block-image size-large\"><img data-recalc-dims=\"1\" decoding=\"async\" width=\"1024\" height=\"570\" src=\"https:\/\/i0.wp.com\/elregionalvm.com.ar\/noticias-villa-maria\/wp-content\/uploads\/2020\/07\/Banco-central-argentino.jpg?resize=1024%2C570&#038;ssl=1\" alt=\"\" class=\"wp-image-20460\" srcset=\"https:\/\/i0.wp.com\/elregionalvm.com.ar\/noticias-villa-maria\/wp-content\/uploads\/2020\/07\/Banco-central-argentino.jpg?resize=1024%2C570&amp;ssl=1 1024w, https:\/\/i0.wp.com\/elregionalvm.com.ar\/noticias-villa-maria\/wp-content\/uploads\/2020\/07\/Banco-central-argentino.jpg?resize=300%2C167&amp;ssl=1 300w, https:\/\/i0.wp.com\/elregionalvm.com.ar\/noticias-villa-maria\/wp-content\/uploads\/2020\/07\/Banco-central-argentino.jpg?resize=768%2C428&amp;ssl=1 768w, https:\/\/i0.wp.com\/elregionalvm.com.ar\/noticias-villa-maria\/wp-content\/uploads\/2020\/07\/Banco-central-argentino.jpg?w=1212&amp;ssl=1 1212w\" sizes=\"(max-width: 1000px) 100vw, 1000px\" \/><\/figure>\n\n\n\n<p><\/p>\n\n\n\n<p><strong>Desdoblamiento cambiario<\/strong><\/p>\n\n\n\n<p>Una medida muy simple, que le evitar\u00eda al gobierno caer en una incoherencia tan grosera como poner trabas a las provincias para cumplir con sus obligaciones, es disponer un desdoblamiento del mercado cambiario.<\/p>\n\n\n\n<p>Bajo este esquema, el acceso a d\u00f3lares para turismo y atesoramiento se har\u00eda en un mercado donde no intervendr\u00eda el Banco Central. Esto permitir\u00eda que las reservas se utilicen s\u00f3lo para las importaciones y las deudas en el exterior.<\/p>\n\n\n\n<p>Es el camino m\u00e1s directo para aliviar la cr\u00edtica situaci\u00f3n por la que atraviesa el sistema productivo nacional por la falta de insumos importados. De lo que se trata es de bajar la asfixia que sufre la producci\u00f3n local simplemente eliminando la demagogia de usar reservas para reducir el valor del d\u00f3lar turismo y el d\u00f3lar ahorro.<\/p>\n\n\n\n<p>El desdoblamiento cambiario no es la soluci\u00f3n a la cr\u00edtica situaci\u00f3n que transita la Argentina, pero permitir\u00eda reducir da\u00f1os. Disminuir\u00eda las dificultades para la producci\u00f3n interna y los incumplimientos con el exterior.<\/p>\n\n\n\n<p>Lo deseable es que con el desdoblamiento cambiario se aten\u00faen los da\u00f1os, mientras los que se preparan para asumir con el cambio de gobierno dise\u00f1en una estrategia integral para abordar las causas estructurales de la decadencia: los cr\u00f3nicos d\u00e9ficits fiscales y de gesti\u00f3n que padece el Estado.<\/p>\n\n\n\n<p><\/p>\n\n\n\n<figure class=\"wp-block-image size-large\"><img data-recalc-dims=\"1\" decoding=\"async\" width=\"1024\" height=\"576\" src=\"https:\/\/i0.wp.com\/elregionalvm.com.ar\/noticias-villa-maria\/wp-content\/uploads\/2021\/06\/Banco-central-reservas-dolares.jpg?resize=1024%2C576&#038;ssl=1\" alt=\"\" class=\"wp-image-39377\" srcset=\"https:\/\/i0.wp.com\/elregionalvm.com.ar\/noticias-villa-maria\/wp-content\/uploads\/2021\/06\/Banco-central-reservas-dolares.jpg?resize=1024%2C576&amp;ssl=1 1024w, https:\/\/i0.wp.com\/elregionalvm.com.ar\/noticias-villa-maria\/wp-content\/uploads\/2021\/06\/Banco-central-reservas-dolares.jpg?resize=300%2C169&amp;ssl=1 300w, https:\/\/i0.wp.com\/elregionalvm.com.ar\/noticias-villa-maria\/wp-content\/uploads\/2021\/06\/Banco-central-reservas-dolares.jpg?resize=768%2C432&amp;ssl=1 768w, https:\/\/i0.wp.com\/elregionalvm.com.ar\/noticias-villa-maria\/wp-content\/uploads\/2021\/06\/Banco-central-reservas-dolares.jpg?w=1200&amp;ssl=1 1200w\" sizes=\"(max-width: 1000px) 100vw, 1000px\" \/><\/figure>\n\n\n\n<p><\/p>\n\n\n\n<p>El desgaste del actual gobierno lo invalida para abordar estos desaf\u00edos. Pero es muy importante que no persevere en desatinos tan graves e in\u00fatiles como el cepo a las provincias.<\/p>\n\n\n\n<p>El pr\u00f3ximo gobierno tendr\u00e1 una nueva oportunidad. Para no desperdiciarla es crucial no limitarse a un plan de estabilizaci\u00f3n basado en una reforma monetaria y cambiaria acompa\u00f1ada de un ajuste fiscal. Aunque sea pol\u00edticamente mucho m\u00e1s complejo, hay que abordar el desaf\u00edo del ordenamiento integral del Estado.\u00a0<\/p>\n\n\n\n<p><\/p>\n\n\n\n<h3 class=\"wp-block-heading\"><strong>Tambi\u00e9n pod\u00e9s ver:<\/strong><\/h3>\n\n\n\n<p><\/p>\n\n\n\n<figure class=\"wp-block-embed is-type-wp-embed is-provider-el-regional wp-block-embed-el-regional\"><div class=\"wp-block-embed__wrapper\">\n<blockquote class=\"wp-embedded-content\" data-secret=\"7XHCQiAOzU\"><a href=\"https:\/\/elregionalvm.com.ar\/noticias-villa-maria\/tips-legales-cuando-tu-trabajo-te-quema-la-cabeza-el-sindrome-de-burnout\/\">[Tips Legales] Cuando tu trabajo te \u201cquema la cabeza\u201d: El S\u00edndrome de Burnout<\/a><\/blockquote><iframe class=\"wp-embedded-content\" sandbox=\"allow-scripts\" security=\"restricted\" style=\"position: absolute; visibility: hidden;\" title=\"\u00ab[Tips Legales] Cuando tu trabajo te \u201cquema la cabeza\u201d: El S\u00edndrome de Burnout\u00bb \u2014 El Regional\" src=\"https:\/\/elregionalvm.com.ar\/noticias-villa-maria\/tips-legales-cuando-tu-trabajo-te-quema-la-cabeza-el-sindrome-de-burnout\/embed\/#?secret=rkoAaR8PrF#?secret=7XHCQiAOzU\" data-secret=\"7XHCQiAOzU\" width=\"500\" height=\"282\" frameborder=\"0\" marginwidth=\"0\" marginheight=\"0\" scrolling=\"no\"><\/iframe>\n<\/div><\/figure>\n\n\n\n<p><strong>Informe: Idesa<\/strong><\/p>\n","protected":false},"excerpt":{"rendered":"<p>El Banco Central dispuso que les vender\u00e1 a las provincias s\u00f3lo el 40% de los d\u00f3lares que necesiten para pagar los vencimientos de sus deudas en d\u00f3lares. El ahorro de divisas es irrelevante, pero los da\u00f1os muy grandes. Se trata de otra medida inconsistente que delata improvisaci\u00f3n y desesperaci\u00f3n. Las actuales autoridades econ\u00f3micas asumieron en [&hellip;]<\/p>\n","protected":false},"author":4,"featured_media":41075,"comment_status":"open","ping_status":"open","sticky":false,"template":"","format":"standard","meta":{"site-sidebar-layout":"default","site-content-layout":"","ast-site-content-layout":"default","site-content-style":"default","site-sidebar-style":"default","ast-global-header-display":"","ast-banner-title-visibility":"","ast-main-header-display":"","ast-hfb-above-header-display":"","ast-hfb-below-header-display":"","ast-hfb-mobile-header-display":"","site-post-title":"","ast-breadcrumbs-content":"","ast-featured-img":"","footer-sml-layout":"","ast-disable-related-posts":"","theme-transparent-header-meta":"","adv-header-id-meta":"","stick-header-meta":"","header-above-stick-meta":"","header-main-stick-meta":"","header-below-stick-meta":"","astra-migrate-meta-layouts":"default","ast-page-background-enabled":"default","ast-page-background-meta":{"desktop":{"background-color":"","background-image":"","background-repeat":"repeat","background-position":"center center","background-size":"auto","background-attachment":"scroll","background-type":"","background-media":"","overlay-type":"","overlay-color":"","overlay-opacity":"","overlay-gradient":""},"tablet":{"background-color":"","background-image":"","background-repeat":"repeat","background-position":"center center","background-size":"auto","background-attachment":"scroll","background-type":"","background-media":"","overlay-type":"","overlay-color":"","overlay-opacity":"","overlay-gradient":""},"mobile":{"background-color":"","background-image":"","background-repeat":"repeat","background-position":"center center","background-size":"auto","background-attachment":"scroll","background-type":"","background-media":"","overlay-type":"","overlay-color":"","overlay-opacity":"","overlay-gradient":""}},"ast-content-background-meta":{"desktop":{"background-color":"var(--ast-global-color-5)","background-image":"","background-repeat":"repeat","background-position":"center center","background-size":"auto","background-attachment":"scroll","background-type":"","background-media":"","overlay-type":"","overlay-color":"","overlay-opacity":"","overlay-gradient":""},"tablet":{"background-color":"var(--ast-global-color-5)","background-image":"","background-repeat":"repeat","background-position":"center center","background-size":"auto","background-attachment":"scroll","background-type":"","background-media":"","overlay-type":"","overlay-color":"","overlay-opacity":"","overlay-gradient":""},"mobile":{"background-color":"var(--ast-global-color-5)","background-image":"","background-repeat":"repeat","background-position":"center center","background-size":"auto","background-attachment":"scroll","background-type":"","background-media":"","overlay-type":"","overlay-color":"","overlay-opacity":"","overlay-gradient":""}},"_jetpack_memberships_contains_paid_content":false,"_joinchat":[],"footnotes":""},"categories":[365,3557],"tags":[3280,3422,814,22363,788,505,3734,1973,2467,9891,11563],"class_list":["post-77662","post","type-post","status-publish","format-standard","has-post-thumbnail","hentry","category-opinion","category-tercera","tag-banco-central","tag-cepo","tag-crisis","tag-desdoblamiento-cambiario","tag-dolares","tag-economia","tag-gobierno-nacional","tag-idesa","tag-inflacion","tag-provincias","tag-sergio-massa"],"yoast_head":"<!-- This site is optimized with the Yoast SEO plugin v26.8 - https:\/\/yoast.com\/product\/yoast-seo-wordpress\/ -->\n<title>[Opini\u00f3n] Cepo a los d\u00f3lares para las provincias equivale a una semana de turismo externo - El Regional<\/title>\n<meta name=\"robots\" content=\"index, follow, max-snippet:-1, max-image-preview:large, max-video-preview:-1\" \/>\n<link rel=\"canonical\" href=\"http:\/\/elregionalvm.com.ar\/noticias-villa-maria\/opinion-cepo-a-los-dolares-para-las-provincias-equivale-a-una-semana-de-turismo-externo\/\" \/>\n<meta property=\"og:locale\" content=\"es_ES\" \/>\n<meta property=\"og:type\" content=\"article\" \/>\n<meta property=\"og:title\" content=\"[Opini\u00f3n] Cepo a los d\u00f3lares para las provincias equivale a una semana de turismo externo - El Regional\" \/>\n<meta property=\"og:description\" content=\"El Banco Central dispuso que les vender\u00e1 a las provincias s\u00f3lo el 40% de los d\u00f3lares que necesiten para pagar los vencimientos de sus deudas en d\u00f3lares. El ahorro de divisas es irrelevante, pero los da\u00f1os muy grandes. Se trata de otra medida inconsistente que delata improvisaci\u00f3n y desesperaci\u00f3n. Las actuales autoridades econ\u00f3micas asumieron en [&hellip;]\" \/>\n<meta property=\"og:url\" content=\"http:\/\/elregionalvm.com.ar\/noticias-villa-maria\/opinion-cepo-a-los-dolares-para-las-provincias-equivale-a-una-semana-de-turismo-externo\/\" \/>\n<meta property=\"og:site_name\" content=\"El Regional\" \/>\n<meta property=\"article:publisher\" content=\"https:\/\/www.facebook.com\/elregionalvm\" \/>\n<meta property=\"article:published_time\" content=\"2023-06-05T02:03:13+00:00\" \/>\n<meta property=\"article:modified_time\" content=\"2023-06-06T21:05:31+00:00\" \/>\n<meta property=\"og:image\" content=\"http:\/\/elregionalvm.com.ar\/noticias-villa-maria\/wp-content\/uploads\/2021\/07\/Dolar-cepo.jpg\" \/>\n\t<meta property=\"og:image:width\" content=\"1052\" \/>\n\t<meta property=\"og:image:height\" content=\"603\" \/>\n\t<meta property=\"og:image:type\" content=\"image\/jpeg\" \/>\n<meta name=\"author\" content=\"Contenidos El Regional\" \/>\n<meta name=\"twitter:card\" content=\"summary_large_image\" \/>\n<meta name=\"twitter:creator\" content=\"@elregionalvm1\" \/>\n<meta name=\"twitter:site\" content=\"@elregionalvm1\" \/>\n<meta name=\"twitter:label1\" content=\"Escrito por\" \/>\n\t<meta name=\"twitter:data1\" content=\"Contenidos El Regional\" \/>\n\t<meta name=\"twitter:label2\" content=\"Tiempo de lectura\" \/>\n\t<meta name=\"twitter:data2\" content=\"4 minutos\" \/>\n<script type=\"application\/ld+json\" class=\"yoast-schema-graph\">{\"@context\":\"https:\/\/schema.org\",\"@graph\":[{\"@type\":\"Article\",\"@id\":\"http:\/\/elregionalvm.com.ar\/noticias-villa-maria\/opinion-cepo-a-los-dolares-para-las-provincias-equivale-a-una-semana-de-turismo-externo\/#article\",\"isPartOf\":{\"@id\":\"http:\/\/elregionalvm.com.ar\/noticias-villa-maria\/opinion-cepo-a-los-dolares-para-las-provincias-equivale-a-una-semana-de-turismo-externo\/\"},\"author\":{\"name\":\"Contenidos El Regional\",\"@id\":\"http:\/\/elregionalvm.com.ar\/noticias-villa-maria\/#\/schema\/person\/a0fb9c422317faca23d50163151bc354\"},\"headline\":\"[Opini\u00f3n] Cepo a los d\u00f3lares para las provincias equivale a una semana de turismo externo\",\"datePublished\":\"2023-06-05T02:03:13+00:00\",\"dateModified\":\"2023-06-06T21:05:31+00:00\",\"mainEntityOfPage\":{\"@id\":\"http:\/\/elregionalvm.com.ar\/noticias-villa-maria\/opinion-cepo-a-los-dolares-para-las-provincias-equivale-a-una-semana-de-turismo-externo\/\"},\"wordCount\":820,\"commentCount\":0,\"image\":{\"@id\":\"http:\/\/elregionalvm.com.ar\/noticias-villa-maria\/opinion-cepo-a-los-dolares-para-las-provincias-equivale-a-una-semana-de-turismo-externo\/#primaryimage\"},\"thumbnailUrl\":\"https:\/\/i0.wp.com\/elregionalvm.com.ar\/noticias-villa-maria\/wp-content\/uploads\/2021\/07\/Dolar-cepo.jpg?fit=1052%2C603&ssl=1\",\"keywords\":[\"Banco Central\",\"cepo\",\"crisis\",\"desdoblamiento cambiario\",\"Dolares\",\"Econom\u00eda\",\"Gobierno Nacional\",\"IDESA\",\"Inflaci\u00f3n\",\"Provincias\",\"Sergio Massa\"],\"articleSection\":[\"Opini\u00f3n\",\"tercera\"],\"inLanguage\":\"es\",\"potentialAction\":[{\"@type\":\"CommentAction\",\"name\":\"Comment\",\"target\":[\"http:\/\/elregionalvm.com.ar\/noticias-villa-maria\/opinion-cepo-a-los-dolares-para-las-provincias-equivale-a-una-semana-de-turismo-externo\/#respond\"]}]},{\"@type\":\"WebPage\",\"@id\":\"http:\/\/elregionalvm.com.ar\/noticias-villa-maria\/opinion-cepo-a-los-dolares-para-las-provincias-equivale-a-una-semana-de-turismo-externo\/\",\"url\":\"http:\/\/elregionalvm.com.ar\/noticias-villa-maria\/opinion-cepo-a-los-dolares-para-las-provincias-equivale-a-una-semana-de-turismo-externo\/\",\"name\":\"[Opini\u00f3n] Cepo a los d\u00f3lares para las provincias equivale a una semana de turismo externo - El Regional\",\"isPartOf\":{\"@id\":\"http:\/\/elregionalvm.com.ar\/noticias-villa-maria\/#website\"},\"primaryImageOfPage\":{\"@id\":\"http:\/\/elregionalvm.com.ar\/noticias-villa-maria\/opinion-cepo-a-los-dolares-para-las-provincias-equivale-a-una-semana-de-turismo-externo\/#primaryimage\"},\"image\":{\"@id\":\"http:\/\/elregionalvm.com.ar\/noticias-villa-maria\/opinion-cepo-a-los-dolares-para-las-provincias-equivale-a-una-semana-de-turismo-externo\/#primaryimage\"},\"thumbnailUrl\":\"https:\/\/i0.wp.com\/elregionalvm.com.ar\/noticias-villa-maria\/wp-content\/uploads\/2021\/07\/Dolar-cepo.jpg?fit=1052%2C603&ssl=1\",\"datePublished\":\"2023-06-05T02:03:13+00:00\",\"dateModified\":\"2023-06-06T21:05:31+00:00\",\"author\":{\"@id\":\"http:\/\/elregionalvm.com.ar\/noticias-villa-maria\/#\/schema\/person\/a0fb9c422317faca23d50163151bc354\"},\"breadcrumb\":{\"@id\":\"http:\/\/elregionalvm.com.ar\/noticias-villa-maria\/opinion-cepo-a-los-dolares-para-las-provincias-equivale-a-una-semana-de-turismo-externo\/#breadcrumb\"},\"inLanguage\":\"es\",\"potentialAction\":[{\"@type\":\"ReadAction\",\"target\":[\"http:\/\/elregionalvm.com.ar\/noticias-villa-maria\/opinion-cepo-a-los-dolares-para-las-provincias-equivale-a-una-semana-de-turismo-externo\/\"]}]},{\"@type\":\"ImageObject\",\"inLanguage\":\"es\",\"@id\":\"http:\/\/elregionalvm.com.ar\/noticias-villa-maria\/opinion-cepo-a-los-dolares-para-las-provincias-equivale-a-una-semana-de-turismo-externo\/#primaryimage\",\"url\":\"https:\/\/i0.wp.com\/elregionalvm.com.ar\/noticias-villa-maria\/wp-content\/uploads\/2021\/07\/Dolar-cepo.jpg?fit=1052%2C603&ssl=1\",\"contentUrl\":\"https:\/\/i0.wp.com\/elregionalvm.com.ar\/noticias-villa-maria\/wp-content\/uploads\/2021\/07\/Dolar-cepo.jpg?fit=1052%2C603&ssl=1\",\"width\":1052,\"height\":603},{\"@type\":\"BreadcrumbList\",\"@id\":\"http:\/\/elregionalvm.com.ar\/noticias-villa-maria\/opinion-cepo-a-los-dolares-para-las-provincias-equivale-a-una-semana-de-turismo-externo\/#breadcrumb\",\"itemListElement\":[{\"@type\":\"ListItem\",\"position\":1,\"name\":\"Portada\",\"item\":\"https:\/\/elregionalvm.com.ar\/noticias-villa-maria\/\"},{\"@type\":\"ListItem\",\"position\":2,\"name\":\"[Opini\u00f3n] Cepo a los d\u00f3lares para las provincias equivale a una semana de turismo externo\"}]},{\"@type\":\"WebSite\",\"@id\":\"http:\/\/elregionalvm.com.ar\/noticias-villa-maria\/#website\",\"url\":\"http:\/\/elregionalvm.com.ar\/noticias-villa-maria\/\",\"name\":\"El Regional\",\"description\":\"Mucho m\u00e1s que informaci\u00f3n\",\"potentialAction\":[{\"@type\":\"SearchAction\",\"target\":{\"@type\":\"EntryPoint\",\"urlTemplate\":\"http:\/\/elregionalvm.com.ar\/noticias-villa-maria\/?s={search_term_string}\"},\"query-input\":{\"@type\":\"PropertyValueSpecification\",\"valueRequired\":true,\"valueName\":\"search_term_string\"}}],\"inLanguage\":\"es\"},{\"@type\":\"Person\",\"@id\":\"http:\/\/elregionalvm.com.ar\/noticias-villa-maria\/#\/schema\/person\/a0fb9c422317faca23d50163151bc354\",\"name\":\"Contenidos El Regional\",\"image\":{\"@type\":\"ImageObject\",\"inLanguage\":\"es\",\"@id\":\"http:\/\/elregionalvm.com.ar\/noticias-villa-maria\/#\/schema\/person\/image\/\",\"url\":\"https:\/\/secure.gravatar.com\/avatar\/265b27cb2209af7bb3a1318f03305787d7981a5cc6e6cd08fe5a4ecdf99d4b48?s=96&d=mm&r=g\",\"contentUrl\":\"https:\/\/secure.gravatar.com\/avatar\/265b27cb2209af7bb3a1318f03305787d7981a5cc6e6cd08fe5a4ecdf99d4b48?s=96&d=mm&r=g\",\"caption\":\"Contenidos El Regional\"},\"url\":\"https:\/\/elregionalvm.com.ar\/noticias-villa-maria\/author\/contenido\/\"}]}<\/script>\n<!-- \/ Yoast SEO plugin. -->","yoast_head_json":{"title":"[Opini\u00f3n] Cepo a los d\u00f3lares para las provincias equivale a una semana de turismo externo - El Regional","robots":{"index":"index","follow":"follow","max-snippet":"max-snippet:-1","max-image-preview":"max-image-preview:large","max-video-preview":"max-video-preview:-1"},"canonical":"http:\/\/elregionalvm.com.ar\/noticias-villa-maria\/opinion-cepo-a-los-dolares-para-las-provincias-equivale-a-una-semana-de-turismo-externo\/","og_locale":"es_ES","og_type":"article","og_title":"[Opini\u00f3n] Cepo a los d\u00f3lares para las provincias equivale a una semana de turismo externo - El Regional","og_description":"El Banco Central dispuso que les vender\u00e1 a las provincias s\u00f3lo el 40% de los d\u00f3lares que necesiten para pagar los vencimientos de sus deudas en d\u00f3lares. El ahorro de divisas es irrelevante, pero los da\u00f1os muy grandes. Se trata de otra medida inconsistente que delata improvisaci\u00f3n y desesperaci\u00f3n. Las actuales autoridades econ\u00f3micas asumieron en [&hellip;]","og_url":"http:\/\/elregionalvm.com.ar\/noticias-villa-maria\/opinion-cepo-a-los-dolares-para-las-provincias-equivale-a-una-semana-de-turismo-externo\/","og_site_name":"El Regional","article_publisher":"https:\/\/www.facebook.com\/elregionalvm","article_published_time":"2023-06-05T02:03:13+00:00","article_modified_time":"2023-06-06T21:05:31+00:00","og_image":[{"width":1052,"height":603,"url":"http:\/\/elregionalvm.com.ar\/noticias-villa-maria\/wp-content\/uploads\/2021\/07\/Dolar-cepo.jpg","type":"image\/jpeg"}],"author":"Contenidos El Regional","twitter_card":"summary_large_image","twitter_creator":"@elregionalvm1","twitter_site":"@elregionalvm1","twitter_misc":{"Escrito por":"Contenidos El Regional","Tiempo de lectura":"4 minutos"},"schema":{"@context":"https:\/\/schema.org","@graph":[{"@type":"Article","@id":"http:\/\/elregionalvm.com.ar\/noticias-villa-maria\/opinion-cepo-a-los-dolares-para-las-provincias-equivale-a-una-semana-de-turismo-externo\/#article","isPartOf":{"@id":"http:\/\/elregionalvm.com.ar\/noticias-villa-maria\/opinion-cepo-a-los-dolares-para-las-provincias-equivale-a-una-semana-de-turismo-externo\/"},"author":{"name":"Contenidos El Regional","@id":"http:\/\/elregionalvm.com.ar\/noticias-villa-maria\/#\/schema\/person\/a0fb9c422317faca23d50163151bc354"},"headline":"[Opini\u00f3n] Cepo a los d\u00f3lares para las provincias equivale a una semana de turismo externo","datePublished":"2023-06-05T02:03:13+00:00","dateModified":"2023-06-06T21:05:31+00:00","mainEntityOfPage":{"@id":"http:\/\/elregionalvm.com.ar\/noticias-villa-maria\/opinion-cepo-a-los-dolares-para-las-provincias-equivale-a-una-semana-de-turismo-externo\/"},"wordCount":820,"commentCount":0,"image":{"@id":"http:\/\/elregionalvm.com.ar\/noticias-villa-maria\/opinion-cepo-a-los-dolares-para-las-provincias-equivale-a-una-semana-de-turismo-externo\/#primaryimage"},"thumbnailUrl":"https:\/\/i0.wp.com\/elregionalvm.com.ar\/noticias-villa-maria\/wp-content\/uploads\/2021\/07\/Dolar-cepo.jpg?fit=1052%2C603&ssl=1","keywords":["Banco Central","cepo","crisis","desdoblamiento cambiario","Dolares","Econom\u00eda","Gobierno Nacional","IDESA","Inflaci\u00f3n","Provincias","Sergio Massa"],"articleSection":["Opini\u00f3n","tercera"],"inLanguage":"es","potentialAction":[{"@type":"CommentAction","name":"Comment","target":["http:\/\/elregionalvm.com.ar\/noticias-villa-maria\/opinion-cepo-a-los-dolares-para-las-provincias-equivale-a-una-semana-de-turismo-externo\/#respond"]}]},{"@type":"WebPage","@id":"http:\/\/elregionalvm.com.ar\/noticias-villa-maria\/opinion-cepo-a-los-dolares-para-las-provincias-equivale-a-una-semana-de-turismo-externo\/","url":"http:\/\/elregionalvm.com.ar\/noticias-villa-maria\/opinion-cepo-a-los-dolares-para-las-provincias-equivale-a-una-semana-de-turismo-externo\/","name":"[Opini\u00f3n] Cepo a los d\u00f3lares para las provincias equivale a una semana de turismo externo - El Regional","isPartOf":{"@id":"http:\/\/elregionalvm.com.ar\/noticias-villa-maria\/#website"},"primaryImageOfPage":{"@id":"http:\/\/elregionalvm.com.ar\/noticias-villa-maria\/opinion-cepo-a-los-dolares-para-las-provincias-equivale-a-una-semana-de-turismo-externo\/#primaryimage"},"image":{"@id":"http:\/\/elregionalvm.com.ar\/noticias-villa-maria\/opinion-cepo-a-los-dolares-para-las-provincias-equivale-a-una-semana-de-turismo-externo\/#primaryimage"},"thumbnailUrl":"https:\/\/i0.wp.com\/elregionalvm.com.ar\/noticias-villa-maria\/wp-content\/uploads\/2021\/07\/Dolar-cepo.jpg?fit=1052%2C603&ssl=1","datePublished":"2023-06-05T02:03:13+00:00","dateModified":"2023-06-06T21:05:31+00:00","author":{"@id":"http:\/\/elregionalvm.com.ar\/noticias-villa-maria\/#\/schema\/person\/a0fb9c422317faca23d50163151bc354"},"breadcrumb":{"@id":"http:\/\/elregionalvm.com.ar\/noticias-villa-maria\/opinion-cepo-a-los-dolares-para-las-provincias-equivale-a-una-semana-de-turismo-externo\/#breadcrumb"},"inLanguage":"es","potentialAction":[{"@type":"ReadAction","target":["http:\/\/elregionalvm.com.ar\/noticias-villa-maria\/opinion-cepo-a-los-dolares-para-las-provincias-equivale-a-una-semana-de-turismo-externo\/"]}]},{"@type":"ImageObject","inLanguage":"es","@id":"http:\/\/elregionalvm.com.ar\/noticias-villa-maria\/opinion-cepo-a-los-dolares-para-las-provincias-equivale-a-una-semana-de-turismo-externo\/#primaryimage","url":"https:\/\/i0.wp.com\/elregionalvm.com.ar\/noticias-villa-maria\/wp-content\/uploads\/2021\/07\/Dolar-cepo.jpg?fit=1052%2C603&ssl=1","contentUrl":"https:\/\/i0.wp.com\/elregionalvm.com.ar\/noticias-villa-maria\/wp-content\/uploads\/2021\/07\/Dolar-cepo.jpg?fit=1052%2C603&ssl=1","width":1052,"height":603},{"@type":"BreadcrumbList","@id":"http:\/\/elregionalvm.com.ar\/noticias-villa-maria\/opinion-cepo-a-los-dolares-para-las-provincias-equivale-a-una-semana-de-turismo-externo\/#breadcrumb","itemListElement":[{"@type":"ListItem","position":1,"name":"Portada","item":"https:\/\/elregionalvm.com.ar\/noticias-villa-maria\/"},{"@type":"ListItem","position":2,"name":"[Opini\u00f3n] Cepo a los d\u00f3lares para las provincias equivale a una semana de turismo externo"}]},{"@type":"WebSite","@id":"http:\/\/elregionalvm.com.ar\/noticias-villa-maria\/#website","url":"http:\/\/elregionalvm.com.ar\/noticias-villa-maria\/","name":"El Regional","description":"Mucho m\u00e1s que informaci\u00f3n","potentialAction":[{"@type":"SearchAction","target":{"@type":"EntryPoint","urlTemplate":"http:\/\/elregionalvm.com.ar\/noticias-villa-maria\/?s={search_term_string}"},"query-input":{"@type":"PropertyValueSpecification","valueRequired":true,"valueName":"search_term_string"}}],"inLanguage":"es"},{"@type":"Person","@id":"http:\/\/elregionalvm.com.ar\/noticias-villa-maria\/#\/schema\/person\/a0fb9c422317faca23d50163151bc354","name":"Contenidos El Regional","image":{"@type":"ImageObject","inLanguage":"es","@id":"http:\/\/elregionalvm.com.ar\/noticias-villa-maria\/#\/schema\/person\/image\/","url":"https:\/\/secure.gravatar.com\/avatar\/265b27cb2209af7bb3a1318f03305787d7981a5cc6e6cd08fe5a4ecdf99d4b48?s=96&d=mm&r=g","contentUrl":"https:\/\/secure.gravatar.com\/avatar\/265b27cb2209af7bb3a1318f03305787d7981a5cc6e6cd08fe5a4ecdf99d4b48?s=96&d=mm&r=g","caption":"Contenidos El Regional"},"url":"https:\/\/elregionalvm.com.ar\/noticias-villa-maria\/author\/contenido\/"}]}},"jetpack_featured_media_url":"https:\/\/i0.wp.com\/elregionalvm.com.ar\/noticias-villa-maria\/wp-content\/uploads\/2021\/07\/Dolar-cepo.jpg?fit=1052%2C603&ssl=1","jetpack_sharing_enabled":true,"_links":{"self":[{"href":"https:\/\/elregionalvm.com.ar\/noticias-villa-maria\/wp-json\/wp\/v2\/posts\/77662","targetHints":{"allow":["GET"]}}],"collection":[{"href":"https:\/\/elregionalvm.com.ar\/noticias-villa-maria\/wp-json\/wp\/v2\/posts"}],"about":[{"href":"https:\/\/elregionalvm.com.ar\/noticias-villa-maria\/wp-json\/wp\/v2\/types\/post"}],"author":[{"embeddable":true,"href":"https:\/\/elregionalvm.com.ar\/noticias-villa-maria\/wp-json\/wp\/v2\/users\/4"}],"replies":[{"embeddable":true,"href":"https:\/\/elregionalvm.com.ar\/noticias-villa-maria\/wp-json\/wp\/v2\/comments?post=77662"}],"version-history":[{"count":2,"href":"https:\/\/elregionalvm.com.ar\/noticias-villa-maria\/wp-json\/wp\/v2\/posts\/77662\/revisions"}],"predecessor-version":[{"id":77664,"href":"https:\/\/elregionalvm.com.ar\/noticias-villa-maria\/wp-json\/wp\/v2\/posts\/77662\/revisions\/77664"}],"wp:featuredmedia":[{"embeddable":true,"href":"https:\/\/elregionalvm.com.ar\/noticias-villa-maria\/wp-json\/wp\/v2\/media\/41075"}],"wp:attachment":[{"href":"https:\/\/elregionalvm.com.ar\/noticias-villa-maria\/wp-json\/wp\/v2\/media?parent=77662"}],"wp:term":[{"taxonomy":"category","embeddable":true,"href":"https:\/\/elregionalvm.com.ar\/noticias-villa-maria\/wp-json\/wp\/v2\/categories?post=77662"},{"taxonomy":"post_tag","embeddable":true,"href":"https:\/\/elregionalvm.com.ar\/noticias-villa-maria\/wp-json\/wp\/v2\/tags?post=77662"}],"curies":[{"name":"wp","href":"https:\/\/api.w.org\/{rel}","templated":true}]}}