{"id":77684,"date":"2023-06-05T19:53:22","date_gmt":"2023-06-05T19:53:22","guid":{"rendered":"https:\/\/elregionalvm.com.ar\/noticias-villa-maria\/?p=77684"},"modified":"2023-06-05T19:53:24","modified_gmt":"2023-06-05T19:53:24","slug":"eduvim-reconocera-a-maria-teresa-andruetto","status":"publish","type":"post","link":"https:\/\/elregionalvm.com.ar\/noticias-villa-maria\/eduvim-reconocera-a-maria-teresa-andruetto\/","title":{"rendered":"EDUVIM reconocer\u00e1 a Mar\u00eda Teresa Andruetto"},"content":{"rendered":"\n<h5 class=\"wp-block-heading\"><strong>Ser\u00e1 la actividad central para celebrar el 15\u00ba aniversario del sello editorial de la UNVM. Los festejos incluir\u00e1n un foro interno con trabajadoras\/es del espacio creado en 2008.&nbsp; &nbsp;<\/strong><\/h5>\n\n\n\n<p>La Editorial Universitaria Villa Mar\u00eda (Eduvim) reconocer\u00e1 como&nbsp;<strong>\u201cProfesora Honoraria\u201d<\/strong>&nbsp;a Mar\u00eda Teresa Andruetto, m\u00e1xima distinci\u00f3n otorgada por la Universidad Nacional de Villa Mar\u00eda (UNVM) a personalidades eminentes en el campo de la ciencia o del arte.<\/p>\n\n\n\n<p>En el marco de las celebraciones por su 15\u00ba aniversario, el sello de la casa de altos estudios homenajear\u00e1 a la autora cordobesa y co-directora de la Colecci\u00f3n Narradoras Argentinas desde 2012.<\/p>\n\n\n\n<p>Andruetto visitar\u00e1 Villa Mar\u00eda el jueves 8 de junio para participar de actividades vinculadas a la&nbsp;<em><strong>Semana de la Lectura<\/strong><\/em>. A partir de las 17 horas encabezar\u00e1 un taller en la Medioteca Municipal Mariano Moreno (Sabattini 40), luego se trasladar\u00e1 al Centro Cultural Leonardo Favio (Sabattini 200) para presentar su nuevo libro<strong>&nbsp;\u201cAldao\u201d<\/strong>.<\/p>\n\n\n\n<p>La jornada cerrar\u00e1 a las 19 con el acto de entrega del reconocimiento por parte de la UNVM con la presencia del rector Luis Negretti y del director de Eduvim Carlos Gazzera.<\/p>\n\n\n\n<p>Las celebraciones continuar\u00e1n al d\u00eda siguiente con la realizaci\u00f3n de un foro interno que reunir\u00e1 a trabajadoras y trabajadores de la Editorial.<\/p>\n\n\n\n<p>De 9.30 a 13.30, en el SUM de la Secretar\u00eda de Internacionalizaci\u00f3n de la UNVM (Chile 253), el equipo reflexionar\u00e1 en torno a<em><strong>&nbsp;\u201cLos desaf\u00edos de nuestro sello en los pr\u00f3ximos a\u00f1os\u201d.<\/strong><\/em><\/p>\n\n\n\n<p>Cabe precisar que Eduvim fue creada en 2008 con la misi\u00f3n de socializar el conocimiento y la cultura mediante la construcci\u00f3n de un cat\u00e1logo editorial de calidad, que destaca el rigor acad\u00e9mico-cient\u00edfico conjugado con la producci\u00f3n de textos culturales de alto valor est\u00e9tico.<\/p>\n","protected":false},"excerpt":{"rendered":"<p>Ser\u00e1 la actividad central para celebrar el 15\u00ba aniversario del sello editorial de la UNVM. Los festejos incluir\u00e1n un foro interno con trabajadoras\/es del espacio creado en 2008.&nbsp; &nbsp; La Editorial Universitaria Villa Mar\u00eda (Eduvim) reconocer\u00e1 como&nbsp;\u201cProfesora Honoraria\u201d&nbsp;a Mar\u00eda Teresa Andruetto, m\u00e1xima distinci\u00f3n otorgada por la Universidad Nacional de Villa Mar\u00eda (UNVM) a personalidades eminentes [&hellip;]<\/p>\n","protected":false},"author":4,"featured_media":77685,"comment_status":"open","ping_status":"open","sticky":false,"template":"","format":"standard","meta":{"site-sidebar-layout":"default","site-content-layout":"","ast-site-content-layout":"default","site-content-style":"default","site-sidebar-style":"default","ast-global-header-display":"","ast-banner-title-visibility":"","ast-main-header-display":"","ast-hfb-above-header-display":"","ast-hfb-below-header-display":"","ast-hfb-mobile-header-display":"","site-post-title":"","ast-breadcrumbs-content":"","ast-featured-img":"","footer-sml-layout":"","ast-disable-related-posts":"","theme-transparent-header-meta":"","adv-header-id-meta":"","stick-header-meta":"","header-above-stick-meta":"","header-main-stick-meta":"","header-below-stick-meta":"","astra-migrate-meta-layouts":"default","ast-page-background-enabled":"default","ast-page-background-meta":{"desktop":{"background-color":"","background-image":"","background-repeat":"repeat","background-position":"center center","background-size":"auto","background-attachment":"scroll","background-type":"","background-media":"","overlay-type":"","overlay-color":"","overlay-opacity":"","overlay-gradient":""},"tablet":{"background-color":"","background-image":"","background-repeat":"repeat","background-position":"center center","background-size":"auto","background-attachment":"scroll","background-type":"","background-media":"","overlay-type":"","overlay-color":"","overlay-opacity":"","overlay-gradient":""},"mobile":{"background-color":"","background-image":"","background-repeat":"repeat","background-position":"center center","background-size":"auto","background-attachment":"scroll","background-type":"","background-media":"","overlay-type":"","overlay-color":"","overlay-opacity":"","overlay-gradient":""}},"ast-content-background-meta":{"desktop":{"background-color":"var(--ast-global-color-5)","background-image":"","background-repeat":"repeat","background-position":"center center","background-size":"auto","background-attachment":"scroll","background-type":"","background-media":"","overlay-type":"","overlay-color":"","overlay-opacity":"","overlay-gradient":""},"tablet":{"background-color":"var(--ast-global-color-5)","background-image":"","background-repeat":"repeat","background-position":"center center","background-size":"auto","background-attachment":"scroll","background-type":"","background-media":"","overlay-type":"","overlay-color":"","overlay-opacity":"","overlay-gradient":""},"mobile":{"background-color":"var(--ast-global-color-5)","background-image":"","background-repeat":"repeat","background-position":"center center","background-size":"auto","background-attachment":"scroll","background-type":"","background-media":"","overlay-type":"","overlay-color":"","overlay-opacity":"","overlay-gradient":""}},"_jetpack_memberships_contains_paid_content":false,"_joinchat":[],"footnotes":""},"categories":[2068,15302,5,2],"tags":[],"class_list":["post-77684","post","type-post","status-publish","format-standard","has-post-thumbnail","hentry","category-cultura-deporte","category-destacado","category-sociedad","category-villa-maria"],"yoast_head":"<!-- This site is optimized with the Yoast SEO plugin v26.8 - https:\/\/yoast.com\/product\/yoast-seo-wordpress\/ -->\n<title>EDUVIM reconocer\u00e1 a Mar\u00eda Teresa Andruetto - El Regional<\/title>\n<meta name=\"robots\" content=\"index, follow, max-snippet:-1, max-image-preview:large, max-video-preview:-1\" \/>\n<link rel=\"canonical\" href=\"http:\/\/elregionalvm.com.ar\/noticias-villa-maria\/eduvim-reconocera-a-maria-teresa-andruetto\/\" \/>\n<meta property=\"og:locale\" content=\"es_ES\" \/>\n<meta property=\"og:type\" content=\"article\" \/>\n<meta property=\"og:title\" content=\"EDUVIM reconocer\u00e1 a Mar\u00eda Teresa Andruetto - El Regional\" \/>\n<meta property=\"og:description\" content=\"Ser\u00e1 la actividad central para celebrar el 15\u00ba aniversario del sello editorial de la UNVM. Los festejos incluir\u00e1n un foro interno con trabajadoras\/es del espacio creado en 2008.&nbsp; &nbsp; La Editorial Universitaria Villa Mar\u00eda (Eduvim) reconocer\u00e1 como&nbsp;\u201cProfesora Honoraria\u201d&nbsp;a Mar\u00eda Teresa Andruetto, m\u00e1xima distinci\u00f3n otorgada por la Universidad Nacional de Villa Mar\u00eda (UNVM) a personalidades eminentes [&hellip;]\" \/>\n<meta property=\"og:url\" content=\"http:\/\/elregionalvm.com.ar\/noticias-villa-maria\/eduvim-reconocera-a-maria-teresa-andruetto\/\" \/>\n<meta property=\"og:site_name\" content=\"El Regional\" \/>\n<meta property=\"article:publisher\" content=\"https:\/\/www.facebook.com\/elregionalvm\" \/>\n<meta property=\"article:published_time\" content=\"2023-06-05T19:53:22+00:00\" \/>\n<meta property=\"article:modified_time\" content=\"2023-06-05T19:53:24+00:00\" \/>\n<meta property=\"og:image\" content=\"http:\/\/elregionalvm.com.ar\/noticias-villa-maria\/wp-content\/uploads\/2023\/06\/Andruetto_Visita-1080x675-1.jpeg\" \/>\n\t<meta property=\"og:image:width\" content=\"1080\" \/>\n\t<meta property=\"og:image:height\" content=\"675\" \/>\n\t<meta property=\"og:image:type\" content=\"image\/jpeg\" \/>\n<meta name=\"author\" content=\"Contenidos El Regional\" \/>\n<meta name=\"twitter:card\" content=\"summary_large_image\" \/>\n<meta name=\"twitter:creator\" content=\"@elregionalvm1\" \/>\n<meta name=\"twitter:site\" content=\"@elregionalvm1\" \/>\n<meta name=\"twitter:label1\" content=\"Escrito por\" \/>\n\t<meta name=\"twitter:data1\" content=\"Contenidos El Regional\" \/>\n\t<meta name=\"twitter:label2\" content=\"Tiempo de lectura\" \/>\n\t<meta name=\"twitter:data2\" content=\"2 minutos\" \/>\n<script type=\"application\/ld+json\" class=\"yoast-schema-graph\">{\"@context\":\"https:\/\/schema.org\",\"@graph\":[{\"@type\":\"Article\",\"@id\":\"http:\/\/elregionalvm.com.ar\/noticias-villa-maria\/eduvim-reconocera-a-maria-teresa-andruetto\/#article\",\"isPartOf\":{\"@id\":\"http:\/\/elregionalvm.com.ar\/noticias-villa-maria\/eduvim-reconocera-a-maria-teresa-andruetto\/\"},\"author\":{\"name\":\"Contenidos El Regional\",\"@id\":\"http:\/\/elregionalvm.com.ar\/noticias-villa-maria\/#\/schema\/person\/a0fb9c422317faca23d50163151bc354\"},\"headline\":\"EDUVIM reconocer\u00e1 a Mar\u00eda Teresa Andruetto\",\"datePublished\":\"2023-06-05T19:53:22+00:00\",\"dateModified\":\"2023-06-05T19:53:24+00:00\",\"mainEntityOfPage\":{\"@id\":\"http:\/\/elregionalvm.com.ar\/noticias-villa-maria\/eduvim-reconocera-a-maria-teresa-andruetto\/\"},\"wordCount\":304,\"commentCount\":0,\"image\":{\"@id\":\"http:\/\/elregionalvm.com.ar\/noticias-villa-maria\/eduvim-reconocera-a-maria-teresa-andruetto\/#primaryimage\"},\"thumbnailUrl\":\"https:\/\/i0.wp.com\/elregionalvm.com.ar\/noticias-villa-maria\/wp-content\/uploads\/2023\/06\/Andruetto_Visita-1080x675-1.jpeg?fit=1080%2C675&ssl=1\",\"articleSection\":[\"Cultura\",\"destacado\",\"Sociedad\",\"Villa Mar\u00eda\"],\"inLanguage\":\"es\",\"potentialAction\":[{\"@type\":\"CommentAction\",\"name\":\"Comment\",\"target\":[\"http:\/\/elregionalvm.com.ar\/noticias-villa-maria\/eduvim-reconocera-a-maria-teresa-andruetto\/#respond\"]}]},{\"@type\":\"WebPage\",\"@id\":\"http:\/\/elregionalvm.com.ar\/noticias-villa-maria\/eduvim-reconocera-a-maria-teresa-andruetto\/\",\"url\":\"http:\/\/elregionalvm.com.ar\/noticias-villa-maria\/eduvim-reconocera-a-maria-teresa-andruetto\/\",\"name\":\"EDUVIM reconocer\u00e1 a Mar\u00eda Teresa Andruetto - El Regional\",\"isPartOf\":{\"@id\":\"http:\/\/elregionalvm.com.ar\/noticias-villa-maria\/#website\"},\"primaryImageOfPage\":{\"@id\":\"http:\/\/elregionalvm.com.ar\/noticias-villa-maria\/eduvim-reconocera-a-maria-teresa-andruetto\/#primaryimage\"},\"image\":{\"@id\":\"http:\/\/elregionalvm.com.ar\/noticias-villa-maria\/eduvim-reconocera-a-maria-teresa-andruetto\/#primaryimage\"},\"thumbnailUrl\":\"https:\/\/i0.wp.com\/elregionalvm.com.ar\/noticias-villa-maria\/wp-content\/uploads\/2023\/06\/Andruetto_Visita-1080x675-1.jpeg?fit=1080%2C675&ssl=1\",\"datePublished\":\"2023-06-05T19:53:22+00:00\",\"dateModified\":\"2023-06-05T19:53:24+00:00\",\"author\":{\"@id\":\"http:\/\/elregionalvm.com.ar\/noticias-villa-maria\/#\/schema\/person\/a0fb9c422317faca23d50163151bc354\"},\"breadcrumb\":{\"@id\":\"http:\/\/elregionalvm.com.ar\/noticias-villa-maria\/eduvim-reconocera-a-maria-teresa-andruetto\/#breadcrumb\"},\"inLanguage\":\"es\",\"potentialAction\":[{\"@type\":\"ReadAction\",\"target\":[\"http:\/\/elregionalvm.com.ar\/noticias-villa-maria\/eduvim-reconocera-a-maria-teresa-andruetto\/\"]}]},{\"@type\":\"ImageObject\",\"inLanguage\":\"es\",\"@id\":\"http:\/\/elregionalvm.com.ar\/noticias-villa-maria\/eduvim-reconocera-a-maria-teresa-andruetto\/#primaryimage\",\"url\":\"https:\/\/i0.wp.com\/elregionalvm.com.ar\/noticias-villa-maria\/wp-content\/uploads\/2023\/06\/Andruetto_Visita-1080x675-1.jpeg?fit=1080%2C675&ssl=1\",\"contentUrl\":\"https:\/\/i0.wp.com\/elregionalvm.com.ar\/noticias-villa-maria\/wp-content\/uploads\/2023\/06\/Andruetto_Visita-1080x675-1.jpeg?fit=1080%2C675&ssl=1\",\"width\":1080,\"height\":675},{\"@type\":\"BreadcrumbList\",\"@id\":\"http:\/\/elregionalvm.com.ar\/noticias-villa-maria\/eduvim-reconocera-a-maria-teresa-andruetto\/#breadcrumb\",\"itemListElement\":[{\"@type\":\"ListItem\",\"position\":1,\"name\":\"Portada\",\"item\":\"https:\/\/elregionalvm.com.ar\/noticias-villa-maria\/\"},{\"@type\":\"ListItem\",\"position\":2,\"name\":\"EDUVIM reconocer\u00e1 a Mar\u00eda Teresa Andruetto\"}]},{\"@type\":\"WebSite\",\"@id\":\"http:\/\/elregionalvm.com.ar\/noticias-villa-maria\/#website\",\"url\":\"http:\/\/elregionalvm.com.ar\/noticias-villa-maria\/\",\"name\":\"El Regional\",\"description\":\"Mucho m\u00e1s que informaci\u00f3n\",\"potentialAction\":[{\"@type\":\"SearchAction\",\"target\":{\"@type\":\"EntryPoint\",\"urlTemplate\":\"http:\/\/elregionalvm.com.ar\/noticias-villa-maria\/?s={search_term_string}\"},\"query-input\":{\"@type\":\"PropertyValueSpecification\",\"valueRequired\":true,\"valueName\":\"search_term_string\"}}],\"inLanguage\":\"es\"},{\"@type\":\"Person\",\"@id\":\"http:\/\/elregionalvm.com.ar\/noticias-villa-maria\/#\/schema\/person\/a0fb9c422317faca23d50163151bc354\",\"name\":\"Contenidos El Regional\",\"image\":{\"@type\":\"ImageObject\",\"inLanguage\":\"es\",\"@id\":\"http:\/\/elregionalvm.com.ar\/noticias-villa-maria\/#\/schema\/person\/image\/\",\"url\":\"https:\/\/secure.gravatar.com\/avatar\/265b27cb2209af7bb3a1318f03305787d7981a5cc6e6cd08fe5a4ecdf99d4b48?s=96&d=mm&r=g\",\"contentUrl\":\"https:\/\/secure.gravatar.com\/avatar\/265b27cb2209af7bb3a1318f03305787d7981a5cc6e6cd08fe5a4ecdf99d4b48?s=96&d=mm&r=g\",\"caption\":\"Contenidos El Regional\"},\"url\":\"https:\/\/elregionalvm.com.ar\/noticias-villa-maria\/author\/contenido\/\"}]}<\/script>\n<!-- \/ Yoast SEO plugin. -->","yoast_head_json":{"title":"EDUVIM reconocer\u00e1 a Mar\u00eda Teresa Andruetto - El Regional","robots":{"index":"index","follow":"follow","max-snippet":"max-snippet:-1","max-image-preview":"max-image-preview:large","max-video-preview":"max-video-preview:-1"},"canonical":"http:\/\/elregionalvm.com.ar\/noticias-villa-maria\/eduvim-reconocera-a-maria-teresa-andruetto\/","og_locale":"es_ES","og_type":"article","og_title":"EDUVIM reconocer\u00e1 a Mar\u00eda Teresa Andruetto - El Regional","og_description":"Ser\u00e1 la actividad central para celebrar el 15\u00ba aniversario del sello editorial de la UNVM. Los festejos incluir\u00e1n un foro interno con trabajadoras\/es del espacio creado en 2008.&nbsp; &nbsp; La Editorial Universitaria Villa Mar\u00eda (Eduvim) reconocer\u00e1 como&nbsp;\u201cProfesora Honoraria\u201d&nbsp;a Mar\u00eda Teresa Andruetto, m\u00e1xima distinci\u00f3n otorgada por la Universidad Nacional de Villa Mar\u00eda (UNVM) a personalidades eminentes [&hellip;]","og_url":"http:\/\/elregionalvm.com.ar\/noticias-villa-maria\/eduvim-reconocera-a-maria-teresa-andruetto\/","og_site_name":"El Regional","article_publisher":"https:\/\/www.facebook.com\/elregionalvm","article_published_time":"2023-06-05T19:53:22+00:00","article_modified_time":"2023-06-05T19:53:24+00:00","og_image":[{"width":1080,"height":675,"url":"http:\/\/elregionalvm.com.ar\/noticias-villa-maria\/wp-content\/uploads\/2023\/06\/Andruetto_Visita-1080x675-1.jpeg","type":"image\/jpeg"}],"author":"Contenidos El Regional","twitter_card":"summary_large_image","twitter_creator":"@elregionalvm1","twitter_site":"@elregionalvm1","twitter_misc":{"Escrito por":"Contenidos El Regional","Tiempo de lectura":"2 minutos"},"schema":{"@context":"https:\/\/schema.org","@graph":[{"@type":"Article","@id":"http:\/\/elregionalvm.com.ar\/noticias-villa-maria\/eduvim-reconocera-a-maria-teresa-andruetto\/#article","isPartOf":{"@id":"http:\/\/elregionalvm.com.ar\/noticias-villa-maria\/eduvim-reconocera-a-maria-teresa-andruetto\/"},"author":{"name":"Contenidos El Regional","@id":"http:\/\/elregionalvm.com.ar\/noticias-villa-maria\/#\/schema\/person\/a0fb9c422317faca23d50163151bc354"},"headline":"EDUVIM reconocer\u00e1 a Mar\u00eda Teresa Andruetto","datePublished":"2023-06-05T19:53:22+00:00","dateModified":"2023-06-05T19:53:24+00:00","mainEntityOfPage":{"@id":"http:\/\/elregionalvm.com.ar\/noticias-villa-maria\/eduvim-reconocera-a-maria-teresa-andruetto\/"},"wordCount":304,"commentCount":0,"image":{"@id":"http:\/\/elregionalvm.com.ar\/noticias-villa-maria\/eduvim-reconocera-a-maria-teresa-andruetto\/#primaryimage"},"thumbnailUrl":"https:\/\/i0.wp.com\/elregionalvm.com.ar\/noticias-villa-maria\/wp-content\/uploads\/2023\/06\/Andruetto_Visita-1080x675-1.jpeg?fit=1080%2C675&ssl=1","articleSection":["Cultura","destacado","Sociedad","Villa Mar\u00eda"],"inLanguage":"es","potentialAction":[{"@type":"CommentAction","name":"Comment","target":["http:\/\/elregionalvm.com.ar\/noticias-villa-maria\/eduvim-reconocera-a-maria-teresa-andruetto\/#respond"]}]},{"@type":"WebPage","@id":"http:\/\/elregionalvm.com.ar\/noticias-villa-maria\/eduvim-reconocera-a-maria-teresa-andruetto\/","url":"http:\/\/elregionalvm.com.ar\/noticias-villa-maria\/eduvim-reconocera-a-maria-teresa-andruetto\/","name":"EDUVIM reconocer\u00e1 a Mar\u00eda Teresa Andruetto - El Regional","isPartOf":{"@id":"http:\/\/elregionalvm.com.ar\/noticias-villa-maria\/#website"},"primaryImageOfPage":{"@id":"http:\/\/elregionalvm.com.ar\/noticias-villa-maria\/eduvim-reconocera-a-maria-teresa-andruetto\/#primaryimage"},"image":{"@id":"http:\/\/elregionalvm.com.ar\/noticias-villa-maria\/eduvim-reconocera-a-maria-teresa-andruetto\/#primaryimage"},"thumbnailUrl":"https:\/\/i0.wp.com\/elregionalvm.com.ar\/noticias-villa-maria\/wp-content\/uploads\/2023\/06\/Andruetto_Visita-1080x675-1.jpeg?fit=1080%2C675&ssl=1","datePublished":"2023-06-05T19:53:22+00:00","dateModified":"2023-06-05T19:53:24+00:00","author":{"@id":"http:\/\/elregionalvm.com.ar\/noticias-villa-maria\/#\/schema\/person\/a0fb9c422317faca23d50163151bc354"},"breadcrumb":{"@id":"http:\/\/elregionalvm.com.ar\/noticias-villa-maria\/eduvim-reconocera-a-maria-teresa-andruetto\/#breadcrumb"},"inLanguage":"es","potentialAction":[{"@type":"ReadAction","target":["http:\/\/elregionalvm.com.ar\/noticias-villa-maria\/eduvim-reconocera-a-maria-teresa-andruetto\/"]}]},{"@type":"ImageObject","inLanguage":"es","@id":"http:\/\/elregionalvm.com.ar\/noticias-villa-maria\/eduvim-reconocera-a-maria-teresa-andruetto\/#primaryimage","url":"https:\/\/i0.wp.com\/elregionalvm.com.ar\/noticias-villa-maria\/wp-content\/uploads\/2023\/06\/Andruetto_Visita-1080x675-1.jpeg?fit=1080%2C675&ssl=1","contentUrl":"https:\/\/i0.wp.com\/elregionalvm.com.ar\/noticias-villa-maria\/wp-content\/uploads\/2023\/06\/Andruetto_Visita-1080x675-1.jpeg?fit=1080%2C675&ssl=1","width":1080,"height":675},{"@type":"BreadcrumbList","@id":"http:\/\/elregionalvm.com.ar\/noticias-villa-maria\/eduvim-reconocera-a-maria-teresa-andruetto\/#breadcrumb","itemListElement":[{"@type":"ListItem","position":1,"name":"Portada","item":"https:\/\/elregionalvm.com.ar\/noticias-villa-maria\/"},{"@type":"ListItem","position":2,"name":"EDUVIM reconocer\u00e1 a Mar\u00eda Teresa Andruetto"}]},{"@type":"WebSite","@id":"http:\/\/elregionalvm.com.ar\/noticias-villa-maria\/#website","url":"http:\/\/elregionalvm.com.ar\/noticias-villa-maria\/","name":"El Regional","description":"Mucho m\u00e1s que informaci\u00f3n","potentialAction":[{"@type":"SearchAction","target":{"@type":"EntryPoint","urlTemplate":"http:\/\/elregionalvm.com.ar\/noticias-villa-maria\/?s={search_term_string}"},"query-input":{"@type":"PropertyValueSpecification","valueRequired":true,"valueName":"search_term_string"}}],"inLanguage":"es"},{"@type":"Person","@id":"http:\/\/elregionalvm.com.ar\/noticias-villa-maria\/#\/schema\/person\/a0fb9c422317faca23d50163151bc354","name":"Contenidos El Regional","image":{"@type":"ImageObject","inLanguage":"es","@id":"http:\/\/elregionalvm.com.ar\/noticias-villa-maria\/#\/schema\/person\/image\/","url":"https:\/\/secure.gravatar.com\/avatar\/265b27cb2209af7bb3a1318f03305787d7981a5cc6e6cd08fe5a4ecdf99d4b48?s=96&d=mm&r=g","contentUrl":"https:\/\/secure.gravatar.com\/avatar\/265b27cb2209af7bb3a1318f03305787d7981a5cc6e6cd08fe5a4ecdf99d4b48?s=96&d=mm&r=g","caption":"Contenidos El Regional"},"url":"https:\/\/elregionalvm.com.ar\/noticias-villa-maria\/author\/contenido\/"}]}},"jetpack_featured_media_url":"https:\/\/i0.wp.com\/elregionalvm.com.ar\/noticias-villa-maria\/wp-content\/uploads\/2023\/06\/Andruetto_Visita-1080x675-1.jpeg?fit=1080%2C675&ssl=1","jetpack_sharing_enabled":true,"_links":{"self":[{"href":"https:\/\/elregionalvm.com.ar\/noticias-villa-maria\/wp-json\/wp\/v2\/posts\/77684","targetHints":{"allow":["GET"]}}],"collection":[{"href":"https:\/\/elregionalvm.com.ar\/noticias-villa-maria\/wp-json\/wp\/v2\/posts"}],"about":[{"href":"https:\/\/elregionalvm.com.ar\/noticias-villa-maria\/wp-json\/wp\/v2\/types\/post"}],"author":[{"embeddable":true,"href":"https:\/\/elregionalvm.com.ar\/noticias-villa-maria\/wp-json\/wp\/v2\/users\/4"}],"replies":[{"embeddable":true,"href":"https:\/\/elregionalvm.com.ar\/noticias-villa-maria\/wp-json\/wp\/v2\/comments?post=77684"}],"version-history":[{"count":1,"href":"https:\/\/elregionalvm.com.ar\/noticias-villa-maria\/wp-json\/wp\/v2\/posts\/77684\/revisions"}],"predecessor-version":[{"id":77686,"href":"https:\/\/elregionalvm.com.ar\/noticias-villa-maria\/wp-json\/wp\/v2\/posts\/77684\/revisions\/77686"}],"wp:featuredmedia":[{"embeddable":true,"href":"https:\/\/elregionalvm.com.ar\/noticias-villa-maria\/wp-json\/wp\/v2\/media\/77685"}],"wp:attachment":[{"href":"https:\/\/elregionalvm.com.ar\/noticias-villa-maria\/wp-json\/wp\/v2\/media?parent=77684"}],"wp:term":[{"taxonomy":"category","embeddable":true,"href":"https:\/\/elregionalvm.com.ar\/noticias-villa-maria\/wp-json\/wp\/v2\/categories?post=77684"},{"taxonomy":"post_tag","embeddable":true,"href":"https:\/\/elregionalvm.com.ar\/noticias-villa-maria\/wp-json\/wp\/v2\/tags?post=77684"}],"curies":[{"name":"wp","href":"https:\/\/api.w.org\/{rel}","templated":true}]}}