{"id":77690,"date":"2023-06-05T19:57:02","date_gmt":"2023-06-05T19:57:02","guid":{"rendered":"https:\/\/elregionalvm.com.ar\/noticias-villa-maria\/?p=77690"},"modified":"2023-06-05T19:57:04","modified_gmt":"2023-06-05T19:57:04","slug":"el-municipio-refuncionaliza-las-canchas-de-voley-playero-de-la-costanera","status":"publish","type":"post","link":"https:\/\/elregionalvm.com.ar\/noticias-villa-maria\/el-municipio-refuncionaliza-las-canchas-de-voley-playero-de-la-costanera\/","title":{"rendered":"El municipio refuncionaliza las canchas de v\u00f3ley playero de la Costanera"},"content":{"rendered":"\n<p>El municipio est\u00e1 ejecutando la refuncionalizaci\u00f3n de las canchas dw v\u00f3ley playero de la Costanera, a los fines de dotar con mejor infraestructura deportiva los espacios p\u00fablicos. <\/p>\n\n\n\n<p>El intendente Mart\u00edn Gill, supervis\u00f3 las labores que se desarrollan en el sector, junto a la coordinadora de Programas Deportivos del Ente Villa Mar\u00eda Deporte y Turismo, Lucrecia Falco.<\/p>\n\n\n\n<p>Las tareas que se encuentran en ejecuci\u00f3n apuntan en una primera etapa a la remoci\u00f3n de la arena existente, para luego otorgarle la pendiente adecuada con granza. Adem\u00e1s, se construir\u00e1 un cord\u00f3n de confinamiento con hormig\u00f3n armado y se instalar\u00e1 un sistema de desag\u00fces, para evitar los anegamientos dentro de la cancha. <\/p>\n\n\n\n<p>Las labores tambi\u00e9n prev\u00e9n la colocaci\u00f3n de un nylon de 200 micrones, donde se volcar\u00e1 la arena fina del r\u00edo Paran\u00e1, que formar\u00e1 una capa de 20 cent\u00edmetros, brindando soporte y confort para el desarrollo de la pr\u00e1ctica deportiva.<\/p>\n\n\n\n<p>Adem\u00e1s, las tareas ejecutadas a trav\u00e9s de la Secretar\u00eda de Ambiente Obras y Servicios P\u00fablicos, junto al Ente Villa Mar\u00eda Deporte y Turismo, comprenden el acondicionamiento del sistema de alumbrado para la realizaci\u00f3n de eventos deportivos de calidad, en cualquier momento del d\u00eda.<\/p>\n","protected":false},"excerpt":{"rendered":"<p>El municipio est\u00e1 ejecutando la refuncionalizaci\u00f3n de las canchas dw v\u00f3ley playero de la Costanera, a los fines de dotar con mejor infraestructura deportiva los espacios p\u00fablicos. El intendente Mart\u00edn Gill, supervis\u00f3 las labores que se desarrollan en el sector, junto a la coordinadora de Programas Deportivos del Ente Villa Mar\u00eda Deporte y Turismo, Lucrecia [&hellip;]<\/p>\n","protected":false},"author":4,"featured_media":77691,"comment_status":"open","ping_status":"open","sticky":false,"template":"","format":"standard","meta":{"site-sidebar-layout":"default","site-content-layout":"","ast-site-content-layout":"default","site-content-style":"default","site-sidebar-style":"default","ast-global-header-display":"","ast-banner-title-visibility":"","ast-main-header-display":"","ast-hfb-above-header-display":"","ast-hfb-below-header-display":"","ast-hfb-mobile-header-display":"","site-post-title":"","ast-breadcrumbs-content":"","ast-featured-img":"","footer-sml-layout":"","ast-disable-related-posts":"","theme-transparent-header-meta":"","adv-header-id-meta":"","stick-header-meta":"","header-above-stick-meta":"","header-main-stick-meta":"","header-below-stick-meta":"","astra-migrate-meta-layouts":"default","ast-page-background-enabled":"default","ast-page-background-meta":{"desktop":{"background-color":"","background-image":"","background-repeat":"repeat","background-position":"center center","background-size":"auto","background-attachment":"scroll","background-type":"","background-media":"","overlay-type":"","overlay-color":"","overlay-opacity":"","overlay-gradient":""},"tablet":{"background-color":"","background-image":"","background-repeat":"repeat","background-position":"center center","background-size":"auto","background-attachment":"scroll","background-type":"","background-media":"","overlay-type":"","overlay-color":"","overlay-opacity":"","overlay-gradient":""},"mobile":{"background-color":"","background-image":"","background-repeat":"repeat","background-position":"center center","background-size":"auto","background-attachment":"scroll","background-type":"","background-media":"","overlay-type":"","overlay-color":"","overlay-opacity":"","overlay-gradient":""}},"ast-content-background-meta":{"desktop":{"background-color":"var(--ast-global-color-5)","background-image":"","background-repeat":"repeat","background-position":"center center","background-size":"auto","background-attachment":"scroll","background-type":"","background-media":"","overlay-type":"","overlay-color":"","overlay-opacity":"","overlay-gradient":""},"tablet":{"background-color":"var(--ast-global-color-5)","background-image":"","background-repeat":"repeat","background-position":"center center","background-size":"auto","background-attachment":"scroll","background-type":"","background-media":"","overlay-type":"","overlay-color":"","overlay-opacity":"","overlay-gradient":""},"mobile":{"background-color":"var(--ast-global-color-5)","background-image":"","background-repeat":"repeat","background-position":"center center","background-size":"auto","background-attachment":"scroll","background-type":"","background-media":"","overlay-type":"","overlay-color":"","overlay-opacity":"","overlay-gradient":""}},"_jetpack_memberships_contains_paid_content":false,"_joinchat":[],"footnotes":""},"categories":[15158,15302,5,2],"tags":[],"class_list":["post-77690","post","type-post","status-publish","format-standard","has-post-thumbnail","hentry","category-deporte","category-destacado","category-sociedad","category-villa-maria"],"yoast_head":"<!-- This site is optimized with the Yoast SEO plugin v26.8 - https:\/\/yoast.com\/product\/yoast-seo-wordpress\/ -->\n<title>El municipio refuncionaliza las canchas de v\u00f3ley playero de la Costanera - El Regional<\/title>\n<meta name=\"robots\" content=\"index, follow, max-snippet:-1, max-image-preview:large, max-video-preview:-1\" \/>\n<link rel=\"canonical\" href=\"http:\/\/elregionalvm.com.ar\/noticias-villa-maria\/el-municipio-refuncionaliza-las-canchas-de-voley-playero-de-la-costanera\/\" \/>\n<meta property=\"og:locale\" content=\"es_ES\" \/>\n<meta property=\"og:type\" content=\"article\" \/>\n<meta property=\"og:title\" content=\"El municipio refuncionaliza las canchas de v\u00f3ley playero de la Costanera - El Regional\" \/>\n<meta property=\"og:description\" content=\"El municipio est\u00e1 ejecutando la refuncionalizaci\u00f3n de las canchas dw v\u00f3ley playero de la Costanera, a los fines de dotar con mejor infraestructura deportiva los espacios p\u00fablicos. El intendente Mart\u00edn Gill, supervis\u00f3 las labores que se desarrollan en el sector, junto a la coordinadora de Programas Deportivos del Ente Villa Mar\u00eda Deporte y Turismo, Lucrecia [&hellip;]\" \/>\n<meta property=\"og:url\" content=\"http:\/\/elregionalvm.com.ar\/noticias-villa-maria\/el-municipio-refuncionaliza-las-canchas-de-voley-playero-de-la-costanera\/\" \/>\n<meta property=\"og:site_name\" content=\"El Regional\" \/>\n<meta property=\"article:publisher\" content=\"https:\/\/www.facebook.com\/elregionalvm\" \/>\n<meta property=\"article:published_time\" content=\"2023-06-05T19:57:02+00:00\" \/>\n<meta property=\"article:modified_time\" content=\"2023-06-05T19:57:04+00:00\" \/>\n<meta property=\"og:image\" content=\"http:\/\/elregionalvm.com.ar\/noticias-villa-maria\/wp-content\/uploads\/2023\/06\/WhatsApp-Image-2023-06-05-at-14.45.04.jpeg\" \/>\n\t<meta property=\"og:image:width\" content=\"1280\" \/>\n\t<meta property=\"og:image:height\" content=\"853\" \/>\n\t<meta property=\"og:image:type\" content=\"image\/jpeg\" \/>\n<meta name=\"author\" content=\"Contenidos El Regional\" \/>\n<meta name=\"twitter:card\" content=\"summary_large_image\" \/>\n<meta name=\"twitter:creator\" content=\"@elregionalvm1\" \/>\n<meta name=\"twitter:site\" content=\"@elregionalvm1\" \/>\n<meta name=\"twitter:label1\" content=\"Escrito por\" \/>\n\t<meta name=\"twitter:data1\" content=\"Contenidos El Regional\" \/>\n\t<meta name=\"twitter:label2\" content=\"Tiempo de lectura\" \/>\n\t<meta name=\"twitter:data2\" content=\"1 minuto\" \/>\n<script type=\"application\/ld+json\" class=\"yoast-schema-graph\">{\"@context\":\"https:\/\/schema.org\",\"@graph\":[{\"@type\":\"Article\",\"@id\":\"http:\/\/elregionalvm.com.ar\/noticias-villa-maria\/el-municipio-refuncionaliza-las-canchas-de-voley-playero-de-la-costanera\/#article\",\"isPartOf\":{\"@id\":\"http:\/\/elregionalvm.com.ar\/noticias-villa-maria\/el-municipio-refuncionaliza-las-canchas-de-voley-playero-de-la-costanera\/\"},\"author\":{\"name\":\"Contenidos El Regional\",\"@id\":\"http:\/\/elregionalvm.com.ar\/noticias-villa-maria\/#\/schema\/person\/a0fb9c422317faca23d50163151bc354\"},\"headline\":\"El municipio refuncionaliza las canchas de v\u00f3ley playero de la Costanera\",\"datePublished\":\"2023-06-05T19:57:02+00:00\",\"dateModified\":\"2023-06-05T19:57:04+00:00\",\"mainEntityOfPage\":{\"@id\":\"http:\/\/elregionalvm.com.ar\/noticias-villa-maria\/el-municipio-refuncionaliza-las-canchas-de-voley-playero-de-la-costanera\/\"},\"wordCount\":224,\"commentCount\":0,\"image\":{\"@id\":\"http:\/\/elregionalvm.com.ar\/noticias-villa-maria\/el-municipio-refuncionaliza-las-canchas-de-voley-playero-de-la-costanera\/#primaryimage\"},\"thumbnailUrl\":\"https:\/\/i0.wp.com\/elregionalvm.com.ar\/noticias-villa-maria\/wp-content\/uploads\/2023\/06\/WhatsApp-Image-2023-06-05-at-14.45.04.jpeg?fit=1280%2C853&ssl=1\",\"articleSection\":[\"Deporte\",\"destacado\",\"Sociedad\",\"Villa Mar\u00eda\"],\"inLanguage\":\"es\",\"potentialAction\":[{\"@type\":\"CommentAction\",\"name\":\"Comment\",\"target\":[\"http:\/\/elregionalvm.com.ar\/noticias-villa-maria\/el-municipio-refuncionaliza-las-canchas-de-voley-playero-de-la-costanera\/#respond\"]}]},{\"@type\":\"WebPage\",\"@id\":\"http:\/\/elregionalvm.com.ar\/noticias-villa-maria\/el-municipio-refuncionaliza-las-canchas-de-voley-playero-de-la-costanera\/\",\"url\":\"http:\/\/elregionalvm.com.ar\/noticias-villa-maria\/el-municipio-refuncionaliza-las-canchas-de-voley-playero-de-la-costanera\/\",\"name\":\"El municipio refuncionaliza las canchas de v\u00f3ley playero de la Costanera - El Regional\",\"isPartOf\":{\"@id\":\"http:\/\/elregionalvm.com.ar\/noticias-villa-maria\/#website\"},\"primaryImageOfPage\":{\"@id\":\"http:\/\/elregionalvm.com.ar\/noticias-villa-maria\/el-municipio-refuncionaliza-las-canchas-de-voley-playero-de-la-costanera\/#primaryimage\"},\"image\":{\"@id\":\"http:\/\/elregionalvm.com.ar\/noticias-villa-maria\/el-municipio-refuncionaliza-las-canchas-de-voley-playero-de-la-costanera\/#primaryimage\"},\"thumbnailUrl\":\"https:\/\/i0.wp.com\/elregionalvm.com.ar\/noticias-villa-maria\/wp-content\/uploads\/2023\/06\/WhatsApp-Image-2023-06-05-at-14.45.04.jpeg?fit=1280%2C853&ssl=1\",\"datePublished\":\"2023-06-05T19:57:02+00:00\",\"dateModified\":\"2023-06-05T19:57:04+00:00\",\"author\":{\"@id\":\"http:\/\/elregionalvm.com.ar\/noticias-villa-maria\/#\/schema\/person\/a0fb9c422317faca23d50163151bc354\"},\"breadcrumb\":{\"@id\":\"http:\/\/elregionalvm.com.ar\/noticias-villa-maria\/el-municipio-refuncionaliza-las-canchas-de-voley-playero-de-la-costanera\/#breadcrumb\"},\"inLanguage\":\"es\",\"potentialAction\":[{\"@type\":\"ReadAction\",\"target\":[\"http:\/\/elregionalvm.com.ar\/noticias-villa-maria\/el-municipio-refuncionaliza-las-canchas-de-voley-playero-de-la-costanera\/\"]}]},{\"@type\":\"ImageObject\",\"inLanguage\":\"es\",\"@id\":\"http:\/\/elregionalvm.com.ar\/noticias-villa-maria\/el-municipio-refuncionaliza-las-canchas-de-voley-playero-de-la-costanera\/#primaryimage\",\"url\":\"https:\/\/i0.wp.com\/elregionalvm.com.ar\/noticias-villa-maria\/wp-content\/uploads\/2023\/06\/WhatsApp-Image-2023-06-05-at-14.45.04.jpeg?fit=1280%2C853&ssl=1\",\"contentUrl\":\"https:\/\/i0.wp.com\/elregionalvm.com.ar\/noticias-villa-maria\/wp-content\/uploads\/2023\/06\/WhatsApp-Image-2023-06-05-at-14.45.04.jpeg?fit=1280%2C853&ssl=1\",\"width\":1280,\"height\":853},{\"@type\":\"BreadcrumbList\",\"@id\":\"http:\/\/elregionalvm.com.ar\/noticias-villa-maria\/el-municipio-refuncionaliza-las-canchas-de-voley-playero-de-la-costanera\/#breadcrumb\",\"itemListElement\":[{\"@type\":\"ListItem\",\"position\":1,\"name\":\"Portada\",\"item\":\"https:\/\/elregionalvm.com.ar\/noticias-villa-maria\/\"},{\"@type\":\"ListItem\",\"position\":2,\"name\":\"El municipio refuncionaliza las canchas de v\u00f3ley playero de la Costanera\"}]},{\"@type\":\"WebSite\",\"@id\":\"http:\/\/elregionalvm.com.ar\/noticias-villa-maria\/#website\",\"url\":\"http:\/\/elregionalvm.com.ar\/noticias-villa-maria\/\",\"name\":\"El Regional\",\"description\":\"Mucho m\u00e1s que informaci\u00f3n\",\"potentialAction\":[{\"@type\":\"SearchAction\",\"target\":{\"@type\":\"EntryPoint\",\"urlTemplate\":\"http:\/\/elregionalvm.com.ar\/noticias-villa-maria\/?s={search_term_string}\"},\"query-input\":{\"@type\":\"PropertyValueSpecification\",\"valueRequired\":true,\"valueName\":\"search_term_string\"}}],\"inLanguage\":\"es\"},{\"@type\":\"Person\",\"@id\":\"http:\/\/elregionalvm.com.ar\/noticias-villa-maria\/#\/schema\/person\/a0fb9c422317faca23d50163151bc354\",\"name\":\"Contenidos El Regional\",\"image\":{\"@type\":\"ImageObject\",\"inLanguage\":\"es\",\"@id\":\"http:\/\/elregionalvm.com.ar\/noticias-villa-maria\/#\/schema\/person\/image\/\",\"url\":\"https:\/\/secure.gravatar.com\/avatar\/265b27cb2209af7bb3a1318f03305787d7981a5cc6e6cd08fe5a4ecdf99d4b48?s=96&d=mm&r=g\",\"contentUrl\":\"https:\/\/secure.gravatar.com\/avatar\/265b27cb2209af7bb3a1318f03305787d7981a5cc6e6cd08fe5a4ecdf99d4b48?s=96&d=mm&r=g\",\"caption\":\"Contenidos El Regional\"},\"url\":\"https:\/\/elregionalvm.com.ar\/noticias-villa-maria\/author\/contenido\/\"}]}<\/script>\n<!-- \/ Yoast SEO plugin. -->","yoast_head_json":{"title":"El municipio refuncionaliza las canchas de v\u00f3ley playero de la Costanera - El Regional","robots":{"index":"index","follow":"follow","max-snippet":"max-snippet:-1","max-image-preview":"max-image-preview:large","max-video-preview":"max-video-preview:-1"},"canonical":"http:\/\/elregionalvm.com.ar\/noticias-villa-maria\/el-municipio-refuncionaliza-las-canchas-de-voley-playero-de-la-costanera\/","og_locale":"es_ES","og_type":"article","og_title":"El municipio refuncionaliza las canchas de v\u00f3ley playero de la Costanera - El Regional","og_description":"El municipio est\u00e1 ejecutando la refuncionalizaci\u00f3n de las canchas dw v\u00f3ley playero de la Costanera, a los fines de dotar con mejor infraestructura deportiva los espacios p\u00fablicos. El intendente Mart\u00edn Gill, supervis\u00f3 las labores que se desarrollan en el sector, junto a la coordinadora de Programas Deportivos del Ente Villa Mar\u00eda Deporte y Turismo, Lucrecia [&hellip;]","og_url":"http:\/\/elregionalvm.com.ar\/noticias-villa-maria\/el-municipio-refuncionaliza-las-canchas-de-voley-playero-de-la-costanera\/","og_site_name":"El Regional","article_publisher":"https:\/\/www.facebook.com\/elregionalvm","article_published_time":"2023-06-05T19:57:02+00:00","article_modified_time":"2023-06-05T19:57:04+00:00","og_image":[{"width":1280,"height":853,"url":"http:\/\/elregionalvm.com.ar\/noticias-villa-maria\/wp-content\/uploads\/2023\/06\/WhatsApp-Image-2023-06-05-at-14.45.04.jpeg","type":"image\/jpeg"}],"author":"Contenidos El Regional","twitter_card":"summary_large_image","twitter_creator":"@elregionalvm1","twitter_site":"@elregionalvm1","twitter_misc":{"Escrito por":"Contenidos El Regional","Tiempo de lectura":"1 minuto"},"schema":{"@context":"https:\/\/schema.org","@graph":[{"@type":"Article","@id":"http:\/\/elregionalvm.com.ar\/noticias-villa-maria\/el-municipio-refuncionaliza-las-canchas-de-voley-playero-de-la-costanera\/#article","isPartOf":{"@id":"http:\/\/elregionalvm.com.ar\/noticias-villa-maria\/el-municipio-refuncionaliza-las-canchas-de-voley-playero-de-la-costanera\/"},"author":{"name":"Contenidos El Regional","@id":"http:\/\/elregionalvm.com.ar\/noticias-villa-maria\/#\/schema\/person\/a0fb9c422317faca23d50163151bc354"},"headline":"El municipio refuncionaliza las canchas de v\u00f3ley playero de la Costanera","datePublished":"2023-06-05T19:57:02+00:00","dateModified":"2023-06-05T19:57:04+00:00","mainEntityOfPage":{"@id":"http:\/\/elregionalvm.com.ar\/noticias-villa-maria\/el-municipio-refuncionaliza-las-canchas-de-voley-playero-de-la-costanera\/"},"wordCount":224,"commentCount":0,"image":{"@id":"http:\/\/elregionalvm.com.ar\/noticias-villa-maria\/el-municipio-refuncionaliza-las-canchas-de-voley-playero-de-la-costanera\/#primaryimage"},"thumbnailUrl":"https:\/\/i0.wp.com\/elregionalvm.com.ar\/noticias-villa-maria\/wp-content\/uploads\/2023\/06\/WhatsApp-Image-2023-06-05-at-14.45.04.jpeg?fit=1280%2C853&ssl=1","articleSection":["Deporte","destacado","Sociedad","Villa Mar\u00eda"],"inLanguage":"es","potentialAction":[{"@type":"CommentAction","name":"Comment","target":["http:\/\/elregionalvm.com.ar\/noticias-villa-maria\/el-municipio-refuncionaliza-las-canchas-de-voley-playero-de-la-costanera\/#respond"]}]},{"@type":"WebPage","@id":"http:\/\/elregionalvm.com.ar\/noticias-villa-maria\/el-municipio-refuncionaliza-las-canchas-de-voley-playero-de-la-costanera\/","url":"http:\/\/elregionalvm.com.ar\/noticias-villa-maria\/el-municipio-refuncionaliza-las-canchas-de-voley-playero-de-la-costanera\/","name":"El municipio refuncionaliza las canchas de v\u00f3ley playero de la Costanera - El Regional","isPartOf":{"@id":"http:\/\/elregionalvm.com.ar\/noticias-villa-maria\/#website"},"primaryImageOfPage":{"@id":"http:\/\/elregionalvm.com.ar\/noticias-villa-maria\/el-municipio-refuncionaliza-las-canchas-de-voley-playero-de-la-costanera\/#primaryimage"},"image":{"@id":"http:\/\/elregionalvm.com.ar\/noticias-villa-maria\/el-municipio-refuncionaliza-las-canchas-de-voley-playero-de-la-costanera\/#primaryimage"},"thumbnailUrl":"https:\/\/i0.wp.com\/elregionalvm.com.ar\/noticias-villa-maria\/wp-content\/uploads\/2023\/06\/WhatsApp-Image-2023-06-05-at-14.45.04.jpeg?fit=1280%2C853&ssl=1","datePublished":"2023-06-05T19:57:02+00:00","dateModified":"2023-06-05T19:57:04+00:00","author":{"@id":"http:\/\/elregionalvm.com.ar\/noticias-villa-maria\/#\/schema\/person\/a0fb9c422317faca23d50163151bc354"},"breadcrumb":{"@id":"http:\/\/elregionalvm.com.ar\/noticias-villa-maria\/el-municipio-refuncionaliza-las-canchas-de-voley-playero-de-la-costanera\/#breadcrumb"},"inLanguage":"es","potentialAction":[{"@type":"ReadAction","target":["http:\/\/elregionalvm.com.ar\/noticias-villa-maria\/el-municipio-refuncionaliza-las-canchas-de-voley-playero-de-la-costanera\/"]}]},{"@type":"ImageObject","inLanguage":"es","@id":"http:\/\/elregionalvm.com.ar\/noticias-villa-maria\/el-municipio-refuncionaliza-las-canchas-de-voley-playero-de-la-costanera\/#primaryimage","url":"https:\/\/i0.wp.com\/elregionalvm.com.ar\/noticias-villa-maria\/wp-content\/uploads\/2023\/06\/WhatsApp-Image-2023-06-05-at-14.45.04.jpeg?fit=1280%2C853&ssl=1","contentUrl":"https:\/\/i0.wp.com\/elregionalvm.com.ar\/noticias-villa-maria\/wp-content\/uploads\/2023\/06\/WhatsApp-Image-2023-06-05-at-14.45.04.jpeg?fit=1280%2C853&ssl=1","width":1280,"height":853},{"@type":"BreadcrumbList","@id":"http:\/\/elregionalvm.com.ar\/noticias-villa-maria\/el-municipio-refuncionaliza-las-canchas-de-voley-playero-de-la-costanera\/#breadcrumb","itemListElement":[{"@type":"ListItem","position":1,"name":"Portada","item":"https:\/\/elregionalvm.com.ar\/noticias-villa-maria\/"},{"@type":"ListItem","position":2,"name":"El municipio refuncionaliza las canchas de v\u00f3ley playero de la Costanera"}]},{"@type":"WebSite","@id":"http:\/\/elregionalvm.com.ar\/noticias-villa-maria\/#website","url":"http:\/\/elregionalvm.com.ar\/noticias-villa-maria\/","name":"El Regional","description":"Mucho m\u00e1s que informaci\u00f3n","potentialAction":[{"@type":"SearchAction","target":{"@type":"EntryPoint","urlTemplate":"http:\/\/elregionalvm.com.ar\/noticias-villa-maria\/?s={search_term_string}"},"query-input":{"@type":"PropertyValueSpecification","valueRequired":true,"valueName":"search_term_string"}}],"inLanguage":"es"},{"@type":"Person","@id":"http:\/\/elregionalvm.com.ar\/noticias-villa-maria\/#\/schema\/person\/a0fb9c422317faca23d50163151bc354","name":"Contenidos El Regional","image":{"@type":"ImageObject","inLanguage":"es","@id":"http:\/\/elregionalvm.com.ar\/noticias-villa-maria\/#\/schema\/person\/image\/","url":"https:\/\/secure.gravatar.com\/avatar\/265b27cb2209af7bb3a1318f03305787d7981a5cc6e6cd08fe5a4ecdf99d4b48?s=96&d=mm&r=g","contentUrl":"https:\/\/secure.gravatar.com\/avatar\/265b27cb2209af7bb3a1318f03305787d7981a5cc6e6cd08fe5a4ecdf99d4b48?s=96&d=mm&r=g","caption":"Contenidos El Regional"},"url":"https:\/\/elregionalvm.com.ar\/noticias-villa-maria\/author\/contenido\/"}]}},"jetpack_featured_media_url":"https:\/\/i0.wp.com\/elregionalvm.com.ar\/noticias-villa-maria\/wp-content\/uploads\/2023\/06\/WhatsApp-Image-2023-06-05-at-14.45.04.jpeg?fit=1280%2C853&ssl=1","jetpack_sharing_enabled":true,"_links":{"self":[{"href":"https:\/\/elregionalvm.com.ar\/noticias-villa-maria\/wp-json\/wp\/v2\/posts\/77690","targetHints":{"allow":["GET"]}}],"collection":[{"href":"https:\/\/elregionalvm.com.ar\/noticias-villa-maria\/wp-json\/wp\/v2\/posts"}],"about":[{"href":"https:\/\/elregionalvm.com.ar\/noticias-villa-maria\/wp-json\/wp\/v2\/types\/post"}],"author":[{"embeddable":true,"href":"https:\/\/elregionalvm.com.ar\/noticias-villa-maria\/wp-json\/wp\/v2\/users\/4"}],"replies":[{"embeddable":true,"href":"https:\/\/elregionalvm.com.ar\/noticias-villa-maria\/wp-json\/wp\/v2\/comments?post=77690"}],"version-history":[{"count":1,"href":"https:\/\/elregionalvm.com.ar\/noticias-villa-maria\/wp-json\/wp\/v2\/posts\/77690\/revisions"}],"predecessor-version":[{"id":77692,"href":"https:\/\/elregionalvm.com.ar\/noticias-villa-maria\/wp-json\/wp\/v2\/posts\/77690\/revisions\/77692"}],"wp:featuredmedia":[{"embeddable":true,"href":"https:\/\/elregionalvm.com.ar\/noticias-villa-maria\/wp-json\/wp\/v2\/media\/77691"}],"wp:attachment":[{"href":"https:\/\/elregionalvm.com.ar\/noticias-villa-maria\/wp-json\/wp\/v2\/media?parent=77690"}],"wp:term":[{"taxonomy":"category","embeddable":true,"href":"https:\/\/elregionalvm.com.ar\/noticias-villa-maria\/wp-json\/wp\/v2\/categories?post=77690"},{"taxonomy":"post_tag","embeddable":true,"href":"https:\/\/elregionalvm.com.ar\/noticias-villa-maria\/wp-json\/wp\/v2\/tags?post=77690"}],"curies":[{"name":"wp","href":"https:\/\/api.w.org\/{rel}","templated":true}]}}