{"id":77693,"date":"2023-06-05T19:59:01","date_gmt":"2023-06-05T19:59:01","guid":{"rendered":"https:\/\/elregionalvm.com.ar\/noticias-villa-maria\/?p=77693"},"modified":"2023-06-05T19:59:03","modified_gmt":"2023-06-05T19:59:03","slug":"dia-mundial-del-ambiente-estudiantes-de-sexto-grado-del-mariano-moreno-plantaron-arboles","status":"publish","type":"post","link":"https:\/\/elregionalvm.com.ar\/noticias-villa-maria\/dia-mundial-del-ambiente-estudiantes-de-sexto-grado-del-mariano-moreno-plantaron-arboles\/","title":{"rendered":"D\u00eda Mundial del Ambiente: Estudiantes de sexto grado del Mariano Moreno plantaron \u00e1rboles"},"content":{"rendered":"\n<p>La Municipalidad se compromete con la tarea de conservar y proteger el paisaje natural; y en esta oportunidad, al cumplirse 50 a\u00f1os de la declaraci\u00f3n del 5 de junio como D\u00eda Mundial del Ambiente, se llev\u00f3 a cabo la plantaci\u00f3n de especies nativas en el sector recuperado de la costanera, en barrio Barrancas del R\u00edo. <\/p>\n\n\n\n<figure class=\"wp-block-image size-large\"><img data-recalc-dims=\"1\" fetchpriority=\"high\" decoding=\"async\" width=\"1024\" height=\"682\" src=\"https:\/\/i0.wp.com\/elregionalvm.com.ar\/noticias-villa-maria\/wp-content\/uploads\/2023\/06\/WhatsApp-Image-2023-06-05-at-14.17.28.jpeg?resize=1024%2C682&#038;ssl=1\" alt=\"\" class=\"wp-image-77695\" srcset=\"https:\/\/i0.wp.com\/elregionalvm.com.ar\/noticias-villa-maria\/wp-content\/uploads\/2023\/06\/WhatsApp-Image-2023-06-05-at-14.17.28.jpeg?resize=1024%2C682&amp;ssl=1 1024w, https:\/\/i0.wp.com\/elregionalvm.com.ar\/noticias-villa-maria\/wp-content\/uploads\/2023\/06\/WhatsApp-Image-2023-06-05-at-14.17.28.jpeg?resize=300%2C200&amp;ssl=1 300w, https:\/\/i0.wp.com\/elregionalvm.com.ar\/noticias-villa-maria\/wp-content\/uploads\/2023\/06\/WhatsApp-Image-2023-06-05-at-14.17.28.jpeg?resize=768%2C512&amp;ssl=1 768w, https:\/\/i0.wp.com\/elregionalvm.com.ar\/noticias-villa-maria\/wp-content\/uploads\/2023\/06\/WhatsApp-Image-2023-06-05-at-14.17.28.jpeg?w=1280&amp;ssl=1 1280w\" sizes=\"(max-width: 1000px) 100vw, 1000px\" \/><\/figure>\n\n\n\n<p>All\u00ed, en una actividad articulada con el Instituto Mariano Moreno, que tambi\u00e9n celebra su centenario con el proyecto \u201c100 a\u00f1os, 100 \u00e1rboles\u201d, alumnos de sexto grado ubicaron 30 unidades arb\u00f3reas en el espacio verde, en una tarea que promueve la conciencia ambiental.<\/p>\n\n\n\n<p>La propuesta comenz\u00f3 con una charla sobre la importancia del arbolado y la reforestaci\u00f3n de los espacios comunes. Adem\u00e1s, se explic\u00f3 a los alumnos el procedimiento correcto para la plantaci\u00f3n de un \u00e1rbol.<\/p>\n\n\n\n<p>Luego, los chicos se dividieron en grupos y coordinados por el equipo a cargo de la actividad, llevaron adelante, en el espacio recuperado de barrio Barrancas del R\u00edo, la plantaci\u00f3n de 30 \u00e1rboles de las especies nativas aguaribay, algarrobo, cina cina, espinillo, laga\u00f1a de perro y manzano de campo.<\/p>\n\n\n\n<figure class=\"wp-block-image size-large\"><img data-recalc-dims=\"1\" decoding=\"async\" width=\"1024\" height=\"682\" src=\"https:\/\/i0.wp.com\/elregionalvm.com.ar\/noticias-villa-maria\/wp-content\/uploads\/2023\/06\/WhatsApp-Image-2023-06-05-at-14.17.28-1.jpeg?resize=1024%2C682&#038;ssl=1\" alt=\"\" class=\"wp-image-77694\" srcset=\"https:\/\/i0.wp.com\/elregionalvm.com.ar\/noticias-villa-maria\/wp-content\/uploads\/2023\/06\/WhatsApp-Image-2023-06-05-at-14.17.28-1.jpeg?resize=1024%2C682&amp;ssl=1 1024w, https:\/\/i0.wp.com\/elregionalvm.com.ar\/noticias-villa-maria\/wp-content\/uploads\/2023\/06\/WhatsApp-Image-2023-06-05-at-14.17.28-1.jpeg?resize=300%2C200&amp;ssl=1 300w, https:\/\/i0.wp.com\/elregionalvm.com.ar\/noticias-villa-maria\/wp-content\/uploads\/2023\/06\/WhatsApp-Image-2023-06-05-at-14.17.28-1.jpeg?resize=768%2C512&amp;ssl=1 768w, https:\/\/i0.wp.com\/elregionalvm.com.ar\/noticias-villa-maria\/wp-content\/uploads\/2023\/06\/WhatsApp-Image-2023-06-05-at-14.17.28-1.jpeg?w=1280&amp;ssl=1 1280w\" sizes=\"(max-width: 1000px) 100vw, 1000px\" \/><\/figure>\n\n\n\n<p>Cada a\u00f1o, el 5 de junio se celebra el D\u00eda Mundial del Ambiente, designado por las Naciones Unidas, con el objetivo de proteger el bienestar del entorno natural. <\/p>\n\n\n\n<p>En este contexto, la actividad estuvo diagramada por la Subsecretar\u00eda de Ambiente en coordinaci\u00f3n con el establecimiento educativo, en el marco de su proyecto que pretende alcanzar los 100 \u00e1rboles plantados, uno por cada a\u00f1o de la instituci\u00f3n escolar.<\/p>\n\n\n\n<p>Pr\u00f3ximas actividades ambientales<\/p>\n\n\n\n<p>Por otra parte, la agenda ambiental continuar\u00e1 con m\u00faltiples actividades, en el marco de la efem\u00e9ride, a los fines de ahondar en la conciencia ambiental, a partir de la educaci\u00f3n. <\/p>\n\n\n\n<p>En este sentido, en horas de la tarde se realizar\u00e1 un recorrido por el parque del Hotel Amerian, junto a los alumnos del Club de Central Argentino, para el reconocimiento de las especies.<\/p>\n\n\n\n<p>Ma\u00f1ana martes el equipo del \u00e1rea de Ambiente brindar\u00e1 charlas en torno a los Residuos S\u00f3lidos Urbanos a estudiantes de la escuela Jos\u00e9 Bianco y el IPEM 147. <\/p>\n\n\n\n<p>Adem\u00e1s, docentes del jard\u00edn de infantes Edith Vera y miembros del Concejo Deliberante Estudiantil visitar\u00e1n el Centro Urbano de Gesti\u00f3n Ambiental y el predio del viejo vertedero, donde se construye el Centro de Gesti\u00f3n Ambiental.<\/p>\n\n\n\n<p>El jueves 8 de junio se instalar\u00e1 el Punto Limpio M\u00f3vil en el CPF Roxana G\u00fcizzo, para la recepci\u00f3n de residuos secos, y se entregar\u00e1 un botellero para la recolecci\u00f3n de botellas de amor. <\/p>\n\n\n\n<p>En horas de la tarde, personal del Hotel Amerian visitar\u00e1n el Centro Urbano de Gesti\u00f3n Ambiental y la obra del Centro de Gesti\u00f3n Ambiental. Finalmente, el viernes tendr\u00e1 lugar una nueva edici\u00f3n del Festival de Canje Saludable en la sede del MuniCerca 8.<\/p>\n","protected":false},"excerpt":{"rendered":"<p>La Municipalidad se compromete con la tarea de conservar y proteger el paisaje natural; y en esta oportunidad, al cumplirse 50 a\u00f1os de la declaraci\u00f3n del 5 de junio como D\u00eda Mundial del Ambiente, se llev\u00f3 a cabo la plantaci\u00f3n de especies nativas en el sector recuperado de la costanera, en barrio Barrancas del R\u00edo. [&hellip;]<\/p>\n","protected":false},"author":4,"featured_media":77696,"comment_status":"open","ping_status":"open","sticky":false,"template":"","format":"standard","meta":{"site-sidebar-layout":"default","site-content-layout":"","ast-site-content-layout":"default","site-content-style":"default","site-sidebar-style":"default","ast-global-header-display":"","ast-banner-title-visibility":"","ast-main-header-display":"","ast-hfb-above-header-display":"","ast-hfb-below-header-display":"","ast-hfb-mobile-header-display":"","site-post-title":"","ast-breadcrumbs-content":"","ast-featured-img":"","footer-sml-layout":"","ast-disable-related-posts":"","theme-transparent-header-meta":"","adv-header-id-meta":"","stick-header-meta":"","header-above-stick-meta":"","header-main-stick-meta":"","header-below-stick-meta":"","astra-migrate-meta-layouts":"default","ast-page-background-enabled":"default","ast-page-background-meta":{"desktop":{"background-color":"","background-image":"","background-repeat":"repeat","background-position":"center center","background-size":"auto","background-attachment":"scroll","background-type":"","background-media":"","overlay-type":"","overlay-color":"","overlay-opacity":"","overlay-gradient":""},"tablet":{"background-color":"","background-image":"","background-repeat":"repeat","background-position":"center center","background-size":"auto","background-attachment":"scroll","background-type":"","background-media":"","overlay-type":"","overlay-color":"","overlay-opacity":"","overlay-gradient":""},"mobile":{"background-color":"","background-image":"","background-repeat":"repeat","background-position":"center center","background-size":"auto","background-attachment":"scroll","background-type":"","background-media":"","overlay-type":"","overlay-color":"","overlay-opacity":"","overlay-gradient":""}},"ast-content-background-meta":{"desktop":{"background-color":"var(--ast-global-color-5)","background-image":"","background-repeat":"repeat","background-position":"center center","background-size":"auto","background-attachment":"scroll","background-type":"","background-media":"","overlay-type":"","overlay-color":"","overlay-opacity":"","overlay-gradient":""},"tablet":{"background-color":"var(--ast-global-color-5)","background-image":"","background-repeat":"repeat","background-position":"center center","background-size":"auto","background-attachment":"scroll","background-type":"","background-media":"","overlay-type":"","overlay-color":"","overlay-opacity":"","overlay-gradient":""},"mobile":{"background-color":"var(--ast-global-color-5)","background-image":"","background-repeat":"repeat","background-position":"center center","background-size":"auto","background-attachment":"scroll","background-type":"","background-media":"","overlay-type":"","overlay-color":"","overlay-opacity":"","overlay-gradient":""}},"_jetpack_memberships_contains_paid_content":false,"_joinchat":[],"footnotes":""},"categories":[15302,5,2],"tags":[],"class_list":["post-77693","post","type-post","status-publish","format-standard","has-post-thumbnail","hentry","category-destacado","category-sociedad","category-villa-maria"],"yoast_head":"<!-- This site is optimized with the Yoast SEO plugin v26.8 - https:\/\/yoast.com\/product\/yoast-seo-wordpress\/ -->\n<title>D\u00eda Mundial del Ambiente: Estudiantes de sexto grado del Mariano Moreno plantaron \u00e1rboles - El Regional<\/title>\n<meta name=\"robots\" content=\"index, follow, max-snippet:-1, max-image-preview:large, max-video-preview:-1\" \/>\n<link rel=\"canonical\" href=\"http:\/\/elregionalvm.com.ar\/noticias-villa-maria\/dia-mundial-del-ambiente-estudiantes-de-sexto-grado-del-mariano-moreno-plantaron-arboles\/\" \/>\n<meta property=\"og:locale\" content=\"es_ES\" \/>\n<meta property=\"og:type\" content=\"article\" \/>\n<meta property=\"og:title\" content=\"D\u00eda Mundial del Ambiente: Estudiantes de sexto grado del Mariano Moreno plantaron \u00e1rboles - El Regional\" \/>\n<meta property=\"og:description\" content=\"La Municipalidad se compromete con la tarea de conservar y proteger el paisaje natural; y en esta oportunidad, al cumplirse 50 a\u00f1os de la declaraci\u00f3n del 5 de junio como D\u00eda Mundial del Ambiente, se llev\u00f3 a cabo la plantaci\u00f3n de especies nativas en el sector recuperado de la costanera, en barrio Barrancas del R\u00edo. [&hellip;]\" \/>\n<meta property=\"og:url\" content=\"http:\/\/elregionalvm.com.ar\/noticias-villa-maria\/dia-mundial-del-ambiente-estudiantes-de-sexto-grado-del-mariano-moreno-plantaron-arboles\/\" \/>\n<meta property=\"og:site_name\" content=\"El Regional\" \/>\n<meta property=\"article:publisher\" content=\"https:\/\/www.facebook.com\/elregionalvm\" \/>\n<meta property=\"article:published_time\" content=\"2023-06-05T19:59:01+00:00\" \/>\n<meta property=\"article:modified_time\" content=\"2023-06-05T19:59:03+00:00\" \/>\n<meta property=\"og:image\" content=\"http:\/\/elregionalvm.com.ar\/noticias-villa-maria\/wp-content\/uploads\/2023\/06\/WhatsApp-Image-2023-06-05-at-14.17.27.jpeg\" \/>\n\t<meta property=\"og:image:width\" content=\"1280\" \/>\n\t<meta property=\"og:image:height\" content=\"853\" \/>\n\t<meta property=\"og:image:type\" content=\"image\/jpeg\" \/>\n<meta name=\"author\" content=\"Contenidos El Regional\" \/>\n<meta name=\"twitter:card\" content=\"summary_large_image\" \/>\n<meta name=\"twitter:creator\" content=\"@elregionalvm1\" \/>\n<meta name=\"twitter:site\" content=\"@elregionalvm1\" \/>\n<meta name=\"twitter:label1\" content=\"Escrito por\" \/>\n\t<meta name=\"twitter:data1\" content=\"Contenidos El Regional\" \/>\n\t<meta name=\"twitter:label2\" content=\"Tiempo de lectura\" \/>\n\t<meta name=\"twitter:data2\" content=\"3 minutos\" \/>\n<script type=\"application\/ld+json\" class=\"yoast-schema-graph\">{\"@context\":\"https:\/\/schema.org\",\"@graph\":[{\"@type\":\"Article\",\"@id\":\"http:\/\/elregionalvm.com.ar\/noticias-villa-maria\/dia-mundial-del-ambiente-estudiantes-de-sexto-grado-del-mariano-moreno-plantaron-arboles\/#article\",\"isPartOf\":{\"@id\":\"http:\/\/elregionalvm.com.ar\/noticias-villa-maria\/dia-mundial-del-ambiente-estudiantes-de-sexto-grado-del-mariano-moreno-plantaron-arboles\/\"},\"author\":{\"name\":\"Contenidos El Regional\",\"@id\":\"http:\/\/elregionalvm.com.ar\/noticias-villa-maria\/#\/schema\/person\/a0fb9c422317faca23d50163151bc354\"},\"headline\":\"D\u00eda Mundial del Ambiente: Estudiantes de sexto grado del Mariano Moreno plantaron \u00e1rboles\",\"datePublished\":\"2023-06-05T19:59:01+00:00\",\"dateModified\":\"2023-06-05T19:59:03+00:00\",\"mainEntityOfPage\":{\"@id\":\"http:\/\/elregionalvm.com.ar\/noticias-villa-maria\/dia-mundial-del-ambiente-estudiantes-de-sexto-grado-del-mariano-moreno-plantaron-arboles\/\"},\"wordCount\":494,\"commentCount\":0,\"image\":{\"@id\":\"http:\/\/elregionalvm.com.ar\/noticias-villa-maria\/dia-mundial-del-ambiente-estudiantes-de-sexto-grado-del-mariano-moreno-plantaron-arboles\/#primaryimage\"},\"thumbnailUrl\":\"https:\/\/i0.wp.com\/elregionalvm.com.ar\/noticias-villa-maria\/wp-content\/uploads\/2023\/06\/WhatsApp-Image-2023-06-05-at-14.17.27.jpeg?fit=1280%2C853&ssl=1\",\"articleSection\":[\"destacado\",\"Sociedad\",\"Villa Mar\u00eda\"],\"inLanguage\":\"es\",\"potentialAction\":[{\"@type\":\"CommentAction\",\"name\":\"Comment\",\"target\":[\"http:\/\/elregionalvm.com.ar\/noticias-villa-maria\/dia-mundial-del-ambiente-estudiantes-de-sexto-grado-del-mariano-moreno-plantaron-arboles\/#respond\"]}]},{\"@type\":\"WebPage\",\"@id\":\"http:\/\/elregionalvm.com.ar\/noticias-villa-maria\/dia-mundial-del-ambiente-estudiantes-de-sexto-grado-del-mariano-moreno-plantaron-arboles\/\",\"url\":\"http:\/\/elregionalvm.com.ar\/noticias-villa-maria\/dia-mundial-del-ambiente-estudiantes-de-sexto-grado-del-mariano-moreno-plantaron-arboles\/\",\"name\":\"D\u00eda Mundial del Ambiente: Estudiantes de sexto grado del Mariano Moreno plantaron \u00e1rboles - El Regional\",\"isPartOf\":{\"@id\":\"http:\/\/elregionalvm.com.ar\/noticias-villa-maria\/#website\"},\"primaryImageOfPage\":{\"@id\":\"http:\/\/elregionalvm.com.ar\/noticias-villa-maria\/dia-mundial-del-ambiente-estudiantes-de-sexto-grado-del-mariano-moreno-plantaron-arboles\/#primaryimage\"},\"image\":{\"@id\":\"http:\/\/elregionalvm.com.ar\/noticias-villa-maria\/dia-mundial-del-ambiente-estudiantes-de-sexto-grado-del-mariano-moreno-plantaron-arboles\/#primaryimage\"},\"thumbnailUrl\":\"https:\/\/i0.wp.com\/elregionalvm.com.ar\/noticias-villa-maria\/wp-content\/uploads\/2023\/06\/WhatsApp-Image-2023-06-05-at-14.17.27.jpeg?fit=1280%2C853&ssl=1\",\"datePublished\":\"2023-06-05T19:59:01+00:00\",\"dateModified\":\"2023-06-05T19:59:03+00:00\",\"author\":{\"@id\":\"http:\/\/elregionalvm.com.ar\/noticias-villa-maria\/#\/schema\/person\/a0fb9c422317faca23d50163151bc354\"},\"breadcrumb\":{\"@id\":\"http:\/\/elregionalvm.com.ar\/noticias-villa-maria\/dia-mundial-del-ambiente-estudiantes-de-sexto-grado-del-mariano-moreno-plantaron-arboles\/#breadcrumb\"},\"inLanguage\":\"es\",\"potentialAction\":[{\"@type\":\"ReadAction\",\"target\":[\"http:\/\/elregionalvm.com.ar\/noticias-villa-maria\/dia-mundial-del-ambiente-estudiantes-de-sexto-grado-del-mariano-moreno-plantaron-arboles\/\"]}]},{\"@type\":\"ImageObject\",\"inLanguage\":\"es\",\"@id\":\"http:\/\/elregionalvm.com.ar\/noticias-villa-maria\/dia-mundial-del-ambiente-estudiantes-de-sexto-grado-del-mariano-moreno-plantaron-arboles\/#primaryimage\",\"url\":\"https:\/\/i0.wp.com\/elregionalvm.com.ar\/noticias-villa-maria\/wp-content\/uploads\/2023\/06\/WhatsApp-Image-2023-06-05-at-14.17.27.jpeg?fit=1280%2C853&ssl=1\",\"contentUrl\":\"https:\/\/i0.wp.com\/elregionalvm.com.ar\/noticias-villa-maria\/wp-content\/uploads\/2023\/06\/WhatsApp-Image-2023-06-05-at-14.17.27.jpeg?fit=1280%2C853&ssl=1\",\"width\":1280,\"height\":853},{\"@type\":\"BreadcrumbList\",\"@id\":\"http:\/\/elregionalvm.com.ar\/noticias-villa-maria\/dia-mundial-del-ambiente-estudiantes-de-sexto-grado-del-mariano-moreno-plantaron-arboles\/#breadcrumb\",\"itemListElement\":[{\"@type\":\"ListItem\",\"position\":1,\"name\":\"Portada\",\"item\":\"https:\/\/elregionalvm.com.ar\/noticias-villa-maria\/\"},{\"@type\":\"ListItem\",\"position\":2,\"name\":\"D\u00eda Mundial del Ambiente: Estudiantes de sexto grado del Mariano Moreno plantaron \u00e1rboles\"}]},{\"@type\":\"WebSite\",\"@id\":\"http:\/\/elregionalvm.com.ar\/noticias-villa-maria\/#website\",\"url\":\"http:\/\/elregionalvm.com.ar\/noticias-villa-maria\/\",\"name\":\"El Regional\",\"description\":\"Mucho m\u00e1s que informaci\u00f3n\",\"potentialAction\":[{\"@type\":\"SearchAction\",\"target\":{\"@type\":\"EntryPoint\",\"urlTemplate\":\"http:\/\/elregionalvm.com.ar\/noticias-villa-maria\/?s={search_term_string}\"},\"query-input\":{\"@type\":\"PropertyValueSpecification\",\"valueRequired\":true,\"valueName\":\"search_term_string\"}}],\"inLanguage\":\"es\"},{\"@type\":\"Person\",\"@id\":\"http:\/\/elregionalvm.com.ar\/noticias-villa-maria\/#\/schema\/person\/a0fb9c422317faca23d50163151bc354\",\"name\":\"Contenidos El Regional\",\"image\":{\"@type\":\"ImageObject\",\"inLanguage\":\"es\",\"@id\":\"http:\/\/elregionalvm.com.ar\/noticias-villa-maria\/#\/schema\/person\/image\/\",\"url\":\"https:\/\/secure.gravatar.com\/avatar\/265b27cb2209af7bb3a1318f03305787d7981a5cc6e6cd08fe5a4ecdf99d4b48?s=96&d=mm&r=g\",\"contentUrl\":\"https:\/\/secure.gravatar.com\/avatar\/265b27cb2209af7bb3a1318f03305787d7981a5cc6e6cd08fe5a4ecdf99d4b48?s=96&d=mm&r=g\",\"caption\":\"Contenidos El Regional\"},\"url\":\"https:\/\/elregionalvm.com.ar\/noticias-villa-maria\/author\/contenido\/\"}]}<\/script>\n<!-- \/ Yoast SEO plugin. -->","yoast_head_json":{"title":"D\u00eda Mundial del Ambiente: Estudiantes de sexto grado del Mariano Moreno plantaron \u00e1rboles - El Regional","robots":{"index":"index","follow":"follow","max-snippet":"max-snippet:-1","max-image-preview":"max-image-preview:large","max-video-preview":"max-video-preview:-1"},"canonical":"http:\/\/elregionalvm.com.ar\/noticias-villa-maria\/dia-mundial-del-ambiente-estudiantes-de-sexto-grado-del-mariano-moreno-plantaron-arboles\/","og_locale":"es_ES","og_type":"article","og_title":"D\u00eda Mundial del Ambiente: Estudiantes de sexto grado del Mariano Moreno plantaron \u00e1rboles - El Regional","og_description":"La Municipalidad se compromete con la tarea de conservar y proteger el paisaje natural; y en esta oportunidad, al cumplirse 50 a\u00f1os de la declaraci\u00f3n del 5 de junio como D\u00eda Mundial del Ambiente, se llev\u00f3 a cabo la plantaci\u00f3n de especies nativas en el sector recuperado de la costanera, en barrio Barrancas del R\u00edo. [&hellip;]","og_url":"http:\/\/elregionalvm.com.ar\/noticias-villa-maria\/dia-mundial-del-ambiente-estudiantes-de-sexto-grado-del-mariano-moreno-plantaron-arboles\/","og_site_name":"El Regional","article_publisher":"https:\/\/www.facebook.com\/elregionalvm","article_published_time":"2023-06-05T19:59:01+00:00","article_modified_time":"2023-06-05T19:59:03+00:00","og_image":[{"width":1280,"height":853,"url":"http:\/\/elregionalvm.com.ar\/noticias-villa-maria\/wp-content\/uploads\/2023\/06\/WhatsApp-Image-2023-06-05-at-14.17.27.jpeg","type":"image\/jpeg"}],"author":"Contenidos El Regional","twitter_card":"summary_large_image","twitter_creator":"@elregionalvm1","twitter_site":"@elregionalvm1","twitter_misc":{"Escrito por":"Contenidos El Regional","Tiempo de lectura":"3 minutos"},"schema":{"@context":"https:\/\/schema.org","@graph":[{"@type":"Article","@id":"http:\/\/elregionalvm.com.ar\/noticias-villa-maria\/dia-mundial-del-ambiente-estudiantes-de-sexto-grado-del-mariano-moreno-plantaron-arboles\/#article","isPartOf":{"@id":"http:\/\/elregionalvm.com.ar\/noticias-villa-maria\/dia-mundial-del-ambiente-estudiantes-de-sexto-grado-del-mariano-moreno-plantaron-arboles\/"},"author":{"name":"Contenidos El Regional","@id":"http:\/\/elregionalvm.com.ar\/noticias-villa-maria\/#\/schema\/person\/a0fb9c422317faca23d50163151bc354"},"headline":"D\u00eda Mundial del Ambiente: Estudiantes de sexto grado del Mariano Moreno plantaron \u00e1rboles","datePublished":"2023-06-05T19:59:01+00:00","dateModified":"2023-06-05T19:59:03+00:00","mainEntityOfPage":{"@id":"http:\/\/elregionalvm.com.ar\/noticias-villa-maria\/dia-mundial-del-ambiente-estudiantes-de-sexto-grado-del-mariano-moreno-plantaron-arboles\/"},"wordCount":494,"commentCount":0,"image":{"@id":"http:\/\/elregionalvm.com.ar\/noticias-villa-maria\/dia-mundial-del-ambiente-estudiantes-de-sexto-grado-del-mariano-moreno-plantaron-arboles\/#primaryimage"},"thumbnailUrl":"https:\/\/i0.wp.com\/elregionalvm.com.ar\/noticias-villa-maria\/wp-content\/uploads\/2023\/06\/WhatsApp-Image-2023-06-05-at-14.17.27.jpeg?fit=1280%2C853&ssl=1","articleSection":["destacado","Sociedad","Villa Mar\u00eda"],"inLanguage":"es","potentialAction":[{"@type":"CommentAction","name":"Comment","target":["http:\/\/elregionalvm.com.ar\/noticias-villa-maria\/dia-mundial-del-ambiente-estudiantes-de-sexto-grado-del-mariano-moreno-plantaron-arboles\/#respond"]}]},{"@type":"WebPage","@id":"http:\/\/elregionalvm.com.ar\/noticias-villa-maria\/dia-mundial-del-ambiente-estudiantes-de-sexto-grado-del-mariano-moreno-plantaron-arboles\/","url":"http:\/\/elregionalvm.com.ar\/noticias-villa-maria\/dia-mundial-del-ambiente-estudiantes-de-sexto-grado-del-mariano-moreno-plantaron-arboles\/","name":"D\u00eda Mundial del Ambiente: Estudiantes de sexto grado del Mariano Moreno plantaron \u00e1rboles - El Regional","isPartOf":{"@id":"http:\/\/elregionalvm.com.ar\/noticias-villa-maria\/#website"},"primaryImageOfPage":{"@id":"http:\/\/elregionalvm.com.ar\/noticias-villa-maria\/dia-mundial-del-ambiente-estudiantes-de-sexto-grado-del-mariano-moreno-plantaron-arboles\/#primaryimage"},"image":{"@id":"http:\/\/elregionalvm.com.ar\/noticias-villa-maria\/dia-mundial-del-ambiente-estudiantes-de-sexto-grado-del-mariano-moreno-plantaron-arboles\/#primaryimage"},"thumbnailUrl":"https:\/\/i0.wp.com\/elregionalvm.com.ar\/noticias-villa-maria\/wp-content\/uploads\/2023\/06\/WhatsApp-Image-2023-06-05-at-14.17.27.jpeg?fit=1280%2C853&ssl=1","datePublished":"2023-06-05T19:59:01+00:00","dateModified":"2023-06-05T19:59:03+00:00","author":{"@id":"http:\/\/elregionalvm.com.ar\/noticias-villa-maria\/#\/schema\/person\/a0fb9c422317faca23d50163151bc354"},"breadcrumb":{"@id":"http:\/\/elregionalvm.com.ar\/noticias-villa-maria\/dia-mundial-del-ambiente-estudiantes-de-sexto-grado-del-mariano-moreno-plantaron-arboles\/#breadcrumb"},"inLanguage":"es","potentialAction":[{"@type":"ReadAction","target":["http:\/\/elregionalvm.com.ar\/noticias-villa-maria\/dia-mundial-del-ambiente-estudiantes-de-sexto-grado-del-mariano-moreno-plantaron-arboles\/"]}]},{"@type":"ImageObject","inLanguage":"es","@id":"http:\/\/elregionalvm.com.ar\/noticias-villa-maria\/dia-mundial-del-ambiente-estudiantes-de-sexto-grado-del-mariano-moreno-plantaron-arboles\/#primaryimage","url":"https:\/\/i0.wp.com\/elregionalvm.com.ar\/noticias-villa-maria\/wp-content\/uploads\/2023\/06\/WhatsApp-Image-2023-06-05-at-14.17.27.jpeg?fit=1280%2C853&ssl=1","contentUrl":"https:\/\/i0.wp.com\/elregionalvm.com.ar\/noticias-villa-maria\/wp-content\/uploads\/2023\/06\/WhatsApp-Image-2023-06-05-at-14.17.27.jpeg?fit=1280%2C853&ssl=1","width":1280,"height":853},{"@type":"BreadcrumbList","@id":"http:\/\/elregionalvm.com.ar\/noticias-villa-maria\/dia-mundial-del-ambiente-estudiantes-de-sexto-grado-del-mariano-moreno-plantaron-arboles\/#breadcrumb","itemListElement":[{"@type":"ListItem","position":1,"name":"Portada","item":"https:\/\/elregionalvm.com.ar\/noticias-villa-maria\/"},{"@type":"ListItem","position":2,"name":"D\u00eda Mundial del Ambiente: Estudiantes de sexto grado del Mariano Moreno plantaron \u00e1rboles"}]},{"@type":"WebSite","@id":"http:\/\/elregionalvm.com.ar\/noticias-villa-maria\/#website","url":"http:\/\/elregionalvm.com.ar\/noticias-villa-maria\/","name":"El Regional","description":"Mucho m\u00e1s que informaci\u00f3n","potentialAction":[{"@type":"SearchAction","target":{"@type":"EntryPoint","urlTemplate":"http:\/\/elregionalvm.com.ar\/noticias-villa-maria\/?s={search_term_string}"},"query-input":{"@type":"PropertyValueSpecification","valueRequired":true,"valueName":"search_term_string"}}],"inLanguage":"es"},{"@type":"Person","@id":"http:\/\/elregionalvm.com.ar\/noticias-villa-maria\/#\/schema\/person\/a0fb9c422317faca23d50163151bc354","name":"Contenidos El Regional","image":{"@type":"ImageObject","inLanguage":"es","@id":"http:\/\/elregionalvm.com.ar\/noticias-villa-maria\/#\/schema\/person\/image\/","url":"https:\/\/secure.gravatar.com\/avatar\/265b27cb2209af7bb3a1318f03305787d7981a5cc6e6cd08fe5a4ecdf99d4b48?s=96&d=mm&r=g","contentUrl":"https:\/\/secure.gravatar.com\/avatar\/265b27cb2209af7bb3a1318f03305787d7981a5cc6e6cd08fe5a4ecdf99d4b48?s=96&d=mm&r=g","caption":"Contenidos El Regional"},"url":"https:\/\/elregionalvm.com.ar\/noticias-villa-maria\/author\/contenido\/"}]}},"jetpack_featured_media_url":"https:\/\/i0.wp.com\/elregionalvm.com.ar\/noticias-villa-maria\/wp-content\/uploads\/2023\/06\/WhatsApp-Image-2023-06-05-at-14.17.27.jpeg?fit=1280%2C853&ssl=1","jetpack_sharing_enabled":true,"_links":{"self":[{"href":"https:\/\/elregionalvm.com.ar\/noticias-villa-maria\/wp-json\/wp\/v2\/posts\/77693","targetHints":{"allow":["GET"]}}],"collection":[{"href":"https:\/\/elregionalvm.com.ar\/noticias-villa-maria\/wp-json\/wp\/v2\/posts"}],"about":[{"href":"https:\/\/elregionalvm.com.ar\/noticias-villa-maria\/wp-json\/wp\/v2\/types\/post"}],"author":[{"embeddable":true,"href":"https:\/\/elregionalvm.com.ar\/noticias-villa-maria\/wp-json\/wp\/v2\/users\/4"}],"replies":[{"embeddable":true,"href":"https:\/\/elregionalvm.com.ar\/noticias-villa-maria\/wp-json\/wp\/v2\/comments?post=77693"}],"version-history":[{"count":1,"href":"https:\/\/elregionalvm.com.ar\/noticias-villa-maria\/wp-json\/wp\/v2\/posts\/77693\/revisions"}],"predecessor-version":[{"id":77697,"href":"https:\/\/elregionalvm.com.ar\/noticias-villa-maria\/wp-json\/wp\/v2\/posts\/77693\/revisions\/77697"}],"wp:featuredmedia":[{"embeddable":true,"href":"https:\/\/elregionalvm.com.ar\/noticias-villa-maria\/wp-json\/wp\/v2\/media\/77696"}],"wp:attachment":[{"href":"https:\/\/elregionalvm.com.ar\/noticias-villa-maria\/wp-json\/wp\/v2\/media?parent=77693"}],"wp:term":[{"taxonomy":"category","embeddable":true,"href":"https:\/\/elregionalvm.com.ar\/noticias-villa-maria\/wp-json\/wp\/v2\/categories?post=77693"},{"taxonomy":"post_tag","embeddable":true,"href":"https:\/\/elregionalvm.com.ar\/noticias-villa-maria\/wp-json\/wp\/v2\/tags?post=77693"}],"curies":[{"name":"wp","href":"https:\/\/api.w.org\/{rel}","templated":true}]}}