{"id":77698,"date":"2023-06-05T20:01:10","date_gmt":"2023-06-05T20:01:10","guid":{"rendered":"https:\/\/elregionalvm.com.ar\/noticias-villa-maria\/?p=77698"},"modified":"2023-06-06T14:38:39","modified_gmt":"2023-06-06T14:38:39","slug":"gran-porcentaje-de-ninos-que-se-encuentran-inmunizados","status":"publish","type":"post","link":"https:\/\/elregionalvm.com.ar\/noticias-villa-maria\/gran-porcentaje-de-ninos-que-se-encuentran-inmunizados\/","title":{"rendered":"Vacunaci\u00f3n infantil: Gran porcentaje de ni\u00f1os se encuentran inmunizados"},"content":{"rendered":"\n<p>Importante cifras se destacan en materia de vacunaci\u00f3n infantil en la ciudad, con estad\u00edsticas que reflejan la inmunizaci\u00f3n del 96.7 por ciento de ni\u00f1os y ni\u00f1as en edad de ingreso escolar. <\/p>\n\n\n\n<p>De este modo, tras las campa\u00f1as llevadas adelante por el municipio a trav\u00e9s de sus equipos de Salud, se alcanz\u00f3 la inmunidad de reba\u00f1o necesaria para evitar la propagaci\u00f3n de varicela, poliomielitis, difteria, t\u00e9tano y pertussis en peque\u00f1os que comenzaron este a\u00f1o el nivel primario, cumpliendo con los lineamientos y esquemas dispuestos en el Calendario de Vacunaci\u00f3n Nacional.<\/p>\n\n\n\n<p>Al respecto, brindaron informaci\u00f3n el intendente Mart\u00edn Gill a la par del titular de la cartera de Salud, Pedro Trecco. <\/p>\n\n\n\n<p>En di\u00e1logo con los medios, las autoridades destacaron el significativo porcentaje alcanzado a nivel local como resultado de las pol\u00edticas sanitarias que buscan llegar a cada sector de la ciudad de manera descentralizada, a trav\u00e9s de la Asistencia P\u00fablica y los Centros de Atenci\u00f3n Primaria de la Salud (CAPS).<\/p>\n\n\n\n<p>Al tomar la palabra, el jefe comunal indic\u00f3 que estos datos reflejan que \u201ccomo municipio hemos podido arribar a un n\u00famero de cobertura del que nos sentimos orgullosos, teniendo en cuenta que la campa\u00f1a a nivel nacional presenta un setenta por ciento de inmunizados, y aqu\u00ed en nuestra ciudad esa cifra se acerca a un cien por ciento\u201d.<\/p>\n\n\n\n<p>En esta l\u00ednea, Gill destac\u00f3 \u201cel esp\u00edritu activo que nos viene caracterizando como Estado municipal comprometido con la atenci\u00f3n primaria de la Salud\u201d. <\/p>\n\n\n\n<p>\u201cCon esta fuerza es que hemos podido llegar con los dispositivos a cada lugar de la ciudad, en trabajos articulados con escuelas, familias, instituciones y CAPS para tener una poblaci\u00f3n m\u00e1s sana y reducir el impacto de este tipo de enfermedades\u201d, explic\u00f3.<\/p>\n\n\n\n<p>A su turno, Trecco asegur\u00f3 que \u201cesto sucede en muy pocas ciudades del pa\u00eds, y aqu\u00ed en Villa Mar\u00eda hemos logrado resultados impresionantes\u201d. <\/p>\n\n\n\n<p>Asimismo, precis\u00f3 que \u201ca\u00fan faltan de vacunar 48 chicos que estamos buscando con nombre y apellido mediante recorridos barriales para llegar a la totalidad y as\u00ed erradicar enfermedades\u201d.<\/p>\n\n\n\n<p>En este sentido, el funcionario record\u00f3 que las campa\u00f1as de vacunaci\u00f3n tuvieron lugar a lo largo de los \u00faltimos meses en todos los Centros de Atenci\u00f3n Primaria de la Salud (CAPS) y en la Asistencia P\u00fablica, sitios en los que actualmente se contin\u00faa llevando adelante la inmunizaci\u00f3n de car\u00e1cter gratuito y obligatorio. <\/p>\n\n\n\n<p>Es as\u00ed, que quienes a\u00fan no hayan recibido las vacunas correspondientes deber\u00e1n asistir a las dependencias para la colocaci\u00f3n de primeras dosis o refuerzos.<\/p>\n","protected":false},"excerpt":{"rendered":"<p>Importante cifras se destacan en materia de vacunaci\u00f3n infantil en la ciudad, con estad\u00edsticas que reflejan la inmunizaci\u00f3n del 96.7 por ciento de ni\u00f1os y ni\u00f1as en edad de ingreso escolar. De este modo, tras las campa\u00f1as llevadas adelante por el municipio a trav\u00e9s de sus equipos de Salud, se alcanz\u00f3 la inmunidad de reba\u00f1o [&hellip;]<\/p>\n","protected":false},"author":4,"featured_media":77699,"comment_status":"open","ping_status":"open","sticky":false,"template":"","format":"standard","meta":{"site-sidebar-layout":"default","site-content-layout":"","ast-site-content-layout":"default","site-content-style":"default","site-sidebar-style":"default","ast-global-header-display":"","ast-banner-title-visibility":"","ast-main-header-display":"","ast-hfb-above-header-display":"","ast-hfb-below-header-display":"","ast-hfb-mobile-header-display":"","site-post-title":"","ast-breadcrumbs-content":"","ast-featured-img":"","footer-sml-layout":"","ast-disable-related-posts":"","theme-transparent-header-meta":"","adv-header-id-meta":"","stick-header-meta":"","header-above-stick-meta":"","header-main-stick-meta":"","header-below-stick-meta":"","astra-migrate-meta-layouts":"default","ast-page-background-enabled":"default","ast-page-background-meta":{"desktop":{"background-color":"","background-image":"","background-repeat":"repeat","background-position":"center center","background-size":"auto","background-attachment":"scroll","background-type":"","background-media":"","overlay-type":"","overlay-color":"","overlay-opacity":"","overlay-gradient":""},"tablet":{"background-color":"","background-image":"","background-repeat":"repeat","background-position":"center center","background-size":"auto","background-attachment":"scroll","background-type":"","background-media":"","overlay-type":"","overlay-color":"","overlay-opacity":"","overlay-gradient":""},"mobile":{"background-color":"","background-image":"","background-repeat":"repeat","background-position":"center center","background-size":"auto","background-attachment":"scroll","background-type":"","background-media":"","overlay-type":"","overlay-color":"","overlay-opacity":"","overlay-gradient":""}},"ast-content-background-meta":{"desktop":{"background-color":"var(--ast-global-color-5)","background-image":"","background-repeat":"repeat","background-position":"center center","background-size":"auto","background-attachment":"scroll","background-type":"","background-media":"","overlay-type":"","overlay-color":"","overlay-opacity":"","overlay-gradient":""},"tablet":{"background-color":"var(--ast-global-color-5)","background-image":"","background-repeat":"repeat","background-position":"center center","background-size":"auto","background-attachment":"scroll","background-type":"","background-media":"","overlay-type":"","overlay-color":"","overlay-opacity":"","overlay-gradient":""},"mobile":{"background-color":"var(--ast-global-color-5)","background-image":"","background-repeat":"repeat","background-position":"center center","background-size":"auto","background-attachment":"scroll","background-type":"","background-media":"","overlay-type":"","overlay-color":"","overlay-opacity":"","overlay-gradient":""}},"_jetpack_memberships_contains_paid_content":false,"_joinchat":[],"footnotes":""},"categories":[15302,5,2],"tags":[],"class_list":["post-77698","post","type-post","status-publish","format-standard","has-post-thumbnail","hentry","category-destacado","category-sociedad","category-villa-maria"],"yoast_head":"<!-- This site is optimized with the Yoast SEO plugin v26.8 - https:\/\/yoast.com\/product\/yoast-seo-wordpress\/ -->\n<title>Vacunaci\u00f3n infantil: Gran porcentaje de ni\u00f1os se encuentran inmunizados - El Regional<\/title>\n<meta name=\"robots\" content=\"index, follow, max-snippet:-1, max-image-preview:large, max-video-preview:-1\" \/>\n<link rel=\"canonical\" href=\"http:\/\/elregionalvm.com.ar\/noticias-villa-maria\/gran-porcentaje-de-ninos-que-se-encuentran-inmunizados\/\" \/>\n<meta property=\"og:locale\" content=\"es_ES\" \/>\n<meta property=\"og:type\" content=\"article\" \/>\n<meta property=\"og:title\" content=\"Vacunaci\u00f3n infantil: Gran porcentaje de ni\u00f1os se encuentran inmunizados - El Regional\" \/>\n<meta property=\"og:description\" content=\"Importante cifras se destacan en materia de vacunaci\u00f3n infantil en la ciudad, con estad\u00edsticas que reflejan la inmunizaci\u00f3n del 96.7 por ciento de ni\u00f1os y ni\u00f1as en edad de ingreso escolar. De este modo, tras las campa\u00f1as llevadas adelante por el municipio a trav\u00e9s de sus equipos de Salud, se alcanz\u00f3 la inmunidad de reba\u00f1o [&hellip;]\" \/>\n<meta property=\"og:url\" content=\"http:\/\/elregionalvm.com.ar\/noticias-villa-maria\/gran-porcentaje-de-ninos-que-se-encuentran-inmunizados\/\" \/>\n<meta property=\"og:site_name\" content=\"El Regional\" \/>\n<meta property=\"article:publisher\" content=\"https:\/\/www.facebook.com\/elregionalvm\" \/>\n<meta property=\"article:published_time\" content=\"2023-06-05T20:01:10+00:00\" \/>\n<meta property=\"article:modified_time\" content=\"2023-06-06T14:38:39+00:00\" \/>\n<meta property=\"og:image\" content=\"http:\/\/elregionalvm.com.ar\/noticias-villa-maria\/wp-content\/uploads\/2023\/06\/WhatsApp-Image-2023-06-05-at-13.34.18.jpeg\" \/>\n\t<meta property=\"og:image:width\" content=\"1280\" \/>\n\t<meta property=\"og:image:height\" content=\"853\" \/>\n\t<meta property=\"og:image:type\" content=\"image\/jpeg\" \/>\n<meta name=\"author\" content=\"Contenidos El Regional\" \/>\n<meta name=\"twitter:card\" content=\"summary_large_image\" \/>\n<meta name=\"twitter:creator\" content=\"@elregionalvm1\" \/>\n<meta name=\"twitter:site\" content=\"@elregionalvm1\" \/>\n<meta name=\"twitter:label1\" content=\"Escrito por\" \/>\n\t<meta name=\"twitter:data1\" content=\"Contenidos El Regional\" \/>\n\t<meta name=\"twitter:label2\" content=\"Tiempo de lectura\" \/>\n\t<meta name=\"twitter:data2\" content=\"2 minutos\" \/>\n<script type=\"application\/ld+json\" class=\"yoast-schema-graph\">{\"@context\":\"https:\/\/schema.org\",\"@graph\":[{\"@type\":\"Article\",\"@id\":\"http:\/\/elregionalvm.com.ar\/noticias-villa-maria\/gran-porcentaje-de-ninos-que-se-encuentran-inmunizados\/#article\",\"isPartOf\":{\"@id\":\"http:\/\/elregionalvm.com.ar\/noticias-villa-maria\/gran-porcentaje-de-ninos-que-se-encuentran-inmunizados\/\"},\"author\":{\"name\":\"Contenidos El Regional\",\"@id\":\"http:\/\/elregionalvm.com.ar\/noticias-villa-maria\/#\/schema\/person\/a0fb9c422317faca23d50163151bc354\"},\"headline\":\"Vacunaci\u00f3n infantil: Gran porcentaje de ni\u00f1os se encuentran inmunizados\",\"datePublished\":\"2023-06-05T20:01:10+00:00\",\"dateModified\":\"2023-06-06T14:38:39+00:00\",\"mainEntityOfPage\":{\"@id\":\"http:\/\/elregionalvm.com.ar\/noticias-villa-maria\/gran-porcentaje-de-ninos-que-se-encuentran-inmunizados\/\"},\"wordCount\":457,\"commentCount\":0,\"image\":{\"@id\":\"http:\/\/elregionalvm.com.ar\/noticias-villa-maria\/gran-porcentaje-de-ninos-que-se-encuentran-inmunizados\/#primaryimage\"},\"thumbnailUrl\":\"https:\/\/i0.wp.com\/elregionalvm.com.ar\/noticias-villa-maria\/wp-content\/uploads\/2023\/06\/WhatsApp-Image-2023-06-05-at-13.34.18.jpeg?fit=1280%2C853&ssl=1\",\"articleSection\":[\"destacado\",\"Sociedad\",\"Villa Mar\u00eda\"],\"inLanguage\":\"es\",\"potentialAction\":[{\"@type\":\"CommentAction\",\"name\":\"Comment\",\"target\":[\"http:\/\/elregionalvm.com.ar\/noticias-villa-maria\/gran-porcentaje-de-ninos-que-se-encuentran-inmunizados\/#respond\"]}]},{\"@type\":\"WebPage\",\"@id\":\"http:\/\/elregionalvm.com.ar\/noticias-villa-maria\/gran-porcentaje-de-ninos-que-se-encuentran-inmunizados\/\",\"url\":\"http:\/\/elregionalvm.com.ar\/noticias-villa-maria\/gran-porcentaje-de-ninos-que-se-encuentran-inmunizados\/\",\"name\":\"Vacunaci\u00f3n infantil: Gran porcentaje de ni\u00f1os se encuentran inmunizados - El Regional\",\"isPartOf\":{\"@id\":\"http:\/\/elregionalvm.com.ar\/noticias-villa-maria\/#website\"},\"primaryImageOfPage\":{\"@id\":\"http:\/\/elregionalvm.com.ar\/noticias-villa-maria\/gran-porcentaje-de-ninos-que-se-encuentran-inmunizados\/#primaryimage\"},\"image\":{\"@id\":\"http:\/\/elregionalvm.com.ar\/noticias-villa-maria\/gran-porcentaje-de-ninos-que-se-encuentran-inmunizados\/#primaryimage\"},\"thumbnailUrl\":\"https:\/\/i0.wp.com\/elregionalvm.com.ar\/noticias-villa-maria\/wp-content\/uploads\/2023\/06\/WhatsApp-Image-2023-06-05-at-13.34.18.jpeg?fit=1280%2C853&ssl=1\",\"datePublished\":\"2023-06-05T20:01:10+00:00\",\"dateModified\":\"2023-06-06T14:38:39+00:00\",\"author\":{\"@id\":\"http:\/\/elregionalvm.com.ar\/noticias-villa-maria\/#\/schema\/person\/a0fb9c422317faca23d50163151bc354\"},\"breadcrumb\":{\"@id\":\"http:\/\/elregionalvm.com.ar\/noticias-villa-maria\/gran-porcentaje-de-ninos-que-se-encuentran-inmunizados\/#breadcrumb\"},\"inLanguage\":\"es\",\"potentialAction\":[{\"@type\":\"ReadAction\",\"target\":[\"http:\/\/elregionalvm.com.ar\/noticias-villa-maria\/gran-porcentaje-de-ninos-que-se-encuentran-inmunizados\/\"]}]},{\"@type\":\"ImageObject\",\"inLanguage\":\"es\",\"@id\":\"http:\/\/elregionalvm.com.ar\/noticias-villa-maria\/gran-porcentaje-de-ninos-que-se-encuentran-inmunizados\/#primaryimage\",\"url\":\"https:\/\/i0.wp.com\/elregionalvm.com.ar\/noticias-villa-maria\/wp-content\/uploads\/2023\/06\/WhatsApp-Image-2023-06-05-at-13.34.18.jpeg?fit=1280%2C853&ssl=1\",\"contentUrl\":\"https:\/\/i0.wp.com\/elregionalvm.com.ar\/noticias-villa-maria\/wp-content\/uploads\/2023\/06\/WhatsApp-Image-2023-06-05-at-13.34.18.jpeg?fit=1280%2C853&ssl=1\",\"width\":1280,\"height\":853},{\"@type\":\"BreadcrumbList\",\"@id\":\"http:\/\/elregionalvm.com.ar\/noticias-villa-maria\/gran-porcentaje-de-ninos-que-se-encuentran-inmunizados\/#breadcrumb\",\"itemListElement\":[{\"@type\":\"ListItem\",\"position\":1,\"name\":\"Portada\",\"item\":\"https:\/\/elregionalvm.com.ar\/noticias-villa-maria\/\"},{\"@type\":\"ListItem\",\"position\":2,\"name\":\"Vacunaci\u00f3n infantil: Gran porcentaje de ni\u00f1os se encuentran inmunizados\"}]},{\"@type\":\"WebSite\",\"@id\":\"http:\/\/elregionalvm.com.ar\/noticias-villa-maria\/#website\",\"url\":\"http:\/\/elregionalvm.com.ar\/noticias-villa-maria\/\",\"name\":\"El Regional\",\"description\":\"Mucho m\u00e1s que informaci\u00f3n\",\"potentialAction\":[{\"@type\":\"SearchAction\",\"target\":{\"@type\":\"EntryPoint\",\"urlTemplate\":\"http:\/\/elregionalvm.com.ar\/noticias-villa-maria\/?s={search_term_string}\"},\"query-input\":{\"@type\":\"PropertyValueSpecification\",\"valueRequired\":true,\"valueName\":\"search_term_string\"}}],\"inLanguage\":\"es\"},{\"@type\":\"Person\",\"@id\":\"http:\/\/elregionalvm.com.ar\/noticias-villa-maria\/#\/schema\/person\/a0fb9c422317faca23d50163151bc354\",\"name\":\"Contenidos El Regional\",\"image\":{\"@type\":\"ImageObject\",\"inLanguage\":\"es\",\"@id\":\"http:\/\/elregionalvm.com.ar\/noticias-villa-maria\/#\/schema\/person\/image\/\",\"url\":\"https:\/\/secure.gravatar.com\/avatar\/265b27cb2209af7bb3a1318f03305787d7981a5cc6e6cd08fe5a4ecdf99d4b48?s=96&d=mm&r=g\",\"contentUrl\":\"https:\/\/secure.gravatar.com\/avatar\/265b27cb2209af7bb3a1318f03305787d7981a5cc6e6cd08fe5a4ecdf99d4b48?s=96&d=mm&r=g\",\"caption\":\"Contenidos El Regional\"},\"url\":\"https:\/\/elregionalvm.com.ar\/noticias-villa-maria\/author\/contenido\/\"}]}<\/script>\n<!-- \/ Yoast SEO plugin. -->","yoast_head_json":{"title":"Vacunaci\u00f3n infantil: Gran porcentaje de ni\u00f1os se encuentran inmunizados - El Regional","robots":{"index":"index","follow":"follow","max-snippet":"max-snippet:-1","max-image-preview":"max-image-preview:large","max-video-preview":"max-video-preview:-1"},"canonical":"http:\/\/elregionalvm.com.ar\/noticias-villa-maria\/gran-porcentaje-de-ninos-que-se-encuentran-inmunizados\/","og_locale":"es_ES","og_type":"article","og_title":"Vacunaci\u00f3n infantil: Gran porcentaje de ni\u00f1os se encuentran inmunizados - El Regional","og_description":"Importante cifras se destacan en materia de vacunaci\u00f3n infantil en la ciudad, con estad\u00edsticas que reflejan la inmunizaci\u00f3n del 96.7 por ciento de ni\u00f1os y ni\u00f1as en edad de ingreso escolar. De este modo, tras las campa\u00f1as llevadas adelante por el municipio a trav\u00e9s de sus equipos de Salud, se alcanz\u00f3 la inmunidad de reba\u00f1o [&hellip;]","og_url":"http:\/\/elregionalvm.com.ar\/noticias-villa-maria\/gran-porcentaje-de-ninos-que-se-encuentran-inmunizados\/","og_site_name":"El Regional","article_publisher":"https:\/\/www.facebook.com\/elregionalvm","article_published_time":"2023-06-05T20:01:10+00:00","article_modified_time":"2023-06-06T14:38:39+00:00","og_image":[{"width":1280,"height":853,"url":"http:\/\/elregionalvm.com.ar\/noticias-villa-maria\/wp-content\/uploads\/2023\/06\/WhatsApp-Image-2023-06-05-at-13.34.18.jpeg","type":"image\/jpeg"}],"author":"Contenidos El Regional","twitter_card":"summary_large_image","twitter_creator":"@elregionalvm1","twitter_site":"@elregionalvm1","twitter_misc":{"Escrito por":"Contenidos El Regional","Tiempo de lectura":"2 minutos"},"schema":{"@context":"https:\/\/schema.org","@graph":[{"@type":"Article","@id":"http:\/\/elregionalvm.com.ar\/noticias-villa-maria\/gran-porcentaje-de-ninos-que-se-encuentran-inmunizados\/#article","isPartOf":{"@id":"http:\/\/elregionalvm.com.ar\/noticias-villa-maria\/gran-porcentaje-de-ninos-que-se-encuentran-inmunizados\/"},"author":{"name":"Contenidos El Regional","@id":"http:\/\/elregionalvm.com.ar\/noticias-villa-maria\/#\/schema\/person\/a0fb9c422317faca23d50163151bc354"},"headline":"Vacunaci\u00f3n infantil: Gran porcentaje de ni\u00f1os se encuentran inmunizados","datePublished":"2023-06-05T20:01:10+00:00","dateModified":"2023-06-06T14:38:39+00:00","mainEntityOfPage":{"@id":"http:\/\/elregionalvm.com.ar\/noticias-villa-maria\/gran-porcentaje-de-ninos-que-se-encuentran-inmunizados\/"},"wordCount":457,"commentCount":0,"image":{"@id":"http:\/\/elregionalvm.com.ar\/noticias-villa-maria\/gran-porcentaje-de-ninos-que-se-encuentran-inmunizados\/#primaryimage"},"thumbnailUrl":"https:\/\/i0.wp.com\/elregionalvm.com.ar\/noticias-villa-maria\/wp-content\/uploads\/2023\/06\/WhatsApp-Image-2023-06-05-at-13.34.18.jpeg?fit=1280%2C853&ssl=1","articleSection":["destacado","Sociedad","Villa Mar\u00eda"],"inLanguage":"es","potentialAction":[{"@type":"CommentAction","name":"Comment","target":["http:\/\/elregionalvm.com.ar\/noticias-villa-maria\/gran-porcentaje-de-ninos-que-se-encuentran-inmunizados\/#respond"]}]},{"@type":"WebPage","@id":"http:\/\/elregionalvm.com.ar\/noticias-villa-maria\/gran-porcentaje-de-ninos-que-se-encuentran-inmunizados\/","url":"http:\/\/elregionalvm.com.ar\/noticias-villa-maria\/gran-porcentaje-de-ninos-que-se-encuentran-inmunizados\/","name":"Vacunaci\u00f3n infantil: Gran porcentaje de ni\u00f1os se encuentran inmunizados - El Regional","isPartOf":{"@id":"http:\/\/elregionalvm.com.ar\/noticias-villa-maria\/#website"},"primaryImageOfPage":{"@id":"http:\/\/elregionalvm.com.ar\/noticias-villa-maria\/gran-porcentaje-de-ninos-que-se-encuentran-inmunizados\/#primaryimage"},"image":{"@id":"http:\/\/elregionalvm.com.ar\/noticias-villa-maria\/gran-porcentaje-de-ninos-que-se-encuentran-inmunizados\/#primaryimage"},"thumbnailUrl":"https:\/\/i0.wp.com\/elregionalvm.com.ar\/noticias-villa-maria\/wp-content\/uploads\/2023\/06\/WhatsApp-Image-2023-06-05-at-13.34.18.jpeg?fit=1280%2C853&ssl=1","datePublished":"2023-06-05T20:01:10+00:00","dateModified":"2023-06-06T14:38:39+00:00","author":{"@id":"http:\/\/elregionalvm.com.ar\/noticias-villa-maria\/#\/schema\/person\/a0fb9c422317faca23d50163151bc354"},"breadcrumb":{"@id":"http:\/\/elregionalvm.com.ar\/noticias-villa-maria\/gran-porcentaje-de-ninos-que-se-encuentran-inmunizados\/#breadcrumb"},"inLanguage":"es","potentialAction":[{"@type":"ReadAction","target":["http:\/\/elregionalvm.com.ar\/noticias-villa-maria\/gran-porcentaje-de-ninos-que-se-encuentran-inmunizados\/"]}]},{"@type":"ImageObject","inLanguage":"es","@id":"http:\/\/elregionalvm.com.ar\/noticias-villa-maria\/gran-porcentaje-de-ninos-que-se-encuentran-inmunizados\/#primaryimage","url":"https:\/\/i0.wp.com\/elregionalvm.com.ar\/noticias-villa-maria\/wp-content\/uploads\/2023\/06\/WhatsApp-Image-2023-06-05-at-13.34.18.jpeg?fit=1280%2C853&ssl=1","contentUrl":"https:\/\/i0.wp.com\/elregionalvm.com.ar\/noticias-villa-maria\/wp-content\/uploads\/2023\/06\/WhatsApp-Image-2023-06-05-at-13.34.18.jpeg?fit=1280%2C853&ssl=1","width":1280,"height":853},{"@type":"BreadcrumbList","@id":"http:\/\/elregionalvm.com.ar\/noticias-villa-maria\/gran-porcentaje-de-ninos-que-se-encuentran-inmunizados\/#breadcrumb","itemListElement":[{"@type":"ListItem","position":1,"name":"Portada","item":"https:\/\/elregionalvm.com.ar\/noticias-villa-maria\/"},{"@type":"ListItem","position":2,"name":"Vacunaci\u00f3n infantil: Gran porcentaje de ni\u00f1os se encuentran inmunizados"}]},{"@type":"WebSite","@id":"http:\/\/elregionalvm.com.ar\/noticias-villa-maria\/#website","url":"http:\/\/elregionalvm.com.ar\/noticias-villa-maria\/","name":"El Regional","description":"Mucho m\u00e1s que informaci\u00f3n","potentialAction":[{"@type":"SearchAction","target":{"@type":"EntryPoint","urlTemplate":"http:\/\/elregionalvm.com.ar\/noticias-villa-maria\/?s={search_term_string}"},"query-input":{"@type":"PropertyValueSpecification","valueRequired":true,"valueName":"search_term_string"}}],"inLanguage":"es"},{"@type":"Person","@id":"http:\/\/elregionalvm.com.ar\/noticias-villa-maria\/#\/schema\/person\/a0fb9c422317faca23d50163151bc354","name":"Contenidos El Regional","image":{"@type":"ImageObject","inLanguage":"es","@id":"http:\/\/elregionalvm.com.ar\/noticias-villa-maria\/#\/schema\/person\/image\/","url":"https:\/\/secure.gravatar.com\/avatar\/265b27cb2209af7bb3a1318f03305787d7981a5cc6e6cd08fe5a4ecdf99d4b48?s=96&d=mm&r=g","contentUrl":"https:\/\/secure.gravatar.com\/avatar\/265b27cb2209af7bb3a1318f03305787d7981a5cc6e6cd08fe5a4ecdf99d4b48?s=96&d=mm&r=g","caption":"Contenidos El Regional"},"url":"https:\/\/elregionalvm.com.ar\/noticias-villa-maria\/author\/contenido\/"}]}},"jetpack_featured_media_url":"https:\/\/i0.wp.com\/elregionalvm.com.ar\/noticias-villa-maria\/wp-content\/uploads\/2023\/06\/WhatsApp-Image-2023-06-05-at-13.34.18.jpeg?fit=1280%2C853&ssl=1","jetpack_sharing_enabled":true,"_links":{"self":[{"href":"https:\/\/elregionalvm.com.ar\/noticias-villa-maria\/wp-json\/wp\/v2\/posts\/77698","targetHints":{"allow":["GET"]}}],"collection":[{"href":"https:\/\/elregionalvm.com.ar\/noticias-villa-maria\/wp-json\/wp\/v2\/posts"}],"about":[{"href":"https:\/\/elregionalvm.com.ar\/noticias-villa-maria\/wp-json\/wp\/v2\/types\/post"}],"author":[{"embeddable":true,"href":"https:\/\/elregionalvm.com.ar\/noticias-villa-maria\/wp-json\/wp\/v2\/users\/4"}],"replies":[{"embeddable":true,"href":"https:\/\/elregionalvm.com.ar\/noticias-villa-maria\/wp-json\/wp\/v2\/comments?post=77698"}],"version-history":[{"count":2,"href":"https:\/\/elregionalvm.com.ar\/noticias-villa-maria\/wp-json\/wp\/v2\/posts\/77698\/revisions"}],"predecessor-version":[{"id":77735,"href":"https:\/\/elregionalvm.com.ar\/noticias-villa-maria\/wp-json\/wp\/v2\/posts\/77698\/revisions\/77735"}],"wp:featuredmedia":[{"embeddable":true,"href":"https:\/\/elregionalvm.com.ar\/noticias-villa-maria\/wp-json\/wp\/v2\/media\/77699"}],"wp:attachment":[{"href":"https:\/\/elregionalvm.com.ar\/noticias-villa-maria\/wp-json\/wp\/v2\/media?parent=77698"}],"wp:term":[{"taxonomy":"category","embeddable":true,"href":"https:\/\/elregionalvm.com.ar\/noticias-villa-maria\/wp-json\/wp\/v2\/categories?post=77698"},{"taxonomy":"post_tag","embeddable":true,"href":"https:\/\/elregionalvm.com.ar\/noticias-villa-maria\/wp-json\/wp\/v2\/tags?post=77698"}],"curies":[{"name":"wp","href":"https:\/\/api.w.org\/{rel}","templated":true}]}}