{"id":77812,"date":"2023-06-07T20:32:44","date_gmt":"2023-06-07T20:32:44","guid":{"rendered":"https:\/\/elregionalvm.com.ar\/noticias-villa-maria\/?p=77812"},"modified":"2023-06-07T20:32:46","modified_gmt":"2023-06-07T20:32:46","slug":"grupo-de-periodistas-de-la-ciudad-se-reunio-en-la-peatonal-para-concientizar-sobre-su-situacion","status":"publish","type":"post","link":"https:\/\/elregionalvm.com.ar\/noticias-villa-maria\/grupo-de-periodistas-de-la-ciudad-se-reunio-en-la-peatonal-para-concientizar-sobre-su-situacion\/","title":{"rendered":"Grupo de periodistas de la Ciudad se reuni\u00f3 en la peatonal para concientizar sobre su situaci\u00f3n"},"content":{"rendered":"\n<p>En el D\u00eda del Periodista, un grupo de trabajadores de distintos medios locales, se reuni\u00f3 en la esquina de la peatonal, para reclamar y generar conciencia de los salarios. <\/p>\n\n\n\n<figure class=\"wp-block-image size-large\"><img data-recalc-dims=\"1\" fetchpriority=\"high\" decoding=\"async\" width=\"1024\" height=\"670\" src=\"https:\/\/i0.wp.com\/elregionalvm.com.ar\/noticias-villa-maria\/wp-content\/uploads\/2023\/06\/WhatsApp-Image-2023-06-07-at-13.19.06.jpeg?resize=1024%2C670&#038;ssl=1\" alt=\"\" class=\"wp-image-77814\" srcset=\"https:\/\/i0.wp.com\/elregionalvm.com.ar\/noticias-villa-maria\/wp-content\/uploads\/2023\/06\/WhatsApp-Image-2023-06-07-at-13.19.06.jpeg?resize=1024%2C670&amp;ssl=1 1024w, https:\/\/i0.wp.com\/elregionalvm.com.ar\/noticias-villa-maria\/wp-content\/uploads\/2023\/06\/WhatsApp-Image-2023-06-07-at-13.19.06.jpeg?resize=300%2C196&amp;ssl=1 300w, https:\/\/i0.wp.com\/elregionalvm.com.ar\/noticias-villa-maria\/wp-content\/uploads\/2023\/06\/WhatsApp-Image-2023-06-07-at-13.19.06.jpeg?resize=768%2C503&amp;ssl=1 768w, https:\/\/i0.wp.com\/elregionalvm.com.ar\/noticias-villa-maria\/wp-content\/uploads\/2023\/06\/WhatsApp-Image-2023-06-07-at-13.19.06.jpeg?w=1280&amp;ssl=1 1280w\" sizes=\"(max-width: 1000px) 100vw, 1000px\" \/><\/figure>\n\n\n\n<p>A trav\u00e9s de un comunciado, expresaron lo siguiente:<\/p>\n\n\n\n<p>Hacer periodismo hoy es muy complejo, es m\u00e1s bien un ejercicio de resistencia. Las condiciones econ\u00f3micas, laborales o editoriales hacen que la tarea diaria se transforme en una especie de carrera de obst\u00e1culos.<\/p>\n\n\n\n<p>La mayor\u00eda de las personas no conoce c\u00f3mo trabaja la prensa y al ver a algunas figuras podr\u00edan suponer que ganamos bien, que vestimos bonito y vamos a muchos lugares. <\/p>\n\n\n\n<p>Sin embargo los salarios son de los m\u00e1s bajos en comparaci\u00f3n con otras actividades, la ropa la mayor\u00eda de las veces es prestada y para ir a los lugares tenemos que pagar los traslados, sin contar con que adem\u00e1s debemos usar nuestro tel\u00e9fono, nuestro plan de datos, nuestra computadora y varios etc\u00e9teras.<\/p>\n\n\n\n<p>Un grupo de periodistas empezamos a juntarnos y a compartir algunas ideas. De la discusi\u00f3n surgi\u00f3 la convicci\u00f3n de que la gente de a pie, la que nos ve, nos lee o nos escucha, no sabe estas cosas, porque normalmente los medios publicamos de todo, pero no sobre nosotros mismos. <\/p>\n\n\n\n<p>A la vez, no es muy grato tener que contarle a toda la comunidad que ganamos mal, que trabajamos mucho y en malas condiciones, y que no siempre podemos hacer un trabajo de calidad.<\/p>\n\n\n\n<p>Luego de una extensa lucha el sindicato que nos representa, el Cispren, logr\u00f3 cerrar una paritaria compleja. <\/p>\n\n\n\n<p>Valoramos mucho su tarea y compartimos con la conducci\u00f3n del gremio que \u201cnunca los resultados son suficientes para obtener ingresos que nos permitan vivir con dignidad y por ende, ejercer nuestro trabajo de la mejor manera\u201d.<\/p>\n\n\n\n<p>Los ingresos actuales de quienes ejercemos el periodismo no alcanzan a cubrir la canasta b\u00e1sica, lo que obliga a multiplicar los esfuerzos y sostener dos o tres trabajos de manera simult\u00e1nea, y exponiendo a nuestros propios elementos a un desgaste que nos obliga a tener que reponerlos r\u00e1pidamente. <\/p>\n\n\n\n<p>Otras cosas, como la salud mental, no se pueden reponer.<\/p>\n\n\n\n<p>Queremos dar a conocer nuestras condiciones laborales, porque no se trata de un medio en particular, sino de una actividad que se encuentra cada vez m\u00e1s precarizada e infravalorada, cuando se trata en realidad de uno de los pilares de la democracia. <\/p>\n\n\n\n<p>Por eso hoy 7 de junio, en un nuevo d\u00eda del periodista, y usando la iron\u00eda popular, le mostramos a la comunidad que \u201cganamos dos mangos\u201d, de manera literal.<\/p>\n\n\n\n<p>Sin periodistas no hay periodismo y sin periodismo no hay democracia.<\/p>\n\n\n\n<figure class=\"wp-block-image size-large\"><img data-recalc-dims=\"1\" decoding=\"async\" width=\"1024\" height=\"472\" src=\"https:\/\/i0.wp.com\/elregionalvm.com.ar\/noticias-villa-maria\/wp-content\/uploads\/2023\/06\/WhatsApp-Image-2023-06-07-at-13.19.07.jpeg?resize=1024%2C472&#038;ssl=1\" alt=\"\" class=\"wp-image-77813\" srcset=\"https:\/\/i0.wp.com\/elregionalvm.com.ar\/noticias-villa-maria\/wp-content\/uploads\/2023\/06\/WhatsApp-Image-2023-06-07-at-13.19.07.jpeg?resize=1024%2C472&amp;ssl=1 1024w, https:\/\/i0.wp.com\/elregionalvm.com.ar\/noticias-villa-maria\/wp-content\/uploads\/2023\/06\/WhatsApp-Image-2023-06-07-at-13.19.07.jpeg?resize=300%2C138&amp;ssl=1 300w, https:\/\/i0.wp.com\/elregionalvm.com.ar\/noticias-villa-maria\/wp-content\/uploads\/2023\/06\/WhatsApp-Image-2023-06-07-at-13.19.07.jpeg?resize=768%2C354&amp;ssl=1 768w, https:\/\/i0.wp.com\/elregionalvm.com.ar\/noticias-villa-maria\/wp-content\/uploads\/2023\/06\/WhatsApp-Image-2023-06-07-at-13.19.07.jpeg?w=1420&amp;ssl=1 1420w\" sizes=\"(max-width: 1000px) 100vw, 1000px\" \/><\/figure>\n","protected":false},"excerpt":{"rendered":"<p>En el D\u00eda del Periodista, un grupo de trabajadores de distintos medios locales, se reuni\u00f3 en la esquina de la peatonal, para reclamar y generar conciencia de los salarios. A trav\u00e9s de un comunciado, expresaron lo siguiente: Hacer periodismo hoy es muy complejo, es m\u00e1s bien un ejercicio de resistencia. Las condiciones econ\u00f3micas, laborales o [&hellip;]<\/p>\n","protected":false},"author":4,"featured_media":77815,"comment_status":"open","ping_status":"open","sticky":false,"template":"","format":"standard","meta":{"site-sidebar-layout":"default","site-content-layout":"","ast-site-content-layout":"default","site-content-style":"default","site-sidebar-style":"default","ast-global-header-display":"","ast-banner-title-visibility":"","ast-main-header-display":"","ast-hfb-above-header-display":"","ast-hfb-below-header-display":"","ast-hfb-mobile-header-display":"","site-post-title":"","ast-breadcrumbs-content":"","ast-featured-img":"","footer-sml-layout":"","ast-disable-related-posts":"","theme-transparent-header-meta":"","adv-header-id-meta":"","stick-header-meta":"","header-above-stick-meta":"","header-main-stick-meta":"","header-below-stick-meta":"","astra-migrate-meta-layouts":"default","ast-page-background-enabled":"default","ast-page-background-meta":{"desktop":{"background-color":"","background-image":"","background-repeat":"repeat","background-position":"center center","background-size":"auto","background-attachment":"scroll","background-type":"","background-media":"","overlay-type":"","overlay-color":"","overlay-opacity":"","overlay-gradient":""},"tablet":{"background-color":"","background-image":"","background-repeat":"repeat","background-position":"center center","background-size":"auto","background-attachment":"scroll","background-type":"","background-media":"","overlay-type":"","overlay-color":"","overlay-opacity":"","overlay-gradient":""},"mobile":{"background-color":"","background-image":"","background-repeat":"repeat","background-position":"center center","background-size":"auto","background-attachment":"scroll","background-type":"","background-media":"","overlay-type":"","overlay-color":"","overlay-opacity":"","overlay-gradient":""}},"ast-content-background-meta":{"desktop":{"background-color":"var(--ast-global-color-5)","background-image":"","background-repeat":"repeat","background-position":"center center","background-size":"auto","background-attachment":"scroll","background-type":"","background-media":"","overlay-type":"","overlay-color":"","overlay-opacity":"","overlay-gradient":""},"tablet":{"background-color":"var(--ast-global-color-5)","background-image":"","background-repeat":"repeat","background-position":"center center","background-size":"auto","background-attachment":"scroll","background-type":"","background-media":"","overlay-type":"","overlay-color":"","overlay-opacity":"","overlay-gradient":""},"mobile":{"background-color":"var(--ast-global-color-5)","background-image":"","background-repeat":"repeat","background-position":"center center","background-size":"auto","background-attachment":"scroll","background-type":"","background-media":"","overlay-type":"","overlay-color":"","overlay-opacity":"","overlay-gradient":""}},"_jetpack_memberships_contains_paid_content":false,"_joinchat":[],"footnotes":""},"categories":[15302,5,2],"tags":[],"class_list":["post-77812","post","type-post","status-publish","format-standard","has-post-thumbnail","hentry","category-destacado","category-sociedad","category-villa-maria"],"yoast_head":"<!-- This site is optimized with the Yoast SEO plugin v26.8 - https:\/\/yoast.com\/product\/yoast-seo-wordpress\/ -->\n<title>Grupo de periodistas de la Ciudad se reuni\u00f3 en la peatonal para concientizar sobre su situaci\u00f3n - El Regional<\/title>\n<meta name=\"robots\" content=\"index, follow, max-snippet:-1, max-image-preview:large, max-video-preview:-1\" \/>\n<link rel=\"canonical\" href=\"http:\/\/elregionalvm.com.ar\/noticias-villa-maria\/grupo-de-periodistas-de-la-ciudad-se-reunio-en-la-peatonal-para-concientizar-sobre-su-situacion\/\" \/>\n<meta property=\"og:locale\" content=\"es_ES\" \/>\n<meta property=\"og:type\" content=\"article\" \/>\n<meta property=\"og:title\" content=\"Grupo de periodistas de la Ciudad se reuni\u00f3 en la peatonal para concientizar sobre su situaci\u00f3n - El Regional\" \/>\n<meta property=\"og:description\" content=\"En el D\u00eda del Periodista, un grupo de trabajadores de distintos medios locales, se reuni\u00f3 en la esquina de la peatonal, para reclamar y generar conciencia de los salarios. A trav\u00e9s de un comunciado, expresaron lo siguiente: Hacer periodismo hoy es muy complejo, es m\u00e1s bien un ejercicio de resistencia. Las condiciones econ\u00f3micas, laborales o [&hellip;]\" \/>\n<meta property=\"og:url\" content=\"http:\/\/elregionalvm.com.ar\/noticias-villa-maria\/grupo-de-periodistas-de-la-ciudad-se-reunio-en-la-peatonal-para-concientizar-sobre-su-situacion\/\" \/>\n<meta property=\"og:site_name\" content=\"El Regional\" \/>\n<meta property=\"article:publisher\" content=\"https:\/\/www.facebook.com\/elregionalvm\" \/>\n<meta property=\"article:published_time\" content=\"2023-06-07T20:32:44+00:00\" \/>\n<meta property=\"article:modified_time\" content=\"2023-06-07T20:32:46+00:00\" \/>\n<meta property=\"og:image\" content=\"http:\/\/elregionalvm.com.ar\/noticias-villa-maria\/wp-content\/uploads\/2023\/06\/WhatsApp-Image-2023-06-07-at-13.19.04.jpeg\" \/>\n\t<meta property=\"og:image:width\" content=\"1280\" \/>\n\t<meta property=\"og:image:height\" content=\"751\" \/>\n\t<meta property=\"og:image:type\" content=\"image\/jpeg\" \/>\n<meta name=\"author\" content=\"Contenidos El Regional\" \/>\n<meta name=\"twitter:card\" content=\"summary_large_image\" \/>\n<meta name=\"twitter:creator\" content=\"@elregionalvm1\" \/>\n<meta name=\"twitter:site\" content=\"@elregionalvm1\" \/>\n<meta name=\"twitter:label1\" content=\"Escrito por\" \/>\n\t<meta name=\"twitter:data1\" content=\"Contenidos El Regional\" \/>\n\t<meta name=\"twitter:label2\" content=\"Tiempo de lectura\" \/>\n\t<meta name=\"twitter:data2\" content=\"3 minutos\" \/>\n<script type=\"application\/ld+json\" class=\"yoast-schema-graph\">{\"@context\":\"https:\/\/schema.org\",\"@graph\":[{\"@type\":\"Article\",\"@id\":\"http:\/\/elregionalvm.com.ar\/noticias-villa-maria\/grupo-de-periodistas-de-la-ciudad-se-reunio-en-la-peatonal-para-concientizar-sobre-su-situacion\/#article\",\"isPartOf\":{\"@id\":\"http:\/\/elregionalvm.com.ar\/noticias-villa-maria\/grupo-de-periodistas-de-la-ciudad-se-reunio-en-la-peatonal-para-concientizar-sobre-su-situacion\/\"},\"author\":{\"name\":\"Contenidos El Regional\",\"@id\":\"http:\/\/elregionalvm.com.ar\/noticias-villa-maria\/#\/schema\/person\/a0fb9c422317faca23d50163151bc354\"},\"headline\":\"Grupo de periodistas de la Ciudad se reuni\u00f3 en la peatonal para concientizar sobre su situaci\u00f3n\",\"datePublished\":\"2023-06-07T20:32:44+00:00\",\"dateModified\":\"2023-06-07T20:32:46+00:00\",\"mainEntityOfPage\":{\"@id\":\"http:\/\/elregionalvm.com.ar\/noticias-villa-maria\/grupo-de-periodistas-de-la-ciudad-se-reunio-en-la-peatonal-para-concientizar-sobre-su-situacion\/\"},\"wordCount\":468,\"commentCount\":0,\"image\":{\"@id\":\"http:\/\/elregionalvm.com.ar\/noticias-villa-maria\/grupo-de-periodistas-de-la-ciudad-se-reunio-en-la-peatonal-para-concientizar-sobre-su-situacion\/#primaryimage\"},\"thumbnailUrl\":\"https:\/\/i0.wp.com\/elregionalvm.com.ar\/noticias-villa-maria\/wp-content\/uploads\/2023\/06\/WhatsApp-Image-2023-06-07-at-13.19.04.jpeg?fit=1280%2C751&ssl=1\",\"articleSection\":[\"destacado\",\"Sociedad\",\"Villa Mar\u00eda\"],\"inLanguage\":\"es\",\"potentialAction\":[{\"@type\":\"CommentAction\",\"name\":\"Comment\",\"target\":[\"http:\/\/elregionalvm.com.ar\/noticias-villa-maria\/grupo-de-periodistas-de-la-ciudad-se-reunio-en-la-peatonal-para-concientizar-sobre-su-situacion\/#respond\"]}]},{\"@type\":\"WebPage\",\"@id\":\"http:\/\/elregionalvm.com.ar\/noticias-villa-maria\/grupo-de-periodistas-de-la-ciudad-se-reunio-en-la-peatonal-para-concientizar-sobre-su-situacion\/\",\"url\":\"http:\/\/elregionalvm.com.ar\/noticias-villa-maria\/grupo-de-periodistas-de-la-ciudad-se-reunio-en-la-peatonal-para-concientizar-sobre-su-situacion\/\",\"name\":\"Grupo de periodistas de la Ciudad se reuni\u00f3 en la peatonal para concientizar sobre su situaci\u00f3n - El Regional\",\"isPartOf\":{\"@id\":\"http:\/\/elregionalvm.com.ar\/noticias-villa-maria\/#website\"},\"primaryImageOfPage\":{\"@id\":\"http:\/\/elregionalvm.com.ar\/noticias-villa-maria\/grupo-de-periodistas-de-la-ciudad-se-reunio-en-la-peatonal-para-concientizar-sobre-su-situacion\/#primaryimage\"},\"image\":{\"@id\":\"http:\/\/elregionalvm.com.ar\/noticias-villa-maria\/grupo-de-periodistas-de-la-ciudad-se-reunio-en-la-peatonal-para-concientizar-sobre-su-situacion\/#primaryimage\"},\"thumbnailUrl\":\"https:\/\/i0.wp.com\/elregionalvm.com.ar\/noticias-villa-maria\/wp-content\/uploads\/2023\/06\/WhatsApp-Image-2023-06-07-at-13.19.04.jpeg?fit=1280%2C751&ssl=1\",\"datePublished\":\"2023-06-07T20:32:44+00:00\",\"dateModified\":\"2023-06-07T20:32:46+00:00\",\"author\":{\"@id\":\"http:\/\/elregionalvm.com.ar\/noticias-villa-maria\/#\/schema\/person\/a0fb9c422317faca23d50163151bc354\"},\"breadcrumb\":{\"@id\":\"http:\/\/elregionalvm.com.ar\/noticias-villa-maria\/grupo-de-periodistas-de-la-ciudad-se-reunio-en-la-peatonal-para-concientizar-sobre-su-situacion\/#breadcrumb\"},\"inLanguage\":\"es\",\"potentialAction\":[{\"@type\":\"ReadAction\",\"target\":[\"http:\/\/elregionalvm.com.ar\/noticias-villa-maria\/grupo-de-periodistas-de-la-ciudad-se-reunio-en-la-peatonal-para-concientizar-sobre-su-situacion\/\"]}]},{\"@type\":\"ImageObject\",\"inLanguage\":\"es\",\"@id\":\"http:\/\/elregionalvm.com.ar\/noticias-villa-maria\/grupo-de-periodistas-de-la-ciudad-se-reunio-en-la-peatonal-para-concientizar-sobre-su-situacion\/#primaryimage\",\"url\":\"https:\/\/i0.wp.com\/elregionalvm.com.ar\/noticias-villa-maria\/wp-content\/uploads\/2023\/06\/WhatsApp-Image-2023-06-07-at-13.19.04.jpeg?fit=1280%2C751&ssl=1\",\"contentUrl\":\"https:\/\/i0.wp.com\/elregionalvm.com.ar\/noticias-villa-maria\/wp-content\/uploads\/2023\/06\/WhatsApp-Image-2023-06-07-at-13.19.04.jpeg?fit=1280%2C751&ssl=1\",\"width\":1280,\"height\":751},{\"@type\":\"BreadcrumbList\",\"@id\":\"http:\/\/elregionalvm.com.ar\/noticias-villa-maria\/grupo-de-periodistas-de-la-ciudad-se-reunio-en-la-peatonal-para-concientizar-sobre-su-situacion\/#breadcrumb\",\"itemListElement\":[{\"@type\":\"ListItem\",\"position\":1,\"name\":\"Portada\",\"item\":\"https:\/\/elregionalvm.com.ar\/noticias-villa-maria\/\"},{\"@type\":\"ListItem\",\"position\":2,\"name\":\"Grupo de periodistas de la Ciudad se reuni\u00f3 en la peatonal para concientizar sobre su situaci\u00f3n\"}]},{\"@type\":\"WebSite\",\"@id\":\"http:\/\/elregionalvm.com.ar\/noticias-villa-maria\/#website\",\"url\":\"http:\/\/elregionalvm.com.ar\/noticias-villa-maria\/\",\"name\":\"El Regional\",\"description\":\"Mucho m\u00e1s que informaci\u00f3n\",\"potentialAction\":[{\"@type\":\"SearchAction\",\"target\":{\"@type\":\"EntryPoint\",\"urlTemplate\":\"http:\/\/elregionalvm.com.ar\/noticias-villa-maria\/?s={search_term_string}\"},\"query-input\":{\"@type\":\"PropertyValueSpecification\",\"valueRequired\":true,\"valueName\":\"search_term_string\"}}],\"inLanguage\":\"es\"},{\"@type\":\"Person\",\"@id\":\"http:\/\/elregionalvm.com.ar\/noticias-villa-maria\/#\/schema\/person\/a0fb9c422317faca23d50163151bc354\",\"name\":\"Contenidos El Regional\",\"image\":{\"@type\":\"ImageObject\",\"inLanguage\":\"es\",\"@id\":\"http:\/\/elregionalvm.com.ar\/noticias-villa-maria\/#\/schema\/person\/image\/\",\"url\":\"https:\/\/secure.gravatar.com\/avatar\/265b27cb2209af7bb3a1318f03305787d7981a5cc6e6cd08fe5a4ecdf99d4b48?s=96&d=mm&r=g\",\"contentUrl\":\"https:\/\/secure.gravatar.com\/avatar\/265b27cb2209af7bb3a1318f03305787d7981a5cc6e6cd08fe5a4ecdf99d4b48?s=96&d=mm&r=g\",\"caption\":\"Contenidos El Regional\"},\"url\":\"https:\/\/elregionalvm.com.ar\/noticias-villa-maria\/author\/contenido\/\"}]}<\/script>\n<!-- \/ Yoast SEO plugin. -->","yoast_head_json":{"title":"Grupo de periodistas de la Ciudad se reuni\u00f3 en la peatonal para concientizar sobre su situaci\u00f3n - El Regional","robots":{"index":"index","follow":"follow","max-snippet":"max-snippet:-1","max-image-preview":"max-image-preview:large","max-video-preview":"max-video-preview:-1"},"canonical":"http:\/\/elregionalvm.com.ar\/noticias-villa-maria\/grupo-de-periodistas-de-la-ciudad-se-reunio-en-la-peatonal-para-concientizar-sobre-su-situacion\/","og_locale":"es_ES","og_type":"article","og_title":"Grupo de periodistas de la Ciudad se reuni\u00f3 en la peatonal para concientizar sobre su situaci\u00f3n - El Regional","og_description":"En el D\u00eda del Periodista, un grupo de trabajadores de distintos medios locales, se reuni\u00f3 en la esquina de la peatonal, para reclamar y generar conciencia de los salarios. A trav\u00e9s de un comunciado, expresaron lo siguiente: Hacer periodismo hoy es muy complejo, es m\u00e1s bien un ejercicio de resistencia. Las condiciones econ\u00f3micas, laborales o [&hellip;]","og_url":"http:\/\/elregionalvm.com.ar\/noticias-villa-maria\/grupo-de-periodistas-de-la-ciudad-se-reunio-en-la-peatonal-para-concientizar-sobre-su-situacion\/","og_site_name":"El Regional","article_publisher":"https:\/\/www.facebook.com\/elregionalvm","article_published_time":"2023-06-07T20:32:44+00:00","article_modified_time":"2023-06-07T20:32:46+00:00","og_image":[{"width":1280,"height":751,"url":"http:\/\/elregionalvm.com.ar\/noticias-villa-maria\/wp-content\/uploads\/2023\/06\/WhatsApp-Image-2023-06-07-at-13.19.04.jpeg","type":"image\/jpeg"}],"author":"Contenidos El Regional","twitter_card":"summary_large_image","twitter_creator":"@elregionalvm1","twitter_site":"@elregionalvm1","twitter_misc":{"Escrito por":"Contenidos El Regional","Tiempo de lectura":"3 minutos"},"schema":{"@context":"https:\/\/schema.org","@graph":[{"@type":"Article","@id":"http:\/\/elregionalvm.com.ar\/noticias-villa-maria\/grupo-de-periodistas-de-la-ciudad-se-reunio-en-la-peatonal-para-concientizar-sobre-su-situacion\/#article","isPartOf":{"@id":"http:\/\/elregionalvm.com.ar\/noticias-villa-maria\/grupo-de-periodistas-de-la-ciudad-se-reunio-en-la-peatonal-para-concientizar-sobre-su-situacion\/"},"author":{"name":"Contenidos El Regional","@id":"http:\/\/elregionalvm.com.ar\/noticias-villa-maria\/#\/schema\/person\/a0fb9c422317faca23d50163151bc354"},"headline":"Grupo de periodistas de la Ciudad se reuni\u00f3 en la peatonal para concientizar sobre su situaci\u00f3n","datePublished":"2023-06-07T20:32:44+00:00","dateModified":"2023-06-07T20:32:46+00:00","mainEntityOfPage":{"@id":"http:\/\/elregionalvm.com.ar\/noticias-villa-maria\/grupo-de-periodistas-de-la-ciudad-se-reunio-en-la-peatonal-para-concientizar-sobre-su-situacion\/"},"wordCount":468,"commentCount":0,"image":{"@id":"http:\/\/elregionalvm.com.ar\/noticias-villa-maria\/grupo-de-periodistas-de-la-ciudad-se-reunio-en-la-peatonal-para-concientizar-sobre-su-situacion\/#primaryimage"},"thumbnailUrl":"https:\/\/i0.wp.com\/elregionalvm.com.ar\/noticias-villa-maria\/wp-content\/uploads\/2023\/06\/WhatsApp-Image-2023-06-07-at-13.19.04.jpeg?fit=1280%2C751&ssl=1","articleSection":["destacado","Sociedad","Villa Mar\u00eda"],"inLanguage":"es","potentialAction":[{"@type":"CommentAction","name":"Comment","target":["http:\/\/elregionalvm.com.ar\/noticias-villa-maria\/grupo-de-periodistas-de-la-ciudad-se-reunio-en-la-peatonal-para-concientizar-sobre-su-situacion\/#respond"]}]},{"@type":"WebPage","@id":"http:\/\/elregionalvm.com.ar\/noticias-villa-maria\/grupo-de-periodistas-de-la-ciudad-se-reunio-en-la-peatonal-para-concientizar-sobre-su-situacion\/","url":"http:\/\/elregionalvm.com.ar\/noticias-villa-maria\/grupo-de-periodistas-de-la-ciudad-se-reunio-en-la-peatonal-para-concientizar-sobre-su-situacion\/","name":"Grupo de periodistas de la Ciudad se reuni\u00f3 en la peatonal para concientizar sobre su situaci\u00f3n - El Regional","isPartOf":{"@id":"http:\/\/elregionalvm.com.ar\/noticias-villa-maria\/#website"},"primaryImageOfPage":{"@id":"http:\/\/elregionalvm.com.ar\/noticias-villa-maria\/grupo-de-periodistas-de-la-ciudad-se-reunio-en-la-peatonal-para-concientizar-sobre-su-situacion\/#primaryimage"},"image":{"@id":"http:\/\/elregionalvm.com.ar\/noticias-villa-maria\/grupo-de-periodistas-de-la-ciudad-se-reunio-en-la-peatonal-para-concientizar-sobre-su-situacion\/#primaryimage"},"thumbnailUrl":"https:\/\/i0.wp.com\/elregionalvm.com.ar\/noticias-villa-maria\/wp-content\/uploads\/2023\/06\/WhatsApp-Image-2023-06-07-at-13.19.04.jpeg?fit=1280%2C751&ssl=1","datePublished":"2023-06-07T20:32:44+00:00","dateModified":"2023-06-07T20:32:46+00:00","author":{"@id":"http:\/\/elregionalvm.com.ar\/noticias-villa-maria\/#\/schema\/person\/a0fb9c422317faca23d50163151bc354"},"breadcrumb":{"@id":"http:\/\/elregionalvm.com.ar\/noticias-villa-maria\/grupo-de-periodistas-de-la-ciudad-se-reunio-en-la-peatonal-para-concientizar-sobre-su-situacion\/#breadcrumb"},"inLanguage":"es","potentialAction":[{"@type":"ReadAction","target":["http:\/\/elregionalvm.com.ar\/noticias-villa-maria\/grupo-de-periodistas-de-la-ciudad-se-reunio-en-la-peatonal-para-concientizar-sobre-su-situacion\/"]}]},{"@type":"ImageObject","inLanguage":"es","@id":"http:\/\/elregionalvm.com.ar\/noticias-villa-maria\/grupo-de-periodistas-de-la-ciudad-se-reunio-en-la-peatonal-para-concientizar-sobre-su-situacion\/#primaryimage","url":"https:\/\/i0.wp.com\/elregionalvm.com.ar\/noticias-villa-maria\/wp-content\/uploads\/2023\/06\/WhatsApp-Image-2023-06-07-at-13.19.04.jpeg?fit=1280%2C751&ssl=1","contentUrl":"https:\/\/i0.wp.com\/elregionalvm.com.ar\/noticias-villa-maria\/wp-content\/uploads\/2023\/06\/WhatsApp-Image-2023-06-07-at-13.19.04.jpeg?fit=1280%2C751&ssl=1","width":1280,"height":751},{"@type":"BreadcrumbList","@id":"http:\/\/elregionalvm.com.ar\/noticias-villa-maria\/grupo-de-periodistas-de-la-ciudad-se-reunio-en-la-peatonal-para-concientizar-sobre-su-situacion\/#breadcrumb","itemListElement":[{"@type":"ListItem","position":1,"name":"Portada","item":"https:\/\/elregionalvm.com.ar\/noticias-villa-maria\/"},{"@type":"ListItem","position":2,"name":"Grupo de periodistas de la Ciudad se reuni\u00f3 en la peatonal para concientizar sobre su situaci\u00f3n"}]},{"@type":"WebSite","@id":"http:\/\/elregionalvm.com.ar\/noticias-villa-maria\/#website","url":"http:\/\/elregionalvm.com.ar\/noticias-villa-maria\/","name":"El Regional","description":"Mucho m\u00e1s que informaci\u00f3n","potentialAction":[{"@type":"SearchAction","target":{"@type":"EntryPoint","urlTemplate":"http:\/\/elregionalvm.com.ar\/noticias-villa-maria\/?s={search_term_string}"},"query-input":{"@type":"PropertyValueSpecification","valueRequired":true,"valueName":"search_term_string"}}],"inLanguage":"es"},{"@type":"Person","@id":"http:\/\/elregionalvm.com.ar\/noticias-villa-maria\/#\/schema\/person\/a0fb9c422317faca23d50163151bc354","name":"Contenidos El Regional","image":{"@type":"ImageObject","inLanguage":"es","@id":"http:\/\/elregionalvm.com.ar\/noticias-villa-maria\/#\/schema\/person\/image\/","url":"https:\/\/secure.gravatar.com\/avatar\/265b27cb2209af7bb3a1318f03305787d7981a5cc6e6cd08fe5a4ecdf99d4b48?s=96&d=mm&r=g","contentUrl":"https:\/\/secure.gravatar.com\/avatar\/265b27cb2209af7bb3a1318f03305787d7981a5cc6e6cd08fe5a4ecdf99d4b48?s=96&d=mm&r=g","caption":"Contenidos El Regional"},"url":"https:\/\/elregionalvm.com.ar\/noticias-villa-maria\/author\/contenido\/"}]}},"jetpack_featured_media_url":"https:\/\/i0.wp.com\/elregionalvm.com.ar\/noticias-villa-maria\/wp-content\/uploads\/2023\/06\/WhatsApp-Image-2023-06-07-at-13.19.04.jpeg?fit=1280%2C751&ssl=1","jetpack_sharing_enabled":true,"_links":{"self":[{"href":"https:\/\/elregionalvm.com.ar\/noticias-villa-maria\/wp-json\/wp\/v2\/posts\/77812","targetHints":{"allow":["GET"]}}],"collection":[{"href":"https:\/\/elregionalvm.com.ar\/noticias-villa-maria\/wp-json\/wp\/v2\/posts"}],"about":[{"href":"https:\/\/elregionalvm.com.ar\/noticias-villa-maria\/wp-json\/wp\/v2\/types\/post"}],"author":[{"embeddable":true,"href":"https:\/\/elregionalvm.com.ar\/noticias-villa-maria\/wp-json\/wp\/v2\/users\/4"}],"replies":[{"embeddable":true,"href":"https:\/\/elregionalvm.com.ar\/noticias-villa-maria\/wp-json\/wp\/v2\/comments?post=77812"}],"version-history":[{"count":1,"href":"https:\/\/elregionalvm.com.ar\/noticias-villa-maria\/wp-json\/wp\/v2\/posts\/77812\/revisions"}],"predecessor-version":[{"id":77816,"href":"https:\/\/elregionalvm.com.ar\/noticias-villa-maria\/wp-json\/wp\/v2\/posts\/77812\/revisions\/77816"}],"wp:featuredmedia":[{"embeddable":true,"href":"https:\/\/elregionalvm.com.ar\/noticias-villa-maria\/wp-json\/wp\/v2\/media\/77815"}],"wp:attachment":[{"href":"https:\/\/elregionalvm.com.ar\/noticias-villa-maria\/wp-json\/wp\/v2\/media?parent=77812"}],"wp:term":[{"taxonomy":"category","embeddable":true,"href":"https:\/\/elregionalvm.com.ar\/noticias-villa-maria\/wp-json\/wp\/v2\/categories?post=77812"},{"taxonomy":"post_tag","embeddable":true,"href":"https:\/\/elregionalvm.com.ar\/noticias-villa-maria\/wp-json\/wp\/v2\/tags?post=77812"}],"curies":[{"name":"wp","href":"https:\/\/api.w.org\/{rel}","templated":true}]}}