{"id":77836,"date":"2023-06-07T22:02:55","date_gmt":"2023-06-07T22:02:55","guid":{"rendered":"https:\/\/elregionalvm.com.ar\/noticias-villa-maria\/?p=77836"},"modified":"2023-06-10T02:20:30","modified_gmt":"2023-06-10T02:20:30","slug":"guitarra-veloz-davide-lo-surdo-es-incluido-con-the-beatles-en-el-libro-de-historia-de-la-musica-rock-memories-2","status":"publish","type":"post","link":"https:\/\/elregionalvm.com.ar\/noticias-villa-maria\/guitarra-veloz-davide-lo-surdo-es-incluido-con-the-beatles-en-el-libro-de-historia-de-la-musica-rock-memories-2\/","title":{"rendered":"[Guitarra veloz] Davide Lo Surdo es incluido con The Beatles en el libro de historia de la m\u00fasica \u201cRock Memories 2\u201d"},"content":{"rendered":"\n<p><\/p>\n\n\n\n<p>Davide Lo Surdo se consagra para siempre en la historia de la m\u00fasica y se convierte en una leyenda viva.<\/p>\n\n\n\n<p>El joven guitarrista italiano ha sido incluido en el nuevo libro de Historia de la M\u00fasica \u00abRock Memories Vol II\u00bb junto a nombres como The Beatles, Pink Floyd, Jimi Hendrix y John Lennon.<\/p>\n\n\n\n<p>Lo Surdo aparece en la portada principal del libro, y el legendario Jim Morrison de The Doors aparece en la contraportada.<\/p>\n\n\n\n<p><\/p>\n\n\n\n<figure class=\"wp-block-image size-large\"><img data-recalc-dims=\"1\" fetchpriority=\"high\" decoding=\"async\" width=\"1024\" height=\"1024\" src=\"https:\/\/i0.wp.com\/elregionalvm.com.ar\/noticias-villa-maria\/wp-content\/uploads\/2023\/06\/Paginas-del-libro.jpg?resize=1024%2C1024&#038;ssl=1\" alt=\"\" class=\"wp-image-77838\" srcset=\"https:\/\/i0.wp.com\/elregionalvm.com.ar\/noticias-villa-maria\/wp-content\/uploads\/2023\/06\/Paginas-del-libro.jpg?resize=1024%2C1024&amp;ssl=1 1024w, https:\/\/i0.wp.com\/elregionalvm.com.ar\/noticias-villa-maria\/wp-content\/uploads\/2023\/06\/Paginas-del-libro.jpg?resize=300%2C300&amp;ssl=1 300w, https:\/\/i0.wp.com\/elregionalvm.com.ar\/noticias-villa-maria\/wp-content\/uploads\/2023\/06\/Paginas-del-libro.jpg?resize=768%2C768&amp;ssl=1 768w, https:\/\/i0.wp.com\/elregionalvm.com.ar\/noticias-villa-maria\/wp-content\/uploads\/2023\/06\/Paginas-del-libro.jpg?resize=1536%2C1536&amp;ssl=1 1536w, https:\/\/i0.wp.com\/elregionalvm.com.ar\/noticias-villa-maria\/wp-content\/uploads\/2023\/06\/Paginas-del-libro.jpg?w=2048&amp;ssl=1 2048w\" sizes=\"(max-width: 1000px) 100vw, 1000px\" \/><figcaption><em>P\u00e1ginas del libro donde aparecen varios artistas, entre ellos, Lo Surdo.<\/em><\/figcaption><\/figure>\n\n\n\n<p><\/p>\n\n\n\n<p><strong>El libro <\/strong><\/p>\n\n\n\n<p>\u201cRock Memories Vol. II\u201d es un libro sobre la historia de la m\u00fasica, escrito por Maurizio Baiata (cr\u00edtico musical y excodirector de la revista Rolling Stone edici\u00f3n italiana).<\/p>\n\n\n\n<p>Baiata recorre la historia de la m\u00fasica a trav\u00e9s de sus art\u00edculos. En el segundo volumen, adem\u00e1s de los grandes nombres ya mencionados, tambi\u00e9n escribe sobre Carlos Santana, Van Halen, The Who, Lou Reed, King Crimson, Patti Smith y muchos otros.<\/p>\n\n\n\n<p>En el libro tambi\u00e9n se publican entrevistas con John McLaughlin, Franco Battiato y Carmine Appice.<\/p>\n\n\n\n<p>Lo Surdo fue incluido en la Historia de la M\u00fasica en 2021 cuando la prestigiosa revista Rolling Stone lo declar\u00f3 el guitarrista m\u00e1s r\u00e1pido de la historia de la m\u00fasica con sus legendarias 129 notas por segundo, ahora tambi\u00e9n escritas en los libros y destinadas a quedar para siempre en la historia de la m\u00fasica.<\/p>\n\n\n\n<p><\/p>\n\n\n\n<p><em><strong>Enlace del libro: https:\/\/www.mondadoristore.it\/Rock-memories-2-Bagliori-Maurizio-Baiata\/eai978886623491\/<\/strong><\/em><\/p>\n\n\n\n<p><\/p>\n\n\n\n<h3 class=\"wp-block-heading\"><strong>Tambi\u00e9n pod\u00e9s ver: <\/strong><\/h3>\n\n\n\n<p><\/p>\n\n\n\n<figure class=\"wp-block-embed is-type-wp-embed is-provider-el-regional wp-block-embed-el-regional\"><div class=\"wp-block-embed__wrapper\">\n<blockquote class=\"wp-embedded-content\" data-secret=\"Ar8DnSPfR8\"><a href=\"https:\/\/elregionalvm.com.ar\/noticias-villa-maria\/guitarrista-record-davide-lo-surdo-al-lado-de-jimi-hendrix-y-eric-clapton-en-la-historia\/\">[Guitarrista r\u00e9cord] Davide Lo Surdo, al lado de Jimi Hendrix y Eric Clapton en la historia<\/a><\/blockquote><iframe class=\"wp-embedded-content\" sandbox=\"allow-scripts\" security=\"restricted\" style=\"position: absolute; clip: rect(1px, 1px, 1px, 1px);\" title=\"\u00ab[Guitarrista r\u00e9cord] Davide Lo Surdo, al lado de Jimi Hendrix y Eric Clapton en la historia\u00bb \u2014 El Regional\" src=\"https:\/\/elregionalvm.com.ar\/noticias-villa-maria\/guitarrista-record-davide-lo-surdo-al-lado-de-jimi-hendrix-y-eric-clapton-en-la-historia\/embed\/#?secret=rA89zwaO3k#?secret=Ar8DnSPfR8\" data-secret=\"Ar8DnSPfR8\" width=\"500\" height=\"282\" frameborder=\"0\" marginwidth=\"0\" marginheight=\"0\" scrolling=\"no\"><\/iframe>\n<\/div><\/figure>\n\n\n\n<p><\/p>\n","protected":false},"excerpt":{"rendered":"<p>Davide Lo Surdo se consagra para siempre en la historia de la m\u00fasica y se convierte en una leyenda viva. El joven guitarrista italiano ha sido incluido en el nuevo libro de Historia de la M\u00fasica \u00abRock Memories Vol II\u00bb junto a nombres como The Beatles, Pink Floyd, Jimi Hendrix y John Lennon. Lo Surdo [&hellip;]<\/p>\n","protected":false},"author":4,"featured_media":77837,"comment_status":"open","ping_status":"open","sticky":false,"template":"","format":"standard","meta":{"site-sidebar-layout":"default","site-content-layout":"","ast-site-content-layout":"default","site-content-style":"default","site-sidebar-style":"default","ast-global-header-display":"","ast-banner-title-visibility":"","ast-main-header-display":"","ast-hfb-above-header-display":"","ast-hfb-below-header-display":"","ast-hfb-mobile-header-display":"","site-post-title":"","ast-breadcrumbs-content":"","ast-featured-img":"","footer-sml-layout":"","ast-disable-related-posts":"","theme-transparent-header-meta":"","adv-header-id-meta":"","stick-header-meta":"","header-above-stick-meta":"","header-main-stick-meta":"","header-below-stick-meta":"","astra-migrate-meta-layouts":"default","ast-page-background-enabled":"default","ast-page-background-meta":{"desktop":{"background-color":"","background-image":"","background-repeat":"repeat","background-position":"center center","background-size":"auto","background-attachment":"scroll","background-type":"","background-media":"","overlay-type":"","overlay-color":"","overlay-opacity":"","overlay-gradient":""},"tablet":{"background-color":"","background-image":"","background-repeat":"repeat","background-position":"center center","background-size":"auto","background-attachment":"scroll","background-type":"","background-media":"","overlay-type":"","overlay-color":"","overlay-opacity":"","overlay-gradient":""},"mobile":{"background-color":"","background-image":"","background-repeat":"repeat","background-position":"center center","background-size":"auto","background-attachment":"scroll","background-type":"","background-media":"","overlay-type":"","overlay-color":"","overlay-opacity":"","overlay-gradient":""}},"ast-content-background-meta":{"desktop":{"background-color":"var(--ast-global-color-5)","background-image":"","background-repeat":"repeat","background-position":"center center","background-size":"auto","background-attachment":"scroll","background-type":"","background-media":"","overlay-type":"","overlay-color":"","overlay-opacity":"","overlay-gradient":""},"tablet":{"background-color":"var(--ast-global-color-5)","background-image":"","background-repeat":"repeat","background-position":"center center","background-size":"auto","background-attachment":"scroll","background-type":"","background-media":"","overlay-type":"","overlay-color":"","overlay-opacity":"","overlay-gradient":""},"mobile":{"background-color":"var(--ast-global-color-5)","background-image":"","background-repeat":"repeat","background-position":"center center","background-size":"auto","background-attachment":"scroll","background-type":"","background-media":"","overlay-type":"","overlay-color":"","overlay-opacity":"","overlay-gradient":""}},"_jetpack_memberships_contains_paid_content":false,"_joinchat":[],"footnotes":""},"categories":[2098,3557],"tags":[22384,22180,22382,526,22181,1424,22385,1663,713,22383],"class_list":["post-77836","post","type-post","status-publish","format-standard","has-post-thumbnail","hentry","category-historias","category-tercera","tag-beatles","tag-davide-lo-surdo","tag-guitarrista","tag-italia","tag-jimi-hendrix","tag-libro","tag-memorias","tag-musica","tag-rock","tag-veloz"],"yoast_head":"<!-- This site is optimized with the Yoast SEO plugin v26.8 - https:\/\/yoast.com\/product\/yoast-seo-wordpress\/ -->\n<title>[Guitarra veloz] Davide Lo Surdo es incluido con The Beatles en el libro de historia de la m\u00fasica \u201cRock Memories 2\u201d - El Regional<\/title>\n<meta name=\"robots\" content=\"index, follow, max-snippet:-1, max-image-preview:large, max-video-preview:-1\" \/>\n<link rel=\"canonical\" href=\"http:\/\/elregionalvm.com.ar\/noticias-villa-maria\/guitarra-veloz-davide-lo-surdo-es-incluido-con-the-beatles-en-el-libro-de-historia-de-la-musica-rock-memories-2\/\" \/>\n<meta property=\"og:locale\" content=\"es_ES\" \/>\n<meta property=\"og:type\" content=\"article\" \/>\n<meta property=\"og:title\" content=\"[Guitarra veloz] Davide Lo Surdo es incluido con The Beatles en el libro de historia de la m\u00fasica \u201cRock Memories 2\u201d - El Regional\" \/>\n<meta property=\"og:description\" content=\"Davide Lo Surdo se consagra para siempre en la historia de la m\u00fasica y se convierte en una leyenda viva. El joven guitarrista italiano ha sido incluido en el nuevo libro de Historia de la M\u00fasica \u00abRock Memories Vol II\u00bb junto a nombres como The Beatles, Pink Floyd, Jimi Hendrix y John Lennon. Lo Surdo [&hellip;]\" \/>\n<meta property=\"og:url\" content=\"http:\/\/elregionalvm.com.ar\/noticias-villa-maria\/guitarra-veloz-davide-lo-surdo-es-incluido-con-the-beatles-en-el-libro-de-historia-de-la-musica-rock-memories-2\/\" \/>\n<meta property=\"og:site_name\" content=\"El Regional\" \/>\n<meta property=\"article:publisher\" content=\"https:\/\/www.facebook.com\/elregionalvm\" \/>\n<meta property=\"article:published_time\" content=\"2023-06-07T22:02:55+00:00\" \/>\n<meta property=\"article:modified_time\" content=\"2023-06-10T02:20:30+00:00\" \/>\n<meta property=\"og:image\" content=\"http:\/\/elregionalvm.com.ar\/noticias-villa-maria\/wp-content\/uploads\/2023\/06\/Foto-principal-del-articulo.jpg\" \/>\n\t<meta property=\"og:image:width\" content=\"1170\" \/>\n\t<meta property=\"og:image:height\" content=\"878\" \/>\n\t<meta property=\"og:image:type\" content=\"image\/jpeg\" \/>\n<meta name=\"author\" content=\"Contenidos El Regional\" \/>\n<meta name=\"twitter:card\" content=\"summary_large_image\" \/>\n<meta name=\"twitter:creator\" content=\"@elregionalvm1\" \/>\n<meta name=\"twitter:site\" content=\"@elregionalvm1\" \/>\n<meta name=\"twitter:label1\" content=\"Escrito por\" \/>\n\t<meta name=\"twitter:data1\" content=\"Contenidos El Regional\" \/>\n\t<meta name=\"twitter:label2\" content=\"Tiempo de lectura\" \/>\n\t<meta name=\"twitter:data2\" content=\"2 minutos\" \/>\n<script type=\"application\/ld+json\" class=\"yoast-schema-graph\">{\"@context\":\"https:\/\/schema.org\",\"@graph\":[{\"@type\":\"Article\",\"@id\":\"http:\/\/elregionalvm.com.ar\/noticias-villa-maria\/guitarra-veloz-davide-lo-surdo-es-incluido-con-the-beatles-en-el-libro-de-historia-de-la-musica-rock-memories-2\/#article\",\"isPartOf\":{\"@id\":\"http:\/\/elregionalvm.com.ar\/noticias-villa-maria\/guitarra-veloz-davide-lo-surdo-es-incluido-con-the-beatles-en-el-libro-de-historia-de-la-musica-rock-memories-2\/\"},\"author\":{\"name\":\"Contenidos El Regional\",\"@id\":\"http:\/\/elregionalvm.com.ar\/noticias-villa-maria\/#\/schema\/person\/a0fb9c422317faca23d50163151bc354\"},\"headline\":\"[Guitarra veloz] Davide Lo Surdo es incluido con The Beatles en el libro de historia de la m\u00fasica \u201cRock Memories 2\u201d\",\"datePublished\":\"2023-06-07T22:02:55+00:00\",\"dateModified\":\"2023-06-10T02:20:30+00:00\",\"mainEntityOfPage\":{\"@id\":\"http:\/\/elregionalvm.com.ar\/noticias-villa-maria\/guitarra-veloz-davide-lo-surdo-es-incluido-con-the-beatles-en-el-libro-de-historia-de-la-musica-rock-memories-2\/\"},\"wordCount\":284,\"commentCount\":0,\"image\":{\"@id\":\"http:\/\/elregionalvm.com.ar\/noticias-villa-maria\/guitarra-veloz-davide-lo-surdo-es-incluido-con-the-beatles-en-el-libro-de-historia-de-la-musica-rock-memories-2\/#primaryimage\"},\"thumbnailUrl\":\"https:\/\/i0.wp.com\/elregionalvm.com.ar\/noticias-villa-maria\/wp-content\/uploads\/2023\/06\/Foto-principal-del-articulo.jpg?fit=1170%2C878&ssl=1\",\"keywords\":[\"Beatles\",\"Davide Lo Surdo\",\"guitarrista\",\"Italia\",\"Jimi Hendrix\",\"Libro\",\"memorias\",\"M\u00fasica\",\"Rock\",\"veloz\"],\"articleSection\":[\"Historias\",\"tercera\"],\"inLanguage\":\"es\",\"potentialAction\":[{\"@type\":\"CommentAction\",\"name\":\"Comment\",\"target\":[\"http:\/\/elregionalvm.com.ar\/noticias-villa-maria\/guitarra-veloz-davide-lo-surdo-es-incluido-con-the-beatles-en-el-libro-de-historia-de-la-musica-rock-memories-2\/#respond\"]}]},{\"@type\":\"WebPage\",\"@id\":\"http:\/\/elregionalvm.com.ar\/noticias-villa-maria\/guitarra-veloz-davide-lo-surdo-es-incluido-con-the-beatles-en-el-libro-de-historia-de-la-musica-rock-memories-2\/\",\"url\":\"http:\/\/elregionalvm.com.ar\/noticias-villa-maria\/guitarra-veloz-davide-lo-surdo-es-incluido-con-the-beatles-en-el-libro-de-historia-de-la-musica-rock-memories-2\/\",\"name\":\"[Guitarra veloz] Davide Lo Surdo es incluido con The Beatles en el libro de historia de la m\u00fasica \u201cRock Memories 2\u201d - El Regional\",\"isPartOf\":{\"@id\":\"http:\/\/elregionalvm.com.ar\/noticias-villa-maria\/#website\"},\"primaryImageOfPage\":{\"@id\":\"http:\/\/elregionalvm.com.ar\/noticias-villa-maria\/guitarra-veloz-davide-lo-surdo-es-incluido-con-the-beatles-en-el-libro-de-historia-de-la-musica-rock-memories-2\/#primaryimage\"},\"image\":{\"@id\":\"http:\/\/elregionalvm.com.ar\/noticias-villa-maria\/guitarra-veloz-davide-lo-surdo-es-incluido-con-the-beatles-en-el-libro-de-historia-de-la-musica-rock-memories-2\/#primaryimage\"},\"thumbnailUrl\":\"https:\/\/i0.wp.com\/elregionalvm.com.ar\/noticias-villa-maria\/wp-content\/uploads\/2023\/06\/Foto-principal-del-articulo.jpg?fit=1170%2C878&ssl=1\",\"datePublished\":\"2023-06-07T22:02:55+00:00\",\"dateModified\":\"2023-06-10T02:20:30+00:00\",\"author\":{\"@id\":\"http:\/\/elregionalvm.com.ar\/noticias-villa-maria\/#\/schema\/person\/a0fb9c422317faca23d50163151bc354\"},\"breadcrumb\":{\"@id\":\"http:\/\/elregionalvm.com.ar\/noticias-villa-maria\/guitarra-veloz-davide-lo-surdo-es-incluido-con-the-beatles-en-el-libro-de-historia-de-la-musica-rock-memories-2\/#breadcrumb\"},\"inLanguage\":\"es\",\"potentialAction\":[{\"@type\":\"ReadAction\",\"target\":[\"http:\/\/elregionalvm.com.ar\/noticias-villa-maria\/guitarra-veloz-davide-lo-surdo-es-incluido-con-the-beatles-en-el-libro-de-historia-de-la-musica-rock-memories-2\/\"]}]},{\"@type\":\"ImageObject\",\"inLanguage\":\"es\",\"@id\":\"http:\/\/elregionalvm.com.ar\/noticias-villa-maria\/guitarra-veloz-davide-lo-surdo-es-incluido-con-the-beatles-en-el-libro-de-historia-de-la-musica-rock-memories-2\/#primaryimage\",\"url\":\"https:\/\/i0.wp.com\/elregionalvm.com.ar\/noticias-villa-maria\/wp-content\/uploads\/2023\/06\/Foto-principal-del-articulo.jpg?fit=1170%2C878&ssl=1\",\"contentUrl\":\"https:\/\/i0.wp.com\/elregionalvm.com.ar\/noticias-villa-maria\/wp-content\/uploads\/2023\/06\/Foto-principal-del-articulo.jpg?fit=1170%2C878&ssl=1\",\"width\":1170,\"height\":878},{\"@type\":\"BreadcrumbList\",\"@id\":\"http:\/\/elregionalvm.com.ar\/noticias-villa-maria\/guitarra-veloz-davide-lo-surdo-es-incluido-con-the-beatles-en-el-libro-de-historia-de-la-musica-rock-memories-2\/#breadcrumb\",\"itemListElement\":[{\"@type\":\"ListItem\",\"position\":1,\"name\":\"Portada\",\"item\":\"https:\/\/elregionalvm.com.ar\/noticias-villa-maria\/\"},{\"@type\":\"ListItem\",\"position\":2,\"name\":\"[Guitarra veloz] Davide Lo Surdo es incluido con The Beatles en el libro de historia de la m\u00fasica \u201cRock Memories 2\u201d\"}]},{\"@type\":\"WebSite\",\"@id\":\"http:\/\/elregionalvm.com.ar\/noticias-villa-maria\/#website\",\"url\":\"http:\/\/elregionalvm.com.ar\/noticias-villa-maria\/\",\"name\":\"El Regional\",\"description\":\"Mucho m\u00e1s que informaci\u00f3n\",\"potentialAction\":[{\"@type\":\"SearchAction\",\"target\":{\"@type\":\"EntryPoint\",\"urlTemplate\":\"http:\/\/elregionalvm.com.ar\/noticias-villa-maria\/?s={search_term_string}\"},\"query-input\":{\"@type\":\"PropertyValueSpecification\",\"valueRequired\":true,\"valueName\":\"search_term_string\"}}],\"inLanguage\":\"es\"},{\"@type\":\"Person\",\"@id\":\"http:\/\/elregionalvm.com.ar\/noticias-villa-maria\/#\/schema\/person\/a0fb9c422317faca23d50163151bc354\",\"name\":\"Contenidos El Regional\",\"image\":{\"@type\":\"ImageObject\",\"inLanguage\":\"es\",\"@id\":\"http:\/\/elregionalvm.com.ar\/noticias-villa-maria\/#\/schema\/person\/image\/\",\"url\":\"https:\/\/secure.gravatar.com\/avatar\/265b27cb2209af7bb3a1318f03305787d7981a5cc6e6cd08fe5a4ecdf99d4b48?s=96&d=mm&r=g\",\"contentUrl\":\"https:\/\/secure.gravatar.com\/avatar\/265b27cb2209af7bb3a1318f03305787d7981a5cc6e6cd08fe5a4ecdf99d4b48?s=96&d=mm&r=g\",\"caption\":\"Contenidos El Regional\"},\"url\":\"https:\/\/elregionalvm.com.ar\/noticias-villa-maria\/author\/contenido\/\"}]}<\/script>\n<!-- \/ Yoast SEO plugin. -->","yoast_head_json":{"title":"[Guitarra veloz] Davide Lo Surdo es incluido con The Beatles en el libro de historia de la m\u00fasica \u201cRock Memories 2\u201d - El Regional","robots":{"index":"index","follow":"follow","max-snippet":"max-snippet:-1","max-image-preview":"max-image-preview:large","max-video-preview":"max-video-preview:-1"},"canonical":"http:\/\/elregionalvm.com.ar\/noticias-villa-maria\/guitarra-veloz-davide-lo-surdo-es-incluido-con-the-beatles-en-el-libro-de-historia-de-la-musica-rock-memories-2\/","og_locale":"es_ES","og_type":"article","og_title":"[Guitarra veloz] Davide Lo Surdo es incluido con The Beatles en el libro de historia de la m\u00fasica \u201cRock Memories 2\u201d - El Regional","og_description":"Davide Lo Surdo se consagra para siempre en la historia de la m\u00fasica y se convierte en una leyenda viva. El joven guitarrista italiano ha sido incluido en el nuevo libro de Historia de la M\u00fasica \u00abRock Memories Vol II\u00bb junto a nombres como The Beatles, Pink Floyd, Jimi Hendrix y John Lennon. Lo Surdo [&hellip;]","og_url":"http:\/\/elregionalvm.com.ar\/noticias-villa-maria\/guitarra-veloz-davide-lo-surdo-es-incluido-con-the-beatles-en-el-libro-de-historia-de-la-musica-rock-memories-2\/","og_site_name":"El Regional","article_publisher":"https:\/\/www.facebook.com\/elregionalvm","article_published_time":"2023-06-07T22:02:55+00:00","article_modified_time":"2023-06-10T02:20:30+00:00","og_image":[{"width":1170,"height":878,"url":"http:\/\/elregionalvm.com.ar\/noticias-villa-maria\/wp-content\/uploads\/2023\/06\/Foto-principal-del-articulo.jpg","type":"image\/jpeg"}],"author":"Contenidos El Regional","twitter_card":"summary_large_image","twitter_creator":"@elregionalvm1","twitter_site":"@elregionalvm1","twitter_misc":{"Escrito por":"Contenidos El Regional","Tiempo de lectura":"2 minutos"},"schema":{"@context":"https:\/\/schema.org","@graph":[{"@type":"Article","@id":"http:\/\/elregionalvm.com.ar\/noticias-villa-maria\/guitarra-veloz-davide-lo-surdo-es-incluido-con-the-beatles-en-el-libro-de-historia-de-la-musica-rock-memories-2\/#article","isPartOf":{"@id":"http:\/\/elregionalvm.com.ar\/noticias-villa-maria\/guitarra-veloz-davide-lo-surdo-es-incluido-con-the-beatles-en-el-libro-de-historia-de-la-musica-rock-memories-2\/"},"author":{"name":"Contenidos El Regional","@id":"http:\/\/elregionalvm.com.ar\/noticias-villa-maria\/#\/schema\/person\/a0fb9c422317faca23d50163151bc354"},"headline":"[Guitarra veloz] Davide Lo Surdo es incluido con The Beatles en el libro de historia de la m\u00fasica \u201cRock Memories 2\u201d","datePublished":"2023-06-07T22:02:55+00:00","dateModified":"2023-06-10T02:20:30+00:00","mainEntityOfPage":{"@id":"http:\/\/elregionalvm.com.ar\/noticias-villa-maria\/guitarra-veloz-davide-lo-surdo-es-incluido-con-the-beatles-en-el-libro-de-historia-de-la-musica-rock-memories-2\/"},"wordCount":284,"commentCount":0,"image":{"@id":"http:\/\/elregionalvm.com.ar\/noticias-villa-maria\/guitarra-veloz-davide-lo-surdo-es-incluido-con-the-beatles-en-el-libro-de-historia-de-la-musica-rock-memories-2\/#primaryimage"},"thumbnailUrl":"https:\/\/i0.wp.com\/elregionalvm.com.ar\/noticias-villa-maria\/wp-content\/uploads\/2023\/06\/Foto-principal-del-articulo.jpg?fit=1170%2C878&ssl=1","keywords":["Beatles","Davide Lo Surdo","guitarrista","Italia","Jimi Hendrix","Libro","memorias","M\u00fasica","Rock","veloz"],"articleSection":["Historias","tercera"],"inLanguage":"es","potentialAction":[{"@type":"CommentAction","name":"Comment","target":["http:\/\/elregionalvm.com.ar\/noticias-villa-maria\/guitarra-veloz-davide-lo-surdo-es-incluido-con-the-beatles-en-el-libro-de-historia-de-la-musica-rock-memories-2\/#respond"]}]},{"@type":"WebPage","@id":"http:\/\/elregionalvm.com.ar\/noticias-villa-maria\/guitarra-veloz-davide-lo-surdo-es-incluido-con-the-beatles-en-el-libro-de-historia-de-la-musica-rock-memories-2\/","url":"http:\/\/elregionalvm.com.ar\/noticias-villa-maria\/guitarra-veloz-davide-lo-surdo-es-incluido-con-the-beatles-en-el-libro-de-historia-de-la-musica-rock-memories-2\/","name":"[Guitarra veloz] Davide Lo Surdo es incluido con The Beatles en el libro de historia de la m\u00fasica \u201cRock Memories 2\u201d - El Regional","isPartOf":{"@id":"http:\/\/elregionalvm.com.ar\/noticias-villa-maria\/#website"},"primaryImageOfPage":{"@id":"http:\/\/elregionalvm.com.ar\/noticias-villa-maria\/guitarra-veloz-davide-lo-surdo-es-incluido-con-the-beatles-en-el-libro-de-historia-de-la-musica-rock-memories-2\/#primaryimage"},"image":{"@id":"http:\/\/elregionalvm.com.ar\/noticias-villa-maria\/guitarra-veloz-davide-lo-surdo-es-incluido-con-the-beatles-en-el-libro-de-historia-de-la-musica-rock-memories-2\/#primaryimage"},"thumbnailUrl":"https:\/\/i0.wp.com\/elregionalvm.com.ar\/noticias-villa-maria\/wp-content\/uploads\/2023\/06\/Foto-principal-del-articulo.jpg?fit=1170%2C878&ssl=1","datePublished":"2023-06-07T22:02:55+00:00","dateModified":"2023-06-10T02:20:30+00:00","author":{"@id":"http:\/\/elregionalvm.com.ar\/noticias-villa-maria\/#\/schema\/person\/a0fb9c422317faca23d50163151bc354"},"breadcrumb":{"@id":"http:\/\/elregionalvm.com.ar\/noticias-villa-maria\/guitarra-veloz-davide-lo-surdo-es-incluido-con-the-beatles-en-el-libro-de-historia-de-la-musica-rock-memories-2\/#breadcrumb"},"inLanguage":"es","potentialAction":[{"@type":"ReadAction","target":["http:\/\/elregionalvm.com.ar\/noticias-villa-maria\/guitarra-veloz-davide-lo-surdo-es-incluido-con-the-beatles-en-el-libro-de-historia-de-la-musica-rock-memories-2\/"]}]},{"@type":"ImageObject","inLanguage":"es","@id":"http:\/\/elregionalvm.com.ar\/noticias-villa-maria\/guitarra-veloz-davide-lo-surdo-es-incluido-con-the-beatles-en-el-libro-de-historia-de-la-musica-rock-memories-2\/#primaryimage","url":"https:\/\/i0.wp.com\/elregionalvm.com.ar\/noticias-villa-maria\/wp-content\/uploads\/2023\/06\/Foto-principal-del-articulo.jpg?fit=1170%2C878&ssl=1","contentUrl":"https:\/\/i0.wp.com\/elregionalvm.com.ar\/noticias-villa-maria\/wp-content\/uploads\/2023\/06\/Foto-principal-del-articulo.jpg?fit=1170%2C878&ssl=1","width":1170,"height":878},{"@type":"BreadcrumbList","@id":"http:\/\/elregionalvm.com.ar\/noticias-villa-maria\/guitarra-veloz-davide-lo-surdo-es-incluido-con-the-beatles-en-el-libro-de-historia-de-la-musica-rock-memories-2\/#breadcrumb","itemListElement":[{"@type":"ListItem","position":1,"name":"Portada","item":"https:\/\/elregionalvm.com.ar\/noticias-villa-maria\/"},{"@type":"ListItem","position":2,"name":"[Guitarra veloz] Davide Lo Surdo es incluido con The Beatles en el libro de historia de la m\u00fasica \u201cRock Memories 2\u201d"}]},{"@type":"WebSite","@id":"http:\/\/elregionalvm.com.ar\/noticias-villa-maria\/#website","url":"http:\/\/elregionalvm.com.ar\/noticias-villa-maria\/","name":"El Regional","description":"Mucho m\u00e1s que informaci\u00f3n","potentialAction":[{"@type":"SearchAction","target":{"@type":"EntryPoint","urlTemplate":"http:\/\/elregionalvm.com.ar\/noticias-villa-maria\/?s={search_term_string}"},"query-input":{"@type":"PropertyValueSpecification","valueRequired":true,"valueName":"search_term_string"}}],"inLanguage":"es"},{"@type":"Person","@id":"http:\/\/elregionalvm.com.ar\/noticias-villa-maria\/#\/schema\/person\/a0fb9c422317faca23d50163151bc354","name":"Contenidos El Regional","image":{"@type":"ImageObject","inLanguage":"es","@id":"http:\/\/elregionalvm.com.ar\/noticias-villa-maria\/#\/schema\/person\/image\/","url":"https:\/\/secure.gravatar.com\/avatar\/265b27cb2209af7bb3a1318f03305787d7981a5cc6e6cd08fe5a4ecdf99d4b48?s=96&d=mm&r=g","contentUrl":"https:\/\/secure.gravatar.com\/avatar\/265b27cb2209af7bb3a1318f03305787d7981a5cc6e6cd08fe5a4ecdf99d4b48?s=96&d=mm&r=g","caption":"Contenidos El Regional"},"url":"https:\/\/elregionalvm.com.ar\/noticias-villa-maria\/author\/contenido\/"}]}},"jetpack_featured_media_url":"https:\/\/i0.wp.com\/elregionalvm.com.ar\/noticias-villa-maria\/wp-content\/uploads\/2023\/06\/Foto-principal-del-articulo.jpg?fit=1170%2C878&ssl=1","jetpack_sharing_enabled":true,"_links":{"self":[{"href":"https:\/\/elregionalvm.com.ar\/noticias-villa-maria\/wp-json\/wp\/v2\/posts\/77836","targetHints":{"allow":["GET"]}}],"collection":[{"href":"https:\/\/elregionalvm.com.ar\/noticias-villa-maria\/wp-json\/wp\/v2\/posts"}],"about":[{"href":"https:\/\/elregionalvm.com.ar\/noticias-villa-maria\/wp-json\/wp\/v2\/types\/post"}],"author":[{"embeddable":true,"href":"https:\/\/elregionalvm.com.ar\/noticias-villa-maria\/wp-json\/wp\/v2\/users\/4"}],"replies":[{"embeddable":true,"href":"https:\/\/elregionalvm.com.ar\/noticias-villa-maria\/wp-json\/wp\/v2\/comments?post=77836"}],"version-history":[{"count":1,"href":"https:\/\/elregionalvm.com.ar\/noticias-villa-maria\/wp-json\/wp\/v2\/posts\/77836\/revisions"}],"predecessor-version":[{"id":77839,"href":"https:\/\/elregionalvm.com.ar\/noticias-villa-maria\/wp-json\/wp\/v2\/posts\/77836\/revisions\/77839"}],"wp:featuredmedia":[{"embeddable":true,"href":"https:\/\/elregionalvm.com.ar\/noticias-villa-maria\/wp-json\/wp\/v2\/media\/77837"}],"wp:attachment":[{"href":"https:\/\/elregionalvm.com.ar\/noticias-villa-maria\/wp-json\/wp\/v2\/media?parent=77836"}],"wp:term":[{"taxonomy":"category","embeddable":true,"href":"https:\/\/elregionalvm.com.ar\/noticias-villa-maria\/wp-json\/wp\/v2\/categories?post=77836"},{"taxonomy":"post_tag","embeddable":true,"href":"https:\/\/elregionalvm.com.ar\/noticias-villa-maria\/wp-json\/wp\/v2\/tags?post=77836"}],"curies":[{"name":"wp","href":"https:\/\/api.w.org\/{rel}","templated":true}]}}