{"id":78012,"date":"2023-06-12T00:28:40","date_gmt":"2023-06-12T00:28:40","guid":{"rendered":"https:\/\/elregionalvm.com.ar\/noticias-villa-maria\/?p=78012"},"modified":"2023-06-12T00:33:22","modified_gmt":"2023-06-12T00:33:22","slug":"el-concierto-de-fabricio-rodriguez-a-beneficio-de-lalcec-sera-declarado-de-interes-cultural","status":"publish","type":"post","link":"https:\/\/elregionalvm.com.ar\/noticias-villa-maria\/el-concierto-de-fabricio-rodriguez-a-beneficio-de-lalcec-sera-declarado-de-interes-cultural\/","title":{"rendered":"El concierto de Fabricio Rodr\u00edguez a beneficio de LALCEC ser\u00e1 declarado de inter\u00e9s cultural (Video)"},"content":{"rendered":"\n<p><\/p>\n\n\n\n<h3 class=\"wp-block-heading\"><strong>Un show que dur\u00f3 alrededor de dos horas y que tuvo todos los matices, en una noche so\u00f1ada para el artista que hac\u00eda 4 a\u00f1os no pisaba el escenario del Teatro Verdi. No solo present\u00f3 temas de su nuevo material discogr\u00e1fico, sino que, repas\u00f3 temas del cancionero popular con invitados locales. Don\u00f3 su primera guitarra al Museo del Anfi y la recaudaci\u00f3n del concierto a beneficio de LALCEC.<\/strong><\/h3>\n\n\n\n<h3 class=\"wp-block-heading\"><br><br><\/h3>\n\n\n\n<p><strong>Escribe: Carolina Durand<\/strong><\/p>\n\n\n\n<p><\/p>\n\n\n\n<p><br>Dentro de su Gira 2023 de invierno, el artista Fabricio Rodr\u00edguez, cantautor y armonicista, se present\u00f3 en el Teatro Verdi junto al Coro Gospel Kumbaya con un concierto ben\u00e9fico para la sede del LALCEC Villa Mar\u00eda, en el marco de una campa\u00f1a que lleva adelante a trav\u00e9s de su m\u00fasica y diferentes acciones solidarias.<\/p>\n\n\n\n<p>Los fondos recaudados a trav\u00e9s de las entradas, ser\u00e1n destinados a la elaboraci\u00f3n de la Campa\u00f1a del mes de octubre que realizan desde la Liga Argentina de Lucha contra el C\u00e1ncer en materia de prevenci\u00f3n temprana del c\u00e1ncer de mama.&nbsp;<\/p>\n\n\n\n<p>El espect\u00e1culo comenz\u00f3 alrededor de las 22 horas a sala llena. El artista tuvo intervalos donde interactu\u00f3 con el p\u00fablico y le puso humor como es habitu\u00e9 al hacer peque\u00f1as introducciones de algunos temas musicales.<\/p>\n\n\n\n<p>Lo mismo hizo al invitar al escenario al m\u00fasico Santi Fiuri y luego, Enrique \u201cCacho\u201d Aiello, resaltando an\u00e9cdotas, la calidad de artistas que son y su v\u00ednculo personal con cada uno.<\/p>\n\n\n\n<p><\/p>\n\n\n\n<figure class=\"wp-block-image size-large\"><img data-recalc-dims=\"1\" fetchpriority=\"high\" decoding=\"async\" width=\"1024\" height=\"691\" src=\"https:\/\/i0.wp.com\/elregionalvm.com.ar\/noticias-villa-maria\/wp-content\/uploads\/2023\/06\/Fabricio-Rodriguez-recital-Lalcec-2.jpeg?resize=1024%2C691&#038;ssl=1\" alt=\"\" class=\"wp-image-78014\" srcset=\"https:\/\/i0.wp.com\/elregionalvm.com.ar\/noticias-villa-maria\/wp-content\/uploads\/2023\/06\/Fabricio-Rodriguez-recital-Lalcec-2.jpeg?resize=1024%2C691&amp;ssl=1 1024w, https:\/\/i0.wp.com\/elregionalvm.com.ar\/noticias-villa-maria\/wp-content\/uploads\/2023\/06\/Fabricio-Rodriguez-recital-Lalcec-2.jpeg?resize=300%2C203&amp;ssl=1 300w, https:\/\/i0.wp.com\/elregionalvm.com.ar\/noticias-villa-maria\/wp-content\/uploads\/2023\/06\/Fabricio-Rodriguez-recital-Lalcec-2.jpeg?resize=768%2C518&amp;ssl=1 768w, https:\/\/i0.wp.com\/elregionalvm.com.ar\/noticias-villa-maria\/wp-content\/uploads\/2023\/06\/Fabricio-Rodriguez-recital-Lalcec-2.jpeg?w=1200&amp;ssl=1 1200w\" sizes=\"(max-width: 1000px) 100vw, 1000px\" \/><\/figure>\n\n\n\n<p><\/p>\n\n\n\n<p>A medio concierto, hizo un parate para hacer entrega al intendente Mart\u00edn Gill, al presidente del Ente Deporte y Turismo SEM, Sebasti\u00e1n Panero, y a la directora de Turismo de la ciudad, Sof\u00eda Vilchez, de la primera guitarra que utiliz\u00f3 en sus comienzos como m\u00fasico,\u00a0la cual ser\u00e1 exhibida en el Museo del Anfi.<\/p>\n\n\n\n<p>Les agradeci\u00f3 por \u201csiempre acompa\u00f1arlo\u201d y resalt\u00f3 que, \u201cfue la primera guitarra que sus padres le compraron con mucho esfuerzo\u201d.<\/p>\n\n\n\n<p>Seguidamente le agradeci\u00f3 a la concejal Natalia Gonz\u00e1les, quien le hizo saber que el concierto ser\u00e1 declarado de Inter\u00e9s Cultural.<\/p>\n\n\n\n<p><\/p>\n\n\n\n<figure class=\"wp-block-embed is-type-video is-provider-youtube wp-block-embed-youtube wp-embed-aspect-16-9 wp-has-aspect-ratio\"><div class=\"wp-block-embed__wrapper\">\n<iframe title=\"Fabricio Rodr\u00edguez en concierto solidario: Don\u00f3 su primera guitarra al Museo del Anfi de Villa Mar\u00eda\" width=\"500\" height=\"281\" src=\"https:\/\/www.youtube.com\/embed\/zgyf-CXTqcs?feature=oembed\" frameborder=\"0\" allow=\"accelerometer; autoplay; clipboard-write; encrypted-media; gyroscope; picture-in-picture; web-share\" referrerpolicy=\"strict-origin-when-cross-origin\" allowfullscreen><\/iframe>\n<\/div><\/figure>\n\n\n\n<p><\/p>\n\n\n\n<p><strong>M\u00e1s agradecimientos <\/strong><\/p>\n\n\n\n<p>Antes de finalizar el show, agradeci\u00f3 al Dr. Roberto Ben\u00edtez, quien le habl\u00f3 de la necesidad de la instituci\u00f3n de contar con un lugar f\u00edsico propio para atender a la gente, el cual fue inaugurado recientemente en el local 15 de la Galer\u00eda Internacional.<\/p>\n\n\n\n<p>\u201c\u00c9l me contagi\u00f3 la energ\u00eda y el sue\u00f1o de contar con el espacio y apoyar el trabajo a destajo que llevan hace muchos a\u00f1os\u201d, dijo el artista.<\/p>\n\n\n\n<p>Entre sus agradecimientos, mencion\u00f3 a Dar\u00edo Capitani y Miguel Olaviaga, entre otros, que se acercaron a prestar colaboraci\u00f3n en lo que necesiten para sumar voluntades en la prevenci\u00f3n contra el c\u00e1ncer de mama y las acciones que lleva adelante LALCEC.<\/p>\n\n\n\n<p>\u201cPara nosotros era importante tener esta convocatoria y el apoyo de todos en esta causa que realmente es importante. Mi compromiso es con la instituci\u00f3n y con la gente que trabaja a pulm\u00f3n. Les agradezco por acercarse y peguntar que necesitamos para continuar con la causa a beneficio de tantas mujeres. De coraz\u00f3n les agradezco\u201d, remarc\u00f3.<\/p>\n","protected":false},"excerpt":{"rendered":"<p>Un show que dur\u00f3 alrededor de dos horas y que tuvo todos los matices, en una noche so\u00f1ada para el artista que hac\u00eda 4 a\u00f1os no pisaba el escenario del Teatro Verdi. No solo present\u00f3 temas de su nuevo material discogr\u00e1fico, sino que, repas\u00f3 temas del cancionero popular con invitados locales. Don\u00f3 su primera guitarra [&hellip;]<\/p>\n","protected":false},"author":4,"featured_media":78015,"comment_status":"open","ping_status":"open","sticky":false,"template":"","format":"standard","meta":{"site-sidebar-layout":"default","site-content-layout":"","ast-site-content-layout":"default","site-content-style":"default","site-sidebar-style":"default","ast-global-header-display":"","ast-banner-title-visibility":"","ast-main-header-display":"","ast-hfb-above-header-display":"","ast-hfb-below-header-display":"","ast-hfb-mobile-header-display":"","site-post-title":"","ast-breadcrumbs-content":"","ast-featured-img":"","footer-sml-layout":"","ast-disable-related-posts":"","theme-transparent-header-meta":"","adv-header-id-meta":"","stick-header-meta":"","header-above-stick-meta":"","header-main-stick-meta":"","header-below-stick-meta":"","astra-migrate-meta-layouts":"default","ast-page-background-enabled":"default","ast-page-background-meta":{"desktop":{"background-color":"","background-image":"","background-repeat":"repeat","background-position":"center center","background-size":"auto","background-attachment":"scroll","background-type":"","background-media":"","overlay-type":"","overlay-color":"","overlay-opacity":"","overlay-gradient":""},"tablet":{"background-color":"","background-image":"","background-repeat":"repeat","background-position":"center center","background-size":"auto","background-attachment":"scroll","background-type":"","background-media":"","overlay-type":"","overlay-color":"","overlay-opacity":"","overlay-gradient":""},"mobile":{"background-color":"","background-image":"","background-repeat":"repeat","background-position":"center center","background-size":"auto","background-attachment":"scroll","background-type":"","background-media":"","overlay-type":"","overlay-color":"","overlay-opacity":"","overlay-gradient":""}},"ast-content-background-meta":{"desktop":{"background-color":"var(--ast-global-color-5)","background-image":"","background-repeat":"repeat","background-position":"center center","background-size":"auto","background-attachment":"scroll","background-type":"","background-media":"","overlay-type":"","overlay-color":"","overlay-opacity":"","overlay-gradient":""},"tablet":{"background-color":"var(--ast-global-color-5)","background-image":"","background-repeat":"repeat","background-position":"center center","background-size":"auto","background-attachment":"scroll","background-type":"","background-media":"","overlay-type":"","overlay-color":"","overlay-opacity":"","overlay-gradient":""},"mobile":{"background-color":"var(--ast-global-color-5)","background-image":"","background-repeat":"repeat","background-position":"center center","background-size":"auto","background-attachment":"scroll","background-type":"","background-media":"","overlay-type":"","overlay-color":"","overlay-opacity":"","overlay-gradient":""}},"_jetpack_memberships_contains_paid_content":false,"_joinchat":[],"footnotes":""},"categories":[15302,2074,2],"tags":[809,2358,2351,5622,22407,22406,2824,2651,18507],"class_list":["post-78012","post","type-post","status-publish","format-standard","has-post-thumbnail","hentry","category-destacado","category-videos","category-villa-maria","tag-cancer","tag-concierto","tag-fabricio-rodriguez","tag-guitarra","tag-interes-cultural","tag-lalcec","tag-martin-gill-2","tag-prevencion","tag-teatro-verdi"],"yoast_head":"<!-- This site is optimized with the Yoast SEO plugin v26.8 - https:\/\/yoast.com\/product\/yoast-seo-wordpress\/ -->\n<title>El concierto de Fabricio Rodr\u00edguez a beneficio de LALCEC ser\u00e1 declarado de inter\u00e9s cultural (Video) - El Regional<\/title>\n<meta name=\"robots\" content=\"index, follow, max-snippet:-1, max-image-preview:large, max-video-preview:-1\" \/>\n<link rel=\"canonical\" href=\"http:\/\/elregionalvm.com.ar\/noticias-villa-maria\/el-concierto-de-fabricio-rodriguez-a-beneficio-de-lalcec-sera-declarado-de-interes-cultural\/\" \/>\n<meta property=\"og:locale\" content=\"es_ES\" \/>\n<meta property=\"og:type\" content=\"article\" \/>\n<meta property=\"og:title\" content=\"El concierto de Fabricio Rodr\u00edguez a beneficio de LALCEC ser\u00e1 declarado de inter\u00e9s cultural (Video) - El Regional\" \/>\n<meta property=\"og:description\" content=\"Un show que dur\u00f3 alrededor de dos horas y que tuvo todos los matices, en una noche so\u00f1ada para el artista que hac\u00eda 4 a\u00f1os no pisaba el escenario del Teatro Verdi. No solo present\u00f3 temas de su nuevo material discogr\u00e1fico, sino que, repas\u00f3 temas del cancionero popular con invitados locales. Don\u00f3 su primera guitarra [&hellip;]\" \/>\n<meta property=\"og:url\" content=\"http:\/\/elregionalvm.com.ar\/noticias-villa-maria\/el-concierto-de-fabricio-rodriguez-a-beneficio-de-lalcec-sera-declarado-de-interes-cultural\/\" \/>\n<meta property=\"og:site_name\" content=\"El Regional\" \/>\n<meta property=\"article:publisher\" content=\"https:\/\/www.facebook.com\/elregionalvm\" \/>\n<meta property=\"article:published_time\" content=\"2023-06-12T00:28:40+00:00\" \/>\n<meta property=\"article:modified_time\" content=\"2023-06-12T00:33:22+00:00\" \/>\n<meta property=\"og:image\" content=\"http:\/\/elregionalvm.com.ar\/noticias-villa-maria\/wp-content\/uploads\/2023\/06\/Fabricio-Rodriguez-recital-Lalcec.jpeg\" \/>\n\t<meta property=\"og:image:width\" content=\"1207\" \/>\n\t<meta property=\"og:image:height\" content=\"867\" \/>\n\t<meta property=\"og:image:type\" content=\"image\/jpeg\" \/>\n<meta name=\"author\" content=\"Contenidos El Regional\" \/>\n<meta name=\"twitter:card\" content=\"summary_large_image\" \/>\n<meta name=\"twitter:creator\" content=\"@elregionalvm1\" \/>\n<meta name=\"twitter:site\" content=\"@elregionalvm1\" \/>\n<meta name=\"twitter:label1\" content=\"Escrito por\" \/>\n\t<meta name=\"twitter:data1\" content=\"Contenidos El Regional\" \/>\n\t<meta name=\"twitter:label2\" content=\"Tiempo de lectura\" \/>\n\t<meta name=\"twitter:data2\" content=\"3 minutos\" \/>\n<script type=\"application\/ld+json\" class=\"yoast-schema-graph\">{\"@context\":\"https:\/\/schema.org\",\"@graph\":[{\"@type\":\"Article\",\"@id\":\"http:\/\/elregionalvm.com.ar\/noticias-villa-maria\/el-concierto-de-fabricio-rodriguez-a-beneficio-de-lalcec-sera-declarado-de-interes-cultural\/#article\",\"isPartOf\":{\"@id\":\"http:\/\/elregionalvm.com.ar\/noticias-villa-maria\/el-concierto-de-fabricio-rodriguez-a-beneficio-de-lalcec-sera-declarado-de-interes-cultural\/\"},\"author\":{\"name\":\"Contenidos El Regional\",\"@id\":\"http:\/\/elregionalvm.com.ar\/noticias-villa-maria\/#\/schema\/person\/a0fb9c422317faca23d50163151bc354\"},\"headline\":\"El concierto de Fabricio Rodr\u00edguez a beneficio de LALCEC ser\u00e1 declarado de inter\u00e9s cultural (Video)\",\"datePublished\":\"2023-06-12T00:28:40+00:00\",\"dateModified\":\"2023-06-12T00:33:22+00:00\",\"mainEntityOfPage\":{\"@id\":\"http:\/\/elregionalvm.com.ar\/noticias-villa-maria\/el-concierto-de-fabricio-rodriguez-a-beneficio-de-lalcec-sera-declarado-de-interes-cultural\/\"},\"wordCount\":558,\"commentCount\":0,\"image\":{\"@id\":\"http:\/\/elregionalvm.com.ar\/noticias-villa-maria\/el-concierto-de-fabricio-rodriguez-a-beneficio-de-lalcec-sera-declarado-de-interes-cultural\/#primaryimage\"},\"thumbnailUrl\":\"https:\/\/i0.wp.com\/elregionalvm.com.ar\/noticias-villa-maria\/wp-content\/uploads\/2023\/06\/Fabricio-Rodriguez-recital-Lalcec.jpeg?fit=1207%2C867&ssl=1\",\"keywords\":[\"C\u00e1ncer\",\"Concierto\",\"Fabricio Rodr\u00edguez\",\"Guitarra\",\"inter\u00e9s cultural\",\"lalcec\",\"Martin Gill\",\"prevenci\u00f3n\",\"Teatro Verdi\"],\"articleSection\":[\"destacado\",\"Videos\",\"Villa Mar\u00eda\"],\"inLanguage\":\"es\",\"potentialAction\":[{\"@type\":\"CommentAction\",\"name\":\"Comment\",\"target\":[\"http:\/\/elregionalvm.com.ar\/noticias-villa-maria\/el-concierto-de-fabricio-rodriguez-a-beneficio-de-lalcec-sera-declarado-de-interes-cultural\/#respond\"]}]},{\"@type\":\"WebPage\",\"@id\":\"http:\/\/elregionalvm.com.ar\/noticias-villa-maria\/el-concierto-de-fabricio-rodriguez-a-beneficio-de-lalcec-sera-declarado-de-interes-cultural\/\",\"url\":\"http:\/\/elregionalvm.com.ar\/noticias-villa-maria\/el-concierto-de-fabricio-rodriguez-a-beneficio-de-lalcec-sera-declarado-de-interes-cultural\/\",\"name\":\"El concierto de Fabricio Rodr\u00edguez a beneficio de LALCEC ser\u00e1 declarado de inter\u00e9s cultural (Video) - El Regional\",\"isPartOf\":{\"@id\":\"http:\/\/elregionalvm.com.ar\/noticias-villa-maria\/#website\"},\"primaryImageOfPage\":{\"@id\":\"http:\/\/elregionalvm.com.ar\/noticias-villa-maria\/el-concierto-de-fabricio-rodriguez-a-beneficio-de-lalcec-sera-declarado-de-interes-cultural\/#primaryimage\"},\"image\":{\"@id\":\"http:\/\/elregionalvm.com.ar\/noticias-villa-maria\/el-concierto-de-fabricio-rodriguez-a-beneficio-de-lalcec-sera-declarado-de-interes-cultural\/#primaryimage\"},\"thumbnailUrl\":\"https:\/\/i0.wp.com\/elregionalvm.com.ar\/noticias-villa-maria\/wp-content\/uploads\/2023\/06\/Fabricio-Rodriguez-recital-Lalcec.jpeg?fit=1207%2C867&ssl=1\",\"datePublished\":\"2023-06-12T00:28:40+00:00\",\"dateModified\":\"2023-06-12T00:33:22+00:00\",\"author\":{\"@id\":\"http:\/\/elregionalvm.com.ar\/noticias-villa-maria\/#\/schema\/person\/a0fb9c422317faca23d50163151bc354\"},\"breadcrumb\":{\"@id\":\"http:\/\/elregionalvm.com.ar\/noticias-villa-maria\/el-concierto-de-fabricio-rodriguez-a-beneficio-de-lalcec-sera-declarado-de-interes-cultural\/#breadcrumb\"},\"inLanguage\":\"es\",\"potentialAction\":[{\"@type\":\"ReadAction\",\"target\":[\"http:\/\/elregionalvm.com.ar\/noticias-villa-maria\/el-concierto-de-fabricio-rodriguez-a-beneficio-de-lalcec-sera-declarado-de-interes-cultural\/\"]}]},{\"@type\":\"ImageObject\",\"inLanguage\":\"es\",\"@id\":\"http:\/\/elregionalvm.com.ar\/noticias-villa-maria\/el-concierto-de-fabricio-rodriguez-a-beneficio-de-lalcec-sera-declarado-de-interes-cultural\/#primaryimage\",\"url\":\"https:\/\/i0.wp.com\/elregionalvm.com.ar\/noticias-villa-maria\/wp-content\/uploads\/2023\/06\/Fabricio-Rodriguez-recital-Lalcec.jpeg?fit=1207%2C867&ssl=1\",\"contentUrl\":\"https:\/\/i0.wp.com\/elregionalvm.com.ar\/noticias-villa-maria\/wp-content\/uploads\/2023\/06\/Fabricio-Rodriguez-recital-Lalcec.jpeg?fit=1207%2C867&ssl=1\",\"width\":1207,\"height\":867},{\"@type\":\"BreadcrumbList\",\"@id\":\"http:\/\/elregionalvm.com.ar\/noticias-villa-maria\/el-concierto-de-fabricio-rodriguez-a-beneficio-de-lalcec-sera-declarado-de-interes-cultural\/#breadcrumb\",\"itemListElement\":[{\"@type\":\"ListItem\",\"position\":1,\"name\":\"Portada\",\"item\":\"https:\/\/elregionalvm.com.ar\/noticias-villa-maria\/\"},{\"@type\":\"ListItem\",\"position\":2,\"name\":\"El concierto de Fabricio Rodr\u00edguez a beneficio de LALCEC ser\u00e1 declarado de inter\u00e9s cultural (Video)\"}]},{\"@type\":\"WebSite\",\"@id\":\"http:\/\/elregionalvm.com.ar\/noticias-villa-maria\/#website\",\"url\":\"http:\/\/elregionalvm.com.ar\/noticias-villa-maria\/\",\"name\":\"El Regional\",\"description\":\"Mucho m\u00e1s que informaci\u00f3n\",\"potentialAction\":[{\"@type\":\"SearchAction\",\"target\":{\"@type\":\"EntryPoint\",\"urlTemplate\":\"http:\/\/elregionalvm.com.ar\/noticias-villa-maria\/?s={search_term_string}\"},\"query-input\":{\"@type\":\"PropertyValueSpecification\",\"valueRequired\":true,\"valueName\":\"search_term_string\"}}],\"inLanguage\":\"es\"},{\"@type\":\"Person\",\"@id\":\"http:\/\/elregionalvm.com.ar\/noticias-villa-maria\/#\/schema\/person\/a0fb9c422317faca23d50163151bc354\",\"name\":\"Contenidos El Regional\",\"image\":{\"@type\":\"ImageObject\",\"inLanguage\":\"es\",\"@id\":\"http:\/\/elregionalvm.com.ar\/noticias-villa-maria\/#\/schema\/person\/image\/\",\"url\":\"https:\/\/secure.gravatar.com\/avatar\/265b27cb2209af7bb3a1318f03305787d7981a5cc6e6cd08fe5a4ecdf99d4b48?s=96&d=mm&r=g\",\"contentUrl\":\"https:\/\/secure.gravatar.com\/avatar\/265b27cb2209af7bb3a1318f03305787d7981a5cc6e6cd08fe5a4ecdf99d4b48?s=96&d=mm&r=g\",\"caption\":\"Contenidos El Regional\"},\"url\":\"https:\/\/elregionalvm.com.ar\/noticias-villa-maria\/author\/contenido\/\"}]}<\/script>\n<!-- \/ Yoast SEO plugin. -->","yoast_head_json":{"title":"El concierto de Fabricio Rodr\u00edguez a beneficio de LALCEC ser\u00e1 declarado de inter\u00e9s cultural (Video) - El Regional","robots":{"index":"index","follow":"follow","max-snippet":"max-snippet:-1","max-image-preview":"max-image-preview:large","max-video-preview":"max-video-preview:-1"},"canonical":"http:\/\/elregionalvm.com.ar\/noticias-villa-maria\/el-concierto-de-fabricio-rodriguez-a-beneficio-de-lalcec-sera-declarado-de-interes-cultural\/","og_locale":"es_ES","og_type":"article","og_title":"El concierto de Fabricio Rodr\u00edguez a beneficio de LALCEC ser\u00e1 declarado de inter\u00e9s cultural (Video) - El Regional","og_description":"Un show que dur\u00f3 alrededor de dos horas y que tuvo todos los matices, en una noche so\u00f1ada para el artista que hac\u00eda 4 a\u00f1os no pisaba el escenario del Teatro Verdi. No solo present\u00f3 temas de su nuevo material discogr\u00e1fico, sino que, repas\u00f3 temas del cancionero popular con invitados locales. Don\u00f3 su primera guitarra [&hellip;]","og_url":"http:\/\/elregionalvm.com.ar\/noticias-villa-maria\/el-concierto-de-fabricio-rodriguez-a-beneficio-de-lalcec-sera-declarado-de-interes-cultural\/","og_site_name":"El Regional","article_publisher":"https:\/\/www.facebook.com\/elregionalvm","article_published_time":"2023-06-12T00:28:40+00:00","article_modified_time":"2023-06-12T00:33:22+00:00","og_image":[{"width":1207,"height":867,"url":"http:\/\/elregionalvm.com.ar\/noticias-villa-maria\/wp-content\/uploads\/2023\/06\/Fabricio-Rodriguez-recital-Lalcec.jpeg","type":"image\/jpeg"}],"author":"Contenidos El Regional","twitter_card":"summary_large_image","twitter_creator":"@elregionalvm1","twitter_site":"@elregionalvm1","twitter_misc":{"Escrito por":"Contenidos El Regional","Tiempo de lectura":"3 minutos"},"schema":{"@context":"https:\/\/schema.org","@graph":[{"@type":"Article","@id":"http:\/\/elregionalvm.com.ar\/noticias-villa-maria\/el-concierto-de-fabricio-rodriguez-a-beneficio-de-lalcec-sera-declarado-de-interes-cultural\/#article","isPartOf":{"@id":"http:\/\/elregionalvm.com.ar\/noticias-villa-maria\/el-concierto-de-fabricio-rodriguez-a-beneficio-de-lalcec-sera-declarado-de-interes-cultural\/"},"author":{"name":"Contenidos El Regional","@id":"http:\/\/elregionalvm.com.ar\/noticias-villa-maria\/#\/schema\/person\/a0fb9c422317faca23d50163151bc354"},"headline":"El concierto de Fabricio Rodr\u00edguez a beneficio de LALCEC ser\u00e1 declarado de inter\u00e9s cultural (Video)","datePublished":"2023-06-12T00:28:40+00:00","dateModified":"2023-06-12T00:33:22+00:00","mainEntityOfPage":{"@id":"http:\/\/elregionalvm.com.ar\/noticias-villa-maria\/el-concierto-de-fabricio-rodriguez-a-beneficio-de-lalcec-sera-declarado-de-interes-cultural\/"},"wordCount":558,"commentCount":0,"image":{"@id":"http:\/\/elregionalvm.com.ar\/noticias-villa-maria\/el-concierto-de-fabricio-rodriguez-a-beneficio-de-lalcec-sera-declarado-de-interes-cultural\/#primaryimage"},"thumbnailUrl":"https:\/\/i0.wp.com\/elregionalvm.com.ar\/noticias-villa-maria\/wp-content\/uploads\/2023\/06\/Fabricio-Rodriguez-recital-Lalcec.jpeg?fit=1207%2C867&ssl=1","keywords":["C\u00e1ncer","Concierto","Fabricio Rodr\u00edguez","Guitarra","inter\u00e9s cultural","lalcec","Martin Gill","prevenci\u00f3n","Teatro Verdi"],"articleSection":["destacado","Videos","Villa Mar\u00eda"],"inLanguage":"es","potentialAction":[{"@type":"CommentAction","name":"Comment","target":["http:\/\/elregionalvm.com.ar\/noticias-villa-maria\/el-concierto-de-fabricio-rodriguez-a-beneficio-de-lalcec-sera-declarado-de-interes-cultural\/#respond"]}]},{"@type":"WebPage","@id":"http:\/\/elregionalvm.com.ar\/noticias-villa-maria\/el-concierto-de-fabricio-rodriguez-a-beneficio-de-lalcec-sera-declarado-de-interes-cultural\/","url":"http:\/\/elregionalvm.com.ar\/noticias-villa-maria\/el-concierto-de-fabricio-rodriguez-a-beneficio-de-lalcec-sera-declarado-de-interes-cultural\/","name":"El concierto de Fabricio Rodr\u00edguez a beneficio de LALCEC ser\u00e1 declarado de inter\u00e9s cultural (Video) - El Regional","isPartOf":{"@id":"http:\/\/elregionalvm.com.ar\/noticias-villa-maria\/#website"},"primaryImageOfPage":{"@id":"http:\/\/elregionalvm.com.ar\/noticias-villa-maria\/el-concierto-de-fabricio-rodriguez-a-beneficio-de-lalcec-sera-declarado-de-interes-cultural\/#primaryimage"},"image":{"@id":"http:\/\/elregionalvm.com.ar\/noticias-villa-maria\/el-concierto-de-fabricio-rodriguez-a-beneficio-de-lalcec-sera-declarado-de-interes-cultural\/#primaryimage"},"thumbnailUrl":"https:\/\/i0.wp.com\/elregionalvm.com.ar\/noticias-villa-maria\/wp-content\/uploads\/2023\/06\/Fabricio-Rodriguez-recital-Lalcec.jpeg?fit=1207%2C867&ssl=1","datePublished":"2023-06-12T00:28:40+00:00","dateModified":"2023-06-12T00:33:22+00:00","author":{"@id":"http:\/\/elregionalvm.com.ar\/noticias-villa-maria\/#\/schema\/person\/a0fb9c422317faca23d50163151bc354"},"breadcrumb":{"@id":"http:\/\/elregionalvm.com.ar\/noticias-villa-maria\/el-concierto-de-fabricio-rodriguez-a-beneficio-de-lalcec-sera-declarado-de-interes-cultural\/#breadcrumb"},"inLanguage":"es","potentialAction":[{"@type":"ReadAction","target":["http:\/\/elregionalvm.com.ar\/noticias-villa-maria\/el-concierto-de-fabricio-rodriguez-a-beneficio-de-lalcec-sera-declarado-de-interes-cultural\/"]}]},{"@type":"ImageObject","inLanguage":"es","@id":"http:\/\/elregionalvm.com.ar\/noticias-villa-maria\/el-concierto-de-fabricio-rodriguez-a-beneficio-de-lalcec-sera-declarado-de-interes-cultural\/#primaryimage","url":"https:\/\/i0.wp.com\/elregionalvm.com.ar\/noticias-villa-maria\/wp-content\/uploads\/2023\/06\/Fabricio-Rodriguez-recital-Lalcec.jpeg?fit=1207%2C867&ssl=1","contentUrl":"https:\/\/i0.wp.com\/elregionalvm.com.ar\/noticias-villa-maria\/wp-content\/uploads\/2023\/06\/Fabricio-Rodriguez-recital-Lalcec.jpeg?fit=1207%2C867&ssl=1","width":1207,"height":867},{"@type":"BreadcrumbList","@id":"http:\/\/elregionalvm.com.ar\/noticias-villa-maria\/el-concierto-de-fabricio-rodriguez-a-beneficio-de-lalcec-sera-declarado-de-interes-cultural\/#breadcrumb","itemListElement":[{"@type":"ListItem","position":1,"name":"Portada","item":"https:\/\/elregionalvm.com.ar\/noticias-villa-maria\/"},{"@type":"ListItem","position":2,"name":"El concierto de Fabricio Rodr\u00edguez a beneficio de LALCEC ser\u00e1 declarado de inter\u00e9s cultural (Video)"}]},{"@type":"WebSite","@id":"http:\/\/elregionalvm.com.ar\/noticias-villa-maria\/#website","url":"http:\/\/elregionalvm.com.ar\/noticias-villa-maria\/","name":"El Regional","description":"Mucho m\u00e1s que informaci\u00f3n","potentialAction":[{"@type":"SearchAction","target":{"@type":"EntryPoint","urlTemplate":"http:\/\/elregionalvm.com.ar\/noticias-villa-maria\/?s={search_term_string}"},"query-input":{"@type":"PropertyValueSpecification","valueRequired":true,"valueName":"search_term_string"}}],"inLanguage":"es"},{"@type":"Person","@id":"http:\/\/elregionalvm.com.ar\/noticias-villa-maria\/#\/schema\/person\/a0fb9c422317faca23d50163151bc354","name":"Contenidos El Regional","image":{"@type":"ImageObject","inLanguage":"es","@id":"http:\/\/elregionalvm.com.ar\/noticias-villa-maria\/#\/schema\/person\/image\/","url":"https:\/\/secure.gravatar.com\/avatar\/265b27cb2209af7bb3a1318f03305787d7981a5cc6e6cd08fe5a4ecdf99d4b48?s=96&d=mm&r=g","contentUrl":"https:\/\/secure.gravatar.com\/avatar\/265b27cb2209af7bb3a1318f03305787d7981a5cc6e6cd08fe5a4ecdf99d4b48?s=96&d=mm&r=g","caption":"Contenidos El Regional"},"url":"https:\/\/elregionalvm.com.ar\/noticias-villa-maria\/author\/contenido\/"}]}},"jetpack_featured_media_url":"https:\/\/i0.wp.com\/elregionalvm.com.ar\/noticias-villa-maria\/wp-content\/uploads\/2023\/06\/Fabricio-Rodriguez-recital-Lalcec.jpeg?fit=1207%2C867&ssl=1","jetpack_sharing_enabled":true,"_links":{"self":[{"href":"https:\/\/elregionalvm.com.ar\/noticias-villa-maria\/wp-json\/wp\/v2\/posts\/78012","targetHints":{"allow":["GET"]}}],"collection":[{"href":"https:\/\/elregionalvm.com.ar\/noticias-villa-maria\/wp-json\/wp\/v2\/posts"}],"about":[{"href":"https:\/\/elregionalvm.com.ar\/noticias-villa-maria\/wp-json\/wp\/v2\/types\/post"}],"author":[{"embeddable":true,"href":"https:\/\/elregionalvm.com.ar\/noticias-villa-maria\/wp-json\/wp\/v2\/users\/4"}],"replies":[{"embeddable":true,"href":"https:\/\/elregionalvm.com.ar\/noticias-villa-maria\/wp-json\/wp\/v2\/comments?post=78012"}],"version-history":[{"count":3,"href":"https:\/\/elregionalvm.com.ar\/noticias-villa-maria\/wp-json\/wp\/v2\/posts\/78012\/revisions"}],"predecessor-version":[{"id":78018,"href":"https:\/\/elregionalvm.com.ar\/noticias-villa-maria\/wp-json\/wp\/v2\/posts\/78012\/revisions\/78018"}],"wp:featuredmedia":[{"embeddable":true,"href":"https:\/\/elregionalvm.com.ar\/noticias-villa-maria\/wp-json\/wp\/v2\/media\/78015"}],"wp:attachment":[{"href":"https:\/\/elregionalvm.com.ar\/noticias-villa-maria\/wp-json\/wp\/v2\/media?parent=78012"}],"wp:term":[{"taxonomy":"category","embeddable":true,"href":"https:\/\/elregionalvm.com.ar\/noticias-villa-maria\/wp-json\/wp\/v2\/categories?post=78012"},{"taxonomy":"post_tag","embeddable":true,"href":"https:\/\/elregionalvm.com.ar\/noticias-villa-maria\/wp-json\/wp\/v2\/tags?post=78012"}],"curies":[{"name":"wp","href":"https:\/\/api.w.org\/{rel}","templated":true}]}}