{"id":78020,"date":"2023-06-12T01:17:55","date_gmt":"2023-06-12T01:17:55","guid":{"rendered":"https:\/\/elregionalvm.com.ar\/noticias-villa-maria\/?p=78020"},"modified":"2023-06-13T02:13:47","modified_gmt":"2023-06-13T02:13:47","slug":"los-ganadores-de-las-elecciones-del-11-de-junio-batacazo-en-ballesteros-y-ballesteros-sud","status":"publish","type":"post","link":"https:\/\/elregionalvm.com.ar\/noticias-villa-maria\/los-ganadores-de-las-elecciones-del-11-de-junio-batacazo-en-ballesteros-y-ballesteros-sud\/","title":{"rendered":"Los ganadores de las elecciones del 11 de junio: Batacazo en Ballesteros y Ballesteros Sud"},"content":{"rendered":"\n<p><\/p>\n\n\n\n<p>El calendario electoral en el interior de la provincia de C\u00f3rdoba continu\u00f3 este domingo 11 de junio con elecciones para renovar autoridades en 30 municipios y comunas, del total de 427.<\/p>\n\n\n\n<p>Entre estas localidades figuran varias de nuestra regi\u00f3n, donde en general se impusieron los oficialismos. Pero, hubo sorpresas en Ballesteros y Ballesteros Sud, donde el peronismo y aliados vencieron al vecinalismo que gobernaba ambos pueblos desde hace muchos a\u00f1os.<\/p>\n\n\n\n<p>La mayor parte de las localidades vecinas corresponden a los Departamentos Marcos Ju\u00e1rez, Uni\u00f3n y San Justo.<\/p>\n\n\n\n<p><\/p>\n\n\n\n<figure class=\"wp-block-image size-full\"><img data-recalc-dims=\"1\" fetchpriority=\"high\" decoding=\"async\" width=\"1000\" height=\"667\" src=\"https:\/\/i0.wp.com\/elregionalvm.com.ar\/noticias-villa-maria\/wp-content\/uploads\/2022\/12\/Voto-joven-urna.jpg?resize=1000%2C667&#038;ssl=1\" alt=\"\" class=\"wp-image-68701\" srcset=\"https:\/\/i0.wp.com\/elregionalvm.com.ar\/noticias-villa-maria\/wp-content\/uploads\/2022\/12\/Voto-joven-urna.jpg?w=1000&amp;ssl=1 1000w, https:\/\/i0.wp.com\/elregionalvm.com.ar\/noticias-villa-maria\/wp-content\/uploads\/2022\/12\/Voto-joven-urna.jpg?resize=300%2C200&amp;ssl=1 300w, https:\/\/i0.wp.com\/elregionalvm.com.ar\/noticias-villa-maria\/wp-content\/uploads\/2022\/12\/Voto-joven-urna.jpg?resize=768%2C512&amp;ssl=1 768w\" sizes=\"(max-width: 1000px) 100vw, 1000px\" \/><\/figure>\n\n\n\n<p><\/p>\n\n\n\n<p><strong>A continuaci\u00f3n, un repaso localidad por localidad<\/strong><\/p>\n\n\n\n<p><\/p>\n\n\n\n<p><strong>Ballesteros<\/strong><\/p>\n\n\n\n<p>Con tres listas en disputa, la ganadora fue Graciela S\u00e1nchez, candidata de Unidos por Ballesteros. Se impuso al candidato oficialista Walter Rodr\u00edguez, de Uni\u00f3n Vecinal Federal, actual presidente del Concejo Deliberante; y a Oder Actis, de Juntos por el Cambio.<\/p>\n\n\n\n<p>S\u00e1nchez terminar\u00e1 as\u00ed con varias gestiones a manos del vecinalismo. Y, por primera vez, habr\u00e1 una mujer al frente del municipio.<\/p>\n\n\n\n<p><strong>Ballesteros Sud<\/strong><\/p>\n\n\n\n<p>Eleno Bertero, de Unidos por Ballesteros Sud, terminar\u00e1 con el vecinalismo en el poder municipal. Se impuso al postulante de Uni\u00f3n Vecinal Federal, Marcos Rivadera.<\/p>\n\n\n\n<p>De esta manera, el peronismo gobernar\u00e1 la localidad durante los pr\u00f3ximos cuatro a\u00f1os.<\/p>\n\n\n\n<p><\/p>\n\n\n\n<figure class=\"wp-block-image size-large\"><img data-recalc-dims=\"1\" decoding=\"async\" width=\"1024\" height=\"720\" src=\"https:\/\/i0.wp.com\/elregionalvm.com.ar\/noticias-villa-maria\/wp-content\/uploads\/2023\/06\/Elena-Bertero-intendenta-electa-Ballesteros-Sud-2023.jpg?resize=1024%2C720&#038;ssl=1\" alt=\"\" class=\"wp-image-78023\" srcset=\"https:\/\/i0.wp.com\/elregionalvm.com.ar\/noticias-villa-maria\/wp-content\/uploads\/2023\/06\/Elena-Bertero-intendenta-electa-Ballesteros-Sud-2023.jpg?resize=1024%2C720&amp;ssl=1 1024w, https:\/\/i0.wp.com\/elregionalvm.com.ar\/noticias-villa-maria\/wp-content\/uploads\/2023\/06\/Elena-Bertero-intendenta-electa-Ballesteros-Sud-2023.jpg?resize=300%2C211&amp;ssl=1 300w, https:\/\/i0.wp.com\/elregionalvm.com.ar\/noticias-villa-maria\/wp-content\/uploads\/2023\/06\/Elena-Bertero-intendenta-electa-Ballesteros-Sud-2023.jpg?resize=768%2C540&amp;ssl=1 768w, https:\/\/i0.wp.com\/elregionalvm.com.ar\/noticias-villa-maria\/wp-content\/uploads\/2023\/06\/Elena-Bertero-intendenta-electa-Ballesteros-Sud-2023.jpg?w=1079&amp;ssl=1 1079w\" sizes=\"(max-width: 1000px) 100vw, 1000px\" \/><figcaption><em>Elena Bertero (a la izquierda de la imagen), ganadora en Ballesteros Sud. <\/em><\/figcaption><\/figure>\n\n\n\n<p><\/p>\n\n\n\n<p><strong>Morrison<\/strong><\/p>\n\n\n\n<p>A diferencia de los Ballesteros, el oficialismo triunf\u00f3 y continuar\u00e1 en el ejecutivo municipal. El intendente Gustavo Reitano, de Uni\u00f3n Vecinal Federal, cosech\u00f3 el 54% de los votos.<\/p>\n\n\n\n<p>Dej\u00f3 atr\u00e1s a Marcelo Serafini, de Unidos por Morrison, con poco m\u00e1s del 41% de las preferencias.<\/p>\n\n\n\n<p><strong>Monte Le\u00f1a<\/strong><\/p>\n\n\n\n<p>La Uni\u00f3n Vecinal Federal seguir\u00e1 al frente del municipio ya que el candidato Gustavo Isoardi result\u00f3 vencedor en la contienda frente al postulante de Unidos por Monte Le\u00f1a.<\/p>\n\n\n\n<p><strong>Leones<\/strong><\/p>\n\n\n\n<p>Fabi\u00e1n Francioni result\u00f3 reelecto con casi el 55% de los sufragios. El intendente kirchnerista dej\u00f3 en segunda posici\u00f3n al candidato radical Mauricio Rosso.<\/p>\n\n\n\n<p><\/p>\n\n\n\n<figure class=\"wp-block-image size-full is-resized\"><img data-recalc-dims=\"1\" decoding=\"async\" src=\"https:\/\/i0.wp.com\/elregionalvm.com.ar\/noticias-villa-maria\/wp-content\/uploads\/2023\/06\/Fabian-Francioni-intendente-Leones.jpg?resize=910%2C529&#038;ssl=1\" alt=\"\" class=\"wp-image-78025\" width=\"910\" height=\"529\" srcset=\"https:\/\/i0.wp.com\/elregionalvm.com.ar\/noticias-villa-maria\/wp-content\/uploads\/2023\/06\/Fabian-Francioni-intendente-Leones.jpg?w=755&amp;ssl=1 755w, https:\/\/i0.wp.com\/elregionalvm.com.ar\/noticias-villa-maria\/wp-content\/uploads\/2023\/06\/Fabian-Francioni-intendente-Leones.jpg?resize=300%2C174&amp;ssl=1 300w\" sizes=\"(max-width: 910px) 100vw, 910px\" \/><figcaption><em>El intendente kirchnerista Fabi\u00e1n Francioni, reelecto en Leones. <\/em><\/figcaption><\/figure>\n\n\n\n<p><\/p>\n\n\n\n<p><strong>Monte Buey<\/strong><\/p>\n\n\n\n<p>El peronismo no pudo arrebatarle la victoria a Juntos por el Cambio. Mariano Calamante retuvo el gobierno con el 54% de los votos. En segundo lugar, qued\u00f3 Pablo Massei, hijo del ministro de Desarrollo Social de la provincia.<\/p>\n\n\n\n<p><strong>Santa Eufemia<\/strong><\/p>\n\n\n\n<p>El peronismo continuar\u00e1 gobernando, ya que la candidata de Gerardo \u201cPino\u201d Allende, Gisela Barrionuevo, obtuvo el 65% de los votos.<\/p>\n\n\n\n<p>Le sigui\u00f3 Adriana Ladrone, de Juntos por el Cambio, con el 34,67%.<\/p>\n\n\n\n<p><\/p>\n\n\n\n<p><\/p>\n\n\n\n<p><em>Foto de portada: FM F\u00e9nix<\/em><\/p>\n","protected":false},"excerpt":{"rendered":"<p>El calendario electoral en el interior de la provincia de C\u00f3rdoba continu\u00f3 este domingo 11 de junio con elecciones para renovar autoridades en 30 municipios y comunas, del total de 427. Entre estas localidades figuran varias de nuestra regi\u00f3n, donde en general se impusieron los oficialismos. Pero, hubo sorpresas en Ballesteros y Ballesteros Sud, donde [&hellip;]<\/p>\n","protected":false},"author":4,"featured_media":78022,"comment_status":"open","ping_status":"open","sticky":false,"template":"","format":"standard","meta":{"site-sidebar-layout":"default","site-content-layout":"","ast-site-content-layout":"default","site-content-style":"default","site-sidebar-style":"default","ast-global-header-display":"","ast-banner-title-visibility":"","ast-main-header-display":"","ast-hfb-above-header-display":"","ast-hfb-below-header-display":"","ast-hfb-mobile-header-display":"","site-post-title":"","ast-breadcrumbs-content":"","ast-featured-img":"","footer-sml-layout":"","ast-disable-related-posts":"","theme-transparent-header-meta":"","adv-header-id-meta":"","stick-header-meta":"","header-above-stick-meta":"","header-main-stick-meta":"","header-below-stick-meta":"","astra-migrate-meta-layouts":"default","ast-page-background-enabled":"default","ast-page-background-meta":{"desktop":{"background-color":"","background-image":"","background-repeat":"repeat","background-position":"center center","background-size":"auto","background-attachment":"scroll","background-type":"","background-media":"","overlay-type":"","overlay-color":"","overlay-opacity":"","overlay-gradient":""},"tablet":{"background-color":"","background-image":"","background-repeat":"repeat","background-position":"center center","background-size":"auto","background-attachment":"scroll","background-type":"","background-media":"","overlay-type":"","overlay-color":"","overlay-opacity":"","overlay-gradient":""},"mobile":{"background-color":"","background-image":"","background-repeat":"repeat","background-position":"center center","background-size":"auto","background-attachment":"scroll","background-type":"","background-media":"","overlay-type":"","overlay-color":"","overlay-opacity":"","overlay-gradient":""}},"ast-content-background-meta":{"desktop":{"background-color":"var(--ast-global-color-5)","background-image":"","background-repeat":"repeat","background-position":"center center","background-size":"auto","background-attachment":"scroll","background-type":"","background-media":"","overlay-type":"","overlay-color":"","overlay-opacity":"","overlay-gradient":""},"tablet":{"background-color":"var(--ast-global-color-5)","background-image":"","background-repeat":"repeat","background-position":"center center","background-size":"auto","background-attachment":"scroll","background-type":"","background-media":"","overlay-type":"","overlay-color":"","overlay-opacity":"","overlay-gradient":""},"mobile":{"background-color":"var(--ast-global-color-5)","background-image":"","background-repeat":"repeat","background-position":"center center","background-size":"auto","background-attachment":"scroll","background-type":"","background-media":"","overlay-type":"","overlay-color":"","overlay-opacity":"","overlay-gradient":""}},"_jetpack_memberships_contains_paid_content":false,"_joinchat":[],"footnotes":""},"categories":[2089,2091,3557],"tags":[22408,121,3230,22409,268,6847,22220,1459,5367],"class_list":["post-78020","post","type-post","status-publish","format-standard","has-post-thumbnail","hentry","category-politica","category-region","category-tercera","tag-11-de-junio","tag-ballesteros","tag-ballesteros-sud","tag-batacazo","tag-elecciones","tag-ganadores","tag-hacemos-unidos-por-cordoba","tag-region","tag-union-vecinal-federal"],"yoast_head":"<!-- This site is optimized with the Yoast SEO plugin v26.8 - https:\/\/yoast.com\/product\/yoast-seo-wordpress\/ -->\n<title>Los ganadores de las elecciones del 11 de junio: Batacazo en Ballesteros y Ballesteros Sud - El Regional<\/title>\n<meta name=\"robots\" content=\"index, follow, max-snippet:-1, max-image-preview:large, max-video-preview:-1\" \/>\n<link rel=\"canonical\" href=\"http:\/\/elregionalvm.com.ar\/noticias-villa-maria\/los-ganadores-de-las-elecciones-del-11-de-junio-batacazo-en-ballesteros-y-ballesteros-sud\/\" \/>\n<meta property=\"og:locale\" content=\"es_ES\" \/>\n<meta property=\"og:type\" content=\"article\" \/>\n<meta property=\"og:title\" content=\"Los ganadores de las elecciones del 11 de junio: Batacazo en Ballesteros y Ballesteros Sud - El Regional\" \/>\n<meta property=\"og:description\" content=\"El calendario electoral en el interior de la provincia de C\u00f3rdoba continu\u00f3 este domingo 11 de junio con elecciones para renovar autoridades en 30 municipios y comunas, del total de 427. Entre estas localidades figuran varias de nuestra regi\u00f3n, donde en general se impusieron los oficialismos. Pero, hubo sorpresas en Ballesteros y Ballesteros Sud, donde [&hellip;]\" \/>\n<meta property=\"og:url\" content=\"http:\/\/elregionalvm.com.ar\/noticias-villa-maria\/los-ganadores-de-las-elecciones-del-11-de-junio-batacazo-en-ballesteros-y-ballesteros-sud\/\" \/>\n<meta property=\"og:site_name\" content=\"El Regional\" \/>\n<meta property=\"article:publisher\" content=\"https:\/\/www.facebook.com\/elregionalvm\" \/>\n<meta property=\"article:published_time\" content=\"2023-06-12T01:17:55+00:00\" \/>\n<meta property=\"article:modified_time\" content=\"2023-06-13T02:13:47+00:00\" \/>\n<meta property=\"og:image\" content=\"http:\/\/elregionalvm.com.ar\/noticias-villa-maria\/wp-content\/uploads\/2023\/06\/Graciela-Sanchez-Ballesteros-intendenta-electa-2023.jpg\" \/>\n\t<meta property=\"og:image:width\" content=\"1080\" \/>\n\t<meta property=\"og:image:height\" content=\"690\" \/>\n\t<meta property=\"og:image:type\" content=\"image\/jpeg\" \/>\n<meta name=\"author\" content=\"Contenidos El Regional\" \/>\n<meta name=\"twitter:card\" content=\"summary_large_image\" \/>\n<meta name=\"twitter:creator\" content=\"@elregionalvm1\" \/>\n<meta name=\"twitter:site\" content=\"@elregionalvm1\" \/>\n<meta name=\"twitter:label1\" content=\"Escrito por\" \/>\n\t<meta name=\"twitter:data1\" content=\"Contenidos El Regional\" \/>\n\t<meta name=\"twitter:label2\" content=\"Tiempo de lectura\" \/>\n\t<meta name=\"twitter:data2\" content=\"3 minutos\" \/>\n<script type=\"application\/ld+json\" class=\"yoast-schema-graph\">{\"@context\":\"https:\/\/schema.org\",\"@graph\":[{\"@type\":\"Article\",\"@id\":\"http:\/\/elregionalvm.com.ar\/noticias-villa-maria\/los-ganadores-de-las-elecciones-del-11-de-junio-batacazo-en-ballesteros-y-ballesteros-sud\/#article\",\"isPartOf\":{\"@id\":\"http:\/\/elregionalvm.com.ar\/noticias-villa-maria\/los-ganadores-de-las-elecciones-del-11-de-junio-batacazo-en-ballesteros-y-ballesteros-sud\/\"},\"author\":{\"name\":\"Contenidos El Regional\",\"@id\":\"http:\/\/elregionalvm.com.ar\/noticias-villa-maria\/#\/schema\/person\/a0fb9c422317faca23d50163151bc354\"},\"headline\":\"Los ganadores de las elecciones del 11 de junio: Batacazo en Ballesteros y Ballesteros Sud\",\"datePublished\":\"2023-06-12T01:17:55+00:00\",\"dateModified\":\"2023-06-13T02:13:47+00:00\",\"mainEntityOfPage\":{\"@id\":\"http:\/\/elregionalvm.com.ar\/noticias-villa-maria\/los-ganadores-de-las-elecciones-del-11-de-junio-batacazo-en-ballesteros-y-ballesteros-sud\/\"},\"wordCount\":423,\"commentCount\":0,\"image\":{\"@id\":\"http:\/\/elregionalvm.com.ar\/noticias-villa-maria\/los-ganadores-de-las-elecciones-del-11-de-junio-batacazo-en-ballesteros-y-ballesteros-sud\/#primaryimage\"},\"thumbnailUrl\":\"https:\/\/i0.wp.com\/elregionalvm.com.ar\/noticias-villa-maria\/wp-content\/uploads\/2023\/06\/Graciela-Sanchez-Ballesteros-intendenta-electa-2023.jpg?fit=1080%2C690&ssl=1\",\"keywords\":[\"11 de junio\",\"Ballesteros\",\"Ballesteros Sud\",\"batacazo\",\"elecciones\",\"ganadores\",\"Hacemos Unidos por C\u00f3rdoba\",\"Regi\u00f3n\",\"Uni\u00f3n Vecinal Federal\"],\"articleSection\":[\"Pol\u00edtica\",\"Regi\u00f3n\",\"tercera\"],\"inLanguage\":\"es\",\"potentialAction\":[{\"@type\":\"CommentAction\",\"name\":\"Comment\",\"target\":[\"http:\/\/elregionalvm.com.ar\/noticias-villa-maria\/los-ganadores-de-las-elecciones-del-11-de-junio-batacazo-en-ballesteros-y-ballesteros-sud\/#respond\"]}]},{\"@type\":\"WebPage\",\"@id\":\"http:\/\/elregionalvm.com.ar\/noticias-villa-maria\/los-ganadores-de-las-elecciones-del-11-de-junio-batacazo-en-ballesteros-y-ballesteros-sud\/\",\"url\":\"http:\/\/elregionalvm.com.ar\/noticias-villa-maria\/los-ganadores-de-las-elecciones-del-11-de-junio-batacazo-en-ballesteros-y-ballesteros-sud\/\",\"name\":\"Los ganadores de las elecciones del 11 de junio: Batacazo en Ballesteros y Ballesteros Sud - El Regional\",\"isPartOf\":{\"@id\":\"http:\/\/elregionalvm.com.ar\/noticias-villa-maria\/#website\"},\"primaryImageOfPage\":{\"@id\":\"http:\/\/elregionalvm.com.ar\/noticias-villa-maria\/los-ganadores-de-las-elecciones-del-11-de-junio-batacazo-en-ballesteros-y-ballesteros-sud\/#primaryimage\"},\"image\":{\"@id\":\"http:\/\/elregionalvm.com.ar\/noticias-villa-maria\/los-ganadores-de-las-elecciones-del-11-de-junio-batacazo-en-ballesteros-y-ballesteros-sud\/#primaryimage\"},\"thumbnailUrl\":\"https:\/\/i0.wp.com\/elregionalvm.com.ar\/noticias-villa-maria\/wp-content\/uploads\/2023\/06\/Graciela-Sanchez-Ballesteros-intendenta-electa-2023.jpg?fit=1080%2C690&ssl=1\",\"datePublished\":\"2023-06-12T01:17:55+00:00\",\"dateModified\":\"2023-06-13T02:13:47+00:00\",\"author\":{\"@id\":\"http:\/\/elregionalvm.com.ar\/noticias-villa-maria\/#\/schema\/person\/a0fb9c422317faca23d50163151bc354\"},\"breadcrumb\":{\"@id\":\"http:\/\/elregionalvm.com.ar\/noticias-villa-maria\/los-ganadores-de-las-elecciones-del-11-de-junio-batacazo-en-ballesteros-y-ballesteros-sud\/#breadcrumb\"},\"inLanguage\":\"es\",\"potentialAction\":[{\"@type\":\"ReadAction\",\"target\":[\"http:\/\/elregionalvm.com.ar\/noticias-villa-maria\/los-ganadores-de-las-elecciones-del-11-de-junio-batacazo-en-ballesteros-y-ballesteros-sud\/\"]}]},{\"@type\":\"ImageObject\",\"inLanguage\":\"es\",\"@id\":\"http:\/\/elregionalvm.com.ar\/noticias-villa-maria\/los-ganadores-de-las-elecciones-del-11-de-junio-batacazo-en-ballesteros-y-ballesteros-sud\/#primaryimage\",\"url\":\"https:\/\/i0.wp.com\/elregionalvm.com.ar\/noticias-villa-maria\/wp-content\/uploads\/2023\/06\/Graciela-Sanchez-Ballesteros-intendenta-electa-2023.jpg?fit=1080%2C690&ssl=1\",\"contentUrl\":\"https:\/\/i0.wp.com\/elregionalvm.com.ar\/noticias-villa-maria\/wp-content\/uploads\/2023\/06\/Graciela-Sanchez-Ballesteros-intendenta-electa-2023.jpg?fit=1080%2C690&ssl=1\",\"width\":1080,\"height\":690},{\"@type\":\"BreadcrumbList\",\"@id\":\"http:\/\/elregionalvm.com.ar\/noticias-villa-maria\/los-ganadores-de-las-elecciones-del-11-de-junio-batacazo-en-ballesteros-y-ballesteros-sud\/#breadcrumb\",\"itemListElement\":[{\"@type\":\"ListItem\",\"position\":1,\"name\":\"Portada\",\"item\":\"https:\/\/elregionalvm.com.ar\/noticias-villa-maria\/\"},{\"@type\":\"ListItem\",\"position\":2,\"name\":\"Los ganadores de las elecciones del 11 de junio: Batacazo en Ballesteros y Ballesteros Sud\"}]},{\"@type\":\"WebSite\",\"@id\":\"http:\/\/elregionalvm.com.ar\/noticias-villa-maria\/#website\",\"url\":\"http:\/\/elregionalvm.com.ar\/noticias-villa-maria\/\",\"name\":\"El Regional\",\"description\":\"Mucho m\u00e1s que informaci\u00f3n\",\"potentialAction\":[{\"@type\":\"SearchAction\",\"target\":{\"@type\":\"EntryPoint\",\"urlTemplate\":\"http:\/\/elregionalvm.com.ar\/noticias-villa-maria\/?s={search_term_string}\"},\"query-input\":{\"@type\":\"PropertyValueSpecification\",\"valueRequired\":true,\"valueName\":\"search_term_string\"}}],\"inLanguage\":\"es\"},{\"@type\":\"Person\",\"@id\":\"http:\/\/elregionalvm.com.ar\/noticias-villa-maria\/#\/schema\/person\/a0fb9c422317faca23d50163151bc354\",\"name\":\"Contenidos El Regional\",\"image\":{\"@type\":\"ImageObject\",\"inLanguage\":\"es\",\"@id\":\"http:\/\/elregionalvm.com.ar\/noticias-villa-maria\/#\/schema\/person\/image\/\",\"url\":\"https:\/\/secure.gravatar.com\/avatar\/265b27cb2209af7bb3a1318f03305787d7981a5cc6e6cd08fe5a4ecdf99d4b48?s=96&d=mm&r=g\",\"contentUrl\":\"https:\/\/secure.gravatar.com\/avatar\/265b27cb2209af7bb3a1318f03305787d7981a5cc6e6cd08fe5a4ecdf99d4b48?s=96&d=mm&r=g\",\"caption\":\"Contenidos El Regional\"},\"url\":\"https:\/\/elregionalvm.com.ar\/noticias-villa-maria\/author\/contenido\/\"}]}<\/script>\n<!-- \/ Yoast SEO plugin. -->","yoast_head_json":{"title":"Los ganadores de las elecciones del 11 de junio: Batacazo en Ballesteros y Ballesteros Sud - El Regional","robots":{"index":"index","follow":"follow","max-snippet":"max-snippet:-1","max-image-preview":"max-image-preview:large","max-video-preview":"max-video-preview:-1"},"canonical":"http:\/\/elregionalvm.com.ar\/noticias-villa-maria\/los-ganadores-de-las-elecciones-del-11-de-junio-batacazo-en-ballesteros-y-ballesteros-sud\/","og_locale":"es_ES","og_type":"article","og_title":"Los ganadores de las elecciones del 11 de junio: Batacazo en Ballesteros y Ballesteros Sud - El Regional","og_description":"El calendario electoral en el interior de la provincia de C\u00f3rdoba continu\u00f3 este domingo 11 de junio con elecciones para renovar autoridades en 30 municipios y comunas, del total de 427. Entre estas localidades figuran varias de nuestra regi\u00f3n, donde en general se impusieron los oficialismos. Pero, hubo sorpresas en Ballesteros y Ballesteros Sud, donde [&hellip;]","og_url":"http:\/\/elregionalvm.com.ar\/noticias-villa-maria\/los-ganadores-de-las-elecciones-del-11-de-junio-batacazo-en-ballesteros-y-ballesteros-sud\/","og_site_name":"El Regional","article_publisher":"https:\/\/www.facebook.com\/elregionalvm","article_published_time":"2023-06-12T01:17:55+00:00","article_modified_time":"2023-06-13T02:13:47+00:00","og_image":[{"width":1080,"height":690,"url":"http:\/\/elregionalvm.com.ar\/noticias-villa-maria\/wp-content\/uploads\/2023\/06\/Graciela-Sanchez-Ballesteros-intendenta-electa-2023.jpg","type":"image\/jpeg"}],"author":"Contenidos El Regional","twitter_card":"summary_large_image","twitter_creator":"@elregionalvm1","twitter_site":"@elregionalvm1","twitter_misc":{"Escrito por":"Contenidos El Regional","Tiempo de lectura":"3 minutos"},"schema":{"@context":"https:\/\/schema.org","@graph":[{"@type":"Article","@id":"http:\/\/elregionalvm.com.ar\/noticias-villa-maria\/los-ganadores-de-las-elecciones-del-11-de-junio-batacazo-en-ballesteros-y-ballesteros-sud\/#article","isPartOf":{"@id":"http:\/\/elregionalvm.com.ar\/noticias-villa-maria\/los-ganadores-de-las-elecciones-del-11-de-junio-batacazo-en-ballesteros-y-ballesteros-sud\/"},"author":{"name":"Contenidos El Regional","@id":"http:\/\/elregionalvm.com.ar\/noticias-villa-maria\/#\/schema\/person\/a0fb9c422317faca23d50163151bc354"},"headline":"Los ganadores de las elecciones del 11 de junio: Batacazo en Ballesteros y Ballesteros Sud","datePublished":"2023-06-12T01:17:55+00:00","dateModified":"2023-06-13T02:13:47+00:00","mainEntityOfPage":{"@id":"http:\/\/elregionalvm.com.ar\/noticias-villa-maria\/los-ganadores-de-las-elecciones-del-11-de-junio-batacazo-en-ballesteros-y-ballesteros-sud\/"},"wordCount":423,"commentCount":0,"image":{"@id":"http:\/\/elregionalvm.com.ar\/noticias-villa-maria\/los-ganadores-de-las-elecciones-del-11-de-junio-batacazo-en-ballesteros-y-ballesteros-sud\/#primaryimage"},"thumbnailUrl":"https:\/\/i0.wp.com\/elregionalvm.com.ar\/noticias-villa-maria\/wp-content\/uploads\/2023\/06\/Graciela-Sanchez-Ballesteros-intendenta-electa-2023.jpg?fit=1080%2C690&ssl=1","keywords":["11 de junio","Ballesteros","Ballesteros Sud","batacazo","elecciones","ganadores","Hacemos Unidos por C\u00f3rdoba","Regi\u00f3n","Uni\u00f3n Vecinal Federal"],"articleSection":["Pol\u00edtica","Regi\u00f3n","tercera"],"inLanguage":"es","potentialAction":[{"@type":"CommentAction","name":"Comment","target":["http:\/\/elregionalvm.com.ar\/noticias-villa-maria\/los-ganadores-de-las-elecciones-del-11-de-junio-batacazo-en-ballesteros-y-ballesteros-sud\/#respond"]}]},{"@type":"WebPage","@id":"http:\/\/elregionalvm.com.ar\/noticias-villa-maria\/los-ganadores-de-las-elecciones-del-11-de-junio-batacazo-en-ballesteros-y-ballesteros-sud\/","url":"http:\/\/elregionalvm.com.ar\/noticias-villa-maria\/los-ganadores-de-las-elecciones-del-11-de-junio-batacazo-en-ballesteros-y-ballesteros-sud\/","name":"Los ganadores de las elecciones del 11 de junio: Batacazo en Ballesteros y Ballesteros Sud - El Regional","isPartOf":{"@id":"http:\/\/elregionalvm.com.ar\/noticias-villa-maria\/#website"},"primaryImageOfPage":{"@id":"http:\/\/elregionalvm.com.ar\/noticias-villa-maria\/los-ganadores-de-las-elecciones-del-11-de-junio-batacazo-en-ballesteros-y-ballesteros-sud\/#primaryimage"},"image":{"@id":"http:\/\/elregionalvm.com.ar\/noticias-villa-maria\/los-ganadores-de-las-elecciones-del-11-de-junio-batacazo-en-ballesteros-y-ballesteros-sud\/#primaryimage"},"thumbnailUrl":"https:\/\/i0.wp.com\/elregionalvm.com.ar\/noticias-villa-maria\/wp-content\/uploads\/2023\/06\/Graciela-Sanchez-Ballesteros-intendenta-electa-2023.jpg?fit=1080%2C690&ssl=1","datePublished":"2023-06-12T01:17:55+00:00","dateModified":"2023-06-13T02:13:47+00:00","author":{"@id":"http:\/\/elregionalvm.com.ar\/noticias-villa-maria\/#\/schema\/person\/a0fb9c422317faca23d50163151bc354"},"breadcrumb":{"@id":"http:\/\/elregionalvm.com.ar\/noticias-villa-maria\/los-ganadores-de-las-elecciones-del-11-de-junio-batacazo-en-ballesteros-y-ballesteros-sud\/#breadcrumb"},"inLanguage":"es","potentialAction":[{"@type":"ReadAction","target":["http:\/\/elregionalvm.com.ar\/noticias-villa-maria\/los-ganadores-de-las-elecciones-del-11-de-junio-batacazo-en-ballesteros-y-ballesteros-sud\/"]}]},{"@type":"ImageObject","inLanguage":"es","@id":"http:\/\/elregionalvm.com.ar\/noticias-villa-maria\/los-ganadores-de-las-elecciones-del-11-de-junio-batacazo-en-ballesteros-y-ballesteros-sud\/#primaryimage","url":"https:\/\/i0.wp.com\/elregionalvm.com.ar\/noticias-villa-maria\/wp-content\/uploads\/2023\/06\/Graciela-Sanchez-Ballesteros-intendenta-electa-2023.jpg?fit=1080%2C690&ssl=1","contentUrl":"https:\/\/i0.wp.com\/elregionalvm.com.ar\/noticias-villa-maria\/wp-content\/uploads\/2023\/06\/Graciela-Sanchez-Ballesteros-intendenta-electa-2023.jpg?fit=1080%2C690&ssl=1","width":1080,"height":690},{"@type":"BreadcrumbList","@id":"http:\/\/elregionalvm.com.ar\/noticias-villa-maria\/los-ganadores-de-las-elecciones-del-11-de-junio-batacazo-en-ballesteros-y-ballesteros-sud\/#breadcrumb","itemListElement":[{"@type":"ListItem","position":1,"name":"Portada","item":"https:\/\/elregionalvm.com.ar\/noticias-villa-maria\/"},{"@type":"ListItem","position":2,"name":"Los ganadores de las elecciones del 11 de junio: Batacazo en Ballesteros y Ballesteros Sud"}]},{"@type":"WebSite","@id":"http:\/\/elregionalvm.com.ar\/noticias-villa-maria\/#website","url":"http:\/\/elregionalvm.com.ar\/noticias-villa-maria\/","name":"El Regional","description":"Mucho m\u00e1s que informaci\u00f3n","potentialAction":[{"@type":"SearchAction","target":{"@type":"EntryPoint","urlTemplate":"http:\/\/elregionalvm.com.ar\/noticias-villa-maria\/?s={search_term_string}"},"query-input":{"@type":"PropertyValueSpecification","valueRequired":true,"valueName":"search_term_string"}}],"inLanguage":"es"},{"@type":"Person","@id":"http:\/\/elregionalvm.com.ar\/noticias-villa-maria\/#\/schema\/person\/a0fb9c422317faca23d50163151bc354","name":"Contenidos El Regional","image":{"@type":"ImageObject","inLanguage":"es","@id":"http:\/\/elregionalvm.com.ar\/noticias-villa-maria\/#\/schema\/person\/image\/","url":"https:\/\/secure.gravatar.com\/avatar\/265b27cb2209af7bb3a1318f03305787d7981a5cc6e6cd08fe5a4ecdf99d4b48?s=96&d=mm&r=g","contentUrl":"https:\/\/secure.gravatar.com\/avatar\/265b27cb2209af7bb3a1318f03305787d7981a5cc6e6cd08fe5a4ecdf99d4b48?s=96&d=mm&r=g","caption":"Contenidos El Regional"},"url":"https:\/\/elregionalvm.com.ar\/noticias-villa-maria\/author\/contenido\/"}]}},"jetpack_featured_media_url":"https:\/\/i0.wp.com\/elregionalvm.com.ar\/noticias-villa-maria\/wp-content\/uploads\/2023\/06\/Graciela-Sanchez-Ballesteros-intendenta-electa-2023.jpg?fit=1080%2C690&ssl=1","jetpack_sharing_enabled":true,"_links":{"self":[{"href":"https:\/\/elregionalvm.com.ar\/noticias-villa-maria\/wp-json\/wp\/v2\/posts\/78020","targetHints":{"allow":["GET"]}}],"collection":[{"href":"https:\/\/elregionalvm.com.ar\/noticias-villa-maria\/wp-json\/wp\/v2\/posts"}],"about":[{"href":"https:\/\/elregionalvm.com.ar\/noticias-villa-maria\/wp-json\/wp\/v2\/types\/post"}],"author":[{"embeddable":true,"href":"https:\/\/elregionalvm.com.ar\/noticias-villa-maria\/wp-json\/wp\/v2\/users\/4"}],"replies":[{"embeddable":true,"href":"https:\/\/elregionalvm.com.ar\/noticias-villa-maria\/wp-json\/wp\/v2\/comments?post=78020"}],"version-history":[{"count":4,"href":"https:\/\/elregionalvm.com.ar\/noticias-villa-maria\/wp-json\/wp\/v2\/posts\/78020\/revisions"}],"predecessor-version":[{"id":78028,"href":"https:\/\/elregionalvm.com.ar\/noticias-villa-maria\/wp-json\/wp\/v2\/posts\/78020\/revisions\/78028"}],"wp:featuredmedia":[{"embeddable":true,"href":"https:\/\/elregionalvm.com.ar\/noticias-villa-maria\/wp-json\/wp\/v2\/media\/78022"}],"wp:attachment":[{"href":"https:\/\/elregionalvm.com.ar\/noticias-villa-maria\/wp-json\/wp\/v2\/media?parent=78020"}],"wp:term":[{"taxonomy":"category","embeddable":true,"href":"https:\/\/elregionalvm.com.ar\/noticias-villa-maria\/wp-json\/wp\/v2\/categories?post=78020"},{"taxonomy":"post_tag","embeddable":true,"href":"https:\/\/elregionalvm.com.ar\/noticias-villa-maria\/wp-json\/wp\/v2\/tags?post=78020"}],"curies":[{"name":"wp","href":"https:\/\/api.w.org\/{rel}","templated":true}]}}