{"id":78029,"date":"2023-06-12T02:05:16","date_gmt":"2023-06-12T02:05:16","guid":{"rendered":"https:\/\/elregionalvm.com.ar\/noticias-villa-maria\/?p=78029"},"modified":"2023-06-12T02:05:22","modified_gmt":"2023-06-12T02:05:22","slug":"terrible-una-nina-de-4-anos-murio-tras-ser-atropellada-por-un-camion-en-dalmacio-velez","status":"publish","type":"post","link":"https:\/\/elregionalvm.com.ar\/noticias-villa-maria\/terrible-una-nina-de-4-anos-murio-tras-ser-atropellada-por-un-camion-en-dalmacio-velez\/","title":{"rendered":"Terrible: Una ni\u00f1a de 4 a\u00f1os muri\u00f3 tras ser atropellada por un cami\u00f3n en Dalmacio V\u00e9lez"},"content":{"rendered":"\n<p>Gran conmoci\u00f3n en Dalmacio V\u00e9lez en la noche de este domingo 11 de junio. <\/p>\n\n\n\n<p>Una ni\u00f1a de tan solo 4  a\u00f1os muri\u00f3 tras ser embestida por un cami\u00f3n en la traza urbana de la ruta nacional 158. El accidente fatal ocurri\u00f3 minutos antes de las 21 horas.<\/p>\n\n\n\n<p>La ni\u00f1a se trasladaba en bicicleta junto con su mam\u00e1 cuando fueron alcanzadas por el impacto de un cami\u00f3n, inform\u00f3 Bomberos Voluntarios de la localidad ante una consulta de <a href=\"http:\/\/www.elregionalvm.com.ar\">EL REGIONAL.<\/a><\/p>\n\n\n\n<p>Ambas fueron trasladadas hacia el dispensario local por un vecino. La mam\u00e1 de la v\u00edctima sufri\u00f3 escoriaciones menores, seg\u00fan indicaron los servidores p\u00fablicos locales. <\/p>\n\n\n\n<p>Autoridades policiales se excusaron de ofrecer informaci\u00f3n, a la espera de autorizaci\u00f3n judicial.<\/p>\n","protected":false},"excerpt":{"rendered":"<p>Gran conmoci\u00f3n en Dalmacio V\u00e9lez en la noche de este domingo 11 de junio. Una ni\u00f1a de tan solo 4 a\u00f1os muri\u00f3 tras ser embestida por un cami\u00f3n en la traza urbana de la ruta nacional 158. El accidente fatal ocurri\u00f3 minutos antes de las 21 horas. La ni\u00f1a se trasladaba en bicicleta junto con [&hellip;]<\/p>\n","protected":false},"author":4,"featured_media":78031,"comment_status":"open","ping_status":"open","sticky":false,"template":"","format":"standard","meta":{"site-sidebar-layout":"default","site-content-layout":"","ast-site-content-layout":"default","site-content-style":"default","site-sidebar-style":"default","ast-global-header-display":"","ast-banner-title-visibility":"","ast-main-header-display":"","ast-hfb-above-header-display":"","ast-hfb-below-header-display":"","ast-hfb-mobile-header-display":"","site-post-title":"","ast-breadcrumbs-content":"","ast-featured-img":"","footer-sml-layout":"","ast-disable-related-posts":"","theme-transparent-header-meta":"","adv-header-id-meta":"","stick-header-meta":"","header-above-stick-meta":"","header-main-stick-meta":"","header-below-stick-meta":"","astra-migrate-meta-layouts":"default","ast-page-background-enabled":"default","ast-page-background-meta":{"desktop":{"background-color":"","background-image":"","background-repeat":"repeat","background-position":"center center","background-size":"auto","background-attachment":"scroll","background-type":"","background-media":"","overlay-type":"","overlay-color":"","overlay-opacity":"","overlay-gradient":""},"tablet":{"background-color":"","background-image":"","background-repeat":"repeat","background-position":"center center","background-size":"auto","background-attachment":"scroll","background-type":"","background-media":"","overlay-type":"","overlay-color":"","overlay-opacity":"","overlay-gradient":""},"mobile":{"background-color":"","background-image":"","background-repeat":"repeat","background-position":"center center","background-size":"auto","background-attachment":"scroll","background-type":"","background-media":"","overlay-type":"","overlay-color":"","overlay-opacity":"","overlay-gradient":""}},"ast-content-background-meta":{"desktop":{"background-color":"var(--ast-global-color-5)","background-image":"","background-repeat":"repeat","background-position":"center center","background-size":"auto","background-attachment":"scroll","background-type":"","background-media":"","overlay-type":"","overlay-color":"","overlay-opacity":"","overlay-gradient":""},"tablet":{"background-color":"var(--ast-global-color-5)","background-image":"","background-repeat":"repeat","background-position":"center center","background-size":"auto","background-attachment":"scroll","background-type":"","background-media":"","overlay-type":"","overlay-color":"","overlay-opacity":"","overlay-gradient":""},"mobile":{"background-color":"var(--ast-global-color-5)","background-image":"","background-repeat":"repeat","background-position":"center center","background-size":"auto","background-attachment":"scroll","background-type":"","background-media":"","overlay-type":"","overlay-color":"","overlay-opacity":"","overlay-gradient":""}},"_jetpack_memberships_contains_paid_content":false,"_joinchat":[],"footnotes":""},"categories":[15302,2234,2091,1],"tags":[2210,1912,1343,2709,2959,261,12344,4934],"class_list":["post-78029","post","type-post","status-publish","format-standard","has-post-thumbnail","hentry","category-destacado","category-policiales","category-region","category-sin-categoria","tag-accidente-fatal","tag-bicicleta","tag-bomberos","tag-camion","tag-dalmacio-velez-2","tag-fallecimiento","tag-nina","tag-ruta-nacional-158"],"yoast_head":"<!-- This site is optimized with the Yoast SEO plugin v26.8 - https:\/\/yoast.com\/product\/yoast-seo-wordpress\/ -->\n<title>Terrible: Una ni\u00f1a de 4 a\u00f1os muri\u00f3 tras ser atropellada por un cami\u00f3n en Dalmacio V\u00e9lez - El Regional<\/title>\n<meta name=\"robots\" content=\"index, follow, max-snippet:-1, max-image-preview:large, max-video-preview:-1\" \/>\n<link rel=\"canonical\" href=\"http:\/\/elregionalvm.com.ar\/noticias-villa-maria\/terrible-una-nina-de-4-anos-murio-tras-ser-atropellada-por-un-camion-en-dalmacio-velez\/\" \/>\n<meta property=\"og:locale\" content=\"es_ES\" \/>\n<meta property=\"og:type\" content=\"article\" \/>\n<meta property=\"og:title\" content=\"Terrible: Una ni\u00f1a de 4 a\u00f1os muri\u00f3 tras ser atropellada por un cami\u00f3n en Dalmacio V\u00e9lez - El Regional\" \/>\n<meta property=\"og:description\" content=\"Gran conmoci\u00f3n en Dalmacio V\u00e9lez en la noche de este domingo 11 de junio. Una ni\u00f1a de tan solo 4 a\u00f1os muri\u00f3 tras ser embestida por un cami\u00f3n en la traza urbana de la ruta nacional 158. El accidente fatal ocurri\u00f3 minutos antes de las 21 horas. La ni\u00f1a se trasladaba en bicicleta junto con [&hellip;]\" \/>\n<meta property=\"og:url\" content=\"http:\/\/elregionalvm.com.ar\/noticias-villa-maria\/terrible-una-nina-de-4-anos-murio-tras-ser-atropellada-por-un-camion-en-dalmacio-velez\/\" \/>\n<meta property=\"og:site_name\" content=\"El Regional\" \/>\n<meta property=\"article:publisher\" content=\"https:\/\/www.facebook.com\/elregionalvm\" \/>\n<meta property=\"article:published_time\" content=\"2023-06-12T02:05:16+00:00\" \/>\n<meta property=\"article:modified_time\" content=\"2023-06-12T02:05:22+00:00\" \/>\n<meta property=\"og:image\" content=\"http:\/\/elregionalvm.com.ar\/noticias-villa-maria\/wp-content\/uploads\/2023\/06\/DALMACIO-VELEZ-SARFIELD-cartel.jpg\" \/>\n\t<meta property=\"og:image:width\" content=\"825\" \/>\n\t<meta property=\"og:image:height\" content=\"586\" \/>\n\t<meta property=\"og:image:type\" content=\"image\/jpeg\" \/>\n<meta name=\"author\" content=\"Contenidos El Regional\" \/>\n<meta name=\"twitter:card\" content=\"summary_large_image\" \/>\n<meta name=\"twitter:creator\" content=\"@elregionalvm1\" \/>\n<meta name=\"twitter:site\" content=\"@elregionalvm1\" \/>\n<meta name=\"twitter:label1\" content=\"Escrito por\" \/>\n\t<meta name=\"twitter:data1\" content=\"Contenidos El Regional\" \/>\n\t<meta name=\"twitter:label2\" content=\"Tiempo de lectura\" \/>\n\t<meta name=\"twitter:data2\" content=\"1 minuto\" \/>\n<script type=\"application\/ld+json\" class=\"yoast-schema-graph\">{\"@context\":\"https:\/\/schema.org\",\"@graph\":[{\"@type\":\"Article\",\"@id\":\"http:\/\/elregionalvm.com.ar\/noticias-villa-maria\/terrible-una-nina-de-4-anos-murio-tras-ser-atropellada-por-un-camion-en-dalmacio-velez\/#article\",\"isPartOf\":{\"@id\":\"http:\/\/elregionalvm.com.ar\/noticias-villa-maria\/terrible-una-nina-de-4-anos-murio-tras-ser-atropellada-por-un-camion-en-dalmacio-velez\/\"},\"author\":{\"name\":\"Contenidos El Regional\",\"@id\":\"http:\/\/elregionalvm.com.ar\/noticias-villa-maria\/#\/schema\/person\/a0fb9c422317faca23d50163151bc354\"},\"headline\":\"Terrible: Una ni\u00f1a de 4 a\u00f1os muri\u00f3 tras ser atropellada por un cami\u00f3n en Dalmacio V\u00e9lez\",\"datePublished\":\"2023-06-12T02:05:16+00:00\",\"dateModified\":\"2023-06-12T02:05:22+00:00\",\"mainEntityOfPage\":{\"@id\":\"http:\/\/elregionalvm.com.ar\/noticias-villa-maria\/terrible-una-nina-de-4-anos-murio-tras-ser-atropellada-por-un-camion-en-dalmacio-velez\/\"},\"wordCount\":142,\"commentCount\":0,\"image\":{\"@id\":\"http:\/\/elregionalvm.com.ar\/noticias-villa-maria\/terrible-una-nina-de-4-anos-murio-tras-ser-atropellada-por-un-camion-en-dalmacio-velez\/#primaryimage\"},\"thumbnailUrl\":\"https:\/\/i0.wp.com\/elregionalvm.com.ar\/noticias-villa-maria\/wp-content\/uploads\/2023\/06\/DALMACIO-VELEZ-SARFIELD-cartel.jpg?fit=825%2C586&ssl=1\",\"keywords\":[\"accidente fatal\",\"bicicleta\",\"Bomberos\",\"cami\u00f3n\",\"Dalmacio V\u00e9lez\",\"fallecimiento\",\"ni\u00f1a\",\"Ruta nacional 158\"],\"articleSection\":[\"destacado\",\"Policiales\",\"Regi\u00f3n\"],\"inLanguage\":\"es\",\"potentialAction\":[{\"@type\":\"CommentAction\",\"name\":\"Comment\",\"target\":[\"http:\/\/elregionalvm.com.ar\/noticias-villa-maria\/terrible-una-nina-de-4-anos-murio-tras-ser-atropellada-por-un-camion-en-dalmacio-velez\/#respond\"]}]},{\"@type\":\"WebPage\",\"@id\":\"http:\/\/elregionalvm.com.ar\/noticias-villa-maria\/terrible-una-nina-de-4-anos-murio-tras-ser-atropellada-por-un-camion-en-dalmacio-velez\/\",\"url\":\"http:\/\/elregionalvm.com.ar\/noticias-villa-maria\/terrible-una-nina-de-4-anos-murio-tras-ser-atropellada-por-un-camion-en-dalmacio-velez\/\",\"name\":\"Terrible: Una ni\u00f1a de 4 a\u00f1os muri\u00f3 tras ser atropellada por un cami\u00f3n en Dalmacio V\u00e9lez - El Regional\",\"isPartOf\":{\"@id\":\"http:\/\/elregionalvm.com.ar\/noticias-villa-maria\/#website\"},\"primaryImageOfPage\":{\"@id\":\"http:\/\/elregionalvm.com.ar\/noticias-villa-maria\/terrible-una-nina-de-4-anos-murio-tras-ser-atropellada-por-un-camion-en-dalmacio-velez\/#primaryimage\"},\"image\":{\"@id\":\"http:\/\/elregionalvm.com.ar\/noticias-villa-maria\/terrible-una-nina-de-4-anos-murio-tras-ser-atropellada-por-un-camion-en-dalmacio-velez\/#primaryimage\"},\"thumbnailUrl\":\"https:\/\/i0.wp.com\/elregionalvm.com.ar\/noticias-villa-maria\/wp-content\/uploads\/2023\/06\/DALMACIO-VELEZ-SARFIELD-cartel.jpg?fit=825%2C586&ssl=1\",\"datePublished\":\"2023-06-12T02:05:16+00:00\",\"dateModified\":\"2023-06-12T02:05:22+00:00\",\"author\":{\"@id\":\"http:\/\/elregionalvm.com.ar\/noticias-villa-maria\/#\/schema\/person\/a0fb9c422317faca23d50163151bc354\"},\"breadcrumb\":{\"@id\":\"http:\/\/elregionalvm.com.ar\/noticias-villa-maria\/terrible-una-nina-de-4-anos-murio-tras-ser-atropellada-por-un-camion-en-dalmacio-velez\/#breadcrumb\"},\"inLanguage\":\"es\",\"potentialAction\":[{\"@type\":\"ReadAction\",\"target\":[\"http:\/\/elregionalvm.com.ar\/noticias-villa-maria\/terrible-una-nina-de-4-anos-murio-tras-ser-atropellada-por-un-camion-en-dalmacio-velez\/\"]}]},{\"@type\":\"ImageObject\",\"inLanguage\":\"es\",\"@id\":\"http:\/\/elregionalvm.com.ar\/noticias-villa-maria\/terrible-una-nina-de-4-anos-murio-tras-ser-atropellada-por-un-camion-en-dalmacio-velez\/#primaryimage\",\"url\":\"https:\/\/i0.wp.com\/elregionalvm.com.ar\/noticias-villa-maria\/wp-content\/uploads\/2023\/06\/DALMACIO-VELEZ-SARFIELD-cartel.jpg?fit=825%2C586&ssl=1\",\"contentUrl\":\"https:\/\/i0.wp.com\/elregionalvm.com.ar\/noticias-villa-maria\/wp-content\/uploads\/2023\/06\/DALMACIO-VELEZ-SARFIELD-cartel.jpg?fit=825%2C586&ssl=1\",\"width\":825,\"height\":586},{\"@type\":\"BreadcrumbList\",\"@id\":\"http:\/\/elregionalvm.com.ar\/noticias-villa-maria\/terrible-una-nina-de-4-anos-murio-tras-ser-atropellada-por-un-camion-en-dalmacio-velez\/#breadcrumb\",\"itemListElement\":[{\"@type\":\"ListItem\",\"position\":1,\"name\":\"Portada\",\"item\":\"https:\/\/elregionalvm.com.ar\/noticias-villa-maria\/\"},{\"@type\":\"ListItem\",\"position\":2,\"name\":\"Terrible: Una ni\u00f1a de 4 a\u00f1os muri\u00f3 tras ser atropellada por un cami\u00f3n en Dalmacio V\u00e9lez\"}]},{\"@type\":\"WebSite\",\"@id\":\"http:\/\/elregionalvm.com.ar\/noticias-villa-maria\/#website\",\"url\":\"http:\/\/elregionalvm.com.ar\/noticias-villa-maria\/\",\"name\":\"El Regional\",\"description\":\"Mucho m\u00e1s que informaci\u00f3n\",\"potentialAction\":[{\"@type\":\"SearchAction\",\"target\":{\"@type\":\"EntryPoint\",\"urlTemplate\":\"http:\/\/elregionalvm.com.ar\/noticias-villa-maria\/?s={search_term_string}\"},\"query-input\":{\"@type\":\"PropertyValueSpecification\",\"valueRequired\":true,\"valueName\":\"search_term_string\"}}],\"inLanguage\":\"es\"},{\"@type\":\"Person\",\"@id\":\"http:\/\/elregionalvm.com.ar\/noticias-villa-maria\/#\/schema\/person\/a0fb9c422317faca23d50163151bc354\",\"name\":\"Contenidos El Regional\",\"image\":{\"@type\":\"ImageObject\",\"inLanguage\":\"es\",\"@id\":\"http:\/\/elregionalvm.com.ar\/noticias-villa-maria\/#\/schema\/person\/image\/\",\"url\":\"https:\/\/secure.gravatar.com\/avatar\/265b27cb2209af7bb3a1318f03305787d7981a5cc6e6cd08fe5a4ecdf99d4b48?s=96&d=mm&r=g\",\"contentUrl\":\"https:\/\/secure.gravatar.com\/avatar\/265b27cb2209af7bb3a1318f03305787d7981a5cc6e6cd08fe5a4ecdf99d4b48?s=96&d=mm&r=g\",\"caption\":\"Contenidos El Regional\"},\"url\":\"https:\/\/elregionalvm.com.ar\/noticias-villa-maria\/author\/contenido\/\"}]}<\/script>\n<!-- \/ Yoast SEO plugin. -->","yoast_head_json":{"title":"Terrible: Una ni\u00f1a de 4 a\u00f1os muri\u00f3 tras ser atropellada por un cami\u00f3n en Dalmacio V\u00e9lez - El Regional","robots":{"index":"index","follow":"follow","max-snippet":"max-snippet:-1","max-image-preview":"max-image-preview:large","max-video-preview":"max-video-preview:-1"},"canonical":"http:\/\/elregionalvm.com.ar\/noticias-villa-maria\/terrible-una-nina-de-4-anos-murio-tras-ser-atropellada-por-un-camion-en-dalmacio-velez\/","og_locale":"es_ES","og_type":"article","og_title":"Terrible: Una ni\u00f1a de 4 a\u00f1os muri\u00f3 tras ser atropellada por un cami\u00f3n en Dalmacio V\u00e9lez - El Regional","og_description":"Gran conmoci\u00f3n en Dalmacio V\u00e9lez en la noche de este domingo 11 de junio. Una ni\u00f1a de tan solo 4 a\u00f1os muri\u00f3 tras ser embestida por un cami\u00f3n en la traza urbana de la ruta nacional 158. El accidente fatal ocurri\u00f3 minutos antes de las 21 horas. La ni\u00f1a se trasladaba en bicicleta junto con [&hellip;]","og_url":"http:\/\/elregionalvm.com.ar\/noticias-villa-maria\/terrible-una-nina-de-4-anos-murio-tras-ser-atropellada-por-un-camion-en-dalmacio-velez\/","og_site_name":"El Regional","article_publisher":"https:\/\/www.facebook.com\/elregionalvm","article_published_time":"2023-06-12T02:05:16+00:00","article_modified_time":"2023-06-12T02:05:22+00:00","og_image":[{"width":825,"height":586,"url":"http:\/\/elregionalvm.com.ar\/noticias-villa-maria\/wp-content\/uploads\/2023\/06\/DALMACIO-VELEZ-SARFIELD-cartel.jpg","type":"image\/jpeg"}],"author":"Contenidos El Regional","twitter_card":"summary_large_image","twitter_creator":"@elregionalvm1","twitter_site":"@elregionalvm1","twitter_misc":{"Escrito por":"Contenidos El Regional","Tiempo de lectura":"1 minuto"},"schema":{"@context":"https:\/\/schema.org","@graph":[{"@type":"Article","@id":"http:\/\/elregionalvm.com.ar\/noticias-villa-maria\/terrible-una-nina-de-4-anos-murio-tras-ser-atropellada-por-un-camion-en-dalmacio-velez\/#article","isPartOf":{"@id":"http:\/\/elregionalvm.com.ar\/noticias-villa-maria\/terrible-una-nina-de-4-anos-murio-tras-ser-atropellada-por-un-camion-en-dalmacio-velez\/"},"author":{"name":"Contenidos El Regional","@id":"http:\/\/elregionalvm.com.ar\/noticias-villa-maria\/#\/schema\/person\/a0fb9c422317faca23d50163151bc354"},"headline":"Terrible: Una ni\u00f1a de 4 a\u00f1os muri\u00f3 tras ser atropellada por un cami\u00f3n en Dalmacio V\u00e9lez","datePublished":"2023-06-12T02:05:16+00:00","dateModified":"2023-06-12T02:05:22+00:00","mainEntityOfPage":{"@id":"http:\/\/elregionalvm.com.ar\/noticias-villa-maria\/terrible-una-nina-de-4-anos-murio-tras-ser-atropellada-por-un-camion-en-dalmacio-velez\/"},"wordCount":142,"commentCount":0,"image":{"@id":"http:\/\/elregionalvm.com.ar\/noticias-villa-maria\/terrible-una-nina-de-4-anos-murio-tras-ser-atropellada-por-un-camion-en-dalmacio-velez\/#primaryimage"},"thumbnailUrl":"https:\/\/i0.wp.com\/elregionalvm.com.ar\/noticias-villa-maria\/wp-content\/uploads\/2023\/06\/DALMACIO-VELEZ-SARFIELD-cartel.jpg?fit=825%2C586&ssl=1","keywords":["accidente fatal","bicicleta","Bomberos","cami\u00f3n","Dalmacio V\u00e9lez","fallecimiento","ni\u00f1a","Ruta nacional 158"],"articleSection":["destacado","Policiales","Regi\u00f3n"],"inLanguage":"es","potentialAction":[{"@type":"CommentAction","name":"Comment","target":["http:\/\/elregionalvm.com.ar\/noticias-villa-maria\/terrible-una-nina-de-4-anos-murio-tras-ser-atropellada-por-un-camion-en-dalmacio-velez\/#respond"]}]},{"@type":"WebPage","@id":"http:\/\/elregionalvm.com.ar\/noticias-villa-maria\/terrible-una-nina-de-4-anos-murio-tras-ser-atropellada-por-un-camion-en-dalmacio-velez\/","url":"http:\/\/elregionalvm.com.ar\/noticias-villa-maria\/terrible-una-nina-de-4-anos-murio-tras-ser-atropellada-por-un-camion-en-dalmacio-velez\/","name":"Terrible: Una ni\u00f1a de 4 a\u00f1os muri\u00f3 tras ser atropellada por un cami\u00f3n en Dalmacio V\u00e9lez - El Regional","isPartOf":{"@id":"http:\/\/elregionalvm.com.ar\/noticias-villa-maria\/#website"},"primaryImageOfPage":{"@id":"http:\/\/elregionalvm.com.ar\/noticias-villa-maria\/terrible-una-nina-de-4-anos-murio-tras-ser-atropellada-por-un-camion-en-dalmacio-velez\/#primaryimage"},"image":{"@id":"http:\/\/elregionalvm.com.ar\/noticias-villa-maria\/terrible-una-nina-de-4-anos-murio-tras-ser-atropellada-por-un-camion-en-dalmacio-velez\/#primaryimage"},"thumbnailUrl":"https:\/\/i0.wp.com\/elregionalvm.com.ar\/noticias-villa-maria\/wp-content\/uploads\/2023\/06\/DALMACIO-VELEZ-SARFIELD-cartel.jpg?fit=825%2C586&ssl=1","datePublished":"2023-06-12T02:05:16+00:00","dateModified":"2023-06-12T02:05:22+00:00","author":{"@id":"http:\/\/elregionalvm.com.ar\/noticias-villa-maria\/#\/schema\/person\/a0fb9c422317faca23d50163151bc354"},"breadcrumb":{"@id":"http:\/\/elregionalvm.com.ar\/noticias-villa-maria\/terrible-una-nina-de-4-anos-murio-tras-ser-atropellada-por-un-camion-en-dalmacio-velez\/#breadcrumb"},"inLanguage":"es","potentialAction":[{"@type":"ReadAction","target":["http:\/\/elregionalvm.com.ar\/noticias-villa-maria\/terrible-una-nina-de-4-anos-murio-tras-ser-atropellada-por-un-camion-en-dalmacio-velez\/"]}]},{"@type":"ImageObject","inLanguage":"es","@id":"http:\/\/elregionalvm.com.ar\/noticias-villa-maria\/terrible-una-nina-de-4-anos-murio-tras-ser-atropellada-por-un-camion-en-dalmacio-velez\/#primaryimage","url":"https:\/\/i0.wp.com\/elregionalvm.com.ar\/noticias-villa-maria\/wp-content\/uploads\/2023\/06\/DALMACIO-VELEZ-SARFIELD-cartel.jpg?fit=825%2C586&ssl=1","contentUrl":"https:\/\/i0.wp.com\/elregionalvm.com.ar\/noticias-villa-maria\/wp-content\/uploads\/2023\/06\/DALMACIO-VELEZ-SARFIELD-cartel.jpg?fit=825%2C586&ssl=1","width":825,"height":586},{"@type":"BreadcrumbList","@id":"http:\/\/elregionalvm.com.ar\/noticias-villa-maria\/terrible-una-nina-de-4-anos-murio-tras-ser-atropellada-por-un-camion-en-dalmacio-velez\/#breadcrumb","itemListElement":[{"@type":"ListItem","position":1,"name":"Portada","item":"https:\/\/elregionalvm.com.ar\/noticias-villa-maria\/"},{"@type":"ListItem","position":2,"name":"Terrible: Una ni\u00f1a de 4 a\u00f1os muri\u00f3 tras ser atropellada por un cami\u00f3n en Dalmacio V\u00e9lez"}]},{"@type":"WebSite","@id":"http:\/\/elregionalvm.com.ar\/noticias-villa-maria\/#website","url":"http:\/\/elregionalvm.com.ar\/noticias-villa-maria\/","name":"El Regional","description":"Mucho m\u00e1s que informaci\u00f3n","potentialAction":[{"@type":"SearchAction","target":{"@type":"EntryPoint","urlTemplate":"http:\/\/elregionalvm.com.ar\/noticias-villa-maria\/?s={search_term_string}"},"query-input":{"@type":"PropertyValueSpecification","valueRequired":true,"valueName":"search_term_string"}}],"inLanguage":"es"},{"@type":"Person","@id":"http:\/\/elregionalvm.com.ar\/noticias-villa-maria\/#\/schema\/person\/a0fb9c422317faca23d50163151bc354","name":"Contenidos El Regional","image":{"@type":"ImageObject","inLanguage":"es","@id":"http:\/\/elregionalvm.com.ar\/noticias-villa-maria\/#\/schema\/person\/image\/","url":"https:\/\/secure.gravatar.com\/avatar\/265b27cb2209af7bb3a1318f03305787d7981a5cc6e6cd08fe5a4ecdf99d4b48?s=96&d=mm&r=g","contentUrl":"https:\/\/secure.gravatar.com\/avatar\/265b27cb2209af7bb3a1318f03305787d7981a5cc6e6cd08fe5a4ecdf99d4b48?s=96&d=mm&r=g","caption":"Contenidos El Regional"},"url":"https:\/\/elregionalvm.com.ar\/noticias-villa-maria\/author\/contenido\/"}]}},"jetpack_featured_media_url":"https:\/\/i0.wp.com\/elregionalvm.com.ar\/noticias-villa-maria\/wp-content\/uploads\/2023\/06\/DALMACIO-VELEZ-SARFIELD-cartel.jpg?fit=825%2C586&ssl=1","jetpack_sharing_enabled":true,"_links":{"self":[{"href":"https:\/\/elregionalvm.com.ar\/noticias-villa-maria\/wp-json\/wp\/v2\/posts\/78029","targetHints":{"allow":["GET"]}}],"collection":[{"href":"https:\/\/elregionalvm.com.ar\/noticias-villa-maria\/wp-json\/wp\/v2\/posts"}],"about":[{"href":"https:\/\/elregionalvm.com.ar\/noticias-villa-maria\/wp-json\/wp\/v2\/types\/post"}],"author":[{"embeddable":true,"href":"https:\/\/elregionalvm.com.ar\/noticias-villa-maria\/wp-json\/wp\/v2\/users\/4"}],"replies":[{"embeddable":true,"href":"https:\/\/elregionalvm.com.ar\/noticias-villa-maria\/wp-json\/wp\/v2\/comments?post=78029"}],"version-history":[{"count":2,"href":"https:\/\/elregionalvm.com.ar\/noticias-villa-maria\/wp-json\/wp\/v2\/posts\/78029\/revisions"}],"predecessor-version":[{"id":78033,"href":"https:\/\/elregionalvm.com.ar\/noticias-villa-maria\/wp-json\/wp\/v2\/posts\/78029\/revisions\/78033"}],"wp:featuredmedia":[{"embeddable":true,"href":"https:\/\/elregionalvm.com.ar\/noticias-villa-maria\/wp-json\/wp\/v2\/media\/78031"}],"wp:attachment":[{"href":"https:\/\/elregionalvm.com.ar\/noticias-villa-maria\/wp-json\/wp\/v2\/media?parent=78029"}],"wp:term":[{"taxonomy":"category","embeddable":true,"href":"https:\/\/elregionalvm.com.ar\/noticias-villa-maria\/wp-json\/wp\/v2\/categories?post=78029"},{"taxonomy":"post_tag","embeddable":true,"href":"https:\/\/elregionalvm.com.ar\/noticias-villa-maria\/wp-json\/wp\/v2\/tags?post=78029"}],"curies":[{"name":"wp","href":"https:\/\/api.w.org\/{rel}","templated":true}]}}