{"id":78042,"date":"2023-06-12T20:16:44","date_gmt":"2023-06-12T20:16:44","guid":{"rendered":"https:\/\/elregionalvm.com.ar\/noticias-villa-maria\/?p=78042"},"modified":"2023-06-12T20:16:47","modified_gmt":"2023-06-12T20:16:47","slug":"accastello-se-reunio-con-representantes-del-parque-industrial-villa-maria-apymel-y-el-cluster-quesero","status":"publish","type":"post","link":"https:\/\/elregionalvm.com.ar\/noticias-villa-maria\/accastello-se-reunio-con-representantes-del-parque-industrial-villa-maria-apymel-y-el-cluster-quesero\/","title":{"rendered":"Accastello se reuni\u00f3 con representantes del Parque Industrial Villa Mar\u00eda, APyMEL y el Cl\u00faster Quesero"},"content":{"rendered":"\n<p>El Parque Industrial, Log\u00edstico y Tecnol\u00f3gico Villa Mar\u00eda fue sede de un encuentro entre el ministro de Industria, Comercio y Miner\u00eda, Eduardo Accastello, y representantes del sector l\u00e1cteo con la finalidad de intercambiar ideas y abordar la situaci\u00f3n actual.<\/p>\n\n\n\n<p>Estuvieron presentes, el secretario de Comercio, Juan Pablo Inglese; la secretaria de Parques Industriales, Alejandra Barbero; el Director General de Control de la Industria Alimenticia, Germ\u00e1n Tenedini; la S\u00edndica de la Agencia C\u00f3rdoba Turismo, Ver\u00f3nica Navarro Alegre, y la directora de Promoci\u00f3n Industrial Victoria Poncio: el vicepresidente de la Asociaci\u00f3n de Peque\u00f1as y Medianas Empresas L\u00e1cteas \u2013APyMEL-, Gustavo Ferreyra; y por el Cl\u00faster Quesero, Rub\u00e9n Mart\u00edn Ghigo.<\/p>\n\n\n\n<p>Durante la reuni\u00f3n, el ministro Accastello expres\u00f3:&nbsp;<strong><em>\u201cVenimos trabajando para que Villa Mar\u00eda tenga un Parque Industrial L\u00e1cteo Alimenticio\u201d.<\/em><\/strong><\/p>\n\n\n\n<p><strong><em>\u201cC\u00f3rdoba cuenta con 54 parques industriales y el desaf\u00edo es llegar a los 75 predios en los pr\u00f3ximos cinco a\u00f1os.<\/em><\/strong>&nbsp;<strong><em>Los parques industriales significan desarrollo territorial, m\u00e1s empleo, capacitar los recursos humanos y desarrollar el talento en los Centros de Innovaci\u00f3n y en las escuelas t\u00e9cnicas\u201d,&nbsp;<\/em><\/strong>sostuvo.<\/p>\n\n\n\n<p>Luego, sostuvo que juntos, el sector privado y el sector p\u00fablico&nbsp;<strong><em>\u201ctenemos que buscar estrategias y pol\u00edticas l\u00e1cteas para crear nuevos caminos productivos, generar m\u00e1s competitividad y pensar en la internacionalizaci\u00f3n de las PyMEs cordobesas\u201d.<\/em><\/strong><\/p>\n\n\n\n<p>Desde el Cl\u00faster Quesero plantearon la necesidad de comprar maquinaria para que todas las PyMEs del sector puedan diversificar su producci\u00f3n, mediante alg\u00fan tipo de financiaci\u00f3n ante la situaci\u00f3n econ\u00f3mica del pa\u00eds.<\/p>\n\n\n\n<p>En este sentido, Accastello se\u00f1al\u00f3 que hay que buscar herramientas de financiamiento y se refiri\u00f3 a la conformaci\u00f3n de un fondo fiduciario espec\u00edfico para el sector alimenticio, sector que representa el 35 por ciento de la comercializaci\u00f3n de los productos cordobeses.<\/p>\n\n\n\n<p>Asimismo, indic\u00f3 que el desaf\u00edo es que la rentabilidad del sector industrial supere cualquier expectativa del presente, y C\u00f3rdoba est\u00e1 en condiciones de lograrlo,&nbsp;<strong><em>\u201cy para eso tenemos que ponernos de acuerdo y trabajar en conjunto\u201d<\/em><\/strong><\/p>\n\n\n\n<p><strong><em>\u201cEn Argentina tiene que producirse un cambio a corto plazo porque la situaci\u00f3n es terminal\u201d,&nbsp;<\/em><\/strong>indic\u00f3.<\/p>\n\n\n\n<p>Finalmente, el Ministro hizo entrega al presidente del Parque Industrial, Log\u00edstico y Tecnol\u00f3gico de Villa Mar\u00eda, Carlos Pizzorno, de un Aporte No Reembolsable por 8 millones de pesos para obras intramuro.<\/p>\n","protected":false},"excerpt":{"rendered":"<p>El Parque Industrial, Log\u00edstico y Tecnol\u00f3gico Villa Mar\u00eda fue sede de un encuentro entre el ministro de Industria, Comercio y Miner\u00eda, Eduardo Accastello, y representantes del sector l\u00e1cteo con la finalidad de intercambiar ideas y abordar la situaci\u00f3n actual. Estuvieron presentes, el secretario de Comercio, Juan Pablo Inglese; la secretaria de Parques Industriales, Alejandra Barbero; [&hellip;]<\/p>\n","protected":false},"author":4,"featured_media":78043,"comment_status":"open","ping_status":"open","sticky":false,"template":"","format":"standard","meta":{"site-sidebar-layout":"default","site-content-layout":"","ast-site-content-layout":"default","site-content-style":"default","site-sidebar-style":"default","ast-global-header-display":"","ast-banner-title-visibility":"","ast-main-header-display":"","ast-hfb-above-header-display":"","ast-hfb-below-header-display":"","ast-hfb-mobile-header-display":"","site-post-title":"","ast-breadcrumbs-content":"","ast-featured-img":"","footer-sml-layout":"","ast-disable-related-posts":"","theme-transparent-header-meta":"","adv-header-id-meta":"","stick-header-meta":"","header-above-stick-meta":"","header-main-stick-meta":"","header-below-stick-meta":"","astra-migrate-meta-layouts":"default","ast-page-background-enabled":"default","ast-page-background-meta":{"desktop":{"background-color":"","background-image":"","background-repeat":"repeat","background-position":"center center","background-size":"auto","background-attachment":"scroll","background-type":"","background-media":"","overlay-type":"","overlay-color":"","overlay-opacity":"","overlay-gradient":""},"tablet":{"background-color":"","background-image":"","background-repeat":"repeat","background-position":"center center","background-size":"auto","background-attachment":"scroll","background-type":"","background-media":"","overlay-type":"","overlay-color":"","overlay-opacity":"","overlay-gradient":""},"mobile":{"background-color":"","background-image":"","background-repeat":"repeat","background-position":"center center","background-size":"auto","background-attachment":"scroll","background-type":"","background-media":"","overlay-type":"","overlay-color":"","overlay-opacity":"","overlay-gradient":""}},"ast-content-background-meta":{"desktop":{"background-color":"var(--ast-global-color-5)","background-image":"","background-repeat":"repeat","background-position":"center center","background-size":"auto","background-attachment":"scroll","background-type":"","background-media":"","overlay-type":"","overlay-color":"","overlay-opacity":"","overlay-gradient":""},"tablet":{"background-color":"var(--ast-global-color-5)","background-image":"","background-repeat":"repeat","background-position":"center center","background-size":"auto","background-attachment":"scroll","background-type":"","background-media":"","overlay-type":"","overlay-color":"","overlay-opacity":"","overlay-gradient":""},"mobile":{"background-color":"var(--ast-global-color-5)","background-image":"","background-repeat":"repeat","background-position":"center center","background-size":"auto","background-attachment":"scroll","background-type":"","background-media":"","overlay-type":"","overlay-color":"","overlay-opacity":"","overlay-gradient":""}},"_jetpack_memberships_contains_paid_content":false,"_joinchat":[],"footnotes":""},"categories":[15302,5,2],"tags":[],"class_list":["post-78042","post","type-post","status-publish","format-standard","has-post-thumbnail","hentry","category-destacado","category-sociedad","category-villa-maria"],"yoast_head":"<!-- This site is optimized with the Yoast SEO plugin v26.8 - https:\/\/yoast.com\/product\/yoast-seo-wordpress\/ -->\n<title>Accastello se reuni\u00f3 con representantes del Parque Industrial Villa Mar\u00eda, APyMEL y el Cl\u00faster Quesero - El Regional<\/title>\n<meta name=\"robots\" content=\"index, follow, max-snippet:-1, max-image-preview:large, max-video-preview:-1\" \/>\n<link rel=\"canonical\" href=\"http:\/\/elregionalvm.com.ar\/noticias-villa-maria\/accastello-se-reunio-con-representantes-del-parque-industrial-villa-maria-apymel-y-el-cluster-quesero\/\" \/>\n<meta property=\"og:locale\" content=\"es_ES\" \/>\n<meta property=\"og:type\" content=\"article\" \/>\n<meta property=\"og:title\" content=\"Accastello se reuni\u00f3 con representantes del Parque Industrial Villa Mar\u00eda, APyMEL y el Cl\u00faster Quesero - El Regional\" \/>\n<meta property=\"og:description\" content=\"El Parque Industrial, Log\u00edstico y Tecnol\u00f3gico Villa Mar\u00eda fue sede de un encuentro entre el ministro de Industria, Comercio y Miner\u00eda, Eduardo Accastello, y representantes del sector l\u00e1cteo con la finalidad de intercambiar ideas y abordar la situaci\u00f3n actual. Estuvieron presentes, el secretario de Comercio, Juan Pablo Inglese; la secretaria de Parques Industriales, Alejandra Barbero; [&hellip;]\" \/>\n<meta property=\"og:url\" content=\"http:\/\/elregionalvm.com.ar\/noticias-villa-maria\/accastello-se-reunio-con-representantes-del-parque-industrial-villa-maria-apymel-y-el-cluster-quesero\/\" \/>\n<meta property=\"og:site_name\" content=\"El Regional\" \/>\n<meta property=\"article:publisher\" content=\"https:\/\/www.facebook.com\/elregionalvm\" \/>\n<meta property=\"article:published_time\" content=\"2023-06-12T20:16:44+00:00\" \/>\n<meta property=\"article:modified_time\" content=\"2023-06-12T20:16:47+00:00\" \/>\n<meta property=\"og:image\" content=\"http:\/\/elregionalvm.com.ar\/noticias-villa-maria\/wp-content\/uploads\/2023\/06\/nota-9-junio-2-galeria-2-editada.jpg\" \/>\n\t<meta property=\"og:image:width\" content=\"990\" \/>\n\t<meta property=\"og:image:height\" content=\"660\" \/>\n\t<meta property=\"og:image:type\" content=\"image\/jpeg\" \/>\n<meta name=\"author\" content=\"Contenidos El Regional\" \/>\n<meta name=\"twitter:card\" content=\"summary_large_image\" \/>\n<meta name=\"twitter:creator\" content=\"@elregionalvm1\" \/>\n<meta name=\"twitter:site\" content=\"@elregionalvm1\" \/>\n<meta name=\"twitter:label1\" content=\"Escrito por\" \/>\n\t<meta name=\"twitter:data1\" content=\"Contenidos El Regional\" \/>\n\t<meta name=\"twitter:label2\" content=\"Tiempo de lectura\" \/>\n\t<meta name=\"twitter:data2\" content=\"2 minutos\" \/>\n<script type=\"application\/ld+json\" class=\"yoast-schema-graph\">{\"@context\":\"https:\/\/schema.org\",\"@graph\":[{\"@type\":\"Article\",\"@id\":\"http:\/\/elregionalvm.com.ar\/noticias-villa-maria\/accastello-se-reunio-con-representantes-del-parque-industrial-villa-maria-apymel-y-el-cluster-quesero\/#article\",\"isPartOf\":{\"@id\":\"http:\/\/elregionalvm.com.ar\/noticias-villa-maria\/accastello-se-reunio-con-representantes-del-parque-industrial-villa-maria-apymel-y-el-cluster-quesero\/\"},\"author\":{\"name\":\"Contenidos El Regional\",\"@id\":\"http:\/\/elregionalvm.com.ar\/noticias-villa-maria\/#\/schema\/person\/a0fb9c422317faca23d50163151bc354\"},\"headline\":\"Accastello se reuni\u00f3 con representantes del Parque Industrial Villa Mar\u00eda, APyMEL y el Cl\u00faster Quesero\",\"datePublished\":\"2023-06-12T20:16:44+00:00\",\"dateModified\":\"2023-06-12T20:16:47+00:00\",\"mainEntityOfPage\":{\"@id\":\"http:\/\/elregionalvm.com.ar\/noticias-villa-maria\/accastello-se-reunio-con-representantes-del-parque-industrial-villa-maria-apymel-y-el-cluster-quesero\/\"},\"wordCount\":431,\"commentCount\":0,\"image\":{\"@id\":\"http:\/\/elregionalvm.com.ar\/noticias-villa-maria\/accastello-se-reunio-con-representantes-del-parque-industrial-villa-maria-apymel-y-el-cluster-quesero\/#primaryimage\"},\"thumbnailUrl\":\"https:\/\/i0.wp.com\/elregionalvm.com.ar\/noticias-villa-maria\/wp-content\/uploads\/2023\/06\/nota-9-junio-2-galeria-2-editada.jpg?fit=990%2C660&ssl=1\",\"articleSection\":[\"destacado\",\"Sociedad\",\"Villa Mar\u00eda\"],\"inLanguage\":\"es\",\"potentialAction\":[{\"@type\":\"CommentAction\",\"name\":\"Comment\",\"target\":[\"http:\/\/elregionalvm.com.ar\/noticias-villa-maria\/accastello-se-reunio-con-representantes-del-parque-industrial-villa-maria-apymel-y-el-cluster-quesero\/#respond\"]}]},{\"@type\":\"WebPage\",\"@id\":\"http:\/\/elregionalvm.com.ar\/noticias-villa-maria\/accastello-se-reunio-con-representantes-del-parque-industrial-villa-maria-apymel-y-el-cluster-quesero\/\",\"url\":\"http:\/\/elregionalvm.com.ar\/noticias-villa-maria\/accastello-se-reunio-con-representantes-del-parque-industrial-villa-maria-apymel-y-el-cluster-quesero\/\",\"name\":\"Accastello se reuni\u00f3 con representantes del Parque Industrial Villa Mar\u00eda, APyMEL y el Cl\u00faster Quesero - El Regional\",\"isPartOf\":{\"@id\":\"http:\/\/elregionalvm.com.ar\/noticias-villa-maria\/#website\"},\"primaryImageOfPage\":{\"@id\":\"http:\/\/elregionalvm.com.ar\/noticias-villa-maria\/accastello-se-reunio-con-representantes-del-parque-industrial-villa-maria-apymel-y-el-cluster-quesero\/#primaryimage\"},\"image\":{\"@id\":\"http:\/\/elregionalvm.com.ar\/noticias-villa-maria\/accastello-se-reunio-con-representantes-del-parque-industrial-villa-maria-apymel-y-el-cluster-quesero\/#primaryimage\"},\"thumbnailUrl\":\"https:\/\/i0.wp.com\/elregionalvm.com.ar\/noticias-villa-maria\/wp-content\/uploads\/2023\/06\/nota-9-junio-2-galeria-2-editada.jpg?fit=990%2C660&ssl=1\",\"datePublished\":\"2023-06-12T20:16:44+00:00\",\"dateModified\":\"2023-06-12T20:16:47+00:00\",\"author\":{\"@id\":\"http:\/\/elregionalvm.com.ar\/noticias-villa-maria\/#\/schema\/person\/a0fb9c422317faca23d50163151bc354\"},\"breadcrumb\":{\"@id\":\"http:\/\/elregionalvm.com.ar\/noticias-villa-maria\/accastello-se-reunio-con-representantes-del-parque-industrial-villa-maria-apymel-y-el-cluster-quesero\/#breadcrumb\"},\"inLanguage\":\"es\",\"potentialAction\":[{\"@type\":\"ReadAction\",\"target\":[\"http:\/\/elregionalvm.com.ar\/noticias-villa-maria\/accastello-se-reunio-con-representantes-del-parque-industrial-villa-maria-apymel-y-el-cluster-quesero\/\"]}]},{\"@type\":\"ImageObject\",\"inLanguage\":\"es\",\"@id\":\"http:\/\/elregionalvm.com.ar\/noticias-villa-maria\/accastello-se-reunio-con-representantes-del-parque-industrial-villa-maria-apymel-y-el-cluster-quesero\/#primaryimage\",\"url\":\"https:\/\/i0.wp.com\/elregionalvm.com.ar\/noticias-villa-maria\/wp-content\/uploads\/2023\/06\/nota-9-junio-2-galeria-2-editada.jpg?fit=990%2C660&ssl=1\",\"contentUrl\":\"https:\/\/i0.wp.com\/elregionalvm.com.ar\/noticias-villa-maria\/wp-content\/uploads\/2023\/06\/nota-9-junio-2-galeria-2-editada.jpg?fit=990%2C660&ssl=1\",\"width\":990,\"height\":660},{\"@type\":\"BreadcrumbList\",\"@id\":\"http:\/\/elregionalvm.com.ar\/noticias-villa-maria\/accastello-se-reunio-con-representantes-del-parque-industrial-villa-maria-apymel-y-el-cluster-quesero\/#breadcrumb\",\"itemListElement\":[{\"@type\":\"ListItem\",\"position\":1,\"name\":\"Portada\",\"item\":\"https:\/\/elregionalvm.com.ar\/noticias-villa-maria\/\"},{\"@type\":\"ListItem\",\"position\":2,\"name\":\"Accastello se reuni\u00f3 con representantes del Parque Industrial Villa Mar\u00eda, APyMEL y el Cl\u00faster Quesero\"}]},{\"@type\":\"WebSite\",\"@id\":\"http:\/\/elregionalvm.com.ar\/noticias-villa-maria\/#website\",\"url\":\"http:\/\/elregionalvm.com.ar\/noticias-villa-maria\/\",\"name\":\"El Regional\",\"description\":\"Mucho m\u00e1s que informaci\u00f3n\",\"potentialAction\":[{\"@type\":\"SearchAction\",\"target\":{\"@type\":\"EntryPoint\",\"urlTemplate\":\"http:\/\/elregionalvm.com.ar\/noticias-villa-maria\/?s={search_term_string}\"},\"query-input\":{\"@type\":\"PropertyValueSpecification\",\"valueRequired\":true,\"valueName\":\"search_term_string\"}}],\"inLanguage\":\"es\"},{\"@type\":\"Person\",\"@id\":\"http:\/\/elregionalvm.com.ar\/noticias-villa-maria\/#\/schema\/person\/a0fb9c422317faca23d50163151bc354\",\"name\":\"Contenidos El Regional\",\"image\":{\"@type\":\"ImageObject\",\"inLanguage\":\"es\",\"@id\":\"http:\/\/elregionalvm.com.ar\/noticias-villa-maria\/#\/schema\/person\/image\/\",\"url\":\"https:\/\/secure.gravatar.com\/avatar\/265b27cb2209af7bb3a1318f03305787d7981a5cc6e6cd08fe5a4ecdf99d4b48?s=96&d=mm&r=g\",\"contentUrl\":\"https:\/\/secure.gravatar.com\/avatar\/265b27cb2209af7bb3a1318f03305787d7981a5cc6e6cd08fe5a4ecdf99d4b48?s=96&d=mm&r=g\",\"caption\":\"Contenidos El Regional\"},\"url\":\"https:\/\/elregionalvm.com.ar\/noticias-villa-maria\/author\/contenido\/\"}]}<\/script>\n<!-- \/ Yoast SEO plugin. -->","yoast_head_json":{"title":"Accastello se reuni\u00f3 con representantes del Parque Industrial Villa Mar\u00eda, APyMEL y el Cl\u00faster Quesero - El Regional","robots":{"index":"index","follow":"follow","max-snippet":"max-snippet:-1","max-image-preview":"max-image-preview:large","max-video-preview":"max-video-preview:-1"},"canonical":"http:\/\/elregionalvm.com.ar\/noticias-villa-maria\/accastello-se-reunio-con-representantes-del-parque-industrial-villa-maria-apymel-y-el-cluster-quesero\/","og_locale":"es_ES","og_type":"article","og_title":"Accastello se reuni\u00f3 con representantes del Parque Industrial Villa Mar\u00eda, APyMEL y el Cl\u00faster Quesero - El Regional","og_description":"El Parque Industrial, Log\u00edstico y Tecnol\u00f3gico Villa Mar\u00eda fue sede de un encuentro entre el ministro de Industria, Comercio y Miner\u00eda, Eduardo Accastello, y representantes del sector l\u00e1cteo con la finalidad de intercambiar ideas y abordar la situaci\u00f3n actual. Estuvieron presentes, el secretario de Comercio, Juan Pablo Inglese; la secretaria de Parques Industriales, Alejandra Barbero; [&hellip;]","og_url":"http:\/\/elregionalvm.com.ar\/noticias-villa-maria\/accastello-se-reunio-con-representantes-del-parque-industrial-villa-maria-apymel-y-el-cluster-quesero\/","og_site_name":"El Regional","article_publisher":"https:\/\/www.facebook.com\/elregionalvm","article_published_time":"2023-06-12T20:16:44+00:00","article_modified_time":"2023-06-12T20:16:47+00:00","og_image":[{"width":990,"height":660,"url":"http:\/\/elregionalvm.com.ar\/noticias-villa-maria\/wp-content\/uploads\/2023\/06\/nota-9-junio-2-galeria-2-editada.jpg","type":"image\/jpeg"}],"author":"Contenidos El Regional","twitter_card":"summary_large_image","twitter_creator":"@elregionalvm1","twitter_site":"@elregionalvm1","twitter_misc":{"Escrito por":"Contenidos El Regional","Tiempo de lectura":"2 minutos"},"schema":{"@context":"https:\/\/schema.org","@graph":[{"@type":"Article","@id":"http:\/\/elregionalvm.com.ar\/noticias-villa-maria\/accastello-se-reunio-con-representantes-del-parque-industrial-villa-maria-apymel-y-el-cluster-quesero\/#article","isPartOf":{"@id":"http:\/\/elregionalvm.com.ar\/noticias-villa-maria\/accastello-se-reunio-con-representantes-del-parque-industrial-villa-maria-apymel-y-el-cluster-quesero\/"},"author":{"name":"Contenidos El Regional","@id":"http:\/\/elregionalvm.com.ar\/noticias-villa-maria\/#\/schema\/person\/a0fb9c422317faca23d50163151bc354"},"headline":"Accastello se reuni\u00f3 con representantes del Parque Industrial Villa Mar\u00eda, APyMEL y el Cl\u00faster Quesero","datePublished":"2023-06-12T20:16:44+00:00","dateModified":"2023-06-12T20:16:47+00:00","mainEntityOfPage":{"@id":"http:\/\/elregionalvm.com.ar\/noticias-villa-maria\/accastello-se-reunio-con-representantes-del-parque-industrial-villa-maria-apymel-y-el-cluster-quesero\/"},"wordCount":431,"commentCount":0,"image":{"@id":"http:\/\/elregionalvm.com.ar\/noticias-villa-maria\/accastello-se-reunio-con-representantes-del-parque-industrial-villa-maria-apymel-y-el-cluster-quesero\/#primaryimage"},"thumbnailUrl":"https:\/\/i0.wp.com\/elregionalvm.com.ar\/noticias-villa-maria\/wp-content\/uploads\/2023\/06\/nota-9-junio-2-galeria-2-editada.jpg?fit=990%2C660&ssl=1","articleSection":["destacado","Sociedad","Villa Mar\u00eda"],"inLanguage":"es","potentialAction":[{"@type":"CommentAction","name":"Comment","target":["http:\/\/elregionalvm.com.ar\/noticias-villa-maria\/accastello-se-reunio-con-representantes-del-parque-industrial-villa-maria-apymel-y-el-cluster-quesero\/#respond"]}]},{"@type":"WebPage","@id":"http:\/\/elregionalvm.com.ar\/noticias-villa-maria\/accastello-se-reunio-con-representantes-del-parque-industrial-villa-maria-apymel-y-el-cluster-quesero\/","url":"http:\/\/elregionalvm.com.ar\/noticias-villa-maria\/accastello-se-reunio-con-representantes-del-parque-industrial-villa-maria-apymel-y-el-cluster-quesero\/","name":"Accastello se reuni\u00f3 con representantes del Parque Industrial Villa Mar\u00eda, APyMEL y el Cl\u00faster Quesero - El Regional","isPartOf":{"@id":"http:\/\/elregionalvm.com.ar\/noticias-villa-maria\/#website"},"primaryImageOfPage":{"@id":"http:\/\/elregionalvm.com.ar\/noticias-villa-maria\/accastello-se-reunio-con-representantes-del-parque-industrial-villa-maria-apymel-y-el-cluster-quesero\/#primaryimage"},"image":{"@id":"http:\/\/elregionalvm.com.ar\/noticias-villa-maria\/accastello-se-reunio-con-representantes-del-parque-industrial-villa-maria-apymel-y-el-cluster-quesero\/#primaryimage"},"thumbnailUrl":"https:\/\/i0.wp.com\/elregionalvm.com.ar\/noticias-villa-maria\/wp-content\/uploads\/2023\/06\/nota-9-junio-2-galeria-2-editada.jpg?fit=990%2C660&ssl=1","datePublished":"2023-06-12T20:16:44+00:00","dateModified":"2023-06-12T20:16:47+00:00","author":{"@id":"http:\/\/elregionalvm.com.ar\/noticias-villa-maria\/#\/schema\/person\/a0fb9c422317faca23d50163151bc354"},"breadcrumb":{"@id":"http:\/\/elregionalvm.com.ar\/noticias-villa-maria\/accastello-se-reunio-con-representantes-del-parque-industrial-villa-maria-apymel-y-el-cluster-quesero\/#breadcrumb"},"inLanguage":"es","potentialAction":[{"@type":"ReadAction","target":["http:\/\/elregionalvm.com.ar\/noticias-villa-maria\/accastello-se-reunio-con-representantes-del-parque-industrial-villa-maria-apymel-y-el-cluster-quesero\/"]}]},{"@type":"ImageObject","inLanguage":"es","@id":"http:\/\/elregionalvm.com.ar\/noticias-villa-maria\/accastello-se-reunio-con-representantes-del-parque-industrial-villa-maria-apymel-y-el-cluster-quesero\/#primaryimage","url":"https:\/\/i0.wp.com\/elregionalvm.com.ar\/noticias-villa-maria\/wp-content\/uploads\/2023\/06\/nota-9-junio-2-galeria-2-editada.jpg?fit=990%2C660&ssl=1","contentUrl":"https:\/\/i0.wp.com\/elregionalvm.com.ar\/noticias-villa-maria\/wp-content\/uploads\/2023\/06\/nota-9-junio-2-galeria-2-editada.jpg?fit=990%2C660&ssl=1","width":990,"height":660},{"@type":"BreadcrumbList","@id":"http:\/\/elregionalvm.com.ar\/noticias-villa-maria\/accastello-se-reunio-con-representantes-del-parque-industrial-villa-maria-apymel-y-el-cluster-quesero\/#breadcrumb","itemListElement":[{"@type":"ListItem","position":1,"name":"Portada","item":"https:\/\/elregionalvm.com.ar\/noticias-villa-maria\/"},{"@type":"ListItem","position":2,"name":"Accastello se reuni\u00f3 con representantes del Parque Industrial Villa Mar\u00eda, APyMEL y el Cl\u00faster Quesero"}]},{"@type":"WebSite","@id":"http:\/\/elregionalvm.com.ar\/noticias-villa-maria\/#website","url":"http:\/\/elregionalvm.com.ar\/noticias-villa-maria\/","name":"El Regional","description":"Mucho m\u00e1s que informaci\u00f3n","potentialAction":[{"@type":"SearchAction","target":{"@type":"EntryPoint","urlTemplate":"http:\/\/elregionalvm.com.ar\/noticias-villa-maria\/?s={search_term_string}"},"query-input":{"@type":"PropertyValueSpecification","valueRequired":true,"valueName":"search_term_string"}}],"inLanguage":"es"},{"@type":"Person","@id":"http:\/\/elregionalvm.com.ar\/noticias-villa-maria\/#\/schema\/person\/a0fb9c422317faca23d50163151bc354","name":"Contenidos El Regional","image":{"@type":"ImageObject","inLanguage":"es","@id":"http:\/\/elregionalvm.com.ar\/noticias-villa-maria\/#\/schema\/person\/image\/","url":"https:\/\/secure.gravatar.com\/avatar\/265b27cb2209af7bb3a1318f03305787d7981a5cc6e6cd08fe5a4ecdf99d4b48?s=96&d=mm&r=g","contentUrl":"https:\/\/secure.gravatar.com\/avatar\/265b27cb2209af7bb3a1318f03305787d7981a5cc6e6cd08fe5a4ecdf99d4b48?s=96&d=mm&r=g","caption":"Contenidos El Regional"},"url":"https:\/\/elregionalvm.com.ar\/noticias-villa-maria\/author\/contenido\/"}]}},"jetpack_featured_media_url":"https:\/\/i0.wp.com\/elregionalvm.com.ar\/noticias-villa-maria\/wp-content\/uploads\/2023\/06\/nota-9-junio-2-galeria-2-editada.jpg?fit=990%2C660&ssl=1","jetpack_sharing_enabled":true,"_links":{"self":[{"href":"https:\/\/elregionalvm.com.ar\/noticias-villa-maria\/wp-json\/wp\/v2\/posts\/78042","targetHints":{"allow":["GET"]}}],"collection":[{"href":"https:\/\/elregionalvm.com.ar\/noticias-villa-maria\/wp-json\/wp\/v2\/posts"}],"about":[{"href":"https:\/\/elregionalvm.com.ar\/noticias-villa-maria\/wp-json\/wp\/v2\/types\/post"}],"author":[{"embeddable":true,"href":"https:\/\/elregionalvm.com.ar\/noticias-villa-maria\/wp-json\/wp\/v2\/users\/4"}],"replies":[{"embeddable":true,"href":"https:\/\/elregionalvm.com.ar\/noticias-villa-maria\/wp-json\/wp\/v2\/comments?post=78042"}],"version-history":[{"count":1,"href":"https:\/\/elregionalvm.com.ar\/noticias-villa-maria\/wp-json\/wp\/v2\/posts\/78042\/revisions"}],"predecessor-version":[{"id":78044,"href":"https:\/\/elregionalvm.com.ar\/noticias-villa-maria\/wp-json\/wp\/v2\/posts\/78042\/revisions\/78044"}],"wp:featuredmedia":[{"embeddable":true,"href":"https:\/\/elregionalvm.com.ar\/noticias-villa-maria\/wp-json\/wp\/v2\/media\/78043"}],"wp:attachment":[{"href":"https:\/\/elregionalvm.com.ar\/noticias-villa-maria\/wp-json\/wp\/v2\/media?parent=78042"}],"wp:term":[{"taxonomy":"category","embeddable":true,"href":"https:\/\/elregionalvm.com.ar\/noticias-villa-maria\/wp-json\/wp\/v2\/categories?post=78042"},{"taxonomy":"post_tag","embeddable":true,"href":"https:\/\/elregionalvm.com.ar\/noticias-villa-maria\/wp-json\/wp\/v2\/tags?post=78042"}],"curies":[{"name":"wp","href":"https:\/\/api.w.org\/{rel}","templated":true}]}}