{"id":78053,"date":"2023-06-12T20:26:38","date_gmt":"2023-06-12T20:26:38","guid":{"rendered":"https:\/\/elregionalvm.com.ar\/noticias-villa-maria\/?p=78053"},"modified":"2023-06-13T02:51:38","modified_gmt":"2023-06-13T02:51:38","slug":"gill-y-grahovac-firmaron-convenios-para-la-realizacion-de-obras-de-rehabilitacion-de-gas","status":"publish","type":"post","link":"https:\/\/elregionalvm.com.ar\/noticias-villa-maria\/gill-y-grahovac-firmaron-convenios-para-la-realizacion-de-obras-de-rehabilitacion-de-gas\/","title":{"rendered":"Gill y Grahovac firmaron convenios para la realizaci\u00f3n de obras de gas en escuelas"},"content":{"rendered":"\n<p>El intendente Mart\u00edn Gill suscribi\u00f3 este medio d\u00eda un convenio de trabajo conjunto con el ministro de Educaci\u00f3n de la Provincia, Walter Grahovac, para la realizaci\u00f3n de obras de rehabilitaci\u00f3n de gas en diez escuelas primarias y jardines de infantes de la ciudad, a trav\u00e9s del Programa Aurora.<\/p>\n\n\n\n<p>El acuerdo suscripto estipula que el Gobierno de C\u00f3rdoba financiar\u00e1 las obras por un total de 23,9 millones de pesos, mientras que el municipio ser\u00e1 el encargado de la ejecuci\u00f3n de las labores.<\/p>\n\n\n\n<p>La iniciativa alcanza diferentes tareas e intervenciones en los jardines de infantes Jos\u00e9 M\u00e1rmol, Rep\u00fablica del Paraguay, Jos\u00e9 Ingenieros, Jos\u00e9 Manuel Estrada, Justo Jos\u00e9 de Urquiza y V\u00e9lez Sarsfield. Del mismo modo, se ejecutar\u00e1n obras en las escuelas primarias San Mart\u00edn, Justo Jos\u00e9 de Urquiza, Juan Bautista Alberdi y V\u00e9lez Sarsfield.<\/p>\n\n\n\n<p>Los proyectos obedecen a relevamientos por los cuales se detectaron diversas falencias para el funcionamiento de artefactos de gas y el\u00e9ctricos. <\/p>\n\n\n\n<p>As\u00ed, en cada instituci\u00f3n se realizar\u00e1n diferentes tareas, que van desde la adecuaci\u00f3n de planos, cambio de ubicaci\u00f3n de artefactos, pruebas de hermeticidad, cambio de instalaciones el\u00e9ctricas y dotaci\u00f3n con nuevos equipos de calefacci\u00f3n y cocina, entre otras.<\/p>\n\n\n\n<p>El convenio, en cuya firma estuvieron presentes el secretario de Comunicaciones de la Provincia, Marcos Bovo, el titular de la cartera educativa local, Rafael Sachetto, y el subdirector de Infraestructura Escolar, Jos\u00e9 Peralta, tiene por finalidad facilitar la ejecuci\u00f3n de los trabajos, brindando prontamente una soluci\u00f3n a las instituciones educativas y a sus comunidades.<\/p>\n\n\n\n<p><\/p>\n","protected":false},"excerpt":{"rendered":"<p>El intendente Mart\u00edn Gill suscribi\u00f3 este medio d\u00eda un convenio de trabajo conjunto con el ministro de Educaci\u00f3n de la Provincia, Walter Grahovac, para la realizaci\u00f3n de obras de rehabilitaci\u00f3n de gas en diez escuelas primarias y jardines de infantes de la ciudad, a trav\u00e9s del Programa Aurora. El acuerdo suscripto estipula que el Gobierno [&hellip;]<\/p>\n","protected":false},"author":4,"featured_media":78067,"comment_status":"open","ping_status":"open","sticky":false,"template":"","format":"standard","meta":{"site-sidebar-layout":"default","site-content-layout":"","ast-site-content-layout":"default","site-content-style":"default","site-sidebar-style":"default","ast-global-header-display":"","ast-banner-title-visibility":"","ast-main-header-display":"","ast-hfb-above-header-display":"","ast-hfb-below-header-display":"","ast-hfb-mobile-header-display":"","site-post-title":"","ast-breadcrumbs-content":"","ast-featured-img":"","footer-sml-layout":"","ast-disable-related-posts":"","theme-transparent-header-meta":"","adv-header-id-meta":"","stick-header-meta":"","header-above-stick-meta":"","header-main-stick-meta":"","header-below-stick-meta":"","astra-migrate-meta-layouts":"default","ast-page-background-enabled":"default","ast-page-background-meta":{"desktop":{"background-color":"","background-image":"","background-repeat":"repeat","background-position":"center center","background-size":"auto","background-attachment":"scroll","background-type":"","background-media":"","overlay-type":"","overlay-color":"","overlay-opacity":"","overlay-gradient":""},"tablet":{"background-color":"","background-image":"","background-repeat":"repeat","background-position":"center center","background-size":"auto","background-attachment":"scroll","background-type":"","background-media":"","overlay-type":"","overlay-color":"","overlay-opacity":"","overlay-gradient":""},"mobile":{"background-color":"","background-image":"","background-repeat":"repeat","background-position":"center center","background-size":"auto","background-attachment":"scroll","background-type":"","background-media":"","overlay-type":"","overlay-color":"","overlay-opacity":"","overlay-gradient":""}},"ast-content-background-meta":{"desktop":{"background-color":"var(--ast-global-color-5)","background-image":"","background-repeat":"repeat","background-position":"center center","background-size":"auto","background-attachment":"scroll","background-type":"","background-media":"","overlay-type":"","overlay-color":"","overlay-opacity":"","overlay-gradient":""},"tablet":{"background-color":"var(--ast-global-color-5)","background-image":"","background-repeat":"repeat","background-position":"center center","background-size":"auto","background-attachment":"scroll","background-type":"","background-media":"","overlay-type":"","overlay-color":"","overlay-opacity":"","overlay-gradient":""},"mobile":{"background-color":"var(--ast-global-color-5)","background-image":"","background-repeat":"repeat","background-position":"center center","background-size":"auto","background-attachment":"scroll","background-type":"","background-media":"","overlay-type":"","overlay-color":"","overlay-opacity":"","overlay-gradient":""}},"_jetpack_memberships_contains_paid_content":false,"_joinchat":[],"footnotes":""},"categories":[15302,5,2],"tags":[],"class_list":["post-78053","post","type-post","status-publish","format-standard","has-post-thumbnail","hentry","category-destacado","category-sociedad","category-villa-maria"],"yoast_head":"<!-- This site is optimized with the Yoast SEO plugin v26.8 - https:\/\/yoast.com\/product\/yoast-seo-wordpress\/ -->\n<title>Gill y Grahovac firmaron convenios para la realizaci\u00f3n de obras de gas en escuelas - El Regional<\/title>\n<meta name=\"robots\" content=\"index, follow, max-snippet:-1, max-image-preview:large, max-video-preview:-1\" \/>\n<link rel=\"canonical\" href=\"http:\/\/elregionalvm.com.ar\/noticias-villa-maria\/gill-y-grahovac-firmaron-convenios-para-la-realizacion-de-obras-de-rehabilitacion-de-gas\/\" \/>\n<meta property=\"og:locale\" content=\"es_ES\" \/>\n<meta property=\"og:type\" content=\"article\" \/>\n<meta property=\"og:title\" content=\"Gill y Grahovac firmaron convenios para la realizaci\u00f3n de obras de gas en escuelas - El Regional\" \/>\n<meta property=\"og:description\" content=\"El intendente Mart\u00edn Gill suscribi\u00f3 este medio d\u00eda un convenio de trabajo conjunto con el ministro de Educaci\u00f3n de la Provincia, Walter Grahovac, para la realizaci\u00f3n de obras de rehabilitaci\u00f3n de gas en diez escuelas primarias y jardines de infantes de la ciudad, a trav\u00e9s del Programa Aurora. El acuerdo suscripto estipula que el Gobierno [&hellip;]\" \/>\n<meta property=\"og:url\" content=\"http:\/\/elregionalvm.com.ar\/noticias-villa-maria\/gill-y-grahovac-firmaron-convenios-para-la-realizacion-de-obras-de-rehabilitacion-de-gas\/\" \/>\n<meta property=\"og:site_name\" content=\"El Regional\" \/>\n<meta property=\"article:publisher\" content=\"https:\/\/www.facebook.com\/elregionalvm\" \/>\n<meta property=\"article:published_time\" content=\"2023-06-12T20:26:38+00:00\" \/>\n<meta property=\"article:modified_time\" content=\"2023-06-13T02:51:38+00:00\" \/>\n<meta property=\"og:image\" content=\"http:\/\/elregionalvm.com.ar\/noticias-villa-maria\/wp-content\/uploads\/2023\/06\/26fedb67-2098-47d4-b291-c0d4d7782640-1.jpg\" \/>\n\t<meta property=\"og:image:width\" content=\"911\" \/>\n\t<meta property=\"og:image:height\" content=\"618\" \/>\n\t<meta property=\"og:image:type\" content=\"image\/jpeg\" \/>\n<meta name=\"author\" content=\"Contenidos El Regional\" \/>\n<meta name=\"twitter:card\" content=\"summary_large_image\" \/>\n<meta name=\"twitter:creator\" content=\"@elregionalvm1\" \/>\n<meta name=\"twitter:site\" content=\"@elregionalvm1\" \/>\n<meta name=\"twitter:label1\" content=\"Escrito por\" \/>\n\t<meta name=\"twitter:data1\" content=\"Contenidos El Regional\" \/>\n\t<meta name=\"twitter:label2\" content=\"Tiempo de lectura\" \/>\n\t<meta name=\"twitter:data2\" content=\"2 minutos\" \/>\n<script type=\"application\/ld+json\" class=\"yoast-schema-graph\">{\"@context\":\"https:\/\/schema.org\",\"@graph\":[{\"@type\":\"Article\",\"@id\":\"http:\/\/elregionalvm.com.ar\/noticias-villa-maria\/gill-y-grahovac-firmaron-convenios-para-la-realizacion-de-obras-de-rehabilitacion-de-gas\/#article\",\"isPartOf\":{\"@id\":\"http:\/\/elregionalvm.com.ar\/noticias-villa-maria\/gill-y-grahovac-firmaron-convenios-para-la-realizacion-de-obras-de-rehabilitacion-de-gas\/\"},\"author\":{\"name\":\"Contenidos El Regional\",\"@id\":\"http:\/\/elregionalvm.com.ar\/noticias-villa-maria\/#\/schema\/person\/a0fb9c422317faca23d50163151bc354\"},\"headline\":\"Gill y Grahovac firmaron convenios para la realizaci\u00f3n de obras de gas en escuelas\",\"datePublished\":\"2023-06-12T20:26:38+00:00\",\"dateModified\":\"2023-06-13T02:51:38+00:00\",\"mainEntityOfPage\":{\"@id\":\"http:\/\/elregionalvm.com.ar\/noticias-villa-maria\/gill-y-grahovac-firmaron-convenios-para-la-realizacion-de-obras-de-rehabilitacion-de-gas\/\"},\"wordCount\":283,\"commentCount\":0,\"image\":{\"@id\":\"http:\/\/elregionalvm.com.ar\/noticias-villa-maria\/gill-y-grahovac-firmaron-convenios-para-la-realizacion-de-obras-de-rehabilitacion-de-gas\/#primaryimage\"},\"thumbnailUrl\":\"https:\/\/i0.wp.com\/elregionalvm.com.ar\/noticias-villa-maria\/wp-content\/uploads\/2023\/06\/26fedb67-2098-47d4-b291-c0d4d7782640-1.jpg?fit=911%2C618&ssl=1\",\"articleSection\":[\"destacado\",\"Sociedad\",\"Villa Mar\u00eda\"],\"inLanguage\":\"es\",\"potentialAction\":[{\"@type\":\"CommentAction\",\"name\":\"Comment\",\"target\":[\"http:\/\/elregionalvm.com.ar\/noticias-villa-maria\/gill-y-grahovac-firmaron-convenios-para-la-realizacion-de-obras-de-rehabilitacion-de-gas\/#respond\"]}]},{\"@type\":\"WebPage\",\"@id\":\"http:\/\/elregionalvm.com.ar\/noticias-villa-maria\/gill-y-grahovac-firmaron-convenios-para-la-realizacion-de-obras-de-rehabilitacion-de-gas\/\",\"url\":\"http:\/\/elregionalvm.com.ar\/noticias-villa-maria\/gill-y-grahovac-firmaron-convenios-para-la-realizacion-de-obras-de-rehabilitacion-de-gas\/\",\"name\":\"Gill y Grahovac firmaron convenios para la realizaci\u00f3n de obras de gas en escuelas - El Regional\",\"isPartOf\":{\"@id\":\"http:\/\/elregionalvm.com.ar\/noticias-villa-maria\/#website\"},\"primaryImageOfPage\":{\"@id\":\"http:\/\/elregionalvm.com.ar\/noticias-villa-maria\/gill-y-grahovac-firmaron-convenios-para-la-realizacion-de-obras-de-rehabilitacion-de-gas\/#primaryimage\"},\"image\":{\"@id\":\"http:\/\/elregionalvm.com.ar\/noticias-villa-maria\/gill-y-grahovac-firmaron-convenios-para-la-realizacion-de-obras-de-rehabilitacion-de-gas\/#primaryimage\"},\"thumbnailUrl\":\"https:\/\/i0.wp.com\/elregionalvm.com.ar\/noticias-villa-maria\/wp-content\/uploads\/2023\/06\/26fedb67-2098-47d4-b291-c0d4d7782640-1.jpg?fit=911%2C618&ssl=1\",\"datePublished\":\"2023-06-12T20:26:38+00:00\",\"dateModified\":\"2023-06-13T02:51:38+00:00\",\"author\":{\"@id\":\"http:\/\/elregionalvm.com.ar\/noticias-villa-maria\/#\/schema\/person\/a0fb9c422317faca23d50163151bc354\"},\"breadcrumb\":{\"@id\":\"http:\/\/elregionalvm.com.ar\/noticias-villa-maria\/gill-y-grahovac-firmaron-convenios-para-la-realizacion-de-obras-de-rehabilitacion-de-gas\/#breadcrumb\"},\"inLanguage\":\"es\",\"potentialAction\":[{\"@type\":\"ReadAction\",\"target\":[\"http:\/\/elregionalvm.com.ar\/noticias-villa-maria\/gill-y-grahovac-firmaron-convenios-para-la-realizacion-de-obras-de-rehabilitacion-de-gas\/\"]}]},{\"@type\":\"ImageObject\",\"inLanguage\":\"es\",\"@id\":\"http:\/\/elregionalvm.com.ar\/noticias-villa-maria\/gill-y-grahovac-firmaron-convenios-para-la-realizacion-de-obras-de-rehabilitacion-de-gas\/#primaryimage\",\"url\":\"https:\/\/i0.wp.com\/elregionalvm.com.ar\/noticias-villa-maria\/wp-content\/uploads\/2023\/06\/26fedb67-2098-47d4-b291-c0d4d7782640-1.jpg?fit=911%2C618&ssl=1\",\"contentUrl\":\"https:\/\/i0.wp.com\/elregionalvm.com.ar\/noticias-villa-maria\/wp-content\/uploads\/2023\/06\/26fedb67-2098-47d4-b291-c0d4d7782640-1.jpg?fit=911%2C618&ssl=1\",\"width\":911,\"height\":618},{\"@type\":\"BreadcrumbList\",\"@id\":\"http:\/\/elregionalvm.com.ar\/noticias-villa-maria\/gill-y-grahovac-firmaron-convenios-para-la-realizacion-de-obras-de-rehabilitacion-de-gas\/#breadcrumb\",\"itemListElement\":[{\"@type\":\"ListItem\",\"position\":1,\"name\":\"Portada\",\"item\":\"https:\/\/elregionalvm.com.ar\/noticias-villa-maria\/\"},{\"@type\":\"ListItem\",\"position\":2,\"name\":\"Gill y Grahovac firmaron convenios para la realizaci\u00f3n de obras de gas en escuelas\"}]},{\"@type\":\"WebSite\",\"@id\":\"http:\/\/elregionalvm.com.ar\/noticias-villa-maria\/#website\",\"url\":\"http:\/\/elregionalvm.com.ar\/noticias-villa-maria\/\",\"name\":\"El Regional\",\"description\":\"Mucho m\u00e1s que informaci\u00f3n\",\"potentialAction\":[{\"@type\":\"SearchAction\",\"target\":{\"@type\":\"EntryPoint\",\"urlTemplate\":\"http:\/\/elregionalvm.com.ar\/noticias-villa-maria\/?s={search_term_string}\"},\"query-input\":{\"@type\":\"PropertyValueSpecification\",\"valueRequired\":true,\"valueName\":\"search_term_string\"}}],\"inLanguage\":\"es\"},{\"@type\":\"Person\",\"@id\":\"http:\/\/elregionalvm.com.ar\/noticias-villa-maria\/#\/schema\/person\/a0fb9c422317faca23d50163151bc354\",\"name\":\"Contenidos El Regional\",\"image\":{\"@type\":\"ImageObject\",\"inLanguage\":\"es\",\"@id\":\"http:\/\/elregionalvm.com.ar\/noticias-villa-maria\/#\/schema\/person\/image\/\",\"url\":\"https:\/\/secure.gravatar.com\/avatar\/265b27cb2209af7bb3a1318f03305787d7981a5cc6e6cd08fe5a4ecdf99d4b48?s=96&d=mm&r=g\",\"contentUrl\":\"https:\/\/secure.gravatar.com\/avatar\/265b27cb2209af7bb3a1318f03305787d7981a5cc6e6cd08fe5a4ecdf99d4b48?s=96&d=mm&r=g\",\"caption\":\"Contenidos El Regional\"},\"url\":\"https:\/\/elregionalvm.com.ar\/noticias-villa-maria\/author\/contenido\/\"}]}<\/script>\n<!-- \/ Yoast SEO plugin. -->","yoast_head_json":{"title":"Gill y Grahovac firmaron convenios para la realizaci\u00f3n de obras de gas en escuelas - El Regional","robots":{"index":"index","follow":"follow","max-snippet":"max-snippet:-1","max-image-preview":"max-image-preview:large","max-video-preview":"max-video-preview:-1"},"canonical":"http:\/\/elregionalvm.com.ar\/noticias-villa-maria\/gill-y-grahovac-firmaron-convenios-para-la-realizacion-de-obras-de-rehabilitacion-de-gas\/","og_locale":"es_ES","og_type":"article","og_title":"Gill y Grahovac firmaron convenios para la realizaci\u00f3n de obras de gas en escuelas - El Regional","og_description":"El intendente Mart\u00edn Gill suscribi\u00f3 este medio d\u00eda un convenio de trabajo conjunto con el ministro de Educaci\u00f3n de la Provincia, Walter Grahovac, para la realizaci\u00f3n de obras de rehabilitaci\u00f3n de gas en diez escuelas primarias y jardines de infantes de la ciudad, a trav\u00e9s del Programa Aurora. El acuerdo suscripto estipula que el Gobierno [&hellip;]","og_url":"http:\/\/elregionalvm.com.ar\/noticias-villa-maria\/gill-y-grahovac-firmaron-convenios-para-la-realizacion-de-obras-de-rehabilitacion-de-gas\/","og_site_name":"El Regional","article_publisher":"https:\/\/www.facebook.com\/elregionalvm","article_published_time":"2023-06-12T20:26:38+00:00","article_modified_time":"2023-06-13T02:51:38+00:00","og_image":[{"width":911,"height":618,"url":"http:\/\/elregionalvm.com.ar\/noticias-villa-maria\/wp-content\/uploads\/2023\/06\/26fedb67-2098-47d4-b291-c0d4d7782640-1.jpg","type":"image\/jpeg"}],"author":"Contenidos El Regional","twitter_card":"summary_large_image","twitter_creator":"@elregionalvm1","twitter_site":"@elregionalvm1","twitter_misc":{"Escrito por":"Contenidos El Regional","Tiempo de lectura":"2 minutos"},"schema":{"@context":"https:\/\/schema.org","@graph":[{"@type":"Article","@id":"http:\/\/elregionalvm.com.ar\/noticias-villa-maria\/gill-y-grahovac-firmaron-convenios-para-la-realizacion-de-obras-de-rehabilitacion-de-gas\/#article","isPartOf":{"@id":"http:\/\/elregionalvm.com.ar\/noticias-villa-maria\/gill-y-grahovac-firmaron-convenios-para-la-realizacion-de-obras-de-rehabilitacion-de-gas\/"},"author":{"name":"Contenidos El Regional","@id":"http:\/\/elregionalvm.com.ar\/noticias-villa-maria\/#\/schema\/person\/a0fb9c422317faca23d50163151bc354"},"headline":"Gill y Grahovac firmaron convenios para la realizaci\u00f3n de obras de gas en escuelas","datePublished":"2023-06-12T20:26:38+00:00","dateModified":"2023-06-13T02:51:38+00:00","mainEntityOfPage":{"@id":"http:\/\/elregionalvm.com.ar\/noticias-villa-maria\/gill-y-grahovac-firmaron-convenios-para-la-realizacion-de-obras-de-rehabilitacion-de-gas\/"},"wordCount":283,"commentCount":0,"image":{"@id":"http:\/\/elregionalvm.com.ar\/noticias-villa-maria\/gill-y-grahovac-firmaron-convenios-para-la-realizacion-de-obras-de-rehabilitacion-de-gas\/#primaryimage"},"thumbnailUrl":"https:\/\/i0.wp.com\/elregionalvm.com.ar\/noticias-villa-maria\/wp-content\/uploads\/2023\/06\/26fedb67-2098-47d4-b291-c0d4d7782640-1.jpg?fit=911%2C618&ssl=1","articleSection":["destacado","Sociedad","Villa Mar\u00eda"],"inLanguage":"es","potentialAction":[{"@type":"CommentAction","name":"Comment","target":["http:\/\/elregionalvm.com.ar\/noticias-villa-maria\/gill-y-grahovac-firmaron-convenios-para-la-realizacion-de-obras-de-rehabilitacion-de-gas\/#respond"]}]},{"@type":"WebPage","@id":"http:\/\/elregionalvm.com.ar\/noticias-villa-maria\/gill-y-grahovac-firmaron-convenios-para-la-realizacion-de-obras-de-rehabilitacion-de-gas\/","url":"http:\/\/elregionalvm.com.ar\/noticias-villa-maria\/gill-y-grahovac-firmaron-convenios-para-la-realizacion-de-obras-de-rehabilitacion-de-gas\/","name":"Gill y Grahovac firmaron convenios para la realizaci\u00f3n de obras de gas en escuelas - El Regional","isPartOf":{"@id":"http:\/\/elregionalvm.com.ar\/noticias-villa-maria\/#website"},"primaryImageOfPage":{"@id":"http:\/\/elregionalvm.com.ar\/noticias-villa-maria\/gill-y-grahovac-firmaron-convenios-para-la-realizacion-de-obras-de-rehabilitacion-de-gas\/#primaryimage"},"image":{"@id":"http:\/\/elregionalvm.com.ar\/noticias-villa-maria\/gill-y-grahovac-firmaron-convenios-para-la-realizacion-de-obras-de-rehabilitacion-de-gas\/#primaryimage"},"thumbnailUrl":"https:\/\/i0.wp.com\/elregionalvm.com.ar\/noticias-villa-maria\/wp-content\/uploads\/2023\/06\/26fedb67-2098-47d4-b291-c0d4d7782640-1.jpg?fit=911%2C618&ssl=1","datePublished":"2023-06-12T20:26:38+00:00","dateModified":"2023-06-13T02:51:38+00:00","author":{"@id":"http:\/\/elregionalvm.com.ar\/noticias-villa-maria\/#\/schema\/person\/a0fb9c422317faca23d50163151bc354"},"breadcrumb":{"@id":"http:\/\/elregionalvm.com.ar\/noticias-villa-maria\/gill-y-grahovac-firmaron-convenios-para-la-realizacion-de-obras-de-rehabilitacion-de-gas\/#breadcrumb"},"inLanguage":"es","potentialAction":[{"@type":"ReadAction","target":["http:\/\/elregionalvm.com.ar\/noticias-villa-maria\/gill-y-grahovac-firmaron-convenios-para-la-realizacion-de-obras-de-rehabilitacion-de-gas\/"]}]},{"@type":"ImageObject","inLanguage":"es","@id":"http:\/\/elregionalvm.com.ar\/noticias-villa-maria\/gill-y-grahovac-firmaron-convenios-para-la-realizacion-de-obras-de-rehabilitacion-de-gas\/#primaryimage","url":"https:\/\/i0.wp.com\/elregionalvm.com.ar\/noticias-villa-maria\/wp-content\/uploads\/2023\/06\/26fedb67-2098-47d4-b291-c0d4d7782640-1.jpg?fit=911%2C618&ssl=1","contentUrl":"https:\/\/i0.wp.com\/elregionalvm.com.ar\/noticias-villa-maria\/wp-content\/uploads\/2023\/06\/26fedb67-2098-47d4-b291-c0d4d7782640-1.jpg?fit=911%2C618&ssl=1","width":911,"height":618},{"@type":"BreadcrumbList","@id":"http:\/\/elregionalvm.com.ar\/noticias-villa-maria\/gill-y-grahovac-firmaron-convenios-para-la-realizacion-de-obras-de-rehabilitacion-de-gas\/#breadcrumb","itemListElement":[{"@type":"ListItem","position":1,"name":"Portada","item":"https:\/\/elregionalvm.com.ar\/noticias-villa-maria\/"},{"@type":"ListItem","position":2,"name":"Gill y Grahovac firmaron convenios para la realizaci\u00f3n de obras de gas en escuelas"}]},{"@type":"WebSite","@id":"http:\/\/elregionalvm.com.ar\/noticias-villa-maria\/#website","url":"http:\/\/elregionalvm.com.ar\/noticias-villa-maria\/","name":"El Regional","description":"Mucho m\u00e1s que informaci\u00f3n","potentialAction":[{"@type":"SearchAction","target":{"@type":"EntryPoint","urlTemplate":"http:\/\/elregionalvm.com.ar\/noticias-villa-maria\/?s={search_term_string}"},"query-input":{"@type":"PropertyValueSpecification","valueRequired":true,"valueName":"search_term_string"}}],"inLanguage":"es"},{"@type":"Person","@id":"http:\/\/elregionalvm.com.ar\/noticias-villa-maria\/#\/schema\/person\/a0fb9c422317faca23d50163151bc354","name":"Contenidos El Regional","image":{"@type":"ImageObject","inLanguage":"es","@id":"http:\/\/elregionalvm.com.ar\/noticias-villa-maria\/#\/schema\/person\/image\/","url":"https:\/\/secure.gravatar.com\/avatar\/265b27cb2209af7bb3a1318f03305787d7981a5cc6e6cd08fe5a4ecdf99d4b48?s=96&d=mm&r=g","contentUrl":"https:\/\/secure.gravatar.com\/avatar\/265b27cb2209af7bb3a1318f03305787d7981a5cc6e6cd08fe5a4ecdf99d4b48?s=96&d=mm&r=g","caption":"Contenidos El Regional"},"url":"https:\/\/elregionalvm.com.ar\/noticias-villa-maria\/author\/contenido\/"}]}},"jetpack_featured_media_url":"https:\/\/i0.wp.com\/elregionalvm.com.ar\/noticias-villa-maria\/wp-content\/uploads\/2023\/06\/26fedb67-2098-47d4-b291-c0d4d7782640-1.jpg?fit=911%2C618&ssl=1","jetpack_sharing_enabled":true,"_links":{"self":[{"href":"https:\/\/elregionalvm.com.ar\/noticias-villa-maria\/wp-json\/wp\/v2\/posts\/78053","targetHints":{"allow":["GET"]}}],"collection":[{"href":"https:\/\/elregionalvm.com.ar\/noticias-villa-maria\/wp-json\/wp\/v2\/posts"}],"about":[{"href":"https:\/\/elregionalvm.com.ar\/noticias-villa-maria\/wp-json\/wp\/v2\/types\/post"}],"author":[{"embeddable":true,"href":"https:\/\/elregionalvm.com.ar\/noticias-villa-maria\/wp-json\/wp\/v2\/users\/4"}],"replies":[{"embeddable":true,"href":"https:\/\/elregionalvm.com.ar\/noticias-villa-maria\/wp-json\/wp\/v2\/comments?post=78053"}],"version-history":[{"count":2,"href":"https:\/\/elregionalvm.com.ar\/noticias-villa-maria\/wp-json\/wp\/v2\/posts\/78053\/revisions"}],"predecessor-version":[{"id":78089,"href":"https:\/\/elregionalvm.com.ar\/noticias-villa-maria\/wp-json\/wp\/v2\/posts\/78053\/revisions\/78089"}],"wp:featuredmedia":[{"embeddable":true,"href":"https:\/\/elregionalvm.com.ar\/noticias-villa-maria\/wp-json\/wp\/v2\/media\/78067"}],"wp:attachment":[{"href":"https:\/\/elregionalvm.com.ar\/noticias-villa-maria\/wp-json\/wp\/v2\/media?parent=78053"}],"wp:term":[{"taxonomy":"category","embeddable":true,"href":"https:\/\/elregionalvm.com.ar\/noticias-villa-maria\/wp-json\/wp\/v2\/categories?post=78053"},{"taxonomy":"post_tag","embeddable":true,"href":"https:\/\/elregionalvm.com.ar\/noticias-villa-maria\/wp-json\/wp\/v2\/tags?post=78053"}],"curies":[{"name":"wp","href":"https:\/\/api.w.org\/{rel}","templated":true}]}}