{"id":78105,"date":"2023-06-13T20:34:33","date_gmt":"2023-06-13T20:34:33","guid":{"rendered":"https:\/\/elregionalvm.com.ar\/noticias-villa-maria\/?p=78105"},"modified":"2023-06-13T21:50:38","modified_gmt":"2023-06-13T21:50:38","slug":"educacion-actividades-de-ucasal-para-villa-maria-y-la-region","status":"publish","type":"post","link":"https:\/\/elregionalvm.com.ar\/noticias-villa-maria\/educacion-actividades-de-ucasal-para-villa-maria-y-la-region\/","title":{"rendered":"[Educaci\u00f3n] Actividades de UCASAL para Villa Mar\u00eda y la regi\u00f3n"},"content":{"rendered":"\n<p><\/p>\n\n\n\n<h3 class=\"wp-block-heading\"><strong>La casa de altos estudios cuenta con m\u00e1s de 25 a\u00f1os ofreciendo educaci\u00f3n de calidad, en este sentido, ha propuesto para este 2023 numerosas actividades acad\u00e9micas. La finalidad es generar instancias de formaci\u00f3n profesional y cursos de posgrado para abogados locales y de la zona.<\/strong><\/h3>\n\n\n\n<p><\/p>\n\n\n\n<p>Desde hace m\u00e1s de veinte a\u00f1os, la Universidad Cat\u00f3lica de Salta con Sede en Villa Mar\u00eda &nbsp;ofrece la carrera Abogac\u00eda en la ciudad. Fortaleciendo su apuesta a la formaci\u00f3n, en los \u00faltimos dos meses, UCASAL ha realizado&nbsp; (y sigue realizando) actividades para estudiantes y profesionales del Derecho.<\/p>\n\n\n\n<p><strong>Curso Proceso y Cuantificaci\u00f3n de los Da\u00f1os<\/strong><\/p>\n\n\n\n<p>Bajo el t\u00edtulo \u201cProceso y cuantificaci\u00f3n de los da\u00f1os\u201d, UCASAL ha propuesto, en forma conjunta con SEA y el Colegio de Abogados de Villa Mar\u00eda, un curso de cuatro meses destinado a estudiantes de Derecho, integrantes del poder judicial y abogados litigantes.<\/p>\n\n\n\n<p>Coordinado por los Dres. Sebasti\u00e1n Monjo y \u00c1lvaro B. Vucovih, el trayecto formativo comenz\u00f3 el pasado 16 de mayo y se extender\u00e1 hasta fines de agosto.<\/p>\n\n\n\n<p>El mismo comprende temas centrales para la especialidad como lo son \u201cDa\u00f1o patrimonial por muerte\u201d, \u201cMedidas cautelares\u201d, \u201cDemanda o acci\u00f3n preventiva\u201d y \u201cAccidentes de automotores\u201d, entre otros. Ya se llevaron a cabo cuatro encuentros, y el pr\u00f3ximo ser\u00e1 el mi\u00e9rcoles 21 de junio.<\/p>\n\n\n\n<p><strong>Actividades para el ejercicio de la profesi\u00f3n<\/strong><\/p>\n\n\n\n<p>Por otro lado y en el marco de la c\u00e1tedra \u201cPr\u00e1ctica Profesional II\u201d a cargo del Dr. Fernando Flores, los d\u00edas martes 6 y el mi\u00e9rcoles 7 de junio se realizaron una serie de actividades destinadas a estudiantes de todos los a\u00f1os de la carrera Abogac\u00eda. Las mismas consistieron en diversas visitas a Tribunales de la Ciudad de Villa Mar\u00eda, al Colegio de Corredores y Martilleros de la Ciudad y la participaci\u00f3n en audiencias p\u00fablicas en diferentes juzgados.&nbsp;<\/p>\n\n\n\n<p>Las actividades, concluyeron el mi\u00e9rcoles 7 de junio en la Sede de UCASAL Villa Mar\u00eda, con un conversatorio que cont\u00f3 con la participaci\u00f3n de la Fiscal de Instrucci\u00f3n de Segundo Turno en los tribunales de Villa Mar\u00eda, la Dra. Juliana Companys.<\/p>\n\n\n\n<p><\/p>\n\n\n\n<p><strong>Visita de los Tribunos de Cuentas a UCASAL Villa Mar\u00eda<\/strong><\/p>\n\n\n\n<p><\/p>\n\n\n\n<figure class=\"wp-block-image size-large\"><img data-recalc-dims=\"1\" fetchpriority=\"high\" decoding=\"async\" width=\"1024\" height=\"606\" src=\"https:\/\/i0.wp.com\/elregionalvm.com.ar\/noticias-villa-maria\/wp-content\/uploads\/2023\/06\/Ucasal-charla-tribunos-abogacia.jpeg?resize=1024%2C606&#038;ssl=1\" alt=\"\" class=\"wp-image-78107\" srcset=\"https:\/\/i0.wp.com\/elregionalvm.com.ar\/noticias-villa-maria\/wp-content\/uploads\/2023\/06\/Ucasal-charla-tribunos-abogacia.jpeg?resize=1024%2C606&amp;ssl=1 1024w, https:\/\/i0.wp.com\/elregionalvm.com.ar\/noticias-villa-maria\/wp-content\/uploads\/2023\/06\/Ucasal-charla-tribunos-abogacia.jpeg?resize=300%2C178&amp;ssl=1 300w, https:\/\/i0.wp.com\/elregionalvm.com.ar\/noticias-villa-maria\/wp-content\/uploads\/2023\/06\/Ucasal-charla-tribunos-abogacia.jpeg?resize=768%2C455&amp;ssl=1 768w, https:\/\/i0.wp.com\/elregionalvm.com.ar\/noticias-villa-maria\/wp-content\/uploads\/2023\/06\/Ucasal-charla-tribunos-abogacia.jpeg?w=1274&amp;ssl=1 1274w\" sizes=\"(max-width: 1000px) 100vw, 1000px\" \/><\/figure>\n\n\n\n<p><\/p>\n\n\n\n<p>Finalmente, desde la c\u00e1tedra de Derecho P\u00fablico Provincial y Municipal a cargo de la Dra. Gisele Machicado, en forma conjunta con la de Constituci\u00f3n, Derechos Humanos y Garant\u00edas a cargo del Dr. Federico Robledo, el lunes 12 de junio se realiz\u00f3 un conversatorio con los Tribunos de Cuentas de la ciudad de Villa Mar\u00eda.<\/p>\n\n\n\n<p>Del conversatorio participaron el Dr. Mauro Beltrami y el Cr. Miguel Maceda. Ambos funcionarios hablaron con los estudiantes sobre sus competencias y actividades como tribunos, y se refirieron puntualmente al objetivo de cumplir las funciones determinadas en la Carta Org\u00e1nica Municipal como \u00f3rgano de control externo de la Hacienda P\u00fablica Municipal.<\/p>\n\n\n\n<p><\/p>\n\n\n\n<p><\/p>\n\n\n\n<p><em><strong>Nota Especial SEA<\/strong><\/em><\/p>\n\n\n\n<p><\/p>\n\n\n\n<p><\/p>\n\n\n\n<p><\/p>\n\n\n\n<p><\/p>\n\n\n\n<p><\/p>\n\n\n\n<p><\/p>\n\n\n\n<p><\/p>\n\n\n\n<p><\/p>\n\n\n\n<p><\/p>\n","protected":false},"excerpt":{"rendered":"<p>La casa de altos estudios cuenta con m\u00e1s de 25 a\u00f1os ofreciendo educaci\u00f3n de calidad, en este sentido, ha propuesto para este 2023 numerosas actividades acad\u00e9micas. La finalidad es generar instancias de formaci\u00f3n profesional y cursos de posgrado para abogados locales y de la zona. Desde hace m\u00e1s de veinte a\u00f1os, la Universidad Cat\u00f3lica de [&hellip;]<\/p>\n","protected":false},"author":4,"featured_media":78106,"comment_status":"open","ping_status":"open","sticky":false,"template":"","format":"standard","meta":{"site-sidebar-layout":"default","site-content-layout":"","ast-site-content-layout":"default","site-content-style":"default","site-sidebar-style":"default","ast-global-header-display":"","ast-banner-title-visibility":"","ast-main-header-display":"","ast-hfb-above-header-display":"","ast-hfb-below-header-display":"","ast-hfb-mobile-header-display":"","site-post-title":"","ast-breadcrumbs-content":"","ast-featured-img":"","footer-sml-layout":"","ast-disable-related-posts":"","theme-transparent-header-meta":"","adv-header-id-meta":"","stick-header-meta":"","header-above-stick-meta":"","header-main-stick-meta":"","header-below-stick-meta":"","astra-migrate-meta-layouts":"default","ast-page-background-enabled":"default","ast-page-background-meta":{"desktop":{"background-color":"","background-image":"","background-repeat":"repeat","background-position":"center center","background-size":"auto","background-attachment":"scroll","background-type":"","background-media":"","overlay-type":"","overlay-color":"","overlay-opacity":"","overlay-gradient":""},"tablet":{"background-color":"","background-image":"","background-repeat":"repeat","background-position":"center center","background-size":"auto","background-attachment":"scroll","background-type":"","background-media":"","overlay-type":"","overlay-color":"","overlay-opacity":"","overlay-gradient":""},"mobile":{"background-color":"","background-image":"","background-repeat":"repeat","background-position":"center center","background-size":"auto","background-attachment":"scroll","background-type":"","background-media":"","overlay-type":"","overlay-color":"","overlay-opacity":"","overlay-gradient":""}},"ast-content-background-meta":{"desktop":{"background-color":"var(--ast-global-color-5)","background-image":"","background-repeat":"repeat","background-position":"center center","background-size":"auto","background-attachment":"scroll","background-type":"","background-media":"","overlay-type":"","overlay-color":"","overlay-opacity":"","overlay-gradient":""},"tablet":{"background-color":"var(--ast-global-color-5)","background-image":"","background-repeat":"repeat","background-position":"center center","background-size":"auto","background-attachment":"scroll","background-type":"","background-media":"","overlay-type":"","overlay-color":"","overlay-opacity":"","overlay-gradient":""},"mobile":{"background-color":"var(--ast-global-color-5)","background-image":"","background-repeat":"repeat","background-position":"center center","background-size":"auto","background-attachment":"scroll","background-type":"","background-media":"","overlay-type":"","overlay-color":"","overlay-opacity":"","overlay-gradient":""}},"_jetpack_memberships_contains_paid_content":false,"_joinchat":[],"footnotes":""},"categories":[15302,2],"tags":[11269,2188,2157,1459,22423],"class_list":["post-78105","post","type-post","status-publish","format-standard","has-post-thumbnail","hentry","category-destacado","category-villa-maria","tag-abogacia","tag-actividades","tag-educacion","tag-region","tag-ucasal"],"yoast_head":"<!-- This site is optimized with the Yoast SEO plugin v26.8 - https:\/\/yoast.com\/product\/yoast-seo-wordpress\/ -->\n<title>[Educaci\u00f3n] Actividades de UCASAL para Villa Mar\u00eda y la regi\u00f3n - El Regional<\/title>\n<meta name=\"robots\" content=\"index, follow, max-snippet:-1, max-image-preview:large, max-video-preview:-1\" \/>\n<link rel=\"canonical\" href=\"http:\/\/elregionalvm.com.ar\/noticias-villa-maria\/educacion-actividades-de-ucasal-para-villa-maria-y-la-region\/\" \/>\n<meta property=\"og:locale\" content=\"es_ES\" \/>\n<meta property=\"og:type\" content=\"article\" \/>\n<meta property=\"og:title\" content=\"[Educaci\u00f3n] Actividades de UCASAL para Villa Mar\u00eda y la regi\u00f3n - El Regional\" \/>\n<meta property=\"og:description\" content=\"La casa de altos estudios cuenta con m\u00e1s de 25 a\u00f1os ofreciendo educaci\u00f3n de calidad, en este sentido, ha propuesto para este 2023 numerosas actividades acad\u00e9micas. La finalidad es generar instancias de formaci\u00f3n profesional y cursos de posgrado para abogados locales y de la zona. Desde hace m\u00e1s de veinte a\u00f1os, la Universidad Cat\u00f3lica de [&hellip;]\" \/>\n<meta property=\"og:url\" content=\"http:\/\/elregionalvm.com.ar\/noticias-villa-maria\/educacion-actividades-de-ucasal-para-villa-maria-y-la-region\/\" \/>\n<meta property=\"og:site_name\" content=\"El Regional\" \/>\n<meta property=\"article:publisher\" content=\"https:\/\/www.facebook.com\/elregionalvm\" \/>\n<meta property=\"article:published_time\" content=\"2023-06-13T20:34:33+00:00\" \/>\n<meta property=\"article:modified_time\" content=\"2023-06-13T21:50:38+00:00\" \/>\n<meta property=\"og:image\" content=\"http:\/\/elregionalvm.com.ar\/noticias-villa-maria\/wp-content\/uploads\/2023\/06\/Ucasal-charla-tribunos-abogacia-2.jpeg\" \/>\n\t<meta property=\"og:image:width\" content=\"1279\" \/>\n\t<meta property=\"og:image:height\" content=\"801\" \/>\n\t<meta property=\"og:image:type\" content=\"image\/jpeg\" \/>\n<meta name=\"author\" content=\"Contenidos El Regional\" \/>\n<meta name=\"twitter:card\" content=\"summary_large_image\" \/>\n<meta name=\"twitter:creator\" content=\"@elregionalvm1\" \/>\n<meta name=\"twitter:site\" content=\"@elregionalvm1\" \/>\n<meta name=\"twitter:label1\" content=\"Escrito por\" \/>\n\t<meta name=\"twitter:data1\" content=\"Contenidos El Regional\" \/>\n\t<meta name=\"twitter:label2\" content=\"Tiempo de lectura\" \/>\n\t<meta name=\"twitter:data2\" content=\"3 minutos\" \/>\n<script type=\"application\/ld+json\" class=\"yoast-schema-graph\">{\"@context\":\"https:\/\/schema.org\",\"@graph\":[{\"@type\":\"Article\",\"@id\":\"http:\/\/elregionalvm.com.ar\/noticias-villa-maria\/educacion-actividades-de-ucasal-para-villa-maria-y-la-region\/#article\",\"isPartOf\":{\"@id\":\"http:\/\/elregionalvm.com.ar\/noticias-villa-maria\/educacion-actividades-de-ucasal-para-villa-maria-y-la-region\/\"},\"author\":{\"name\":\"Contenidos El Regional\",\"@id\":\"http:\/\/elregionalvm.com.ar\/noticias-villa-maria\/#\/schema\/person\/a0fb9c422317faca23d50163151bc354\"},\"headline\":\"[Educaci\u00f3n] Actividades de UCASAL para Villa Mar\u00eda y la regi\u00f3n\",\"datePublished\":\"2023-06-13T20:34:33+00:00\",\"dateModified\":\"2023-06-13T21:50:38+00:00\",\"mainEntityOfPage\":{\"@id\":\"http:\/\/elregionalvm.com.ar\/noticias-villa-maria\/educacion-actividades-de-ucasal-para-villa-maria-y-la-region\/\"},\"wordCount\":507,\"commentCount\":0,\"image\":{\"@id\":\"http:\/\/elregionalvm.com.ar\/noticias-villa-maria\/educacion-actividades-de-ucasal-para-villa-maria-y-la-region\/#primaryimage\"},\"thumbnailUrl\":\"https:\/\/i0.wp.com\/elregionalvm.com.ar\/noticias-villa-maria\/wp-content\/uploads\/2023\/06\/Ucasal-charla-tribunos-abogacia-2.jpeg?fit=1279%2C801&ssl=1\",\"keywords\":[\"Abogac\u00eda\",\"actividades\",\"Educaci\u00f3n\",\"Regi\u00f3n\",\"Ucasal\"],\"articleSection\":[\"destacado\",\"Villa Mar\u00eda\"],\"inLanguage\":\"es\",\"potentialAction\":[{\"@type\":\"CommentAction\",\"name\":\"Comment\",\"target\":[\"http:\/\/elregionalvm.com.ar\/noticias-villa-maria\/educacion-actividades-de-ucasal-para-villa-maria-y-la-region\/#respond\"]}]},{\"@type\":\"WebPage\",\"@id\":\"http:\/\/elregionalvm.com.ar\/noticias-villa-maria\/educacion-actividades-de-ucasal-para-villa-maria-y-la-region\/\",\"url\":\"http:\/\/elregionalvm.com.ar\/noticias-villa-maria\/educacion-actividades-de-ucasal-para-villa-maria-y-la-region\/\",\"name\":\"[Educaci\u00f3n] Actividades de UCASAL para Villa Mar\u00eda y la regi\u00f3n - El Regional\",\"isPartOf\":{\"@id\":\"http:\/\/elregionalvm.com.ar\/noticias-villa-maria\/#website\"},\"primaryImageOfPage\":{\"@id\":\"http:\/\/elregionalvm.com.ar\/noticias-villa-maria\/educacion-actividades-de-ucasal-para-villa-maria-y-la-region\/#primaryimage\"},\"image\":{\"@id\":\"http:\/\/elregionalvm.com.ar\/noticias-villa-maria\/educacion-actividades-de-ucasal-para-villa-maria-y-la-region\/#primaryimage\"},\"thumbnailUrl\":\"https:\/\/i0.wp.com\/elregionalvm.com.ar\/noticias-villa-maria\/wp-content\/uploads\/2023\/06\/Ucasal-charla-tribunos-abogacia-2.jpeg?fit=1279%2C801&ssl=1\",\"datePublished\":\"2023-06-13T20:34:33+00:00\",\"dateModified\":\"2023-06-13T21:50:38+00:00\",\"author\":{\"@id\":\"http:\/\/elregionalvm.com.ar\/noticias-villa-maria\/#\/schema\/person\/a0fb9c422317faca23d50163151bc354\"},\"breadcrumb\":{\"@id\":\"http:\/\/elregionalvm.com.ar\/noticias-villa-maria\/educacion-actividades-de-ucasal-para-villa-maria-y-la-region\/#breadcrumb\"},\"inLanguage\":\"es\",\"potentialAction\":[{\"@type\":\"ReadAction\",\"target\":[\"http:\/\/elregionalvm.com.ar\/noticias-villa-maria\/educacion-actividades-de-ucasal-para-villa-maria-y-la-region\/\"]}]},{\"@type\":\"ImageObject\",\"inLanguage\":\"es\",\"@id\":\"http:\/\/elregionalvm.com.ar\/noticias-villa-maria\/educacion-actividades-de-ucasal-para-villa-maria-y-la-region\/#primaryimage\",\"url\":\"https:\/\/i0.wp.com\/elregionalvm.com.ar\/noticias-villa-maria\/wp-content\/uploads\/2023\/06\/Ucasal-charla-tribunos-abogacia-2.jpeg?fit=1279%2C801&ssl=1\",\"contentUrl\":\"https:\/\/i0.wp.com\/elregionalvm.com.ar\/noticias-villa-maria\/wp-content\/uploads\/2023\/06\/Ucasal-charla-tribunos-abogacia-2.jpeg?fit=1279%2C801&ssl=1\",\"width\":1279,\"height\":801},{\"@type\":\"BreadcrumbList\",\"@id\":\"http:\/\/elregionalvm.com.ar\/noticias-villa-maria\/educacion-actividades-de-ucasal-para-villa-maria-y-la-region\/#breadcrumb\",\"itemListElement\":[{\"@type\":\"ListItem\",\"position\":1,\"name\":\"Portada\",\"item\":\"https:\/\/elregionalvm.com.ar\/noticias-villa-maria\/\"},{\"@type\":\"ListItem\",\"position\":2,\"name\":\"[Educaci\u00f3n] Actividades de UCASAL para Villa Mar\u00eda y la regi\u00f3n\"}]},{\"@type\":\"WebSite\",\"@id\":\"http:\/\/elregionalvm.com.ar\/noticias-villa-maria\/#website\",\"url\":\"http:\/\/elregionalvm.com.ar\/noticias-villa-maria\/\",\"name\":\"El Regional\",\"description\":\"Mucho m\u00e1s que informaci\u00f3n\",\"potentialAction\":[{\"@type\":\"SearchAction\",\"target\":{\"@type\":\"EntryPoint\",\"urlTemplate\":\"http:\/\/elregionalvm.com.ar\/noticias-villa-maria\/?s={search_term_string}\"},\"query-input\":{\"@type\":\"PropertyValueSpecification\",\"valueRequired\":true,\"valueName\":\"search_term_string\"}}],\"inLanguage\":\"es\"},{\"@type\":\"Person\",\"@id\":\"http:\/\/elregionalvm.com.ar\/noticias-villa-maria\/#\/schema\/person\/a0fb9c422317faca23d50163151bc354\",\"name\":\"Contenidos El Regional\",\"image\":{\"@type\":\"ImageObject\",\"inLanguage\":\"es\",\"@id\":\"http:\/\/elregionalvm.com.ar\/noticias-villa-maria\/#\/schema\/person\/image\/\",\"url\":\"https:\/\/secure.gravatar.com\/avatar\/265b27cb2209af7bb3a1318f03305787d7981a5cc6e6cd08fe5a4ecdf99d4b48?s=96&d=mm&r=g\",\"contentUrl\":\"https:\/\/secure.gravatar.com\/avatar\/265b27cb2209af7bb3a1318f03305787d7981a5cc6e6cd08fe5a4ecdf99d4b48?s=96&d=mm&r=g\",\"caption\":\"Contenidos El Regional\"},\"url\":\"https:\/\/elregionalvm.com.ar\/noticias-villa-maria\/author\/contenido\/\"}]}<\/script>\n<!-- \/ Yoast SEO plugin. -->","yoast_head_json":{"title":"[Educaci\u00f3n] Actividades de UCASAL para Villa Mar\u00eda y la regi\u00f3n - El Regional","robots":{"index":"index","follow":"follow","max-snippet":"max-snippet:-1","max-image-preview":"max-image-preview:large","max-video-preview":"max-video-preview:-1"},"canonical":"http:\/\/elregionalvm.com.ar\/noticias-villa-maria\/educacion-actividades-de-ucasal-para-villa-maria-y-la-region\/","og_locale":"es_ES","og_type":"article","og_title":"[Educaci\u00f3n] Actividades de UCASAL para Villa Mar\u00eda y la regi\u00f3n - El Regional","og_description":"La casa de altos estudios cuenta con m\u00e1s de 25 a\u00f1os ofreciendo educaci\u00f3n de calidad, en este sentido, ha propuesto para este 2023 numerosas actividades acad\u00e9micas. La finalidad es generar instancias de formaci\u00f3n profesional y cursos de posgrado para abogados locales y de la zona. Desde hace m\u00e1s de veinte a\u00f1os, la Universidad Cat\u00f3lica de [&hellip;]","og_url":"http:\/\/elregionalvm.com.ar\/noticias-villa-maria\/educacion-actividades-de-ucasal-para-villa-maria-y-la-region\/","og_site_name":"El Regional","article_publisher":"https:\/\/www.facebook.com\/elregionalvm","article_published_time":"2023-06-13T20:34:33+00:00","article_modified_time":"2023-06-13T21:50:38+00:00","og_image":[{"width":1279,"height":801,"url":"http:\/\/elregionalvm.com.ar\/noticias-villa-maria\/wp-content\/uploads\/2023\/06\/Ucasal-charla-tribunos-abogacia-2.jpeg","type":"image\/jpeg"}],"author":"Contenidos El Regional","twitter_card":"summary_large_image","twitter_creator":"@elregionalvm1","twitter_site":"@elregionalvm1","twitter_misc":{"Escrito por":"Contenidos El Regional","Tiempo de lectura":"3 minutos"},"schema":{"@context":"https:\/\/schema.org","@graph":[{"@type":"Article","@id":"http:\/\/elregionalvm.com.ar\/noticias-villa-maria\/educacion-actividades-de-ucasal-para-villa-maria-y-la-region\/#article","isPartOf":{"@id":"http:\/\/elregionalvm.com.ar\/noticias-villa-maria\/educacion-actividades-de-ucasal-para-villa-maria-y-la-region\/"},"author":{"name":"Contenidos El Regional","@id":"http:\/\/elregionalvm.com.ar\/noticias-villa-maria\/#\/schema\/person\/a0fb9c422317faca23d50163151bc354"},"headline":"[Educaci\u00f3n] Actividades de UCASAL para Villa Mar\u00eda y la regi\u00f3n","datePublished":"2023-06-13T20:34:33+00:00","dateModified":"2023-06-13T21:50:38+00:00","mainEntityOfPage":{"@id":"http:\/\/elregionalvm.com.ar\/noticias-villa-maria\/educacion-actividades-de-ucasal-para-villa-maria-y-la-region\/"},"wordCount":507,"commentCount":0,"image":{"@id":"http:\/\/elregionalvm.com.ar\/noticias-villa-maria\/educacion-actividades-de-ucasal-para-villa-maria-y-la-region\/#primaryimage"},"thumbnailUrl":"https:\/\/i0.wp.com\/elregionalvm.com.ar\/noticias-villa-maria\/wp-content\/uploads\/2023\/06\/Ucasal-charla-tribunos-abogacia-2.jpeg?fit=1279%2C801&ssl=1","keywords":["Abogac\u00eda","actividades","Educaci\u00f3n","Regi\u00f3n","Ucasal"],"articleSection":["destacado","Villa Mar\u00eda"],"inLanguage":"es","potentialAction":[{"@type":"CommentAction","name":"Comment","target":["http:\/\/elregionalvm.com.ar\/noticias-villa-maria\/educacion-actividades-de-ucasal-para-villa-maria-y-la-region\/#respond"]}]},{"@type":"WebPage","@id":"http:\/\/elregionalvm.com.ar\/noticias-villa-maria\/educacion-actividades-de-ucasal-para-villa-maria-y-la-region\/","url":"http:\/\/elregionalvm.com.ar\/noticias-villa-maria\/educacion-actividades-de-ucasal-para-villa-maria-y-la-region\/","name":"[Educaci\u00f3n] Actividades de UCASAL para Villa Mar\u00eda y la regi\u00f3n - El Regional","isPartOf":{"@id":"http:\/\/elregionalvm.com.ar\/noticias-villa-maria\/#website"},"primaryImageOfPage":{"@id":"http:\/\/elregionalvm.com.ar\/noticias-villa-maria\/educacion-actividades-de-ucasal-para-villa-maria-y-la-region\/#primaryimage"},"image":{"@id":"http:\/\/elregionalvm.com.ar\/noticias-villa-maria\/educacion-actividades-de-ucasal-para-villa-maria-y-la-region\/#primaryimage"},"thumbnailUrl":"https:\/\/i0.wp.com\/elregionalvm.com.ar\/noticias-villa-maria\/wp-content\/uploads\/2023\/06\/Ucasal-charla-tribunos-abogacia-2.jpeg?fit=1279%2C801&ssl=1","datePublished":"2023-06-13T20:34:33+00:00","dateModified":"2023-06-13T21:50:38+00:00","author":{"@id":"http:\/\/elregionalvm.com.ar\/noticias-villa-maria\/#\/schema\/person\/a0fb9c422317faca23d50163151bc354"},"breadcrumb":{"@id":"http:\/\/elregionalvm.com.ar\/noticias-villa-maria\/educacion-actividades-de-ucasal-para-villa-maria-y-la-region\/#breadcrumb"},"inLanguage":"es","potentialAction":[{"@type":"ReadAction","target":["http:\/\/elregionalvm.com.ar\/noticias-villa-maria\/educacion-actividades-de-ucasal-para-villa-maria-y-la-region\/"]}]},{"@type":"ImageObject","inLanguage":"es","@id":"http:\/\/elregionalvm.com.ar\/noticias-villa-maria\/educacion-actividades-de-ucasal-para-villa-maria-y-la-region\/#primaryimage","url":"https:\/\/i0.wp.com\/elregionalvm.com.ar\/noticias-villa-maria\/wp-content\/uploads\/2023\/06\/Ucasal-charla-tribunos-abogacia-2.jpeg?fit=1279%2C801&ssl=1","contentUrl":"https:\/\/i0.wp.com\/elregionalvm.com.ar\/noticias-villa-maria\/wp-content\/uploads\/2023\/06\/Ucasal-charla-tribunos-abogacia-2.jpeg?fit=1279%2C801&ssl=1","width":1279,"height":801},{"@type":"BreadcrumbList","@id":"http:\/\/elregionalvm.com.ar\/noticias-villa-maria\/educacion-actividades-de-ucasal-para-villa-maria-y-la-region\/#breadcrumb","itemListElement":[{"@type":"ListItem","position":1,"name":"Portada","item":"https:\/\/elregionalvm.com.ar\/noticias-villa-maria\/"},{"@type":"ListItem","position":2,"name":"[Educaci\u00f3n] Actividades de UCASAL para Villa Mar\u00eda y la regi\u00f3n"}]},{"@type":"WebSite","@id":"http:\/\/elregionalvm.com.ar\/noticias-villa-maria\/#website","url":"http:\/\/elregionalvm.com.ar\/noticias-villa-maria\/","name":"El Regional","description":"Mucho m\u00e1s que informaci\u00f3n","potentialAction":[{"@type":"SearchAction","target":{"@type":"EntryPoint","urlTemplate":"http:\/\/elregionalvm.com.ar\/noticias-villa-maria\/?s={search_term_string}"},"query-input":{"@type":"PropertyValueSpecification","valueRequired":true,"valueName":"search_term_string"}}],"inLanguage":"es"},{"@type":"Person","@id":"http:\/\/elregionalvm.com.ar\/noticias-villa-maria\/#\/schema\/person\/a0fb9c422317faca23d50163151bc354","name":"Contenidos El Regional","image":{"@type":"ImageObject","inLanguage":"es","@id":"http:\/\/elregionalvm.com.ar\/noticias-villa-maria\/#\/schema\/person\/image\/","url":"https:\/\/secure.gravatar.com\/avatar\/265b27cb2209af7bb3a1318f03305787d7981a5cc6e6cd08fe5a4ecdf99d4b48?s=96&d=mm&r=g","contentUrl":"https:\/\/secure.gravatar.com\/avatar\/265b27cb2209af7bb3a1318f03305787d7981a5cc6e6cd08fe5a4ecdf99d4b48?s=96&d=mm&r=g","caption":"Contenidos El Regional"},"url":"https:\/\/elregionalvm.com.ar\/noticias-villa-maria\/author\/contenido\/"}]}},"jetpack_featured_media_url":"https:\/\/i0.wp.com\/elregionalvm.com.ar\/noticias-villa-maria\/wp-content\/uploads\/2023\/06\/Ucasal-charla-tribunos-abogacia-2.jpeg?fit=1279%2C801&ssl=1","jetpack_sharing_enabled":true,"_links":{"self":[{"href":"https:\/\/elregionalvm.com.ar\/noticias-villa-maria\/wp-json\/wp\/v2\/posts\/78105","targetHints":{"allow":["GET"]}}],"collection":[{"href":"https:\/\/elregionalvm.com.ar\/noticias-villa-maria\/wp-json\/wp\/v2\/posts"}],"about":[{"href":"https:\/\/elregionalvm.com.ar\/noticias-villa-maria\/wp-json\/wp\/v2\/types\/post"}],"author":[{"embeddable":true,"href":"https:\/\/elregionalvm.com.ar\/noticias-villa-maria\/wp-json\/wp\/v2\/users\/4"}],"replies":[{"embeddable":true,"href":"https:\/\/elregionalvm.com.ar\/noticias-villa-maria\/wp-json\/wp\/v2\/comments?post=78105"}],"version-history":[{"count":3,"href":"https:\/\/elregionalvm.com.ar\/noticias-villa-maria\/wp-json\/wp\/v2\/posts\/78105\/revisions"}],"predecessor-version":[{"id":78127,"href":"https:\/\/elregionalvm.com.ar\/noticias-villa-maria\/wp-json\/wp\/v2\/posts\/78105\/revisions\/78127"}],"wp:featuredmedia":[{"embeddable":true,"href":"https:\/\/elregionalvm.com.ar\/noticias-villa-maria\/wp-json\/wp\/v2\/media\/78106"}],"wp:attachment":[{"href":"https:\/\/elregionalvm.com.ar\/noticias-villa-maria\/wp-json\/wp\/v2\/media?parent=78105"}],"wp:term":[{"taxonomy":"category","embeddable":true,"href":"https:\/\/elregionalvm.com.ar\/noticias-villa-maria\/wp-json\/wp\/v2\/categories?post=78105"},{"taxonomy":"post_tag","embeddable":true,"href":"https:\/\/elregionalvm.com.ar\/noticias-villa-maria\/wp-json\/wp\/v2\/tags?post=78105"}],"curies":[{"name":"wp","href":"https:\/\/api.w.org\/{rel}","templated":true}]}}