{"id":78109,"date":"2023-06-13T21:16:58","date_gmt":"2023-06-13T21:16:58","guid":{"rendered":"https:\/\/elregionalvm.com.ar\/noticias-villa-maria\/?p=78109"},"modified":"2023-06-13T21:17:01","modified_gmt":"2023-06-13T21:17:01","slug":"juan-rattenbach-y-un-libro-sobre-malvinas-en-el-pais-hay-una-remalvinizacion-social-sin-precedentes","status":"publish","type":"post","link":"https:\/\/elregionalvm.com.ar\/noticias-villa-maria\/juan-rattenbach-y-un-libro-sobre-malvinas-en-el-pais-hay-una-remalvinizacion-social-sin-precedentes\/","title":{"rendered":"Juan Rattenbach y un libro sobre Malvinas: \u201cEn el pa\u00eds hay una remalvinizaci\u00f3n social sin precedentes\u201d"},"content":{"rendered":"\n<p><\/p>\n\n\n\n<h3 class=\"wp-block-heading\"><strong>Convocado por el \u201cProyecto Museo Municipal Malvinas\u201d de Villa Mar\u00eda y a modo de cierre de la muestra de retratos de veteranos en el Bonfiglioli, el doctor Juan Rattenbach presentar\u00e1 <\/strong>\u201c<strong>Ciudad de la Soberan\u00eda\u201d, libro del cual es coautor y refiere a la \u201cconstrucci\u00f3n de la Argentina Bicontinental\u201d.<\/strong><\/h3>\n\n\n\n<p><\/p>\n\n\n\n<p><strong>Escribe: Iv\u00e1n Wielikosielek<\/strong><\/p>\n\n\n\n<p><\/p>\n\n\n\n<p>Los veteranos miran al p\u00fablico desde las fotos. Est\u00e1n sentados en la cocina o en el living de sus casas como si le hubieran abierto la puerta (y es lo que efectivamente han hecho) a toda la ciudad.<\/p>\n\n\n\n<p>Saben (siempre lo supieron) que no tienen nada que ocultar; que desde que volvieron de las islas son \u201cun vecino m\u00e1s\u201d, aunque muchos (sobre todo los m\u00e1s j\u00f3venes) no los reconozcan por la calle.<\/p>\n\n\n\n<p>Sin embargo, bajo sus estampas de trabajadores o jubilados siempre habr\u00e1 un soldado del \u00b482; es decir, uno de aquellos muchachos que alguna vez dejaron todo lo que ahora tienen; casa y familia, estudio y trabajo, mujer o novia, para ir a las islas y plantarse con todo su presente y todo su futuro; iluminando con su vida entera aquella larga noche. S\u00ed. Bajo sus estampas de obreros retirados, siempre habr\u00e1 un soldado del \u00b482, es decir, un h\u00e9roe.<\/p>\n\n\n\n<p>Y es bajo ese concepto que \u00abRetratos de Malvinas\u00bb ya lleva dos meses y dos semanas colgada en el Museo Municipal de Bellas Artes Fernando Bonfiglioli; producto del trabajo en conjunto del \u201cProyecto Museo Municipal Malvinas\u201d y el Centro de Veteranos de la ciudad.<\/p>\n\n\n\n<p><\/p>\n\n\n\n<figure class=\"wp-block-image size-full is-resized\"><img data-recalc-dims=\"1\" fetchpriority=\"high\" decoding=\"async\" src=\"https:\/\/i0.wp.com\/elregionalvm.com.ar\/noticias-villa-maria\/wp-content\/uploads\/2023\/06\/Bonfiglioli-muestra-veteranos-Malvinas.jpeg?resize=908%2C547&#038;ssl=1\" alt=\"\" class=\"wp-image-78112\" width=\"908\" height=\"547\" srcset=\"https:\/\/i0.wp.com\/elregionalvm.com.ar\/noticias-villa-maria\/wp-content\/uploads\/2023\/06\/Bonfiglioli-muestra-veteranos-Malvinas.jpeg?w=780&amp;ssl=1 780w, https:\/\/i0.wp.com\/elregionalvm.com.ar\/noticias-villa-maria\/wp-content\/uploads\/2023\/06\/Bonfiglioli-muestra-veteranos-Malvinas.jpeg?resize=300%2C181&amp;ssl=1 300w, https:\/\/i0.wp.com\/elregionalvm.com.ar\/noticias-villa-maria\/wp-content\/uploads\/2023\/06\/Bonfiglioli-muestra-veteranos-Malvinas.jpeg?resize=768%2C463&amp;ssl=1 768w\" sizes=\"(max-width: 908px) 100vw, 908px\" \/><\/figure>\n\n\n\n<p><\/p>\n\n\n\n<p>Y acaso no haya mejor forma de cerrar la muestra que invitando el 14 de junio (d\u00eda del final del conflicto) a un referente nacional ineludible, el abogado Juan Rattenbach.<\/p>\n\n\n\n<p>Nieto del c\u00e9lebre teniente general Benjam\u00edn Rattenbach (redactor del ya c\u00e9lebre \u201cinforme\u201d en 1982), actual secretario ejecutivo del Museo Malvinas de Buenos Aires y miembro del OCIPEx, Juan llevar\u00e1 a cabo dos actividades en el museo; la presentaci\u00f3n del libro \u201cCiudad de la Soberan\u00eda\u201d (en clara referencia a R\u00edo Grande), seguida de una charla al d\u00eda siguiente. Esta entrevista telef\u00f3nica es un anticipo de ambos eventos.<\/p>\n\n\n\n<p><strong>Prohibido claudicar<\/strong><\/p>\n\n\n\n<p><strong>\u00bfC\u00f3mo ves, Juan, a 41 a\u00f1os del conflicto, la \u201cCausa Malvinas\u201d?<\/strong><\/p>\n\n\n\n<p>Creo que estamos en un momento positivo si se lo compara con la desmalvinizaci\u00f3n que hubo en los \u00b480 y los \u00b490. Desde el 2003, en el pa\u00eds est\u00e1 habiendo una remalvinizaci\u00f3n social y cultural sin precedentes. Y creo que es la llave para que el Estado genere m\u00e1s herramientas y siga reclamando por nuestra soberan\u00eda.<\/p>\n\n\n\n<p>Las estrategias desde el \u00b480 han variado mucho; pero por suerte, cada vez se habla m\u00e1s de Malvinas en el pa\u00eds, incluso en \u00e1mbitos universitarios, cosa que hace diez a\u00f1os era casi inconcebible. Eso se suma a dispositivos como museos y centros culturales, como el que se est\u00e1 armando en Villa Mar\u00eda.<\/p>\n\n\n\n<p><strong>\u00bfHay una nueva consciencia sobre el sentido de pertenencia de las islas?<\/strong><\/p>\n\n\n\n<p>Totalmente. Y el gran ejemplo son las canciones del mundial. Los veteranos se han sentido parte del sentimiento popular no s\u00f3lo por los cantitos, sino porque en miles de banderas argentinas aparec\u00edan las Malvinas.<\/p>\n\n\n\n<p>&nbsp;El contraejemplo es lo que viene de pasar en el Mundial sub-20, cuando la FIFA quiso prohibir todo tipo de referencia a Malvinas e incluso \u201ctap\u00f3\u201d las islas en el Estadio Malvinas Argentinas de Mendoza.<\/p>\n\n\n\n<p>Por suerte fuimos r\u00e1pidos de reflejos, generando un mont\u00f3n de reacciones positivas que permitieron realizar actos de desagravios a los veteranos y destapar las islas en el estadio.<\/p>\n\n\n\n<p><\/p>\n\n\n\n<figure class=\"wp-block-image size-full\"><img data-recalc-dims=\"1\" decoding=\"async\" width=\"960\" height=\"640\" src=\"https:\/\/i0.wp.com\/elregionalvm.com.ar\/noticias-villa-maria\/wp-content\/uploads\/2023\/06\/Malvinas-ilustrativa.jpeg?resize=960%2C640&#038;ssl=1\" alt=\"\" class=\"wp-image-78111\" srcset=\"https:\/\/i0.wp.com\/elregionalvm.com.ar\/noticias-villa-maria\/wp-content\/uploads\/2023\/06\/Malvinas-ilustrativa.jpeg?w=960&amp;ssl=1 960w, https:\/\/i0.wp.com\/elregionalvm.com.ar\/noticias-villa-maria\/wp-content\/uploads\/2023\/06\/Malvinas-ilustrativa.jpeg?resize=300%2C200&amp;ssl=1 300w, https:\/\/i0.wp.com\/elregionalvm.com.ar\/noticias-villa-maria\/wp-content\/uploads\/2023\/06\/Malvinas-ilustrativa.jpeg?resize=768%2C512&amp;ssl=1 768w\" sizes=\"(max-width: 960px) 100vw, 960px\" \/><\/figure>\n\n\n\n<p><\/p>\n\n\n\n<p><strong>Durante las elecciones de 2019, Malvinas fue un tema insoslayable \u00bfC\u00f3mo lo ves hoy?<\/strong><\/p>\n\n\n\n<p>Ser\u00eda muy interesante que, al igual que en 2019, se discuta el tema en la campa\u00f1a electoral; que los partidos se sinceren y manifiesten las estrategias de pol\u00edtica exterior que van a seguir, y aclaren qu\u00e9 medidas van a adoptar sobre el tema Malvinas y el reclamo por la soberan\u00eda. Creo que esa discusi\u00f3n ser\u00e1 crucial de cara a octubre.<\/p>\n\n\n\n<p><strong>-Adem\u00e1s de la presentaci\u00f3n del libro del mi\u00e9rcoles, vas a dar una charla el jueves \u00bfSer\u00e1 para todo p\u00fablico?<\/strong><\/p>\n\n\n\n<p>-La charla guarda una relaci\u00f3n directa con el concepto del Museo Malvinas inaugurado en la ex ESMA de Buenos Aires (Espacio de la Memoria y Derechos Humanos) el 10 de junio de 2014, cuya idea primordial fue generar un fen\u00f3meno de remalvinizaci\u00f3n social y cultural; y por eso las charlas son abiertas para todo p\u00fablico.<\/p>\n\n\n\n<p>Queremos que la causa Malvinas no sea para \u201cmalvin\u00f3logos\u201d solamente, sino como decimos los \u201cmalvineros\u201d y \u201cmalvineras\u201d, para que lo pueda abordar cualquier argentino y argentina.<\/p>\n\n\n\n<p><strong>\u00bfCu\u00e1les ser\u00e1n los temas de tu charla?<\/strong><\/p>\n\n\n\n<p>Va a girar en torno a los derechos de soberan\u00eda argentina en Malvinas y el Atl\u00e1ntico Sur, los intereses geopol\u00edticos en juegos a trav\u00e9s de una mirada hist\u00f3rica desde las invasiones inglesas hasta nuestros d\u00edas.<\/p>\n\n\n\n<p><strong>\u00bfCu\u00e1l es el valor, 40 a\u00f1os despu\u00e9s del informe de tu abuelo?<\/strong><\/p>\n\n\n\n<p>-Es un an\u00e1lisis muy importante para entender c\u00f3mo se llega al 2 de abril y luego, al final del conflicto el 14 de junio de 1982. Creo que es un documento muy completo para abordar el contexto hist\u00f3rico de la \u00faltima dictadura, su pol\u00edtica exterior y los v\u00ednculos entre Argentina y los dem\u00e1s pa\u00edses en el marco de las Naciones Unidas. Tambi\u00e9n muestra las falencias de un Estado nacional que, en aquel tiempo, no trabajaba de manera coordinada. Conclusiones que se pueden aplicar a cualquier escenario l\u00edmite, similar a la pandemia en 2020.<\/p>\n\n\n\n<p><strong>La \u00faltima, Juan\u2026 \u00bfPor qu\u00e9 las Malvinas son Argentinas?<\/strong><\/p>\n\n\n\n<p>-Tenemos dos fundamentaciones b\u00e1sicas. La primera se vincula con la geograf\u00eda y es el respeto sobre el principio de la integridad territorial de nuestro pa\u00eds.<\/p>\n\n\n\n<p>La segunda tiene que ver con la Historia y el Derecho. Y es que las islas, primero, formaron parte del Virreinato del R\u00edo de La Plata. Y los l\u00edmites fueron aquellos por los cuales la Argentina se forj\u00f3 como pa\u00eds independiente de Espa\u00f1a, incluyendo las islas.<\/p>\n\n\n\n<p>Al punto que en 1820 se empez\u00f3 a gestar un pueblo argentino en Malvinas; uno que vivi\u00f3 all\u00ed, conmemorando las fechas patrias del 25 de mayo y el 9 de julio hasta la usurpaci\u00f3n brit\u00e1nica de 1833; esa que termina expulsando a ese pueblo argentino.<\/p>\n\n\n\n<p>Hay que remarcar que la ocupaci\u00f3n brit\u00e1nica fue por la fuerza, desalojando a nuestra poblaci\u00f3n y violando el derecho internacional de los siglos diecinueve, veinte y veintiuno. Desde entonces, nuestro Estado mantuvo su reclamo, ese al que no hemos renunciado ni renunciaremos nunca.<\/p>\n\n\n\n<p><\/p>\n\n\n\n<p class=\"has-ast-global-color-5-color has-vivid-cyan-blue-background-color has-text-color has-background\"><strong>Dos charlas, un libro y un mismo sentimiento<\/strong><\/p>\n\n\n\n<p><\/p>\n\n\n\n<p>La presentaci\u00f3n de \u201c<strong>Ciudad de la Soberan\u00eda: R\u00edo Grande, Malvinas y la construcci\u00f3n de la Argentina Bicontinental<\/strong>\u201d tendr\u00e1 lugar el mi\u00e9rcoles 14 de junio a las 20 horas en el Museo Bonfiglioli (Sarmiento esquina San Mart\u00edn), y en el marco del cierre de la muestra \u201cRetratos de Malvinas\u201d; que fuera visitada por numerosos colegios primarios y secundarios, as\u00ed como tambi\u00e9n profesorados de la ciudad y la regi\u00f3n.<\/p>\n\n\n\n<p>El libro se enmarca en una iniciativa del municipio de R\u00edo Grande en coordinaci\u00f3n con la UNDEF (Universidad de la Defensa Nacional) en el contexto de los 40 a\u00f1os del Conflicto del Atl\u00e1ntico Sur y de Democracia ininterrumpida. Rattenbach, coordinador y coautor del proyecto, coment\u00f3 que \u201cel trabajo intenta pensar al Atl\u00e1ntico Sur desde una perspectiva fueguina, y a Tierra del Fuego desde una perspectiva de R\u00edo Grande\u201d.<\/p>\n\n\n\n<p><\/p>\n\n\n\n<figure class=\"wp-block-image size-full\"><img data-recalc-dims=\"1\" decoding=\"async\" width=\"1000\" height=\"666\" src=\"https:\/\/i0.wp.com\/elregionalvm.com.ar\/noticias-villa-maria\/wp-content\/uploads\/2023\/06\/Libro-Malvinas-Rattenbach.jpg?resize=1000%2C666&#038;ssl=1\" alt=\"\" class=\"wp-image-78113\" srcset=\"https:\/\/i0.wp.com\/elregionalvm.com.ar\/noticias-villa-maria\/wp-content\/uploads\/2023\/06\/Libro-Malvinas-Rattenbach.jpg?w=1000&amp;ssl=1 1000w, https:\/\/i0.wp.com\/elregionalvm.com.ar\/noticias-villa-maria\/wp-content\/uploads\/2023\/06\/Libro-Malvinas-Rattenbach.jpg?resize=300%2C200&amp;ssl=1 300w, https:\/\/i0.wp.com\/elregionalvm.com.ar\/noticias-villa-maria\/wp-content\/uploads\/2023\/06\/Libro-Malvinas-Rattenbach.jpg?resize=768%2C511&amp;ssl=1 768w\" sizes=\"(max-width: 1000px) 100vw, 1000px\" \/><\/figure>\n\n\n\n<p><\/p>\n\n\n\n<p>El libro cuenta con pr\u00f3logos del intendente de R\u00edo Grande Mart\u00edn P\u00e9rez, las autoridades de la UNDEF Jorge Battaglino y Carla Morasso y del Centro de Veteranos de R\u00edo Grande, contando tambi\u00e9n con los aportes de Mariana Altieri (directora ejecutiva de la Fundaci\u00f3n Meridiano); el concejal Hugo Mart\u00ednez, y los escritores Esteban Rodr\u00edguez, Juan Pablo Deluca, Rodrigo Kataishi, Alejandra Portatadino, Mariel Borruto, Mariano Memolli y Mar\u00eda Laura Civale. El mismo se encuentra de libre acceso en formato digital en el repositorio de la UNDEF.<\/p>\n\n\n\n<p>Por su parte, el jueves 15 a las 19.30 y en el mismo lugar, el propio Juan Rattenbach ofrecer\u00e1 la charla \u201cMalvinas: Geopol\u00edtica, Memoria y Soberan\u00eda\u201d, acompa\u00f1ado por veteranos de Villa Mar\u00eda y Villa Nueva y por el abogado Pablo Wehbe, profesor de Derecho Internacional por la Universidad Nacional de R\u00edo Cuarto.<\/p>\n\n\n\n<p>Ambos eventos, con entrada libre y gratuita, son organizados por la Secretar\u00eda de Educaci\u00f3n, Cultura y Promoci\u00f3n de la Ciencia de la Municipalidad de Villa Mar\u00eda y el Centro de Veteranos Islas Malvinas; ambos, acompa\u00f1ados por el Instituto Pedag\u00f3gico de Ciencias Sociales de la UNVM.<\/p>\n\n\n\n<p><a><\/a>Cabe recordar que, para la charla del jueves 15, habr\u00e1 un cupo limitado. Y los interesados deber\u00e1n solicitar formulario al e-mail: museobonfigliolivm@gmail.com<\/p>\n","protected":false},"excerpt":{"rendered":"<p>Convocado por el \u201cProyecto Museo Municipal Malvinas\u201d de Villa Mar\u00eda y a modo de cierre de la muestra de retratos de veteranos en el Bonfiglioli, el doctor Juan Rattenbach presentar\u00e1 \u201cCiudad de la Soberan\u00eda\u201d, libro del cual es coautor y refiere a la \u201cconstrucci\u00f3n de la Argentina Bicontinental\u201d. Escribe: Iv\u00e1n Wielikosielek Los veteranos miran al [&hellip;]<\/p>\n","protected":false},"author":4,"featured_media":78114,"comment_status":"open","ping_status":"open","sticky":false,"template":"","format":"standard","meta":{"site-sidebar-layout":"default","site-content-layout":"","ast-site-content-layout":"default","site-content-style":"default","site-sidebar-style":"default","ast-global-header-display":"","ast-banner-title-visibility":"","ast-main-header-display":"","ast-hfb-above-header-display":"","ast-hfb-below-header-display":"","ast-hfb-mobile-header-display":"","site-post-title":"","ast-breadcrumbs-content":"","ast-featured-img":"","footer-sml-layout":"","ast-disable-related-posts":"","theme-transparent-header-meta":"","adv-header-id-meta":"","stick-header-meta":"","header-above-stick-meta":"","header-main-stick-meta":"","header-below-stick-meta":"","astra-migrate-meta-layouts":"default","ast-page-background-enabled":"default","ast-page-background-meta":{"desktop":{"background-color":"","background-image":"","background-repeat":"repeat","background-position":"center center","background-size":"auto","background-attachment":"scroll","background-type":"","background-media":"","overlay-type":"","overlay-color":"","overlay-opacity":"","overlay-gradient":""},"tablet":{"background-color":"","background-image":"","background-repeat":"repeat","background-position":"center center","background-size":"auto","background-attachment":"scroll","background-type":"","background-media":"","overlay-type":"","overlay-color":"","overlay-opacity":"","overlay-gradient":""},"mobile":{"background-color":"","background-image":"","background-repeat":"repeat","background-position":"center center","background-size":"auto","background-attachment":"scroll","background-type":"","background-media":"","overlay-type":"","overlay-color":"","overlay-opacity":"","overlay-gradient":""}},"ast-content-background-meta":{"desktop":{"background-color":"var(--ast-global-color-5)","background-image":"","background-repeat":"repeat","background-position":"center center","background-size":"auto","background-attachment":"scroll","background-type":"","background-media":"","overlay-type":"","overlay-color":"","overlay-opacity":"","overlay-gradient":""},"tablet":{"background-color":"var(--ast-global-color-5)","background-image":"","background-repeat":"repeat","background-position":"center center","background-size":"auto","background-attachment":"scroll","background-type":"","background-media":"","overlay-type":"","overlay-color":"","overlay-opacity":"","overlay-gradient":""},"mobile":{"background-color":"var(--ast-global-color-5)","background-image":"","background-repeat":"repeat","background-position":"center center","background-size":"auto","background-attachment":"scroll","background-type":"","background-media":"","overlay-type":"","overlay-color":"","overlay-opacity":"","overlay-gradient":""}},"_jetpack_memberships_contains_paid_content":false,"_joinchat":[],"footnotes":""},"categories":[2323,2089],"tags":[22421,9612,22422,22419,1424,34,22420,9073,3816],"class_list":["post-78109","post","type-post","status-publish","format-standard","has-post-thumbnail","hentry","category-notas-secundarias","category-politica","tag-ciudad-de-la-soberania","tag-guerra-de-malvinas","tag-informe-rattenbach","tag-juan-rattenbach","tag-libro","tag-malvinas","tag-malvinizacion","tag-museo-bonfiglioli","tag-veteranos"],"yoast_head":"<!-- This site is optimized with the Yoast SEO plugin v26.8 - https:\/\/yoast.com\/product\/yoast-seo-wordpress\/ -->\n<title>Juan Rattenbach y un libro sobre Malvinas: \u201cEn el pa\u00eds hay una remalvinizaci\u00f3n social sin precedentes\u201d - El Regional<\/title>\n<meta name=\"robots\" content=\"index, follow, max-snippet:-1, max-image-preview:large, max-video-preview:-1\" \/>\n<link rel=\"canonical\" href=\"http:\/\/elregionalvm.com.ar\/noticias-villa-maria\/juan-rattenbach-y-un-libro-sobre-malvinas-en-el-pais-hay-una-remalvinizacion-social-sin-precedentes\/\" \/>\n<meta property=\"og:locale\" content=\"es_ES\" \/>\n<meta property=\"og:type\" content=\"article\" \/>\n<meta property=\"og:title\" content=\"Juan Rattenbach y un libro sobre Malvinas: \u201cEn el pa\u00eds hay una remalvinizaci\u00f3n social sin precedentes\u201d - El Regional\" \/>\n<meta property=\"og:description\" content=\"Convocado por el \u201cProyecto Museo Municipal Malvinas\u201d de Villa Mar\u00eda y a modo de cierre de la muestra de retratos de veteranos en el Bonfiglioli, el doctor Juan Rattenbach presentar\u00e1 \u201cCiudad de la Soberan\u00eda\u201d, libro del cual es coautor y refiere a la \u201cconstrucci\u00f3n de la Argentina Bicontinental\u201d. Escribe: Iv\u00e1n Wielikosielek Los veteranos miran al [&hellip;]\" \/>\n<meta property=\"og:url\" content=\"http:\/\/elregionalvm.com.ar\/noticias-villa-maria\/juan-rattenbach-y-un-libro-sobre-malvinas-en-el-pais-hay-una-remalvinizacion-social-sin-precedentes\/\" \/>\n<meta property=\"og:site_name\" content=\"El Regional\" \/>\n<meta property=\"article:publisher\" content=\"https:\/\/www.facebook.com\/elregionalvm\" \/>\n<meta property=\"article:published_time\" content=\"2023-06-13T21:16:58+00:00\" \/>\n<meta property=\"article:modified_time\" content=\"2023-06-13T21:17:01+00:00\" \/>\n<meta property=\"og:image\" content=\"http:\/\/elregionalvm.com.ar\/noticias-villa-maria\/wp-content\/uploads\/2023\/06\/Juan-Rattenbach-Malvinas-libro.jpg\" \/>\n\t<meta property=\"og:image:width\" content=\"1000\" \/>\n\t<meta property=\"og:image:height\" content=\"750\" \/>\n\t<meta property=\"og:image:type\" content=\"image\/jpeg\" \/>\n<meta name=\"author\" content=\"Contenidos El Regional\" \/>\n<meta name=\"twitter:card\" content=\"summary_large_image\" \/>\n<meta name=\"twitter:creator\" content=\"@elregionalvm1\" \/>\n<meta name=\"twitter:site\" content=\"@elregionalvm1\" \/>\n<meta name=\"twitter:label1\" content=\"Escrito por\" \/>\n\t<meta name=\"twitter:data1\" content=\"Contenidos El Regional\" \/>\n\t<meta name=\"twitter:label2\" content=\"Tiempo de lectura\" \/>\n\t<meta name=\"twitter:data2\" content=\"8 minutos\" \/>\n<script type=\"application\/ld+json\" class=\"yoast-schema-graph\">{\"@context\":\"https:\/\/schema.org\",\"@graph\":[{\"@type\":\"Article\",\"@id\":\"http:\/\/elregionalvm.com.ar\/noticias-villa-maria\/juan-rattenbach-y-un-libro-sobre-malvinas-en-el-pais-hay-una-remalvinizacion-social-sin-precedentes\/#article\",\"isPartOf\":{\"@id\":\"http:\/\/elregionalvm.com.ar\/noticias-villa-maria\/juan-rattenbach-y-un-libro-sobre-malvinas-en-el-pais-hay-una-remalvinizacion-social-sin-precedentes\/\"},\"author\":{\"name\":\"Contenidos El Regional\",\"@id\":\"http:\/\/elregionalvm.com.ar\/noticias-villa-maria\/#\/schema\/person\/a0fb9c422317faca23d50163151bc354\"},\"headline\":\"Juan Rattenbach y un libro sobre Malvinas: \u201cEn el pa\u00eds hay una remalvinizaci\u00f3n social sin precedentes\u201d\",\"datePublished\":\"2023-06-13T21:16:58+00:00\",\"dateModified\":\"2023-06-13T21:17:01+00:00\",\"mainEntityOfPage\":{\"@id\":\"http:\/\/elregionalvm.com.ar\/noticias-villa-maria\/juan-rattenbach-y-un-libro-sobre-malvinas-en-el-pais-hay-una-remalvinizacion-social-sin-precedentes\/\"},\"wordCount\":1517,\"commentCount\":0,\"image\":{\"@id\":\"http:\/\/elregionalvm.com.ar\/noticias-villa-maria\/juan-rattenbach-y-un-libro-sobre-malvinas-en-el-pais-hay-una-remalvinizacion-social-sin-precedentes\/#primaryimage\"},\"thumbnailUrl\":\"https:\/\/i0.wp.com\/elregionalvm.com.ar\/noticias-villa-maria\/wp-content\/uploads\/2023\/06\/Juan-Rattenbach-Malvinas-libro.jpg?fit=1000%2C750&ssl=1\",\"keywords\":[\"Ciudad de la Soberan\u00eda\",\"Guerra de Malvinas\",\"Informe Rattenbach\",\"Juan Rattenbach\",\"Libro\",\"Malvinas\",\"malvinizaci\u00f3n\",\"Museo Bonfiglioli\",\"Veteranos\"],\"articleSection\":[\"Notas\",\"Pol\u00edtica\"],\"inLanguage\":\"es\",\"potentialAction\":[{\"@type\":\"CommentAction\",\"name\":\"Comment\",\"target\":[\"http:\/\/elregionalvm.com.ar\/noticias-villa-maria\/juan-rattenbach-y-un-libro-sobre-malvinas-en-el-pais-hay-una-remalvinizacion-social-sin-precedentes\/#respond\"]}]},{\"@type\":\"WebPage\",\"@id\":\"http:\/\/elregionalvm.com.ar\/noticias-villa-maria\/juan-rattenbach-y-un-libro-sobre-malvinas-en-el-pais-hay-una-remalvinizacion-social-sin-precedentes\/\",\"url\":\"http:\/\/elregionalvm.com.ar\/noticias-villa-maria\/juan-rattenbach-y-un-libro-sobre-malvinas-en-el-pais-hay-una-remalvinizacion-social-sin-precedentes\/\",\"name\":\"Juan Rattenbach y un libro sobre Malvinas: \u201cEn el pa\u00eds hay una remalvinizaci\u00f3n social sin precedentes\u201d - El Regional\",\"isPartOf\":{\"@id\":\"http:\/\/elregionalvm.com.ar\/noticias-villa-maria\/#website\"},\"primaryImageOfPage\":{\"@id\":\"http:\/\/elregionalvm.com.ar\/noticias-villa-maria\/juan-rattenbach-y-un-libro-sobre-malvinas-en-el-pais-hay-una-remalvinizacion-social-sin-precedentes\/#primaryimage\"},\"image\":{\"@id\":\"http:\/\/elregionalvm.com.ar\/noticias-villa-maria\/juan-rattenbach-y-un-libro-sobre-malvinas-en-el-pais-hay-una-remalvinizacion-social-sin-precedentes\/#primaryimage\"},\"thumbnailUrl\":\"https:\/\/i0.wp.com\/elregionalvm.com.ar\/noticias-villa-maria\/wp-content\/uploads\/2023\/06\/Juan-Rattenbach-Malvinas-libro.jpg?fit=1000%2C750&ssl=1\",\"datePublished\":\"2023-06-13T21:16:58+00:00\",\"dateModified\":\"2023-06-13T21:17:01+00:00\",\"author\":{\"@id\":\"http:\/\/elregionalvm.com.ar\/noticias-villa-maria\/#\/schema\/person\/a0fb9c422317faca23d50163151bc354\"},\"breadcrumb\":{\"@id\":\"http:\/\/elregionalvm.com.ar\/noticias-villa-maria\/juan-rattenbach-y-un-libro-sobre-malvinas-en-el-pais-hay-una-remalvinizacion-social-sin-precedentes\/#breadcrumb\"},\"inLanguage\":\"es\",\"potentialAction\":[{\"@type\":\"ReadAction\",\"target\":[\"http:\/\/elregionalvm.com.ar\/noticias-villa-maria\/juan-rattenbach-y-un-libro-sobre-malvinas-en-el-pais-hay-una-remalvinizacion-social-sin-precedentes\/\"]}]},{\"@type\":\"ImageObject\",\"inLanguage\":\"es\",\"@id\":\"http:\/\/elregionalvm.com.ar\/noticias-villa-maria\/juan-rattenbach-y-un-libro-sobre-malvinas-en-el-pais-hay-una-remalvinizacion-social-sin-precedentes\/#primaryimage\",\"url\":\"https:\/\/i0.wp.com\/elregionalvm.com.ar\/noticias-villa-maria\/wp-content\/uploads\/2023\/06\/Juan-Rattenbach-Malvinas-libro.jpg?fit=1000%2C750&ssl=1\",\"contentUrl\":\"https:\/\/i0.wp.com\/elregionalvm.com.ar\/noticias-villa-maria\/wp-content\/uploads\/2023\/06\/Juan-Rattenbach-Malvinas-libro.jpg?fit=1000%2C750&ssl=1\",\"width\":1000,\"height\":750},{\"@type\":\"BreadcrumbList\",\"@id\":\"http:\/\/elregionalvm.com.ar\/noticias-villa-maria\/juan-rattenbach-y-un-libro-sobre-malvinas-en-el-pais-hay-una-remalvinizacion-social-sin-precedentes\/#breadcrumb\",\"itemListElement\":[{\"@type\":\"ListItem\",\"position\":1,\"name\":\"Portada\",\"item\":\"https:\/\/elregionalvm.com.ar\/noticias-villa-maria\/\"},{\"@type\":\"ListItem\",\"position\":2,\"name\":\"Juan Rattenbach y un libro sobre Malvinas: \u201cEn el pa\u00eds hay una remalvinizaci\u00f3n social sin precedentes\u201d\"}]},{\"@type\":\"WebSite\",\"@id\":\"http:\/\/elregionalvm.com.ar\/noticias-villa-maria\/#website\",\"url\":\"http:\/\/elregionalvm.com.ar\/noticias-villa-maria\/\",\"name\":\"El Regional\",\"description\":\"Mucho m\u00e1s que informaci\u00f3n\",\"potentialAction\":[{\"@type\":\"SearchAction\",\"target\":{\"@type\":\"EntryPoint\",\"urlTemplate\":\"http:\/\/elregionalvm.com.ar\/noticias-villa-maria\/?s={search_term_string}\"},\"query-input\":{\"@type\":\"PropertyValueSpecification\",\"valueRequired\":true,\"valueName\":\"search_term_string\"}}],\"inLanguage\":\"es\"},{\"@type\":\"Person\",\"@id\":\"http:\/\/elregionalvm.com.ar\/noticias-villa-maria\/#\/schema\/person\/a0fb9c422317faca23d50163151bc354\",\"name\":\"Contenidos El Regional\",\"image\":{\"@type\":\"ImageObject\",\"inLanguage\":\"es\",\"@id\":\"http:\/\/elregionalvm.com.ar\/noticias-villa-maria\/#\/schema\/person\/image\/\",\"url\":\"https:\/\/secure.gravatar.com\/avatar\/265b27cb2209af7bb3a1318f03305787d7981a5cc6e6cd08fe5a4ecdf99d4b48?s=96&d=mm&r=g\",\"contentUrl\":\"https:\/\/secure.gravatar.com\/avatar\/265b27cb2209af7bb3a1318f03305787d7981a5cc6e6cd08fe5a4ecdf99d4b48?s=96&d=mm&r=g\",\"caption\":\"Contenidos El Regional\"},\"url\":\"https:\/\/elregionalvm.com.ar\/noticias-villa-maria\/author\/contenido\/\"}]}<\/script>\n<!-- \/ Yoast SEO plugin. -->","yoast_head_json":{"title":"Juan Rattenbach y un libro sobre Malvinas: \u201cEn el pa\u00eds hay una remalvinizaci\u00f3n social sin precedentes\u201d - El Regional","robots":{"index":"index","follow":"follow","max-snippet":"max-snippet:-1","max-image-preview":"max-image-preview:large","max-video-preview":"max-video-preview:-1"},"canonical":"http:\/\/elregionalvm.com.ar\/noticias-villa-maria\/juan-rattenbach-y-un-libro-sobre-malvinas-en-el-pais-hay-una-remalvinizacion-social-sin-precedentes\/","og_locale":"es_ES","og_type":"article","og_title":"Juan Rattenbach y un libro sobre Malvinas: \u201cEn el pa\u00eds hay una remalvinizaci\u00f3n social sin precedentes\u201d - El Regional","og_description":"Convocado por el \u201cProyecto Museo Municipal Malvinas\u201d de Villa Mar\u00eda y a modo de cierre de la muestra de retratos de veteranos en el Bonfiglioli, el doctor Juan Rattenbach presentar\u00e1 \u201cCiudad de la Soberan\u00eda\u201d, libro del cual es coautor y refiere a la \u201cconstrucci\u00f3n de la Argentina Bicontinental\u201d. Escribe: Iv\u00e1n Wielikosielek Los veteranos miran al [&hellip;]","og_url":"http:\/\/elregionalvm.com.ar\/noticias-villa-maria\/juan-rattenbach-y-un-libro-sobre-malvinas-en-el-pais-hay-una-remalvinizacion-social-sin-precedentes\/","og_site_name":"El Regional","article_publisher":"https:\/\/www.facebook.com\/elregionalvm","article_published_time":"2023-06-13T21:16:58+00:00","article_modified_time":"2023-06-13T21:17:01+00:00","og_image":[{"width":1000,"height":750,"url":"http:\/\/elregionalvm.com.ar\/noticias-villa-maria\/wp-content\/uploads\/2023\/06\/Juan-Rattenbach-Malvinas-libro.jpg","type":"image\/jpeg"}],"author":"Contenidos El Regional","twitter_card":"summary_large_image","twitter_creator":"@elregionalvm1","twitter_site":"@elregionalvm1","twitter_misc":{"Escrito por":"Contenidos El Regional","Tiempo de lectura":"8 minutos"},"schema":{"@context":"https:\/\/schema.org","@graph":[{"@type":"Article","@id":"http:\/\/elregionalvm.com.ar\/noticias-villa-maria\/juan-rattenbach-y-un-libro-sobre-malvinas-en-el-pais-hay-una-remalvinizacion-social-sin-precedentes\/#article","isPartOf":{"@id":"http:\/\/elregionalvm.com.ar\/noticias-villa-maria\/juan-rattenbach-y-un-libro-sobre-malvinas-en-el-pais-hay-una-remalvinizacion-social-sin-precedentes\/"},"author":{"name":"Contenidos El Regional","@id":"http:\/\/elregionalvm.com.ar\/noticias-villa-maria\/#\/schema\/person\/a0fb9c422317faca23d50163151bc354"},"headline":"Juan Rattenbach y un libro sobre Malvinas: \u201cEn el pa\u00eds hay una remalvinizaci\u00f3n social sin precedentes\u201d","datePublished":"2023-06-13T21:16:58+00:00","dateModified":"2023-06-13T21:17:01+00:00","mainEntityOfPage":{"@id":"http:\/\/elregionalvm.com.ar\/noticias-villa-maria\/juan-rattenbach-y-un-libro-sobre-malvinas-en-el-pais-hay-una-remalvinizacion-social-sin-precedentes\/"},"wordCount":1517,"commentCount":0,"image":{"@id":"http:\/\/elregionalvm.com.ar\/noticias-villa-maria\/juan-rattenbach-y-un-libro-sobre-malvinas-en-el-pais-hay-una-remalvinizacion-social-sin-precedentes\/#primaryimage"},"thumbnailUrl":"https:\/\/i0.wp.com\/elregionalvm.com.ar\/noticias-villa-maria\/wp-content\/uploads\/2023\/06\/Juan-Rattenbach-Malvinas-libro.jpg?fit=1000%2C750&ssl=1","keywords":["Ciudad de la Soberan\u00eda","Guerra de Malvinas","Informe Rattenbach","Juan Rattenbach","Libro","Malvinas","malvinizaci\u00f3n","Museo Bonfiglioli","Veteranos"],"articleSection":["Notas","Pol\u00edtica"],"inLanguage":"es","potentialAction":[{"@type":"CommentAction","name":"Comment","target":["http:\/\/elregionalvm.com.ar\/noticias-villa-maria\/juan-rattenbach-y-un-libro-sobre-malvinas-en-el-pais-hay-una-remalvinizacion-social-sin-precedentes\/#respond"]}]},{"@type":"WebPage","@id":"http:\/\/elregionalvm.com.ar\/noticias-villa-maria\/juan-rattenbach-y-un-libro-sobre-malvinas-en-el-pais-hay-una-remalvinizacion-social-sin-precedentes\/","url":"http:\/\/elregionalvm.com.ar\/noticias-villa-maria\/juan-rattenbach-y-un-libro-sobre-malvinas-en-el-pais-hay-una-remalvinizacion-social-sin-precedentes\/","name":"Juan Rattenbach y un libro sobre Malvinas: \u201cEn el pa\u00eds hay una remalvinizaci\u00f3n social sin precedentes\u201d - El Regional","isPartOf":{"@id":"http:\/\/elregionalvm.com.ar\/noticias-villa-maria\/#website"},"primaryImageOfPage":{"@id":"http:\/\/elregionalvm.com.ar\/noticias-villa-maria\/juan-rattenbach-y-un-libro-sobre-malvinas-en-el-pais-hay-una-remalvinizacion-social-sin-precedentes\/#primaryimage"},"image":{"@id":"http:\/\/elregionalvm.com.ar\/noticias-villa-maria\/juan-rattenbach-y-un-libro-sobre-malvinas-en-el-pais-hay-una-remalvinizacion-social-sin-precedentes\/#primaryimage"},"thumbnailUrl":"https:\/\/i0.wp.com\/elregionalvm.com.ar\/noticias-villa-maria\/wp-content\/uploads\/2023\/06\/Juan-Rattenbach-Malvinas-libro.jpg?fit=1000%2C750&ssl=1","datePublished":"2023-06-13T21:16:58+00:00","dateModified":"2023-06-13T21:17:01+00:00","author":{"@id":"http:\/\/elregionalvm.com.ar\/noticias-villa-maria\/#\/schema\/person\/a0fb9c422317faca23d50163151bc354"},"breadcrumb":{"@id":"http:\/\/elregionalvm.com.ar\/noticias-villa-maria\/juan-rattenbach-y-un-libro-sobre-malvinas-en-el-pais-hay-una-remalvinizacion-social-sin-precedentes\/#breadcrumb"},"inLanguage":"es","potentialAction":[{"@type":"ReadAction","target":["http:\/\/elregionalvm.com.ar\/noticias-villa-maria\/juan-rattenbach-y-un-libro-sobre-malvinas-en-el-pais-hay-una-remalvinizacion-social-sin-precedentes\/"]}]},{"@type":"ImageObject","inLanguage":"es","@id":"http:\/\/elregionalvm.com.ar\/noticias-villa-maria\/juan-rattenbach-y-un-libro-sobre-malvinas-en-el-pais-hay-una-remalvinizacion-social-sin-precedentes\/#primaryimage","url":"https:\/\/i0.wp.com\/elregionalvm.com.ar\/noticias-villa-maria\/wp-content\/uploads\/2023\/06\/Juan-Rattenbach-Malvinas-libro.jpg?fit=1000%2C750&ssl=1","contentUrl":"https:\/\/i0.wp.com\/elregionalvm.com.ar\/noticias-villa-maria\/wp-content\/uploads\/2023\/06\/Juan-Rattenbach-Malvinas-libro.jpg?fit=1000%2C750&ssl=1","width":1000,"height":750},{"@type":"BreadcrumbList","@id":"http:\/\/elregionalvm.com.ar\/noticias-villa-maria\/juan-rattenbach-y-un-libro-sobre-malvinas-en-el-pais-hay-una-remalvinizacion-social-sin-precedentes\/#breadcrumb","itemListElement":[{"@type":"ListItem","position":1,"name":"Portada","item":"https:\/\/elregionalvm.com.ar\/noticias-villa-maria\/"},{"@type":"ListItem","position":2,"name":"Juan Rattenbach y un libro sobre Malvinas: \u201cEn el pa\u00eds hay una remalvinizaci\u00f3n social sin precedentes\u201d"}]},{"@type":"WebSite","@id":"http:\/\/elregionalvm.com.ar\/noticias-villa-maria\/#website","url":"http:\/\/elregionalvm.com.ar\/noticias-villa-maria\/","name":"El Regional","description":"Mucho m\u00e1s que informaci\u00f3n","potentialAction":[{"@type":"SearchAction","target":{"@type":"EntryPoint","urlTemplate":"http:\/\/elregionalvm.com.ar\/noticias-villa-maria\/?s={search_term_string}"},"query-input":{"@type":"PropertyValueSpecification","valueRequired":true,"valueName":"search_term_string"}}],"inLanguage":"es"},{"@type":"Person","@id":"http:\/\/elregionalvm.com.ar\/noticias-villa-maria\/#\/schema\/person\/a0fb9c422317faca23d50163151bc354","name":"Contenidos El Regional","image":{"@type":"ImageObject","inLanguage":"es","@id":"http:\/\/elregionalvm.com.ar\/noticias-villa-maria\/#\/schema\/person\/image\/","url":"https:\/\/secure.gravatar.com\/avatar\/265b27cb2209af7bb3a1318f03305787d7981a5cc6e6cd08fe5a4ecdf99d4b48?s=96&d=mm&r=g","contentUrl":"https:\/\/secure.gravatar.com\/avatar\/265b27cb2209af7bb3a1318f03305787d7981a5cc6e6cd08fe5a4ecdf99d4b48?s=96&d=mm&r=g","caption":"Contenidos El Regional"},"url":"https:\/\/elregionalvm.com.ar\/noticias-villa-maria\/author\/contenido\/"}]}},"jetpack_featured_media_url":"https:\/\/i0.wp.com\/elregionalvm.com.ar\/noticias-villa-maria\/wp-content\/uploads\/2023\/06\/Juan-Rattenbach-Malvinas-libro.jpg?fit=1000%2C750&ssl=1","jetpack_sharing_enabled":true,"_links":{"self":[{"href":"https:\/\/elregionalvm.com.ar\/noticias-villa-maria\/wp-json\/wp\/v2\/posts\/78109","targetHints":{"allow":["GET"]}}],"collection":[{"href":"https:\/\/elregionalvm.com.ar\/noticias-villa-maria\/wp-json\/wp\/v2\/posts"}],"about":[{"href":"https:\/\/elregionalvm.com.ar\/noticias-villa-maria\/wp-json\/wp\/v2\/types\/post"}],"author":[{"embeddable":true,"href":"https:\/\/elregionalvm.com.ar\/noticias-villa-maria\/wp-json\/wp\/v2\/users\/4"}],"replies":[{"embeddable":true,"href":"https:\/\/elregionalvm.com.ar\/noticias-villa-maria\/wp-json\/wp\/v2\/comments?post=78109"}],"version-history":[{"count":2,"href":"https:\/\/elregionalvm.com.ar\/noticias-villa-maria\/wp-json\/wp\/v2\/posts\/78109\/revisions"}],"predecessor-version":[{"id":78116,"href":"https:\/\/elregionalvm.com.ar\/noticias-villa-maria\/wp-json\/wp\/v2\/posts\/78109\/revisions\/78116"}],"wp:featuredmedia":[{"embeddable":true,"href":"https:\/\/elregionalvm.com.ar\/noticias-villa-maria\/wp-json\/wp\/v2\/media\/78114"}],"wp:attachment":[{"href":"https:\/\/elregionalvm.com.ar\/noticias-villa-maria\/wp-json\/wp\/v2\/media?parent=78109"}],"wp:term":[{"taxonomy":"category","embeddable":true,"href":"https:\/\/elregionalvm.com.ar\/noticias-villa-maria\/wp-json\/wp\/v2\/categories?post=78109"},{"taxonomy":"post_tag","embeddable":true,"href":"https:\/\/elregionalvm.com.ar\/noticias-villa-maria\/wp-json\/wp\/v2\/tags?post=78109"}],"curies":[{"name":"wp","href":"https:\/\/api.w.org\/{rel}","templated":true}]}}