{"id":78126,"date":"2023-06-13T21:51:26","date_gmt":"2023-06-13T21:51:26","guid":{"rendered":"https:\/\/elregionalvm.com.ar\/noticias-villa-maria\/?p=78126"},"modified":"2023-06-13T21:51:29","modified_gmt":"2023-06-13T21:51:29","slug":"centro-comercial-a-cielo-abierto-se-retiro-el-cerramiento-de-calle-corrientes","status":"publish","type":"post","link":"https:\/\/elregionalvm.com.ar\/noticias-villa-maria\/centro-comercial-a-cielo-abierto-se-retiro-el-cerramiento-de-calle-corrientes\/","title":{"rendered":"Centro Comercial a Cielo Abierto: Se retir\u00f3 el cerramiento de calle Corrientes"},"content":{"rendered":"\n<p>El intendente Mart\u00edn Gill recorri\u00f3 la obra del Centro Comercial a Cielo Abierto que marcha a buen ritmo hacia la concreci\u00f3n de la segunda etapa del proyecto.<\/p>\n\n\n\n<p> Precisamente, sobre calle Corrientes se retir\u00f3 el cerramiento de chapas para dejar entrever los significativos avances concretados en el tramo comprendido entre calles Hip\u00f3lito Yrigoyen y San Mart\u00edn.<\/p>\n\n\n\n<figure class=\"wp-block-image size-large\"><img data-recalc-dims=\"1\" fetchpriority=\"high\" decoding=\"async\" width=\"1024\" height=\"682\" src=\"https:\/\/i0.wp.com\/elregionalvm.com.ar\/noticias-villa-maria\/wp-content\/uploads\/2023\/06\/WhatsApp-Image-2023-06-13-at-15.28.09-1.jpeg?resize=1024%2C682&#038;ssl=1\" alt=\"\" class=\"wp-image-78132\" srcset=\"https:\/\/i0.wp.com\/elregionalvm.com.ar\/noticias-villa-maria\/wp-content\/uploads\/2023\/06\/WhatsApp-Image-2023-06-13-at-15.28.09-1.jpeg?resize=1024%2C682&amp;ssl=1 1024w, https:\/\/i0.wp.com\/elregionalvm.com.ar\/noticias-villa-maria\/wp-content\/uploads\/2023\/06\/WhatsApp-Image-2023-06-13-at-15.28.09-1.jpeg?resize=300%2C200&amp;ssl=1 300w, https:\/\/i0.wp.com\/elregionalvm.com.ar\/noticias-villa-maria\/wp-content\/uploads\/2023\/06\/WhatsApp-Image-2023-06-13-at-15.28.09-1.jpeg?resize=768%2C512&amp;ssl=1 768w, https:\/\/i0.wp.com\/elregionalvm.com.ar\/noticias-villa-maria\/wp-content\/uploads\/2023\/06\/WhatsApp-Image-2023-06-13-at-15.28.09-1.jpeg?w=1280&amp;ssl=1 1280w\" sizes=\"(max-width: 1000px) 100vw, 1000px\" \/><\/figure>\n\n\n\n<p>De este modo, el trayecto que ya cuenta con importantes intervenciones bajo un criterio moderno y sustentable, qued\u00f3 al descubierto con el objetivo de dar pronta respuesta a la petici\u00f3n de comerciantes del sector frente a fechas de gran concurrencia, tal como lo es el inminente D\u00eda del Padre. <\/p>\n\n\n\n<p>Es as\u00ed que, bajo la coordinaci\u00f3n de la Secretar\u00eda de Ambiente, Obras y Servicios P\u00fablicos, las labores previstas a lo largo de la arteria se aprestan a ser concluidas en su totalidad en las pr\u00f3ximas semanas.<\/p>\n\n\n\n<p>Asimismo, las tareas marchan seg\u00fan los tiempos estipulados en el \u00e1rea que hasta el momento funciona como Peatonal, donde se ejecutan labores de las mismas caracter\u00edsticas que en los dem\u00e1s frentes de obra. <\/p>\n\n\n\n<figure class=\"wp-block-image size-large\"><img data-recalc-dims=\"1\" decoding=\"async\" width=\"1024\" height=\"682\" src=\"https:\/\/i0.wp.com\/elregionalvm.com.ar\/noticias-villa-maria\/wp-content\/uploads\/2023\/06\/WhatsApp-Image-2023-06-13-at-15.28.18-4.jpeg?resize=1024%2C682&#038;ssl=1\" alt=\"\" class=\"wp-image-78130\" srcset=\"https:\/\/i0.wp.com\/elregionalvm.com.ar\/noticias-villa-maria\/wp-content\/uploads\/2023\/06\/WhatsApp-Image-2023-06-13-at-15.28.18-4.jpeg?resize=1024%2C682&amp;ssl=1 1024w, https:\/\/i0.wp.com\/elregionalvm.com.ar\/noticias-villa-maria\/wp-content\/uploads\/2023\/06\/WhatsApp-Image-2023-06-13-at-15.28.18-4.jpeg?resize=300%2C200&amp;ssl=1 300w, https:\/\/i0.wp.com\/elregionalvm.com.ar\/noticias-villa-maria\/wp-content\/uploads\/2023\/06\/WhatsApp-Image-2023-06-13-at-15.28.18-4.jpeg?resize=768%2C512&amp;ssl=1 768w, https:\/\/i0.wp.com\/elregionalvm.com.ar\/noticias-villa-maria\/wp-content\/uploads\/2023\/06\/WhatsApp-Image-2023-06-13-at-15.28.18-4.jpeg?w=1280&amp;ssl=1 1280w\" sizes=\"(max-width: 1000px) 100vw, 1000px\" \/><\/figure>\n\n\n\n<p>En este sentido, se trabaja en el empalizado de \u00e1rboles, acci\u00f3n que simult\u00e1neamente se ejecuta sobre calle Corrientes.<\/p>\n\n\n\n<p>Es oportuno mencionar que sobre esta \u00faltima arteria, ya fueron finalizadas tareas de hormigonado, adoquinado, unificaci\u00f3n del nivel de aceras y calzadas, conexiones, colocaci\u00f3n de rejillas para el escurrimiento de aguas, ampliaci\u00f3n de desag\u00fces pluviales e instalaci\u00f3n de c\u00e1maras de inspecci\u00f3n.<\/p>\n\n\n\n<p>En este orden, se avanzar\u00e1 hacia la colocaci\u00f3n de luminarias led, se\u00f1alizaci\u00f3n, forestaci\u00f3n, colocaci\u00f3n de solado t\u00e1ctil, sem\u00e1foros, mobiliario urbano, carteler\u00eda y bicicleteros, intervenciones que son contempladas en cada una de las etapas del proyecto arquitect\u00f3nico.<\/p>\n","protected":false},"excerpt":{"rendered":"<p>El intendente Mart\u00edn Gill recorri\u00f3 la obra del Centro Comercial a Cielo Abierto que marcha a buen ritmo hacia la concreci\u00f3n de la segunda etapa del proyecto. Precisamente, sobre calle Corrientes se retir\u00f3 el cerramiento de chapas para dejar entrever los significativos avances concretados en el tramo comprendido entre calles Hip\u00f3lito Yrigoyen y San Mart\u00edn. [&hellip;]<\/p>\n","protected":false},"author":4,"featured_media":78131,"comment_status":"open","ping_status":"open","sticky":false,"template":"","format":"standard","meta":{"site-sidebar-layout":"default","site-content-layout":"","ast-site-content-layout":"default","site-content-style":"default","site-sidebar-style":"default","ast-global-header-display":"","ast-banner-title-visibility":"","ast-main-header-display":"","ast-hfb-above-header-display":"","ast-hfb-below-header-display":"","ast-hfb-mobile-header-display":"","site-post-title":"","ast-breadcrumbs-content":"","ast-featured-img":"","footer-sml-layout":"","ast-disable-related-posts":"","theme-transparent-header-meta":"","adv-header-id-meta":"","stick-header-meta":"","header-above-stick-meta":"","header-main-stick-meta":"","header-below-stick-meta":"","astra-migrate-meta-layouts":"default","ast-page-background-enabled":"default","ast-page-background-meta":{"desktop":{"background-color":"","background-image":"","background-repeat":"repeat","background-position":"center center","background-size":"auto","background-attachment":"scroll","background-type":"","background-media":"","overlay-type":"","overlay-color":"","overlay-opacity":"","overlay-gradient":""},"tablet":{"background-color":"","background-image":"","background-repeat":"repeat","background-position":"center center","background-size":"auto","background-attachment":"scroll","background-type":"","background-media":"","overlay-type":"","overlay-color":"","overlay-opacity":"","overlay-gradient":""},"mobile":{"background-color":"","background-image":"","background-repeat":"repeat","background-position":"center center","background-size":"auto","background-attachment":"scroll","background-type":"","background-media":"","overlay-type":"","overlay-color":"","overlay-opacity":"","overlay-gradient":""}},"ast-content-background-meta":{"desktop":{"background-color":"var(--ast-global-color-5)","background-image":"","background-repeat":"repeat","background-position":"center center","background-size":"auto","background-attachment":"scroll","background-type":"","background-media":"","overlay-type":"","overlay-color":"","overlay-opacity":"","overlay-gradient":""},"tablet":{"background-color":"var(--ast-global-color-5)","background-image":"","background-repeat":"repeat","background-position":"center center","background-size":"auto","background-attachment":"scroll","background-type":"","background-media":"","overlay-type":"","overlay-color":"","overlay-opacity":"","overlay-gradient":""},"mobile":{"background-color":"var(--ast-global-color-5)","background-image":"","background-repeat":"repeat","background-position":"center center","background-size":"auto","background-attachment":"scroll","background-type":"","background-media":"","overlay-type":"","overlay-color":"","overlay-opacity":"","overlay-gradient":""}},"_jetpack_memberships_contains_paid_content":false,"_joinchat":[],"footnotes":""},"categories":[15302,5,2],"tags":[],"class_list":["post-78126","post","type-post","status-publish","format-standard","has-post-thumbnail","hentry","category-destacado","category-sociedad","category-villa-maria"],"yoast_head":"<!-- This site is optimized with the Yoast SEO plugin v26.8 - https:\/\/yoast.com\/product\/yoast-seo-wordpress\/ -->\n<title>Centro Comercial a Cielo Abierto: Se retir\u00f3 el cerramiento de calle Corrientes - El Regional<\/title>\n<meta name=\"robots\" content=\"index, follow, max-snippet:-1, max-image-preview:large, max-video-preview:-1\" \/>\n<link rel=\"canonical\" href=\"http:\/\/elregionalvm.com.ar\/noticias-villa-maria\/centro-comercial-a-cielo-abierto-se-retiro-el-cerramiento-de-calle-corrientes\/\" \/>\n<meta property=\"og:locale\" content=\"es_ES\" \/>\n<meta property=\"og:type\" content=\"article\" \/>\n<meta property=\"og:title\" content=\"Centro Comercial a Cielo Abierto: Se retir\u00f3 el cerramiento de calle Corrientes - El Regional\" \/>\n<meta property=\"og:description\" content=\"El intendente Mart\u00edn Gill recorri\u00f3 la obra del Centro Comercial a Cielo Abierto que marcha a buen ritmo hacia la concreci\u00f3n de la segunda etapa del proyecto. Precisamente, sobre calle Corrientes se retir\u00f3 el cerramiento de chapas para dejar entrever los significativos avances concretados en el tramo comprendido entre calles Hip\u00f3lito Yrigoyen y San Mart\u00edn. [&hellip;]\" \/>\n<meta property=\"og:url\" content=\"http:\/\/elregionalvm.com.ar\/noticias-villa-maria\/centro-comercial-a-cielo-abierto-se-retiro-el-cerramiento-de-calle-corrientes\/\" \/>\n<meta property=\"og:site_name\" content=\"El Regional\" \/>\n<meta property=\"article:publisher\" content=\"https:\/\/www.facebook.com\/elregionalvm\" \/>\n<meta property=\"article:published_time\" content=\"2023-06-13T21:51:26+00:00\" \/>\n<meta property=\"article:modified_time\" content=\"2023-06-13T21:51:29+00:00\" \/>\n<meta property=\"og:image\" content=\"http:\/\/elregionalvm.com.ar\/noticias-villa-maria\/wp-content\/uploads\/2023\/06\/WhatsApp-Image-2023-06-13-at-15.28.19.jpeg\" \/>\n\t<meta property=\"og:image:width\" content=\"1280\" \/>\n\t<meta property=\"og:image:height\" content=\"853\" \/>\n\t<meta property=\"og:image:type\" content=\"image\/jpeg\" \/>\n<meta name=\"author\" content=\"Contenidos El Regional\" \/>\n<meta name=\"twitter:card\" content=\"summary_large_image\" \/>\n<meta name=\"twitter:creator\" content=\"@elregionalvm1\" \/>\n<meta name=\"twitter:site\" content=\"@elregionalvm1\" \/>\n<meta name=\"twitter:label1\" content=\"Escrito por\" \/>\n\t<meta name=\"twitter:data1\" content=\"Contenidos El Regional\" \/>\n\t<meta name=\"twitter:label2\" content=\"Tiempo de lectura\" \/>\n\t<meta name=\"twitter:data2\" content=\"2 minutos\" \/>\n<script type=\"application\/ld+json\" class=\"yoast-schema-graph\">{\"@context\":\"https:\/\/schema.org\",\"@graph\":[{\"@type\":\"Article\",\"@id\":\"http:\/\/elregionalvm.com.ar\/noticias-villa-maria\/centro-comercial-a-cielo-abierto-se-retiro-el-cerramiento-de-calle-corrientes\/#article\",\"isPartOf\":{\"@id\":\"http:\/\/elregionalvm.com.ar\/noticias-villa-maria\/centro-comercial-a-cielo-abierto-se-retiro-el-cerramiento-de-calle-corrientes\/\"},\"author\":{\"name\":\"Contenidos El Regional\",\"@id\":\"http:\/\/elregionalvm.com.ar\/noticias-villa-maria\/#\/schema\/person\/a0fb9c422317faca23d50163151bc354\"},\"headline\":\"Centro Comercial a Cielo Abierto: Se retir\u00f3 el cerramiento de calle Corrientes\",\"datePublished\":\"2023-06-13T21:51:26+00:00\",\"dateModified\":\"2023-06-13T21:51:29+00:00\",\"mainEntityOfPage\":{\"@id\":\"http:\/\/elregionalvm.com.ar\/noticias-villa-maria\/centro-comercial-a-cielo-abierto-se-retiro-el-cerramiento-de-calle-corrientes\/\"},\"wordCount\":311,\"commentCount\":0,\"image\":{\"@id\":\"http:\/\/elregionalvm.com.ar\/noticias-villa-maria\/centro-comercial-a-cielo-abierto-se-retiro-el-cerramiento-de-calle-corrientes\/#primaryimage\"},\"thumbnailUrl\":\"https:\/\/i0.wp.com\/elregionalvm.com.ar\/noticias-villa-maria\/wp-content\/uploads\/2023\/06\/WhatsApp-Image-2023-06-13-at-15.28.19.jpeg?fit=1280%2C853&ssl=1\",\"articleSection\":[\"destacado\",\"Sociedad\",\"Villa Mar\u00eda\"],\"inLanguage\":\"es\",\"potentialAction\":[{\"@type\":\"CommentAction\",\"name\":\"Comment\",\"target\":[\"http:\/\/elregionalvm.com.ar\/noticias-villa-maria\/centro-comercial-a-cielo-abierto-se-retiro-el-cerramiento-de-calle-corrientes\/#respond\"]}]},{\"@type\":\"WebPage\",\"@id\":\"http:\/\/elregionalvm.com.ar\/noticias-villa-maria\/centro-comercial-a-cielo-abierto-se-retiro-el-cerramiento-de-calle-corrientes\/\",\"url\":\"http:\/\/elregionalvm.com.ar\/noticias-villa-maria\/centro-comercial-a-cielo-abierto-se-retiro-el-cerramiento-de-calle-corrientes\/\",\"name\":\"Centro Comercial a Cielo Abierto: Se retir\u00f3 el cerramiento de calle Corrientes - El Regional\",\"isPartOf\":{\"@id\":\"http:\/\/elregionalvm.com.ar\/noticias-villa-maria\/#website\"},\"primaryImageOfPage\":{\"@id\":\"http:\/\/elregionalvm.com.ar\/noticias-villa-maria\/centro-comercial-a-cielo-abierto-se-retiro-el-cerramiento-de-calle-corrientes\/#primaryimage\"},\"image\":{\"@id\":\"http:\/\/elregionalvm.com.ar\/noticias-villa-maria\/centro-comercial-a-cielo-abierto-se-retiro-el-cerramiento-de-calle-corrientes\/#primaryimage\"},\"thumbnailUrl\":\"https:\/\/i0.wp.com\/elregionalvm.com.ar\/noticias-villa-maria\/wp-content\/uploads\/2023\/06\/WhatsApp-Image-2023-06-13-at-15.28.19.jpeg?fit=1280%2C853&ssl=1\",\"datePublished\":\"2023-06-13T21:51:26+00:00\",\"dateModified\":\"2023-06-13T21:51:29+00:00\",\"author\":{\"@id\":\"http:\/\/elregionalvm.com.ar\/noticias-villa-maria\/#\/schema\/person\/a0fb9c422317faca23d50163151bc354\"},\"breadcrumb\":{\"@id\":\"http:\/\/elregionalvm.com.ar\/noticias-villa-maria\/centro-comercial-a-cielo-abierto-se-retiro-el-cerramiento-de-calle-corrientes\/#breadcrumb\"},\"inLanguage\":\"es\",\"potentialAction\":[{\"@type\":\"ReadAction\",\"target\":[\"http:\/\/elregionalvm.com.ar\/noticias-villa-maria\/centro-comercial-a-cielo-abierto-se-retiro-el-cerramiento-de-calle-corrientes\/\"]}]},{\"@type\":\"ImageObject\",\"inLanguage\":\"es\",\"@id\":\"http:\/\/elregionalvm.com.ar\/noticias-villa-maria\/centro-comercial-a-cielo-abierto-se-retiro-el-cerramiento-de-calle-corrientes\/#primaryimage\",\"url\":\"https:\/\/i0.wp.com\/elregionalvm.com.ar\/noticias-villa-maria\/wp-content\/uploads\/2023\/06\/WhatsApp-Image-2023-06-13-at-15.28.19.jpeg?fit=1280%2C853&ssl=1\",\"contentUrl\":\"https:\/\/i0.wp.com\/elregionalvm.com.ar\/noticias-villa-maria\/wp-content\/uploads\/2023\/06\/WhatsApp-Image-2023-06-13-at-15.28.19.jpeg?fit=1280%2C853&ssl=1\",\"width\":1280,\"height\":853},{\"@type\":\"BreadcrumbList\",\"@id\":\"http:\/\/elregionalvm.com.ar\/noticias-villa-maria\/centro-comercial-a-cielo-abierto-se-retiro-el-cerramiento-de-calle-corrientes\/#breadcrumb\",\"itemListElement\":[{\"@type\":\"ListItem\",\"position\":1,\"name\":\"Portada\",\"item\":\"https:\/\/elregionalvm.com.ar\/noticias-villa-maria\/\"},{\"@type\":\"ListItem\",\"position\":2,\"name\":\"Centro Comercial a Cielo Abierto: Se retir\u00f3 el cerramiento de calle Corrientes\"}]},{\"@type\":\"WebSite\",\"@id\":\"http:\/\/elregionalvm.com.ar\/noticias-villa-maria\/#website\",\"url\":\"http:\/\/elregionalvm.com.ar\/noticias-villa-maria\/\",\"name\":\"El Regional\",\"description\":\"Mucho m\u00e1s que informaci\u00f3n\",\"potentialAction\":[{\"@type\":\"SearchAction\",\"target\":{\"@type\":\"EntryPoint\",\"urlTemplate\":\"http:\/\/elregionalvm.com.ar\/noticias-villa-maria\/?s={search_term_string}\"},\"query-input\":{\"@type\":\"PropertyValueSpecification\",\"valueRequired\":true,\"valueName\":\"search_term_string\"}}],\"inLanguage\":\"es\"},{\"@type\":\"Person\",\"@id\":\"http:\/\/elregionalvm.com.ar\/noticias-villa-maria\/#\/schema\/person\/a0fb9c422317faca23d50163151bc354\",\"name\":\"Contenidos El Regional\",\"image\":{\"@type\":\"ImageObject\",\"inLanguage\":\"es\",\"@id\":\"http:\/\/elregionalvm.com.ar\/noticias-villa-maria\/#\/schema\/person\/image\/\",\"url\":\"https:\/\/secure.gravatar.com\/avatar\/265b27cb2209af7bb3a1318f03305787d7981a5cc6e6cd08fe5a4ecdf99d4b48?s=96&d=mm&r=g\",\"contentUrl\":\"https:\/\/secure.gravatar.com\/avatar\/265b27cb2209af7bb3a1318f03305787d7981a5cc6e6cd08fe5a4ecdf99d4b48?s=96&d=mm&r=g\",\"caption\":\"Contenidos El Regional\"},\"url\":\"https:\/\/elregionalvm.com.ar\/noticias-villa-maria\/author\/contenido\/\"}]}<\/script>\n<!-- \/ Yoast SEO plugin. -->","yoast_head_json":{"title":"Centro Comercial a Cielo Abierto: Se retir\u00f3 el cerramiento de calle Corrientes - El Regional","robots":{"index":"index","follow":"follow","max-snippet":"max-snippet:-1","max-image-preview":"max-image-preview:large","max-video-preview":"max-video-preview:-1"},"canonical":"http:\/\/elregionalvm.com.ar\/noticias-villa-maria\/centro-comercial-a-cielo-abierto-se-retiro-el-cerramiento-de-calle-corrientes\/","og_locale":"es_ES","og_type":"article","og_title":"Centro Comercial a Cielo Abierto: Se retir\u00f3 el cerramiento de calle Corrientes - El Regional","og_description":"El intendente Mart\u00edn Gill recorri\u00f3 la obra del Centro Comercial a Cielo Abierto que marcha a buen ritmo hacia la concreci\u00f3n de la segunda etapa del proyecto. Precisamente, sobre calle Corrientes se retir\u00f3 el cerramiento de chapas para dejar entrever los significativos avances concretados en el tramo comprendido entre calles Hip\u00f3lito Yrigoyen y San Mart\u00edn. [&hellip;]","og_url":"http:\/\/elregionalvm.com.ar\/noticias-villa-maria\/centro-comercial-a-cielo-abierto-se-retiro-el-cerramiento-de-calle-corrientes\/","og_site_name":"El Regional","article_publisher":"https:\/\/www.facebook.com\/elregionalvm","article_published_time":"2023-06-13T21:51:26+00:00","article_modified_time":"2023-06-13T21:51:29+00:00","og_image":[{"width":1280,"height":853,"url":"http:\/\/elregionalvm.com.ar\/noticias-villa-maria\/wp-content\/uploads\/2023\/06\/WhatsApp-Image-2023-06-13-at-15.28.19.jpeg","type":"image\/jpeg"}],"author":"Contenidos El Regional","twitter_card":"summary_large_image","twitter_creator":"@elregionalvm1","twitter_site":"@elregionalvm1","twitter_misc":{"Escrito por":"Contenidos El Regional","Tiempo de lectura":"2 minutos"},"schema":{"@context":"https:\/\/schema.org","@graph":[{"@type":"Article","@id":"http:\/\/elregionalvm.com.ar\/noticias-villa-maria\/centro-comercial-a-cielo-abierto-se-retiro-el-cerramiento-de-calle-corrientes\/#article","isPartOf":{"@id":"http:\/\/elregionalvm.com.ar\/noticias-villa-maria\/centro-comercial-a-cielo-abierto-se-retiro-el-cerramiento-de-calle-corrientes\/"},"author":{"name":"Contenidos El Regional","@id":"http:\/\/elregionalvm.com.ar\/noticias-villa-maria\/#\/schema\/person\/a0fb9c422317faca23d50163151bc354"},"headline":"Centro Comercial a Cielo Abierto: Se retir\u00f3 el cerramiento de calle Corrientes","datePublished":"2023-06-13T21:51:26+00:00","dateModified":"2023-06-13T21:51:29+00:00","mainEntityOfPage":{"@id":"http:\/\/elregionalvm.com.ar\/noticias-villa-maria\/centro-comercial-a-cielo-abierto-se-retiro-el-cerramiento-de-calle-corrientes\/"},"wordCount":311,"commentCount":0,"image":{"@id":"http:\/\/elregionalvm.com.ar\/noticias-villa-maria\/centro-comercial-a-cielo-abierto-se-retiro-el-cerramiento-de-calle-corrientes\/#primaryimage"},"thumbnailUrl":"https:\/\/i0.wp.com\/elregionalvm.com.ar\/noticias-villa-maria\/wp-content\/uploads\/2023\/06\/WhatsApp-Image-2023-06-13-at-15.28.19.jpeg?fit=1280%2C853&ssl=1","articleSection":["destacado","Sociedad","Villa Mar\u00eda"],"inLanguage":"es","potentialAction":[{"@type":"CommentAction","name":"Comment","target":["http:\/\/elregionalvm.com.ar\/noticias-villa-maria\/centro-comercial-a-cielo-abierto-se-retiro-el-cerramiento-de-calle-corrientes\/#respond"]}]},{"@type":"WebPage","@id":"http:\/\/elregionalvm.com.ar\/noticias-villa-maria\/centro-comercial-a-cielo-abierto-se-retiro-el-cerramiento-de-calle-corrientes\/","url":"http:\/\/elregionalvm.com.ar\/noticias-villa-maria\/centro-comercial-a-cielo-abierto-se-retiro-el-cerramiento-de-calle-corrientes\/","name":"Centro Comercial a Cielo Abierto: Se retir\u00f3 el cerramiento de calle Corrientes - El Regional","isPartOf":{"@id":"http:\/\/elregionalvm.com.ar\/noticias-villa-maria\/#website"},"primaryImageOfPage":{"@id":"http:\/\/elregionalvm.com.ar\/noticias-villa-maria\/centro-comercial-a-cielo-abierto-se-retiro-el-cerramiento-de-calle-corrientes\/#primaryimage"},"image":{"@id":"http:\/\/elregionalvm.com.ar\/noticias-villa-maria\/centro-comercial-a-cielo-abierto-se-retiro-el-cerramiento-de-calle-corrientes\/#primaryimage"},"thumbnailUrl":"https:\/\/i0.wp.com\/elregionalvm.com.ar\/noticias-villa-maria\/wp-content\/uploads\/2023\/06\/WhatsApp-Image-2023-06-13-at-15.28.19.jpeg?fit=1280%2C853&ssl=1","datePublished":"2023-06-13T21:51:26+00:00","dateModified":"2023-06-13T21:51:29+00:00","author":{"@id":"http:\/\/elregionalvm.com.ar\/noticias-villa-maria\/#\/schema\/person\/a0fb9c422317faca23d50163151bc354"},"breadcrumb":{"@id":"http:\/\/elregionalvm.com.ar\/noticias-villa-maria\/centro-comercial-a-cielo-abierto-se-retiro-el-cerramiento-de-calle-corrientes\/#breadcrumb"},"inLanguage":"es","potentialAction":[{"@type":"ReadAction","target":["http:\/\/elregionalvm.com.ar\/noticias-villa-maria\/centro-comercial-a-cielo-abierto-se-retiro-el-cerramiento-de-calle-corrientes\/"]}]},{"@type":"ImageObject","inLanguage":"es","@id":"http:\/\/elregionalvm.com.ar\/noticias-villa-maria\/centro-comercial-a-cielo-abierto-se-retiro-el-cerramiento-de-calle-corrientes\/#primaryimage","url":"https:\/\/i0.wp.com\/elregionalvm.com.ar\/noticias-villa-maria\/wp-content\/uploads\/2023\/06\/WhatsApp-Image-2023-06-13-at-15.28.19.jpeg?fit=1280%2C853&ssl=1","contentUrl":"https:\/\/i0.wp.com\/elregionalvm.com.ar\/noticias-villa-maria\/wp-content\/uploads\/2023\/06\/WhatsApp-Image-2023-06-13-at-15.28.19.jpeg?fit=1280%2C853&ssl=1","width":1280,"height":853},{"@type":"BreadcrumbList","@id":"http:\/\/elregionalvm.com.ar\/noticias-villa-maria\/centro-comercial-a-cielo-abierto-se-retiro-el-cerramiento-de-calle-corrientes\/#breadcrumb","itemListElement":[{"@type":"ListItem","position":1,"name":"Portada","item":"https:\/\/elregionalvm.com.ar\/noticias-villa-maria\/"},{"@type":"ListItem","position":2,"name":"Centro Comercial a Cielo Abierto: Se retir\u00f3 el cerramiento de calle Corrientes"}]},{"@type":"WebSite","@id":"http:\/\/elregionalvm.com.ar\/noticias-villa-maria\/#website","url":"http:\/\/elregionalvm.com.ar\/noticias-villa-maria\/","name":"El Regional","description":"Mucho m\u00e1s que informaci\u00f3n","potentialAction":[{"@type":"SearchAction","target":{"@type":"EntryPoint","urlTemplate":"http:\/\/elregionalvm.com.ar\/noticias-villa-maria\/?s={search_term_string}"},"query-input":{"@type":"PropertyValueSpecification","valueRequired":true,"valueName":"search_term_string"}}],"inLanguage":"es"},{"@type":"Person","@id":"http:\/\/elregionalvm.com.ar\/noticias-villa-maria\/#\/schema\/person\/a0fb9c422317faca23d50163151bc354","name":"Contenidos El Regional","image":{"@type":"ImageObject","inLanguage":"es","@id":"http:\/\/elregionalvm.com.ar\/noticias-villa-maria\/#\/schema\/person\/image\/","url":"https:\/\/secure.gravatar.com\/avatar\/265b27cb2209af7bb3a1318f03305787d7981a5cc6e6cd08fe5a4ecdf99d4b48?s=96&d=mm&r=g","contentUrl":"https:\/\/secure.gravatar.com\/avatar\/265b27cb2209af7bb3a1318f03305787d7981a5cc6e6cd08fe5a4ecdf99d4b48?s=96&d=mm&r=g","caption":"Contenidos El Regional"},"url":"https:\/\/elregionalvm.com.ar\/noticias-villa-maria\/author\/contenido\/"}]}},"jetpack_featured_media_url":"https:\/\/i0.wp.com\/elregionalvm.com.ar\/noticias-villa-maria\/wp-content\/uploads\/2023\/06\/WhatsApp-Image-2023-06-13-at-15.28.19.jpeg?fit=1280%2C853&ssl=1","jetpack_sharing_enabled":true,"_links":{"self":[{"href":"https:\/\/elregionalvm.com.ar\/noticias-villa-maria\/wp-json\/wp\/v2\/posts\/78126","targetHints":{"allow":["GET"]}}],"collection":[{"href":"https:\/\/elregionalvm.com.ar\/noticias-villa-maria\/wp-json\/wp\/v2\/posts"}],"about":[{"href":"https:\/\/elregionalvm.com.ar\/noticias-villa-maria\/wp-json\/wp\/v2\/types\/post"}],"author":[{"embeddable":true,"href":"https:\/\/elregionalvm.com.ar\/noticias-villa-maria\/wp-json\/wp\/v2\/users\/4"}],"replies":[{"embeddable":true,"href":"https:\/\/elregionalvm.com.ar\/noticias-villa-maria\/wp-json\/wp\/v2\/comments?post=78126"}],"version-history":[{"count":1,"href":"https:\/\/elregionalvm.com.ar\/noticias-villa-maria\/wp-json\/wp\/v2\/posts\/78126\/revisions"}],"predecessor-version":[{"id":78133,"href":"https:\/\/elregionalvm.com.ar\/noticias-villa-maria\/wp-json\/wp\/v2\/posts\/78126\/revisions\/78133"}],"wp:featuredmedia":[{"embeddable":true,"href":"https:\/\/elregionalvm.com.ar\/noticias-villa-maria\/wp-json\/wp\/v2\/media\/78131"}],"wp:attachment":[{"href":"https:\/\/elregionalvm.com.ar\/noticias-villa-maria\/wp-json\/wp\/v2\/media?parent=78126"}],"wp:term":[{"taxonomy":"category","embeddable":true,"href":"https:\/\/elregionalvm.com.ar\/noticias-villa-maria\/wp-json\/wp\/v2\/categories?post=78126"},{"taxonomy":"post_tag","embeddable":true,"href":"https:\/\/elregionalvm.com.ar\/noticias-villa-maria\/wp-json\/wp\/v2\/tags?post=78126"}],"curies":[{"name":"wp","href":"https:\/\/api.w.org\/{rel}","templated":true}]}}